{"id":12018,"date":"2012-08-16T21:33:29","date_gmt":"2012-08-16T20:33:29","guid":{"rendered":"http:\/\/www.fjala.info\/?p=4449"},"modified":"2012-08-16T21:33:29","modified_gmt":"2012-08-16T20:33:29","slug":"te-pres-tek-kafeneja-jone-e-preferuar-miku-im","status":"publish","type":"post","link":"https:\/\/fjala.info\/2009-2015\/te-pres-tek-kafeneja-jone-e-preferuar-miku-im\/","title":{"rendered":"T\u00eb pres tek kafeneja jon\u00eb e preferuar, miku im"},"content":{"rendered":"<p><img decoding=\"async\" class=\"alignright size-thumbnail wp-image-7236\" title=\"Arb\u00ebn Xhaferri\" src=\"http:\/\/www.fjala.info\/2012\/arben_xhaferri_300.jpg\" alt=\"\" width=\"300\" \/> Nga <strong>Arben I. Kastrati<\/strong>, <em>16 gusht 2012<\/em><\/p>\n<p>Muaj me par\u00eb, ne spitalin e Prishtines, kur u zgjova dhe u ktheva nga ku kisha qene, konstatova se ishte dita e takimit me Arbnin, ne kafenene tone te preferuar.<\/p>\n<p>Keto kater apo pese vitet e fundit, ne kishim krijuar nje ritual. Takoheshim fundjavave dhe qendronim per ore te tera ne kafenene tone te preferuar, ku nen konsumimin e kafeines e nikotines, elaboronim ndodhite e javes, trajtonim temat akute kombetare, artin e berjes politike, artin e kulturen, enderrat e mia\u2026<\/p>\n<p>Gjate tere atyre oreve qendrimi ne kafene, Arbni nga kutia e metalte qe mbante para vetes, \u00e7do 15 \u2013 20 minuta, nxirrte nga nje hapje, te pinte. Hapjet qe duhej te pinte dhe kohen kur duhej t\u2019i pinte, i kishte te shenuara ne kopertinen e kutise se metalte. Parkinsoni kishte kohe qe e mundonte. Hapjet ishin domosdo qe te mundte te qetesonte te dridhurat e pandalshme. Une do isha dorezuar prej kohesh. Por jo Arbni. Ishte teper i forte per t\u2019u dorezuar.<\/p>\n<p>U shqetesua shume, kur kuptoi se ndodhesha ne spital. Teksa shume njerez prisnin vdekjen time, Arbni angazhohej te rroja\u2026<\/p>\n<p>Une ika ne Struge (ne rehabilitim), Ai iku ne piedestal, aty ku rronte viteve te fundit.<\/p>\n<p>Komunikimi yne vazhdoi permes celulareve. Ishte i vetmi jofamiljar qe interesohej per gjendjen time.<\/p>\n<p>Para se ta krijonim kete ritual takimi fundjavave, Arbni me nxori nga nje depression i thelle, nga aty ku s\u2019dilte njeri. Me mori nga thellesite e depresionit e me nxorri ne siperfaqe. Me dhuroi nje jete te re. Dhe gradualisht, si doktori &#8211; pacientin, me nje terapi te ngadalte por te sigurt, me injektonte me optimizem.<\/p>\n<p>Ai i ipte kuptim shqiptarit. Me mbushte me kuptim. Me bente krenar qe isha shqiptar.<\/p>\n<p>Ai ishte i qete. Qetesia e tij ishte e persosur. Ai ishte i persosur. Dhe une kisha kenaqesine e privilegjin ta takoja \u00e7do jave persosmerine.<\/p>\n<p>Me mesonte te doja, se urreja shume dhe isha transparent ne urrejtjen qe shfaqja karshi fenomeneve dhe individeve. Shtensiononte \u00e7do gje para vetes.<\/p>\n<p>O Zot, sa motivues qe ishte. Fillova te punoj serish. Ishte mentor i punes sime. Komplementonte, gjykonte dhe uronte \u00e7do arritje timen.<\/p>\n<p>Dhe gjate qendrimit tim ne Struge, ndjeja mungesen e Arbnit. Ndjeja nevoje per qetesi edhe pse isha krejt i vetem. Ndjeja nevoje per persosmeri edhe pse liqeni ishte i persosur.<\/p>\n<p>Se si ndjeva nevoje ta pyesja se si ishte me shendet. I deftova se vazhdoja te enderroja. Se mbeta enderrimtar. Nuk marr pergjigje. Dhe dy dite me pas, te merkuren e dates 08. 08. ne ora 13:05, me kthen pergjigje: \u201cPse, a eshte keq te jesh end\u00ebrrimtar?!\u201d. Mund te zgjohem, dhe mund te me prishet koncepti, desha t\u2019i shkruaj, por i shkrova: \u201cEja ne Struge te ham\u00eb peshk e te pime vere&#8230;te festojme, se skenari \u201cNgasesi\u201d qe ti e kishe pelqyer shume dhe kishe qeshur pafund, eshte mbeshtetur nga QKK-ja\u2026\u201d<\/p>\n<p>Nuk marr me pergjigje nga Ai. Ne mbremje kuptoj se gjendet ne koma, ne spitalin e Shkupit. Komunikoj \u00e7do dite me Nysretin, shoferin e tij. Me informon per gjendjen e tij. Arbni eshte me mire. Do ta sjell Arbnin diten e takimit tek kafeneja juaj e preferuar.<\/p>\n<p>Dita e takimit. Kafeneja ku takoheshim fundjavave, ishte mbyllur pergjithmone. Nysreti me sjell lajmin ne vend te Arbnit. Arbni kishte ikur nga kjo bote . Une vazhdoj ta pres ne kete bote, tek kafeneja e mbyllur pergjithmone. Une vazhdoj te enderroj. Mbeta enderrimtar. Degjoj serish zilen e porosise. Serish mesazhin e fundit nga Arbni \u201cPse, a eshte keq te jesh enderrimtar?!\u201d. Mund te zgjohem, dhe mund te me prishet koncepti, desha t\u2019i shkruaj serish.<\/p>\n<p>Por nuk i shkrova ate qe mendova. I deftova se po e prisja para kafenese sone te preferuar. Dhe gjersa po e pres, vazhdoj te bej ate qe di me se miri, te enderroj. Kafeneja u hap. Arbni do vonohej pak, por do vinte \u2013 serish. Deri sa te vij\u00eb, do pi nje gote vere te kuqe\u2026Te pres te vish tek kafeneja jone e preferuar\u2026Mos u vono\u2026Une kam nevoje per ty\u2026Kombi ka nevoje per ty\u2026Dhe pi nje gote me fund per shpirtin e tij\u2026Te prehesh ne paqe miku im i perjetshem\u2026<\/p>\n<p>Mirutakofshim!<\/p>\n","protected":false},"excerpt":{"rendered":"<p>Nga Arben I. Kastrati, 16 gusht 2012 Muaj me par\u00eb, ne spitalin e Prishtines, kur u zgjova dhe u ktheva nga ku kisha qene, konstatova se ishte dita e takimit me Arbnin, ne kafenene tone te preferuar. Keto kater apo pese vitet e fundit, ne kishim krijuar nje ritual. Takoheshim fundjavave dhe qendronim per ore [&hellip;]<\/p>\n","protected":false},"author":1,"featured_media":0,"comment_status":"open","ping_status":"closed","sticky":false,"template":"","format":"standard","meta":{"footnotes":""},"categories":[2],"tags":[],"class_list":{"0":"post-12018","1":"post","2":"type-post","3":"status-publish","4":"format-standard","6":"category-artikuj"},"yoast_head":"<!-- This site is optimized with the Yoast SEO plugin v27.4 - https:\/\/yoast.com\/product\/yoast-seo-wordpress\/ -->\n<title>T\u00eb pres tek kafeneja jon\u00eb e preferuar, miku im - FjALA e LIR\u00cb - Arkivi<\/title>\n<meta name=\"robots\" content=\"index, follow, max-snippet:-1, max-image-preview:large, max-video-preview:-1\" \/>\n<link rel=\"canonical\" href=\"https:\/\/fjala.info\/2009-2015\/te-pres-tek-kafeneja-jone-e-preferuar-miku-im\/\" \/>\n<meta property=\"og:locale\" content=\"sq_AL\" \/>\n<meta property=\"og:type\" content=\"article\" \/>\n<meta property=\"og:title\" content=\"T\u00eb pres tek kafeneja jon\u00eb e preferuar, miku im - FjALA e LIR\u00cb - Arkivi\" \/>\n<meta property=\"og:description\" content=\"Nga Arben I. Kastrati, 16 gusht 2012 Muaj me par\u00eb, ne spitalin e Prishtines, kur u zgjova dhe u ktheva nga ku kisha qene, konstatova se ishte dita e takimit me Arbnin, ne kafenene tone te preferuar. Keto kater apo pese vitet e fundit, ne kishim krijuar nje ritual. Takoheshim fundjavave dhe qendronim per ore [&hellip;]\" \/>\n<meta property=\"og:url\" content=\"https:\/\/fjala.info\/2009-2015\/te-pres-tek-kafeneja-jone-e-preferuar-miku-im\/\" \/>\n<meta property=\"og:site_name\" content=\"FjALA e LIR\u00cb - Arkivi\" \/>\n<meta property=\"article:published_time\" content=\"2012-08-16T20:33:29+00:00\" \/>\n<meta property=\"og:image\" content=\"http:\/\/www.fjala.info\/2012\/arben_xhaferri_300.jpg\" \/>\n<meta name=\"author\" content=\"admin\" \/>\n<meta name=\"twitter:card\" content=\"summary_large_image\" \/>\n<meta name=\"twitter:label1\" content=\"Written by\" \/>\n\t<meta name=\"twitter:data1\" content=\"admin\" \/>\n\t<meta name=\"twitter:label2\" content=\"Est. reading time\" \/>\n\t<meta name=\"twitter:data2\" content=\"3 minutes\" \/>\n<script type=\"application\/ld+json\" class=\"yoast-schema-graph\">{\"@context\":\"https:\\\/\\\/schema.org\",\"@graph\":[{\"@type\":\"Article\",\"@id\":\"https:\\\/\\\/fjala.info\\\/2009-2015\\\/te-pres-tek-kafeneja-jone-e-preferuar-miku-im\\\/#article\",\"isPartOf\":{\"@id\":\"https:\\\/\\\/fjala.info\\\/2009-2015\\\/te-pres-tek-kafeneja-jone-e-preferuar-miku-im\\\/\"},\"author\":{\"name\":\"admin\",\"@id\":\"https:\\\/\\\/fjala.info\\\/2009-2015\\\/#\\\/schema\\\/person\\\/3aa1163ef05469c496fc94e77611ada2\"},\"headline\":\"T\u00eb pres tek kafeneja jon\u00eb e preferuar, miku im\",\"datePublished\":\"2012-08-16T20:33:29+00:00\",\"mainEntityOfPage\":{\"@id\":\"https:\\\/\\\/fjala.info\\\/2009-2015\\\/te-pres-tek-kafeneja-jone-e-preferuar-miku-im\\\/\"},\"wordCount\":704,\"commentCount\":0,\"publisher\":{\"@id\":\"https:\\\/\\\/fjala.info\\\/2009-2015\\\/#organization\"},\"image\":{\"@id\":\"https:\\\/\\\/fjala.info\\\/2009-2015\\\/te-pres-tek-kafeneja-jone-e-preferuar-miku-im\\\/#primaryimage\"},\"thumbnailUrl\":\"http:\\\/\\\/www.fjala.info\\\/2012\\\/arben_xhaferri_300.jpg\",\"articleSection\":[\"Artikuj\"],\"inLanguage\":\"sq-AL\",\"potentialAction\":[{\"@type\":\"CommentAction\",\"name\":\"Comment\",\"target\":[\"https:\\\/\\\/fjala.info\\\/2009-2015\\\/te-pres-tek-kafeneja-jone-e-preferuar-miku-im\\\/#respond\"]}]},{\"@type\":\"WebPage\",\"@id\":\"https:\\\/\\\/fjala.info\\\/2009-2015\\\/te-pres-tek-kafeneja-jone-e-preferuar-miku-im\\\/\",\"url\":\"https:\\\/\\\/fjala.info\\\/2009-2015\\\/te-pres-tek-kafeneja-jone-e-preferuar-miku-im\\\/\",\"name\":\"T\u00eb pres tek kafeneja jon\u00eb e preferuar, miku im - FjALA e LIR\u00cb - Arkivi\",\"isPartOf\":{\"@id\":\"https:\\\/\\\/fjala.info\\\/2009-2015\\\/#website\"},\"primaryImageOfPage\":{\"@id\":\"https:\\\/\\\/fjala.info\\\/2009-2015\\\/te-pres-tek-kafeneja-jone-e-preferuar-miku-im\\\/#primaryimage\"},\"image\":{\"@id\":\"https:\\\/\\\/fjala.info\\\/2009-2015\\\/te-pres-tek-kafeneja-jone-e-preferuar-miku-im\\\/#primaryimage\"},\"thumbnailUrl\":\"http:\\\/\\\/www.fjala.info\\\/2012\\\/arben_xhaferri_300.jpg\",\"datePublished\":\"2012-08-16T20:33:29+00:00\",\"breadcrumb\":{\"@id\":\"https:\\\/\\\/fjala.info\\\/2009-2015\\\/te-pres-tek-kafeneja-jone-e-preferuar-miku-im\\\/#breadcrumb\"},\"inLanguage\":\"sq-AL\",\"potentialAction\":[{\"@type\":\"ReadAction\",\"target\":[\"https:\\\/\\\/fjala.info\\\/2009-2015\\\/te-pres-tek-kafeneja-jone-e-preferuar-miku-im\\\/\"]}]},{\"@type\":\"ImageObject\",\"inLanguage\":\"sq-AL\",\"@id\":\"https:\\\/\\\/fjala.info\\\/2009-2015\\\/te-pres-tek-kafeneja-jone-e-preferuar-miku-im\\\/#primaryimage\",\"url\":\"http:\\\/\\\/www.fjala.info\\\/2012\\\/arben_xhaferri_300.jpg\",\"contentUrl\":\"http:\\\/\\\/www.fjala.info\\\/2012\\\/arben_xhaferri_300.jpg\"},{\"@type\":\"BreadcrumbList\",\"@id\":\"https:\\\/\\\/fjala.info\\\/2009-2015\\\/te-pres-tek-kafeneja-jone-e-preferuar-miku-im\\\/#breadcrumb\",\"itemListElement\":[{\"@type\":\"ListItem\",\"position\":1,\"name\":\"Home\",\"item\":\"https:\\\/\\\/fjala.info\\\/2009-2015\\\/\"},{\"@type\":\"ListItem\",\"position\":2,\"name\":\"T\u00eb pres tek kafeneja jon\u00eb e preferuar, miku im\"}]},{\"@type\":\"WebSite\",\"@id\":\"https:\\\/\\\/fjala.info\\\/2009-2015\\\/#website\",\"url\":\"https:\\\/\\\/fjala.info\\\/2009-2015\\\/\",\"name\":\"FjALA e LIR\u00cb - Arkivi\",\"description\":\"Arkivi 2009-2015\",\"publisher\":{\"@id\":\"https:\\\/\\\/fjala.info\\\/2009-2015\\\/#organization\"},\"potentialAction\":[{\"@type\":\"SearchAction\",\"target\":{\"@type\":\"EntryPoint\",\"urlTemplate\":\"https:\\\/\\\/fjala.info\\\/2009-2015\\\/?s={search_term_string}\"},\"query-input\":{\"@type\":\"PropertyValueSpecification\",\"valueRequired\":true,\"valueName\":\"search_term_string\"}}],\"inLanguage\":\"sq-AL\"},{\"@type\":\"Organization\",\"@id\":\"https:\\\/\\\/fjala.info\\\/2009-2015\\\/#organization\",\"name\":\"FjALA e LIR\u00cb - Arkivi\",\"url\":\"https:\\\/\\\/fjala.info\\\/2009-2015\\\/\",\"logo\":{\"@type\":\"ImageObject\",\"inLanguage\":\"sq-AL\",\"@id\":\"https:\\\/\\\/fjala.info\\\/2009-2015\\\/#\\\/schema\\\/logo\\\/image\\\/\",\"url\":\"\",\"contentUrl\":\"\",\"caption\":\"FjALA e LIR\u00cb - Arkivi\"},\"image\":{\"@id\":\"https:\\\/\\\/fjala.info\\\/2009-2015\\\/#\\\/schema\\\/logo\\\/image\\\/\"}},{\"@type\":\"Person\",\"@id\":\"https:\\\/\\\/fjala.info\\\/2009-2015\\\/#\\\/schema\\\/person\\\/3aa1163ef05469c496fc94e77611ada2\",\"name\":\"admin\",\"image\":{\"@type\":\"ImageObject\",\"inLanguage\":\"sq-AL\",\"@id\":\"https:\\\/\\\/fjala.info\\\/2009-2015\\\/wp-content\\\/uploads\\\/2012\\\/02\\\/arben_cokaj-120x150.jpg\",\"url\":\"https:\\\/\\\/fjala.info\\\/2009-2015\\\/wp-content\\\/uploads\\\/2012\\\/02\\\/arben_cokaj-120x150.jpg\",\"contentUrl\":\"https:\\\/\\\/fjala.info\\\/2009-2015\\\/wp-content\\\/uploads\\\/2012\\\/02\\\/arben_cokaj-120x150.jpg\",\"caption\":\"admin\"},\"description\":\"Admin, Fjala e Lir\u00eb\",\"sameAs\":[\"https:\\\/\\\/fjala.info\\\/\"],\"url\":\"https:\\\/\\\/fjala.info\\\/2009-2015\\\/author\\\/admin\\\/\"}]}<\/script>\n<!-- \/ Yoast SEO plugin. -->","yoast_head_json":{"title":"T\u00eb pres tek kafeneja jon\u00eb e preferuar, miku im - FjALA e LIR\u00cb - Arkivi","robots":{"index":"index","follow":"follow","max-snippet":"max-snippet:-1","max-image-preview":"max-image-preview:large","max-video-preview":"max-video-preview:-1"},"canonical":"https:\/\/fjala.info\/2009-2015\/te-pres-tek-kafeneja-jone-e-preferuar-miku-im\/","og_locale":"sq_AL","og_type":"article","og_title":"T\u00eb pres tek kafeneja jon\u00eb e preferuar, miku im - FjALA e LIR\u00cb - Arkivi","og_description":"Nga Arben I. Kastrati, 16 gusht 2012 Muaj me par\u00eb, ne spitalin e Prishtines, kur u zgjova dhe u ktheva nga ku kisha qene, konstatova se ishte dita e takimit me Arbnin, ne kafenene tone te preferuar. Keto kater apo pese vitet e fundit, ne kishim krijuar nje ritual. Takoheshim fundjavave dhe qendronim per ore [&hellip;]","og_url":"https:\/\/fjala.info\/2009-2015\/te-pres-tek-kafeneja-jone-e-preferuar-miku-im\/","og_site_name":"FjALA e LIR\u00cb - Arkivi","article_published_time":"2012-08-16T20:33:29+00:00","og_image":[{"url":"http:\/\/www.fjala.info\/2012\/arben_xhaferri_300.jpg","type":"","width":"","height":""}],"author":"admin","twitter_card":"summary_large_image","twitter_misc":{"Written by":"admin","Est. reading time":"3 minutes"},"schema":{"@context":"https:\/\/schema.org","@graph":[{"@type":"Article","@id":"https:\/\/fjala.info\/2009-2015\/te-pres-tek-kafeneja-jone-e-preferuar-miku-im\/#article","isPartOf":{"@id":"https:\/\/fjala.info\/2009-2015\/te-pres-tek-kafeneja-jone-e-preferuar-miku-im\/"},"author":{"name":"admin","@id":"https:\/\/fjala.info\/2009-2015\/#\/schema\/person\/3aa1163ef05469c496fc94e77611ada2"},"headline":"T\u00eb pres tek kafeneja jon\u00eb e preferuar, miku im","datePublished":"2012-08-16T20:33:29+00:00","mainEntityOfPage":{"@id":"https:\/\/fjala.info\/2009-2015\/te-pres-tek-kafeneja-jone-e-preferuar-miku-im\/"},"wordCount":704,"commentCount":0,"publisher":{"@id":"https:\/\/fjala.info\/2009-2015\/#organization"},"image":{"@id":"https:\/\/fjala.info\/2009-2015\/te-pres-tek-kafeneja-jone-e-preferuar-miku-im\/#primaryimage"},"thumbnailUrl":"http:\/\/www.fjala.info\/2012\/arben_xhaferri_300.jpg","articleSection":["Artikuj"],"inLanguage":"sq-AL","potentialAction":[{"@type":"CommentAction","name":"Comment","target":["https:\/\/fjala.info\/2009-2015\/te-pres-tek-kafeneja-jone-e-preferuar-miku-im\/#respond"]}]},{"@type":"WebPage","@id":"https:\/\/fjala.info\/2009-2015\/te-pres-tek-kafeneja-jone-e-preferuar-miku-im\/","url":"https:\/\/fjala.info\/2009-2015\/te-pres-tek-kafeneja-jone-e-preferuar-miku-im\/","name":"T\u00eb pres tek kafeneja jon\u00eb e preferuar, miku im - FjALA e LIR\u00cb - Arkivi","isPartOf":{"@id":"https:\/\/fjala.info\/2009-2015\/#website"},"primaryImageOfPage":{"@id":"https:\/\/fjala.info\/2009-2015\/te-pres-tek-kafeneja-jone-e-preferuar-miku-im\/#primaryimage"},"image":{"@id":"https:\/\/fjala.info\/2009-2015\/te-pres-tek-kafeneja-jone-e-preferuar-miku-im\/#primaryimage"},"thumbnailUrl":"http:\/\/www.fjala.info\/2012\/arben_xhaferri_300.jpg","datePublished":"2012-08-16T20:33:29+00:00","breadcrumb":{"@id":"https:\/\/fjala.info\/2009-2015\/te-pres-tek-kafeneja-jone-e-preferuar-miku-im\/#breadcrumb"},"inLanguage":"sq-AL","potentialAction":[{"@type":"ReadAction","target":["https:\/\/fjala.info\/2009-2015\/te-pres-tek-kafeneja-jone-e-preferuar-miku-im\/"]}]},{"@type":"ImageObject","inLanguage":"sq-AL","@id":"https:\/\/fjala.info\/2009-2015\/te-pres-tek-kafeneja-jone-e-preferuar-miku-im\/#primaryimage","url":"http:\/\/www.fjala.info\/2012\/arben_xhaferri_300.jpg","contentUrl":"http:\/\/www.fjala.info\/2012\/arben_xhaferri_300.jpg"},{"@type":"BreadcrumbList","@id":"https:\/\/fjala.info\/2009-2015\/te-pres-tek-kafeneja-jone-e-preferuar-miku-im\/#breadcrumb","itemListElement":[{"@type":"ListItem","position":1,"name":"Home","item":"https:\/\/fjala.info\/2009-2015\/"},{"@type":"ListItem","position":2,"name":"T\u00eb pres tek kafeneja jon\u00eb e preferuar, miku im"}]},{"@type":"WebSite","@id":"https:\/\/fjala.info\/2009-2015\/#website","url":"https:\/\/fjala.info\/2009-2015\/","name":"FjALA e LIR\u00cb - Arkivi","description":"Arkivi 2009-2015","publisher":{"@id":"https:\/\/fjala.info\/2009-2015\/#organization"},"potentialAction":[{"@type":"SearchAction","target":{"@type":"EntryPoint","urlTemplate":"https:\/\/fjala.info\/2009-2015\/?s={search_term_string}"},"query-input":{"@type":"PropertyValueSpecification","valueRequired":true,"valueName":"search_term_string"}}],"inLanguage":"sq-AL"},{"@type":"Organization","@id":"https:\/\/fjala.info\/2009-2015\/#organization","name":"FjALA e LIR\u00cb - Arkivi","url":"https:\/\/fjala.info\/2009-2015\/","logo":{"@type":"ImageObject","inLanguage":"sq-AL","@id":"https:\/\/fjala.info\/2009-2015\/#\/schema\/logo\/image\/","url":"","contentUrl":"","caption":"FjALA e LIR\u00cb - Arkivi"},"image":{"@id":"https:\/\/fjala.info\/2009-2015\/#\/schema\/logo\/image\/"}},{"@type":"Person","@id":"https:\/\/fjala.info\/2009-2015\/#\/schema\/person\/3aa1163ef05469c496fc94e77611ada2","name":"admin","image":{"@type":"ImageObject","inLanguage":"sq-AL","@id":"https:\/\/fjala.info\/2009-2015\/wp-content\/uploads\/2012\/02\/arben_cokaj-120x150.jpg","url":"https:\/\/fjala.info\/2009-2015\/wp-content\/uploads\/2012\/02\/arben_cokaj-120x150.jpg","contentUrl":"https:\/\/fjala.info\/2009-2015\/wp-content\/uploads\/2012\/02\/arben_cokaj-120x150.jpg","caption":"admin"},"description":"Admin, Fjala e Lir\u00eb","sameAs":["https:\/\/fjala.info\/"],"url":"https:\/\/fjala.info\/2009-2015\/author\/admin\/"}]}},"_links":{"self":[{"href":"https:\/\/fjala.info\/2009-2015\/wp-json\/wp\/v2\/posts\/12018","targetHints":{"allow":["GET"]}}],"collection":[{"href":"https:\/\/fjala.info\/2009-2015\/wp-json\/wp\/v2\/posts"}],"about":[{"href":"https:\/\/fjala.info\/2009-2015\/wp-json\/wp\/v2\/types\/post"}],"author":[{"embeddable":true,"href":"https:\/\/fjala.info\/2009-2015\/wp-json\/wp\/v2\/users\/1"}],"replies":[{"embeddable":true,"href":"https:\/\/fjala.info\/2009-2015\/wp-json\/wp\/v2\/comments?post=12018"}],"version-history":[{"count":0,"href":"https:\/\/fjala.info\/2009-2015\/wp-json\/wp\/v2\/posts\/12018\/revisions"}],"wp:attachment":[{"href":"https:\/\/fjala.info\/2009-2015\/wp-json\/wp\/v2\/media?parent=12018"}],"wp:term":[{"taxonomy":"category","embeddable":true,"href":"https:\/\/fjala.info\/2009-2015\/wp-json\/wp\/v2\/categories?post=12018"},{"taxonomy":"post_tag","embeddable":true,"href":"https:\/\/fjala.info\/2009-2015\/wp-json\/wp\/v2\/tags?post=12018"}],"curies":[{"name":"wp","href":"https:\/\/api.w.org\/{rel}","templated":true}]}}