{"id":12002,"date":"2012-08-09T22:38:21","date_gmt":"2012-08-09T21:38:21","guid":{"rendered":"http:\/\/www.fjala.info\/?p=4297"},"modified":"2012-08-09T22:38:21","modified_gmt":"2012-08-09T21:38:21","slug":"ripushtimi-i-shqiperise-ne-100-vjetorin-e-pavaresise-se-saj","status":"publish","type":"post","link":"https:\/\/fjala.info\/2009-2015\/ripushtimi-i-shqiperise-ne-100-vjetorin-e-pavaresise-se-saj\/","title":{"rendered":"Ripushtimi i Shqip\u00ebris\u00eb n\u00eb 100 vjetorin e Pavar\u00ebsis\u00eb s\u00eb saj"},"content":{"rendered":"<p><img decoding=\"async\" class=\"alignright size-thumbnail wp-image-7236\" title=\"Stop - plehrat\" src=\"http:\/\/www.fjala.info\/2012\/stop_plehra.jpg\" alt=\"\" width=\"200\" \/> Nga <strong>Lavdosh Ferruni<\/strong>, <em>9 Gusht 2012<\/em><\/p>\n<p>(<em>Pjesa e par\u00eb<\/em>)<\/p>\n<p>NATO nuk mund t\u00eb lejoj\u00eb nj\u00eb pushtim ushtarak t\u00eb nj\u00eb vendi an\u00ebtar t\u00eb saj, si Shqip\u00ebria. Por NATO nuk ka \u00e7\u2019t\u2019i b\u00ebj\u00eb pushtimit t\u00eb Shqip\u00ebris\u00eb nga plehrat, p\u00ebr m\u00eb tep\u00ebr kur kjo b\u00ebhet me kolaboracionist\u00ebt e qeveris\u00eb s\u00eb sotme. Pushtimi i plehrave \u00ebsht\u00eb i eg\u00ebr, shkat\u00ebrrimtar i jet\u00ebs s\u00eb njer\u00ebzve, i \u00e7do krijese t\u00eb gjall\u00eb, degradues i mjedisit, posht\u00ebrim i dinjitetit dhe imazhit t\u00eb vendit, diskriminim dhe \u00e7do t\u00eb keqe q\u00eb ka nj\u00eb pushtim me p\u00ebrjashtim t\u00eb munges\u00ebs s\u00eb \u00e7izmes s\u00eb ushtarit dhe tankut.<\/p>\n<p>N\u00eb Han t\u00eb Hotit dergjen me mij\u00ebra ton skrap t\u00eb importit, q\u00eb mund t\u00eb jen\u00eb dhe me radioaktivitet, si\u00e7 ndodh shpesh me importet e skrapit. Sipas nj\u00eb deklarimi t\u00eb drejtorit t\u00eb Kurum, 2 vjet m\u00eb par\u00eb, thuajse \u00e7do dit\u00eb ka hyr\u00eb nj\u00eb tren me hekurishte n\u00eb Shqip\u00ebri i ardhur nga Novi Sad, qyteti ky i Serbis\u00eb m\u00eb shum\u00eb i bombarduar nga NATO dhe me ndotje t\u00eb madhe n\u00eb mjedis prej bombardimit (skrap i ndotur gjithashtu). N\u00eb Shupenz\u00eb pritet t\u00eb zbarkojn\u00eb qindra kamion\u00eb me plastika nga Maqedonia. N\u00eb Devoll kolaboracionist\u00ebt po b\u00ebjn\u00eb gati letrat p\u00ebr t\u00eb hyr\u00eb 12 mij\u00eb ton plastika n\u00ebp\u00ebrmjet Greqis\u00eb dhe n\u00ebn administrimin e kompanis\u00eb turke. Mij\u00ebra ton t\u00eb tjer\u00eb pritet t\u00eb vijn\u00eb n\u00eb Kavaj\u00eb e Berat. N\u00eb Vlor\u00ebn e turizmit, qarku po b\u00ebn gati kontrat\u00ebn p\u00ebr t\u00eb ngritur nj\u00eb djeg\u00ebs plehrash, i cili do k\u00ebrkoj p\u00ebr djegie mij\u00ebra e mij\u00ebra ton plehra t\u00eb tjera, q\u00eb do vijn\u00eb me t\u00eb gjitha gjasat nga Italia. N\u00eb korrik kolaboracionist\u00ebt n\u00ebnshkruan q\u00eb nga bota t\u00eb vijn\u00eb 30,000 ton alumin e t\u00eb shkrihet n\u00eb Shqip\u00ebri, q\u00eb pastaj kall\u00ebpet e gatshme t\u00eb shkojn\u00eb andej nga erdh\u00ebn e k\u00ebtu t\u00eb mbetet ndotja e tmerrshme e aluminit.<\/p>\n<p>\u00cbsht\u00eb gati n\u00ebnshkrimi i 30 mij\u00eb ton makina skrap nga vende t\u00eb ndryshme deri nga Spanja e Malta p\u00ebr tu bluar n\u00eb Durr\u00ebs.<\/p>\n<p>Dhe m\u00eb 1 gusht (vini re dat\u00ebn e fillim pushimeve masive) t\u00eb k\u00ebtij viti jubileut t\u00eb madh, kryekolaboracionisti firmosi ardhjen brenda vitit t\u00eb 600.000 ton hekurishte, por tani jo vet\u00ebm nga Novi Sad e Bullgaria, si\u00e7 ishte vendosur n\u00eb prag Krishtlindjeve t\u00eb vitit t\u00eb kaluar (vini re p\u00ebrs\u00ebri pragfest\u00ebn), por nga 175 vende t\u00eb bot\u00ebs. Kjo sasi e st\u00ebrmadhe hekuri do zbarkoj\u00eb e digjet n\u00eb Elbasanin e vuajtur e viktimizuar keqazi k\u00ebto 40 vjet. P\u00ebr k\u00ebt\u00eb turku i Kurum-it, prej k\u00ebshtjell\u00ebs s\u00eb rimarr\u00eb t\u00eb metalurgjikut, prej t\u00eb cilit nuk u \u00e7lirua dot p\u00ebr s\u00eb dyti Shqip\u00ebria, po e pushton at\u00eb. S\u00eb fundmi Kurum ka b\u00ebr\u00eb t\u00eb veten dhe 120.000 m2 n\u00eb zem\u00ebr t\u00eb Portit t\u00eb Durr\u00ebsit, por ankohet se anijet q\u00eb ai do t\u00eb p\u00ebrpunoj\u00eb me skrap jan\u00eb shum\u00eb t\u00eb m\u00ebdha e porti duhet thelluar. Ka k\u00ebrkuar dhe nj\u00eb HEC q\u00eb t\u00eb jet\u00eb i tij. Strategjia e deklaruar e KURUM \u00ebsht\u00eb rritja dhe ekspansioni n\u00eb Shqip\u00ebri.<\/p>\n<p>A ndihet era e pushtimit apo \u00ebsht\u00eb tashm\u00eb pushtuar Shqip\u00ebria?<\/p>\n<p>Le t\u00eb ngelemi tek Kurumi p\u00ebr t\u00eb kuptuar se termi i p\u00ebrdorur si pushtim nuk \u00ebsht\u00eb thjesht nj\u00eb metafor\u00eb.<\/p>\n<p>Parlamenti e di mir\u00eb se n\u00eb Shqip\u00ebri mjedisi po shkat\u00ebrrohet me ritme t\u00eb shpejta dita- dit\u00ebs dhe kontribuues t\u00eb m\u00ebdhenj t\u00eb k\u00ebsaj ndotje jan\u00eb disa investitor\u00eb t\u00eb huaj, q\u00eb importojn\u00eb ndotje n\u00eb Shqip\u00ebri p\u00ebr t\u00eb rritur fitimet e tyre. Ja si shprehet Gjana, q\u00eb drejton komisionin q\u00eb mbulon dhe mjedisin n\u00eb nj\u00eb takim t\u00eb k\u00ebtij komisioni me kompanin\u00eb Kurum: \u201cUn\u00eb kam bindjen se nj\u00eb pjes\u00eb e madhe e kompanive t\u00eb huaja e synojn\u00eb Shqip\u00ebrin\u00eb p\u00ebr klim\u00ebn e investimeve q\u00eb \u00ebsht\u00eb krijuar, por ndonj\u00ebher\u00eb edhe p\u00ebr hap\u00ebsirat dhe p\u00ebr leht\u00ebsirat q\u00eb gjejn\u00eb duke mos zbatuar kriteret q\u00eb lidhen me mjedisin. Mjedisi sot \u00ebsht\u00eb nj\u00eb \u00e7\u00ebshtje e kushtueshme, p\u00ebr t\u00eb cilin b\u00ebhen debate shum\u00eb t\u00eb m\u00ebdha. Shqip\u00ebria ende nuk ka kapacitetet e duhura, logjistik\u00ebn e duhur, ekspertiz\u00ebn e duhur, laborator\u00ebt e duhur dhe k\u00ebrkes\u00ebn e duhur p\u00ebr t\u00eb mbrojtur ambientin\u201d.<\/p>\n<p>Qeveria mund t\u00eb dij\u00eb dhe m\u00eb shum\u00eb p\u00ebr krimin mjedisor n\u00eb Shqip\u00ebri. P.sh Ministria e Mjedisit i di rezultatet tmerronj\u00ebse t\u00eb analizave t\u00eb tok\u00ebs n\u00eb zon\u00ebn e Elbasanit, ku vazhdon Kurum-i t\u00eb rris\u00eb ndotjen aty dhe k\u00ebshtu krimin mjedisor: Studimi i Ryan Perroy, profesor\u2013asistent n\u00eb departamentin e Gjeografis\u00eb dhe Shkenc\u00ebs s\u00eb Tok\u00ebs n\u00eb Universitetin e Wisconsin (http:\/\/news.uwlax.edu\/professors-research-exposes-environmental-problem-in-albania\/) nga analizat e tok\u00ebs brenda metalurgjikut e p\u00ebrreth tij tregon p\u00ebr \u201cnivele ekstremisht t\u00eb larta\u201d t\u00eb ndotjes n\u00eb radh\u00eb t\u00eb par\u00eb t\u00eb kromit, nikelit, plumbit, nivele qindra dhe mij\u00ebra her\u00eb m\u00eb t\u00eb larta se rekomandimet e U.S. EPA (Agjencia e Mbrojtjes s\u00eb Mjedisit n\u00eb SHBA). Perroy thot\u00eb se ndotja mund potencialisht t\u00eb p\u00ebrhapet tek njer\u00ebzit e kafsh\u00ebt p\u00ebrmes pluhurit t\u00eb ajrit si dhe bim\u00ebve t\u00eb ndotura dhe kafsh\u00ebve q\u00eb ata han\u00eb.<\/p>\n<p>Publiku di deri diku se \u00e7fare ka ndodhur e ndodh me mjedisin dhe sh\u00ebndetin e popullsis\u00eb n\u00eb Elbasan. Por nuk mund t\u00eb mos risjellim n\u00eb v\u00ebmendje t\u00eb tij nj\u00eb ngjarje trondit\u00ebse t\u00eb ndodhur n\u00eb k\u00ebt\u00eb zon\u00eb n\u00eb val\u00ebn e fushat\u00ebs zgjedhore t\u00eb vitit 2009, e t\u00eb sfumuar prej saj: \u201cGruaja 22-vje\u00e7are nga fshati Shijon i komun\u00ebs Bradashesh pran\u00eb ish-Kombinatit Metalurgjik n\u00eb Elbasan ka p\u00ebsuar gjendje shoku n\u00eb maternitetin kryesor t\u00eb Tiran\u00ebs, pasi ka m\u00ebsuar se f\u00ebmija q\u00eb ajo pas pak jav\u00ebsh pret t\u00eb sjell\u00eb n\u00eb jet\u00eb, do t\u00eb lind\u00eb pa kok\u00eb. (Tiran\u00eb, 18 qershor NOA)\u201d. Jo vet\u00ebm p\u00ebr faktin se lajmi u eklipsua prej fushat\u00ebs, por edhe sa lajme t\u00eb tilla t\u00eb deformimeve t\u00eb r\u00ebnda gjenetike sidomos n\u00eb kafsh\u00eb n\u00eb zon\u00ebn e Elbasanit jan\u00eb evidentuar me dhjet\u00ebra, n\u00eb mos me qindra.<\/p>\n<p>Prefekti Shefqet Deliallisi vitin e kaluar k\u00ebrkoi marrjen e masave nd\u00ebshkimore p\u00ebr Kurum, si ndot\u00ebsin kryesor. Elbasani prej vitesh renditet nd\u00ebr qytetet m\u00eb t\u00eb ndotura n\u00eb Shqip\u00ebri. Instituti i Sh\u00ebndetit Publik n\u00eb Elbasan ka b\u00ebr\u00eb nj\u00eb studim, nga ku ka rezultuar se shifrat e personave t\u00eb prekur nga kanceri dhe s\u00ebmundjet e mushk\u00ebrive jan\u00eb tep\u00ebr t\u00eb larta. Specialist\u00ebt shprehen se shkaktari kryesor i shfaqjes s\u00eb k\u00ebtyre s\u00ebmundjeve \u00ebsht\u00eb smogu, nd\u00ebrkoh\u00eb q\u00eb ish-Metalurgjiku vazhdon t\u00eb mbetet ndot\u00ebsi kryesor.<\/p>\n<p>P\u00ebrve\u00e7 ish-Metalurgjikut, shkaktar\u00eb t\u00eb ndotjes s\u00eb mjedisit n\u00eb Elbasan jan\u00eb mbetjet e skrapit dhe mbeturinat urbane. K\u00ebshtu, depozitimi i mbetjeve t\u00eb skrapit pran\u00eb uj\u00ebrave t\u00eb lumit Shkumbin vijon t\u00eb mbetet nj\u00eb problem shum\u00eb serioz p\u00ebr qytetin.<\/p>\n<p>Jo m\u00eb von\u00eb se n\u00eb numrin e fundit t\u00eb revist\u00ebs Klan, ish kombinati metalurgjik etiketohet si \u201cg\u00ebrdalla kancerogjone kineze\u201d, t\u00eb cilit sot ve\u00e7se mund t\u2019i nd\u00ebrrohet epiteti i fundit nga kineze n\u00eb turke.<\/p>\n<p>(<em>VIJON<\/em>)<\/p>\n","protected":false},"excerpt":{"rendered":"<p>Nga Lavdosh Ferruni, 9 Gusht 2012 (Pjesa e par\u00eb) NATO nuk mund t\u00eb lejoj\u00eb nj\u00eb pushtim ushtarak t\u00eb nj\u00eb vendi an\u00ebtar t\u00eb saj, si Shqip\u00ebria. Por NATO nuk ka \u00e7\u2019t\u2019i b\u00ebj\u00eb pushtimit t\u00eb Shqip\u00ebris\u00eb nga plehrat, p\u00ebr m\u00eb tep\u00ebr kur kjo b\u00ebhet me kolaboracionist\u00ebt e qeveris\u00eb s\u00eb sotme. Pushtimi i plehrave \u00ebsht\u00eb i eg\u00ebr, shkat\u00ebrrimtar [&hellip;]<\/p>\n","protected":false},"author":1,"featured_media":0,"comment_status":"open","ping_status":"closed","sticky":false,"template":"","format":"standard","meta":{"footnotes":""},"categories":[2],"tags":[],"class_list":{"0":"post-12002","1":"post","2":"type-post","3":"status-publish","4":"format-standard","6":"category-artikuj"},"yoast_head":"<!-- This site is optimized with the Yoast SEO plugin v27.4 - https:\/\/yoast.com\/product\/yoast-seo-wordpress\/ -->\n<title>Ripushtimi i Shqip\u00ebris\u00eb n\u00eb 100 vjetorin e Pavar\u00ebsis\u00eb s\u00eb saj - FjALA e LIR\u00cb - Arkivi<\/title>\n<meta name=\"robots\" content=\"index, follow, max-snippet:-1, max-image-preview:large, max-video-preview:-1\" \/>\n<link rel=\"canonical\" href=\"https:\/\/fjala.info\/2009-2015\/ripushtimi-i-shqiperise-ne-100-vjetorin-e-pavaresise-se-saj\/\" \/>\n<meta property=\"og:locale\" content=\"sq_AL\" \/>\n<meta property=\"og:type\" content=\"article\" \/>\n<meta property=\"og:title\" content=\"Ripushtimi i Shqip\u00ebris\u00eb n\u00eb 100 vjetorin e Pavar\u00ebsis\u00eb s\u00eb saj - FjALA e LIR\u00cb - Arkivi\" \/>\n<meta property=\"og:description\" content=\"Nga Lavdosh Ferruni, 9 Gusht 2012 (Pjesa e par\u00eb) NATO nuk mund t\u00eb lejoj\u00eb nj\u00eb pushtim ushtarak t\u00eb nj\u00eb vendi an\u00ebtar t\u00eb saj, si Shqip\u00ebria. Por NATO nuk ka \u00e7\u2019t\u2019i b\u00ebj\u00eb pushtimit t\u00eb Shqip\u00ebris\u00eb nga plehrat, p\u00ebr m\u00eb tep\u00ebr kur kjo b\u00ebhet me kolaboracionist\u00ebt e qeveris\u00eb s\u00eb sotme. Pushtimi i plehrave \u00ebsht\u00eb i eg\u00ebr, shkat\u00ebrrimtar [&hellip;]\" \/>\n<meta property=\"og:url\" content=\"https:\/\/fjala.info\/2009-2015\/ripushtimi-i-shqiperise-ne-100-vjetorin-e-pavaresise-se-saj\/\" \/>\n<meta property=\"og:site_name\" content=\"FjALA e LIR\u00cb - Arkivi\" \/>\n<meta property=\"article:published_time\" content=\"2012-08-09T21:38:21+00:00\" \/>\n<meta property=\"og:image\" content=\"http:\/\/www.fjala.info\/2012\/stop_plehra.jpg\" \/>\n<meta name=\"author\" content=\"admin\" \/>\n<meta name=\"twitter:card\" content=\"summary_large_image\" \/>\n<meta name=\"twitter:label1\" content=\"Written by\" \/>\n\t<meta name=\"twitter:data1\" content=\"admin\" \/>\n\t<meta name=\"twitter:label2\" content=\"Est. reading time\" \/>\n\t<meta name=\"twitter:data2\" content=\"6 minutes\" \/>\n<script type=\"application\/ld+json\" class=\"yoast-schema-graph\">{\"@context\":\"https:\\\/\\\/schema.org\",\"@graph\":[{\"@type\":\"Article\",\"@id\":\"https:\\\/\\\/fjala.info\\\/2009-2015\\\/ripushtimi-i-shqiperise-ne-100-vjetorin-e-pavaresise-se-saj\\\/#article\",\"isPartOf\":{\"@id\":\"https:\\\/\\\/fjala.info\\\/2009-2015\\\/ripushtimi-i-shqiperise-ne-100-vjetorin-e-pavaresise-se-saj\\\/\"},\"author\":{\"name\":\"admin\",\"@id\":\"https:\\\/\\\/fjala.info\\\/2009-2015\\\/#\\\/schema\\\/person\\\/3aa1163ef05469c496fc94e77611ada2\"},\"headline\":\"Ripushtimi i Shqip\u00ebris\u00eb n\u00eb 100 vjetorin e Pavar\u00ebsis\u00eb s\u00eb saj\",\"datePublished\":\"2012-08-09T21:38:21+00:00\",\"mainEntityOfPage\":{\"@id\":\"https:\\\/\\\/fjala.info\\\/2009-2015\\\/ripushtimi-i-shqiperise-ne-100-vjetorin-e-pavaresise-se-saj\\\/\"},\"wordCount\":1198,\"commentCount\":0,\"publisher\":{\"@id\":\"https:\\\/\\\/fjala.info\\\/2009-2015\\\/#organization\"},\"image\":{\"@id\":\"https:\\\/\\\/fjala.info\\\/2009-2015\\\/ripushtimi-i-shqiperise-ne-100-vjetorin-e-pavaresise-se-saj\\\/#primaryimage\"},\"thumbnailUrl\":\"http:\\\/\\\/www.fjala.info\\\/2012\\\/stop_plehra.jpg\",\"articleSection\":[\"Artikuj\"],\"inLanguage\":\"sq-AL\",\"potentialAction\":[{\"@type\":\"CommentAction\",\"name\":\"Comment\",\"target\":[\"https:\\\/\\\/fjala.info\\\/2009-2015\\\/ripushtimi-i-shqiperise-ne-100-vjetorin-e-pavaresise-se-saj\\\/#respond\"]}]},{\"@type\":\"WebPage\",\"@id\":\"https:\\\/\\\/fjala.info\\\/2009-2015\\\/ripushtimi-i-shqiperise-ne-100-vjetorin-e-pavaresise-se-saj\\\/\",\"url\":\"https:\\\/\\\/fjala.info\\\/2009-2015\\\/ripushtimi-i-shqiperise-ne-100-vjetorin-e-pavaresise-se-saj\\\/\",\"name\":\"Ripushtimi i Shqip\u00ebris\u00eb n\u00eb 100 vjetorin e Pavar\u00ebsis\u00eb s\u00eb saj - FjALA e LIR\u00cb - Arkivi\",\"isPartOf\":{\"@id\":\"https:\\\/\\\/fjala.info\\\/2009-2015\\\/#website\"},\"primaryImageOfPage\":{\"@id\":\"https:\\\/\\\/fjala.info\\\/2009-2015\\\/ripushtimi-i-shqiperise-ne-100-vjetorin-e-pavaresise-se-saj\\\/#primaryimage\"},\"image\":{\"@id\":\"https:\\\/\\\/fjala.info\\\/2009-2015\\\/ripushtimi-i-shqiperise-ne-100-vjetorin-e-pavaresise-se-saj\\\/#primaryimage\"},\"thumbnailUrl\":\"http:\\\/\\\/www.fjala.info\\\/2012\\\/stop_plehra.jpg\",\"datePublished\":\"2012-08-09T21:38:21+00:00\",\"breadcrumb\":{\"@id\":\"https:\\\/\\\/fjala.info\\\/2009-2015\\\/ripushtimi-i-shqiperise-ne-100-vjetorin-e-pavaresise-se-saj\\\/#breadcrumb\"},\"inLanguage\":\"sq-AL\",\"potentialAction\":[{\"@type\":\"ReadAction\",\"target\":[\"https:\\\/\\\/fjala.info\\\/2009-2015\\\/ripushtimi-i-shqiperise-ne-100-vjetorin-e-pavaresise-se-saj\\\/\"]}]},{\"@type\":\"ImageObject\",\"inLanguage\":\"sq-AL\",\"@id\":\"https:\\\/\\\/fjala.info\\\/2009-2015\\\/ripushtimi-i-shqiperise-ne-100-vjetorin-e-pavaresise-se-saj\\\/#primaryimage\",\"url\":\"http:\\\/\\\/www.fjala.info\\\/2012\\\/stop_plehra.jpg\",\"contentUrl\":\"http:\\\/\\\/www.fjala.info\\\/2012\\\/stop_plehra.jpg\"},{\"@type\":\"BreadcrumbList\",\"@id\":\"https:\\\/\\\/fjala.info\\\/2009-2015\\\/ripushtimi-i-shqiperise-ne-100-vjetorin-e-pavaresise-se-saj\\\/#breadcrumb\",\"itemListElement\":[{\"@type\":\"ListItem\",\"position\":1,\"name\":\"Home\",\"item\":\"https:\\\/\\\/fjala.info\\\/2009-2015\\\/\"},{\"@type\":\"ListItem\",\"position\":2,\"name\":\"Ripushtimi i Shqip\u00ebris\u00eb n\u00eb 100 vjetorin e Pavar\u00ebsis\u00eb s\u00eb saj\"}]},{\"@type\":\"WebSite\",\"@id\":\"https:\\\/\\\/fjala.info\\\/2009-2015\\\/#website\",\"url\":\"https:\\\/\\\/fjala.info\\\/2009-2015\\\/\",\"name\":\"FjALA e LIR\u00cb - Arkivi\",\"description\":\"Arkivi 2009-2015\",\"publisher\":{\"@id\":\"https:\\\/\\\/fjala.info\\\/2009-2015\\\/#organization\"},\"potentialAction\":[{\"@type\":\"SearchAction\",\"target\":{\"@type\":\"EntryPoint\",\"urlTemplate\":\"https:\\\/\\\/fjala.info\\\/2009-2015\\\/?s={search_term_string}\"},\"query-input\":{\"@type\":\"PropertyValueSpecification\",\"valueRequired\":true,\"valueName\":\"search_term_string\"}}],\"inLanguage\":\"sq-AL\"},{\"@type\":\"Organization\",\"@id\":\"https:\\\/\\\/fjala.info\\\/2009-2015\\\/#organization\",\"name\":\"FjALA e LIR\u00cb - Arkivi\",\"url\":\"https:\\\/\\\/fjala.info\\\/2009-2015\\\/\",\"logo\":{\"@type\":\"ImageObject\",\"inLanguage\":\"sq-AL\",\"@id\":\"https:\\\/\\\/fjala.info\\\/2009-2015\\\/#\\\/schema\\\/logo\\\/image\\\/\",\"url\":\"\",\"contentUrl\":\"\",\"caption\":\"FjALA e LIR\u00cb - Arkivi\"},\"image\":{\"@id\":\"https:\\\/\\\/fjala.info\\\/2009-2015\\\/#\\\/schema\\\/logo\\\/image\\\/\"}},{\"@type\":\"Person\",\"@id\":\"https:\\\/\\\/fjala.info\\\/2009-2015\\\/#\\\/schema\\\/person\\\/3aa1163ef05469c496fc94e77611ada2\",\"name\":\"admin\",\"image\":{\"@type\":\"ImageObject\",\"inLanguage\":\"sq-AL\",\"@id\":\"https:\\\/\\\/fjala.info\\\/2009-2015\\\/wp-content\\\/uploads\\\/2012\\\/02\\\/arben_cokaj-120x150.jpg\",\"url\":\"https:\\\/\\\/fjala.info\\\/2009-2015\\\/wp-content\\\/uploads\\\/2012\\\/02\\\/arben_cokaj-120x150.jpg\",\"contentUrl\":\"https:\\\/\\\/fjala.info\\\/2009-2015\\\/wp-content\\\/uploads\\\/2012\\\/02\\\/arben_cokaj-120x150.jpg\",\"caption\":\"admin\"},\"description\":\"Admin, Fjala e Lir\u00eb\",\"sameAs\":[\"https:\\\/\\\/fjala.info\\\/\"],\"url\":\"https:\\\/\\\/fjala.info\\\/2009-2015\\\/author\\\/admin\\\/\"}]}<\/script>\n<!-- \/ Yoast SEO plugin. -->","yoast_head_json":{"title":"Ripushtimi i Shqip\u00ebris\u00eb n\u00eb 100 vjetorin e Pavar\u00ebsis\u00eb s\u00eb saj - FjALA e LIR\u00cb - Arkivi","robots":{"index":"index","follow":"follow","max-snippet":"max-snippet:-1","max-image-preview":"max-image-preview:large","max-video-preview":"max-video-preview:-1"},"canonical":"https:\/\/fjala.info\/2009-2015\/ripushtimi-i-shqiperise-ne-100-vjetorin-e-pavaresise-se-saj\/","og_locale":"sq_AL","og_type":"article","og_title":"Ripushtimi i Shqip\u00ebris\u00eb n\u00eb 100 vjetorin e Pavar\u00ebsis\u00eb s\u00eb saj - FjALA e LIR\u00cb - Arkivi","og_description":"Nga Lavdosh Ferruni, 9 Gusht 2012 (Pjesa e par\u00eb) NATO nuk mund t\u00eb lejoj\u00eb nj\u00eb pushtim ushtarak t\u00eb nj\u00eb vendi an\u00ebtar t\u00eb saj, si Shqip\u00ebria. Por NATO nuk ka \u00e7\u2019t\u2019i b\u00ebj\u00eb pushtimit t\u00eb Shqip\u00ebris\u00eb nga plehrat, p\u00ebr m\u00eb tep\u00ebr kur kjo b\u00ebhet me kolaboracionist\u00ebt e qeveris\u00eb s\u00eb sotme. Pushtimi i plehrave \u00ebsht\u00eb i eg\u00ebr, shkat\u00ebrrimtar [&hellip;]","og_url":"https:\/\/fjala.info\/2009-2015\/ripushtimi-i-shqiperise-ne-100-vjetorin-e-pavaresise-se-saj\/","og_site_name":"FjALA e LIR\u00cb - Arkivi","article_published_time":"2012-08-09T21:38:21+00:00","og_image":[{"url":"http:\/\/www.fjala.info\/2012\/stop_plehra.jpg","type":"","width":"","height":""}],"author":"admin","twitter_card":"summary_large_image","twitter_misc":{"Written by":"admin","Est. reading time":"6 minutes"},"schema":{"@context":"https:\/\/schema.org","@graph":[{"@type":"Article","@id":"https:\/\/fjala.info\/2009-2015\/ripushtimi-i-shqiperise-ne-100-vjetorin-e-pavaresise-se-saj\/#article","isPartOf":{"@id":"https:\/\/fjala.info\/2009-2015\/ripushtimi-i-shqiperise-ne-100-vjetorin-e-pavaresise-se-saj\/"},"author":{"name":"admin","@id":"https:\/\/fjala.info\/2009-2015\/#\/schema\/person\/3aa1163ef05469c496fc94e77611ada2"},"headline":"Ripushtimi i Shqip\u00ebris\u00eb n\u00eb 100 vjetorin e Pavar\u00ebsis\u00eb s\u00eb saj","datePublished":"2012-08-09T21:38:21+00:00","mainEntityOfPage":{"@id":"https:\/\/fjala.info\/2009-2015\/ripushtimi-i-shqiperise-ne-100-vjetorin-e-pavaresise-se-saj\/"},"wordCount":1198,"commentCount":0,"publisher":{"@id":"https:\/\/fjala.info\/2009-2015\/#organization"},"image":{"@id":"https:\/\/fjala.info\/2009-2015\/ripushtimi-i-shqiperise-ne-100-vjetorin-e-pavaresise-se-saj\/#primaryimage"},"thumbnailUrl":"http:\/\/www.fjala.info\/2012\/stop_plehra.jpg","articleSection":["Artikuj"],"inLanguage":"sq-AL","potentialAction":[{"@type":"CommentAction","name":"Comment","target":["https:\/\/fjala.info\/2009-2015\/ripushtimi-i-shqiperise-ne-100-vjetorin-e-pavaresise-se-saj\/#respond"]}]},{"@type":"WebPage","@id":"https:\/\/fjala.info\/2009-2015\/ripushtimi-i-shqiperise-ne-100-vjetorin-e-pavaresise-se-saj\/","url":"https:\/\/fjala.info\/2009-2015\/ripushtimi-i-shqiperise-ne-100-vjetorin-e-pavaresise-se-saj\/","name":"Ripushtimi i Shqip\u00ebris\u00eb n\u00eb 100 vjetorin e Pavar\u00ebsis\u00eb s\u00eb saj - FjALA e LIR\u00cb - Arkivi","isPartOf":{"@id":"https:\/\/fjala.info\/2009-2015\/#website"},"primaryImageOfPage":{"@id":"https:\/\/fjala.info\/2009-2015\/ripushtimi-i-shqiperise-ne-100-vjetorin-e-pavaresise-se-saj\/#primaryimage"},"image":{"@id":"https:\/\/fjala.info\/2009-2015\/ripushtimi-i-shqiperise-ne-100-vjetorin-e-pavaresise-se-saj\/#primaryimage"},"thumbnailUrl":"http:\/\/www.fjala.info\/2012\/stop_plehra.jpg","datePublished":"2012-08-09T21:38:21+00:00","breadcrumb":{"@id":"https:\/\/fjala.info\/2009-2015\/ripushtimi-i-shqiperise-ne-100-vjetorin-e-pavaresise-se-saj\/#breadcrumb"},"inLanguage":"sq-AL","potentialAction":[{"@type":"ReadAction","target":["https:\/\/fjala.info\/2009-2015\/ripushtimi-i-shqiperise-ne-100-vjetorin-e-pavaresise-se-saj\/"]}]},{"@type":"ImageObject","inLanguage":"sq-AL","@id":"https:\/\/fjala.info\/2009-2015\/ripushtimi-i-shqiperise-ne-100-vjetorin-e-pavaresise-se-saj\/#primaryimage","url":"http:\/\/www.fjala.info\/2012\/stop_plehra.jpg","contentUrl":"http:\/\/www.fjala.info\/2012\/stop_plehra.jpg"},{"@type":"BreadcrumbList","@id":"https:\/\/fjala.info\/2009-2015\/ripushtimi-i-shqiperise-ne-100-vjetorin-e-pavaresise-se-saj\/#breadcrumb","itemListElement":[{"@type":"ListItem","position":1,"name":"Home","item":"https:\/\/fjala.info\/2009-2015\/"},{"@type":"ListItem","position":2,"name":"Ripushtimi i Shqip\u00ebris\u00eb n\u00eb 100 vjetorin e Pavar\u00ebsis\u00eb s\u00eb saj"}]},{"@type":"WebSite","@id":"https:\/\/fjala.info\/2009-2015\/#website","url":"https:\/\/fjala.info\/2009-2015\/","name":"FjALA e LIR\u00cb - Arkivi","description":"Arkivi 2009-2015","publisher":{"@id":"https:\/\/fjala.info\/2009-2015\/#organization"},"potentialAction":[{"@type":"SearchAction","target":{"@type":"EntryPoint","urlTemplate":"https:\/\/fjala.info\/2009-2015\/?s={search_term_string}"},"query-input":{"@type":"PropertyValueSpecification","valueRequired":true,"valueName":"search_term_string"}}],"inLanguage":"sq-AL"},{"@type":"Organization","@id":"https:\/\/fjala.info\/2009-2015\/#organization","name":"FjALA e LIR\u00cb - Arkivi","url":"https:\/\/fjala.info\/2009-2015\/","logo":{"@type":"ImageObject","inLanguage":"sq-AL","@id":"https:\/\/fjala.info\/2009-2015\/#\/schema\/logo\/image\/","url":"","contentUrl":"","caption":"FjALA e LIR\u00cb - Arkivi"},"image":{"@id":"https:\/\/fjala.info\/2009-2015\/#\/schema\/logo\/image\/"}},{"@type":"Person","@id":"https:\/\/fjala.info\/2009-2015\/#\/schema\/person\/3aa1163ef05469c496fc94e77611ada2","name":"admin","image":{"@type":"ImageObject","inLanguage":"sq-AL","@id":"https:\/\/fjala.info\/2009-2015\/wp-content\/uploads\/2012\/02\/arben_cokaj-120x150.jpg","url":"https:\/\/fjala.info\/2009-2015\/wp-content\/uploads\/2012\/02\/arben_cokaj-120x150.jpg","contentUrl":"https:\/\/fjala.info\/2009-2015\/wp-content\/uploads\/2012\/02\/arben_cokaj-120x150.jpg","caption":"admin"},"description":"Admin, Fjala e Lir\u00eb","sameAs":["https:\/\/fjala.info\/"],"url":"https:\/\/fjala.info\/2009-2015\/author\/admin\/"}]}},"_links":{"self":[{"href":"https:\/\/fjala.info\/2009-2015\/wp-json\/wp\/v2\/posts\/12002","targetHints":{"allow":["GET"]}}],"collection":[{"href":"https:\/\/fjala.info\/2009-2015\/wp-json\/wp\/v2\/posts"}],"about":[{"href":"https:\/\/fjala.info\/2009-2015\/wp-json\/wp\/v2\/types\/post"}],"author":[{"embeddable":true,"href":"https:\/\/fjala.info\/2009-2015\/wp-json\/wp\/v2\/users\/1"}],"replies":[{"embeddable":true,"href":"https:\/\/fjala.info\/2009-2015\/wp-json\/wp\/v2\/comments?post=12002"}],"version-history":[{"count":0,"href":"https:\/\/fjala.info\/2009-2015\/wp-json\/wp\/v2\/posts\/12002\/revisions"}],"wp:attachment":[{"href":"https:\/\/fjala.info\/2009-2015\/wp-json\/wp\/v2\/media?parent=12002"}],"wp:term":[{"taxonomy":"category","embeddable":true,"href":"https:\/\/fjala.info\/2009-2015\/wp-json\/wp\/v2\/categories?post=12002"},{"taxonomy":"post_tag","embeddable":true,"href":"https:\/\/fjala.info\/2009-2015\/wp-json\/wp\/v2\/tags?post=12002"}],"curies":[{"name":"wp","href":"https:\/\/api.w.org\/{rel}","templated":true}]}}