{"id":12000,"date":"2012-08-09T08:19:08","date_gmt":"2012-08-09T07:19:08","guid":{"rendered":"http:\/\/www.fjala.info\/?p=4283"},"modified":"2012-08-09T08:19:08","modified_gmt":"2012-08-09T07:19:08","slug":"ak-denim-perjete-per-ata-qe-vrasin-te-rihapim-burgun-e-burrelit-e-spacit-dhe-ti-dergojme-aty","status":"publish","type":"post","link":"https:\/\/fjala.info\/2009-2015\/ak-denim-perjete-per-ata-qe-vrasin-te-rihapim-burgun-e-burrelit-e-spacit-dhe-ti-dergojme-aty\/","title":{"rendered":"AK: D\u00ebnim p\u00ebrjet\u00eb p\u00ebr ata q\u00eb vrasin. T\u00eb rihapim burgun e Burrelit e Spa\u00e7it dhe t\u2019i d\u00ebrgojm\u00eb aty"},"content":{"rendered":"<p><img decoding=\"async\" class=\"alignright size-thumbnail wp-image-7236\" title=\"AK - takim\" src=\"http:\/\/www.fjala.info\/2012\/ak_takim1.jpg\" alt=\"\" width=\"300\" \/> <strong>TemA<\/strong>, <em>8 Gusht 2012<\/em><\/p>\n<p>Pas nj\u00eb serie krimesh t\u00eb r\u00ebnda n\u00eb vendin ton\u00eb, Aleanca KuqeZi ka treguar disa nga propozimet e saj p\u00ebr t\u00eb dal\u00eb nga kjo situat\u00eb gjat\u00eb nj\u00eb tryeze p\u00ebr t\u00eb drejtat e njeriut.<\/p>\n<p>Aleanca KuqeZi po nd\u00ebrmerr nj\u00eb s\u00ebr\u00eb kontaktesh, tryezash, analizash me ekspert\u00eb, profesionist\u00eb dhe p\u00ebrfaq\u00ebsues t\u00eb shoq\u00ebris\u00eb civile n\u00eb lidhje me forcimin e t\u00eb drejtave t\u00eb njeriut n\u00eb Shqip\u00ebri dhe mbrojtjen e lirive themelore.<\/p>\n<p>\u201cVrasjet, plagosjet dhe t\u00eb gjitha krimet kund\u00ebr jet\u00ebs s\u00eb njeriut n\u00ebp\u00ebr rrug\u00ebt e Shqip\u00ebris\u00eb jan\u00eb kthyer n\u00eb nj\u00eb rutin\u00eb t\u00eb p\u00ebrditshme p\u00ebr shoq\u00ebrin\u00eb shqiptare, e cila tashm\u00eb nuk po p\u00ebrballet me fenomene si vrasja, p\u00ebrdhunimi, grabitja dhe keqtrajtimi, por prej koh\u00ebsh qytetar\u00ebt e k\u00ebtij vendi po p\u00ebrballen me brutalitetin e krimineleve, t\u00eb cil\u00ebt po presin koka, cop\u00ebtojn\u00eb trupa dhe makabratitete hollivudian\u00eb t\u00eb k\u00ebtij lloji,\u201d thuhet n\u00eb deklarat\u00ebn e AK.<\/p>\n<p>\u201cAleanca Kuq e Zi deklaron se \u00ebsht\u00eb fatkeq\u00ebsi komb\u00ebtare q\u00eb n\u00eb shtetin shqiptar e vetmja gj\u00eb pa vler\u00eb \u00ebsht\u00eb jeta e njeriut.<\/p>\n<p>Niveli i krimeve kund\u00ebr jet\u00ebs, n\u00eb t\u00eb cilat p\u00ebrfshihen vrasjet, tentative p\u00ebr vrasje, plagosjet, aksidentet etj \u00ebsht\u00eb nga m\u00eb t\u00eb lart\u00ebt n\u00eb rajonin, nivele t\u00eb arritura jo gjat\u00eb vitit t\u00eb fundit, por prej disa vitesh dhe shteti n\u00eb Shqip\u00ebri \u00ebsht\u00eb inekzistent n\u00eb gjetjen e nj\u00eb zgjidhjeje afatgjat\u00eb p\u00ebr k\u00ebt\u00eb problem jetik p\u00ebr shoq\u00ebrin\u00eb shqiptare. P\u00ebrpara se t\u00eb niste lufta n\u00eb Siri, Shqip\u00ebria e kishte numrin e vrasjeve m\u00eb t\u00eb lart\u00eb se Afganistani dhe m\u00eb t\u00eb lart\u00eb se Iraku n\u00eb raport kjo me numrin e popullsis\u00eb.<\/p>\n<p>Qeveria shqiptare dhe Ministria e Brendshme vazhdojn\u00eb t\u00eb fshehin statistikat p\u00ebr p\u00ebrqindjet dhe nivelin e kriminalitetit,\u201d vijon deklarata e AK.<\/p>\n<p>M\u00eb pas Aleanca KuqeZi deklaron se \u00e7far\u00eb parashikon ajo n\u00eb programin qeveris\u00ebs:<\/p>\n<p>1. Program komb\u00ebtar t\u00eb ve\u00e7ant\u00eb p\u00ebr \u00e7armatosjen e popullsis\u00eb dhe miratimin e nj\u00eb legjislacioni t\u00eb ve\u00e7ant\u00eb p\u00ebr p\u00ebrdorimin e arm\u00ebve t\u00eb zjarrit.<\/p>\n<p>2. Ndryshime radikale n\u00eb Kodin Penal dhe n\u00eb p\u00ebrgatitjen e politikave penale p\u00ebr t\u00eb hequr d\u00ebnimet alternative p\u00ebr krimin e vrasjes dhe p\u00ebr t\u00eb ashp\u00ebrsuar dhe unifikuar n\u00eb aplikimin e vet\u00ebm d\u00ebnimit me burgim t\u00eb p\u00ebrjetsh\u00ebm.<\/p>\n<p>3. Rihapjen e burgut t\u00eb Spa\u00e7it dhe Burrelit p\u00ebr t\u2019i transformuar ato nga burgje t\u00eb nd\u00ebshkimit politik n\u00eb burgje ku t\u00eb vuajn\u00eb p\u00ebrjet\u00eb vras\u00ebsit dhe ata q\u00eb kryejn\u00eb krime kund\u00ebr jet\u00ebs dhe q\u00eb kan\u00eb shkall\u00eb t\u00eb lart\u00eb rrezikshm\u00ebrie p\u00ebr shoq\u00ebrin\u00eb.<\/p>\n<p>4. Sekuestrimi i pasurive t\u00eb subjekteve vras\u00ebse dhe d\u00ebmshp\u00ebrblimi i familjeve t\u00eb viktimave q\u00eb kan\u00eb humbur t\u00eb af\u00ebrmin e tyre.<\/p>\n<p>5. E drejta e mbrojtjes p\u00ebr familjar\u00ebt e viktimave n\u00eb t\u00eb gjitha fazat e hetimit dhe gjykimit penal.<\/p>\n","protected":false},"excerpt":{"rendered":"<p>TemA, 8 Gusht 2012 Pas nj\u00eb serie krimesh t\u00eb r\u00ebnda n\u00eb vendin ton\u00eb, Aleanca KuqeZi ka treguar disa nga propozimet e saj p\u00ebr t\u00eb dal\u00eb nga kjo situat\u00eb gjat\u00eb nj\u00eb tryeze p\u00ebr t\u00eb drejtat e njeriut. Aleanca KuqeZi po nd\u00ebrmerr nj\u00eb s\u00ebr\u00eb kontaktesh, tryezash, analizash me ekspert\u00eb, profesionist\u00eb dhe p\u00ebrfaq\u00ebsues t\u00eb shoq\u00ebris\u00eb civile n\u00eb lidhje [&hellip;]<\/p>\n","protected":false},"author":1,"featured_media":0,"comment_status":"open","ping_status":"closed","sticky":false,"template":"","format":"standard","meta":{"footnotes":""},"categories":[2],"tags":[],"class_list":{"0":"post-12000","1":"post","2":"type-post","3":"status-publish","4":"format-standard","6":"category-artikuj"},"yoast_head":"<!-- This site is optimized with the Yoast SEO plugin v27.4 - https:\/\/yoast.com\/product\/yoast-seo-wordpress\/ -->\n<title>AK: D\u00ebnim p\u00ebrjet\u00eb p\u00ebr ata q\u00eb vrasin. T\u00eb rihapim burgun e Burrelit e Spa\u00e7it dhe t\u2019i d\u00ebrgojm\u00eb aty - FjALA e LIR\u00cb - Arkivi<\/title>\n<meta name=\"robots\" content=\"index, follow, max-snippet:-1, max-image-preview:large, max-video-preview:-1\" \/>\n<link rel=\"canonical\" href=\"https:\/\/fjala.info\/2009-2015\/ak-denim-perjete-per-ata-qe-vrasin-te-rihapim-burgun-e-burrelit-e-spacit-dhe-ti-dergojme-aty\/\" \/>\n<meta property=\"og:locale\" content=\"sq_AL\" \/>\n<meta property=\"og:type\" content=\"article\" \/>\n<meta property=\"og:title\" content=\"AK: D\u00ebnim p\u00ebrjet\u00eb p\u00ebr ata q\u00eb vrasin. T\u00eb rihapim burgun e Burrelit e Spa\u00e7it dhe t\u2019i d\u00ebrgojm\u00eb aty - FjALA e LIR\u00cb - Arkivi\" \/>\n<meta property=\"og:description\" content=\"TemA, 8 Gusht 2012 Pas nj\u00eb serie krimesh t\u00eb r\u00ebnda n\u00eb vendin ton\u00eb, Aleanca KuqeZi ka treguar disa nga propozimet e saj p\u00ebr t\u00eb dal\u00eb nga kjo situat\u00eb gjat\u00eb nj\u00eb tryeze p\u00ebr t\u00eb drejtat e njeriut. Aleanca KuqeZi po nd\u00ebrmerr nj\u00eb s\u00ebr\u00eb kontaktesh, tryezash, analizash me ekspert\u00eb, profesionist\u00eb dhe p\u00ebrfaq\u00ebsues t\u00eb shoq\u00ebris\u00eb civile n\u00eb lidhje [&hellip;]\" \/>\n<meta property=\"og:url\" content=\"https:\/\/fjala.info\/2009-2015\/ak-denim-perjete-per-ata-qe-vrasin-te-rihapim-burgun-e-burrelit-e-spacit-dhe-ti-dergojme-aty\/\" \/>\n<meta property=\"og:site_name\" content=\"FjALA e LIR\u00cb - Arkivi\" \/>\n<meta property=\"article:published_time\" content=\"2012-08-09T07:19:08+00:00\" \/>\n<meta property=\"og:image\" content=\"http:\/\/www.fjala.info\/2012\/ak_takim1.jpg\" \/>\n<meta name=\"author\" content=\"admin\" \/>\n<meta name=\"twitter:card\" content=\"summary_large_image\" \/>\n<meta name=\"twitter:label1\" content=\"Written by\" \/>\n\t<meta name=\"twitter:data1\" content=\"admin\" \/>\n\t<meta name=\"twitter:label2\" content=\"Est. reading time\" \/>\n\t<meta name=\"twitter:data2\" content=\"2 minutes\" \/>\n<script type=\"application\/ld+json\" class=\"yoast-schema-graph\">{\"@context\":\"https:\\\/\\\/schema.org\",\"@graph\":[{\"@type\":\"Article\",\"@id\":\"https:\\\/\\\/fjala.info\\\/2009-2015\\\/ak-denim-perjete-per-ata-qe-vrasin-te-rihapim-burgun-e-burrelit-e-spacit-dhe-ti-dergojme-aty\\\/#article\",\"isPartOf\":{\"@id\":\"https:\\\/\\\/fjala.info\\\/2009-2015\\\/ak-denim-perjete-per-ata-qe-vrasin-te-rihapim-burgun-e-burrelit-e-spacit-dhe-ti-dergojme-aty\\\/\"},\"author\":{\"name\":\"admin\",\"@id\":\"https:\\\/\\\/fjala.info\\\/2009-2015\\\/#\\\/schema\\\/person\\\/3aa1163ef05469c496fc94e77611ada2\"},\"headline\":\"AK: D\u00ebnim p\u00ebrjet\u00eb p\u00ebr ata q\u00eb vrasin. T\u00eb rihapim burgun e Burrelit e Spa\u00e7it dhe t\u2019i d\u00ebrgojm\u00eb aty\",\"datePublished\":\"2012-08-09T07:19:08+00:00\",\"mainEntityOfPage\":{\"@id\":\"https:\\\/\\\/fjala.info\\\/2009-2015\\\/ak-denim-perjete-per-ata-qe-vrasin-te-rihapim-burgun-e-burrelit-e-spacit-dhe-ti-dergojme-aty\\\/\"},\"wordCount\":509,\"commentCount\":0,\"publisher\":{\"@id\":\"https:\\\/\\\/fjala.info\\\/2009-2015\\\/#organization\"},\"image\":{\"@id\":\"https:\\\/\\\/fjala.info\\\/2009-2015\\\/ak-denim-perjete-per-ata-qe-vrasin-te-rihapim-burgun-e-burrelit-e-spacit-dhe-ti-dergojme-aty\\\/#primaryimage\"},\"thumbnailUrl\":\"http:\\\/\\\/www.fjala.info\\\/2012\\\/ak_takim1.jpg\",\"articleSection\":[\"Artikuj\"],\"inLanguage\":\"sq-AL\",\"potentialAction\":[{\"@type\":\"CommentAction\",\"name\":\"Comment\",\"target\":[\"https:\\\/\\\/fjala.info\\\/2009-2015\\\/ak-denim-perjete-per-ata-qe-vrasin-te-rihapim-burgun-e-burrelit-e-spacit-dhe-ti-dergojme-aty\\\/#respond\"]}]},{\"@type\":\"WebPage\",\"@id\":\"https:\\\/\\\/fjala.info\\\/2009-2015\\\/ak-denim-perjete-per-ata-qe-vrasin-te-rihapim-burgun-e-burrelit-e-spacit-dhe-ti-dergojme-aty\\\/\",\"url\":\"https:\\\/\\\/fjala.info\\\/2009-2015\\\/ak-denim-perjete-per-ata-qe-vrasin-te-rihapim-burgun-e-burrelit-e-spacit-dhe-ti-dergojme-aty\\\/\",\"name\":\"AK: D\u00ebnim p\u00ebrjet\u00eb p\u00ebr ata q\u00eb vrasin. T\u00eb rihapim burgun e Burrelit e Spa\u00e7it dhe t\u2019i d\u00ebrgojm\u00eb aty - FjALA e LIR\u00cb - Arkivi\",\"isPartOf\":{\"@id\":\"https:\\\/\\\/fjala.info\\\/2009-2015\\\/#website\"},\"primaryImageOfPage\":{\"@id\":\"https:\\\/\\\/fjala.info\\\/2009-2015\\\/ak-denim-perjete-per-ata-qe-vrasin-te-rihapim-burgun-e-burrelit-e-spacit-dhe-ti-dergojme-aty\\\/#primaryimage\"},\"image\":{\"@id\":\"https:\\\/\\\/fjala.info\\\/2009-2015\\\/ak-denim-perjete-per-ata-qe-vrasin-te-rihapim-burgun-e-burrelit-e-spacit-dhe-ti-dergojme-aty\\\/#primaryimage\"},\"thumbnailUrl\":\"http:\\\/\\\/www.fjala.info\\\/2012\\\/ak_takim1.jpg\",\"datePublished\":\"2012-08-09T07:19:08+00:00\",\"breadcrumb\":{\"@id\":\"https:\\\/\\\/fjala.info\\\/2009-2015\\\/ak-denim-perjete-per-ata-qe-vrasin-te-rihapim-burgun-e-burrelit-e-spacit-dhe-ti-dergojme-aty\\\/#breadcrumb\"},\"inLanguage\":\"sq-AL\",\"potentialAction\":[{\"@type\":\"ReadAction\",\"target\":[\"https:\\\/\\\/fjala.info\\\/2009-2015\\\/ak-denim-perjete-per-ata-qe-vrasin-te-rihapim-burgun-e-burrelit-e-spacit-dhe-ti-dergojme-aty\\\/\"]}]},{\"@type\":\"ImageObject\",\"inLanguage\":\"sq-AL\",\"@id\":\"https:\\\/\\\/fjala.info\\\/2009-2015\\\/ak-denim-perjete-per-ata-qe-vrasin-te-rihapim-burgun-e-burrelit-e-spacit-dhe-ti-dergojme-aty\\\/#primaryimage\",\"url\":\"http:\\\/\\\/www.fjala.info\\\/2012\\\/ak_takim1.jpg\",\"contentUrl\":\"http:\\\/\\\/www.fjala.info\\\/2012\\\/ak_takim1.jpg\"},{\"@type\":\"BreadcrumbList\",\"@id\":\"https:\\\/\\\/fjala.info\\\/2009-2015\\\/ak-denim-perjete-per-ata-qe-vrasin-te-rihapim-burgun-e-burrelit-e-spacit-dhe-ti-dergojme-aty\\\/#breadcrumb\",\"itemListElement\":[{\"@type\":\"ListItem\",\"position\":1,\"name\":\"Home\",\"item\":\"https:\\\/\\\/fjala.info\\\/2009-2015\\\/\"},{\"@type\":\"ListItem\",\"position\":2,\"name\":\"AK: D\u00ebnim p\u00ebrjet\u00eb p\u00ebr ata q\u00eb vrasin. T\u00eb rihapim burgun e Burrelit e Spa\u00e7it dhe t\u2019i d\u00ebrgojm\u00eb aty\"}]},{\"@type\":\"WebSite\",\"@id\":\"https:\\\/\\\/fjala.info\\\/2009-2015\\\/#website\",\"url\":\"https:\\\/\\\/fjala.info\\\/2009-2015\\\/\",\"name\":\"FjALA e LIR\u00cb - Arkivi\",\"description\":\"Arkivi 2009-2015\",\"publisher\":{\"@id\":\"https:\\\/\\\/fjala.info\\\/2009-2015\\\/#organization\"},\"potentialAction\":[{\"@type\":\"SearchAction\",\"target\":{\"@type\":\"EntryPoint\",\"urlTemplate\":\"https:\\\/\\\/fjala.info\\\/2009-2015\\\/?s={search_term_string}\"},\"query-input\":{\"@type\":\"PropertyValueSpecification\",\"valueRequired\":true,\"valueName\":\"search_term_string\"}}],\"inLanguage\":\"sq-AL\"},{\"@type\":\"Organization\",\"@id\":\"https:\\\/\\\/fjala.info\\\/2009-2015\\\/#organization\",\"name\":\"FjALA e LIR\u00cb - Arkivi\",\"url\":\"https:\\\/\\\/fjala.info\\\/2009-2015\\\/\",\"logo\":{\"@type\":\"ImageObject\",\"inLanguage\":\"sq-AL\",\"@id\":\"https:\\\/\\\/fjala.info\\\/2009-2015\\\/#\\\/schema\\\/logo\\\/image\\\/\",\"url\":\"\",\"contentUrl\":\"\",\"caption\":\"FjALA e LIR\u00cb - Arkivi\"},\"image\":{\"@id\":\"https:\\\/\\\/fjala.info\\\/2009-2015\\\/#\\\/schema\\\/logo\\\/image\\\/\"}},{\"@type\":\"Person\",\"@id\":\"https:\\\/\\\/fjala.info\\\/2009-2015\\\/#\\\/schema\\\/person\\\/3aa1163ef05469c496fc94e77611ada2\",\"name\":\"admin\",\"image\":{\"@type\":\"ImageObject\",\"inLanguage\":\"sq-AL\",\"@id\":\"https:\\\/\\\/fjala.info\\\/2009-2015\\\/wp-content\\\/uploads\\\/2012\\\/02\\\/arben_cokaj-120x150.jpg\",\"url\":\"https:\\\/\\\/fjala.info\\\/2009-2015\\\/wp-content\\\/uploads\\\/2012\\\/02\\\/arben_cokaj-120x150.jpg\",\"contentUrl\":\"https:\\\/\\\/fjala.info\\\/2009-2015\\\/wp-content\\\/uploads\\\/2012\\\/02\\\/arben_cokaj-120x150.jpg\",\"caption\":\"admin\"},\"description\":\"Admin, Fjala e Lir\u00eb\",\"sameAs\":[\"https:\\\/\\\/fjala.info\\\/\"],\"url\":\"https:\\\/\\\/fjala.info\\\/2009-2015\\\/author\\\/admin\\\/\"}]}<\/script>\n<!-- \/ Yoast SEO plugin. -->","yoast_head_json":{"title":"AK: D\u00ebnim p\u00ebrjet\u00eb p\u00ebr ata q\u00eb vrasin. T\u00eb rihapim burgun e Burrelit e Spa\u00e7it dhe t\u2019i d\u00ebrgojm\u00eb aty - FjALA e LIR\u00cb - Arkivi","robots":{"index":"index","follow":"follow","max-snippet":"max-snippet:-1","max-image-preview":"max-image-preview:large","max-video-preview":"max-video-preview:-1"},"canonical":"https:\/\/fjala.info\/2009-2015\/ak-denim-perjete-per-ata-qe-vrasin-te-rihapim-burgun-e-burrelit-e-spacit-dhe-ti-dergojme-aty\/","og_locale":"sq_AL","og_type":"article","og_title":"AK: D\u00ebnim p\u00ebrjet\u00eb p\u00ebr ata q\u00eb vrasin. T\u00eb rihapim burgun e Burrelit e Spa\u00e7it dhe t\u2019i d\u00ebrgojm\u00eb aty - FjALA e LIR\u00cb - Arkivi","og_description":"TemA, 8 Gusht 2012 Pas nj\u00eb serie krimesh t\u00eb r\u00ebnda n\u00eb vendin ton\u00eb, Aleanca KuqeZi ka treguar disa nga propozimet e saj p\u00ebr t\u00eb dal\u00eb nga kjo situat\u00eb gjat\u00eb nj\u00eb tryeze p\u00ebr t\u00eb drejtat e njeriut. Aleanca KuqeZi po nd\u00ebrmerr nj\u00eb s\u00ebr\u00eb kontaktesh, tryezash, analizash me ekspert\u00eb, profesionist\u00eb dhe p\u00ebrfaq\u00ebsues t\u00eb shoq\u00ebris\u00eb civile n\u00eb lidhje [&hellip;]","og_url":"https:\/\/fjala.info\/2009-2015\/ak-denim-perjete-per-ata-qe-vrasin-te-rihapim-burgun-e-burrelit-e-spacit-dhe-ti-dergojme-aty\/","og_site_name":"FjALA e LIR\u00cb - Arkivi","article_published_time":"2012-08-09T07:19:08+00:00","og_image":[{"url":"http:\/\/www.fjala.info\/2012\/ak_takim1.jpg","type":"","width":"","height":""}],"author":"admin","twitter_card":"summary_large_image","twitter_misc":{"Written by":"admin","Est. reading time":"2 minutes"},"schema":{"@context":"https:\/\/schema.org","@graph":[{"@type":"Article","@id":"https:\/\/fjala.info\/2009-2015\/ak-denim-perjete-per-ata-qe-vrasin-te-rihapim-burgun-e-burrelit-e-spacit-dhe-ti-dergojme-aty\/#article","isPartOf":{"@id":"https:\/\/fjala.info\/2009-2015\/ak-denim-perjete-per-ata-qe-vrasin-te-rihapim-burgun-e-burrelit-e-spacit-dhe-ti-dergojme-aty\/"},"author":{"name":"admin","@id":"https:\/\/fjala.info\/2009-2015\/#\/schema\/person\/3aa1163ef05469c496fc94e77611ada2"},"headline":"AK: D\u00ebnim p\u00ebrjet\u00eb p\u00ebr ata q\u00eb vrasin. T\u00eb rihapim burgun e Burrelit e Spa\u00e7it dhe t\u2019i d\u00ebrgojm\u00eb aty","datePublished":"2012-08-09T07:19:08+00:00","mainEntityOfPage":{"@id":"https:\/\/fjala.info\/2009-2015\/ak-denim-perjete-per-ata-qe-vrasin-te-rihapim-burgun-e-burrelit-e-spacit-dhe-ti-dergojme-aty\/"},"wordCount":509,"commentCount":0,"publisher":{"@id":"https:\/\/fjala.info\/2009-2015\/#organization"},"image":{"@id":"https:\/\/fjala.info\/2009-2015\/ak-denim-perjete-per-ata-qe-vrasin-te-rihapim-burgun-e-burrelit-e-spacit-dhe-ti-dergojme-aty\/#primaryimage"},"thumbnailUrl":"http:\/\/www.fjala.info\/2012\/ak_takim1.jpg","articleSection":["Artikuj"],"inLanguage":"sq-AL","potentialAction":[{"@type":"CommentAction","name":"Comment","target":["https:\/\/fjala.info\/2009-2015\/ak-denim-perjete-per-ata-qe-vrasin-te-rihapim-burgun-e-burrelit-e-spacit-dhe-ti-dergojme-aty\/#respond"]}]},{"@type":"WebPage","@id":"https:\/\/fjala.info\/2009-2015\/ak-denim-perjete-per-ata-qe-vrasin-te-rihapim-burgun-e-burrelit-e-spacit-dhe-ti-dergojme-aty\/","url":"https:\/\/fjala.info\/2009-2015\/ak-denim-perjete-per-ata-qe-vrasin-te-rihapim-burgun-e-burrelit-e-spacit-dhe-ti-dergojme-aty\/","name":"AK: D\u00ebnim p\u00ebrjet\u00eb p\u00ebr ata q\u00eb vrasin. T\u00eb rihapim burgun e Burrelit e Spa\u00e7it dhe t\u2019i d\u00ebrgojm\u00eb aty - FjALA e LIR\u00cb - Arkivi","isPartOf":{"@id":"https:\/\/fjala.info\/2009-2015\/#website"},"primaryImageOfPage":{"@id":"https:\/\/fjala.info\/2009-2015\/ak-denim-perjete-per-ata-qe-vrasin-te-rihapim-burgun-e-burrelit-e-spacit-dhe-ti-dergojme-aty\/#primaryimage"},"image":{"@id":"https:\/\/fjala.info\/2009-2015\/ak-denim-perjete-per-ata-qe-vrasin-te-rihapim-burgun-e-burrelit-e-spacit-dhe-ti-dergojme-aty\/#primaryimage"},"thumbnailUrl":"http:\/\/www.fjala.info\/2012\/ak_takim1.jpg","datePublished":"2012-08-09T07:19:08+00:00","breadcrumb":{"@id":"https:\/\/fjala.info\/2009-2015\/ak-denim-perjete-per-ata-qe-vrasin-te-rihapim-burgun-e-burrelit-e-spacit-dhe-ti-dergojme-aty\/#breadcrumb"},"inLanguage":"sq-AL","potentialAction":[{"@type":"ReadAction","target":["https:\/\/fjala.info\/2009-2015\/ak-denim-perjete-per-ata-qe-vrasin-te-rihapim-burgun-e-burrelit-e-spacit-dhe-ti-dergojme-aty\/"]}]},{"@type":"ImageObject","inLanguage":"sq-AL","@id":"https:\/\/fjala.info\/2009-2015\/ak-denim-perjete-per-ata-qe-vrasin-te-rihapim-burgun-e-burrelit-e-spacit-dhe-ti-dergojme-aty\/#primaryimage","url":"http:\/\/www.fjala.info\/2012\/ak_takim1.jpg","contentUrl":"http:\/\/www.fjala.info\/2012\/ak_takim1.jpg"},{"@type":"BreadcrumbList","@id":"https:\/\/fjala.info\/2009-2015\/ak-denim-perjete-per-ata-qe-vrasin-te-rihapim-burgun-e-burrelit-e-spacit-dhe-ti-dergojme-aty\/#breadcrumb","itemListElement":[{"@type":"ListItem","position":1,"name":"Home","item":"https:\/\/fjala.info\/2009-2015\/"},{"@type":"ListItem","position":2,"name":"AK: D\u00ebnim p\u00ebrjet\u00eb p\u00ebr ata q\u00eb vrasin. T\u00eb rihapim burgun e Burrelit e Spa\u00e7it dhe t\u2019i d\u00ebrgojm\u00eb aty"}]},{"@type":"WebSite","@id":"https:\/\/fjala.info\/2009-2015\/#website","url":"https:\/\/fjala.info\/2009-2015\/","name":"FjALA e LIR\u00cb - Arkivi","description":"Arkivi 2009-2015","publisher":{"@id":"https:\/\/fjala.info\/2009-2015\/#organization"},"potentialAction":[{"@type":"SearchAction","target":{"@type":"EntryPoint","urlTemplate":"https:\/\/fjala.info\/2009-2015\/?s={search_term_string}"},"query-input":{"@type":"PropertyValueSpecification","valueRequired":true,"valueName":"search_term_string"}}],"inLanguage":"sq-AL"},{"@type":"Organization","@id":"https:\/\/fjala.info\/2009-2015\/#organization","name":"FjALA e LIR\u00cb - Arkivi","url":"https:\/\/fjala.info\/2009-2015\/","logo":{"@type":"ImageObject","inLanguage":"sq-AL","@id":"https:\/\/fjala.info\/2009-2015\/#\/schema\/logo\/image\/","url":"","contentUrl":"","caption":"FjALA e LIR\u00cb - Arkivi"},"image":{"@id":"https:\/\/fjala.info\/2009-2015\/#\/schema\/logo\/image\/"}},{"@type":"Person","@id":"https:\/\/fjala.info\/2009-2015\/#\/schema\/person\/3aa1163ef05469c496fc94e77611ada2","name":"admin","image":{"@type":"ImageObject","inLanguage":"sq-AL","@id":"https:\/\/fjala.info\/2009-2015\/wp-content\/uploads\/2012\/02\/arben_cokaj-120x150.jpg","url":"https:\/\/fjala.info\/2009-2015\/wp-content\/uploads\/2012\/02\/arben_cokaj-120x150.jpg","contentUrl":"https:\/\/fjala.info\/2009-2015\/wp-content\/uploads\/2012\/02\/arben_cokaj-120x150.jpg","caption":"admin"},"description":"Admin, Fjala e Lir\u00eb","sameAs":["https:\/\/fjala.info\/"],"url":"https:\/\/fjala.info\/2009-2015\/author\/admin\/"}]}},"_links":{"self":[{"href":"https:\/\/fjala.info\/2009-2015\/wp-json\/wp\/v2\/posts\/12000","targetHints":{"allow":["GET"]}}],"collection":[{"href":"https:\/\/fjala.info\/2009-2015\/wp-json\/wp\/v2\/posts"}],"about":[{"href":"https:\/\/fjala.info\/2009-2015\/wp-json\/wp\/v2\/types\/post"}],"author":[{"embeddable":true,"href":"https:\/\/fjala.info\/2009-2015\/wp-json\/wp\/v2\/users\/1"}],"replies":[{"embeddable":true,"href":"https:\/\/fjala.info\/2009-2015\/wp-json\/wp\/v2\/comments?post=12000"}],"version-history":[{"count":0,"href":"https:\/\/fjala.info\/2009-2015\/wp-json\/wp\/v2\/posts\/12000\/revisions"}],"wp:attachment":[{"href":"https:\/\/fjala.info\/2009-2015\/wp-json\/wp\/v2\/media?parent=12000"}],"wp:term":[{"taxonomy":"category","embeddable":true,"href":"https:\/\/fjala.info\/2009-2015\/wp-json\/wp\/v2\/categories?post=12000"},{"taxonomy":"post_tag","embeddable":true,"href":"https:\/\/fjala.info\/2009-2015\/wp-json\/wp\/v2\/tags?post=12000"}],"curies":[{"name":"wp","href":"https:\/\/api.w.org\/{rel}","templated":true}]}}