{"id":120,"date":"2011-11-11T23:29:42","date_gmt":"2011-11-11T22:29:42","guid":{"rendered":"http:\/\/fjala.shkoder.net\/?p=120"},"modified":"2011-11-11T23:29:42","modified_gmt":"2011-11-11T22:29:42","slug":"cdo-te-thote-te-shkruash-sot-opinione-te-balancuara","status":"publish","type":"post","link":"https:\/\/fjala.info\/2009-2015\/cdo-te-thote-te-shkruash-sot-opinione-te-balancuara\/","title":{"rendered":"\u00c7\u2019do t\u00eb thot\u00eb t\u00eb shkruash sot opinione t\u00eb balancuara?"},"content":{"rendered":"<p><img decoding=\"async\" class=\"alignleft size-thumbnail wp-image-7236\" title=\"Mustafa Nano\" src=\"http:\/\/www.shkoder.net\/images\/fjala\/mustafa_nano.jpg\" alt=\"\" width=\"150\" \/> <strong>Mustafa Nano<\/strong>, <em>11.11.2011<\/em><\/p>\n<p>N\u00eb vijim t\u00eb nj\u00eb opinioni t\u00eb shprehur nga ana ime mbi 100 dit\u00ebt e Lulzim Bash\u00ebs n\u00eb krye t\u00eb Bashkis\u00eb, me an\u00eb t\u00eb t\u00eb cilit nuk pajtohesha fare me pompat propagandistike q\u00eb rreken t\u00eb na mbushin mendjen se jan\u00eb b\u00ebr\u00eb pun\u00eb t\u00eb m\u00ebdha, m\u00eb erdhi nj\u00eb koment nga nj\u00eb lexues q\u00eb thot\u00eb: \u201cNdihet qart\u00eb nj\u00eb far\u00eb urrejtje e m\u00ebrie e pajustifikueshme ndaj Lulzim Bash\u00ebs, i cili, sipas mendimit tim, duke par\u00eb fushat\u00ebn e zgjedhjeve e pun\u00ebn e deritanishme, meriton t\u00eb jet\u00eb shembull p\u00ebr t\u00eb gjith\u00eb politik\u00ebn shqiptare\u201d. E gjat\u00eb komentit q\u00eb ish m\u00eb i gjat\u00eb se kaq, dukej se donte t\u00eb m\u00eb thosh se po t\u00eb isha pak m\u00eb i balancuar, do t\u00eb p\u00eblqehesha nga m\u00eb shum\u00eb lexues (komentin e lexuesit mund ta shihni online n\u00eb linkun http:\/\/www.respublica.al\/artikuj\/2011\/11\/9\/nga-napoleon-bonaparti-tek-lulzim-basha).<\/p>\n<p>Lexuesi n\u00eb fjal\u00eb ka hapur shum\u00eb tema me k\u00ebt\u00eb koment, por un\u00eb po p\u00ebrpiqem t\u00eb them di\u00e7ka lidhur me k\u00ebt\u00eb pun\u00ebn e opinionistit t\u00eb balancuar. Nuk \u00ebsht\u00eb se kam mendim t\u00eb mir\u00eb p\u00ebr opinionet e balancuara, kur k\u00ebto t\u00eb fundit stisen q\u00ebllimisht si t\u00eb tilla. Mendoj se n\u00eb rastin e opinioneve t\u00eb balancuara autori e ka mendjen, jo t\u00eb thot\u00eb t\u00eb v\u00ebrtetat e veta, por ta mbaj\u00eb mir\u00eb me pal\u00ebt; ose n\u00eb rastin m\u00eb t\u00eb mir\u00eb, ta mbaj\u00eb mir\u00eb me at\u00eb pjes\u00eb t\u00eb lexuesve a t\u00eb opinionit publik (t\u00eb vler\u00ebsuar apriori si pjesa m\u00eb e gdhendur), t\u00eb cil\u00ebt p\u00eblqejn\u00eb tonet prore t\u00eb shtruara dhe qasjen se s\u2019b\u00ebn konstruktive. Dhe n\u00eb k\u00ebt\u00eb mes nuk \u00ebsht\u00eb problemi vet\u00ebm tek e v\u00ebrteta q\u00eb b\u00ebhet kurban i hesapeve apo vanitetit t\u00eb nj\u00ebrit apo tjetrit, por edhe tek rruga q\u00eb u hapet politikan\u00ebve me mendje t\u00eb mbrapsht\u00eb. Nuk ka aleat m\u00eb t\u00eb mir\u00eb p\u00ebr k\u00ebta t\u00eb fundit se sa tonet e qeta, edukata, stili, klasi, dhe \u2013 t\u00eb mos i ikim argumentit \u2013 hap\u00ebrdamja e balancuar e kritik\u00ebve t\u00eb tyre. Me kritik\u00eb t\u00eb till\u00eb, nj\u00ebmij\u00eb vjet mund t\u00eb rrin\u00eb n\u00eb pushtet duke b\u00ebr\u00eb \u00e7\u2019ua ka \u00ebnda.<\/p>\n<p>P\u00ebrve\u00e7 k\u00ebsaj, kam frik\u00eb se nj\u00eb opinion i balancuar \u00ebsht\u00eb r\u00ebndom si nj\u00eb raport i m\u00ebrzitsh\u00ebm (i kini parasysh ato raportet e Brukselit, t\u00eb OSBE-s\u00eb t\u00eb ODIHR-it etj., q\u00eb nuk l\u00ebn\u00eb gj\u00eb pa th\u00ebn\u00eb e q\u00eb problemin e kan\u00eb se nuk thon\u00eb asgj\u00eb?), e \u00ebsht\u00eb ndoshta edhe p\u00ebr k\u00ebt\u00eb arsye q\u00eb nuk parap\u00eblqej t\u2019i shkruaj e t\u2019i lexoj opinione t\u00eb tilla. Un\u00eb dua t\u00eb jem objektiv, dhe n\u00ebse ka rrethana kur t\u00eb qenit objektiv e t\u00eb qenit i balancuar puqen, at\u00ebher\u00eb le t\u00eb jem dhe i balancuar. E v\u00ebrteta \u00ebsht\u00eb pra, se ka q\u00eblluar t\u00eb jem dhe i balancuar, por pa e k\u00ebrkuar k\u00ebt\u00eb gj\u00eb e pa e pasur si motivim apo pik\u00ebmb\u00ebrritje. Ka plot t\u00eb tjer\u00eb q\u00eb e kan\u00eb motivim e q\u00ebllim t\u00eb qenit n\u00eb ekuilib\u00ebr, t\u00eb qenit t\u00eb baraslarguar midis pal\u00ebve, por nj\u00eb q\u00ebllim i till\u00eb, sipas meje, i heq nj\u00eb opinioni forc\u00ebn propozitive dhe kritike. Ah, po, mund ta ken\u00eb k\u00ebt\u00eb forc\u00eb n\u00eb rastin kur balancimi nuk \u00ebsht\u00eb i llojit \u201cledhato majtas, ledhato djathtas\u201d, por \u00ebsht\u00eb i llojit \u201cdenonco majtas, denonco djathtas\u201d. Ka momente q\u00eb edhe vet\u00eb e b\u00ebj k\u00ebt\u00eb gj\u00eb, por them se edhe k\u00ebtij lloj ekuilibri i duhen dh\u00ebn\u00eb munx\u00ebt, kur \u00ebsht\u00eb q\u00ebllim n\u00eb vetvete. I duhen dh\u00ebn\u00eb munx\u00ebt, ngaq\u00eb nuk ka t\u00eb b\u00ebj\u00eb me objektivitetin, i cili duhet me qen\u00eb busulla orientuese e njer\u00ebzve q\u00eb japin opinione p\u00ebr publikun.<\/p>\n<p>Do doja pra, q\u00eb opinionet e mija t\u00eb vler\u00ebsohen, jo mbi baz\u00ebn e paanshm\u00ebris\u00eb, por mbi baz\u00ebn e pavar\u00ebsis\u00eb e objektivitetit t\u00eb gjykimit. A jam un\u00eb gjithnj\u00eb objektiv? E di, \u00ebsht\u00eb e pamundur t\u00eb jesh gjithnj\u00eb e plot\u00ebsisht. Nuk t\u00eb l\u00ebn\u00eb emocionet, lidhjet, miq\u00ebsit\u00eb, besimet, kredot, madje dhe limitet n\u00eb l\u00ebmin e dijes etj., t\u00eb jesh objektiv 100% e objektiv n\u00eb \u00e7do rrethan\u00eb; ndonj\u00ebher\u00eb edhe nuk kuptohet mir\u00eb se \u00e7far\u00eb \u00ebsht\u00eb objektive. Por un\u00eb p\u00ebrpiqem; p\u00ebrpiqem ta kuptoj se \u00e7\u2019\u00ebsht\u00eb objektive e p\u00ebrpiqem t\u00eb jem objektiv. Fjala vjen, kam qen\u00eb nga t\u00eb par\u00ebt n\u00eb Tiran\u00eb (pas atyre q\u00eb kan\u00eb qen\u00eb n\u00eb stafin elektoral t\u00eb tij, kuptohet) q\u00eb kam n\u00ebnvizuar faktin se Lulzim Basha b\u00ebri nj\u00eb fushat\u00eb elektorale shum\u00eb t\u00eb mir\u00eb, shum\u00eb m\u00eb t\u00eb mir\u00eb se sa ajo e Ram\u00ebs, dhe solli nj\u00eb risi n\u00eb stilin e fushat\u00ebs. Nuk u mor me kund\u00ebrshtarin dhe u mor me shpjegimin e atij programi q\u00eb kish. Po k\u00ebshtu, jam shprehur pozitivisht p\u00ebr t\u00eb n\u00eb nj\u00eb num\u00ebr situatash t\u00eb tjera, n\u00eb t\u00eb cilat s\u2019e kam pasur hi\u00e7 t\u00eb v\u00ebshtir\u00eb t\u00eb ve\u00e7oj o nj\u00eb sjellje t\u00eb mir\u00eb t\u00eb tij, o nj\u00eb performanc\u00eb t\u00eb lavd\u00ebrueshme t\u00eb tij, o nj\u00eb arritje t\u00eb tij, e k\u00ebshtu me radh\u00eb.<\/p>\n<p>Mir\u00ebpo, ka koh\u00eb q\u00eb nuk \u00ebsht\u00eb e leht\u00eb p\u00ebr mua t\u00eb them ndonj\u00eb fjal\u00eb t\u00eb mir\u00eb p\u00ebr Lulzim Bash\u00ebn, edhe kur ky i fundit mund t\u00eb m\u00eb shfaqet si gentleman, i fis\u00ebm, i zoti, apo ku e di un\u00eb se \u00e7far\u00eb. Qysh nga 21 janari \u00ebsht\u00eb kjo pun\u00eb. Lulzim Bash\u00ebn e konsideroj p\u00ebrgjegj\u00ebs p\u00ebr at\u00eb q\u00eb ndodhi n\u00eb k\u00ebt\u00eb dat\u00eb, p\u00ebr vdekjen pra, t\u00eb kat\u00ebr qytetar\u00ebve t\u00eb pafajsh\u00ebm, t\u00eb parreziksh\u00ebm e t\u00eb paarmatosur mu tek dera e kryeministrit, kund\u00ebr t\u00eb cilit kishin dal\u00eb p\u00ebr t\u00eb protestuar si opozitar\u00eb. Lulzim Basha, o ka urdh\u00ebruar q\u00eb t\u00eb q\u00ebllohet mbi ata demonstrues, ose di gjith\u00e7ka dhe hesht. Dhe ju lutem, mos m\u00eb thoni q\u00eb \u201ciku tani ajo, t\u00eb shkuara t\u00eb harruara, l\u00ebre tani at\u00eb pun\u00eb, nuk ka kuptim t\u2019i kthehesh asaj historie, \u00ebsht\u00eb nj\u00eb plag\u00eb q\u00eb s\u2019duhet hapur etj., etj\u201d. Ajo ngjarje p\u00ebr mua s\u2019ik\u00ebn kurr\u00eb. 21 janari p\u00ebr mua \u00ebsht\u00eb nj\u00eb vij\u00eb demarkacioni, e cila nuk \u00ebsht\u00eb se ndan t\u00eb majt\u00ebt nga t\u00eb djatht\u00ebt, apo berishian\u00ebt nga ediramist\u00ebt, apo grupe t\u00eb k\u00ebsaj natyre. Jo, ajo ndan barbarin\u00eb nga moderniteti. Kush nuk pati fuqi t\u00eb shock-ohej at\u00eb dit\u00eb, kush nuk tha nj\u00eb fjal\u00eb pas asaj q\u00eb i pan\u00eb syt\u00eb (e i pla\u00e7in q\u00eb t\u00eb dy, n\u00ebse s\u2019ka par\u00eb gj\u00eb), e m\u00eb pas, kund\u00ebr m\u00ebnyr\u00ebs se si tentuan t\u00eb na hidhnin hi syve (ju kujtohet? Thika me helm, stilolapsa pistolet\u00eb, \u00e7adra kobure etj), \u00ebsht\u00eb b\u00ebr\u00eb tok me ata q\u00eb q\u00eblluan. Dhe po kaq t\u00eb rreshtuar n\u00eb favor t\u00eb vras\u00ebsve kan\u00eb qen\u00eb dhe ca birbo q\u00eb shkruajn\u00eb opinione medemek t\u00eb balancuara, t\u00eb cil\u00ebt kan\u00eb n\u00ebnvizuar n\u00eb vijim\u00ebsi: kan\u00eb faj ata q\u00eb kan\u00eb sht\u00ebn\u00eb apo kan\u00eb urdh\u00ebruar t\u00eb shtihet, por ka faj dhe ai q\u00eb i \u00e7oi atje \u201cn\u00eb at\u00eb thertore\u201d.<\/p>\n<p>Dhe k\u00ebtu dola prap\u00eb (q\u00ebllimisht) tek opinionet e balancuara. Data 21 janar, edhe e vetme, \u00ebsht\u00eb dat\u00eb q\u00eb mjafton p\u00ebr t\u2019m\u00eb ndar\u00eb nj\u00ebher\u00eb e mir\u00eb, apo p\u00ebr t\u2019m\u00eb b\u00ebr\u00eb tok, me njer\u00ebzit. Un\u00eb p\u00ebrs\u00ebris se nuk e harroj at\u00eb dat\u00eb, dhe kjo m\u00eb b\u00ebn t\u00eb mos harroj q\u00eb jemi p\u00ebrball\u00eb nj\u00eb regjimi q\u00eb s\u2019e ka p\u00ebr gj\u00eb edhe t\u00eb vras\u00eb p\u00ebr t\u00eb mbajtur pushtetin. E n\u00eb k\u00ebto rrethana, n\u00ebse ka nj\u00eb gj\u00eb pa kuptim, shpeshher\u00eb dhe t\u00eb posht\u00ebr, \u00ebsht\u00eb t\u00eb b\u00ebsh apo t\u00eb k\u00ebrkosh opinione t\u00eb balancuara. Sepse b\u00ebhet nj\u00eb pyetje: Si \u00ebsht\u00eb e mundur q\u00eb t\u00eb shock-on nj\u00eb opinion i pabalancuar n\u00eb gazet\u00eb, dhe nuk t\u00eb ka shock-uar ngjarja e 21 janarit, ku u vran\u00eb si dele (si ajo delja q\u00eb Lul-jot\u00ebt ther\u00ebn mu te dera e bashkis\u00eb) kat\u00ebr njer\u00ebz?<\/p>\n","protected":false},"excerpt":{"rendered":"<p>Mustafa Nano, 11.11.2011 N\u00eb vijim t\u00eb nj\u00eb opinioni t\u00eb shprehur nga ana ime mbi 100 dit\u00ebt e Lulzim Bash\u00ebs n\u00eb krye t\u00eb Bashkis\u00eb, me an\u00eb t\u00eb t\u00eb cilit nuk pajtohesha fare me pompat propagandistike q\u00eb rreken t\u00eb na mbushin mendjen se jan\u00eb b\u00ebr\u00eb pun\u00eb t\u00eb m\u00ebdha, m\u00eb erdhi nj\u00eb koment nga nj\u00eb lexues q\u00eb thot\u00eb: [&hellip;]<\/p>\n","protected":false},"author":1,"featured_media":0,"comment_status":"open","ping_status":"closed","sticky":false,"template":"","format":"standard","meta":{"footnotes":""},"categories":[2],"tags":[],"class_list":{"0":"post-120","1":"post","2":"type-post","3":"status-publish","4":"format-standard","6":"category-artikuj"},"yoast_head":"<!-- This site is optimized with the Yoast SEO plugin v27.4 - https:\/\/yoast.com\/product\/yoast-seo-wordpress\/ -->\n<title>\u00c7\u2019do t\u00eb thot\u00eb t\u00eb shkruash sot opinione t\u00eb balancuara? - FjALA e LIR\u00cb - Arkivi<\/title>\n<meta name=\"robots\" content=\"index, follow, max-snippet:-1, max-image-preview:large, max-video-preview:-1\" \/>\n<link rel=\"canonical\" href=\"https:\/\/fjala.info\/2009-2015\/cdo-te-thote-te-shkruash-sot-opinione-te-balancuara\/\" \/>\n<meta property=\"og:locale\" content=\"sq_AL\" \/>\n<meta property=\"og:type\" content=\"article\" \/>\n<meta property=\"og:title\" content=\"\u00c7\u2019do t\u00eb thot\u00eb t\u00eb shkruash sot opinione t\u00eb balancuara? - FjALA e LIR\u00cb - Arkivi\" \/>\n<meta property=\"og:description\" content=\"Mustafa Nano, 11.11.2011 N\u00eb vijim t\u00eb nj\u00eb opinioni t\u00eb shprehur nga ana ime mbi 100 dit\u00ebt e Lulzim Bash\u00ebs n\u00eb krye t\u00eb Bashkis\u00eb, me an\u00eb t\u00eb t\u00eb cilit nuk pajtohesha fare me pompat propagandistike q\u00eb rreken t\u00eb na mbushin mendjen se jan\u00eb b\u00ebr\u00eb pun\u00eb t\u00eb m\u00ebdha, m\u00eb erdhi nj\u00eb koment nga nj\u00eb lexues q\u00eb thot\u00eb: [&hellip;]\" \/>\n<meta property=\"og:url\" content=\"https:\/\/fjala.info\/2009-2015\/cdo-te-thote-te-shkruash-sot-opinione-te-balancuara\/\" \/>\n<meta property=\"og:site_name\" content=\"FjALA e LIR\u00cb - Arkivi\" \/>\n<meta property=\"article:published_time\" content=\"2011-11-11T22:29:42+00:00\" \/>\n<meta property=\"og:image\" content=\"http:\/\/www.shkoder.net\/images\/fjala\/mustafa_nano.jpg\" \/>\n<meta name=\"author\" content=\"admin\" \/>\n<meta name=\"twitter:card\" content=\"summary_large_image\" \/>\n<meta name=\"twitter:label1\" content=\"Written by\" \/>\n\t<meta name=\"twitter:data1\" content=\"admin\" \/>\n\t<meta name=\"twitter:label2\" content=\"Est. reading time\" \/>\n\t<meta name=\"twitter:data2\" content=\"7 minutes\" \/>\n<script type=\"application\/ld+json\" class=\"yoast-schema-graph\">{\"@context\":\"https:\\\/\\\/schema.org\",\"@graph\":[{\"@type\":\"Article\",\"@id\":\"https:\\\/\\\/fjala.info\\\/2009-2015\\\/cdo-te-thote-te-shkruash-sot-opinione-te-balancuara\\\/#article\",\"isPartOf\":{\"@id\":\"https:\\\/\\\/fjala.info\\\/2009-2015\\\/cdo-te-thote-te-shkruash-sot-opinione-te-balancuara\\\/\"},\"author\":{\"name\":\"admin\",\"@id\":\"https:\\\/\\\/fjala.info\\\/2009-2015\\\/#\\\/schema\\\/person\\\/3aa1163ef05469c496fc94e77611ada2\"},\"headline\":\"\u00c7\u2019do t\u00eb thot\u00eb t\u00eb shkruash sot opinione t\u00eb balancuara?\",\"datePublished\":\"2011-11-11T22:29:42+00:00\",\"mainEntityOfPage\":{\"@id\":\"https:\\\/\\\/fjala.info\\\/2009-2015\\\/cdo-te-thote-te-shkruash-sot-opinione-te-balancuara\\\/\"},\"wordCount\":1341,\"commentCount\":1,\"publisher\":{\"@id\":\"https:\\\/\\\/fjala.info\\\/2009-2015\\\/#organization\"},\"image\":{\"@id\":\"https:\\\/\\\/fjala.info\\\/2009-2015\\\/cdo-te-thote-te-shkruash-sot-opinione-te-balancuara\\\/#primaryimage\"},\"thumbnailUrl\":\"http:\\\/\\\/www.shkoder.net\\\/images\\\/fjala\\\/mustafa_nano.jpg\",\"articleSection\":[\"Artikuj\"],\"inLanguage\":\"sq-AL\",\"potentialAction\":[{\"@type\":\"CommentAction\",\"name\":\"Comment\",\"target\":[\"https:\\\/\\\/fjala.info\\\/2009-2015\\\/cdo-te-thote-te-shkruash-sot-opinione-te-balancuara\\\/#respond\"]}]},{\"@type\":\"WebPage\",\"@id\":\"https:\\\/\\\/fjala.info\\\/2009-2015\\\/cdo-te-thote-te-shkruash-sot-opinione-te-balancuara\\\/\",\"url\":\"https:\\\/\\\/fjala.info\\\/2009-2015\\\/cdo-te-thote-te-shkruash-sot-opinione-te-balancuara\\\/\",\"name\":\"\u00c7\u2019do t\u00eb thot\u00eb t\u00eb shkruash sot opinione t\u00eb balancuara? - FjALA e LIR\u00cb - Arkivi\",\"isPartOf\":{\"@id\":\"https:\\\/\\\/fjala.info\\\/2009-2015\\\/#website\"},\"primaryImageOfPage\":{\"@id\":\"https:\\\/\\\/fjala.info\\\/2009-2015\\\/cdo-te-thote-te-shkruash-sot-opinione-te-balancuara\\\/#primaryimage\"},\"image\":{\"@id\":\"https:\\\/\\\/fjala.info\\\/2009-2015\\\/cdo-te-thote-te-shkruash-sot-opinione-te-balancuara\\\/#primaryimage\"},\"thumbnailUrl\":\"http:\\\/\\\/www.shkoder.net\\\/images\\\/fjala\\\/mustafa_nano.jpg\",\"datePublished\":\"2011-11-11T22:29:42+00:00\",\"breadcrumb\":{\"@id\":\"https:\\\/\\\/fjala.info\\\/2009-2015\\\/cdo-te-thote-te-shkruash-sot-opinione-te-balancuara\\\/#breadcrumb\"},\"inLanguage\":\"sq-AL\",\"potentialAction\":[{\"@type\":\"ReadAction\",\"target\":[\"https:\\\/\\\/fjala.info\\\/2009-2015\\\/cdo-te-thote-te-shkruash-sot-opinione-te-balancuara\\\/\"]}]},{\"@type\":\"ImageObject\",\"inLanguage\":\"sq-AL\",\"@id\":\"https:\\\/\\\/fjala.info\\\/2009-2015\\\/cdo-te-thote-te-shkruash-sot-opinione-te-balancuara\\\/#primaryimage\",\"url\":\"http:\\\/\\\/www.shkoder.net\\\/images\\\/fjala\\\/mustafa_nano.jpg\",\"contentUrl\":\"http:\\\/\\\/www.shkoder.net\\\/images\\\/fjala\\\/mustafa_nano.jpg\"},{\"@type\":\"BreadcrumbList\",\"@id\":\"https:\\\/\\\/fjala.info\\\/2009-2015\\\/cdo-te-thote-te-shkruash-sot-opinione-te-balancuara\\\/#breadcrumb\",\"itemListElement\":[{\"@type\":\"ListItem\",\"position\":1,\"name\":\"Home\",\"item\":\"https:\\\/\\\/fjala.info\\\/2009-2015\\\/\"},{\"@type\":\"ListItem\",\"position\":2,\"name\":\"\u00c7\u2019do t\u00eb thot\u00eb t\u00eb shkruash sot opinione t\u00eb balancuara?\"}]},{\"@type\":\"WebSite\",\"@id\":\"https:\\\/\\\/fjala.info\\\/2009-2015\\\/#website\",\"url\":\"https:\\\/\\\/fjala.info\\\/2009-2015\\\/\",\"name\":\"FjALA e LIR\u00cb - Arkivi\",\"description\":\"Arkivi 2009-2015\",\"publisher\":{\"@id\":\"https:\\\/\\\/fjala.info\\\/2009-2015\\\/#organization\"},\"potentialAction\":[{\"@type\":\"SearchAction\",\"target\":{\"@type\":\"EntryPoint\",\"urlTemplate\":\"https:\\\/\\\/fjala.info\\\/2009-2015\\\/?s={search_term_string}\"},\"query-input\":{\"@type\":\"PropertyValueSpecification\",\"valueRequired\":true,\"valueName\":\"search_term_string\"}}],\"inLanguage\":\"sq-AL\"},{\"@type\":\"Organization\",\"@id\":\"https:\\\/\\\/fjala.info\\\/2009-2015\\\/#organization\",\"name\":\"FjALA e LIR\u00cb - Arkivi\",\"url\":\"https:\\\/\\\/fjala.info\\\/2009-2015\\\/\",\"logo\":{\"@type\":\"ImageObject\",\"inLanguage\":\"sq-AL\",\"@id\":\"https:\\\/\\\/fjala.info\\\/2009-2015\\\/#\\\/schema\\\/logo\\\/image\\\/\",\"url\":\"\",\"contentUrl\":\"\",\"caption\":\"FjALA e LIR\u00cb - Arkivi\"},\"image\":{\"@id\":\"https:\\\/\\\/fjala.info\\\/2009-2015\\\/#\\\/schema\\\/logo\\\/image\\\/\"}},{\"@type\":\"Person\",\"@id\":\"https:\\\/\\\/fjala.info\\\/2009-2015\\\/#\\\/schema\\\/person\\\/3aa1163ef05469c496fc94e77611ada2\",\"name\":\"admin\",\"image\":{\"@type\":\"ImageObject\",\"inLanguage\":\"sq-AL\",\"@id\":\"https:\\\/\\\/fjala.info\\\/2009-2015\\\/wp-content\\\/uploads\\\/2012\\\/02\\\/arben_cokaj-120x150.jpg\",\"url\":\"https:\\\/\\\/fjala.info\\\/2009-2015\\\/wp-content\\\/uploads\\\/2012\\\/02\\\/arben_cokaj-120x150.jpg\",\"contentUrl\":\"https:\\\/\\\/fjala.info\\\/2009-2015\\\/wp-content\\\/uploads\\\/2012\\\/02\\\/arben_cokaj-120x150.jpg\",\"caption\":\"admin\"},\"description\":\"Admin, Fjala e Lir\u00eb\",\"sameAs\":[\"https:\\\/\\\/fjala.info\\\/\"],\"url\":\"https:\\\/\\\/fjala.info\\\/2009-2015\\\/author\\\/admin\\\/\"}]}<\/script>\n<!-- \/ Yoast SEO plugin. -->","yoast_head_json":{"title":"\u00c7\u2019do t\u00eb thot\u00eb t\u00eb shkruash sot opinione t\u00eb balancuara? - FjALA e LIR\u00cb - Arkivi","robots":{"index":"index","follow":"follow","max-snippet":"max-snippet:-1","max-image-preview":"max-image-preview:large","max-video-preview":"max-video-preview:-1"},"canonical":"https:\/\/fjala.info\/2009-2015\/cdo-te-thote-te-shkruash-sot-opinione-te-balancuara\/","og_locale":"sq_AL","og_type":"article","og_title":"\u00c7\u2019do t\u00eb thot\u00eb t\u00eb shkruash sot opinione t\u00eb balancuara? - FjALA e LIR\u00cb - Arkivi","og_description":"Mustafa Nano, 11.11.2011 N\u00eb vijim t\u00eb nj\u00eb opinioni t\u00eb shprehur nga ana ime mbi 100 dit\u00ebt e Lulzim Bash\u00ebs n\u00eb krye t\u00eb Bashkis\u00eb, me an\u00eb t\u00eb t\u00eb cilit nuk pajtohesha fare me pompat propagandistike q\u00eb rreken t\u00eb na mbushin mendjen se jan\u00eb b\u00ebr\u00eb pun\u00eb t\u00eb m\u00ebdha, m\u00eb erdhi nj\u00eb koment nga nj\u00eb lexues q\u00eb thot\u00eb: [&hellip;]","og_url":"https:\/\/fjala.info\/2009-2015\/cdo-te-thote-te-shkruash-sot-opinione-te-balancuara\/","og_site_name":"FjALA e LIR\u00cb - Arkivi","article_published_time":"2011-11-11T22:29:42+00:00","og_image":[{"url":"http:\/\/www.shkoder.net\/images\/fjala\/mustafa_nano.jpg","type":"","width":"","height":""}],"author":"admin","twitter_card":"summary_large_image","twitter_misc":{"Written by":"admin","Est. reading time":"7 minutes"},"schema":{"@context":"https:\/\/schema.org","@graph":[{"@type":"Article","@id":"https:\/\/fjala.info\/2009-2015\/cdo-te-thote-te-shkruash-sot-opinione-te-balancuara\/#article","isPartOf":{"@id":"https:\/\/fjala.info\/2009-2015\/cdo-te-thote-te-shkruash-sot-opinione-te-balancuara\/"},"author":{"name":"admin","@id":"https:\/\/fjala.info\/2009-2015\/#\/schema\/person\/3aa1163ef05469c496fc94e77611ada2"},"headline":"\u00c7\u2019do t\u00eb thot\u00eb t\u00eb shkruash sot opinione t\u00eb balancuara?","datePublished":"2011-11-11T22:29:42+00:00","mainEntityOfPage":{"@id":"https:\/\/fjala.info\/2009-2015\/cdo-te-thote-te-shkruash-sot-opinione-te-balancuara\/"},"wordCount":1341,"commentCount":1,"publisher":{"@id":"https:\/\/fjala.info\/2009-2015\/#organization"},"image":{"@id":"https:\/\/fjala.info\/2009-2015\/cdo-te-thote-te-shkruash-sot-opinione-te-balancuara\/#primaryimage"},"thumbnailUrl":"http:\/\/www.shkoder.net\/images\/fjala\/mustafa_nano.jpg","articleSection":["Artikuj"],"inLanguage":"sq-AL","potentialAction":[{"@type":"CommentAction","name":"Comment","target":["https:\/\/fjala.info\/2009-2015\/cdo-te-thote-te-shkruash-sot-opinione-te-balancuara\/#respond"]}]},{"@type":"WebPage","@id":"https:\/\/fjala.info\/2009-2015\/cdo-te-thote-te-shkruash-sot-opinione-te-balancuara\/","url":"https:\/\/fjala.info\/2009-2015\/cdo-te-thote-te-shkruash-sot-opinione-te-balancuara\/","name":"\u00c7\u2019do t\u00eb thot\u00eb t\u00eb shkruash sot opinione t\u00eb balancuara? - FjALA e LIR\u00cb - Arkivi","isPartOf":{"@id":"https:\/\/fjala.info\/2009-2015\/#website"},"primaryImageOfPage":{"@id":"https:\/\/fjala.info\/2009-2015\/cdo-te-thote-te-shkruash-sot-opinione-te-balancuara\/#primaryimage"},"image":{"@id":"https:\/\/fjala.info\/2009-2015\/cdo-te-thote-te-shkruash-sot-opinione-te-balancuara\/#primaryimage"},"thumbnailUrl":"http:\/\/www.shkoder.net\/images\/fjala\/mustafa_nano.jpg","datePublished":"2011-11-11T22:29:42+00:00","breadcrumb":{"@id":"https:\/\/fjala.info\/2009-2015\/cdo-te-thote-te-shkruash-sot-opinione-te-balancuara\/#breadcrumb"},"inLanguage":"sq-AL","potentialAction":[{"@type":"ReadAction","target":["https:\/\/fjala.info\/2009-2015\/cdo-te-thote-te-shkruash-sot-opinione-te-balancuara\/"]}]},{"@type":"ImageObject","inLanguage":"sq-AL","@id":"https:\/\/fjala.info\/2009-2015\/cdo-te-thote-te-shkruash-sot-opinione-te-balancuara\/#primaryimage","url":"http:\/\/www.shkoder.net\/images\/fjala\/mustafa_nano.jpg","contentUrl":"http:\/\/www.shkoder.net\/images\/fjala\/mustafa_nano.jpg"},{"@type":"BreadcrumbList","@id":"https:\/\/fjala.info\/2009-2015\/cdo-te-thote-te-shkruash-sot-opinione-te-balancuara\/#breadcrumb","itemListElement":[{"@type":"ListItem","position":1,"name":"Home","item":"https:\/\/fjala.info\/2009-2015\/"},{"@type":"ListItem","position":2,"name":"\u00c7\u2019do t\u00eb thot\u00eb t\u00eb shkruash sot opinione t\u00eb balancuara?"}]},{"@type":"WebSite","@id":"https:\/\/fjala.info\/2009-2015\/#website","url":"https:\/\/fjala.info\/2009-2015\/","name":"FjALA e LIR\u00cb - Arkivi","description":"Arkivi 2009-2015","publisher":{"@id":"https:\/\/fjala.info\/2009-2015\/#organization"},"potentialAction":[{"@type":"SearchAction","target":{"@type":"EntryPoint","urlTemplate":"https:\/\/fjala.info\/2009-2015\/?s={search_term_string}"},"query-input":{"@type":"PropertyValueSpecification","valueRequired":true,"valueName":"search_term_string"}}],"inLanguage":"sq-AL"},{"@type":"Organization","@id":"https:\/\/fjala.info\/2009-2015\/#organization","name":"FjALA e LIR\u00cb - Arkivi","url":"https:\/\/fjala.info\/2009-2015\/","logo":{"@type":"ImageObject","inLanguage":"sq-AL","@id":"https:\/\/fjala.info\/2009-2015\/#\/schema\/logo\/image\/","url":"","contentUrl":"","caption":"FjALA e LIR\u00cb - Arkivi"},"image":{"@id":"https:\/\/fjala.info\/2009-2015\/#\/schema\/logo\/image\/"}},{"@type":"Person","@id":"https:\/\/fjala.info\/2009-2015\/#\/schema\/person\/3aa1163ef05469c496fc94e77611ada2","name":"admin","image":{"@type":"ImageObject","inLanguage":"sq-AL","@id":"https:\/\/fjala.info\/2009-2015\/wp-content\/uploads\/2012\/02\/arben_cokaj-120x150.jpg","url":"https:\/\/fjala.info\/2009-2015\/wp-content\/uploads\/2012\/02\/arben_cokaj-120x150.jpg","contentUrl":"https:\/\/fjala.info\/2009-2015\/wp-content\/uploads\/2012\/02\/arben_cokaj-120x150.jpg","caption":"admin"},"description":"Admin, Fjala e Lir\u00eb","sameAs":["https:\/\/fjala.info\/"],"url":"https:\/\/fjala.info\/2009-2015\/author\/admin\/"}]}},"_links":{"self":[{"href":"https:\/\/fjala.info\/2009-2015\/wp-json\/wp\/v2\/posts\/120","targetHints":{"allow":["GET"]}}],"collection":[{"href":"https:\/\/fjala.info\/2009-2015\/wp-json\/wp\/v2\/posts"}],"about":[{"href":"https:\/\/fjala.info\/2009-2015\/wp-json\/wp\/v2\/types\/post"}],"author":[{"embeddable":true,"href":"https:\/\/fjala.info\/2009-2015\/wp-json\/wp\/v2\/users\/1"}],"replies":[{"embeddable":true,"href":"https:\/\/fjala.info\/2009-2015\/wp-json\/wp\/v2\/comments?post=120"}],"version-history":[{"count":0,"href":"https:\/\/fjala.info\/2009-2015\/wp-json\/wp\/v2\/posts\/120\/revisions"}],"wp:attachment":[{"href":"https:\/\/fjala.info\/2009-2015\/wp-json\/wp\/v2\/media?parent=120"}],"wp:term":[{"taxonomy":"category","embeddable":true,"href":"https:\/\/fjala.info\/2009-2015\/wp-json\/wp\/v2\/categories?post=120"},{"taxonomy":"post_tag","embeddable":true,"href":"https:\/\/fjala.info\/2009-2015\/wp-json\/wp\/v2\/tags?post=120"}],"curies":[{"name":"wp","href":"https:\/\/api.w.org\/{rel}","templated":true}]}}