{"id":11996,"date":"2012-08-07T21:38:02","date_gmt":"2012-08-07T20:38:02","guid":{"rendered":"http:\/\/www.fjala.info\/?p=4249"},"modified":"2012-08-07T21:38:02","modified_gmt":"2012-08-07T20:38:02","slug":"referendumi-dhe-mungesa-e-seriozitetit","status":"publish","type":"post","link":"https:\/\/fjala.info\/2009-2015\/referendumi-dhe-mungesa-e-seriozitetit\/","title":{"rendered":"Referendumi dhe mungesa e seriozitetit"},"content":{"rendered":"<p><img decoding=\"async\" class=\"alignright size-thumbnail wp-image-7236\" title=\"Mero Baze\" src=\"http:\/\/www.fjala.info\/2012\/mero_baze.jpg\" alt=\"\" width=\"150\" \/> Nga <strong>Mero Baze<\/strong>, <em>7 Gusht 2012<\/em><\/p>\n<p>N\u00eb gjith\u00eb debatin fallco p\u00ebr propozimin p\u00ebr referendum, e vetmja gj\u00eb serioze \u00ebsht\u00eb fakti q\u00eb Berisha e paska varrosur me vet\u00ebdije referendumin p\u00ebr importin e plehrave n\u00eb Shqip\u00ebri. Propozimi i tij p\u00ebr referendum rreth \u00e7\u00ebshtjes s\u00eb imunitetit \u00ebsht\u00eb e qart\u00eb se nuk synon referendumin, por nj\u00eb alibi p\u00ebr humbjen e statusit t\u00eb vendit kandidat p\u00ebr Bashkimin Evropian. Por meq\u00eb kjo \u00e7\u00ebshtje \u00ebsht\u00eb banalizuar aq shum\u00eb qysh nga viti 2009, askush nuk ka m\u00eb emocione p\u00ebr p\u00ebrs\u00ebritjen e t\u00eb nj\u00ebjtit film. Meq\u00eb ai e nisi k\u00ebt\u00eb loj\u00eb, i duhet ta b\u00ebj\u00eb dhe t\u00eb besueshme p\u00ebr t\u00eb mos u dukur karagjoz qysh dit\u00ebn e par\u00eb dhe po p\u00ebrpiqet t\u00eb gjej\u00eb arsyetime ligjore n\u00ebse mund t\u00eb mbahet ose nuk mund t\u00eb mbahet nj\u00eb referendum i till\u00eb.<\/p>\n<p>Pa hyr\u00eb shum\u00eb n\u00eb holl\u00ebsi juridike mes dy referendumeve, atij q\u00eb e k\u00ebrkojn\u00eb 60 mij\u00eb shqiptar\u00eb p\u00ebr ndalimin e importit t\u00eb plehrave dhe atij q\u00eb k\u00ebrkon Berisha, m\u00eb i mundsh\u00ebm nga ana juridike \u00ebsht\u00eb ai i plehrave, pasi p\u00ebr t\u00eb nuk ka kusht\u00ebzime, ve\u00e7 atyre q\u00eb shpiku Berisha. Pra, n\u00ebse Berisha do ulet seriozisht t\u2019i hap\u00eb rrug\u00ebn ligjore referendumit t\u00eb tij, atij do t\u2019i duhet t\u2019i hap\u00eb rrug\u00ebn ligjore nj\u00eb referendumi tashm\u00eb n\u00eb list\u00ebn e pritjes q\u00eb ka p\u00ebrfunduar dhe procedurat ligjore.<\/p>\n<p>N\u00eb k\u00ebto kushte t\u00eb gjitha rrug\u00ebt t\u00eb \u00e7ojn\u00eb tek pamund\u00ebsia juridike q\u00eb Berisha do t\u00eb gjej\u00eb h\u00eb p\u00ebr h\u00eb, p\u00ebr t\u00eb b\u00ebr\u00eb referendumin e tij. Ai nuk ka asnj\u00eb interes q\u00eb t\u2019i hap\u00eb nj\u00eb rrug\u00eb referendumi p\u00ebr imunitetin tani, pasi atij n\u00eb thelb nuk i mungojn\u00eb shanset t\u00eb miratoj\u00eb nj\u00eb ligj p\u00ebr imunitetin. Projektligji \u00ebsht\u00eb gati, e ka b\u00ebr\u00eb Partia Socialiste, e ka pranuar shumica, e ka kaluar Komisioni i Ligjeve dhe duhet t\u00eb kaloj\u00eb n\u00eb paket\u00eb bashk\u00eb me reformat e tjera, at\u00eb parlamentare dhe ndryshime m\u00eb t\u00eb gjera kushtetuese.<\/p>\n<p>Pra, Berisha nuk ka problem nj\u00eb ligj p\u00ebr imunitetin, por nj\u00eb alibi p\u00ebr humbjen e statusit. Biles n\u00ebse ai d\u00ebshiron t\u00eb b\u00ebj\u00eb nj\u00eb betej\u00eb me referendum, beteja e vetme q\u00eb i ka hije jan\u00eb propozimet p\u00ebr ndryshime kushtetuese. Shumica dhe opozita mund t\u00eb b\u00ebjn\u00eb dy variante t\u00eb ndryshimeve kushtetuese t\u00eb njohura si: Varianti A i qeveris\u00eb dhe Varianti B i opozit\u00ebs dhe shqiptar\u00ebt mund t\u00eb rrethojn\u00eb k\u00eb t\u00eb duan. Kjo \u00ebsht\u00eb serioze dhe luajale. K\u00ebtu p\u00ebrfshihet dhe \u00e7\u00ebshtja e imunitetit dhe pretendimet e opozit\u00ebs.<\/p>\n<p>Por Berisha nuk ka p\u00ebr t\u2019i krijuar shanse k\u00ebtij referendumi, pasi si\u00e7 e thash\u00eb, ai nuk ka asnj\u00eb d\u00ebshir\u00eb t\u00eb merret me heqjen e imunitetit, por me heqjen e p\u00ebrgjegj\u00ebsis\u00eb nga vetja e vet p\u00ebrhumbjen e statusit t\u00eb vendit kandidat p\u00ebr an\u00ebtar n\u00eb Bashkimin Evropian.<\/p>\n<p>Nga ana tjet\u00ebr opozita nuk ka pse i kund\u00ebrp\u00ebrgjigjet me kat\u00ebr referendume. Opozita ka betej\u00ebn e saj p\u00ebr imunitetin dhe ndryshimet kushtetuese dhe e ka shum\u00eb t\u00eb mir\u00eb. Ajo duhet t\u00eb k\u00ebrkoj\u00eb dhe t\u2019i bashkohet k\u00ebrkes\u00ebs s\u00eb Berish\u00ebs p\u00ebr referendum lidhur me pretendimet e saj, pasi ato jan\u00eb shkaku q\u00eb ligji nuk u miratua m\u00eb 6 gusht. Ligji p\u00ebr imunitetin \u00ebsht\u00eb nj\u00eb ligj i pranuar nga opozita dhe s\u2019ka kuptim referendumi p\u00ebr t\u00eb, pasi del 100 p\u00ebrqind pro.<\/p>\n<p>Kuptim ka referendumi p\u00ebr kushtet e opozit\u00ebs, pra p\u00ebr ndryshimet kushtetuese. Ato mund t\u00eb hidhen n\u00eb referendum, n\u00ebse Berisha t\u00ebrhiqet nga pengesat q\u00eb ka shpikur p\u00ebr referendumin e plehrave dhe v\u00ebshtir\u00ebsit\u00eb q\u00eb krijon ana ligjore p\u00ebr organizimin e tij shpejt. N\u00ebse Berisha pranon n\u00eb parim nj\u00eb referendum p\u00ebr kushtet e opozit\u00ebs p\u00ebr ndryshime kushtetuese m\u00eb t\u00eb gjera, at\u00ebher\u00eb opozita mund t\u00eb jap\u00eb vot\u00ebn p\u00ebr ligjin e imunitetit dhe k\u00ebshtu kemi nj\u00eb kusht t\u00eb plot\u00ebsuar p\u00ebr Bashkimin Evropian dhe nj\u00eb shpres\u00eb q\u00eb populli t\u00eb shprehet p\u00ebr gjymtimin kushtetues t\u00eb institucioneve, sidomos zgjedhjes s\u00eb gjyqtar\u00ebve t\u00eb lart\u00eb, presidentit etj.<\/p>\n<p>Kjo \u00ebsht\u00eb ajo q\u00eb duhet t\u00eb k\u00ebrkoj\u00eb opozita dhe jo referendumet e tjera, pasi ato nuk jan\u00eb \u00e7\u00ebshtje t\u00eb saj. Referendumi p\u00ebr importin e plehrave \u00ebsht\u00eb \u00e7\u00ebshtje e shoq\u00ebris\u00eb civile dhe \u00ebsht\u00eb n\u00eb pritje, referendumi p\u00ebr kufirin detar \u00ebsht\u00eb nj\u00eb betej\u00eb q\u00eb i p\u00ebrket m\u00eb shum\u00eb t\u00eb shkuar\u00ebs dhe \u00ebsht\u00eb b\u00ebr\u00eb nga nj\u00eb ish-kolonel n\u00eb pension, q\u00eb tashm\u00eb ka hyr\u00eb n\u00eb politik\u00eb n\u00eb Aleanc\u00ebn KuqeZi. Beteja e vetme e drejt\u00eb e opozit\u00ebs \u00ebsht\u00eb kusht\u00ebzimi q\u00eb i b\u00ebri ligjit t\u00eb imunitetit me ndryshimet kushtetuese dhe sensi i kompromisit \u00ebsht\u00eb q\u00eb Berisha t\u00eb firmos\u00eb sot p\u00ebr referendum p\u00ebr ndryshimet kushtetuese duke ia l\u00ebn\u00eb n\u00eb dor\u00eb popullit me dy variante dhe opozita t\u00eb votoj\u00eb ligjin q\u00eb vet\u00eb e b\u00ebri p\u00ebr imunitetin. K\u00ebshtu t\u00eb dy pal\u00ebt do na bindin se e kan\u00eb me sinqeritet betej\u00ebn.<\/p>\n","protected":false},"excerpt":{"rendered":"<p>Nga Mero Baze, 7 Gusht 2012 N\u00eb gjith\u00eb debatin fallco p\u00ebr propozimin p\u00ebr referendum, e vetmja gj\u00eb serioze \u00ebsht\u00eb fakti q\u00eb Berisha e paska varrosur me vet\u00ebdije referendumin p\u00ebr importin e plehrave n\u00eb Shqip\u00ebri. Propozimi i tij p\u00ebr referendum rreth \u00e7\u00ebshtjes s\u00eb imunitetit \u00ebsht\u00eb e qart\u00eb se nuk synon referendumin, por nj\u00eb alibi p\u00ebr humbjen [&hellip;]<\/p>\n","protected":false},"author":1,"featured_media":0,"comment_status":"open","ping_status":"closed","sticky":false,"template":"","format":"standard","meta":{"footnotes":""},"categories":[2],"tags":[],"class_list":{"0":"post-11996","1":"post","2":"type-post","3":"status-publish","4":"format-standard","6":"category-artikuj"},"yoast_head":"<!-- This site is optimized with the Yoast SEO plugin v27.4 - https:\/\/yoast.com\/product\/yoast-seo-wordpress\/ -->\n<title>Referendumi dhe mungesa e seriozitetit - FjALA e LIR\u00cb - Arkivi<\/title>\n<meta name=\"robots\" content=\"index, follow, max-snippet:-1, max-image-preview:large, max-video-preview:-1\" \/>\n<link rel=\"canonical\" href=\"https:\/\/fjala.info\/2009-2015\/referendumi-dhe-mungesa-e-seriozitetit\/\" \/>\n<meta property=\"og:locale\" content=\"sq_AL\" \/>\n<meta property=\"og:type\" content=\"article\" \/>\n<meta property=\"og:title\" content=\"Referendumi dhe mungesa e seriozitetit - FjALA e LIR\u00cb - Arkivi\" \/>\n<meta property=\"og:description\" content=\"Nga Mero Baze, 7 Gusht 2012 N\u00eb gjith\u00eb debatin fallco p\u00ebr propozimin p\u00ebr referendum, e vetmja gj\u00eb serioze \u00ebsht\u00eb fakti q\u00eb Berisha e paska varrosur me vet\u00ebdije referendumin p\u00ebr importin e plehrave n\u00eb Shqip\u00ebri. Propozimi i tij p\u00ebr referendum rreth \u00e7\u00ebshtjes s\u00eb imunitetit \u00ebsht\u00eb e qart\u00eb se nuk synon referendumin, por nj\u00eb alibi p\u00ebr humbjen [&hellip;]\" \/>\n<meta property=\"og:url\" content=\"https:\/\/fjala.info\/2009-2015\/referendumi-dhe-mungesa-e-seriozitetit\/\" \/>\n<meta property=\"og:site_name\" content=\"FjALA e LIR\u00cb - Arkivi\" \/>\n<meta property=\"article:published_time\" content=\"2012-08-07T20:38:02+00:00\" \/>\n<meta property=\"og:image\" content=\"http:\/\/www.fjala.info\/2012\/mero_baze.jpg\" \/>\n<meta name=\"author\" content=\"admin\" \/>\n<meta name=\"twitter:card\" content=\"summary_large_image\" \/>\n<meta name=\"twitter:label1\" content=\"Written by\" \/>\n\t<meta name=\"twitter:data1\" content=\"admin\" \/>\n\t<meta name=\"twitter:label2\" content=\"Est. reading time\" \/>\n\t<meta name=\"twitter:data2\" content=\"4 minutes\" \/>\n<script type=\"application\/ld+json\" class=\"yoast-schema-graph\">{\"@context\":\"https:\\\/\\\/schema.org\",\"@graph\":[{\"@type\":\"Article\",\"@id\":\"https:\\\/\\\/fjala.info\\\/2009-2015\\\/referendumi-dhe-mungesa-e-seriozitetit\\\/#article\",\"isPartOf\":{\"@id\":\"https:\\\/\\\/fjala.info\\\/2009-2015\\\/referendumi-dhe-mungesa-e-seriozitetit\\\/\"},\"author\":{\"name\":\"admin\",\"@id\":\"https:\\\/\\\/fjala.info\\\/2009-2015\\\/#\\\/schema\\\/person\\\/3aa1163ef05469c496fc94e77611ada2\"},\"headline\":\"Referendumi dhe mungesa e seriozitetit\",\"datePublished\":\"2012-08-07T20:38:02+00:00\",\"mainEntityOfPage\":{\"@id\":\"https:\\\/\\\/fjala.info\\\/2009-2015\\\/referendumi-dhe-mungesa-e-seriozitetit\\\/\"},\"wordCount\":855,\"commentCount\":0,\"publisher\":{\"@id\":\"https:\\\/\\\/fjala.info\\\/2009-2015\\\/#organization\"},\"image\":{\"@id\":\"https:\\\/\\\/fjala.info\\\/2009-2015\\\/referendumi-dhe-mungesa-e-seriozitetit\\\/#primaryimage\"},\"thumbnailUrl\":\"http:\\\/\\\/www.fjala.info\\\/2012\\\/mero_baze.jpg\",\"articleSection\":[\"Artikuj\"],\"inLanguage\":\"sq-AL\",\"potentialAction\":[{\"@type\":\"CommentAction\",\"name\":\"Comment\",\"target\":[\"https:\\\/\\\/fjala.info\\\/2009-2015\\\/referendumi-dhe-mungesa-e-seriozitetit\\\/#respond\"]}]},{\"@type\":\"WebPage\",\"@id\":\"https:\\\/\\\/fjala.info\\\/2009-2015\\\/referendumi-dhe-mungesa-e-seriozitetit\\\/\",\"url\":\"https:\\\/\\\/fjala.info\\\/2009-2015\\\/referendumi-dhe-mungesa-e-seriozitetit\\\/\",\"name\":\"Referendumi dhe mungesa e seriozitetit - FjALA e LIR\u00cb - Arkivi\",\"isPartOf\":{\"@id\":\"https:\\\/\\\/fjala.info\\\/2009-2015\\\/#website\"},\"primaryImageOfPage\":{\"@id\":\"https:\\\/\\\/fjala.info\\\/2009-2015\\\/referendumi-dhe-mungesa-e-seriozitetit\\\/#primaryimage\"},\"image\":{\"@id\":\"https:\\\/\\\/fjala.info\\\/2009-2015\\\/referendumi-dhe-mungesa-e-seriozitetit\\\/#primaryimage\"},\"thumbnailUrl\":\"http:\\\/\\\/www.fjala.info\\\/2012\\\/mero_baze.jpg\",\"datePublished\":\"2012-08-07T20:38:02+00:00\",\"breadcrumb\":{\"@id\":\"https:\\\/\\\/fjala.info\\\/2009-2015\\\/referendumi-dhe-mungesa-e-seriozitetit\\\/#breadcrumb\"},\"inLanguage\":\"sq-AL\",\"potentialAction\":[{\"@type\":\"ReadAction\",\"target\":[\"https:\\\/\\\/fjala.info\\\/2009-2015\\\/referendumi-dhe-mungesa-e-seriozitetit\\\/\"]}]},{\"@type\":\"ImageObject\",\"inLanguage\":\"sq-AL\",\"@id\":\"https:\\\/\\\/fjala.info\\\/2009-2015\\\/referendumi-dhe-mungesa-e-seriozitetit\\\/#primaryimage\",\"url\":\"http:\\\/\\\/www.fjala.info\\\/2012\\\/mero_baze.jpg\",\"contentUrl\":\"http:\\\/\\\/www.fjala.info\\\/2012\\\/mero_baze.jpg\"},{\"@type\":\"BreadcrumbList\",\"@id\":\"https:\\\/\\\/fjala.info\\\/2009-2015\\\/referendumi-dhe-mungesa-e-seriozitetit\\\/#breadcrumb\",\"itemListElement\":[{\"@type\":\"ListItem\",\"position\":1,\"name\":\"Home\",\"item\":\"https:\\\/\\\/fjala.info\\\/2009-2015\\\/\"},{\"@type\":\"ListItem\",\"position\":2,\"name\":\"Referendumi dhe mungesa e seriozitetit\"}]},{\"@type\":\"WebSite\",\"@id\":\"https:\\\/\\\/fjala.info\\\/2009-2015\\\/#website\",\"url\":\"https:\\\/\\\/fjala.info\\\/2009-2015\\\/\",\"name\":\"FjALA e LIR\u00cb - Arkivi\",\"description\":\"Arkivi 2009-2015\",\"publisher\":{\"@id\":\"https:\\\/\\\/fjala.info\\\/2009-2015\\\/#organization\"},\"potentialAction\":[{\"@type\":\"SearchAction\",\"target\":{\"@type\":\"EntryPoint\",\"urlTemplate\":\"https:\\\/\\\/fjala.info\\\/2009-2015\\\/?s={search_term_string}\"},\"query-input\":{\"@type\":\"PropertyValueSpecification\",\"valueRequired\":true,\"valueName\":\"search_term_string\"}}],\"inLanguage\":\"sq-AL\"},{\"@type\":\"Organization\",\"@id\":\"https:\\\/\\\/fjala.info\\\/2009-2015\\\/#organization\",\"name\":\"FjALA e LIR\u00cb - Arkivi\",\"url\":\"https:\\\/\\\/fjala.info\\\/2009-2015\\\/\",\"logo\":{\"@type\":\"ImageObject\",\"inLanguage\":\"sq-AL\",\"@id\":\"https:\\\/\\\/fjala.info\\\/2009-2015\\\/#\\\/schema\\\/logo\\\/image\\\/\",\"url\":\"\",\"contentUrl\":\"\",\"caption\":\"FjALA e LIR\u00cb - Arkivi\"},\"image\":{\"@id\":\"https:\\\/\\\/fjala.info\\\/2009-2015\\\/#\\\/schema\\\/logo\\\/image\\\/\"}},{\"@type\":\"Person\",\"@id\":\"https:\\\/\\\/fjala.info\\\/2009-2015\\\/#\\\/schema\\\/person\\\/3aa1163ef05469c496fc94e77611ada2\",\"name\":\"admin\",\"image\":{\"@type\":\"ImageObject\",\"inLanguage\":\"sq-AL\",\"@id\":\"https:\\\/\\\/fjala.info\\\/2009-2015\\\/wp-content\\\/uploads\\\/2012\\\/02\\\/arben_cokaj-120x150.jpg\",\"url\":\"https:\\\/\\\/fjala.info\\\/2009-2015\\\/wp-content\\\/uploads\\\/2012\\\/02\\\/arben_cokaj-120x150.jpg\",\"contentUrl\":\"https:\\\/\\\/fjala.info\\\/2009-2015\\\/wp-content\\\/uploads\\\/2012\\\/02\\\/arben_cokaj-120x150.jpg\",\"caption\":\"admin\"},\"description\":\"Admin, Fjala e Lir\u00eb\",\"sameAs\":[\"https:\\\/\\\/fjala.info\\\/\"],\"url\":\"https:\\\/\\\/fjala.info\\\/2009-2015\\\/author\\\/admin\\\/\"}]}<\/script>\n<!-- \/ Yoast SEO plugin. -->","yoast_head_json":{"title":"Referendumi dhe mungesa e seriozitetit - FjALA e LIR\u00cb - Arkivi","robots":{"index":"index","follow":"follow","max-snippet":"max-snippet:-1","max-image-preview":"max-image-preview:large","max-video-preview":"max-video-preview:-1"},"canonical":"https:\/\/fjala.info\/2009-2015\/referendumi-dhe-mungesa-e-seriozitetit\/","og_locale":"sq_AL","og_type":"article","og_title":"Referendumi dhe mungesa e seriozitetit - FjALA e LIR\u00cb - Arkivi","og_description":"Nga Mero Baze, 7 Gusht 2012 N\u00eb gjith\u00eb debatin fallco p\u00ebr propozimin p\u00ebr referendum, e vetmja gj\u00eb serioze \u00ebsht\u00eb fakti q\u00eb Berisha e paska varrosur me vet\u00ebdije referendumin p\u00ebr importin e plehrave n\u00eb Shqip\u00ebri. Propozimi i tij p\u00ebr referendum rreth \u00e7\u00ebshtjes s\u00eb imunitetit \u00ebsht\u00eb e qart\u00eb se nuk synon referendumin, por nj\u00eb alibi p\u00ebr humbjen [&hellip;]","og_url":"https:\/\/fjala.info\/2009-2015\/referendumi-dhe-mungesa-e-seriozitetit\/","og_site_name":"FjALA e LIR\u00cb - Arkivi","article_published_time":"2012-08-07T20:38:02+00:00","og_image":[{"url":"http:\/\/www.fjala.info\/2012\/mero_baze.jpg","type":"","width":"","height":""}],"author":"admin","twitter_card":"summary_large_image","twitter_misc":{"Written by":"admin","Est. reading time":"4 minutes"},"schema":{"@context":"https:\/\/schema.org","@graph":[{"@type":"Article","@id":"https:\/\/fjala.info\/2009-2015\/referendumi-dhe-mungesa-e-seriozitetit\/#article","isPartOf":{"@id":"https:\/\/fjala.info\/2009-2015\/referendumi-dhe-mungesa-e-seriozitetit\/"},"author":{"name":"admin","@id":"https:\/\/fjala.info\/2009-2015\/#\/schema\/person\/3aa1163ef05469c496fc94e77611ada2"},"headline":"Referendumi dhe mungesa e seriozitetit","datePublished":"2012-08-07T20:38:02+00:00","mainEntityOfPage":{"@id":"https:\/\/fjala.info\/2009-2015\/referendumi-dhe-mungesa-e-seriozitetit\/"},"wordCount":855,"commentCount":0,"publisher":{"@id":"https:\/\/fjala.info\/2009-2015\/#organization"},"image":{"@id":"https:\/\/fjala.info\/2009-2015\/referendumi-dhe-mungesa-e-seriozitetit\/#primaryimage"},"thumbnailUrl":"http:\/\/www.fjala.info\/2012\/mero_baze.jpg","articleSection":["Artikuj"],"inLanguage":"sq-AL","potentialAction":[{"@type":"CommentAction","name":"Comment","target":["https:\/\/fjala.info\/2009-2015\/referendumi-dhe-mungesa-e-seriozitetit\/#respond"]}]},{"@type":"WebPage","@id":"https:\/\/fjala.info\/2009-2015\/referendumi-dhe-mungesa-e-seriozitetit\/","url":"https:\/\/fjala.info\/2009-2015\/referendumi-dhe-mungesa-e-seriozitetit\/","name":"Referendumi dhe mungesa e seriozitetit - FjALA e LIR\u00cb - Arkivi","isPartOf":{"@id":"https:\/\/fjala.info\/2009-2015\/#website"},"primaryImageOfPage":{"@id":"https:\/\/fjala.info\/2009-2015\/referendumi-dhe-mungesa-e-seriozitetit\/#primaryimage"},"image":{"@id":"https:\/\/fjala.info\/2009-2015\/referendumi-dhe-mungesa-e-seriozitetit\/#primaryimage"},"thumbnailUrl":"http:\/\/www.fjala.info\/2012\/mero_baze.jpg","datePublished":"2012-08-07T20:38:02+00:00","breadcrumb":{"@id":"https:\/\/fjala.info\/2009-2015\/referendumi-dhe-mungesa-e-seriozitetit\/#breadcrumb"},"inLanguage":"sq-AL","potentialAction":[{"@type":"ReadAction","target":["https:\/\/fjala.info\/2009-2015\/referendumi-dhe-mungesa-e-seriozitetit\/"]}]},{"@type":"ImageObject","inLanguage":"sq-AL","@id":"https:\/\/fjala.info\/2009-2015\/referendumi-dhe-mungesa-e-seriozitetit\/#primaryimage","url":"http:\/\/www.fjala.info\/2012\/mero_baze.jpg","contentUrl":"http:\/\/www.fjala.info\/2012\/mero_baze.jpg"},{"@type":"BreadcrumbList","@id":"https:\/\/fjala.info\/2009-2015\/referendumi-dhe-mungesa-e-seriozitetit\/#breadcrumb","itemListElement":[{"@type":"ListItem","position":1,"name":"Home","item":"https:\/\/fjala.info\/2009-2015\/"},{"@type":"ListItem","position":2,"name":"Referendumi dhe mungesa e seriozitetit"}]},{"@type":"WebSite","@id":"https:\/\/fjala.info\/2009-2015\/#website","url":"https:\/\/fjala.info\/2009-2015\/","name":"FjALA e LIR\u00cb - Arkivi","description":"Arkivi 2009-2015","publisher":{"@id":"https:\/\/fjala.info\/2009-2015\/#organization"},"potentialAction":[{"@type":"SearchAction","target":{"@type":"EntryPoint","urlTemplate":"https:\/\/fjala.info\/2009-2015\/?s={search_term_string}"},"query-input":{"@type":"PropertyValueSpecification","valueRequired":true,"valueName":"search_term_string"}}],"inLanguage":"sq-AL"},{"@type":"Organization","@id":"https:\/\/fjala.info\/2009-2015\/#organization","name":"FjALA e LIR\u00cb - Arkivi","url":"https:\/\/fjala.info\/2009-2015\/","logo":{"@type":"ImageObject","inLanguage":"sq-AL","@id":"https:\/\/fjala.info\/2009-2015\/#\/schema\/logo\/image\/","url":"","contentUrl":"","caption":"FjALA e LIR\u00cb - Arkivi"},"image":{"@id":"https:\/\/fjala.info\/2009-2015\/#\/schema\/logo\/image\/"}},{"@type":"Person","@id":"https:\/\/fjala.info\/2009-2015\/#\/schema\/person\/3aa1163ef05469c496fc94e77611ada2","name":"admin","image":{"@type":"ImageObject","inLanguage":"sq-AL","@id":"https:\/\/fjala.info\/2009-2015\/wp-content\/uploads\/2012\/02\/arben_cokaj-120x150.jpg","url":"https:\/\/fjala.info\/2009-2015\/wp-content\/uploads\/2012\/02\/arben_cokaj-120x150.jpg","contentUrl":"https:\/\/fjala.info\/2009-2015\/wp-content\/uploads\/2012\/02\/arben_cokaj-120x150.jpg","caption":"admin"},"description":"Admin, Fjala e Lir\u00eb","sameAs":["https:\/\/fjala.info\/"],"url":"https:\/\/fjala.info\/2009-2015\/author\/admin\/"}]}},"_links":{"self":[{"href":"https:\/\/fjala.info\/2009-2015\/wp-json\/wp\/v2\/posts\/11996","targetHints":{"allow":["GET"]}}],"collection":[{"href":"https:\/\/fjala.info\/2009-2015\/wp-json\/wp\/v2\/posts"}],"about":[{"href":"https:\/\/fjala.info\/2009-2015\/wp-json\/wp\/v2\/types\/post"}],"author":[{"embeddable":true,"href":"https:\/\/fjala.info\/2009-2015\/wp-json\/wp\/v2\/users\/1"}],"replies":[{"embeddable":true,"href":"https:\/\/fjala.info\/2009-2015\/wp-json\/wp\/v2\/comments?post=11996"}],"version-history":[{"count":0,"href":"https:\/\/fjala.info\/2009-2015\/wp-json\/wp\/v2\/posts\/11996\/revisions"}],"wp:attachment":[{"href":"https:\/\/fjala.info\/2009-2015\/wp-json\/wp\/v2\/media?parent=11996"}],"wp:term":[{"taxonomy":"category","embeddable":true,"href":"https:\/\/fjala.info\/2009-2015\/wp-json\/wp\/v2\/categories?post=11996"},{"taxonomy":"post_tag","embeddable":true,"href":"https:\/\/fjala.info\/2009-2015\/wp-json\/wp\/v2\/tags?post=11996"}],"curies":[{"name":"wp","href":"https:\/\/api.w.org\/{rel}","templated":true}]}}