{"id":11995,"date":"2012-08-07T21:25:01","date_gmt":"2012-08-07T20:25:01","guid":{"rendered":"http:\/\/www.fjala.info\/?p=4244"},"modified":"2012-08-07T21:25:01","modified_gmt":"2012-08-07T20:25:01","slug":"imami-te-jape-doreheqjen-pas-krimit-horror-ne-kombinatin-e-policanit","status":"publish","type":"post","link":"https:\/\/fjala.info\/2009-2015\/imami-te-jape-doreheqjen-pas-krimit-horror-ne-kombinatin-e-policanit\/","title":{"rendered":"\u201cImami t\u00eb jap\u00eb dor\u00ebheqjen pas krimit horror n\u00eb kombinatin e Poli\u00e7anit\u201d"},"content":{"rendered":"<p><img decoding=\"async\" class=\"alignleft size-thumbnail wp-image-7236\" title=\"Berisha - Imami\" src=\"http:\/\/www.fjala.info\/2012\/berisha_imami.jpg\" alt=\"\" width=\"300\" \/> <strong>TemA<\/strong>, <em>7 Gusht 2012<\/em><\/p>\n<p>Ministri i Mbrojtjes, Arben Imami, duhet t\u00eb jap\u00eb dor\u00ebheqjen pas krimit makab\u00ebr brenda nj\u00eb reparti ushtarak, n\u00eb Poli\u00e7an. K\u00ebshtu shprehet deputeti socialist, Erion Bra\u00e7e.<\/p>\n<p>\u201cKombinati i Poli\u00e7anit nuk \u00ebsht\u00eb nj\u00eb nd\u00ebrmarrje tregtare, por nj\u00eb repart ushtarak. Dhunimi i repartit dhe m\u00eb pas i kufom\u00ebs n\u00eb prani t\u00eb ushtarak\u00ebve nuk \u00ebsht\u00eb akt i rast\u00ebsish\u00ebm.<\/p>\n<p>Si deputet n\u00eb qarkun e Beratit e njoh shum\u00eb mir\u00eb gjendjen n\u00eb at\u00eb repart, ndaj ju them se kombinati i Poli\u00e7anit \u00ebsht\u00eb nj\u00eb vat\u00ebr krimi shum\u00eb e madhe madje.<\/p>\n<p>Atje vidhet, trafikohet, trafikohet dhe p\u00ebrfitohet n\u00eb m\u00ebnyr\u00eb t\u00eb paligjshme. Atje ka nj\u00eb nuk\u00ebl t\u00eb qart\u00eb p\u00ebrfituesish politik n\u00eb krye t\u00eb aktivitetit kriminal q\u00eb p\u00ebrfiton n\u00eb m\u00ebnyr\u00eb t\u00eb paligjshme, por edhe p\u00ebrdor politikisht shum\u00ebsin\u00eb e vendeve t\u00eb pun\u00ebs atje.<\/p>\n<p>Politikisht kombinatin e drejton LSI!<\/p>\n<p>Lul\u00ebzim Gojka, drejtori n\u00eb konflikt t\u00eb hapur interesi me demontimin dhe metalet e p\u00ebrfituara prej tij, \u00ebsht\u00eb eksponent i LSI.<\/p>\n<p>L\u00ebvizja e pun\u00ebtor\u00ebve nj\u00eb vit e gjys\u00ebm m\u00eb par\u00eb ishte n\u00eb funksion t\u00eb zgjedhjeve vendore dhe objektivit t\u00eb LSI p\u00ebr t\u00eb fituar me dhun\u00eb bashkin\u00eb Poli\u00e7an dhe komun\u00ebn e Vertopit ngjitur, ku kandidonte i v\u00ebllai i Lulit, Guximi i famsh\u00ebm.<\/p>\n<p>Heqja e pun\u00ebtor\u00ebve n\u00eb nj\u00eb vend tejet t\u00eb varf\u00ebr \u00ebsht\u00eb thelbi i konfliktit. Mjafton t\u00eb shoh\u00ebsh fotot sot dhe e kupton kush \u00ebsht\u00eb viktima,\u201d thot\u00eb Bra\u00e7e.<\/p>\n<p>\u201cMenaxhimi i nj\u00eb reparti ushtarak k\u00ebrkon p\u00ebrgjegj\u00ebsi. P\u00ebrfshirja n\u00eb nj\u00eb krim e nj\u00eb reparti ushtarak si n\u00eb Poli\u00e7an k\u00ebrkon p\u00ebrgjegj\u00ebsi. Dhunimi i kufom\u00ebs n\u00eb sy t\u00eb ushtarak\u00ebve si n\u00eb Poli\u00e7an k\u00ebrkon p\u00ebrgjegj\u00ebsi.<\/p>\n<p>Si deputet edhe i Poli\u00e7anit i k\u00ebrkoj ministrit t\u00eb Mbrojtjes t\u00eb b\u00ebhet burr\u00eb e t\u00eb jap\u00eb dor\u00ebheqjen me ngjarjen m\u00eb makab\u00ebr t\u00eb ndodhur n\u00eb nj\u00eb repart ushtarak q\u00eb pas G\u00ebrdecit.<\/p>\n<p>I k\u00ebrkoj kryeministrit t\u00eb shkarkoj\u00eb drejtorin e kombinatit, Lul\u00ebzim Gojka.<\/p>\n<p>I k\u00ebrkoj kryetarit t\u00eb KLSH t\u00eb hetoj\u00eb menj\u00ebher\u00eb veprimtarin\u00eb ekonomike e administrative n\u00eb kombinatin e Poli\u00e7anit.<\/p>\n<p>I k\u00ebrkoj prokuroris\u00eb t\u00eb hetoj\u00eb p\u00ebrtej vrasjes e dhunimit barbar t\u00eb kufom\u00ebz, veprimtarin\u00eb kriminale q\u00eb ushtrohet haptazi n\u00eb kombinatin e Poli\u00e7anit.\u201d<\/p>\n","protected":false},"excerpt":{"rendered":"<p>TemA, 7 Gusht 2012 Ministri i Mbrojtjes, Arben Imami, duhet t\u00eb jap\u00eb dor\u00ebheqjen pas krimit makab\u00ebr brenda nj\u00eb reparti ushtarak, n\u00eb Poli\u00e7an. K\u00ebshtu shprehet deputeti socialist, Erion Bra\u00e7e. \u201cKombinati i Poli\u00e7anit nuk \u00ebsht\u00eb nj\u00eb nd\u00ebrmarrje tregtare, por nj\u00eb repart ushtarak. Dhunimi i repartit dhe m\u00eb pas i kufom\u00ebs n\u00eb prani t\u00eb ushtarak\u00ebve nuk \u00ebsht\u00eb akt [&hellip;]<\/p>\n","protected":false},"author":1,"featured_media":0,"comment_status":"open","ping_status":"closed","sticky":false,"template":"","format":"standard","meta":{"footnotes":""},"categories":[2],"tags":[],"class_list":{"0":"post-11995","1":"post","2":"type-post","3":"status-publish","4":"format-standard","6":"category-artikuj"},"yoast_head":"<!-- This site is optimized with the Yoast SEO plugin v27.4 - https:\/\/yoast.com\/product\/yoast-seo-wordpress\/ -->\n<title>\u201cImami t\u00eb jap\u00eb dor\u00ebheqjen pas krimit horror n\u00eb kombinatin e Poli\u00e7anit\u201d - FjALA e LIR\u00cb - Arkivi<\/title>\n<meta name=\"robots\" content=\"index, follow, max-snippet:-1, max-image-preview:large, max-video-preview:-1\" \/>\n<link rel=\"canonical\" href=\"https:\/\/fjala.info\/2009-2015\/imami-te-jape-doreheqjen-pas-krimit-horror-ne-kombinatin-e-policanit\/\" \/>\n<meta property=\"og:locale\" content=\"sq_AL\" \/>\n<meta property=\"og:type\" content=\"article\" \/>\n<meta property=\"og:title\" content=\"\u201cImami t\u00eb jap\u00eb dor\u00ebheqjen pas krimit horror n\u00eb kombinatin e Poli\u00e7anit\u201d - FjALA e LIR\u00cb - Arkivi\" \/>\n<meta property=\"og:description\" content=\"TemA, 7 Gusht 2012 Ministri i Mbrojtjes, Arben Imami, duhet t\u00eb jap\u00eb dor\u00ebheqjen pas krimit makab\u00ebr brenda nj\u00eb reparti ushtarak, n\u00eb Poli\u00e7an. K\u00ebshtu shprehet deputeti socialist, Erion Bra\u00e7e. \u201cKombinati i Poli\u00e7anit nuk \u00ebsht\u00eb nj\u00eb nd\u00ebrmarrje tregtare, por nj\u00eb repart ushtarak. Dhunimi i repartit dhe m\u00eb pas i kufom\u00ebs n\u00eb prani t\u00eb ushtarak\u00ebve nuk \u00ebsht\u00eb akt [&hellip;]\" \/>\n<meta property=\"og:url\" content=\"https:\/\/fjala.info\/2009-2015\/imami-te-jape-doreheqjen-pas-krimit-horror-ne-kombinatin-e-policanit\/\" \/>\n<meta property=\"og:site_name\" content=\"FjALA e LIR\u00cb - Arkivi\" \/>\n<meta property=\"article:published_time\" content=\"2012-08-07T20:25:01+00:00\" \/>\n<meta property=\"og:image\" content=\"http:\/\/www.fjala.info\/2012\/berisha_imami.jpg\" \/>\n<meta name=\"author\" content=\"admin\" \/>\n<meta name=\"twitter:card\" content=\"summary_large_image\" \/>\n<meta name=\"twitter:label1\" content=\"Written by\" \/>\n\t<meta name=\"twitter:data1\" content=\"admin\" \/>\n\t<meta name=\"twitter:label2\" content=\"Est. reading time\" \/>\n\t<meta name=\"twitter:data2\" content=\"2 minutes\" \/>\n<script type=\"application\/ld+json\" class=\"yoast-schema-graph\">{\"@context\":\"https:\\\/\\\/schema.org\",\"@graph\":[{\"@type\":\"Article\",\"@id\":\"https:\\\/\\\/fjala.info\\\/2009-2015\\\/imami-te-jape-doreheqjen-pas-krimit-horror-ne-kombinatin-e-policanit\\\/#article\",\"isPartOf\":{\"@id\":\"https:\\\/\\\/fjala.info\\\/2009-2015\\\/imami-te-jape-doreheqjen-pas-krimit-horror-ne-kombinatin-e-policanit\\\/\"},\"author\":{\"name\":\"admin\",\"@id\":\"https:\\\/\\\/fjala.info\\\/2009-2015\\\/#\\\/schema\\\/person\\\/3aa1163ef05469c496fc94e77611ada2\"},\"headline\":\"\u201cImami t\u00eb jap\u00eb dor\u00ebheqjen pas krimit horror n\u00eb kombinatin e Poli\u00e7anit\u201d\",\"datePublished\":\"2012-08-07T20:25:01+00:00\",\"mainEntityOfPage\":{\"@id\":\"https:\\\/\\\/fjala.info\\\/2009-2015\\\/imami-te-jape-doreheqjen-pas-krimit-horror-ne-kombinatin-e-policanit\\\/\"},\"wordCount\":403,\"commentCount\":0,\"publisher\":{\"@id\":\"https:\\\/\\\/fjala.info\\\/2009-2015\\\/#organization\"},\"image\":{\"@id\":\"https:\\\/\\\/fjala.info\\\/2009-2015\\\/imami-te-jape-doreheqjen-pas-krimit-horror-ne-kombinatin-e-policanit\\\/#primaryimage\"},\"thumbnailUrl\":\"http:\\\/\\\/www.fjala.info\\\/2012\\\/berisha_imami.jpg\",\"articleSection\":[\"Artikuj\"],\"inLanguage\":\"sq-AL\",\"potentialAction\":[{\"@type\":\"CommentAction\",\"name\":\"Comment\",\"target\":[\"https:\\\/\\\/fjala.info\\\/2009-2015\\\/imami-te-jape-doreheqjen-pas-krimit-horror-ne-kombinatin-e-policanit\\\/#respond\"]}]},{\"@type\":\"WebPage\",\"@id\":\"https:\\\/\\\/fjala.info\\\/2009-2015\\\/imami-te-jape-doreheqjen-pas-krimit-horror-ne-kombinatin-e-policanit\\\/\",\"url\":\"https:\\\/\\\/fjala.info\\\/2009-2015\\\/imami-te-jape-doreheqjen-pas-krimit-horror-ne-kombinatin-e-policanit\\\/\",\"name\":\"\u201cImami t\u00eb jap\u00eb dor\u00ebheqjen pas krimit horror n\u00eb kombinatin e Poli\u00e7anit\u201d - FjALA e LIR\u00cb - Arkivi\",\"isPartOf\":{\"@id\":\"https:\\\/\\\/fjala.info\\\/2009-2015\\\/#website\"},\"primaryImageOfPage\":{\"@id\":\"https:\\\/\\\/fjala.info\\\/2009-2015\\\/imami-te-jape-doreheqjen-pas-krimit-horror-ne-kombinatin-e-policanit\\\/#primaryimage\"},\"image\":{\"@id\":\"https:\\\/\\\/fjala.info\\\/2009-2015\\\/imami-te-jape-doreheqjen-pas-krimit-horror-ne-kombinatin-e-policanit\\\/#primaryimage\"},\"thumbnailUrl\":\"http:\\\/\\\/www.fjala.info\\\/2012\\\/berisha_imami.jpg\",\"datePublished\":\"2012-08-07T20:25:01+00:00\",\"breadcrumb\":{\"@id\":\"https:\\\/\\\/fjala.info\\\/2009-2015\\\/imami-te-jape-doreheqjen-pas-krimit-horror-ne-kombinatin-e-policanit\\\/#breadcrumb\"},\"inLanguage\":\"sq-AL\",\"potentialAction\":[{\"@type\":\"ReadAction\",\"target\":[\"https:\\\/\\\/fjala.info\\\/2009-2015\\\/imami-te-jape-doreheqjen-pas-krimit-horror-ne-kombinatin-e-policanit\\\/\"]}]},{\"@type\":\"ImageObject\",\"inLanguage\":\"sq-AL\",\"@id\":\"https:\\\/\\\/fjala.info\\\/2009-2015\\\/imami-te-jape-doreheqjen-pas-krimit-horror-ne-kombinatin-e-policanit\\\/#primaryimage\",\"url\":\"http:\\\/\\\/www.fjala.info\\\/2012\\\/berisha_imami.jpg\",\"contentUrl\":\"http:\\\/\\\/www.fjala.info\\\/2012\\\/berisha_imami.jpg\"},{\"@type\":\"BreadcrumbList\",\"@id\":\"https:\\\/\\\/fjala.info\\\/2009-2015\\\/imami-te-jape-doreheqjen-pas-krimit-horror-ne-kombinatin-e-policanit\\\/#breadcrumb\",\"itemListElement\":[{\"@type\":\"ListItem\",\"position\":1,\"name\":\"Home\",\"item\":\"https:\\\/\\\/fjala.info\\\/2009-2015\\\/\"},{\"@type\":\"ListItem\",\"position\":2,\"name\":\"\u201cImami t\u00eb jap\u00eb dor\u00ebheqjen pas krimit horror n\u00eb kombinatin e Poli\u00e7anit\u201d\"}]},{\"@type\":\"WebSite\",\"@id\":\"https:\\\/\\\/fjala.info\\\/2009-2015\\\/#website\",\"url\":\"https:\\\/\\\/fjala.info\\\/2009-2015\\\/\",\"name\":\"FjALA e LIR\u00cb - Arkivi\",\"description\":\"Arkivi 2009-2015\",\"publisher\":{\"@id\":\"https:\\\/\\\/fjala.info\\\/2009-2015\\\/#organization\"},\"potentialAction\":[{\"@type\":\"SearchAction\",\"target\":{\"@type\":\"EntryPoint\",\"urlTemplate\":\"https:\\\/\\\/fjala.info\\\/2009-2015\\\/?s={search_term_string}\"},\"query-input\":{\"@type\":\"PropertyValueSpecification\",\"valueRequired\":true,\"valueName\":\"search_term_string\"}}],\"inLanguage\":\"sq-AL\"},{\"@type\":\"Organization\",\"@id\":\"https:\\\/\\\/fjala.info\\\/2009-2015\\\/#organization\",\"name\":\"FjALA e LIR\u00cb - Arkivi\",\"url\":\"https:\\\/\\\/fjala.info\\\/2009-2015\\\/\",\"logo\":{\"@type\":\"ImageObject\",\"inLanguage\":\"sq-AL\",\"@id\":\"https:\\\/\\\/fjala.info\\\/2009-2015\\\/#\\\/schema\\\/logo\\\/image\\\/\",\"url\":\"\",\"contentUrl\":\"\",\"caption\":\"FjALA e LIR\u00cb - Arkivi\"},\"image\":{\"@id\":\"https:\\\/\\\/fjala.info\\\/2009-2015\\\/#\\\/schema\\\/logo\\\/image\\\/\"}},{\"@type\":\"Person\",\"@id\":\"https:\\\/\\\/fjala.info\\\/2009-2015\\\/#\\\/schema\\\/person\\\/3aa1163ef05469c496fc94e77611ada2\",\"name\":\"admin\",\"image\":{\"@type\":\"ImageObject\",\"inLanguage\":\"sq-AL\",\"@id\":\"https:\\\/\\\/fjala.info\\\/2009-2015\\\/wp-content\\\/uploads\\\/2012\\\/02\\\/arben_cokaj-120x150.jpg\",\"url\":\"https:\\\/\\\/fjala.info\\\/2009-2015\\\/wp-content\\\/uploads\\\/2012\\\/02\\\/arben_cokaj-120x150.jpg\",\"contentUrl\":\"https:\\\/\\\/fjala.info\\\/2009-2015\\\/wp-content\\\/uploads\\\/2012\\\/02\\\/arben_cokaj-120x150.jpg\",\"caption\":\"admin\"},\"description\":\"Admin, Fjala e Lir\u00eb\",\"sameAs\":[\"https:\\\/\\\/fjala.info\\\/\"],\"url\":\"https:\\\/\\\/fjala.info\\\/2009-2015\\\/author\\\/admin\\\/\"}]}<\/script>\n<!-- \/ Yoast SEO plugin. -->","yoast_head_json":{"title":"\u201cImami t\u00eb jap\u00eb dor\u00ebheqjen pas krimit horror n\u00eb kombinatin e Poli\u00e7anit\u201d - FjALA e LIR\u00cb - Arkivi","robots":{"index":"index","follow":"follow","max-snippet":"max-snippet:-1","max-image-preview":"max-image-preview:large","max-video-preview":"max-video-preview:-1"},"canonical":"https:\/\/fjala.info\/2009-2015\/imami-te-jape-doreheqjen-pas-krimit-horror-ne-kombinatin-e-policanit\/","og_locale":"sq_AL","og_type":"article","og_title":"\u201cImami t\u00eb jap\u00eb dor\u00ebheqjen pas krimit horror n\u00eb kombinatin e Poli\u00e7anit\u201d - FjALA e LIR\u00cb - Arkivi","og_description":"TemA, 7 Gusht 2012 Ministri i Mbrojtjes, Arben Imami, duhet t\u00eb jap\u00eb dor\u00ebheqjen pas krimit makab\u00ebr brenda nj\u00eb reparti ushtarak, n\u00eb Poli\u00e7an. K\u00ebshtu shprehet deputeti socialist, Erion Bra\u00e7e. \u201cKombinati i Poli\u00e7anit nuk \u00ebsht\u00eb nj\u00eb nd\u00ebrmarrje tregtare, por nj\u00eb repart ushtarak. Dhunimi i repartit dhe m\u00eb pas i kufom\u00ebs n\u00eb prani t\u00eb ushtarak\u00ebve nuk \u00ebsht\u00eb akt [&hellip;]","og_url":"https:\/\/fjala.info\/2009-2015\/imami-te-jape-doreheqjen-pas-krimit-horror-ne-kombinatin-e-policanit\/","og_site_name":"FjALA e LIR\u00cb - Arkivi","article_published_time":"2012-08-07T20:25:01+00:00","og_image":[{"url":"http:\/\/www.fjala.info\/2012\/berisha_imami.jpg","type":"","width":"","height":""}],"author":"admin","twitter_card":"summary_large_image","twitter_misc":{"Written by":"admin","Est. reading time":"2 minutes"},"schema":{"@context":"https:\/\/schema.org","@graph":[{"@type":"Article","@id":"https:\/\/fjala.info\/2009-2015\/imami-te-jape-doreheqjen-pas-krimit-horror-ne-kombinatin-e-policanit\/#article","isPartOf":{"@id":"https:\/\/fjala.info\/2009-2015\/imami-te-jape-doreheqjen-pas-krimit-horror-ne-kombinatin-e-policanit\/"},"author":{"name":"admin","@id":"https:\/\/fjala.info\/2009-2015\/#\/schema\/person\/3aa1163ef05469c496fc94e77611ada2"},"headline":"\u201cImami t\u00eb jap\u00eb dor\u00ebheqjen pas krimit horror n\u00eb kombinatin e Poli\u00e7anit\u201d","datePublished":"2012-08-07T20:25:01+00:00","mainEntityOfPage":{"@id":"https:\/\/fjala.info\/2009-2015\/imami-te-jape-doreheqjen-pas-krimit-horror-ne-kombinatin-e-policanit\/"},"wordCount":403,"commentCount":0,"publisher":{"@id":"https:\/\/fjala.info\/2009-2015\/#organization"},"image":{"@id":"https:\/\/fjala.info\/2009-2015\/imami-te-jape-doreheqjen-pas-krimit-horror-ne-kombinatin-e-policanit\/#primaryimage"},"thumbnailUrl":"http:\/\/www.fjala.info\/2012\/berisha_imami.jpg","articleSection":["Artikuj"],"inLanguage":"sq-AL","potentialAction":[{"@type":"CommentAction","name":"Comment","target":["https:\/\/fjala.info\/2009-2015\/imami-te-jape-doreheqjen-pas-krimit-horror-ne-kombinatin-e-policanit\/#respond"]}]},{"@type":"WebPage","@id":"https:\/\/fjala.info\/2009-2015\/imami-te-jape-doreheqjen-pas-krimit-horror-ne-kombinatin-e-policanit\/","url":"https:\/\/fjala.info\/2009-2015\/imami-te-jape-doreheqjen-pas-krimit-horror-ne-kombinatin-e-policanit\/","name":"\u201cImami t\u00eb jap\u00eb dor\u00ebheqjen pas krimit horror n\u00eb kombinatin e Poli\u00e7anit\u201d - FjALA e LIR\u00cb - Arkivi","isPartOf":{"@id":"https:\/\/fjala.info\/2009-2015\/#website"},"primaryImageOfPage":{"@id":"https:\/\/fjala.info\/2009-2015\/imami-te-jape-doreheqjen-pas-krimit-horror-ne-kombinatin-e-policanit\/#primaryimage"},"image":{"@id":"https:\/\/fjala.info\/2009-2015\/imami-te-jape-doreheqjen-pas-krimit-horror-ne-kombinatin-e-policanit\/#primaryimage"},"thumbnailUrl":"http:\/\/www.fjala.info\/2012\/berisha_imami.jpg","datePublished":"2012-08-07T20:25:01+00:00","breadcrumb":{"@id":"https:\/\/fjala.info\/2009-2015\/imami-te-jape-doreheqjen-pas-krimit-horror-ne-kombinatin-e-policanit\/#breadcrumb"},"inLanguage":"sq-AL","potentialAction":[{"@type":"ReadAction","target":["https:\/\/fjala.info\/2009-2015\/imami-te-jape-doreheqjen-pas-krimit-horror-ne-kombinatin-e-policanit\/"]}]},{"@type":"ImageObject","inLanguage":"sq-AL","@id":"https:\/\/fjala.info\/2009-2015\/imami-te-jape-doreheqjen-pas-krimit-horror-ne-kombinatin-e-policanit\/#primaryimage","url":"http:\/\/www.fjala.info\/2012\/berisha_imami.jpg","contentUrl":"http:\/\/www.fjala.info\/2012\/berisha_imami.jpg"},{"@type":"BreadcrumbList","@id":"https:\/\/fjala.info\/2009-2015\/imami-te-jape-doreheqjen-pas-krimit-horror-ne-kombinatin-e-policanit\/#breadcrumb","itemListElement":[{"@type":"ListItem","position":1,"name":"Home","item":"https:\/\/fjala.info\/2009-2015\/"},{"@type":"ListItem","position":2,"name":"\u201cImami t\u00eb jap\u00eb dor\u00ebheqjen pas krimit horror n\u00eb kombinatin e Poli\u00e7anit\u201d"}]},{"@type":"WebSite","@id":"https:\/\/fjala.info\/2009-2015\/#website","url":"https:\/\/fjala.info\/2009-2015\/","name":"FjALA e LIR\u00cb - Arkivi","description":"Arkivi 2009-2015","publisher":{"@id":"https:\/\/fjala.info\/2009-2015\/#organization"},"potentialAction":[{"@type":"SearchAction","target":{"@type":"EntryPoint","urlTemplate":"https:\/\/fjala.info\/2009-2015\/?s={search_term_string}"},"query-input":{"@type":"PropertyValueSpecification","valueRequired":true,"valueName":"search_term_string"}}],"inLanguage":"sq-AL"},{"@type":"Organization","@id":"https:\/\/fjala.info\/2009-2015\/#organization","name":"FjALA e LIR\u00cb - Arkivi","url":"https:\/\/fjala.info\/2009-2015\/","logo":{"@type":"ImageObject","inLanguage":"sq-AL","@id":"https:\/\/fjala.info\/2009-2015\/#\/schema\/logo\/image\/","url":"","contentUrl":"","caption":"FjALA e LIR\u00cb - Arkivi"},"image":{"@id":"https:\/\/fjala.info\/2009-2015\/#\/schema\/logo\/image\/"}},{"@type":"Person","@id":"https:\/\/fjala.info\/2009-2015\/#\/schema\/person\/3aa1163ef05469c496fc94e77611ada2","name":"admin","image":{"@type":"ImageObject","inLanguage":"sq-AL","@id":"https:\/\/fjala.info\/2009-2015\/wp-content\/uploads\/2012\/02\/arben_cokaj-120x150.jpg","url":"https:\/\/fjala.info\/2009-2015\/wp-content\/uploads\/2012\/02\/arben_cokaj-120x150.jpg","contentUrl":"https:\/\/fjala.info\/2009-2015\/wp-content\/uploads\/2012\/02\/arben_cokaj-120x150.jpg","caption":"admin"},"description":"Admin, Fjala e Lir\u00eb","sameAs":["https:\/\/fjala.info\/"],"url":"https:\/\/fjala.info\/2009-2015\/author\/admin\/"}]}},"_links":{"self":[{"href":"https:\/\/fjala.info\/2009-2015\/wp-json\/wp\/v2\/posts\/11995","targetHints":{"allow":["GET"]}}],"collection":[{"href":"https:\/\/fjala.info\/2009-2015\/wp-json\/wp\/v2\/posts"}],"about":[{"href":"https:\/\/fjala.info\/2009-2015\/wp-json\/wp\/v2\/types\/post"}],"author":[{"embeddable":true,"href":"https:\/\/fjala.info\/2009-2015\/wp-json\/wp\/v2\/users\/1"}],"replies":[{"embeddable":true,"href":"https:\/\/fjala.info\/2009-2015\/wp-json\/wp\/v2\/comments?post=11995"}],"version-history":[{"count":0,"href":"https:\/\/fjala.info\/2009-2015\/wp-json\/wp\/v2\/posts\/11995\/revisions"}],"wp:attachment":[{"href":"https:\/\/fjala.info\/2009-2015\/wp-json\/wp\/v2\/media?parent=11995"}],"wp:term":[{"taxonomy":"category","embeddable":true,"href":"https:\/\/fjala.info\/2009-2015\/wp-json\/wp\/v2\/categories?post=11995"},{"taxonomy":"post_tag","embeddable":true,"href":"https:\/\/fjala.info\/2009-2015\/wp-json\/wp\/v2\/tags?post=11995"}],"curies":[{"name":"wp","href":"https:\/\/api.w.org\/{rel}","templated":true}]}}