{"id":11994,"date":"2012-08-06T21:53:10","date_gmt":"2012-08-06T20:53:10","guid":{"rendered":"http:\/\/www.fjala.info\/?p=4239"},"modified":"2012-08-06T21:53:10","modified_gmt":"2012-08-06T20:53:10","slug":"mediu-legalizoi-prishjen-e-parkut-kombetar","status":"publish","type":"post","link":"https:\/\/fjala.info\/2009-2015\/mediu-legalizoi-prishjen-e-parkut-kombetar\/","title":{"rendered":"Mediu legalizoi prishjen e Parkut Komb\u00ebtar"},"content":{"rendered":"<p><img decoding=\"async\" class=\"alignleft size-thumbnail wp-image-7236\" title=\"Fatmir Mediu\" src=\"http:\/\/www.fjala.info\/2012\/fatmir_mediu.jpg\" alt=\"\" width=\"300\" \/> <strong>TemA<\/strong>, <em>6 Gusht 2012<\/em><\/p>\n<p>N\u00eb nj\u00eb vendim t\u00eb 4 korrikut 2012, ministri i Mjedisit, Fatmir Mediu, nxori akt miratimin p\u00ebr autorizimin mjedisor p\u00ebr nd\u00ebrtimin e segmentit rrugor pran\u00eb Fakultetit Histori- Filologji.<\/p>\n<p>Me k\u00ebt\u00eb akt, ministri Mjedisit lejon zgjerimin e rrug\u00ebs s\u00eb Elbasanit dhe prishjen e parkut Komb\u00ebtar. Meqen\u00ebse k\u00ebt\u00eb masak\u00ebr nuk duan q\u00eb ta kryejn\u00eb vet\u00eb, ministria i ka autorizuar lejen Drejtoris\u00eb s\u00eb P\u00ebrgjithshme t\u00eb Rrug\u00ebve.<\/p>\n<p>Leja mjedisore \u00ebsht\u00eb l\u00ebshuar n\u00ebp\u00ebrmjet Qendr\u00ebs Komb\u00ebtare t\u00eb Licencave m\u00eb 4 korrik 2012, por \u00ebsht\u00eb b\u00ebr\u00eb publike n\u00eb faqen e licencave t\u00eb QKL-s\u00eb m\u00eb 31 korrik, 27 dit\u00eb m\u00eb von\u00eb, \u00e7ka tregon dhe hezitimin q\u00eb ka pasur kjo ministri p\u00ebr t\u00eb publikuar lejen, shkruan sot gazeta Shqip.<\/p>\n<p>Leja mjedisore p\u00ebrmban kushte t\u00eb p\u00ebrgjithshme dhe nuk sakt\u00ebson n\u00eb m\u00ebnyr\u00eb konkrete sasin\u00eb e pem\u00ebve q\u00eb autorizon t\u00eb priten. Gjithashtu nuk sakt\u00ebsohet lloji dhe sasia e pem\u00ebve q\u00eb duhet t\u00eb mbillen.<\/p>\n<p>Dokumenti nuk p\u00ebrmban as vendin se ku do t\u00eb depozitohen mbetjet inerte t\u00eb g\u00ebrmimit, duke rrezikuar q\u00eb k\u00ebto mbetje t\u00eb flaken n\u00eb brigjet e lumit Erzen, duke i shtuar koston mjedisore k\u00ebtij projekti.<\/p>\n<p>Legalizimi i k\u00ebtyre punimeve b\u00ebn q\u00eb Bashkia e Tiran\u00ebs t\u00eb vijoj\u00eb pun\u00ebn e saj qet\u00eb- qet\u00eb p\u00ebr zgjerimin e rrug\u00ebs si pjes\u00eb e unaz\u00ebs s\u00eb madhe. N\u00eb nj\u00eb aksion t\u00eb dat\u00ebs 14 qershor, Drejtoria e P\u00ebrgjithshme e Rrug\u00ebve rrafshoi nj\u00eb sip\u00ebrfaqe t\u00eb konsiderueshme me pem\u00eb, n\u00eb hyrje t\u00eb Parkut Komb\u00ebtar t\u00eb Liqenit, p\u00ebrball\u00eb Fakultetit t\u00eb Filologjis\u00eb. Edhe pse kjo gj\u00eb u kund\u00ebrshtua nga ambientalist\u00eb dhe aktivist\u00eb t\u00eb shoq\u00ebris\u00eb civile e gazetar\u00eb, vesh\u00ebt mbet\u00ebn t\u00eb shurdh\u00ebr, pavar\u00ebsisht se d\u00ebmtohet nj\u00eb park.<\/p>\n","protected":false},"excerpt":{"rendered":"<p>TemA, 6 Gusht 2012 N\u00eb nj\u00eb vendim t\u00eb 4 korrikut 2012, ministri i Mjedisit, Fatmir Mediu, nxori akt miratimin p\u00ebr autorizimin mjedisor p\u00ebr nd\u00ebrtimin e segmentit rrugor pran\u00eb Fakultetit Histori- Filologji. Me k\u00ebt\u00eb akt, ministri Mjedisit lejon zgjerimin e rrug\u00ebs s\u00eb Elbasanit dhe prishjen e parkut Komb\u00ebtar. Meqen\u00ebse k\u00ebt\u00eb masak\u00ebr nuk duan q\u00eb ta kryejn\u00eb [&hellip;]<\/p>\n","protected":false},"author":1,"featured_media":0,"comment_status":"open","ping_status":"closed","sticky":false,"template":"","format":"standard","meta":{"footnotes":""},"categories":[2,5],"tags":[],"class_list":{"0":"post-11994","1":"post","2":"type-post","3":"status-publish","4":"format-standard","6":"category-artikuj","7":"category-lajme"},"yoast_head":"<!-- This site is optimized with the Yoast SEO plugin v27.4 - https:\/\/yoast.com\/product\/yoast-seo-wordpress\/ -->\n<title>Mediu legalizoi prishjen e Parkut Komb\u00ebtar - FjALA e LIR\u00cb - Arkivi<\/title>\n<meta name=\"robots\" content=\"index, follow, max-snippet:-1, max-image-preview:large, max-video-preview:-1\" \/>\n<link rel=\"canonical\" href=\"https:\/\/fjala.info\/2009-2015\/mediu-legalizoi-prishjen-e-parkut-kombetar\/\" \/>\n<meta property=\"og:locale\" content=\"sq_AL\" \/>\n<meta property=\"og:type\" content=\"article\" \/>\n<meta property=\"og:title\" content=\"Mediu legalizoi prishjen e Parkut Komb\u00ebtar - FjALA e LIR\u00cb - Arkivi\" \/>\n<meta property=\"og:description\" content=\"TemA, 6 Gusht 2012 N\u00eb nj\u00eb vendim t\u00eb 4 korrikut 2012, ministri i Mjedisit, Fatmir Mediu, nxori akt miratimin p\u00ebr autorizimin mjedisor p\u00ebr nd\u00ebrtimin e segmentit rrugor pran\u00eb Fakultetit Histori- Filologji. Me k\u00ebt\u00eb akt, ministri Mjedisit lejon zgjerimin e rrug\u00ebs s\u00eb Elbasanit dhe prishjen e parkut Komb\u00ebtar. Meqen\u00ebse k\u00ebt\u00eb masak\u00ebr nuk duan q\u00eb ta kryejn\u00eb [&hellip;]\" \/>\n<meta property=\"og:url\" content=\"https:\/\/fjala.info\/2009-2015\/mediu-legalizoi-prishjen-e-parkut-kombetar\/\" \/>\n<meta property=\"og:site_name\" content=\"FjALA e LIR\u00cb - Arkivi\" \/>\n<meta property=\"article:published_time\" content=\"2012-08-06T20:53:10+00:00\" \/>\n<meta property=\"og:image\" content=\"http:\/\/www.fjala.info\/2012\/fatmir_mediu.jpg\" \/>\n<meta name=\"author\" content=\"admin\" \/>\n<meta name=\"twitter:card\" content=\"summary_large_image\" \/>\n<meta name=\"twitter:label1\" content=\"Written by\" \/>\n\t<meta name=\"twitter:data1\" content=\"admin\" \/>\n\t<meta name=\"twitter:label2\" content=\"Est. reading time\" \/>\n\t<meta name=\"twitter:data2\" content=\"1 minute\" \/>\n<script type=\"application\/ld+json\" class=\"yoast-schema-graph\">{\"@context\":\"https:\\\/\\\/schema.org\",\"@graph\":[{\"@type\":\"Article\",\"@id\":\"https:\\\/\\\/fjala.info\\\/2009-2015\\\/mediu-legalizoi-prishjen-e-parkut-kombetar\\\/#article\",\"isPartOf\":{\"@id\":\"https:\\\/\\\/fjala.info\\\/2009-2015\\\/mediu-legalizoi-prishjen-e-parkut-kombetar\\\/\"},\"author\":{\"name\":\"admin\",\"@id\":\"https:\\\/\\\/fjala.info\\\/2009-2015\\\/#\\\/schema\\\/person\\\/3aa1163ef05469c496fc94e77611ada2\"},\"headline\":\"Mediu legalizoi prishjen e Parkut Komb\u00ebtar\",\"datePublished\":\"2012-08-06T20:53:10+00:00\",\"mainEntityOfPage\":{\"@id\":\"https:\\\/\\\/fjala.info\\\/2009-2015\\\/mediu-legalizoi-prishjen-e-parkut-kombetar\\\/\"},\"wordCount\":305,\"commentCount\":0,\"publisher\":{\"@id\":\"https:\\\/\\\/fjala.info\\\/2009-2015\\\/#organization\"},\"image\":{\"@id\":\"https:\\\/\\\/fjala.info\\\/2009-2015\\\/mediu-legalizoi-prishjen-e-parkut-kombetar\\\/#primaryimage\"},\"thumbnailUrl\":\"http:\\\/\\\/www.fjala.info\\\/2012\\\/fatmir_mediu.jpg\",\"articleSection\":[\"Artikuj\",\"Lajme\"],\"inLanguage\":\"sq-AL\",\"potentialAction\":[{\"@type\":\"CommentAction\",\"name\":\"Comment\",\"target\":[\"https:\\\/\\\/fjala.info\\\/2009-2015\\\/mediu-legalizoi-prishjen-e-parkut-kombetar\\\/#respond\"]}]},{\"@type\":\"WebPage\",\"@id\":\"https:\\\/\\\/fjala.info\\\/2009-2015\\\/mediu-legalizoi-prishjen-e-parkut-kombetar\\\/\",\"url\":\"https:\\\/\\\/fjala.info\\\/2009-2015\\\/mediu-legalizoi-prishjen-e-parkut-kombetar\\\/\",\"name\":\"Mediu legalizoi prishjen e Parkut Komb\u00ebtar - FjALA e LIR\u00cb - Arkivi\",\"isPartOf\":{\"@id\":\"https:\\\/\\\/fjala.info\\\/2009-2015\\\/#website\"},\"primaryImageOfPage\":{\"@id\":\"https:\\\/\\\/fjala.info\\\/2009-2015\\\/mediu-legalizoi-prishjen-e-parkut-kombetar\\\/#primaryimage\"},\"image\":{\"@id\":\"https:\\\/\\\/fjala.info\\\/2009-2015\\\/mediu-legalizoi-prishjen-e-parkut-kombetar\\\/#primaryimage\"},\"thumbnailUrl\":\"http:\\\/\\\/www.fjala.info\\\/2012\\\/fatmir_mediu.jpg\",\"datePublished\":\"2012-08-06T20:53:10+00:00\",\"breadcrumb\":{\"@id\":\"https:\\\/\\\/fjala.info\\\/2009-2015\\\/mediu-legalizoi-prishjen-e-parkut-kombetar\\\/#breadcrumb\"},\"inLanguage\":\"sq-AL\",\"potentialAction\":[{\"@type\":\"ReadAction\",\"target\":[\"https:\\\/\\\/fjala.info\\\/2009-2015\\\/mediu-legalizoi-prishjen-e-parkut-kombetar\\\/\"]}]},{\"@type\":\"ImageObject\",\"inLanguage\":\"sq-AL\",\"@id\":\"https:\\\/\\\/fjala.info\\\/2009-2015\\\/mediu-legalizoi-prishjen-e-parkut-kombetar\\\/#primaryimage\",\"url\":\"http:\\\/\\\/www.fjala.info\\\/2012\\\/fatmir_mediu.jpg\",\"contentUrl\":\"http:\\\/\\\/www.fjala.info\\\/2012\\\/fatmir_mediu.jpg\"},{\"@type\":\"BreadcrumbList\",\"@id\":\"https:\\\/\\\/fjala.info\\\/2009-2015\\\/mediu-legalizoi-prishjen-e-parkut-kombetar\\\/#breadcrumb\",\"itemListElement\":[{\"@type\":\"ListItem\",\"position\":1,\"name\":\"Home\",\"item\":\"https:\\\/\\\/fjala.info\\\/2009-2015\\\/\"},{\"@type\":\"ListItem\",\"position\":2,\"name\":\"Mediu legalizoi prishjen e Parkut Komb\u00ebtar\"}]},{\"@type\":\"WebSite\",\"@id\":\"https:\\\/\\\/fjala.info\\\/2009-2015\\\/#website\",\"url\":\"https:\\\/\\\/fjala.info\\\/2009-2015\\\/\",\"name\":\"FjALA e LIR\u00cb - Arkivi\",\"description\":\"Arkivi 2009-2015\",\"publisher\":{\"@id\":\"https:\\\/\\\/fjala.info\\\/2009-2015\\\/#organization\"},\"potentialAction\":[{\"@type\":\"SearchAction\",\"target\":{\"@type\":\"EntryPoint\",\"urlTemplate\":\"https:\\\/\\\/fjala.info\\\/2009-2015\\\/?s={search_term_string}\"},\"query-input\":{\"@type\":\"PropertyValueSpecification\",\"valueRequired\":true,\"valueName\":\"search_term_string\"}}],\"inLanguage\":\"sq-AL\"},{\"@type\":\"Organization\",\"@id\":\"https:\\\/\\\/fjala.info\\\/2009-2015\\\/#organization\",\"name\":\"FjALA e LIR\u00cb - Arkivi\",\"url\":\"https:\\\/\\\/fjala.info\\\/2009-2015\\\/\",\"logo\":{\"@type\":\"ImageObject\",\"inLanguage\":\"sq-AL\",\"@id\":\"https:\\\/\\\/fjala.info\\\/2009-2015\\\/#\\\/schema\\\/logo\\\/image\\\/\",\"url\":\"\",\"contentUrl\":\"\",\"caption\":\"FjALA e LIR\u00cb - Arkivi\"},\"image\":{\"@id\":\"https:\\\/\\\/fjala.info\\\/2009-2015\\\/#\\\/schema\\\/logo\\\/image\\\/\"}},{\"@type\":\"Person\",\"@id\":\"https:\\\/\\\/fjala.info\\\/2009-2015\\\/#\\\/schema\\\/person\\\/3aa1163ef05469c496fc94e77611ada2\",\"name\":\"admin\",\"image\":{\"@type\":\"ImageObject\",\"inLanguage\":\"sq-AL\",\"@id\":\"https:\\\/\\\/fjala.info\\\/2009-2015\\\/wp-content\\\/uploads\\\/2012\\\/02\\\/arben_cokaj-120x150.jpg\",\"url\":\"https:\\\/\\\/fjala.info\\\/2009-2015\\\/wp-content\\\/uploads\\\/2012\\\/02\\\/arben_cokaj-120x150.jpg\",\"contentUrl\":\"https:\\\/\\\/fjala.info\\\/2009-2015\\\/wp-content\\\/uploads\\\/2012\\\/02\\\/arben_cokaj-120x150.jpg\",\"caption\":\"admin\"},\"description\":\"Admin, Fjala e Lir\u00eb\",\"sameAs\":[\"https:\\\/\\\/fjala.info\\\/\"],\"url\":\"https:\\\/\\\/fjala.info\\\/2009-2015\\\/author\\\/admin\\\/\"}]}<\/script>\n<!-- \/ Yoast SEO plugin. -->","yoast_head_json":{"title":"Mediu legalizoi prishjen e Parkut Komb\u00ebtar - FjALA e LIR\u00cb - Arkivi","robots":{"index":"index","follow":"follow","max-snippet":"max-snippet:-1","max-image-preview":"max-image-preview:large","max-video-preview":"max-video-preview:-1"},"canonical":"https:\/\/fjala.info\/2009-2015\/mediu-legalizoi-prishjen-e-parkut-kombetar\/","og_locale":"sq_AL","og_type":"article","og_title":"Mediu legalizoi prishjen e Parkut Komb\u00ebtar - FjALA e LIR\u00cb - Arkivi","og_description":"TemA, 6 Gusht 2012 N\u00eb nj\u00eb vendim t\u00eb 4 korrikut 2012, ministri i Mjedisit, Fatmir Mediu, nxori akt miratimin p\u00ebr autorizimin mjedisor p\u00ebr nd\u00ebrtimin e segmentit rrugor pran\u00eb Fakultetit Histori- Filologji. Me k\u00ebt\u00eb akt, ministri Mjedisit lejon zgjerimin e rrug\u00ebs s\u00eb Elbasanit dhe prishjen e parkut Komb\u00ebtar. Meqen\u00ebse k\u00ebt\u00eb masak\u00ebr nuk duan q\u00eb ta kryejn\u00eb [&hellip;]","og_url":"https:\/\/fjala.info\/2009-2015\/mediu-legalizoi-prishjen-e-parkut-kombetar\/","og_site_name":"FjALA e LIR\u00cb - Arkivi","article_published_time":"2012-08-06T20:53:10+00:00","og_image":[{"url":"http:\/\/www.fjala.info\/2012\/fatmir_mediu.jpg","type":"","width":"","height":""}],"author":"admin","twitter_card":"summary_large_image","twitter_misc":{"Written by":"admin","Est. reading time":"1 minute"},"schema":{"@context":"https:\/\/schema.org","@graph":[{"@type":"Article","@id":"https:\/\/fjala.info\/2009-2015\/mediu-legalizoi-prishjen-e-parkut-kombetar\/#article","isPartOf":{"@id":"https:\/\/fjala.info\/2009-2015\/mediu-legalizoi-prishjen-e-parkut-kombetar\/"},"author":{"name":"admin","@id":"https:\/\/fjala.info\/2009-2015\/#\/schema\/person\/3aa1163ef05469c496fc94e77611ada2"},"headline":"Mediu legalizoi prishjen e Parkut Komb\u00ebtar","datePublished":"2012-08-06T20:53:10+00:00","mainEntityOfPage":{"@id":"https:\/\/fjala.info\/2009-2015\/mediu-legalizoi-prishjen-e-parkut-kombetar\/"},"wordCount":305,"commentCount":0,"publisher":{"@id":"https:\/\/fjala.info\/2009-2015\/#organization"},"image":{"@id":"https:\/\/fjala.info\/2009-2015\/mediu-legalizoi-prishjen-e-parkut-kombetar\/#primaryimage"},"thumbnailUrl":"http:\/\/www.fjala.info\/2012\/fatmir_mediu.jpg","articleSection":["Artikuj","Lajme"],"inLanguage":"sq-AL","potentialAction":[{"@type":"CommentAction","name":"Comment","target":["https:\/\/fjala.info\/2009-2015\/mediu-legalizoi-prishjen-e-parkut-kombetar\/#respond"]}]},{"@type":"WebPage","@id":"https:\/\/fjala.info\/2009-2015\/mediu-legalizoi-prishjen-e-parkut-kombetar\/","url":"https:\/\/fjala.info\/2009-2015\/mediu-legalizoi-prishjen-e-parkut-kombetar\/","name":"Mediu legalizoi prishjen e Parkut Komb\u00ebtar - FjALA e LIR\u00cb - Arkivi","isPartOf":{"@id":"https:\/\/fjala.info\/2009-2015\/#website"},"primaryImageOfPage":{"@id":"https:\/\/fjala.info\/2009-2015\/mediu-legalizoi-prishjen-e-parkut-kombetar\/#primaryimage"},"image":{"@id":"https:\/\/fjala.info\/2009-2015\/mediu-legalizoi-prishjen-e-parkut-kombetar\/#primaryimage"},"thumbnailUrl":"http:\/\/www.fjala.info\/2012\/fatmir_mediu.jpg","datePublished":"2012-08-06T20:53:10+00:00","breadcrumb":{"@id":"https:\/\/fjala.info\/2009-2015\/mediu-legalizoi-prishjen-e-parkut-kombetar\/#breadcrumb"},"inLanguage":"sq-AL","potentialAction":[{"@type":"ReadAction","target":["https:\/\/fjala.info\/2009-2015\/mediu-legalizoi-prishjen-e-parkut-kombetar\/"]}]},{"@type":"ImageObject","inLanguage":"sq-AL","@id":"https:\/\/fjala.info\/2009-2015\/mediu-legalizoi-prishjen-e-parkut-kombetar\/#primaryimage","url":"http:\/\/www.fjala.info\/2012\/fatmir_mediu.jpg","contentUrl":"http:\/\/www.fjala.info\/2012\/fatmir_mediu.jpg"},{"@type":"BreadcrumbList","@id":"https:\/\/fjala.info\/2009-2015\/mediu-legalizoi-prishjen-e-parkut-kombetar\/#breadcrumb","itemListElement":[{"@type":"ListItem","position":1,"name":"Home","item":"https:\/\/fjala.info\/2009-2015\/"},{"@type":"ListItem","position":2,"name":"Mediu legalizoi prishjen e Parkut Komb\u00ebtar"}]},{"@type":"WebSite","@id":"https:\/\/fjala.info\/2009-2015\/#website","url":"https:\/\/fjala.info\/2009-2015\/","name":"FjALA e LIR\u00cb - Arkivi","description":"Arkivi 2009-2015","publisher":{"@id":"https:\/\/fjala.info\/2009-2015\/#organization"},"potentialAction":[{"@type":"SearchAction","target":{"@type":"EntryPoint","urlTemplate":"https:\/\/fjala.info\/2009-2015\/?s={search_term_string}"},"query-input":{"@type":"PropertyValueSpecification","valueRequired":true,"valueName":"search_term_string"}}],"inLanguage":"sq-AL"},{"@type":"Organization","@id":"https:\/\/fjala.info\/2009-2015\/#organization","name":"FjALA e LIR\u00cb - Arkivi","url":"https:\/\/fjala.info\/2009-2015\/","logo":{"@type":"ImageObject","inLanguage":"sq-AL","@id":"https:\/\/fjala.info\/2009-2015\/#\/schema\/logo\/image\/","url":"","contentUrl":"","caption":"FjALA e LIR\u00cb - Arkivi"},"image":{"@id":"https:\/\/fjala.info\/2009-2015\/#\/schema\/logo\/image\/"}},{"@type":"Person","@id":"https:\/\/fjala.info\/2009-2015\/#\/schema\/person\/3aa1163ef05469c496fc94e77611ada2","name":"admin","image":{"@type":"ImageObject","inLanguage":"sq-AL","@id":"https:\/\/fjala.info\/2009-2015\/wp-content\/uploads\/2012\/02\/arben_cokaj-120x150.jpg","url":"https:\/\/fjala.info\/2009-2015\/wp-content\/uploads\/2012\/02\/arben_cokaj-120x150.jpg","contentUrl":"https:\/\/fjala.info\/2009-2015\/wp-content\/uploads\/2012\/02\/arben_cokaj-120x150.jpg","caption":"admin"},"description":"Admin, Fjala e Lir\u00eb","sameAs":["https:\/\/fjala.info\/"],"url":"https:\/\/fjala.info\/2009-2015\/author\/admin\/"}]}},"_links":{"self":[{"href":"https:\/\/fjala.info\/2009-2015\/wp-json\/wp\/v2\/posts\/11994","targetHints":{"allow":["GET"]}}],"collection":[{"href":"https:\/\/fjala.info\/2009-2015\/wp-json\/wp\/v2\/posts"}],"about":[{"href":"https:\/\/fjala.info\/2009-2015\/wp-json\/wp\/v2\/types\/post"}],"author":[{"embeddable":true,"href":"https:\/\/fjala.info\/2009-2015\/wp-json\/wp\/v2\/users\/1"}],"replies":[{"embeddable":true,"href":"https:\/\/fjala.info\/2009-2015\/wp-json\/wp\/v2\/comments?post=11994"}],"version-history":[{"count":0,"href":"https:\/\/fjala.info\/2009-2015\/wp-json\/wp\/v2\/posts\/11994\/revisions"}],"wp:attachment":[{"href":"https:\/\/fjala.info\/2009-2015\/wp-json\/wp\/v2\/media?parent=11994"}],"wp:term":[{"taxonomy":"category","embeddable":true,"href":"https:\/\/fjala.info\/2009-2015\/wp-json\/wp\/v2\/categories?post=11994"},{"taxonomy":"post_tag","embeddable":true,"href":"https:\/\/fjala.info\/2009-2015\/wp-json\/wp\/v2\/tags?post=11994"}],"curies":[{"name":"wp","href":"https:\/\/api.w.org\/{rel}","templated":true}]}}