{"id":11992,"date":"2012-08-05T21:11:31","date_gmt":"2012-08-05T20:11:31","guid":{"rendered":"http:\/\/www.fjala.info\/?p=4220"},"modified":"2012-08-05T21:11:31","modified_gmt":"2012-08-05T20:11:31","slug":"perse-gjendemi-ne-olimpiade","status":"publish","type":"post","link":"https:\/\/fjala.info\/2009-2015\/perse-gjendemi-ne-olimpiade\/","title":{"rendered":"P\u00ebrse gjendemi n\u00eb Olimpiad\u00eb?"},"content":{"rendered":"<p><img decoding=\"async\" class=\"alignright size-thumbnail wp-image-7236\" title=\"Olimpiad\u00eb...\" src=\"http:\/\/www.fjala.info\/2012\/olimpiade.jpg\" alt=\"\" width=\"300\" \/> Nga <strong>Arian Muraj<\/strong>, <em>5 gusht 2012<\/em><\/p>\n<p>Loj\u00ebrat Olimpike nuk jan\u00eb thjesht nj\u00eb eveniment! P\u00ebrkundrazi, jan\u00eb evenimenti m\u00eb i r\u00ebnd\u00ebsish\u00ebm sportiv i planetit! Thuaj se t\u00ebr\u00eb shtetet e bot\u00ebs marrin pjes\u00eb n\u00eb t\u00eb! P\u00ebr arsye se t\u00ebr\u00eb planeti e ka v\u00ebm\u00ebndjen t\u00eb p\u00ebrq\u00ebndruar tek ajo, shpesh p\u00ebrdoret p\u00ebr t\u00eb t\u00ebrhequr v\u00ebmendjen me gj\u00ebra q\u00eb nuk kan\u00eb t\u00eb b\u00ebjn\u00eb me sportin! Besime politike apo fetare si rastet e shamive n\u00eb kok\u00eb t\u00eb atleteve nga vende myslimane apo nderimi me grushtin lart me dorez\u00eb t\u00eb zez\u00eb i atlet\u00ebve Tomi Smith dhe Xhon Karlos n\u00eb shenj\u00eb mb\u00ebshtetje p\u00ebr &#8220;Panterat e Zeza&#8221; shum\u00eb koh\u00eb m\u00eb par\u00eb! Mbi t\u00eb t\u00ebra, edhe pse kan\u00eb kaluar mbi 40 vjet, akoma \u00ebsht\u00eb aq e fresk\u00ebt dhimbja e shkaktuar prej aktit terrorist ndaj delegacionit Izraelit n\u00eb Olimpiad\u00ebn e Mynihut! Tashm\u00eb, n\u00ebp\u00ebr kinemat\u00eb e bot\u00ebs, qarkullon edhe filmi i bazuar mbi ngjarjen e r\u00ebnd\u00eb n\u00eb fjal\u00eb me aktor\u00ebt Daniel Kreig dhe Matie Kasovi\u00e7.<\/p>\n<p>N\u00eb rastin e markave t\u00eb njohura sportive, \u00ebsht\u00eb momenti i &#8220;p\u00ebrplasjeve&#8221; midis tyre! \u00c7do betej\u00eb atlet\u00ebsh, \u00e7do medalje ari, p\u00ebrve\u00e7 t\u00eb tjerave \u00ebsht\u00eb edhe nj\u00eb fitore p\u00ebr mark\u00ebn q\u00eb prodhon rrobat atletike t\u00eb pjes\u00ebmarrjes s\u00eb tyre. Nj\u00eb reklam\u00eb dhe nj\u00ebkoh\u00ebsisht nj\u00eb luft\u00eb e pafund p\u00ebr dhe midis markave &#8220;Nike&#8221;, &#8220;Adidas&#8221;, &#8220;Puma&#8221;, &#8220;Rebook&#8221;, &#8220;Speedo&#8221; etj,etj.<\/p>\n<p>Kujtoni at\u00eb historin\u00eb e dy v\u00ebllez\u00ebrve Dassler nga Gjermania. I madhi, Adolf, i njohur emrin e shkurt\u00ebr Adi, pasi u nda prej t\u00eb v\u00ebllait p\u00ebr t\u00eb krijuar secili firm\u00ebn e tij t\u00eb k\u00ebpuc\u00ebve atletike, nuk p\u00ebrtoi t\u00eb vinte deri n\u00eb Amerik\u00eb duke arritur t\u00eb b\u00ebhet  sponsori i par\u00eb i nj\u00eb afroamerikani, i t\u00eb pavdekshmit Xhesi Ouens q\u00eb sfidoi teorin\u00eb naziste tamam n\u00ebn v\u00ebshtrimin e Hitlerit! Ai fitoi kat\u00ebr medalje n\u00eb Olimpiad\u00ebn n\u00eb fjal\u00eb dhe t\u00eb pakt\u00ebn vet\u00ebm prej k\u00ebsaj, iu b\u00eb aq jehon\u00eb mark\u00ebs &#8220;Adidas&#8221; (prej Adi Dassler), sa q\u00eb firma arriti t\u00eb shes\u00eb deri n\u00eb 200.000 pal\u00eb n\u00eb vit para luft\u00ebs s\u00eb dyt\u00eb bot\u00ebrore!<\/p>\n<p>I v\u00ebllai,Rudolf, i njohur edhe ai me emrin e tij t\u00eb shkurt\u00ebr, pra, Rudi, krijoi  firm\u00ebn e tij. E quajti &#8220;Ruda&#8221;. Ashtu  si\u00e7 veproi v\u00ebllai i tij me inicialet e emrit dhe mbiemrit. Pra Rudi Dassler n\u00eb &#8220;Ruda&#8221; p\u00ebr ta ndryshuar p\u00ebrfundimisht emrin n\u00eb &#8220;Puma Schuhfabrik Rudolf Dassler&#8221;  n\u00eb 1948! Goli i par\u00eb gjerman i pasluft\u00ebs, erdhi nga k\u00ebmb\u00ebt e Herbert Burdenski, i cili vishte &#8220;Puma&#8221;. Dhe vijm\u00eb tek Olimpiada e vitit 1952 kur atleti i 1.500m, Jossy Barthel u ngjit n\u00eb vendin e par\u00eb me&#8230;k\u00ebpuc\u00eb atletike &#8220;Puma&#8221;! Ishte medalja e par\u00eb e art\u00eb p\u00ebr &#8220;Puma&#8221;! Atleti ishte&#8230;nga Luksemburgu!<\/p>\n<p>Hiret e trupave t\u00eb Adolf dhe Rudolf Dassler, pas vdekjes s\u00eb tyre, ndodhen jo pran\u00eb nj\u00ebri tjetrit n\u00eb varrezat e qytetit t\u00eb tyre t\u00eb vog\u00ebl Herzogenaurach diku 20 kilometra larg Nurembergut! Konkurenca, vazhdon edhe sot!<\/p>\n<p>\u00c7do shtet q\u00eb organizon Olimpiad\u00ebn k\u00ebrkon dhe mbetet n\u00eb histori p\u00ebr nj\u00ebr\u00ebn ose tjetr\u00ebn ndodhi! N\u00eb Olimpiad\u00ebn e Pekinit, mij\u00ebra ushtar\u00eb-skllev\u00ebr punonin papushim n\u00eb stadium duke mbajtur n\u00eb trup &#8230;bebelina si foshnjet, n\u00eb m\u00ebnyr\u00eb q\u00eb t\u00eb mos humbisnin koh\u00ebn duke vajtur n\u00ebp\u00ebr banjo p\u00ebr kryerjen e nevojave personale. P\u00ebr ceremonin\u00eb e hapjes n\u00eb Lond\u00ebr u impenjua nj\u00eb nga regjizor\u00ebt m\u00eb t\u00eb njohur t\u00eb Holly\u00ebood-it, Dany Boyl! I paharruesh\u00ebm mbetet arushi (maskot)  &#8220;Misha&#8221; me lot\u00ebt e tij n\u00eb dit\u00ebn e fundit t\u00eb loj\u00ebrave olimpike t\u00eb Bashkimit Sovjetik! N\u00eb hapjen e Olimpiad\u00ebs n\u00eb Athin\u00eb, parakaloi edhe romi me &#8220;Datsun&#8221; me karroceri t\u00eb mbushur me patate, pjes\u00eb e jet\u00ebs s\u00eb p\u00ebrditshme t\u00eb Greqis\u00eb n\u00eb vitet 80-t\u00eb sidomos!<\/p>\n<p>Olimpiada \u00ebsht\u00eb tashm\u00eb s\u00eb pari nj\u00eb biznes! Nj\u00eb dit\u00eb transmetimi i loj\u00ebrave olimpike sjell fitime m\u00eb t\u00eb m\u00ebdha se sa transmetimi i faz\u00ebs finale t\u00eb kampionatit Bot\u00ebror t\u00eb futbollit! \u00cbsht\u00eb nj\u00eb sfid\u00eb komerciale p\u00ebr hotelet q\u00eb strehojn\u00eb delegacionet olimpike, spektator\u00ebt e ardhur nga t\u00ebr\u00eb bota, p\u00ebr restorantet, taksit\u00eb, agjensit\u00eb turistike, linjat ajrore p\u00ebr \u00e7do lloj gj\u00ebje ku rreh impulsi i biznesit t\u00eb nj\u00eb vendi.<\/p>\n<p>Olimpiada lidhet direkt me historin\u00eb! \u00c7do shtet k\u00ebrkon t\u00eb mbes\u00eb n\u00eb histori me organizimin e Olimpiad\u00ebs p\u00ebrkat\u00ebse. \u00c7do atlet k\u00ebrkon t\u00eb lidh\u00eb emrin e tija me historin\u00eb ashtu si Xhesi Ouens, Bob Bimon,Karl Ljuis,Nadia Kumaneshi e sa e sa t\u00eb tjer\u00eb! Shtetet e vogla hyjn\u00eb n\u00eb histori vet\u00ebm e vet\u00ebm sepse p\u00ebrfaq\u00ebsohen n\u00eb Olimpiad\u00eb. Atlet\u00ebt e tyre gjithashtu dhe kur ndodh q\u00eb sjellin medalje n\u00eb atdhe, at\u00ebher\u00eb jan\u00eb b\u00ebr\u00eb pjes\u00eb e historis\u00eb s\u00eb atij shteti! Q\u00eb nga pritja si heronj n\u00ebp\u00ebr aeroporte, parakalimi n\u00ebp\u00ebr bulevarde qendrore mbi nj\u00eb makin\u00eb t\u00eb zbuluar, ajo pritje q\u00eb ju rezervua Neil Armstrong-ut dhe Buzz Aldrin-it kur u kthyen nga H\u00ebna m\u00eb 1969 e deri p\u00ebrjet\u00ebsimi i emrit t\u00eb tyre n\u00eb stadiume, shkolla, rrug\u00eb, tragete si n\u00eb rastin e sprinterit grek Kostas Qederis!<\/p>\n<p>Kuptohet pra se \u00e7far\u00eb do t\u00eb thot\u00eb pjes\u00ebmarrje e Shqip\u00ebris\u00eb n\u00eb Olimpiad\u00eb! Kjo ver\u00eb e vitit 2012 arriti kaq zhg\u00ebnjyese me eliminimin e ekipeve tona n\u00eb futboll n\u00eb Kupat e Europ\u00ebs. Nj\u00eb kualifikim i Tiran\u00ebs n\u00eb Luksemburg dhe nj\u00eb fitore e Sk\u00ebnderbeut ishin tep\u00ebr pak p\u00ebr t\u00eb harruar thas\u00ebt me gola q\u00eb na dhuruan n\u00eb Gjeorgji dhe n\u00eb Norvegji!  Futbolli si sport, nuk pranon q\u00eb nuk pranon t\u00eb ringjallet dhe presim di\u00e7ka vet\u00ebm nga Xhani de Biazi se mos ka ndonj\u00eb formul\u00eb magjike p\u00ebr Komb\u00ebtaren! Kurse p\u00ebr sa i p\u00ebrket sporteve t\u00eb tjera&#8230;<\/p>\n<p>Le t\u00eb vijm\u00eb tani tek atlet\u00ebt tan\u00eb n\u00eb Olimpiad\u00eb. Ku jemi? \u00c7far\u00eb po arrijm\u00eb? Pa filluar mir\u00eb loj\u00ebrat Olimpike, ne filluam me shpalljen pozitiv n\u00eb testin antidoping t\u00eb pesh\u00ebngrit\u00ebsit Hysen Pulaku!!! Ky mbase ishte nj\u00eb record Olimpik nd\u00ebr koh\u00ebra dhe medalja e v\u00ebrtet\u00eb q\u00eb na takonte! Q\u00eb meritonim! E kishim q\u00eb e kishim t\u00eb fresk\u00ebt dhimbjen sportive komb\u00ebtare me Erkand Qerimajn, po kjo \u00e7&#8217;ishte? Pra ku e ku sa larg nga Ymer Pampuri i Olimpiad\u00ebs s\u00eb vitit 1972, kur dilte i pari me 127.5 kg n\u00eb stilin e forc\u00ebs at\u00ebher\u00eb, duke thyer rekordin olimpik t\u00eb Yushinobu Miyake t\u00eb Japonis\u00eb!<\/p>\n<p>Shpresat tona t\u00eb v\u00ebrteta p\u00ebr nj\u00eb medalje q\u00ebndronin tek Majlinda Kelmendi dhe Romela Begaj. Por ja q\u00eb, qysh tani t\u00eb dyja atletet mbet\u00ebn jasht\u00eb loj\u00ebrave kaq her\u00ebt! Si\u00e7 pranon n\u00eb hidh\u00ebrimin e saj t\u00eb sinqert\u00eb dhe aq prek\u00ebs Majlinda Kelmendi,u eliminua pik\u00ebrisht at\u00ebher\u00eb kur e kishte far\u00eb t\u00eb sigurt\u00eb fitoren ndaj nj\u00eb kund\u00ebrshtareje krejt modeste. N\u00eb rregull dhe besoj se nuk mund t\u00eb shpjegohet ndryshe, por mendja vete tek puna psikologjike q\u00eb b\u00ebhet me atleten. P\u00ebrgatitja e sakt\u00eb psikologjike n\u00eb mosmbivler\u00ebsimin dhe mosn\u00ebnvler\u00ebsimin e kund\u00ebrshtarit, pjekuria gjat\u00eb dyluftimit, durimi etj. Sidoqoft\u00eb, nj\u00eb shpres\u00eb e madhe e jona humbi kaq her\u00ebt n\u00eb m\u00ebnyr\u00ebn m\u00eb t\u00eb pabesueshme!<\/p>\n<p>Vijm\u00eb tek Romela Begaj! Nj\u00eb tjet\u00ebr shpres\u00eb, krejt\u00ebsisht normale p\u00ebr sjelljen e nj\u00eb medaljeje olimpike n\u00eb vend por&#8230;rr\u00ebqethesh kur lexon deklaratat e shefit t\u00eb misionit Olimpik n\u00eb Lond\u00ebr, z. Viron Bezhani kur thot\u00eb se &#8220;ai nuk \u00ebsht\u00eb marr\u00eb asnj\u00ebher\u00eb me sportin e shtang\u00ebs, p\u00ebr t\u00eb mos th\u00ebn\u00eb q\u00eb \u00ebsht\u00eb mjaft i ri p\u00ebr t\u00eb qen\u00eb trajner\u201d. E shikoni ku \u00ebsht\u00eb katandisur sporti yn\u00eb? Ju e keni par\u00eb n\u00eb televizor, ata nuk dinin as kur kishin radh\u00ebn e jo m\u00eb t\u00eb pretendosh rezultate. Sportisti duhet t\u00eb jet\u00eb i qet\u00eb kur t\u00eb garoj\u00eb, duhet t\u00eb mendoj\u00eb vet\u00ebm p\u00ebr konkurrimin e jo t\u00eb pushtohet nga emocionet. Pas gar\u00ebs, Romela thoshte se trajneri i dyt\u00eb s\u2019i kishte b\u00ebr\u00eb mir\u00eb nxemjen e gj\u00ebra t\u00eb til. Viron Bezhani i tha t\u00eb t\u00ebra ato q\u00eb mund t\u00eb thoja un\u00eb dhe kushdo tjet\u00ebr si un\u00eb. Nuk tha vet\u00ebm q\u00eb, midis t\u00eb tjerave, traineri i saj \u00ebsht\u00eb edhe i fejuari i saj dhe kur lexon se ajo akuzon trainerin e dyt\u00eb p\u00ebr d\u00ebshtimin e saj, t\u00eb krijohet nj\u00eb hije dyshimi p\u00ebr mbar\u00ebvajtjen e pun\u00ebs si nj\u00eb ekip!<\/p>\n<p>Dhe arrijm\u00eb k\u00ebshtu tek Klodiana Shala! Me pjes\u00ebmarrjen e saj t\u00eb rregullt n\u00eb tre olimpiadat e fundit, Sidney 2000, e 52-ta n\u00eb gar\u00ebn e 400 m n\u00eb mosh\u00ebn 21 vje\u00e7, n\u00eb Athin\u00eb 2004 e 33-ta n\u00eb 400 m n\u00eb mosh\u00ebn 25 vje\u00e7 dhe Pekin 2008 e 46-ta n\u00eb mosh\u00ebn 29 vje\u00e7. Ka di\u00e7ka k\u00ebtu q\u00eb nuk duhet l\u00ebn\u00eb t\u00eb kaloj\u00eb pa u p\u00ebrmendur. Q\u00eb koha e saj n\u00eb Athin\u00eb 2004, ishte 60 sekonda dhe n\u00eb Kin\u00eb 54.84 sekonda. Q\u00eb do t\u00eb thot\u00eb se ndon\u00ebse p\u00ebrmir\u00ebsoi koh\u00ebn e saj personale, pra pati nj\u00eb ecuri m\u00eb t\u00eb mir\u00eb si sportiste n\u00eb gar\u00ebn e 400 metrave, vendi i 46-t\u00eb nuk i jep nj\u00eb pozicion m\u00eb t\u00eb mir\u00eb se sa vendi i 33-t\u00eb i para kat\u00ebr viteve, ndon\u00ebse kat\u00ebr vjet m\u00eb pas, rezulton me nj\u00eb koh\u00eb m\u00eb t\u00eb mir\u00eb! \u00c7far\u00eb n\u00ebnkuptohet? Q\u00eb gjat\u00eb kat\u00ebr viteve, atletika bot\u00ebrore ka p\u00ebrparuar aq shum\u00eb sa q\u00eb nuk mjafton thjesht t\u00eb p\u00ebrmir\u00ebsosh koh\u00ebn t\u00ebnde t\u00eb mbulimit t\u00eb 400 metrave! Pra, k\u00ebrkohet nj\u00eb pun\u00eb jasht\u00ebzakonisht e madhe, q\u00eb t\u00eb kalosh vetveten, t\u00eb pakt\u00ebn duke u p\u00ebrmir\u00ebsuar n\u00eb renditje sepse p\u00ebr medalje&#8230;duhet t\u00eb ndryshosh mbase ligjet e natyr\u00ebs!<\/p>\n<p>At\u00ebher\u00eb, pas kat\u00ebr viteve \u00e7far\u00eb mund t\u00eb arrinte Klodiana dhe n\u00eb mosh\u00ebn 33 vje\u00e7? Flasim p\u00ebr nj\u00eb atlete t\u00eb 400 metrave n\u00eb k\u00ebt\u00eb mosh\u00eb dhe kur shkohet n\u00eb olimpiade si mbajt\u00ebse e flamurit, si Drejtoresh\u00eb e Agjencis\u00eb s\u00eb Sh\u00ebrbimit t\u00eb Sportit dhe duke qen\u00eb sportistja me pjes\u00ebmarrjen e saj t\u00eb rregullt n\u00eb Olimpiad\u00ebn e kat\u00ebrt radhazi si edhe emri i saj i r\u00ebnd\u00eb n\u00eb atletik\u00ebn shqiptare, \u00e7far\u00eb duhet t\u00eb presim? Ndodhi ajo q\u00eb nuk pritej! Klodiana nuk mori pjes\u00eb n\u00eb gar\u00eb!<\/p>\n<p>Vijm\u00eb tek deklarata e mjekut t\u00eb ekipit Mel Ostreni. \u201c\u00cbsht\u00eb e v\u00ebrtet\u00eb ka nj\u00eb d\u00ebmtim i cili \u00ebsht\u00eb nj\u00eb d\u00ebmtim i vjet\u00ebr q\u00eb her\u00eb pas here i rishfaqet. Iu rishfaq n\u00eb st\u00ebrvitje, iu b\u00ebn\u00eb t\u00eb gjitha ekzaminimet n\u00eb fshatin Olimpik nga mjek\u00eb anglez\u00eb, e  shoq\u00ebrova edhe un\u00eb. Iu b\u00eb dhe rezonanca magnetike me disa m\u00ebnyra q\u00eb ne nuk i b\u00ebjm\u00eb dot n\u00eb Tiran\u00eb, k\u00ebshtu q\u00eb rezultoi e d\u00ebmtuar. Menj\u00ebher\u00eb pas k\u00ebsaj t\u00eb nes\u00ebrmen u gdhi me temperatur\u00eb dhe n\u00eb k\u00ebto kushte vendos\u00ebm q\u00eb ajo t\u00eb mos marr\u00eb pjes\u00eb n\u00eb gar\u00eb&#8221;. \u00c7far\u00eb duhet t\u00eb kuptojm\u00eb? E dinit q\u00eb ishte e d\u00ebmtuar? P\u00ebrderisa e dinit q\u00eb n\u00eb Tiran\u00eb nuk b\u00ebhen &#8220;disa m\u00ebnyra&#8221; t\u00eb rezonanc\u00ebs magnetike, p\u00ebrse nuk i b\u00ebt\u00eb t\u00eb pakt\u00ebn n\u00eb Greqi? Me sa di un\u00eb, Greqia gjithnj\u00eb na ndihmon n\u00eb st\u00ebrvitjen e sportist\u00ebve tan\u00eb dhe rrjedhimisht edhe n\u00eb mjek\u00ebsi! P\u00ebrse u nis\u00ebt p\u00ebr Olimpiad\u00eb? N\u00eb mosh\u00ebn 33 vje\u00e7, dhe qoft\u00eb edhe me hijen e dyshimit p\u00ebr sa i p\u00ebrket kondicionit fizik, e din\u00eb edhe pulat q\u00eb mund\u00ebsia e asaj q\u00eb mund t\u00eb ndodh\u00eb \u00ebsht\u00eb&#8230;thjesht nj\u00eb turp! Hidhini nj\u00eb sy fotos s\u00eb saj n\u00eb k\u00ebt\u00eb shkrim!<\/p>\n<p>N\u00eb t\u00eb, t\u00eb pakt\u00ebn ashtu si\u00e7 e nxjerr gazeta &#8220;Tema&#8221;, dhe normalisht supozohet se edhe fotgrafia \u00ebsht\u00eb e koh\u00ebve t\u00eb fundit, sheh nj\u00eb vajz\u00eb shum\u00eb simpatike me nj\u00eb stil paksa k\u00ebng\u00ebtare seksi! Ajo q\u00eb t\u00eb irriton \u00ebsht\u00eb fotografia n\u00eb t\u00eb cil\u00ebn ka pas vetes flamurin komb\u00ebtar. Personalisht m\u00eb vjen ta them dhe  po e them pa takt! Cila  je ti q\u00eb ma hedh flamurin komb\u00ebtar pa pik\u00eb kujdesi prapa krah\u00ebve kur del n\u00eb fotografi?! Ku jan\u00eb kokat e Shqiponj\u00ebs krenare?! Flamurin,nuk mund ta hekurosje t\u00eb pakt\u00ebn? Dole sa p\u00ebr t\u00eb th\u00ebn\u00eb q\u00eb ke flamurin n\u00eb sfond? M\u00ebso pra ta respektosh flamurin! Nuk \u00ebsht\u00eb pron\u00eb e jotja personale dhe nuk mund t\u00eb sillesh me t\u00eb si t\u00eb duash, qoft\u00eb edhe n\u00eb vetmi!<\/p>\n<p>T\u00eb t\u00ebra k\u00ebto p\u00ebr sa i p\u00ebrket Klodiana Shal\u00ebs po i shkruaj me nd\u00ebrgjegje t\u00eb plot\u00eb p\u00ebr t\u2019i u shmangur keqkuptimeve me ata q\u00eb m\u00eb njohin, duke k\u00ebrkuar t\u00eb ruaj distanc\u00ebn e duhur nga tendenca politike apo si tifoz! Thjesht i shkruaj si shqiptar! Si nj\u00eb spektator shqiptar jasht\u00eb vendit q\u00eb ndjek Olimpiad\u00ebn dhe pas k\u00ebtyre zhg\u00ebnjimeve, besoj se ka t\u00eb drejt\u00ebn t\u00eb pyes\u00eb atlet\u00ebt n\u00eb fjal\u00eb, ashtu si\u00e7 pyet edhe vetveten: V\u00ebrtet, p\u00ebrse  gjendemi ne n\u00eb Olimpiad\u00ebn e Anglis\u00eb, n\u00eb London 2012?!&#8221;<\/p>\n","protected":false},"excerpt":{"rendered":"<p>Nga Arian Muraj, 5 gusht 2012 Loj\u00ebrat Olimpike nuk jan\u00eb thjesht nj\u00eb eveniment! P\u00ebrkundrazi, jan\u00eb evenimenti m\u00eb i r\u00ebnd\u00ebsish\u00ebm sportiv i planetit! Thuaj se t\u00ebr\u00eb shtetet e bot\u00ebs marrin pjes\u00eb n\u00eb t\u00eb! P\u00ebr arsye se t\u00ebr\u00eb planeti e ka v\u00ebm\u00ebndjen t\u00eb p\u00ebrq\u00ebndruar tek ajo, shpesh p\u00ebrdoret p\u00ebr t\u00eb t\u00ebrhequr v\u00ebmendjen me gj\u00ebra q\u00eb nuk kan\u00eb [&hellip;]<\/p>\n","protected":false},"author":1,"featured_media":0,"comment_status":"open","ping_status":"closed","sticky":false,"template":"","format":"standard","meta":{"footnotes":""},"categories":[2],"tags":[],"class_list":{"0":"post-11992","1":"post","2":"type-post","3":"status-publish","4":"format-standard","6":"category-artikuj"},"yoast_head":"<!-- This site is optimized with the Yoast SEO plugin v27.4 - https:\/\/yoast.com\/product\/yoast-seo-wordpress\/ -->\n<title>P\u00ebrse gjendemi n\u00eb Olimpiad\u00eb? - FjALA e LIR\u00cb - Arkivi<\/title>\n<meta name=\"robots\" content=\"index, follow, max-snippet:-1, max-image-preview:large, max-video-preview:-1\" \/>\n<link rel=\"canonical\" href=\"https:\/\/fjala.info\/2009-2015\/perse-gjendemi-ne-olimpiade\/\" \/>\n<meta property=\"og:locale\" content=\"sq_AL\" \/>\n<meta property=\"og:type\" content=\"article\" \/>\n<meta property=\"og:title\" content=\"P\u00ebrse gjendemi n\u00eb Olimpiad\u00eb? - FjALA e LIR\u00cb - Arkivi\" \/>\n<meta property=\"og:description\" content=\"Nga Arian Muraj, 5 gusht 2012 Loj\u00ebrat Olimpike nuk jan\u00eb thjesht nj\u00eb eveniment! P\u00ebrkundrazi, jan\u00eb evenimenti m\u00eb i r\u00ebnd\u00ebsish\u00ebm sportiv i planetit! Thuaj se t\u00ebr\u00eb shtetet e bot\u00ebs marrin pjes\u00eb n\u00eb t\u00eb! P\u00ebr arsye se t\u00ebr\u00eb planeti e ka v\u00ebm\u00ebndjen t\u00eb p\u00ebrq\u00ebndruar tek ajo, shpesh p\u00ebrdoret p\u00ebr t\u00eb t\u00ebrhequr v\u00ebmendjen me gj\u00ebra q\u00eb nuk kan\u00eb [&hellip;]\" \/>\n<meta property=\"og:url\" content=\"https:\/\/fjala.info\/2009-2015\/perse-gjendemi-ne-olimpiade\/\" \/>\n<meta property=\"og:site_name\" content=\"FjALA e LIR\u00cb - Arkivi\" \/>\n<meta property=\"article:published_time\" content=\"2012-08-05T20:11:31+00:00\" \/>\n<meta property=\"og:image\" content=\"http:\/\/www.fjala.info\/2012\/olimpiade.jpg\" \/>\n<meta name=\"author\" content=\"admin\" \/>\n<meta name=\"twitter:card\" content=\"summary_large_image\" \/>\n<meta name=\"twitter:label1\" content=\"Written by\" \/>\n\t<meta name=\"twitter:data1\" content=\"admin\" \/>\n\t<meta name=\"twitter:label2\" content=\"Est. reading time\" \/>\n\t<meta name=\"twitter:data2\" content=\"11 minutes\" \/>\n<script type=\"application\/ld+json\" class=\"yoast-schema-graph\">{\"@context\":\"https:\\\/\\\/schema.org\",\"@graph\":[{\"@type\":\"Article\",\"@id\":\"https:\\\/\\\/fjala.info\\\/2009-2015\\\/perse-gjendemi-ne-olimpiade\\\/#article\",\"isPartOf\":{\"@id\":\"https:\\\/\\\/fjala.info\\\/2009-2015\\\/perse-gjendemi-ne-olimpiade\\\/\"},\"author\":{\"name\":\"admin\",\"@id\":\"https:\\\/\\\/fjala.info\\\/2009-2015\\\/#\\\/schema\\\/person\\\/3aa1163ef05469c496fc94e77611ada2\"},\"headline\":\"P\u00ebrse gjendemi n\u00eb Olimpiad\u00eb?\",\"datePublished\":\"2012-08-05T20:11:31+00:00\",\"mainEntityOfPage\":{\"@id\":\"https:\\\/\\\/fjala.info\\\/2009-2015\\\/perse-gjendemi-ne-olimpiade\\\/\"},\"wordCount\":2182,\"commentCount\":0,\"publisher\":{\"@id\":\"https:\\\/\\\/fjala.info\\\/2009-2015\\\/#organization\"},\"image\":{\"@id\":\"https:\\\/\\\/fjala.info\\\/2009-2015\\\/perse-gjendemi-ne-olimpiade\\\/#primaryimage\"},\"thumbnailUrl\":\"http:\\\/\\\/www.fjala.info\\\/2012\\\/olimpiade.jpg\",\"articleSection\":[\"Artikuj\"],\"inLanguage\":\"sq-AL\",\"potentialAction\":[{\"@type\":\"CommentAction\",\"name\":\"Comment\",\"target\":[\"https:\\\/\\\/fjala.info\\\/2009-2015\\\/perse-gjendemi-ne-olimpiade\\\/#respond\"]}]},{\"@type\":\"WebPage\",\"@id\":\"https:\\\/\\\/fjala.info\\\/2009-2015\\\/perse-gjendemi-ne-olimpiade\\\/\",\"url\":\"https:\\\/\\\/fjala.info\\\/2009-2015\\\/perse-gjendemi-ne-olimpiade\\\/\",\"name\":\"P\u00ebrse gjendemi n\u00eb Olimpiad\u00eb? - FjALA e LIR\u00cb - Arkivi\",\"isPartOf\":{\"@id\":\"https:\\\/\\\/fjala.info\\\/2009-2015\\\/#website\"},\"primaryImageOfPage\":{\"@id\":\"https:\\\/\\\/fjala.info\\\/2009-2015\\\/perse-gjendemi-ne-olimpiade\\\/#primaryimage\"},\"image\":{\"@id\":\"https:\\\/\\\/fjala.info\\\/2009-2015\\\/perse-gjendemi-ne-olimpiade\\\/#primaryimage\"},\"thumbnailUrl\":\"http:\\\/\\\/www.fjala.info\\\/2012\\\/olimpiade.jpg\",\"datePublished\":\"2012-08-05T20:11:31+00:00\",\"breadcrumb\":{\"@id\":\"https:\\\/\\\/fjala.info\\\/2009-2015\\\/perse-gjendemi-ne-olimpiade\\\/#breadcrumb\"},\"inLanguage\":\"sq-AL\",\"potentialAction\":[{\"@type\":\"ReadAction\",\"target\":[\"https:\\\/\\\/fjala.info\\\/2009-2015\\\/perse-gjendemi-ne-olimpiade\\\/\"]}]},{\"@type\":\"ImageObject\",\"inLanguage\":\"sq-AL\",\"@id\":\"https:\\\/\\\/fjala.info\\\/2009-2015\\\/perse-gjendemi-ne-olimpiade\\\/#primaryimage\",\"url\":\"http:\\\/\\\/www.fjala.info\\\/2012\\\/olimpiade.jpg\",\"contentUrl\":\"http:\\\/\\\/www.fjala.info\\\/2012\\\/olimpiade.jpg\"},{\"@type\":\"BreadcrumbList\",\"@id\":\"https:\\\/\\\/fjala.info\\\/2009-2015\\\/perse-gjendemi-ne-olimpiade\\\/#breadcrumb\",\"itemListElement\":[{\"@type\":\"ListItem\",\"position\":1,\"name\":\"Home\",\"item\":\"https:\\\/\\\/fjala.info\\\/2009-2015\\\/\"},{\"@type\":\"ListItem\",\"position\":2,\"name\":\"P\u00ebrse gjendemi n\u00eb Olimpiad\u00eb?\"}]},{\"@type\":\"WebSite\",\"@id\":\"https:\\\/\\\/fjala.info\\\/2009-2015\\\/#website\",\"url\":\"https:\\\/\\\/fjala.info\\\/2009-2015\\\/\",\"name\":\"FjALA e LIR\u00cb - Arkivi\",\"description\":\"Arkivi 2009-2015\",\"publisher\":{\"@id\":\"https:\\\/\\\/fjala.info\\\/2009-2015\\\/#organization\"},\"potentialAction\":[{\"@type\":\"SearchAction\",\"target\":{\"@type\":\"EntryPoint\",\"urlTemplate\":\"https:\\\/\\\/fjala.info\\\/2009-2015\\\/?s={search_term_string}\"},\"query-input\":{\"@type\":\"PropertyValueSpecification\",\"valueRequired\":true,\"valueName\":\"search_term_string\"}}],\"inLanguage\":\"sq-AL\"},{\"@type\":\"Organization\",\"@id\":\"https:\\\/\\\/fjala.info\\\/2009-2015\\\/#organization\",\"name\":\"FjALA e LIR\u00cb - Arkivi\",\"url\":\"https:\\\/\\\/fjala.info\\\/2009-2015\\\/\",\"logo\":{\"@type\":\"ImageObject\",\"inLanguage\":\"sq-AL\",\"@id\":\"https:\\\/\\\/fjala.info\\\/2009-2015\\\/#\\\/schema\\\/logo\\\/image\\\/\",\"url\":\"\",\"contentUrl\":\"\",\"caption\":\"FjALA e LIR\u00cb - Arkivi\"},\"image\":{\"@id\":\"https:\\\/\\\/fjala.info\\\/2009-2015\\\/#\\\/schema\\\/logo\\\/image\\\/\"}},{\"@type\":\"Person\",\"@id\":\"https:\\\/\\\/fjala.info\\\/2009-2015\\\/#\\\/schema\\\/person\\\/3aa1163ef05469c496fc94e77611ada2\",\"name\":\"admin\",\"image\":{\"@type\":\"ImageObject\",\"inLanguage\":\"sq-AL\",\"@id\":\"https:\\\/\\\/fjala.info\\\/2009-2015\\\/wp-content\\\/uploads\\\/2012\\\/02\\\/arben_cokaj-120x150.jpg\",\"url\":\"https:\\\/\\\/fjala.info\\\/2009-2015\\\/wp-content\\\/uploads\\\/2012\\\/02\\\/arben_cokaj-120x150.jpg\",\"contentUrl\":\"https:\\\/\\\/fjala.info\\\/2009-2015\\\/wp-content\\\/uploads\\\/2012\\\/02\\\/arben_cokaj-120x150.jpg\",\"caption\":\"admin\"},\"description\":\"Admin, Fjala e Lir\u00eb\",\"sameAs\":[\"https:\\\/\\\/fjala.info\\\/\"],\"url\":\"https:\\\/\\\/fjala.info\\\/2009-2015\\\/author\\\/admin\\\/\"}]}<\/script>\n<!-- \/ Yoast SEO plugin. -->","yoast_head_json":{"title":"P\u00ebrse gjendemi n\u00eb Olimpiad\u00eb? - FjALA e LIR\u00cb - Arkivi","robots":{"index":"index","follow":"follow","max-snippet":"max-snippet:-1","max-image-preview":"max-image-preview:large","max-video-preview":"max-video-preview:-1"},"canonical":"https:\/\/fjala.info\/2009-2015\/perse-gjendemi-ne-olimpiade\/","og_locale":"sq_AL","og_type":"article","og_title":"P\u00ebrse gjendemi n\u00eb Olimpiad\u00eb? - FjALA e LIR\u00cb - Arkivi","og_description":"Nga Arian Muraj, 5 gusht 2012 Loj\u00ebrat Olimpike nuk jan\u00eb thjesht nj\u00eb eveniment! P\u00ebrkundrazi, jan\u00eb evenimenti m\u00eb i r\u00ebnd\u00ebsish\u00ebm sportiv i planetit! Thuaj se t\u00ebr\u00eb shtetet e bot\u00ebs marrin pjes\u00eb n\u00eb t\u00eb! P\u00ebr arsye se t\u00ebr\u00eb planeti e ka v\u00ebm\u00ebndjen t\u00eb p\u00ebrq\u00ebndruar tek ajo, shpesh p\u00ebrdoret p\u00ebr t\u00eb t\u00ebrhequr v\u00ebmendjen me gj\u00ebra q\u00eb nuk kan\u00eb [&hellip;]","og_url":"https:\/\/fjala.info\/2009-2015\/perse-gjendemi-ne-olimpiade\/","og_site_name":"FjALA e LIR\u00cb - Arkivi","article_published_time":"2012-08-05T20:11:31+00:00","og_image":[{"url":"http:\/\/www.fjala.info\/2012\/olimpiade.jpg","type":"","width":"","height":""}],"author":"admin","twitter_card":"summary_large_image","twitter_misc":{"Written by":"admin","Est. reading time":"11 minutes"},"schema":{"@context":"https:\/\/schema.org","@graph":[{"@type":"Article","@id":"https:\/\/fjala.info\/2009-2015\/perse-gjendemi-ne-olimpiade\/#article","isPartOf":{"@id":"https:\/\/fjala.info\/2009-2015\/perse-gjendemi-ne-olimpiade\/"},"author":{"name":"admin","@id":"https:\/\/fjala.info\/2009-2015\/#\/schema\/person\/3aa1163ef05469c496fc94e77611ada2"},"headline":"P\u00ebrse gjendemi n\u00eb Olimpiad\u00eb?","datePublished":"2012-08-05T20:11:31+00:00","mainEntityOfPage":{"@id":"https:\/\/fjala.info\/2009-2015\/perse-gjendemi-ne-olimpiade\/"},"wordCount":2182,"commentCount":0,"publisher":{"@id":"https:\/\/fjala.info\/2009-2015\/#organization"},"image":{"@id":"https:\/\/fjala.info\/2009-2015\/perse-gjendemi-ne-olimpiade\/#primaryimage"},"thumbnailUrl":"http:\/\/www.fjala.info\/2012\/olimpiade.jpg","articleSection":["Artikuj"],"inLanguage":"sq-AL","potentialAction":[{"@type":"CommentAction","name":"Comment","target":["https:\/\/fjala.info\/2009-2015\/perse-gjendemi-ne-olimpiade\/#respond"]}]},{"@type":"WebPage","@id":"https:\/\/fjala.info\/2009-2015\/perse-gjendemi-ne-olimpiade\/","url":"https:\/\/fjala.info\/2009-2015\/perse-gjendemi-ne-olimpiade\/","name":"P\u00ebrse gjendemi n\u00eb Olimpiad\u00eb? - FjALA e LIR\u00cb - Arkivi","isPartOf":{"@id":"https:\/\/fjala.info\/2009-2015\/#website"},"primaryImageOfPage":{"@id":"https:\/\/fjala.info\/2009-2015\/perse-gjendemi-ne-olimpiade\/#primaryimage"},"image":{"@id":"https:\/\/fjala.info\/2009-2015\/perse-gjendemi-ne-olimpiade\/#primaryimage"},"thumbnailUrl":"http:\/\/www.fjala.info\/2012\/olimpiade.jpg","datePublished":"2012-08-05T20:11:31+00:00","breadcrumb":{"@id":"https:\/\/fjala.info\/2009-2015\/perse-gjendemi-ne-olimpiade\/#breadcrumb"},"inLanguage":"sq-AL","potentialAction":[{"@type":"ReadAction","target":["https:\/\/fjala.info\/2009-2015\/perse-gjendemi-ne-olimpiade\/"]}]},{"@type":"ImageObject","inLanguage":"sq-AL","@id":"https:\/\/fjala.info\/2009-2015\/perse-gjendemi-ne-olimpiade\/#primaryimage","url":"http:\/\/www.fjala.info\/2012\/olimpiade.jpg","contentUrl":"http:\/\/www.fjala.info\/2012\/olimpiade.jpg"},{"@type":"BreadcrumbList","@id":"https:\/\/fjala.info\/2009-2015\/perse-gjendemi-ne-olimpiade\/#breadcrumb","itemListElement":[{"@type":"ListItem","position":1,"name":"Home","item":"https:\/\/fjala.info\/2009-2015\/"},{"@type":"ListItem","position":2,"name":"P\u00ebrse gjendemi n\u00eb Olimpiad\u00eb?"}]},{"@type":"WebSite","@id":"https:\/\/fjala.info\/2009-2015\/#website","url":"https:\/\/fjala.info\/2009-2015\/","name":"FjALA e LIR\u00cb - Arkivi","description":"Arkivi 2009-2015","publisher":{"@id":"https:\/\/fjala.info\/2009-2015\/#organization"},"potentialAction":[{"@type":"SearchAction","target":{"@type":"EntryPoint","urlTemplate":"https:\/\/fjala.info\/2009-2015\/?s={search_term_string}"},"query-input":{"@type":"PropertyValueSpecification","valueRequired":true,"valueName":"search_term_string"}}],"inLanguage":"sq-AL"},{"@type":"Organization","@id":"https:\/\/fjala.info\/2009-2015\/#organization","name":"FjALA e LIR\u00cb - Arkivi","url":"https:\/\/fjala.info\/2009-2015\/","logo":{"@type":"ImageObject","inLanguage":"sq-AL","@id":"https:\/\/fjala.info\/2009-2015\/#\/schema\/logo\/image\/","url":"","contentUrl":"","caption":"FjALA e LIR\u00cb - Arkivi"},"image":{"@id":"https:\/\/fjala.info\/2009-2015\/#\/schema\/logo\/image\/"}},{"@type":"Person","@id":"https:\/\/fjala.info\/2009-2015\/#\/schema\/person\/3aa1163ef05469c496fc94e77611ada2","name":"admin","image":{"@type":"ImageObject","inLanguage":"sq-AL","@id":"https:\/\/fjala.info\/2009-2015\/wp-content\/uploads\/2012\/02\/arben_cokaj-120x150.jpg","url":"https:\/\/fjala.info\/2009-2015\/wp-content\/uploads\/2012\/02\/arben_cokaj-120x150.jpg","contentUrl":"https:\/\/fjala.info\/2009-2015\/wp-content\/uploads\/2012\/02\/arben_cokaj-120x150.jpg","caption":"admin"},"description":"Admin, Fjala e Lir\u00eb","sameAs":["https:\/\/fjala.info\/"],"url":"https:\/\/fjala.info\/2009-2015\/author\/admin\/"}]}},"_links":{"self":[{"href":"https:\/\/fjala.info\/2009-2015\/wp-json\/wp\/v2\/posts\/11992","targetHints":{"allow":["GET"]}}],"collection":[{"href":"https:\/\/fjala.info\/2009-2015\/wp-json\/wp\/v2\/posts"}],"about":[{"href":"https:\/\/fjala.info\/2009-2015\/wp-json\/wp\/v2\/types\/post"}],"author":[{"embeddable":true,"href":"https:\/\/fjala.info\/2009-2015\/wp-json\/wp\/v2\/users\/1"}],"replies":[{"embeddable":true,"href":"https:\/\/fjala.info\/2009-2015\/wp-json\/wp\/v2\/comments?post=11992"}],"version-history":[{"count":0,"href":"https:\/\/fjala.info\/2009-2015\/wp-json\/wp\/v2\/posts\/11992\/revisions"}],"wp:attachment":[{"href":"https:\/\/fjala.info\/2009-2015\/wp-json\/wp\/v2\/media?parent=11992"}],"wp:term":[{"taxonomy":"category","embeddable":true,"href":"https:\/\/fjala.info\/2009-2015\/wp-json\/wp\/v2\/categories?post=11992"},{"taxonomy":"post_tag","embeddable":true,"href":"https:\/\/fjala.info\/2009-2015\/wp-json\/wp\/v2\/tags?post=11992"}],"curies":[{"name":"wp","href":"https:\/\/api.w.org\/{rel}","templated":true}]}}