{"id":11991,"date":"2012-08-05T20:50:05","date_gmt":"2012-08-05T19:50:05","guid":{"rendered":"http:\/\/www.fjala.info\/?p=4208"},"modified":"2012-08-05T20:50:05","modified_gmt":"2012-08-05T19:50:05","slug":"varrmihesit-e-tiranes-qe-zvarriten-pas-politikes","status":"publish","type":"post","link":"https:\/\/fjala.info\/2009-2015\/varrmihesit-e-tiranes-qe-zvarriten-pas-politikes\/","title":{"rendered":"Varrmih\u00ebsit e Tiran\u00ebs q\u00eb zvarriten pas politik\u00ebs"},"content":{"rendered":"<p><img decoding=\"async\" class=\"alignright size-thumbnail wp-image-7236\" title=\"Nd\u00ebrtimi me satelit\" src=\"http:\/\/www.fjala.info\/2012\/ndertim_pingul.jpg\" alt=\"\" width=\"300\" \/> <strong>Inxh. Gazmend Beka<\/strong>, <em>5 Gusht 2012<\/em><\/p>\n<p>Simbolet e Tiran\u00ebs s\u00eb Albert Brojk\u00ebs jan\u00eb tanim\u00eb t\u00eb njohura: pallatet jeshill\u00eb t\u00eb Pingulit, kioskat e Lan\u00ebs dhe Parkut t\u00eb Tajvanit, dhe kinemat\u00eb e kthyera n\u00eb \u00ebC publike pa zot. I ardhur n\u00eb krye t\u00eb Tiran\u00ebs n\u00eb vitin 1996, duke qen\u00eb nj\u00ebkoh\u00ebsisht kryetar bashkie dhe Minist\u00ebr Nd\u00ebrtimi, ai njeri \u00ebsht\u00eb i vetmi q\u00eb ka pasur shansin t\u00eb shnd\u00ebrroj Tiran\u00ebn n\u00eb Metropol duke pasur me vete pushtetin q\u00ebndror dhe at\u00eb lokal.<\/p>\n<p>Por t\u00eb gjith\u00eb e mbajn\u00eb mend se si n\u00eb vend t\u00eb Brojk\u00ebs nd\u00ebrtimet n\u00eb Tiran\u00eb filloi ti komandonte nj\u00eb nd\u00ebrtues q\u00eb b\u00ebnte pallate jeshille n\u00eb sheshe nd\u00ebrtimi pa pronar\u00eb q\u00eb ja gjente kryebashkiaku, duke i dh\u00ebn\u00eb Tiran\u00ebs pallatet m\u00eb pa standart dhe pa asnj\u00eb vler\u00eb urbane pas pallateve t\u00eb tipit \u201cKoleka\u201d q\u00eb ishin nd\u00ebrtuar gjat\u00eb komunizmit. Nd\u00ebrtuesi i shfaqur si komisar politik i Bashkis\u00eb nuk respektonte, as rregullat e vjetra dhe as rregullat e reja urbanistike t\u00eb qytetit. T\u00eb gjith\u00eb pallatet e tij u b\u00ebn pa parkim n\u00ebntok\u00ebsor, edhe pse ishin n\u00eb vende luksoze.<\/p>\n<p>Sot qytetar\u00ebt e pasur q\u00eb kan\u00eb bler\u00eb sht\u00ebpi ne ato pallate, i parkojn\u00eb makinat rrug\u00ebve ose n\u00eb parkinge private. Projektidea e vetme q\u00eb ky nd\u00ebrtues kishte kur nd\u00ebrtonte, ishte t\u00eb gjente truall pa pronar\u00eb, pavar\u00ebsisht se ku ishte ky shesh. K\u00ebshtu mund t\u00eb shikoni si Brojka n\u00ebn urdh\u00ebrat e tij, ka dh\u00ebn\u00eb leje nd\u00ebrtimi n\u00eb mes t\u00eb akseve rrugore, sic \u00ebsht\u00eb rasti i bllokimit t\u00eb rrug\u00ebs nga shallvaret p\u00ebr tek Drejtoria e Policis\u00eb. Asnj\u00eb shqet\u00ebsim p\u00ebr jet\u00ebn sociale t\u00eb banor\u00ebve dhe t\u00eb ardhmen e kryeqytetit, p\u00ebrvec shqet\u00ebsimit p\u00ebr t\u00eb ardhurat e nd\u00ebrtuesit.<\/p>\n<p>Edhe pse formalisht ky nd\u00ebrtues pun\u00ebsonte arkitekt t\u00eb njohur, asnj\u00eb prej tyre edhe p\u00ebr turp t\u00eb tyre, nuk guxoi t\u00eb b\u00ebnte nj\u00eb pun\u00eb diniitoze me t\u00eb cil\u00ebn mund t\u00eb krenohen n\u00eb Tiran\u00eb. Ata nuk guxojn\u00eb m\u00eb t\u00eb tregojn\u00eb se i kan\u00eb projektuar ata, ato pallte.<\/p>\n<p>Por p\u00ebr t\u00eb par\u00eb kryesh\u00ebmtin\u00eb e k\u00ebtij nd\u00ebrtuesi, shkoni tek lulishtja pas kullave binjake n\u00eb bulevard dhe shikoni themelet e hedhura p\u00ebr nj\u00eb pallat 12 katsh n\u00eb krah t\u00eb ambasad\u00ebs zviceriane. N\u00eb zon\u00ebn m\u00eb luksoze t\u00eb Tiran\u00ebs, ky nd\u00ebrtues mediok\u00ebr dhe komisar politik, pretendon t\u00eb nd\u00ebrtoj nj\u00eb 12 kat\u00ebsh pa parkim n\u00ebntok\u00ebsor dhe me nj\u00eb sh\u00ebmti t\u00eb v\u00ebrtet urbanistike.<\/p>\n<p>Albert Brojka ja ka dh\u00ebn\u00eb lejen e nd\u00ebrtimit me kriteret e ligjit t\u00eb vjet\u00ebr urbanistik, pasi ishte miratuar ligji i ri dhe me t\u00eb drejt ajo leje i \u00ebsht\u00eb pezulluar nga gjith\u00eb qeverit\u00eb shqiptare dhe gjykatat e vendit. Jav\u00ebn e fundit n\u00eb pushtet Albert Brojka firmosi 192 leje nd\u00ebrtimi, duke i l\u00ebn\u00eb Tiran\u00ebs nj\u00eb bomb me sahat\u00eb n\u00eb dor\u00eb q\u00eb ishte e pamundur t\u00eb kalonte pa pasoja edhe me nd\u00ebrhyrjet shpesh her\u00eb arrogante t\u00eb Edi Ram\u00ebs p\u00ebr ti ndalur ato.<\/p>\n<p>Me injoranc\u00ebn dhe mediokritetin e tyre ky ekip nd\u00ebrtuesish, arkitekt\u00ebsh dhe kryebashkiaku Brojka, i lan\u00eb Tiran\u00ebs trash\u00ebgim katrahur\u00ebn, pamjen anadollake, dhe sh\u00ebmtit urbanistike t\u00eb k\u00ebtij nd\u00ebrtuesi. Dhe t\u00eb vjen keq kur n\u00eb k\u00ebt\u00eb list t\u00eb p\u00ebrdorurish shikon dhe arkitekt\u00eb si Agron Lufi apo inxhiner\u00eb q\u00eb kan\u00eb punuar n\u00ebn trysnin e megalloman\u00ebve injorant\u00eb q\u00eb shkat\u00ebrruanTiran\u00ebn.<\/p>\n<p>Koh\u00ebt e fundit ky nd\u00ebrtues \u00ebsht\u00eb ringjallur s\u00ebrisht, fillimisht duke bler\u00eb titullin akademik politikisht dhe duke tentuar t\u00eb fus n\u00eb xhep kryetarin e ri t\u00eb Bashkis\u00eb q\u00eb shpreson ta kthej n\u00eb nj\u00eb ushtar t\u00eb tij si paradh\u00ebsin e vet demokrat q\u00eb e blinte me xhetona kazinoje.<\/p>\n<p>Ambasada e Zvicer\u00ebs n\u00eb Tiran\u00eb ka hapur padi ndaj tentativ\u00ebs zyrtare p\u00ebr ti krijuar mund\u00ebsi t\u00eb nd\u00ebrtoj nj\u00eb p\u00ebrbind\u00ebsh t\u00eb ri t\u00eb sh\u00ebmtuar dhe jasht\u00eb normave urbanistike tek lulishtja e v\u00ebllez\u00ebrve Frash\u00ebri, duke shkelur konventat nd\u00ebrkomb\u00ebtare p\u00ebr diplomat\u00ebt e huaj dhe marrv\u00ebeshjet e qeveris\u00eb shqiptare me autoritet zviceriane p\u00ebr t\u00eb ardhmen urbanistike t\u00eb asaj zone.<\/p>\n<p>Ky nd\u00ebrtues i cili mburret se ka paguar nj\u00eb botues t\u00eb Berish\u00ebs p\u00ebr t\u00eb prishur Zogun e Zi, ku ka nj\u00eb tjet\u00ebr pallat t\u00eb sh\u00ebmtuar, tani mendon se do t\u00eb prish dhe zemr\u00ebn e Tiran\u00ebs p\u00ebr t\u00eb tentuar t\u00eb rikthej koh\u00ebn e art t\u00eb tij kur luante me kryebashkiakun e Tiran\u00ebs, si zar\u00eb rulete.<\/p>\n<p>Tirana po vuan ende pasojat e asaj qeverisje dhe gati 90 p\u00ebr qind t\u00eb lejeve t\u00eb koh\u00ebs s\u00eb Bojk\u00ebs duhen sh\u00ebmbur n\u00ebse ky qytet duhet t\u00eb b\u00ebhet normal. Por hijenat q\u00eb e kan pas kapur at\u00eb peng at\u00ebhere, po vrapojn\u00eb t\u00eb bejn\u00eb t\u00eb nj\u00ebjt\u00ebn gje perseri.<\/p>\n","protected":false},"excerpt":{"rendered":"<p>Inxh. Gazmend Beka, 5 Gusht 2012 Simbolet e Tiran\u00ebs s\u00eb Albert Brojk\u00ebs jan\u00eb tanim\u00eb t\u00eb njohura: pallatet jeshill\u00eb t\u00eb Pingulit, kioskat e Lan\u00ebs dhe Parkut t\u00eb Tajvanit, dhe kinemat\u00eb e kthyera n\u00eb \u00ebC publike pa zot. I ardhur n\u00eb krye t\u00eb Tiran\u00ebs n\u00eb vitin 1996, duke qen\u00eb nj\u00ebkoh\u00ebsisht kryetar bashkie dhe Minist\u00ebr Nd\u00ebrtimi, ai njeri [&hellip;]<\/p>\n","protected":false},"author":1,"featured_media":0,"comment_status":"open","ping_status":"closed","sticky":false,"template":"","format":"standard","meta":{"footnotes":""},"categories":[2],"tags":[],"class_list":{"0":"post-11991","1":"post","2":"type-post","3":"status-publish","4":"format-standard","6":"category-artikuj"},"yoast_head":"<!-- This site is optimized with the Yoast SEO plugin v27.4 - https:\/\/yoast.com\/product\/yoast-seo-wordpress\/ -->\n<title>Varrmih\u00ebsit e Tiran\u00ebs q\u00eb zvarriten pas politik\u00ebs - FjALA e LIR\u00cb - Arkivi<\/title>\n<meta name=\"robots\" content=\"index, follow, max-snippet:-1, max-image-preview:large, max-video-preview:-1\" \/>\n<link rel=\"canonical\" href=\"https:\/\/fjala.info\/2009-2015\/varrmihesit-e-tiranes-qe-zvarriten-pas-politikes\/\" \/>\n<meta property=\"og:locale\" content=\"sq_AL\" \/>\n<meta property=\"og:type\" content=\"article\" \/>\n<meta property=\"og:title\" content=\"Varrmih\u00ebsit e Tiran\u00ebs q\u00eb zvarriten pas politik\u00ebs - FjALA e LIR\u00cb - Arkivi\" \/>\n<meta property=\"og:description\" content=\"Inxh. Gazmend Beka, 5 Gusht 2012 Simbolet e Tiran\u00ebs s\u00eb Albert Brojk\u00ebs jan\u00eb tanim\u00eb t\u00eb njohura: pallatet jeshill\u00eb t\u00eb Pingulit, kioskat e Lan\u00ebs dhe Parkut t\u00eb Tajvanit, dhe kinemat\u00eb e kthyera n\u00eb \u00ebC publike pa zot. I ardhur n\u00eb krye t\u00eb Tiran\u00ebs n\u00eb vitin 1996, duke qen\u00eb nj\u00ebkoh\u00ebsisht kryetar bashkie dhe Minist\u00ebr Nd\u00ebrtimi, ai njeri [&hellip;]\" \/>\n<meta property=\"og:url\" content=\"https:\/\/fjala.info\/2009-2015\/varrmihesit-e-tiranes-qe-zvarriten-pas-politikes\/\" \/>\n<meta property=\"og:site_name\" content=\"FjALA e LIR\u00cb - Arkivi\" \/>\n<meta property=\"article:published_time\" content=\"2012-08-05T19:50:05+00:00\" \/>\n<meta property=\"og:image\" content=\"http:\/\/www.fjala.info\/2012\/ndertim_pingul.jpg\" \/>\n<meta name=\"author\" content=\"admin\" \/>\n<meta name=\"twitter:card\" content=\"summary_large_image\" \/>\n<meta name=\"twitter:label1\" content=\"Written by\" \/>\n\t<meta name=\"twitter:data1\" content=\"admin\" \/>\n\t<meta name=\"twitter:label2\" content=\"Est. reading time\" \/>\n\t<meta name=\"twitter:data2\" content=\"4 minutes\" \/>\n<script type=\"application\/ld+json\" class=\"yoast-schema-graph\">{\"@context\":\"https:\\\/\\\/schema.org\",\"@graph\":[{\"@type\":\"Article\",\"@id\":\"https:\\\/\\\/fjala.info\\\/2009-2015\\\/varrmihesit-e-tiranes-qe-zvarriten-pas-politikes\\\/#article\",\"isPartOf\":{\"@id\":\"https:\\\/\\\/fjala.info\\\/2009-2015\\\/varrmihesit-e-tiranes-qe-zvarriten-pas-politikes\\\/\"},\"author\":{\"name\":\"admin\",\"@id\":\"https:\\\/\\\/fjala.info\\\/2009-2015\\\/#\\\/schema\\\/person\\\/3aa1163ef05469c496fc94e77611ada2\"},\"headline\":\"Varrmih\u00ebsit e Tiran\u00ebs q\u00eb zvarriten pas politik\u00ebs\",\"datePublished\":\"2012-08-05T19:50:05+00:00\",\"mainEntityOfPage\":{\"@id\":\"https:\\\/\\\/fjala.info\\\/2009-2015\\\/varrmihesit-e-tiranes-qe-zvarriten-pas-politikes\\\/\"},\"wordCount\":834,\"commentCount\":0,\"publisher\":{\"@id\":\"https:\\\/\\\/fjala.info\\\/2009-2015\\\/#organization\"},\"image\":{\"@id\":\"https:\\\/\\\/fjala.info\\\/2009-2015\\\/varrmihesit-e-tiranes-qe-zvarriten-pas-politikes\\\/#primaryimage\"},\"thumbnailUrl\":\"http:\\\/\\\/www.fjala.info\\\/2012\\\/ndertim_pingul.jpg\",\"articleSection\":[\"Artikuj\"],\"inLanguage\":\"sq-AL\",\"potentialAction\":[{\"@type\":\"CommentAction\",\"name\":\"Comment\",\"target\":[\"https:\\\/\\\/fjala.info\\\/2009-2015\\\/varrmihesit-e-tiranes-qe-zvarriten-pas-politikes\\\/#respond\"]}]},{\"@type\":\"WebPage\",\"@id\":\"https:\\\/\\\/fjala.info\\\/2009-2015\\\/varrmihesit-e-tiranes-qe-zvarriten-pas-politikes\\\/\",\"url\":\"https:\\\/\\\/fjala.info\\\/2009-2015\\\/varrmihesit-e-tiranes-qe-zvarriten-pas-politikes\\\/\",\"name\":\"Varrmih\u00ebsit e Tiran\u00ebs q\u00eb zvarriten pas politik\u00ebs - FjALA e LIR\u00cb - Arkivi\",\"isPartOf\":{\"@id\":\"https:\\\/\\\/fjala.info\\\/2009-2015\\\/#website\"},\"primaryImageOfPage\":{\"@id\":\"https:\\\/\\\/fjala.info\\\/2009-2015\\\/varrmihesit-e-tiranes-qe-zvarriten-pas-politikes\\\/#primaryimage\"},\"image\":{\"@id\":\"https:\\\/\\\/fjala.info\\\/2009-2015\\\/varrmihesit-e-tiranes-qe-zvarriten-pas-politikes\\\/#primaryimage\"},\"thumbnailUrl\":\"http:\\\/\\\/www.fjala.info\\\/2012\\\/ndertim_pingul.jpg\",\"datePublished\":\"2012-08-05T19:50:05+00:00\",\"breadcrumb\":{\"@id\":\"https:\\\/\\\/fjala.info\\\/2009-2015\\\/varrmihesit-e-tiranes-qe-zvarriten-pas-politikes\\\/#breadcrumb\"},\"inLanguage\":\"sq-AL\",\"potentialAction\":[{\"@type\":\"ReadAction\",\"target\":[\"https:\\\/\\\/fjala.info\\\/2009-2015\\\/varrmihesit-e-tiranes-qe-zvarriten-pas-politikes\\\/\"]}]},{\"@type\":\"ImageObject\",\"inLanguage\":\"sq-AL\",\"@id\":\"https:\\\/\\\/fjala.info\\\/2009-2015\\\/varrmihesit-e-tiranes-qe-zvarriten-pas-politikes\\\/#primaryimage\",\"url\":\"http:\\\/\\\/www.fjala.info\\\/2012\\\/ndertim_pingul.jpg\",\"contentUrl\":\"http:\\\/\\\/www.fjala.info\\\/2012\\\/ndertim_pingul.jpg\"},{\"@type\":\"BreadcrumbList\",\"@id\":\"https:\\\/\\\/fjala.info\\\/2009-2015\\\/varrmihesit-e-tiranes-qe-zvarriten-pas-politikes\\\/#breadcrumb\",\"itemListElement\":[{\"@type\":\"ListItem\",\"position\":1,\"name\":\"Home\",\"item\":\"https:\\\/\\\/fjala.info\\\/2009-2015\\\/\"},{\"@type\":\"ListItem\",\"position\":2,\"name\":\"Varrmih\u00ebsit e Tiran\u00ebs q\u00eb zvarriten pas politik\u00ebs\"}]},{\"@type\":\"WebSite\",\"@id\":\"https:\\\/\\\/fjala.info\\\/2009-2015\\\/#website\",\"url\":\"https:\\\/\\\/fjala.info\\\/2009-2015\\\/\",\"name\":\"FjALA e LIR\u00cb - Arkivi\",\"description\":\"Arkivi 2009-2015\",\"publisher\":{\"@id\":\"https:\\\/\\\/fjala.info\\\/2009-2015\\\/#organization\"},\"potentialAction\":[{\"@type\":\"SearchAction\",\"target\":{\"@type\":\"EntryPoint\",\"urlTemplate\":\"https:\\\/\\\/fjala.info\\\/2009-2015\\\/?s={search_term_string}\"},\"query-input\":{\"@type\":\"PropertyValueSpecification\",\"valueRequired\":true,\"valueName\":\"search_term_string\"}}],\"inLanguage\":\"sq-AL\"},{\"@type\":\"Organization\",\"@id\":\"https:\\\/\\\/fjala.info\\\/2009-2015\\\/#organization\",\"name\":\"FjALA e LIR\u00cb - Arkivi\",\"url\":\"https:\\\/\\\/fjala.info\\\/2009-2015\\\/\",\"logo\":{\"@type\":\"ImageObject\",\"inLanguage\":\"sq-AL\",\"@id\":\"https:\\\/\\\/fjala.info\\\/2009-2015\\\/#\\\/schema\\\/logo\\\/image\\\/\",\"url\":\"\",\"contentUrl\":\"\",\"caption\":\"FjALA e LIR\u00cb - Arkivi\"},\"image\":{\"@id\":\"https:\\\/\\\/fjala.info\\\/2009-2015\\\/#\\\/schema\\\/logo\\\/image\\\/\"}},{\"@type\":\"Person\",\"@id\":\"https:\\\/\\\/fjala.info\\\/2009-2015\\\/#\\\/schema\\\/person\\\/3aa1163ef05469c496fc94e77611ada2\",\"name\":\"admin\",\"image\":{\"@type\":\"ImageObject\",\"inLanguage\":\"sq-AL\",\"@id\":\"https:\\\/\\\/fjala.info\\\/2009-2015\\\/wp-content\\\/uploads\\\/2012\\\/02\\\/arben_cokaj-120x150.jpg\",\"url\":\"https:\\\/\\\/fjala.info\\\/2009-2015\\\/wp-content\\\/uploads\\\/2012\\\/02\\\/arben_cokaj-120x150.jpg\",\"contentUrl\":\"https:\\\/\\\/fjala.info\\\/2009-2015\\\/wp-content\\\/uploads\\\/2012\\\/02\\\/arben_cokaj-120x150.jpg\",\"caption\":\"admin\"},\"description\":\"Admin, Fjala e Lir\u00eb\",\"sameAs\":[\"https:\\\/\\\/fjala.info\\\/\"],\"url\":\"https:\\\/\\\/fjala.info\\\/2009-2015\\\/author\\\/admin\\\/\"}]}<\/script>\n<!-- \/ Yoast SEO plugin. -->","yoast_head_json":{"title":"Varrmih\u00ebsit e Tiran\u00ebs q\u00eb zvarriten pas politik\u00ebs - FjALA e LIR\u00cb - Arkivi","robots":{"index":"index","follow":"follow","max-snippet":"max-snippet:-1","max-image-preview":"max-image-preview:large","max-video-preview":"max-video-preview:-1"},"canonical":"https:\/\/fjala.info\/2009-2015\/varrmihesit-e-tiranes-qe-zvarriten-pas-politikes\/","og_locale":"sq_AL","og_type":"article","og_title":"Varrmih\u00ebsit e Tiran\u00ebs q\u00eb zvarriten pas politik\u00ebs - FjALA e LIR\u00cb - Arkivi","og_description":"Inxh. Gazmend Beka, 5 Gusht 2012 Simbolet e Tiran\u00ebs s\u00eb Albert Brojk\u00ebs jan\u00eb tanim\u00eb t\u00eb njohura: pallatet jeshill\u00eb t\u00eb Pingulit, kioskat e Lan\u00ebs dhe Parkut t\u00eb Tajvanit, dhe kinemat\u00eb e kthyera n\u00eb \u00ebC publike pa zot. I ardhur n\u00eb krye t\u00eb Tiran\u00ebs n\u00eb vitin 1996, duke qen\u00eb nj\u00ebkoh\u00ebsisht kryetar bashkie dhe Minist\u00ebr Nd\u00ebrtimi, ai njeri [&hellip;]","og_url":"https:\/\/fjala.info\/2009-2015\/varrmihesit-e-tiranes-qe-zvarriten-pas-politikes\/","og_site_name":"FjALA e LIR\u00cb - Arkivi","article_published_time":"2012-08-05T19:50:05+00:00","og_image":[{"url":"http:\/\/www.fjala.info\/2012\/ndertim_pingul.jpg","type":"","width":"","height":""}],"author":"admin","twitter_card":"summary_large_image","twitter_misc":{"Written by":"admin","Est. reading time":"4 minutes"},"schema":{"@context":"https:\/\/schema.org","@graph":[{"@type":"Article","@id":"https:\/\/fjala.info\/2009-2015\/varrmihesit-e-tiranes-qe-zvarriten-pas-politikes\/#article","isPartOf":{"@id":"https:\/\/fjala.info\/2009-2015\/varrmihesit-e-tiranes-qe-zvarriten-pas-politikes\/"},"author":{"name":"admin","@id":"https:\/\/fjala.info\/2009-2015\/#\/schema\/person\/3aa1163ef05469c496fc94e77611ada2"},"headline":"Varrmih\u00ebsit e Tiran\u00ebs q\u00eb zvarriten pas politik\u00ebs","datePublished":"2012-08-05T19:50:05+00:00","mainEntityOfPage":{"@id":"https:\/\/fjala.info\/2009-2015\/varrmihesit-e-tiranes-qe-zvarriten-pas-politikes\/"},"wordCount":834,"commentCount":0,"publisher":{"@id":"https:\/\/fjala.info\/2009-2015\/#organization"},"image":{"@id":"https:\/\/fjala.info\/2009-2015\/varrmihesit-e-tiranes-qe-zvarriten-pas-politikes\/#primaryimage"},"thumbnailUrl":"http:\/\/www.fjala.info\/2012\/ndertim_pingul.jpg","articleSection":["Artikuj"],"inLanguage":"sq-AL","potentialAction":[{"@type":"CommentAction","name":"Comment","target":["https:\/\/fjala.info\/2009-2015\/varrmihesit-e-tiranes-qe-zvarriten-pas-politikes\/#respond"]}]},{"@type":"WebPage","@id":"https:\/\/fjala.info\/2009-2015\/varrmihesit-e-tiranes-qe-zvarriten-pas-politikes\/","url":"https:\/\/fjala.info\/2009-2015\/varrmihesit-e-tiranes-qe-zvarriten-pas-politikes\/","name":"Varrmih\u00ebsit e Tiran\u00ebs q\u00eb zvarriten pas politik\u00ebs - FjALA e LIR\u00cb - Arkivi","isPartOf":{"@id":"https:\/\/fjala.info\/2009-2015\/#website"},"primaryImageOfPage":{"@id":"https:\/\/fjala.info\/2009-2015\/varrmihesit-e-tiranes-qe-zvarriten-pas-politikes\/#primaryimage"},"image":{"@id":"https:\/\/fjala.info\/2009-2015\/varrmihesit-e-tiranes-qe-zvarriten-pas-politikes\/#primaryimage"},"thumbnailUrl":"http:\/\/www.fjala.info\/2012\/ndertim_pingul.jpg","datePublished":"2012-08-05T19:50:05+00:00","breadcrumb":{"@id":"https:\/\/fjala.info\/2009-2015\/varrmihesit-e-tiranes-qe-zvarriten-pas-politikes\/#breadcrumb"},"inLanguage":"sq-AL","potentialAction":[{"@type":"ReadAction","target":["https:\/\/fjala.info\/2009-2015\/varrmihesit-e-tiranes-qe-zvarriten-pas-politikes\/"]}]},{"@type":"ImageObject","inLanguage":"sq-AL","@id":"https:\/\/fjala.info\/2009-2015\/varrmihesit-e-tiranes-qe-zvarriten-pas-politikes\/#primaryimage","url":"http:\/\/www.fjala.info\/2012\/ndertim_pingul.jpg","contentUrl":"http:\/\/www.fjala.info\/2012\/ndertim_pingul.jpg"},{"@type":"BreadcrumbList","@id":"https:\/\/fjala.info\/2009-2015\/varrmihesit-e-tiranes-qe-zvarriten-pas-politikes\/#breadcrumb","itemListElement":[{"@type":"ListItem","position":1,"name":"Home","item":"https:\/\/fjala.info\/2009-2015\/"},{"@type":"ListItem","position":2,"name":"Varrmih\u00ebsit e Tiran\u00ebs q\u00eb zvarriten pas politik\u00ebs"}]},{"@type":"WebSite","@id":"https:\/\/fjala.info\/2009-2015\/#website","url":"https:\/\/fjala.info\/2009-2015\/","name":"FjALA e LIR\u00cb - Arkivi","description":"Arkivi 2009-2015","publisher":{"@id":"https:\/\/fjala.info\/2009-2015\/#organization"},"potentialAction":[{"@type":"SearchAction","target":{"@type":"EntryPoint","urlTemplate":"https:\/\/fjala.info\/2009-2015\/?s={search_term_string}"},"query-input":{"@type":"PropertyValueSpecification","valueRequired":true,"valueName":"search_term_string"}}],"inLanguage":"sq-AL"},{"@type":"Organization","@id":"https:\/\/fjala.info\/2009-2015\/#organization","name":"FjALA e LIR\u00cb - Arkivi","url":"https:\/\/fjala.info\/2009-2015\/","logo":{"@type":"ImageObject","inLanguage":"sq-AL","@id":"https:\/\/fjala.info\/2009-2015\/#\/schema\/logo\/image\/","url":"","contentUrl":"","caption":"FjALA e LIR\u00cb - Arkivi"},"image":{"@id":"https:\/\/fjala.info\/2009-2015\/#\/schema\/logo\/image\/"}},{"@type":"Person","@id":"https:\/\/fjala.info\/2009-2015\/#\/schema\/person\/3aa1163ef05469c496fc94e77611ada2","name":"admin","image":{"@type":"ImageObject","inLanguage":"sq-AL","@id":"https:\/\/fjala.info\/2009-2015\/wp-content\/uploads\/2012\/02\/arben_cokaj-120x150.jpg","url":"https:\/\/fjala.info\/2009-2015\/wp-content\/uploads\/2012\/02\/arben_cokaj-120x150.jpg","contentUrl":"https:\/\/fjala.info\/2009-2015\/wp-content\/uploads\/2012\/02\/arben_cokaj-120x150.jpg","caption":"admin"},"description":"Admin, Fjala e Lir\u00eb","sameAs":["https:\/\/fjala.info\/"],"url":"https:\/\/fjala.info\/2009-2015\/author\/admin\/"}]}},"_links":{"self":[{"href":"https:\/\/fjala.info\/2009-2015\/wp-json\/wp\/v2\/posts\/11991","targetHints":{"allow":["GET"]}}],"collection":[{"href":"https:\/\/fjala.info\/2009-2015\/wp-json\/wp\/v2\/posts"}],"about":[{"href":"https:\/\/fjala.info\/2009-2015\/wp-json\/wp\/v2\/types\/post"}],"author":[{"embeddable":true,"href":"https:\/\/fjala.info\/2009-2015\/wp-json\/wp\/v2\/users\/1"}],"replies":[{"embeddable":true,"href":"https:\/\/fjala.info\/2009-2015\/wp-json\/wp\/v2\/comments?post=11991"}],"version-history":[{"count":0,"href":"https:\/\/fjala.info\/2009-2015\/wp-json\/wp\/v2\/posts\/11991\/revisions"}],"wp:attachment":[{"href":"https:\/\/fjala.info\/2009-2015\/wp-json\/wp\/v2\/media?parent=11991"}],"wp:term":[{"taxonomy":"category","embeddable":true,"href":"https:\/\/fjala.info\/2009-2015\/wp-json\/wp\/v2\/categories?post=11991"},{"taxonomy":"post_tag","embeddable":true,"href":"https:\/\/fjala.info\/2009-2015\/wp-json\/wp\/v2\/tags?post=11991"}],"curies":[{"name":"wp","href":"https:\/\/api.w.org\/{rel}","templated":true}]}}