{"id":11988,"date":"2012-08-01T08:09:10","date_gmt":"2012-08-01T07:09:10","guid":{"rendered":"http:\/\/www.fjala.info\/?p=4123"},"modified":"2012-08-01T08:09:10","modified_gmt":"2012-08-01T07:09:10","slug":"negociata-te-fshehta-berisha-samaras-per-marreveshjen-e-detit-do-votohet-para-festimeve-te-pavaresise","status":"publish","type":"post","link":"https:\/\/fjala.info\/2009-2015\/negociata-te-fshehta-berisha-samaras-per-marreveshjen-e-detit-do-votohet-para-festimeve-te-pavaresise\/","title":{"rendered":"Negociata t\u00eb fshehta Berisha-Samaras p\u00ebr marr\u00ebveshjen e detit. Do votohet para festimeve t\u00eb Pavar\u00ebsis\u00eb"},"content":{"rendered":"<p><img decoding=\"async\" class=\"alignright size-thumbnail wp-image-7236\" title=\"Berisha - Samaras\" src=\"http:\/\/www.fjala.info\/2012\/berisha_samaras.jpg\" alt=\"\" width=\"300\" \/> <strong>TemA<\/strong>, <em>31 Korrik 2012<\/em><\/p>\n<p><em>Berisha i premton Samaras se do e n\u00ebnshkruajn\u00eb shpejt marr\u00ebveshjen, edhe pse ka presione nga forcat ekstremiste dhe opozita socialiste. Mar\u00ebveshja nuk prek thelbin e paktit t\u00eb m\u00ebparsh\u00ebm<\/em><\/p>\n<p><strong>Kryeministri shqiptar dhe ai grek kan\u00eb r\u00ebn\u00eb dakord p\u00ebr riaktivizimin e marr\u00ebveshjes se detit.<\/strong><\/p>\n<p>Burime t\u00eb sigurta t\u00eb Top Channel pran\u00eb Ministris\u00eb s\u00eb Jashtme greke than\u00eb se aktivizimi i marr\u00ebveshjes s\u00eb vitit 2009, tashm\u00eb \u00ebsht\u00eb n\u00eb faz\u00ebn finale dhe m\u00eb shum\u00eb gjasa pritet t\u00eb publikohet brenda nj\u00eb afati nj\u00eb ose dymujor.<\/p>\n<p>P\u00ebr k\u00ebt\u00eb \u00ebsht\u00eb dashur nd\u00ebrhyrja e Andonis Samaras, i cili e ka diskutuar k\u00ebt\u00eb vet\u00eb me zotin Berisha gjat\u00eb takimeve ose bisedave t\u00eb shpeshta telefonike t\u00eb koh\u00ebve t\u00eb fundit midis tyre. Berisha i ka premtuar homologut t\u00eb tij grek se do ta p\u00ebrfundoj\u00eb marr\u00ebveshjen ne nj\u00eb afat t\u00eb af\u00ebrt, megjith\u00eb presionin tep\u00ebr t\u00eb madh, q\u00eb sipas tij i \u00ebsht\u00eb ushtruar mazhoranc\u00ebs qeveris\u00ebse n\u00eb Shqip\u00ebri prej forcave ekstremiste, si\u00e7 konsiderohet Aleanca Kuq e Zi dhe nj\u00eb pjes\u00eb e Partis\u00eb Socialiste.<\/p>\n<p>Synimi \u00ebsht\u00eb p\u00ebrfundimi dhe votimi i marr\u00ebveshjes p\u00ebrpara festimeve t\u00eb 100-vjetorit t\u00eb Pavar\u00ebsis\u00eb dhe reagimeve t\u00eb mundshme t\u00eb opinionit shqiptar. Sipas t\u00eb nj\u00ebjtave burime, ndon\u00ebse e ndryshuar n\u00eb pak terma, marr\u00ebveshja nuk prek thelbin e paktit t\u00eb m\u00ebparsh\u00ebm, q\u00eb si\u00e7 dihet, u rr\u00ebzua prej Gjykat\u00ebs Kushtetuese. Greqia pritet t\u00eb \u201cl\u00ebshoj\u00eb pe\u201d n\u00eb p\u00ebrcaktimin e gjireve detare, p\u00ebrllogaritja e t\u00eb cilave ishte n\u00eb disfavor t\u00eb pal\u00ebs shqiptare.<\/p>\n<p>Top Channel ka m\u00ebsuar se rinegocimi \u00ebsht\u00eb b\u00ebr\u00eb n\u00eb nivel tep\u00ebr t\u00eb lart\u00eb n\u00eb Ministrit\u00eb e Jashtme p\u00ebrkat\u00ebse, por jo me pranin\u00eb e ekspert\u00ebve t\u00eb mir\u00ebfillt\u00eb t\u00eb fush\u00ebs, \u00e7ka l\u00eb t\u00eb dyshohet se p\u00ebrs\u00ebri kjo marr\u00ebveshje \u00ebsht\u00eb n\u00eb disfavor t\u00eb pal\u00ebs shqiptare. P\u00ebr arsye q\u00eb ende nuk dihen, pala shqiptare ka l\u00ebn\u00eb jasht\u00eb negociatave stafin e ambasad\u00ebs son\u00eb n\u00eb Athine, p\u00ebr kund\u00ebr Greqis\u00eb, ambasada e cil\u00ebs q\u00eb prej nj\u00eb viti ka ushtruar presion n\u00eb radh\u00ebt e politik\u00ebs shqiptare.<\/p>\n<p>Burimet thon\u00eb se \u2018marr\u00ebveshja e detit num\u00ebr dy\u2019, do t\u00eb ndryshohet n\u00eb interpretimin e disa termave, nd\u00ebrsa n\u00eb hart\u00ebn n\u00eb terren nuk preken t\u00eb dh\u00ebna thelb\u00ebsore t\u00eb saj, duke i l\u00ebn\u00eb s\u00ebrish Greqis\u00eb nj\u00eb sip\u00ebrfaqe di\u00e7ka m\u00eb shum\u00eb se 200-250 kilometra katror\u00eb n\u00eb veri t\u00eb ishujve Othons, pik\u00ebrisht n\u00eb zon\u00ebn p\u00ebrball\u00eb Himar\u00ebs e deri n\u00eb af\u00ebrsi me Karaburunin.<\/p>\n<p>Kjo zon\u00eb konsiderohet si tep\u00ebr e r\u00ebnd\u00ebsishme n\u00eb marr\u00ebveshjen e re, pasi aprovimi i saj n\u00eb k\u00ebto koordinata i jep Greqis\u00eb p\u00ebrpar\u00ebsi n\u00eb nxjerrjen e hidrokarbureve pik\u00ebrisht n\u00eb at\u00eb zon\u00eb, q\u00eb sipas ekspert\u00ebve, ndodhen t\u00eb fshehura sasi t\u00eb m\u00ebdha nafte dhe gazi.<\/p>\n<p>Rezervat n\u00eb fjal\u00eb vler\u00ebsohen si leht\u00ebsisht t\u00eb p\u00ebrpunueshme, por jo vet\u00ebm kaq. Me k\u00ebt\u00eb ujdi, Athina zyrtare b\u00ebhet pal\u00eb e tret\u00eb n\u00eb ndarjen e detit me Italin\u00eb dhe i lejon asaj t\u00eb rinegocioj\u00eb me Rom\u00ebn zyrtare rindarjen e kufirit t\u00eb saj detar\u00eb, edhe pse dy vendet kan\u00eb ndar\u00eb kufijt\u00eb q\u00eb n\u00eb vitin 1976. Ujdia shihet si tep\u00ebr e r\u00ebnd\u00ebsishme edhe p\u00ebr faktin se Greqis\u00eb i duhet nj\u00eb e till\u00eb n\u00eb kuad\u00ebr t\u00eb p\u00ebrcaktimit t\u00eb zon\u00ebs s\u00eb saj ekskluzive ekonomike me vendet q\u00eb e kufizojn\u00eb at\u00eb, si\u00e7 jan\u00eb Egjipti, Turqia, Libia, Izraeli dhe pa dyshim n\u00eb negociatat e saj me armikun e madh t\u00eb saj, Turqin\u00eb.<\/p>\n<p>N\u00eb kuad\u00ebr t\u00eb k\u00ebtyre zhvillimeve, nuk ka qene pasive as administrata amerikane, eksponent\u00eb t\u00eb lart\u00eb t\u00eb s\u00eb cil\u00ebs kan\u00eb k\u00ebshilluar Greqin\u00eb t\u00eb mos vijoj\u00eb n\u00eb p\u00ebrcaktimin e kufijve detar\u00eb pa negociuar m\u00eb par\u00eb me fqinj\u00ebt.<\/p>\n","protected":false},"excerpt":{"rendered":"<p>TemA, 31 Korrik 2012 Berisha i premton Samaras se do e n\u00ebnshkruajn\u00eb shpejt marr\u00ebveshjen, edhe pse ka presione nga forcat ekstremiste dhe opozita socialiste. Mar\u00ebveshja nuk prek thelbin e paktit t\u00eb m\u00ebparsh\u00ebm Kryeministri shqiptar dhe ai grek kan\u00eb r\u00ebn\u00eb dakord p\u00ebr riaktivizimin e marr\u00ebveshjes se detit. Burime t\u00eb sigurta t\u00eb Top Channel pran\u00eb Ministris\u00eb s\u00eb [&hellip;]<\/p>\n","protected":false},"author":1,"featured_media":0,"comment_status":"open","ping_status":"closed","sticky":false,"template":"","format":"standard","meta":{"footnotes":""},"categories":[2],"tags":[],"class_list":{"0":"post-11988","1":"post","2":"type-post","3":"status-publish","4":"format-standard","6":"category-artikuj"},"yoast_head":"<!-- This site is optimized with the Yoast SEO plugin v27.4 - https:\/\/yoast.com\/product\/yoast-seo-wordpress\/ -->\n<title>Negociata t\u00eb fshehta Berisha-Samaras p\u00ebr marr\u00ebveshjen e detit. Do votohet para festimeve t\u00eb Pavar\u00ebsis\u00eb - FjALA e LIR\u00cb - Arkivi<\/title>\n<meta name=\"robots\" content=\"index, follow, max-snippet:-1, max-image-preview:large, max-video-preview:-1\" \/>\n<link rel=\"canonical\" href=\"https:\/\/fjala.info\/2009-2015\/negociata-te-fshehta-berisha-samaras-per-marreveshjen-e-detit-do-votohet-para-festimeve-te-pavaresise\/\" \/>\n<meta property=\"og:locale\" content=\"sq_AL\" \/>\n<meta property=\"og:type\" content=\"article\" \/>\n<meta property=\"og:title\" content=\"Negociata t\u00eb fshehta Berisha-Samaras p\u00ebr marr\u00ebveshjen e detit. Do votohet para festimeve t\u00eb Pavar\u00ebsis\u00eb - FjALA e LIR\u00cb - Arkivi\" \/>\n<meta property=\"og:description\" content=\"TemA, 31 Korrik 2012 Berisha i premton Samaras se do e n\u00ebnshkruajn\u00eb shpejt marr\u00ebveshjen, edhe pse ka presione nga forcat ekstremiste dhe opozita socialiste. Mar\u00ebveshja nuk prek thelbin e paktit t\u00eb m\u00ebparsh\u00ebm Kryeministri shqiptar dhe ai grek kan\u00eb r\u00ebn\u00eb dakord p\u00ebr riaktivizimin e marr\u00ebveshjes se detit. Burime t\u00eb sigurta t\u00eb Top Channel pran\u00eb Ministris\u00eb s\u00eb [&hellip;]\" \/>\n<meta property=\"og:url\" content=\"https:\/\/fjala.info\/2009-2015\/negociata-te-fshehta-berisha-samaras-per-marreveshjen-e-detit-do-votohet-para-festimeve-te-pavaresise\/\" \/>\n<meta property=\"og:site_name\" content=\"FjALA e LIR\u00cb - Arkivi\" \/>\n<meta property=\"article:published_time\" content=\"2012-08-01T07:09:10+00:00\" \/>\n<meta property=\"og:image\" content=\"http:\/\/www.fjala.info\/2012\/berisha_samaras.jpg\" \/>\n<meta name=\"author\" content=\"admin\" \/>\n<meta name=\"twitter:card\" content=\"summary_large_image\" \/>\n<meta name=\"twitter:label1\" content=\"Written by\" \/>\n\t<meta name=\"twitter:data1\" content=\"admin\" \/>\n\t<meta name=\"twitter:label2\" content=\"Est. reading time\" \/>\n\t<meta name=\"twitter:data2\" content=\"3 minutes\" \/>\n<script type=\"application\/ld+json\" class=\"yoast-schema-graph\">{\"@context\":\"https:\\\/\\\/schema.org\",\"@graph\":[{\"@type\":\"Article\",\"@id\":\"https:\\\/\\\/fjala.info\\\/2009-2015\\\/negociata-te-fshehta-berisha-samaras-per-marreveshjen-e-detit-do-votohet-para-festimeve-te-pavaresise\\\/#article\",\"isPartOf\":{\"@id\":\"https:\\\/\\\/fjala.info\\\/2009-2015\\\/negociata-te-fshehta-berisha-samaras-per-marreveshjen-e-detit-do-votohet-para-festimeve-te-pavaresise\\\/\"},\"author\":{\"name\":\"admin\",\"@id\":\"https:\\\/\\\/fjala.info\\\/2009-2015\\\/#\\\/schema\\\/person\\\/3aa1163ef05469c496fc94e77611ada2\"},\"headline\":\"Negociata t\u00eb fshehta Berisha-Samaras p\u00ebr marr\u00ebveshjen e detit. Do votohet para festimeve t\u00eb Pavar\u00ebsis\u00eb\",\"datePublished\":\"2012-08-01T07:09:10+00:00\",\"mainEntityOfPage\":{\"@id\":\"https:\\\/\\\/fjala.info\\\/2009-2015\\\/negociata-te-fshehta-berisha-samaras-per-marreveshjen-e-detit-do-votohet-para-festimeve-te-pavaresise\\\/\"},\"wordCount\":661,\"commentCount\":0,\"publisher\":{\"@id\":\"https:\\\/\\\/fjala.info\\\/2009-2015\\\/#organization\"},\"image\":{\"@id\":\"https:\\\/\\\/fjala.info\\\/2009-2015\\\/negociata-te-fshehta-berisha-samaras-per-marreveshjen-e-detit-do-votohet-para-festimeve-te-pavaresise\\\/#primaryimage\"},\"thumbnailUrl\":\"http:\\\/\\\/www.fjala.info\\\/2012\\\/berisha_samaras.jpg\",\"articleSection\":[\"Artikuj\"],\"inLanguage\":\"sq-AL\",\"potentialAction\":[{\"@type\":\"CommentAction\",\"name\":\"Comment\",\"target\":[\"https:\\\/\\\/fjala.info\\\/2009-2015\\\/negociata-te-fshehta-berisha-samaras-per-marreveshjen-e-detit-do-votohet-para-festimeve-te-pavaresise\\\/#respond\"]}]},{\"@type\":\"WebPage\",\"@id\":\"https:\\\/\\\/fjala.info\\\/2009-2015\\\/negociata-te-fshehta-berisha-samaras-per-marreveshjen-e-detit-do-votohet-para-festimeve-te-pavaresise\\\/\",\"url\":\"https:\\\/\\\/fjala.info\\\/2009-2015\\\/negociata-te-fshehta-berisha-samaras-per-marreveshjen-e-detit-do-votohet-para-festimeve-te-pavaresise\\\/\",\"name\":\"Negociata t\u00eb fshehta Berisha-Samaras p\u00ebr marr\u00ebveshjen e detit. Do votohet para festimeve t\u00eb Pavar\u00ebsis\u00eb - FjALA e LIR\u00cb - Arkivi\",\"isPartOf\":{\"@id\":\"https:\\\/\\\/fjala.info\\\/2009-2015\\\/#website\"},\"primaryImageOfPage\":{\"@id\":\"https:\\\/\\\/fjala.info\\\/2009-2015\\\/negociata-te-fshehta-berisha-samaras-per-marreveshjen-e-detit-do-votohet-para-festimeve-te-pavaresise\\\/#primaryimage\"},\"image\":{\"@id\":\"https:\\\/\\\/fjala.info\\\/2009-2015\\\/negociata-te-fshehta-berisha-samaras-per-marreveshjen-e-detit-do-votohet-para-festimeve-te-pavaresise\\\/#primaryimage\"},\"thumbnailUrl\":\"http:\\\/\\\/www.fjala.info\\\/2012\\\/berisha_samaras.jpg\",\"datePublished\":\"2012-08-01T07:09:10+00:00\",\"breadcrumb\":{\"@id\":\"https:\\\/\\\/fjala.info\\\/2009-2015\\\/negociata-te-fshehta-berisha-samaras-per-marreveshjen-e-detit-do-votohet-para-festimeve-te-pavaresise\\\/#breadcrumb\"},\"inLanguage\":\"sq-AL\",\"potentialAction\":[{\"@type\":\"ReadAction\",\"target\":[\"https:\\\/\\\/fjala.info\\\/2009-2015\\\/negociata-te-fshehta-berisha-samaras-per-marreveshjen-e-detit-do-votohet-para-festimeve-te-pavaresise\\\/\"]}]},{\"@type\":\"ImageObject\",\"inLanguage\":\"sq-AL\",\"@id\":\"https:\\\/\\\/fjala.info\\\/2009-2015\\\/negociata-te-fshehta-berisha-samaras-per-marreveshjen-e-detit-do-votohet-para-festimeve-te-pavaresise\\\/#primaryimage\",\"url\":\"http:\\\/\\\/www.fjala.info\\\/2012\\\/berisha_samaras.jpg\",\"contentUrl\":\"http:\\\/\\\/www.fjala.info\\\/2012\\\/berisha_samaras.jpg\"},{\"@type\":\"BreadcrumbList\",\"@id\":\"https:\\\/\\\/fjala.info\\\/2009-2015\\\/negociata-te-fshehta-berisha-samaras-per-marreveshjen-e-detit-do-votohet-para-festimeve-te-pavaresise\\\/#breadcrumb\",\"itemListElement\":[{\"@type\":\"ListItem\",\"position\":1,\"name\":\"Home\",\"item\":\"https:\\\/\\\/fjala.info\\\/2009-2015\\\/\"},{\"@type\":\"ListItem\",\"position\":2,\"name\":\"Negociata t\u00eb fshehta Berisha-Samaras p\u00ebr marr\u00ebveshjen e detit. Do votohet para festimeve t\u00eb Pavar\u00ebsis\u00eb\"}]},{\"@type\":\"WebSite\",\"@id\":\"https:\\\/\\\/fjala.info\\\/2009-2015\\\/#website\",\"url\":\"https:\\\/\\\/fjala.info\\\/2009-2015\\\/\",\"name\":\"FjALA e LIR\u00cb - Arkivi\",\"description\":\"Arkivi 2009-2015\",\"publisher\":{\"@id\":\"https:\\\/\\\/fjala.info\\\/2009-2015\\\/#organization\"},\"potentialAction\":[{\"@type\":\"SearchAction\",\"target\":{\"@type\":\"EntryPoint\",\"urlTemplate\":\"https:\\\/\\\/fjala.info\\\/2009-2015\\\/?s={search_term_string}\"},\"query-input\":{\"@type\":\"PropertyValueSpecification\",\"valueRequired\":true,\"valueName\":\"search_term_string\"}}],\"inLanguage\":\"sq-AL\"},{\"@type\":\"Organization\",\"@id\":\"https:\\\/\\\/fjala.info\\\/2009-2015\\\/#organization\",\"name\":\"FjALA e LIR\u00cb - Arkivi\",\"url\":\"https:\\\/\\\/fjala.info\\\/2009-2015\\\/\",\"logo\":{\"@type\":\"ImageObject\",\"inLanguage\":\"sq-AL\",\"@id\":\"https:\\\/\\\/fjala.info\\\/2009-2015\\\/#\\\/schema\\\/logo\\\/image\\\/\",\"url\":\"\",\"contentUrl\":\"\",\"caption\":\"FjALA e LIR\u00cb - Arkivi\"},\"image\":{\"@id\":\"https:\\\/\\\/fjala.info\\\/2009-2015\\\/#\\\/schema\\\/logo\\\/image\\\/\"}},{\"@type\":\"Person\",\"@id\":\"https:\\\/\\\/fjala.info\\\/2009-2015\\\/#\\\/schema\\\/person\\\/3aa1163ef05469c496fc94e77611ada2\",\"name\":\"admin\",\"image\":{\"@type\":\"ImageObject\",\"inLanguage\":\"sq-AL\",\"@id\":\"https:\\\/\\\/fjala.info\\\/2009-2015\\\/wp-content\\\/uploads\\\/2012\\\/02\\\/arben_cokaj-120x150.jpg\",\"url\":\"https:\\\/\\\/fjala.info\\\/2009-2015\\\/wp-content\\\/uploads\\\/2012\\\/02\\\/arben_cokaj-120x150.jpg\",\"contentUrl\":\"https:\\\/\\\/fjala.info\\\/2009-2015\\\/wp-content\\\/uploads\\\/2012\\\/02\\\/arben_cokaj-120x150.jpg\",\"caption\":\"admin\"},\"description\":\"Admin, Fjala e Lir\u00eb\",\"sameAs\":[\"https:\\\/\\\/fjala.info\\\/\"],\"url\":\"https:\\\/\\\/fjala.info\\\/2009-2015\\\/author\\\/admin\\\/\"}]}<\/script>\n<!-- \/ Yoast SEO plugin. -->","yoast_head_json":{"title":"Negociata t\u00eb fshehta Berisha-Samaras p\u00ebr marr\u00ebveshjen e detit. Do votohet para festimeve t\u00eb Pavar\u00ebsis\u00eb - FjALA e LIR\u00cb - Arkivi","robots":{"index":"index","follow":"follow","max-snippet":"max-snippet:-1","max-image-preview":"max-image-preview:large","max-video-preview":"max-video-preview:-1"},"canonical":"https:\/\/fjala.info\/2009-2015\/negociata-te-fshehta-berisha-samaras-per-marreveshjen-e-detit-do-votohet-para-festimeve-te-pavaresise\/","og_locale":"sq_AL","og_type":"article","og_title":"Negociata t\u00eb fshehta Berisha-Samaras p\u00ebr marr\u00ebveshjen e detit. Do votohet para festimeve t\u00eb Pavar\u00ebsis\u00eb - FjALA e LIR\u00cb - Arkivi","og_description":"TemA, 31 Korrik 2012 Berisha i premton Samaras se do e n\u00ebnshkruajn\u00eb shpejt marr\u00ebveshjen, edhe pse ka presione nga forcat ekstremiste dhe opozita socialiste. Mar\u00ebveshja nuk prek thelbin e paktit t\u00eb m\u00ebparsh\u00ebm Kryeministri shqiptar dhe ai grek kan\u00eb r\u00ebn\u00eb dakord p\u00ebr riaktivizimin e marr\u00ebveshjes se detit. Burime t\u00eb sigurta t\u00eb Top Channel pran\u00eb Ministris\u00eb s\u00eb [&hellip;]","og_url":"https:\/\/fjala.info\/2009-2015\/negociata-te-fshehta-berisha-samaras-per-marreveshjen-e-detit-do-votohet-para-festimeve-te-pavaresise\/","og_site_name":"FjALA e LIR\u00cb - Arkivi","article_published_time":"2012-08-01T07:09:10+00:00","og_image":[{"url":"http:\/\/www.fjala.info\/2012\/berisha_samaras.jpg","type":"","width":"","height":""}],"author":"admin","twitter_card":"summary_large_image","twitter_misc":{"Written by":"admin","Est. reading time":"3 minutes"},"schema":{"@context":"https:\/\/schema.org","@graph":[{"@type":"Article","@id":"https:\/\/fjala.info\/2009-2015\/negociata-te-fshehta-berisha-samaras-per-marreveshjen-e-detit-do-votohet-para-festimeve-te-pavaresise\/#article","isPartOf":{"@id":"https:\/\/fjala.info\/2009-2015\/negociata-te-fshehta-berisha-samaras-per-marreveshjen-e-detit-do-votohet-para-festimeve-te-pavaresise\/"},"author":{"name":"admin","@id":"https:\/\/fjala.info\/2009-2015\/#\/schema\/person\/3aa1163ef05469c496fc94e77611ada2"},"headline":"Negociata t\u00eb fshehta Berisha-Samaras p\u00ebr marr\u00ebveshjen e detit. Do votohet para festimeve t\u00eb Pavar\u00ebsis\u00eb","datePublished":"2012-08-01T07:09:10+00:00","mainEntityOfPage":{"@id":"https:\/\/fjala.info\/2009-2015\/negociata-te-fshehta-berisha-samaras-per-marreveshjen-e-detit-do-votohet-para-festimeve-te-pavaresise\/"},"wordCount":661,"commentCount":0,"publisher":{"@id":"https:\/\/fjala.info\/2009-2015\/#organization"},"image":{"@id":"https:\/\/fjala.info\/2009-2015\/negociata-te-fshehta-berisha-samaras-per-marreveshjen-e-detit-do-votohet-para-festimeve-te-pavaresise\/#primaryimage"},"thumbnailUrl":"http:\/\/www.fjala.info\/2012\/berisha_samaras.jpg","articleSection":["Artikuj"],"inLanguage":"sq-AL","potentialAction":[{"@type":"CommentAction","name":"Comment","target":["https:\/\/fjala.info\/2009-2015\/negociata-te-fshehta-berisha-samaras-per-marreveshjen-e-detit-do-votohet-para-festimeve-te-pavaresise\/#respond"]}]},{"@type":"WebPage","@id":"https:\/\/fjala.info\/2009-2015\/negociata-te-fshehta-berisha-samaras-per-marreveshjen-e-detit-do-votohet-para-festimeve-te-pavaresise\/","url":"https:\/\/fjala.info\/2009-2015\/negociata-te-fshehta-berisha-samaras-per-marreveshjen-e-detit-do-votohet-para-festimeve-te-pavaresise\/","name":"Negociata t\u00eb fshehta Berisha-Samaras p\u00ebr marr\u00ebveshjen e detit. Do votohet para festimeve t\u00eb Pavar\u00ebsis\u00eb - FjALA e LIR\u00cb - Arkivi","isPartOf":{"@id":"https:\/\/fjala.info\/2009-2015\/#website"},"primaryImageOfPage":{"@id":"https:\/\/fjala.info\/2009-2015\/negociata-te-fshehta-berisha-samaras-per-marreveshjen-e-detit-do-votohet-para-festimeve-te-pavaresise\/#primaryimage"},"image":{"@id":"https:\/\/fjala.info\/2009-2015\/negociata-te-fshehta-berisha-samaras-per-marreveshjen-e-detit-do-votohet-para-festimeve-te-pavaresise\/#primaryimage"},"thumbnailUrl":"http:\/\/www.fjala.info\/2012\/berisha_samaras.jpg","datePublished":"2012-08-01T07:09:10+00:00","breadcrumb":{"@id":"https:\/\/fjala.info\/2009-2015\/negociata-te-fshehta-berisha-samaras-per-marreveshjen-e-detit-do-votohet-para-festimeve-te-pavaresise\/#breadcrumb"},"inLanguage":"sq-AL","potentialAction":[{"@type":"ReadAction","target":["https:\/\/fjala.info\/2009-2015\/negociata-te-fshehta-berisha-samaras-per-marreveshjen-e-detit-do-votohet-para-festimeve-te-pavaresise\/"]}]},{"@type":"ImageObject","inLanguage":"sq-AL","@id":"https:\/\/fjala.info\/2009-2015\/negociata-te-fshehta-berisha-samaras-per-marreveshjen-e-detit-do-votohet-para-festimeve-te-pavaresise\/#primaryimage","url":"http:\/\/www.fjala.info\/2012\/berisha_samaras.jpg","contentUrl":"http:\/\/www.fjala.info\/2012\/berisha_samaras.jpg"},{"@type":"BreadcrumbList","@id":"https:\/\/fjala.info\/2009-2015\/negociata-te-fshehta-berisha-samaras-per-marreveshjen-e-detit-do-votohet-para-festimeve-te-pavaresise\/#breadcrumb","itemListElement":[{"@type":"ListItem","position":1,"name":"Home","item":"https:\/\/fjala.info\/2009-2015\/"},{"@type":"ListItem","position":2,"name":"Negociata t\u00eb fshehta Berisha-Samaras p\u00ebr marr\u00ebveshjen e detit. Do votohet para festimeve t\u00eb Pavar\u00ebsis\u00eb"}]},{"@type":"WebSite","@id":"https:\/\/fjala.info\/2009-2015\/#website","url":"https:\/\/fjala.info\/2009-2015\/","name":"FjALA e LIR\u00cb - Arkivi","description":"Arkivi 2009-2015","publisher":{"@id":"https:\/\/fjala.info\/2009-2015\/#organization"},"potentialAction":[{"@type":"SearchAction","target":{"@type":"EntryPoint","urlTemplate":"https:\/\/fjala.info\/2009-2015\/?s={search_term_string}"},"query-input":{"@type":"PropertyValueSpecification","valueRequired":true,"valueName":"search_term_string"}}],"inLanguage":"sq-AL"},{"@type":"Organization","@id":"https:\/\/fjala.info\/2009-2015\/#organization","name":"FjALA e LIR\u00cb - Arkivi","url":"https:\/\/fjala.info\/2009-2015\/","logo":{"@type":"ImageObject","inLanguage":"sq-AL","@id":"https:\/\/fjala.info\/2009-2015\/#\/schema\/logo\/image\/","url":"","contentUrl":"","caption":"FjALA e LIR\u00cb - Arkivi"},"image":{"@id":"https:\/\/fjala.info\/2009-2015\/#\/schema\/logo\/image\/"}},{"@type":"Person","@id":"https:\/\/fjala.info\/2009-2015\/#\/schema\/person\/3aa1163ef05469c496fc94e77611ada2","name":"admin","image":{"@type":"ImageObject","inLanguage":"sq-AL","@id":"https:\/\/fjala.info\/2009-2015\/wp-content\/uploads\/2012\/02\/arben_cokaj-120x150.jpg","url":"https:\/\/fjala.info\/2009-2015\/wp-content\/uploads\/2012\/02\/arben_cokaj-120x150.jpg","contentUrl":"https:\/\/fjala.info\/2009-2015\/wp-content\/uploads\/2012\/02\/arben_cokaj-120x150.jpg","caption":"admin"},"description":"Admin, Fjala e Lir\u00eb","sameAs":["https:\/\/fjala.info\/"],"url":"https:\/\/fjala.info\/2009-2015\/author\/admin\/"}]}},"_links":{"self":[{"href":"https:\/\/fjala.info\/2009-2015\/wp-json\/wp\/v2\/posts\/11988","targetHints":{"allow":["GET"]}}],"collection":[{"href":"https:\/\/fjala.info\/2009-2015\/wp-json\/wp\/v2\/posts"}],"about":[{"href":"https:\/\/fjala.info\/2009-2015\/wp-json\/wp\/v2\/types\/post"}],"author":[{"embeddable":true,"href":"https:\/\/fjala.info\/2009-2015\/wp-json\/wp\/v2\/users\/1"}],"replies":[{"embeddable":true,"href":"https:\/\/fjala.info\/2009-2015\/wp-json\/wp\/v2\/comments?post=11988"}],"version-history":[{"count":0,"href":"https:\/\/fjala.info\/2009-2015\/wp-json\/wp\/v2\/posts\/11988\/revisions"}],"wp:attachment":[{"href":"https:\/\/fjala.info\/2009-2015\/wp-json\/wp\/v2\/media?parent=11988"}],"wp:term":[{"taxonomy":"category","embeddable":true,"href":"https:\/\/fjala.info\/2009-2015\/wp-json\/wp\/v2\/categories?post=11988"},{"taxonomy":"post_tag","embeddable":true,"href":"https:\/\/fjala.info\/2009-2015\/wp-json\/wp\/v2\/tags?post=11988"}],"curies":[{"name":"wp","href":"https:\/\/api.w.org\/{rel}","templated":true}]}}