{"id":11987,"date":"2012-07-31T13:50:46","date_gmt":"2012-07-31T12:50:46","guid":{"rendered":"http:\/\/www.fjala.info\/?p=4116"},"modified":"2012-07-31T13:50:46","modified_gmt":"2012-07-31T12:50:46","slug":"festa-e-organizuar-nga-mesuesja-prinderit-dhe-nxenesit-e-shkollave-shqipe","status":"publish","type":"post","link":"https:\/\/fjala.info\/2009-2015\/festa-e-organizuar-nga-mesuesja-prinderit-dhe-nxenesit-e-shkollave-shqipe\/","title":{"rendered":"Festa e organizuar nga m\u00ebsuesja, prind\u00ebrit dhe nx\u00ebn\u00ebsit e shkollave shqipe"},"content":{"rendered":"<p><img decoding=\"async\" class=\"alignleft size-thumbnail wp-image-7236\" title=\"Gani Gashi\" src=\"http:\/\/www.fjala.info\/2012\/gani_gashi.jpg\" alt=\"\" width=\"200\" \/> Nga <strong>Gani Gashi<\/strong><\/p>\n<p>P\u00ebrshendetje juve p\u00ebrfaq\u00ebsues te shteteve shqiptare, atdhetar\u00eb, shkrimtar\u00eb, poet, kryeredaktor\u00eb te mediave, konsular\u00eb, arsimtar\u00eb, m\u00ebrgimtar\u00eb, koleg\u00eb, nx\u00ebn\u00ebs, miq\u00eb te diaspor\u00ebs nga jeni e ku jeni brenda dhe jasht vendit ne t\u00ebr\u00eb globin.<\/p>\n<p>Me ndjenjat e respektit q\u00eb kurr\u00eb s&#8217;munguan, shkresat e juaja dje, sot e mot, shum\u00eb t\u00eb lexuara nga t\u00eb gjith\u00eb m\u00ebrgimtaret, kontribuan ne nj\u00eb m\u00ebnyr\u00eb apo tjet\u00ebr q\u00eb shkollat m\u00eb m\u00ebsim plot\u00ebsues n\u00eb gjuh\u00ebn shqipe t\u2018i shpalosin rezultatet e arritura m\u00eb nx\u00ebn\u00ebsit dhe mundin q\u00eb dhan\u00eb arsimtaret neper etapat e keti viti shkollor.<\/p>\n<p>Poashtu b\u00ebt\u00eb q\u00eb dita-dit\u00ebs te njihemi m\u00eb mir\u00eb p\u00ebr veprimtarit\u00eb dikur dhe sot n\u00eb diaspor\u00ebn ton\u00eb shqiptare duke kontribuar ne ngritjen e vet\u00ebdijesimit dhe ndergjegjen e \u00e7do personi q\u00eb ndodhet jasht vendit. Nuk mund t\u00eb p\u00ebrmenden k\u00ebtu t\u00eb gjitha ato v\u00ebshtir\u00ebsi t\u00eb panum\u00ebrta q\u00eb ka kaluar shkolla shqipe \u201cBashkimi Komb\u00ebtar\u201c sepse kujtoj \u00ebsht\u00eb folur dhe shkruar edhe m\u00eb par\u00eb pik\u00ebrisht p\u00ebr k\u00ebt\u00eb m\u00ebsimdh\u00ebnse, por me pak fjal\u00eb e me m\u00eb shum\u00eb argumente mendoj edhe un\u00eb per te nenvizuar r\u00ebnd\u00ebsin\u00eb e madhe te shkollave shqipe n\u00eb qytetin e Stuttgartit me rastin e perfundimit te vitit shkollor 2011\/2012, ne Stuttgart-Ost, Stuttgart-S\u00fcd, Stuttgart-Nord, Stuttgart-cannstatt, Stuttgart-Feurbach, ku se pari dot\u00eb fal\u00ebnderojm\u00eb t\u00eb gjith\u00eb ata m\u00ebrgimtar\u00eb-prind\u00ebr, q\u00eb derguan pa hezituar f\u00ebmij\u00ebt e tyre n\u00eb m\u00ebsimin plot\u00ebsues t\u00eb gjuh\u00ebs son\u00eb amtare.<\/p>\n<p style=\"text-align: center;\"><img decoding=\"async\" class=\"aligncenter size-thumbnail wp-image-7236\" title=\"Zonja Gashi\" src=\"http:\/\/www.fjala.info\/2012\/feste_shqipe_stuttgart.jpg\" alt=\"\" width=\"450\" \/><em>Zonja Gashi duke i pershendetur te pranishmit me rastin e perfundimit te vitit shkollor<\/em><\/p>\n<p>Ne m\u00ebrgimtaret duhet q\u00eb t\u00eb p\u00ebrpiqemi me veprat tona konkrete, q\u00eb t\u00eb sjellim imazhe inkurajuese p\u00ebr shkollat shqipe duke u munduar q\u00eb t\u00eb anojm\u00eb m\u00eb t\u00ebp\u00ebr kah pozitivja n\u00eb m\u00ebnyr\u00eb q\u00eb t\u00eb paraqesim di\u00e7ka q\u00eb stimulon, di\u00e7ka q\u00eb le p\u00ebrshtypje njer\u00ebzore, di\u00e7ka q\u00eb krijon miq\u00ebsi, di\u00e7ka q\u00eb \u00ebsht\u00eb ne t\u00eb mir\u00ebn e familj\u00ebs, shoq\u00ebris\u00eb e atdheut, sepse jeta nuk jetohet dy here. Jeta e m\u00ebrgimtar\u00ebve \u00ebsht\u00eb nj\u00eb jet\u00eb tjeter, nj\u00eb jet\u00eb e pshtjellur nen levozhgen e kurbetit, andaj vet\u00ebm t\u00eb bashkuar, me ngroht\u00ebsin\u00eb e zemr\u00ebs- mendjes dhe shpirtit mundemi t\u2018i ndezim dritat e dijes p\u00ebr t\u2019mos i harruar rr\u00ebnjet tona, duke i kultivuar ato edhe jasht atdheut me dashurin\u00eb m\u00eb fisnike t\u00eb kombit shqiptar n\u00eb m\u00ebrgim pavar\u00ebsisht se jetojm\u00eb larg m\u00ebm\u00ebdheut!<\/p>\n<p style=\"text-align: center;\"><img decoding=\"async\" class=\"aligncenter size-thumbnail wp-image-7236\" title=\"Fest\u00eb e shkoll\u00ebs shqipe - Stuttgart\" src=\"http:\/\/www.fjala.info\/2012\/feste_shqipe_stuttgart1.jpg\" alt=\"\" width=\"450\" \/><em>Zv. konsulli zoteri Ymer Lladrovci ne fjalen e tij pershendetese<\/em><\/p>\n<p>Duke i mposhtur t\u00eb gjitha sfidat dhe koh\u00ebn e pakoh\u00eb kur\u00eb t\u00eb gjith\u00eb tani po pergatiten p\u00ebr pushime verore Miradije Gashi akoma ballafaqohet me organizime te fundvitit shkollor, me festa, me plot\u00ebsim deftesash, me plot\u00ebsim ditaresh, m\u00eb prind\u00ebrit, nx\u00ebn\u00ebsit si gjithnj\u00eb vet\u00ebm n\u00eb sherbim t\u00eb \u00e7\u00ebshtjes komb\u00ebtare. V\u00ebrtet\u00eb m\u00eb inkurajoj t\u00eb paraqes k\u00ebsaj radhe ne pika t\u00eb shkurt\u00ebra nj\u00eb rezyme rreth perfundimit te vitit shkollor dhe organizimit t\u00eb festave t\u00eb nj\u00ebpasnj\u00ebshme por si dhe bashk\u00ebpunimi shum\u00eb i \u00ebmb\u00ebl i prind\u00ebrve dhe i pedagoges Gashi, e quaj pedagoge pasi kjo m\u00ebsimdh\u00ebn\u00ebse m\u00eb profesion \u00ebsht\u00eb pedagoge e diplomuar por edhe arsimtare poashtu e diplomuar.<\/p>\n<p style=\"text-align: center;\"><img decoding=\"async\" class=\"aligncenter size-thumbnail wp-image-7236\" title=\"Fest\u00eb e shkoll\u00ebs shqipe - Stuttgart\" src=\"http:\/\/www.fjala.info\/2012\/feste_shqipe_stuttgart2.jpg\" alt=\"\" width=\"450\" \/><em>Pjesa kryesore e salles<\/em><\/p>\n<p>Shum\u00eb interesant gjat\u00eb bised\u00ebs son\u00eb, m\u00ebsojm\u00eb se kjo zonj\u00eb \u00e7do fjal\u00eb t\u00eb shprehur e d\u00ebshmon me argument, t\u00eb cilat do t\u2019i detajizojm\u00eb nga festa ne fest\u00eb por m\u00eb holl\u00ebsisht ne shkrimin e radh\u00ebs sepse nuk kemi shum\u00eb koh\u00eb p\u00ebr te biseduar rreth zhvillimimit te shkollave shqipe d.m.th te atyre ku un\u00eb personalisht kam punuar duke filluar ne Kosov\u00eb, Schwarzwald, Stuttgart etj. Deshiroj qe ky reportazh te jet\u00eb vetem rreth korrikut te 2012-es, sepse nuk munden asesi te perfshihen te gjitha deshmit\u00eb pa i ndar\u00eb ne fejtone pohon zonja Miradije duke u ngutur.<\/p>\n<p style=\"text-align: center;\"><img decoding=\"async\" class=\"aligncenter size-thumbnail wp-image-7236\" title=\"Fest\u00eb e shkoll\u00ebs shqipe - Stuttgart\" src=\"http:\/\/www.fjala.info\/2012\/feste_shqipe_stuttgart3.jpg\" alt=\"\" width=\"450\" \/><em>Prinderit dhe nxenesit ne pjesen e fundit te salles<\/em><\/p>\n<p>Tani ne k\u00ebt\u00eb vit shkollor m\u00ebsuesja organizoi n\u00eb t\u00eb gjitha shkollat nga nj\u00eb fest\u00eb me rastin e shperndarjeve t\u00eb deftesave dhe pershendetjet me prind\u00ebrit dhe nx\u00ebn\u00ebsit. Andaj pas atmosfer\u00ebs festive me rastin e p\u00ebrfundimit t\u00eb vitit shkollor n\u00eb pjes\u00ebn lindore t\u00eb Stutgartit me 06.07.2012, ku moren pjes\u00eb mbi 160 pjes\u00ebmarres, kjo zonj\u00eb organizoj edhe festa tjera si ne Bad Cannstatt me 17.07.2012, pastaj ne Seli t\u00eb shkollave shqipe ne pjes\u00ebn veriore t\u00eb Stuttgartit me 20.07.2012, fest\u00eb shum\u00eb modeste pa kamer\u00eb, pa gazetar\u00eb, n\u00eb t\u00eb cil\u00ebn p\u00ebrve\u00e7 recitimit, vall\u00ebzimit, kendimit u b\u00eb dhe shperndarja e deftesave p\u00ebr vitin shkollor 2011-2012. N\u00eb k\u00ebt\u00eb vit shkollor u paisen 88 nx\u00ebn\u00ebs shqiptar\u00eb me deftesa t\u00eb vulosura nga institucionet e Republik\u00ebs s\u00eb Kosov\u00ebs dhe u shperndan me 25.07.2012, tha kjo pedagoge.<\/p>\n<p style=\"text-align: center;\"><img decoding=\"async\" class=\"aligncenter size-thumbnail wp-image-7236\" title=\"Fest\u00eb e shkoll\u00ebs shqipe - Stuttgart\" src=\"http:\/\/www.fjala.info\/2012\/feste_shqipe_stuttgart4.jpg\" alt=\"\" width=\"450\" \/><em>Fest\u00eb me rastin e perfundimit te vitit shkollor 2011\/20121<\/em><\/p>\n<p style=\"text-align: center;\"><img decoding=\"async\" class=\"aligncenter size-thumbnail wp-image-7236\" title=\"Fest\u00eb e shkoll\u00ebs shqipe - Stuttgart\" src=\"http:\/\/www.fjala.info\/2012\/feste_shqipe_stuttgart5.jpg\" alt=\"\" width=\"450\" \/><em>Majtas e dyta ne radhe Jehona Zekaj, nxenese e shkoll\u00ebs shqipe \u201cBashkimi Komb\u00ebtare\u201c e viteve 2003\/2004 ne Stuttgart-Nord<\/em><\/p>\n<p style=\"text-align: center;\"><img decoding=\"async\" class=\"aligncenter size-thumbnail wp-image-7236\" title=\"Fest\u00eb e shkoll\u00ebs shqipe - Stuttgart\" src=\"http:\/\/www.fjala.info\/2012\/feste_shqipe_stuttgart6.jpg\" alt=\"\" width=\"450\" \/><em>Ceremonia e mbylljes se vitit shkollor me 20 Korrik 2012, Stuttgart-Nord<\/em><\/p>\n<p style=\"text-align: center;\"><img decoding=\"async\" class=\"aligncenter size-thumbnail wp-image-7236\" title=\"Fest\u00eb e shkoll\u00ebs shqipe - Stuttgart\" src=\"http:\/\/www.fjala.info\/2012\/feste_shqipe_stuttgart7.jpg\" alt=\"\" width=\"450\" \/><em>Nx\u00ebn\u00ebsit duke i dhuruar lule m\u00ebsueses Miradije Gashit me rastin e perfundimit te vitit shkollor 2011\/2012, <\/em><em>Stuttgart-Nord<\/em><\/p>\n<p style=\"text-align: center;\"><img decoding=\"async\" class=\"aligncenter size-thumbnail wp-image-7236\" title=\"Fest\u00eb e shkoll\u00ebs shqipe - Stuttgart\" src=\"http:\/\/www.fjala.info\/2012\/feste_shqipe_stuttgart8.jpg\" alt=\"\" width=\"450\" \/>\u00a0<em>Vall\u00ebzim i p\u00ebrbashk\u00ebt nx\u00ebn\u00ebs dhe prind\u00ebr ne selin\u00eb e shkollave shqipe \u201cBashkimi Komb\u00ebtar \u201c Stuttgart-Nord,20.07.2012<\/em><\/p>\n<p style=\"text-align: center;\"><img decoding=\"async\" class=\"aligncenter size-thumbnail wp-image-7236\" title=\"Fest\u00eb e shkoll\u00ebs shqipe - Stuttgart\" src=\"http:\/\/www.fjala.info\/2012\/feste_shqipe_stuttgart9.jpg\" alt=\"\" width=\"450\" \/><em>Nx\u00ebn\u00ebsit e vitit shkollor 2011\/2012, Stuttgart-Nord<\/em><\/p>\n<p style=\"text-align: center;\"><img decoding=\"async\" class=\"aligncenter size-thumbnail wp-image-7236\" title=\"Fest\u00eb e shkoll\u00ebs shqipe - Stuttgart\" src=\"http:\/\/www.fjala.info\/2012\/feste_shqipe_stuttgart10.jpg\" alt=\"\" width=\"450\" \/><em>Nx\u00ebn\u00ebsit t\u00eb cil\u00ebt presin festimin ne shkoll\u00ebn e tyre<\/em><\/p>\n<p style=\"text-align: center;\"><img decoding=\"async\" class=\"aligncenter size-thumbnail wp-image-7236\" title=\"Fest\u00eb e shkoll\u00ebs shqipe - Stuttgart\" src=\"http:\/\/www.fjala.info\/2012\/feste_shqipe_stuttgart11.jpg\" alt=\"\" width=\"450\" \/><em>Shperndarja e deftesave te vitit 2011\/2012<\/em><\/p>\n<p style=\"text-align: center;\"><img decoding=\"async\" class=\"aligncenter size-thumbnail wp-image-7236\" title=\"Fest\u00eb e shkoll\u00ebs shqipe - Stuttgart\" src=\"http:\/\/www.fjala.info\/2012\/feste_shqipe_stuttgart12.jpg\" alt=\"\" width=\"450\" \/><em>Me 25.07.2012, me rastin e shperndarjeve te deftesave dhe pershendetjeve per ne pushime verore.<\/em><\/p>\n<p>Nx\u00ebn\u00ebsit te cil\u00ebt kane udhetuar me heret ne pushime verore dhe nuk ishin diten e fundit per t\u2019u paisur me deftesa jane: Liridona Ferizaj, Fatjona Mustafa, Edon Mustafa, Leonora Hajdini, Krijesa Ku\u00e7i, Qendrim Sejdiu, Egzon Gashi, Dafina papaj, Sara Vu\u00e7itrna, Elis Vu\u00e7itrna. Deftesat origjinale te ketyre nxenesve gjenden ne shkollat e rregullta gjermane, ndersa te zonja Gashi jane fotokopjet e tyre.<\/p>\n<p>Ketu zonja Gashi pershendetet me nxenesit e saj per kete vit shkollor duke ua dh\u00ebn\u00eb detyre shtepie me sa vijon: Secila familje e nx\u00ebn\u00ebsve te shkollave shqipe \u201cBashkimi Komb\u00ebtar\u201c te cilet do te udh\u00ebtojn\u00eb p\u00ebr Shqiperi obligohen nga m\u00ebsuesja per te vizituar Krujen e Skenderbeut dhe Vloren Ismail Qemalit. Pra te gjith\u00eb nxenesit nga klasa e tet\u00eb, nente e me radh\u00eb te sjellin ne Shtator nga nje referat per 100 vjetorin e pavar\u00ebsis\u00eb son\u00eb. Andaj te dashur nxenes kalofshi mire ne pushimet verore ne Shqip\u00ebri dhe Kosov\u00eb tha ne fund zonja Gashi.<\/p>\n","protected":false},"excerpt":{"rendered":"<p>Nga Gani Gashi P\u00ebrshendetje juve p\u00ebrfaq\u00ebsues te shteteve shqiptare, atdhetar\u00eb, shkrimtar\u00eb, poet, kryeredaktor\u00eb te mediave, konsular\u00eb, arsimtar\u00eb, m\u00ebrgimtar\u00eb, koleg\u00eb, nx\u00ebn\u00ebs, miq\u00eb te diaspor\u00ebs nga jeni e ku jeni brenda dhe jasht vendit ne t\u00ebr\u00eb globin. Me ndjenjat e respektit q\u00eb kurr\u00eb s&#8217;munguan, shkresat e juaja dje, sot e mot, shum\u00eb t\u00eb lexuara nga t\u00eb gjith\u00eb [&hellip;]<\/p>\n","protected":false},"author":1,"featured_media":0,"comment_status":"open","ping_status":"closed","sticky":false,"template":"","format":"standard","meta":{"footnotes":""},"categories":[2],"tags":[],"class_list":{"0":"post-11987","1":"post","2":"type-post","3":"status-publish","4":"format-standard","6":"category-artikuj"},"yoast_head":"<!-- This site is optimized with the Yoast SEO plugin v27.4 - https:\/\/yoast.com\/product\/yoast-seo-wordpress\/ -->\n<title>Festa e organizuar nga m\u00ebsuesja, prind\u00ebrit dhe nx\u00ebn\u00ebsit e shkollave shqipe - FjALA e LIR\u00cb - Arkivi<\/title>\n<meta name=\"robots\" content=\"index, follow, max-snippet:-1, max-image-preview:large, max-video-preview:-1\" \/>\n<link rel=\"canonical\" href=\"https:\/\/fjala.info\/2009-2015\/festa-e-organizuar-nga-mesuesja-prinderit-dhe-nxenesit-e-shkollave-shqipe\/\" \/>\n<meta property=\"og:locale\" content=\"sq_AL\" \/>\n<meta property=\"og:type\" content=\"article\" \/>\n<meta property=\"og:title\" content=\"Festa e organizuar nga m\u00ebsuesja, prind\u00ebrit dhe nx\u00ebn\u00ebsit e shkollave shqipe - FjALA e LIR\u00cb - Arkivi\" \/>\n<meta property=\"og:description\" content=\"Nga Gani Gashi P\u00ebrshendetje juve p\u00ebrfaq\u00ebsues te shteteve shqiptare, atdhetar\u00eb, shkrimtar\u00eb, poet, kryeredaktor\u00eb te mediave, konsular\u00eb, arsimtar\u00eb, m\u00ebrgimtar\u00eb, koleg\u00eb, nx\u00ebn\u00ebs, miq\u00eb te diaspor\u00ebs nga jeni e ku jeni brenda dhe jasht vendit ne t\u00ebr\u00eb globin. Me ndjenjat e respektit q\u00eb kurr\u00eb s&#8217;munguan, shkresat e juaja dje, sot e mot, shum\u00eb t\u00eb lexuara nga t\u00eb gjith\u00eb [&hellip;]\" \/>\n<meta property=\"og:url\" content=\"https:\/\/fjala.info\/2009-2015\/festa-e-organizuar-nga-mesuesja-prinderit-dhe-nxenesit-e-shkollave-shqipe\/\" \/>\n<meta property=\"og:site_name\" content=\"FjALA e LIR\u00cb - Arkivi\" \/>\n<meta property=\"article:published_time\" content=\"2012-07-31T12:50:46+00:00\" \/>\n<meta property=\"og:image\" content=\"http:\/\/www.fjala.info\/2012\/gani_gashi.jpg\" \/>\n<meta name=\"author\" content=\"admin\" \/>\n<meta name=\"twitter:card\" content=\"summary_large_image\" \/>\n<meta name=\"twitter:label1\" content=\"Written by\" \/>\n\t<meta name=\"twitter:data1\" content=\"admin\" \/>\n\t<meta name=\"twitter:label2\" content=\"Est. reading time\" \/>\n\t<meta name=\"twitter:data2\" content=\"5 minutes\" \/>\n<script type=\"application\/ld+json\" class=\"yoast-schema-graph\">{\"@context\":\"https:\\\/\\\/schema.org\",\"@graph\":[{\"@type\":\"Article\",\"@id\":\"https:\\\/\\\/fjala.info\\\/2009-2015\\\/festa-e-organizuar-nga-mesuesja-prinderit-dhe-nxenesit-e-shkollave-shqipe\\\/#article\",\"isPartOf\":{\"@id\":\"https:\\\/\\\/fjala.info\\\/2009-2015\\\/festa-e-organizuar-nga-mesuesja-prinderit-dhe-nxenesit-e-shkollave-shqipe\\\/\"},\"author\":{\"name\":\"admin\",\"@id\":\"https:\\\/\\\/fjala.info\\\/2009-2015\\\/#\\\/schema\\\/person\\\/3aa1163ef05469c496fc94e77611ada2\"},\"headline\":\"Festa e organizuar nga m\u00ebsuesja, prind\u00ebrit dhe nx\u00ebn\u00ebsit e shkollave shqipe\",\"datePublished\":\"2012-07-31T12:50:46+00:00\",\"mainEntityOfPage\":{\"@id\":\"https:\\\/\\\/fjala.info\\\/2009-2015\\\/festa-e-organizuar-nga-mesuesja-prinderit-dhe-nxenesit-e-shkollave-shqipe\\\/\"},\"wordCount\":1104,\"commentCount\":0,\"publisher\":{\"@id\":\"https:\\\/\\\/fjala.info\\\/2009-2015\\\/#organization\"},\"image\":{\"@id\":\"https:\\\/\\\/fjala.info\\\/2009-2015\\\/festa-e-organizuar-nga-mesuesja-prinderit-dhe-nxenesit-e-shkollave-shqipe\\\/#primaryimage\"},\"thumbnailUrl\":\"http:\\\/\\\/www.fjala.info\\\/2012\\\/gani_gashi.jpg\",\"articleSection\":[\"Artikuj\"],\"inLanguage\":\"sq-AL\",\"potentialAction\":[{\"@type\":\"CommentAction\",\"name\":\"Comment\",\"target\":[\"https:\\\/\\\/fjala.info\\\/2009-2015\\\/festa-e-organizuar-nga-mesuesja-prinderit-dhe-nxenesit-e-shkollave-shqipe\\\/#respond\"]}]},{\"@type\":\"WebPage\",\"@id\":\"https:\\\/\\\/fjala.info\\\/2009-2015\\\/festa-e-organizuar-nga-mesuesja-prinderit-dhe-nxenesit-e-shkollave-shqipe\\\/\",\"url\":\"https:\\\/\\\/fjala.info\\\/2009-2015\\\/festa-e-organizuar-nga-mesuesja-prinderit-dhe-nxenesit-e-shkollave-shqipe\\\/\",\"name\":\"Festa e organizuar nga m\u00ebsuesja, prind\u00ebrit dhe nx\u00ebn\u00ebsit e shkollave shqipe - FjALA e LIR\u00cb - Arkivi\",\"isPartOf\":{\"@id\":\"https:\\\/\\\/fjala.info\\\/2009-2015\\\/#website\"},\"primaryImageOfPage\":{\"@id\":\"https:\\\/\\\/fjala.info\\\/2009-2015\\\/festa-e-organizuar-nga-mesuesja-prinderit-dhe-nxenesit-e-shkollave-shqipe\\\/#primaryimage\"},\"image\":{\"@id\":\"https:\\\/\\\/fjala.info\\\/2009-2015\\\/festa-e-organizuar-nga-mesuesja-prinderit-dhe-nxenesit-e-shkollave-shqipe\\\/#primaryimage\"},\"thumbnailUrl\":\"http:\\\/\\\/www.fjala.info\\\/2012\\\/gani_gashi.jpg\",\"datePublished\":\"2012-07-31T12:50:46+00:00\",\"breadcrumb\":{\"@id\":\"https:\\\/\\\/fjala.info\\\/2009-2015\\\/festa-e-organizuar-nga-mesuesja-prinderit-dhe-nxenesit-e-shkollave-shqipe\\\/#breadcrumb\"},\"inLanguage\":\"sq-AL\",\"potentialAction\":[{\"@type\":\"ReadAction\",\"target\":[\"https:\\\/\\\/fjala.info\\\/2009-2015\\\/festa-e-organizuar-nga-mesuesja-prinderit-dhe-nxenesit-e-shkollave-shqipe\\\/\"]}]},{\"@type\":\"ImageObject\",\"inLanguage\":\"sq-AL\",\"@id\":\"https:\\\/\\\/fjala.info\\\/2009-2015\\\/festa-e-organizuar-nga-mesuesja-prinderit-dhe-nxenesit-e-shkollave-shqipe\\\/#primaryimage\",\"url\":\"http:\\\/\\\/www.fjala.info\\\/2012\\\/gani_gashi.jpg\",\"contentUrl\":\"http:\\\/\\\/www.fjala.info\\\/2012\\\/gani_gashi.jpg\"},{\"@type\":\"BreadcrumbList\",\"@id\":\"https:\\\/\\\/fjala.info\\\/2009-2015\\\/festa-e-organizuar-nga-mesuesja-prinderit-dhe-nxenesit-e-shkollave-shqipe\\\/#breadcrumb\",\"itemListElement\":[{\"@type\":\"ListItem\",\"position\":1,\"name\":\"Home\",\"item\":\"https:\\\/\\\/fjala.info\\\/2009-2015\\\/\"},{\"@type\":\"ListItem\",\"position\":2,\"name\":\"Festa e organizuar nga m\u00ebsuesja, prind\u00ebrit dhe nx\u00ebn\u00ebsit e shkollave shqipe\"}]},{\"@type\":\"WebSite\",\"@id\":\"https:\\\/\\\/fjala.info\\\/2009-2015\\\/#website\",\"url\":\"https:\\\/\\\/fjala.info\\\/2009-2015\\\/\",\"name\":\"FjALA e LIR\u00cb - Arkivi\",\"description\":\"Arkivi 2009-2015\",\"publisher\":{\"@id\":\"https:\\\/\\\/fjala.info\\\/2009-2015\\\/#organization\"},\"potentialAction\":[{\"@type\":\"SearchAction\",\"target\":{\"@type\":\"EntryPoint\",\"urlTemplate\":\"https:\\\/\\\/fjala.info\\\/2009-2015\\\/?s={search_term_string}\"},\"query-input\":{\"@type\":\"PropertyValueSpecification\",\"valueRequired\":true,\"valueName\":\"search_term_string\"}}],\"inLanguage\":\"sq-AL\"},{\"@type\":\"Organization\",\"@id\":\"https:\\\/\\\/fjala.info\\\/2009-2015\\\/#organization\",\"name\":\"FjALA e LIR\u00cb - Arkivi\",\"url\":\"https:\\\/\\\/fjala.info\\\/2009-2015\\\/\",\"logo\":{\"@type\":\"ImageObject\",\"inLanguage\":\"sq-AL\",\"@id\":\"https:\\\/\\\/fjala.info\\\/2009-2015\\\/#\\\/schema\\\/logo\\\/image\\\/\",\"url\":\"\",\"contentUrl\":\"\",\"caption\":\"FjALA e LIR\u00cb - Arkivi\"},\"image\":{\"@id\":\"https:\\\/\\\/fjala.info\\\/2009-2015\\\/#\\\/schema\\\/logo\\\/image\\\/\"}},{\"@type\":\"Person\",\"@id\":\"https:\\\/\\\/fjala.info\\\/2009-2015\\\/#\\\/schema\\\/person\\\/3aa1163ef05469c496fc94e77611ada2\",\"name\":\"admin\",\"image\":{\"@type\":\"ImageObject\",\"inLanguage\":\"sq-AL\",\"@id\":\"https:\\\/\\\/fjala.info\\\/2009-2015\\\/wp-content\\\/uploads\\\/2012\\\/02\\\/arben_cokaj-120x150.jpg\",\"url\":\"https:\\\/\\\/fjala.info\\\/2009-2015\\\/wp-content\\\/uploads\\\/2012\\\/02\\\/arben_cokaj-120x150.jpg\",\"contentUrl\":\"https:\\\/\\\/fjala.info\\\/2009-2015\\\/wp-content\\\/uploads\\\/2012\\\/02\\\/arben_cokaj-120x150.jpg\",\"caption\":\"admin\"},\"description\":\"Admin, Fjala e Lir\u00eb\",\"sameAs\":[\"https:\\\/\\\/fjala.info\\\/\"],\"url\":\"https:\\\/\\\/fjala.info\\\/2009-2015\\\/author\\\/admin\\\/\"}]}<\/script>\n<!-- \/ Yoast SEO plugin. -->","yoast_head_json":{"title":"Festa e organizuar nga m\u00ebsuesja, prind\u00ebrit dhe nx\u00ebn\u00ebsit e shkollave shqipe - FjALA e LIR\u00cb - Arkivi","robots":{"index":"index","follow":"follow","max-snippet":"max-snippet:-1","max-image-preview":"max-image-preview:large","max-video-preview":"max-video-preview:-1"},"canonical":"https:\/\/fjala.info\/2009-2015\/festa-e-organizuar-nga-mesuesja-prinderit-dhe-nxenesit-e-shkollave-shqipe\/","og_locale":"sq_AL","og_type":"article","og_title":"Festa e organizuar nga m\u00ebsuesja, prind\u00ebrit dhe nx\u00ebn\u00ebsit e shkollave shqipe - FjALA e LIR\u00cb - Arkivi","og_description":"Nga Gani Gashi P\u00ebrshendetje juve p\u00ebrfaq\u00ebsues te shteteve shqiptare, atdhetar\u00eb, shkrimtar\u00eb, poet, kryeredaktor\u00eb te mediave, konsular\u00eb, arsimtar\u00eb, m\u00ebrgimtar\u00eb, koleg\u00eb, nx\u00ebn\u00ebs, miq\u00eb te diaspor\u00ebs nga jeni e ku jeni brenda dhe jasht vendit ne t\u00ebr\u00eb globin. Me ndjenjat e respektit q\u00eb kurr\u00eb s&#8217;munguan, shkresat e juaja dje, sot e mot, shum\u00eb t\u00eb lexuara nga t\u00eb gjith\u00eb [&hellip;]","og_url":"https:\/\/fjala.info\/2009-2015\/festa-e-organizuar-nga-mesuesja-prinderit-dhe-nxenesit-e-shkollave-shqipe\/","og_site_name":"FjALA e LIR\u00cb - Arkivi","article_published_time":"2012-07-31T12:50:46+00:00","og_image":[{"url":"http:\/\/www.fjala.info\/2012\/gani_gashi.jpg","type":"","width":"","height":""}],"author":"admin","twitter_card":"summary_large_image","twitter_misc":{"Written by":"admin","Est. reading time":"5 minutes"},"schema":{"@context":"https:\/\/schema.org","@graph":[{"@type":"Article","@id":"https:\/\/fjala.info\/2009-2015\/festa-e-organizuar-nga-mesuesja-prinderit-dhe-nxenesit-e-shkollave-shqipe\/#article","isPartOf":{"@id":"https:\/\/fjala.info\/2009-2015\/festa-e-organizuar-nga-mesuesja-prinderit-dhe-nxenesit-e-shkollave-shqipe\/"},"author":{"name":"admin","@id":"https:\/\/fjala.info\/2009-2015\/#\/schema\/person\/3aa1163ef05469c496fc94e77611ada2"},"headline":"Festa e organizuar nga m\u00ebsuesja, prind\u00ebrit dhe nx\u00ebn\u00ebsit e shkollave shqipe","datePublished":"2012-07-31T12:50:46+00:00","mainEntityOfPage":{"@id":"https:\/\/fjala.info\/2009-2015\/festa-e-organizuar-nga-mesuesja-prinderit-dhe-nxenesit-e-shkollave-shqipe\/"},"wordCount":1104,"commentCount":0,"publisher":{"@id":"https:\/\/fjala.info\/2009-2015\/#organization"},"image":{"@id":"https:\/\/fjala.info\/2009-2015\/festa-e-organizuar-nga-mesuesja-prinderit-dhe-nxenesit-e-shkollave-shqipe\/#primaryimage"},"thumbnailUrl":"http:\/\/www.fjala.info\/2012\/gani_gashi.jpg","articleSection":["Artikuj"],"inLanguage":"sq-AL","potentialAction":[{"@type":"CommentAction","name":"Comment","target":["https:\/\/fjala.info\/2009-2015\/festa-e-organizuar-nga-mesuesja-prinderit-dhe-nxenesit-e-shkollave-shqipe\/#respond"]}]},{"@type":"WebPage","@id":"https:\/\/fjala.info\/2009-2015\/festa-e-organizuar-nga-mesuesja-prinderit-dhe-nxenesit-e-shkollave-shqipe\/","url":"https:\/\/fjala.info\/2009-2015\/festa-e-organizuar-nga-mesuesja-prinderit-dhe-nxenesit-e-shkollave-shqipe\/","name":"Festa e organizuar nga m\u00ebsuesja, prind\u00ebrit dhe nx\u00ebn\u00ebsit e shkollave shqipe - FjALA e LIR\u00cb - Arkivi","isPartOf":{"@id":"https:\/\/fjala.info\/2009-2015\/#website"},"primaryImageOfPage":{"@id":"https:\/\/fjala.info\/2009-2015\/festa-e-organizuar-nga-mesuesja-prinderit-dhe-nxenesit-e-shkollave-shqipe\/#primaryimage"},"image":{"@id":"https:\/\/fjala.info\/2009-2015\/festa-e-organizuar-nga-mesuesja-prinderit-dhe-nxenesit-e-shkollave-shqipe\/#primaryimage"},"thumbnailUrl":"http:\/\/www.fjala.info\/2012\/gani_gashi.jpg","datePublished":"2012-07-31T12:50:46+00:00","breadcrumb":{"@id":"https:\/\/fjala.info\/2009-2015\/festa-e-organizuar-nga-mesuesja-prinderit-dhe-nxenesit-e-shkollave-shqipe\/#breadcrumb"},"inLanguage":"sq-AL","potentialAction":[{"@type":"ReadAction","target":["https:\/\/fjala.info\/2009-2015\/festa-e-organizuar-nga-mesuesja-prinderit-dhe-nxenesit-e-shkollave-shqipe\/"]}]},{"@type":"ImageObject","inLanguage":"sq-AL","@id":"https:\/\/fjala.info\/2009-2015\/festa-e-organizuar-nga-mesuesja-prinderit-dhe-nxenesit-e-shkollave-shqipe\/#primaryimage","url":"http:\/\/www.fjala.info\/2012\/gani_gashi.jpg","contentUrl":"http:\/\/www.fjala.info\/2012\/gani_gashi.jpg"},{"@type":"BreadcrumbList","@id":"https:\/\/fjala.info\/2009-2015\/festa-e-organizuar-nga-mesuesja-prinderit-dhe-nxenesit-e-shkollave-shqipe\/#breadcrumb","itemListElement":[{"@type":"ListItem","position":1,"name":"Home","item":"https:\/\/fjala.info\/2009-2015\/"},{"@type":"ListItem","position":2,"name":"Festa e organizuar nga m\u00ebsuesja, prind\u00ebrit dhe nx\u00ebn\u00ebsit e shkollave shqipe"}]},{"@type":"WebSite","@id":"https:\/\/fjala.info\/2009-2015\/#website","url":"https:\/\/fjala.info\/2009-2015\/","name":"FjALA e LIR\u00cb - Arkivi","description":"Arkivi 2009-2015","publisher":{"@id":"https:\/\/fjala.info\/2009-2015\/#organization"},"potentialAction":[{"@type":"SearchAction","target":{"@type":"EntryPoint","urlTemplate":"https:\/\/fjala.info\/2009-2015\/?s={search_term_string}"},"query-input":{"@type":"PropertyValueSpecification","valueRequired":true,"valueName":"search_term_string"}}],"inLanguage":"sq-AL"},{"@type":"Organization","@id":"https:\/\/fjala.info\/2009-2015\/#organization","name":"FjALA e LIR\u00cb - Arkivi","url":"https:\/\/fjala.info\/2009-2015\/","logo":{"@type":"ImageObject","inLanguage":"sq-AL","@id":"https:\/\/fjala.info\/2009-2015\/#\/schema\/logo\/image\/","url":"","contentUrl":"","caption":"FjALA e LIR\u00cb - Arkivi"},"image":{"@id":"https:\/\/fjala.info\/2009-2015\/#\/schema\/logo\/image\/"}},{"@type":"Person","@id":"https:\/\/fjala.info\/2009-2015\/#\/schema\/person\/3aa1163ef05469c496fc94e77611ada2","name":"admin","image":{"@type":"ImageObject","inLanguage":"sq-AL","@id":"https:\/\/fjala.info\/2009-2015\/wp-content\/uploads\/2012\/02\/arben_cokaj-120x150.jpg","url":"https:\/\/fjala.info\/2009-2015\/wp-content\/uploads\/2012\/02\/arben_cokaj-120x150.jpg","contentUrl":"https:\/\/fjala.info\/2009-2015\/wp-content\/uploads\/2012\/02\/arben_cokaj-120x150.jpg","caption":"admin"},"description":"Admin, Fjala e Lir\u00eb","sameAs":["https:\/\/fjala.info\/"],"url":"https:\/\/fjala.info\/2009-2015\/author\/admin\/"}]}},"_links":{"self":[{"href":"https:\/\/fjala.info\/2009-2015\/wp-json\/wp\/v2\/posts\/11987","targetHints":{"allow":["GET"]}}],"collection":[{"href":"https:\/\/fjala.info\/2009-2015\/wp-json\/wp\/v2\/posts"}],"about":[{"href":"https:\/\/fjala.info\/2009-2015\/wp-json\/wp\/v2\/types\/post"}],"author":[{"embeddable":true,"href":"https:\/\/fjala.info\/2009-2015\/wp-json\/wp\/v2\/users\/1"}],"replies":[{"embeddable":true,"href":"https:\/\/fjala.info\/2009-2015\/wp-json\/wp\/v2\/comments?post=11987"}],"version-history":[{"count":0,"href":"https:\/\/fjala.info\/2009-2015\/wp-json\/wp\/v2\/posts\/11987\/revisions"}],"wp:attachment":[{"href":"https:\/\/fjala.info\/2009-2015\/wp-json\/wp\/v2\/media?parent=11987"}],"wp:term":[{"taxonomy":"category","embeddable":true,"href":"https:\/\/fjala.info\/2009-2015\/wp-json\/wp\/v2\/categories?post=11987"},{"taxonomy":"post_tag","embeddable":true,"href":"https:\/\/fjala.info\/2009-2015\/wp-json\/wp\/v2\/tags?post=11987"}],"curies":[{"name":"wp","href":"https:\/\/api.w.org\/{rel}","templated":true}]}}