{"id":11986,"date":"2012-07-31T13:21:49","date_gmt":"2012-07-31T12:21:49","guid":{"rendered":"http:\/\/www.fjala.info\/?p=4114"},"modified":"2012-07-31T13:21:49","modified_gmt":"2012-07-31T12:21:49","slug":"di-gje-kush-cthote-censusi-ne-shqiperi-per-kete-shifer","status":"publish","type":"post","link":"https:\/\/fjala.info\/2009-2015\/di-gje-kush-cthote-censusi-ne-shqiperi-per-kete-shifer\/","title":{"rendered":"Di gj\u00eb kush \u00e7\u2019thot\u00eb Censusi (ne Shqiperi) p\u00ebr k\u00ebt\u00eb shif\u00ebr?"},"content":{"rendered":"<p><img decoding=\"async\" class=\"alignright size-thumbnail wp-image-7236\" title=\"Shqip\u00ebria - map\" src=\"http:\/\/www.fjala.info\/2012\/shqiperia_map.jpg\" alt=\"\" width=\"250\" \/> Papa Benedikti XVI ka caktuar kardinalin spanjoll, Santos Abril Y Castello, si t\u00eb d\u00ebrguarin e tij t\u00eb posa\u00e7\u00ebm p\u00ebr n\u00eb Shqip\u00ebri. Lajmin e b\u00ebn t\u00eb ditur agjencia e lajmeve katolike Kathweb. Agjencia shkruan se:<br \/>\n\u201cM\u00eb 29 shtator ai do t\u00eb marr\u00eb pjes\u00eb n\u00eb festimet p\u00ebr 950 vjetorin e dioqez\u00ebs Sape n\u00eb veri t\u00eb vendit\u201d. \u201cDioqeza e themeluar n\u00eb vitin 1062, e ka selin\u00eb q\u00ebndrore n\u00eb Vaun e Dej\u00ebs dhe num\u00ebron rreth 70 mij\u00eb besimtar\u00eb\u201d.<\/p>\n<p>Agjencia Kathweb shkruan se sipas Vatikanit, n\u00eb Shqip\u00ebri jan\u00eb rreth 510 mij\u00eb besimtar\u00eb katolik\u00eb.<br \/>\n\u201cN\u00eb periudh\u00ebn e komunizmit, Shqip\u00ebria u shpall i pari shtet ateist n\u00eb bot\u00eb. Q\u00eb prej heqjes s\u00eb ligjeve antifetare n\u00eb vitin 1991, Kisha jeton s\u00ebrish n\u00eb liri. N\u00eb po k\u00ebt\u00eb vit jan\u00eb vendosur marr\u00ebdh\u00ebnie t\u00eb plota diplomatike mes dy vendeve. N\u00eb vendin me rreth tre milion banor\u00eb, sipas t\u00eb dh\u00ebnave t\u00eb Vatikanit ka 510 mij\u00eb katolik\u00eb\u201d.<\/p>\n<p>N\u00eb Shqip\u00ebri u zhvillua vitin e kaluar censusi i popullsis\u00eb, nj\u00eb proces q\u00eb i kushtoi vendit rreth 14 milion\u00eb euro. Por\u2026 Di kush gj\u00eb \u00e7far\u00eb thot\u00eb censusi lidhur me hart\u00ebn fetare e etnike t\u00eb popullsis\u00eb n\u00eb Republik\u00ebn e Shqip\u00ebris\u00eb? Vet\u00eb Komuniteti Katolik, iu bashkua fundvitin e shkuar skepticizmit lidhur me rezultatet e tij madje Konferenca Ipeshkvnore njoftoi asokohe n\u00eb media se kishte marr\u00eb nj\u00eb vendim p\u00ebr regjistrim paralel te besimtareve t\u00eb vet, \u201cpas l\u00ebnies jasht\u00eb regjistrimit te nj\u00eb numri te konsideruesh\u00ebm pjes\u00ebtaresh te k\u00ebtij besimi fetar\u201d. (A.N.)<\/p>\n<p>KOMENT nga pelikani | 29 korrik, 2012 \u2013 12:46<br \/>\nTe gjithe e dine si ka dal censusi. Por askush se thote sepse terbohen myslimanet. 45.6% Mysliman, 26.9% Orthodhoks, 20.3% Katolik dhe 5% Ateist\/Agnostik dhe pjesa tjeter Ungjillore, Bektashinje\u2026 etj!<br \/>\nPra per here te pare ne 500 vjet, Islami eshte ne minorance dhe vazhdon te bie ven\u00e7e! Kuptohet qe vellezerve Turq te Berishes kjo nuk i pelqen. Dhe keshtu qe ja ku e kemi deshiren per te mos treguar asgje ne lidhje me CENSUSIN! Shpresojme qe kur te publikohen te mos i ndryshojne!!!<\/p>\n<p>Marre nga http:\/\/www.respublica.al\/artikuj\/2012\/07\/29\/di-gje-kush-cthote-censusi-per-kete-shiferp<\/p>\n","protected":false},"excerpt":{"rendered":"<p>Papa Benedikti XVI ka caktuar kardinalin spanjoll, Santos Abril Y Castello, si t\u00eb d\u00ebrguarin e tij t\u00eb posa\u00e7\u00ebm p\u00ebr n\u00eb Shqip\u00ebri. Lajmin e b\u00ebn t\u00eb ditur agjencia e lajmeve katolike Kathweb. Agjencia shkruan se: \u201cM\u00eb 29 shtator ai do t\u00eb marr\u00eb pjes\u00eb n\u00eb festimet p\u00ebr 950 vjetorin e dioqez\u00ebs Sape n\u00eb veri t\u00eb vendit\u201d. \u201cDioqeza [&hellip;]<\/p>\n","protected":false},"author":1,"featured_media":0,"comment_status":"open","ping_status":"closed","sticky":false,"template":"","format":"standard","meta":{"footnotes":""},"categories":[2],"tags":[],"class_list":{"0":"post-11986","1":"post","2":"type-post","3":"status-publish","4":"format-standard","6":"category-artikuj"},"yoast_head":"<!-- This site is optimized with the Yoast SEO plugin v27.4 - https:\/\/yoast.com\/product\/yoast-seo-wordpress\/ -->\n<title>Di gj\u00eb kush \u00e7\u2019thot\u00eb Censusi (ne Shqiperi) p\u00ebr k\u00ebt\u00eb shif\u00ebr? - FjALA e LIR\u00cb - Arkivi<\/title>\n<meta name=\"robots\" content=\"index, follow, max-snippet:-1, max-image-preview:large, max-video-preview:-1\" \/>\n<link rel=\"canonical\" href=\"https:\/\/fjala.info\/2009-2015\/di-gje-kush-cthote-censusi-ne-shqiperi-per-kete-shifer\/\" \/>\n<meta property=\"og:locale\" content=\"sq_AL\" \/>\n<meta property=\"og:type\" content=\"article\" \/>\n<meta property=\"og:title\" content=\"Di gj\u00eb kush \u00e7\u2019thot\u00eb Censusi (ne Shqiperi) p\u00ebr k\u00ebt\u00eb shif\u00ebr? - FjALA e LIR\u00cb - Arkivi\" \/>\n<meta property=\"og:description\" content=\"Papa Benedikti XVI ka caktuar kardinalin spanjoll, Santos Abril Y Castello, si t\u00eb d\u00ebrguarin e tij t\u00eb posa\u00e7\u00ebm p\u00ebr n\u00eb Shqip\u00ebri. Lajmin e b\u00ebn t\u00eb ditur agjencia e lajmeve katolike Kathweb. Agjencia shkruan se: \u201cM\u00eb 29 shtator ai do t\u00eb marr\u00eb pjes\u00eb n\u00eb festimet p\u00ebr 950 vjetorin e dioqez\u00ebs Sape n\u00eb veri t\u00eb vendit\u201d. \u201cDioqeza [&hellip;]\" \/>\n<meta property=\"og:url\" content=\"https:\/\/fjala.info\/2009-2015\/di-gje-kush-cthote-censusi-ne-shqiperi-per-kete-shifer\/\" \/>\n<meta property=\"og:site_name\" content=\"FjALA e LIR\u00cb - Arkivi\" \/>\n<meta property=\"article:published_time\" content=\"2012-07-31T12:21:49+00:00\" \/>\n<meta property=\"og:image\" content=\"http:\/\/www.fjala.info\/2012\/shqiperia_map.jpg\" \/>\n<meta name=\"author\" content=\"admin\" \/>\n<meta name=\"twitter:card\" content=\"summary_large_image\" \/>\n<meta name=\"twitter:label1\" content=\"Written by\" \/>\n\t<meta name=\"twitter:data1\" content=\"admin\" \/>\n\t<meta name=\"twitter:label2\" content=\"Est. reading time\" \/>\n\t<meta name=\"twitter:data2\" content=\"2 minutes\" \/>\n<script type=\"application\/ld+json\" class=\"yoast-schema-graph\">{\"@context\":\"https:\\\/\\\/schema.org\",\"@graph\":[{\"@type\":\"Article\",\"@id\":\"https:\\\/\\\/fjala.info\\\/2009-2015\\\/di-gje-kush-cthote-censusi-ne-shqiperi-per-kete-shifer\\\/#article\",\"isPartOf\":{\"@id\":\"https:\\\/\\\/fjala.info\\\/2009-2015\\\/di-gje-kush-cthote-censusi-ne-shqiperi-per-kete-shifer\\\/\"},\"author\":{\"name\":\"admin\",\"@id\":\"https:\\\/\\\/fjala.info\\\/2009-2015\\\/#\\\/schema\\\/person\\\/3aa1163ef05469c496fc94e77611ada2\"},\"headline\":\"Di gj\u00eb kush \u00e7\u2019thot\u00eb Censusi (ne Shqiperi) p\u00ebr k\u00ebt\u00eb shif\u00ebr?\",\"datePublished\":\"2012-07-31T12:21:49+00:00\",\"mainEntityOfPage\":{\"@id\":\"https:\\\/\\\/fjala.info\\\/2009-2015\\\/di-gje-kush-cthote-censusi-ne-shqiperi-per-kete-shifer\\\/\"},\"wordCount\":356,\"commentCount\":0,\"publisher\":{\"@id\":\"https:\\\/\\\/fjala.info\\\/2009-2015\\\/#organization\"},\"image\":{\"@id\":\"https:\\\/\\\/fjala.info\\\/2009-2015\\\/di-gje-kush-cthote-censusi-ne-shqiperi-per-kete-shifer\\\/#primaryimage\"},\"thumbnailUrl\":\"http:\\\/\\\/www.fjala.info\\\/2012\\\/shqiperia_map.jpg\",\"articleSection\":[\"Artikuj\"],\"inLanguage\":\"sq-AL\",\"potentialAction\":[{\"@type\":\"CommentAction\",\"name\":\"Comment\",\"target\":[\"https:\\\/\\\/fjala.info\\\/2009-2015\\\/di-gje-kush-cthote-censusi-ne-shqiperi-per-kete-shifer\\\/#respond\"]}]},{\"@type\":\"WebPage\",\"@id\":\"https:\\\/\\\/fjala.info\\\/2009-2015\\\/di-gje-kush-cthote-censusi-ne-shqiperi-per-kete-shifer\\\/\",\"url\":\"https:\\\/\\\/fjala.info\\\/2009-2015\\\/di-gje-kush-cthote-censusi-ne-shqiperi-per-kete-shifer\\\/\",\"name\":\"Di gj\u00eb kush \u00e7\u2019thot\u00eb Censusi (ne Shqiperi) p\u00ebr k\u00ebt\u00eb shif\u00ebr? - FjALA e LIR\u00cb - Arkivi\",\"isPartOf\":{\"@id\":\"https:\\\/\\\/fjala.info\\\/2009-2015\\\/#website\"},\"primaryImageOfPage\":{\"@id\":\"https:\\\/\\\/fjala.info\\\/2009-2015\\\/di-gje-kush-cthote-censusi-ne-shqiperi-per-kete-shifer\\\/#primaryimage\"},\"image\":{\"@id\":\"https:\\\/\\\/fjala.info\\\/2009-2015\\\/di-gje-kush-cthote-censusi-ne-shqiperi-per-kete-shifer\\\/#primaryimage\"},\"thumbnailUrl\":\"http:\\\/\\\/www.fjala.info\\\/2012\\\/shqiperia_map.jpg\",\"datePublished\":\"2012-07-31T12:21:49+00:00\",\"breadcrumb\":{\"@id\":\"https:\\\/\\\/fjala.info\\\/2009-2015\\\/di-gje-kush-cthote-censusi-ne-shqiperi-per-kete-shifer\\\/#breadcrumb\"},\"inLanguage\":\"sq-AL\",\"potentialAction\":[{\"@type\":\"ReadAction\",\"target\":[\"https:\\\/\\\/fjala.info\\\/2009-2015\\\/di-gje-kush-cthote-censusi-ne-shqiperi-per-kete-shifer\\\/\"]}]},{\"@type\":\"ImageObject\",\"inLanguage\":\"sq-AL\",\"@id\":\"https:\\\/\\\/fjala.info\\\/2009-2015\\\/di-gje-kush-cthote-censusi-ne-shqiperi-per-kete-shifer\\\/#primaryimage\",\"url\":\"http:\\\/\\\/www.fjala.info\\\/2012\\\/shqiperia_map.jpg\",\"contentUrl\":\"http:\\\/\\\/www.fjala.info\\\/2012\\\/shqiperia_map.jpg\"},{\"@type\":\"BreadcrumbList\",\"@id\":\"https:\\\/\\\/fjala.info\\\/2009-2015\\\/di-gje-kush-cthote-censusi-ne-shqiperi-per-kete-shifer\\\/#breadcrumb\",\"itemListElement\":[{\"@type\":\"ListItem\",\"position\":1,\"name\":\"Home\",\"item\":\"https:\\\/\\\/fjala.info\\\/2009-2015\\\/\"},{\"@type\":\"ListItem\",\"position\":2,\"name\":\"Di gj\u00eb kush \u00e7\u2019thot\u00eb Censusi (ne Shqiperi) p\u00ebr k\u00ebt\u00eb shif\u00ebr?\"}]},{\"@type\":\"WebSite\",\"@id\":\"https:\\\/\\\/fjala.info\\\/2009-2015\\\/#website\",\"url\":\"https:\\\/\\\/fjala.info\\\/2009-2015\\\/\",\"name\":\"FjALA e LIR\u00cb - Arkivi\",\"description\":\"Arkivi 2009-2015\",\"publisher\":{\"@id\":\"https:\\\/\\\/fjala.info\\\/2009-2015\\\/#organization\"},\"potentialAction\":[{\"@type\":\"SearchAction\",\"target\":{\"@type\":\"EntryPoint\",\"urlTemplate\":\"https:\\\/\\\/fjala.info\\\/2009-2015\\\/?s={search_term_string}\"},\"query-input\":{\"@type\":\"PropertyValueSpecification\",\"valueRequired\":true,\"valueName\":\"search_term_string\"}}],\"inLanguage\":\"sq-AL\"},{\"@type\":\"Organization\",\"@id\":\"https:\\\/\\\/fjala.info\\\/2009-2015\\\/#organization\",\"name\":\"FjALA e LIR\u00cb - Arkivi\",\"url\":\"https:\\\/\\\/fjala.info\\\/2009-2015\\\/\",\"logo\":{\"@type\":\"ImageObject\",\"inLanguage\":\"sq-AL\",\"@id\":\"https:\\\/\\\/fjala.info\\\/2009-2015\\\/#\\\/schema\\\/logo\\\/image\\\/\",\"url\":\"\",\"contentUrl\":\"\",\"caption\":\"FjALA e LIR\u00cb - Arkivi\"},\"image\":{\"@id\":\"https:\\\/\\\/fjala.info\\\/2009-2015\\\/#\\\/schema\\\/logo\\\/image\\\/\"}},{\"@type\":\"Person\",\"@id\":\"https:\\\/\\\/fjala.info\\\/2009-2015\\\/#\\\/schema\\\/person\\\/3aa1163ef05469c496fc94e77611ada2\",\"name\":\"admin\",\"image\":{\"@type\":\"ImageObject\",\"inLanguage\":\"sq-AL\",\"@id\":\"https:\\\/\\\/fjala.info\\\/2009-2015\\\/wp-content\\\/uploads\\\/2012\\\/02\\\/arben_cokaj-120x150.jpg\",\"url\":\"https:\\\/\\\/fjala.info\\\/2009-2015\\\/wp-content\\\/uploads\\\/2012\\\/02\\\/arben_cokaj-120x150.jpg\",\"contentUrl\":\"https:\\\/\\\/fjala.info\\\/2009-2015\\\/wp-content\\\/uploads\\\/2012\\\/02\\\/arben_cokaj-120x150.jpg\",\"caption\":\"admin\"},\"description\":\"Admin, Fjala e Lir\u00eb\",\"sameAs\":[\"https:\\\/\\\/fjala.info\\\/\"],\"url\":\"https:\\\/\\\/fjala.info\\\/2009-2015\\\/author\\\/admin\\\/\"}]}<\/script>\n<!-- \/ Yoast SEO plugin. -->","yoast_head_json":{"title":"Di gj\u00eb kush \u00e7\u2019thot\u00eb Censusi (ne Shqiperi) p\u00ebr k\u00ebt\u00eb shif\u00ebr? - FjALA e LIR\u00cb - Arkivi","robots":{"index":"index","follow":"follow","max-snippet":"max-snippet:-1","max-image-preview":"max-image-preview:large","max-video-preview":"max-video-preview:-1"},"canonical":"https:\/\/fjala.info\/2009-2015\/di-gje-kush-cthote-censusi-ne-shqiperi-per-kete-shifer\/","og_locale":"sq_AL","og_type":"article","og_title":"Di gj\u00eb kush \u00e7\u2019thot\u00eb Censusi (ne Shqiperi) p\u00ebr k\u00ebt\u00eb shif\u00ebr? - FjALA e LIR\u00cb - Arkivi","og_description":"Papa Benedikti XVI ka caktuar kardinalin spanjoll, Santos Abril Y Castello, si t\u00eb d\u00ebrguarin e tij t\u00eb posa\u00e7\u00ebm p\u00ebr n\u00eb Shqip\u00ebri. Lajmin e b\u00ebn t\u00eb ditur agjencia e lajmeve katolike Kathweb. Agjencia shkruan se: \u201cM\u00eb 29 shtator ai do t\u00eb marr\u00eb pjes\u00eb n\u00eb festimet p\u00ebr 950 vjetorin e dioqez\u00ebs Sape n\u00eb veri t\u00eb vendit\u201d. \u201cDioqeza [&hellip;]","og_url":"https:\/\/fjala.info\/2009-2015\/di-gje-kush-cthote-censusi-ne-shqiperi-per-kete-shifer\/","og_site_name":"FjALA e LIR\u00cb - Arkivi","article_published_time":"2012-07-31T12:21:49+00:00","og_image":[{"url":"http:\/\/www.fjala.info\/2012\/shqiperia_map.jpg","type":"","width":"","height":""}],"author":"admin","twitter_card":"summary_large_image","twitter_misc":{"Written by":"admin","Est. reading time":"2 minutes"},"schema":{"@context":"https:\/\/schema.org","@graph":[{"@type":"Article","@id":"https:\/\/fjala.info\/2009-2015\/di-gje-kush-cthote-censusi-ne-shqiperi-per-kete-shifer\/#article","isPartOf":{"@id":"https:\/\/fjala.info\/2009-2015\/di-gje-kush-cthote-censusi-ne-shqiperi-per-kete-shifer\/"},"author":{"name":"admin","@id":"https:\/\/fjala.info\/2009-2015\/#\/schema\/person\/3aa1163ef05469c496fc94e77611ada2"},"headline":"Di gj\u00eb kush \u00e7\u2019thot\u00eb Censusi (ne Shqiperi) p\u00ebr k\u00ebt\u00eb shif\u00ebr?","datePublished":"2012-07-31T12:21:49+00:00","mainEntityOfPage":{"@id":"https:\/\/fjala.info\/2009-2015\/di-gje-kush-cthote-censusi-ne-shqiperi-per-kete-shifer\/"},"wordCount":356,"commentCount":0,"publisher":{"@id":"https:\/\/fjala.info\/2009-2015\/#organization"},"image":{"@id":"https:\/\/fjala.info\/2009-2015\/di-gje-kush-cthote-censusi-ne-shqiperi-per-kete-shifer\/#primaryimage"},"thumbnailUrl":"http:\/\/www.fjala.info\/2012\/shqiperia_map.jpg","articleSection":["Artikuj"],"inLanguage":"sq-AL","potentialAction":[{"@type":"CommentAction","name":"Comment","target":["https:\/\/fjala.info\/2009-2015\/di-gje-kush-cthote-censusi-ne-shqiperi-per-kete-shifer\/#respond"]}]},{"@type":"WebPage","@id":"https:\/\/fjala.info\/2009-2015\/di-gje-kush-cthote-censusi-ne-shqiperi-per-kete-shifer\/","url":"https:\/\/fjala.info\/2009-2015\/di-gje-kush-cthote-censusi-ne-shqiperi-per-kete-shifer\/","name":"Di gj\u00eb kush \u00e7\u2019thot\u00eb Censusi (ne Shqiperi) p\u00ebr k\u00ebt\u00eb shif\u00ebr? - FjALA e LIR\u00cb - Arkivi","isPartOf":{"@id":"https:\/\/fjala.info\/2009-2015\/#website"},"primaryImageOfPage":{"@id":"https:\/\/fjala.info\/2009-2015\/di-gje-kush-cthote-censusi-ne-shqiperi-per-kete-shifer\/#primaryimage"},"image":{"@id":"https:\/\/fjala.info\/2009-2015\/di-gje-kush-cthote-censusi-ne-shqiperi-per-kete-shifer\/#primaryimage"},"thumbnailUrl":"http:\/\/www.fjala.info\/2012\/shqiperia_map.jpg","datePublished":"2012-07-31T12:21:49+00:00","breadcrumb":{"@id":"https:\/\/fjala.info\/2009-2015\/di-gje-kush-cthote-censusi-ne-shqiperi-per-kete-shifer\/#breadcrumb"},"inLanguage":"sq-AL","potentialAction":[{"@type":"ReadAction","target":["https:\/\/fjala.info\/2009-2015\/di-gje-kush-cthote-censusi-ne-shqiperi-per-kete-shifer\/"]}]},{"@type":"ImageObject","inLanguage":"sq-AL","@id":"https:\/\/fjala.info\/2009-2015\/di-gje-kush-cthote-censusi-ne-shqiperi-per-kete-shifer\/#primaryimage","url":"http:\/\/www.fjala.info\/2012\/shqiperia_map.jpg","contentUrl":"http:\/\/www.fjala.info\/2012\/shqiperia_map.jpg"},{"@type":"BreadcrumbList","@id":"https:\/\/fjala.info\/2009-2015\/di-gje-kush-cthote-censusi-ne-shqiperi-per-kete-shifer\/#breadcrumb","itemListElement":[{"@type":"ListItem","position":1,"name":"Home","item":"https:\/\/fjala.info\/2009-2015\/"},{"@type":"ListItem","position":2,"name":"Di gj\u00eb kush \u00e7\u2019thot\u00eb Censusi (ne Shqiperi) p\u00ebr k\u00ebt\u00eb shif\u00ebr?"}]},{"@type":"WebSite","@id":"https:\/\/fjala.info\/2009-2015\/#website","url":"https:\/\/fjala.info\/2009-2015\/","name":"FjALA e LIR\u00cb - Arkivi","description":"Arkivi 2009-2015","publisher":{"@id":"https:\/\/fjala.info\/2009-2015\/#organization"},"potentialAction":[{"@type":"SearchAction","target":{"@type":"EntryPoint","urlTemplate":"https:\/\/fjala.info\/2009-2015\/?s={search_term_string}"},"query-input":{"@type":"PropertyValueSpecification","valueRequired":true,"valueName":"search_term_string"}}],"inLanguage":"sq-AL"},{"@type":"Organization","@id":"https:\/\/fjala.info\/2009-2015\/#organization","name":"FjALA e LIR\u00cb - Arkivi","url":"https:\/\/fjala.info\/2009-2015\/","logo":{"@type":"ImageObject","inLanguage":"sq-AL","@id":"https:\/\/fjala.info\/2009-2015\/#\/schema\/logo\/image\/","url":"","contentUrl":"","caption":"FjALA e LIR\u00cb - Arkivi"},"image":{"@id":"https:\/\/fjala.info\/2009-2015\/#\/schema\/logo\/image\/"}},{"@type":"Person","@id":"https:\/\/fjala.info\/2009-2015\/#\/schema\/person\/3aa1163ef05469c496fc94e77611ada2","name":"admin","image":{"@type":"ImageObject","inLanguage":"sq-AL","@id":"https:\/\/fjala.info\/2009-2015\/wp-content\/uploads\/2012\/02\/arben_cokaj-120x150.jpg","url":"https:\/\/fjala.info\/2009-2015\/wp-content\/uploads\/2012\/02\/arben_cokaj-120x150.jpg","contentUrl":"https:\/\/fjala.info\/2009-2015\/wp-content\/uploads\/2012\/02\/arben_cokaj-120x150.jpg","caption":"admin"},"description":"Admin, Fjala e Lir\u00eb","sameAs":["https:\/\/fjala.info\/"],"url":"https:\/\/fjala.info\/2009-2015\/author\/admin\/"}]}},"_links":{"self":[{"href":"https:\/\/fjala.info\/2009-2015\/wp-json\/wp\/v2\/posts\/11986","targetHints":{"allow":["GET"]}}],"collection":[{"href":"https:\/\/fjala.info\/2009-2015\/wp-json\/wp\/v2\/posts"}],"about":[{"href":"https:\/\/fjala.info\/2009-2015\/wp-json\/wp\/v2\/types\/post"}],"author":[{"embeddable":true,"href":"https:\/\/fjala.info\/2009-2015\/wp-json\/wp\/v2\/users\/1"}],"replies":[{"embeddable":true,"href":"https:\/\/fjala.info\/2009-2015\/wp-json\/wp\/v2\/comments?post=11986"}],"version-history":[{"count":0,"href":"https:\/\/fjala.info\/2009-2015\/wp-json\/wp\/v2\/posts\/11986\/revisions"}],"wp:attachment":[{"href":"https:\/\/fjala.info\/2009-2015\/wp-json\/wp\/v2\/media?parent=11986"}],"wp:term":[{"taxonomy":"category","embeddable":true,"href":"https:\/\/fjala.info\/2009-2015\/wp-json\/wp\/v2\/categories?post=11986"},{"taxonomy":"post_tag","embeddable":true,"href":"https:\/\/fjala.info\/2009-2015\/wp-json\/wp\/v2\/tags?post=11986"}],"curies":[{"name":"wp","href":"https:\/\/api.w.org\/{rel}","templated":true}]}}