{"id":11985,"date":"2012-07-27T22:27:41","date_gmt":"2012-07-27T21:27:41","guid":{"rendered":"http:\/\/www.fjala.info\/?p=4093"},"modified":"2012-07-27T22:27:41","modified_gmt":"2012-07-27T21:27:41","slug":"fundi-i-mandatit-te-presidentit-topi","status":"publish","type":"post","link":"https:\/\/fjala.info\/2009-2015\/fundi-i-mandatit-te-presidentit-topi\/","title":{"rendered":"Fundi i mandatit te Presidentit Topi"},"content":{"rendered":"<p><img decoding=\"async\" class=\"alignright size-thumbnail wp-image-7236\" title=\"Bedri Blloshmi\" src=\"http:\/\/www.fjala.info\/2012\/bedri_blloshmi.jpg\" alt=\"\" width=\"150\" \/> Analiz\u00eb nga <strong>BEDRI BLOSHMI<\/strong><\/p>\n<p>Me 20 korrik 2012 para presidenc\u00ebs jan\u00eb nj\u00eb grumbull njer\u00ebzish. Burra, gra, f\u00ebmij\u00eb dhe nga veshja kuptoheshin se ishin nga veriu.T\u00eb gjitha fytyrat e tyre ishin t\u00eb lodhura, balli me rrudha si t\u00eb moshuarit dhe ata m\u00eb t\u00eb rinj. \u00c7do kush e kuptonte pa hyr\u00eb n\u00eb bised\u00eb me ta se shpirt\u00ebrisht ishin t\u00eb vrar\u00eb dhe b\u00ebnin pjes\u00eb ne klas\u00ebn e p\u00ebrmbysur nga vrulli i pam\u00ebshirsh\u00ebm i historis\u00eb.<\/p>\n<p>K\u00ebta njer\u00ebz mbas gjetjes s\u00eb groposjes, mbas pushkatimit t\u00eb pathyeshm\u00ebris\u00eb Sokol Sokoli dhe Tom Ndoja t\u00eb cil\u00ebt dit\u00ebn e homazheve, presidenti i Republik\u00ebs i dekoroi p\u00ebr guximin dhe trim\u00ebrin\u00eb q\u00eb treguan ,pjesa tjet\u00ebr e k\u00ebtyre guximtar\u00ebve ishin njoftuar m\u00eb 20 korrik p\u00ebr t\u00eb marr\u00eb dekoratat. Sapo u fut\u00ebm n\u00eb sall\u00ebn e pritjes ku do b\u00ebheshin dekorimet erdhi momenti q\u00eb presidenti Z. Bamir Topi u fut n\u00eb sall\u00eb e cila gum\u00ebzhiu nga duartrokitjet. Ai nuk ishte i g\u00ebzuesh\u00ebm sepse ai q\u00eb e ndjen dhe e vler\u00ebson dhimbjen ,do t\u00eb mbaj\u00eb at\u00eb q\u00ebndrim q\u00eb mbahet n\u00eb rastet e derdhjes s\u00eb gjakut dhe dhimbjes t\u00eb plag\u00ebve.<\/p>\n<p>Dekorimi filloi me t\u00eb ekzekutuarit nga Velipoja q\u00eb nuk ishin pak por plot 12 burra trima q\u00eb se desh\u00ebn asnj\u00ebher\u00eb komunizmin as bijt\u00eb e saj terrorista komunist\u00eb.<br \/>\nAta jan\u00eb: Ilir Dashi, Ded\u00eb Shabani, Nikoll\u00eb Dashi, Dul Bajrami, Maliq Bajrami, Nikoll\u00eb Mala, Fran Imajli, Gjok Luli, Ndue Luli, Gjon Sina, Ded Mala, Dom Mark Hasaj.<\/p>\n<p>T\u00eb ekzekutuarit nga Lezha jan\u00eb: Mark Bajraktari Mark Vata, Prek Tahiri dhe Ded\u00eb Coku. T\u00eb gjith\u00eb ata q\u00eb paraqiteshin tek presidenti p\u00ebr t\u00eb marr\u00eb dekorat\u00ebn nuk pushonin s\u00eb uruari e falenderuar Z.Topi me fjal\u00ebt e dala nga thell\u00ebsia e zemr\u00ebs t\u00eb cilat tregonin dhimbjen e fresk\u00ebt t\u00eb asaj dite q\u00eb humb\u00ebn njer\u00ebzit e tyre m\u00eb t\u00eb dashur t\u00eb p\u00ebrlotur por dhe t\u00eb g\u00ebzuar se kaluan plot 22 vjet nga gjunj\u00ebzimi i komunistave dhe k\u00ebta trima ,k\u00ebta kund\u00ebrshtar\u00eb fanatik\u00eb t\u00eb komunizmit q\u00eb nuk kujtoheshin as se jan\u00eb gjall\u00eb as t\u00eb vdekur apo t\u00eb zhdukur.<\/p>\n<p>K\u00ebta t\u00eb pushkatuar nga terrorist\u00ebt komunist\u00eb q\u00eb luftuan p\u00ebr nj\u00eb Shqip\u00ebri tjet\u00ebr, krejt tjet\u00ebr dhe nga Shqip\u00ebria e sotme dhe fjala e tyre e fundit n\u00ebp\u00ebrmes plumbave t\u00eb skuadr\u00ebs s\u00eb pushkatimit ishte \u201cT\u00eb Rroj\u00eb Shqip\u00ebria\u201d.<\/p>\n<p>K\u00ebta q\u00eb dhan\u00eb jet\u00ebn pa u dridhur qerpiku dhe shum\u00eb t\u00eb tjer\u00eb nacionalist\u00eb do ti dekoronte ky president n\u00eb fundin e mandatit t\u00eb tij Presidenti Bamir Topi dekoroi duke vler\u00ebsuar guximin dhe trim\u00ebrin\u00eb dhe kat\u00ebr t\u00eb d\u00ebnuar p\u00ebr \u201cterroriz\u00ebm\u201d n\u00eb revolt\u00ebn e Qaf\u00eb Barit. Ata jan\u00eb: Martin Leka, Haxhi Bacinovski, Bajram Vuthaj dhe Kostandin Gjordeni, u dekorua dhe Hysen Shoshori p\u00ebr guximin q\u00eb tregoi duke shp\u00ebrndar\u00eb trakte kund\u00ebr komunizmit. Me propozimin e kryetarit t\u00eb bashkis\u00eb s\u00eb Librazhdit Z.Shefki \u00c7ota u dekorua dhe Selman Blloshmi pas vdekjes.T\u00eb gjith\u00eb sa ishin n\u00eb sall\u00eb nuk i linin radh\u00eb nj\u00ebri tjetrit p\u00ebr t\u00eb takuar dhe falenderuar z. Topi.<\/p>\n<p>\u201cP\u00ebr t\u00eb b\u00ebr\u00eb pun\u00eb t\u00eb mira duhen njer\u00ebz t\u00eb mir\u00eb \u201c-thot\u00eb Napoleoni. I vetmi president q\u00eb ka b\u00ebr\u00eb p\u00ebr shtres\u00ebn e t\u00eb burgosurve politik vler\u00ebsime reale.Duke p\u00ebrfunduar dua dhe un\u00eb t\u00eb shpreh urimet e mia p\u00ebr z.Bamir Topi. Falenderime t\u00eb pakufi dhe suksese n\u00eb vazhdimin e udh\u00ebs n\u00eb politik\u00eb p\u00ebr nj\u00eb Shqip\u00ebri si\u00e7 e desh\u00ebn ata q\u00eb s\u2019jan\u00eb m\u00eb, u plot\u00ebsoft\u00eb pengu i tyre p\u00ebr nj\u00eb Shqip\u00ebri pa terrorist\u00ebt komunist\u00eb dhe pa bijt\u00eb e tyre q\u00eb kan\u00eb uzurpuar dhe sundojne Shqip\u00ebrin\u00eb t\u00eb cil\u00ebt pasurohen e mbrojn\u00eb baballar\u00ebt e tyre vras\u00ebs dhe gjakatar\u00eb. T\u00eb dyja gjysmat e partis\u00eb komuniste nuk e prekin aspak rezolut\u00ebn e KE p\u00ebr d\u00ebnimin e krimeve te komunistave as dhe ligjin e spiun\u00ebve kur ne po presim. Po e p\u00ebrfundoj Hygoin:<\/p>\n<p>\u201c<em>Sado q\u00eb koha t\u00eb kaloj\u00eb \/ Sado q\u00eb rrobat e zis\u00eb t\u00eb zbardhen nga larj a\/ P\u00ebr nj\u00eb n\u00ebn\u00eb q\u00eb ka humbur f\u00ebmij\u00ebn e saj \/ \u00cbsht\u00eb gjithmon\u00eb dita e par\u00eb e dhimbjes \/Dhe zemra mbetet gjithmon\u00eb e zez\u00eb<\/em>\u201d<br \/>\n<strong>Viktor Hygo<\/strong><\/p>\n<p>T\u00eb gjith\u00eb t\u00eb r\u00ebn\u00ebt p\u00ebr nj\u00eb Shqip\u00ebri tjet\u00ebr pushofshin n\u00eb paqe.<br \/>\nQoft\u00eb l\u00ebvdue Jezu Krishti<\/p>\n","protected":false},"excerpt":{"rendered":"<p>Analiz\u00eb nga BEDRI BLOSHMI Me 20 korrik 2012 para presidenc\u00ebs jan\u00eb nj\u00eb grumbull njer\u00ebzish. Burra, gra, f\u00ebmij\u00eb dhe nga veshja kuptoheshin se ishin nga veriu.T\u00eb gjitha fytyrat e tyre ishin t\u00eb lodhura, balli me rrudha si t\u00eb moshuarit dhe ata m\u00eb t\u00eb rinj. \u00c7do kush e kuptonte pa hyr\u00eb n\u00eb bised\u00eb me ta se shpirt\u00ebrisht [&hellip;]<\/p>\n","protected":false},"author":1,"featured_media":0,"comment_status":"open","ping_status":"closed","sticky":false,"template":"","format":"standard","meta":{"footnotes":""},"categories":[2],"tags":[],"class_list":{"0":"post-11985","1":"post","2":"type-post","3":"status-publish","4":"format-standard","6":"category-artikuj"},"yoast_head":"<!-- This site is optimized with the Yoast SEO plugin v27.4 - https:\/\/yoast.com\/product\/yoast-seo-wordpress\/ -->\n<title>Fundi i mandatit te Presidentit Topi - FjALA e LIR\u00cb - Arkivi<\/title>\n<meta name=\"robots\" content=\"index, follow, max-snippet:-1, max-image-preview:large, max-video-preview:-1\" \/>\n<link rel=\"canonical\" href=\"https:\/\/fjala.info\/2009-2015\/fundi-i-mandatit-te-presidentit-topi\/\" \/>\n<meta property=\"og:locale\" content=\"sq_AL\" \/>\n<meta property=\"og:type\" content=\"article\" \/>\n<meta property=\"og:title\" content=\"Fundi i mandatit te Presidentit Topi - FjALA e LIR\u00cb - Arkivi\" \/>\n<meta property=\"og:description\" content=\"Analiz\u00eb nga BEDRI BLOSHMI Me 20 korrik 2012 para presidenc\u00ebs jan\u00eb nj\u00eb grumbull njer\u00ebzish. Burra, gra, f\u00ebmij\u00eb dhe nga veshja kuptoheshin se ishin nga veriu.T\u00eb gjitha fytyrat e tyre ishin t\u00eb lodhura, balli me rrudha si t\u00eb moshuarit dhe ata m\u00eb t\u00eb rinj. \u00c7do kush e kuptonte pa hyr\u00eb n\u00eb bised\u00eb me ta se shpirt\u00ebrisht [&hellip;]\" \/>\n<meta property=\"og:url\" content=\"https:\/\/fjala.info\/2009-2015\/fundi-i-mandatit-te-presidentit-topi\/\" \/>\n<meta property=\"og:site_name\" content=\"FjALA e LIR\u00cb - Arkivi\" \/>\n<meta property=\"article:published_time\" content=\"2012-07-27T21:27:41+00:00\" \/>\n<meta property=\"og:image\" content=\"http:\/\/www.fjala.info\/2012\/bedri_blloshmi.jpg\" \/>\n<meta name=\"author\" content=\"admin\" \/>\n<meta name=\"twitter:card\" content=\"summary_large_image\" \/>\n<meta name=\"twitter:label1\" content=\"Written by\" \/>\n\t<meta name=\"twitter:data1\" content=\"admin\" \/>\n\t<meta name=\"twitter:label2\" content=\"Est. reading time\" \/>\n\t<meta name=\"twitter:data2\" content=\"4 minutes\" \/>\n<script type=\"application\/ld+json\" class=\"yoast-schema-graph\">{\"@context\":\"https:\\\/\\\/schema.org\",\"@graph\":[{\"@type\":\"Article\",\"@id\":\"https:\\\/\\\/fjala.info\\\/2009-2015\\\/fundi-i-mandatit-te-presidentit-topi\\\/#article\",\"isPartOf\":{\"@id\":\"https:\\\/\\\/fjala.info\\\/2009-2015\\\/fundi-i-mandatit-te-presidentit-topi\\\/\"},\"author\":{\"name\":\"admin\",\"@id\":\"https:\\\/\\\/fjala.info\\\/2009-2015\\\/#\\\/schema\\\/person\\\/3aa1163ef05469c496fc94e77611ada2\"},\"headline\":\"Fundi i mandatit te Presidentit Topi\",\"datePublished\":\"2012-07-27T21:27:41+00:00\",\"mainEntityOfPage\":{\"@id\":\"https:\\\/\\\/fjala.info\\\/2009-2015\\\/fundi-i-mandatit-te-presidentit-topi\\\/\"},\"wordCount\":753,\"commentCount\":0,\"publisher\":{\"@id\":\"https:\\\/\\\/fjala.info\\\/2009-2015\\\/#organization\"},\"image\":{\"@id\":\"https:\\\/\\\/fjala.info\\\/2009-2015\\\/fundi-i-mandatit-te-presidentit-topi\\\/#primaryimage\"},\"thumbnailUrl\":\"http:\\\/\\\/www.fjala.info\\\/2012\\\/bedri_blloshmi.jpg\",\"articleSection\":[\"Artikuj\"],\"inLanguage\":\"sq-AL\",\"potentialAction\":[{\"@type\":\"CommentAction\",\"name\":\"Comment\",\"target\":[\"https:\\\/\\\/fjala.info\\\/2009-2015\\\/fundi-i-mandatit-te-presidentit-topi\\\/#respond\"]}]},{\"@type\":\"WebPage\",\"@id\":\"https:\\\/\\\/fjala.info\\\/2009-2015\\\/fundi-i-mandatit-te-presidentit-topi\\\/\",\"url\":\"https:\\\/\\\/fjala.info\\\/2009-2015\\\/fundi-i-mandatit-te-presidentit-topi\\\/\",\"name\":\"Fundi i mandatit te Presidentit Topi - FjALA e LIR\u00cb - Arkivi\",\"isPartOf\":{\"@id\":\"https:\\\/\\\/fjala.info\\\/2009-2015\\\/#website\"},\"primaryImageOfPage\":{\"@id\":\"https:\\\/\\\/fjala.info\\\/2009-2015\\\/fundi-i-mandatit-te-presidentit-topi\\\/#primaryimage\"},\"image\":{\"@id\":\"https:\\\/\\\/fjala.info\\\/2009-2015\\\/fundi-i-mandatit-te-presidentit-topi\\\/#primaryimage\"},\"thumbnailUrl\":\"http:\\\/\\\/www.fjala.info\\\/2012\\\/bedri_blloshmi.jpg\",\"datePublished\":\"2012-07-27T21:27:41+00:00\",\"breadcrumb\":{\"@id\":\"https:\\\/\\\/fjala.info\\\/2009-2015\\\/fundi-i-mandatit-te-presidentit-topi\\\/#breadcrumb\"},\"inLanguage\":\"sq-AL\",\"potentialAction\":[{\"@type\":\"ReadAction\",\"target\":[\"https:\\\/\\\/fjala.info\\\/2009-2015\\\/fundi-i-mandatit-te-presidentit-topi\\\/\"]}]},{\"@type\":\"ImageObject\",\"inLanguage\":\"sq-AL\",\"@id\":\"https:\\\/\\\/fjala.info\\\/2009-2015\\\/fundi-i-mandatit-te-presidentit-topi\\\/#primaryimage\",\"url\":\"http:\\\/\\\/www.fjala.info\\\/2012\\\/bedri_blloshmi.jpg\",\"contentUrl\":\"http:\\\/\\\/www.fjala.info\\\/2012\\\/bedri_blloshmi.jpg\"},{\"@type\":\"BreadcrumbList\",\"@id\":\"https:\\\/\\\/fjala.info\\\/2009-2015\\\/fundi-i-mandatit-te-presidentit-topi\\\/#breadcrumb\",\"itemListElement\":[{\"@type\":\"ListItem\",\"position\":1,\"name\":\"Home\",\"item\":\"https:\\\/\\\/fjala.info\\\/2009-2015\\\/\"},{\"@type\":\"ListItem\",\"position\":2,\"name\":\"Fundi i mandatit te Presidentit Topi\"}]},{\"@type\":\"WebSite\",\"@id\":\"https:\\\/\\\/fjala.info\\\/2009-2015\\\/#website\",\"url\":\"https:\\\/\\\/fjala.info\\\/2009-2015\\\/\",\"name\":\"FjALA e LIR\u00cb - Arkivi\",\"description\":\"Arkivi 2009-2015\",\"publisher\":{\"@id\":\"https:\\\/\\\/fjala.info\\\/2009-2015\\\/#organization\"},\"potentialAction\":[{\"@type\":\"SearchAction\",\"target\":{\"@type\":\"EntryPoint\",\"urlTemplate\":\"https:\\\/\\\/fjala.info\\\/2009-2015\\\/?s={search_term_string}\"},\"query-input\":{\"@type\":\"PropertyValueSpecification\",\"valueRequired\":true,\"valueName\":\"search_term_string\"}}],\"inLanguage\":\"sq-AL\"},{\"@type\":\"Organization\",\"@id\":\"https:\\\/\\\/fjala.info\\\/2009-2015\\\/#organization\",\"name\":\"FjALA e LIR\u00cb - Arkivi\",\"url\":\"https:\\\/\\\/fjala.info\\\/2009-2015\\\/\",\"logo\":{\"@type\":\"ImageObject\",\"inLanguage\":\"sq-AL\",\"@id\":\"https:\\\/\\\/fjala.info\\\/2009-2015\\\/#\\\/schema\\\/logo\\\/image\\\/\",\"url\":\"\",\"contentUrl\":\"\",\"caption\":\"FjALA e LIR\u00cb - Arkivi\"},\"image\":{\"@id\":\"https:\\\/\\\/fjala.info\\\/2009-2015\\\/#\\\/schema\\\/logo\\\/image\\\/\"}},{\"@type\":\"Person\",\"@id\":\"https:\\\/\\\/fjala.info\\\/2009-2015\\\/#\\\/schema\\\/person\\\/3aa1163ef05469c496fc94e77611ada2\",\"name\":\"admin\",\"image\":{\"@type\":\"ImageObject\",\"inLanguage\":\"sq-AL\",\"@id\":\"https:\\\/\\\/fjala.info\\\/2009-2015\\\/wp-content\\\/uploads\\\/2012\\\/02\\\/arben_cokaj-120x150.jpg\",\"url\":\"https:\\\/\\\/fjala.info\\\/2009-2015\\\/wp-content\\\/uploads\\\/2012\\\/02\\\/arben_cokaj-120x150.jpg\",\"contentUrl\":\"https:\\\/\\\/fjala.info\\\/2009-2015\\\/wp-content\\\/uploads\\\/2012\\\/02\\\/arben_cokaj-120x150.jpg\",\"caption\":\"admin\"},\"description\":\"Admin, Fjala e Lir\u00eb\",\"sameAs\":[\"https:\\\/\\\/fjala.info\\\/\"],\"url\":\"https:\\\/\\\/fjala.info\\\/2009-2015\\\/author\\\/admin\\\/\"}]}<\/script>\n<!-- \/ Yoast SEO plugin. -->","yoast_head_json":{"title":"Fundi i mandatit te Presidentit Topi - FjALA e LIR\u00cb - Arkivi","robots":{"index":"index","follow":"follow","max-snippet":"max-snippet:-1","max-image-preview":"max-image-preview:large","max-video-preview":"max-video-preview:-1"},"canonical":"https:\/\/fjala.info\/2009-2015\/fundi-i-mandatit-te-presidentit-topi\/","og_locale":"sq_AL","og_type":"article","og_title":"Fundi i mandatit te Presidentit Topi - FjALA e LIR\u00cb - Arkivi","og_description":"Analiz\u00eb nga BEDRI BLOSHMI Me 20 korrik 2012 para presidenc\u00ebs jan\u00eb nj\u00eb grumbull njer\u00ebzish. Burra, gra, f\u00ebmij\u00eb dhe nga veshja kuptoheshin se ishin nga veriu.T\u00eb gjitha fytyrat e tyre ishin t\u00eb lodhura, balli me rrudha si t\u00eb moshuarit dhe ata m\u00eb t\u00eb rinj. \u00c7do kush e kuptonte pa hyr\u00eb n\u00eb bised\u00eb me ta se shpirt\u00ebrisht [&hellip;]","og_url":"https:\/\/fjala.info\/2009-2015\/fundi-i-mandatit-te-presidentit-topi\/","og_site_name":"FjALA e LIR\u00cb - Arkivi","article_published_time":"2012-07-27T21:27:41+00:00","og_image":[{"url":"http:\/\/www.fjala.info\/2012\/bedri_blloshmi.jpg","type":"","width":"","height":""}],"author":"admin","twitter_card":"summary_large_image","twitter_misc":{"Written by":"admin","Est. reading time":"4 minutes"},"schema":{"@context":"https:\/\/schema.org","@graph":[{"@type":"Article","@id":"https:\/\/fjala.info\/2009-2015\/fundi-i-mandatit-te-presidentit-topi\/#article","isPartOf":{"@id":"https:\/\/fjala.info\/2009-2015\/fundi-i-mandatit-te-presidentit-topi\/"},"author":{"name":"admin","@id":"https:\/\/fjala.info\/2009-2015\/#\/schema\/person\/3aa1163ef05469c496fc94e77611ada2"},"headline":"Fundi i mandatit te Presidentit Topi","datePublished":"2012-07-27T21:27:41+00:00","mainEntityOfPage":{"@id":"https:\/\/fjala.info\/2009-2015\/fundi-i-mandatit-te-presidentit-topi\/"},"wordCount":753,"commentCount":0,"publisher":{"@id":"https:\/\/fjala.info\/2009-2015\/#organization"},"image":{"@id":"https:\/\/fjala.info\/2009-2015\/fundi-i-mandatit-te-presidentit-topi\/#primaryimage"},"thumbnailUrl":"http:\/\/www.fjala.info\/2012\/bedri_blloshmi.jpg","articleSection":["Artikuj"],"inLanguage":"sq-AL","potentialAction":[{"@type":"CommentAction","name":"Comment","target":["https:\/\/fjala.info\/2009-2015\/fundi-i-mandatit-te-presidentit-topi\/#respond"]}]},{"@type":"WebPage","@id":"https:\/\/fjala.info\/2009-2015\/fundi-i-mandatit-te-presidentit-topi\/","url":"https:\/\/fjala.info\/2009-2015\/fundi-i-mandatit-te-presidentit-topi\/","name":"Fundi i mandatit te Presidentit Topi - FjALA e LIR\u00cb - Arkivi","isPartOf":{"@id":"https:\/\/fjala.info\/2009-2015\/#website"},"primaryImageOfPage":{"@id":"https:\/\/fjala.info\/2009-2015\/fundi-i-mandatit-te-presidentit-topi\/#primaryimage"},"image":{"@id":"https:\/\/fjala.info\/2009-2015\/fundi-i-mandatit-te-presidentit-topi\/#primaryimage"},"thumbnailUrl":"http:\/\/www.fjala.info\/2012\/bedri_blloshmi.jpg","datePublished":"2012-07-27T21:27:41+00:00","breadcrumb":{"@id":"https:\/\/fjala.info\/2009-2015\/fundi-i-mandatit-te-presidentit-topi\/#breadcrumb"},"inLanguage":"sq-AL","potentialAction":[{"@type":"ReadAction","target":["https:\/\/fjala.info\/2009-2015\/fundi-i-mandatit-te-presidentit-topi\/"]}]},{"@type":"ImageObject","inLanguage":"sq-AL","@id":"https:\/\/fjala.info\/2009-2015\/fundi-i-mandatit-te-presidentit-topi\/#primaryimage","url":"http:\/\/www.fjala.info\/2012\/bedri_blloshmi.jpg","contentUrl":"http:\/\/www.fjala.info\/2012\/bedri_blloshmi.jpg"},{"@type":"BreadcrumbList","@id":"https:\/\/fjala.info\/2009-2015\/fundi-i-mandatit-te-presidentit-topi\/#breadcrumb","itemListElement":[{"@type":"ListItem","position":1,"name":"Home","item":"https:\/\/fjala.info\/2009-2015\/"},{"@type":"ListItem","position":2,"name":"Fundi i mandatit te Presidentit Topi"}]},{"@type":"WebSite","@id":"https:\/\/fjala.info\/2009-2015\/#website","url":"https:\/\/fjala.info\/2009-2015\/","name":"FjALA e LIR\u00cb - Arkivi","description":"Arkivi 2009-2015","publisher":{"@id":"https:\/\/fjala.info\/2009-2015\/#organization"},"potentialAction":[{"@type":"SearchAction","target":{"@type":"EntryPoint","urlTemplate":"https:\/\/fjala.info\/2009-2015\/?s={search_term_string}"},"query-input":{"@type":"PropertyValueSpecification","valueRequired":true,"valueName":"search_term_string"}}],"inLanguage":"sq-AL"},{"@type":"Organization","@id":"https:\/\/fjala.info\/2009-2015\/#organization","name":"FjALA e LIR\u00cb - Arkivi","url":"https:\/\/fjala.info\/2009-2015\/","logo":{"@type":"ImageObject","inLanguage":"sq-AL","@id":"https:\/\/fjala.info\/2009-2015\/#\/schema\/logo\/image\/","url":"","contentUrl":"","caption":"FjALA e LIR\u00cb - Arkivi"},"image":{"@id":"https:\/\/fjala.info\/2009-2015\/#\/schema\/logo\/image\/"}},{"@type":"Person","@id":"https:\/\/fjala.info\/2009-2015\/#\/schema\/person\/3aa1163ef05469c496fc94e77611ada2","name":"admin","image":{"@type":"ImageObject","inLanguage":"sq-AL","@id":"https:\/\/fjala.info\/2009-2015\/wp-content\/uploads\/2012\/02\/arben_cokaj-120x150.jpg","url":"https:\/\/fjala.info\/2009-2015\/wp-content\/uploads\/2012\/02\/arben_cokaj-120x150.jpg","contentUrl":"https:\/\/fjala.info\/2009-2015\/wp-content\/uploads\/2012\/02\/arben_cokaj-120x150.jpg","caption":"admin"},"description":"Admin, Fjala e Lir\u00eb","sameAs":["https:\/\/fjala.info\/"],"url":"https:\/\/fjala.info\/2009-2015\/author\/admin\/"}]}},"_links":{"self":[{"href":"https:\/\/fjala.info\/2009-2015\/wp-json\/wp\/v2\/posts\/11985","targetHints":{"allow":["GET"]}}],"collection":[{"href":"https:\/\/fjala.info\/2009-2015\/wp-json\/wp\/v2\/posts"}],"about":[{"href":"https:\/\/fjala.info\/2009-2015\/wp-json\/wp\/v2\/types\/post"}],"author":[{"embeddable":true,"href":"https:\/\/fjala.info\/2009-2015\/wp-json\/wp\/v2\/users\/1"}],"replies":[{"embeddable":true,"href":"https:\/\/fjala.info\/2009-2015\/wp-json\/wp\/v2\/comments?post=11985"}],"version-history":[{"count":0,"href":"https:\/\/fjala.info\/2009-2015\/wp-json\/wp\/v2\/posts\/11985\/revisions"}],"wp:attachment":[{"href":"https:\/\/fjala.info\/2009-2015\/wp-json\/wp\/v2\/media?parent=11985"}],"wp:term":[{"taxonomy":"category","embeddable":true,"href":"https:\/\/fjala.info\/2009-2015\/wp-json\/wp\/v2\/categories?post=11985"},{"taxonomy":"post_tag","embeddable":true,"href":"https:\/\/fjala.info\/2009-2015\/wp-json\/wp\/v2\/tags?post=11985"}],"curies":[{"name":"wp","href":"https:\/\/api.w.org\/{rel}","templated":true}]}}