{"id":11984,"date":"2012-07-27T22:20:22","date_gmt":"2012-07-27T21:20:22","guid":{"rendered":"http:\/\/www.fjala.info\/?p=4089"},"modified":"2012-07-27T22:20:22","modified_gmt":"2012-07-27T21:20:22","slug":"sistemi-i-drejtesise-qe-vret-me-shume-se-krimi","status":"publish","type":"post","link":"https:\/\/fjala.info\/2009-2015\/sistemi-i-drejtesise-qe-vret-me-shume-se-krimi\/","title":{"rendered":"Sistemi i drejt\u00ebsis\u00eb q\u00eb vret m\u00eb shum\u00eb se krimi"},"content":{"rendered":"<p><img decoding=\"async\" class=\"alignright size-thumbnail wp-image-7236\" title=\"Anila \u00c7obani\" src=\"http:\/\/www.fjala.info\/2012\/anila_cobani.jpg\" alt=\"\" width=\"150\" \/> Nga <strong>Anila \u00c7obani<\/strong>, <em>27 Korrik 2012<\/em><\/p>\n<p>Do te doja qe sot me revolten qe me zjen shume ballesh perbrenda, t\u2019i drejtohesha perfaqesuesve te KE ne Shqiperi, ambasadorit amerikan dhe kujtdo tjeter qe me perpjekjet diplomatike te tyre mundohen te bejne di\u00e7ka per kete vend. Per kete vend qe jo vetem ka humbur orientimin europian, por rrezikshem ndodhet ne nje udhekryq dhe tulatet i plagosur nga goditjet dhe rrenimi ekonomik, shpirteror dhe human. Do te doja shume t\u2019iu kerkoja si\u00e7 e kam bere dhe here te tjera, ndihmen time si nene, si grua, si intelektuale, per te bere te mundur qe \u00e7eshtjen qe une (tashme mbushet 1 vit) po ndjek kunder nje perfaqesuesi te administrates se sotme shteterore, ta bej te mundur te me zbatohet ligjerisht ne pallatin e frikshem te drejtesise shqiptare.<\/p>\n<p>Por sot nuk po e bej! Nuk dua t\u2019ju percjell juve trishtimin dhe revolten e nje qytetareje qe nuk mundet dot as te zhvilloje nje seance te vetme gjyqesore per te vendosur te drejten e shkelur brutalisht jo ne rruge, jo ne familje, por ne zyrat e nje shteti pa emer. Them pa emer se nuk do te doja t\u2019i them shtet shqiptar, sepse shqiptaret jane nje popull vital, inteligjent, shpirtmadh dhe luftarak.Shqiptaret kane treguar ne shekuj se dine te bejne shtet,se dine te bejne drejtesi!<\/p>\n<p>Ndaj dhe une sot vendosa t\u2019u drejtohem pik\u00ebrisht atyre, shqiptareve te mi vitale! Sot ne Gjykaten e Tiranes u zhvillua seanca e rradhes kunder te pandehurit, xhelatit te Bashkise se Tiranes, Florenc Hoxha. Si ne te gjitha heret, xhelati, ky burracak me uniformen e Policise Bashkiake nuk u paraqit ne seance me pretendimin se ishte nje avokat ne emer te tij dhe kerkesen e xhelatit e miraton ai qe pretendohej se ishte pala jone ne Gjykate. Prokurori! Dhe ishte perseri avokati qe kerkon gjykim te shkurtuar dhe ishte perseri prokurori qe miratonte \u00e7do kerkese te avokatit te xhelatit.<\/p>\n<p>Deri ketu nga ana proceduriale si dhe nga ana ligjore \u00e7do gje eshte OK. Por kur prokurori lexon mbrapsht padine tone, lexon neper dhembe tre rreshta te pakuptueshem dhe nuk paraqet ne seance asnje prove (e dhene nga ne dhe koleget tane), asnj\u00eb material filmik, vene ne dispozicion nga mediat diten e ngjarjes, \u00e7do gje kthehet ne farse. Kthehet ne nje seance ku viktima (megjithese s\u2019do te doja kurre te isha ne kete pozicion) kthehet ne nje pre! Pre e institucionit te cilit viktima i ka besuar jeten, dinjitetin dhe mbrojtjen.<\/p>\n<p>Dhe ne momentin kur degjoja gojehapur une dhe kolegia ime tjetersimin e fjaleve tona ne referencat e prokurorit, neper mend me kalonin qindra e mijera shqiptare te deshperuar qe u kane besuar jeten, pasurine, dinjitetin, te ardhmen, te tyren dhe femijeve, pik\u00ebrisht ketyre perfaqesuesve te organit te akuzes. Ne mend me kalonin dhjet\u00ebra seanca te deshtuara me kriminele e hajdute, me vrases e te korruptuar, ku ne emer te procedurave dhe \u201cfakteve te munguara\u201d, viktimat kthehen ne pritesin \u00e7udiberes te tre diteve. Eshte ajo shprehja \u00e7udiberese qe hataja me e madhe tre dite zgjat dhe viktima harron! Dhe shqiptaret harrojne! Une jam shqiptare! Une jam nene shqiptare dhe kam vendosur te mos harroj!<\/p>\n<p>Kam vendosur t\u2019i shkoj drejtesise deri ne fund, e pademoralizuar, e paepur. Prandaj iu bej thirrje sot te gjitheve, Avokatit te Popullit, shoqerise civile. Mos i braktisni shqiptaret!! Qendroni prane ne \u00e7do perballje te tyre me shtetin. E them ne perballje me shtetin, pasi prokurore, gjyqtare, tani e besoj fort kete, jane nen tutelen kriminale dhe nen presionin politik te nje shteti qe shemb! Shemb endrrat dhe jeten e shqiptareve!<\/p>\n","protected":false},"excerpt":{"rendered":"<p>Nga Anila \u00c7obani, 27 Korrik 2012 Do te doja qe sot me revolten qe me zjen shume ballesh perbrenda, t\u2019i drejtohesha perfaqesuesve te KE ne Shqiperi, ambasadorit amerikan dhe kujtdo tjeter qe me perpjekjet diplomatike te tyre mundohen te bejne di\u00e7ka per kete vend. Per kete vend qe jo vetem ka humbur orientimin europian, por [&hellip;]<\/p>\n","protected":false},"author":1,"featured_media":0,"comment_status":"open","ping_status":"closed","sticky":false,"template":"","format":"standard","meta":{"footnotes":""},"categories":[2],"tags":[],"class_list":{"0":"post-11984","1":"post","2":"type-post","3":"status-publish","4":"format-standard","6":"category-artikuj"},"yoast_head":"<!-- This site is optimized with the Yoast SEO plugin v27.4 - https:\/\/yoast.com\/product\/yoast-seo-wordpress\/ -->\n<title>Sistemi i drejt\u00ebsis\u00eb q\u00eb vret m\u00eb shum\u00eb se krimi - FjALA e LIR\u00cb - Arkivi<\/title>\n<meta name=\"robots\" content=\"index, follow, max-snippet:-1, max-image-preview:large, max-video-preview:-1\" \/>\n<link rel=\"canonical\" href=\"https:\/\/fjala.info\/2009-2015\/sistemi-i-drejtesise-qe-vret-me-shume-se-krimi\/\" \/>\n<meta property=\"og:locale\" content=\"sq_AL\" \/>\n<meta property=\"og:type\" content=\"article\" \/>\n<meta property=\"og:title\" content=\"Sistemi i drejt\u00ebsis\u00eb q\u00eb vret m\u00eb shum\u00eb se krimi - FjALA e LIR\u00cb - Arkivi\" \/>\n<meta property=\"og:description\" content=\"Nga Anila \u00c7obani, 27 Korrik 2012 Do te doja qe sot me revolten qe me zjen shume ballesh perbrenda, t\u2019i drejtohesha perfaqesuesve te KE ne Shqiperi, ambasadorit amerikan dhe kujtdo tjeter qe me perpjekjet diplomatike te tyre mundohen te bejne di\u00e7ka per kete vend. Per kete vend qe jo vetem ka humbur orientimin europian, por [&hellip;]\" \/>\n<meta property=\"og:url\" content=\"https:\/\/fjala.info\/2009-2015\/sistemi-i-drejtesise-qe-vret-me-shume-se-krimi\/\" \/>\n<meta property=\"og:site_name\" content=\"FjALA e LIR\u00cb - Arkivi\" \/>\n<meta property=\"article:published_time\" content=\"2012-07-27T21:20:22+00:00\" \/>\n<meta property=\"og:image\" content=\"http:\/\/www.fjala.info\/2012\/anila_cobani.jpg\" \/>\n<meta name=\"author\" content=\"admin\" \/>\n<meta name=\"twitter:card\" content=\"summary_large_image\" \/>\n<meta name=\"twitter:label1\" content=\"Written by\" \/>\n\t<meta name=\"twitter:data1\" content=\"admin\" \/>\n\t<meta name=\"twitter:label2\" content=\"Est. reading time\" \/>\n\t<meta name=\"twitter:data2\" content=\"3 minutes\" \/>\n<script type=\"application\/ld+json\" class=\"yoast-schema-graph\">{\"@context\":\"https:\\\/\\\/schema.org\",\"@graph\":[{\"@type\":\"Article\",\"@id\":\"https:\\\/\\\/fjala.info\\\/2009-2015\\\/sistemi-i-drejtesise-qe-vret-me-shume-se-krimi\\\/#article\",\"isPartOf\":{\"@id\":\"https:\\\/\\\/fjala.info\\\/2009-2015\\\/sistemi-i-drejtesise-qe-vret-me-shume-se-krimi\\\/\"},\"author\":{\"name\":\"admin\",\"@id\":\"https:\\\/\\\/fjala.info\\\/2009-2015\\\/#\\\/schema\\\/person\\\/3aa1163ef05469c496fc94e77611ada2\"},\"headline\":\"Sistemi i drejt\u00ebsis\u00eb q\u00eb vret m\u00eb shum\u00eb se krimi\",\"datePublished\":\"2012-07-27T21:20:22+00:00\",\"mainEntityOfPage\":{\"@id\":\"https:\\\/\\\/fjala.info\\\/2009-2015\\\/sistemi-i-drejtesise-qe-vret-me-shume-se-krimi\\\/\"},\"wordCount\":610,\"commentCount\":0,\"publisher\":{\"@id\":\"https:\\\/\\\/fjala.info\\\/2009-2015\\\/#organization\"},\"image\":{\"@id\":\"https:\\\/\\\/fjala.info\\\/2009-2015\\\/sistemi-i-drejtesise-qe-vret-me-shume-se-krimi\\\/#primaryimage\"},\"thumbnailUrl\":\"http:\\\/\\\/www.fjala.info\\\/2012\\\/anila_cobani.jpg\",\"articleSection\":[\"Artikuj\"],\"inLanguage\":\"sq-AL\",\"potentialAction\":[{\"@type\":\"CommentAction\",\"name\":\"Comment\",\"target\":[\"https:\\\/\\\/fjala.info\\\/2009-2015\\\/sistemi-i-drejtesise-qe-vret-me-shume-se-krimi\\\/#respond\"]}]},{\"@type\":\"WebPage\",\"@id\":\"https:\\\/\\\/fjala.info\\\/2009-2015\\\/sistemi-i-drejtesise-qe-vret-me-shume-se-krimi\\\/\",\"url\":\"https:\\\/\\\/fjala.info\\\/2009-2015\\\/sistemi-i-drejtesise-qe-vret-me-shume-se-krimi\\\/\",\"name\":\"Sistemi i drejt\u00ebsis\u00eb q\u00eb vret m\u00eb shum\u00eb se krimi - FjALA e LIR\u00cb - Arkivi\",\"isPartOf\":{\"@id\":\"https:\\\/\\\/fjala.info\\\/2009-2015\\\/#website\"},\"primaryImageOfPage\":{\"@id\":\"https:\\\/\\\/fjala.info\\\/2009-2015\\\/sistemi-i-drejtesise-qe-vret-me-shume-se-krimi\\\/#primaryimage\"},\"image\":{\"@id\":\"https:\\\/\\\/fjala.info\\\/2009-2015\\\/sistemi-i-drejtesise-qe-vret-me-shume-se-krimi\\\/#primaryimage\"},\"thumbnailUrl\":\"http:\\\/\\\/www.fjala.info\\\/2012\\\/anila_cobani.jpg\",\"datePublished\":\"2012-07-27T21:20:22+00:00\",\"breadcrumb\":{\"@id\":\"https:\\\/\\\/fjala.info\\\/2009-2015\\\/sistemi-i-drejtesise-qe-vret-me-shume-se-krimi\\\/#breadcrumb\"},\"inLanguage\":\"sq-AL\",\"potentialAction\":[{\"@type\":\"ReadAction\",\"target\":[\"https:\\\/\\\/fjala.info\\\/2009-2015\\\/sistemi-i-drejtesise-qe-vret-me-shume-se-krimi\\\/\"]}]},{\"@type\":\"ImageObject\",\"inLanguage\":\"sq-AL\",\"@id\":\"https:\\\/\\\/fjala.info\\\/2009-2015\\\/sistemi-i-drejtesise-qe-vret-me-shume-se-krimi\\\/#primaryimage\",\"url\":\"http:\\\/\\\/www.fjala.info\\\/2012\\\/anila_cobani.jpg\",\"contentUrl\":\"http:\\\/\\\/www.fjala.info\\\/2012\\\/anila_cobani.jpg\"},{\"@type\":\"BreadcrumbList\",\"@id\":\"https:\\\/\\\/fjala.info\\\/2009-2015\\\/sistemi-i-drejtesise-qe-vret-me-shume-se-krimi\\\/#breadcrumb\",\"itemListElement\":[{\"@type\":\"ListItem\",\"position\":1,\"name\":\"Home\",\"item\":\"https:\\\/\\\/fjala.info\\\/2009-2015\\\/\"},{\"@type\":\"ListItem\",\"position\":2,\"name\":\"Sistemi i drejt\u00ebsis\u00eb q\u00eb vret m\u00eb shum\u00eb se krimi\"}]},{\"@type\":\"WebSite\",\"@id\":\"https:\\\/\\\/fjala.info\\\/2009-2015\\\/#website\",\"url\":\"https:\\\/\\\/fjala.info\\\/2009-2015\\\/\",\"name\":\"FjALA e LIR\u00cb - Arkivi\",\"description\":\"Arkivi 2009-2015\",\"publisher\":{\"@id\":\"https:\\\/\\\/fjala.info\\\/2009-2015\\\/#organization\"},\"potentialAction\":[{\"@type\":\"SearchAction\",\"target\":{\"@type\":\"EntryPoint\",\"urlTemplate\":\"https:\\\/\\\/fjala.info\\\/2009-2015\\\/?s={search_term_string}\"},\"query-input\":{\"@type\":\"PropertyValueSpecification\",\"valueRequired\":true,\"valueName\":\"search_term_string\"}}],\"inLanguage\":\"sq-AL\"},{\"@type\":\"Organization\",\"@id\":\"https:\\\/\\\/fjala.info\\\/2009-2015\\\/#organization\",\"name\":\"FjALA e LIR\u00cb - Arkivi\",\"url\":\"https:\\\/\\\/fjala.info\\\/2009-2015\\\/\",\"logo\":{\"@type\":\"ImageObject\",\"inLanguage\":\"sq-AL\",\"@id\":\"https:\\\/\\\/fjala.info\\\/2009-2015\\\/#\\\/schema\\\/logo\\\/image\\\/\",\"url\":\"\",\"contentUrl\":\"\",\"caption\":\"FjALA e LIR\u00cb - Arkivi\"},\"image\":{\"@id\":\"https:\\\/\\\/fjala.info\\\/2009-2015\\\/#\\\/schema\\\/logo\\\/image\\\/\"}},{\"@type\":\"Person\",\"@id\":\"https:\\\/\\\/fjala.info\\\/2009-2015\\\/#\\\/schema\\\/person\\\/3aa1163ef05469c496fc94e77611ada2\",\"name\":\"admin\",\"image\":{\"@type\":\"ImageObject\",\"inLanguage\":\"sq-AL\",\"@id\":\"https:\\\/\\\/fjala.info\\\/2009-2015\\\/wp-content\\\/uploads\\\/2012\\\/02\\\/arben_cokaj-120x150.jpg\",\"url\":\"https:\\\/\\\/fjala.info\\\/2009-2015\\\/wp-content\\\/uploads\\\/2012\\\/02\\\/arben_cokaj-120x150.jpg\",\"contentUrl\":\"https:\\\/\\\/fjala.info\\\/2009-2015\\\/wp-content\\\/uploads\\\/2012\\\/02\\\/arben_cokaj-120x150.jpg\",\"caption\":\"admin\"},\"description\":\"Admin, Fjala e Lir\u00eb\",\"sameAs\":[\"https:\\\/\\\/fjala.info\\\/\"],\"url\":\"https:\\\/\\\/fjala.info\\\/2009-2015\\\/author\\\/admin\\\/\"}]}<\/script>\n<!-- \/ Yoast SEO plugin. -->","yoast_head_json":{"title":"Sistemi i drejt\u00ebsis\u00eb q\u00eb vret m\u00eb shum\u00eb se krimi - FjALA e LIR\u00cb - Arkivi","robots":{"index":"index","follow":"follow","max-snippet":"max-snippet:-1","max-image-preview":"max-image-preview:large","max-video-preview":"max-video-preview:-1"},"canonical":"https:\/\/fjala.info\/2009-2015\/sistemi-i-drejtesise-qe-vret-me-shume-se-krimi\/","og_locale":"sq_AL","og_type":"article","og_title":"Sistemi i drejt\u00ebsis\u00eb q\u00eb vret m\u00eb shum\u00eb se krimi - FjALA e LIR\u00cb - Arkivi","og_description":"Nga Anila \u00c7obani, 27 Korrik 2012 Do te doja qe sot me revolten qe me zjen shume ballesh perbrenda, t\u2019i drejtohesha perfaqesuesve te KE ne Shqiperi, ambasadorit amerikan dhe kujtdo tjeter qe me perpjekjet diplomatike te tyre mundohen te bejne di\u00e7ka per kete vend. Per kete vend qe jo vetem ka humbur orientimin europian, por [&hellip;]","og_url":"https:\/\/fjala.info\/2009-2015\/sistemi-i-drejtesise-qe-vret-me-shume-se-krimi\/","og_site_name":"FjALA e LIR\u00cb - Arkivi","article_published_time":"2012-07-27T21:20:22+00:00","og_image":[{"url":"http:\/\/www.fjala.info\/2012\/anila_cobani.jpg","type":"","width":"","height":""}],"author":"admin","twitter_card":"summary_large_image","twitter_misc":{"Written by":"admin","Est. reading time":"3 minutes"},"schema":{"@context":"https:\/\/schema.org","@graph":[{"@type":"Article","@id":"https:\/\/fjala.info\/2009-2015\/sistemi-i-drejtesise-qe-vret-me-shume-se-krimi\/#article","isPartOf":{"@id":"https:\/\/fjala.info\/2009-2015\/sistemi-i-drejtesise-qe-vret-me-shume-se-krimi\/"},"author":{"name":"admin","@id":"https:\/\/fjala.info\/2009-2015\/#\/schema\/person\/3aa1163ef05469c496fc94e77611ada2"},"headline":"Sistemi i drejt\u00ebsis\u00eb q\u00eb vret m\u00eb shum\u00eb se krimi","datePublished":"2012-07-27T21:20:22+00:00","mainEntityOfPage":{"@id":"https:\/\/fjala.info\/2009-2015\/sistemi-i-drejtesise-qe-vret-me-shume-se-krimi\/"},"wordCount":610,"commentCount":0,"publisher":{"@id":"https:\/\/fjala.info\/2009-2015\/#organization"},"image":{"@id":"https:\/\/fjala.info\/2009-2015\/sistemi-i-drejtesise-qe-vret-me-shume-se-krimi\/#primaryimage"},"thumbnailUrl":"http:\/\/www.fjala.info\/2012\/anila_cobani.jpg","articleSection":["Artikuj"],"inLanguage":"sq-AL","potentialAction":[{"@type":"CommentAction","name":"Comment","target":["https:\/\/fjala.info\/2009-2015\/sistemi-i-drejtesise-qe-vret-me-shume-se-krimi\/#respond"]}]},{"@type":"WebPage","@id":"https:\/\/fjala.info\/2009-2015\/sistemi-i-drejtesise-qe-vret-me-shume-se-krimi\/","url":"https:\/\/fjala.info\/2009-2015\/sistemi-i-drejtesise-qe-vret-me-shume-se-krimi\/","name":"Sistemi i drejt\u00ebsis\u00eb q\u00eb vret m\u00eb shum\u00eb se krimi - FjALA e LIR\u00cb - Arkivi","isPartOf":{"@id":"https:\/\/fjala.info\/2009-2015\/#website"},"primaryImageOfPage":{"@id":"https:\/\/fjala.info\/2009-2015\/sistemi-i-drejtesise-qe-vret-me-shume-se-krimi\/#primaryimage"},"image":{"@id":"https:\/\/fjala.info\/2009-2015\/sistemi-i-drejtesise-qe-vret-me-shume-se-krimi\/#primaryimage"},"thumbnailUrl":"http:\/\/www.fjala.info\/2012\/anila_cobani.jpg","datePublished":"2012-07-27T21:20:22+00:00","breadcrumb":{"@id":"https:\/\/fjala.info\/2009-2015\/sistemi-i-drejtesise-qe-vret-me-shume-se-krimi\/#breadcrumb"},"inLanguage":"sq-AL","potentialAction":[{"@type":"ReadAction","target":["https:\/\/fjala.info\/2009-2015\/sistemi-i-drejtesise-qe-vret-me-shume-se-krimi\/"]}]},{"@type":"ImageObject","inLanguage":"sq-AL","@id":"https:\/\/fjala.info\/2009-2015\/sistemi-i-drejtesise-qe-vret-me-shume-se-krimi\/#primaryimage","url":"http:\/\/www.fjala.info\/2012\/anila_cobani.jpg","contentUrl":"http:\/\/www.fjala.info\/2012\/anila_cobani.jpg"},{"@type":"BreadcrumbList","@id":"https:\/\/fjala.info\/2009-2015\/sistemi-i-drejtesise-qe-vret-me-shume-se-krimi\/#breadcrumb","itemListElement":[{"@type":"ListItem","position":1,"name":"Home","item":"https:\/\/fjala.info\/2009-2015\/"},{"@type":"ListItem","position":2,"name":"Sistemi i drejt\u00ebsis\u00eb q\u00eb vret m\u00eb shum\u00eb se krimi"}]},{"@type":"WebSite","@id":"https:\/\/fjala.info\/2009-2015\/#website","url":"https:\/\/fjala.info\/2009-2015\/","name":"FjALA e LIR\u00cb - Arkivi","description":"Arkivi 2009-2015","publisher":{"@id":"https:\/\/fjala.info\/2009-2015\/#organization"},"potentialAction":[{"@type":"SearchAction","target":{"@type":"EntryPoint","urlTemplate":"https:\/\/fjala.info\/2009-2015\/?s={search_term_string}"},"query-input":{"@type":"PropertyValueSpecification","valueRequired":true,"valueName":"search_term_string"}}],"inLanguage":"sq-AL"},{"@type":"Organization","@id":"https:\/\/fjala.info\/2009-2015\/#organization","name":"FjALA e LIR\u00cb - Arkivi","url":"https:\/\/fjala.info\/2009-2015\/","logo":{"@type":"ImageObject","inLanguage":"sq-AL","@id":"https:\/\/fjala.info\/2009-2015\/#\/schema\/logo\/image\/","url":"","contentUrl":"","caption":"FjALA e LIR\u00cb - Arkivi"},"image":{"@id":"https:\/\/fjala.info\/2009-2015\/#\/schema\/logo\/image\/"}},{"@type":"Person","@id":"https:\/\/fjala.info\/2009-2015\/#\/schema\/person\/3aa1163ef05469c496fc94e77611ada2","name":"admin","image":{"@type":"ImageObject","inLanguage":"sq-AL","@id":"https:\/\/fjala.info\/2009-2015\/wp-content\/uploads\/2012\/02\/arben_cokaj-120x150.jpg","url":"https:\/\/fjala.info\/2009-2015\/wp-content\/uploads\/2012\/02\/arben_cokaj-120x150.jpg","contentUrl":"https:\/\/fjala.info\/2009-2015\/wp-content\/uploads\/2012\/02\/arben_cokaj-120x150.jpg","caption":"admin"},"description":"Admin, Fjala e Lir\u00eb","sameAs":["https:\/\/fjala.info\/"],"url":"https:\/\/fjala.info\/2009-2015\/author\/admin\/"}]}},"_links":{"self":[{"href":"https:\/\/fjala.info\/2009-2015\/wp-json\/wp\/v2\/posts\/11984","targetHints":{"allow":["GET"]}}],"collection":[{"href":"https:\/\/fjala.info\/2009-2015\/wp-json\/wp\/v2\/posts"}],"about":[{"href":"https:\/\/fjala.info\/2009-2015\/wp-json\/wp\/v2\/types\/post"}],"author":[{"embeddable":true,"href":"https:\/\/fjala.info\/2009-2015\/wp-json\/wp\/v2\/users\/1"}],"replies":[{"embeddable":true,"href":"https:\/\/fjala.info\/2009-2015\/wp-json\/wp\/v2\/comments?post=11984"}],"version-history":[{"count":0,"href":"https:\/\/fjala.info\/2009-2015\/wp-json\/wp\/v2\/posts\/11984\/revisions"}],"wp:attachment":[{"href":"https:\/\/fjala.info\/2009-2015\/wp-json\/wp\/v2\/media?parent=11984"}],"wp:term":[{"taxonomy":"category","embeddable":true,"href":"https:\/\/fjala.info\/2009-2015\/wp-json\/wp\/v2\/categories?post=11984"},{"taxonomy":"post_tag","embeddable":true,"href":"https:\/\/fjala.info\/2009-2015\/wp-json\/wp\/v2\/tags?post=11984"}],"curies":[{"name":"wp","href":"https:\/\/api.w.org\/{rel}","templated":true}]}}