{"id":11983,"date":"2012-07-27T16:27:37","date_gmt":"2012-07-27T15:27:37","guid":{"rendered":"http:\/\/www.fjala.info\/?p=4081"},"modified":"2012-07-27T16:27:37","modified_gmt":"2012-07-27T15:27:37","slug":"ne-fillim-si-tragjedi-pastaj-si-farse","status":"publish","type":"post","link":"https:\/\/fjala.info\/2009-2015\/ne-fillim-si-tragjedi-pastaj-si-farse\/","title":{"rendered":"N\u00eb fillim si tragjedi, pastaj si fars\u00eb"},"content":{"rendered":"<p><img decoding=\"async\" class=\"alignleft size-thumbnail wp-image-7236\" title=\"Jozefina - avokate\" src=\"http:\/\/www.fjala.info\/2012\/jozefina_avokate.jpg\" alt=\"\" width=\"300\" \/> Nga <strong>Ardian Vehbiu<\/strong>, <em>27 korrik 2012<\/em><\/p>\n<p>Nj\u00eb her\u00eb e nj\u00eb koh\u00eb, kur Enver Hoxha ende nuk i kish hequr avokat\u00ebt mbrojt\u00ebs nga sistemi gjyq\u00ebsor i Shqip\u00ebris\u00eb totalitare, q\u00ebllonte q\u00eb, gjat\u00eb ndonj\u00eb gjyqi politik, t\u00eb ngrihej avokati mbrojt\u00ebs dhe t\u00eb k\u00ebrkonte d\u00ebnimin maksimal p\u00ebr t\u00eb pandehurin.<\/p>\n<p>Se pse b\u00ebnte k\u00ebshtu, ve\u00e7 mund ta marrim me mend. Disa kishin frik\u00eb se mos p\u00ebrfundonin vet\u00eb n\u00eb bangon e t\u00eb akuzuarve ; t\u00eb tjer\u00eb kushedi ishin t\u00eb bindur se t\u00eb pandehurit, t\u00eb cilit kishin p\u00ebr detyr\u00eb t\u2019i mbronin, nuk meritonin gj\u00eb tjet\u00ebr ve\u00e7 litarit.<\/p>\n<p>Kjo m\u2019u kujtua, kur lexoja k\u00ebto dit\u00eb si Jozefina Topalli, Kryetarja e Kuvendit t\u00eb Republik\u00ebs s\u00eb Shqip\u00ebris\u00eb, po sillet si nj\u00eb nga p\u00ebrkrah\u00ebset m\u00eb t\u00eb zjarrta t\u00eb nism\u00ebs s\u00eb Berish\u00ebs &amp; Co. p\u00ebr t\u2019ua hequr imunitetin zyrtar\u00ebve t\u00eb lart\u00eb hic et nunc.<\/p>\n<p>E p\u00ebrs\u00ebrit: kjo q\u00eb \u00e7aprashit k\u00ebshtu \u00ebsht\u00eb Kryetarja e Kuvendit, ose personi q\u00eb, sipas Rregullores s\u00eb Kuvendit, Neni 1,<\/p>\n<p>\u201c[&#8230;] p\u00ebrfaq\u00ebson Kuvendin, siguron respektimin e t\u00eb drejtave t\u00eb Kuvendit dhe t\u00eb an\u00ebtar\u00ebve t\u00eb tij.\u201d<\/p>\n<p>Tani, sipas Kushtetut\u00ebs n\u00eb fuqi, imuniteti parlamentar mbetet nj\u00eb nga t\u00eb drejtat e njohura me ligj, t\u00eb an\u00ebtar\u00ebve t\u00eb Kuvendit; pavar\u00ebsisht nga \u00e7\u2019mendojn\u00eb Berisha, Europa ose Rama.<\/p>\n<p>Prej Kryetares s\u00eb Kuvendit, qoft\u00eb edhe thjesht p\u00ebr etik\u00eb profesionale dhe shpirt solidariteti me institucionin q\u00eb kryeson, pritej q\u00eb ta kund\u00ebrshtonte, edhe vet\u00ebm pro forma, \u00e7do nism\u00eb q\u00eb synon kufizimin e t\u00eb drejtave t\u00eb an\u00ebtar\u00ebve t\u00eb k\u00ebtij institucioni.<\/p>\n<p>Edhe sikur znj. Topalli, privatisht, t\u00eb ishte dakord e t\u00ebra me nism\u00ebn p\u00ebr heqjen e imunitetit, ajo b\u00ebnte mir\u00eb ta mbante k\u00ebt\u00eb opinion p\u00ebr vete dhe rrethin e saj t\u00eb ngusht\u00eb, nd\u00ebrsa n\u00eb publik t\u00eb mbronte institucionin q\u00eb ia kan\u00eb ngarkuar t\u00eb drejtoj\u00eb dhe t\u00eb administroj\u00eb.<\/p>\n<p>Si mund t\u00eb jet\u00eb kjo zonj\u00eb Kryetare e Kuvendit, sa koh\u00eb q\u00eb k\u00ebrkon t\u00eb zhvishen nga privilegji i imunitetit deputet\u00ebt, respektimin e t\u00eb drejtave t\u00eb t\u00eb cil\u00ebve ajo \u00ebsht\u00eb e detyruar t\u00eb siguroj\u00eb?<\/p>\n<p>Apo vall\u00eb ajo mendon se t\u00eb drejtat e deputet\u00ebve do t\u00eb respektohen m\u00eb mir\u00eb, dhe vet\u00eb Kuvendi do t\u00eb funksionoj\u00eb m\u00eb mir\u00eb, sikur Prokuroria t\u00eb lejohet t\u2019i ndjek\u00eb penalisht p\u00ebrfaq\u00ebsuesit e zgjedhur, sipas orekseve dhe paranojave t\u00eb ekzekutivit?<\/p>\n<p>Natyrisht, opinioni i zonj\u00ebs Topalli, sa koh\u00eb q\u00eb kjo i konformohet vullnetit t\u00eb Berish\u00ebs, nuk ngre asnj\u00eb pesh\u00eb; por jan\u00eb pik\u00ebrisht incidente t\u00eb tilla, t\u00eb vogla n\u00eb vetvete, ose shprehje t\u00eb tilla t\u00eb besnik\u00ebris\u00eb ndaj vij\u00ebs politike, q\u00eb t\u00eb b\u00ebjn\u00eb t\u00eb mendosh se, kur vjen fjala p\u00ebr zbatimin e sistemit demokratik n\u00eb Shqip\u00ebri, shtetar\u00ebt dhe pushtetar\u00ebt tan\u00eb luajn\u00eb \u201csht\u00ebpiash\u201d, duke i zhveshur ligjet nga fryma, p\u00ebr t\u2019i kthyer n\u00eb shkronj\u00eb t\u00eb vdekur.<\/p>\n<p>P\u00ebr t\u2019u kthyer tani te avokat\u00ebt mbrojt\u00ebs t\u00eb diversant\u00ebve dhe t\u00eb komplotist\u00ebve n\u00eb koh\u00ebt totalitare, m\u00eb duhet t\u00eb sh\u00ebnoj edhe q\u00eb, Enveri, pasi u lodh me hipokrizit\u00eb e tyre, vendosi t\u2019i shporr\u00eb k\u00ebta krejt, si figura profesionale, ose aktor\u00eb pal\u00eb n\u00eb sken\u00ebn e gjyqit, pse ve\u00e7 i harxhonin koh\u00ebn dhe krijonin ndonj\u00ebher\u00eb p\u00ebrshtypjen \u2013 e gabuar \u2013 se prokuror\u00ebt e popullit mund edhe ta kishin gabim.<\/p>\n<p>Marr\u00eb nga Peizazhe t\u00eb Fjal\u00ebs (http:\/\/xhaxhai.wordpress.com)<\/p>\n","protected":false},"excerpt":{"rendered":"<p>Nga Ardian Vehbiu, 27 korrik 2012 Nj\u00eb her\u00eb e nj\u00eb koh\u00eb, kur Enver Hoxha ende nuk i kish hequr avokat\u00ebt mbrojt\u00ebs nga sistemi gjyq\u00ebsor i Shqip\u00ebris\u00eb totalitare, q\u00ebllonte q\u00eb, gjat\u00eb ndonj\u00eb gjyqi politik, t\u00eb ngrihej avokati mbrojt\u00ebs dhe t\u00eb k\u00ebrkonte d\u00ebnimin maksimal p\u00ebr t\u00eb pandehurin. Se pse b\u00ebnte k\u00ebshtu, ve\u00e7 mund ta marrim me mend. [&hellip;]<\/p>\n","protected":false},"author":1,"featured_media":0,"comment_status":"open","ping_status":"closed","sticky":false,"template":"","format":"standard","meta":{"footnotes":""},"categories":[2],"tags":[],"class_list":{"0":"post-11983","1":"post","2":"type-post","3":"status-publish","4":"format-standard","6":"category-artikuj"},"yoast_head":"<!-- This site is optimized with the Yoast SEO plugin v27.4 - https:\/\/yoast.com\/product\/yoast-seo-wordpress\/ -->\n<title>N\u00eb fillim si tragjedi, pastaj si fars\u00eb - FjALA e LIR\u00cb - Arkivi<\/title>\n<meta name=\"robots\" content=\"index, follow, max-snippet:-1, max-image-preview:large, max-video-preview:-1\" \/>\n<link rel=\"canonical\" href=\"https:\/\/fjala.info\/2009-2015\/ne-fillim-si-tragjedi-pastaj-si-farse\/\" \/>\n<meta property=\"og:locale\" content=\"sq_AL\" \/>\n<meta property=\"og:type\" content=\"article\" \/>\n<meta property=\"og:title\" content=\"N\u00eb fillim si tragjedi, pastaj si fars\u00eb - FjALA e LIR\u00cb - Arkivi\" \/>\n<meta property=\"og:description\" content=\"Nga Ardian Vehbiu, 27 korrik 2012 Nj\u00eb her\u00eb e nj\u00eb koh\u00eb, kur Enver Hoxha ende nuk i kish hequr avokat\u00ebt mbrojt\u00ebs nga sistemi gjyq\u00ebsor i Shqip\u00ebris\u00eb totalitare, q\u00ebllonte q\u00eb, gjat\u00eb ndonj\u00eb gjyqi politik, t\u00eb ngrihej avokati mbrojt\u00ebs dhe t\u00eb k\u00ebrkonte d\u00ebnimin maksimal p\u00ebr t\u00eb pandehurin. Se pse b\u00ebnte k\u00ebshtu, ve\u00e7 mund ta marrim me mend. [&hellip;]\" \/>\n<meta property=\"og:url\" content=\"https:\/\/fjala.info\/2009-2015\/ne-fillim-si-tragjedi-pastaj-si-farse\/\" \/>\n<meta property=\"og:site_name\" content=\"FjALA e LIR\u00cb - Arkivi\" \/>\n<meta property=\"article:published_time\" content=\"2012-07-27T15:27:37+00:00\" \/>\n<meta property=\"og:image\" content=\"http:\/\/www.fjala.info\/2012\/jozefina_avokate.jpg\" \/>\n<meta name=\"author\" content=\"admin\" \/>\n<meta name=\"twitter:card\" content=\"summary_large_image\" \/>\n<meta name=\"twitter:label1\" content=\"Written by\" \/>\n\t<meta name=\"twitter:data1\" content=\"admin\" \/>\n\t<meta name=\"twitter:label2\" content=\"Est. reading time\" \/>\n\t<meta name=\"twitter:data2\" content=\"3 minutes\" \/>\n<script type=\"application\/ld+json\" class=\"yoast-schema-graph\">{\"@context\":\"https:\\\/\\\/schema.org\",\"@graph\":[{\"@type\":\"Article\",\"@id\":\"https:\\\/\\\/fjala.info\\\/2009-2015\\\/ne-fillim-si-tragjedi-pastaj-si-farse\\\/#article\",\"isPartOf\":{\"@id\":\"https:\\\/\\\/fjala.info\\\/2009-2015\\\/ne-fillim-si-tragjedi-pastaj-si-farse\\\/\"},\"author\":{\"name\":\"admin\",\"@id\":\"https:\\\/\\\/fjala.info\\\/2009-2015\\\/#\\\/schema\\\/person\\\/3aa1163ef05469c496fc94e77611ada2\"},\"headline\":\"N\u00eb fillim si tragjedi, pastaj si fars\u00eb\",\"datePublished\":\"2012-07-27T15:27:37+00:00\",\"mainEntityOfPage\":{\"@id\":\"https:\\\/\\\/fjala.info\\\/2009-2015\\\/ne-fillim-si-tragjedi-pastaj-si-farse\\\/\"},\"wordCount\":581,\"commentCount\":0,\"publisher\":{\"@id\":\"https:\\\/\\\/fjala.info\\\/2009-2015\\\/#organization\"},\"image\":{\"@id\":\"https:\\\/\\\/fjala.info\\\/2009-2015\\\/ne-fillim-si-tragjedi-pastaj-si-farse\\\/#primaryimage\"},\"thumbnailUrl\":\"http:\\\/\\\/www.fjala.info\\\/2012\\\/jozefina_avokate.jpg\",\"articleSection\":[\"Artikuj\"],\"inLanguage\":\"sq-AL\",\"potentialAction\":[{\"@type\":\"CommentAction\",\"name\":\"Comment\",\"target\":[\"https:\\\/\\\/fjala.info\\\/2009-2015\\\/ne-fillim-si-tragjedi-pastaj-si-farse\\\/#respond\"]}]},{\"@type\":\"WebPage\",\"@id\":\"https:\\\/\\\/fjala.info\\\/2009-2015\\\/ne-fillim-si-tragjedi-pastaj-si-farse\\\/\",\"url\":\"https:\\\/\\\/fjala.info\\\/2009-2015\\\/ne-fillim-si-tragjedi-pastaj-si-farse\\\/\",\"name\":\"N\u00eb fillim si tragjedi, pastaj si fars\u00eb - FjALA e LIR\u00cb - Arkivi\",\"isPartOf\":{\"@id\":\"https:\\\/\\\/fjala.info\\\/2009-2015\\\/#website\"},\"primaryImageOfPage\":{\"@id\":\"https:\\\/\\\/fjala.info\\\/2009-2015\\\/ne-fillim-si-tragjedi-pastaj-si-farse\\\/#primaryimage\"},\"image\":{\"@id\":\"https:\\\/\\\/fjala.info\\\/2009-2015\\\/ne-fillim-si-tragjedi-pastaj-si-farse\\\/#primaryimage\"},\"thumbnailUrl\":\"http:\\\/\\\/www.fjala.info\\\/2012\\\/jozefina_avokate.jpg\",\"datePublished\":\"2012-07-27T15:27:37+00:00\",\"breadcrumb\":{\"@id\":\"https:\\\/\\\/fjala.info\\\/2009-2015\\\/ne-fillim-si-tragjedi-pastaj-si-farse\\\/#breadcrumb\"},\"inLanguage\":\"sq-AL\",\"potentialAction\":[{\"@type\":\"ReadAction\",\"target\":[\"https:\\\/\\\/fjala.info\\\/2009-2015\\\/ne-fillim-si-tragjedi-pastaj-si-farse\\\/\"]}]},{\"@type\":\"ImageObject\",\"inLanguage\":\"sq-AL\",\"@id\":\"https:\\\/\\\/fjala.info\\\/2009-2015\\\/ne-fillim-si-tragjedi-pastaj-si-farse\\\/#primaryimage\",\"url\":\"http:\\\/\\\/www.fjala.info\\\/2012\\\/jozefina_avokate.jpg\",\"contentUrl\":\"http:\\\/\\\/www.fjala.info\\\/2012\\\/jozefina_avokate.jpg\"},{\"@type\":\"BreadcrumbList\",\"@id\":\"https:\\\/\\\/fjala.info\\\/2009-2015\\\/ne-fillim-si-tragjedi-pastaj-si-farse\\\/#breadcrumb\",\"itemListElement\":[{\"@type\":\"ListItem\",\"position\":1,\"name\":\"Home\",\"item\":\"https:\\\/\\\/fjala.info\\\/2009-2015\\\/\"},{\"@type\":\"ListItem\",\"position\":2,\"name\":\"N\u00eb fillim si tragjedi, pastaj si fars\u00eb\"}]},{\"@type\":\"WebSite\",\"@id\":\"https:\\\/\\\/fjala.info\\\/2009-2015\\\/#website\",\"url\":\"https:\\\/\\\/fjala.info\\\/2009-2015\\\/\",\"name\":\"FjALA e LIR\u00cb - Arkivi\",\"description\":\"Arkivi 2009-2015\",\"publisher\":{\"@id\":\"https:\\\/\\\/fjala.info\\\/2009-2015\\\/#organization\"},\"potentialAction\":[{\"@type\":\"SearchAction\",\"target\":{\"@type\":\"EntryPoint\",\"urlTemplate\":\"https:\\\/\\\/fjala.info\\\/2009-2015\\\/?s={search_term_string}\"},\"query-input\":{\"@type\":\"PropertyValueSpecification\",\"valueRequired\":true,\"valueName\":\"search_term_string\"}}],\"inLanguage\":\"sq-AL\"},{\"@type\":\"Organization\",\"@id\":\"https:\\\/\\\/fjala.info\\\/2009-2015\\\/#organization\",\"name\":\"FjALA e LIR\u00cb - Arkivi\",\"url\":\"https:\\\/\\\/fjala.info\\\/2009-2015\\\/\",\"logo\":{\"@type\":\"ImageObject\",\"inLanguage\":\"sq-AL\",\"@id\":\"https:\\\/\\\/fjala.info\\\/2009-2015\\\/#\\\/schema\\\/logo\\\/image\\\/\",\"url\":\"\",\"contentUrl\":\"\",\"caption\":\"FjALA e LIR\u00cb - Arkivi\"},\"image\":{\"@id\":\"https:\\\/\\\/fjala.info\\\/2009-2015\\\/#\\\/schema\\\/logo\\\/image\\\/\"}},{\"@type\":\"Person\",\"@id\":\"https:\\\/\\\/fjala.info\\\/2009-2015\\\/#\\\/schema\\\/person\\\/3aa1163ef05469c496fc94e77611ada2\",\"name\":\"admin\",\"image\":{\"@type\":\"ImageObject\",\"inLanguage\":\"sq-AL\",\"@id\":\"https:\\\/\\\/fjala.info\\\/2009-2015\\\/wp-content\\\/uploads\\\/2012\\\/02\\\/arben_cokaj-120x150.jpg\",\"url\":\"https:\\\/\\\/fjala.info\\\/2009-2015\\\/wp-content\\\/uploads\\\/2012\\\/02\\\/arben_cokaj-120x150.jpg\",\"contentUrl\":\"https:\\\/\\\/fjala.info\\\/2009-2015\\\/wp-content\\\/uploads\\\/2012\\\/02\\\/arben_cokaj-120x150.jpg\",\"caption\":\"admin\"},\"description\":\"Admin, Fjala e Lir\u00eb\",\"sameAs\":[\"https:\\\/\\\/fjala.info\\\/\"],\"url\":\"https:\\\/\\\/fjala.info\\\/2009-2015\\\/author\\\/admin\\\/\"}]}<\/script>\n<!-- \/ Yoast SEO plugin. -->","yoast_head_json":{"title":"N\u00eb fillim si tragjedi, pastaj si fars\u00eb - FjALA e LIR\u00cb - Arkivi","robots":{"index":"index","follow":"follow","max-snippet":"max-snippet:-1","max-image-preview":"max-image-preview:large","max-video-preview":"max-video-preview:-1"},"canonical":"https:\/\/fjala.info\/2009-2015\/ne-fillim-si-tragjedi-pastaj-si-farse\/","og_locale":"sq_AL","og_type":"article","og_title":"N\u00eb fillim si tragjedi, pastaj si fars\u00eb - FjALA e LIR\u00cb - Arkivi","og_description":"Nga Ardian Vehbiu, 27 korrik 2012 Nj\u00eb her\u00eb e nj\u00eb koh\u00eb, kur Enver Hoxha ende nuk i kish hequr avokat\u00ebt mbrojt\u00ebs nga sistemi gjyq\u00ebsor i Shqip\u00ebris\u00eb totalitare, q\u00ebllonte q\u00eb, gjat\u00eb ndonj\u00eb gjyqi politik, t\u00eb ngrihej avokati mbrojt\u00ebs dhe t\u00eb k\u00ebrkonte d\u00ebnimin maksimal p\u00ebr t\u00eb pandehurin. Se pse b\u00ebnte k\u00ebshtu, ve\u00e7 mund ta marrim me mend. [&hellip;]","og_url":"https:\/\/fjala.info\/2009-2015\/ne-fillim-si-tragjedi-pastaj-si-farse\/","og_site_name":"FjALA e LIR\u00cb - Arkivi","article_published_time":"2012-07-27T15:27:37+00:00","og_image":[{"url":"http:\/\/www.fjala.info\/2012\/jozefina_avokate.jpg","type":"","width":"","height":""}],"author":"admin","twitter_card":"summary_large_image","twitter_misc":{"Written by":"admin","Est. reading time":"3 minutes"},"schema":{"@context":"https:\/\/schema.org","@graph":[{"@type":"Article","@id":"https:\/\/fjala.info\/2009-2015\/ne-fillim-si-tragjedi-pastaj-si-farse\/#article","isPartOf":{"@id":"https:\/\/fjala.info\/2009-2015\/ne-fillim-si-tragjedi-pastaj-si-farse\/"},"author":{"name":"admin","@id":"https:\/\/fjala.info\/2009-2015\/#\/schema\/person\/3aa1163ef05469c496fc94e77611ada2"},"headline":"N\u00eb fillim si tragjedi, pastaj si fars\u00eb","datePublished":"2012-07-27T15:27:37+00:00","mainEntityOfPage":{"@id":"https:\/\/fjala.info\/2009-2015\/ne-fillim-si-tragjedi-pastaj-si-farse\/"},"wordCount":581,"commentCount":0,"publisher":{"@id":"https:\/\/fjala.info\/2009-2015\/#organization"},"image":{"@id":"https:\/\/fjala.info\/2009-2015\/ne-fillim-si-tragjedi-pastaj-si-farse\/#primaryimage"},"thumbnailUrl":"http:\/\/www.fjala.info\/2012\/jozefina_avokate.jpg","articleSection":["Artikuj"],"inLanguage":"sq-AL","potentialAction":[{"@type":"CommentAction","name":"Comment","target":["https:\/\/fjala.info\/2009-2015\/ne-fillim-si-tragjedi-pastaj-si-farse\/#respond"]}]},{"@type":"WebPage","@id":"https:\/\/fjala.info\/2009-2015\/ne-fillim-si-tragjedi-pastaj-si-farse\/","url":"https:\/\/fjala.info\/2009-2015\/ne-fillim-si-tragjedi-pastaj-si-farse\/","name":"N\u00eb fillim si tragjedi, pastaj si fars\u00eb - FjALA e LIR\u00cb - Arkivi","isPartOf":{"@id":"https:\/\/fjala.info\/2009-2015\/#website"},"primaryImageOfPage":{"@id":"https:\/\/fjala.info\/2009-2015\/ne-fillim-si-tragjedi-pastaj-si-farse\/#primaryimage"},"image":{"@id":"https:\/\/fjala.info\/2009-2015\/ne-fillim-si-tragjedi-pastaj-si-farse\/#primaryimage"},"thumbnailUrl":"http:\/\/www.fjala.info\/2012\/jozefina_avokate.jpg","datePublished":"2012-07-27T15:27:37+00:00","breadcrumb":{"@id":"https:\/\/fjala.info\/2009-2015\/ne-fillim-si-tragjedi-pastaj-si-farse\/#breadcrumb"},"inLanguage":"sq-AL","potentialAction":[{"@type":"ReadAction","target":["https:\/\/fjala.info\/2009-2015\/ne-fillim-si-tragjedi-pastaj-si-farse\/"]}]},{"@type":"ImageObject","inLanguage":"sq-AL","@id":"https:\/\/fjala.info\/2009-2015\/ne-fillim-si-tragjedi-pastaj-si-farse\/#primaryimage","url":"http:\/\/www.fjala.info\/2012\/jozefina_avokate.jpg","contentUrl":"http:\/\/www.fjala.info\/2012\/jozefina_avokate.jpg"},{"@type":"BreadcrumbList","@id":"https:\/\/fjala.info\/2009-2015\/ne-fillim-si-tragjedi-pastaj-si-farse\/#breadcrumb","itemListElement":[{"@type":"ListItem","position":1,"name":"Home","item":"https:\/\/fjala.info\/2009-2015\/"},{"@type":"ListItem","position":2,"name":"N\u00eb fillim si tragjedi, pastaj si fars\u00eb"}]},{"@type":"WebSite","@id":"https:\/\/fjala.info\/2009-2015\/#website","url":"https:\/\/fjala.info\/2009-2015\/","name":"FjALA e LIR\u00cb - Arkivi","description":"Arkivi 2009-2015","publisher":{"@id":"https:\/\/fjala.info\/2009-2015\/#organization"},"potentialAction":[{"@type":"SearchAction","target":{"@type":"EntryPoint","urlTemplate":"https:\/\/fjala.info\/2009-2015\/?s={search_term_string}"},"query-input":{"@type":"PropertyValueSpecification","valueRequired":true,"valueName":"search_term_string"}}],"inLanguage":"sq-AL"},{"@type":"Organization","@id":"https:\/\/fjala.info\/2009-2015\/#organization","name":"FjALA e LIR\u00cb - Arkivi","url":"https:\/\/fjala.info\/2009-2015\/","logo":{"@type":"ImageObject","inLanguage":"sq-AL","@id":"https:\/\/fjala.info\/2009-2015\/#\/schema\/logo\/image\/","url":"","contentUrl":"","caption":"FjALA e LIR\u00cb - Arkivi"},"image":{"@id":"https:\/\/fjala.info\/2009-2015\/#\/schema\/logo\/image\/"}},{"@type":"Person","@id":"https:\/\/fjala.info\/2009-2015\/#\/schema\/person\/3aa1163ef05469c496fc94e77611ada2","name":"admin","image":{"@type":"ImageObject","inLanguage":"sq-AL","@id":"https:\/\/fjala.info\/2009-2015\/wp-content\/uploads\/2012\/02\/arben_cokaj-120x150.jpg","url":"https:\/\/fjala.info\/2009-2015\/wp-content\/uploads\/2012\/02\/arben_cokaj-120x150.jpg","contentUrl":"https:\/\/fjala.info\/2009-2015\/wp-content\/uploads\/2012\/02\/arben_cokaj-120x150.jpg","caption":"admin"},"description":"Admin, Fjala e Lir\u00eb","sameAs":["https:\/\/fjala.info\/"],"url":"https:\/\/fjala.info\/2009-2015\/author\/admin\/"}]}},"_links":{"self":[{"href":"https:\/\/fjala.info\/2009-2015\/wp-json\/wp\/v2\/posts\/11983","targetHints":{"allow":["GET"]}}],"collection":[{"href":"https:\/\/fjala.info\/2009-2015\/wp-json\/wp\/v2\/posts"}],"about":[{"href":"https:\/\/fjala.info\/2009-2015\/wp-json\/wp\/v2\/types\/post"}],"author":[{"embeddable":true,"href":"https:\/\/fjala.info\/2009-2015\/wp-json\/wp\/v2\/users\/1"}],"replies":[{"embeddable":true,"href":"https:\/\/fjala.info\/2009-2015\/wp-json\/wp\/v2\/comments?post=11983"}],"version-history":[{"count":0,"href":"https:\/\/fjala.info\/2009-2015\/wp-json\/wp\/v2\/posts\/11983\/revisions"}],"wp:attachment":[{"href":"https:\/\/fjala.info\/2009-2015\/wp-json\/wp\/v2\/media?parent=11983"}],"wp:term":[{"taxonomy":"category","embeddable":true,"href":"https:\/\/fjala.info\/2009-2015\/wp-json\/wp\/v2\/categories?post=11983"},{"taxonomy":"post_tag","embeddable":true,"href":"https:\/\/fjala.info\/2009-2015\/wp-json\/wp\/v2\/tags?post=11983"}],"curies":[{"name":"wp","href":"https:\/\/api.w.org\/{rel}","templated":true}]}}