{"id":11981,"date":"2012-07-26T22:02:42","date_gmt":"2012-07-26T21:02:42","guid":{"rendered":"http:\/\/www.fjala.info\/?p=4070"},"modified":"2012-07-26T22:02:42","modified_gmt":"2012-07-26T21:02:42","slug":"kambana-e-pare-e-presidences-nishani","status":"publish","type":"post","link":"https:\/\/fjala.info\/2009-2015\/kambana-e-pare-e-presidences-nishani\/","title":{"rendered":"Kambana e par\u00eb e \u201cPresidenc\u00ebs Nishani\u201d"},"content":{"rendered":"<p><img decoding=\"async\" class=\"alignright size-thumbnail wp-image-7236\" title=\"Mero Baze\" src=\"http:\/\/www.fjala.info\/2012\/mero_baze.jpg\" alt=\"\" width=\"150\" \/> Nga <strong>Mero Baze<\/strong>, <em>26 Korrik 2012<\/em><\/p>\n<p>Gjykata e Tiran\u00ebs shpalli t\u00eb pafajsh\u00ebm nj\u00eb n\u00ebpun\u00ebs t\u00eb Kryeministris\u00eb, akuzuar p\u00ebr fshirjen e regjistrimeve nga serveri i Kryeministris\u00eb m\u00eb 21 janar 2011. Ekspertiza e Byros\u00eb Federale t\u00eb Hetimeve n\u00eb SHBA provoi se serveri i kryeministris\u00eb ishte kopjuar dhe m\u00eb pas fshir\u00eb nga autoritetet p\u00ebrgjegj\u00ebse dhe kjo p\u00ebrb\u00ebn fshehje t\u00eb paramenduar t\u00eb provave t\u00eb krimit. Nuk dua t\u00eb merrem me rrethanat personale t\u00eb t\u00eb akuzuarit dhe rolin e tij n\u00eb k\u00ebt\u00eb histori, pasi n\u00eb thelb ai \u00ebsht\u00eb nj\u00eb viktim\u00eb e gjall\u00eb e 21 Janarit, por me efektin q\u00eb filloi t\u00eb jap\u00eb mbi sistemin e drejt\u00ebsis\u00eb shkuarja n\u00eb Presidenc\u00eb e nj\u00eb njeriu q\u00eb u p\u00ebrzgjodh p\u00ebr t\u00eb mos pasur president.<\/p>\n<p>N\u00eb mentalitetin e gjykat\u00ebsve shqiptar\u00eb, t\u00eb cil\u00ebve u punojn\u00eb vet\u00ebm shqisat politike p\u00ebr t\u00eb nuhatur si mund ta k\u00ebnaqin pushtetin, nj\u00eb vendim i till\u00eb pafaj\u00ebsie p\u00ebr nj\u00eb krim t\u00eb provuar, p\u00ebr t\u00eb cilin nuk ka t\u00eb akuzuar t\u00eb tjer\u00eb, ve\u00e7 atij q\u00eb u shpall i pafajsh\u00ebm, \u00ebsht\u00eb nj\u00eb shenj\u00eb e qart\u00eb e shembullit q\u00eb duhet ndjekur tani e tutje p\u00ebr \u00e7do t\u00eb gjykuar p\u00ebr 21 Janarin.<\/p>\n<p>N\u00ebn t\u00eb nj\u00ebjtin model, Gjykata e Lart\u00eb e Shqip\u00ebris\u00eb, e cila mendohet se ka m\u00eb shum\u00eb integritet, i dha pafaj\u00ebsi t\u00eb plot\u00eb Ilir Met\u00ebs vet\u00ebm kur pa se kryeministri i vendit i shkoi p\u00ebr vizit\u00eb n\u00eb sht\u00ebpi, p\u00ebr t\u00eb pir\u00eb ver\u00eb dhe t\u00eb ngr\u00ebn\u00eb \u201cjaprak\u201d nga duart e Monik\u00ebs, dhe kur po nj\u00eb dit\u00eb para gjyqit piu kafe publikisht n\u00eb Rogner me Ilir Met\u00ebn. Mjaftoi kaq q\u00eb gjykata t\u00eb kuptonte se ai duhej shpallur i pafajsh\u00ebm dhe arriti t\u00eb shpall\u00eb q\u00eb \u201cfakti\u201d, pra videoja q\u00eb pan\u00eb gjith\u00eb shqiptar\u00ebt, nuk ekzistonte.<\/p>\n<p>Vendimi i Gjykat\u00ebs s\u00eb Tiran\u00ebs, i dh\u00ebn\u00eb n\u00eb dit\u00ebn e dyt\u00eb t\u00eb sundimit t\u00eb \u201cPresidenc\u00ebs Nishani\u201d, \u00ebsht\u00eb nj\u00eb shembull inkurajues p\u00ebr t\u00eb mbyllur gjith\u00eb proceset formale p\u00ebr krimin politik t\u00eb 21 Janarit. Komandanti i Gard\u00ebs, Ndrea Prendi, i akuzuar nga Prokuroria p\u00ebr vrasjen e s\u00eb paku nj\u00eb shtetasi dhe i dyshuar p\u00ebr t\u00eb dytin, sipas ekspertiz\u00ebs s\u00eb FBI, vazhdon t\u00eb jet\u00eb i lir\u00eb dhe gjyqet deri tani jan\u00eb zhvilluar n\u00ebn terrorin e gardist\u00ebve q\u00eb hyjn\u00eb n\u00eb sall\u00eb dhe k\u00ebrc\u00ebnojn\u00eb gjyqtar\u00ebt. Tani me siguri dhe ai do ta ket\u00eb m\u00eb t\u00eb thjesht\u00eb pasi do t\u00eb sigurohen prova se ai \u00ebsht\u00eb vet\u00ebmbrojtur.<\/p>\n<p>Sali Berisha dhe Lul\u00ebzim Basha, dy autor\u00ebt e vendimmarrjes politike p\u00ebr k\u00ebt\u00eb krim, as q\u00eb jan\u00eb thirrur dhe hetuar p\u00ebr k\u00ebt\u00eb \u00e7\u00ebshtje, nd\u00ebrsa prokuroria, e cila po pret kryeprokurorin e ri, me siguri do t\u00eb mbyll\u00eb \u00e7do shans p\u00ebr rihetim.<\/p>\n<p>Pra, p\u00ebr t\u00eb gjith\u00eb ata q\u00eb e shikojn\u00eb Bujar Nishanin si nj\u00eb njeri kot q\u00eb nuk b\u00ebn d\u00ebm, q\u00eb buz\u00ebqesh dhe pret e p\u00ebrcjell k\u00ebdo q\u00eb e merr n\u00eb telefon, duhet t\u00eb kuptojm\u00eb se ky \u00ebsht\u00eb presidenti m\u00eb i keq dhe m\u00eb d\u00ebmsh\u00ebm p\u00ebr k\u00ebt\u00eb vend, pasi mungesa e integritetit t\u00eb tij \u00ebsht\u00eb nj\u00eb leje p\u00ebr regjimin p\u00ebr t\u00eb inkurajuar revanshin e pushtetit t\u00eb kryeministrit mbi \u00e7do pushtet tjet\u00ebr n\u00eb k\u00ebt\u00eb vend. Gjykatat shqiptare, prokuroria, por dhe institucionet e tjera t\u00eb pavarura n\u00eb vend, shikojn\u00eb tek mungesa e personalitetit t\u00eb presidentit nevoj\u00ebn p\u00ebr tu orientuar qartazi dhe p\u00ebr tu p\u00ebrulur para pushtetit t\u00eb kudondodhsh\u00ebm t\u00eb kryeministrit Berisha dhe t\u00eb vihen n\u00eb sh\u00ebrbim t\u00eb tij.<\/p>\n<p>Ky \u00ebsht\u00eb d\u00ebmi m\u00eb i madh q\u00eb nj\u00eb president mund t\u2019i b\u00ebnte k\u00ebtij vendi n\u00eb k\u00ebto momente. Bujar Nishani \u00ebsht\u00eb njeriu i duhur p\u00ebr k\u00ebt\u00eb d\u00ebm. Mjafton t\u2019i hedh\u00ebsh nj\u00eb sy stafit t\u00eb tij, q\u00eb \u00ebsht\u00eb b\u00ebr\u00eb publik, p\u00ebr t\u00eb kuptuar nivelin e mjeruesh\u00ebm intelektual q\u00eb rrethon presidentin e ri, dhe \u00e7far\u00eb frym\u00ebzimi p\u00ebr revansh t\u00eb pushtetit t\u00eb kryeministrit p\u00ebrb\u00ebn ky fakt.<\/p>\n<p>E pash\u00eb at\u00eb djalin e akuzuar, q\u00eb u shpall i pafajsh\u00ebm, t\u00eb k\u00ebrkonte dhe d\u00ebmshp\u00ebrblim p\u00ebr akuzat q\u00eb jan\u00eb ngritur ndaj tij. \u00cbsht\u00eb e drejta e tij ta b\u00ebj\u00eb dhe k\u00ebt\u00eb, pasi ndoshta \u00ebsht\u00eb p\u00ebrzgjedhur p\u00ebr t\u00eb mos u gjykuar askush p\u00ebr at\u00eb krim q\u00eb \u00ebsht\u00eb kryer me videot e 21 Janarit. Por duhet t\u00eb kemi kujdes dhe s\u00eb paku pak dhimbje dhe p\u00ebr f\u00ebmij\u00ebt e t\u00eb vrar\u00ebve m\u00eb 21 Janar.<\/p>\n<p>Vajzat e Aleks Nik\u00ebs nuk presin ndonj\u00eb shp\u00ebrblim financiar p\u00ebr vrasjen e babait, por duan thjesht t\u00eb din\u00eb kush e vrau me duar n\u00eb xhepa shum\u00eb larg Kryeministris\u00eb. F\u00ebmij\u00ebt e Ziver Veizit nuk duan lek, edhe pse kan\u00eb shum\u00eb nevoj\u00eb pas ikjes s\u00eb babait t\u00eb tyre, por duan drejt\u00ebsi. F\u00ebmij\u00ebt e Hekuran Ded\u00ebs dhe Faik Myrtajt, q\u00eb thuajse e din\u00eb dhe me em\u00ebr kush ua ka vrar\u00eb prind\u00ebrit, duan s\u00eb paku t\u00eb mos shikojn\u00eb skena t\u00eb tilla triumfaliste t\u00eb njer\u00ebzve p\u00ebrgjegj\u00ebs p\u00ebr mbetjen e tyre jetim\u00eb.<\/p>\n<p>Nj\u00eb revansh i till\u00eb fyes ndaj viktimave t\u00eb 21 Janarit, q\u00eb merr shkas nga Presidenca Nishani, do ta polarizoj\u00eb shum\u00eb keq shoq\u00ebrin\u00eb, n\u00eb njer\u00ebz t\u00eb d\u00ebshp\u00ebruar q\u00eb nuk shikojn\u00eb asnj\u00eb shans p\u00ebr drejt\u00ebsi n\u00ebse kan\u00eb has\u00ebm Sali Berish\u00ebn dhe Familjen e tij, dhe njer\u00ebz t\u00eb privilegjuar q\u00eb nuk shikojn\u00eb asnj\u00eb shans t\u00eb d\u00ebnohen edhe n\u00ebse vjedhin para syve t\u00eb shqiptar\u00ebve dhe vrasin live n\u00eb ekrane televizive. Kjo \u00ebsht\u00eb shenja se presidenca Nishani do ta ndaj\u00eb m\u00eb shum\u00eb Shqip\u00ebrin\u00eb, do t\u2019i ndaj\u00eb m\u00eb shum\u00eb shqiptar\u00ebt dhe do t\u00eb t\u2019i jap\u00eb prioritet vet\u00ebgjyq\u00ebsis\u00eb mbi drejt\u00ebsin\u00eb.<\/p>\n<p>Dhe e gjith\u00eb kjo, jo se n\u00eb krye t\u00eb vendit kemi nj\u00eb president hakmarr\u00ebs, revanshist dhe t\u00eb plotpushtetsh\u00ebm, por se kemi nj\u00eb njeri t\u00eb vendosur aty si \u201cnj\u00eb driz\u00eb p\u00ebr t\u00eb z\u00ebn\u00eb shtegun\u201d dhe p\u00ebr t\u2019i l\u00ebn\u00eb pushtet t\u00eb pakufizuar Sali Berish\u00ebs, i cili ka nevoj\u00eb p\u00ebr t\u00eb mos u prekur nga drejt\u00ebsia p\u00ebr \u00e7far\u00eb ka vjedhur dhe \u00e7far\u00eb ka vrar\u00eb n\u00eb k\u00ebt\u00eb vend. Kambana e par\u00eb e Presidenc\u00ebs Nishani ra jo p\u00ebr t\u00eb kujtuar viktimat q\u00eb u mori jet\u00ebn pushteti, por p\u00ebr tu kujtuar atyre se ata q\u00eb vran\u00eb nuk do t\u00eb preken. Kemi p\u00ebr t\u2019ia d\u00ebgjuar gjat\u00eb jehon\u00ebn k\u00ebsaj kambane, edhe pse i bihet me nj\u00eb dore!<\/p>\n","protected":false},"excerpt":{"rendered":"<p>Nga Mero Baze, 26 Korrik 2012 Gjykata e Tiran\u00ebs shpalli t\u00eb pafajsh\u00ebm nj\u00eb n\u00ebpun\u00ebs t\u00eb Kryeministris\u00eb, akuzuar p\u00ebr fshirjen e regjistrimeve nga serveri i Kryeministris\u00eb m\u00eb 21 janar 2011. Ekspertiza e Byros\u00eb Federale t\u00eb Hetimeve n\u00eb SHBA provoi se serveri i kryeministris\u00eb ishte kopjuar dhe m\u00eb pas fshir\u00eb nga autoritetet p\u00ebrgjegj\u00ebse dhe kjo p\u00ebrb\u00ebn fshehje [&hellip;]<\/p>\n","protected":false},"author":1,"featured_media":0,"comment_status":"open","ping_status":"closed","sticky":false,"template":"","format":"standard","meta":{"footnotes":""},"categories":[2],"tags":[],"class_list":{"0":"post-11981","1":"post","2":"type-post","3":"status-publish","4":"format-standard","6":"category-artikuj"},"yoast_head":"<!-- This site is optimized with the Yoast SEO plugin v27.4 - https:\/\/yoast.com\/product\/yoast-seo-wordpress\/ -->\n<title>Kambana e par\u00eb e \u201cPresidenc\u00ebs Nishani\u201d - FjALA e LIR\u00cb - Arkivi<\/title>\n<meta name=\"robots\" content=\"index, follow, max-snippet:-1, max-image-preview:large, max-video-preview:-1\" \/>\n<link rel=\"canonical\" href=\"https:\/\/fjala.info\/2009-2015\/kambana-e-pare-e-presidences-nishani\/\" \/>\n<meta property=\"og:locale\" content=\"sq_AL\" \/>\n<meta property=\"og:type\" content=\"article\" \/>\n<meta property=\"og:title\" content=\"Kambana e par\u00eb e \u201cPresidenc\u00ebs Nishani\u201d - FjALA e LIR\u00cb - Arkivi\" \/>\n<meta property=\"og:description\" content=\"Nga Mero Baze, 26 Korrik 2012 Gjykata e Tiran\u00ebs shpalli t\u00eb pafajsh\u00ebm nj\u00eb n\u00ebpun\u00ebs t\u00eb Kryeministris\u00eb, akuzuar p\u00ebr fshirjen e regjistrimeve nga serveri i Kryeministris\u00eb m\u00eb 21 janar 2011. Ekspertiza e Byros\u00eb Federale t\u00eb Hetimeve n\u00eb SHBA provoi se serveri i kryeministris\u00eb ishte kopjuar dhe m\u00eb pas fshir\u00eb nga autoritetet p\u00ebrgjegj\u00ebse dhe kjo p\u00ebrb\u00ebn fshehje [&hellip;]\" \/>\n<meta property=\"og:url\" content=\"https:\/\/fjala.info\/2009-2015\/kambana-e-pare-e-presidences-nishani\/\" \/>\n<meta property=\"og:site_name\" content=\"FjALA e LIR\u00cb - Arkivi\" \/>\n<meta property=\"article:published_time\" content=\"2012-07-26T21:02:42+00:00\" \/>\n<meta property=\"og:image\" content=\"http:\/\/www.fjala.info\/2012\/mero_baze.jpg\" \/>\n<meta name=\"author\" content=\"admin\" \/>\n<meta name=\"twitter:card\" content=\"summary_large_image\" \/>\n<meta name=\"twitter:label1\" content=\"Written by\" \/>\n\t<meta name=\"twitter:data1\" content=\"admin\" \/>\n\t<meta name=\"twitter:label2\" content=\"Est. reading time\" \/>\n\t<meta name=\"twitter:data2\" content=\"6 minutes\" \/>\n<script type=\"application\/ld+json\" class=\"yoast-schema-graph\">{\"@context\":\"https:\\\/\\\/schema.org\",\"@graph\":[{\"@type\":\"Article\",\"@id\":\"https:\\\/\\\/fjala.info\\\/2009-2015\\\/kambana-e-pare-e-presidences-nishani\\\/#article\",\"isPartOf\":{\"@id\":\"https:\\\/\\\/fjala.info\\\/2009-2015\\\/kambana-e-pare-e-presidences-nishani\\\/\"},\"author\":{\"name\":\"admin\",\"@id\":\"https:\\\/\\\/fjala.info\\\/2009-2015\\\/#\\\/schema\\\/person\\\/3aa1163ef05469c496fc94e77611ada2\"},\"headline\":\"Kambana e par\u00eb e \u201cPresidenc\u00ebs Nishani\u201d\",\"datePublished\":\"2012-07-26T21:02:42+00:00\",\"mainEntityOfPage\":{\"@id\":\"https:\\\/\\\/fjala.info\\\/2009-2015\\\/kambana-e-pare-e-presidences-nishani\\\/\"},\"wordCount\":1113,\"commentCount\":0,\"publisher\":{\"@id\":\"https:\\\/\\\/fjala.info\\\/2009-2015\\\/#organization\"},\"image\":{\"@id\":\"https:\\\/\\\/fjala.info\\\/2009-2015\\\/kambana-e-pare-e-presidences-nishani\\\/#primaryimage\"},\"thumbnailUrl\":\"http:\\\/\\\/www.fjala.info\\\/2012\\\/mero_baze.jpg\",\"articleSection\":[\"Artikuj\"],\"inLanguage\":\"sq-AL\",\"potentialAction\":[{\"@type\":\"CommentAction\",\"name\":\"Comment\",\"target\":[\"https:\\\/\\\/fjala.info\\\/2009-2015\\\/kambana-e-pare-e-presidences-nishani\\\/#respond\"]}]},{\"@type\":\"WebPage\",\"@id\":\"https:\\\/\\\/fjala.info\\\/2009-2015\\\/kambana-e-pare-e-presidences-nishani\\\/\",\"url\":\"https:\\\/\\\/fjala.info\\\/2009-2015\\\/kambana-e-pare-e-presidences-nishani\\\/\",\"name\":\"Kambana e par\u00eb e \u201cPresidenc\u00ebs Nishani\u201d - FjALA e LIR\u00cb - Arkivi\",\"isPartOf\":{\"@id\":\"https:\\\/\\\/fjala.info\\\/2009-2015\\\/#website\"},\"primaryImageOfPage\":{\"@id\":\"https:\\\/\\\/fjala.info\\\/2009-2015\\\/kambana-e-pare-e-presidences-nishani\\\/#primaryimage\"},\"image\":{\"@id\":\"https:\\\/\\\/fjala.info\\\/2009-2015\\\/kambana-e-pare-e-presidences-nishani\\\/#primaryimage\"},\"thumbnailUrl\":\"http:\\\/\\\/www.fjala.info\\\/2012\\\/mero_baze.jpg\",\"datePublished\":\"2012-07-26T21:02:42+00:00\",\"breadcrumb\":{\"@id\":\"https:\\\/\\\/fjala.info\\\/2009-2015\\\/kambana-e-pare-e-presidences-nishani\\\/#breadcrumb\"},\"inLanguage\":\"sq-AL\",\"potentialAction\":[{\"@type\":\"ReadAction\",\"target\":[\"https:\\\/\\\/fjala.info\\\/2009-2015\\\/kambana-e-pare-e-presidences-nishani\\\/\"]}]},{\"@type\":\"ImageObject\",\"inLanguage\":\"sq-AL\",\"@id\":\"https:\\\/\\\/fjala.info\\\/2009-2015\\\/kambana-e-pare-e-presidences-nishani\\\/#primaryimage\",\"url\":\"http:\\\/\\\/www.fjala.info\\\/2012\\\/mero_baze.jpg\",\"contentUrl\":\"http:\\\/\\\/www.fjala.info\\\/2012\\\/mero_baze.jpg\"},{\"@type\":\"BreadcrumbList\",\"@id\":\"https:\\\/\\\/fjala.info\\\/2009-2015\\\/kambana-e-pare-e-presidences-nishani\\\/#breadcrumb\",\"itemListElement\":[{\"@type\":\"ListItem\",\"position\":1,\"name\":\"Home\",\"item\":\"https:\\\/\\\/fjala.info\\\/2009-2015\\\/\"},{\"@type\":\"ListItem\",\"position\":2,\"name\":\"Kambana e par\u00eb e \u201cPresidenc\u00ebs Nishani\u201d\"}]},{\"@type\":\"WebSite\",\"@id\":\"https:\\\/\\\/fjala.info\\\/2009-2015\\\/#website\",\"url\":\"https:\\\/\\\/fjala.info\\\/2009-2015\\\/\",\"name\":\"FjALA e LIR\u00cb - Arkivi\",\"description\":\"Arkivi 2009-2015\",\"publisher\":{\"@id\":\"https:\\\/\\\/fjala.info\\\/2009-2015\\\/#organization\"},\"potentialAction\":[{\"@type\":\"SearchAction\",\"target\":{\"@type\":\"EntryPoint\",\"urlTemplate\":\"https:\\\/\\\/fjala.info\\\/2009-2015\\\/?s={search_term_string}\"},\"query-input\":{\"@type\":\"PropertyValueSpecification\",\"valueRequired\":true,\"valueName\":\"search_term_string\"}}],\"inLanguage\":\"sq-AL\"},{\"@type\":\"Organization\",\"@id\":\"https:\\\/\\\/fjala.info\\\/2009-2015\\\/#organization\",\"name\":\"FjALA e LIR\u00cb - Arkivi\",\"url\":\"https:\\\/\\\/fjala.info\\\/2009-2015\\\/\",\"logo\":{\"@type\":\"ImageObject\",\"inLanguage\":\"sq-AL\",\"@id\":\"https:\\\/\\\/fjala.info\\\/2009-2015\\\/#\\\/schema\\\/logo\\\/image\\\/\",\"url\":\"\",\"contentUrl\":\"\",\"caption\":\"FjALA e LIR\u00cb - Arkivi\"},\"image\":{\"@id\":\"https:\\\/\\\/fjala.info\\\/2009-2015\\\/#\\\/schema\\\/logo\\\/image\\\/\"}},{\"@type\":\"Person\",\"@id\":\"https:\\\/\\\/fjala.info\\\/2009-2015\\\/#\\\/schema\\\/person\\\/3aa1163ef05469c496fc94e77611ada2\",\"name\":\"admin\",\"image\":{\"@type\":\"ImageObject\",\"inLanguage\":\"sq-AL\",\"@id\":\"https:\\\/\\\/fjala.info\\\/2009-2015\\\/wp-content\\\/uploads\\\/2012\\\/02\\\/arben_cokaj-120x150.jpg\",\"url\":\"https:\\\/\\\/fjala.info\\\/2009-2015\\\/wp-content\\\/uploads\\\/2012\\\/02\\\/arben_cokaj-120x150.jpg\",\"contentUrl\":\"https:\\\/\\\/fjala.info\\\/2009-2015\\\/wp-content\\\/uploads\\\/2012\\\/02\\\/arben_cokaj-120x150.jpg\",\"caption\":\"admin\"},\"description\":\"Admin, Fjala e Lir\u00eb\",\"sameAs\":[\"https:\\\/\\\/fjala.info\\\/\"],\"url\":\"https:\\\/\\\/fjala.info\\\/2009-2015\\\/author\\\/admin\\\/\"}]}<\/script>\n<!-- \/ Yoast SEO plugin. -->","yoast_head_json":{"title":"Kambana e par\u00eb e \u201cPresidenc\u00ebs Nishani\u201d - FjALA e LIR\u00cb - Arkivi","robots":{"index":"index","follow":"follow","max-snippet":"max-snippet:-1","max-image-preview":"max-image-preview:large","max-video-preview":"max-video-preview:-1"},"canonical":"https:\/\/fjala.info\/2009-2015\/kambana-e-pare-e-presidences-nishani\/","og_locale":"sq_AL","og_type":"article","og_title":"Kambana e par\u00eb e \u201cPresidenc\u00ebs Nishani\u201d - FjALA e LIR\u00cb - Arkivi","og_description":"Nga Mero Baze, 26 Korrik 2012 Gjykata e Tiran\u00ebs shpalli t\u00eb pafajsh\u00ebm nj\u00eb n\u00ebpun\u00ebs t\u00eb Kryeministris\u00eb, akuzuar p\u00ebr fshirjen e regjistrimeve nga serveri i Kryeministris\u00eb m\u00eb 21 janar 2011. Ekspertiza e Byros\u00eb Federale t\u00eb Hetimeve n\u00eb SHBA provoi se serveri i kryeministris\u00eb ishte kopjuar dhe m\u00eb pas fshir\u00eb nga autoritetet p\u00ebrgjegj\u00ebse dhe kjo p\u00ebrb\u00ebn fshehje [&hellip;]","og_url":"https:\/\/fjala.info\/2009-2015\/kambana-e-pare-e-presidences-nishani\/","og_site_name":"FjALA e LIR\u00cb - Arkivi","article_published_time":"2012-07-26T21:02:42+00:00","og_image":[{"url":"http:\/\/www.fjala.info\/2012\/mero_baze.jpg","type":"","width":"","height":""}],"author":"admin","twitter_card":"summary_large_image","twitter_misc":{"Written by":"admin","Est. reading time":"6 minutes"},"schema":{"@context":"https:\/\/schema.org","@graph":[{"@type":"Article","@id":"https:\/\/fjala.info\/2009-2015\/kambana-e-pare-e-presidences-nishani\/#article","isPartOf":{"@id":"https:\/\/fjala.info\/2009-2015\/kambana-e-pare-e-presidences-nishani\/"},"author":{"name":"admin","@id":"https:\/\/fjala.info\/2009-2015\/#\/schema\/person\/3aa1163ef05469c496fc94e77611ada2"},"headline":"Kambana e par\u00eb e \u201cPresidenc\u00ebs Nishani\u201d","datePublished":"2012-07-26T21:02:42+00:00","mainEntityOfPage":{"@id":"https:\/\/fjala.info\/2009-2015\/kambana-e-pare-e-presidences-nishani\/"},"wordCount":1113,"commentCount":0,"publisher":{"@id":"https:\/\/fjala.info\/2009-2015\/#organization"},"image":{"@id":"https:\/\/fjala.info\/2009-2015\/kambana-e-pare-e-presidences-nishani\/#primaryimage"},"thumbnailUrl":"http:\/\/www.fjala.info\/2012\/mero_baze.jpg","articleSection":["Artikuj"],"inLanguage":"sq-AL","potentialAction":[{"@type":"CommentAction","name":"Comment","target":["https:\/\/fjala.info\/2009-2015\/kambana-e-pare-e-presidences-nishani\/#respond"]}]},{"@type":"WebPage","@id":"https:\/\/fjala.info\/2009-2015\/kambana-e-pare-e-presidences-nishani\/","url":"https:\/\/fjala.info\/2009-2015\/kambana-e-pare-e-presidences-nishani\/","name":"Kambana e par\u00eb e \u201cPresidenc\u00ebs Nishani\u201d - FjALA e LIR\u00cb - Arkivi","isPartOf":{"@id":"https:\/\/fjala.info\/2009-2015\/#website"},"primaryImageOfPage":{"@id":"https:\/\/fjala.info\/2009-2015\/kambana-e-pare-e-presidences-nishani\/#primaryimage"},"image":{"@id":"https:\/\/fjala.info\/2009-2015\/kambana-e-pare-e-presidences-nishani\/#primaryimage"},"thumbnailUrl":"http:\/\/www.fjala.info\/2012\/mero_baze.jpg","datePublished":"2012-07-26T21:02:42+00:00","breadcrumb":{"@id":"https:\/\/fjala.info\/2009-2015\/kambana-e-pare-e-presidences-nishani\/#breadcrumb"},"inLanguage":"sq-AL","potentialAction":[{"@type":"ReadAction","target":["https:\/\/fjala.info\/2009-2015\/kambana-e-pare-e-presidences-nishani\/"]}]},{"@type":"ImageObject","inLanguage":"sq-AL","@id":"https:\/\/fjala.info\/2009-2015\/kambana-e-pare-e-presidences-nishani\/#primaryimage","url":"http:\/\/www.fjala.info\/2012\/mero_baze.jpg","contentUrl":"http:\/\/www.fjala.info\/2012\/mero_baze.jpg"},{"@type":"BreadcrumbList","@id":"https:\/\/fjala.info\/2009-2015\/kambana-e-pare-e-presidences-nishani\/#breadcrumb","itemListElement":[{"@type":"ListItem","position":1,"name":"Home","item":"https:\/\/fjala.info\/2009-2015\/"},{"@type":"ListItem","position":2,"name":"Kambana e par\u00eb e \u201cPresidenc\u00ebs Nishani\u201d"}]},{"@type":"WebSite","@id":"https:\/\/fjala.info\/2009-2015\/#website","url":"https:\/\/fjala.info\/2009-2015\/","name":"FjALA e LIR\u00cb - Arkivi","description":"Arkivi 2009-2015","publisher":{"@id":"https:\/\/fjala.info\/2009-2015\/#organization"},"potentialAction":[{"@type":"SearchAction","target":{"@type":"EntryPoint","urlTemplate":"https:\/\/fjala.info\/2009-2015\/?s={search_term_string}"},"query-input":{"@type":"PropertyValueSpecification","valueRequired":true,"valueName":"search_term_string"}}],"inLanguage":"sq-AL"},{"@type":"Organization","@id":"https:\/\/fjala.info\/2009-2015\/#organization","name":"FjALA e LIR\u00cb - Arkivi","url":"https:\/\/fjala.info\/2009-2015\/","logo":{"@type":"ImageObject","inLanguage":"sq-AL","@id":"https:\/\/fjala.info\/2009-2015\/#\/schema\/logo\/image\/","url":"","contentUrl":"","caption":"FjALA e LIR\u00cb - Arkivi"},"image":{"@id":"https:\/\/fjala.info\/2009-2015\/#\/schema\/logo\/image\/"}},{"@type":"Person","@id":"https:\/\/fjala.info\/2009-2015\/#\/schema\/person\/3aa1163ef05469c496fc94e77611ada2","name":"admin","image":{"@type":"ImageObject","inLanguage":"sq-AL","@id":"https:\/\/fjala.info\/2009-2015\/wp-content\/uploads\/2012\/02\/arben_cokaj-120x150.jpg","url":"https:\/\/fjala.info\/2009-2015\/wp-content\/uploads\/2012\/02\/arben_cokaj-120x150.jpg","contentUrl":"https:\/\/fjala.info\/2009-2015\/wp-content\/uploads\/2012\/02\/arben_cokaj-120x150.jpg","caption":"admin"},"description":"Admin, Fjala e Lir\u00eb","sameAs":["https:\/\/fjala.info\/"],"url":"https:\/\/fjala.info\/2009-2015\/author\/admin\/"}]}},"_links":{"self":[{"href":"https:\/\/fjala.info\/2009-2015\/wp-json\/wp\/v2\/posts\/11981","targetHints":{"allow":["GET"]}}],"collection":[{"href":"https:\/\/fjala.info\/2009-2015\/wp-json\/wp\/v2\/posts"}],"about":[{"href":"https:\/\/fjala.info\/2009-2015\/wp-json\/wp\/v2\/types\/post"}],"author":[{"embeddable":true,"href":"https:\/\/fjala.info\/2009-2015\/wp-json\/wp\/v2\/users\/1"}],"replies":[{"embeddable":true,"href":"https:\/\/fjala.info\/2009-2015\/wp-json\/wp\/v2\/comments?post=11981"}],"version-history":[{"count":0,"href":"https:\/\/fjala.info\/2009-2015\/wp-json\/wp\/v2\/posts\/11981\/revisions"}],"wp:attachment":[{"href":"https:\/\/fjala.info\/2009-2015\/wp-json\/wp\/v2\/media?parent=11981"}],"wp:term":[{"taxonomy":"category","embeddable":true,"href":"https:\/\/fjala.info\/2009-2015\/wp-json\/wp\/v2\/categories?post=11981"},{"taxonomy":"post_tag","embeddable":true,"href":"https:\/\/fjala.info\/2009-2015\/wp-json\/wp\/v2\/tags?post=11981"}],"curies":[{"name":"wp","href":"https:\/\/api.w.org\/{rel}","templated":true}]}}