{"id":11980,"date":"2012-07-26T21:52:25","date_gmt":"2012-07-26T20:52:25","guid":{"rendered":"http:\/\/www.fjala.info\/?p=4065"},"modified":"2012-07-26T21:52:25","modified_gmt":"2012-07-26T20:52:25","slug":"topi-e-pranon-javen-tjeter-takoj-oketen-per-kalimin-ne-frd","status":"publish","type":"post","link":"https:\/\/fjala.info\/2009-2015\/topi-e-pranon-javen-tjeter-takoj-oketen-per-kalimin-ne-frd\/","title":{"rendered":"Topi: Jam p\u00ebr rotacion n\u00eb vitin 2013. P\u00ebr 24 or\u00eb u pushuan t\u00eb gjith\u00eb ata q\u00eb punuan p\u00ebr mua, deri dhe te kuzhinieri"},"content":{"rendered":"<p><img decoding=\"async\" class=\"alignright size-thumbnail wp-image-7236\" title=\"Topi - Balla\" src=\"http:\/\/www.fjala.info\/2012\/topi_balla.jpg\" alt=\"\" width=\"300\" \/> <strong>TemA<\/strong>, <em>26 Korrik 2012 <\/em><\/p>\n<p>(<em>E PLOTESUAR<\/em>) &#8211; <strong><em>Ish- presidenti thot\u00eb se Berisha tentoi t\u00eb dredhonte n\u00eb vitin 2007, kur Topi do garonte p\u00ebr president. Topi tha se ftohja me Berish\u00ebn nisi n\u00eb vitin 2005. Ai tha se jav\u00ebn q\u00eb vjen do takoj\u00eb Gazmend Oket\u00ebn p\u00ebr t\u00eb vendosur p\u00ebr rolin e tij n\u00eb politik\u00eb dhe FRD<\/em><\/strong><\/p>\n<p>Ish- presidenti Bamir Topi, n\u00eb nj\u00eb rr\u00ebfim shp\u00ebrthyes p\u00ebr Top Story, thot\u00eb se ftohja me Berish\u00ebn erdhi q\u00eb pas zgjedhjeve t\u00eb vitit 2005, kur Berisha zgjodhi t\u00eb fliste me Lufter Xhuvelin n\u00eb vend q\u00eb t\u00eb komunikonte me Topin p\u00ebr kabinetin e ri. Topi tha se atij i \u00ebsht\u00eb propozuar at\u00ebher\u00eb nj\u00eb post i ul\u00ebt, ai i ministrit t\u00eb Bujq\u00ebsis\u00eb.<\/p>\n<p>Topi tha se Berisha tentoi t\u00eb dredhonte kandidimit t\u00eb tij p\u00ebr president n\u00eb vitin 2007. Topi pranoi nj\u00eb debat t\u00eb zjarrt\u00eb me Berish\u00ebn p\u00ebrpara votimit t\u00eb tij, q\u00eb erdhi si presion ndaj kreut t\u00eb PD.<\/p>\n<p>Ish- presidenti tha se vendi po shkon n\u00eb drejtim t\u00eb gabuar. Topi tha se drejtohet nga nj\u00eb dor\u00eb e vetme me sfond komunist. Ai deklaroi se tani vendi t\u00eb kujton diktatur\u00ebn komuniste, pasi mjafton fakti q\u00eb brenda 24 or\u00ebsh u shkarkua gjithkush kishte punuar me presidentin, deri tek kuzhinieri.<\/p>\n<p>Ish- presidenti deklaroi se jav\u00ebn tjet\u00ebr do ket\u00eb nj\u00eb takim me Gazmend Oket\u00ebn p\u00ebr t\u00eb diskutuar n\u00eb lidhje vendimmarrjen p\u00ebr pozicionin e tij n\u00eb politik\u00eb dhe n\u00eb Frym\u00ebn e Re Demokratike.<\/p>\n<p>Bamir Topi u shpreh n\u00eb m\u00ebnyr\u00eb kategorike n\u00eb favor t\u00eb rotacionit politik n\u00eb vitin 2013.<\/p>\n<p>Intervista<\/p>\n<p>N\u00eb nisje t\u00eb intervist\u00ebs, ish-presidenti Topi foli p\u00ebr faktin se mediat tani po e etiketojn\u00eb si njeri t\u00eb lir\u00eb.<\/p>\n<p>\u201cE kam ndjer\u00eb veten gjithmon\u00eb t\u00eb lir\u00eb, pavar\u00ebsisht detyrimeve q\u00eb kam pasur,\u201d tha Topi.<\/p>\n<p>Presidenti foli fillimisht p\u00ebr ndryshimet kushtetuese. Ai tha se n\u00eb vend gj\u00ebrat kan\u00eb ardhur duke u p\u00ebrkeq\u00ebsuar n\u00eb kuptimin e demokracis\u00eb brenda partive.<\/p>\n<p>\u201cShqip\u00ebria ka b\u00ebr\u00eb progres, por progresi nuk i dedikohet klas\u00ebs politike,\u201d tha Topi.<\/p>\n<p>Ish- presidenti komentoi edhe faktin q\u00eb mbeti me traget n\u00eb det p\u00ebr m\u00eb shum\u00eb se 24 or\u00eb.<\/p>\n<p>\u201cN\u00ebse je n\u00eb nj\u00eb mjedis me qytetar\u00ebt nuk do ishte e falshme n\u00ebse presidenti do e braktiste tragetin. Kam vepruar n\u00eb m\u00ebnyr\u00eb shum\u00eb t\u00eb natyrshme,\u201d tha Topi.<\/p>\n<p>S\u00ebrish presidenti ia vuri fajin Berish\u00ebs p\u00ebr ndryshimin e protokollit, q\u00eb e la Topin pa fjalim lamtumire n\u00eb ceremonin\u00eb e inaugurimit t\u00eb presidentit t\u00eb ri.<\/p>\n<p>\u201cPresidenti sipas ligjit nuk \u00ebsht\u00eb ai q\u00eb b\u00ebn protokollin, at\u00eb e b\u00ebn qeveria dhe ndryshimi i fundit \u00ebsht\u00eb b\u00ebr\u00eb me vendim t\u00eb qeveris\u00eb.<\/p>\n<p>Un\u00eb e kam marr\u00eb pa asnj\u00eb lloj kompleksiteti k\u00ebt\u00eb \u00e7\u00ebshtje. Sigurisht ndryshimi i protokollit n\u00eb momentet e fundit nuk konsiderohet di\u00e7ka normale,\u201d tha Topi.<\/p>\n<p>Ai u shpreh optimist se Nishani do jet\u00eb nj\u00eb president i mir\u00eb.<\/p>\n<p>\u201cUn\u00eb nuk kam arsye t\u00eb mendoj t\u00eb kund\u00ebrt\u00ebn, sepse njoh fizionomin\u00eb e Nishanit, \u00ebsht\u00eb i ekuilibruar, vjen nga politika, dhe un\u00eb kam qen\u00eb nga ata q\u00eb kam deklaruar se \u00ebsht\u00eb mir\u00eb q\u00eb presidenti t\u00eb vij\u00eb nga radh\u00ebt e politik\u00ebs, sepse po t\u00eb vij\u00eb nga rrethet e tjera, do p\u00ebrballet me situata t\u00eb v\u00ebshtira.\u201d<\/p>\n<p>Duke komentuar 21 janarin, Topi tha: \u201cE kam th\u00ebn\u00eb edhe n\u00eb mesazhin e dh\u00ebn\u00eb para dy dit\u00ebsh, q\u00eb institucioni i presidentit asnj\u00ebher\u00eb nuk prodhoi konflikt. 21 janari \u00ebsht\u00eb produkt i konfliktualitetit politik.<\/p>\n<p>M\u00eb e sh\u00ebmtuar akoma ishte tentativa p\u00ebr t\u00eb akuzuar institucionet, si\u00e7 u b\u00eb edhe n\u00eb adres\u00ebn time. Ato lloj halucinacionesh u pa q\u00eb ishin pozicione totalisht politike. Edhe sot e k\u00ebsaj dite e shikoni q\u00eb klima n\u00eb parlament apo n\u00eb tribunat e partive politike shkon n\u00eb kufijt\u00eb maksimal\u00eb.\u201d<\/p>\n<p>Bamir Topi akuzoi Berish\u00ebn se tentoi ta dridhte n\u00eb vitin 2007, kur u vendos p\u00ebr kandidimin e tij p\u00ebr postin e presidentit. \u201cAsnj\u00ebher\u00eb nuk kam qen\u00eb un\u00eb ai q\u00eb kam k\u00ebrkuar t\u00eb b\u00ebhem president. Ka qen\u00eb nj\u00eb propozim i drejtp\u00ebrdrejt\u00eb i kreut t\u00eb mazhoranc\u00ebs. Pasi \u00ebsht\u00eb r\u00ebn\u00eb dakord q\u00eb un\u00eb t\u00eb pranoj ofert\u00ebn, i kam q\u00ebndruar deri n\u00eb fund. Por propozuesi e dredhi,\u201d tha Topi.<\/p>\n<p>\u201cGjithmon\u00eb mund t\u00eb ket\u00eb devijime, por un\u00eb nuk mendoj se kan\u00eb ardhur p\u00ebr shkaqe objektive,\u201d vijoi Topi, q\u00eb konfirmoi se n\u00eb nj\u00eb mbledhje t\u00eb grupit parlamentar para votimit ka pasur nj\u00eb diskutim t\u00eb ashp\u00ebr mes Berish\u00ebs dhe tij.<\/p>\n<p>Por Topi deklaroi se nuk ka qen\u00eb kjo periudha kur ka nisur ftohja dhe tensioni me Berish\u00ebn. Ajo ka ndodhur n\u00eb vitin 2005.<\/p>\n<p>\u201cP\u00ebrpara se t\u00eb konsultohej me nj\u00eb nga n\u00ebnkryetar\u00ebt e PD nisi kontaktin me p\u00ebrfaq\u00ebsues t\u00eb tjet\u00ebr q\u00eb kishin qen\u00eb n\u00eb opozit\u00eb me PD. Ishte Lufter Xhuveli q\u00eb u ftua p\u00ebr diskutime. Berisha foli m\u00eb par\u00eb me zotin Xhuveli se me mua p\u00ebr qeverin\u00eb,\u201d tha Topi.<\/p>\n<p>\u201cKy ka qen\u00eb nj\u00eb moment i hidhur n\u00eb marr\u00ebdh\u00ebniet brenda PD, q\u00eb vazhdoi me nj\u00eb komunikim t\u00eb tensionuar.<\/p>\n<p>Ka pasur oferta t\u00eb thjeshta dhe aspak dinjitoze p\u00ebr profilin tim. M\u00eb b\u00ebri ofert\u00eb p\u00ebr minist\u00ebr Bujq\u00ebsie, nd\u00ebrkoh\u00eb q\u00eb ajo u nda n\u00eb shtat\u00ebqind copash.\u201d<\/p>\n<p>Ish- presidenti tha se Berisha nisi diskutime me Xhuvelin pa pasur nevoj\u00eb.<\/p>\n<p>Topi tha se \u00ebsht\u00eb sulmuar nga PD p\u00ebr arsye politike.<\/p>\n<p>\u201cAsnj\u00ebher\u00eb m\u00eb shum\u00eb se gjat\u00eb k\u00ebtij mandati nuk jam sulmuar nga ajo parti, ku kontribuova p\u00ebr shum\u00eb vite. Arsyeja \u00ebsht\u00eb e past\u00ebr politike.<\/p>\n<p>Nj\u00eb inspirim n\u00eb koh\u00eb i atyre q\u00eb jan\u00eb aty vet\u00ebm p\u00ebr t\u00eb ngritur dor\u00ebn sipas orekseve t\u00eb kryetarit t\u00eb partis\u00eb.<\/p>\n<p>M\u00eb etiketuan me fjal\u00eb t\u00eb padenja edhe p\u00ebr nj\u00eb person n\u00eb rrug\u00eb.\u201d<\/p>\n<p>Topi b\u00ebri akuza t\u00eb r\u00ebnda se vendi po rr\u00ebshqet drejt ngjashm\u00ebrive me komunizmin.<\/p>\n<p>\u201cAta kan\u00eb n\u00eb dor\u00eb p\u00ebr t\u00eb b\u00ebr\u00eb protokollin, p\u00ebr t\u00eb em\u00ebruar institucionet. Me nj\u00eb mazhoranc\u00eb t\u00eb thjesht\u00eb mund t\u00eb em\u00ebrosh t\u00eb gjith\u00eb strukturat e shtetit.<\/p>\n<p>Mendoj se nuk po shkohet n\u00eb drejtimin e duhur.<\/p>\n<p>Administrata \u00e7do dit\u00eb e m\u00eb shum\u00eb po politizohet. T\u00eb gjith\u00eb ata q\u00eb kan\u00eb sh\u00ebrbyer tek presidenti, nuk ka zgjatur shum\u00eb, 24 or\u00eb m\u00eb pas jan\u00eb pushuar. Ata nuk jan\u00eb t\u00eb presidentit, ata jan\u00eb sh\u00ebrbime qeveritare. Kjo drejtori varet drejtp\u00ebrdrejt nga kryeministri.<\/p>\n<p>T\u00eb gjith\u00eb deri tek kuzhinier\u00eb, jan\u00eb thirrur dhe jan\u00eb pushuar. Kjo \u00ebsht\u00eb nj\u00eb frym\u00eb primitive e sjelljes me shtetin,\u201d tha presidenti duke theksuar se kjo t\u00eb kujton diktatur\u00ebn komuniste.<\/p>\n<p>Duke mos e p\u00ebrmendur direkt Berish\u00ebn, por natyrisht duke e n\u00ebnkuptuar, Topi tha se gjith\u00eb shteti do drejtohet nga nj\u00eb dor\u00eb me formim komunist.<\/p>\n<p>\u201cN\u00eb PD nuk ka z\u00eb. Z\u00ebrat e vet\u00ebm jan\u00eb ata q\u00eb urdh\u00ebrohen p\u00ebr t\u00eb hapur zjarr, p\u00ebr t\u00eb anatemuar, deformuar,\u201d tha Topi.<\/p>\n<p>Ish- presidenti konfirmoi nj\u00eb takim me zotin Gazmend Oketa p\u00ebr t\u00eb vendosur p\u00ebr rolin e tij n\u00eb partin\u00eb e re Fryma e Re Demokratike.<\/p>\n<p>\u201cS\u00eb pari un\u00eb kam lajm\u00ebruar or\u00eb m\u00eb par\u00eb q\u00eb me nj\u00eb probabilitet t\u00eb lart\u00eb un\u00eb e mendoj veten t\u00eb kthyer n\u00eb politik\u00eb.<\/p>\n<p>\u00cbsht\u00eb fiksuar nj\u00eb takim me zotin Oketa p\u00ebr jav\u00ebn q\u00eb vjen. Natyrisht do diskutojm\u00eb gjer\u00eb e gjat\u00eb p\u00ebr t\u00eb b\u00ebr\u00eb t\u00eb mundur nj\u00eb vendimmarrje finale, e cila do vij\u00eb n\u00eb fund t\u00eb muajit gusht ose n\u00eb fillim t\u00eb shtatorit.\u201d<\/p>\n<p>Presidenti theksoi se akuzat p\u00ebr p\u00ebrgjimet jan\u00eb shum\u00eb t\u00eb r\u00ebnda, por nuk duhet t\u00eb mbeten thjesht akuza, por duhen hetuar e zbardhur.<\/p>\n<p>\u201cN\u00eb momentin q\u00eb i kam d\u00ebgjuar, sigurisht q\u00eb jam tronditur sepse nuk b\u00ebhet fjal\u00eb p\u00ebr nj\u00eb akuz\u00eb rruge, por nj\u00eb akuz\u00eb q\u00eb vjen nga Komisioni i Siguris\u00eb Komb\u00ebtar.<\/p>\n<p>Nj\u00eb akuz\u00eb e till\u00eb nuk mund t\u00eb hidhet dhe m\u00eb pas t\u00eb harrohet duke u l\u00ebn\u00eb n\u00eb harres\u00eb.\u201d<\/p>\n<p>Ish- presidenti i shpreh hapur p\u00ebr rotacion politik n\u00eb vitin 2013.<\/p>\n<p>\u201cJam n\u00eb favor t\u00eb nj\u00eb rotacioni politik n\u00eb vitin 2013.<\/p>\n<p>Kjo p\u00ebr faktin se kam kritika kaq t\u00eb forta p\u00ebr m\u00ebnyr\u00ebn e administrimit t\u00eb pushtetit.<\/p>\n<p>Nj\u00eb pushtet q\u00eb deformon dhe falsifikon edhe vot\u00ebn e presidentit, p\u00ebr cfar\u00eb ta kesh nevoj\u00eb?<\/p>\n<p>Kur u hap\u00ebn t\u00eb gjith\u00eb kutit\u00eb me vendim t\u00eb Apelit, doli nd\u00ebrhyrja n\u00eb kutin\u00eb ku ishte hedhur vota e Bamir Topit.<\/p>\n<p>Pse duhet t\u00eb k\u00ebrkoj shembull tjet\u00ebr?<\/p>\n<p>\u00cbsht\u00eb e domosdoshme t\u00eb ket\u00eb rotacion. Ky pushtet \u00ebsht\u00eb s\u00ebmur\u00eb.\u201d<\/p>\n<p>Duke b\u00ebr\u00eb nj\u00eb krahasim me futbollin, i pyetur se ku do t\u00eb luaj\u00eb tani n\u00eb politik\u00eb, Topi e mbylli duke th\u00ebn\u00eb: \u201cDo luaj n\u00eb mesfush\u00eb me tipare sulmuese. Do luaj djathtas, n\u00eb qend\u00ebr, por ndonj\u00ebher\u00eb edhe majtas.\u201d<\/p>\n","protected":false},"excerpt":{"rendered":"<p>TemA, 26 Korrik 2012 (E PLOTESUAR) &#8211; Ish- presidenti thot\u00eb se Berisha tentoi t\u00eb dredhonte n\u00eb vitin 2007, kur Topi do garonte p\u00ebr president. Topi tha se ftohja me Berish\u00ebn nisi n\u00eb vitin 2005. Ai tha se jav\u00ebn q\u00eb vjen do takoj\u00eb Gazmend Oket\u00ebn p\u00ebr t\u00eb vendosur p\u00ebr rolin e tij n\u00eb politik\u00eb dhe FRD [&hellip;]<\/p>\n","protected":false},"author":1,"featured_media":0,"comment_status":"open","ping_status":"closed","sticky":false,"template":"","format":"standard","meta":{"footnotes":""},"categories":[2],"tags":[],"class_list":{"0":"post-11980","1":"post","2":"type-post","3":"status-publish","4":"format-standard","6":"category-artikuj"},"yoast_head":"<!-- This site is optimized with the Yoast SEO plugin v27.4 - https:\/\/yoast.com\/product\/yoast-seo-wordpress\/ -->\n<title>Topi: Jam p\u00ebr rotacion n\u00eb vitin 2013. P\u00ebr 24 or\u00eb u pushuan t\u00eb gjith\u00eb ata q\u00eb punuan p\u00ebr mua, deri dhe te kuzhinieri - FjALA e LIR\u00cb - Arkivi<\/title>\n<meta name=\"robots\" content=\"index, follow, max-snippet:-1, max-image-preview:large, max-video-preview:-1\" \/>\n<link rel=\"canonical\" href=\"https:\/\/fjala.info\/2009-2015\/topi-e-pranon-javen-tjeter-takoj-oketen-per-kalimin-ne-frd\/\" \/>\n<meta property=\"og:locale\" content=\"sq_AL\" \/>\n<meta property=\"og:type\" content=\"article\" \/>\n<meta property=\"og:title\" content=\"Topi: Jam p\u00ebr rotacion n\u00eb vitin 2013. P\u00ebr 24 or\u00eb u pushuan t\u00eb gjith\u00eb ata q\u00eb punuan p\u00ebr mua, deri dhe te kuzhinieri - FjALA e LIR\u00cb - Arkivi\" \/>\n<meta property=\"og:description\" content=\"TemA, 26 Korrik 2012 (E PLOTESUAR) &#8211; Ish- presidenti thot\u00eb se Berisha tentoi t\u00eb dredhonte n\u00eb vitin 2007, kur Topi do garonte p\u00ebr president. Topi tha se ftohja me Berish\u00ebn nisi n\u00eb vitin 2005. Ai tha se jav\u00ebn q\u00eb vjen do takoj\u00eb Gazmend Oket\u00ebn p\u00ebr t\u00eb vendosur p\u00ebr rolin e tij n\u00eb politik\u00eb dhe FRD [&hellip;]\" \/>\n<meta property=\"og:url\" content=\"https:\/\/fjala.info\/2009-2015\/topi-e-pranon-javen-tjeter-takoj-oketen-per-kalimin-ne-frd\/\" \/>\n<meta property=\"og:site_name\" content=\"FjALA e LIR\u00cb - Arkivi\" \/>\n<meta property=\"article:published_time\" content=\"2012-07-26T20:52:25+00:00\" \/>\n<meta property=\"og:image\" content=\"http:\/\/www.fjala.info\/2012\/topi_balla.jpg\" \/>\n<meta name=\"author\" content=\"admin\" \/>\n<meta name=\"twitter:card\" content=\"summary_large_image\" \/>\n<meta name=\"twitter:label1\" content=\"Written by\" \/>\n\t<meta name=\"twitter:data1\" content=\"admin\" \/>\n\t<meta name=\"twitter:label2\" content=\"Est. reading time\" \/>\n\t<meta name=\"twitter:data2\" content=\"7 minutes\" \/>\n<script type=\"application\/ld+json\" class=\"yoast-schema-graph\">{\"@context\":\"https:\\\/\\\/schema.org\",\"@graph\":[{\"@type\":\"Article\",\"@id\":\"https:\\\/\\\/fjala.info\\\/2009-2015\\\/topi-e-pranon-javen-tjeter-takoj-oketen-per-kalimin-ne-frd\\\/#article\",\"isPartOf\":{\"@id\":\"https:\\\/\\\/fjala.info\\\/2009-2015\\\/topi-e-pranon-javen-tjeter-takoj-oketen-per-kalimin-ne-frd\\\/\"},\"author\":{\"name\":\"admin\",\"@id\":\"https:\\\/\\\/fjala.info\\\/2009-2015\\\/#\\\/schema\\\/person\\\/3aa1163ef05469c496fc94e77611ada2\"},\"headline\":\"Topi: Jam p\u00ebr rotacion n\u00eb vitin 2013. P\u00ebr 24 or\u00eb u pushuan t\u00eb gjith\u00eb ata q\u00eb punuan p\u00ebr mua, deri dhe te kuzhinieri\",\"datePublished\":\"2012-07-26T20:52:25+00:00\",\"mainEntityOfPage\":{\"@id\":\"https:\\\/\\\/fjala.info\\\/2009-2015\\\/topi-e-pranon-javen-tjeter-takoj-oketen-per-kalimin-ne-frd\\\/\"},\"wordCount\":1471,\"commentCount\":0,\"publisher\":{\"@id\":\"https:\\\/\\\/fjala.info\\\/2009-2015\\\/#organization\"},\"image\":{\"@id\":\"https:\\\/\\\/fjala.info\\\/2009-2015\\\/topi-e-pranon-javen-tjeter-takoj-oketen-per-kalimin-ne-frd\\\/#primaryimage\"},\"thumbnailUrl\":\"http:\\\/\\\/www.fjala.info\\\/2012\\\/topi_balla.jpg\",\"articleSection\":[\"Artikuj\"],\"inLanguage\":\"sq-AL\",\"potentialAction\":[{\"@type\":\"CommentAction\",\"name\":\"Comment\",\"target\":[\"https:\\\/\\\/fjala.info\\\/2009-2015\\\/topi-e-pranon-javen-tjeter-takoj-oketen-per-kalimin-ne-frd\\\/#respond\"]}]},{\"@type\":\"WebPage\",\"@id\":\"https:\\\/\\\/fjala.info\\\/2009-2015\\\/topi-e-pranon-javen-tjeter-takoj-oketen-per-kalimin-ne-frd\\\/\",\"url\":\"https:\\\/\\\/fjala.info\\\/2009-2015\\\/topi-e-pranon-javen-tjeter-takoj-oketen-per-kalimin-ne-frd\\\/\",\"name\":\"Topi: Jam p\u00ebr rotacion n\u00eb vitin 2013. P\u00ebr 24 or\u00eb u pushuan t\u00eb gjith\u00eb ata q\u00eb punuan p\u00ebr mua, deri dhe te kuzhinieri - FjALA e LIR\u00cb - Arkivi\",\"isPartOf\":{\"@id\":\"https:\\\/\\\/fjala.info\\\/2009-2015\\\/#website\"},\"primaryImageOfPage\":{\"@id\":\"https:\\\/\\\/fjala.info\\\/2009-2015\\\/topi-e-pranon-javen-tjeter-takoj-oketen-per-kalimin-ne-frd\\\/#primaryimage\"},\"image\":{\"@id\":\"https:\\\/\\\/fjala.info\\\/2009-2015\\\/topi-e-pranon-javen-tjeter-takoj-oketen-per-kalimin-ne-frd\\\/#primaryimage\"},\"thumbnailUrl\":\"http:\\\/\\\/www.fjala.info\\\/2012\\\/topi_balla.jpg\",\"datePublished\":\"2012-07-26T20:52:25+00:00\",\"breadcrumb\":{\"@id\":\"https:\\\/\\\/fjala.info\\\/2009-2015\\\/topi-e-pranon-javen-tjeter-takoj-oketen-per-kalimin-ne-frd\\\/#breadcrumb\"},\"inLanguage\":\"sq-AL\",\"potentialAction\":[{\"@type\":\"ReadAction\",\"target\":[\"https:\\\/\\\/fjala.info\\\/2009-2015\\\/topi-e-pranon-javen-tjeter-takoj-oketen-per-kalimin-ne-frd\\\/\"]}]},{\"@type\":\"ImageObject\",\"inLanguage\":\"sq-AL\",\"@id\":\"https:\\\/\\\/fjala.info\\\/2009-2015\\\/topi-e-pranon-javen-tjeter-takoj-oketen-per-kalimin-ne-frd\\\/#primaryimage\",\"url\":\"http:\\\/\\\/www.fjala.info\\\/2012\\\/topi_balla.jpg\",\"contentUrl\":\"http:\\\/\\\/www.fjala.info\\\/2012\\\/topi_balla.jpg\"},{\"@type\":\"BreadcrumbList\",\"@id\":\"https:\\\/\\\/fjala.info\\\/2009-2015\\\/topi-e-pranon-javen-tjeter-takoj-oketen-per-kalimin-ne-frd\\\/#breadcrumb\",\"itemListElement\":[{\"@type\":\"ListItem\",\"position\":1,\"name\":\"Home\",\"item\":\"https:\\\/\\\/fjala.info\\\/2009-2015\\\/\"},{\"@type\":\"ListItem\",\"position\":2,\"name\":\"Topi: Jam p\u00ebr rotacion n\u00eb vitin 2013. P\u00ebr 24 or\u00eb u pushuan t\u00eb gjith\u00eb ata q\u00eb punuan p\u00ebr mua, deri dhe te kuzhinieri\"}]},{\"@type\":\"WebSite\",\"@id\":\"https:\\\/\\\/fjala.info\\\/2009-2015\\\/#website\",\"url\":\"https:\\\/\\\/fjala.info\\\/2009-2015\\\/\",\"name\":\"FjALA e LIR\u00cb - Arkivi\",\"description\":\"Arkivi 2009-2015\",\"publisher\":{\"@id\":\"https:\\\/\\\/fjala.info\\\/2009-2015\\\/#organization\"},\"potentialAction\":[{\"@type\":\"SearchAction\",\"target\":{\"@type\":\"EntryPoint\",\"urlTemplate\":\"https:\\\/\\\/fjala.info\\\/2009-2015\\\/?s={search_term_string}\"},\"query-input\":{\"@type\":\"PropertyValueSpecification\",\"valueRequired\":true,\"valueName\":\"search_term_string\"}}],\"inLanguage\":\"sq-AL\"},{\"@type\":\"Organization\",\"@id\":\"https:\\\/\\\/fjala.info\\\/2009-2015\\\/#organization\",\"name\":\"FjALA e LIR\u00cb - Arkivi\",\"url\":\"https:\\\/\\\/fjala.info\\\/2009-2015\\\/\",\"logo\":{\"@type\":\"ImageObject\",\"inLanguage\":\"sq-AL\",\"@id\":\"https:\\\/\\\/fjala.info\\\/2009-2015\\\/#\\\/schema\\\/logo\\\/image\\\/\",\"url\":\"\",\"contentUrl\":\"\",\"caption\":\"FjALA e LIR\u00cb - Arkivi\"},\"image\":{\"@id\":\"https:\\\/\\\/fjala.info\\\/2009-2015\\\/#\\\/schema\\\/logo\\\/image\\\/\"}},{\"@type\":\"Person\",\"@id\":\"https:\\\/\\\/fjala.info\\\/2009-2015\\\/#\\\/schema\\\/person\\\/3aa1163ef05469c496fc94e77611ada2\",\"name\":\"admin\",\"image\":{\"@type\":\"ImageObject\",\"inLanguage\":\"sq-AL\",\"@id\":\"https:\\\/\\\/fjala.info\\\/2009-2015\\\/wp-content\\\/uploads\\\/2012\\\/02\\\/arben_cokaj-120x150.jpg\",\"url\":\"https:\\\/\\\/fjala.info\\\/2009-2015\\\/wp-content\\\/uploads\\\/2012\\\/02\\\/arben_cokaj-120x150.jpg\",\"contentUrl\":\"https:\\\/\\\/fjala.info\\\/2009-2015\\\/wp-content\\\/uploads\\\/2012\\\/02\\\/arben_cokaj-120x150.jpg\",\"caption\":\"admin\"},\"description\":\"Admin, Fjala e Lir\u00eb\",\"sameAs\":[\"https:\\\/\\\/fjala.info\\\/\"],\"url\":\"https:\\\/\\\/fjala.info\\\/2009-2015\\\/author\\\/admin\\\/\"}]}<\/script>\n<!-- \/ Yoast SEO plugin. -->","yoast_head_json":{"title":"Topi: Jam p\u00ebr rotacion n\u00eb vitin 2013. P\u00ebr 24 or\u00eb u pushuan t\u00eb gjith\u00eb ata q\u00eb punuan p\u00ebr mua, deri dhe te kuzhinieri - FjALA e LIR\u00cb - Arkivi","robots":{"index":"index","follow":"follow","max-snippet":"max-snippet:-1","max-image-preview":"max-image-preview:large","max-video-preview":"max-video-preview:-1"},"canonical":"https:\/\/fjala.info\/2009-2015\/topi-e-pranon-javen-tjeter-takoj-oketen-per-kalimin-ne-frd\/","og_locale":"sq_AL","og_type":"article","og_title":"Topi: Jam p\u00ebr rotacion n\u00eb vitin 2013. P\u00ebr 24 or\u00eb u pushuan t\u00eb gjith\u00eb ata q\u00eb punuan p\u00ebr mua, deri dhe te kuzhinieri - FjALA e LIR\u00cb - Arkivi","og_description":"TemA, 26 Korrik 2012 (E PLOTESUAR) &#8211; Ish- presidenti thot\u00eb se Berisha tentoi t\u00eb dredhonte n\u00eb vitin 2007, kur Topi do garonte p\u00ebr president. Topi tha se ftohja me Berish\u00ebn nisi n\u00eb vitin 2005. Ai tha se jav\u00ebn q\u00eb vjen do takoj\u00eb Gazmend Oket\u00ebn p\u00ebr t\u00eb vendosur p\u00ebr rolin e tij n\u00eb politik\u00eb dhe FRD [&hellip;]","og_url":"https:\/\/fjala.info\/2009-2015\/topi-e-pranon-javen-tjeter-takoj-oketen-per-kalimin-ne-frd\/","og_site_name":"FjALA e LIR\u00cb - Arkivi","article_published_time":"2012-07-26T20:52:25+00:00","og_image":[{"url":"http:\/\/www.fjala.info\/2012\/topi_balla.jpg","type":"","width":"","height":""}],"author":"admin","twitter_card":"summary_large_image","twitter_misc":{"Written by":"admin","Est. reading time":"7 minutes"},"schema":{"@context":"https:\/\/schema.org","@graph":[{"@type":"Article","@id":"https:\/\/fjala.info\/2009-2015\/topi-e-pranon-javen-tjeter-takoj-oketen-per-kalimin-ne-frd\/#article","isPartOf":{"@id":"https:\/\/fjala.info\/2009-2015\/topi-e-pranon-javen-tjeter-takoj-oketen-per-kalimin-ne-frd\/"},"author":{"name":"admin","@id":"https:\/\/fjala.info\/2009-2015\/#\/schema\/person\/3aa1163ef05469c496fc94e77611ada2"},"headline":"Topi: Jam p\u00ebr rotacion n\u00eb vitin 2013. P\u00ebr 24 or\u00eb u pushuan t\u00eb gjith\u00eb ata q\u00eb punuan p\u00ebr mua, deri dhe te kuzhinieri","datePublished":"2012-07-26T20:52:25+00:00","mainEntityOfPage":{"@id":"https:\/\/fjala.info\/2009-2015\/topi-e-pranon-javen-tjeter-takoj-oketen-per-kalimin-ne-frd\/"},"wordCount":1471,"commentCount":0,"publisher":{"@id":"https:\/\/fjala.info\/2009-2015\/#organization"},"image":{"@id":"https:\/\/fjala.info\/2009-2015\/topi-e-pranon-javen-tjeter-takoj-oketen-per-kalimin-ne-frd\/#primaryimage"},"thumbnailUrl":"http:\/\/www.fjala.info\/2012\/topi_balla.jpg","articleSection":["Artikuj"],"inLanguage":"sq-AL","potentialAction":[{"@type":"CommentAction","name":"Comment","target":["https:\/\/fjala.info\/2009-2015\/topi-e-pranon-javen-tjeter-takoj-oketen-per-kalimin-ne-frd\/#respond"]}]},{"@type":"WebPage","@id":"https:\/\/fjala.info\/2009-2015\/topi-e-pranon-javen-tjeter-takoj-oketen-per-kalimin-ne-frd\/","url":"https:\/\/fjala.info\/2009-2015\/topi-e-pranon-javen-tjeter-takoj-oketen-per-kalimin-ne-frd\/","name":"Topi: Jam p\u00ebr rotacion n\u00eb vitin 2013. P\u00ebr 24 or\u00eb u pushuan t\u00eb gjith\u00eb ata q\u00eb punuan p\u00ebr mua, deri dhe te kuzhinieri - FjALA e LIR\u00cb - Arkivi","isPartOf":{"@id":"https:\/\/fjala.info\/2009-2015\/#website"},"primaryImageOfPage":{"@id":"https:\/\/fjala.info\/2009-2015\/topi-e-pranon-javen-tjeter-takoj-oketen-per-kalimin-ne-frd\/#primaryimage"},"image":{"@id":"https:\/\/fjala.info\/2009-2015\/topi-e-pranon-javen-tjeter-takoj-oketen-per-kalimin-ne-frd\/#primaryimage"},"thumbnailUrl":"http:\/\/www.fjala.info\/2012\/topi_balla.jpg","datePublished":"2012-07-26T20:52:25+00:00","breadcrumb":{"@id":"https:\/\/fjala.info\/2009-2015\/topi-e-pranon-javen-tjeter-takoj-oketen-per-kalimin-ne-frd\/#breadcrumb"},"inLanguage":"sq-AL","potentialAction":[{"@type":"ReadAction","target":["https:\/\/fjala.info\/2009-2015\/topi-e-pranon-javen-tjeter-takoj-oketen-per-kalimin-ne-frd\/"]}]},{"@type":"ImageObject","inLanguage":"sq-AL","@id":"https:\/\/fjala.info\/2009-2015\/topi-e-pranon-javen-tjeter-takoj-oketen-per-kalimin-ne-frd\/#primaryimage","url":"http:\/\/www.fjala.info\/2012\/topi_balla.jpg","contentUrl":"http:\/\/www.fjala.info\/2012\/topi_balla.jpg"},{"@type":"BreadcrumbList","@id":"https:\/\/fjala.info\/2009-2015\/topi-e-pranon-javen-tjeter-takoj-oketen-per-kalimin-ne-frd\/#breadcrumb","itemListElement":[{"@type":"ListItem","position":1,"name":"Home","item":"https:\/\/fjala.info\/2009-2015\/"},{"@type":"ListItem","position":2,"name":"Topi: Jam p\u00ebr rotacion n\u00eb vitin 2013. P\u00ebr 24 or\u00eb u pushuan t\u00eb gjith\u00eb ata q\u00eb punuan p\u00ebr mua, deri dhe te kuzhinieri"}]},{"@type":"WebSite","@id":"https:\/\/fjala.info\/2009-2015\/#website","url":"https:\/\/fjala.info\/2009-2015\/","name":"FjALA e LIR\u00cb - Arkivi","description":"Arkivi 2009-2015","publisher":{"@id":"https:\/\/fjala.info\/2009-2015\/#organization"},"potentialAction":[{"@type":"SearchAction","target":{"@type":"EntryPoint","urlTemplate":"https:\/\/fjala.info\/2009-2015\/?s={search_term_string}"},"query-input":{"@type":"PropertyValueSpecification","valueRequired":true,"valueName":"search_term_string"}}],"inLanguage":"sq-AL"},{"@type":"Organization","@id":"https:\/\/fjala.info\/2009-2015\/#organization","name":"FjALA e LIR\u00cb - Arkivi","url":"https:\/\/fjala.info\/2009-2015\/","logo":{"@type":"ImageObject","inLanguage":"sq-AL","@id":"https:\/\/fjala.info\/2009-2015\/#\/schema\/logo\/image\/","url":"","contentUrl":"","caption":"FjALA e LIR\u00cb - Arkivi"},"image":{"@id":"https:\/\/fjala.info\/2009-2015\/#\/schema\/logo\/image\/"}},{"@type":"Person","@id":"https:\/\/fjala.info\/2009-2015\/#\/schema\/person\/3aa1163ef05469c496fc94e77611ada2","name":"admin","image":{"@type":"ImageObject","inLanguage":"sq-AL","@id":"https:\/\/fjala.info\/2009-2015\/wp-content\/uploads\/2012\/02\/arben_cokaj-120x150.jpg","url":"https:\/\/fjala.info\/2009-2015\/wp-content\/uploads\/2012\/02\/arben_cokaj-120x150.jpg","contentUrl":"https:\/\/fjala.info\/2009-2015\/wp-content\/uploads\/2012\/02\/arben_cokaj-120x150.jpg","caption":"admin"},"description":"Admin, Fjala e Lir\u00eb","sameAs":["https:\/\/fjala.info\/"],"url":"https:\/\/fjala.info\/2009-2015\/author\/admin\/"}]}},"_links":{"self":[{"href":"https:\/\/fjala.info\/2009-2015\/wp-json\/wp\/v2\/posts\/11980","targetHints":{"allow":["GET"]}}],"collection":[{"href":"https:\/\/fjala.info\/2009-2015\/wp-json\/wp\/v2\/posts"}],"about":[{"href":"https:\/\/fjala.info\/2009-2015\/wp-json\/wp\/v2\/types\/post"}],"author":[{"embeddable":true,"href":"https:\/\/fjala.info\/2009-2015\/wp-json\/wp\/v2\/users\/1"}],"replies":[{"embeddable":true,"href":"https:\/\/fjala.info\/2009-2015\/wp-json\/wp\/v2\/comments?post=11980"}],"version-history":[{"count":0,"href":"https:\/\/fjala.info\/2009-2015\/wp-json\/wp\/v2\/posts\/11980\/revisions"}],"wp:attachment":[{"href":"https:\/\/fjala.info\/2009-2015\/wp-json\/wp\/v2\/media?parent=11980"}],"wp:term":[{"taxonomy":"category","embeddable":true,"href":"https:\/\/fjala.info\/2009-2015\/wp-json\/wp\/v2\/categories?post=11980"},{"taxonomy":"post_tag","embeddable":true,"href":"https:\/\/fjala.info\/2009-2015\/wp-json\/wp\/v2\/tags?post=11980"}],"curies":[{"name":"wp","href":"https:\/\/api.w.org\/{rel}","templated":true}]}}