{"id":11979,"date":"2012-07-26T21:48:26","date_gmt":"2012-07-26T20:48:26","guid":{"rendered":"http:\/\/www.fjala.info\/?p=4063"},"modified":"2012-07-26T21:48:26","modified_gmt":"2012-07-26T20:48:26","slug":"nga-de-rada-te-ali-podrimja","status":"publish","type":"post","link":"https:\/\/fjala.info\/2009-2015\/nga-de-rada-te-ali-podrimja\/","title":{"rendered":"Nga De Rada te Ali Podrimja"},"content":{"rendered":"<p><img decoding=\"async\" class=\"alignright size-thumbnail wp-image-7236\" title=\"Pre\u00e7 Zogaj\" src=\"http:\/\/www.fjala.info\/2012\/prec_zogaj.jpg\" alt=\"\" width=\"150\" \/> Analize Nga <strong>PRE\u00c7 ZOGAJ<\/strong><\/p>\n<p>Midis poetit, poetit arberesh t\u00eb shekullit t\u00eb n\u00ebnt\u00ebmbedhjet\u00eb dhe poetit kosovar t\u00eb shekullit t\u00eb nj\u00ebzet jan\u00eb rreth dy shekuj distanc\u00eb kohore; dy shekuj histori let\u00ebrsie me gjith\u00eb p\u00ebrparimin dhe evoluimin q\u00eb ka p\u00ebsuar edhe n\u00eb gjuh\u00ebn shqipe mbret\u00ebresha e arteve n\u00eb pikamje t\u00eb larmis\u00eb tematike, form\u00ebs, muzikalitetit, mjeteve shpreh\u00ebse. Por ka dy gj\u00ebra ku koha duket se ka ngelur n\u00eb vend p\u00ebr k\u00ebta dy poet\u00eb komb\u00ebtar\u00eb dhe p\u00ebr t\u00eb tjer\u00eb si ata. E para \u00ebsht\u00eb dashuria gjer n\u00eb dhimbje p\u00ebr atdheun, e shprehur n\u00eb form\u00ebn m\u00eb t\u00eb lart\u00eb dhe m\u00eb sublime t\u00eb p\u00ebrkushtimit intelektual e shpirt\u00ebror.<\/p>\n<p>E dyta, p\u00ebr fat t\u00eb keq, m\u00eb duhet se \u00ebsht\u00eb varf\u00ebria. Kjo \u00ebsht\u00eb ngjash\u00ebmria m\u00eb prek\u00ebse, m\u00eb trondit\u00ebse. Prej shum\u00eb koh\u00ebsh, q\u00ebkurse muza filloi t\u00eb k\u00ebndonte edhe n\u00eb gjuh\u00ebn ton\u00eb, poet\u00ebt m\u00eb t\u00eb mir\u00eb shqiptar\u00eb, me disa p\u00ebrjashtime, vdesin n\u00eb d\u00ebshp\u00ebprimin e varf\u00ebris\u00eb dhe braktisjes apo edhe n\u00eb mjerim. Jo n\u00eb at\u00eb mjerimin figurativ t\u00eb shterrimit t\u00eb fuqive, por n\u00eb mjerimin e v\u00ebrtet\u00eb dhe ul\u00ebrit\u00ebs t\u00eb xhepit bosh. Ky nuk \u00ebsht\u00eb fati i shkruar i poetit, si\u00e7 predikohet nganj\u00ebher\u00eb. \u00cbsht\u00eb fati i imponuar.<\/p>\n<p>Jet\u00ebshkrimi dhe jet\u00ebkallzimi i De Rad\u00ebs p\u00ebrfundon gjithnj\u00eb me paragrafin e hidhur se ai vdiq n\u00eb mjerim, n\u00eb nj\u00eb sht\u00ebpi t\u00eb ftoht\u00eb pa zjarr dhe pa buk\u00eb. K\u00ebshtu e kemi m\u00ebsuar qysh n\u00eb shkoll\u00eb. Nuk njohim nj\u00eb fund tjet\u00ebr p\u00ebr atdhetarin e madh dhe poetin e par\u00eb komb\u00ebtar q\u00eb e \u00e7oi poezin\u00eb shqipe n\u00eb koncertin e poezis\u00eb bashkohore europiane. Madje disa sh\u00ebnime q\u00eb ngjajn\u00eb si gojedh\u00ebna na kan\u00eb len\u00eb n\u00eb kujtes\u00eb detajin se atij iu gjend n\u00eb xhep nj\u00eb sardele e thar\u00eb.<\/p>\n<p>Ma merr mendja se fundi i Ali Podrim\u00ebs, dramatik dhe simbolik me aq sa dim\u00eb deri tani, por q\u00eb mund t\u00eb na ket\u00eb rezervuar t\u00eb befta prek\u00ebse n\u00eb enigm\u00ebn e saj, nuk mund t\u00eb vishet me cohen e mjerushme t\u00eb holl\u00ebsive q\u00eb vin\u00eb nga larg\u00ebsia shekullore e vdekjes s\u00eb de Rad\u00ebs. Podrimja ka jetuar m\u00eb mund\u00ebsi t\u00eb tjera gjithsesi. Por nuk mund t\u00eb harroj nj\u00eb episod nga panairi i librit i vjesht\u00ebs s\u00eb kaluar n\u00eb Tiran\u00eb. E pash\u00eb Aliun n\u00eb trotuarin para Pallatit t\u00eb Kongreseve ku ishte hapur panairi.<\/p>\n<p>Po vinte rrotull paksa i hutuar. Sapo m\u00eb vuri re, m\u00eb tha: \u201cPre\u00e7, m\u00eb trego, bre, si shkohet prej k\u00ebtu n\u00eb Kosov\u00eb\u201d? P\u00ebr nj\u00eb \u00e7ast e mora si nj\u00eb trill poeti at\u00eb q\u00eb po m\u00eb thoshte, por pastaj m\u00eb sqaroi se donte t\u00eb kthehej n\u00eb Prishtin\u00eb, donte t\u00eb dinte a kishte autubuz\u00eb, ku niseshin, kur niseshin. Nuk kishte dijeni p\u00ebr k\u00ebto gj\u00ebra pasi n\u00eb ardhje e kishte sjell\u00eb n\u00eb Tiran\u00eb me makin\u00eb nj\u00eb miku i tij. Mua m\u2019u duk absurde, e pap\u00ebrtypshme q\u00eb autori i madh i v\u00ebllimit \u201cLum Lumi\u201d, ai q\u00eb kishte sh\u00ebnuar me ritmin, muzik\u00ebn dhe rrjedh\u00ebn prej katarakti nj\u00eb stad t\u00eb ri t\u00eb poezis\u00eb shqipe, po k\u00ebrkonte furgon, apo autobus p\u00ebr t\u2019u kthyer n\u00eb Prishtin\u00eb nd\u00ebrkoh\u00eb q\u00eb nj\u00eb lum\u00eb i pambaruar veturash shkonte e vinte at\u00eb \u00e7ast n\u00eb bulevardin \u201cD\u00ebshmor\u00ebt e kombit\u201d dhe n\u00eb rrug\u00ebn e Kombit gjithashtu.<\/p>\n<p>Q\u00eb nj\u00eb poet si Ali Podrimja ndoshta nuk dinte ta ngiste makin\u00eb, pra nuk kishte p\u00ebr k\u00ebt\u00eb shkak nj\u00eb makin\u00eb t\u00eb veten, kjo nuk ishte ndonj\u00eb gj\u00eb p\u00ebr t\u2019u habitur. Por q\u00eb nuk kishte nj\u00eb organizim q\u00eb t\u00eb siguronte nj\u00eb udh\u00ebtim komod dhe dinjitoz t\u00eb poetit m\u00eb t\u00eb njohur kosovar n\u00eb Shqip\u00ebri dhe n\u00eb bot\u00eb, kjo m\u2019u duk e papranushme, p\u00ebr t\u00eb mos th\u00ebn\u00eb skandaloze, sikurse m\u00eb vuri n\u00eb mendime fakti se ai nuk po k\u00ebrkonte t\u00eb udh\u00ebtonte me avion me shpenzimet e veta. M\u2019u kujtua sakaq nj\u00eb poezi prekes\u00eb e Fatos Arapit p\u00ebr varf\u00ebrin\u00eb e poet\u00ebve t\u00eb koh\u00ebs son\u00eb, shkruar pak vite m\u00eb par\u00eb, ku p\u00ebrmendeshin me em\u00ebr Ali Podrimja dhe Xhevahir Spahiu. \u201cT\u00eb varf\u00ebr t\u00eb dy\u201d, shkruant\u00eb Arapi.<\/p>\n<p>Para se t\u00eb mbyllej n\u00eb vetmin\u00eb e tij, p\u00ebr t\u2019ju ngjitur i vet\u00ebm kull\u00ebs s\u00eb qet\u00ebsis\u00eb, Fatos Arapi mbante lidhje t\u00eb ngushta me Podrim\u00ebn dhe patjet\u00ebr q\u00eb e njihte edhe gjendjen e tij ekonomike. Kjo poezi m\u00eb ngre mornica edhe tani dhe m\u00eb shtyn n\u00eb p\u00ebrfytyrime shum\u00eb t\u00eb trishta p\u00ebr vdekjen pa d\u00ebshmitar\u00eb t\u00eb Ali Podrim\u00ebs n\u00eb jug t\u00eb Franc\u00ebs, p\u00ebrfytyrime t\u00eb cilat asnj\u00eb autopsi nuk mund t\u2019i provoj\u00eb. Dhwnt\u00eb zoti t\u00eb mos provohen as nga ndonj\u00eb detaj i vdekjes s\u00eb tij, q\u00eb do t\u00eb na e tregonte edhe m\u00eb holl\u00eb se de Rad\u00ebn. At\u00ebher\u00eb koshienca e k\u00ebtij kombi andej dhe k\u00ebndej kufirit, m\u00eb sakt\u00eb koshienca e elitave drejtuese t\u00eb k\u00ebtij kombi andej dhe k\u00ebndej kufirit do t\u00eb duhet t\u00eb p\u00ebrballen me pendimin dhe reflektimin p\u00ebr vdekjen k\u00ebshtu t\u00eb poetit Ali Podrimja.<\/p>\n<p>Gjithsesi, nj\u00eb reflektim i ri p\u00ebr statusin dhe gjendjen e poet\u00ebve nuk ka nevoj\u00eb p\u00ebr fakte t\u00eb tjera trondit\u00ebs\u00eb. Poet\u00ebt, kjo elitw e elit\u00ebs, q\u00eb nuk mund t\u00eb jetojn\u00eb me krijimtarin\u00eb e tyre si\u00e7 jetojn\u00eb nj\u00eb kategori tjet\u00ebr artist\u00ebsh, q\u00eb udh\u00ebheqin hyjnisht udh\u00ebtimin e arteve me frym\u00ebn e krijimtaris\u00eb s\u00eb tyre dhe sh\u00ebnojn\u00eb koh\u00ebn q\u00eb mbetet prapa me vepr\u00ebn e tyre, duhet t\u00eb respektohen m\u00eb shum\u00eb. Pavar\u00ebsisht se poet\u00ebt jan\u00eb njer\u00ebz t\u00eb lir\u00eb e t\u00eb pan\u00ebshtruesh\u00ebm, armiq natyral\u00eb t\u00eb konformizmit, pra nuk e kan\u00eb qejf p\u00ebrkujdesjen dhe e p\u00ebrbuzin m\u00ebshir\u00ebn, un\u00eb mendoj se Ministria e Kultur\u00ebs duhet t\u00eb ket\u00eb gjithnj\u00eb informacion se si jetojn\u00eb poet\u00ebt m\u00eb t\u00eb mir\u00eb t\u00eb vendit.<\/p>\n<p>Dhe t\u2019i ndihmoj\u00eb ata q\u00eb kan\u00eb nevoj\u00eb dhe pranojn\u00eb ndihm\u00ebn, brenda mund\u00ebsive t\u00eb shumta q\u00eb ka shteti. Mecenati \u00ebsht\u00eb i vjet\u00ebr sa vet\u00eb arti. N\u00eb t\u00ebr\u00ebsi mecenati nuk i bie ndesh liris\u00eb dhe liria nuk i paguan haraq mecenatit. N\u00eb t\u00eb kund\u00ebrt\u00ebn do ta refuzonte. G\u00ebtja \u00ebsht\u00eb shembulli klasik n\u00eb k\u00ebt\u00eb aspekt. Por edhe n\u00eb Shqip\u00ebri kemi shembuj. Drit\u00ebrio Agolli m\u00eb tregonte nj\u00ebher\u00eb p\u00ebr nj\u00eb let\u00ebr q\u00eb Lasgush Poradeci ia kishte d\u00ebrguar atij si kryetar i Lidhjes se Shkrimtar\u00ebve ku i shtronte disa halle t\u00eb karakterit ekonomik. Ajo mb\u00ebshtejte q\u00eb iu dha Lasgushit, sado modeste, nuk iu dha me ndonj\u00eb kusht.<\/p>\n<p>Un\u00eb njoh poet\u00eb shqitar\u00eb shum\u00eb t\u00eb talentuar, autor\u00eb t\u00eb nj\u00eb numri t\u00eb madh veprash me vler\u00eb, q\u00eb jetojn\u00eb n\u00eb kufinjt\u00eb e mbijetes\u00ebs. Etika m\u00eb ndalon t\u2019i them tani emrat e tyre. Po p\u00ebrmend vet\u00ebm nj\u00eb shembull dom\u00ebth\u00ebn\u00ebs, q\u00eb ka t\u00eb b\u00ebj\u00eb me respektin. Poeti i madh Fatos Arapi \u00ebsht\u00eb t\u00ebrhequr n\u00eb vetmin\u00eb e tij jo vet\u00ebm se vetmia \u00ebsht\u00eb fati natyral i shkrimtarit, por edhe sepse kjo i \u00ebsht\u00eb imponuar nga indiferenca antiintelektuale, antiartistike dhe antinj\u00ebr\u00ebsore e zyrtar\u00ebve t\u00eb shtetit shqiptar p\u00ebr k\u00ebrkesat q\u00eb ai ka parashtruar zyrtarisht p\u00ebr kthimin e pronave. Qoft\u00eb sa m\u00eb e larg\u00ebt dita e lamtumir\u00ebs s\u00eb k\u00ebtij poeti, por do t\u00eb ishte cinike t\u00eb mbulohej me ditirambe nga ata q\u00eb nuk kan\u00eb denjuar t\u2019i kthejn\u00eb p\u00ebrgjigje me respektin dhe venerimin e lart\u00eb q\u00eb meriton poeti. \u00cbsht\u00eb mir\u00eb kur zyrtar\u00ebt flasin me nderim p\u00ebr poet\u00ebt, por nderimi duhet treguar \u00e7do dit\u00eb, jo vet\u00ebm kur vdesin.<\/p>\n<p>(Shkrimi u botua sot ne Shqiptarja.com)<br \/>\n(sg\/shqiptarja.com)<\/p>\n","protected":false},"excerpt":{"rendered":"<p>Analize Nga PRE\u00c7 ZOGAJ Midis poetit, poetit arberesh t\u00eb shekullit t\u00eb n\u00ebnt\u00ebmbedhjet\u00eb dhe poetit kosovar t\u00eb shekullit t\u00eb nj\u00ebzet jan\u00eb rreth dy shekuj distanc\u00eb kohore; dy shekuj histori let\u00ebrsie me gjith\u00eb p\u00ebrparimin dhe evoluimin q\u00eb ka p\u00ebsuar edhe n\u00eb gjuh\u00ebn shqipe mbret\u00ebresha e arteve n\u00eb pikamje t\u00eb larmis\u00eb tematike, form\u00ebs, muzikalitetit, mjeteve shpreh\u00ebse. Por ka [&hellip;]<\/p>\n","protected":false},"author":1,"featured_media":0,"comment_status":"open","ping_status":"closed","sticky":false,"template":"","format":"standard","meta":{"footnotes":""},"categories":[2,7],"tags":[],"class_list":{"0":"post-11979","1":"post","2":"type-post","3":"status-publish","4":"format-standard","6":"category-artikuj","7":"category-letersi"},"yoast_head":"<!-- This site is optimized with the Yoast SEO plugin v27.4 - https:\/\/yoast.com\/product\/yoast-seo-wordpress\/ -->\n<title>Nga De Rada te Ali Podrimja - FjALA e LIR\u00cb - Arkivi<\/title>\n<meta name=\"robots\" content=\"index, follow, max-snippet:-1, max-image-preview:large, max-video-preview:-1\" \/>\n<link rel=\"canonical\" href=\"https:\/\/fjala.info\/2009-2015\/nga-de-rada-te-ali-podrimja\/\" \/>\n<meta property=\"og:locale\" content=\"sq_AL\" \/>\n<meta property=\"og:type\" content=\"article\" \/>\n<meta property=\"og:title\" content=\"Nga De Rada te Ali Podrimja - FjALA e LIR\u00cb - Arkivi\" \/>\n<meta property=\"og:description\" content=\"Analize Nga PRE\u00c7 ZOGAJ Midis poetit, poetit arberesh t\u00eb shekullit t\u00eb n\u00ebnt\u00ebmbedhjet\u00eb dhe poetit kosovar t\u00eb shekullit t\u00eb nj\u00ebzet jan\u00eb rreth dy shekuj distanc\u00eb kohore; dy shekuj histori let\u00ebrsie me gjith\u00eb p\u00ebrparimin dhe evoluimin q\u00eb ka p\u00ebsuar edhe n\u00eb gjuh\u00ebn shqipe mbret\u00ebresha e arteve n\u00eb pikamje t\u00eb larmis\u00eb tematike, form\u00ebs, muzikalitetit, mjeteve shpreh\u00ebse. Por ka [&hellip;]\" \/>\n<meta property=\"og:url\" content=\"https:\/\/fjala.info\/2009-2015\/nga-de-rada-te-ali-podrimja\/\" \/>\n<meta property=\"og:site_name\" content=\"FjALA e LIR\u00cb - Arkivi\" \/>\n<meta property=\"article:published_time\" content=\"2012-07-26T20:48:26+00:00\" \/>\n<meta property=\"og:image\" content=\"http:\/\/www.fjala.info\/2012\/prec_zogaj.jpg\" \/>\n<meta name=\"author\" content=\"admin\" \/>\n<meta name=\"twitter:card\" content=\"summary_large_image\" \/>\n<meta name=\"twitter:label1\" content=\"Written by\" \/>\n\t<meta name=\"twitter:data1\" content=\"admin\" \/>\n\t<meta name=\"twitter:label2\" content=\"Est. reading time\" \/>\n\t<meta name=\"twitter:data2\" content=\"7 minutes\" \/>\n<script type=\"application\/ld+json\" class=\"yoast-schema-graph\">{\"@context\":\"https:\\\/\\\/schema.org\",\"@graph\":[{\"@type\":\"Article\",\"@id\":\"https:\\\/\\\/fjala.info\\\/2009-2015\\\/nga-de-rada-te-ali-podrimja\\\/#article\",\"isPartOf\":{\"@id\":\"https:\\\/\\\/fjala.info\\\/2009-2015\\\/nga-de-rada-te-ali-podrimja\\\/\"},\"author\":{\"name\":\"admin\",\"@id\":\"https:\\\/\\\/fjala.info\\\/2009-2015\\\/#\\\/schema\\\/person\\\/3aa1163ef05469c496fc94e77611ada2\"},\"headline\":\"Nga De Rada te Ali Podrimja\",\"datePublished\":\"2012-07-26T20:48:26+00:00\",\"mainEntityOfPage\":{\"@id\":\"https:\\\/\\\/fjala.info\\\/2009-2015\\\/nga-de-rada-te-ali-podrimja\\\/\"},\"wordCount\":1308,\"commentCount\":0,\"publisher\":{\"@id\":\"https:\\\/\\\/fjala.info\\\/2009-2015\\\/#organization\"},\"image\":{\"@id\":\"https:\\\/\\\/fjala.info\\\/2009-2015\\\/nga-de-rada-te-ali-podrimja\\\/#primaryimage\"},\"thumbnailUrl\":\"http:\\\/\\\/www.fjala.info\\\/2012\\\/prec_zogaj.jpg\",\"articleSection\":[\"Artikuj\",\"Let\u00ebrsi\"],\"inLanguage\":\"sq-AL\",\"potentialAction\":[{\"@type\":\"CommentAction\",\"name\":\"Comment\",\"target\":[\"https:\\\/\\\/fjala.info\\\/2009-2015\\\/nga-de-rada-te-ali-podrimja\\\/#respond\"]}]},{\"@type\":\"WebPage\",\"@id\":\"https:\\\/\\\/fjala.info\\\/2009-2015\\\/nga-de-rada-te-ali-podrimja\\\/\",\"url\":\"https:\\\/\\\/fjala.info\\\/2009-2015\\\/nga-de-rada-te-ali-podrimja\\\/\",\"name\":\"Nga De Rada te Ali Podrimja - FjALA e LIR\u00cb - Arkivi\",\"isPartOf\":{\"@id\":\"https:\\\/\\\/fjala.info\\\/2009-2015\\\/#website\"},\"primaryImageOfPage\":{\"@id\":\"https:\\\/\\\/fjala.info\\\/2009-2015\\\/nga-de-rada-te-ali-podrimja\\\/#primaryimage\"},\"image\":{\"@id\":\"https:\\\/\\\/fjala.info\\\/2009-2015\\\/nga-de-rada-te-ali-podrimja\\\/#primaryimage\"},\"thumbnailUrl\":\"http:\\\/\\\/www.fjala.info\\\/2012\\\/prec_zogaj.jpg\",\"datePublished\":\"2012-07-26T20:48:26+00:00\",\"breadcrumb\":{\"@id\":\"https:\\\/\\\/fjala.info\\\/2009-2015\\\/nga-de-rada-te-ali-podrimja\\\/#breadcrumb\"},\"inLanguage\":\"sq-AL\",\"potentialAction\":[{\"@type\":\"ReadAction\",\"target\":[\"https:\\\/\\\/fjala.info\\\/2009-2015\\\/nga-de-rada-te-ali-podrimja\\\/\"]}]},{\"@type\":\"ImageObject\",\"inLanguage\":\"sq-AL\",\"@id\":\"https:\\\/\\\/fjala.info\\\/2009-2015\\\/nga-de-rada-te-ali-podrimja\\\/#primaryimage\",\"url\":\"http:\\\/\\\/www.fjala.info\\\/2012\\\/prec_zogaj.jpg\",\"contentUrl\":\"http:\\\/\\\/www.fjala.info\\\/2012\\\/prec_zogaj.jpg\"},{\"@type\":\"BreadcrumbList\",\"@id\":\"https:\\\/\\\/fjala.info\\\/2009-2015\\\/nga-de-rada-te-ali-podrimja\\\/#breadcrumb\",\"itemListElement\":[{\"@type\":\"ListItem\",\"position\":1,\"name\":\"Home\",\"item\":\"https:\\\/\\\/fjala.info\\\/2009-2015\\\/\"},{\"@type\":\"ListItem\",\"position\":2,\"name\":\"Nga De Rada te Ali Podrimja\"}]},{\"@type\":\"WebSite\",\"@id\":\"https:\\\/\\\/fjala.info\\\/2009-2015\\\/#website\",\"url\":\"https:\\\/\\\/fjala.info\\\/2009-2015\\\/\",\"name\":\"FjALA e LIR\u00cb - Arkivi\",\"description\":\"Arkivi 2009-2015\",\"publisher\":{\"@id\":\"https:\\\/\\\/fjala.info\\\/2009-2015\\\/#organization\"},\"potentialAction\":[{\"@type\":\"SearchAction\",\"target\":{\"@type\":\"EntryPoint\",\"urlTemplate\":\"https:\\\/\\\/fjala.info\\\/2009-2015\\\/?s={search_term_string}\"},\"query-input\":{\"@type\":\"PropertyValueSpecification\",\"valueRequired\":true,\"valueName\":\"search_term_string\"}}],\"inLanguage\":\"sq-AL\"},{\"@type\":\"Organization\",\"@id\":\"https:\\\/\\\/fjala.info\\\/2009-2015\\\/#organization\",\"name\":\"FjALA e LIR\u00cb - Arkivi\",\"url\":\"https:\\\/\\\/fjala.info\\\/2009-2015\\\/\",\"logo\":{\"@type\":\"ImageObject\",\"inLanguage\":\"sq-AL\",\"@id\":\"https:\\\/\\\/fjala.info\\\/2009-2015\\\/#\\\/schema\\\/logo\\\/image\\\/\",\"url\":\"\",\"contentUrl\":\"\",\"caption\":\"FjALA e LIR\u00cb - Arkivi\"},\"image\":{\"@id\":\"https:\\\/\\\/fjala.info\\\/2009-2015\\\/#\\\/schema\\\/logo\\\/image\\\/\"}},{\"@type\":\"Person\",\"@id\":\"https:\\\/\\\/fjala.info\\\/2009-2015\\\/#\\\/schema\\\/person\\\/3aa1163ef05469c496fc94e77611ada2\",\"name\":\"admin\",\"image\":{\"@type\":\"ImageObject\",\"inLanguage\":\"sq-AL\",\"@id\":\"https:\\\/\\\/fjala.info\\\/2009-2015\\\/wp-content\\\/uploads\\\/2012\\\/02\\\/arben_cokaj-120x150.jpg\",\"url\":\"https:\\\/\\\/fjala.info\\\/2009-2015\\\/wp-content\\\/uploads\\\/2012\\\/02\\\/arben_cokaj-120x150.jpg\",\"contentUrl\":\"https:\\\/\\\/fjala.info\\\/2009-2015\\\/wp-content\\\/uploads\\\/2012\\\/02\\\/arben_cokaj-120x150.jpg\",\"caption\":\"admin\"},\"description\":\"Admin, Fjala e Lir\u00eb\",\"sameAs\":[\"https:\\\/\\\/fjala.info\\\/\"],\"url\":\"https:\\\/\\\/fjala.info\\\/2009-2015\\\/author\\\/admin\\\/\"}]}<\/script>\n<!-- \/ Yoast SEO plugin. -->","yoast_head_json":{"title":"Nga De Rada te Ali Podrimja - FjALA e LIR\u00cb - Arkivi","robots":{"index":"index","follow":"follow","max-snippet":"max-snippet:-1","max-image-preview":"max-image-preview:large","max-video-preview":"max-video-preview:-1"},"canonical":"https:\/\/fjala.info\/2009-2015\/nga-de-rada-te-ali-podrimja\/","og_locale":"sq_AL","og_type":"article","og_title":"Nga De Rada te Ali Podrimja - FjALA e LIR\u00cb - Arkivi","og_description":"Analize Nga PRE\u00c7 ZOGAJ Midis poetit, poetit arberesh t\u00eb shekullit t\u00eb n\u00ebnt\u00ebmbedhjet\u00eb dhe poetit kosovar t\u00eb shekullit t\u00eb nj\u00ebzet jan\u00eb rreth dy shekuj distanc\u00eb kohore; dy shekuj histori let\u00ebrsie me gjith\u00eb p\u00ebrparimin dhe evoluimin q\u00eb ka p\u00ebsuar edhe n\u00eb gjuh\u00ebn shqipe mbret\u00ebresha e arteve n\u00eb pikamje t\u00eb larmis\u00eb tematike, form\u00ebs, muzikalitetit, mjeteve shpreh\u00ebse. Por ka [&hellip;]","og_url":"https:\/\/fjala.info\/2009-2015\/nga-de-rada-te-ali-podrimja\/","og_site_name":"FjALA e LIR\u00cb - Arkivi","article_published_time":"2012-07-26T20:48:26+00:00","og_image":[{"url":"http:\/\/www.fjala.info\/2012\/prec_zogaj.jpg","type":"","width":"","height":""}],"author":"admin","twitter_card":"summary_large_image","twitter_misc":{"Written by":"admin","Est. reading time":"7 minutes"},"schema":{"@context":"https:\/\/schema.org","@graph":[{"@type":"Article","@id":"https:\/\/fjala.info\/2009-2015\/nga-de-rada-te-ali-podrimja\/#article","isPartOf":{"@id":"https:\/\/fjala.info\/2009-2015\/nga-de-rada-te-ali-podrimja\/"},"author":{"name":"admin","@id":"https:\/\/fjala.info\/2009-2015\/#\/schema\/person\/3aa1163ef05469c496fc94e77611ada2"},"headline":"Nga De Rada te Ali Podrimja","datePublished":"2012-07-26T20:48:26+00:00","mainEntityOfPage":{"@id":"https:\/\/fjala.info\/2009-2015\/nga-de-rada-te-ali-podrimja\/"},"wordCount":1308,"commentCount":0,"publisher":{"@id":"https:\/\/fjala.info\/2009-2015\/#organization"},"image":{"@id":"https:\/\/fjala.info\/2009-2015\/nga-de-rada-te-ali-podrimja\/#primaryimage"},"thumbnailUrl":"http:\/\/www.fjala.info\/2012\/prec_zogaj.jpg","articleSection":["Artikuj","Let\u00ebrsi"],"inLanguage":"sq-AL","potentialAction":[{"@type":"CommentAction","name":"Comment","target":["https:\/\/fjala.info\/2009-2015\/nga-de-rada-te-ali-podrimja\/#respond"]}]},{"@type":"WebPage","@id":"https:\/\/fjala.info\/2009-2015\/nga-de-rada-te-ali-podrimja\/","url":"https:\/\/fjala.info\/2009-2015\/nga-de-rada-te-ali-podrimja\/","name":"Nga De Rada te Ali Podrimja - FjALA e LIR\u00cb - Arkivi","isPartOf":{"@id":"https:\/\/fjala.info\/2009-2015\/#website"},"primaryImageOfPage":{"@id":"https:\/\/fjala.info\/2009-2015\/nga-de-rada-te-ali-podrimja\/#primaryimage"},"image":{"@id":"https:\/\/fjala.info\/2009-2015\/nga-de-rada-te-ali-podrimja\/#primaryimage"},"thumbnailUrl":"http:\/\/www.fjala.info\/2012\/prec_zogaj.jpg","datePublished":"2012-07-26T20:48:26+00:00","breadcrumb":{"@id":"https:\/\/fjala.info\/2009-2015\/nga-de-rada-te-ali-podrimja\/#breadcrumb"},"inLanguage":"sq-AL","potentialAction":[{"@type":"ReadAction","target":["https:\/\/fjala.info\/2009-2015\/nga-de-rada-te-ali-podrimja\/"]}]},{"@type":"ImageObject","inLanguage":"sq-AL","@id":"https:\/\/fjala.info\/2009-2015\/nga-de-rada-te-ali-podrimja\/#primaryimage","url":"http:\/\/www.fjala.info\/2012\/prec_zogaj.jpg","contentUrl":"http:\/\/www.fjala.info\/2012\/prec_zogaj.jpg"},{"@type":"BreadcrumbList","@id":"https:\/\/fjala.info\/2009-2015\/nga-de-rada-te-ali-podrimja\/#breadcrumb","itemListElement":[{"@type":"ListItem","position":1,"name":"Home","item":"https:\/\/fjala.info\/2009-2015\/"},{"@type":"ListItem","position":2,"name":"Nga De Rada te Ali Podrimja"}]},{"@type":"WebSite","@id":"https:\/\/fjala.info\/2009-2015\/#website","url":"https:\/\/fjala.info\/2009-2015\/","name":"FjALA e LIR\u00cb - Arkivi","description":"Arkivi 2009-2015","publisher":{"@id":"https:\/\/fjala.info\/2009-2015\/#organization"},"potentialAction":[{"@type":"SearchAction","target":{"@type":"EntryPoint","urlTemplate":"https:\/\/fjala.info\/2009-2015\/?s={search_term_string}"},"query-input":{"@type":"PropertyValueSpecification","valueRequired":true,"valueName":"search_term_string"}}],"inLanguage":"sq-AL"},{"@type":"Organization","@id":"https:\/\/fjala.info\/2009-2015\/#organization","name":"FjALA e LIR\u00cb - Arkivi","url":"https:\/\/fjala.info\/2009-2015\/","logo":{"@type":"ImageObject","inLanguage":"sq-AL","@id":"https:\/\/fjala.info\/2009-2015\/#\/schema\/logo\/image\/","url":"","contentUrl":"","caption":"FjALA e LIR\u00cb - Arkivi"},"image":{"@id":"https:\/\/fjala.info\/2009-2015\/#\/schema\/logo\/image\/"}},{"@type":"Person","@id":"https:\/\/fjala.info\/2009-2015\/#\/schema\/person\/3aa1163ef05469c496fc94e77611ada2","name":"admin","image":{"@type":"ImageObject","inLanguage":"sq-AL","@id":"https:\/\/fjala.info\/2009-2015\/wp-content\/uploads\/2012\/02\/arben_cokaj-120x150.jpg","url":"https:\/\/fjala.info\/2009-2015\/wp-content\/uploads\/2012\/02\/arben_cokaj-120x150.jpg","contentUrl":"https:\/\/fjala.info\/2009-2015\/wp-content\/uploads\/2012\/02\/arben_cokaj-120x150.jpg","caption":"admin"},"description":"Admin, Fjala e Lir\u00eb","sameAs":["https:\/\/fjala.info\/"],"url":"https:\/\/fjala.info\/2009-2015\/author\/admin\/"}]}},"_links":{"self":[{"href":"https:\/\/fjala.info\/2009-2015\/wp-json\/wp\/v2\/posts\/11979","targetHints":{"allow":["GET"]}}],"collection":[{"href":"https:\/\/fjala.info\/2009-2015\/wp-json\/wp\/v2\/posts"}],"about":[{"href":"https:\/\/fjala.info\/2009-2015\/wp-json\/wp\/v2\/types\/post"}],"author":[{"embeddable":true,"href":"https:\/\/fjala.info\/2009-2015\/wp-json\/wp\/v2\/users\/1"}],"replies":[{"embeddable":true,"href":"https:\/\/fjala.info\/2009-2015\/wp-json\/wp\/v2\/comments?post=11979"}],"version-history":[{"count":0,"href":"https:\/\/fjala.info\/2009-2015\/wp-json\/wp\/v2\/posts\/11979\/revisions"}],"wp:attachment":[{"href":"https:\/\/fjala.info\/2009-2015\/wp-json\/wp\/v2\/media?parent=11979"}],"wp:term":[{"taxonomy":"category","embeddable":true,"href":"https:\/\/fjala.info\/2009-2015\/wp-json\/wp\/v2\/categories?post=11979"},{"taxonomy":"post_tag","embeddable":true,"href":"https:\/\/fjala.info\/2009-2015\/wp-json\/wp\/v2\/tags?post=11979"}],"curies":[{"name":"wp","href":"https:\/\/api.w.org\/{rel}","templated":true}]}}