{"id":11978,"date":"2012-07-26T14:44:02","date_gmt":"2012-07-26T13:44:02","guid":{"rendered":"http:\/\/www.fjala.info\/?p=4057"},"modified":"2012-07-26T14:44:02","modified_gmt":"2012-07-26T13:44:02","slug":"erion-brace-flet-per-te-majtet-e-te-djathtet-e-lotarise-i-pashe-te-lumtur-dje","status":"publish","type":"post","link":"https:\/\/fjala.info\/2009-2015\/erion-brace-flet-per-te-majtet-e-te-djathtet-e-lotarise-i-pashe-te-lumtur-dje\/","title":{"rendered":"Erion Bra\u00e7e flet p\u00ebr \u2018t\u00eb majt\u00ebt e t\u00eb djatht\u00ebt\u2019 e Lotaris\u00eb: I pash\u00eb t\u00eb lumtur dje"},"content":{"rendered":"<p><img decoding=\"async\" class=\"alignright size-thumbnail wp-image-7236\" title=\"Lotaria komb\u00ebtare\" src=\"http:\/\/www.fjala.info\/2012\/lotaria_kombetare.jpg\" alt=\"\" width=\"300\" \/> <strong>ResPublica.al<\/strong>, <em>26 korrik 2012<\/em><\/p>\n<p>Erjon Bra\u00e7e, m\u00eb aktivi nd\u00ebr deputet\u00ebt e opozit\u00ebs, ndoshta m\u00eb i z\u00ebshmi n\u00eb politik\u00ebn shqiptare pas Sali Berish\u00ebs, duket se ka ca pak\u00ebnaq\u00ebsi p\u00ebr \u201cheshtjen dhe inkoherenc\u00ebn\u201d e PS-s\u00eb lidhur me korrupsionin e qeveris\u00eb s\u00eb sotme. N\u00eb profilin e tij n\u00eb facebook, ai fokusohet tek dy afera t\u00eb m\u00ebdha, dhe denoncimin e detajuar e finalizon n\u00eb t\u00eb dy rastet me shprehejn: Por u hesht e jo p\u00ebr faj t\u00eb Gramoz Ru\u00e7it (\u00ebsht\u00eb interesant kujdesi p\u00ebr ta mbajtur t\u00eb distancuar Ru\u00e7in nga p\u00ebrgjegj\u00ebsia; por nuk shpjegohet lidhur me k\u00ebt\u00eb).<\/p>\n<p>Por pjesa m\u00eb interesante e sh\u00ebnimit t\u00eb gjat\u00eb q\u00eb ai ka l\u00ebn\u00eb n\u00eb facebook \u00ebsht\u00eb ajo q\u00eb ka t\u00eb b\u00ebj\u00eb me Lotarin\u00eb Komb\u00ebtare t\u00eb marr\u00eb nga nj\u00eb kompani austriake. Dhe n\u00eb k\u00ebt\u00eb mes, ka nj\u00eb n\u00ebnvizim, q\u00eb gjithashtu nuk \u00ebsht\u00eb ndri\u00e7uar deri n\u00eb fund: \u201cN\u00ebnkontraktuesit shqiptar\u00eb t\u00eb k\u00ebtij \u2018favori 100 milion\u00eb eurosh\u2019, me lidhje t\u00eb forta n\u00eb politik\u00eb, djathtas por edhe majtas, dje ishin n\u00eb lumturi t\u00eb plot\u00eb\u201d. \u00cbsht\u00eb momenti q\u00eb provokon interes e kureshtje p\u00ebr t\u00eb marr\u00eb vesh se p\u00ebr cil\u00ebt \u00ebsht\u00eb fjala, por Bra\u00e7e e l\u00eb me kaq. Vet\u00ebm se ka merak t\u00eb sqaroj\u00eb ndoca vet\u00eb brenda opozit\u00ebs, q\u00eb kan\u00eb z\u00ebn\u00eb ta luftojn\u00eb me iden\u00eb e nj\u00eb axhende personale t\u00eb tij; dhe prandaj, pas \u00e7do denoncimi, b\u00ebn pyetjen: M\u00eb thoni, betej\u00eb e axhend\u00eb personale \u00ebsht\u00eb kjo?<\/p>\n<p><strong>Re.Pu<\/strong>.<\/p>\n","protected":false},"excerpt":{"rendered":"<p>ResPublica.al, 26 korrik 2012 Erjon Bra\u00e7e, m\u00eb aktivi nd\u00ebr deputet\u00ebt e opozit\u00ebs, ndoshta m\u00eb i z\u00ebshmi n\u00eb politik\u00ebn shqiptare pas Sali Berish\u00ebs, duket se ka ca pak\u00ebnaq\u00ebsi p\u00ebr \u201cheshtjen dhe inkoherenc\u00ebn\u201d e PS-s\u00eb lidhur me korrupsionin e qeveris\u00eb s\u00eb sotme. N\u00eb profilin e tij n\u00eb facebook, ai fokusohet tek dy afera t\u00eb m\u00ebdha, dhe denoncimin [&hellip;]<\/p>\n","protected":false},"author":1,"featured_media":0,"comment_status":"open","ping_status":"closed","sticky":false,"template":"","format":"standard","meta":{"footnotes":""},"categories":[2],"tags":[],"class_list":{"0":"post-11978","1":"post","2":"type-post","3":"status-publish","4":"format-standard","6":"category-artikuj"},"yoast_head":"<!-- This site is optimized with the Yoast SEO plugin v27.4 - https:\/\/yoast.com\/product\/yoast-seo-wordpress\/ -->\n<title>Erion Bra\u00e7e flet p\u00ebr \u2018t\u00eb majt\u00ebt e t\u00eb djatht\u00ebt\u2019 e Lotaris\u00eb: I pash\u00eb t\u00eb lumtur dje - FjALA e LIR\u00cb - Arkivi<\/title>\n<meta name=\"robots\" content=\"index, follow, max-snippet:-1, max-image-preview:large, max-video-preview:-1\" \/>\n<link rel=\"canonical\" href=\"https:\/\/fjala.info\/2009-2015\/erion-brace-flet-per-te-majtet-e-te-djathtet-e-lotarise-i-pashe-te-lumtur-dje\/\" \/>\n<meta property=\"og:locale\" content=\"sq_AL\" \/>\n<meta property=\"og:type\" content=\"article\" \/>\n<meta property=\"og:title\" content=\"Erion Bra\u00e7e flet p\u00ebr \u2018t\u00eb majt\u00ebt e t\u00eb djatht\u00ebt\u2019 e Lotaris\u00eb: I pash\u00eb t\u00eb lumtur dje - FjALA e LIR\u00cb - Arkivi\" \/>\n<meta property=\"og:description\" content=\"ResPublica.al, 26 korrik 2012 Erjon Bra\u00e7e, m\u00eb aktivi nd\u00ebr deputet\u00ebt e opozit\u00ebs, ndoshta m\u00eb i z\u00ebshmi n\u00eb politik\u00ebn shqiptare pas Sali Berish\u00ebs, duket se ka ca pak\u00ebnaq\u00ebsi p\u00ebr \u201cheshtjen dhe inkoherenc\u00ebn\u201d e PS-s\u00eb lidhur me korrupsionin e qeveris\u00eb s\u00eb sotme. N\u00eb profilin e tij n\u00eb facebook, ai fokusohet tek dy afera t\u00eb m\u00ebdha, dhe denoncimin [&hellip;]\" \/>\n<meta property=\"og:url\" content=\"https:\/\/fjala.info\/2009-2015\/erion-brace-flet-per-te-majtet-e-te-djathtet-e-lotarise-i-pashe-te-lumtur-dje\/\" \/>\n<meta property=\"og:site_name\" content=\"FjALA e LIR\u00cb - Arkivi\" \/>\n<meta property=\"article:published_time\" content=\"2012-07-26T13:44:02+00:00\" \/>\n<meta property=\"og:image\" content=\"http:\/\/www.fjala.info\/2012\/lotaria_kombetare.jpg\" \/>\n<meta name=\"author\" content=\"admin\" \/>\n<meta name=\"twitter:card\" content=\"summary_large_image\" \/>\n<meta name=\"twitter:label1\" content=\"Written by\" \/>\n\t<meta name=\"twitter:data1\" content=\"admin\" \/>\n\t<meta name=\"twitter:label2\" content=\"Est. reading time\" \/>\n\t<meta name=\"twitter:data2\" content=\"1 minute\" \/>\n<script type=\"application\/ld+json\" class=\"yoast-schema-graph\">{\"@context\":\"https:\\\/\\\/schema.org\",\"@graph\":[{\"@type\":\"Article\",\"@id\":\"https:\\\/\\\/fjala.info\\\/2009-2015\\\/erion-brace-flet-per-te-majtet-e-te-djathtet-e-lotarise-i-pashe-te-lumtur-dje\\\/#article\",\"isPartOf\":{\"@id\":\"https:\\\/\\\/fjala.info\\\/2009-2015\\\/erion-brace-flet-per-te-majtet-e-te-djathtet-e-lotarise-i-pashe-te-lumtur-dje\\\/\"},\"author\":{\"name\":\"admin\",\"@id\":\"https:\\\/\\\/fjala.info\\\/2009-2015\\\/#\\\/schema\\\/person\\\/3aa1163ef05469c496fc94e77611ada2\"},\"headline\":\"Erion Bra\u00e7e flet p\u00ebr \u2018t\u00eb majt\u00ebt e t\u00eb djatht\u00ebt\u2019 e Lotaris\u00eb: I pash\u00eb t\u00eb lumtur dje\",\"datePublished\":\"2012-07-26T13:44:02+00:00\",\"mainEntityOfPage\":{\"@id\":\"https:\\\/\\\/fjala.info\\\/2009-2015\\\/erion-brace-flet-per-te-majtet-e-te-djathtet-e-lotarise-i-pashe-te-lumtur-dje\\\/\"},\"wordCount\":276,\"commentCount\":0,\"publisher\":{\"@id\":\"https:\\\/\\\/fjala.info\\\/2009-2015\\\/#organization\"},\"image\":{\"@id\":\"https:\\\/\\\/fjala.info\\\/2009-2015\\\/erion-brace-flet-per-te-majtet-e-te-djathtet-e-lotarise-i-pashe-te-lumtur-dje\\\/#primaryimage\"},\"thumbnailUrl\":\"http:\\\/\\\/www.fjala.info\\\/2012\\\/lotaria_kombetare.jpg\",\"articleSection\":[\"Artikuj\"],\"inLanguage\":\"sq-AL\",\"potentialAction\":[{\"@type\":\"CommentAction\",\"name\":\"Comment\",\"target\":[\"https:\\\/\\\/fjala.info\\\/2009-2015\\\/erion-brace-flet-per-te-majtet-e-te-djathtet-e-lotarise-i-pashe-te-lumtur-dje\\\/#respond\"]}]},{\"@type\":\"WebPage\",\"@id\":\"https:\\\/\\\/fjala.info\\\/2009-2015\\\/erion-brace-flet-per-te-majtet-e-te-djathtet-e-lotarise-i-pashe-te-lumtur-dje\\\/\",\"url\":\"https:\\\/\\\/fjala.info\\\/2009-2015\\\/erion-brace-flet-per-te-majtet-e-te-djathtet-e-lotarise-i-pashe-te-lumtur-dje\\\/\",\"name\":\"Erion Bra\u00e7e flet p\u00ebr \u2018t\u00eb majt\u00ebt e t\u00eb djatht\u00ebt\u2019 e Lotaris\u00eb: I pash\u00eb t\u00eb lumtur dje - FjALA e LIR\u00cb - Arkivi\",\"isPartOf\":{\"@id\":\"https:\\\/\\\/fjala.info\\\/2009-2015\\\/#website\"},\"primaryImageOfPage\":{\"@id\":\"https:\\\/\\\/fjala.info\\\/2009-2015\\\/erion-brace-flet-per-te-majtet-e-te-djathtet-e-lotarise-i-pashe-te-lumtur-dje\\\/#primaryimage\"},\"image\":{\"@id\":\"https:\\\/\\\/fjala.info\\\/2009-2015\\\/erion-brace-flet-per-te-majtet-e-te-djathtet-e-lotarise-i-pashe-te-lumtur-dje\\\/#primaryimage\"},\"thumbnailUrl\":\"http:\\\/\\\/www.fjala.info\\\/2012\\\/lotaria_kombetare.jpg\",\"datePublished\":\"2012-07-26T13:44:02+00:00\",\"breadcrumb\":{\"@id\":\"https:\\\/\\\/fjala.info\\\/2009-2015\\\/erion-brace-flet-per-te-majtet-e-te-djathtet-e-lotarise-i-pashe-te-lumtur-dje\\\/#breadcrumb\"},\"inLanguage\":\"sq-AL\",\"potentialAction\":[{\"@type\":\"ReadAction\",\"target\":[\"https:\\\/\\\/fjala.info\\\/2009-2015\\\/erion-brace-flet-per-te-majtet-e-te-djathtet-e-lotarise-i-pashe-te-lumtur-dje\\\/\"]}]},{\"@type\":\"ImageObject\",\"inLanguage\":\"sq-AL\",\"@id\":\"https:\\\/\\\/fjala.info\\\/2009-2015\\\/erion-brace-flet-per-te-majtet-e-te-djathtet-e-lotarise-i-pashe-te-lumtur-dje\\\/#primaryimage\",\"url\":\"http:\\\/\\\/www.fjala.info\\\/2012\\\/lotaria_kombetare.jpg\",\"contentUrl\":\"http:\\\/\\\/www.fjala.info\\\/2012\\\/lotaria_kombetare.jpg\"},{\"@type\":\"BreadcrumbList\",\"@id\":\"https:\\\/\\\/fjala.info\\\/2009-2015\\\/erion-brace-flet-per-te-majtet-e-te-djathtet-e-lotarise-i-pashe-te-lumtur-dje\\\/#breadcrumb\",\"itemListElement\":[{\"@type\":\"ListItem\",\"position\":1,\"name\":\"Home\",\"item\":\"https:\\\/\\\/fjala.info\\\/2009-2015\\\/\"},{\"@type\":\"ListItem\",\"position\":2,\"name\":\"Erion Bra\u00e7e flet p\u00ebr \u2018t\u00eb majt\u00ebt e t\u00eb djatht\u00ebt\u2019 e Lotaris\u00eb: I pash\u00eb t\u00eb lumtur dje\"}]},{\"@type\":\"WebSite\",\"@id\":\"https:\\\/\\\/fjala.info\\\/2009-2015\\\/#website\",\"url\":\"https:\\\/\\\/fjala.info\\\/2009-2015\\\/\",\"name\":\"FjALA e LIR\u00cb - Arkivi\",\"description\":\"Arkivi 2009-2015\",\"publisher\":{\"@id\":\"https:\\\/\\\/fjala.info\\\/2009-2015\\\/#organization\"},\"potentialAction\":[{\"@type\":\"SearchAction\",\"target\":{\"@type\":\"EntryPoint\",\"urlTemplate\":\"https:\\\/\\\/fjala.info\\\/2009-2015\\\/?s={search_term_string}\"},\"query-input\":{\"@type\":\"PropertyValueSpecification\",\"valueRequired\":true,\"valueName\":\"search_term_string\"}}],\"inLanguage\":\"sq-AL\"},{\"@type\":\"Organization\",\"@id\":\"https:\\\/\\\/fjala.info\\\/2009-2015\\\/#organization\",\"name\":\"FjALA e LIR\u00cb - Arkivi\",\"url\":\"https:\\\/\\\/fjala.info\\\/2009-2015\\\/\",\"logo\":{\"@type\":\"ImageObject\",\"inLanguage\":\"sq-AL\",\"@id\":\"https:\\\/\\\/fjala.info\\\/2009-2015\\\/#\\\/schema\\\/logo\\\/image\\\/\",\"url\":\"\",\"contentUrl\":\"\",\"caption\":\"FjALA e LIR\u00cb - Arkivi\"},\"image\":{\"@id\":\"https:\\\/\\\/fjala.info\\\/2009-2015\\\/#\\\/schema\\\/logo\\\/image\\\/\"}},{\"@type\":\"Person\",\"@id\":\"https:\\\/\\\/fjala.info\\\/2009-2015\\\/#\\\/schema\\\/person\\\/3aa1163ef05469c496fc94e77611ada2\",\"name\":\"admin\",\"image\":{\"@type\":\"ImageObject\",\"inLanguage\":\"sq-AL\",\"@id\":\"https:\\\/\\\/fjala.info\\\/2009-2015\\\/wp-content\\\/uploads\\\/2012\\\/02\\\/arben_cokaj-120x150.jpg\",\"url\":\"https:\\\/\\\/fjala.info\\\/2009-2015\\\/wp-content\\\/uploads\\\/2012\\\/02\\\/arben_cokaj-120x150.jpg\",\"contentUrl\":\"https:\\\/\\\/fjala.info\\\/2009-2015\\\/wp-content\\\/uploads\\\/2012\\\/02\\\/arben_cokaj-120x150.jpg\",\"caption\":\"admin\"},\"description\":\"Admin, Fjala e Lir\u00eb\",\"sameAs\":[\"https:\\\/\\\/fjala.info\\\/\"],\"url\":\"https:\\\/\\\/fjala.info\\\/2009-2015\\\/author\\\/admin\\\/\"}]}<\/script>\n<!-- \/ Yoast SEO plugin. -->","yoast_head_json":{"title":"Erion Bra\u00e7e flet p\u00ebr \u2018t\u00eb majt\u00ebt e t\u00eb djatht\u00ebt\u2019 e Lotaris\u00eb: I pash\u00eb t\u00eb lumtur dje - FjALA e LIR\u00cb - Arkivi","robots":{"index":"index","follow":"follow","max-snippet":"max-snippet:-1","max-image-preview":"max-image-preview:large","max-video-preview":"max-video-preview:-1"},"canonical":"https:\/\/fjala.info\/2009-2015\/erion-brace-flet-per-te-majtet-e-te-djathtet-e-lotarise-i-pashe-te-lumtur-dje\/","og_locale":"sq_AL","og_type":"article","og_title":"Erion Bra\u00e7e flet p\u00ebr \u2018t\u00eb majt\u00ebt e t\u00eb djatht\u00ebt\u2019 e Lotaris\u00eb: I pash\u00eb t\u00eb lumtur dje - FjALA e LIR\u00cb - Arkivi","og_description":"ResPublica.al, 26 korrik 2012 Erjon Bra\u00e7e, m\u00eb aktivi nd\u00ebr deputet\u00ebt e opozit\u00ebs, ndoshta m\u00eb i z\u00ebshmi n\u00eb politik\u00ebn shqiptare pas Sali Berish\u00ebs, duket se ka ca pak\u00ebnaq\u00ebsi p\u00ebr \u201cheshtjen dhe inkoherenc\u00ebn\u201d e PS-s\u00eb lidhur me korrupsionin e qeveris\u00eb s\u00eb sotme. N\u00eb profilin e tij n\u00eb facebook, ai fokusohet tek dy afera t\u00eb m\u00ebdha, dhe denoncimin [&hellip;]","og_url":"https:\/\/fjala.info\/2009-2015\/erion-brace-flet-per-te-majtet-e-te-djathtet-e-lotarise-i-pashe-te-lumtur-dje\/","og_site_name":"FjALA e LIR\u00cb - Arkivi","article_published_time":"2012-07-26T13:44:02+00:00","og_image":[{"url":"http:\/\/www.fjala.info\/2012\/lotaria_kombetare.jpg","type":"","width":"","height":""}],"author":"admin","twitter_card":"summary_large_image","twitter_misc":{"Written by":"admin","Est. reading time":"1 minute"},"schema":{"@context":"https:\/\/schema.org","@graph":[{"@type":"Article","@id":"https:\/\/fjala.info\/2009-2015\/erion-brace-flet-per-te-majtet-e-te-djathtet-e-lotarise-i-pashe-te-lumtur-dje\/#article","isPartOf":{"@id":"https:\/\/fjala.info\/2009-2015\/erion-brace-flet-per-te-majtet-e-te-djathtet-e-lotarise-i-pashe-te-lumtur-dje\/"},"author":{"name":"admin","@id":"https:\/\/fjala.info\/2009-2015\/#\/schema\/person\/3aa1163ef05469c496fc94e77611ada2"},"headline":"Erion Bra\u00e7e flet p\u00ebr \u2018t\u00eb majt\u00ebt e t\u00eb djatht\u00ebt\u2019 e Lotaris\u00eb: I pash\u00eb t\u00eb lumtur dje","datePublished":"2012-07-26T13:44:02+00:00","mainEntityOfPage":{"@id":"https:\/\/fjala.info\/2009-2015\/erion-brace-flet-per-te-majtet-e-te-djathtet-e-lotarise-i-pashe-te-lumtur-dje\/"},"wordCount":276,"commentCount":0,"publisher":{"@id":"https:\/\/fjala.info\/2009-2015\/#organization"},"image":{"@id":"https:\/\/fjala.info\/2009-2015\/erion-brace-flet-per-te-majtet-e-te-djathtet-e-lotarise-i-pashe-te-lumtur-dje\/#primaryimage"},"thumbnailUrl":"http:\/\/www.fjala.info\/2012\/lotaria_kombetare.jpg","articleSection":["Artikuj"],"inLanguage":"sq-AL","potentialAction":[{"@type":"CommentAction","name":"Comment","target":["https:\/\/fjala.info\/2009-2015\/erion-brace-flet-per-te-majtet-e-te-djathtet-e-lotarise-i-pashe-te-lumtur-dje\/#respond"]}]},{"@type":"WebPage","@id":"https:\/\/fjala.info\/2009-2015\/erion-brace-flet-per-te-majtet-e-te-djathtet-e-lotarise-i-pashe-te-lumtur-dje\/","url":"https:\/\/fjala.info\/2009-2015\/erion-brace-flet-per-te-majtet-e-te-djathtet-e-lotarise-i-pashe-te-lumtur-dje\/","name":"Erion Bra\u00e7e flet p\u00ebr \u2018t\u00eb majt\u00ebt e t\u00eb djatht\u00ebt\u2019 e Lotaris\u00eb: I pash\u00eb t\u00eb lumtur dje - FjALA e LIR\u00cb - Arkivi","isPartOf":{"@id":"https:\/\/fjala.info\/2009-2015\/#website"},"primaryImageOfPage":{"@id":"https:\/\/fjala.info\/2009-2015\/erion-brace-flet-per-te-majtet-e-te-djathtet-e-lotarise-i-pashe-te-lumtur-dje\/#primaryimage"},"image":{"@id":"https:\/\/fjala.info\/2009-2015\/erion-brace-flet-per-te-majtet-e-te-djathtet-e-lotarise-i-pashe-te-lumtur-dje\/#primaryimage"},"thumbnailUrl":"http:\/\/www.fjala.info\/2012\/lotaria_kombetare.jpg","datePublished":"2012-07-26T13:44:02+00:00","breadcrumb":{"@id":"https:\/\/fjala.info\/2009-2015\/erion-brace-flet-per-te-majtet-e-te-djathtet-e-lotarise-i-pashe-te-lumtur-dje\/#breadcrumb"},"inLanguage":"sq-AL","potentialAction":[{"@type":"ReadAction","target":["https:\/\/fjala.info\/2009-2015\/erion-brace-flet-per-te-majtet-e-te-djathtet-e-lotarise-i-pashe-te-lumtur-dje\/"]}]},{"@type":"ImageObject","inLanguage":"sq-AL","@id":"https:\/\/fjala.info\/2009-2015\/erion-brace-flet-per-te-majtet-e-te-djathtet-e-lotarise-i-pashe-te-lumtur-dje\/#primaryimage","url":"http:\/\/www.fjala.info\/2012\/lotaria_kombetare.jpg","contentUrl":"http:\/\/www.fjala.info\/2012\/lotaria_kombetare.jpg"},{"@type":"BreadcrumbList","@id":"https:\/\/fjala.info\/2009-2015\/erion-brace-flet-per-te-majtet-e-te-djathtet-e-lotarise-i-pashe-te-lumtur-dje\/#breadcrumb","itemListElement":[{"@type":"ListItem","position":1,"name":"Home","item":"https:\/\/fjala.info\/2009-2015\/"},{"@type":"ListItem","position":2,"name":"Erion Bra\u00e7e flet p\u00ebr \u2018t\u00eb majt\u00ebt e t\u00eb djatht\u00ebt\u2019 e Lotaris\u00eb: I pash\u00eb t\u00eb lumtur dje"}]},{"@type":"WebSite","@id":"https:\/\/fjala.info\/2009-2015\/#website","url":"https:\/\/fjala.info\/2009-2015\/","name":"FjALA e LIR\u00cb - Arkivi","description":"Arkivi 2009-2015","publisher":{"@id":"https:\/\/fjala.info\/2009-2015\/#organization"},"potentialAction":[{"@type":"SearchAction","target":{"@type":"EntryPoint","urlTemplate":"https:\/\/fjala.info\/2009-2015\/?s={search_term_string}"},"query-input":{"@type":"PropertyValueSpecification","valueRequired":true,"valueName":"search_term_string"}}],"inLanguage":"sq-AL"},{"@type":"Organization","@id":"https:\/\/fjala.info\/2009-2015\/#organization","name":"FjALA e LIR\u00cb - Arkivi","url":"https:\/\/fjala.info\/2009-2015\/","logo":{"@type":"ImageObject","inLanguage":"sq-AL","@id":"https:\/\/fjala.info\/2009-2015\/#\/schema\/logo\/image\/","url":"","contentUrl":"","caption":"FjALA e LIR\u00cb - Arkivi"},"image":{"@id":"https:\/\/fjala.info\/2009-2015\/#\/schema\/logo\/image\/"}},{"@type":"Person","@id":"https:\/\/fjala.info\/2009-2015\/#\/schema\/person\/3aa1163ef05469c496fc94e77611ada2","name":"admin","image":{"@type":"ImageObject","inLanguage":"sq-AL","@id":"https:\/\/fjala.info\/2009-2015\/wp-content\/uploads\/2012\/02\/arben_cokaj-120x150.jpg","url":"https:\/\/fjala.info\/2009-2015\/wp-content\/uploads\/2012\/02\/arben_cokaj-120x150.jpg","contentUrl":"https:\/\/fjala.info\/2009-2015\/wp-content\/uploads\/2012\/02\/arben_cokaj-120x150.jpg","caption":"admin"},"description":"Admin, Fjala e Lir\u00eb","sameAs":["https:\/\/fjala.info\/"],"url":"https:\/\/fjala.info\/2009-2015\/author\/admin\/"}]}},"_links":{"self":[{"href":"https:\/\/fjala.info\/2009-2015\/wp-json\/wp\/v2\/posts\/11978","targetHints":{"allow":["GET"]}}],"collection":[{"href":"https:\/\/fjala.info\/2009-2015\/wp-json\/wp\/v2\/posts"}],"about":[{"href":"https:\/\/fjala.info\/2009-2015\/wp-json\/wp\/v2\/types\/post"}],"author":[{"embeddable":true,"href":"https:\/\/fjala.info\/2009-2015\/wp-json\/wp\/v2\/users\/1"}],"replies":[{"embeddable":true,"href":"https:\/\/fjala.info\/2009-2015\/wp-json\/wp\/v2\/comments?post=11978"}],"version-history":[{"count":0,"href":"https:\/\/fjala.info\/2009-2015\/wp-json\/wp\/v2\/posts\/11978\/revisions"}],"wp:attachment":[{"href":"https:\/\/fjala.info\/2009-2015\/wp-json\/wp\/v2\/media?parent=11978"}],"wp:term":[{"taxonomy":"category","embeddable":true,"href":"https:\/\/fjala.info\/2009-2015\/wp-json\/wp\/v2\/categories?post=11978"},{"taxonomy":"post_tag","embeddable":true,"href":"https:\/\/fjala.info\/2009-2015\/wp-json\/wp\/v2\/tags?post=11978"}],"curies":[{"name":"wp","href":"https:\/\/api.w.org\/{rel}","templated":true}]}}