{"id":11977,"date":"2012-07-26T09:11:14","date_gmt":"2012-07-26T08:11:14","guid":{"rendered":"http:\/\/www.fjala.info\/?p=4039"},"modified":"2012-07-26T09:11:14","modified_gmt":"2012-07-26T08:11:14","slug":"shoqata-pavaresia-permbylli-me-sukses-te-vecante-aktivitetin-ne-gjashte-mujorin-e-pare-per-vitin-2012","status":"publish","type":"post","link":"https:\/\/fjala.info\/2009-2015\/shoqata-pavaresia-permbylli-me-sukses-te-vecante-aktivitetin-ne-gjashte-mujorin-e-pare-per-vitin-2012\/","title":{"rendered":"Shoqata Pavar\u00ebsia permbylli me sukses te ve\u00e7ant\u00eb aktivitetin ne gjasht\u00eb mujorin e par\u00eb p\u00ebr vitin 2012"},"content":{"rendered":"<p><img decoding=\"async\" class=\"alignleft size-thumbnail wp-image-7236\" title=\"Gani Gashi\" src=\"http:\/\/www.fjala.info\/2012\/gani_gashi.jpg\" alt=\"\" width=\"200\" \/> Nga <strong>Gani Gashi<\/strong><\/p>\n<p>Shoqata Shqiptare Gjermane Pavar\u00ebsia e Shtutgartit n\u00eb mbledhjen e mbajtur me 15.07. 2012,<br \/>\np\u00ebrve\u00e7 tjerash shqyrtoi edhe aktivitetet e veta p\u00ebr gjasht\u00eb mujorin e par\u00eb t\u00eb k\u00ebtij viti dhe analizoi planprogramin p\u00ebr periudhen ne vijim.<\/p>\n<p>Mledhja u kryesua nga kryetari zot\u00ebri Fahredin Shala, i cili tha se prioriteti i k\u00ebsaj Shoqate \u00ebsht\u00eb funksionimi i te gjitha seksioneve te cilat jan\u00eb t\u00eb p\u00ebrfshira me statusin e Shoqat\u00ebs. Pasi q\u00eb kryetari Shala u shpreh i k\u00ebnaqur rreth rezultateve t\u00eb k\u00ebsaj Shoqate e cila ne m\u00ebnyr\u00eb permanente ka shfaqur programe kultoro-artistike nga vet\u00eb rinia shqiptare t\u00eb cil\u00ebt jan\u00eb antar\u00eb t\u00eb rregullt t\u00eb Shoqat\u00ebs dhe bashk\u00ebpunimi i prind\u00ebrve meriton \u00e7do respekt.<\/p>\n<p style=\"text-align: center;\"><img decoding=\"async\" class=\"aligncenter size-thumbnail wp-image-7236\" title=\"\u201cAnsamblit Pavar\u00ebsia\u201c n\u00eb Fellbach\" src=\"http:\/\/www.fjala.info\/2012\/ansambli_pavaresia_fellbach.jpg\" alt=\"\" width=\"450\" \/><strong>Kjo foto d\u00ebshmon aktivitetin e \u201cAnsamblit Pavar\u00ebsia\u201c n\u00eb Fellbach<\/strong><\/p>\n<p>Kjo Shoqat\u00eb ka prezantuar shum\u00eb koncerte ne Stuttgart dhe rrethin\u00eb, duke filluar nga festat tona komb\u00ebtare e nd\u00ebrkomb\u00ebtar e deri t\u00eb festa internacionale siq ishte Strassenfest ne pjes\u00ebn veriore t\u00eb Stuttgartit, e cila v\u00ebrtet\u00eb e mahniti publikun gjerman, publikun ton\u00eb dhe t\u00eb gjitha nacionalitetet tjara te Stuttgartit mu ne korrik t\u00eb k\u00ebtij viti. Vlen\u00eb t\u00eb potencohet se n\u00eb k\u00ebt\u00eb fest\u00eb muaren pjes\u00eb edhe dy m\u00ebsuese t\u00eb m\u00ebsimit plot\u00ebsues t\u00eb gjuh\u00ebs shqipe m\u00eb nx\u00ebn\u00ebsit e tyre, Sofije Sopa dhe Miradije Gashi.<\/p>\n<p style=\"text-align: center;\"><img decoding=\"async\" class=\"aligncenter size-thumbnail wp-image-7236\" title=\"Shoq\u00ebron m\u00ebsuesja e shkoll\u00ebs shqipe zonja Gashi\" src=\"http:\/\/www.fjala.info\/2012\/ansambli_pavaresia_fellbach1.jpg\" alt=\"\" width=\"450\" \/><strong>K\u00ebtu shoq\u00ebron vall\u00ebzueset dhe m\u00ebsuesja e shkoll\u00ebs shqipe zonja Gashi<\/strong><\/p>\n<p style=\"text-align: center;\"><img decoding=\"async\" class=\"aligncenter size-thumbnail wp-image-7236\" title=\"M\u00ebsuesja e shkoll\u00ebs shqipe me valltaret\" src=\"http:\/\/www.fjala.info\/2012\/ansambli_pavaresia_fellbach2.jpg\" alt=\"\" width=\"450\" \/><strong>M\u00ebsuesja me disa vall\u00ebzuese m\u00eb te dalluara t\u00eb ansamblit<\/strong><\/p>\n<p style=\"text-align: center;\"><img decoding=\"async\" class=\"aligncenter size-thumbnail wp-image-7236\" title=\"Kordinatori i \u201cShoqat\u00ebs Pavar\u00ebsia\u201c, Stuttgart\" src=\"http:\/\/www.fjala.info\/2012\/shoqata_pavaresia_stuttgart.jpg\" alt=\"\" width=\"450\" \/><strong>N\u00eb mes publikut duket dhe kordinatori i \u201cShoqat\u00ebs Pavar\u00ebsia\u201c t\u00eb Stuttgartit<\/strong><\/p>\n<p>M\u00eb pastaj fjal\u00ebn e muar dhe kordinatori i Shoqat\u00ebs zot\u00ebri Baki Mustafa, i cili n\u00eb vazhdim njoftoi t\u00eb pranishmit p\u00ebr prezentimin e ansamblit t\u00eb k\u00ebng\u00ebve dhe valleve n\u00eb t\u00eb cil\u00ebn ky ansambel gjate periudhes s\u00eb kaluar gjasht\u00eb mujore ka b\u00ebr\u00eb prezentimin e kultures son\u00eb Komb\u00ebtare n\u00eb t\u00ebr\u00eb Stuttgartin dhe m\u00eb gj\u00ebr\u00eb, ai n\u00eb vazhdim tha se vetem ne dy javet e fundit n\u00eb kuader t\u00eb kultur\u00ebs \u201cAnsmbli Pavar\u00ebsia\u201c ka promovuar programin kulturor n\u00eb gjasht\u00eb takime te cilat kan\u00eb qen\u00eb t\u00eb organizuara nga Instucionet Gjermane. N\u00eb k\u00ebto takime \u201cAnsambli Pavar\u00ebsia\u201d \u00ebsht\u00eb pritur me emocione t\u00eb veqanta nga publiku. Baki Mustafa ne vazhdim tha se Shoqata Pavar\u00ebsia nga Qershori i vitit 2011 \u00ebsht\u00eb regjistruar n\u00eb organet gjermane kurse nga Janari i k\u00ebtij viti \u00ebsht\u00eb regjistruar edhe n\u00eb Forumin e Shoqatave t\u00eb cilat veprojn\u00eb n\u00eb Shtutgart me rrethin\u00eb.<\/p>\n<p style=\"text-align: center;\"><img decoding=\"async\" class=\"aligncenter size-thumbnail wp-image-7236\" title=\"Kordinatori i \u201cShoqat\u00ebs Pavar\u00ebsia\u201c, Stuttgart\" src=\"http:\/\/www.fjala.info\/2012\/shoqata_pavaresia_stuttgart1.jpg\" alt=\"\" width=\"450\" \/><strong>Kordinatori me grupin e pun\u00ebs se Shoqates Pavaresia<\/strong><\/p>\n<p style=\"text-align: center;\"><img decoding=\"async\" class=\"aligncenter size-thumbnail wp-image-7236\" title=\"Ansambli Pavar\u00ebsia koncert n\u00eb Stuttgart-Nord\" src=\"http:\/\/www.fjala.info\/2012\/ansambli_pavaresia_stuttgart_nord.jpg\" alt=\"\" width=\"450\" \/><strong>Ansambli Pavar\u00ebsia duke shfaqur koncertin e tyre ne festen e Stuttgart-Nordit<\/strong><\/p>\n<p>Korografi Selaidin Shala, potencoi se punet e Ansamblit Pavar\u00ebsia jan\u00eb duke funksionuar shum\u00eb mir\u00eb, pasi q\u00eb numri i f\u00ebmijeve valltar\u00eb \u00ebsht\u00eb n\u00eb rritje e siper, tani do ti kemi ne dispozicion dy salla p\u00ebr ushtrime, d.m.th. ne gjysm\u00ebn e dyt\u00eb t\u00eb vitit 2012, do kemi angazhime edhe m\u00eb t\u00eb m\u00ebdha ku na pret festa e pavar\u00ebsis\u00eb, f\u00ebmijet pas pushimeve verore sigurisht do t\u00eb kthehen m\u00eb t\u00eb fresket dhe duhet t\u00eb fillojm\u00eb m\u00eb ushtrime me nj\u00eb her\u00eb pa humbur koh\u00eb dhe preferoj q\u00eb p\u00ebr paraqitje sa m\u00eb profesionale, valltar\u00ebt duhet t\u00eb paisen edhe me veshje komb\u00ebtare sipas trevave t\u00eb atdheut.<\/p>\n<p>M\u00eb k\u00ebt rast, nga vullneti dhe disponimi i familjar\u00ebve, n\u00eb m\u00ebnyr\u00eb vullnetare ndihmuan Ansamblin, Durak Gashi me 500 \u20ac, Selaidin Shala 100 \u20ac, Ramiz Gashi 100 \u20ac, Shaban Berisha 100 \u20ac, Baki Mustafa 100 \u20ac, Beqir Sopa 100 \u20ac, Bafti Shala 100 \u20ac, dhe Nazmi Llapatinca 100 \u20ac.<\/p>\n<p>Nga kryesia u muar vendim q\u00eb p\u00ebr \u00e7do ndihm\u00eb q\u00eb b\u00ebhet p\u00ebr Shoqaten t\u00eb publikohen ne media. N\u00eb kuader t\u00eb aktiviteteve t\u00eb Shoqates u vendos\u00eb q\u00eb Kryesia e Shoqates t\u00eb zgjerohet me antar\u00eb t\u00eb rinj\u00eb. M\u00eb z\u00ebrin unanim u zgjodhen edhe tre antar\u00eb t\u00eb rinj\u00eb t\u00eb kryesis\u00eb, t\u00eb cil\u00ebt jan\u00eb: Beqir Sopa, Hedije Shala, dhe Bafti Shala, nj\u00ebkosisht\u00eb nga grupi i t\u00eb rinj\u00ebve u zgjodhen n\u00eb kryesi edhe Drenushe Shala, Gentjan Berisha dhe Fatjona Mustafa. Kryesia e Shoqat\u00ebs Pavar\u00ebsia shqyrtoi edhe pergaditjet, p\u00ebr t\u00eb festuar\u00eb 100 vjetorin e Shtetit Shqiptar. Prandej kordinatori i Shoqat\u00ebs Zot\u00ebri Baki Mustafa informoi t\u00eb pranishmit, se qysh\u00eb tani kemi t\u00eb rezervuar Sallen p\u00ebr t\u00eb festuar n\u00eb menyr\u00eb sa m\u00eb madheshtore pavar\u00ebsin\u00eb.<\/p>\n<p>N\u00eb k\u00ebt\u00eb takim u arrit miratimi q\u00eb Ansambli t\u00eb k\u00ebt\u00eb nj\u00eb turne n\u00eb Vjen\u00eb ose Paris n\u00eb kordinim me Ambasadat e Republik\u00ebs s\u00eb Kosov\u00ebs, ku mendohet t\u00eb organizohet n\u00eb fund t\u00eb Shtatorit ose n\u00eb fillim t\u00eb Tetorit. Nga t\u00eb pranishmit u propozua q\u00eb p\u00ebr klubin Fotbullistik Pavar\u00ebsia t\u00eb sigurohen pajisjet Sportive me Logon Pavar\u00ebsia.Takimi p\u00ebrfundoi m\u00eb nj\u00eb porosi: Unitet dhe transparenc\u00eb t\u00eb hapur p\u00ebr t\u00eb gjith\u00eb sepse Shoqata Pavar\u00ebsia \u00ebsht\u00eb e hapur p\u00ebr t\u00eb gjith\u00eb m\u00ebrgimtaret tan\u00eb q\u00eb ja duan t\u00eb miren Atdheut.<\/p>\n<p style=\"text-align: center;\"><img decoding=\"async\" class=\"aligncenter size-thumbnail wp-image-7236\" title=\"Ansambli turk koncert n\u00eb Stuttgart-Nord\" src=\"http:\/\/www.fjala.info\/2012\/ansambli_turk_stuttgart_nord.jpg\" alt=\"\" width=\"450\" \/><strong>Ansambli turk ne prezantimin e valleve te tyre ne Stuttgart-Nord<\/strong><\/p>\n<p>Pas prezantimi ton\u00eb t\u00eb mrekullushem nga Ansambli Pavar\u00ebsia, ne skene dol\u00ebn edhe festivali turk, festivali italian, festivali portugez, etj., t\u00eb gjitha nacionalitetet me vall\u00ebzimet e tyre shfaqen prezantime poashtu te bukura.<\/p>\n","protected":false},"excerpt":{"rendered":"<p>Nga Gani Gashi Shoqata Shqiptare Gjermane Pavar\u00ebsia e Shtutgartit n\u00eb mbledhjen e mbajtur me 15.07. 2012, p\u00ebrve\u00e7 tjerash shqyrtoi edhe aktivitetet e veta p\u00ebr gjasht\u00eb mujorin e par\u00eb t\u00eb k\u00ebtij viti dhe analizoi planprogramin p\u00ebr periudhen ne vijim. Mledhja u kryesua nga kryetari zot\u00ebri Fahredin Shala, i cili tha se prioriteti i k\u00ebsaj Shoqate \u00ebsht\u00eb [&hellip;]<\/p>\n","protected":false},"author":1,"featured_media":0,"comment_status":"open","ping_status":"closed","sticky":false,"template":"","format":"standard","meta":{"footnotes":""},"categories":[2],"tags":[],"class_list":{"0":"post-11977","1":"post","2":"type-post","3":"status-publish","4":"format-standard","6":"category-artikuj"},"yoast_head":"<!-- This site is optimized with the Yoast SEO plugin v27.4 - https:\/\/yoast.com\/product\/yoast-seo-wordpress\/ -->\n<title>Shoqata Pavar\u00ebsia permbylli me sukses te ve\u00e7ant\u00eb aktivitetin ne gjasht\u00eb mujorin e par\u00eb p\u00ebr vitin 2012 - FjALA e LIR\u00cb - Arkivi<\/title>\n<meta name=\"robots\" content=\"index, follow, max-snippet:-1, max-image-preview:large, max-video-preview:-1\" \/>\n<link rel=\"canonical\" href=\"https:\/\/fjala.info\/2009-2015\/shoqata-pavaresia-permbylli-me-sukses-te-vecante-aktivitetin-ne-gjashte-mujorin-e-pare-per-vitin-2012\/\" \/>\n<meta property=\"og:locale\" content=\"sq_AL\" \/>\n<meta property=\"og:type\" content=\"article\" \/>\n<meta property=\"og:title\" content=\"Shoqata Pavar\u00ebsia permbylli me sukses te ve\u00e7ant\u00eb aktivitetin ne gjasht\u00eb mujorin e par\u00eb p\u00ebr vitin 2012 - FjALA e LIR\u00cb - Arkivi\" \/>\n<meta property=\"og:description\" content=\"Nga Gani Gashi Shoqata Shqiptare Gjermane Pavar\u00ebsia e Shtutgartit n\u00eb mbledhjen e mbajtur me 15.07. 2012, p\u00ebrve\u00e7 tjerash shqyrtoi edhe aktivitetet e veta p\u00ebr gjasht\u00eb mujorin e par\u00eb t\u00eb k\u00ebtij viti dhe analizoi planprogramin p\u00ebr periudhen ne vijim. Mledhja u kryesua nga kryetari zot\u00ebri Fahredin Shala, i cili tha se prioriteti i k\u00ebsaj Shoqate \u00ebsht\u00eb [&hellip;]\" \/>\n<meta property=\"og:url\" content=\"https:\/\/fjala.info\/2009-2015\/shoqata-pavaresia-permbylli-me-sukses-te-vecante-aktivitetin-ne-gjashte-mujorin-e-pare-per-vitin-2012\/\" \/>\n<meta property=\"og:site_name\" content=\"FjALA e LIR\u00cb - Arkivi\" \/>\n<meta property=\"article:published_time\" content=\"2012-07-26T08:11:14+00:00\" \/>\n<meta property=\"og:image\" content=\"http:\/\/www.fjala.info\/2012\/gani_gashi.jpg\" \/>\n<meta name=\"author\" content=\"admin\" \/>\n<meta name=\"twitter:card\" content=\"summary_large_image\" \/>\n<meta name=\"twitter:label1\" content=\"Written by\" \/>\n\t<meta name=\"twitter:data1\" content=\"admin\" \/>\n\t<meta name=\"twitter:label2\" content=\"Est. reading time\" \/>\n\t<meta name=\"twitter:data2\" content=\"4 minutes\" \/>\n<script type=\"application\/ld+json\" class=\"yoast-schema-graph\">{\"@context\":\"https:\\\/\\\/schema.org\",\"@graph\":[{\"@type\":\"Article\",\"@id\":\"https:\\\/\\\/fjala.info\\\/2009-2015\\\/shoqata-pavaresia-permbylli-me-sukses-te-vecante-aktivitetin-ne-gjashte-mujorin-e-pare-per-vitin-2012\\\/#article\",\"isPartOf\":{\"@id\":\"https:\\\/\\\/fjala.info\\\/2009-2015\\\/shoqata-pavaresia-permbylli-me-sukses-te-vecante-aktivitetin-ne-gjashte-mujorin-e-pare-per-vitin-2012\\\/\"},\"author\":{\"name\":\"admin\",\"@id\":\"https:\\\/\\\/fjala.info\\\/2009-2015\\\/#\\\/schema\\\/person\\\/3aa1163ef05469c496fc94e77611ada2\"},\"headline\":\"Shoqata Pavar\u00ebsia permbylli me sukses te ve\u00e7ant\u00eb aktivitetin ne gjasht\u00eb mujorin e par\u00eb p\u00ebr vitin 2012\",\"datePublished\":\"2012-07-26T08:11:14+00:00\",\"mainEntityOfPage\":{\"@id\":\"https:\\\/\\\/fjala.info\\\/2009-2015\\\/shoqata-pavaresia-permbylli-me-sukses-te-vecante-aktivitetin-ne-gjashte-mujorin-e-pare-per-vitin-2012\\\/\"},\"wordCount\":871,\"commentCount\":0,\"publisher\":{\"@id\":\"https:\\\/\\\/fjala.info\\\/2009-2015\\\/#organization\"},\"image\":{\"@id\":\"https:\\\/\\\/fjala.info\\\/2009-2015\\\/shoqata-pavaresia-permbylli-me-sukses-te-vecante-aktivitetin-ne-gjashte-mujorin-e-pare-per-vitin-2012\\\/#primaryimage\"},\"thumbnailUrl\":\"http:\\\/\\\/www.fjala.info\\\/2012\\\/gani_gashi.jpg\",\"articleSection\":[\"Artikuj\"],\"inLanguage\":\"sq-AL\",\"potentialAction\":[{\"@type\":\"CommentAction\",\"name\":\"Comment\",\"target\":[\"https:\\\/\\\/fjala.info\\\/2009-2015\\\/shoqata-pavaresia-permbylli-me-sukses-te-vecante-aktivitetin-ne-gjashte-mujorin-e-pare-per-vitin-2012\\\/#respond\"]}]},{\"@type\":\"WebPage\",\"@id\":\"https:\\\/\\\/fjala.info\\\/2009-2015\\\/shoqata-pavaresia-permbylli-me-sukses-te-vecante-aktivitetin-ne-gjashte-mujorin-e-pare-per-vitin-2012\\\/\",\"url\":\"https:\\\/\\\/fjala.info\\\/2009-2015\\\/shoqata-pavaresia-permbylli-me-sukses-te-vecante-aktivitetin-ne-gjashte-mujorin-e-pare-per-vitin-2012\\\/\",\"name\":\"Shoqata Pavar\u00ebsia permbylli me sukses te ve\u00e7ant\u00eb aktivitetin ne gjasht\u00eb mujorin e par\u00eb p\u00ebr vitin 2012 - FjALA e LIR\u00cb - Arkivi\",\"isPartOf\":{\"@id\":\"https:\\\/\\\/fjala.info\\\/2009-2015\\\/#website\"},\"primaryImageOfPage\":{\"@id\":\"https:\\\/\\\/fjala.info\\\/2009-2015\\\/shoqata-pavaresia-permbylli-me-sukses-te-vecante-aktivitetin-ne-gjashte-mujorin-e-pare-per-vitin-2012\\\/#primaryimage\"},\"image\":{\"@id\":\"https:\\\/\\\/fjala.info\\\/2009-2015\\\/shoqata-pavaresia-permbylli-me-sukses-te-vecante-aktivitetin-ne-gjashte-mujorin-e-pare-per-vitin-2012\\\/#primaryimage\"},\"thumbnailUrl\":\"http:\\\/\\\/www.fjala.info\\\/2012\\\/gani_gashi.jpg\",\"datePublished\":\"2012-07-26T08:11:14+00:00\",\"breadcrumb\":{\"@id\":\"https:\\\/\\\/fjala.info\\\/2009-2015\\\/shoqata-pavaresia-permbylli-me-sukses-te-vecante-aktivitetin-ne-gjashte-mujorin-e-pare-per-vitin-2012\\\/#breadcrumb\"},\"inLanguage\":\"sq-AL\",\"potentialAction\":[{\"@type\":\"ReadAction\",\"target\":[\"https:\\\/\\\/fjala.info\\\/2009-2015\\\/shoqata-pavaresia-permbylli-me-sukses-te-vecante-aktivitetin-ne-gjashte-mujorin-e-pare-per-vitin-2012\\\/\"]}]},{\"@type\":\"ImageObject\",\"inLanguage\":\"sq-AL\",\"@id\":\"https:\\\/\\\/fjala.info\\\/2009-2015\\\/shoqata-pavaresia-permbylli-me-sukses-te-vecante-aktivitetin-ne-gjashte-mujorin-e-pare-per-vitin-2012\\\/#primaryimage\",\"url\":\"http:\\\/\\\/www.fjala.info\\\/2012\\\/gani_gashi.jpg\",\"contentUrl\":\"http:\\\/\\\/www.fjala.info\\\/2012\\\/gani_gashi.jpg\"},{\"@type\":\"BreadcrumbList\",\"@id\":\"https:\\\/\\\/fjala.info\\\/2009-2015\\\/shoqata-pavaresia-permbylli-me-sukses-te-vecante-aktivitetin-ne-gjashte-mujorin-e-pare-per-vitin-2012\\\/#breadcrumb\",\"itemListElement\":[{\"@type\":\"ListItem\",\"position\":1,\"name\":\"Home\",\"item\":\"https:\\\/\\\/fjala.info\\\/2009-2015\\\/\"},{\"@type\":\"ListItem\",\"position\":2,\"name\":\"Shoqata Pavar\u00ebsia permbylli me sukses te ve\u00e7ant\u00eb aktivitetin ne gjasht\u00eb mujorin e par\u00eb p\u00ebr vitin 2012\"}]},{\"@type\":\"WebSite\",\"@id\":\"https:\\\/\\\/fjala.info\\\/2009-2015\\\/#website\",\"url\":\"https:\\\/\\\/fjala.info\\\/2009-2015\\\/\",\"name\":\"FjALA e LIR\u00cb - Arkivi\",\"description\":\"Arkivi 2009-2015\",\"publisher\":{\"@id\":\"https:\\\/\\\/fjala.info\\\/2009-2015\\\/#organization\"},\"potentialAction\":[{\"@type\":\"SearchAction\",\"target\":{\"@type\":\"EntryPoint\",\"urlTemplate\":\"https:\\\/\\\/fjala.info\\\/2009-2015\\\/?s={search_term_string}\"},\"query-input\":{\"@type\":\"PropertyValueSpecification\",\"valueRequired\":true,\"valueName\":\"search_term_string\"}}],\"inLanguage\":\"sq-AL\"},{\"@type\":\"Organization\",\"@id\":\"https:\\\/\\\/fjala.info\\\/2009-2015\\\/#organization\",\"name\":\"FjALA e LIR\u00cb - Arkivi\",\"url\":\"https:\\\/\\\/fjala.info\\\/2009-2015\\\/\",\"logo\":{\"@type\":\"ImageObject\",\"inLanguage\":\"sq-AL\",\"@id\":\"https:\\\/\\\/fjala.info\\\/2009-2015\\\/#\\\/schema\\\/logo\\\/image\\\/\",\"url\":\"\",\"contentUrl\":\"\",\"caption\":\"FjALA e LIR\u00cb - Arkivi\"},\"image\":{\"@id\":\"https:\\\/\\\/fjala.info\\\/2009-2015\\\/#\\\/schema\\\/logo\\\/image\\\/\"}},{\"@type\":\"Person\",\"@id\":\"https:\\\/\\\/fjala.info\\\/2009-2015\\\/#\\\/schema\\\/person\\\/3aa1163ef05469c496fc94e77611ada2\",\"name\":\"admin\",\"image\":{\"@type\":\"ImageObject\",\"inLanguage\":\"sq-AL\",\"@id\":\"https:\\\/\\\/fjala.info\\\/2009-2015\\\/wp-content\\\/uploads\\\/2012\\\/02\\\/arben_cokaj-120x150.jpg\",\"url\":\"https:\\\/\\\/fjala.info\\\/2009-2015\\\/wp-content\\\/uploads\\\/2012\\\/02\\\/arben_cokaj-120x150.jpg\",\"contentUrl\":\"https:\\\/\\\/fjala.info\\\/2009-2015\\\/wp-content\\\/uploads\\\/2012\\\/02\\\/arben_cokaj-120x150.jpg\",\"caption\":\"admin\"},\"description\":\"Admin, Fjala e Lir\u00eb\",\"sameAs\":[\"https:\\\/\\\/fjala.info\\\/\"],\"url\":\"https:\\\/\\\/fjala.info\\\/2009-2015\\\/author\\\/admin\\\/\"}]}<\/script>\n<!-- \/ Yoast SEO plugin. -->","yoast_head_json":{"title":"Shoqata Pavar\u00ebsia permbylli me sukses te ve\u00e7ant\u00eb aktivitetin ne gjasht\u00eb mujorin e par\u00eb p\u00ebr vitin 2012 - FjALA e LIR\u00cb - Arkivi","robots":{"index":"index","follow":"follow","max-snippet":"max-snippet:-1","max-image-preview":"max-image-preview:large","max-video-preview":"max-video-preview:-1"},"canonical":"https:\/\/fjala.info\/2009-2015\/shoqata-pavaresia-permbylli-me-sukses-te-vecante-aktivitetin-ne-gjashte-mujorin-e-pare-per-vitin-2012\/","og_locale":"sq_AL","og_type":"article","og_title":"Shoqata Pavar\u00ebsia permbylli me sukses te ve\u00e7ant\u00eb aktivitetin ne gjasht\u00eb mujorin e par\u00eb p\u00ebr vitin 2012 - FjALA e LIR\u00cb - Arkivi","og_description":"Nga Gani Gashi Shoqata Shqiptare Gjermane Pavar\u00ebsia e Shtutgartit n\u00eb mbledhjen e mbajtur me 15.07. 2012, p\u00ebrve\u00e7 tjerash shqyrtoi edhe aktivitetet e veta p\u00ebr gjasht\u00eb mujorin e par\u00eb t\u00eb k\u00ebtij viti dhe analizoi planprogramin p\u00ebr periudhen ne vijim. Mledhja u kryesua nga kryetari zot\u00ebri Fahredin Shala, i cili tha se prioriteti i k\u00ebsaj Shoqate \u00ebsht\u00eb [&hellip;]","og_url":"https:\/\/fjala.info\/2009-2015\/shoqata-pavaresia-permbylli-me-sukses-te-vecante-aktivitetin-ne-gjashte-mujorin-e-pare-per-vitin-2012\/","og_site_name":"FjALA e LIR\u00cb - Arkivi","article_published_time":"2012-07-26T08:11:14+00:00","og_image":[{"url":"http:\/\/www.fjala.info\/2012\/gani_gashi.jpg","type":"","width":"","height":""}],"author":"admin","twitter_card":"summary_large_image","twitter_misc":{"Written by":"admin","Est. reading time":"4 minutes"},"schema":{"@context":"https:\/\/schema.org","@graph":[{"@type":"Article","@id":"https:\/\/fjala.info\/2009-2015\/shoqata-pavaresia-permbylli-me-sukses-te-vecante-aktivitetin-ne-gjashte-mujorin-e-pare-per-vitin-2012\/#article","isPartOf":{"@id":"https:\/\/fjala.info\/2009-2015\/shoqata-pavaresia-permbylli-me-sukses-te-vecante-aktivitetin-ne-gjashte-mujorin-e-pare-per-vitin-2012\/"},"author":{"name":"admin","@id":"https:\/\/fjala.info\/2009-2015\/#\/schema\/person\/3aa1163ef05469c496fc94e77611ada2"},"headline":"Shoqata Pavar\u00ebsia permbylli me sukses te ve\u00e7ant\u00eb aktivitetin ne gjasht\u00eb mujorin e par\u00eb p\u00ebr vitin 2012","datePublished":"2012-07-26T08:11:14+00:00","mainEntityOfPage":{"@id":"https:\/\/fjala.info\/2009-2015\/shoqata-pavaresia-permbylli-me-sukses-te-vecante-aktivitetin-ne-gjashte-mujorin-e-pare-per-vitin-2012\/"},"wordCount":871,"commentCount":0,"publisher":{"@id":"https:\/\/fjala.info\/2009-2015\/#organization"},"image":{"@id":"https:\/\/fjala.info\/2009-2015\/shoqata-pavaresia-permbylli-me-sukses-te-vecante-aktivitetin-ne-gjashte-mujorin-e-pare-per-vitin-2012\/#primaryimage"},"thumbnailUrl":"http:\/\/www.fjala.info\/2012\/gani_gashi.jpg","articleSection":["Artikuj"],"inLanguage":"sq-AL","potentialAction":[{"@type":"CommentAction","name":"Comment","target":["https:\/\/fjala.info\/2009-2015\/shoqata-pavaresia-permbylli-me-sukses-te-vecante-aktivitetin-ne-gjashte-mujorin-e-pare-per-vitin-2012\/#respond"]}]},{"@type":"WebPage","@id":"https:\/\/fjala.info\/2009-2015\/shoqata-pavaresia-permbylli-me-sukses-te-vecante-aktivitetin-ne-gjashte-mujorin-e-pare-per-vitin-2012\/","url":"https:\/\/fjala.info\/2009-2015\/shoqata-pavaresia-permbylli-me-sukses-te-vecante-aktivitetin-ne-gjashte-mujorin-e-pare-per-vitin-2012\/","name":"Shoqata Pavar\u00ebsia permbylli me sukses te ve\u00e7ant\u00eb aktivitetin ne gjasht\u00eb mujorin e par\u00eb p\u00ebr vitin 2012 - FjALA e LIR\u00cb - Arkivi","isPartOf":{"@id":"https:\/\/fjala.info\/2009-2015\/#website"},"primaryImageOfPage":{"@id":"https:\/\/fjala.info\/2009-2015\/shoqata-pavaresia-permbylli-me-sukses-te-vecante-aktivitetin-ne-gjashte-mujorin-e-pare-per-vitin-2012\/#primaryimage"},"image":{"@id":"https:\/\/fjala.info\/2009-2015\/shoqata-pavaresia-permbylli-me-sukses-te-vecante-aktivitetin-ne-gjashte-mujorin-e-pare-per-vitin-2012\/#primaryimage"},"thumbnailUrl":"http:\/\/www.fjala.info\/2012\/gani_gashi.jpg","datePublished":"2012-07-26T08:11:14+00:00","breadcrumb":{"@id":"https:\/\/fjala.info\/2009-2015\/shoqata-pavaresia-permbylli-me-sukses-te-vecante-aktivitetin-ne-gjashte-mujorin-e-pare-per-vitin-2012\/#breadcrumb"},"inLanguage":"sq-AL","potentialAction":[{"@type":"ReadAction","target":["https:\/\/fjala.info\/2009-2015\/shoqata-pavaresia-permbylli-me-sukses-te-vecante-aktivitetin-ne-gjashte-mujorin-e-pare-per-vitin-2012\/"]}]},{"@type":"ImageObject","inLanguage":"sq-AL","@id":"https:\/\/fjala.info\/2009-2015\/shoqata-pavaresia-permbylli-me-sukses-te-vecante-aktivitetin-ne-gjashte-mujorin-e-pare-per-vitin-2012\/#primaryimage","url":"http:\/\/www.fjala.info\/2012\/gani_gashi.jpg","contentUrl":"http:\/\/www.fjala.info\/2012\/gani_gashi.jpg"},{"@type":"BreadcrumbList","@id":"https:\/\/fjala.info\/2009-2015\/shoqata-pavaresia-permbylli-me-sukses-te-vecante-aktivitetin-ne-gjashte-mujorin-e-pare-per-vitin-2012\/#breadcrumb","itemListElement":[{"@type":"ListItem","position":1,"name":"Home","item":"https:\/\/fjala.info\/2009-2015\/"},{"@type":"ListItem","position":2,"name":"Shoqata Pavar\u00ebsia permbylli me sukses te ve\u00e7ant\u00eb aktivitetin ne gjasht\u00eb mujorin e par\u00eb p\u00ebr vitin 2012"}]},{"@type":"WebSite","@id":"https:\/\/fjala.info\/2009-2015\/#website","url":"https:\/\/fjala.info\/2009-2015\/","name":"FjALA e LIR\u00cb - Arkivi","description":"Arkivi 2009-2015","publisher":{"@id":"https:\/\/fjala.info\/2009-2015\/#organization"},"potentialAction":[{"@type":"SearchAction","target":{"@type":"EntryPoint","urlTemplate":"https:\/\/fjala.info\/2009-2015\/?s={search_term_string}"},"query-input":{"@type":"PropertyValueSpecification","valueRequired":true,"valueName":"search_term_string"}}],"inLanguage":"sq-AL"},{"@type":"Organization","@id":"https:\/\/fjala.info\/2009-2015\/#organization","name":"FjALA e LIR\u00cb - Arkivi","url":"https:\/\/fjala.info\/2009-2015\/","logo":{"@type":"ImageObject","inLanguage":"sq-AL","@id":"https:\/\/fjala.info\/2009-2015\/#\/schema\/logo\/image\/","url":"","contentUrl":"","caption":"FjALA e LIR\u00cb - Arkivi"},"image":{"@id":"https:\/\/fjala.info\/2009-2015\/#\/schema\/logo\/image\/"}},{"@type":"Person","@id":"https:\/\/fjala.info\/2009-2015\/#\/schema\/person\/3aa1163ef05469c496fc94e77611ada2","name":"admin","image":{"@type":"ImageObject","inLanguage":"sq-AL","@id":"https:\/\/fjala.info\/2009-2015\/wp-content\/uploads\/2012\/02\/arben_cokaj-120x150.jpg","url":"https:\/\/fjala.info\/2009-2015\/wp-content\/uploads\/2012\/02\/arben_cokaj-120x150.jpg","contentUrl":"https:\/\/fjala.info\/2009-2015\/wp-content\/uploads\/2012\/02\/arben_cokaj-120x150.jpg","caption":"admin"},"description":"Admin, Fjala e Lir\u00eb","sameAs":["https:\/\/fjala.info\/"],"url":"https:\/\/fjala.info\/2009-2015\/author\/admin\/"}]}},"_links":{"self":[{"href":"https:\/\/fjala.info\/2009-2015\/wp-json\/wp\/v2\/posts\/11977","targetHints":{"allow":["GET"]}}],"collection":[{"href":"https:\/\/fjala.info\/2009-2015\/wp-json\/wp\/v2\/posts"}],"about":[{"href":"https:\/\/fjala.info\/2009-2015\/wp-json\/wp\/v2\/types\/post"}],"author":[{"embeddable":true,"href":"https:\/\/fjala.info\/2009-2015\/wp-json\/wp\/v2\/users\/1"}],"replies":[{"embeddable":true,"href":"https:\/\/fjala.info\/2009-2015\/wp-json\/wp\/v2\/comments?post=11977"}],"version-history":[{"count":0,"href":"https:\/\/fjala.info\/2009-2015\/wp-json\/wp\/v2\/posts\/11977\/revisions"}],"wp:attachment":[{"href":"https:\/\/fjala.info\/2009-2015\/wp-json\/wp\/v2\/media?parent=11977"}],"wp:term":[{"taxonomy":"category","embeddable":true,"href":"https:\/\/fjala.info\/2009-2015\/wp-json\/wp\/v2\/categories?post=11977"},{"taxonomy":"post_tag","embeddable":true,"href":"https:\/\/fjala.info\/2009-2015\/wp-json\/wp\/v2\/tags?post=11977"}],"curies":[{"name":"wp","href":"https:\/\/api.w.org\/{rel}","templated":true}]}}