{"id":11976,"date":"2012-07-25T21:54:32","date_gmt":"2012-07-25T20:54:32","guid":{"rendered":"http:\/\/www.fjala.info\/?p=4032"},"modified":"2012-07-25T21:54:32","modified_gmt":"2012-07-25T20:54:32","slug":"luli-moni-dhe-kapterri","status":"publish","type":"post","link":"https:\/\/fjala.info\/2009-2015\/luli-moni-dhe-kapterri\/","title":{"rendered":"Luli, Moni dhe Kapterri"},"content":{"rendered":"<p><img decoding=\"async\" class=\"alignright size-thumbnail wp-image-7236\" title=\"Sajmir Tahiri\" src=\"http:\/\/www.fjala.info\/2012\/sajmir_tahiri.jpg\" alt=\"\" width=\"150\" \/> Nga <strong>Sajmir Tahiri<\/strong>, <em>25 Korrik 2012<\/em><\/p>\n<p><em>Sot Lulzim Basha mbush plot 1 vit n\u00eb detyr\u00eb si Kryetar i Bashkis\u00eb s\u00eb Tiran\u00ebs<\/em>.<\/p>\n<p>Nj\u00eb ushtri e t\u00ebr\u00eb me votues ambulant\u00eb e nj\u00ebp\u00ebrdorimsh q\u00eb dynd\u00ebn n\u00eb Tiran\u00eb nga t\u00eb kat\u00ebr an\u00ebt nuk do mjaftonte po t\u00eb mos ishte Ristani, Toma, Sashenka e shok\u00eb, q\u00eb si xhongler\u00eb t\u00eb v\u00ebrtet\u00eb me vota q\u00eb hynin e dilnin nga nj\u00eb kuti n\u00eb tjetr\u00ebn, montuan nj\u00eb rezultat fitues p\u00ebr Lulzim Bash\u00ebn.<\/p>\n<p>Shum\u00eb protestuan. Edhe partner\u00ebt nd\u00ebrkomb\u00ebtar\u00eb protestuan, duke e th\u00ebn\u00eb tro\u00e7 si asnj\u00ebher\u00eb m\u00eb par\u00eb, se procesi zgjedhor n\u00eb Tiran\u00eb, cenoi t\u00eb drejt\u00ebn e qytetar\u00ebve p\u00ebr t\u00eb shprehur vullnetin e tyre me vot\u00eb. Edhe vet\u00eb Ristani k\u00ebrkoi ndjes\u00eb para ndonj\u00eb muaji. E po ti kishin urdh\u00ebruar, mbase dhe Tomka e Sashenka do kishin b\u00ebr\u00eb t\u00eb nj\u00ebjt\u00ebn gj\u00eb.<\/p>\n<p>Por sot mbushet plot nj\u00eb vit. Plot 1 vit q\u00eb n\u00eb krye t\u00eb pun\u00ebve t\u00eb qytetit \u00ebsht\u00eb Lulzim Basha. N\u00eb rast se \u201cn\u00eb krye t\u00eb pun\u00ebve\u201d, mund t\u00eb quhet edhe ti b\u00ebsh \u2026boj\u00ebn\u2026n\u00eb kok\u00eb pun\u00ebve t\u00eb qytetit.<\/p>\n<p>N\u00ebse ka nj\u00eb fjali q\u00eb mund t\u00eb p\u00ebrmbledh\u00eb k\u00ebt\u00eb 1 vit t\u00eb Lulzim Bash\u00ebs n\u00eb Bashki, nuk ka njeri dyshim q\u00eb nuk meriton t\u00eb quhet tjet\u00ebr ve\u00e7se \u201c1 vit i d\u00ebshtuar q\u00eb n\u00eb nisje, d\u00ebshtim i paralajm\u00ebruar e i parath\u00ebn\u00eb. 1 vit i \u00e7uar d\u00ebm p\u00ebr qytetar\u00ebt e Tiran\u00ebs, p\u00ebr sip\u00ebrmarr\u00ebsit e vegj\u00ebl, p\u00ebr t\u00eb rinjt\u00eb, p\u00ebr t\u00eb moshuarit, p\u00ebr shtresat n\u00eb nevoj\u00eb.<\/p>\n<p>Shum\u00eb nga ne e t\u00eb tjer\u00eb, autokton\u00eb e t\u00eb ardhur n\u00eb Tiran\u00eb, as e vinin n\u00eb dyshim se Lulzim Basha mbaron mu aty te buz\u00ebqeshja e vet, e as kishim ndonj\u00eb dyshim se mund ishte ndryshe.<\/p>\n<p>Por tani, edhe m\u00eb optimist\u00ebt kan\u00eb nd\u00ebrruar m\u00ebndje e thuajse pranojn\u00eb me z\u00eb t\u00eb lart\u00eb sa bosh e i paaft\u00eb mund t\u00eb jet\u00eb njeriu kur vihet n\u00eb prov\u00ebn e pun\u00ebs. Tamam k\u00ebshtu ndodhi.<\/p>\n<p>Sot banor\u00ebt e Tiran\u00ebs e din\u00eb se qyteti i tyre nuk qeveriset. Prej 1 viti.<\/p>\n<p>Lulzim Basha rri mbyllur n\u00eb zyr\u00eb, dit\u00ebt kur nuk \u00ebsht\u00eb jasht\u00eb vendit. E aq rrall\u00eb sa del, i k\u00ebput ndonj\u00eb t\u00eb qeshur.<\/p>\n<p>Pas tij \u00ebsht\u00eb Mon Kukaleshi. I famshmi Kunat. Personazhi tipik q\u00eb zhvat dhe qindarkat nga letra e boja e printerit, posterat, aktivitetet e deri te lejet, licencat, taksit\u00eb, plehrat e gjith\u00e7ka kalon n\u00eb Bashkin\u00eb e Tiran\u00ebs.<\/p>\n<p>E pas kunatit t\u00eb shokut Lul, \u00ebsht\u00eb Kapterri. Personazhi gati komik q\u00eb brenda bashkis\u00eb godet grat\u00eb pasi pushohen nga puna, e jasht\u00eb bashkis\u00eb sekuestron kano\u00e7e dhe karrocat e rom\u00ebve q\u00eb po i prishin shefave biznesin e riciklimit t\u00eb plehrave.<\/p>\n<p>Luli, Moni dhe Kapterri. K\u00ebta jan\u00eb njer\u00ebzit q\u00eb sot mbajn\u00eb pushtetin n\u00eb em\u00ebr t\u00eb qytetar\u00ebve t\u00eb Tiran\u00ebs. P\u00ebr t\u00eb tjerat mendon Sali Berisha. \u00cbsht\u00eb ai q\u00eb jep direktiva publike p\u00ebr Lulin e Bashkis\u00eb. \u00cbsht\u00eb ai q\u00eb jep shpjegim p\u00ebrpara se t\u00eb flas\u00eb Luli. Madje \u00ebsht\u00eb vet\u00eb Sali Berisha q\u00eb jep edhe \u00c7el\u00ebsin e Tiran\u00ebs. Luli hesht e qesh. Sali Berisha mban \u00e7el\u00ebsin e \u00e7do dere prej nga ka kaluar e kalon e ardhmja e Lulit, ndaj s\u2019ka pse Luli mos ti l\u00ebr\u00eb dhe \u00e7el\u00ebsin e qytetit.<\/p>\n<p>Bashkia e Tiran\u00ebs ka humbur pas shurdh\u00ebris\u00eb dhe paaft\u00ebsis\u00eb s\u00eb atyre q\u00eb u ngjit\u00ebn n\u00eb karrige me vota nga nj\u00eb kuti n\u00eb tjetr\u00ebn, p\u00ebr t\u00eb kaluar sot parat\u00eb, nga nj\u00eb xhep n\u00eb tjetrin.<\/p>\n<p>T\u00eb kujtosh e p\u00ebrmbledh\u00ebsh premtimet e Lulit 1 vit m\u00eb par\u00eb, e p\u00ebr m\u00eb tep\u00ebr ti krahasosh me \u00e7far\u00eb \u00ebsht\u00eb b\u00ebr\u00eb deri m\u00eb sot, pas fiks 1 viti, t\u00eb vjen t\u00eb v\u00ebsh duart n\u00eb kok\u00eb p\u00ebr derexhen\u00eb ku kan\u00eb r\u00ebn\u00eb Tirana dhe qytetar\u00ebt e saj.<\/p>\n<p>T\u00eb cil\u00ebt sot kan\u00eb vet\u00ebm nj\u00eb alternativ\u00eb. T\u00eb shpresojn\u00eb se jeta do ju vej\u00eb mir\u00eb, pa pasur nevoj\u00eb t\u00eb p\u00ebrplasen qoft\u00eb dhe nj\u00eb her\u00eb t\u00eb vetme n\u00eb Bashkin\u00eb e Lulit, Monit dhe Kapterrit.<\/p>\n<p>Premtoi mij\u00ebra vende pune p\u00ebr t\u00eb rinjt\u00eb e Tiran\u00ebs. Nj\u00eb her\u00eb 30.000, nj\u00eb her\u00eb tjet\u00ebr 50.000. Pastaj 100.000, pastaj 200.000. Sa m\u00eb af\u00ebr dita zgjedhjeve, aq m\u00eb shum\u00eb vende pune premtonte Luli. T\u00eb gjitha g\u00ebnjeshtra.<\/p>\n<p>Jo vet\u00ebm q\u00eb nuk hapi asnj\u00eb vend pune, por filloi spastrimet n\u00eb institucionin ku hyri me dhun\u00eb. Shkarkoi nga puna e nxori n\u00eb rrug\u00eb burra e gra, t\u00eb rinj e t\u00eb reja, specialist q\u00eb kishin dhe mbi 20 vjet n\u00eb pun\u00eb n\u00eb Bashkin\u00eb e Tiran\u00ebs. Pa kursyer as dhun\u00ebn verbale e fizike ndaj grave.<\/p>\n<p>T\u00eb bab\u00ebzitur n\u00eb verb\u00ebri. Luli, Moni dhe Kapterri. Edhe varrmih\u00ebsit n\u00eb Varrezat e Sharr\u00ebs e Shishtufin\u00ebs u shkarkuan. Edhe punonj\u00ebsit q\u00eb mir\u00ebmbanin varrezat. Edhe punonj\u00ebsit e gjelb\u00ebrimit q\u00eb merreshin me ujitjen dhe krasitjen e lulishteve t\u00eb Tiran\u00ebs. Edhe elektricist\u00ebt e thjesht\u00eb. Edhe mir\u00ebmbajt\u00ebsit e rrug\u00ebve. Edhe pun\u00ebtor\u00ebt e krahut.<\/p>\n<p>T\u00eb gjith\u00eb u shkarkuan e po t\u00eb gjith\u00eb u z\u00ebvend\u00ebsuan me at\u00eb rac\u00ebn e militantit dallkauk q\u00eb i priste kok\u00ebn dashit n\u00eb hyrje t\u00eb bashkis\u00eb.<\/p>\n<p>Premtoi se do ulte taksat 2 deri n\u00eb 5 her\u00eb. G\u00ebnjesht\u00ebr. I rriti taksat, madje i dyfishoi. Duke i p\u00ebrmbledhur n\u00eb num\u00ebr, e duke i shum\u00ebfishuar n\u00eb vler\u00eb. Sot sip\u00ebrmarr\u00ebsit e vegj\u00ebl, tregtar\u00ebt dhe biznesmen\u00ebt, paguajn\u00eb taksa e tarifa lokale thuajse dyfishin e atyre q\u00eb paguanin vet\u00ebm nj\u00eb vit m\u00eb par\u00eb. Pa futur k\u00ebtu tarif\u00ebn e Kunatit dhe gjob\u00ebn e Kapterrit, se ato jan\u00eb hesap tjet\u00ebr.<\/p>\n<p>Premtoi mjedis t\u00eb past\u00ebr e t\u00eb gjelb\u00ebr. Se do t\u00eb gjall\u00ebronte parqet dhe dyfishonte hap\u00ebsirat e gjelbra. G\u00ebnjesht\u00ebr. Jo vet\u00ebm q\u00eb nuk ka mbjell\u00eb nj\u00eb lule, por ka shkulur deri tani mij\u00ebra pem\u00eb shum\u00eb vje\u00e7are n\u00eb parkun e Tiran\u00ebs, pa dh\u00ebn\u00eb asnj\u00eb p\u00ebrgjigje p\u00ebr k\u00ebrkesat insistuese t\u00eb shoq\u00ebris\u00eb civile dhe ambientalist\u00ebve.<\/p>\n<p>Lulzim Basha, q\u00eb t\u00eb parin kishte qytetarin, madje dit\u00ebt e para na shfaqej dhe duke takuar qytetar\u00ebt. Shurdh deri n\u00eb dhimbje i strukur deri sa doli Saliu dhe dha p\u00ebrgjigje p\u00ebr llogari t\u00eb Lulit.<\/p>\n<p>Sot pem\u00ebt vazhdojn\u00eb shkulen n\u00eb nj\u00eb rrug\u00eb klienteliste q\u00eb po nd\u00ebrtohet pa leje e pa projekt.<\/p>\n<p>Premtoi se do jepte hipotekat e sht\u00ebpive. Madje doli dhe me nj\u00eb mal dosjesh n\u00eb tavolin\u00eb. Asnj\u00eb nuk ka p\u00ebrfunduar deri tani.<\/p>\n<p>Premtoi se do eliminonte m\u00ebsimin e nx\u00ebn\u00ebsve me dy turne. G\u00ebnjesht\u00ebr. Se do zvog\u00eblonte numrin e tyre n\u00eb m\u00eb pak se 30 p\u00ebr \u00e7do klas\u00eb. G\u00ebnjesht\u00ebr. Internet jo vet\u00ebm n\u00eb \u00e7do shkoll\u00eb por edhe n\u00eb hap\u00ebsirat publike t\u00eb qytetit. G\u00ebnjesht\u00ebr. Kart\u00eb Studentore me leht\u00ebsira fiskale. G\u00ebnjesht\u00ebr. Nd\u00ebrtimin e nj\u00eb biblioteke t\u00eb madhe universitare. G\u00ebnjesht\u00ebr. 500 bursa vjetore p\u00ebr student\u00ebt dhe nx\u00ebn\u00ebsit n\u00eb nevoj\u00eb. G\u00ebnjesht\u00ebr. Transport falas p\u00ebr t\u00eb moshuarit, f\u00ebmij\u00ebt, nx\u00ebn\u00ebsit, student\u00ebt dhe shtresat n\u00eb nevoj\u00eb. G\u00ebnjesht\u00ebr.<\/p>\n<p>Premtoi nd\u00ebrtimin e qendrave rekreative dhe sportive publike n\u00eb \u00e7do nj\u00ebsi. G\u00ebnjesht\u00ebr. Shkolla dhe kurse verore falas p\u00ebr f\u00ebmij\u00ebt e n\u00ebnave q\u00eb jan\u00eb n\u00eb pun\u00eb. G\u00ebnjesht\u00ebr. Do rriste numrin e qendrave sociale. G\u00ebnjesht\u00ebr. Madje ka mbyllur disa prej atyre q\u00eb ishin. Do nd\u00ebrtonte terrene sportive, madje do t\u00eb shtonte ndjesh\u00ebm numrin e tyre. G\u00ebnjesht\u00ebr dhe vet\u00ebm g\u00ebnjesht\u00ebr.<\/p>\n<p>Dhe n\u00eb fund, Lulzim Basha premtoi linj\u00ebn telefonike antikorrupsion n\u00eb Bashkin\u00eb e Tiran\u00ebs. Dhe pse nj\u00eb linj\u00eb e tilla ka ekzistuar q\u00eb n\u00eb koh\u00ebn kur Luli vidhte rrug\u00ebn e Kombit, sot rezulton q\u00eb as ajo nuk funksionin. E n\u00eb funksionon, me siguri p\u00ebrgjigjet Moni ose Kapterri, p\u00ebrderisa korrupsioni n\u00eb Bashkin\u00eb e Tiran\u00ebs nuk po kursen as kano\u00e7et n\u00eb koshat e plehrave.<\/p>\n<p>Skandalet e Lulzim Bash\u00ebs nuk kan\u00eb t\u00eb sosur. Mos mendoni se e ndjekin fatkeq\u00ebsit\u00eb njeriun q\u00eb si Minist\u00ebr Transportesh vodhi mbi 250 milion euro dhe i shp\u00ebtoi drejt\u00ebsis\u00eb me procedur\u00eb, si Minist\u00ebr i Jasht\u00ebm n\u00ebnshkroi marr\u00ebveshjen e tradhtare t\u00eb kufijve q\u00eb falte qindra mij\u00ebra kilometra det. Nuk ka fatin e keq njeriu q\u00eb si Minist\u00ebr i Brendsh\u00ebm, bashk\u00eb me Sali Berish\u00ebn, la t\u00eb vrar\u00eb n\u00eb bulevard 4 protestues t\u00eb pafajsh\u00ebm.<\/p>\n<p>Atij q\u00eb ngjyen dor\u00ebn, skandalet i ngjisin. K\u00ebshtu ndodh dhe sot. P\u00ebr taksit\u00eb n\u00eb Tiran\u00eb, t\u00eb Monit thon\u00eb, Kunatit t\u00eb shokut Lul, q\u00eb po monopolizojn\u00eb gjith\u00eb tregun duke nxjerr\u00eb t\u00eb papun\u00eb qindra taksist\u00eb t\u00eb ndersh\u00ebm. P\u00ebr karrotrecat e Kapterrit q\u00eb t\u00eb ngren\u00eb makin\u00ebn vet\u00ebm p\u00ebr t\u00eb t\u00eb zhvatur lek\u00ebt. P\u00ebr rrug\u00ebn e klientit. P\u00ebr godin\u00ebn e konviktit. P\u00ebr sheshin Skenderbej q\u00eb nga projekt modern e madh\u00ebshtor e ktheu n\u00eb nj\u00eb bah\u00e7e malore duke hedhur d\u00ebm mbi 4 milion euro. P\u00ebr parkimin e n\u00ebntok\u00ebsor. P\u00ebr sistemin GIS q\u00eb po e blen p\u00ebr her\u00eb t\u00eb dyt\u00eb, mbi 100 fish m\u00eb shtrenjt\u00eb, sepse jo vet\u00ebm nuk din\u00eb c\u2019kan\u00eb gjetur gati n\u00ebp\u00ebr zyra, por edhe ato q\u00eb i kan\u00eb gjetur, nuk din\u00eb t\u2019i p\u00ebrdorin.<\/p>\n<p>Koston e paguajn\u00eb qytetar\u00ebt e Tiran\u00ebs. Koston e heshtjes. Koston e buz\u00ebqeshjes s\u00eb Lulit. Koston e Monit, shokut Kunat dhe koston e Kapterrit q\u00eb kapardiset nat\u00ebn p\u00ebr t\u00eb sekuestruar kano\u00e7e.<\/p>\n<p>Kjo \u00ebsht\u00eb Tirana 1 vit m\u00eb pas. Me bashkin\u00eb e Lulit, Monit dhe Kapterrit. Q\u00eb fituan me vota t\u00eb vjedhura, e tani nuk qeverisin Tiran\u00ebn dhe hallet e saj, por interesat e tyre private.<\/p>\n<p>Por kjo \u00ebsht\u00eb edhe mund\u00ebsia jon\u00eb p\u00ebr t\u00eb par\u00eb p\u00ebrpara.<\/p>\n<p>Katastrofa q\u00eb po ndodh me Tiran\u00ebn, mes hajdut\u00ebris\u00eb dhe korrupsionit, paaft\u00ebsis\u00eb e g\u00ebnjeshtr\u00ebs, \u00ebsht\u00eb mund\u00ebsia jon\u00eb p\u00ebr t\u00eb komunikuar me qytetar\u00ebt.<\/p>\n<p>Sali Berisha sot ka gjith\u00e7ka. Qeverin\u00eb, Presidentin, Parlamentin, Gjykatat, e do t\u00eb marr\u00eb dhe Prokurorin e P\u00ebrgjithsh\u00ebm. I do t\u00eb gjith\u00eb n\u00ebn hyq\u00ebm q\u00eb t\u2019i p\u00ebrdor\u00eb sipas qejfit. Ka dhe Bashkin\u00eb e Lulit me bishta.<\/p>\n<p>Ne kemi vet\u00ebm nj\u00eb gj\u00eb, vizionin dhe shpirtin e lir\u00eb p\u00ebr t\u00eb nd\u00ebrtuar nj\u00eb Shqip\u00ebri t\u00eb re. Bashk\u00eb me qytetar\u00ebt.<\/p>\n<p>Sip\u00ebrmarr\u00ebsit q\u00eb po u rripet l\u00ebkura nga taksidar\u00ebt e kapterrit. Taksist\u00ebt q\u00eb po hidhen n\u00eb rrug\u00eb nga taksit\u00eb e Lulit. Student\u00ebt q\u00eb po g\u00ebnjehen, t\u00eb moshuarit q\u00eb po mashtrohen. Shtresat n\u00eb nevoj\u00eb q\u00eb po n\u00ebp\u00ebrk\u00ebmben. Rom\u00ebt q\u00eb po persekutohen.<\/p>\n<p>T\u00eb gjith\u00eb qytetar\u00ebt q\u00eb duan qeverisje q\u00eb d\u00ebgjon, q\u00eb mban sh\u00ebnim e q\u00eb zgjidh hallet e tyre, q\u00eb nuk duan korrupsionin e qeveritar\u00ebve, familjar\u00ebve e sekser\u00ebve;<\/p>\n<p>Zgjedhjet e ardhshme, zgjedhjet e p\u00ebrgjithshme t\u00eb vitit q\u00eb vjen jan\u00eb mund\u00ebsia p\u00ebr shpagim, por dhe mund\u00ebsia p\u00ebr t\u00eb ndezur shpres\u00ebn.<\/p>\n<p>P\u00ebr shpagim ndaj atyre q\u00eb tallen e fryhen n\u00eb karrige me taksat e qytetar\u00ebve dhe p\u00ebrqindjet e klient\u00ebve. Ndaj atyre q\u00eb vot\u00ebn e qytetar\u00ebve e kan\u00eb biznes, e po k\u00ebshtu dhe qeverisjen. Zgjedhjet e ardhshme jan\u00eb shpagimi i qytetar\u00ebve t\u00eb ndersh\u00ebm ndaj matrapaz\u00ebve dhe dallkauk\u00ebve, p\u00ebr ti dh\u00ebn\u00eb qytetar\u00ebve mund\u00ebsin\u00eb t\u00eb qeverisin v\u00ebrtet\u00eb me vot\u00ebn e tyre.<\/p>\n<p>N\u00eb zgjedhjet e ardhshme ka shpagim ndaj Sali Berish\u00ebs, familjar\u00ebve dhe sekser\u00ebve t\u00eb tij. Pastaj dhe ndaj Lulit, Monit e Kapterrit n\u00eb Bashki. N\u00eb em\u00ebr t\u00eb Shqip\u00ebris\u00eb q\u00eb duam, t\u00eb rilindur e krenare p\u00ebr \u00e7do qytetar t\u00eb Tiran\u00ebs e t\u00eb gjith\u00eb Shqip\u00ebris\u00eb.<\/p>\n","protected":false},"excerpt":{"rendered":"<p>Nga Sajmir Tahiri, 25 Korrik 2012 Sot Lulzim Basha mbush plot 1 vit n\u00eb detyr\u00eb si Kryetar i Bashkis\u00eb s\u00eb Tiran\u00ebs. Nj\u00eb ushtri e t\u00ebr\u00eb me votues ambulant\u00eb e nj\u00ebp\u00ebrdorimsh q\u00eb dynd\u00ebn n\u00eb Tiran\u00eb nga t\u00eb kat\u00ebr an\u00ebt nuk do mjaftonte po t\u00eb mos ishte Ristani, Toma, Sashenka e shok\u00eb, q\u00eb si xhongler\u00eb t\u00eb v\u00ebrtet\u00eb [&hellip;]<\/p>\n","protected":false},"author":1,"featured_media":0,"comment_status":"open","ping_status":"closed","sticky":false,"template":"","format":"standard","meta":{"footnotes":""},"categories":[2],"tags":[],"class_list":{"0":"post-11976","1":"post","2":"type-post","3":"status-publish","4":"format-standard","6":"category-artikuj"},"yoast_head":"<!-- This site is optimized with the Yoast SEO plugin v27.4 - https:\/\/yoast.com\/product\/yoast-seo-wordpress\/ -->\n<title>Luli, Moni dhe Kapterri - FjALA e LIR\u00cb - Arkivi<\/title>\n<meta name=\"robots\" content=\"index, follow, max-snippet:-1, max-image-preview:large, max-video-preview:-1\" \/>\n<link rel=\"canonical\" href=\"https:\/\/fjala.info\/2009-2015\/luli-moni-dhe-kapterri\/\" \/>\n<meta property=\"og:locale\" content=\"sq_AL\" \/>\n<meta property=\"og:type\" content=\"article\" \/>\n<meta property=\"og:title\" content=\"Luli, Moni dhe Kapterri - FjALA e LIR\u00cb - Arkivi\" \/>\n<meta property=\"og:description\" content=\"Nga Sajmir Tahiri, 25 Korrik 2012 Sot Lulzim Basha mbush plot 1 vit n\u00eb detyr\u00eb si Kryetar i Bashkis\u00eb s\u00eb Tiran\u00ebs. Nj\u00eb ushtri e t\u00ebr\u00eb me votues ambulant\u00eb e nj\u00ebp\u00ebrdorimsh q\u00eb dynd\u00ebn n\u00eb Tiran\u00eb nga t\u00eb kat\u00ebr an\u00ebt nuk do mjaftonte po t\u00eb mos ishte Ristani, Toma, Sashenka e shok\u00eb, q\u00eb si xhongler\u00eb t\u00eb v\u00ebrtet\u00eb [&hellip;]\" \/>\n<meta property=\"og:url\" content=\"https:\/\/fjala.info\/2009-2015\/luli-moni-dhe-kapterri\/\" \/>\n<meta property=\"og:site_name\" content=\"FjALA e LIR\u00cb - Arkivi\" \/>\n<meta property=\"article:published_time\" content=\"2012-07-25T20:54:32+00:00\" \/>\n<meta property=\"og:image\" content=\"http:\/\/www.fjala.info\/2012\/sajmir_tahiri.jpg\" \/>\n<meta name=\"author\" content=\"admin\" \/>\n<meta name=\"twitter:card\" content=\"summary_large_image\" \/>\n<meta name=\"twitter:label1\" content=\"Written by\" \/>\n\t<meta name=\"twitter:data1\" content=\"admin\" \/>\n\t<meta name=\"twitter:label2\" content=\"Est. reading time\" \/>\n\t<meta name=\"twitter:data2\" content=\"10 minutes\" \/>\n<script type=\"application\/ld+json\" class=\"yoast-schema-graph\">{\"@context\":\"https:\\\/\\\/schema.org\",\"@graph\":[{\"@type\":\"Article\",\"@id\":\"https:\\\/\\\/fjala.info\\\/2009-2015\\\/luli-moni-dhe-kapterri\\\/#article\",\"isPartOf\":{\"@id\":\"https:\\\/\\\/fjala.info\\\/2009-2015\\\/luli-moni-dhe-kapterri\\\/\"},\"author\":{\"name\":\"admin\",\"@id\":\"https:\\\/\\\/fjala.info\\\/2009-2015\\\/#\\\/schema\\\/person\\\/3aa1163ef05469c496fc94e77611ada2\"},\"headline\":\"Luli, Moni dhe Kapterri\",\"datePublished\":\"2012-07-25T20:54:32+00:00\",\"mainEntityOfPage\":{\"@id\":\"https:\\\/\\\/fjala.info\\\/2009-2015\\\/luli-moni-dhe-kapterri\\\/\"},\"wordCount\":2005,\"commentCount\":0,\"publisher\":{\"@id\":\"https:\\\/\\\/fjala.info\\\/2009-2015\\\/#organization\"},\"image\":{\"@id\":\"https:\\\/\\\/fjala.info\\\/2009-2015\\\/luli-moni-dhe-kapterri\\\/#primaryimage\"},\"thumbnailUrl\":\"http:\\\/\\\/www.fjala.info\\\/2012\\\/sajmir_tahiri.jpg\",\"articleSection\":[\"Artikuj\"],\"inLanguage\":\"sq-AL\",\"potentialAction\":[{\"@type\":\"CommentAction\",\"name\":\"Comment\",\"target\":[\"https:\\\/\\\/fjala.info\\\/2009-2015\\\/luli-moni-dhe-kapterri\\\/#respond\"]}]},{\"@type\":\"WebPage\",\"@id\":\"https:\\\/\\\/fjala.info\\\/2009-2015\\\/luli-moni-dhe-kapterri\\\/\",\"url\":\"https:\\\/\\\/fjala.info\\\/2009-2015\\\/luli-moni-dhe-kapterri\\\/\",\"name\":\"Luli, Moni dhe Kapterri - FjALA e LIR\u00cb - Arkivi\",\"isPartOf\":{\"@id\":\"https:\\\/\\\/fjala.info\\\/2009-2015\\\/#website\"},\"primaryImageOfPage\":{\"@id\":\"https:\\\/\\\/fjala.info\\\/2009-2015\\\/luli-moni-dhe-kapterri\\\/#primaryimage\"},\"image\":{\"@id\":\"https:\\\/\\\/fjala.info\\\/2009-2015\\\/luli-moni-dhe-kapterri\\\/#primaryimage\"},\"thumbnailUrl\":\"http:\\\/\\\/www.fjala.info\\\/2012\\\/sajmir_tahiri.jpg\",\"datePublished\":\"2012-07-25T20:54:32+00:00\",\"breadcrumb\":{\"@id\":\"https:\\\/\\\/fjala.info\\\/2009-2015\\\/luli-moni-dhe-kapterri\\\/#breadcrumb\"},\"inLanguage\":\"sq-AL\",\"potentialAction\":[{\"@type\":\"ReadAction\",\"target\":[\"https:\\\/\\\/fjala.info\\\/2009-2015\\\/luli-moni-dhe-kapterri\\\/\"]}]},{\"@type\":\"ImageObject\",\"inLanguage\":\"sq-AL\",\"@id\":\"https:\\\/\\\/fjala.info\\\/2009-2015\\\/luli-moni-dhe-kapterri\\\/#primaryimage\",\"url\":\"http:\\\/\\\/www.fjala.info\\\/2012\\\/sajmir_tahiri.jpg\",\"contentUrl\":\"http:\\\/\\\/www.fjala.info\\\/2012\\\/sajmir_tahiri.jpg\"},{\"@type\":\"BreadcrumbList\",\"@id\":\"https:\\\/\\\/fjala.info\\\/2009-2015\\\/luli-moni-dhe-kapterri\\\/#breadcrumb\",\"itemListElement\":[{\"@type\":\"ListItem\",\"position\":1,\"name\":\"Home\",\"item\":\"https:\\\/\\\/fjala.info\\\/2009-2015\\\/\"},{\"@type\":\"ListItem\",\"position\":2,\"name\":\"Luli, Moni dhe Kapterri\"}]},{\"@type\":\"WebSite\",\"@id\":\"https:\\\/\\\/fjala.info\\\/2009-2015\\\/#website\",\"url\":\"https:\\\/\\\/fjala.info\\\/2009-2015\\\/\",\"name\":\"FjALA e LIR\u00cb - Arkivi\",\"description\":\"Arkivi 2009-2015\",\"publisher\":{\"@id\":\"https:\\\/\\\/fjala.info\\\/2009-2015\\\/#organization\"},\"potentialAction\":[{\"@type\":\"SearchAction\",\"target\":{\"@type\":\"EntryPoint\",\"urlTemplate\":\"https:\\\/\\\/fjala.info\\\/2009-2015\\\/?s={search_term_string}\"},\"query-input\":{\"@type\":\"PropertyValueSpecification\",\"valueRequired\":true,\"valueName\":\"search_term_string\"}}],\"inLanguage\":\"sq-AL\"},{\"@type\":\"Organization\",\"@id\":\"https:\\\/\\\/fjala.info\\\/2009-2015\\\/#organization\",\"name\":\"FjALA e LIR\u00cb - Arkivi\",\"url\":\"https:\\\/\\\/fjala.info\\\/2009-2015\\\/\",\"logo\":{\"@type\":\"ImageObject\",\"inLanguage\":\"sq-AL\",\"@id\":\"https:\\\/\\\/fjala.info\\\/2009-2015\\\/#\\\/schema\\\/logo\\\/image\\\/\",\"url\":\"\",\"contentUrl\":\"\",\"caption\":\"FjALA e LIR\u00cb - Arkivi\"},\"image\":{\"@id\":\"https:\\\/\\\/fjala.info\\\/2009-2015\\\/#\\\/schema\\\/logo\\\/image\\\/\"}},{\"@type\":\"Person\",\"@id\":\"https:\\\/\\\/fjala.info\\\/2009-2015\\\/#\\\/schema\\\/person\\\/3aa1163ef05469c496fc94e77611ada2\",\"name\":\"admin\",\"image\":{\"@type\":\"ImageObject\",\"inLanguage\":\"sq-AL\",\"@id\":\"https:\\\/\\\/fjala.info\\\/2009-2015\\\/wp-content\\\/uploads\\\/2012\\\/02\\\/arben_cokaj-120x150.jpg\",\"url\":\"https:\\\/\\\/fjala.info\\\/2009-2015\\\/wp-content\\\/uploads\\\/2012\\\/02\\\/arben_cokaj-120x150.jpg\",\"contentUrl\":\"https:\\\/\\\/fjala.info\\\/2009-2015\\\/wp-content\\\/uploads\\\/2012\\\/02\\\/arben_cokaj-120x150.jpg\",\"caption\":\"admin\"},\"description\":\"Admin, Fjala e Lir\u00eb\",\"sameAs\":[\"https:\\\/\\\/fjala.info\\\/\"],\"url\":\"https:\\\/\\\/fjala.info\\\/2009-2015\\\/author\\\/admin\\\/\"}]}<\/script>\n<!-- \/ Yoast SEO plugin. -->","yoast_head_json":{"title":"Luli, Moni dhe Kapterri - FjALA e LIR\u00cb - Arkivi","robots":{"index":"index","follow":"follow","max-snippet":"max-snippet:-1","max-image-preview":"max-image-preview:large","max-video-preview":"max-video-preview:-1"},"canonical":"https:\/\/fjala.info\/2009-2015\/luli-moni-dhe-kapterri\/","og_locale":"sq_AL","og_type":"article","og_title":"Luli, Moni dhe Kapterri - FjALA e LIR\u00cb - Arkivi","og_description":"Nga Sajmir Tahiri, 25 Korrik 2012 Sot Lulzim Basha mbush plot 1 vit n\u00eb detyr\u00eb si Kryetar i Bashkis\u00eb s\u00eb Tiran\u00ebs. Nj\u00eb ushtri e t\u00ebr\u00eb me votues ambulant\u00eb e nj\u00ebp\u00ebrdorimsh q\u00eb dynd\u00ebn n\u00eb Tiran\u00eb nga t\u00eb kat\u00ebr an\u00ebt nuk do mjaftonte po t\u00eb mos ishte Ristani, Toma, Sashenka e shok\u00eb, q\u00eb si xhongler\u00eb t\u00eb v\u00ebrtet\u00eb [&hellip;]","og_url":"https:\/\/fjala.info\/2009-2015\/luli-moni-dhe-kapterri\/","og_site_name":"FjALA e LIR\u00cb - Arkivi","article_published_time":"2012-07-25T20:54:32+00:00","og_image":[{"url":"http:\/\/www.fjala.info\/2012\/sajmir_tahiri.jpg","type":"","width":"","height":""}],"author":"admin","twitter_card":"summary_large_image","twitter_misc":{"Written by":"admin","Est. reading time":"10 minutes"},"schema":{"@context":"https:\/\/schema.org","@graph":[{"@type":"Article","@id":"https:\/\/fjala.info\/2009-2015\/luli-moni-dhe-kapterri\/#article","isPartOf":{"@id":"https:\/\/fjala.info\/2009-2015\/luli-moni-dhe-kapterri\/"},"author":{"name":"admin","@id":"https:\/\/fjala.info\/2009-2015\/#\/schema\/person\/3aa1163ef05469c496fc94e77611ada2"},"headline":"Luli, Moni dhe Kapterri","datePublished":"2012-07-25T20:54:32+00:00","mainEntityOfPage":{"@id":"https:\/\/fjala.info\/2009-2015\/luli-moni-dhe-kapterri\/"},"wordCount":2005,"commentCount":0,"publisher":{"@id":"https:\/\/fjala.info\/2009-2015\/#organization"},"image":{"@id":"https:\/\/fjala.info\/2009-2015\/luli-moni-dhe-kapterri\/#primaryimage"},"thumbnailUrl":"http:\/\/www.fjala.info\/2012\/sajmir_tahiri.jpg","articleSection":["Artikuj"],"inLanguage":"sq-AL","potentialAction":[{"@type":"CommentAction","name":"Comment","target":["https:\/\/fjala.info\/2009-2015\/luli-moni-dhe-kapterri\/#respond"]}]},{"@type":"WebPage","@id":"https:\/\/fjala.info\/2009-2015\/luli-moni-dhe-kapterri\/","url":"https:\/\/fjala.info\/2009-2015\/luli-moni-dhe-kapterri\/","name":"Luli, Moni dhe Kapterri - FjALA e LIR\u00cb - Arkivi","isPartOf":{"@id":"https:\/\/fjala.info\/2009-2015\/#website"},"primaryImageOfPage":{"@id":"https:\/\/fjala.info\/2009-2015\/luli-moni-dhe-kapterri\/#primaryimage"},"image":{"@id":"https:\/\/fjala.info\/2009-2015\/luli-moni-dhe-kapterri\/#primaryimage"},"thumbnailUrl":"http:\/\/www.fjala.info\/2012\/sajmir_tahiri.jpg","datePublished":"2012-07-25T20:54:32+00:00","breadcrumb":{"@id":"https:\/\/fjala.info\/2009-2015\/luli-moni-dhe-kapterri\/#breadcrumb"},"inLanguage":"sq-AL","potentialAction":[{"@type":"ReadAction","target":["https:\/\/fjala.info\/2009-2015\/luli-moni-dhe-kapterri\/"]}]},{"@type":"ImageObject","inLanguage":"sq-AL","@id":"https:\/\/fjala.info\/2009-2015\/luli-moni-dhe-kapterri\/#primaryimage","url":"http:\/\/www.fjala.info\/2012\/sajmir_tahiri.jpg","contentUrl":"http:\/\/www.fjala.info\/2012\/sajmir_tahiri.jpg"},{"@type":"BreadcrumbList","@id":"https:\/\/fjala.info\/2009-2015\/luli-moni-dhe-kapterri\/#breadcrumb","itemListElement":[{"@type":"ListItem","position":1,"name":"Home","item":"https:\/\/fjala.info\/2009-2015\/"},{"@type":"ListItem","position":2,"name":"Luli, Moni dhe Kapterri"}]},{"@type":"WebSite","@id":"https:\/\/fjala.info\/2009-2015\/#website","url":"https:\/\/fjala.info\/2009-2015\/","name":"FjALA e LIR\u00cb - Arkivi","description":"Arkivi 2009-2015","publisher":{"@id":"https:\/\/fjala.info\/2009-2015\/#organization"},"potentialAction":[{"@type":"SearchAction","target":{"@type":"EntryPoint","urlTemplate":"https:\/\/fjala.info\/2009-2015\/?s={search_term_string}"},"query-input":{"@type":"PropertyValueSpecification","valueRequired":true,"valueName":"search_term_string"}}],"inLanguage":"sq-AL"},{"@type":"Organization","@id":"https:\/\/fjala.info\/2009-2015\/#organization","name":"FjALA e LIR\u00cb - Arkivi","url":"https:\/\/fjala.info\/2009-2015\/","logo":{"@type":"ImageObject","inLanguage":"sq-AL","@id":"https:\/\/fjala.info\/2009-2015\/#\/schema\/logo\/image\/","url":"","contentUrl":"","caption":"FjALA e LIR\u00cb - Arkivi"},"image":{"@id":"https:\/\/fjala.info\/2009-2015\/#\/schema\/logo\/image\/"}},{"@type":"Person","@id":"https:\/\/fjala.info\/2009-2015\/#\/schema\/person\/3aa1163ef05469c496fc94e77611ada2","name":"admin","image":{"@type":"ImageObject","inLanguage":"sq-AL","@id":"https:\/\/fjala.info\/2009-2015\/wp-content\/uploads\/2012\/02\/arben_cokaj-120x150.jpg","url":"https:\/\/fjala.info\/2009-2015\/wp-content\/uploads\/2012\/02\/arben_cokaj-120x150.jpg","contentUrl":"https:\/\/fjala.info\/2009-2015\/wp-content\/uploads\/2012\/02\/arben_cokaj-120x150.jpg","caption":"admin"},"description":"Admin, Fjala e Lir\u00eb","sameAs":["https:\/\/fjala.info\/"],"url":"https:\/\/fjala.info\/2009-2015\/author\/admin\/"}]}},"_links":{"self":[{"href":"https:\/\/fjala.info\/2009-2015\/wp-json\/wp\/v2\/posts\/11976","targetHints":{"allow":["GET"]}}],"collection":[{"href":"https:\/\/fjala.info\/2009-2015\/wp-json\/wp\/v2\/posts"}],"about":[{"href":"https:\/\/fjala.info\/2009-2015\/wp-json\/wp\/v2\/types\/post"}],"author":[{"embeddable":true,"href":"https:\/\/fjala.info\/2009-2015\/wp-json\/wp\/v2\/users\/1"}],"replies":[{"embeddable":true,"href":"https:\/\/fjala.info\/2009-2015\/wp-json\/wp\/v2\/comments?post=11976"}],"version-history":[{"count":0,"href":"https:\/\/fjala.info\/2009-2015\/wp-json\/wp\/v2\/posts\/11976\/revisions"}],"wp:attachment":[{"href":"https:\/\/fjala.info\/2009-2015\/wp-json\/wp\/v2\/media?parent=11976"}],"wp:term":[{"taxonomy":"category","embeddable":true,"href":"https:\/\/fjala.info\/2009-2015\/wp-json\/wp\/v2\/categories?post=11976"},{"taxonomy":"post_tag","embeddable":true,"href":"https:\/\/fjala.info\/2009-2015\/wp-json\/wp\/v2\/tags?post=11976"}],"curies":[{"name":"wp","href":"https:\/\/api.w.org\/{rel}","templated":true}]}}