{"id":11968,"date":"2012-07-19T21:06:56","date_gmt":"2012-07-19T20:06:56","guid":{"rendered":"http:\/\/www.fjala.info\/?p=3915"},"modified":"2012-07-19T21:06:56","modified_gmt":"2012-07-19T20:06:56","slug":"brace-pronat-e-ushtrise-po-u-shiten-klienteve-te-berishes","status":"publish","type":"post","link":"https:\/\/fjala.info\/2009-2015\/brace-pronat-e-ushtrise-po-u-shiten-klienteve-te-berishes\/","title":{"rendered":"Bra\u00e7e: Pronat e Ushtris\u00eb po u shiten klient\u00ebve t\u00eb Berish\u00ebs"},"content":{"rendered":"<p><img decoding=\"async\" class=\"alignright size-thumbnail wp-image-7236\" title=\"Erion Bra\u00e7e\" src=\"http:\/\/www.fjala.info\/2012\/erion_brace_kuvendi.jpg\" alt=\"\" width=\"200\" \/> <em><strong>Politik\u00eb<\/strong><\/em><\/p>\n<p><strong>Reagon Ministria, por harron bregdetin<br \/>\nOketa: Pronat e Ushtris\u00eb t\u2019u shkojn\u00eb ish-pronar\u00ebve <\/strong><\/p>\n<p>TIRANE &#8211; Deputeti socialist Erion Bra\u00e7e ka dh\u00ebn\u00eb sot alarmin se Qeveria po shet 1.2 milion\u00eb met\u00ebr katror prona t\u00eb Ushtris\u00eb, kryesisht n\u00eb bregdet, t\u00eb gjitha \u201ct\u00eb identifikuara nga klient\u00ebt e Sali Berish\u00ebs&#8221;. \u201cAtdheu po shitet! Berisha po e shet!\u201d, tha Bra\u00e7e p\u00ebrmes faqes s\u00eb tij n\u00eb Facebook. Nd\u00ebrsa shtoi se \u201c1 milion met\u00ebr katror t\u00eb tjera po b\u00ebhen gati\u201d.<\/p>\n<p>Bra\u00e7e ka shpjeguar se \u201cjan\u00eb territore t\u00eb t\u00ebra repartesh ushtarake, poligonesh, komandash, mobilizimi, shkolla ushtarake, spitale\u201d, t\u00eb gjitha \u201cbrenda qyteteve, n\u00eb periferit\u00eb urbane t\u00eb tyre, por mbi t\u00eb gjitha n\u00eb bregdet\u201d.<\/p>\n<p>Deputeti socialist rr\u00ebfen se \u201cme dy dekrete, nj\u00ebri n\u00eb vitin 2009 dhe tjetri i para dy muajve, President i Republik\u00ebs i ka miratuar Ministris\u00eb s\u00eb Mbrojtjes at\u00eb q\u00eb quhet \u2018Plani i P\u00ebrhapjes\u2019 dhe i referohet forcave t\u00eb armatosura dhe aseteve t\u00eb tyre\u201d. \u2018Plani i P\u00ebrhapjes\u2019 tregon vendosjen e Ushtris\u00eb shqiptare dhe nj\u00ebkoh\u00ebsisht \u201cvlen p\u00ebr t\u00eb nxjerr\u00eb jasht\u00eb p\u00ebrhapjes s\u00eb Ushtris\u00eb asete t\u00eb m\u00ebdha\u201d t\u00eb saj.<\/p>\n<p>Bra\u00e7e pohon se pavar\u00ebsisht se dekretet jan\u00eb publike, askush nuk ka akses t\u00eb plot\u00eb p\u00ebr t\u00eb m\u00ebsuar se cilat jan\u00eb pronat q\u00eb kan\u00eb dal\u00eb nga Plani i P\u00ebrhapjes e q\u00eb, sipas procedurave, evidentohen p\u00ebr privatizim dhe i d\u00ebrgohen Ministris\u00eb s\u00eb Ekonomis\u00eb.<\/p>\n<p>Sipas deputetit t\u00eb PS, p\u00ebrve\u00e7 nj\u00eb pjese t\u00eb mir\u00eb t\u00eb bregdetit shqiptar, pritet t\u00eb privatizohen edhe pjes\u00eb t\u00eb Spitalit Ushtarak, Shkoll\u00ebs s\u00eb Bashkuar, Shkoll\u00ebs s\u00eb Marin\u00ebs n\u00eb Vlor\u00eb.<\/p>\n<p>\u201cUn\u00eb kam listat e pronave t\u00eb Ushtris\u00eb t\u00eb nxjera jasht\u00eb \u2018Planit t\u00eb P\u00ebrhapjes\u2019 me dekretin e vitit 2009 &#8211; shkruan Bra\u00e7e &#8211; Kan\u00eb nj\u00eb sip\u00ebrfaqje mbi 1.2 milion metra katror. Fillojn\u00eb me periferin\u00eb urbane t\u00eb Tiran\u00ebs, Durr\u00ebsit, Kor\u00e7\u00ebs, Elbasanit, Shkodr\u00ebs dhe vijojn\u00eb n\u00eb bregdet me bregun e Kurbinit, Durr\u00ebsit, Kavaj\u00ebs, Fierit, Vlor\u00ebs: nga Pish Poro, Novosel\u00eb, Nart\u00eb, Zv\u00ebrnec, Pusi i M\u00ebzinit, Kanin\u00eb, Uji i Ftoht\u00eb, Rradhim\u00eb, Orikum, Karaburun; m\u00eb tej n\u00eb Bregun e Diellit, nga Palasa, Jala, Porto Palermo, Himara, Lukova, Lekursi, Ksamili\u201d.<\/p>\n<p>Bra\u00e7e vazhdon m\u00eb tej: \u201cVet\u00ebm n\u00eb Karaburun jan\u00eb mbi 160 mij\u00eb met\u00ebr katror duke p\u00ebrfshir\u00eb Raven\u00ebn, Kepin e Gjuh\u00ebz\u00ebs, Maj\u00ebn Flamur apo edhe depot n\u00eb Orikum\u201d. Nd\u00ebrsa n\u00eb Palas\u00eb jan\u00eb \u201cmbi 20 mij\u00eb met\u00ebr katror\u201d. \u201cBrenda Vlor\u00ebs n\u00eb shitje \u00ebsht\u00eb Komanda e Distriktit, \u2018Kalaja\u2019 e famshme me mbi 16 mij\u00eb met\u00ebr katror\u201d.<\/p>\n<p>Nd\u00ebrkoh\u00eb q\u00eb 1 milion met\u00ebr katror t\u00eb tjera do t\u00eb shiten pas dekretit t\u00eb para dy muajve e q\u00eb sipas Bra\u00e7es mbahen t\u00eb fshehta. \u201cUn\u00eb m\u00ebsova dje se jasht\u00eb Planit t\u00eb P\u00ebrhapjes ka dal\u00eb nj\u00eb pjes\u00eb e madhe e Shkoll\u00ebs s\u00eb Bashkuar, Shkoll\u00ebs s\u00eb Marin\u00ebs n\u00eb Vlor\u00eb, Spitalit Ushtarak n\u00eb Tiran\u00eb, Baza e Bisht Pall\u00ebs, Tuneli i Porto Palermos\u201d, shkruan n\u00eb Facebook deputeti socialist.<\/p>\n<p>Bra\u00e7e deklaron se t\u00eb gjitha k\u00ebto prona t\u00eb Ushtris\u00eb jan\u00eb piketuar nga \u201cklient\u00ebt e Sali Berish\u00ebs. Kudo ata!\u201d Dhe se gjurma m\u00eb qart\u00eb duket n\u00eb Palas\u00eb dhe n\u00eb Porto Palermo.<\/p>\n<p>\u201cKjo bat\u00ebrdi duhet ndalur\u201d, p\u00ebrfundon deputeti socialist.<\/p>\n<p>(<em>im\/shqiptarja.com<\/em>)<\/p>\n","protected":false},"excerpt":{"rendered":"<p>Politik\u00eb Reagon Ministria, por harron bregdetin Oketa: Pronat e Ushtris\u00eb t\u2019u shkojn\u00eb ish-pronar\u00ebve TIRANE &#8211; Deputeti socialist Erion Bra\u00e7e ka dh\u00ebn\u00eb sot alarmin se Qeveria po shet 1.2 milion\u00eb met\u00ebr katror prona t\u00eb Ushtris\u00eb, kryesisht n\u00eb bregdet, t\u00eb gjitha \u201ct\u00eb identifikuara nga klient\u00ebt e Sali Berish\u00ebs&#8221;. \u201cAtdheu po shitet! Berisha po e shet!\u201d, tha Bra\u00e7e [&hellip;]<\/p>\n","protected":false},"author":1,"featured_media":0,"comment_status":"open","ping_status":"closed","sticky":false,"template":"","format":"standard","meta":{"footnotes":""},"categories":[2,5],"tags":[],"class_list":{"0":"post-11968","1":"post","2":"type-post","3":"status-publish","4":"format-standard","6":"category-artikuj","7":"category-lajme"},"yoast_head":"<!-- This site is optimized with the Yoast SEO plugin v27.4 - https:\/\/yoast.com\/product\/yoast-seo-wordpress\/ -->\n<title>Bra\u00e7e: Pronat e Ushtris\u00eb po u shiten klient\u00ebve t\u00eb Berish\u00ebs - FjALA e LIR\u00cb - Arkivi<\/title>\n<meta name=\"robots\" content=\"index, follow, max-snippet:-1, max-image-preview:large, max-video-preview:-1\" \/>\n<link rel=\"canonical\" href=\"https:\/\/fjala.info\/2009-2015\/brace-pronat-e-ushtrise-po-u-shiten-klienteve-te-berishes\/\" \/>\n<meta property=\"og:locale\" content=\"sq_AL\" \/>\n<meta property=\"og:type\" content=\"article\" \/>\n<meta property=\"og:title\" content=\"Bra\u00e7e: Pronat e Ushtris\u00eb po u shiten klient\u00ebve t\u00eb Berish\u00ebs - FjALA e LIR\u00cb - Arkivi\" \/>\n<meta property=\"og:description\" content=\"Politik\u00eb Reagon Ministria, por harron bregdetin Oketa: Pronat e Ushtris\u00eb t\u2019u shkojn\u00eb ish-pronar\u00ebve TIRANE &#8211; Deputeti socialist Erion Bra\u00e7e ka dh\u00ebn\u00eb sot alarmin se Qeveria po shet 1.2 milion\u00eb met\u00ebr katror prona t\u00eb Ushtris\u00eb, kryesisht n\u00eb bregdet, t\u00eb gjitha \u201ct\u00eb identifikuara nga klient\u00ebt e Sali Berish\u00ebs&#8221;. \u201cAtdheu po shitet! Berisha po e shet!\u201d, tha Bra\u00e7e [&hellip;]\" \/>\n<meta property=\"og:url\" content=\"https:\/\/fjala.info\/2009-2015\/brace-pronat-e-ushtrise-po-u-shiten-klienteve-te-berishes\/\" \/>\n<meta property=\"og:site_name\" content=\"FjALA e LIR\u00cb - Arkivi\" \/>\n<meta property=\"article:published_time\" content=\"2012-07-19T20:06:56+00:00\" \/>\n<meta property=\"og:image\" content=\"http:\/\/www.fjala.info\/2012\/erion_brace_kuvendi.jpg\" \/>\n<meta name=\"author\" content=\"admin\" \/>\n<meta name=\"twitter:card\" content=\"summary_large_image\" \/>\n<meta name=\"twitter:label1\" content=\"Written by\" \/>\n\t<meta name=\"twitter:data1\" content=\"admin\" \/>\n\t<meta name=\"twitter:label2\" content=\"Est. reading time\" \/>\n\t<meta name=\"twitter:data2\" content=\"3 minutes\" \/>\n<script type=\"application\/ld+json\" class=\"yoast-schema-graph\">{\"@context\":\"https:\\\/\\\/schema.org\",\"@graph\":[{\"@type\":\"Article\",\"@id\":\"https:\\\/\\\/fjala.info\\\/2009-2015\\\/brace-pronat-e-ushtrise-po-u-shiten-klienteve-te-berishes\\\/#article\",\"isPartOf\":{\"@id\":\"https:\\\/\\\/fjala.info\\\/2009-2015\\\/brace-pronat-e-ushtrise-po-u-shiten-klienteve-te-berishes\\\/\"},\"author\":{\"name\":\"admin\",\"@id\":\"https:\\\/\\\/fjala.info\\\/2009-2015\\\/#\\\/schema\\\/person\\\/3aa1163ef05469c496fc94e77611ada2\"},\"headline\":\"Bra\u00e7e: Pronat e Ushtris\u00eb po u shiten klient\u00ebve t\u00eb Berish\u00ebs\",\"datePublished\":\"2012-07-19T20:06:56+00:00\",\"mainEntityOfPage\":{\"@id\":\"https:\\\/\\\/fjala.info\\\/2009-2015\\\/brace-pronat-e-ushtrise-po-u-shiten-klienteve-te-berishes\\\/\"},\"wordCount\":555,\"commentCount\":0,\"publisher\":{\"@id\":\"https:\\\/\\\/fjala.info\\\/2009-2015\\\/#organization\"},\"image\":{\"@id\":\"https:\\\/\\\/fjala.info\\\/2009-2015\\\/brace-pronat-e-ushtrise-po-u-shiten-klienteve-te-berishes\\\/#primaryimage\"},\"thumbnailUrl\":\"http:\\\/\\\/www.fjala.info\\\/2012\\\/erion_brace_kuvendi.jpg\",\"articleSection\":[\"Artikuj\",\"Lajme\"],\"inLanguage\":\"sq-AL\",\"potentialAction\":[{\"@type\":\"CommentAction\",\"name\":\"Comment\",\"target\":[\"https:\\\/\\\/fjala.info\\\/2009-2015\\\/brace-pronat-e-ushtrise-po-u-shiten-klienteve-te-berishes\\\/#respond\"]}]},{\"@type\":\"WebPage\",\"@id\":\"https:\\\/\\\/fjala.info\\\/2009-2015\\\/brace-pronat-e-ushtrise-po-u-shiten-klienteve-te-berishes\\\/\",\"url\":\"https:\\\/\\\/fjala.info\\\/2009-2015\\\/brace-pronat-e-ushtrise-po-u-shiten-klienteve-te-berishes\\\/\",\"name\":\"Bra\u00e7e: Pronat e Ushtris\u00eb po u shiten klient\u00ebve t\u00eb Berish\u00ebs - FjALA e LIR\u00cb - Arkivi\",\"isPartOf\":{\"@id\":\"https:\\\/\\\/fjala.info\\\/2009-2015\\\/#website\"},\"primaryImageOfPage\":{\"@id\":\"https:\\\/\\\/fjala.info\\\/2009-2015\\\/brace-pronat-e-ushtrise-po-u-shiten-klienteve-te-berishes\\\/#primaryimage\"},\"image\":{\"@id\":\"https:\\\/\\\/fjala.info\\\/2009-2015\\\/brace-pronat-e-ushtrise-po-u-shiten-klienteve-te-berishes\\\/#primaryimage\"},\"thumbnailUrl\":\"http:\\\/\\\/www.fjala.info\\\/2012\\\/erion_brace_kuvendi.jpg\",\"datePublished\":\"2012-07-19T20:06:56+00:00\",\"breadcrumb\":{\"@id\":\"https:\\\/\\\/fjala.info\\\/2009-2015\\\/brace-pronat-e-ushtrise-po-u-shiten-klienteve-te-berishes\\\/#breadcrumb\"},\"inLanguage\":\"sq-AL\",\"potentialAction\":[{\"@type\":\"ReadAction\",\"target\":[\"https:\\\/\\\/fjala.info\\\/2009-2015\\\/brace-pronat-e-ushtrise-po-u-shiten-klienteve-te-berishes\\\/\"]}]},{\"@type\":\"ImageObject\",\"inLanguage\":\"sq-AL\",\"@id\":\"https:\\\/\\\/fjala.info\\\/2009-2015\\\/brace-pronat-e-ushtrise-po-u-shiten-klienteve-te-berishes\\\/#primaryimage\",\"url\":\"http:\\\/\\\/www.fjala.info\\\/2012\\\/erion_brace_kuvendi.jpg\",\"contentUrl\":\"http:\\\/\\\/www.fjala.info\\\/2012\\\/erion_brace_kuvendi.jpg\"},{\"@type\":\"BreadcrumbList\",\"@id\":\"https:\\\/\\\/fjala.info\\\/2009-2015\\\/brace-pronat-e-ushtrise-po-u-shiten-klienteve-te-berishes\\\/#breadcrumb\",\"itemListElement\":[{\"@type\":\"ListItem\",\"position\":1,\"name\":\"Home\",\"item\":\"https:\\\/\\\/fjala.info\\\/2009-2015\\\/\"},{\"@type\":\"ListItem\",\"position\":2,\"name\":\"Bra\u00e7e: Pronat e Ushtris\u00eb po u shiten klient\u00ebve t\u00eb Berish\u00ebs\"}]},{\"@type\":\"WebSite\",\"@id\":\"https:\\\/\\\/fjala.info\\\/2009-2015\\\/#website\",\"url\":\"https:\\\/\\\/fjala.info\\\/2009-2015\\\/\",\"name\":\"FjALA e LIR\u00cb - Arkivi\",\"description\":\"Arkivi 2009-2015\",\"publisher\":{\"@id\":\"https:\\\/\\\/fjala.info\\\/2009-2015\\\/#organization\"},\"potentialAction\":[{\"@type\":\"SearchAction\",\"target\":{\"@type\":\"EntryPoint\",\"urlTemplate\":\"https:\\\/\\\/fjala.info\\\/2009-2015\\\/?s={search_term_string}\"},\"query-input\":{\"@type\":\"PropertyValueSpecification\",\"valueRequired\":true,\"valueName\":\"search_term_string\"}}],\"inLanguage\":\"sq-AL\"},{\"@type\":\"Organization\",\"@id\":\"https:\\\/\\\/fjala.info\\\/2009-2015\\\/#organization\",\"name\":\"FjALA e LIR\u00cb - Arkivi\",\"url\":\"https:\\\/\\\/fjala.info\\\/2009-2015\\\/\",\"logo\":{\"@type\":\"ImageObject\",\"inLanguage\":\"sq-AL\",\"@id\":\"https:\\\/\\\/fjala.info\\\/2009-2015\\\/#\\\/schema\\\/logo\\\/image\\\/\",\"url\":\"\",\"contentUrl\":\"\",\"caption\":\"FjALA e LIR\u00cb - Arkivi\"},\"image\":{\"@id\":\"https:\\\/\\\/fjala.info\\\/2009-2015\\\/#\\\/schema\\\/logo\\\/image\\\/\"}},{\"@type\":\"Person\",\"@id\":\"https:\\\/\\\/fjala.info\\\/2009-2015\\\/#\\\/schema\\\/person\\\/3aa1163ef05469c496fc94e77611ada2\",\"name\":\"admin\",\"image\":{\"@type\":\"ImageObject\",\"inLanguage\":\"sq-AL\",\"@id\":\"https:\\\/\\\/fjala.info\\\/2009-2015\\\/wp-content\\\/uploads\\\/2012\\\/02\\\/arben_cokaj-120x150.jpg\",\"url\":\"https:\\\/\\\/fjala.info\\\/2009-2015\\\/wp-content\\\/uploads\\\/2012\\\/02\\\/arben_cokaj-120x150.jpg\",\"contentUrl\":\"https:\\\/\\\/fjala.info\\\/2009-2015\\\/wp-content\\\/uploads\\\/2012\\\/02\\\/arben_cokaj-120x150.jpg\",\"caption\":\"admin\"},\"description\":\"Admin, Fjala e Lir\u00eb\",\"sameAs\":[\"https:\\\/\\\/fjala.info\\\/\"],\"url\":\"https:\\\/\\\/fjala.info\\\/2009-2015\\\/author\\\/admin\\\/\"}]}<\/script>\n<!-- \/ Yoast SEO plugin. -->","yoast_head_json":{"title":"Bra\u00e7e: Pronat e Ushtris\u00eb po u shiten klient\u00ebve t\u00eb Berish\u00ebs - FjALA e LIR\u00cb - Arkivi","robots":{"index":"index","follow":"follow","max-snippet":"max-snippet:-1","max-image-preview":"max-image-preview:large","max-video-preview":"max-video-preview:-1"},"canonical":"https:\/\/fjala.info\/2009-2015\/brace-pronat-e-ushtrise-po-u-shiten-klienteve-te-berishes\/","og_locale":"sq_AL","og_type":"article","og_title":"Bra\u00e7e: Pronat e Ushtris\u00eb po u shiten klient\u00ebve t\u00eb Berish\u00ebs - FjALA e LIR\u00cb - Arkivi","og_description":"Politik\u00eb Reagon Ministria, por harron bregdetin Oketa: Pronat e Ushtris\u00eb t\u2019u shkojn\u00eb ish-pronar\u00ebve TIRANE &#8211; Deputeti socialist Erion Bra\u00e7e ka dh\u00ebn\u00eb sot alarmin se Qeveria po shet 1.2 milion\u00eb met\u00ebr katror prona t\u00eb Ushtris\u00eb, kryesisht n\u00eb bregdet, t\u00eb gjitha \u201ct\u00eb identifikuara nga klient\u00ebt e Sali Berish\u00ebs&#8221;. \u201cAtdheu po shitet! Berisha po e shet!\u201d, tha Bra\u00e7e [&hellip;]","og_url":"https:\/\/fjala.info\/2009-2015\/brace-pronat-e-ushtrise-po-u-shiten-klienteve-te-berishes\/","og_site_name":"FjALA e LIR\u00cb - Arkivi","article_published_time":"2012-07-19T20:06:56+00:00","og_image":[{"url":"http:\/\/www.fjala.info\/2012\/erion_brace_kuvendi.jpg","type":"","width":"","height":""}],"author":"admin","twitter_card":"summary_large_image","twitter_misc":{"Written by":"admin","Est. reading time":"3 minutes"},"schema":{"@context":"https:\/\/schema.org","@graph":[{"@type":"Article","@id":"https:\/\/fjala.info\/2009-2015\/brace-pronat-e-ushtrise-po-u-shiten-klienteve-te-berishes\/#article","isPartOf":{"@id":"https:\/\/fjala.info\/2009-2015\/brace-pronat-e-ushtrise-po-u-shiten-klienteve-te-berishes\/"},"author":{"name":"admin","@id":"https:\/\/fjala.info\/2009-2015\/#\/schema\/person\/3aa1163ef05469c496fc94e77611ada2"},"headline":"Bra\u00e7e: Pronat e Ushtris\u00eb po u shiten klient\u00ebve t\u00eb Berish\u00ebs","datePublished":"2012-07-19T20:06:56+00:00","mainEntityOfPage":{"@id":"https:\/\/fjala.info\/2009-2015\/brace-pronat-e-ushtrise-po-u-shiten-klienteve-te-berishes\/"},"wordCount":555,"commentCount":0,"publisher":{"@id":"https:\/\/fjala.info\/2009-2015\/#organization"},"image":{"@id":"https:\/\/fjala.info\/2009-2015\/brace-pronat-e-ushtrise-po-u-shiten-klienteve-te-berishes\/#primaryimage"},"thumbnailUrl":"http:\/\/www.fjala.info\/2012\/erion_brace_kuvendi.jpg","articleSection":["Artikuj","Lajme"],"inLanguage":"sq-AL","potentialAction":[{"@type":"CommentAction","name":"Comment","target":["https:\/\/fjala.info\/2009-2015\/brace-pronat-e-ushtrise-po-u-shiten-klienteve-te-berishes\/#respond"]}]},{"@type":"WebPage","@id":"https:\/\/fjala.info\/2009-2015\/brace-pronat-e-ushtrise-po-u-shiten-klienteve-te-berishes\/","url":"https:\/\/fjala.info\/2009-2015\/brace-pronat-e-ushtrise-po-u-shiten-klienteve-te-berishes\/","name":"Bra\u00e7e: Pronat e Ushtris\u00eb po u shiten klient\u00ebve t\u00eb Berish\u00ebs - FjALA e LIR\u00cb - Arkivi","isPartOf":{"@id":"https:\/\/fjala.info\/2009-2015\/#website"},"primaryImageOfPage":{"@id":"https:\/\/fjala.info\/2009-2015\/brace-pronat-e-ushtrise-po-u-shiten-klienteve-te-berishes\/#primaryimage"},"image":{"@id":"https:\/\/fjala.info\/2009-2015\/brace-pronat-e-ushtrise-po-u-shiten-klienteve-te-berishes\/#primaryimage"},"thumbnailUrl":"http:\/\/www.fjala.info\/2012\/erion_brace_kuvendi.jpg","datePublished":"2012-07-19T20:06:56+00:00","breadcrumb":{"@id":"https:\/\/fjala.info\/2009-2015\/brace-pronat-e-ushtrise-po-u-shiten-klienteve-te-berishes\/#breadcrumb"},"inLanguage":"sq-AL","potentialAction":[{"@type":"ReadAction","target":["https:\/\/fjala.info\/2009-2015\/brace-pronat-e-ushtrise-po-u-shiten-klienteve-te-berishes\/"]}]},{"@type":"ImageObject","inLanguage":"sq-AL","@id":"https:\/\/fjala.info\/2009-2015\/brace-pronat-e-ushtrise-po-u-shiten-klienteve-te-berishes\/#primaryimage","url":"http:\/\/www.fjala.info\/2012\/erion_brace_kuvendi.jpg","contentUrl":"http:\/\/www.fjala.info\/2012\/erion_brace_kuvendi.jpg"},{"@type":"BreadcrumbList","@id":"https:\/\/fjala.info\/2009-2015\/brace-pronat-e-ushtrise-po-u-shiten-klienteve-te-berishes\/#breadcrumb","itemListElement":[{"@type":"ListItem","position":1,"name":"Home","item":"https:\/\/fjala.info\/2009-2015\/"},{"@type":"ListItem","position":2,"name":"Bra\u00e7e: Pronat e Ushtris\u00eb po u shiten klient\u00ebve t\u00eb Berish\u00ebs"}]},{"@type":"WebSite","@id":"https:\/\/fjala.info\/2009-2015\/#website","url":"https:\/\/fjala.info\/2009-2015\/","name":"FjALA e LIR\u00cb - Arkivi","description":"Arkivi 2009-2015","publisher":{"@id":"https:\/\/fjala.info\/2009-2015\/#organization"},"potentialAction":[{"@type":"SearchAction","target":{"@type":"EntryPoint","urlTemplate":"https:\/\/fjala.info\/2009-2015\/?s={search_term_string}"},"query-input":{"@type":"PropertyValueSpecification","valueRequired":true,"valueName":"search_term_string"}}],"inLanguage":"sq-AL"},{"@type":"Organization","@id":"https:\/\/fjala.info\/2009-2015\/#organization","name":"FjALA e LIR\u00cb - Arkivi","url":"https:\/\/fjala.info\/2009-2015\/","logo":{"@type":"ImageObject","inLanguage":"sq-AL","@id":"https:\/\/fjala.info\/2009-2015\/#\/schema\/logo\/image\/","url":"","contentUrl":"","caption":"FjALA e LIR\u00cb - Arkivi"},"image":{"@id":"https:\/\/fjala.info\/2009-2015\/#\/schema\/logo\/image\/"}},{"@type":"Person","@id":"https:\/\/fjala.info\/2009-2015\/#\/schema\/person\/3aa1163ef05469c496fc94e77611ada2","name":"admin","image":{"@type":"ImageObject","inLanguage":"sq-AL","@id":"https:\/\/fjala.info\/2009-2015\/wp-content\/uploads\/2012\/02\/arben_cokaj-120x150.jpg","url":"https:\/\/fjala.info\/2009-2015\/wp-content\/uploads\/2012\/02\/arben_cokaj-120x150.jpg","contentUrl":"https:\/\/fjala.info\/2009-2015\/wp-content\/uploads\/2012\/02\/arben_cokaj-120x150.jpg","caption":"admin"},"description":"Admin, Fjala e Lir\u00eb","sameAs":["https:\/\/fjala.info\/"],"url":"https:\/\/fjala.info\/2009-2015\/author\/admin\/"}]}},"_links":{"self":[{"href":"https:\/\/fjala.info\/2009-2015\/wp-json\/wp\/v2\/posts\/11968","targetHints":{"allow":["GET"]}}],"collection":[{"href":"https:\/\/fjala.info\/2009-2015\/wp-json\/wp\/v2\/posts"}],"about":[{"href":"https:\/\/fjala.info\/2009-2015\/wp-json\/wp\/v2\/types\/post"}],"author":[{"embeddable":true,"href":"https:\/\/fjala.info\/2009-2015\/wp-json\/wp\/v2\/users\/1"}],"replies":[{"embeddable":true,"href":"https:\/\/fjala.info\/2009-2015\/wp-json\/wp\/v2\/comments?post=11968"}],"version-history":[{"count":0,"href":"https:\/\/fjala.info\/2009-2015\/wp-json\/wp\/v2\/posts\/11968\/revisions"}],"wp:attachment":[{"href":"https:\/\/fjala.info\/2009-2015\/wp-json\/wp\/v2\/media?parent=11968"}],"wp:term":[{"taxonomy":"category","embeddable":true,"href":"https:\/\/fjala.info\/2009-2015\/wp-json\/wp\/v2\/categories?post=11968"},{"taxonomy":"post_tag","embeddable":true,"href":"https:\/\/fjala.info\/2009-2015\/wp-json\/wp\/v2\/tags?post=11968"}],"curies":[{"name":"wp","href":"https:\/\/api.w.org\/{rel}","templated":true}]}}