{"id":11967,"date":"2012-07-19T14:56:11","date_gmt":"2012-07-19T13:56:11","guid":{"rendered":"http:\/\/www.fjala.info\/?p=3910"},"modified":"2012-07-19T14:56:11","modified_gmt":"2012-07-19T13:56:11","slug":"rasmussen-siguron-jahjagen-nuk-ka-ndarje-te-kosoves","status":"publish","type":"post","link":"https:\/\/fjala.info\/2009-2015\/rasmussen-siguron-jahjagen-nuk-ka-ndarje-te-kosoves\/","title":{"rendered":"Rasmussen siguron Jahjag\u00ebn: Nuk ka ndarje t\u00eb Kosov\u00ebs"},"content":{"rendered":"<p><img decoding=\"async\" class=\"alignright size-thumbnail wp-image-7236\" title=\"Rasmussen - Jahjaga\" src=\"http:\/\/www.fjala.info\/2012\/rasmussen_jahjaga.jpg\" alt=\"\" width=\"300\" \/><br \/>\n<strong>TemA<\/strong>, <em>19 Korrik 2012<\/em><\/p>\n<p>Presidentja e Republik\u00ebs s\u00eb Kosov\u00ebs, zonja Atifete Jahjaga u takua n\u00eb Selin\u00eb e NATO-s n\u00eb Bruksel me Sekretarin e P\u00ebrgjithsh\u00ebm t\u00eb NATO-s, Anders Fogh Rasmussen.<\/p>\n<p>Sekretari i P\u00ebrgjithsh\u00ebm i NATO-s, Anders Fogh Rasmussen p\u00ebrg\u00ebzoi presidenten Jahjaga p\u00ebr lidershipin e saj. Ai tha se presidentja Jahjaga, q\u00ebndron si garantues i vlerave dhe principeve baz\u00eb t\u00eb demokracis\u00eb dhe sundimit t\u00eb ligjit, liris\u00eb s\u00eb shprehjes dhe barazis\u00eb qytetare, principe k\u00ebto mbi t\u00eb cilat po nd\u00ebrtohet Kosova.<\/p>\n<p>Ai gjithashtu i dha mb\u00ebshtetje presidentes p\u00ebr rolin e saj n\u00eb heqjen e neneve 37, 38 dhe 39 nga kodi penal i Kosov\u00ebs, duke mund\u00ebsuar k\u00ebshtu lirin\u00eb e shprehjes dhe pun\u00ebn profesionale t\u00eb mediave.<\/p>\n<p>Rasmussen e p\u00ebrg\u00ebzoi presidenten Jahjaga, p\u00ebr p\u00ebrfundimin me sukses t\u00eb faz\u00ebs s\u00eb pavar\u00ebsis\u00eb s\u00eb mbik\u00ebqyrur duke vler\u00ebsuar k\u00ebt\u00eb si nj\u00eb hap p\u00ebrpara p\u00ebr Kosov\u00ebn, si dhe p\u00ebrg\u00ebzoi pun\u00ebn e FSK-s\u00eb, n\u00eb p\u00ebrmbushjen e kapaciteteve t\u00eb plota operacionale n\u00eb realizimin e mandatit t\u00eb saj.<\/p>\n<p>Rasmussen tha se KFOR-i do t\u00eb q\u00ebndroj\u00eb edhe m\u00eb tej n\u00eb Kosov\u00eb si garantues i paqes dhe i stabilitetit. Duke theksuar se zgjidhja e \u00e7\u00ebshtjeve n\u00eb tri komunat e veriut \u00ebsht\u00eb politike dhe n\u00eb k\u00ebt\u00eb drejtim e p\u00ebrg\u00ebzoi presidenten Jahjaga p\u00ebr angazhimin e saj n\u00eb komunikimin me t\u00eb gjitha komunitetet.<\/p>\n<p>Sekretari Rasmussen, e siguroi presidenten Jahjaga se nuk ka ndarje t\u00eb Kosov\u00ebs, por zgjidhja \u00ebsht\u00eb n\u00eb integrimin e plot\u00eb.<\/p>\n<p>Presidentja Jahjaga e fal\u00ebnderoi Sekretarin e NATO-s, Rasmussen p\u00ebr angazhimin e tij personal dhe p\u00ebr pun\u00ebn e t\u00eb gjith\u00eb atyre burrave dhe grave t\u00eb KFOR-it, q\u00eb po e b\u00ebjn\u00eb n\u00eb Kosov\u00eb.<\/p>\n<p>Duke folur p\u00ebr situat\u00ebn e p\u00ebrgjithshme Presidentja Jahjaga, theksoi se Kosova si shtet sovran dhe i pavarur \u00ebsht\u00eb b\u00ebr\u00eb faktor paqeje dhe stabiliteti n\u00eb rajon dhe zhvillon marr\u00ebdh\u00ebnie t\u00eb mira me t\u00eb gjith\u00eb fqinj\u00ebt dhe k\u00ebso marr\u00ebdh\u00ebniesh d\u00ebshiron q\u00eb t\u00eb ket\u00eb edhe me fqinjin verior Republik\u00ebn e Serbis\u00eb, sepse e ardhmja e gjith\u00eb rajonit \u00ebsht\u00eb n\u00eb integrimet Evropiane dhe k\u00ebtu arrijm\u00eb duke e ndihmuar nj\u00ebri tjetrin.\/KD<\/p>\n","protected":false},"excerpt":{"rendered":"<p>TemA, 19 Korrik 2012 Presidentja e Republik\u00ebs s\u00eb Kosov\u00ebs, zonja Atifete Jahjaga u takua n\u00eb Selin\u00eb e NATO-s n\u00eb Bruksel me Sekretarin e P\u00ebrgjithsh\u00ebm t\u00eb NATO-s, Anders Fogh Rasmussen. Sekretari i P\u00ebrgjithsh\u00ebm i NATO-s, Anders Fogh Rasmussen p\u00ebrg\u00ebzoi presidenten Jahjaga p\u00ebr lidershipin e saj. Ai tha se presidentja Jahjaga, q\u00ebndron si garantues i vlerave dhe [&hellip;]<\/p>\n","protected":false},"author":1,"featured_media":0,"comment_status":"open","ping_status":"closed","sticky":false,"template":"","format":"standard","meta":{"footnotes":""},"categories":[2],"tags":[],"class_list":{"0":"post-11967","1":"post","2":"type-post","3":"status-publish","4":"format-standard","6":"category-artikuj"},"yoast_head":"<!-- This site is optimized with the Yoast SEO plugin v27.4 - https:\/\/yoast.com\/product\/yoast-seo-wordpress\/ -->\n<title>Rasmussen siguron Jahjag\u00ebn: Nuk ka ndarje t\u00eb Kosov\u00ebs - FjALA e LIR\u00cb - Arkivi<\/title>\n<meta name=\"robots\" content=\"index, follow, max-snippet:-1, max-image-preview:large, max-video-preview:-1\" \/>\n<link rel=\"canonical\" href=\"https:\/\/fjala.info\/2009-2015\/rasmussen-siguron-jahjagen-nuk-ka-ndarje-te-kosoves\/\" \/>\n<meta property=\"og:locale\" content=\"sq_AL\" \/>\n<meta property=\"og:type\" content=\"article\" \/>\n<meta property=\"og:title\" content=\"Rasmussen siguron Jahjag\u00ebn: Nuk ka ndarje t\u00eb Kosov\u00ebs - FjALA e LIR\u00cb - Arkivi\" \/>\n<meta property=\"og:description\" content=\"TemA, 19 Korrik 2012 Presidentja e Republik\u00ebs s\u00eb Kosov\u00ebs, zonja Atifete Jahjaga u takua n\u00eb Selin\u00eb e NATO-s n\u00eb Bruksel me Sekretarin e P\u00ebrgjithsh\u00ebm t\u00eb NATO-s, Anders Fogh Rasmussen. Sekretari i P\u00ebrgjithsh\u00ebm i NATO-s, Anders Fogh Rasmussen p\u00ebrg\u00ebzoi presidenten Jahjaga p\u00ebr lidershipin e saj. Ai tha se presidentja Jahjaga, q\u00ebndron si garantues i vlerave dhe [&hellip;]\" \/>\n<meta property=\"og:url\" content=\"https:\/\/fjala.info\/2009-2015\/rasmussen-siguron-jahjagen-nuk-ka-ndarje-te-kosoves\/\" \/>\n<meta property=\"og:site_name\" content=\"FjALA e LIR\u00cb - Arkivi\" \/>\n<meta property=\"article:published_time\" content=\"2012-07-19T13:56:11+00:00\" \/>\n<meta property=\"og:image\" content=\"http:\/\/www.fjala.info\/2012\/rasmussen_jahjaga.jpg\" \/>\n<meta name=\"author\" content=\"admin\" \/>\n<meta name=\"twitter:card\" content=\"summary_large_image\" \/>\n<meta name=\"twitter:label1\" content=\"Written by\" \/>\n\t<meta name=\"twitter:data1\" content=\"admin\" \/>\n\t<meta name=\"twitter:label2\" content=\"Est. reading time\" \/>\n\t<meta name=\"twitter:data2\" content=\"2 minutes\" \/>\n<script type=\"application\/ld+json\" class=\"yoast-schema-graph\">{\"@context\":\"https:\\\/\\\/schema.org\",\"@graph\":[{\"@type\":\"Article\",\"@id\":\"https:\\\/\\\/fjala.info\\\/2009-2015\\\/rasmussen-siguron-jahjagen-nuk-ka-ndarje-te-kosoves\\\/#article\",\"isPartOf\":{\"@id\":\"https:\\\/\\\/fjala.info\\\/2009-2015\\\/rasmussen-siguron-jahjagen-nuk-ka-ndarje-te-kosoves\\\/\"},\"author\":{\"name\":\"admin\",\"@id\":\"https:\\\/\\\/fjala.info\\\/2009-2015\\\/#\\\/schema\\\/person\\\/3aa1163ef05469c496fc94e77611ada2\"},\"headline\":\"Rasmussen siguron Jahjag\u00ebn: Nuk ka ndarje t\u00eb Kosov\u00ebs\",\"datePublished\":\"2012-07-19T13:56:11+00:00\",\"mainEntityOfPage\":{\"@id\":\"https:\\\/\\\/fjala.info\\\/2009-2015\\\/rasmussen-siguron-jahjagen-nuk-ka-ndarje-te-kosoves\\\/\"},\"wordCount\":385,\"commentCount\":0,\"publisher\":{\"@id\":\"https:\\\/\\\/fjala.info\\\/2009-2015\\\/#organization\"},\"image\":{\"@id\":\"https:\\\/\\\/fjala.info\\\/2009-2015\\\/rasmussen-siguron-jahjagen-nuk-ka-ndarje-te-kosoves\\\/#primaryimage\"},\"thumbnailUrl\":\"http:\\\/\\\/www.fjala.info\\\/2012\\\/rasmussen_jahjaga.jpg\",\"articleSection\":[\"Artikuj\"],\"inLanguage\":\"sq-AL\",\"potentialAction\":[{\"@type\":\"CommentAction\",\"name\":\"Comment\",\"target\":[\"https:\\\/\\\/fjala.info\\\/2009-2015\\\/rasmussen-siguron-jahjagen-nuk-ka-ndarje-te-kosoves\\\/#respond\"]}]},{\"@type\":\"WebPage\",\"@id\":\"https:\\\/\\\/fjala.info\\\/2009-2015\\\/rasmussen-siguron-jahjagen-nuk-ka-ndarje-te-kosoves\\\/\",\"url\":\"https:\\\/\\\/fjala.info\\\/2009-2015\\\/rasmussen-siguron-jahjagen-nuk-ka-ndarje-te-kosoves\\\/\",\"name\":\"Rasmussen siguron Jahjag\u00ebn: Nuk ka ndarje t\u00eb Kosov\u00ebs - FjALA e LIR\u00cb - Arkivi\",\"isPartOf\":{\"@id\":\"https:\\\/\\\/fjala.info\\\/2009-2015\\\/#website\"},\"primaryImageOfPage\":{\"@id\":\"https:\\\/\\\/fjala.info\\\/2009-2015\\\/rasmussen-siguron-jahjagen-nuk-ka-ndarje-te-kosoves\\\/#primaryimage\"},\"image\":{\"@id\":\"https:\\\/\\\/fjala.info\\\/2009-2015\\\/rasmussen-siguron-jahjagen-nuk-ka-ndarje-te-kosoves\\\/#primaryimage\"},\"thumbnailUrl\":\"http:\\\/\\\/www.fjala.info\\\/2012\\\/rasmussen_jahjaga.jpg\",\"datePublished\":\"2012-07-19T13:56:11+00:00\",\"breadcrumb\":{\"@id\":\"https:\\\/\\\/fjala.info\\\/2009-2015\\\/rasmussen-siguron-jahjagen-nuk-ka-ndarje-te-kosoves\\\/#breadcrumb\"},\"inLanguage\":\"sq-AL\",\"potentialAction\":[{\"@type\":\"ReadAction\",\"target\":[\"https:\\\/\\\/fjala.info\\\/2009-2015\\\/rasmussen-siguron-jahjagen-nuk-ka-ndarje-te-kosoves\\\/\"]}]},{\"@type\":\"ImageObject\",\"inLanguage\":\"sq-AL\",\"@id\":\"https:\\\/\\\/fjala.info\\\/2009-2015\\\/rasmussen-siguron-jahjagen-nuk-ka-ndarje-te-kosoves\\\/#primaryimage\",\"url\":\"http:\\\/\\\/www.fjala.info\\\/2012\\\/rasmussen_jahjaga.jpg\",\"contentUrl\":\"http:\\\/\\\/www.fjala.info\\\/2012\\\/rasmussen_jahjaga.jpg\"},{\"@type\":\"BreadcrumbList\",\"@id\":\"https:\\\/\\\/fjala.info\\\/2009-2015\\\/rasmussen-siguron-jahjagen-nuk-ka-ndarje-te-kosoves\\\/#breadcrumb\",\"itemListElement\":[{\"@type\":\"ListItem\",\"position\":1,\"name\":\"Home\",\"item\":\"https:\\\/\\\/fjala.info\\\/2009-2015\\\/\"},{\"@type\":\"ListItem\",\"position\":2,\"name\":\"Rasmussen siguron Jahjag\u00ebn: Nuk ka ndarje t\u00eb Kosov\u00ebs\"}]},{\"@type\":\"WebSite\",\"@id\":\"https:\\\/\\\/fjala.info\\\/2009-2015\\\/#website\",\"url\":\"https:\\\/\\\/fjala.info\\\/2009-2015\\\/\",\"name\":\"FjALA e LIR\u00cb - Arkivi\",\"description\":\"Arkivi 2009-2015\",\"publisher\":{\"@id\":\"https:\\\/\\\/fjala.info\\\/2009-2015\\\/#organization\"},\"potentialAction\":[{\"@type\":\"SearchAction\",\"target\":{\"@type\":\"EntryPoint\",\"urlTemplate\":\"https:\\\/\\\/fjala.info\\\/2009-2015\\\/?s={search_term_string}\"},\"query-input\":{\"@type\":\"PropertyValueSpecification\",\"valueRequired\":true,\"valueName\":\"search_term_string\"}}],\"inLanguage\":\"sq-AL\"},{\"@type\":\"Organization\",\"@id\":\"https:\\\/\\\/fjala.info\\\/2009-2015\\\/#organization\",\"name\":\"FjALA e LIR\u00cb - Arkivi\",\"url\":\"https:\\\/\\\/fjala.info\\\/2009-2015\\\/\",\"logo\":{\"@type\":\"ImageObject\",\"inLanguage\":\"sq-AL\",\"@id\":\"https:\\\/\\\/fjala.info\\\/2009-2015\\\/#\\\/schema\\\/logo\\\/image\\\/\",\"url\":\"\",\"contentUrl\":\"\",\"caption\":\"FjALA e LIR\u00cb - Arkivi\"},\"image\":{\"@id\":\"https:\\\/\\\/fjala.info\\\/2009-2015\\\/#\\\/schema\\\/logo\\\/image\\\/\"}},{\"@type\":\"Person\",\"@id\":\"https:\\\/\\\/fjala.info\\\/2009-2015\\\/#\\\/schema\\\/person\\\/3aa1163ef05469c496fc94e77611ada2\",\"name\":\"admin\",\"image\":{\"@type\":\"ImageObject\",\"inLanguage\":\"sq-AL\",\"@id\":\"https:\\\/\\\/fjala.info\\\/2009-2015\\\/wp-content\\\/uploads\\\/2012\\\/02\\\/arben_cokaj-120x150.jpg\",\"url\":\"https:\\\/\\\/fjala.info\\\/2009-2015\\\/wp-content\\\/uploads\\\/2012\\\/02\\\/arben_cokaj-120x150.jpg\",\"contentUrl\":\"https:\\\/\\\/fjala.info\\\/2009-2015\\\/wp-content\\\/uploads\\\/2012\\\/02\\\/arben_cokaj-120x150.jpg\",\"caption\":\"admin\"},\"description\":\"Admin, Fjala e Lir\u00eb\",\"sameAs\":[\"https:\\\/\\\/fjala.info\\\/\"],\"url\":\"https:\\\/\\\/fjala.info\\\/2009-2015\\\/author\\\/admin\\\/\"}]}<\/script>\n<!-- \/ Yoast SEO plugin. -->","yoast_head_json":{"title":"Rasmussen siguron Jahjag\u00ebn: Nuk ka ndarje t\u00eb Kosov\u00ebs - FjALA e LIR\u00cb - Arkivi","robots":{"index":"index","follow":"follow","max-snippet":"max-snippet:-1","max-image-preview":"max-image-preview:large","max-video-preview":"max-video-preview:-1"},"canonical":"https:\/\/fjala.info\/2009-2015\/rasmussen-siguron-jahjagen-nuk-ka-ndarje-te-kosoves\/","og_locale":"sq_AL","og_type":"article","og_title":"Rasmussen siguron Jahjag\u00ebn: Nuk ka ndarje t\u00eb Kosov\u00ebs - FjALA e LIR\u00cb - Arkivi","og_description":"TemA, 19 Korrik 2012 Presidentja e Republik\u00ebs s\u00eb Kosov\u00ebs, zonja Atifete Jahjaga u takua n\u00eb Selin\u00eb e NATO-s n\u00eb Bruksel me Sekretarin e P\u00ebrgjithsh\u00ebm t\u00eb NATO-s, Anders Fogh Rasmussen. Sekretari i P\u00ebrgjithsh\u00ebm i NATO-s, Anders Fogh Rasmussen p\u00ebrg\u00ebzoi presidenten Jahjaga p\u00ebr lidershipin e saj. Ai tha se presidentja Jahjaga, q\u00ebndron si garantues i vlerave dhe [&hellip;]","og_url":"https:\/\/fjala.info\/2009-2015\/rasmussen-siguron-jahjagen-nuk-ka-ndarje-te-kosoves\/","og_site_name":"FjALA e LIR\u00cb - Arkivi","article_published_time":"2012-07-19T13:56:11+00:00","og_image":[{"url":"http:\/\/www.fjala.info\/2012\/rasmussen_jahjaga.jpg","type":"","width":"","height":""}],"author":"admin","twitter_card":"summary_large_image","twitter_misc":{"Written by":"admin","Est. reading time":"2 minutes"},"schema":{"@context":"https:\/\/schema.org","@graph":[{"@type":"Article","@id":"https:\/\/fjala.info\/2009-2015\/rasmussen-siguron-jahjagen-nuk-ka-ndarje-te-kosoves\/#article","isPartOf":{"@id":"https:\/\/fjala.info\/2009-2015\/rasmussen-siguron-jahjagen-nuk-ka-ndarje-te-kosoves\/"},"author":{"name":"admin","@id":"https:\/\/fjala.info\/2009-2015\/#\/schema\/person\/3aa1163ef05469c496fc94e77611ada2"},"headline":"Rasmussen siguron Jahjag\u00ebn: Nuk ka ndarje t\u00eb Kosov\u00ebs","datePublished":"2012-07-19T13:56:11+00:00","mainEntityOfPage":{"@id":"https:\/\/fjala.info\/2009-2015\/rasmussen-siguron-jahjagen-nuk-ka-ndarje-te-kosoves\/"},"wordCount":385,"commentCount":0,"publisher":{"@id":"https:\/\/fjala.info\/2009-2015\/#organization"},"image":{"@id":"https:\/\/fjala.info\/2009-2015\/rasmussen-siguron-jahjagen-nuk-ka-ndarje-te-kosoves\/#primaryimage"},"thumbnailUrl":"http:\/\/www.fjala.info\/2012\/rasmussen_jahjaga.jpg","articleSection":["Artikuj"],"inLanguage":"sq-AL","potentialAction":[{"@type":"CommentAction","name":"Comment","target":["https:\/\/fjala.info\/2009-2015\/rasmussen-siguron-jahjagen-nuk-ka-ndarje-te-kosoves\/#respond"]}]},{"@type":"WebPage","@id":"https:\/\/fjala.info\/2009-2015\/rasmussen-siguron-jahjagen-nuk-ka-ndarje-te-kosoves\/","url":"https:\/\/fjala.info\/2009-2015\/rasmussen-siguron-jahjagen-nuk-ka-ndarje-te-kosoves\/","name":"Rasmussen siguron Jahjag\u00ebn: Nuk ka ndarje t\u00eb Kosov\u00ebs - FjALA e LIR\u00cb - Arkivi","isPartOf":{"@id":"https:\/\/fjala.info\/2009-2015\/#website"},"primaryImageOfPage":{"@id":"https:\/\/fjala.info\/2009-2015\/rasmussen-siguron-jahjagen-nuk-ka-ndarje-te-kosoves\/#primaryimage"},"image":{"@id":"https:\/\/fjala.info\/2009-2015\/rasmussen-siguron-jahjagen-nuk-ka-ndarje-te-kosoves\/#primaryimage"},"thumbnailUrl":"http:\/\/www.fjala.info\/2012\/rasmussen_jahjaga.jpg","datePublished":"2012-07-19T13:56:11+00:00","breadcrumb":{"@id":"https:\/\/fjala.info\/2009-2015\/rasmussen-siguron-jahjagen-nuk-ka-ndarje-te-kosoves\/#breadcrumb"},"inLanguage":"sq-AL","potentialAction":[{"@type":"ReadAction","target":["https:\/\/fjala.info\/2009-2015\/rasmussen-siguron-jahjagen-nuk-ka-ndarje-te-kosoves\/"]}]},{"@type":"ImageObject","inLanguage":"sq-AL","@id":"https:\/\/fjala.info\/2009-2015\/rasmussen-siguron-jahjagen-nuk-ka-ndarje-te-kosoves\/#primaryimage","url":"http:\/\/www.fjala.info\/2012\/rasmussen_jahjaga.jpg","contentUrl":"http:\/\/www.fjala.info\/2012\/rasmussen_jahjaga.jpg"},{"@type":"BreadcrumbList","@id":"https:\/\/fjala.info\/2009-2015\/rasmussen-siguron-jahjagen-nuk-ka-ndarje-te-kosoves\/#breadcrumb","itemListElement":[{"@type":"ListItem","position":1,"name":"Home","item":"https:\/\/fjala.info\/2009-2015\/"},{"@type":"ListItem","position":2,"name":"Rasmussen siguron Jahjag\u00ebn: Nuk ka ndarje t\u00eb Kosov\u00ebs"}]},{"@type":"WebSite","@id":"https:\/\/fjala.info\/2009-2015\/#website","url":"https:\/\/fjala.info\/2009-2015\/","name":"FjALA e LIR\u00cb - Arkivi","description":"Arkivi 2009-2015","publisher":{"@id":"https:\/\/fjala.info\/2009-2015\/#organization"},"potentialAction":[{"@type":"SearchAction","target":{"@type":"EntryPoint","urlTemplate":"https:\/\/fjala.info\/2009-2015\/?s={search_term_string}"},"query-input":{"@type":"PropertyValueSpecification","valueRequired":true,"valueName":"search_term_string"}}],"inLanguage":"sq-AL"},{"@type":"Organization","@id":"https:\/\/fjala.info\/2009-2015\/#organization","name":"FjALA e LIR\u00cb - Arkivi","url":"https:\/\/fjala.info\/2009-2015\/","logo":{"@type":"ImageObject","inLanguage":"sq-AL","@id":"https:\/\/fjala.info\/2009-2015\/#\/schema\/logo\/image\/","url":"","contentUrl":"","caption":"FjALA e LIR\u00cb - Arkivi"},"image":{"@id":"https:\/\/fjala.info\/2009-2015\/#\/schema\/logo\/image\/"}},{"@type":"Person","@id":"https:\/\/fjala.info\/2009-2015\/#\/schema\/person\/3aa1163ef05469c496fc94e77611ada2","name":"admin","image":{"@type":"ImageObject","inLanguage":"sq-AL","@id":"https:\/\/fjala.info\/2009-2015\/wp-content\/uploads\/2012\/02\/arben_cokaj-120x150.jpg","url":"https:\/\/fjala.info\/2009-2015\/wp-content\/uploads\/2012\/02\/arben_cokaj-120x150.jpg","contentUrl":"https:\/\/fjala.info\/2009-2015\/wp-content\/uploads\/2012\/02\/arben_cokaj-120x150.jpg","caption":"admin"},"description":"Admin, Fjala e Lir\u00eb","sameAs":["https:\/\/fjala.info\/"],"url":"https:\/\/fjala.info\/2009-2015\/author\/admin\/"}]}},"_links":{"self":[{"href":"https:\/\/fjala.info\/2009-2015\/wp-json\/wp\/v2\/posts\/11967","targetHints":{"allow":["GET"]}}],"collection":[{"href":"https:\/\/fjala.info\/2009-2015\/wp-json\/wp\/v2\/posts"}],"about":[{"href":"https:\/\/fjala.info\/2009-2015\/wp-json\/wp\/v2\/types\/post"}],"author":[{"embeddable":true,"href":"https:\/\/fjala.info\/2009-2015\/wp-json\/wp\/v2\/users\/1"}],"replies":[{"embeddable":true,"href":"https:\/\/fjala.info\/2009-2015\/wp-json\/wp\/v2\/comments?post=11967"}],"version-history":[{"count":0,"href":"https:\/\/fjala.info\/2009-2015\/wp-json\/wp\/v2\/posts\/11967\/revisions"}],"wp:attachment":[{"href":"https:\/\/fjala.info\/2009-2015\/wp-json\/wp\/v2\/media?parent=11967"}],"wp:term":[{"taxonomy":"category","embeddable":true,"href":"https:\/\/fjala.info\/2009-2015\/wp-json\/wp\/v2\/categories?post=11967"},{"taxonomy":"post_tag","embeddable":true,"href":"https:\/\/fjala.info\/2009-2015\/wp-json\/wp\/v2\/tags?post=11967"}],"curies":[{"name":"wp","href":"https:\/\/api.w.org\/{rel}","templated":true}]}}