{"id":11966,"date":"2012-07-19T07:15:37","date_gmt":"2012-07-19T06:15:37","guid":{"rendered":"http:\/\/www.fjala.info\/?p=3907"},"modified":"2012-07-19T07:15:37","modified_gmt":"2012-07-19T06:15:37","slug":"berishes-i-shperthen-delli-krijues-tema-e-hartimit-si-i-vret-te-varferit-imuniteti-i-zyrtareve","status":"publish","type":"post","link":"https:\/\/fjala.info\/2009-2015\/berishes-i-shperthen-delli-krijues-tema-e-hartimit-si-i-vret-te-varferit-imuniteti-i-zyrtareve\/","title":{"rendered":"Berish\u00ebs i shp\u00ebrthen delli krijues; Tema e hartimit: Si i vret t\u00eb varf\u00ebrit imuniteti i zyrtar\u00ebve"},"content":{"rendered":"<p><img decoding=\"async\" class=\"alignleft size-thumbnail wp-image-7236\" title=\"Berisha - mbledhje qeverie\" src=\"http:\/\/www.fjala.info\/2012\/berisha_mbledhje_qeverie.jpg\" alt=\"\" width=\"300\" \/> <strong>ResPublica.al<\/strong>, <em>18 korrik 2012<\/em><\/p>\n<p>Lexojeni sa p\u00ebr d\u00ebfrim, pa asnj\u00eb koment e pa asnj\u00eb kok\u00eb\u00e7arje raportimi, shp\u00ebrthimin kreativ t\u00eb Berish\u00ebs n\u00eb mbledhje t\u00eb qeveris\u00eb:<\/p>\n<p>\u201c\u00cbsht\u00eb nj\u00ebmij\u00eb her\u00eb m\u00eb mir\u00eb t\u00eb d\u00ebgjosh z\u00ebrin e t\u00eb papunit q\u00eb sot nuk e di se \u00e7\u2019do tu jap\u00eb nes\u00ebr f\u00ebmij\u00ebve t\u00eb tij sepse korrupsioni ua merr atyre kafshat\u00ebn nga goja, t\u00eb d\u00ebgjosh m\u00eb mir\u00eb nj\u00eb n\u00ebn\u00eb q\u00eb ka humbur bashk\u00ebshortin dhe rrit dy f\u00ebmij\u00eb jetim\u00eb sepse korrupsioni pengon q\u00eb f\u00ebmij\u00ebt e saj t\u00eb ken\u00eb nj\u00eb trajtim m\u00eb dinjitopz dhe m\u00eb t\u00eb mir\u00eb. Mendoj se m\u00eb mir\u00eb t\u00eb d\u00ebgjosh z\u00ebrin e pensionistit q\u00eb qan pa lot \u00e7do dit\u00eb sepse ka dhimbje p\u00ebr p\u00ebrballimin e jet\u00ebs s\u00eb p\u00ebrditshme me pensionin q\u00eb merr, sepse imuniteti e pengon q\u00eb t\u00eb marr\u00eb m\u00eb shum\u00eb. Nuk mund t\u00eb gjej kurr\u00eb nj\u00eb motiv p\u00ebr t\u00eb penguar heqjen e tij.<\/p>\n<p>I b\u00ebj thirrje dhe nj\u00eb her\u00eb zotit Rama ta mendoj\u00eb dhe rimendoj\u00eb se kjo q\u00eb b\u00ebn \u00ebsht\u00eb tmerr\u00ebsisht e r\u00ebnd\u00eb dhe n\u00eb kund\u00ebrshtim me interesin jetik t\u00eb \u00e7do qytetari t\u00eb k\u00ebtij vendi. \u00cbsht\u00eb nj\u00eb mur q\u00eb ngrihet n\u00eb procesin e integrimit. Detyra jon\u00eb \u00ebsht\u00eb ta shembim at\u00eb, jo ta ngrem\u00eb. Por n\u00eb rrafshin njer\u00ebzor \u00e7far\u00eb \u00ebsht\u00eb imuniteti? Gjenerator kryesor i korrupsionit, i pabarazis\u00eb s\u00eb qytetar\u00ebve, dhunimit t\u00eb t\u00eb drejtave t\u00eb tyre\u201d.<\/p>\n<p><strong>Re.Pu<\/strong>.<\/p>\n","protected":false},"excerpt":{"rendered":"<p>ResPublica.al, 18 korrik 2012 Lexojeni sa p\u00ebr d\u00ebfrim, pa asnj\u00eb koment e pa asnj\u00eb kok\u00eb\u00e7arje raportimi, shp\u00ebrthimin kreativ t\u00eb Berish\u00ebs n\u00eb mbledhje t\u00eb qeveris\u00eb: \u201c\u00cbsht\u00eb nj\u00ebmij\u00eb her\u00eb m\u00eb mir\u00eb t\u00eb d\u00ebgjosh z\u00ebrin e t\u00eb papunit q\u00eb sot nuk e di se \u00e7\u2019do tu jap\u00eb nes\u00ebr f\u00ebmij\u00ebve t\u00eb tij sepse korrupsioni ua merr atyre kafshat\u00ebn nga [&hellip;]<\/p>\n","protected":false},"author":1,"featured_media":0,"comment_status":"open","ping_status":"closed","sticky":false,"template":"","format":"standard","meta":{"footnotes":""},"categories":[2,5],"tags":[],"class_list":{"0":"post-11966","1":"post","2":"type-post","3":"status-publish","4":"format-standard","6":"category-artikuj","7":"category-lajme"},"yoast_head":"<!-- This site is optimized with the Yoast SEO plugin v27.4 - https:\/\/yoast.com\/product\/yoast-seo-wordpress\/ -->\n<title>Berish\u00ebs i shp\u00ebrthen delli krijues; Tema e hartimit: Si i vret t\u00eb varf\u00ebrit imuniteti i zyrtar\u00ebve - FjALA e LIR\u00cb - Arkivi<\/title>\n<meta name=\"robots\" content=\"index, follow, max-snippet:-1, max-image-preview:large, max-video-preview:-1\" \/>\n<link rel=\"canonical\" href=\"https:\/\/fjala.info\/2009-2015\/berishes-i-shperthen-delli-krijues-tema-e-hartimit-si-i-vret-te-varferit-imuniteti-i-zyrtareve\/\" \/>\n<meta property=\"og:locale\" content=\"sq_AL\" \/>\n<meta property=\"og:type\" content=\"article\" \/>\n<meta property=\"og:title\" content=\"Berish\u00ebs i shp\u00ebrthen delli krijues; Tema e hartimit: Si i vret t\u00eb varf\u00ebrit imuniteti i zyrtar\u00ebve - FjALA e LIR\u00cb - Arkivi\" \/>\n<meta property=\"og:description\" content=\"ResPublica.al, 18 korrik 2012 Lexojeni sa p\u00ebr d\u00ebfrim, pa asnj\u00eb koment e pa asnj\u00eb kok\u00eb\u00e7arje raportimi, shp\u00ebrthimin kreativ t\u00eb Berish\u00ebs n\u00eb mbledhje t\u00eb qeveris\u00eb: \u201c\u00cbsht\u00eb nj\u00ebmij\u00eb her\u00eb m\u00eb mir\u00eb t\u00eb d\u00ebgjosh z\u00ebrin e t\u00eb papunit q\u00eb sot nuk e di se \u00e7\u2019do tu jap\u00eb nes\u00ebr f\u00ebmij\u00ebve t\u00eb tij sepse korrupsioni ua merr atyre kafshat\u00ebn nga [&hellip;]\" \/>\n<meta property=\"og:url\" content=\"https:\/\/fjala.info\/2009-2015\/berishes-i-shperthen-delli-krijues-tema-e-hartimit-si-i-vret-te-varferit-imuniteti-i-zyrtareve\/\" \/>\n<meta property=\"og:site_name\" content=\"FjALA e LIR\u00cb - Arkivi\" \/>\n<meta property=\"article:published_time\" content=\"2012-07-19T06:15:37+00:00\" \/>\n<meta property=\"og:image\" content=\"http:\/\/www.fjala.info\/2012\/berisha_mbledhje_qeverie.jpg\" \/>\n<meta name=\"author\" content=\"admin\" \/>\n<meta name=\"twitter:card\" content=\"summary_large_image\" \/>\n<meta name=\"twitter:label1\" content=\"Written by\" \/>\n\t<meta name=\"twitter:data1\" content=\"admin\" \/>\n\t<meta name=\"twitter:label2\" content=\"Est. reading time\" \/>\n\t<meta name=\"twitter:data2\" content=\"1 minute\" \/>\n<script type=\"application\/ld+json\" class=\"yoast-schema-graph\">{\"@context\":\"https:\\\/\\\/schema.org\",\"@graph\":[{\"@type\":\"Article\",\"@id\":\"https:\\\/\\\/fjala.info\\\/2009-2015\\\/berishes-i-shperthen-delli-krijues-tema-e-hartimit-si-i-vret-te-varferit-imuniteti-i-zyrtareve\\\/#article\",\"isPartOf\":{\"@id\":\"https:\\\/\\\/fjala.info\\\/2009-2015\\\/berishes-i-shperthen-delli-krijues-tema-e-hartimit-si-i-vret-te-varferit-imuniteti-i-zyrtareve\\\/\"},\"author\":{\"name\":\"admin\",\"@id\":\"https:\\\/\\\/fjala.info\\\/2009-2015\\\/#\\\/schema\\\/person\\\/3aa1163ef05469c496fc94e77611ada2\"},\"headline\":\"Berish\u00ebs i shp\u00ebrthen delli krijues; Tema e hartimit: Si i vret t\u00eb varf\u00ebrit imuniteti i zyrtar\u00ebve\",\"datePublished\":\"2012-07-19T06:15:37+00:00\",\"mainEntityOfPage\":{\"@id\":\"https:\\\/\\\/fjala.info\\\/2009-2015\\\/berishes-i-shperthen-delli-krijues-tema-e-hartimit-si-i-vret-te-varferit-imuniteti-i-zyrtareve\\\/\"},\"wordCount\":263,\"commentCount\":0,\"publisher\":{\"@id\":\"https:\\\/\\\/fjala.info\\\/2009-2015\\\/#organization\"},\"image\":{\"@id\":\"https:\\\/\\\/fjala.info\\\/2009-2015\\\/berishes-i-shperthen-delli-krijues-tema-e-hartimit-si-i-vret-te-varferit-imuniteti-i-zyrtareve\\\/#primaryimage\"},\"thumbnailUrl\":\"http:\\\/\\\/www.fjala.info\\\/2012\\\/berisha_mbledhje_qeverie.jpg\",\"articleSection\":[\"Artikuj\",\"Lajme\"],\"inLanguage\":\"sq-AL\",\"potentialAction\":[{\"@type\":\"CommentAction\",\"name\":\"Comment\",\"target\":[\"https:\\\/\\\/fjala.info\\\/2009-2015\\\/berishes-i-shperthen-delli-krijues-tema-e-hartimit-si-i-vret-te-varferit-imuniteti-i-zyrtareve\\\/#respond\"]}]},{\"@type\":\"WebPage\",\"@id\":\"https:\\\/\\\/fjala.info\\\/2009-2015\\\/berishes-i-shperthen-delli-krijues-tema-e-hartimit-si-i-vret-te-varferit-imuniteti-i-zyrtareve\\\/\",\"url\":\"https:\\\/\\\/fjala.info\\\/2009-2015\\\/berishes-i-shperthen-delli-krijues-tema-e-hartimit-si-i-vret-te-varferit-imuniteti-i-zyrtareve\\\/\",\"name\":\"Berish\u00ebs i shp\u00ebrthen delli krijues; Tema e hartimit: Si i vret t\u00eb varf\u00ebrit imuniteti i zyrtar\u00ebve - FjALA e LIR\u00cb - Arkivi\",\"isPartOf\":{\"@id\":\"https:\\\/\\\/fjala.info\\\/2009-2015\\\/#website\"},\"primaryImageOfPage\":{\"@id\":\"https:\\\/\\\/fjala.info\\\/2009-2015\\\/berishes-i-shperthen-delli-krijues-tema-e-hartimit-si-i-vret-te-varferit-imuniteti-i-zyrtareve\\\/#primaryimage\"},\"image\":{\"@id\":\"https:\\\/\\\/fjala.info\\\/2009-2015\\\/berishes-i-shperthen-delli-krijues-tema-e-hartimit-si-i-vret-te-varferit-imuniteti-i-zyrtareve\\\/#primaryimage\"},\"thumbnailUrl\":\"http:\\\/\\\/www.fjala.info\\\/2012\\\/berisha_mbledhje_qeverie.jpg\",\"datePublished\":\"2012-07-19T06:15:37+00:00\",\"breadcrumb\":{\"@id\":\"https:\\\/\\\/fjala.info\\\/2009-2015\\\/berishes-i-shperthen-delli-krijues-tema-e-hartimit-si-i-vret-te-varferit-imuniteti-i-zyrtareve\\\/#breadcrumb\"},\"inLanguage\":\"sq-AL\",\"potentialAction\":[{\"@type\":\"ReadAction\",\"target\":[\"https:\\\/\\\/fjala.info\\\/2009-2015\\\/berishes-i-shperthen-delli-krijues-tema-e-hartimit-si-i-vret-te-varferit-imuniteti-i-zyrtareve\\\/\"]}]},{\"@type\":\"ImageObject\",\"inLanguage\":\"sq-AL\",\"@id\":\"https:\\\/\\\/fjala.info\\\/2009-2015\\\/berishes-i-shperthen-delli-krijues-tema-e-hartimit-si-i-vret-te-varferit-imuniteti-i-zyrtareve\\\/#primaryimage\",\"url\":\"http:\\\/\\\/www.fjala.info\\\/2012\\\/berisha_mbledhje_qeverie.jpg\",\"contentUrl\":\"http:\\\/\\\/www.fjala.info\\\/2012\\\/berisha_mbledhje_qeverie.jpg\"},{\"@type\":\"BreadcrumbList\",\"@id\":\"https:\\\/\\\/fjala.info\\\/2009-2015\\\/berishes-i-shperthen-delli-krijues-tema-e-hartimit-si-i-vret-te-varferit-imuniteti-i-zyrtareve\\\/#breadcrumb\",\"itemListElement\":[{\"@type\":\"ListItem\",\"position\":1,\"name\":\"Home\",\"item\":\"https:\\\/\\\/fjala.info\\\/2009-2015\\\/\"},{\"@type\":\"ListItem\",\"position\":2,\"name\":\"Berish\u00ebs i shp\u00ebrthen delli krijues; Tema e hartimit: Si i vret t\u00eb varf\u00ebrit imuniteti i zyrtar\u00ebve\"}]},{\"@type\":\"WebSite\",\"@id\":\"https:\\\/\\\/fjala.info\\\/2009-2015\\\/#website\",\"url\":\"https:\\\/\\\/fjala.info\\\/2009-2015\\\/\",\"name\":\"FjALA e LIR\u00cb - Arkivi\",\"description\":\"Arkivi 2009-2015\",\"publisher\":{\"@id\":\"https:\\\/\\\/fjala.info\\\/2009-2015\\\/#organization\"},\"potentialAction\":[{\"@type\":\"SearchAction\",\"target\":{\"@type\":\"EntryPoint\",\"urlTemplate\":\"https:\\\/\\\/fjala.info\\\/2009-2015\\\/?s={search_term_string}\"},\"query-input\":{\"@type\":\"PropertyValueSpecification\",\"valueRequired\":true,\"valueName\":\"search_term_string\"}}],\"inLanguage\":\"sq-AL\"},{\"@type\":\"Organization\",\"@id\":\"https:\\\/\\\/fjala.info\\\/2009-2015\\\/#organization\",\"name\":\"FjALA e LIR\u00cb - Arkivi\",\"url\":\"https:\\\/\\\/fjala.info\\\/2009-2015\\\/\",\"logo\":{\"@type\":\"ImageObject\",\"inLanguage\":\"sq-AL\",\"@id\":\"https:\\\/\\\/fjala.info\\\/2009-2015\\\/#\\\/schema\\\/logo\\\/image\\\/\",\"url\":\"\",\"contentUrl\":\"\",\"caption\":\"FjALA e LIR\u00cb - Arkivi\"},\"image\":{\"@id\":\"https:\\\/\\\/fjala.info\\\/2009-2015\\\/#\\\/schema\\\/logo\\\/image\\\/\"}},{\"@type\":\"Person\",\"@id\":\"https:\\\/\\\/fjala.info\\\/2009-2015\\\/#\\\/schema\\\/person\\\/3aa1163ef05469c496fc94e77611ada2\",\"name\":\"admin\",\"image\":{\"@type\":\"ImageObject\",\"inLanguage\":\"sq-AL\",\"@id\":\"https:\\\/\\\/fjala.info\\\/2009-2015\\\/wp-content\\\/uploads\\\/2012\\\/02\\\/arben_cokaj-120x150.jpg\",\"url\":\"https:\\\/\\\/fjala.info\\\/2009-2015\\\/wp-content\\\/uploads\\\/2012\\\/02\\\/arben_cokaj-120x150.jpg\",\"contentUrl\":\"https:\\\/\\\/fjala.info\\\/2009-2015\\\/wp-content\\\/uploads\\\/2012\\\/02\\\/arben_cokaj-120x150.jpg\",\"caption\":\"admin\"},\"description\":\"Admin, Fjala e Lir\u00eb\",\"sameAs\":[\"https:\\\/\\\/fjala.info\\\/\"],\"url\":\"https:\\\/\\\/fjala.info\\\/2009-2015\\\/author\\\/admin\\\/\"}]}<\/script>\n<!-- \/ Yoast SEO plugin. -->","yoast_head_json":{"title":"Berish\u00ebs i shp\u00ebrthen delli krijues; Tema e hartimit: Si i vret t\u00eb varf\u00ebrit imuniteti i zyrtar\u00ebve - FjALA e LIR\u00cb - Arkivi","robots":{"index":"index","follow":"follow","max-snippet":"max-snippet:-1","max-image-preview":"max-image-preview:large","max-video-preview":"max-video-preview:-1"},"canonical":"https:\/\/fjala.info\/2009-2015\/berishes-i-shperthen-delli-krijues-tema-e-hartimit-si-i-vret-te-varferit-imuniteti-i-zyrtareve\/","og_locale":"sq_AL","og_type":"article","og_title":"Berish\u00ebs i shp\u00ebrthen delli krijues; Tema e hartimit: Si i vret t\u00eb varf\u00ebrit imuniteti i zyrtar\u00ebve - FjALA e LIR\u00cb - Arkivi","og_description":"ResPublica.al, 18 korrik 2012 Lexojeni sa p\u00ebr d\u00ebfrim, pa asnj\u00eb koment e pa asnj\u00eb kok\u00eb\u00e7arje raportimi, shp\u00ebrthimin kreativ t\u00eb Berish\u00ebs n\u00eb mbledhje t\u00eb qeveris\u00eb: \u201c\u00cbsht\u00eb nj\u00ebmij\u00eb her\u00eb m\u00eb mir\u00eb t\u00eb d\u00ebgjosh z\u00ebrin e t\u00eb papunit q\u00eb sot nuk e di se \u00e7\u2019do tu jap\u00eb nes\u00ebr f\u00ebmij\u00ebve t\u00eb tij sepse korrupsioni ua merr atyre kafshat\u00ebn nga [&hellip;]","og_url":"https:\/\/fjala.info\/2009-2015\/berishes-i-shperthen-delli-krijues-tema-e-hartimit-si-i-vret-te-varferit-imuniteti-i-zyrtareve\/","og_site_name":"FjALA e LIR\u00cb - Arkivi","article_published_time":"2012-07-19T06:15:37+00:00","og_image":[{"url":"http:\/\/www.fjala.info\/2012\/berisha_mbledhje_qeverie.jpg","type":"","width":"","height":""}],"author":"admin","twitter_card":"summary_large_image","twitter_misc":{"Written by":"admin","Est. reading time":"1 minute"},"schema":{"@context":"https:\/\/schema.org","@graph":[{"@type":"Article","@id":"https:\/\/fjala.info\/2009-2015\/berishes-i-shperthen-delli-krijues-tema-e-hartimit-si-i-vret-te-varferit-imuniteti-i-zyrtareve\/#article","isPartOf":{"@id":"https:\/\/fjala.info\/2009-2015\/berishes-i-shperthen-delli-krijues-tema-e-hartimit-si-i-vret-te-varferit-imuniteti-i-zyrtareve\/"},"author":{"name":"admin","@id":"https:\/\/fjala.info\/2009-2015\/#\/schema\/person\/3aa1163ef05469c496fc94e77611ada2"},"headline":"Berish\u00ebs i shp\u00ebrthen delli krijues; Tema e hartimit: Si i vret t\u00eb varf\u00ebrit imuniteti i zyrtar\u00ebve","datePublished":"2012-07-19T06:15:37+00:00","mainEntityOfPage":{"@id":"https:\/\/fjala.info\/2009-2015\/berishes-i-shperthen-delli-krijues-tema-e-hartimit-si-i-vret-te-varferit-imuniteti-i-zyrtareve\/"},"wordCount":263,"commentCount":0,"publisher":{"@id":"https:\/\/fjala.info\/2009-2015\/#organization"},"image":{"@id":"https:\/\/fjala.info\/2009-2015\/berishes-i-shperthen-delli-krijues-tema-e-hartimit-si-i-vret-te-varferit-imuniteti-i-zyrtareve\/#primaryimage"},"thumbnailUrl":"http:\/\/www.fjala.info\/2012\/berisha_mbledhje_qeverie.jpg","articleSection":["Artikuj","Lajme"],"inLanguage":"sq-AL","potentialAction":[{"@type":"CommentAction","name":"Comment","target":["https:\/\/fjala.info\/2009-2015\/berishes-i-shperthen-delli-krijues-tema-e-hartimit-si-i-vret-te-varferit-imuniteti-i-zyrtareve\/#respond"]}]},{"@type":"WebPage","@id":"https:\/\/fjala.info\/2009-2015\/berishes-i-shperthen-delli-krijues-tema-e-hartimit-si-i-vret-te-varferit-imuniteti-i-zyrtareve\/","url":"https:\/\/fjala.info\/2009-2015\/berishes-i-shperthen-delli-krijues-tema-e-hartimit-si-i-vret-te-varferit-imuniteti-i-zyrtareve\/","name":"Berish\u00ebs i shp\u00ebrthen delli krijues; Tema e hartimit: Si i vret t\u00eb varf\u00ebrit imuniteti i zyrtar\u00ebve - FjALA e LIR\u00cb - Arkivi","isPartOf":{"@id":"https:\/\/fjala.info\/2009-2015\/#website"},"primaryImageOfPage":{"@id":"https:\/\/fjala.info\/2009-2015\/berishes-i-shperthen-delli-krijues-tema-e-hartimit-si-i-vret-te-varferit-imuniteti-i-zyrtareve\/#primaryimage"},"image":{"@id":"https:\/\/fjala.info\/2009-2015\/berishes-i-shperthen-delli-krijues-tema-e-hartimit-si-i-vret-te-varferit-imuniteti-i-zyrtareve\/#primaryimage"},"thumbnailUrl":"http:\/\/www.fjala.info\/2012\/berisha_mbledhje_qeverie.jpg","datePublished":"2012-07-19T06:15:37+00:00","breadcrumb":{"@id":"https:\/\/fjala.info\/2009-2015\/berishes-i-shperthen-delli-krijues-tema-e-hartimit-si-i-vret-te-varferit-imuniteti-i-zyrtareve\/#breadcrumb"},"inLanguage":"sq-AL","potentialAction":[{"@type":"ReadAction","target":["https:\/\/fjala.info\/2009-2015\/berishes-i-shperthen-delli-krijues-tema-e-hartimit-si-i-vret-te-varferit-imuniteti-i-zyrtareve\/"]}]},{"@type":"ImageObject","inLanguage":"sq-AL","@id":"https:\/\/fjala.info\/2009-2015\/berishes-i-shperthen-delli-krijues-tema-e-hartimit-si-i-vret-te-varferit-imuniteti-i-zyrtareve\/#primaryimage","url":"http:\/\/www.fjala.info\/2012\/berisha_mbledhje_qeverie.jpg","contentUrl":"http:\/\/www.fjala.info\/2012\/berisha_mbledhje_qeverie.jpg"},{"@type":"BreadcrumbList","@id":"https:\/\/fjala.info\/2009-2015\/berishes-i-shperthen-delli-krijues-tema-e-hartimit-si-i-vret-te-varferit-imuniteti-i-zyrtareve\/#breadcrumb","itemListElement":[{"@type":"ListItem","position":1,"name":"Home","item":"https:\/\/fjala.info\/2009-2015\/"},{"@type":"ListItem","position":2,"name":"Berish\u00ebs i shp\u00ebrthen delli krijues; Tema e hartimit: Si i vret t\u00eb varf\u00ebrit imuniteti i zyrtar\u00ebve"}]},{"@type":"WebSite","@id":"https:\/\/fjala.info\/2009-2015\/#website","url":"https:\/\/fjala.info\/2009-2015\/","name":"FjALA e LIR\u00cb - Arkivi","description":"Arkivi 2009-2015","publisher":{"@id":"https:\/\/fjala.info\/2009-2015\/#organization"},"potentialAction":[{"@type":"SearchAction","target":{"@type":"EntryPoint","urlTemplate":"https:\/\/fjala.info\/2009-2015\/?s={search_term_string}"},"query-input":{"@type":"PropertyValueSpecification","valueRequired":true,"valueName":"search_term_string"}}],"inLanguage":"sq-AL"},{"@type":"Organization","@id":"https:\/\/fjala.info\/2009-2015\/#organization","name":"FjALA e LIR\u00cb - Arkivi","url":"https:\/\/fjala.info\/2009-2015\/","logo":{"@type":"ImageObject","inLanguage":"sq-AL","@id":"https:\/\/fjala.info\/2009-2015\/#\/schema\/logo\/image\/","url":"","contentUrl":"","caption":"FjALA e LIR\u00cb - Arkivi"},"image":{"@id":"https:\/\/fjala.info\/2009-2015\/#\/schema\/logo\/image\/"}},{"@type":"Person","@id":"https:\/\/fjala.info\/2009-2015\/#\/schema\/person\/3aa1163ef05469c496fc94e77611ada2","name":"admin","image":{"@type":"ImageObject","inLanguage":"sq-AL","@id":"https:\/\/fjala.info\/2009-2015\/wp-content\/uploads\/2012\/02\/arben_cokaj-120x150.jpg","url":"https:\/\/fjala.info\/2009-2015\/wp-content\/uploads\/2012\/02\/arben_cokaj-120x150.jpg","contentUrl":"https:\/\/fjala.info\/2009-2015\/wp-content\/uploads\/2012\/02\/arben_cokaj-120x150.jpg","caption":"admin"},"description":"Admin, Fjala e Lir\u00eb","sameAs":["https:\/\/fjala.info\/"],"url":"https:\/\/fjala.info\/2009-2015\/author\/admin\/"}]}},"_links":{"self":[{"href":"https:\/\/fjala.info\/2009-2015\/wp-json\/wp\/v2\/posts\/11966","targetHints":{"allow":["GET"]}}],"collection":[{"href":"https:\/\/fjala.info\/2009-2015\/wp-json\/wp\/v2\/posts"}],"about":[{"href":"https:\/\/fjala.info\/2009-2015\/wp-json\/wp\/v2\/types\/post"}],"author":[{"embeddable":true,"href":"https:\/\/fjala.info\/2009-2015\/wp-json\/wp\/v2\/users\/1"}],"replies":[{"embeddable":true,"href":"https:\/\/fjala.info\/2009-2015\/wp-json\/wp\/v2\/comments?post=11966"}],"version-history":[{"count":0,"href":"https:\/\/fjala.info\/2009-2015\/wp-json\/wp\/v2\/posts\/11966\/revisions"}],"wp:attachment":[{"href":"https:\/\/fjala.info\/2009-2015\/wp-json\/wp\/v2\/media?parent=11966"}],"wp:term":[{"taxonomy":"category","embeddable":true,"href":"https:\/\/fjala.info\/2009-2015\/wp-json\/wp\/v2\/categories?post=11966"},{"taxonomy":"post_tag","embeddable":true,"href":"https:\/\/fjala.info\/2009-2015\/wp-json\/wp\/v2\/tags?post=11966"}],"curies":[{"name":"wp","href":"https:\/\/api.w.org\/{rel}","templated":true}]}}