{"id":11963,"date":"2012-07-18T21:37:20","date_gmt":"2012-07-18T20:37:20","guid":{"rendered":"http:\/\/www.fjala.info\/?p=3879"},"modified":"2012-07-18T21:37:20","modified_gmt":"2012-07-18T20:37:20","slug":"imami-nuk-do-lejoj-kontrollin-ne-ministri-pasi-parlamenti-po-tejkalon-limitet","status":"publish","type":"post","link":"https:\/\/fjala.info\/2009-2015\/imami-nuk-do-lejoj-kontrollin-ne-ministri-pasi-parlamenti-po-tejkalon-limitet\/","title":{"rendered":"Imami: Nuk do lejoj kontrollin n\u00eb ministri pasi parlamenti po tejkalon limitet"},"content":{"rendered":"<p><img decoding=\"async\" class=\"alignright size-thumbnail wp-image-7236\" title=\"Arben Imami\" src=\"http:\/\/www.fjala.info\/2012\/arben_imami.jpg\" alt=\"\" width=\"200\" \/> <strong>TemA Online<\/strong>, <em>18 Korrik 2012<\/em><\/p>\n<p>Ministri i Mbrojtjes, Arben Imami, ka mohuar akuzat e opozit\u00ebs se p\u00ebrgjohen deputet\u00ebt e opozit\u00ebs dhe ambasador\u00ebt. N\u00eb nj\u00eb prononcim p\u00ebr mediat pas p\u00ebrfundimit t\u00eb mbledhjes s\u00eb komisionit t\u00eb siguris\u00eb, Imami k\u00ebrkoi ngritjen e nj\u00eb komisioni parlamentar n\u00eb lidhje me akuzat e opozit\u00ebs p\u00ebr p\u00ebrgjim.<\/p>\n<p>\u201cNuk ka t\u00eb tilla gj\u00ebra, por p\u00ebr \u00e7do element q\u00eb \u00ebsht\u00eb i lidhur me konfidencialitetin dhe sekretin, do t\u00eb duhet t\u00eb ngrihet nj\u00eb komision me njer\u00ebz t\u00eb besuar q\u00eb t\u00eb betohen p\u00ebr sekretin dhe t\u00eb dalin me deklarat\u00eb t\u00eb p\u00ebrbashk\u00ebt. T\u00eb ngrihet komision, drafti \u00ebsht\u00eb gati dhe t\u00eb v\u00ebrtetohet q\u00eb ne nuk punojm\u00eb n\u00eb k\u00ebt\u00eb drejtim, punojm\u00eb kund\u00ebr terrorizmit me ushtri t\u00eb NATO-s. Nuk i kemi k\u00ebto kapacitete. Sa i takon provokimeve q\u00eb jan\u00eb p\u00ebrgjuar edhe diplomat\u00eb nuk shkon, nuk jemi n\u00eb koh\u00ebn e traktatit t\u00eb Varshav\u00ebs, por edhe kjo tullumbace e dyt\u00eb do t\u00eb plas\u00eb\u201d, tha Imami, raporton Ora News.<\/p>\n<p>Imami theksoi se kontrolli parlamentar nuk \u00ebsht\u00eb nj\u00eb \u00e7\u00ebshtje e ministris\u00eb, por dhe parlamenti duhet t\u2019i ket\u00eb t\u00eb qart\u00eb kufijt\u00eb dhe limitet e tij.<\/p>\n<p>\u201cKontrolli parlamentar \u00ebsht\u00eb shum\u00eb i r\u00ebnd\u00ebsish\u00ebm, por shkelja e limiteve t\u00eb tij \u00ebsht\u00eb nj\u00eb precedent i keq dhe un\u00eb si minist\u00ebr nuk do ta lejoj,\u201d u shpreh Imami.<\/p>\n<p>Imami gjithashtu theksoi se tashm\u00eb \u00ebsht\u00eb shfryr\u00eb edhe tullumbacja p\u00ebr trafik arm\u00ebsh duke v\u00ebrtetuar se akuzat e opozit\u00ebs jan\u00eb false.<\/p>\n<p>\u201cUn\u00eb zbatoj ligjin, raportoj p\u00ebr \u00e7do shitje armatimi tek kryeparlamentarja, tek kryeministri dhe presidenti i Republik\u00ebs. T\u00eb gjitha shitjet jan\u00eb prioritet komb\u00ebtar dhe un\u00eb dua ta kryej pasi \u00ebsht\u00eb e domosdoshme\u201d, shtoi Imami<\/p>\n<p>Nd\u00ebrsa i \u00ebsht\u00eb referuar kontrollit parlamentar n\u00eb ministri, Imami tha: \u201c\u00c7\u00ebshtja e kontrollit \u00ebsht\u00eb \u00e7\u00ebshtje e parlamentit. Kuvendi duhet ta ket\u00eb t\u00eb qart\u00eb limitet e tij. Un\u00eb mir\u00ebpres \u00e7do lloj pyetje nga \u00e7do deputet, po shkelja e limiteve \u00ebsht\u00eb precedent i keq\u201d.<\/p>\n<p>Nd\u00ebrsa deputeti i PS-s\u00eb, Ilir Gjoni, ka theksuar se opozita arriti t\u00eb imponoj\u00eb k\u00ebrkes\u00ebn e saj p\u00ebr kontroll n\u00eb ministrin\u00eb e mbrojtjes duke shtuar se v\u00ebrehet nj\u00eb t\u00ebrheqje p\u00ebr t\u00eb shmangur kontrollin.<\/p>\n","protected":false},"excerpt":{"rendered":"<p>TemA Online, 18 Korrik 2012 Ministri i Mbrojtjes, Arben Imami, ka mohuar akuzat e opozit\u00ebs se p\u00ebrgjohen deputet\u00ebt e opozit\u00ebs dhe ambasador\u00ebt. N\u00eb nj\u00eb prononcim p\u00ebr mediat pas p\u00ebrfundimit t\u00eb mbledhjes s\u00eb komisionit t\u00eb siguris\u00eb, Imami k\u00ebrkoi ngritjen e nj\u00eb komisioni parlamentar n\u00eb lidhje me akuzat e opozit\u00ebs p\u00ebr p\u00ebrgjim. \u201cNuk ka t\u00eb tilla gj\u00ebra, [&hellip;]<\/p>\n","protected":false},"author":1,"featured_media":0,"comment_status":"open","ping_status":"closed","sticky":false,"template":"","format":"standard","meta":{"footnotes":""},"categories":[2],"tags":[],"class_list":{"0":"post-11963","1":"post","2":"type-post","3":"status-publish","4":"format-standard","6":"category-artikuj"},"yoast_head":"<!-- This site is optimized with the Yoast SEO plugin v27.4 - https:\/\/yoast.com\/product\/yoast-seo-wordpress\/ -->\n<title>Imami: Nuk do lejoj kontrollin n\u00eb ministri pasi parlamenti po tejkalon limitet - FjALA e LIR\u00cb - Arkivi<\/title>\n<meta name=\"robots\" content=\"index, follow, max-snippet:-1, max-image-preview:large, max-video-preview:-1\" \/>\n<link rel=\"canonical\" href=\"https:\/\/fjala.info\/2009-2015\/imami-nuk-do-lejoj-kontrollin-ne-ministri-pasi-parlamenti-po-tejkalon-limitet\/\" \/>\n<meta property=\"og:locale\" content=\"sq_AL\" \/>\n<meta property=\"og:type\" content=\"article\" \/>\n<meta property=\"og:title\" content=\"Imami: Nuk do lejoj kontrollin n\u00eb ministri pasi parlamenti po tejkalon limitet - FjALA e LIR\u00cb - Arkivi\" \/>\n<meta property=\"og:description\" content=\"TemA Online, 18 Korrik 2012 Ministri i Mbrojtjes, Arben Imami, ka mohuar akuzat e opozit\u00ebs se p\u00ebrgjohen deputet\u00ebt e opozit\u00ebs dhe ambasador\u00ebt. N\u00eb nj\u00eb prononcim p\u00ebr mediat pas p\u00ebrfundimit t\u00eb mbledhjes s\u00eb komisionit t\u00eb siguris\u00eb, Imami k\u00ebrkoi ngritjen e nj\u00eb komisioni parlamentar n\u00eb lidhje me akuzat e opozit\u00ebs p\u00ebr p\u00ebrgjim. \u201cNuk ka t\u00eb tilla gj\u00ebra, [&hellip;]\" \/>\n<meta property=\"og:url\" content=\"https:\/\/fjala.info\/2009-2015\/imami-nuk-do-lejoj-kontrollin-ne-ministri-pasi-parlamenti-po-tejkalon-limitet\/\" \/>\n<meta property=\"og:site_name\" content=\"FjALA e LIR\u00cb - Arkivi\" \/>\n<meta property=\"article:published_time\" content=\"2012-07-18T20:37:20+00:00\" \/>\n<meta property=\"og:image\" content=\"http:\/\/www.fjala.info\/2012\/arben_imami.jpg\" \/>\n<meta name=\"author\" content=\"admin\" \/>\n<meta name=\"twitter:card\" content=\"summary_large_image\" \/>\n<meta name=\"twitter:label1\" content=\"Written by\" \/>\n\t<meta name=\"twitter:data1\" content=\"admin\" \/>\n\t<meta name=\"twitter:label2\" content=\"Est. reading time\" \/>\n\t<meta name=\"twitter:data2\" content=\"2 minutes\" \/>\n<script type=\"application\/ld+json\" class=\"yoast-schema-graph\">{\"@context\":\"https:\\\/\\\/schema.org\",\"@graph\":[{\"@type\":\"Article\",\"@id\":\"https:\\\/\\\/fjala.info\\\/2009-2015\\\/imami-nuk-do-lejoj-kontrollin-ne-ministri-pasi-parlamenti-po-tejkalon-limitet\\\/#article\",\"isPartOf\":{\"@id\":\"https:\\\/\\\/fjala.info\\\/2009-2015\\\/imami-nuk-do-lejoj-kontrollin-ne-ministri-pasi-parlamenti-po-tejkalon-limitet\\\/\"},\"author\":{\"name\":\"admin\",\"@id\":\"https:\\\/\\\/fjala.info\\\/2009-2015\\\/#\\\/schema\\\/person\\\/3aa1163ef05469c496fc94e77611ada2\"},\"headline\":\"Imami: Nuk do lejoj kontrollin n\u00eb ministri pasi parlamenti po tejkalon limitet\",\"datePublished\":\"2012-07-18T20:37:20+00:00\",\"mainEntityOfPage\":{\"@id\":\"https:\\\/\\\/fjala.info\\\/2009-2015\\\/imami-nuk-do-lejoj-kontrollin-ne-ministri-pasi-parlamenti-po-tejkalon-limitet\\\/\"},\"wordCount\":385,\"commentCount\":0,\"publisher\":{\"@id\":\"https:\\\/\\\/fjala.info\\\/2009-2015\\\/#organization\"},\"image\":{\"@id\":\"https:\\\/\\\/fjala.info\\\/2009-2015\\\/imami-nuk-do-lejoj-kontrollin-ne-ministri-pasi-parlamenti-po-tejkalon-limitet\\\/#primaryimage\"},\"thumbnailUrl\":\"http:\\\/\\\/www.fjala.info\\\/2012\\\/arben_imami.jpg\",\"articleSection\":[\"Artikuj\"],\"inLanguage\":\"sq-AL\",\"potentialAction\":[{\"@type\":\"CommentAction\",\"name\":\"Comment\",\"target\":[\"https:\\\/\\\/fjala.info\\\/2009-2015\\\/imami-nuk-do-lejoj-kontrollin-ne-ministri-pasi-parlamenti-po-tejkalon-limitet\\\/#respond\"]}]},{\"@type\":\"WebPage\",\"@id\":\"https:\\\/\\\/fjala.info\\\/2009-2015\\\/imami-nuk-do-lejoj-kontrollin-ne-ministri-pasi-parlamenti-po-tejkalon-limitet\\\/\",\"url\":\"https:\\\/\\\/fjala.info\\\/2009-2015\\\/imami-nuk-do-lejoj-kontrollin-ne-ministri-pasi-parlamenti-po-tejkalon-limitet\\\/\",\"name\":\"Imami: Nuk do lejoj kontrollin n\u00eb ministri pasi parlamenti po tejkalon limitet - FjALA e LIR\u00cb - Arkivi\",\"isPartOf\":{\"@id\":\"https:\\\/\\\/fjala.info\\\/2009-2015\\\/#website\"},\"primaryImageOfPage\":{\"@id\":\"https:\\\/\\\/fjala.info\\\/2009-2015\\\/imami-nuk-do-lejoj-kontrollin-ne-ministri-pasi-parlamenti-po-tejkalon-limitet\\\/#primaryimage\"},\"image\":{\"@id\":\"https:\\\/\\\/fjala.info\\\/2009-2015\\\/imami-nuk-do-lejoj-kontrollin-ne-ministri-pasi-parlamenti-po-tejkalon-limitet\\\/#primaryimage\"},\"thumbnailUrl\":\"http:\\\/\\\/www.fjala.info\\\/2012\\\/arben_imami.jpg\",\"datePublished\":\"2012-07-18T20:37:20+00:00\",\"breadcrumb\":{\"@id\":\"https:\\\/\\\/fjala.info\\\/2009-2015\\\/imami-nuk-do-lejoj-kontrollin-ne-ministri-pasi-parlamenti-po-tejkalon-limitet\\\/#breadcrumb\"},\"inLanguage\":\"sq-AL\",\"potentialAction\":[{\"@type\":\"ReadAction\",\"target\":[\"https:\\\/\\\/fjala.info\\\/2009-2015\\\/imami-nuk-do-lejoj-kontrollin-ne-ministri-pasi-parlamenti-po-tejkalon-limitet\\\/\"]}]},{\"@type\":\"ImageObject\",\"inLanguage\":\"sq-AL\",\"@id\":\"https:\\\/\\\/fjala.info\\\/2009-2015\\\/imami-nuk-do-lejoj-kontrollin-ne-ministri-pasi-parlamenti-po-tejkalon-limitet\\\/#primaryimage\",\"url\":\"http:\\\/\\\/www.fjala.info\\\/2012\\\/arben_imami.jpg\",\"contentUrl\":\"http:\\\/\\\/www.fjala.info\\\/2012\\\/arben_imami.jpg\"},{\"@type\":\"BreadcrumbList\",\"@id\":\"https:\\\/\\\/fjala.info\\\/2009-2015\\\/imami-nuk-do-lejoj-kontrollin-ne-ministri-pasi-parlamenti-po-tejkalon-limitet\\\/#breadcrumb\",\"itemListElement\":[{\"@type\":\"ListItem\",\"position\":1,\"name\":\"Home\",\"item\":\"https:\\\/\\\/fjala.info\\\/2009-2015\\\/\"},{\"@type\":\"ListItem\",\"position\":2,\"name\":\"Imami: Nuk do lejoj kontrollin n\u00eb ministri pasi parlamenti po tejkalon limitet\"}]},{\"@type\":\"WebSite\",\"@id\":\"https:\\\/\\\/fjala.info\\\/2009-2015\\\/#website\",\"url\":\"https:\\\/\\\/fjala.info\\\/2009-2015\\\/\",\"name\":\"FjALA e LIR\u00cb - Arkivi\",\"description\":\"Arkivi 2009-2015\",\"publisher\":{\"@id\":\"https:\\\/\\\/fjala.info\\\/2009-2015\\\/#organization\"},\"potentialAction\":[{\"@type\":\"SearchAction\",\"target\":{\"@type\":\"EntryPoint\",\"urlTemplate\":\"https:\\\/\\\/fjala.info\\\/2009-2015\\\/?s={search_term_string}\"},\"query-input\":{\"@type\":\"PropertyValueSpecification\",\"valueRequired\":true,\"valueName\":\"search_term_string\"}}],\"inLanguage\":\"sq-AL\"},{\"@type\":\"Organization\",\"@id\":\"https:\\\/\\\/fjala.info\\\/2009-2015\\\/#organization\",\"name\":\"FjALA e LIR\u00cb - Arkivi\",\"url\":\"https:\\\/\\\/fjala.info\\\/2009-2015\\\/\",\"logo\":{\"@type\":\"ImageObject\",\"inLanguage\":\"sq-AL\",\"@id\":\"https:\\\/\\\/fjala.info\\\/2009-2015\\\/#\\\/schema\\\/logo\\\/image\\\/\",\"url\":\"\",\"contentUrl\":\"\",\"caption\":\"FjALA e LIR\u00cb - Arkivi\"},\"image\":{\"@id\":\"https:\\\/\\\/fjala.info\\\/2009-2015\\\/#\\\/schema\\\/logo\\\/image\\\/\"}},{\"@type\":\"Person\",\"@id\":\"https:\\\/\\\/fjala.info\\\/2009-2015\\\/#\\\/schema\\\/person\\\/3aa1163ef05469c496fc94e77611ada2\",\"name\":\"admin\",\"image\":{\"@type\":\"ImageObject\",\"inLanguage\":\"sq-AL\",\"@id\":\"https:\\\/\\\/fjala.info\\\/2009-2015\\\/wp-content\\\/uploads\\\/2012\\\/02\\\/arben_cokaj-120x150.jpg\",\"url\":\"https:\\\/\\\/fjala.info\\\/2009-2015\\\/wp-content\\\/uploads\\\/2012\\\/02\\\/arben_cokaj-120x150.jpg\",\"contentUrl\":\"https:\\\/\\\/fjala.info\\\/2009-2015\\\/wp-content\\\/uploads\\\/2012\\\/02\\\/arben_cokaj-120x150.jpg\",\"caption\":\"admin\"},\"description\":\"Admin, Fjala e Lir\u00eb\",\"sameAs\":[\"https:\\\/\\\/fjala.info\\\/\"],\"url\":\"https:\\\/\\\/fjala.info\\\/2009-2015\\\/author\\\/admin\\\/\"}]}<\/script>\n<!-- \/ Yoast SEO plugin. -->","yoast_head_json":{"title":"Imami: Nuk do lejoj kontrollin n\u00eb ministri pasi parlamenti po tejkalon limitet - FjALA e LIR\u00cb - Arkivi","robots":{"index":"index","follow":"follow","max-snippet":"max-snippet:-1","max-image-preview":"max-image-preview:large","max-video-preview":"max-video-preview:-1"},"canonical":"https:\/\/fjala.info\/2009-2015\/imami-nuk-do-lejoj-kontrollin-ne-ministri-pasi-parlamenti-po-tejkalon-limitet\/","og_locale":"sq_AL","og_type":"article","og_title":"Imami: Nuk do lejoj kontrollin n\u00eb ministri pasi parlamenti po tejkalon limitet - FjALA e LIR\u00cb - Arkivi","og_description":"TemA Online, 18 Korrik 2012 Ministri i Mbrojtjes, Arben Imami, ka mohuar akuzat e opozit\u00ebs se p\u00ebrgjohen deputet\u00ebt e opozit\u00ebs dhe ambasador\u00ebt. N\u00eb nj\u00eb prononcim p\u00ebr mediat pas p\u00ebrfundimit t\u00eb mbledhjes s\u00eb komisionit t\u00eb siguris\u00eb, Imami k\u00ebrkoi ngritjen e nj\u00eb komisioni parlamentar n\u00eb lidhje me akuzat e opozit\u00ebs p\u00ebr p\u00ebrgjim. \u201cNuk ka t\u00eb tilla gj\u00ebra, [&hellip;]","og_url":"https:\/\/fjala.info\/2009-2015\/imami-nuk-do-lejoj-kontrollin-ne-ministri-pasi-parlamenti-po-tejkalon-limitet\/","og_site_name":"FjALA e LIR\u00cb - Arkivi","article_published_time":"2012-07-18T20:37:20+00:00","og_image":[{"url":"http:\/\/www.fjala.info\/2012\/arben_imami.jpg","type":"","width":"","height":""}],"author":"admin","twitter_card":"summary_large_image","twitter_misc":{"Written by":"admin","Est. reading time":"2 minutes"},"schema":{"@context":"https:\/\/schema.org","@graph":[{"@type":"Article","@id":"https:\/\/fjala.info\/2009-2015\/imami-nuk-do-lejoj-kontrollin-ne-ministri-pasi-parlamenti-po-tejkalon-limitet\/#article","isPartOf":{"@id":"https:\/\/fjala.info\/2009-2015\/imami-nuk-do-lejoj-kontrollin-ne-ministri-pasi-parlamenti-po-tejkalon-limitet\/"},"author":{"name":"admin","@id":"https:\/\/fjala.info\/2009-2015\/#\/schema\/person\/3aa1163ef05469c496fc94e77611ada2"},"headline":"Imami: Nuk do lejoj kontrollin n\u00eb ministri pasi parlamenti po tejkalon limitet","datePublished":"2012-07-18T20:37:20+00:00","mainEntityOfPage":{"@id":"https:\/\/fjala.info\/2009-2015\/imami-nuk-do-lejoj-kontrollin-ne-ministri-pasi-parlamenti-po-tejkalon-limitet\/"},"wordCount":385,"commentCount":0,"publisher":{"@id":"https:\/\/fjala.info\/2009-2015\/#organization"},"image":{"@id":"https:\/\/fjala.info\/2009-2015\/imami-nuk-do-lejoj-kontrollin-ne-ministri-pasi-parlamenti-po-tejkalon-limitet\/#primaryimage"},"thumbnailUrl":"http:\/\/www.fjala.info\/2012\/arben_imami.jpg","articleSection":["Artikuj"],"inLanguage":"sq-AL","potentialAction":[{"@type":"CommentAction","name":"Comment","target":["https:\/\/fjala.info\/2009-2015\/imami-nuk-do-lejoj-kontrollin-ne-ministri-pasi-parlamenti-po-tejkalon-limitet\/#respond"]}]},{"@type":"WebPage","@id":"https:\/\/fjala.info\/2009-2015\/imami-nuk-do-lejoj-kontrollin-ne-ministri-pasi-parlamenti-po-tejkalon-limitet\/","url":"https:\/\/fjala.info\/2009-2015\/imami-nuk-do-lejoj-kontrollin-ne-ministri-pasi-parlamenti-po-tejkalon-limitet\/","name":"Imami: Nuk do lejoj kontrollin n\u00eb ministri pasi parlamenti po tejkalon limitet - FjALA e LIR\u00cb - Arkivi","isPartOf":{"@id":"https:\/\/fjala.info\/2009-2015\/#website"},"primaryImageOfPage":{"@id":"https:\/\/fjala.info\/2009-2015\/imami-nuk-do-lejoj-kontrollin-ne-ministri-pasi-parlamenti-po-tejkalon-limitet\/#primaryimage"},"image":{"@id":"https:\/\/fjala.info\/2009-2015\/imami-nuk-do-lejoj-kontrollin-ne-ministri-pasi-parlamenti-po-tejkalon-limitet\/#primaryimage"},"thumbnailUrl":"http:\/\/www.fjala.info\/2012\/arben_imami.jpg","datePublished":"2012-07-18T20:37:20+00:00","breadcrumb":{"@id":"https:\/\/fjala.info\/2009-2015\/imami-nuk-do-lejoj-kontrollin-ne-ministri-pasi-parlamenti-po-tejkalon-limitet\/#breadcrumb"},"inLanguage":"sq-AL","potentialAction":[{"@type":"ReadAction","target":["https:\/\/fjala.info\/2009-2015\/imami-nuk-do-lejoj-kontrollin-ne-ministri-pasi-parlamenti-po-tejkalon-limitet\/"]}]},{"@type":"ImageObject","inLanguage":"sq-AL","@id":"https:\/\/fjala.info\/2009-2015\/imami-nuk-do-lejoj-kontrollin-ne-ministri-pasi-parlamenti-po-tejkalon-limitet\/#primaryimage","url":"http:\/\/www.fjala.info\/2012\/arben_imami.jpg","contentUrl":"http:\/\/www.fjala.info\/2012\/arben_imami.jpg"},{"@type":"BreadcrumbList","@id":"https:\/\/fjala.info\/2009-2015\/imami-nuk-do-lejoj-kontrollin-ne-ministri-pasi-parlamenti-po-tejkalon-limitet\/#breadcrumb","itemListElement":[{"@type":"ListItem","position":1,"name":"Home","item":"https:\/\/fjala.info\/2009-2015\/"},{"@type":"ListItem","position":2,"name":"Imami: Nuk do lejoj kontrollin n\u00eb ministri pasi parlamenti po tejkalon limitet"}]},{"@type":"WebSite","@id":"https:\/\/fjala.info\/2009-2015\/#website","url":"https:\/\/fjala.info\/2009-2015\/","name":"FjALA e LIR\u00cb - Arkivi","description":"Arkivi 2009-2015","publisher":{"@id":"https:\/\/fjala.info\/2009-2015\/#organization"},"potentialAction":[{"@type":"SearchAction","target":{"@type":"EntryPoint","urlTemplate":"https:\/\/fjala.info\/2009-2015\/?s={search_term_string}"},"query-input":{"@type":"PropertyValueSpecification","valueRequired":true,"valueName":"search_term_string"}}],"inLanguage":"sq-AL"},{"@type":"Organization","@id":"https:\/\/fjala.info\/2009-2015\/#organization","name":"FjALA e LIR\u00cb - Arkivi","url":"https:\/\/fjala.info\/2009-2015\/","logo":{"@type":"ImageObject","inLanguage":"sq-AL","@id":"https:\/\/fjala.info\/2009-2015\/#\/schema\/logo\/image\/","url":"","contentUrl":"","caption":"FjALA e LIR\u00cb - Arkivi"},"image":{"@id":"https:\/\/fjala.info\/2009-2015\/#\/schema\/logo\/image\/"}},{"@type":"Person","@id":"https:\/\/fjala.info\/2009-2015\/#\/schema\/person\/3aa1163ef05469c496fc94e77611ada2","name":"admin","image":{"@type":"ImageObject","inLanguage":"sq-AL","@id":"https:\/\/fjala.info\/2009-2015\/wp-content\/uploads\/2012\/02\/arben_cokaj-120x150.jpg","url":"https:\/\/fjala.info\/2009-2015\/wp-content\/uploads\/2012\/02\/arben_cokaj-120x150.jpg","contentUrl":"https:\/\/fjala.info\/2009-2015\/wp-content\/uploads\/2012\/02\/arben_cokaj-120x150.jpg","caption":"admin"},"description":"Admin, Fjala e Lir\u00eb","sameAs":["https:\/\/fjala.info\/"],"url":"https:\/\/fjala.info\/2009-2015\/author\/admin\/"}]}},"_links":{"self":[{"href":"https:\/\/fjala.info\/2009-2015\/wp-json\/wp\/v2\/posts\/11963","targetHints":{"allow":["GET"]}}],"collection":[{"href":"https:\/\/fjala.info\/2009-2015\/wp-json\/wp\/v2\/posts"}],"about":[{"href":"https:\/\/fjala.info\/2009-2015\/wp-json\/wp\/v2\/types\/post"}],"author":[{"embeddable":true,"href":"https:\/\/fjala.info\/2009-2015\/wp-json\/wp\/v2\/users\/1"}],"replies":[{"embeddable":true,"href":"https:\/\/fjala.info\/2009-2015\/wp-json\/wp\/v2\/comments?post=11963"}],"version-history":[{"count":0,"href":"https:\/\/fjala.info\/2009-2015\/wp-json\/wp\/v2\/posts\/11963\/revisions"}],"wp:attachment":[{"href":"https:\/\/fjala.info\/2009-2015\/wp-json\/wp\/v2\/media?parent=11963"}],"wp:term":[{"taxonomy":"category","embeddable":true,"href":"https:\/\/fjala.info\/2009-2015\/wp-json\/wp\/v2\/categories?post=11963"},{"taxonomy":"post_tag","embeddable":true,"href":"https:\/\/fjala.info\/2009-2015\/wp-json\/wp\/v2\/tags?post=11963"}],"curies":[{"name":"wp","href":"https:\/\/api.w.org\/{rel}","templated":true}]}}