{"id":11962,"date":"2012-07-18T21:35:34","date_gmt":"2012-07-18T20:35:34","guid":{"rendered":"http:\/\/www.fjala.info\/?p=3877"},"modified":"2012-07-18T21:35:34","modified_gmt":"2012-07-18T20:35:34","slug":"berishes-i-qan-zemra-per-viktimat-e-korrupsionit-ta-heqim-imunitetin-per-te-papunet-e-te-varfrit","status":"publish","type":"post","link":"https:\/\/fjala.info\/2009-2015\/berishes-i-qan-zemra-per-viktimat-e-korrupsionit-ta-heqim-imunitetin-per-te-papunet-e-te-varfrit\/","title":{"rendered":"Berish\u00ebs i \u2018qan zemra\u2019 p\u00ebr viktimat e korrupsionit: Ta heqim imunitetin p\u00ebr t\u00eb papun\u00ebt e t\u00eb varfrit"},"content":{"rendered":"<p><img decoding=\"async\" class=\"alignleft size-thumbnail wp-image-7236\" title=\"Berisha - mblerdhje qeverie\" src=\"http:\/\/www.fjala.info\/2012\/berisha_qeveri.jpg\" alt=\"\" width=\"300\" \/> <strong>TemA<\/strong>, <em>18 Korrik 2012<\/em><\/p>\n<p>Kryeministri mbajti nj\u00eb hartim sot me nota pik\u00ebllimi p\u00ebr pensionistin q\u00eb imuniteti i zyrtar\u00ebve e pengon t\u00eb marr\u00eb me shum\u00eb para. Kryeministri e quajti nj\u00eb \u00e7\u00ebshtje jetike imunitetin dhe deklaroi se ai \u00ebsht\u00eb gjeneratori kryesor i korrupsionit<\/p>\n<p>Kryeministri Sali Berisha e nisi mbledhjen e qeveris\u00eb duke folur p\u00ebr bujq\u00ebsin\u00eb, si nj\u00eb potencial shum\u00eb i r\u00ebnd\u00ebsish\u00ebm p\u00ebr zhvillimin e vendit dhe zbutjen e papun\u00ebsis\u00eb. Berisha ftoi vendor\u00ebt q\u00eb t\u00eb b\u00ebjn\u00eb gjith\u00e7ka q\u00eb tokat e papunuara n\u00eb territorin e tyre t\u2019u jepen atyre q\u00eb kan\u00eb d\u00ebshir\u00eb dhe vullnet p\u00ebr t\u00eb punuar. Ai tha se n\u00eb k\u00ebt\u00eb m\u00ebnyr\u00eb nuk humbet pron\u00ebsia, por jepet toka kundrejt nj\u00eb takse. Berisha tha se toka mund t\u00eb jepet me nj\u00eb taks\u00eb simbolike aty ku \u00ebsht\u00eb djerrin\u00eb.<\/p>\n<p>Berisha i b\u00ebri thirrje Ministris\u00eb s\u00eb Bujq\u00ebsis\u00eb t\u00eb mbik\u00ebqyr\u00eb k\u00ebt\u00eb proces. \u201cToka duhet tu jepet atyre q\u00eb e punojn\u00eb, jo atyre q\u00eb i kthejn\u00eb shpin\u00ebn,\u201d deklaroi Berisha.<\/p>\n<p>Gjithashtu kryeministri ka k\u00ebrkuar sot zbatim t\u00eb ligjit p\u00ebr kthimin e banesave n\u00eb adres\u00eb t\u00eb pronar\u00ebve t\u00eb tyre. \u201cNe u ofrojm\u00eb p\u00ebrdoruesve t\u00eb tyre kredi me zero interes, por sht\u00ebpia e pronarit duhet t\u00eb lirohet. Ne kemi mbi 2 vjet q\u00eb kemi p\u00ebrcaktuar shum\u00ebn, kemi ofruar kredin\u00eb, por diku nuk funksionon skema\u201d, tha Berisha.<\/p>\n<p>Sipas tij, ka nj\u00eb mal t\u00eb turpsh\u00ebm falsifikimesh mbi to dhe t\u00eb gjitha duhet t\u00eb jen\u00eb objekt denoncimesh n\u00eb prokurori. \u201cP\u00ebrpjekjet p\u00ebr t`u p\u00ebrvet\u00ebsuar pronar\u00ebve sht\u00ebpit\u00eb jan\u00eb t\u00eb jasht\u00ebzakonshme. Ligji do parashikoj\u00eb q\u00eb n\u00ebse brenda nj\u00eb fati t\u00eb p\u00ebrcaktuar bashkia nuk e zbaton ligjin, do nd\u00ebrhyj\u00eb enti dhe do t\u00eb zbatoj\u00eb ligjin. Nuk mund t\u00eb shkohet m\u00eb me pronar\u00ebt n\u00eb k\u00ebt\u00eb m\u00ebnyr\u00eb\u201d, shtoi m\u00eb tej kryeministri.<\/p>\n<p>M\u00eb pas kryeministri vuri mask\u00ebn e njeriut t\u00eb dhembshur dhe nisi t\u00eb flas\u00eb p\u00ebr heqjen e imunitetit.<\/p>\n<p>Njeriu q\u00eb ka dy mandate n\u00eb pushtet dhe q\u00eb ka n\u00eb krah t\u00eb tij peshkaqen\u00ebt e korrupsionit, m\u00eb t\u00eb m\u00ebdhenjt\u00eb q\u00eb ka njohur historia e shtetit shqiptar, tha se Ram\u00ebn e pengon klubi i miliarder\u00ebve t\u00eb votoj\u00eb heqjen e imunitetit.<\/p>\n<p>\u201c\u00cbsht\u00eb nj\u00ebmij\u00eb her\u00eb m\u00eb mir\u00eb t\u00eb d\u00ebgjosh z\u00ebrin e t\u00eb papunit q\u00eb sot nuk e di se \u00e7\u2019do tu jap\u00eb nes\u00ebr f\u00ebmij\u00ebve t\u00eb tij sepse korrupsioni ua merr atyre kafshat\u00ebn nga goja, t\u00eb d\u00ebgjosh m\u00eb mir\u00eb nj\u00eb n\u00ebn\u00eb q\u00eb ka humbur bashk\u00ebshortin dhe rrit dy f\u00ebmij\u00eb jetim\u00eb sepse korrupsioni pengon q\u00eb f\u00ebmij\u00ebt e saj t\u00eb ken\u00eb nj\u00eb trajtim m\u00eb dinjitopz dhe m\u00eb t\u00eb mir\u00eb. Mendoj se m\u00eb mir\u00eb t\u00eb d\u00ebgjosh z\u00ebrin e pensionistit q\u00eb qan pa lot \u00e7do dit\u00eb sepse ka dhimbje p\u00ebr p\u00ebrballimin e jet\u00ebs s\u00eb p\u00ebrditshme me pensionin q\u00eb merr, sepse imuniteti e pengon q\u00eb t\u00eb marr\u00eb m\u00eb shum\u00eb. Nuk mund t\u00eb gjej kurr\u00eb nj\u00eb motiv p\u00ebr t\u00eb penguar heqjen e tij.<\/p>\n<p>I b\u00ebj thirrje dhe nj\u00eb her\u00eb zotit Rama ta mendoj\u00eb dhe rimendoj\u00eb se kjo q\u00eb b\u00ebn \u00ebsht\u00eb tmerr\u00ebsisht e r\u00ebnd\u00eb dhe n\u00eb kund\u00ebrshtim me interesin jetik t\u00eb \u00e7do qytetari t\u00eb k\u00ebtij vendi. \u00cbsht\u00eb nj\u00eb mur q\u00eb ngrihet n\u00eb procesin e integrimit. Detyra jon\u00eb \u00ebsht\u00eb ta shembim at\u00eb, jo ta ngrem\u00eb. Por n\u00eb rrafshin njer\u00ebzor \u00e7far\u00eb \u00ebsht\u00eb imuniteti? Gjenerator kryesor i korrupsionit, i pabarazis\u00eb s\u00eb qytetar\u00ebve, dhunimit t\u00eb t\u00eb drejtave t\u00eb tyre,\u201d tha Berisha.<\/p>\n","protected":false},"excerpt":{"rendered":"<p>TemA, 18 Korrik 2012 Kryeministri mbajti nj\u00eb hartim sot me nota pik\u00ebllimi p\u00ebr pensionistin q\u00eb imuniteti i zyrtar\u00ebve e pengon t\u00eb marr\u00eb me shum\u00eb para. Kryeministri e quajti nj\u00eb \u00e7\u00ebshtje jetike imunitetin dhe deklaroi se ai \u00ebsht\u00eb gjeneratori kryesor i korrupsionit Kryeministri Sali Berisha e nisi mbledhjen e qeveris\u00eb duke folur p\u00ebr bujq\u00ebsin\u00eb, si nj\u00eb [&hellip;]<\/p>\n","protected":false},"author":1,"featured_media":0,"comment_status":"open","ping_status":"closed","sticky":false,"template":"","format":"standard","meta":{"footnotes":""},"categories":[2],"tags":[],"class_list":{"0":"post-11962","1":"post","2":"type-post","3":"status-publish","4":"format-standard","6":"category-artikuj"},"yoast_head":"<!-- This site is optimized with the Yoast SEO plugin v27.4 - https:\/\/yoast.com\/product\/yoast-seo-wordpress\/ -->\n<title>Berish\u00ebs i \u2018qan zemra\u2019 p\u00ebr viktimat e korrupsionit: Ta heqim imunitetin p\u00ebr t\u00eb papun\u00ebt e t\u00eb varfrit - FjALA e LIR\u00cb - Arkivi<\/title>\n<meta name=\"robots\" content=\"index, follow, max-snippet:-1, max-image-preview:large, max-video-preview:-1\" \/>\n<link rel=\"canonical\" href=\"https:\/\/fjala.info\/2009-2015\/berishes-i-qan-zemra-per-viktimat-e-korrupsionit-ta-heqim-imunitetin-per-te-papunet-e-te-varfrit\/\" \/>\n<meta property=\"og:locale\" content=\"sq_AL\" \/>\n<meta property=\"og:type\" content=\"article\" \/>\n<meta property=\"og:title\" content=\"Berish\u00ebs i \u2018qan zemra\u2019 p\u00ebr viktimat e korrupsionit: Ta heqim imunitetin p\u00ebr t\u00eb papun\u00ebt e t\u00eb varfrit - FjALA e LIR\u00cb - Arkivi\" \/>\n<meta property=\"og:description\" content=\"TemA, 18 Korrik 2012 Kryeministri mbajti nj\u00eb hartim sot me nota pik\u00ebllimi p\u00ebr pensionistin q\u00eb imuniteti i zyrtar\u00ebve e pengon t\u00eb marr\u00eb me shum\u00eb para. Kryeministri e quajti nj\u00eb \u00e7\u00ebshtje jetike imunitetin dhe deklaroi se ai \u00ebsht\u00eb gjeneratori kryesor i korrupsionit Kryeministri Sali Berisha e nisi mbledhjen e qeveris\u00eb duke folur p\u00ebr bujq\u00ebsin\u00eb, si nj\u00eb [&hellip;]\" \/>\n<meta property=\"og:url\" content=\"https:\/\/fjala.info\/2009-2015\/berishes-i-qan-zemra-per-viktimat-e-korrupsionit-ta-heqim-imunitetin-per-te-papunet-e-te-varfrit\/\" \/>\n<meta property=\"og:site_name\" content=\"FjALA e LIR\u00cb - Arkivi\" \/>\n<meta property=\"article:published_time\" content=\"2012-07-18T20:35:34+00:00\" \/>\n<meta property=\"og:image\" content=\"http:\/\/www.fjala.info\/2012\/berisha_qeveri.jpg\" \/>\n<meta name=\"author\" content=\"admin\" \/>\n<meta name=\"twitter:card\" content=\"summary_large_image\" \/>\n<meta name=\"twitter:label1\" content=\"Written by\" \/>\n\t<meta name=\"twitter:data1\" content=\"admin\" \/>\n\t<meta name=\"twitter:label2\" content=\"Est. reading time\" \/>\n\t<meta name=\"twitter:data2\" content=\"3 minutes\" \/>\n<script type=\"application\/ld+json\" class=\"yoast-schema-graph\">{\"@context\":\"https:\\\/\\\/schema.org\",\"@graph\":[{\"@type\":\"Article\",\"@id\":\"https:\\\/\\\/fjala.info\\\/2009-2015\\\/berishes-i-qan-zemra-per-viktimat-e-korrupsionit-ta-heqim-imunitetin-per-te-papunet-e-te-varfrit\\\/#article\",\"isPartOf\":{\"@id\":\"https:\\\/\\\/fjala.info\\\/2009-2015\\\/berishes-i-qan-zemra-per-viktimat-e-korrupsionit-ta-heqim-imunitetin-per-te-papunet-e-te-varfrit\\\/\"},\"author\":{\"name\":\"admin\",\"@id\":\"https:\\\/\\\/fjala.info\\\/2009-2015\\\/#\\\/schema\\\/person\\\/3aa1163ef05469c496fc94e77611ada2\"},\"headline\":\"Berish\u00ebs i \u2018qan zemra\u2019 p\u00ebr viktimat e korrupsionit: Ta heqim imunitetin p\u00ebr t\u00eb papun\u00ebt e t\u00eb varfrit\",\"datePublished\":\"2012-07-18T20:35:34+00:00\",\"mainEntityOfPage\":{\"@id\":\"https:\\\/\\\/fjala.info\\\/2009-2015\\\/berishes-i-qan-zemra-per-viktimat-e-korrupsionit-ta-heqim-imunitetin-per-te-papunet-e-te-varfrit\\\/\"},\"wordCount\":612,\"commentCount\":0,\"publisher\":{\"@id\":\"https:\\\/\\\/fjala.info\\\/2009-2015\\\/#organization\"},\"image\":{\"@id\":\"https:\\\/\\\/fjala.info\\\/2009-2015\\\/berishes-i-qan-zemra-per-viktimat-e-korrupsionit-ta-heqim-imunitetin-per-te-papunet-e-te-varfrit\\\/#primaryimage\"},\"thumbnailUrl\":\"http:\\\/\\\/www.fjala.info\\\/2012\\\/berisha_qeveri.jpg\",\"articleSection\":[\"Artikuj\"],\"inLanguage\":\"sq-AL\",\"potentialAction\":[{\"@type\":\"CommentAction\",\"name\":\"Comment\",\"target\":[\"https:\\\/\\\/fjala.info\\\/2009-2015\\\/berishes-i-qan-zemra-per-viktimat-e-korrupsionit-ta-heqim-imunitetin-per-te-papunet-e-te-varfrit\\\/#respond\"]}]},{\"@type\":\"WebPage\",\"@id\":\"https:\\\/\\\/fjala.info\\\/2009-2015\\\/berishes-i-qan-zemra-per-viktimat-e-korrupsionit-ta-heqim-imunitetin-per-te-papunet-e-te-varfrit\\\/\",\"url\":\"https:\\\/\\\/fjala.info\\\/2009-2015\\\/berishes-i-qan-zemra-per-viktimat-e-korrupsionit-ta-heqim-imunitetin-per-te-papunet-e-te-varfrit\\\/\",\"name\":\"Berish\u00ebs i \u2018qan zemra\u2019 p\u00ebr viktimat e korrupsionit: Ta heqim imunitetin p\u00ebr t\u00eb papun\u00ebt e t\u00eb varfrit - FjALA e LIR\u00cb - Arkivi\",\"isPartOf\":{\"@id\":\"https:\\\/\\\/fjala.info\\\/2009-2015\\\/#website\"},\"primaryImageOfPage\":{\"@id\":\"https:\\\/\\\/fjala.info\\\/2009-2015\\\/berishes-i-qan-zemra-per-viktimat-e-korrupsionit-ta-heqim-imunitetin-per-te-papunet-e-te-varfrit\\\/#primaryimage\"},\"image\":{\"@id\":\"https:\\\/\\\/fjala.info\\\/2009-2015\\\/berishes-i-qan-zemra-per-viktimat-e-korrupsionit-ta-heqim-imunitetin-per-te-papunet-e-te-varfrit\\\/#primaryimage\"},\"thumbnailUrl\":\"http:\\\/\\\/www.fjala.info\\\/2012\\\/berisha_qeveri.jpg\",\"datePublished\":\"2012-07-18T20:35:34+00:00\",\"breadcrumb\":{\"@id\":\"https:\\\/\\\/fjala.info\\\/2009-2015\\\/berishes-i-qan-zemra-per-viktimat-e-korrupsionit-ta-heqim-imunitetin-per-te-papunet-e-te-varfrit\\\/#breadcrumb\"},\"inLanguage\":\"sq-AL\",\"potentialAction\":[{\"@type\":\"ReadAction\",\"target\":[\"https:\\\/\\\/fjala.info\\\/2009-2015\\\/berishes-i-qan-zemra-per-viktimat-e-korrupsionit-ta-heqim-imunitetin-per-te-papunet-e-te-varfrit\\\/\"]}]},{\"@type\":\"ImageObject\",\"inLanguage\":\"sq-AL\",\"@id\":\"https:\\\/\\\/fjala.info\\\/2009-2015\\\/berishes-i-qan-zemra-per-viktimat-e-korrupsionit-ta-heqim-imunitetin-per-te-papunet-e-te-varfrit\\\/#primaryimage\",\"url\":\"http:\\\/\\\/www.fjala.info\\\/2012\\\/berisha_qeveri.jpg\",\"contentUrl\":\"http:\\\/\\\/www.fjala.info\\\/2012\\\/berisha_qeveri.jpg\"},{\"@type\":\"BreadcrumbList\",\"@id\":\"https:\\\/\\\/fjala.info\\\/2009-2015\\\/berishes-i-qan-zemra-per-viktimat-e-korrupsionit-ta-heqim-imunitetin-per-te-papunet-e-te-varfrit\\\/#breadcrumb\",\"itemListElement\":[{\"@type\":\"ListItem\",\"position\":1,\"name\":\"Home\",\"item\":\"https:\\\/\\\/fjala.info\\\/2009-2015\\\/\"},{\"@type\":\"ListItem\",\"position\":2,\"name\":\"Berish\u00ebs i \u2018qan zemra\u2019 p\u00ebr viktimat e korrupsionit: Ta heqim imunitetin p\u00ebr t\u00eb papun\u00ebt e t\u00eb varfrit\"}]},{\"@type\":\"WebSite\",\"@id\":\"https:\\\/\\\/fjala.info\\\/2009-2015\\\/#website\",\"url\":\"https:\\\/\\\/fjala.info\\\/2009-2015\\\/\",\"name\":\"FjALA e LIR\u00cb - Arkivi\",\"description\":\"Arkivi 2009-2015\",\"publisher\":{\"@id\":\"https:\\\/\\\/fjala.info\\\/2009-2015\\\/#organization\"},\"potentialAction\":[{\"@type\":\"SearchAction\",\"target\":{\"@type\":\"EntryPoint\",\"urlTemplate\":\"https:\\\/\\\/fjala.info\\\/2009-2015\\\/?s={search_term_string}\"},\"query-input\":{\"@type\":\"PropertyValueSpecification\",\"valueRequired\":true,\"valueName\":\"search_term_string\"}}],\"inLanguage\":\"sq-AL\"},{\"@type\":\"Organization\",\"@id\":\"https:\\\/\\\/fjala.info\\\/2009-2015\\\/#organization\",\"name\":\"FjALA e LIR\u00cb - Arkivi\",\"url\":\"https:\\\/\\\/fjala.info\\\/2009-2015\\\/\",\"logo\":{\"@type\":\"ImageObject\",\"inLanguage\":\"sq-AL\",\"@id\":\"https:\\\/\\\/fjala.info\\\/2009-2015\\\/#\\\/schema\\\/logo\\\/image\\\/\",\"url\":\"\",\"contentUrl\":\"\",\"caption\":\"FjALA e LIR\u00cb - Arkivi\"},\"image\":{\"@id\":\"https:\\\/\\\/fjala.info\\\/2009-2015\\\/#\\\/schema\\\/logo\\\/image\\\/\"}},{\"@type\":\"Person\",\"@id\":\"https:\\\/\\\/fjala.info\\\/2009-2015\\\/#\\\/schema\\\/person\\\/3aa1163ef05469c496fc94e77611ada2\",\"name\":\"admin\",\"image\":{\"@type\":\"ImageObject\",\"inLanguage\":\"sq-AL\",\"@id\":\"https:\\\/\\\/fjala.info\\\/2009-2015\\\/wp-content\\\/uploads\\\/2012\\\/02\\\/arben_cokaj-120x150.jpg\",\"url\":\"https:\\\/\\\/fjala.info\\\/2009-2015\\\/wp-content\\\/uploads\\\/2012\\\/02\\\/arben_cokaj-120x150.jpg\",\"contentUrl\":\"https:\\\/\\\/fjala.info\\\/2009-2015\\\/wp-content\\\/uploads\\\/2012\\\/02\\\/arben_cokaj-120x150.jpg\",\"caption\":\"admin\"},\"description\":\"Admin, Fjala e Lir\u00eb\",\"sameAs\":[\"https:\\\/\\\/fjala.info\\\/\"],\"url\":\"https:\\\/\\\/fjala.info\\\/2009-2015\\\/author\\\/admin\\\/\"}]}<\/script>\n<!-- \/ Yoast SEO plugin. -->","yoast_head_json":{"title":"Berish\u00ebs i \u2018qan zemra\u2019 p\u00ebr viktimat e korrupsionit: Ta heqim imunitetin p\u00ebr t\u00eb papun\u00ebt e t\u00eb varfrit - FjALA e LIR\u00cb - Arkivi","robots":{"index":"index","follow":"follow","max-snippet":"max-snippet:-1","max-image-preview":"max-image-preview:large","max-video-preview":"max-video-preview:-1"},"canonical":"https:\/\/fjala.info\/2009-2015\/berishes-i-qan-zemra-per-viktimat-e-korrupsionit-ta-heqim-imunitetin-per-te-papunet-e-te-varfrit\/","og_locale":"sq_AL","og_type":"article","og_title":"Berish\u00ebs i \u2018qan zemra\u2019 p\u00ebr viktimat e korrupsionit: Ta heqim imunitetin p\u00ebr t\u00eb papun\u00ebt e t\u00eb varfrit - FjALA e LIR\u00cb - Arkivi","og_description":"TemA, 18 Korrik 2012 Kryeministri mbajti nj\u00eb hartim sot me nota pik\u00ebllimi p\u00ebr pensionistin q\u00eb imuniteti i zyrtar\u00ebve e pengon t\u00eb marr\u00eb me shum\u00eb para. Kryeministri e quajti nj\u00eb \u00e7\u00ebshtje jetike imunitetin dhe deklaroi se ai \u00ebsht\u00eb gjeneratori kryesor i korrupsionit Kryeministri Sali Berisha e nisi mbledhjen e qeveris\u00eb duke folur p\u00ebr bujq\u00ebsin\u00eb, si nj\u00eb [&hellip;]","og_url":"https:\/\/fjala.info\/2009-2015\/berishes-i-qan-zemra-per-viktimat-e-korrupsionit-ta-heqim-imunitetin-per-te-papunet-e-te-varfrit\/","og_site_name":"FjALA e LIR\u00cb - Arkivi","article_published_time":"2012-07-18T20:35:34+00:00","og_image":[{"url":"http:\/\/www.fjala.info\/2012\/berisha_qeveri.jpg","type":"","width":"","height":""}],"author":"admin","twitter_card":"summary_large_image","twitter_misc":{"Written by":"admin","Est. reading time":"3 minutes"},"schema":{"@context":"https:\/\/schema.org","@graph":[{"@type":"Article","@id":"https:\/\/fjala.info\/2009-2015\/berishes-i-qan-zemra-per-viktimat-e-korrupsionit-ta-heqim-imunitetin-per-te-papunet-e-te-varfrit\/#article","isPartOf":{"@id":"https:\/\/fjala.info\/2009-2015\/berishes-i-qan-zemra-per-viktimat-e-korrupsionit-ta-heqim-imunitetin-per-te-papunet-e-te-varfrit\/"},"author":{"name":"admin","@id":"https:\/\/fjala.info\/2009-2015\/#\/schema\/person\/3aa1163ef05469c496fc94e77611ada2"},"headline":"Berish\u00ebs i \u2018qan zemra\u2019 p\u00ebr viktimat e korrupsionit: Ta heqim imunitetin p\u00ebr t\u00eb papun\u00ebt e t\u00eb varfrit","datePublished":"2012-07-18T20:35:34+00:00","mainEntityOfPage":{"@id":"https:\/\/fjala.info\/2009-2015\/berishes-i-qan-zemra-per-viktimat-e-korrupsionit-ta-heqim-imunitetin-per-te-papunet-e-te-varfrit\/"},"wordCount":612,"commentCount":0,"publisher":{"@id":"https:\/\/fjala.info\/2009-2015\/#organization"},"image":{"@id":"https:\/\/fjala.info\/2009-2015\/berishes-i-qan-zemra-per-viktimat-e-korrupsionit-ta-heqim-imunitetin-per-te-papunet-e-te-varfrit\/#primaryimage"},"thumbnailUrl":"http:\/\/www.fjala.info\/2012\/berisha_qeveri.jpg","articleSection":["Artikuj"],"inLanguage":"sq-AL","potentialAction":[{"@type":"CommentAction","name":"Comment","target":["https:\/\/fjala.info\/2009-2015\/berishes-i-qan-zemra-per-viktimat-e-korrupsionit-ta-heqim-imunitetin-per-te-papunet-e-te-varfrit\/#respond"]}]},{"@type":"WebPage","@id":"https:\/\/fjala.info\/2009-2015\/berishes-i-qan-zemra-per-viktimat-e-korrupsionit-ta-heqim-imunitetin-per-te-papunet-e-te-varfrit\/","url":"https:\/\/fjala.info\/2009-2015\/berishes-i-qan-zemra-per-viktimat-e-korrupsionit-ta-heqim-imunitetin-per-te-papunet-e-te-varfrit\/","name":"Berish\u00ebs i \u2018qan zemra\u2019 p\u00ebr viktimat e korrupsionit: Ta heqim imunitetin p\u00ebr t\u00eb papun\u00ebt e t\u00eb varfrit - FjALA e LIR\u00cb - Arkivi","isPartOf":{"@id":"https:\/\/fjala.info\/2009-2015\/#website"},"primaryImageOfPage":{"@id":"https:\/\/fjala.info\/2009-2015\/berishes-i-qan-zemra-per-viktimat-e-korrupsionit-ta-heqim-imunitetin-per-te-papunet-e-te-varfrit\/#primaryimage"},"image":{"@id":"https:\/\/fjala.info\/2009-2015\/berishes-i-qan-zemra-per-viktimat-e-korrupsionit-ta-heqim-imunitetin-per-te-papunet-e-te-varfrit\/#primaryimage"},"thumbnailUrl":"http:\/\/www.fjala.info\/2012\/berisha_qeveri.jpg","datePublished":"2012-07-18T20:35:34+00:00","breadcrumb":{"@id":"https:\/\/fjala.info\/2009-2015\/berishes-i-qan-zemra-per-viktimat-e-korrupsionit-ta-heqim-imunitetin-per-te-papunet-e-te-varfrit\/#breadcrumb"},"inLanguage":"sq-AL","potentialAction":[{"@type":"ReadAction","target":["https:\/\/fjala.info\/2009-2015\/berishes-i-qan-zemra-per-viktimat-e-korrupsionit-ta-heqim-imunitetin-per-te-papunet-e-te-varfrit\/"]}]},{"@type":"ImageObject","inLanguage":"sq-AL","@id":"https:\/\/fjala.info\/2009-2015\/berishes-i-qan-zemra-per-viktimat-e-korrupsionit-ta-heqim-imunitetin-per-te-papunet-e-te-varfrit\/#primaryimage","url":"http:\/\/www.fjala.info\/2012\/berisha_qeveri.jpg","contentUrl":"http:\/\/www.fjala.info\/2012\/berisha_qeveri.jpg"},{"@type":"BreadcrumbList","@id":"https:\/\/fjala.info\/2009-2015\/berishes-i-qan-zemra-per-viktimat-e-korrupsionit-ta-heqim-imunitetin-per-te-papunet-e-te-varfrit\/#breadcrumb","itemListElement":[{"@type":"ListItem","position":1,"name":"Home","item":"https:\/\/fjala.info\/2009-2015\/"},{"@type":"ListItem","position":2,"name":"Berish\u00ebs i \u2018qan zemra\u2019 p\u00ebr viktimat e korrupsionit: Ta heqim imunitetin p\u00ebr t\u00eb papun\u00ebt e t\u00eb varfrit"}]},{"@type":"WebSite","@id":"https:\/\/fjala.info\/2009-2015\/#website","url":"https:\/\/fjala.info\/2009-2015\/","name":"FjALA e LIR\u00cb - Arkivi","description":"Arkivi 2009-2015","publisher":{"@id":"https:\/\/fjala.info\/2009-2015\/#organization"},"potentialAction":[{"@type":"SearchAction","target":{"@type":"EntryPoint","urlTemplate":"https:\/\/fjala.info\/2009-2015\/?s={search_term_string}"},"query-input":{"@type":"PropertyValueSpecification","valueRequired":true,"valueName":"search_term_string"}}],"inLanguage":"sq-AL"},{"@type":"Organization","@id":"https:\/\/fjala.info\/2009-2015\/#organization","name":"FjALA e LIR\u00cb - Arkivi","url":"https:\/\/fjala.info\/2009-2015\/","logo":{"@type":"ImageObject","inLanguage":"sq-AL","@id":"https:\/\/fjala.info\/2009-2015\/#\/schema\/logo\/image\/","url":"","contentUrl":"","caption":"FjALA e LIR\u00cb - Arkivi"},"image":{"@id":"https:\/\/fjala.info\/2009-2015\/#\/schema\/logo\/image\/"}},{"@type":"Person","@id":"https:\/\/fjala.info\/2009-2015\/#\/schema\/person\/3aa1163ef05469c496fc94e77611ada2","name":"admin","image":{"@type":"ImageObject","inLanguage":"sq-AL","@id":"https:\/\/fjala.info\/2009-2015\/wp-content\/uploads\/2012\/02\/arben_cokaj-120x150.jpg","url":"https:\/\/fjala.info\/2009-2015\/wp-content\/uploads\/2012\/02\/arben_cokaj-120x150.jpg","contentUrl":"https:\/\/fjala.info\/2009-2015\/wp-content\/uploads\/2012\/02\/arben_cokaj-120x150.jpg","caption":"admin"},"description":"Admin, Fjala e Lir\u00eb","sameAs":["https:\/\/fjala.info\/"],"url":"https:\/\/fjala.info\/2009-2015\/author\/admin\/"}]}},"_links":{"self":[{"href":"https:\/\/fjala.info\/2009-2015\/wp-json\/wp\/v2\/posts\/11962","targetHints":{"allow":["GET"]}}],"collection":[{"href":"https:\/\/fjala.info\/2009-2015\/wp-json\/wp\/v2\/posts"}],"about":[{"href":"https:\/\/fjala.info\/2009-2015\/wp-json\/wp\/v2\/types\/post"}],"author":[{"embeddable":true,"href":"https:\/\/fjala.info\/2009-2015\/wp-json\/wp\/v2\/users\/1"}],"replies":[{"embeddable":true,"href":"https:\/\/fjala.info\/2009-2015\/wp-json\/wp\/v2\/comments?post=11962"}],"version-history":[{"count":0,"href":"https:\/\/fjala.info\/2009-2015\/wp-json\/wp\/v2\/posts\/11962\/revisions"}],"wp:attachment":[{"href":"https:\/\/fjala.info\/2009-2015\/wp-json\/wp\/v2\/media?parent=11962"}],"wp:term":[{"taxonomy":"category","embeddable":true,"href":"https:\/\/fjala.info\/2009-2015\/wp-json\/wp\/v2\/categories?post=11962"},{"taxonomy":"post_tag","embeddable":true,"href":"https:\/\/fjala.info\/2009-2015\/wp-json\/wp\/v2\/tags?post=11962"}],"curies":[{"name":"wp","href":"https:\/\/api.w.org\/{rel}","templated":true}]}}