{"id":11961,"date":"2012-07-18T15:12:25","date_gmt":"2012-07-18T14:12:25","guid":{"rendered":"http:\/\/www.fjala.info\/?p=3875"},"modified":"2012-07-18T15:12:25","modified_gmt":"2012-07-18T14:12:25","slug":"te-plase-zonja-merkel-per-rruget-tona-foto","status":"publish","type":"post","link":"https:\/\/fjala.info\/2009-2015\/te-plase-zonja-merkel-per-rruget-tona-foto\/","title":{"rendered":"\u201cT\u00eb plas\u00eb zonja Merkel p\u00ebr rrug\u00ebt tona\u201d (FOTO)"},"content":{"rendered":"<p><strong>TemA Online<\/strong>, <em>18 Korrik 2012<\/em><\/p>\n<p>Gjendja e keqe e infrastruktur\u00ebs rrugore n\u00eb vend, sidomos n\u00eb jug, vazhdon q\u00eb t\u00eb denoncohet nga ana e deputetit socialist, Erion Bra\u00e7e. Ky i fundit ka ironizuar madje me kryeministrin Berisha, q\u00eb thot\u00eb se kemi nj\u00eb bum ekonomik. Sipas Bra\u00e7es, Merkel duhet t\u00eb plas\u00eb nga inati, pasi rrug\u00eb si tonat nuk mund t\u00eb ket\u00eb.<\/p>\n<p><img decoding=\"async\" class=\"aligncenter size-thumbnail wp-image-7236\" title=\"Rrug\u00ebt evropiane t\u00eb Saliut\" src=\"http:\/\/www.fjala.info\/2012\/rruga_evropiane_saliut.jpg\" alt=\"\" width=\"450\" \/><\/p>\n<p>\u201cTani sapo kalova n\u00eb \u201cMrekullin\u00eb infrastrukturore\u201d Lushnj\u00eb- Berat!! Gropat 30 cm t\u00eb thella e t\u00eb mbuluara nga uji-m\u00eb keq nga java n\u00eb jav\u00eb! Ky \u00ebsht\u00eb bumi ekonomik i Salih Argita Shk\u00eblzen Berisha! T\u00eb plase zonja Merkel, t\u00eb plas\u00eb! S\u2019i b\u00ebn dot rrug\u00ebt me kaq gropa n\u00eb Gjermani!\u201d, shprehet deputeti socialist, duke e shoq\u00ebruar k\u00ebt\u00eb denoncim edhe me foto.<\/p>\n","protected":false},"excerpt":{"rendered":"<p>TemA Online, 18 Korrik 2012 Gjendja e keqe e infrastruktur\u00ebs rrugore n\u00eb vend, sidomos n\u00eb jug, vazhdon q\u00eb t\u00eb denoncohet nga ana e deputetit socialist, Erion Bra\u00e7e. Ky i fundit ka ironizuar madje me kryeministrin Berisha, q\u00eb thot\u00eb se kemi nj\u00eb bum ekonomik. Sipas Bra\u00e7es, Merkel duhet t\u00eb plas\u00eb nga inati, pasi rrug\u00eb si tonat [&hellip;]<\/p>\n","protected":false},"author":1,"featured_media":0,"comment_status":"open","ping_status":"closed","sticky":false,"template":"","format":"standard","meta":{"footnotes":""},"categories":[2,5],"tags":[],"class_list":{"0":"post-11961","1":"post","2":"type-post","3":"status-publish","4":"format-standard","6":"category-artikuj","7":"category-lajme"},"yoast_head":"<!-- This site is optimized with the Yoast SEO plugin v27.4 - https:\/\/yoast.com\/product\/yoast-seo-wordpress\/ -->\n<title>\u201cT\u00eb plas\u00eb zonja Merkel p\u00ebr rrug\u00ebt tona\u201d (FOTO) - FjALA e LIR\u00cb - Arkivi<\/title>\n<meta name=\"robots\" content=\"index, follow, max-snippet:-1, max-image-preview:large, max-video-preview:-1\" \/>\n<link rel=\"canonical\" href=\"https:\/\/fjala.info\/2009-2015\/te-plase-zonja-merkel-per-rruget-tona-foto\/\" \/>\n<meta property=\"og:locale\" content=\"sq_AL\" \/>\n<meta property=\"og:type\" content=\"article\" \/>\n<meta property=\"og:title\" content=\"\u201cT\u00eb plas\u00eb zonja Merkel p\u00ebr rrug\u00ebt tona\u201d (FOTO) - FjALA e LIR\u00cb - Arkivi\" \/>\n<meta property=\"og:description\" content=\"TemA Online, 18 Korrik 2012 Gjendja e keqe e infrastruktur\u00ebs rrugore n\u00eb vend, sidomos n\u00eb jug, vazhdon q\u00eb t\u00eb denoncohet nga ana e deputetit socialist, Erion Bra\u00e7e. Ky i fundit ka ironizuar madje me kryeministrin Berisha, q\u00eb thot\u00eb se kemi nj\u00eb bum ekonomik. Sipas Bra\u00e7es, Merkel duhet t\u00eb plas\u00eb nga inati, pasi rrug\u00eb si tonat [&hellip;]\" \/>\n<meta property=\"og:url\" content=\"https:\/\/fjala.info\/2009-2015\/te-plase-zonja-merkel-per-rruget-tona-foto\/\" \/>\n<meta property=\"og:site_name\" content=\"FjALA e LIR\u00cb - Arkivi\" \/>\n<meta property=\"article:published_time\" content=\"2012-07-18T14:12:25+00:00\" \/>\n<meta property=\"og:image\" content=\"http:\/\/www.fjala.info\/2012\/rruga_evropiane_saliut.jpg\" \/>\n<meta name=\"author\" content=\"admin\" \/>\n<meta name=\"twitter:card\" content=\"summary_large_image\" \/>\n<meta name=\"twitter:label1\" content=\"Written by\" \/>\n\t<meta name=\"twitter:data1\" content=\"admin\" \/>\n\t<meta name=\"twitter:label2\" content=\"Est. reading time\" \/>\n\t<meta name=\"twitter:data2\" content=\"1 minute\" \/>\n<script type=\"application\/ld+json\" class=\"yoast-schema-graph\">{\"@context\":\"https:\\\/\\\/schema.org\",\"@graph\":[{\"@type\":\"Article\",\"@id\":\"https:\\\/\\\/fjala.info\\\/2009-2015\\\/te-plase-zonja-merkel-per-rruget-tona-foto\\\/#article\",\"isPartOf\":{\"@id\":\"https:\\\/\\\/fjala.info\\\/2009-2015\\\/te-plase-zonja-merkel-per-rruget-tona-foto\\\/\"},\"author\":{\"name\":\"admin\",\"@id\":\"https:\\\/\\\/fjala.info\\\/2009-2015\\\/#\\\/schema\\\/person\\\/3aa1163ef05469c496fc94e77611ada2\"},\"headline\":\"\u201cT\u00eb plas\u00eb zonja Merkel p\u00ebr rrug\u00ebt tona\u201d (FOTO)\",\"datePublished\":\"2012-07-18T14:12:25+00:00\",\"mainEntityOfPage\":{\"@id\":\"https:\\\/\\\/fjala.info\\\/2009-2015\\\/te-plase-zonja-merkel-per-rruget-tona-foto\\\/\"},\"wordCount\":134,\"commentCount\":0,\"publisher\":{\"@id\":\"https:\\\/\\\/fjala.info\\\/2009-2015\\\/#organization\"},\"image\":{\"@id\":\"https:\\\/\\\/fjala.info\\\/2009-2015\\\/te-plase-zonja-merkel-per-rruget-tona-foto\\\/#primaryimage\"},\"thumbnailUrl\":\"http:\\\/\\\/www.fjala.info\\\/2012\\\/rruga_evropiane_saliut.jpg\",\"articleSection\":[\"Artikuj\",\"Lajme\"],\"inLanguage\":\"sq-AL\",\"potentialAction\":[{\"@type\":\"CommentAction\",\"name\":\"Comment\",\"target\":[\"https:\\\/\\\/fjala.info\\\/2009-2015\\\/te-plase-zonja-merkel-per-rruget-tona-foto\\\/#respond\"]}]},{\"@type\":\"WebPage\",\"@id\":\"https:\\\/\\\/fjala.info\\\/2009-2015\\\/te-plase-zonja-merkel-per-rruget-tona-foto\\\/\",\"url\":\"https:\\\/\\\/fjala.info\\\/2009-2015\\\/te-plase-zonja-merkel-per-rruget-tona-foto\\\/\",\"name\":\"\u201cT\u00eb plas\u00eb zonja Merkel p\u00ebr rrug\u00ebt tona\u201d (FOTO) - FjALA e LIR\u00cb - Arkivi\",\"isPartOf\":{\"@id\":\"https:\\\/\\\/fjala.info\\\/2009-2015\\\/#website\"},\"primaryImageOfPage\":{\"@id\":\"https:\\\/\\\/fjala.info\\\/2009-2015\\\/te-plase-zonja-merkel-per-rruget-tona-foto\\\/#primaryimage\"},\"image\":{\"@id\":\"https:\\\/\\\/fjala.info\\\/2009-2015\\\/te-plase-zonja-merkel-per-rruget-tona-foto\\\/#primaryimage\"},\"thumbnailUrl\":\"http:\\\/\\\/www.fjala.info\\\/2012\\\/rruga_evropiane_saliut.jpg\",\"datePublished\":\"2012-07-18T14:12:25+00:00\",\"breadcrumb\":{\"@id\":\"https:\\\/\\\/fjala.info\\\/2009-2015\\\/te-plase-zonja-merkel-per-rruget-tona-foto\\\/#breadcrumb\"},\"inLanguage\":\"sq-AL\",\"potentialAction\":[{\"@type\":\"ReadAction\",\"target\":[\"https:\\\/\\\/fjala.info\\\/2009-2015\\\/te-plase-zonja-merkel-per-rruget-tona-foto\\\/\"]}]},{\"@type\":\"ImageObject\",\"inLanguage\":\"sq-AL\",\"@id\":\"https:\\\/\\\/fjala.info\\\/2009-2015\\\/te-plase-zonja-merkel-per-rruget-tona-foto\\\/#primaryimage\",\"url\":\"http:\\\/\\\/www.fjala.info\\\/2012\\\/rruga_evropiane_saliut.jpg\",\"contentUrl\":\"http:\\\/\\\/www.fjala.info\\\/2012\\\/rruga_evropiane_saliut.jpg\"},{\"@type\":\"BreadcrumbList\",\"@id\":\"https:\\\/\\\/fjala.info\\\/2009-2015\\\/te-plase-zonja-merkel-per-rruget-tona-foto\\\/#breadcrumb\",\"itemListElement\":[{\"@type\":\"ListItem\",\"position\":1,\"name\":\"Home\",\"item\":\"https:\\\/\\\/fjala.info\\\/2009-2015\\\/\"},{\"@type\":\"ListItem\",\"position\":2,\"name\":\"\u201cT\u00eb plas\u00eb zonja Merkel p\u00ebr rrug\u00ebt tona\u201d (FOTO)\"}]},{\"@type\":\"WebSite\",\"@id\":\"https:\\\/\\\/fjala.info\\\/2009-2015\\\/#website\",\"url\":\"https:\\\/\\\/fjala.info\\\/2009-2015\\\/\",\"name\":\"FjALA e LIR\u00cb - Arkivi\",\"description\":\"Arkivi 2009-2015\",\"publisher\":{\"@id\":\"https:\\\/\\\/fjala.info\\\/2009-2015\\\/#organization\"},\"potentialAction\":[{\"@type\":\"SearchAction\",\"target\":{\"@type\":\"EntryPoint\",\"urlTemplate\":\"https:\\\/\\\/fjala.info\\\/2009-2015\\\/?s={search_term_string}\"},\"query-input\":{\"@type\":\"PropertyValueSpecification\",\"valueRequired\":true,\"valueName\":\"search_term_string\"}}],\"inLanguage\":\"sq-AL\"},{\"@type\":\"Organization\",\"@id\":\"https:\\\/\\\/fjala.info\\\/2009-2015\\\/#organization\",\"name\":\"FjALA e LIR\u00cb - Arkivi\",\"url\":\"https:\\\/\\\/fjala.info\\\/2009-2015\\\/\",\"logo\":{\"@type\":\"ImageObject\",\"inLanguage\":\"sq-AL\",\"@id\":\"https:\\\/\\\/fjala.info\\\/2009-2015\\\/#\\\/schema\\\/logo\\\/image\\\/\",\"url\":\"\",\"contentUrl\":\"\",\"caption\":\"FjALA e LIR\u00cb - Arkivi\"},\"image\":{\"@id\":\"https:\\\/\\\/fjala.info\\\/2009-2015\\\/#\\\/schema\\\/logo\\\/image\\\/\"}},{\"@type\":\"Person\",\"@id\":\"https:\\\/\\\/fjala.info\\\/2009-2015\\\/#\\\/schema\\\/person\\\/3aa1163ef05469c496fc94e77611ada2\",\"name\":\"admin\",\"image\":{\"@type\":\"ImageObject\",\"inLanguage\":\"sq-AL\",\"@id\":\"https:\\\/\\\/fjala.info\\\/2009-2015\\\/wp-content\\\/uploads\\\/2012\\\/02\\\/arben_cokaj-120x150.jpg\",\"url\":\"https:\\\/\\\/fjala.info\\\/2009-2015\\\/wp-content\\\/uploads\\\/2012\\\/02\\\/arben_cokaj-120x150.jpg\",\"contentUrl\":\"https:\\\/\\\/fjala.info\\\/2009-2015\\\/wp-content\\\/uploads\\\/2012\\\/02\\\/arben_cokaj-120x150.jpg\",\"caption\":\"admin\"},\"description\":\"Admin, Fjala e Lir\u00eb\",\"sameAs\":[\"https:\\\/\\\/fjala.info\\\/\"],\"url\":\"https:\\\/\\\/fjala.info\\\/2009-2015\\\/author\\\/admin\\\/\"}]}<\/script>\n<!-- \/ Yoast SEO plugin. -->","yoast_head_json":{"title":"\u201cT\u00eb plas\u00eb zonja Merkel p\u00ebr rrug\u00ebt tona\u201d (FOTO) - FjALA e LIR\u00cb - Arkivi","robots":{"index":"index","follow":"follow","max-snippet":"max-snippet:-1","max-image-preview":"max-image-preview:large","max-video-preview":"max-video-preview:-1"},"canonical":"https:\/\/fjala.info\/2009-2015\/te-plase-zonja-merkel-per-rruget-tona-foto\/","og_locale":"sq_AL","og_type":"article","og_title":"\u201cT\u00eb plas\u00eb zonja Merkel p\u00ebr rrug\u00ebt tona\u201d (FOTO) - FjALA e LIR\u00cb - Arkivi","og_description":"TemA Online, 18 Korrik 2012 Gjendja e keqe e infrastruktur\u00ebs rrugore n\u00eb vend, sidomos n\u00eb jug, vazhdon q\u00eb t\u00eb denoncohet nga ana e deputetit socialist, Erion Bra\u00e7e. Ky i fundit ka ironizuar madje me kryeministrin Berisha, q\u00eb thot\u00eb se kemi nj\u00eb bum ekonomik. Sipas Bra\u00e7es, Merkel duhet t\u00eb plas\u00eb nga inati, pasi rrug\u00eb si tonat [&hellip;]","og_url":"https:\/\/fjala.info\/2009-2015\/te-plase-zonja-merkel-per-rruget-tona-foto\/","og_site_name":"FjALA e LIR\u00cb - Arkivi","article_published_time":"2012-07-18T14:12:25+00:00","og_image":[{"url":"http:\/\/www.fjala.info\/2012\/rruga_evropiane_saliut.jpg","type":"","width":"","height":""}],"author":"admin","twitter_card":"summary_large_image","twitter_misc":{"Written by":"admin","Est. reading time":"1 minute"},"schema":{"@context":"https:\/\/schema.org","@graph":[{"@type":"Article","@id":"https:\/\/fjala.info\/2009-2015\/te-plase-zonja-merkel-per-rruget-tona-foto\/#article","isPartOf":{"@id":"https:\/\/fjala.info\/2009-2015\/te-plase-zonja-merkel-per-rruget-tona-foto\/"},"author":{"name":"admin","@id":"https:\/\/fjala.info\/2009-2015\/#\/schema\/person\/3aa1163ef05469c496fc94e77611ada2"},"headline":"\u201cT\u00eb plas\u00eb zonja Merkel p\u00ebr rrug\u00ebt tona\u201d (FOTO)","datePublished":"2012-07-18T14:12:25+00:00","mainEntityOfPage":{"@id":"https:\/\/fjala.info\/2009-2015\/te-plase-zonja-merkel-per-rruget-tona-foto\/"},"wordCount":134,"commentCount":0,"publisher":{"@id":"https:\/\/fjala.info\/2009-2015\/#organization"},"image":{"@id":"https:\/\/fjala.info\/2009-2015\/te-plase-zonja-merkel-per-rruget-tona-foto\/#primaryimage"},"thumbnailUrl":"http:\/\/www.fjala.info\/2012\/rruga_evropiane_saliut.jpg","articleSection":["Artikuj","Lajme"],"inLanguage":"sq-AL","potentialAction":[{"@type":"CommentAction","name":"Comment","target":["https:\/\/fjala.info\/2009-2015\/te-plase-zonja-merkel-per-rruget-tona-foto\/#respond"]}]},{"@type":"WebPage","@id":"https:\/\/fjala.info\/2009-2015\/te-plase-zonja-merkel-per-rruget-tona-foto\/","url":"https:\/\/fjala.info\/2009-2015\/te-plase-zonja-merkel-per-rruget-tona-foto\/","name":"\u201cT\u00eb plas\u00eb zonja Merkel p\u00ebr rrug\u00ebt tona\u201d (FOTO) - FjALA e LIR\u00cb - Arkivi","isPartOf":{"@id":"https:\/\/fjala.info\/2009-2015\/#website"},"primaryImageOfPage":{"@id":"https:\/\/fjala.info\/2009-2015\/te-plase-zonja-merkel-per-rruget-tona-foto\/#primaryimage"},"image":{"@id":"https:\/\/fjala.info\/2009-2015\/te-plase-zonja-merkel-per-rruget-tona-foto\/#primaryimage"},"thumbnailUrl":"http:\/\/www.fjala.info\/2012\/rruga_evropiane_saliut.jpg","datePublished":"2012-07-18T14:12:25+00:00","breadcrumb":{"@id":"https:\/\/fjala.info\/2009-2015\/te-plase-zonja-merkel-per-rruget-tona-foto\/#breadcrumb"},"inLanguage":"sq-AL","potentialAction":[{"@type":"ReadAction","target":["https:\/\/fjala.info\/2009-2015\/te-plase-zonja-merkel-per-rruget-tona-foto\/"]}]},{"@type":"ImageObject","inLanguage":"sq-AL","@id":"https:\/\/fjala.info\/2009-2015\/te-plase-zonja-merkel-per-rruget-tona-foto\/#primaryimage","url":"http:\/\/www.fjala.info\/2012\/rruga_evropiane_saliut.jpg","contentUrl":"http:\/\/www.fjala.info\/2012\/rruga_evropiane_saliut.jpg"},{"@type":"BreadcrumbList","@id":"https:\/\/fjala.info\/2009-2015\/te-plase-zonja-merkel-per-rruget-tona-foto\/#breadcrumb","itemListElement":[{"@type":"ListItem","position":1,"name":"Home","item":"https:\/\/fjala.info\/2009-2015\/"},{"@type":"ListItem","position":2,"name":"\u201cT\u00eb plas\u00eb zonja Merkel p\u00ebr rrug\u00ebt tona\u201d (FOTO)"}]},{"@type":"WebSite","@id":"https:\/\/fjala.info\/2009-2015\/#website","url":"https:\/\/fjala.info\/2009-2015\/","name":"FjALA e LIR\u00cb - Arkivi","description":"Arkivi 2009-2015","publisher":{"@id":"https:\/\/fjala.info\/2009-2015\/#organization"},"potentialAction":[{"@type":"SearchAction","target":{"@type":"EntryPoint","urlTemplate":"https:\/\/fjala.info\/2009-2015\/?s={search_term_string}"},"query-input":{"@type":"PropertyValueSpecification","valueRequired":true,"valueName":"search_term_string"}}],"inLanguage":"sq-AL"},{"@type":"Organization","@id":"https:\/\/fjala.info\/2009-2015\/#organization","name":"FjALA e LIR\u00cb - Arkivi","url":"https:\/\/fjala.info\/2009-2015\/","logo":{"@type":"ImageObject","inLanguage":"sq-AL","@id":"https:\/\/fjala.info\/2009-2015\/#\/schema\/logo\/image\/","url":"","contentUrl":"","caption":"FjALA e LIR\u00cb - Arkivi"},"image":{"@id":"https:\/\/fjala.info\/2009-2015\/#\/schema\/logo\/image\/"}},{"@type":"Person","@id":"https:\/\/fjala.info\/2009-2015\/#\/schema\/person\/3aa1163ef05469c496fc94e77611ada2","name":"admin","image":{"@type":"ImageObject","inLanguage":"sq-AL","@id":"https:\/\/fjala.info\/2009-2015\/wp-content\/uploads\/2012\/02\/arben_cokaj-120x150.jpg","url":"https:\/\/fjala.info\/2009-2015\/wp-content\/uploads\/2012\/02\/arben_cokaj-120x150.jpg","contentUrl":"https:\/\/fjala.info\/2009-2015\/wp-content\/uploads\/2012\/02\/arben_cokaj-120x150.jpg","caption":"admin"},"description":"Admin, Fjala e Lir\u00eb","sameAs":["https:\/\/fjala.info\/"],"url":"https:\/\/fjala.info\/2009-2015\/author\/admin\/"}]}},"_links":{"self":[{"href":"https:\/\/fjala.info\/2009-2015\/wp-json\/wp\/v2\/posts\/11961","targetHints":{"allow":["GET"]}}],"collection":[{"href":"https:\/\/fjala.info\/2009-2015\/wp-json\/wp\/v2\/posts"}],"about":[{"href":"https:\/\/fjala.info\/2009-2015\/wp-json\/wp\/v2\/types\/post"}],"author":[{"embeddable":true,"href":"https:\/\/fjala.info\/2009-2015\/wp-json\/wp\/v2\/users\/1"}],"replies":[{"embeddable":true,"href":"https:\/\/fjala.info\/2009-2015\/wp-json\/wp\/v2\/comments?post=11961"}],"version-history":[{"count":0,"href":"https:\/\/fjala.info\/2009-2015\/wp-json\/wp\/v2\/posts\/11961\/revisions"}],"wp:attachment":[{"href":"https:\/\/fjala.info\/2009-2015\/wp-json\/wp\/v2\/media?parent=11961"}],"wp:term":[{"taxonomy":"category","embeddable":true,"href":"https:\/\/fjala.info\/2009-2015\/wp-json\/wp\/v2\/categories?post=11961"},{"taxonomy":"post_tag","embeddable":true,"href":"https:\/\/fjala.info\/2009-2015\/wp-json\/wp\/v2\/tags?post=11961"}],"curies":[{"name":"wp","href":"https:\/\/api.w.org\/{rel}","templated":true}]}}