{"id":11960,"date":"2012-07-18T08:38:50","date_gmt":"2012-07-18T07:38:50","guid":{"rendered":"http:\/\/www.fjala.info\/?p=3872"},"modified":"2012-07-18T08:38:50","modified_gmt":"2012-07-18T07:38:50","slug":"zbulohet-watergate-i-shqiptar-ja-pajisja-e-pergjimit-te-arben-imamit","status":"publish","type":"post","link":"https:\/\/fjala.info\/2009-2015\/zbulohet-watergate-i-shqiptar-ja-pajisja-e-pergjimit-te-arben-imamit\/","title":{"rendered":"Zbulohet Watergate-i shqiptar. Ja pajisja e p\u00ebrgjimit t\u00eb Arben Imamit"},"content":{"rendered":"<p><img decoding=\"async\" class=\"alignright size-thumbnail wp-image-7236\" title=\"Aparatura e p\u00ebrgjimit\" src=\"http:\/\/www.fjala.info\/2012\/aparatura_pergjimit.jpg\" alt=\"\" width=\"300\" \/><strong>TemA<\/strong>, <em>18 Korrik 2012<\/em><\/p>\n<p>Nj\u00eb zyrtar i lart i Ministris\u00eb s\u00eb Mbrojt\u00ebs ka mundur t\u00eb fotografoj me celular pajisjen e p\u00ebrgjimit montuar n\u00eb nj\u00eb zyr\u00eb t\u00eb Ministris\u00eb s\u00eb Mbrojtjes 100 metra larg murit t\u00eb nd\u00ebrtes\u00ebs s\u00eb Partis\u00eb Socialiste. N\u00eb k\u00ebt\u00eb distanc\u00eb kjo pajisje arrin t\u00eb interceptoj \u00e7do bised\u00eb telefoni celular q\u00eb vihet n\u00eb p\u00ebrgjim.Kjo pajisje \u00ebsht\u00eb e l\u00ebvizshme dhe ajo mund t\u00eb pozicionohet edhe pran\u00eb nd\u00ebrtesave t\u00eb institucioneve t\u00eb tjera.<\/p>\n<p>Ministri i Mbrojtjes ka urdh\u00ebruar personalisht n\u00eb shkurt t\u00eb vitit 2011 blerjen e k\u00ebsaj pajisjeje me vler\u00eb 1.586.000 euro p\u00ebr t\u00eb p\u00ebrgjuar kund\u00ebrshtar\u00ebt e qeveris\u00eb dhe diplomat\u00eb t\u00eb huaj n\u00eb Tiran\u00eb. N\u00eb list\u00ebn e t\u00eb p\u00ebrgjuarve jan\u00eb p\u00ebrkoh\u00ebsisht dhe ministra dhe drejtues t\u00eb lart t\u00eb qeveris p\u00ebrfshi dhe Ilir Met\u00ebn. N\u00eb p\u00ebrgjim kan\u00eb qen\u00eb po ashtu dy zyrtar\u00eb t\u00eb lart t\u00eb ambasad\u00ebs s\u00eb SHBA n\u00eb Tiran\u00eb, nj\u00eb diplomat i lart italian si dhe diplomat t\u00eb tjer\u00eb t\u00eb OSBE dhe Bashkimit Evropian.<\/p>\n<p>Ana tjet\u00ebr korruptive e \u00e7\u00ebshtjes \u00ebsht\u00eb se kjo pajisje ka kushton vet\u00ebm 400.000 euro dhe blerja e p\u00ebrdorimi i saj nga Sh\u00ebrbimi Informativi Ushtris\u00eb, \u00ebsht\u00eb n\u00eb kund\u00ebrshtim t\u00eb plot\u00eb me ligjin shqiptar p\u00ebr p\u00ebrgjimet. Pra zoti Imami duhet t\u00eb hetohet dhe gjykohet si spiun\u00eb i paligjsh\u00ebm dhe hajdut.<\/p>\n","protected":false},"excerpt":{"rendered":"<p>TemA, 18 Korrik 2012 Nj\u00eb zyrtar i lart i Ministris\u00eb s\u00eb Mbrojt\u00ebs ka mundur t\u00eb fotografoj me celular pajisjen e p\u00ebrgjimit montuar n\u00eb nj\u00eb zyr\u00eb t\u00eb Ministris\u00eb s\u00eb Mbrojtjes 100 metra larg murit t\u00eb nd\u00ebrtes\u00ebs s\u00eb Partis\u00eb Socialiste. N\u00eb k\u00ebt\u00eb distanc\u00eb kjo pajisje arrin t\u00eb interceptoj \u00e7do bised\u00eb telefoni celular q\u00eb vihet n\u00eb p\u00ebrgjim.Kjo pajisje [&hellip;]<\/p>\n","protected":false},"author":1,"featured_media":0,"comment_status":"open","ping_status":"closed","sticky":false,"template":"","format":"standard","meta":{"footnotes":""},"categories":[2,5],"tags":[],"class_list":{"0":"post-11960","1":"post","2":"type-post","3":"status-publish","4":"format-standard","6":"category-artikuj","7":"category-lajme"},"yoast_head":"<!-- This site is optimized with the Yoast SEO plugin v27.4 - https:\/\/yoast.com\/product\/yoast-seo-wordpress\/ -->\n<title>Zbulohet Watergate-i shqiptar. Ja pajisja e p\u00ebrgjimit t\u00eb Arben Imamit - FjALA e LIR\u00cb - Arkivi<\/title>\n<meta name=\"robots\" content=\"index, follow, max-snippet:-1, max-image-preview:large, max-video-preview:-1\" \/>\n<link rel=\"canonical\" href=\"https:\/\/fjala.info\/2009-2015\/zbulohet-watergate-i-shqiptar-ja-pajisja-e-pergjimit-te-arben-imamit\/\" \/>\n<meta property=\"og:locale\" content=\"sq_AL\" \/>\n<meta property=\"og:type\" content=\"article\" \/>\n<meta property=\"og:title\" content=\"Zbulohet Watergate-i shqiptar. Ja pajisja e p\u00ebrgjimit t\u00eb Arben Imamit - FjALA e LIR\u00cb - Arkivi\" \/>\n<meta property=\"og:description\" content=\"TemA, 18 Korrik 2012 Nj\u00eb zyrtar i lart i Ministris\u00eb s\u00eb Mbrojt\u00ebs ka mundur t\u00eb fotografoj me celular pajisjen e p\u00ebrgjimit montuar n\u00eb nj\u00eb zyr\u00eb t\u00eb Ministris\u00eb s\u00eb Mbrojtjes 100 metra larg murit t\u00eb nd\u00ebrtes\u00ebs s\u00eb Partis\u00eb Socialiste. N\u00eb k\u00ebt\u00eb distanc\u00eb kjo pajisje arrin t\u00eb interceptoj \u00e7do bised\u00eb telefoni celular q\u00eb vihet n\u00eb p\u00ebrgjim.Kjo pajisje [&hellip;]\" \/>\n<meta property=\"og:url\" content=\"https:\/\/fjala.info\/2009-2015\/zbulohet-watergate-i-shqiptar-ja-pajisja-e-pergjimit-te-arben-imamit\/\" \/>\n<meta property=\"og:site_name\" content=\"FjALA e LIR\u00cb - Arkivi\" \/>\n<meta property=\"article:published_time\" content=\"2012-07-18T07:38:50+00:00\" \/>\n<meta property=\"og:image\" content=\"http:\/\/www.fjala.info\/2012\/aparatura_pergjimit.jpg\" \/>\n<meta name=\"author\" content=\"admin\" \/>\n<meta name=\"twitter:card\" content=\"summary_large_image\" \/>\n<meta name=\"twitter:label1\" content=\"Written by\" \/>\n\t<meta name=\"twitter:data1\" content=\"admin\" \/>\n\t<meta name=\"twitter:label2\" content=\"Est. reading time\" \/>\n\t<meta name=\"twitter:data2\" content=\"1 minute\" \/>\n<script type=\"application\/ld+json\" class=\"yoast-schema-graph\">{\"@context\":\"https:\\\/\\\/schema.org\",\"@graph\":[{\"@type\":\"Article\",\"@id\":\"https:\\\/\\\/fjala.info\\\/2009-2015\\\/zbulohet-watergate-i-shqiptar-ja-pajisja-e-pergjimit-te-arben-imamit\\\/#article\",\"isPartOf\":{\"@id\":\"https:\\\/\\\/fjala.info\\\/2009-2015\\\/zbulohet-watergate-i-shqiptar-ja-pajisja-e-pergjimit-te-arben-imamit\\\/\"},\"author\":{\"name\":\"admin\",\"@id\":\"https:\\\/\\\/fjala.info\\\/2009-2015\\\/#\\\/schema\\\/person\\\/3aa1163ef05469c496fc94e77611ada2\"},\"headline\":\"Zbulohet Watergate-i shqiptar. Ja pajisja e p\u00ebrgjimit t\u00eb Arben Imamit\",\"datePublished\":\"2012-07-18T07:38:50+00:00\",\"mainEntityOfPage\":{\"@id\":\"https:\\\/\\\/fjala.info\\\/2009-2015\\\/zbulohet-watergate-i-shqiptar-ja-pajisja-e-pergjimit-te-arben-imamit\\\/\"},\"wordCount\":235,\"commentCount\":0,\"publisher\":{\"@id\":\"https:\\\/\\\/fjala.info\\\/2009-2015\\\/#organization\"},\"image\":{\"@id\":\"https:\\\/\\\/fjala.info\\\/2009-2015\\\/zbulohet-watergate-i-shqiptar-ja-pajisja-e-pergjimit-te-arben-imamit\\\/#primaryimage\"},\"thumbnailUrl\":\"http:\\\/\\\/www.fjala.info\\\/2012\\\/aparatura_pergjimit.jpg\",\"articleSection\":[\"Artikuj\",\"Lajme\"],\"inLanguage\":\"sq-AL\",\"potentialAction\":[{\"@type\":\"CommentAction\",\"name\":\"Comment\",\"target\":[\"https:\\\/\\\/fjala.info\\\/2009-2015\\\/zbulohet-watergate-i-shqiptar-ja-pajisja-e-pergjimit-te-arben-imamit\\\/#respond\"]}]},{\"@type\":\"WebPage\",\"@id\":\"https:\\\/\\\/fjala.info\\\/2009-2015\\\/zbulohet-watergate-i-shqiptar-ja-pajisja-e-pergjimit-te-arben-imamit\\\/\",\"url\":\"https:\\\/\\\/fjala.info\\\/2009-2015\\\/zbulohet-watergate-i-shqiptar-ja-pajisja-e-pergjimit-te-arben-imamit\\\/\",\"name\":\"Zbulohet Watergate-i shqiptar. Ja pajisja e p\u00ebrgjimit t\u00eb Arben Imamit - FjALA e LIR\u00cb - Arkivi\",\"isPartOf\":{\"@id\":\"https:\\\/\\\/fjala.info\\\/2009-2015\\\/#website\"},\"primaryImageOfPage\":{\"@id\":\"https:\\\/\\\/fjala.info\\\/2009-2015\\\/zbulohet-watergate-i-shqiptar-ja-pajisja-e-pergjimit-te-arben-imamit\\\/#primaryimage\"},\"image\":{\"@id\":\"https:\\\/\\\/fjala.info\\\/2009-2015\\\/zbulohet-watergate-i-shqiptar-ja-pajisja-e-pergjimit-te-arben-imamit\\\/#primaryimage\"},\"thumbnailUrl\":\"http:\\\/\\\/www.fjala.info\\\/2012\\\/aparatura_pergjimit.jpg\",\"datePublished\":\"2012-07-18T07:38:50+00:00\",\"breadcrumb\":{\"@id\":\"https:\\\/\\\/fjala.info\\\/2009-2015\\\/zbulohet-watergate-i-shqiptar-ja-pajisja-e-pergjimit-te-arben-imamit\\\/#breadcrumb\"},\"inLanguage\":\"sq-AL\",\"potentialAction\":[{\"@type\":\"ReadAction\",\"target\":[\"https:\\\/\\\/fjala.info\\\/2009-2015\\\/zbulohet-watergate-i-shqiptar-ja-pajisja-e-pergjimit-te-arben-imamit\\\/\"]}]},{\"@type\":\"ImageObject\",\"inLanguage\":\"sq-AL\",\"@id\":\"https:\\\/\\\/fjala.info\\\/2009-2015\\\/zbulohet-watergate-i-shqiptar-ja-pajisja-e-pergjimit-te-arben-imamit\\\/#primaryimage\",\"url\":\"http:\\\/\\\/www.fjala.info\\\/2012\\\/aparatura_pergjimit.jpg\",\"contentUrl\":\"http:\\\/\\\/www.fjala.info\\\/2012\\\/aparatura_pergjimit.jpg\"},{\"@type\":\"BreadcrumbList\",\"@id\":\"https:\\\/\\\/fjala.info\\\/2009-2015\\\/zbulohet-watergate-i-shqiptar-ja-pajisja-e-pergjimit-te-arben-imamit\\\/#breadcrumb\",\"itemListElement\":[{\"@type\":\"ListItem\",\"position\":1,\"name\":\"Home\",\"item\":\"https:\\\/\\\/fjala.info\\\/2009-2015\\\/\"},{\"@type\":\"ListItem\",\"position\":2,\"name\":\"Zbulohet Watergate-i shqiptar. Ja pajisja e p\u00ebrgjimit t\u00eb Arben Imamit\"}]},{\"@type\":\"WebSite\",\"@id\":\"https:\\\/\\\/fjala.info\\\/2009-2015\\\/#website\",\"url\":\"https:\\\/\\\/fjala.info\\\/2009-2015\\\/\",\"name\":\"FjALA e LIR\u00cb - Arkivi\",\"description\":\"Arkivi 2009-2015\",\"publisher\":{\"@id\":\"https:\\\/\\\/fjala.info\\\/2009-2015\\\/#organization\"},\"potentialAction\":[{\"@type\":\"SearchAction\",\"target\":{\"@type\":\"EntryPoint\",\"urlTemplate\":\"https:\\\/\\\/fjala.info\\\/2009-2015\\\/?s={search_term_string}\"},\"query-input\":{\"@type\":\"PropertyValueSpecification\",\"valueRequired\":true,\"valueName\":\"search_term_string\"}}],\"inLanguage\":\"sq-AL\"},{\"@type\":\"Organization\",\"@id\":\"https:\\\/\\\/fjala.info\\\/2009-2015\\\/#organization\",\"name\":\"FjALA e LIR\u00cb - Arkivi\",\"url\":\"https:\\\/\\\/fjala.info\\\/2009-2015\\\/\",\"logo\":{\"@type\":\"ImageObject\",\"inLanguage\":\"sq-AL\",\"@id\":\"https:\\\/\\\/fjala.info\\\/2009-2015\\\/#\\\/schema\\\/logo\\\/image\\\/\",\"url\":\"\",\"contentUrl\":\"\",\"caption\":\"FjALA e LIR\u00cb - Arkivi\"},\"image\":{\"@id\":\"https:\\\/\\\/fjala.info\\\/2009-2015\\\/#\\\/schema\\\/logo\\\/image\\\/\"}},{\"@type\":\"Person\",\"@id\":\"https:\\\/\\\/fjala.info\\\/2009-2015\\\/#\\\/schema\\\/person\\\/3aa1163ef05469c496fc94e77611ada2\",\"name\":\"admin\",\"image\":{\"@type\":\"ImageObject\",\"inLanguage\":\"sq-AL\",\"@id\":\"https:\\\/\\\/fjala.info\\\/2009-2015\\\/wp-content\\\/uploads\\\/2012\\\/02\\\/arben_cokaj-120x150.jpg\",\"url\":\"https:\\\/\\\/fjala.info\\\/2009-2015\\\/wp-content\\\/uploads\\\/2012\\\/02\\\/arben_cokaj-120x150.jpg\",\"contentUrl\":\"https:\\\/\\\/fjala.info\\\/2009-2015\\\/wp-content\\\/uploads\\\/2012\\\/02\\\/arben_cokaj-120x150.jpg\",\"caption\":\"admin\"},\"description\":\"Admin, Fjala e Lir\u00eb\",\"sameAs\":[\"https:\\\/\\\/fjala.info\\\/\"],\"url\":\"https:\\\/\\\/fjala.info\\\/2009-2015\\\/author\\\/admin\\\/\"}]}<\/script>\n<!-- \/ Yoast SEO plugin. -->","yoast_head_json":{"title":"Zbulohet Watergate-i shqiptar. Ja pajisja e p\u00ebrgjimit t\u00eb Arben Imamit - FjALA e LIR\u00cb - Arkivi","robots":{"index":"index","follow":"follow","max-snippet":"max-snippet:-1","max-image-preview":"max-image-preview:large","max-video-preview":"max-video-preview:-1"},"canonical":"https:\/\/fjala.info\/2009-2015\/zbulohet-watergate-i-shqiptar-ja-pajisja-e-pergjimit-te-arben-imamit\/","og_locale":"sq_AL","og_type":"article","og_title":"Zbulohet Watergate-i shqiptar. Ja pajisja e p\u00ebrgjimit t\u00eb Arben Imamit - FjALA e LIR\u00cb - Arkivi","og_description":"TemA, 18 Korrik 2012 Nj\u00eb zyrtar i lart i Ministris\u00eb s\u00eb Mbrojt\u00ebs ka mundur t\u00eb fotografoj me celular pajisjen e p\u00ebrgjimit montuar n\u00eb nj\u00eb zyr\u00eb t\u00eb Ministris\u00eb s\u00eb Mbrojtjes 100 metra larg murit t\u00eb nd\u00ebrtes\u00ebs s\u00eb Partis\u00eb Socialiste. N\u00eb k\u00ebt\u00eb distanc\u00eb kjo pajisje arrin t\u00eb interceptoj \u00e7do bised\u00eb telefoni celular q\u00eb vihet n\u00eb p\u00ebrgjim.Kjo pajisje [&hellip;]","og_url":"https:\/\/fjala.info\/2009-2015\/zbulohet-watergate-i-shqiptar-ja-pajisja-e-pergjimit-te-arben-imamit\/","og_site_name":"FjALA e LIR\u00cb - Arkivi","article_published_time":"2012-07-18T07:38:50+00:00","og_image":[{"url":"http:\/\/www.fjala.info\/2012\/aparatura_pergjimit.jpg","type":"","width":"","height":""}],"author":"admin","twitter_card":"summary_large_image","twitter_misc":{"Written by":"admin","Est. reading time":"1 minute"},"schema":{"@context":"https:\/\/schema.org","@graph":[{"@type":"Article","@id":"https:\/\/fjala.info\/2009-2015\/zbulohet-watergate-i-shqiptar-ja-pajisja-e-pergjimit-te-arben-imamit\/#article","isPartOf":{"@id":"https:\/\/fjala.info\/2009-2015\/zbulohet-watergate-i-shqiptar-ja-pajisja-e-pergjimit-te-arben-imamit\/"},"author":{"name":"admin","@id":"https:\/\/fjala.info\/2009-2015\/#\/schema\/person\/3aa1163ef05469c496fc94e77611ada2"},"headline":"Zbulohet Watergate-i shqiptar. Ja pajisja e p\u00ebrgjimit t\u00eb Arben Imamit","datePublished":"2012-07-18T07:38:50+00:00","mainEntityOfPage":{"@id":"https:\/\/fjala.info\/2009-2015\/zbulohet-watergate-i-shqiptar-ja-pajisja-e-pergjimit-te-arben-imamit\/"},"wordCount":235,"commentCount":0,"publisher":{"@id":"https:\/\/fjala.info\/2009-2015\/#organization"},"image":{"@id":"https:\/\/fjala.info\/2009-2015\/zbulohet-watergate-i-shqiptar-ja-pajisja-e-pergjimit-te-arben-imamit\/#primaryimage"},"thumbnailUrl":"http:\/\/www.fjala.info\/2012\/aparatura_pergjimit.jpg","articleSection":["Artikuj","Lajme"],"inLanguage":"sq-AL","potentialAction":[{"@type":"CommentAction","name":"Comment","target":["https:\/\/fjala.info\/2009-2015\/zbulohet-watergate-i-shqiptar-ja-pajisja-e-pergjimit-te-arben-imamit\/#respond"]}]},{"@type":"WebPage","@id":"https:\/\/fjala.info\/2009-2015\/zbulohet-watergate-i-shqiptar-ja-pajisja-e-pergjimit-te-arben-imamit\/","url":"https:\/\/fjala.info\/2009-2015\/zbulohet-watergate-i-shqiptar-ja-pajisja-e-pergjimit-te-arben-imamit\/","name":"Zbulohet Watergate-i shqiptar. Ja pajisja e p\u00ebrgjimit t\u00eb Arben Imamit - FjALA e LIR\u00cb - Arkivi","isPartOf":{"@id":"https:\/\/fjala.info\/2009-2015\/#website"},"primaryImageOfPage":{"@id":"https:\/\/fjala.info\/2009-2015\/zbulohet-watergate-i-shqiptar-ja-pajisja-e-pergjimit-te-arben-imamit\/#primaryimage"},"image":{"@id":"https:\/\/fjala.info\/2009-2015\/zbulohet-watergate-i-shqiptar-ja-pajisja-e-pergjimit-te-arben-imamit\/#primaryimage"},"thumbnailUrl":"http:\/\/www.fjala.info\/2012\/aparatura_pergjimit.jpg","datePublished":"2012-07-18T07:38:50+00:00","breadcrumb":{"@id":"https:\/\/fjala.info\/2009-2015\/zbulohet-watergate-i-shqiptar-ja-pajisja-e-pergjimit-te-arben-imamit\/#breadcrumb"},"inLanguage":"sq-AL","potentialAction":[{"@type":"ReadAction","target":["https:\/\/fjala.info\/2009-2015\/zbulohet-watergate-i-shqiptar-ja-pajisja-e-pergjimit-te-arben-imamit\/"]}]},{"@type":"ImageObject","inLanguage":"sq-AL","@id":"https:\/\/fjala.info\/2009-2015\/zbulohet-watergate-i-shqiptar-ja-pajisja-e-pergjimit-te-arben-imamit\/#primaryimage","url":"http:\/\/www.fjala.info\/2012\/aparatura_pergjimit.jpg","contentUrl":"http:\/\/www.fjala.info\/2012\/aparatura_pergjimit.jpg"},{"@type":"BreadcrumbList","@id":"https:\/\/fjala.info\/2009-2015\/zbulohet-watergate-i-shqiptar-ja-pajisja-e-pergjimit-te-arben-imamit\/#breadcrumb","itemListElement":[{"@type":"ListItem","position":1,"name":"Home","item":"https:\/\/fjala.info\/2009-2015\/"},{"@type":"ListItem","position":2,"name":"Zbulohet Watergate-i shqiptar. Ja pajisja e p\u00ebrgjimit t\u00eb Arben Imamit"}]},{"@type":"WebSite","@id":"https:\/\/fjala.info\/2009-2015\/#website","url":"https:\/\/fjala.info\/2009-2015\/","name":"FjALA e LIR\u00cb - Arkivi","description":"Arkivi 2009-2015","publisher":{"@id":"https:\/\/fjala.info\/2009-2015\/#organization"},"potentialAction":[{"@type":"SearchAction","target":{"@type":"EntryPoint","urlTemplate":"https:\/\/fjala.info\/2009-2015\/?s={search_term_string}"},"query-input":{"@type":"PropertyValueSpecification","valueRequired":true,"valueName":"search_term_string"}}],"inLanguage":"sq-AL"},{"@type":"Organization","@id":"https:\/\/fjala.info\/2009-2015\/#organization","name":"FjALA e LIR\u00cb - Arkivi","url":"https:\/\/fjala.info\/2009-2015\/","logo":{"@type":"ImageObject","inLanguage":"sq-AL","@id":"https:\/\/fjala.info\/2009-2015\/#\/schema\/logo\/image\/","url":"","contentUrl":"","caption":"FjALA e LIR\u00cb - Arkivi"},"image":{"@id":"https:\/\/fjala.info\/2009-2015\/#\/schema\/logo\/image\/"}},{"@type":"Person","@id":"https:\/\/fjala.info\/2009-2015\/#\/schema\/person\/3aa1163ef05469c496fc94e77611ada2","name":"admin","image":{"@type":"ImageObject","inLanguage":"sq-AL","@id":"https:\/\/fjala.info\/2009-2015\/wp-content\/uploads\/2012\/02\/arben_cokaj-120x150.jpg","url":"https:\/\/fjala.info\/2009-2015\/wp-content\/uploads\/2012\/02\/arben_cokaj-120x150.jpg","contentUrl":"https:\/\/fjala.info\/2009-2015\/wp-content\/uploads\/2012\/02\/arben_cokaj-120x150.jpg","caption":"admin"},"description":"Admin, Fjala e Lir\u00eb","sameAs":["https:\/\/fjala.info\/"],"url":"https:\/\/fjala.info\/2009-2015\/author\/admin\/"}]}},"_links":{"self":[{"href":"https:\/\/fjala.info\/2009-2015\/wp-json\/wp\/v2\/posts\/11960","targetHints":{"allow":["GET"]}}],"collection":[{"href":"https:\/\/fjala.info\/2009-2015\/wp-json\/wp\/v2\/posts"}],"about":[{"href":"https:\/\/fjala.info\/2009-2015\/wp-json\/wp\/v2\/types\/post"}],"author":[{"embeddable":true,"href":"https:\/\/fjala.info\/2009-2015\/wp-json\/wp\/v2\/users\/1"}],"replies":[{"embeddable":true,"href":"https:\/\/fjala.info\/2009-2015\/wp-json\/wp\/v2\/comments?post=11960"}],"version-history":[{"count":0,"href":"https:\/\/fjala.info\/2009-2015\/wp-json\/wp\/v2\/posts\/11960\/revisions"}],"wp:attachment":[{"href":"https:\/\/fjala.info\/2009-2015\/wp-json\/wp\/v2\/media?parent=11960"}],"wp:term":[{"taxonomy":"category","embeddable":true,"href":"https:\/\/fjala.info\/2009-2015\/wp-json\/wp\/v2\/categories?post=11960"},{"taxonomy":"post_tag","embeddable":true,"href":"https:\/\/fjala.info\/2009-2015\/wp-json\/wp\/v2\/tags?post=11960"}],"curies":[{"name":"wp","href":"https:\/\/api.w.org\/{rel}","templated":true}]}}