{"id":1191,"date":"2012-01-17T22:59:31","date_gmt":"2012-01-17T21:59:31","guid":{"rendered":"http:\/\/fjala.shkoder.net\/?p=1191"},"modified":"2012-01-17T22:59:31","modified_gmt":"2012-01-17T21:59:31","slug":"gjykata-si-lavatrice-e-korrupsionit-televiziv-te-metes","status":"publish","type":"post","link":"https:\/\/fjala.info\/2009-2015\/gjykata-si-lavatrice-e-korrupsionit-televiziv-te-metes\/","title":{"rendered":"GJYKATA SI LAVATRI\u00c7E E KORRUPSIONIT TELEVIZIV T\u00cb MET\u00cbS"},"content":{"rendered":"<p><img decoding=\"async\" class=\"alignleft size-thumbnail wp-image-7236\" title=\"Andrea Stefani\" src=\"http:\/\/www.shkoder.net\/images\/fjala\/andrea_stefani.jpg\" alt=\"\" width=\"150\" \/> <strong>Andrea Stefani<\/strong>, <em>17.01.2012<\/em><\/p>\n<p>Nuk ka shkaktuar asnj\u00eb habi n\u00eb opinion lajmi se Gjykata e Lart\u00eb e ka shpallur t\u00eb pafajsh\u00ebm Ilir Met\u00ebn lidhur me akuzat p\u00ebr korrupsion aktiv t\u00eb ngritura nga prokuroria. Habi do kish ngjallur e kund\u00ebrta, pra, q\u00eb gjykata ta kish shpallur politikanin e pushtetit Meta t\u00eb pafajsh\u00ebm. Ndodhi ajo q\u00eb pritej dhe q\u00eb ishte shprehur qart\u00eb n\u00eb testime t\u00eb ndryshme t\u00eb opinionit p\u00ebrqindja d\u00ebrrmuese e t\u00eb cilit, qe shprehur se nuk priste q\u00eb Meta t\u00eb d\u00ebnohej. Dhe nuk kemi t\u00eb b\u00ebjm\u00eb me pritshm\u00ebri q\u00eb buron nga bindja se Meta ishte i pafajsh\u00ebm. Vet\u00eb videoskandali, ku Meta shfaqet me z\u00eb dhe me figur\u00eb, duke i propozuar afera t\u00eb pista vart\u00ebsit t\u00eb tij, Dritan Prifti, nuk linte vend p\u00ebr dyshime.<\/p>\n<p>P\u00ebrjashtuar rastit t\u00eb fanatik\u00ebve t\u00eb pushtetit q\u00eb nuk mendojn\u00eb me kok\u00ebn e tyre, por me kok\u00ebn e nj\u00eb pushteti t\u00eb korruptuar ku b\u00ebn pjes\u00eb edhe vet\u00eb Meta. P\u00ebrqindja d\u00ebrrmuese e shqiptar\u00ebve shfaqi bindjen, tashm\u00eb t\u00eb v\u00ebrtetuar nga vendimi i Gjykat\u00ebs s\u00eb Lart\u00eb, se Meta nuk do t\u00eb d\u00ebnohet, sepse tashm\u00eb e ka t\u00eb qart\u00eb se n\u00eb Shqip\u00ebri nuk ka gjykata t\u00eb pavarura dhe p\u00ebr rrjedhoj\u00eb as demokraci t\u00eb v\u00ebrtet\u00eb. Zhvillimi \u00ebsht\u00eb shum\u00eb ogurzi p\u00ebr lirit\u00eb dhe t\u00eb drejtat e njer\u00ebzve. Sepse nj\u00eb qeveri q\u00eb ka n\u00eb dor\u00eb t\u00eb mos nd\u00ebshkohet nj\u00eb i fajsh\u00ebm, ka gjithashtu n\u00eb dor\u00eb t\u00eb nd\u00ebshkohet \u00e7do i pafajsh\u00ebm. Pas k\u00ebsaj, asnj\u00eb shqiptar nuk mund t\u00eb ndihet i qet\u00eb dhe i sigurt.<\/p>\n<p>* * *<\/p>\n<p>Vendimi p\u00ebr shpalljen t\u00eb pafajsh\u00ebm t\u00eb Ilir Met\u00ebs do hyj\u00eb n\u00eb rekordet \u201cGines\u201d t\u00eb n\u00ebnshtrimit t\u00eb nj\u00eb gjykate, vullnetit t\u00eb pushtetit dhe braktisjes prej saj t\u00eb misionit p\u00ebr t\u00eb dh\u00ebn\u00eb drejt\u00ebsi. \u00cbsht\u00eb nj\u00eb vendim t\u00eb cilin, p\u00ebr nga zbatimi me p\u00ebrpik\u00ebri i direktivave politike t\u00eb liderit n\u00eb pushtet, mund ta konkurrojn\u00eb vet\u00ebm gjykatat e koh\u00ebs s\u00eb Enver Hoxh\u00ebs. Madje gjykatat shqiptare shfaqen sot m\u00eb pa integritet edhe sesa ca gjykata n\u00ebn regjimin nazist. T\u00eb pakt\u00ebn n\u00eb fillimet e atij regjimi, sa terrori nuk kish hyr\u00eb ende n\u00eb palc\u00ebn e gjykat\u00ebsve dhe t\u00eb shoq\u00ebris\u00eb, ka pasur raste kur gjykatat kan\u00eb dh\u00ebn\u00eb vendime n\u00eb kund\u00ebrshtim me vullnetin politik t\u00eb pushtetit nazist.<\/p>\n<p>Nj\u00eb i till\u00eb rast ka qen\u00eb gjyqi p\u00ebr djegien e Rajhshtagut ku, me gjith\u00eb presionin e madh t\u00eb ushtruar nga Beringu, gjykat\u00ebsit e shpall\u00ebn t\u00eb pafajsh\u00ebm Gjergj Dimitrovin. N\u00eb Shqip\u00ebri, edhe pse diktatura berishiste nuk \u00ebsht\u00eb instaluar akoma plot\u00ebsisht, gjykat\u00ebsit konformohen n\u00eb m\u00ebnyr\u00ebn m\u00eb t\u00eb turpshme, duke dh\u00ebn\u00eb nj\u00eb vendim q\u00eb bie n\u00eb kund\u00ebrshtim edhe me shqisat e publikut, me at\u00eb q\u00eb ata kan\u00eb par\u00eb dhe d\u00ebgjuar me figur\u00eb dhe me z\u00eb. Kjo \u00ebsht\u00eb forma m\u00eb vet\u00ebdiskredituese e v\u00ebnies n\u00eb sh\u00ebrbim t\u00eb nj\u00eb pushteti nga ana e nj\u00eb gjykate. \u00cbsht\u00eb e v\u00ebrtet\u00eb se jo pak t\u00eb v\u00ebrteta faktike mund t\u00eb zhduken apo t\u00eb manipulohen.<\/p>\n<p>Sikund\u00ebr, p\u00ebr shembull, jan\u00eb zhdukur dhe fshir\u00eb rekordet e kamerave apo mesazhet radiond\u00ebrlidh\u00ebse t\u00eb policis\u00eb dhe gard\u00ebs n\u00eb or\u00ebt e masakr\u00ebs s\u00eb 21 janarit. N\u00eb k\u00ebt\u00eb rast nj\u00eb gjykat\u00eb mund t\u00eb ndesh\u00eb v\u00ebshtir\u00ebsi p\u00ebr t\u00eb gjetur se kush e ka dh\u00ebn\u00eb urdhrin p\u00ebr vrasjen e demonstruesve paq\u00ebsor\u00eb dhe t\u00eb pafajsh\u00ebm q\u00eb nuk rrezikonin ask\u00ebnd, aq m\u00eb pak Kryeministrin Berisha. Por t\u00eb shpall\u00ebsh t\u00eb pafajsh\u00ebm aktorin e nj\u00eb afere korruptive q\u00eb e kan\u00eb par\u00eb t\u00eb gjith\u00eb, \u00ebsht\u00eb t\u2019i imponosh s\u00eb gjith\u00eb shoq\u00ebris\u00eb vullnetin e nj\u00eb pushteti t\u00eb korruptuar dhe degradimin e gjykat\u00ebs n\u00eb lavatri\u00e7e t\u00eb korrupsionit t\u00eb pushtetit. \u00cbsht\u00eb t\u00eb flas\u00ebsh p\u00ebr rrobat e bukura t\u00eb mbretit kur vet\u00eb mbreti \u00ebsht\u00eb lakuriq para syve t\u00eb t\u00eb gjith\u00ebve.<\/p>\n<p>* * *<\/p>\n<p>Vendimi i djesh\u00ebm i Gjykat\u00ebs s\u00eb Lart\u00eb \u00ebsht\u00eb nj\u00eb tjet\u00ebr prov\u00eb se, krejt n\u00eb kund\u00ebrshtim me sugjerimet e Bashkimit Europian dhe SHBA p\u00ebr rezultate konkrete n\u00eb luft\u00ebn kund\u00ebr korrupsionit t\u00eb madh qeveritar, ajo q\u00eb po prevalon n\u00eb Shqip\u00ebri \u00ebsht\u00eb antikultura e mosnd\u00ebshkueshm\u00ebris\u00eb. Rasti \u201cMeta\u201d \u00ebsht\u00eb nj\u00eb tjet\u00ebr ilustrim tragjik i faktit q\u00eb gjykatat e kapura refuzojn\u00eb t\u00eb nd\u00ebshkojn\u00eb zyrtar\u00eb t\u00eb lart\u00eb t\u00eb korruptuar dhe politikan\u00eb t\u00eb pasuruar n\u00eb m\u00ebnyr\u00eb shum\u00eb t\u00eb dyshimt\u00eb. Ai tregon se tashm\u00eb gjykatat, nga institucione q\u00eb sh\u00ebrbejn\u00eb p\u00ebr t\u00eb kufizuar tendencat autokratike t\u00eb pushtetit qendror me an\u00eb t\u00eb ligjit dhe drejt\u00ebsis\u00eb, jan\u00eb kthyer n\u00eb aleate t\u00eb nj\u00eb pushteti t\u00eb korruptuar.<\/p>\n<p>V\u00ebrtetohen k\u00ebshtu alarmet, e ngritura prej vitesh n\u00eb media por t\u00eb injoruara, p\u00ebr tendencat autokratike t\u00eb Berish\u00ebs manifestuar edhe si kapje e pushtetit t\u00eb drejt\u00ebsis\u00eb. Tashm\u00eb antikorrupsioni n\u00eb Shqip\u00ebri ka p\u00ebrball\u00eb edhe nj\u00eb tjet\u00ebr kund\u00ebrshtar q\u00eb \u00ebsht\u00eb pushteti i kapur i drejt\u00ebsis\u00eb. Pushteti i drejt\u00ebsis\u00eb ka hyr\u00eb n\u00eb aleanc\u00eb t\u00eb hapur me nj\u00eb qeveri t\u00eb korruptuar. Deri m\u00eb sot, dhunimi i drejt\u00ebsis\u00eb nga pushteti me an\u00eb t\u00eb gjykatave t\u00eb kapura ishte maskuar me sofizma juridik\u00eb apo me \u201ckuti t\u00eb mbyllura\u201d, q\u00eb nuk u lejuan t\u00eb hapeshin po me sofizma juridik\u00eb kolegjesh q\u00eb, gjithsesi, sh\u00ebrbenin si gjethe fiku e padrejt\u00ebsis\u00eb. Por rasti \u201cMeta\u201d, shpallja hapur si t\u00eb pafajsh\u00ebm e k\u00ebtij t\u00eb korruptuari televiziv, \u00ebsht\u00eb dalje hapur e Gjykat\u00ebs s\u00eb Lart\u00eb n\u00eb mbrojtje t\u00eb korrupsionit t\u00eb pushtetit kund\u00ebr drejt\u00ebsis\u00eb.<\/p>\n<p>Nj\u00eb pozicionim q\u00eb i duket krejt normal Spartak Brahos, avokat i Met\u00ebs por edhe jurist i koh\u00ebs s\u00eb diktatur\u00ebs komuniste, i m\u00ebsuar me t\u00eb tilla sh\u00ebrbime ndaj diktaturave, pushteteve. Jurist\u00eb t\u00eb till\u00eb t\u00eb diktatur\u00ebs, Berisha premtoi t\u2019i spastronte nga gjykatat q\u00eb n\u00eb nisje t\u00eb tranzicionit. Por sot po i p\u00ebrdor p\u00ebr t\u00eb q\u00ebndruar n\u00eb pushtet. Komedia mbaroi, tha Braho, n\u00eb p\u00ebrfundim t\u00eb procesit, disa do qeshin dhe disa do qajn\u00eb. \u00cbsht\u00eb e v\u00ebrtet\u00eb. Do qeshin lakenjt\u00eb e pushtetit dhe do qaj\u00eb pjesa d\u00ebrrmuese e shqiptar\u00ebve q\u00eb shohin si po vdes ideja e shtetit ligjor n\u00eb Shqip\u00ebri.<\/p>\n<p>Komedia mbaroi \u2013 tha Braho. N\u00eb fakt mbaroi komedia e pushtetit berishist me gjykat\u00ebn. Tani fillon tragjedia. P\u00ebrdorimi nga autokrati Berisha i gjykatave, por edhe i prokuroris\u00eb sapo ta shtjer\u00eb n\u00eb dor\u00eb, kund\u00ebr opozit\u00ebs dhe \u00e7do shqiptari q\u00eb guxon ta kritikoj\u00eb regjimin e tij. Dje Berisha e paralajm\u00ebroi shum\u00eb qart\u00eb kur nga pozitat e nj\u00eb kryeprokurori k\u00ebrc\u00ebnoi me arroganc\u00eb enveriane Edi Ram\u00ebn se 21 janari do hetohet. Berisha b\u00ebn deklarat\u00eb t\u00eb tilla nd\u00ebrsa nuk l\u00eb gur pa luajtur q\u00eb hetimi i 21 janarit t\u00eb obstruktohet. Sepse do q\u00eb hetimi t\u00eb b\u00ebhet jo tani, por kur t\u00eb ket\u00eb n\u00eb dor\u00eb nj\u00eb kryeprokuror t\u00eb gatsh\u00ebm t\u00eb provoj\u00eb si prestigjator ekzistenc\u00ebn e \u201cthikave me helm\u201d apo \u201cpistoletat \u00e7ad\u00ebr\u201d t\u00eb opozit\u00ebs.<\/p>\n<p>\u00cbsht\u00eb pik\u00ebrisht mungesa e drejt\u00ebsis\u00eb q\u00eb b\u00ebn k\u00ebt\u00eb kryeminist\u00ebr, vullneti prej Gedafi i t\u00eb cilit vrau 4 qytetar\u00eb t\u00eb pafajsh\u00ebm, t\u00eb k\u00ebrc\u00ebnoj\u00eb opozit\u00ebn me g\u00ebnjeshtra e shpifje p\u00ebr pu\u00e7, nd\u00ebrkoh\u00eb q\u00eb duhet t\u00eb ishte vet\u00eb n\u00eb bank\u00ebn e t\u00eb akuzuarve. Shqiptar\u00ebt paskan harruar se tamam k\u00ebshtu lajm\u00ebronte Enveri, shkat\u00ebrrimin e grupeve armiq\u00ebsore. Gj\u00ebrat kan\u00eb shkuar shum\u00eb larg. Shqip\u00ebria po ec\u00ebn praptazi drejt diktatur\u00ebs, nd\u00ebrsa Berisha mashtron shqiptar\u00eb e nd\u00ebrkomb\u00ebtar\u00eb me premtime boshe, integrimin n\u00eb Europ\u00eb. Dhe \u00ebsht\u00eb n\u00eb dor\u00eb t\u00eb shqiptar\u00ebve dhe nd\u00ebrkomb\u00ebtar\u00ebve q\u00eb ta ndalin instalimin p\u00ebrfundimtar t\u00eb mizoris\u00eb autokratike n\u00eb Shqip\u00ebri.<\/p>\n","protected":false},"excerpt":{"rendered":"<p>Andrea Stefani, 17.01.2012 Nuk ka shkaktuar asnj\u00eb habi n\u00eb opinion lajmi se Gjykata e Lart\u00eb e ka shpallur t\u00eb pafajsh\u00ebm Ilir Met\u00ebn lidhur me akuzat p\u00ebr korrupsion aktiv t\u00eb ngritura nga prokuroria. Habi do kish ngjallur e kund\u00ebrta, pra, q\u00eb gjykata ta kish shpallur politikanin e pushtetit Meta t\u00eb pafajsh\u00ebm. Ndodhi ajo q\u00eb pritej dhe [&hellip;]<\/p>\n","protected":false},"author":1,"featured_media":0,"comment_status":"open","ping_status":"closed","sticky":false,"template":"","format":"standard","meta":{"footnotes":""},"categories":[2],"tags":[],"class_list":{"0":"post-1191","1":"post","2":"type-post","3":"status-publish","4":"format-standard","6":"category-artikuj"},"yoast_head":"<!-- This site is optimized with the Yoast SEO plugin v27.4 - https:\/\/yoast.com\/product\/yoast-seo-wordpress\/ -->\n<title>GJYKATA SI LAVATRI\u00c7E E KORRUPSIONIT TELEVIZIV T\u00cb MET\u00cbS - FjALA e LIR\u00cb - Arkivi<\/title>\n<meta name=\"robots\" content=\"index, follow, max-snippet:-1, max-image-preview:large, max-video-preview:-1\" \/>\n<link rel=\"canonical\" href=\"https:\/\/fjala.info\/2009-2015\/gjykata-si-lavatrice-e-korrupsionit-televiziv-te-metes\/\" \/>\n<meta property=\"og:locale\" content=\"sq_AL\" \/>\n<meta property=\"og:type\" content=\"article\" \/>\n<meta property=\"og:title\" content=\"GJYKATA SI LAVATRI\u00c7E E KORRUPSIONIT TELEVIZIV T\u00cb MET\u00cbS - FjALA e LIR\u00cb - Arkivi\" \/>\n<meta property=\"og:description\" content=\"Andrea Stefani, 17.01.2012 Nuk ka shkaktuar asnj\u00eb habi n\u00eb opinion lajmi se Gjykata e Lart\u00eb e ka shpallur t\u00eb pafajsh\u00ebm Ilir Met\u00ebn lidhur me akuzat p\u00ebr korrupsion aktiv t\u00eb ngritura nga prokuroria. Habi do kish ngjallur e kund\u00ebrta, pra, q\u00eb gjykata ta kish shpallur politikanin e pushtetit Meta t\u00eb pafajsh\u00ebm. Ndodhi ajo q\u00eb pritej dhe [&hellip;]\" \/>\n<meta property=\"og:url\" content=\"https:\/\/fjala.info\/2009-2015\/gjykata-si-lavatrice-e-korrupsionit-televiziv-te-metes\/\" \/>\n<meta property=\"og:site_name\" content=\"FjALA e LIR\u00cb - Arkivi\" \/>\n<meta property=\"article:published_time\" content=\"2012-01-17T21:59:31+00:00\" \/>\n<meta property=\"og:image\" content=\"http:\/\/www.shkoder.net\/images\/fjala\/andrea_stefani.jpg\" \/>\n<meta name=\"author\" content=\"admin\" \/>\n<meta name=\"twitter:card\" content=\"summary_large_image\" \/>\n<meta name=\"twitter:label1\" content=\"Written by\" \/>\n\t<meta name=\"twitter:data1\" content=\"admin\" \/>\n\t<meta name=\"twitter:label2\" content=\"Est. reading time\" \/>\n\t<meta name=\"twitter:data2\" content=\"6 minutes\" \/>\n<script type=\"application\/ld+json\" class=\"yoast-schema-graph\">{\"@context\":\"https:\\\/\\\/schema.org\",\"@graph\":[{\"@type\":\"Article\",\"@id\":\"https:\\\/\\\/fjala.info\\\/2009-2015\\\/gjykata-si-lavatrice-e-korrupsionit-televiziv-te-metes\\\/#article\",\"isPartOf\":{\"@id\":\"https:\\\/\\\/fjala.info\\\/2009-2015\\\/gjykata-si-lavatrice-e-korrupsionit-televiziv-te-metes\\\/\"},\"author\":{\"name\":\"admin\",\"@id\":\"https:\\\/\\\/fjala.info\\\/2009-2015\\\/#\\\/schema\\\/person\\\/3aa1163ef05469c496fc94e77611ada2\"},\"headline\":\"GJYKATA SI LAVATRI\u00c7E E KORRUPSIONIT TELEVIZIV T\u00cb MET\u00cbS\",\"datePublished\":\"2012-01-17T21:59:31+00:00\",\"mainEntityOfPage\":{\"@id\":\"https:\\\/\\\/fjala.info\\\/2009-2015\\\/gjykata-si-lavatrice-e-korrupsionit-televiziv-te-metes\\\/\"},\"wordCount\":1298,\"commentCount\":0,\"publisher\":{\"@id\":\"https:\\\/\\\/fjala.info\\\/2009-2015\\\/#organization\"},\"image\":{\"@id\":\"https:\\\/\\\/fjala.info\\\/2009-2015\\\/gjykata-si-lavatrice-e-korrupsionit-televiziv-te-metes\\\/#primaryimage\"},\"thumbnailUrl\":\"http:\\\/\\\/www.shkoder.net\\\/images\\\/fjala\\\/andrea_stefani.jpg\",\"articleSection\":[\"Artikuj\"],\"inLanguage\":\"sq-AL\",\"potentialAction\":[{\"@type\":\"CommentAction\",\"name\":\"Comment\",\"target\":[\"https:\\\/\\\/fjala.info\\\/2009-2015\\\/gjykata-si-lavatrice-e-korrupsionit-televiziv-te-metes\\\/#respond\"]}]},{\"@type\":\"WebPage\",\"@id\":\"https:\\\/\\\/fjala.info\\\/2009-2015\\\/gjykata-si-lavatrice-e-korrupsionit-televiziv-te-metes\\\/\",\"url\":\"https:\\\/\\\/fjala.info\\\/2009-2015\\\/gjykata-si-lavatrice-e-korrupsionit-televiziv-te-metes\\\/\",\"name\":\"GJYKATA SI LAVATRI\u00c7E E KORRUPSIONIT TELEVIZIV T\u00cb MET\u00cbS - FjALA e LIR\u00cb - Arkivi\",\"isPartOf\":{\"@id\":\"https:\\\/\\\/fjala.info\\\/2009-2015\\\/#website\"},\"primaryImageOfPage\":{\"@id\":\"https:\\\/\\\/fjala.info\\\/2009-2015\\\/gjykata-si-lavatrice-e-korrupsionit-televiziv-te-metes\\\/#primaryimage\"},\"image\":{\"@id\":\"https:\\\/\\\/fjala.info\\\/2009-2015\\\/gjykata-si-lavatrice-e-korrupsionit-televiziv-te-metes\\\/#primaryimage\"},\"thumbnailUrl\":\"http:\\\/\\\/www.shkoder.net\\\/images\\\/fjala\\\/andrea_stefani.jpg\",\"datePublished\":\"2012-01-17T21:59:31+00:00\",\"breadcrumb\":{\"@id\":\"https:\\\/\\\/fjala.info\\\/2009-2015\\\/gjykata-si-lavatrice-e-korrupsionit-televiziv-te-metes\\\/#breadcrumb\"},\"inLanguage\":\"sq-AL\",\"potentialAction\":[{\"@type\":\"ReadAction\",\"target\":[\"https:\\\/\\\/fjala.info\\\/2009-2015\\\/gjykata-si-lavatrice-e-korrupsionit-televiziv-te-metes\\\/\"]}]},{\"@type\":\"ImageObject\",\"inLanguage\":\"sq-AL\",\"@id\":\"https:\\\/\\\/fjala.info\\\/2009-2015\\\/gjykata-si-lavatrice-e-korrupsionit-televiziv-te-metes\\\/#primaryimage\",\"url\":\"http:\\\/\\\/www.shkoder.net\\\/images\\\/fjala\\\/andrea_stefani.jpg\",\"contentUrl\":\"http:\\\/\\\/www.shkoder.net\\\/images\\\/fjala\\\/andrea_stefani.jpg\"},{\"@type\":\"BreadcrumbList\",\"@id\":\"https:\\\/\\\/fjala.info\\\/2009-2015\\\/gjykata-si-lavatrice-e-korrupsionit-televiziv-te-metes\\\/#breadcrumb\",\"itemListElement\":[{\"@type\":\"ListItem\",\"position\":1,\"name\":\"Home\",\"item\":\"https:\\\/\\\/fjala.info\\\/2009-2015\\\/\"},{\"@type\":\"ListItem\",\"position\":2,\"name\":\"GJYKATA SI LAVATRI\u00c7E E KORRUPSIONIT TELEVIZIV T\u00cb MET\u00cbS\"}]},{\"@type\":\"WebSite\",\"@id\":\"https:\\\/\\\/fjala.info\\\/2009-2015\\\/#website\",\"url\":\"https:\\\/\\\/fjala.info\\\/2009-2015\\\/\",\"name\":\"FjALA e LIR\u00cb - Arkivi\",\"description\":\"Arkivi 2009-2015\",\"publisher\":{\"@id\":\"https:\\\/\\\/fjala.info\\\/2009-2015\\\/#organization\"},\"potentialAction\":[{\"@type\":\"SearchAction\",\"target\":{\"@type\":\"EntryPoint\",\"urlTemplate\":\"https:\\\/\\\/fjala.info\\\/2009-2015\\\/?s={search_term_string}\"},\"query-input\":{\"@type\":\"PropertyValueSpecification\",\"valueRequired\":true,\"valueName\":\"search_term_string\"}}],\"inLanguage\":\"sq-AL\"},{\"@type\":\"Organization\",\"@id\":\"https:\\\/\\\/fjala.info\\\/2009-2015\\\/#organization\",\"name\":\"FjALA e LIR\u00cb - Arkivi\",\"url\":\"https:\\\/\\\/fjala.info\\\/2009-2015\\\/\",\"logo\":{\"@type\":\"ImageObject\",\"inLanguage\":\"sq-AL\",\"@id\":\"https:\\\/\\\/fjala.info\\\/2009-2015\\\/#\\\/schema\\\/logo\\\/image\\\/\",\"url\":\"\",\"contentUrl\":\"\",\"caption\":\"FjALA e LIR\u00cb - Arkivi\"},\"image\":{\"@id\":\"https:\\\/\\\/fjala.info\\\/2009-2015\\\/#\\\/schema\\\/logo\\\/image\\\/\"}},{\"@type\":\"Person\",\"@id\":\"https:\\\/\\\/fjala.info\\\/2009-2015\\\/#\\\/schema\\\/person\\\/3aa1163ef05469c496fc94e77611ada2\",\"name\":\"admin\",\"image\":{\"@type\":\"ImageObject\",\"inLanguage\":\"sq-AL\",\"@id\":\"https:\\\/\\\/fjala.info\\\/2009-2015\\\/wp-content\\\/uploads\\\/2012\\\/02\\\/arben_cokaj-120x150.jpg\",\"url\":\"https:\\\/\\\/fjala.info\\\/2009-2015\\\/wp-content\\\/uploads\\\/2012\\\/02\\\/arben_cokaj-120x150.jpg\",\"contentUrl\":\"https:\\\/\\\/fjala.info\\\/2009-2015\\\/wp-content\\\/uploads\\\/2012\\\/02\\\/arben_cokaj-120x150.jpg\",\"caption\":\"admin\"},\"description\":\"Admin, Fjala e Lir\u00eb\",\"sameAs\":[\"https:\\\/\\\/fjala.info\\\/\"],\"url\":\"https:\\\/\\\/fjala.info\\\/2009-2015\\\/author\\\/admin\\\/\"}]}<\/script>\n<!-- \/ Yoast SEO plugin. -->","yoast_head_json":{"title":"GJYKATA SI LAVATRI\u00c7E E KORRUPSIONIT TELEVIZIV T\u00cb MET\u00cbS - FjALA e LIR\u00cb - Arkivi","robots":{"index":"index","follow":"follow","max-snippet":"max-snippet:-1","max-image-preview":"max-image-preview:large","max-video-preview":"max-video-preview:-1"},"canonical":"https:\/\/fjala.info\/2009-2015\/gjykata-si-lavatrice-e-korrupsionit-televiziv-te-metes\/","og_locale":"sq_AL","og_type":"article","og_title":"GJYKATA SI LAVATRI\u00c7E E KORRUPSIONIT TELEVIZIV T\u00cb MET\u00cbS - FjALA e LIR\u00cb - Arkivi","og_description":"Andrea Stefani, 17.01.2012 Nuk ka shkaktuar asnj\u00eb habi n\u00eb opinion lajmi se Gjykata e Lart\u00eb e ka shpallur t\u00eb pafajsh\u00ebm Ilir Met\u00ebn lidhur me akuzat p\u00ebr korrupsion aktiv t\u00eb ngritura nga prokuroria. Habi do kish ngjallur e kund\u00ebrta, pra, q\u00eb gjykata ta kish shpallur politikanin e pushtetit Meta t\u00eb pafajsh\u00ebm. Ndodhi ajo q\u00eb pritej dhe [&hellip;]","og_url":"https:\/\/fjala.info\/2009-2015\/gjykata-si-lavatrice-e-korrupsionit-televiziv-te-metes\/","og_site_name":"FjALA e LIR\u00cb - Arkivi","article_published_time":"2012-01-17T21:59:31+00:00","og_image":[{"url":"http:\/\/www.shkoder.net\/images\/fjala\/andrea_stefani.jpg","type":"","width":"","height":""}],"author":"admin","twitter_card":"summary_large_image","twitter_misc":{"Written by":"admin","Est. reading time":"6 minutes"},"schema":{"@context":"https:\/\/schema.org","@graph":[{"@type":"Article","@id":"https:\/\/fjala.info\/2009-2015\/gjykata-si-lavatrice-e-korrupsionit-televiziv-te-metes\/#article","isPartOf":{"@id":"https:\/\/fjala.info\/2009-2015\/gjykata-si-lavatrice-e-korrupsionit-televiziv-te-metes\/"},"author":{"name":"admin","@id":"https:\/\/fjala.info\/2009-2015\/#\/schema\/person\/3aa1163ef05469c496fc94e77611ada2"},"headline":"GJYKATA SI LAVATRI\u00c7E E KORRUPSIONIT TELEVIZIV T\u00cb MET\u00cbS","datePublished":"2012-01-17T21:59:31+00:00","mainEntityOfPage":{"@id":"https:\/\/fjala.info\/2009-2015\/gjykata-si-lavatrice-e-korrupsionit-televiziv-te-metes\/"},"wordCount":1298,"commentCount":0,"publisher":{"@id":"https:\/\/fjala.info\/2009-2015\/#organization"},"image":{"@id":"https:\/\/fjala.info\/2009-2015\/gjykata-si-lavatrice-e-korrupsionit-televiziv-te-metes\/#primaryimage"},"thumbnailUrl":"http:\/\/www.shkoder.net\/images\/fjala\/andrea_stefani.jpg","articleSection":["Artikuj"],"inLanguage":"sq-AL","potentialAction":[{"@type":"CommentAction","name":"Comment","target":["https:\/\/fjala.info\/2009-2015\/gjykata-si-lavatrice-e-korrupsionit-televiziv-te-metes\/#respond"]}]},{"@type":"WebPage","@id":"https:\/\/fjala.info\/2009-2015\/gjykata-si-lavatrice-e-korrupsionit-televiziv-te-metes\/","url":"https:\/\/fjala.info\/2009-2015\/gjykata-si-lavatrice-e-korrupsionit-televiziv-te-metes\/","name":"GJYKATA SI LAVATRI\u00c7E E KORRUPSIONIT TELEVIZIV T\u00cb MET\u00cbS - FjALA e LIR\u00cb - Arkivi","isPartOf":{"@id":"https:\/\/fjala.info\/2009-2015\/#website"},"primaryImageOfPage":{"@id":"https:\/\/fjala.info\/2009-2015\/gjykata-si-lavatrice-e-korrupsionit-televiziv-te-metes\/#primaryimage"},"image":{"@id":"https:\/\/fjala.info\/2009-2015\/gjykata-si-lavatrice-e-korrupsionit-televiziv-te-metes\/#primaryimage"},"thumbnailUrl":"http:\/\/www.shkoder.net\/images\/fjala\/andrea_stefani.jpg","datePublished":"2012-01-17T21:59:31+00:00","breadcrumb":{"@id":"https:\/\/fjala.info\/2009-2015\/gjykata-si-lavatrice-e-korrupsionit-televiziv-te-metes\/#breadcrumb"},"inLanguage":"sq-AL","potentialAction":[{"@type":"ReadAction","target":["https:\/\/fjala.info\/2009-2015\/gjykata-si-lavatrice-e-korrupsionit-televiziv-te-metes\/"]}]},{"@type":"ImageObject","inLanguage":"sq-AL","@id":"https:\/\/fjala.info\/2009-2015\/gjykata-si-lavatrice-e-korrupsionit-televiziv-te-metes\/#primaryimage","url":"http:\/\/www.shkoder.net\/images\/fjala\/andrea_stefani.jpg","contentUrl":"http:\/\/www.shkoder.net\/images\/fjala\/andrea_stefani.jpg"},{"@type":"BreadcrumbList","@id":"https:\/\/fjala.info\/2009-2015\/gjykata-si-lavatrice-e-korrupsionit-televiziv-te-metes\/#breadcrumb","itemListElement":[{"@type":"ListItem","position":1,"name":"Home","item":"https:\/\/fjala.info\/2009-2015\/"},{"@type":"ListItem","position":2,"name":"GJYKATA SI LAVATRI\u00c7E E KORRUPSIONIT TELEVIZIV T\u00cb MET\u00cbS"}]},{"@type":"WebSite","@id":"https:\/\/fjala.info\/2009-2015\/#website","url":"https:\/\/fjala.info\/2009-2015\/","name":"FjALA e LIR\u00cb - Arkivi","description":"Arkivi 2009-2015","publisher":{"@id":"https:\/\/fjala.info\/2009-2015\/#organization"},"potentialAction":[{"@type":"SearchAction","target":{"@type":"EntryPoint","urlTemplate":"https:\/\/fjala.info\/2009-2015\/?s={search_term_string}"},"query-input":{"@type":"PropertyValueSpecification","valueRequired":true,"valueName":"search_term_string"}}],"inLanguage":"sq-AL"},{"@type":"Organization","@id":"https:\/\/fjala.info\/2009-2015\/#organization","name":"FjALA e LIR\u00cb - Arkivi","url":"https:\/\/fjala.info\/2009-2015\/","logo":{"@type":"ImageObject","inLanguage":"sq-AL","@id":"https:\/\/fjala.info\/2009-2015\/#\/schema\/logo\/image\/","url":"","contentUrl":"","caption":"FjALA e LIR\u00cb - Arkivi"},"image":{"@id":"https:\/\/fjala.info\/2009-2015\/#\/schema\/logo\/image\/"}},{"@type":"Person","@id":"https:\/\/fjala.info\/2009-2015\/#\/schema\/person\/3aa1163ef05469c496fc94e77611ada2","name":"admin","image":{"@type":"ImageObject","inLanguage":"sq-AL","@id":"https:\/\/fjala.info\/2009-2015\/wp-content\/uploads\/2012\/02\/arben_cokaj-120x150.jpg","url":"https:\/\/fjala.info\/2009-2015\/wp-content\/uploads\/2012\/02\/arben_cokaj-120x150.jpg","contentUrl":"https:\/\/fjala.info\/2009-2015\/wp-content\/uploads\/2012\/02\/arben_cokaj-120x150.jpg","caption":"admin"},"description":"Admin, Fjala e Lir\u00eb","sameAs":["https:\/\/fjala.info\/"],"url":"https:\/\/fjala.info\/2009-2015\/author\/admin\/"}]}},"_links":{"self":[{"href":"https:\/\/fjala.info\/2009-2015\/wp-json\/wp\/v2\/posts\/1191","targetHints":{"allow":["GET"]}}],"collection":[{"href":"https:\/\/fjala.info\/2009-2015\/wp-json\/wp\/v2\/posts"}],"about":[{"href":"https:\/\/fjala.info\/2009-2015\/wp-json\/wp\/v2\/types\/post"}],"author":[{"embeddable":true,"href":"https:\/\/fjala.info\/2009-2015\/wp-json\/wp\/v2\/users\/1"}],"replies":[{"embeddable":true,"href":"https:\/\/fjala.info\/2009-2015\/wp-json\/wp\/v2\/comments?post=1191"}],"version-history":[{"count":0,"href":"https:\/\/fjala.info\/2009-2015\/wp-json\/wp\/v2\/posts\/1191\/revisions"}],"wp:attachment":[{"href":"https:\/\/fjala.info\/2009-2015\/wp-json\/wp\/v2\/media?parent=1191"}],"wp:term":[{"taxonomy":"category","embeddable":true,"href":"https:\/\/fjala.info\/2009-2015\/wp-json\/wp\/v2\/categories?post=1191"},{"taxonomy":"post_tag","embeddable":true,"href":"https:\/\/fjala.info\/2009-2015\/wp-json\/wp\/v2\/tags?post=1191"}],"curies":[{"name":"wp","href":"https:\/\/api.w.org\/{rel}","templated":true}]}}