{"id":11901,"date":"2012-06-26T22:45:21","date_gmt":"2012-06-26T21:45:21","guid":{"rendered":"http:\/\/www.fjala.info\/?p=3408"},"modified":"2012-06-26T22:45:21","modified_gmt":"2012-06-26T21:45:21","slug":"tune-jakaj-nje-figure-sa-popullore-aq-edhe-nacionaliste","status":"publish","type":"post","link":"https:\/\/fjala.info\/2009-2015\/tune-jakaj-nje-figure-sa-popullore-aq-edhe-nacionaliste\/","title":{"rendered":"TUN\u00cb JAKAJ &#8211; NJ\u00cb FIGUR\u00cb SA POPULLORE AQ EDHE NACIONALISTE"},"content":{"rendered":"<p><img decoding=\"async\" class=\"alignleft size-thumbnail wp-image-7236\" title=\"Tun\u00eb Jakaj\" src=\"http:\/\/www.fjala.info\/2012\/tune_jakaj.jpg\" alt=\"\" width=\"200\" \/> <em>N\u00cb VEND T\u00cb P\u00cbRKUJTIMIT<\/em><\/p>\n<p><strong>TUN\u00cb JAKAJ &#8211; NJ\u00cb FIGUR\u00cb SA POPULLORE AQ EDHE NACIONALISTE, I CILI PREHET N\u00cb AMERIK\u00cbN E LARG\u00cbT<\/strong><\/p>\n<p>Shkruan: <strong>Mikel GOJANI<\/strong><\/p>\n<p>Njeriun, n\u00eb t\u00eb cilin tradita, trash\u00ebgimia familjare dhe rrethi shoq\u00ebror ia brumosin vet\u00ebdijen e lart\u00eb komb\u00ebtare, mpreht\u00ebsin\u00eb e gjykimit, energjin\u00eb e veprimit dhe p\u00ebrkushtimit t\u00eb paepur plot sakrifica p\u00ebr kolektivitetin, p\u00ebr lirin\u00eb e vendit dhe popullit t\u00eb tij, ve\u00e7ori k\u00ebto t\u00eb cilat me t\u00ebr\u00eb qenie i v\u00eb n\u00eb funksion t\u00eb ardhm\u00ebris\u00eb; \u00ebsht\u00eb njeriu q\u00eb nuk vdes kurr\u00eb, vet\u00ebm shnd\u00ebrrohet n\u00eb nj\u00eb trajt\u00eb tjet\u00ebr, atje ku e kan\u00eb selin\u00eb meteor\u00ebt q\u00eb rrezatojn\u00eb drit\u00eb, q\u00eb jan\u00eb flakadan\u00eb t\u00eb s\u00eb ardhmes\u2026<\/p>\n<p>E till\u00eb \u00ebsht\u00eb edhe figura e atdhetarit t\u00eb devotsh\u00ebm Tun\u00eb Jakaj, t\u00eb k\u00ebtij pishtari t\u00eb atdhedashuris\u00eb, i cili n\u00eb kujtes\u00ebn e gjith\u00eb atyre q\u00eb kan\u00eb njohur do t\u00eb mbetet em\u00ebr i pashuar.<\/p>\n<p>Tuna dhe familja e tij n\u00eb sh\u00ebrbim t\u00eb kombit e t\u00eb atdheut<\/p>\n<p>K\u00ebshtu, m\u00eb 10 qershor t\u00eb k\u00ebtij viti, n\u00eb Mi\u00e7igan t\u00eb Amerik\u00ebs, n\u00eb mosh\u00ebn 86 vje\u00e7are u nda nga jeta i biri i nacionalistit Ndue Jakut nga Ranoci i Kosov\u00ebs, Tun\u00eb Jakaj (1926-2012), nj\u00ebher\u00ebsh edhe v\u00ebllai i veprimtarit t\u00eb palodhsh\u00ebm t\u00eb Ballit Komb\u00ebtar n\u00eb Amerik\u00eb, p\u00ebrkat\u00ebsisht n\u00eb Nju Jork, z. Tom Jakajt.<\/p>\n<p>Tun\u00eb Jakaj, rrjedh nga nj\u00eb familje e cila, n\u00eb trev\u00ebn e Lugut t\u00eb Drinit dhe krahin\u00ebn e Dukagjinit ka qen\u00eb e njohur p\u00ebr mikpritje, nder e bujari. Po ashtu kurdo q\u00eb ka k\u00ebrkuar z\u00ebri i kombit dhe i atdheut, bijt\u00eb t\u00eb k\u00ebsaj familjeje kan\u00eb qen\u00eb t\u00eb gatsh\u00ebm q\u00eb ta rrokin edhe pushk\u00ebn n\u00eb duar dhe t\u2019u p\u00ebrgjigjen armikut shekullor. K\u00ebt\u00eb argument e d\u00ebshmon edhe sakrifica dhe flijimi q\u00eb kan\u00eb b\u00ebr\u00eb bijt\u00eb e k\u00ebsaj familje gjat\u00eb historis\u00eb. N\u00eb janarin e vitit 1945 \u00e7etnik\u00ebt serbosllav\u00eb n\u00eb Kull\u00ebn e Popit n\u00eb Istog, p\u00ebrkat\u00ebsisht n\u00eb vendin e quajtur Lluga e Xhamis\u00eb af\u00ebr Lumit t\u00eb Istogut dhe n\u00eb Lugun e Bollovanit, p\u00ebr veprimtari nacionaliste dhe atdhetare, pushkatuan axh\u00ebn e Tun\u00eb Jakajt, nacionalistin Pjet\u00ebr Jakaj (1898-1945), bashk\u00eb me shum\u00eb atdhetar\u00eb t\u00eb tjer\u00eb t\u00eb kombit, n\u00eb mesin e t\u00eb cil\u00ebve ishin edhe Rrust\u00eb e Uk\u00eb Rugova (gjyshi dhe babai i Dr. Ibrahim Rugov\u00ebs, Llesh Gjon Lleshajn, Col Bajraktarin nga U\u00e7a, Najram Gashi, Ram\u00eb Alin\u00eb, Sadri Hotin e shum\u00eb t\u00eb tjer\u00eb. Pas vdekjes s\u00eb Pjet\u00ebr Jakajt, barra e familjes s\u00eb Jakajve i kaloi bab\u00ebs se Tun\u00ebs Ndue Jakut (1896-1948).<\/p>\n<p>P\u00ebr Ndoun filluan dit\u00eb t\u00eb v\u00ebshtira, angazhimi p\u00ebr udh\u00ebheqjen e familjes se madhe dhe hakmarrja p\u00ebr v\u00ebllan\u00eb, Pjetrin, i cili ishte pushkatuar me urdhrin e \u00e7etnikut t\u00eb njohur n\u00eb k\u00ebto an\u00eb t\u00eb Lugut t\u00eb Drinit, kriminelin Radosh Toshiqi. Pas k\u00ebsaj ngjarje tragjike p\u00ebr k\u00ebt\u00eb familje, Ndue Jaku kishte hapur dyert e kull\u00ebs s\u00eb tij p\u00ebr luft\u00ebtar\u00ebt e liris\u00eb dhe gjithnj\u00eb ishte i gatsh\u00ebm p\u00ebr t\u2019i furnizuar me arm\u00eb, veshmbathje, ushqime e gjera t\u00eb tjera t\u00eb nevojshme. Aty u strehuan shum\u00eb luft\u00ebtar\u00eb t\u00eb denj\u00eb t\u00eb koh\u00ebs, si komandanti i njohur Ndue P\u00ebrlleshi, profesor Ymer Berisha e shum\u00eb t\u00eb tjer\u00eb. K\u00ebshtu q\u00eb kontributi i k\u00ebsaj familjeje ishte i jasht\u00ebzakonsh\u00ebm.<\/p>\n<p>Sipas disa d\u00ebshmive historike thuhet se me urdhrin e Ndue Jakajt \u00e7eta e Ndue Perlleshit n\u00eb fshatin Kojavq vrau Radosh Toshiqin n\u00eb shenj\u00eb hakmarrjeje p\u00ebr vrasjen e Pjet\u00ebr Jakun me shume burra tjer\u00eb t\u00eb njohur t\u00eb Kosov\u00ebs q\u00eb u vran\u00eb n\u00eb dimrin e vitit \u201845 Istog. Nga kjo vrasje filluan dite t\u00eb r\u00ebnda p\u00ebr Ndue Jakun dhe familjen e Jakajve t\u00eb Ranocit. Mbi Ndue Jakajn \u00e7etnik\u00ebt sllavo &#8211; komunist\u00eb kryen torturat me \u00e7njer\u00ebzore, ku si pasoj\u00eb e dhun\u00ebs dhe represionit, m\u00eb 6 shkurt 1948 n\u00eb mosh\u00ebn 52 vje\u00e7are vdiq nacionalisti Ndue Jakaj, duke l\u00ebn\u00eb pas bashk\u00ebshorten dhe kat\u00ebr djem, Tun\u00ebn, Gjergjin, Martinin dhe Tom\u00ebn, po ashtu edhe kat\u00ebr vajzat, Jan\u00ebn, Marqen , Mrik\u00ebn dhe Marin\u00eb. Pas vdekjes s\u00eb babait, Ndout Tun\u00ebs i mbeti q\u00eb t\u00eb kujdesej p\u00ebr familjes.<\/p>\n<p>Tuna p\u00ebr t\u00eb mbajtur familjen nj\u00eb koh\u00eb punoi Vojvodin\u00eb, Bosnje-Hercegovin\u00eb e Mal te Zi, nd\u00ebrsa m\u00eb von\u00eb, gjegj\u00ebsisht n\u00eb fillimvitet e \u201980-ta s\u00eb bashku me familjen e tij migron n\u00eb Amerik\u00eb, p\u00ebrkat\u00ebsisht n\u00eb Michigan. Filloi pun\u00ebn n\u00eb nj\u00eb fabrik\u00eb e m\u00eb von\u00eb duke iu fal\u00ebnderuar numrit t\u00eb madh t\u00eb an\u00ebtar\u00ebve t\u00eb familjes dhe krahut t\u00eb pun\u00ebs, s\u00eb bashku me djemt\u00eb e tij blen\u00eb restorante ku edhe sot merren me k\u00ebt\u00eb biznes. Tun\u00eb Jakaj prapa vetes la bashk\u00ebshorten e tij Gjylen, tet\u00eb f\u00ebmij\u00ebt, kat\u00ebr djemt\u00eb dhe kat\u00ebr vajzat, Ndoun, Gjergjin, Sk\u00ebnderin Nikoll\u00ebn, Lushen, Zojen, Vitoren, Luljet\u00ebn si dhe m\u00eb se pes\u00ebdhjet\u00eb nipa dhe mbesa.<\/p>\n<p>P\u00ebr sa koh\u00eb sa punoi dhe veproi n\u00eb Amerik\u00eb, Tuna me gjith\u00eb shpirt u angazhua p\u00ebr t\u00eb mir\u00ebn e popullit t\u00eb tij. Kontributi i tij p\u00ebr t\u00eb mir\u00ebn e popullit dhe t\u00eb atdheut t\u00eb tij ishte jasht\u00ebzakonisht i madh.<\/p>\n<p>Tun\u00eb Jakaj ishte burr\u00eb i nderuar kombit, i nj\u00eb bujarie q\u00eb vezullonte n\u00eb od\u00ebn e tij.<\/p>\n<p>Jan\u00eb t\u00eb rrall\u00eb njer\u00ebzit sikur Tun\u00eb Jakaj, i cili sot prehet i qet\u00eb n\u00eb Amerik\u00ebn e larg\u00ebt.<\/p>\n<p>T\u00eb gjith\u00eb ata q\u00eb kan\u00eb njohur nga af\u00ebr shprehen se n\u00eb tubimet e shpeshta me te, q\u00eb kishin karakter pune, p\u00ebr aq sa e ringjallin historin\u00eb; ringjallin t\u00eb t\u00eb gjitha t\u00eb b\u00ebmat e err\u00ebta q\u00eb ka b\u00ebr\u00eb n\u00eb t\u00eb kaluar\u00ebn dhe po b\u00ebnte dhe b\u00ebnte n\u00eb ato vite pushteti okupues serb, bisedat ishin p\u00ebr t\u00eb gjetur shtigjet p\u00ebr t\u00eb arritur q\u00ebllimin q\u00eb impononte koha, ideali. Ishte fjal\u00eb pak, por mendime t\u00eb qarta. Mendimet e tij i kristalizonte, gjithher\u00eb p\u00ebrpiqej q\u00eb bisedat t\u00eb orientohen me pun\u00eb konkrete dhe reale. Oda e tij ka qen\u00eb p\u00ebr njer\u00ebzit, q\u00eb i njihte, p\u00ebr pun\u00eb atdhedashurie, q\u00eb e k\u00ebrkonte momenti historik q\u00eb ishte.<\/p>\n<p>N\u00eb at\u00eb koh\u00eb njer\u00ebzit idealist\u00eb kishin shum\u00eb pun\u00eb t\u00eb ngutshme, t\u00eb cilat vinin, t\u00eb cilat i p\u00ebrjetuan ata q\u00eb qen\u00eb pjes\u00eb e asaj kohe. E b\u00ebnte pun\u00ebn t\u00eb nj\u00eb vizionari, thjesht, me nj\u00eb maturi, me nj\u00eb p\u00ebrkushtim. Njihte shum\u00eb njer\u00ebz, shum\u00eb njer\u00ebz e njihnin. Ishte k\u00ebnaq\u00ebsi e ve\u00e7ant\u00eb t\u00eb flas\u00ebsh me te, e shpalosim me shum\u00eb dashuri, me veprime konkrete. Ishte i \u00e7ilt\u00ebr, ishte i matur, ishte i drejt\u00eb. \u00c7do detyr\u00eb e kryente me p\u00ebrgjegj\u00ebsi. Na ka l\u00ebn\u00eb mbresa t\u00eb thella, si nj\u00eb figur\u00eb aq popullore. Shum\u00eb i af\u00ebrt, shum\u00eb i p\u00ebrzem\u00ebrt, gjithher\u00eb i gatsh\u00ebm p\u00ebr t\u00eb kryer detyra, ato nga m\u00eb t\u00eb r\u00ebndat n\u00eb shp\u00ebrndarjen e bindjeve q\u00eb rezononte koha.<\/p>\n<p>Figura e tij, edhe sot e k\u00ebsaj dite, tek gjith\u00eb ata t\u00eb cil\u00ebt e kan\u00eb njohur, paraqitet si vegim drite, bashk\u00eb me veprat e tij. Tiparet e tij njer\u00ebzore, t\u00eb kalitura shum\u00eb her\u00ebt, q\u00ebndrimi i tij vertikal, ishin d\u00ebshmia m\u00eb autentike se ky atdhetar i devotsh\u00ebm po hynte n\u00eb qenien e popullit t\u00eb tij. Ai punonte pareshtur n\u00eb zgjimin e vet\u00ebdijes komb\u00ebtare n\u00eb masat e popullit. Pohonte se vet\u00ebm arsimimi i popullit, si portreti m\u00eb autentik i nj\u00eb kombi, krijimi i identitetit, vet\u00ebdijesimi dhe ngritja e nd\u00ebrgjegjes komb\u00ebtare n\u00eb shkall\u00eb t\u00eb duhur do t\u00eb b\u00ebheshin garanci e sigurt dhe instrument i fort\u00eb n\u00eb duart e popullit, q\u00eb \u00e7\u00ebshtja e Kosov\u00ebs t\u00eb mbetej n\u00eb plan t\u00eb par\u00eb deri n\u00eb fitoren e saj t\u00eb plot\u00eb.<\/p>\n<p>N\u00eb k\u00ebt\u00eb koh\u00eb, Tun\u00eb Jakaj e shpalos m\u00ebtimin e tij prej nj\u00eb k\u00ebmb\u00ebngul\u00ebsi t\u00eb pathyesh\u00ebm p\u00ebr ruajtjen dhe forcimin e identitetit komb\u00ebtar. Ishte kjo koh\u00eb kur para forcave t\u00eb organizuara atdhetare po shtrohej si imperativ i koh\u00ebs, q\u00ebndresa, vitaliteti dhe sh\u00ebndeti i popullit ton\u00eb; barazia, drejt\u00ebsia njer\u00ebzore dhe flijimi si akti m\u00eb sublim i fitores. N\u00eb k\u00ebt\u00eb koh\u00eb, i gjith\u00eb aktiviteti i tij atdhetar u zhvillua p\u00ebrmes l\u00ebvizjeve q\u00eb vepronin n\u00eb at\u00eb koh\u00eb n\u00eb Kosov\u00eb.<\/p>\n<p>Veprimtaria e gjithanshme e tij n\u00eb planin shoq\u00ebror dhe at\u00eb komb\u00ebtar p\u00ebrputhet plot\u00ebsisht me koh\u00ebn kur kombit ton\u00eb nga forcat e err\u00ebta serbe po i p\u00ebrgatitej nj\u00eb hatakombe e trisht\u00eb me esenca tragjike dhe fund e krye ajo p\u00ebrshkohet nga filli i kuq i aspiratave dhe t\u00eb idealeve t\u00eb mbar\u00eb popullit shqiptar. Prandaj, duke qen\u00eb personalitet m\u00eb vital q\u00eb iu p\u00ebrgjigj flak\u00eb p\u00ebr flak\u00eb k\u00ebrkesave t\u00eb popullit, q\u00eb i ripohoi ato me nj\u00eb gjer\u00ebsi dhe me nj\u00eb cil\u00ebsi t\u00eb shkall\u00ebs s\u00eb lart\u00eb, si askush tjet\u00ebr p\u00ebrpara tij, ai me t\u00eb drejt\u00eb konsiderohet si nj\u00ebri nga p\u00ebrfaq\u00ebsuesit m\u00eb t\u00eb denj\u00eb dhe m\u00eb tipik t\u00eb l\u00ebvizjes shoq\u00ebrore-historike t\u00eb popullit ton\u00eb n\u00eb k\u00ebt\u00eb koh\u00eb.<\/p>\n<p>Emri dhe vepra e k\u00ebtij nacionalisti mbesin nj\u00eb fanar i pashuar i atdhetarizmit dhe therorizimit, p\u00ebrkushtimit dhe kontributit, i vet\u00ebdijes s\u00eb lart\u00eb prej nj\u00eb intelektuali dhe veprimtari t\u00eb palodhsh\u00ebm q\u00eb nuk kurseu asgj\u00eb asnj\u00ebher\u00eb p\u00ebr interesat madhore t\u00eb popullit t\u00eb tij. Puna, angazhimi dhe sakrifica e tij gjat\u00eb gjith\u00eb rrug\u00ebs jet\u00ebsore figur\u00ebn e Tun\u00eb Jakajt e b\u00ebjn\u00eb t\u00eb pavdeksh\u00ebm.<\/p>\n<p>Tun\u00eb Jakaj, gjith\u00eb jet\u00ebn e tij jetoi dhe punoi me p\u00ebrkushtim, si njeri familjar, edhe atdhetar i devotsh\u00ebm. Asgj\u00eb nuk kurseu p\u00ebr t\u00eb dh\u00ebn\u00eb ndihmes\u00ebn e tij n\u00eb t\u00eb mir\u00ebn e p\u00ebrgjithshme t\u00eb familjes, t\u00eb af\u00ebrmve kombit dhe kauz\u00ebs komb\u00ebtare n\u00eb p\u00ebrgjith\u00ebsi.<\/p>\n<p>T\u00ebr\u00eb jeta e tij ishte nj\u00eb jet\u00eb brenda jet\u00ebs s\u00eb popullit, nga i cili nuk e ndan dot asnj\u00eb \u00e7ast. Kalojn\u00eb vite dhe p\u00ebrs\u00ebri ne dhe brezat q\u00eb do t\u00eb vijn\u00eb do t\u00eb vazhdojn\u00eb bised\u00ebn me k\u00ebt\u00eb atdhetar t\u00eb madh t\u00eb kombit, jeta e t\u00eb cilit u udh\u00ebhoq nga misioni q\u00eb t\u2019i sh\u00ebrbente kauz\u00ebs son\u00eb n\u00eb p\u00ebrgjith\u00ebsi.<\/p>\n<p>Atdhetari Tun\u00eb Jakaj ishte nj\u00eb individualitet i padiskutuesh\u00ebm i l\u00ebvizjeve tona komb\u00ebtare. Njeri me zem\u00ebr t\u00eb madhe e bujare; ai iu p\u00ebrkul me respekt \u00e7\u00ebshtjes s\u00eb vendit ton\u00eb dhe tok\u00ebs son\u00eb. Jeta e tij \u00ebsht\u00eb pjes\u00eb e pandar\u00eb e historis\u00eb son\u00eb, luft\u00ebs, p\u00ebrpjekjeve, aspiratave t\u00eb popullit; \u00ebsht\u00eb d\u00ebshmi e shpirtit t\u00eb etur p\u00ebr liri, jan\u00eb homazh q\u00eb ky pishtar ua p\u00ebrcjellt\u00eb me respekt gjith\u00eb atyre q\u00eb sakrifikuan p\u00ebr k\u00ebt\u00eb tok\u00eb.<\/p>\n<p><strong>Ishte i vet\u00ebdijsh\u00ebm p\u00ebr rrug\u00ebn q\u00eb kishte zgjedhur<\/strong><\/p>\n<p>Jeta dhe veprimtaria e tij p\u00ebr asnj\u00eb \u00e7ast nuk jan\u00eb shk\u00ebputur nga ideali p\u00ebr t\u2019i sh\u00ebrbyer popullit t\u00eb tij, ku edhe vet\u00eb jeta dhe vepra e tij sublimojn\u00eb k\u00ebt\u00eb p\u00ebrkushtim.<\/p>\n<p>Pra, duke e kuptuar thirrjen e koh\u00ebs, Tun\u00eb Jakaj, iu p\u00ebrvish pun\u00ebs me seriozitetin m\u00eb t\u00eb madh duke l\u00ebn\u00eb gjurm\u00eb t\u00eb pashlyera. Ai ishte i vet\u00ebdijsh\u00ebm se n\u00eb rrug\u00ebn q\u00eb kishte zgjedhur nuk do ta kishte leht\u00eb, se ajo rrug\u00eb kalohej p\u00ebrmes vuajtjeve dhe sakrificave t\u00eb m\u00ebdha. K\u00ebt\u00eb m\u00ebsim themelor ai e kishte nxjerr\u00eb nga p\u00ebrvoja e popullit t\u00eb tij dhe nga p\u00ebrvoja e popujve liridash\u00ebs. K\u00ebt\u00eb konkludim t\u00eb drejt\u00eb, burr\u00eb i nderuar, me jet\u00ebn dhe vepr\u00ebn e tij, po e vinte edhe n\u00eb baz\u00ebn e orientimit t\u00eb sh\u00ebndosh\u00eb t\u00eb popullit t\u00eb tij t\u00eb rob\u00ebruar. N\u00eb ball\u00eb t\u00eb k\u00ebtij populli dhe t\u00eb k\u00ebmb\u00ebt e k\u00ebtij populli, flijimi dhe vdekja p\u00ebr realizimin e aspiratave t\u00eb tij, do t\u00eb na vijn\u00eb si p\u00ebrjetim m\u00eb i bukur dhe m\u00eb fisnik n\u00eb gjith\u00eb jet\u00ebn. Dhe s\u2019do t\u00eb ket\u00eb forc\u00eb q\u00eb t\u00eb na ndal\u00eb n\u00eb rrug\u00ebn ton\u00eb t\u00eb ndritshme, kishte besimin dhe shprehej ai. Ky betim i tij n\u00eb altarin e atdheut nuk ishte retorik\u00eb, mir\u00ebpo ishte nj\u00eb ideal i shenjt\u00eb q\u00eb u b\u00eb realitet n\u00eb fush\u00ebn e nderit.<\/p>\n<p>Tun\u00eb Jakajt, k\u00ebsaj figure t\u00eb ndritur, p\u00ebr gjith\u00eb pun\u00ebn dhe sakrific\u00ebn q\u00eb ka b\u00ebr\u00eb p\u00ebr familjen dhe popullin e tij i takon nderimi i p\u00ebrjetsh\u00ebm, nd\u00ebrsa ne kemi p\u00ebr obligim q\u00eb vepra e tij t\u00eb na sh\u00ebrbej\u00eb fanar i ndri\u00e7uar p\u00ebr t\u00eb ardhmen.<\/p>\n<p>P\u00ebr atdhetarin e devotsh\u00ebm, Tun\u00eb Jakaj, ka shum\u00eb\u00e7ka t\u00eb thuhet. Figur\u00ebn e tij, sh\u00ebmb\u00eblltyr\u00ebn e tij karakterizonte nj\u00eb burr\u00ebri e spikatur dhe e mbjell\u00eb. Ky virtyt rrall\u00eb gjendet mes njer\u00ebzve. Sikur vinte n\u00eb frym\u00ebn e nj\u00eb legjende t\u00eb q\u00ebndrueshme t\u00eb koh\u00ebs e stin\u00ebve.<\/p>\n<p>Ishte i vendosur me q\u00ebndrimet e veta dhe i vet\u00ebdijsh\u00ebm p\u00ebr angazhimet e veta. Ishte pragmatik. Jan\u00eb t\u00eb rrall\u00eb njer\u00ebzit sikur Tun\u00eb Jakaj, i cili sot prehet i qet\u00eb n\u00eb Amerik\u00ebn e larg\u00ebt.<\/p>\n<p>Q\u00eb nga 10 qershori burri i nderuar i Lugut t\u00eb Drinit, Tun\u00eb Jakaj, n\u00eb Michigan t\u00eb SHBA-ve u nda nga jeta p\u00ebr t\u00eb mbetur i p\u00ebrjet\u00ebsuar n\u00eb kujtes\u00ebn e gjith\u00eb miqve, dashamir\u00ebve dhe farefisit t\u00eb gjer\u00eb. N\u00eb ceremonin\u00eb e varrimit mor\u00ebn pjes\u00eb mij\u00ebra njer\u00ebz t\u00eb af\u00ebrm, shok\u00eb, miq dhe bashk\u00ebpun\u00ebtor\u00eb t\u00eb tij. Krenar n\u00eb kryesh\u00ebndosh q\u00ebndronte v\u00ebllai i tij, Tom\u00eb Jakaj, po ashtu nj\u00eb nacionalist dhe veprimtar i devotsh\u00ebm i Ballit Komb\u00ebtar n\u00eb Amerik\u00eb. Edhe familjar\u00ebt, edhe miqt\u00eb edhe gjith\u00eb t\u00eb pranishmit me nj\u00eb ceremonial t\u00eb organizuar fetare dhe komb\u00ebtar e p\u00ebrcoll\u00ebn p\u00ebr n\u00eb banes\u00ebn e fundit, njeriun e tyre t\u00eb dashur, Tun\u00eb Jakajn, duke i premtuar se emrin dhe vepr\u00ebn e tij nuk do ta harrojn\u00eb kurr\u00eb.<\/p>\n","protected":false},"excerpt":{"rendered":"<p>N\u00cb VEND T\u00cb P\u00cbRKUJTIMIT TUN\u00cb JAKAJ &#8211; NJ\u00cb FIGUR\u00cb SA POPULLORE AQ EDHE NACIONALISTE, I CILI PREHET N\u00cb AMERIK\u00cbN E LARG\u00cbT Shkruan: Mikel GOJANI Njeriun, n\u00eb t\u00eb cilin tradita, trash\u00ebgimia familjare dhe rrethi shoq\u00ebror ia brumosin vet\u00ebdijen e lart\u00eb komb\u00ebtare, mpreht\u00ebsin\u00eb e gjykimit, energjin\u00eb e veprimit dhe p\u00ebrkushtimit t\u00eb paepur plot sakrifica p\u00ebr kolektivitetin, p\u00ebr [&hellip;]<\/p>\n","protected":false},"author":1,"featured_media":0,"comment_status":"open","ping_status":"closed","sticky":false,"template":"","format":"standard","meta":{"footnotes":""},"categories":[2],"tags":[],"class_list":{"0":"post-11901","1":"post","2":"type-post","3":"status-publish","4":"format-standard","6":"category-artikuj"},"yoast_head":"<!-- This site is optimized with the Yoast SEO plugin v27.4 - https:\/\/yoast.com\/product\/yoast-seo-wordpress\/ -->\n<title>TUN\u00cb JAKAJ - NJ\u00cb FIGUR\u00cb SA POPULLORE AQ EDHE NACIONALISTE - FjALA e LIR\u00cb - Arkivi<\/title>\n<meta name=\"robots\" content=\"index, follow, max-snippet:-1, max-image-preview:large, max-video-preview:-1\" \/>\n<link rel=\"canonical\" href=\"https:\/\/fjala.info\/2009-2015\/tune-jakaj-nje-figure-sa-popullore-aq-edhe-nacionaliste\/\" \/>\n<meta property=\"og:locale\" content=\"sq_AL\" \/>\n<meta property=\"og:type\" content=\"article\" \/>\n<meta property=\"og:title\" content=\"TUN\u00cb JAKAJ - NJ\u00cb FIGUR\u00cb SA POPULLORE AQ EDHE NACIONALISTE - FjALA e LIR\u00cb - Arkivi\" \/>\n<meta property=\"og:description\" content=\"N\u00cb VEND T\u00cb P\u00cbRKUJTIMIT TUN\u00cb JAKAJ &#8211; NJ\u00cb FIGUR\u00cb SA POPULLORE AQ EDHE NACIONALISTE, I CILI PREHET N\u00cb AMERIK\u00cbN E LARG\u00cbT Shkruan: Mikel GOJANI Njeriun, n\u00eb t\u00eb cilin tradita, trash\u00ebgimia familjare dhe rrethi shoq\u00ebror ia brumosin vet\u00ebdijen e lart\u00eb komb\u00ebtare, mpreht\u00ebsin\u00eb e gjykimit, energjin\u00eb e veprimit dhe p\u00ebrkushtimit t\u00eb paepur plot sakrifica p\u00ebr kolektivitetin, p\u00ebr [&hellip;]\" \/>\n<meta property=\"og:url\" content=\"https:\/\/fjala.info\/2009-2015\/tune-jakaj-nje-figure-sa-popullore-aq-edhe-nacionaliste\/\" \/>\n<meta property=\"og:site_name\" content=\"FjALA e LIR\u00cb - Arkivi\" \/>\n<meta property=\"article:published_time\" content=\"2012-06-26T21:45:21+00:00\" \/>\n<meta property=\"og:image\" content=\"http:\/\/www.fjala.info\/2012\/tune_jakaj.jpg\" \/>\n<meta name=\"author\" content=\"admin\" \/>\n<meta name=\"twitter:card\" content=\"summary_large_image\" \/>\n<meta name=\"twitter:label1\" content=\"Written by\" \/>\n\t<meta name=\"twitter:data1\" content=\"admin\" \/>\n\t<meta name=\"twitter:label2\" content=\"Est. reading time\" \/>\n\t<meta name=\"twitter:data2\" content=\"12 minutes\" \/>\n<script type=\"application\/ld+json\" class=\"yoast-schema-graph\">{\"@context\":\"https:\\\/\\\/schema.org\",\"@graph\":[{\"@type\":\"Article\",\"@id\":\"https:\\\/\\\/fjala.info\\\/2009-2015\\\/tune-jakaj-nje-figure-sa-popullore-aq-edhe-nacionaliste\\\/#article\",\"isPartOf\":{\"@id\":\"https:\\\/\\\/fjala.info\\\/2009-2015\\\/tune-jakaj-nje-figure-sa-popullore-aq-edhe-nacionaliste\\\/\"},\"author\":{\"name\":\"admin\",\"@id\":\"https:\\\/\\\/fjala.info\\\/2009-2015\\\/#\\\/schema\\\/person\\\/3aa1163ef05469c496fc94e77611ada2\"},\"headline\":\"TUN\u00cb JAKAJ &#8211; NJ\u00cb FIGUR\u00cb SA POPULLORE AQ EDHE NACIONALISTE\",\"datePublished\":\"2012-06-26T21:45:21+00:00\",\"mainEntityOfPage\":{\"@id\":\"https:\\\/\\\/fjala.info\\\/2009-2015\\\/tune-jakaj-nje-figure-sa-popullore-aq-edhe-nacionaliste\\\/\"},\"wordCount\":2373,\"commentCount\":0,\"publisher\":{\"@id\":\"https:\\\/\\\/fjala.info\\\/2009-2015\\\/#organization\"},\"image\":{\"@id\":\"https:\\\/\\\/fjala.info\\\/2009-2015\\\/tune-jakaj-nje-figure-sa-popullore-aq-edhe-nacionaliste\\\/#primaryimage\"},\"thumbnailUrl\":\"http:\\\/\\\/www.fjala.info\\\/2012\\\/tune_jakaj.jpg\",\"articleSection\":[\"Artikuj\"],\"inLanguage\":\"sq-AL\",\"potentialAction\":[{\"@type\":\"CommentAction\",\"name\":\"Comment\",\"target\":[\"https:\\\/\\\/fjala.info\\\/2009-2015\\\/tune-jakaj-nje-figure-sa-popullore-aq-edhe-nacionaliste\\\/#respond\"]}]},{\"@type\":\"WebPage\",\"@id\":\"https:\\\/\\\/fjala.info\\\/2009-2015\\\/tune-jakaj-nje-figure-sa-popullore-aq-edhe-nacionaliste\\\/\",\"url\":\"https:\\\/\\\/fjala.info\\\/2009-2015\\\/tune-jakaj-nje-figure-sa-popullore-aq-edhe-nacionaliste\\\/\",\"name\":\"TUN\u00cb JAKAJ - NJ\u00cb FIGUR\u00cb SA POPULLORE AQ EDHE NACIONALISTE - FjALA e LIR\u00cb - Arkivi\",\"isPartOf\":{\"@id\":\"https:\\\/\\\/fjala.info\\\/2009-2015\\\/#website\"},\"primaryImageOfPage\":{\"@id\":\"https:\\\/\\\/fjala.info\\\/2009-2015\\\/tune-jakaj-nje-figure-sa-popullore-aq-edhe-nacionaliste\\\/#primaryimage\"},\"image\":{\"@id\":\"https:\\\/\\\/fjala.info\\\/2009-2015\\\/tune-jakaj-nje-figure-sa-popullore-aq-edhe-nacionaliste\\\/#primaryimage\"},\"thumbnailUrl\":\"http:\\\/\\\/www.fjala.info\\\/2012\\\/tune_jakaj.jpg\",\"datePublished\":\"2012-06-26T21:45:21+00:00\",\"breadcrumb\":{\"@id\":\"https:\\\/\\\/fjala.info\\\/2009-2015\\\/tune-jakaj-nje-figure-sa-popullore-aq-edhe-nacionaliste\\\/#breadcrumb\"},\"inLanguage\":\"sq-AL\",\"potentialAction\":[{\"@type\":\"ReadAction\",\"target\":[\"https:\\\/\\\/fjala.info\\\/2009-2015\\\/tune-jakaj-nje-figure-sa-popullore-aq-edhe-nacionaliste\\\/\"]}]},{\"@type\":\"ImageObject\",\"inLanguage\":\"sq-AL\",\"@id\":\"https:\\\/\\\/fjala.info\\\/2009-2015\\\/tune-jakaj-nje-figure-sa-popullore-aq-edhe-nacionaliste\\\/#primaryimage\",\"url\":\"http:\\\/\\\/www.fjala.info\\\/2012\\\/tune_jakaj.jpg\",\"contentUrl\":\"http:\\\/\\\/www.fjala.info\\\/2012\\\/tune_jakaj.jpg\"},{\"@type\":\"BreadcrumbList\",\"@id\":\"https:\\\/\\\/fjala.info\\\/2009-2015\\\/tune-jakaj-nje-figure-sa-popullore-aq-edhe-nacionaliste\\\/#breadcrumb\",\"itemListElement\":[{\"@type\":\"ListItem\",\"position\":1,\"name\":\"Home\",\"item\":\"https:\\\/\\\/fjala.info\\\/2009-2015\\\/\"},{\"@type\":\"ListItem\",\"position\":2,\"name\":\"TUN\u00cb JAKAJ &#8211; NJ\u00cb FIGUR\u00cb SA POPULLORE AQ EDHE NACIONALISTE\"}]},{\"@type\":\"WebSite\",\"@id\":\"https:\\\/\\\/fjala.info\\\/2009-2015\\\/#website\",\"url\":\"https:\\\/\\\/fjala.info\\\/2009-2015\\\/\",\"name\":\"FjALA e LIR\u00cb - Arkivi\",\"description\":\"Arkivi 2009-2015\",\"publisher\":{\"@id\":\"https:\\\/\\\/fjala.info\\\/2009-2015\\\/#organization\"},\"potentialAction\":[{\"@type\":\"SearchAction\",\"target\":{\"@type\":\"EntryPoint\",\"urlTemplate\":\"https:\\\/\\\/fjala.info\\\/2009-2015\\\/?s={search_term_string}\"},\"query-input\":{\"@type\":\"PropertyValueSpecification\",\"valueRequired\":true,\"valueName\":\"search_term_string\"}}],\"inLanguage\":\"sq-AL\"},{\"@type\":\"Organization\",\"@id\":\"https:\\\/\\\/fjala.info\\\/2009-2015\\\/#organization\",\"name\":\"FjALA e LIR\u00cb - Arkivi\",\"url\":\"https:\\\/\\\/fjala.info\\\/2009-2015\\\/\",\"logo\":{\"@type\":\"ImageObject\",\"inLanguage\":\"sq-AL\",\"@id\":\"https:\\\/\\\/fjala.info\\\/2009-2015\\\/#\\\/schema\\\/logo\\\/image\\\/\",\"url\":\"\",\"contentUrl\":\"\",\"caption\":\"FjALA e LIR\u00cb - Arkivi\"},\"image\":{\"@id\":\"https:\\\/\\\/fjala.info\\\/2009-2015\\\/#\\\/schema\\\/logo\\\/image\\\/\"}},{\"@type\":\"Person\",\"@id\":\"https:\\\/\\\/fjala.info\\\/2009-2015\\\/#\\\/schema\\\/person\\\/3aa1163ef05469c496fc94e77611ada2\",\"name\":\"admin\",\"image\":{\"@type\":\"ImageObject\",\"inLanguage\":\"sq-AL\",\"@id\":\"https:\\\/\\\/fjala.info\\\/2009-2015\\\/wp-content\\\/uploads\\\/2012\\\/02\\\/arben_cokaj-120x150.jpg\",\"url\":\"https:\\\/\\\/fjala.info\\\/2009-2015\\\/wp-content\\\/uploads\\\/2012\\\/02\\\/arben_cokaj-120x150.jpg\",\"contentUrl\":\"https:\\\/\\\/fjala.info\\\/2009-2015\\\/wp-content\\\/uploads\\\/2012\\\/02\\\/arben_cokaj-120x150.jpg\",\"caption\":\"admin\"},\"description\":\"Admin, Fjala e Lir\u00eb\",\"sameAs\":[\"https:\\\/\\\/fjala.info\\\/\"],\"url\":\"https:\\\/\\\/fjala.info\\\/2009-2015\\\/author\\\/admin\\\/\"}]}<\/script>\n<!-- \/ Yoast SEO plugin. -->","yoast_head_json":{"title":"TUN\u00cb JAKAJ - NJ\u00cb FIGUR\u00cb SA POPULLORE AQ EDHE NACIONALISTE - FjALA e LIR\u00cb - Arkivi","robots":{"index":"index","follow":"follow","max-snippet":"max-snippet:-1","max-image-preview":"max-image-preview:large","max-video-preview":"max-video-preview:-1"},"canonical":"https:\/\/fjala.info\/2009-2015\/tune-jakaj-nje-figure-sa-popullore-aq-edhe-nacionaliste\/","og_locale":"sq_AL","og_type":"article","og_title":"TUN\u00cb JAKAJ - NJ\u00cb FIGUR\u00cb SA POPULLORE AQ EDHE NACIONALISTE - FjALA e LIR\u00cb - Arkivi","og_description":"N\u00cb VEND T\u00cb P\u00cbRKUJTIMIT TUN\u00cb JAKAJ &#8211; NJ\u00cb FIGUR\u00cb SA POPULLORE AQ EDHE NACIONALISTE, I CILI PREHET N\u00cb AMERIK\u00cbN E LARG\u00cbT Shkruan: Mikel GOJANI Njeriun, n\u00eb t\u00eb cilin tradita, trash\u00ebgimia familjare dhe rrethi shoq\u00ebror ia brumosin vet\u00ebdijen e lart\u00eb komb\u00ebtare, mpreht\u00ebsin\u00eb e gjykimit, energjin\u00eb e veprimit dhe p\u00ebrkushtimit t\u00eb paepur plot sakrifica p\u00ebr kolektivitetin, p\u00ebr [&hellip;]","og_url":"https:\/\/fjala.info\/2009-2015\/tune-jakaj-nje-figure-sa-popullore-aq-edhe-nacionaliste\/","og_site_name":"FjALA e LIR\u00cb - Arkivi","article_published_time":"2012-06-26T21:45:21+00:00","og_image":[{"url":"http:\/\/www.fjala.info\/2012\/tune_jakaj.jpg","type":"","width":"","height":""}],"author":"admin","twitter_card":"summary_large_image","twitter_misc":{"Written by":"admin","Est. reading time":"12 minutes"},"schema":{"@context":"https:\/\/schema.org","@graph":[{"@type":"Article","@id":"https:\/\/fjala.info\/2009-2015\/tune-jakaj-nje-figure-sa-popullore-aq-edhe-nacionaliste\/#article","isPartOf":{"@id":"https:\/\/fjala.info\/2009-2015\/tune-jakaj-nje-figure-sa-popullore-aq-edhe-nacionaliste\/"},"author":{"name":"admin","@id":"https:\/\/fjala.info\/2009-2015\/#\/schema\/person\/3aa1163ef05469c496fc94e77611ada2"},"headline":"TUN\u00cb JAKAJ &#8211; NJ\u00cb FIGUR\u00cb SA POPULLORE AQ EDHE NACIONALISTE","datePublished":"2012-06-26T21:45:21+00:00","mainEntityOfPage":{"@id":"https:\/\/fjala.info\/2009-2015\/tune-jakaj-nje-figure-sa-popullore-aq-edhe-nacionaliste\/"},"wordCount":2373,"commentCount":0,"publisher":{"@id":"https:\/\/fjala.info\/2009-2015\/#organization"},"image":{"@id":"https:\/\/fjala.info\/2009-2015\/tune-jakaj-nje-figure-sa-popullore-aq-edhe-nacionaliste\/#primaryimage"},"thumbnailUrl":"http:\/\/www.fjala.info\/2012\/tune_jakaj.jpg","articleSection":["Artikuj"],"inLanguage":"sq-AL","potentialAction":[{"@type":"CommentAction","name":"Comment","target":["https:\/\/fjala.info\/2009-2015\/tune-jakaj-nje-figure-sa-popullore-aq-edhe-nacionaliste\/#respond"]}]},{"@type":"WebPage","@id":"https:\/\/fjala.info\/2009-2015\/tune-jakaj-nje-figure-sa-popullore-aq-edhe-nacionaliste\/","url":"https:\/\/fjala.info\/2009-2015\/tune-jakaj-nje-figure-sa-popullore-aq-edhe-nacionaliste\/","name":"TUN\u00cb JAKAJ - NJ\u00cb FIGUR\u00cb SA POPULLORE AQ EDHE NACIONALISTE - FjALA e LIR\u00cb - Arkivi","isPartOf":{"@id":"https:\/\/fjala.info\/2009-2015\/#website"},"primaryImageOfPage":{"@id":"https:\/\/fjala.info\/2009-2015\/tune-jakaj-nje-figure-sa-popullore-aq-edhe-nacionaliste\/#primaryimage"},"image":{"@id":"https:\/\/fjala.info\/2009-2015\/tune-jakaj-nje-figure-sa-popullore-aq-edhe-nacionaliste\/#primaryimage"},"thumbnailUrl":"http:\/\/www.fjala.info\/2012\/tune_jakaj.jpg","datePublished":"2012-06-26T21:45:21+00:00","breadcrumb":{"@id":"https:\/\/fjala.info\/2009-2015\/tune-jakaj-nje-figure-sa-popullore-aq-edhe-nacionaliste\/#breadcrumb"},"inLanguage":"sq-AL","potentialAction":[{"@type":"ReadAction","target":["https:\/\/fjala.info\/2009-2015\/tune-jakaj-nje-figure-sa-popullore-aq-edhe-nacionaliste\/"]}]},{"@type":"ImageObject","inLanguage":"sq-AL","@id":"https:\/\/fjala.info\/2009-2015\/tune-jakaj-nje-figure-sa-popullore-aq-edhe-nacionaliste\/#primaryimage","url":"http:\/\/www.fjala.info\/2012\/tune_jakaj.jpg","contentUrl":"http:\/\/www.fjala.info\/2012\/tune_jakaj.jpg"},{"@type":"BreadcrumbList","@id":"https:\/\/fjala.info\/2009-2015\/tune-jakaj-nje-figure-sa-popullore-aq-edhe-nacionaliste\/#breadcrumb","itemListElement":[{"@type":"ListItem","position":1,"name":"Home","item":"https:\/\/fjala.info\/2009-2015\/"},{"@type":"ListItem","position":2,"name":"TUN\u00cb JAKAJ &#8211; NJ\u00cb FIGUR\u00cb SA POPULLORE AQ EDHE NACIONALISTE"}]},{"@type":"WebSite","@id":"https:\/\/fjala.info\/2009-2015\/#website","url":"https:\/\/fjala.info\/2009-2015\/","name":"FjALA e LIR\u00cb - Arkivi","description":"Arkivi 2009-2015","publisher":{"@id":"https:\/\/fjala.info\/2009-2015\/#organization"},"potentialAction":[{"@type":"SearchAction","target":{"@type":"EntryPoint","urlTemplate":"https:\/\/fjala.info\/2009-2015\/?s={search_term_string}"},"query-input":{"@type":"PropertyValueSpecification","valueRequired":true,"valueName":"search_term_string"}}],"inLanguage":"sq-AL"},{"@type":"Organization","@id":"https:\/\/fjala.info\/2009-2015\/#organization","name":"FjALA e LIR\u00cb - Arkivi","url":"https:\/\/fjala.info\/2009-2015\/","logo":{"@type":"ImageObject","inLanguage":"sq-AL","@id":"https:\/\/fjala.info\/2009-2015\/#\/schema\/logo\/image\/","url":"","contentUrl":"","caption":"FjALA e LIR\u00cb - Arkivi"},"image":{"@id":"https:\/\/fjala.info\/2009-2015\/#\/schema\/logo\/image\/"}},{"@type":"Person","@id":"https:\/\/fjala.info\/2009-2015\/#\/schema\/person\/3aa1163ef05469c496fc94e77611ada2","name":"admin","image":{"@type":"ImageObject","inLanguage":"sq-AL","@id":"https:\/\/fjala.info\/2009-2015\/wp-content\/uploads\/2012\/02\/arben_cokaj-120x150.jpg","url":"https:\/\/fjala.info\/2009-2015\/wp-content\/uploads\/2012\/02\/arben_cokaj-120x150.jpg","contentUrl":"https:\/\/fjala.info\/2009-2015\/wp-content\/uploads\/2012\/02\/arben_cokaj-120x150.jpg","caption":"admin"},"description":"Admin, Fjala e Lir\u00eb","sameAs":["https:\/\/fjala.info\/"],"url":"https:\/\/fjala.info\/2009-2015\/author\/admin\/"}]}},"_links":{"self":[{"href":"https:\/\/fjala.info\/2009-2015\/wp-json\/wp\/v2\/posts\/11901","targetHints":{"allow":["GET"]}}],"collection":[{"href":"https:\/\/fjala.info\/2009-2015\/wp-json\/wp\/v2\/posts"}],"about":[{"href":"https:\/\/fjala.info\/2009-2015\/wp-json\/wp\/v2\/types\/post"}],"author":[{"embeddable":true,"href":"https:\/\/fjala.info\/2009-2015\/wp-json\/wp\/v2\/users\/1"}],"replies":[{"embeddable":true,"href":"https:\/\/fjala.info\/2009-2015\/wp-json\/wp\/v2\/comments?post=11901"}],"version-history":[{"count":0,"href":"https:\/\/fjala.info\/2009-2015\/wp-json\/wp\/v2\/posts\/11901\/revisions"}],"wp:attachment":[{"href":"https:\/\/fjala.info\/2009-2015\/wp-json\/wp\/v2\/media?parent=11901"}],"wp:term":[{"taxonomy":"category","embeddable":true,"href":"https:\/\/fjala.info\/2009-2015\/wp-json\/wp\/v2\/categories?post=11901"},{"taxonomy":"post_tag","embeddable":true,"href":"https:\/\/fjala.info\/2009-2015\/wp-json\/wp\/v2\/tags?post=11901"}],"curies":[{"name":"wp","href":"https:\/\/api.w.org\/{rel}","templated":true}]}}