{"id":11898,"date":"2012-06-24T17:41:05","date_gmt":"2012-06-24T16:41:05","guid":{"rendered":"http:\/\/www.fjala.info\/?p=3383"},"modified":"2012-06-24T17:41:05","modified_gmt":"2012-06-24T16:41:05","slug":"shinasi-rama-pd-prone-e-klanit-kriminal-te-berishes","status":"publish","type":"post","link":"https:\/\/fjala.info\/2009-2015\/shinasi-rama-pd-prone-e-klanit-kriminal-te-berishes\/","title":{"rendered":"Shinasi Rama: PD, pron\u00eb e klanit kriminal t\u00eb Berish\u00ebs"},"content":{"rendered":"<p><img decoding=\"async\" class=\"alignright size-thumbnail wp-image-7236\" title=\"Berisha - Shinasi Rama\" src=\"http:\/\/www.fjala.info\/2012\/berisha_sh_rama.jpg\" alt=\"\" width=\"250\" \/> <strong><em>Nj\u00ebri nga lider\u00ebt kryesor\u00eb t\u00eb L\u00ebvizjes s\u00eb Dhjetorit, prof.Shinasi Rama, n\u00eb nj\u00eb intervist\u00eb p\u00ebr gazet\u00ebn &#8220;Shqiptarja.com&#8221; flet p\u00ebr d\u00ebshtimin e demokracis\u00eb n\u00eb Shqip\u00ebri dhe akuzon Berish\u00ebn se ka pron\u00ebsuar vendin.<\/em><\/strong><\/p>\n<p><strong>Profesor! Duke q\u00ebn\u00eb nj\u00ebri nd\u00ebr udh\u00ebheq\u00ebsit kryesor\u00eb t\u00eb L\u00ebvizjes Studentore t\u00eb Dhjetorit q\u00eb shembi komunizmin, si e ndjeni veten tani q\u00eb ideali p\u00ebr t\u00eb cilin luftuat mbeti rrug\u00ebs, n\u00eb udh\u00ebkryq&#8230;?<\/strong><br \/>\nIdeali s&#8217;mbetet n\u00eb udh\u00ebkryq, n\u00eb udh\u00ebkryq mbeten njer\u00ebzit. Cili ka q\u00ebn\u00eb ideali yn\u00eb? Synimi yn\u00eb ka q\u00ebn\u00eb q\u00eb ta b\u00ebjm\u00eb shtetin shqiptar si gjith\u00eb Europa. Por dhe at\u00ebher\u00eb nivelet e nd\u00ebrgjegj\u00ebsimit t\u00eb student\u00ebve t\u00eb L\u00ebvizjes Studentore p\u00ebr Europ\u00ebn dhe p\u00ebr \u00e7ka ajo p\u00ebrfaq\u00ebsonte kan\u00eb q\u00ebn\u00eb t\u00eb ndryshme, si\u00e7 e tregon rruga q\u00eb mor\u00ebn shum\u00eb nga pjes\u00ebmarr\u00ebsit m\u00eb von\u00eb. N\u00eb nj\u00eb far\u00eb m\u00ebnyre gjithkush k\u00ebrkonte &#8220;Europ\u00ebn&#8221; e tij.<\/p>\n<p>Un\u00eb mund t\u00eb flas p\u00ebr veten time e p\u00ebr ata q\u00eb kan\u00eb menduar si shok\u00ebt e mi. Me &#8220;Europ\u00ebn&#8221; un\u00eb e miqt\u00eb e mi gjithnj\u00eb kemi n\u00ebnkuptuar nj\u00eb shtet-komb modern, me nj\u00eb shoq\u00ebri moderne t\u00eb nd\u00ebrtuar mbi ekuilibre t\u00eb q\u00ebndrueshme shoq\u00ebrore, me nj\u00eb ekonomi tregu t\u00eb institucionalizuar, me nj\u00eb sistem politik demokratik dhe p\u00ebrfaq\u00ebsues, me nj\u00eb shoq\u00ebri civile efektive, me mund\u00ebsi zhvillimi e begatimi p\u00ebr t\u00eb gjith\u00eb shqiptar\u00ebt e minoritetet, e nj\u00eb p\u00ebrdorim sa m\u00eb t\u00eb mir\u00eb dhe efikas t\u00eb t\u00eb gjith\u00eb burimeve q\u00eb kishim n\u00eb disponim, n\u00eb t\u00eb mir\u00eb t\u00eb t\u00eb gjith\u00eb shoq\u00ebris\u00eb.<\/p>\n<p><strong>Por nuk \u00ebsht\u00eb arritur&#8230;?<\/strong><br \/>\nKy ideal nuk \u00ebsht\u00eb arritur gjat\u00eb tranzicionit, madje \u00ebsht\u00eb punuar sistematikisht p\u00ebr t\u00eb kund\u00ebrt\u00ebn, at\u00eb q\u00eb njihet si projekti i tranzicionit i drejtuar nga paria e Tiran\u00ebs dhe q\u00eb p\u00ebrfundoi me nd\u00ebrtimin e nj\u00eb shoq\u00ebrie oligarkike, monopoliste, kleptokratike, t\u00eb kriminalizuar e antikomb\u00ebtar. Ky \u00ebsht\u00eb tashm\u00eb, nj\u00eb projekt i d\u00ebshtuar. N\u00eb udh\u00ebkryq, pra, s&#8217;ka mbetur ideali i jon\u00eb, aty ka mbetur projekti i paris\u00eb. Ne nuk e kemi braktisur idealin ton\u00eb, vlerat tona e q\u00ebllimin ton\u00eb. Thjesht s&#8217;ishim n\u00eb gjendje t&#8217;i bindnim njer\u00ebzit se kishim t\u00eb drejt\u00eb, edhe sepse n\u00eb at\u00eb koh\u00eb, nuk mund t\u00eb besohej q\u00eb ne student\u00ebt, t\u00eb organizuar n\u00eb nj\u00eb L\u00ebvizje q\u00eb erdhi rrufesh\u00ebm, mund t\u00eb kishim at\u00eb vet\u00ebdije politike e largpam\u00ebsi. Me d\u00ebshtimin e plot\u00eb t\u00eb tranzicionit e t\u00eb paris\u00eb, ne prap\u00eb mund t&#8217;iu themi shqiptar\u00ebve, me ndershm\u00ebri, pa luhatje dhe pa m\u00ebdyshje se ideali i jon\u00eb i at\u00ebhersh\u00ebm \u00ebsht\u00eb \u00ebndrra e juaj e tanishme.<\/p>\n<p><strong>Po student\u00ebt e dhjetorit&#8230;?<\/strong><br \/>\nSa p\u00ebr student\u00ebt e L\u00ebvizjes, ne kemi q\u00ebn\u00eb dhe jemi n\u00eb sh\u00ebrbim t\u00eb interesit komb\u00ebtar. Ideali \u00ebsht\u00eb ideal sepse \u00ebsht\u00eb q\u00ebllimi i jet\u00ebs s\u00eb njeriut. Ideali \u00ebsht\u00eb modeli i shoq\u00ebris\u00eb n\u00eb t\u00eb cil\u00ebn njeriu beson se mbrrin me lul\u00ebzue si q\u00ebnie njer\u00ebzore. Prandaj, njeriu, politikani, intelektuali, miitanti, punon p\u00ebr at\u00eb ideal si dhe p\u00ebr grupin t\u00eb cilit ai i p\u00ebrket. N\u00eb rastin e L\u00ebvizjes Studentore, kan\u00eb ndrrue njer\u00ebzit q\u00eb e kan\u00eb bartur nj\u00eb koh\u00eb at\u00eb ideal, ata kan\u00eb b\u00ebr\u00eb zgjidhje t\u00eb caktuara q\u00eb i kan\u00eb larguar nga vet\u00eb q\u00ebllimi i L\u00ebvizjes. Megjithat\u00eb, ideali i asaj kohe, &#8220;Ta b\u00ebjm\u00eb Shqip\u00ebrin\u00eb si gjith\u00eb Europa&#8221;, q\u00ebllimi p\u00ebr t\u00eb cilin jemi ngritur e p\u00ebr t\u00eb cilin kemi punuar, at\u00ebher\u00eb e gjat\u00eb gjith\u00eb koh\u00ebs, \u00ebsht\u00eb i nj\u00ebjti dhe nuk ka ndrruar. Problemi \u00ebsht\u00eb se paria e ka drejtuar shtetin n\u00eb nj\u00eb rrug\u00eb aq t\u00eb mbrapsht\u00eb, vet\u00ebm p\u00ebr fitimet e saj personale, sa ai ideali i jon\u00eb duket edhe m\u00eb i larg\u00ebt sot se at\u00ebher\u00eb. Ne jemi m\u00ebnjan\u00eb rr\u00ebmuj\u00ebs s\u00eb politik\u00ebs s\u00eb dit\u00ebs dhe tam-tameve t\u00eb propagand\u00ebs s\u00eb paris\u00eb, por, nuk jemi larg, sepse e ndjekim me v\u00ebmendje e me shum\u00eb interes gjith\u00e7ka ndodh n\u00eb k\u00ebt\u00eb shtetin shqiptar.<\/p>\n<p><strong>Esht\u00eb nj\u00eb brez t\u00eb rinjsh nga 22 vje\u00e7 dhe k\u00ebtej q\u00eb jan\u00eb rritur ose duke pasur Berish\u00ebn president, ose n\u00eb opozit\u00eb ose duke e pasur kryeminist\u00ebr. Mendoni se nuk duhet mbajtur shpres\u00eb te ky brez..?<\/strong><br \/>\nPadyshim q\u00eb un\u00eb vet\u00eb kam shum\u00eb shpres\u00eb dhe besim tek brezi i ri. Nuk mund e nuk dua q\u00eb ta gjykoj nga kryeministri q\u00eb kan\u00eb pasur n\u00eb koh\u00ebn kur kan\u00eb lindur e jan\u00eb rritur, por nga \u00ebndrrat q\u00eb ka, nga vullneti q\u00eb ka p\u00ebr t\u00eb b\u00ebr\u00eb di\u00e7ka t\u00eb mir\u00eb e t\u00eb vyeshme, dhe nga p\u00ebrkushtimi. Rinia \u00ebsht\u00eb gjithnj\u00eb shpresa e par\u00eb e m\u00eb e \u00e7mueshme e nj\u00eb kombi, por kjo \u00ebsht\u00eb mosha e disa viteve. Mund ta thyesh, mund ta zhg\u00ebnjesh, por rinia \u00ebsht\u00eb si dallg\u00ebt. \u00cbsht\u00eb e qart\u00eb se kemi humbur shum\u00eb gjat\u00eb tre-kat\u00ebr &#8216;dallg\u00ebve&#8217; t\u00eb shkuara.<\/p>\n<p>Nj\u00eb pjes\u00eb e konsiderueshme e k\u00ebtij brezi kan\u00eb r\u00ebn\u00eb pre e interesave t\u00eb klaneve t\u00eb paris\u00eb e po ndjekin pa kushte modelet q\u00eb iu ofrohen prej paris\u00eb s\u00eb Tiran\u00ebs n\u00eb mend\u00ebsi, vlera, kultur\u00eb, sjellje, politik\u00eb e n\u00eb art. Mjaft prej tyre, ve\u00e7an\u00ebrisht pinjoll\u00ebt e pasunar\u00ebve t\u00eb Tiran\u00ebs po ndjekin shembullin e prind\u00ebrve dhe po b\u00ebhen pjes\u00eb e klaneve t\u00eb paskrupullta t\u00eb krimit. K\u00ebta jan\u00eb t\u00eb humbur e do konsiderohen si pjes\u00eb e brezit t\u00eb humbur sepse kush s&#8217;punon n\u00eb t\u00eb mir\u00eb t\u00eb popullit do konsiderohet gjithnj\u00eb si pjes\u00eb e huaj e tij.<\/p>\n<p><strong>Por vlerat e v\u00ebrteta&#8230;?<\/strong><br \/>\nKa t\u00eb tjer\u00eb q\u00eb kan\u00eb vlera dhe q\u00eb iu jan\u00eb drejtuar sistemeve t\u00eb tjera t\u00eb vlerave, si atyre fetare ashtu edhe qytet\u00ebrimore, apo ideologjike. Por ka edhe shum\u00eb t\u00eb tjer\u00eb q\u00eb e kuptojn\u00eb se gjerat nuk po shkojn\u00eb n\u00eb rrug\u00ebn e duhur dhe tashm\u00eb jan\u00eb n\u00eb k\u00ebrkim t\u00eb vetvetes dhe t\u00eb rrug\u00ebs s\u00eb v\u00ebrtet\u00eb p\u00ebrmes edukimit dhe ruajtjes s\u00eb nderit e t\u00eb dinjitetit t\u00eb t\u00eb kenunit shqiptar\u00eb, qytetar\u00eb t\u00eb ndersh\u00ebm, me vlera dhe q\u00eb k\u00ebrkojn\u00eb t\u00eb gjejn\u00eb dinjitetin e tyre duke punuar p\u00ebr t\u00eb mir\u00ebn e popullit. K\u00ebta jan\u00eb shpresa. K\u00ebta jan\u00eb dhjetramijra shqiptar\u00eb t\u00eb k\u00ebtij brezi q\u00eb p\u00ebrb\u00ebjn\u00eb shpres\u00ebn e kombit.<\/p>\n<p>Ata q\u00eb nuk besojn\u00eb tek rinia, nuk kan\u00eb besuar kurr\u00eb n\u00eb vetvete e n\u00eb asnj\u00eb vler\u00eb morale. Ajo q\u00eb mungon n\u00eb k\u00ebt\u00eb pik\u00eb \u00ebsht\u00eb p\u00ebrpjekja p\u00ebr motivim sistematik moral qytetar t\u00eb rinis\u00eb, shembulli i sh\u00ebrbimit t\u00eb pakushte publik q\u00eb duhej ti jepej rinis\u00eb nga drejtuesit e shtetit, nj\u00eb ideologji e qart\u00eb e nd\u00ebrtuar mbi shtetin-komb, dhe nj\u00eb udh\u00ebheqje e sprovuar p\u00ebr t&#8217;i treguar brezit t\u00eb ri se cila \u00ebsht\u00eb rruga e normalitetit e se si mund t\u00eb shmanget kjo zhytje e pandalshme e shoq\u00ebris\u00eb shqiptare n\u00eb krim, posht\u00ebrsi, zvet\u00ebnim, e amoralitet.<\/p>\n<p><strong>Dhe kush \u00ebsht\u00eb p\u00ebrgjegj\u00ebse p\u00ebr k\u00ebt\u00eb&#8230;?<\/strong><br \/>\nKjo gjendje \u00ebsht\u00eb pasoj\u00eb e zbatimit me konsekuenc\u00eb t\u00eb planit t\u00eb paris\u00eb p\u00ebr zvet\u00ebnimin e shqiptar\u00ebve. N\u00eb k\u00ebt\u00eb kontekst, synimi i paris\u00eb ka q\u00ebn\u00eb dhe mbetet q\u00eb t\u00eb zvet\u00ebnoj\u00eb sa m\u00eb shum\u00eb e sa m\u00eb shpejt brezin e ri, sepse k\u00ebshtu mendon se do ta thyej\u00eb e do ta p\u00ebrdoroj\u00eb. Prandaj sistemi i saj i propagand\u00ebs nuk ka l\u00ebn\u00eb asnj\u00ebri t\u00eb besuesh\u00ebm dhe me vlera n\u00eb jet\u00ebn publike t\u00eb brezit t\u00eb ri. Por rinia \u00ebsht\u00eb si uji, ajo do t\u00eb gjej\u00eb rrug\u00ebn e vet. Rinia, do t\u00eb heq\u00eb keq sa t\u00eb gjej\u00eb rrug\u00ebn, por n\u00eb fund, do t\u00eb b\u00ebhet pjes\u00eb e natyrshme dhe pozitive e popullit t\u00eb vet. At\u00ebher\u00eb do t\u00eb jet\u00eb e v\u00ebshtir\u00eb p\u00ebr parin\u00eb me i v\u00ebn\u00eb diga p\u00ebrpara.<\/p>\n<p><strong>Asnj\u00eb nga student\u00ebt e dhjetorit nuk \u00ebsht\u00eb n\u00eb politik\u00eb aktualisht me forc\u00ebn m\u00eb t\u00eb madhe opozitare t\u00eb asaj kohe, PD. Madje jan\u00eb n\u00eb disa parti t\u00eb tjera disa nga student\u00ebt e dhjetorit?<\/strong><br \/>\nS\u00eb pari, ne jemi t\u00eb lodhur duke u quajtur student\u00eb t\u00eb dhjetorit, dhjetorista, zetorista, traktorista, etj. Ne kemi q\u00ebn\u00eb nj\u00eb L\u00ebvizje shoq\u00ebrore e profilizuar qart\u00eb, kemi pasur struktura t\u00eb q\u00ebndrueshme t\u00eb nj\u00eb l\u00ebvizjeje shoq\u00ebrore, figura autoritare q\u00eb ishin drejtues e organizues t\u00eb L\u00ebvizjes pavar\u00ebsisht rrug\u00ebs q\u00eb mor\u00ebn me von\u00eb si Arben Lika, Azem Hajdari, Tefalin Malshyti, Akli Fundo, Myftar Gjanaj, Arben Sula, Mimoza Ferraj, Mimoza Zhamo, Bardh Ukcamaj, Fred Gemi, Edmond Bushati, Arben Mu\u00e7a, Blendi Gonxhe, Alban Pici, Arian Manahasa, Ridvan Peshk\u00ebpia, Arben Broci, Artan P\u00ebrvaza, e shum\u00eb e shum\u00eb t\u00eb tjer\u00eb q\u00eb sot me duhet t&#8217;iu k\u00ebrkoj ndjes\u00eb se s&#8217;po ua p\u00ebrmend emrin. Por kishte nj\u00eb p\u00ebrpjekje e sofistikuar e paris\u00eb p\u00ebr t\u00eb na e humbur identitetin e p\u00ebr t\u00eb shuar edhe dukjen e pranis\u00eb s\u00eb nj\u00eb alternative n\u00eb at\u00eb pik\u00eb kthese historike.<\/p>\n<p><strong>Por e humbet betej\u00ebn&#8230;?<\/strong><br \/>\nL\u00ebvizja e humbi betej\u00ebn me parin\u00eb dhe, me humbjen ton\u00eb, u duk se alternativa as nuk kishte ekzistuar e as nuk ekziston m\u00eb. D\u00ebshtimi i L\u00ebvizjes ka q\u00ebn\u00eb i p\u00ebrcaktuar nga kontrolli i p\u00ebrplot\u00eb i paris\u00eb mbi institucionet shtet\u00ebrore e mbi shoq\u00ebrin\u00eb. Nga nj\u00eb an\u00eb, ne nuk pat\u00ebm mjetet e koh\u00ebn e duhur p\u00ebr t\u00eb konsoliduar strukturat n\u00eb t\u00eb gjith\u00eb universitetet, p\u00ebr t\u00eb p\u00ebrhapur vlerat e ideologjin\u00eb q\u00eb na frym\u00ebzonte, dhe p\u00ebr ti kthyer student\u00ebt n\u00eb nj\u00eb forc\u00eb progresive e demokratike. Nga ana tjet\u00ebr, paria sunduese na ka luftuar me t\u00eb gjith\u00eb m\u00ebnyrat dhe mjetet n\u00eb dispozicion t\u00eb saj ishin t\u00eb shumta. Ajo q\u00eb tregon qart\u00eb se sa na e kishin frik\u00ebn ishte mbyllja e universitetit me konsensusin e t\u00eb gjith\u00eb pal\u00ebve.<\/p>\n<p>Kur e kuptuan se ne arrit\u00ebm q\u00eb jo vet\u00ebm t\u00eb fitonim pluralizmin politik, por edhe t\u00eb planifikonim shembjen e mitit t\u00eb diktatorit, duke i mobilizuar masat me teknika absolutisht moderne dhe me kontroll t\u00eb fuqish\u00ebm mbi psikologjine e masave, nj\u00eb p\u00ebrpjekje e pakrahasueshme n\u00eb tranzicion, paria e kuptoj fuqin\u00eb ton\u00eb. Kur e kuptuan se nuk mund t\u00eb na kontrollonin m\u00eb, at\u00ebher\u00eb e mbyll\u00ebn universitetin, na d\u00ebbuan, na sulmuan, na izoluan dhe na denigruan n\u00eb t\u00eb gjith\u00eb m\u00ebnyrat e mundshme.<\/p>\n<p><strong>Po ata q\u00eb u pajtuan me gjendjen e krijuar&#8230;?<\/strong><br \/>\nAta q\u00eb jan\u00eb pajtuar pa kushte me gjendjen e me parin\u00eb, jan\u00eb b\u00ebr\u00eb pjes\u00eb e krimit t\u00eb paris\u00eb dhe p\u00ebrdoren prej saj e do t\u00eb p\u00ebrdoren prej saj. E megjithat\u00eb, metri me t\u00eb cilin matet secili prej nesh, nuk \u00ebsht\u00eb vet\u00ebm kontributi q\u00eb mund t\u00eb ket\u00eb dh\u00ebn\u00eb dikush n\u00eb at\u00eb koh\u00eb si pjestar i L\u00ebvizjes Studentore por besnik\u00ebria ndaj idealeve e vlerave t\u00eb jasht\u00ebzakonshme t\u00eb saj. Paria e di, dhe prandaj nuk i duron dot student\u00ebt e L\u00ebvizjes n\u00eb rradh\u00ebt e saj. Ne i kemi njohur k\u00ebta kur ishin askushi e vegla t\u00eb sistemit, dhe k\u00ebta duan q\u00eb ne t\u00eb b\u00ebhemi vegla t\u00eb tyre, e ne nuk kemi si t\u00eb pranojm\u00eb. Prandaj s&#8217;sheh student\u00eb t\u00eb L\u00ebvizjes n\u00eb radh\u00ebt e partive.<\/p>\n<p><strong>Realisht, \u00e7far\u00eb p\u00ebrfaq\u00ebson PD n\u00eb spektrin politik shqiptar por edhe p\u00ebr ju Student\u00ebt e Levizjes?<\/strong><br \/>\nP\u00ebr ne PD \u00ebsht\u00eb nj\u00eb krijes\u00eb q\u00eb ne e ideuam, e soll\u00ebm n\u00eb jet\u00eb, i dham\u00eb frym\u00eb, legjitimitet dhe mb\u00ebshtetje p\u00ebr t\u00eb kaluar hapin e par\u00eb dhe m\u00eb t\u00eb v\u00ebshtir\u00eb t\u00eb pluralizmit politik. Ajo \u00ebsht\u00eb nj\u00eb parti q\u00eb ka lindur nga L\u00ebvizja Studentore, ne jemi ata q\u00eb e kan\u00eb ideuar dhe krijuar, por nuk ka q\u00ebn\u00eb dhe nuk \u00ebsht\u00eb L\u00ebvizja Studentore, as vazhdimi i saj. Edhe pse shum\u00eb student\u00eb iu bashk\u00ebngjit\u00ebn, nj\u00eb b\u00ebrtham\u00eb shum\u00eb e fuqishme nuk u identifikua me t\u00eb dhe e ruajti identitetin e L\u00ebvizjes si L\u00ebvizje Studentore, duke punuar me konsekuenc\u00eb, dhe duke \u00e7uar n\u00eb organizmin e Grev\u00ebs s\u00eb Uris\u00eb dhe shembjen e mitit t\u00eb Enver Hoxh\u00ebs edhe kund\u00ebr presionit t\u00eb madh t\u00eb PD-s\u00eb.<\/p>\n<p>Shkurt, ne nuk kemi dashur t\u00eb ishim bashk\u00ebfajtor\u00eb n\u00eb krim me ata q\u00eb na erdh\u00ebn t\u00eb d\u00ebrguar nga sistemi dhe q\u00eb k\u00ebrkonin vet\u00ebm p\u00ebrfitim nga kapitali i jon\u00eb i \u00e7muar politik. Tashm\u00eb, PD \u00ebsht\u00eb partia q\u00eb mbart shum\u00eb nga p\u00ebrgjegj\u00ebsit\u00eb p\u00ebr d\u00ebshtimin e tranzicionit. Ajo e ka kryer pa nder misionin e vet historik, q\u00eb ishte shmangja e luft\u00ebs civile, dhe ka shkuar thell\u00eb n\u00eb rrug\u00ebn e kriminalizimit.<\/p>\n<p><strong>Po PD \u00e7far\u00eb p\u00ebrfaq\u00ebson konkretisht&#8230;?<\/strong><br \/>\nSot, PD \u00ebsht\u00eb partia e nj\u00eb njeriu, dhe pron\u00eb e klanit t\u00eb tij familjar, nj\u00eb parti e v\u00ebn\u00eb pa kushte n\u00eb sh\u00ebrbim t\u00eb tij dhe t\u00eb familjes s\u00eb tij. Mua m\u00eb vjen keq p\u00ebr militant\u00ebt e ndersh\u00ebm, ata q\u00eb donin t\u00eb luftonin t\u00eb keqen e q\u00eb p\u00ebrfunduan t\u00eb punonin p\u00ebr klanin q\u00eb sundon PD-n\u00eb, m\u00eb vjen keq p\u00ebr t\u00eb p\u00ebrndjekurit q\u00eb u p\u00ebrdor\u00ebn pa skrupull e p\u00ebr nj\u00eb cop\u00eb buke nga ky klan kriminal. M\u00eb vjen keq p\u00ebr at\u00eb \u00ebnd\u00ebrr timen e t\u00eb tjer\u00ebve q\u00eb duhej ta vinte n\u00eb jet\u00eb PD-ja e q\u00eb tash quhet e parealizueshme prej saj. Me vjen keq p\u00ebr kompromiset dhe krimet n\u00eb t\u00eb cilat \u00ebsht\u00eb p\u00ebrfshir\u00eb ajo parti dhe organet drejturese t\u00eb saj. Dhe m\u00eb n\u00eb fund m\u00eb dhimbset PD kur shoh se k\u00eb ka n\u00eb krye t\u00eb saj sot. P\u00ebr mua e p\u00ebr t\u00eb tjer\u00ebt, kjo \u00ebsht\u00eb fytyra e fatkeq\u00ebsis\u00eb komb\u00ebtare dhe e krimit. Nj\u00ebri nga lider\u00ebt kryesor\u00eb t\u00eb L\u00ebvizjes s\u00eb Dhjetorit, prof.Shin asi Rama, n\u00eb nj\u00eb intervist\u00eb p\u00ebr gazet\u00ebn &#8220;Shqiptarja.com&#8221; flet p\u00ebr d\u00ebshtimin e demokracis\u00eb n\u00eb Shqip\u00ebri dhe akuzon Berish\u00ebn se ka pron\u00ebsuar vendin.<\/p>\n<p><strong>Profesor! Duke q\u00ebn\u00eb nj\u00ebri nd\u00ebr udh\u00ebheq\u00ebsit kryesor\u00eb t\u00eb L\u00ebvizjes Studentore t\u00eb Dhjetorit q\u00eb shembi komunizmin, si e ndjeni veten tani q\u00eb ideali p\u00ebr t\u00eb cilin luftuat mbeti rrug\u00ebs, n\u00eb udh\u00ebkryq&#8230;?<\/strong><br \/>\nIdeali s&#8217;mbetet n\u00eb udh\u00ebkryq, n\u00eb udh\u00ebkryq mbeten njer\u00ebzit. Cili ka q\u00ebn\u00eb ideali yn\u00eb? Synimi yn\u00eb ka q\u00ebn\u00eb q\u00eb ta b\u00ebjm\u00eb shtetin shqiptar si gjith\u00eb Europa. Por dhe at\u00ebher\u00eb nivelet e nd\u00ebrgjegj\u00ebsimit t\u00eb student\u00ebve t\u00eb L\u00ebvizjes Studentore p\u00ebr Europ\u00ebn dhe p\u00ebr \u00e7ka ajo p\u00ebrfaq\u00ebsonte kan\u00eb q\u00ebn\u00eb t\u00eb ndryshme, si\u00e7 e tregon rruga q\u00eb mor\u00ebn shum\u00eb nga pjes\u00ebmarr\u00ebsit m\u00eb von\u00eb. N\u00eb nj\u00eb far\u00eb m\u00ebnyre gjithkush k\u00ebrkonte &#8220;Europ\u00ebn&#8221; e tij.<\/p>\n<p>Un\u00eb mund t\u00eb flas p\u00ebr veten time e p\u00ebr ata q\u00eb kan\u00eb menduar si shok\u00ebt e mi. Me &#8220;Europ\u00ebn&#8221; un\u00eb e miqt\u00eb e mi gjithnj\u00eb kemi n\u00ebnkuptuar nj\u00eb shtet-komb modern, me nj\u00eb shoq\u00ebri moderne t\u00eb nd\u00ebrtuar mbi ekuilibre t\u00eb q\u00ebndrueshme shoq\u00ebrore, me nj\u00eb ekonomi tregu t\u00eb institucionalizuar, me nj\u00eb sistem politik demokratik dhe p\u00ebrfaq\u00ebsues, me nj\u00eb shoq\u00ebri civile efektive, me mund\u00ebsi zhvillimi e begatimi p\u00ebr t\u00eb gjith\u00eb shqiptar\u00ebt e minoritetet, e nj\u00eb p\u00ebrdorim sa m\u00eb t\u00eb mir\u00eb dhe efikas t\u00eb t\u00eb gjith\u00eb burimeve q\u00eb kishim n\u00eb disponim, n\u00eb t\u00eb mir\u00eb t\u00eb t\u00eb gjith\u00eb shoq\u00ebris\u00eb.<\/p>\n<p><strong>Por nuk \u00ebsht\u00eb arritur&#8230;?<\/strong><br \/>\nKy ideal nuk \u00ebsht\u00eb arritur gjat\u00eb tranzicionit, madje \u00ebsht\u00eb punuar sistematikisht p\u00ebr t\u00eb kund\u00ebrt\u00ebn, at\u00eb q\u00eb njihet si projekti i tranzicionit i drejtuar nga paria e Tiran\u00ebs dhe q\u00eb p\u00ebrfundoi me nd\u00ebrtimin e nj\u00eb shoq\u00ebrie oligarkike, monopoliste, kleptokratike, t\u00eb kriminalizuar e antikomb\u00ebtar. Ky \u00ebsht\u00eb tashm\u00eb, nj\u00eb projekt i d\u00ebshtuar. N\u00eb udh\u00ebkryq, pra, s&#8217;ka mbetur ideali i jon\u00eb, aty ka mbetur projekti i paris\u00eb. Ne nuk e kemi braktisur idealin ton\u00eb, vlerat tona e q\u00ebllimin ton\u00eb. Thjesht s&#8217;ishim n\u00eb gjendje t&#8217;i bindnim njer\u00ebzit se kishim t\u00eb drejt\u00eb, edhe sepse n\u00eb at\u00eb koh\u00eb, nuk mund t\u00eb besohej q\u00eb ne student\u00ebt, t\u00eb organizuar n\u00eb nj\u00eb L\u00ebvizje q\u00eb erdhi rrufesh\u00ebm, mund t\u00eb kishim at\u00eb vet\u00ebdije politike e largpam\u00ebsi. Me d\u00ebshtimin e plot\u00eb t\u00eb tranzicionit e t\u00eb paris\u00eb, ne prap\u00eb mund t&#8217;iu themi shqiptar\u00ebve, me ndershm\u00ebri, pa luhatje dhe pa m\u00ebdyshje se ideali i jon\u00eb i at\u00ebhersh\u00ebm \u00ebsht\u00eb \u00ebndrra e juaj e tanishme.<\/p>\n<p><strong>Po student\u00ebt e dhjetorit&#8230;?<\/strong><br \/>\nSa p\u00ebr student\u00ebt e L\u00ebvizjes, ne kemi q\u00ebn\u00eb dhe jemi n\u00eb sh\u00ebrbim t\u00eb interesit komb\u00ebtar. Ideali \u00ebsht\u00eb ideal sepse \u00ebsht\u00eb q\u00ebllimi i jet\u00ebs s\u00eb njeriut. Ideali \u00ebsht\u00eb modeli i shoq\u00ebris\u00eb n\u00eb t\u00eb cil\u00ebn njeriu beson se mbrrin me lul\u00ebzue si q\u00ebnie njer\u00ebzore. Prandaj, njeriu, politikani, intelektuali, miitanti, punon p\u00ebr at\u00eb ideal si dhe p\u00ebr grupin t\u00eb cilit ai i p\u00ebrket. N\u00eb rastin e L\u00ebvizjes Studentore, kan\u00eb ndrrue njer\u00ebzit q\u00eb e kan\u00eb bartur nj\u00eb koh\u00eb at\u00eb ideal, ata kan\u00eb b\u00ebr\u00eb zgjidhje t\u00eb caktuara q\u00eb i kan\u00eb larguar nga vet\u00eb q\u00ebllimi i L\u00ebvizjes.<\/p>\n<p>Megjithat\u00eb, ideali i asaj kohe, &#8220;Ta b\u00ebjm\u00eb Shqip\u00ebrin\u00eb si gjith\u00eb Europa&#8221;, q\u00ebllimi p\u00ebr t\u00eb cilin jemi ngritur e p\u00ebr t\u00eb cilin kemi punuar, at\u00ebher\u00eb e gjat\u00eb gjith\u00eb koh\u00ebs, \u00ebsht\u00eb i nj\u00ebjti dhe nuk ka ndrruar. Problemi \u00ebsht\u00eb se paria e ka drejtuar shtetin n\u00eb nj\u00eb rrug\u00eb aq t\u00eb mbrapsht\u00eb, vet\u00ebm p\u00ebr fitimet e saj personale, sa ai ideali i jon\u00eb duket edhe m\u00eb i larg\u00ebt sot se at\u00ebher\u00eb. Ne jemi m\u00ebnjan\u00eb rr\u00ebmuj\u00ebs s\u00eb politik\u00ebs s\u00eb dit\u00ebs dhe tam-tameve t\u00eb propagand\u00ebs s\u00eb paris\u00eb, por, nuk jemi larg, sepse e ndjekim me v\u00ebmendje e me shum\u00eb interes gjith\u00e7ka ndodh n\u00eb k\u00ebt\u00eb shtetin shqiptar.<\/p>\n<p><strong>Esht\u00eb nj\u00eb brez t\u00eb rinjsh nga 22 vje\u00e7 dhe k\u00ebtej q\u00eb jan\u00eb rritur ose duke pasur Berish\u00ebn president, ose n\u00eb opozit\u00eb ose duke e pasur kryeminist\u00ebr. Mendoni se nuk duhet mbajtur shpres\u00eb te ky brez..?<\/strong><br \/>\nPadyshim q\u00eb un\u00eb vet\u00eb kam shum\u00eb shpres\u00eb dhe besim tek brezi i ri. Nuk mund e nuk dua q\u00eb ta gjykoj nga kryeministri q\u00eb kan\u00eb pasur n\u00eb koh\u00ebn kur kan\u00eb lindur e jan\u00eb rritur, por nga \u00ebndrrat q\u00eb ka, nga vullneti q\u00eb ka p\u00ebr t\u00eb b\u00ebr\u00eb di\u00e7ka t\u00eb mir\u00eb e t\u00eb vyeshme, dhe nga p\u00ebrkushtimi. Rinia \u00ebsht\u00eb gjithnj\u00eb shpresa e par\u00eb e m\u00eb e \u00e7mueshme e nj\u00eb kombi, por kjo \u00ebsht\u00eb mosha e disa viteve. Mund ta thyesh, mund ta zhg\u00ebnjesh, por rinia \u00ebsht\u00eb si dallg\u00ebt. \u00cbsht\u00eb e qart\u00eb se kemi humbur shum\u00eb gjat\u00eb tre-kat\u00ebr &#8216;dallg\u00ebve&#8217; t\u00eb shkuara.<\/p>\n<p>Nj\u00eb pjes\u00eb e konsiderueshme e k\u00ebtij brezi kan\u00eb r\u00ebn\u00eb pre e interesave t\u00eb klaneve t\u00eb paris\u00eb e po ndjekin pa kushte modelet q\u00eb iu ofrohen prej paris\u00eb s\u00eb Tiran\u00ebs n\u00eb mend\u00ebsi, vlera, kultur\u00eb, sjellje, politik\u00eb e n\u00eb art. Mjaft prej tyre, ve\u00e7an\u00ebrisht pinjoll\u00ebt e pasunar\u00ebve t\u00eb Tiran\u00ebs po ndjekin shembullin e prind\u00ebrve dhe po b\u00ebhen pjes\u00eb e klaneve t\u00eb paskrupullta t\u00eb krimit. K\u00ebta jan\u00eb t\u00eb humbur e do konsiderohen si pjes\u00eb e brezit t\u00eb humbur sepse kush s&#8217;punon n\u00eb t\u00eb mir\u00eb t\u00eb popullit do konsiderohet gjithnj\u00eb si pjes\u00eb e huaj e tij.<\/p>\n<p><strong>Por vlerat e v\u00ebrteta&#8230;?<\/strong><br \/>\nKa t\u00eb tjer\u00eb q\u00eb kan\u00eb vlera dhe q\u00eb iu jan\u00eb drejtuar sistemeve t\u00eb tjera t\u00eb vlerave, si atyre fetare ashtu edhe qytet\u00ebrimore, apo ideologjike. Por ka edhe shum\u00eb t\u00eb tjer\u00eb q\u00eb e kuptojn\u00eb se gjerat nuk po shkojn\u00eb n\u00eb rrug\u00ebn e duhur dhe tashm\u00eb jan\u00eb n\u00eb k\u00ebrkim t\u00eb vetvetes dhe t\u00eb rrug\u00ebs s\u00eb v\u00ebrtet\u00eb p\u00ebrmes edukimit dhe ruajtjes s\u00eb nderit e t\u00eb dinjitetit t\u00eb t\u00eb kenunit shqiptar\u00eb, qytetar\u00eb t\u00eb ndersh\u00ebm, me vlera dhe q\u00eb k\u00ebrkojn\u00eb t\u00eb gjejn\u00eb dinjitetin e tyre duke punuar p\u00ebr t\u00eb mir\u00ebn e popullit. K\u00ebta jan\u00eb shpresa. K\u00ebta jan\u00eb dhjetramijra shqiptar\u00eb t\u00eb k\u00ebtij brezi q\u00eb p\u00ebrb\u00ebjn\u00eb shpres\u00ebn e kombit.<\/p>\n<p>Ata q\u00eb nuk besojn\u00eb tek rinia, nuk kan\u00eb besuar kurr\u00eb n\u00eb vetvete e n\u00eb asnj\u00eb vler\u00eb morale. Ajo q\u00eb mungon n\u00eb k\u00ebt\u00eb pik\u00eb \u00ebsht\u00eb p\u00ebrpjekja p\u00ebr motivim sistematik moral qytetar t\u00eb rinis\u00eb, shembulli i sh\u00ebrbimit t\u00eb pakushte publik q\u00eb duhej ti jepej rinis\u00eb nga drejtuesit e shtetit, nj\u00eb ideologji e qart\u00eb e nd\u00ebrtuar mbi shtetin-komb, dhe nj\u00eb udh\u00ebheqje e sprovuar p\u00ebr t&#8217;i treguar brezit t\u00eb ri se cila \u00ebsht\u00eb rruga e normalitetit e se si mund t\u00eb shmanget kjo zhytje e pandalshme e shoq\u00ebris\u00eb shqiptare n\u00eb krim, posht\u00ebrsi, zvet\u00ebnim, e amoralitet.<\/p>\n<p><strong>Dhe kush \u00ebsht\u00eb p\u00ebrgjegj\u00ebse p\u00ebr k\u00ebt\u00eb&#8230;?<\/strong><br \/>\nKjo gjendje \u00ebsht\u00eb pasoj\u00eb e zbatimit me konsekuenc\u00eb t\u00eb planit t\u00eb paris\u00eb p\u00ebr zvet\u00ebnimin e shqiptar\u00ebve. N\u00eb k\u00ebt\u00eb kontekst, synimi i paris\u00eb ka q\u00ebn\u00eb dhe mbetet q\u00eb t\u00eb zvet\u00ebnoj\u00eb sa m\u00eb shum\u00eb e sa m\u00eb shpejt brezin e ri, sepse k\u00ebshtu mendon se do ta thyej\u00eb e do ta p\u00ebrdoroj\u00eb. Prandaj sistemi i saj i propagand\u00ebs nuk ka l\u00ebn\u00eb asnj\u00ebri t\u00eb besuesh\u00ebm dhe me vlera n\u00eb jet\u00ebn publike t\u00eb brezit t\u00eb ri. Por rinia \u00ebsht\u00eb si uji, ajo do t\u00eb gjej\u00eb rrug\u00ebn e vet. Rinia, do t\u00eb heq\u00eb keq sa t\u00eb gjej\u00eb rrug\u00ebn, por n\u00eb fund, do t\u00eb b\u00ebhet pjes\u00eb e natyrshme dhe pozitive e popullit t\u00eb vet. At\u00ebher\u00eb do t\u00eb jet\u00eb e v\u00ebshtir\u00eb p\u00ebr parin\u00eb me i v\u00ebn\u00eb diga p\u00ebrpara.<\/p>\n<p><strong>Asnj\u00eb nga student\u00ebt e dhjetorit nuk \u00ebsht\u00eb n\u00eb politik\u00eb aktualisht me forc\u00ebn m\u00eb t\u00eb madhe opozitare t\u00eb asaj kohe, PD. Madje jan\u00eb n\u00eb disa parti t\u00eb tjera disa nga student\u00ebt e dhjetorit?<\/strong><br \/>\nS\u00eb pari, ne jemi t\u00eb lodhur duke u quajtur student\u00eb t\u00eb dhjetorit, dhjetorista, zetorista, traktorista, etj. Ne kemi q\u00ebn\u00eb nj\u00eb L\u00ebvizje shoq\u00ebrore e profilizuar qart\u00eb, kemi pasur struktura t\u00eb q\u00ebndrueshme t\u00eb nj\u00eb l\u00ebvizjeje shoq\u00ebrore, figura autoritare q\u00eb ishin drejtues e organizues t\u00eb L\u00ebvizjes pavar\u00ebsisht rrug\u00ebs q\u00eb mor\u00ebn me von\u00eb si Arben Lika, Azem Hajdari, Tefalin Malshyti, Akli Fundo, Myftar Gjanaj, Arben Sula, Mimoza Ferraj, Mimoza Zhamo, Bardh Ukcamaj, Fred Gemi, Edmond Bushati, Arben Mu\u00e7a, Blendi Gonxhe, Alban Pici, Arian Manahasa, Ridvan Peshk\u00ebpia, Arben Broci, Artan P\u00ebrvaza, e shum\u00eb e shum\u00eb t\u00eb tjer\u00eb q\u00eb sot me duhet t&#8217;iu k\u00ebrkoj ndjes\u00eb se s&#8217;po ua p\u00ebrmend emrin. Por kishte nj\u00eb p\u00ebrpjekje e sofistikuar e paris\u00eb p\u00ebr t\u00eb na e humbur identitetin e p\u00ebr t\u00eb shuar edhe dukjen e pranis\u00eb s\u00eb nj\u00eb alternative n\u00eb at\u00eb pik\u00eb kthese historike.<\/p>\n<p><strong>Por e humbet betej\u00ebn&#8230;?<\/strong><br \/>\nL\u00ebvizja e humbi betej\u00ebn me parin\u00eb dhe, me humbjen ton\u00eb, u duk se alternativa as nuk kishte ekzistuar e as nuk ekziston m\u00eb. D\u00ebshtimi i L\u00ebvizjes ka q\u00ebn\u00eb i p\u00ebrcaktuar nga kontrolli i p\u00ebrplot\u00eb i paris\u00eb mbi institucionet shtet\u00ebrore e mbi shoq\u00ebrin\u00eb. Nga nj\u00eb an\u00eb, ne nuk pat\u00ebm mjetet e koh\u00ebn e duhur p\u00ebr t\u00eb konsoliduar strukturat n\u00eb t\u00eb gjith\u00eb universitetet, p\u00ebr t\u00eb p\u00ebrhapur vlerat e ideologjin\u00eb q\u00eb na frym\u00ebzonte, dhe p\u00ebr ti kthyer student\u00ebt n\u00eb nj\u00eb forc\u00eb progresive e demokratike. Nga ana tjet\u00ebr, paria sunduese na ka luftuar me t\u00eb gjith\u00eb m\u00ebnyrat dhe mjetet n\u00eb dispozicion t\u00eb saj ishin t\u00eb shumta. Ajo q\u00eb tregon qart\u00eb se sa na e kishin frik\u00ebn ishte mbyllja e universitetit me konsensusin e t\u00eb gjith\u00eb pal\u00ebve.<\/p>\n<p>Kur e kuptuan se ne arrit\u00ebm q\u00eb jo vet\u00ebm t\u00eb fitonim pluralizmin politik, por edhe t\u00eb planifikonim shembjen e mitit t\u00eb diktatorit, duke i mobilizuar masat me teknika absolutisht moderne dhe me kontroll t\u00eb fuqish\u00ebm mbi psikologjine e masave, nj\u00eb p\u00ebrpjekje e pakrahasueshme n\u00eb tranzicion, paria e kuptoj fuqin\u00eb ton\u00eb. Kur e kuptuan se nuk mund t\u00eb na kontrollonin m\u00eb, at\u00ebher\u00eb e mbyll\u00ebn universitetin, na d\u00ebbuan, na sulmuan, na izoluan dhe na denigruan n\u00eb t\u00eb gjith\u00eb m\u00ebnyrat e mundshme.<\/p>\n<p><strong>Po ata q\u00eb u pajtuan me gjendjen e krijuar&#8230;?<\/strong><br \/>\nAta q\u00eb jan\u00eb pajtuar pa kushte me gjendjen e me parin\u00eb, jan\u00eb b\u00ebr\u00eb pjes\u00eb e krimit t\u00eb paris\u00eb dhe p\u00ebrdoren prej saj e do t\u00eb p\u00ebrdoren prej saj. E megjithat\u00eb, metri me t\u00eb cilin matet secili prej nesh, nuk \u00ebsht\u00eb vet\u00ebm kontributi q\u00eb mund t\u00eb ket\u00eb dh\u00ebn\u00eb dikush n\u00eb at\u00eb koh\u00eb si pjestar i L\u00ebvizjes Studentore por besnik\u00ebria ndaj idealeve e vlerave t\u00eb jasht\u00ebzakonshme t\u00eb saj. Paria e di, dhe prandaj nuk i duron dot student\u00ebt e L\u00ebvizjes n\u00eb rradh\u00ebt e saj. Ne i kemi njohur k\u00ebta kur ishin askushi e vegla t\u00eb sistemit, dhe k\u00ebta duan q\u00eb ne t\u00eb b\u00ebhemi vegla t\u00eb tyre, e ne nuk kemi si t\u00eb pranojm\u00eb. Prandaj s&#8217;sheh student\u00eb t\u00eb L\u00ebvizjes n\u00eb radh\u00ebt e partive.<\/p>\n<p><strong>Realisht, \u00e7far\u00eb p\u00ebrfaq\u00ebson PD n\u00eb spektrin politik shqiptar por edhe p\u00ebr ju Student\u00ebt e Levizjes?<\/strong><br \/>\nP\u00ebr ne PD \u00ebsht\u00eb nj\u00eb krijes\u00eb q\u00eb ne e ideuam, e soll\u00ebm n\u00eb jet\u00eb, i dham\u00eb frym\u00eb, legjitimitet dhe mb\u00ebshtetje p\u00ebr t\u00eb kaluar hapin e par\u00eb dhe m\u00eb t\u00eb v\u00ebshtir\u00eb t\u00eb pluralizmit politik. Ajo \u00ebsht\u00eb nj\u00eb parti q\u00eb ka lindur nga L\u00ebvizja Studentore, ne jemi ata q\u00eb e kan\u00eb ideuar dhe krijuar, por nuk ka q\u00ebn\u00eb dhe nuk \u00ebsht\u00eb L\u00ebvizja Studentore, as vazhdimi i saj. Edhe pse shum\u00eb student\u00eb iu bashk\u00ebngjit\u00ebn, nj\u00eb b\u00ebrtham\u00eb shum\u00eb e fuqishme nuk u identifikua me t\u00eb dhe e ruajti identitetin e L\u00ebvizjes si L\u00ebvizje Studentore, duke punuar me konsekuenc\u00eb, dhe duke \u00e7uar n\u00eb organizmin e Grev\u00ebs s\u00eb Uris\u00eb dhe shembjen e mitit t\u00eb Enver Hoxh\u00ebs edhe kund\u00ebr presionit t\u00eb madh t\u00eb PD-s\u00eb. Shkurt, ne nuk kemi dashur t\u00eb ishim bashk\u00ebfajtor\u00eb n\u00eb krim me ata q\u00eb na erdh\u00ebn t\u00eb d\u00ebrguar nga sistemi dhe q\u00eb k\u00ebrkonin vet\u00ebm p\u00ebrfitim nga kapitali i jon\u00eb i \u00e7muar politik. Tashm\u00eb, PD \u00ebsht\u00eb partia q\u00eb mbart shum\u00eb nga p\u00ebrgjegj\u00ebsit\u00eb p\u00ebr d\u00ebshtimin e tranzicionit. Ajo e ka kryer pa nder misionin e vet historik, q\u00eb ishte shmangja e luft\u00ebs civile, dhe ka shkuar thell\u00eb n\u00eb rrug\u00ebn e kriminalizimit.<\/p>\n<p><strong>Po PD \u00e7far\u00eb p\u00ebrfaq\u00ebson konkretisht&#8230;?<\/strong><br \/>\nSot, PD \u00ebsht\u00eb partia e nj\u00eb njeriu, dhe pron\u00eb e klanit t\u00eb tij familjar, nj\u00eb parti e v\u00ebn\u00eb pa kushte n\u00eb sh\u00ebrbim t\u00eb tij dhe t\u00eb familjes s\u00eb tij. Mua m\u00eb vjen keq p\u00ebr militant\u00ebt e ndersh\u00ebm, ata q\u00eb donin t\u00eb luftonin t\u00eb keqen e q\u00eb p\u00ebrfunduan t\u00eb punonin p\u00ebr klanin q\u00eb sundon PD-n\u00eb, m\u00eb vjen keq p\u00ebr t\u00eb p\u00ebrndjekurit q\u00eb u p\u00ebrdor\u00ebn pa skrupull e p\u00ebr nj\u00eb cop\u00eb buke nga ky klan kriminal. M\u00eb vjen keq p\u00ebr at\u00eb \u00ebnd\u00ebrr timen e t\u00eb tjer\u00ebve q\u00eb duhej ta vinte n\u00eb jet\u00eb PD-ja e q\u00eb tash quhet e parealizueshme prej saj. Me vjen keq p\u00ebr kompromiset dhe krimet n\u00eb t\u00eb cilat \u00ebsht\u00eb p\u00ebrfshir\u00eb ajo parti dhe organet drejturese t\u00eb saj. Dhe m\u00eb n\u00eb fund m\u00eb dhimbset PD kur shoh se k\u00eb ka n\u00eb krye t\u00eb saj sot. P\u00ebr mua e p\u00ebr t\u00eb tjer\u00ebt, kjo \u00ebsht\u00eb fytyra e fatkeq\u00ebsis\u00eb komb\u00ebtare dhe e krimit.<\/p>\n<p>(<em>Intervist\u00ebn u botua sot n\u00eb gazet\u00ebn Shqiptarja.com<\/em>)<br \/>\n(<em>aq\/shqiptarja.com<\/em>)<\/p>\n","protected":false},"excerpt":{"rendered":"<p>Nj\u00ebri nga lider\u00ebt kryesor\u00eb t\u00eb L\u00ebvizjes s\u00eb Dhjetorit, prof.Shinasi Rama, n\u00eb nj\u00eb intervist\u00eb p\u00ebr gazet\u00ebn &#8220;Shqiptarja.com&#8221; flet p\u00ebr d\u00ebshtimin e demokracis\u00eb n\u00eb Shqip\u00ebri dhe akuzon Berish\u00ebn se ka pron\u00ebsuar vendin. Profesor! Duke q\u00ebn\u00eb nj\u00ebri nd\u00ebr udh\u00ebheq\u00ebsit kryesor\u00eb t\u00eb L\u00ebvizjes Studentore t\u00eb Dhjetorit q\u00eb shembi komunizmin, si e ndjeni veten tani q\u00eb ideali p\u00ebr t\u00eb cilin [&hellip;]<\/p>\n","protected":false},"author":1,"featured_media":0,"comment_status":"open","ping_status":"closed","sticky":false,"template":"","format":"standard","meta":{"footnotes":""},"categories":[2,4],"tags":[],"class_list":{"0":"post-11898","1":"post","2":"type-post","3":"status-publish","4":"format-standard","6":"category-artikuj","7":"category-intervista"},"yoast_head":"<!-- This site is optimized with the Yoast SEO plugin v27.4 - https:\/\/yoast.com\/product\/yoast-seo-wordpress\/ -->\n<title>Shinasi Rama: PD, pron\u00eb e klanit kriminal t\u00eb Berish\u00ebs - FjALA e LIR\u00cb - Arkivi<\/title>\n<meta name=\"robots\" content=\"index, follow, max-snippet:-1, max-image-preview:large, max-video-preview:-1\" \/>\n<link rel=\"canonical\" href=\"https:\/\/fjala.info\/2009-2015\/shinasi-rama-pd-prone-e-klanit-kriminal-te-berishes\/\" \/>\n<meta property=\"og:locale\" content=\"sq_AL\" \/>\n<meta property=\"og:type\" content=\"article\" \/>\n<meta property=\"og:title\" content=\"Shinasi Rama: PD, pron\u00eb e klanit kriminal t\u00eb Berish\u00ebs - FjALA e LIR\u00cb - Arkivi\" \/>\n<meta property=\"og:description\" content=\"Nj\u00ebri nga lider\u00ebt kryesor\u00eb t\u00eb L\u00ebvizjes s\u00eb Dhjetorit, prof.Shinasi Rama, n\u00eb nj\u00eb intervist\u00eb p\u00ebr gazet\u00ebn &#8220;Shqiptarja.com&#8221; flet p\u00ebr d\u00ebshtimin e demokracis\u00eb n\u00eb Shqip\u00ebri dhe akuzon Berish\u00ebn se ka pron\u00ebsuar vendin. Profesor! Duke q\u00ebn\u00eb nj\u00ebri nd\u00ebr udh\u00ebheq\u00ebsit kryesor\u00eb t\u00eb L\u00ebvizjes Studentore t\u00eb Dhjetorit q\u00eb shembi komunizmin, si e ndjeni veten tani q\u00eb ideali p\u00ebr t\u00eb cilin [&hellip;]\" \/>\n<meta property=\"og:url\" content=\"https:\/\/fjala.info\/2009-2015\/shinasi-rama-pd-prone-e-klanit-kriminal-te-berishes\/\" \/>\n<meta property=\"og:site_name\" content=\"FjALA e LIR\u00cb - Arkivi\" \/>\n<meta property=\"article:published_time\" content=\"2012-06-24T16:41:05+00:00\" \/>\n<meta property=\"og:image\" content=\"http:\/\/www.fjala.info\/2012\/berisha_sh_rama.jpg\" \/>\n<meta name=\"author\" content=\"admin\" \/>\n<meta name=\"twitter:card\" content=\"summary_large_image\" \/>\n<meta name=\"twitter:label1\" content=\"Written by\" \/>\n\t<meta name=\"twitter:data1\" content=\"admin\" \/>\n\t<meta name=\"twitter:label2\" content=\"Est. reading time\" \/>\n\t<meta name=\"twitter:data2\" content=\"23 minutes\" \/>\n<script type=\"application\/ld+json\" class=\"yoast-schema-graph\">{\"@context\":\"https:\\\/\\\/schema.org\",\"@graph\":[{\"@type\":\"Article\",\"@id\":\"https:\\\/\\\/fjala.info\\\/2009-2015\\\/shinasi-rama-pd-prone-e-klanit-kriminal-te-berishes\\\/#article\",\"isPartOf\":{\"@id\":\"https:\\\/\\\/fjala.info\\\/2009-2015\\\/shinasi-rama-pd-prone-e-klanit-kriminal-te-berishes\\\/\"},\"author\":{\"name\":\"admin\",\"@id\":\"https:\\\/\\\/fjala.info\\\/2009-2015\\\/#\\\/schema\\\/person\\\/3aa1163ef05469c496fc94e77611ada2\"},\"headline\":\"Shinasi Rama: PD, pron\u00eb e klanit kriminal t\u00eb Berish\u00ebs\",\"datePublished\":\"2012-06-24T16:41:05+00:00\",\"mainEntityOfPage\":{\"@id\":\"https:\\\/\\\/fjala.info\\\/2009-2015\\\/shinasi-rama-pd-prone-e-klanit-kriminal-te-berishes\\\/\"},\"wordCount\":4640,\"commentCount\":0,\"publisher\":{\"@id\":\"https:\\\/\\\/fjala.info\\\/2009-2015\\\/#organization\"},\"image\":{\"@id\":\"https:\\\/\\\/fjala.info\\\/2009-2015\\\/shinasi-rama-pd-prone-e-klanit-kriminal-te-berishes\\\/#primaryimage\"},\"thumbnailUrl\":\"http:\\\/\\\/www.fjala.info\\\/2012\\\/berisha_sh_rama.jpg\",\"articleSection\":[\"Artikuj\",\"Intervista\"],\"inLanguage\":\"sq-AL\",\"potentialAction\":[{\"@type\":\"CommentAction\",\"name\":\"Comment\",\"target\":[\"https:\\\/\\\/fjala.info\\\/2009-2015\\\/shinasi-rama-pd-prone-e-klanit-kriminal-te-berishes\\\/#respond\"]}]},{\"@type\":\"WebPage\",\"@id\":\"https:\\\/\\\/fjala.info\\\/2009-2015\\\/shinasi-rama-pd-prone-e-klanit-kriminal-te-berishes\\\/\",\"url\":\"https:\\\/\\\/fjala.info\\\/2009-2015\\\/shinasi-rama-pd-prone-e-klanit-kriminal-te-berishes\\\/\",\"name\":\"Shinasi Rama: PD, pron\u00eb e klanit kriminal t\u00eb Berish\u00ebs - FjALA e LIR\u00cb - Arkivi\",\"isPartOf\":{\"@id\":\"https:\\\/\\\/fjala.info\\\/2009-2015\\\/#website\"},\"primaryImageOfPage\":{\"@id\":\"https:\\\/\\\/fjala.info\\\/2009-2015\\\/shinasi-rama-pd-prone-e-klanit-kriminal-te-berishes\\\/#primaryimage\"},\"image\":{\"@id\":\"https:\\\/\\\/fjala.info\\\/2009-2015\\\/shinasi-rama-pd-prone-e-klanit-kriminal-te-berishes\\\/#primaryimage\"},\"thumbnailUrl\":\"http:\\\/\\\/www.fjala.info\\\/2012\\\/berisha_sh_rama.jpg\",\"datePublished\":\"2012-06-24T16:41:05+00:00\",\"breadcrumb\":{\"@id\":\"https:\\\/\\\/fjala.info\\\/2009-2015\\\/shinasi-rama-pd-prone-e-klanit-kriminal-te-berishes\\\/#breadcrumb\"},\"inLanguage\":\"sq-AL\",\"potentialAction\":[{\"@type\":\"ReadAction\",\"target\":[\"https:\\\/\\\/fjala.info\\\/2009-2015\\\/shinasi-rama-pd-prone-e-klanit-kriminal-te-berishes\\\/\"]}]},{\"@type\":\"ImageObject\",\"inLanguage\":\"sq-AL\",\"@id\":\"https:\\\/\\\/fjala.info\\\/2009-2015\\\/shinasi-rama-pd-prone-e-klanit-kriminal-te-berishes\\\/#primaryimage\",\"url\":\"http:\\\/\\\/www.fjala.info\\\/2012\\\/berisha_sh_rama.jpg\",\"contentUrl\":\"http:\\\/\\\/www.fjala.info\\\/2012\\\/berisha_sh_rama.jpg\"},{\"@type\":\"BreadcrumbList\",\"@id\":\"https:\\\/\\\/fjala.info\\\/2009-2015\\\/shinasi-rama-pd-prone-e-klanit-kriminal-te-berishes\\\/#breadcrumb\",\"itemListElement\":[{\"@type\":\"ListItem\",\"position\":1,\"name\":\"Home\",\"item\":\"https:\\\/\\\/fjala.info\\\/2009-2015\\\/\"},{\"@type\":\"ListItem\",\"position\":2,\"name\":\"Shinasi Rama: PD, pron\u00eb e klanit kriminal t\u00eb Berish\u00ebs\"}]},{\"@type\":\"WebSite\",\"@id\":\"https:\\\/\\\/fjala.info\\\/2009-2015\\\/#website\",\"url\":\"https:\\\/\\\/fjala.info\\\/2009-2015\\\/\",\"name\":\"FjALA e LIR\u00cb - Arkivi\",\"description\":\"Arkivi 2009-2015\",\"publisher\":{\"@id\":\"https:\\\/\\\/fjala.info\\\/2009-2015\\\/#organization\"},\"potentialAction\":[{\"@type\":\"SearchAction\",\"target\":{\"@type\":\"EntryPoint\",\"urlTemplate\":\"https:\\\/\\\/fjala.info\\\/2009-2015\\\/?s={search_term_string}\"},\"query-input\":{\"@type\":\"PropertyValueSpecification\",\"valueRequired\":true,\"valueName\":\"search_term_string\"}}],\"inLanguage\":\"sq-AL\"},{\"@type\":\"Organization\",\"@id\":\"https:\\\/\\\/fjala.info\\\/2009-2015\\\/#organization\",\"name\":\"FjALA e LIR\u00cb - Arkivi\",\"url\":\"https:\\\/\\\/fjala.info\\\/2009-2015\\\/\",\"logo\":{\"@type\":\"ImageObject\",\"inLanguage\":\"sq-AL\",\"@id\":\"https:\\\/\\\/fjala.info\\\/2009-2015\\\/#\\\/schema\\\/logo\\\/image\\\/\",\"url\":\"\",\"contentUrl\":\"\",\"caption\":\"FjALA e LIR\u00cb - Arkivi\"},\"image\":{\"@id\":\"https:\\\/\\\/fjala.info\\\/2009-2015\\\/#\\\/schema\\\/logo\\\/image\\\/\"}},{\"@type\":\"Person\",\"@id\":\"https:\\\/\\\/fjala.info\\\/2009-2015\\\/#\\\/schema\\\/person\\\/3aa1163ef05469c496fc94e77611ada2\",\"name\":\"admin\",\"image\":{\"@type\":\"ImageObject\",\"inLanguage\":\"sq-AL\",\"@id\":\"https:\\\/\\\/fjala.info\\\/2009-2015\\\/wp-content\\\/uploads\\\/2012\\\/02\\\/arben_cokaj-120x150.jpg\",\"url\":\"https:\\\/\\\/fjala.info\\\/2009-2015\\\/wp-content\\\/uploads\\\/2012\\\/02\\\/arben_cokaj-120x150.jpg\",\"contentUrl\":\"https:\\\/\\\/fjala.info\\\/2009-2015\\\/wp-content\\\/uploads\\\/2012\\\/02\\\/arben_cokaj-120x150.jpg\",\"caption\":\"admin\"},\"description\":\"Admin, Fjala e Lir\u00eb\",\"sameAs\":[\"https:\\\/\\\/fjala.info\\\/\"],\"url\":\"https:\\\/\\\/fjala.info\\\/2009-2015\\\/author\\\/admin\\\/\"}]}<\/script>\n<!-- \/ Yoast SEO plugin. -->","yoast_head_json":{"title":"Shinasi Rama: PD, pron\u00eb e klanit kriminal t\u00eb Berish\u00ebs - FjALA e LIR\u00cb - Arkivi","robots":{"index":"index","follow":"follow","max-snippet":"max-snippet:-1","max-image-preview":"max-image-preview:large","max-video-preview":"max-video-preview:-1"},"canonical":"https:\/\/fjala.info\/2009-2015\/shinasi-rama-pd-prone-e-klanit-kriminal-te-berishes\/","og_locale":"sq_AL","og_type":"article","og_title":"Shinasi Rama: PD, pron\u00eb e klanit kriminal t\u00eb Berish\u00ebs - FjALA e LIR\u00cb - Arkivi","og_description":"Nj\u00ebri nga lider\u00ebt kryesor\u00eb t\u00eb L\u00ebvizjes s\u00eb Dhjetorit, prof.Shinasi Rama, n\u00eb nj\u00eb intervist\u00eb p\u00ebr gazet\u00ebn &#8220;Shqiptarja.com&#8221; flet p\u00ebr d\u00ebshtimin e demokracis\u00eb n\u00eb Shqip\u00ebri dhe akuzon Berish\u00ebn se ka pron\u00ebsuar vendin. Profesor! Duke q\u00ebn\u00eb nj\u00ebri nd\u00ebr udh\u00ebheq\u00ebsit kryesor\u00eb t\u00eb L\u00ebvizjes Studentore t\u00eb Dhjetorit q\u00eb shembi komunizmin, si e ndjeni veten tani q\u00eb ideali p\u00ebr t\u00eb cilin [&hellip;]","og_url":"https:\/\/fjala.info\/2009-2015\/shinasi-rama-pd-prone-e-klanit-kriminal-te-berishes\/","og_site_name":"FjALA e LIR\u00cb - Arkivi","article_published_time":"2012-06-24T16:41:05+00:00","og_image":[{"url":"http:\/\/www.fjala.info\/2012\/berisha_sh_rama.jpg","type":"","width":"","height":""}],"author":"admin","twitter_card":"summary_large_image","twitter_misc":{"Written by":"admin","Est. reading time":"23 minutes"},"schema":{"@context":"https:\/\/schema.org","@graph":[{"@type":"Article","@id":"https:\/\/fjala.info\/2009-2015\/shinasi-rama-pd-prone-e-klanit-kriminal-te-berishes\/#article","isPartOf":{"@id":"https:\/\/fjala.info\/2009-2015\/shinasi-rama-pd-prone-e-klanit-kriminal-te-berishes\/"},"author":{"name":"admin","@id":"https:\/\/fjala.info\/2009-2015\/#\/schema\/person\/3aa1163ef05469c496fc94e77611ada2"},"headline":"Shinasi Rama: PD, pron\u00eb e klanit kriminal t\u00eb Berish\u00ebs","datePublished":"2012-06-24T16:41:05+00:00","mainEntityOfPage":{"@id":"https:\/\/fjala.info\/2009-2015\/shinasi-rama-pd-prone-e-klanit-kriminal-te-berishes\/"},"wordCount":4640,"commentCount":0,"publisher":{"@id":"https:\/\/fjala.info\/2009-2015\/#organization"},"image":{"@id":"https:\/\/fjala.info\/2009-2015\/shinasi-rama-pd-prone-e-klanit-kriminal-te-berishes\/#primaryimage"},"thumbnailUrl":"http:\/\/www.fjala.info\/2012\/berisha_sh_rama.jpg","articleSection":["Artikuj","Intervista"],"inLanguage":"sq-AL","potentialAction":[{"@type":"CommentAction","name":"Comment","target":["https:\/\/fjala.info\/2009-2015\/shinasi-rama-pd-prone-e-klanit-kriminal-te-berishes\/#respond"]}]},{"@type":"WebPage","@id":"https:\/\/fjala.info\/2009-2015\/shinasi-rama-pd-prone-e-klanit-kriminal-te-berishes\/","url":"https:\/\/fjala.info\/2009-2015\/shinasi-rama-pd-prone-e-klanit-kriminal-te-berishes\/","name":"Shinasi Rama: PD, pron\u00eb e klanit kriminal t\u00eb Berish\u00ebs - FjALA e LIR\u00cb - Arkivi","isPartOf":{"@id":"https:\/\/fjala.info\/2009-2015\/#website"},"primaryImageOfPage":{"@id":"https:\/\/fjala.info\/2009-2015\/shinasi-rama-pd-prone-e-klanit-kriminal-te-berishes\/#primaryimage"},"image":{"@id":"https:\/\/fjala.info\/2009-2015\/shinasi-rama-pd-prone-e-klanit-kriminal-te-berishes\/#primaryimage"},"thumbnailUrl":"http:\/\/www.fjala.info\/2012\/berisha_sh_rama.jpg","datePublished":"2012-06-24T16:41:05+00:00","breadcrumb":{"@id":"https:\/\/fjala.info\/2009-2015\/shinasi-rama-pd-prone-e-klanit-kriminal-te-berishes\/#breadcrumb"},"inLanguage":"sq-AL","potentialAction":[{"@type":"ReadAction","target":["https:\/\/fjala.info\/2009-2015\/shinasi-rama-pd-prone-e-klanit-kriminal-te-berishes\/"]}]},{"@type":"ImageObject","inLanguage":"sq-AL","@id":"https:\/\/fjala.info\/2009-2015\/shinasi-rama-pd-prone-e-klanit-kriminal-te-berishes\/#primaryimage","url":"http:\/\/www.fjala.info\/2012\/berisha_sh_rama.jpg","contentUrl":"http:\/\/www.fjala.info\/2012\/berisha_sh_rama.jpg"},{"@type":"BreadcrumbList","@id":"https:\/\/fjala.info\/2009-2015\/shinasi-rama-pd-prone-e-klanit-kriminal-te-berishes\/#breadcrumb","itemListElement":[{"@type":"ListItem","position":1,"name":"Home","item":"https:\/\/fjala.info\/2009-2015\/"},{"@type":"ListItem","position":2,"name":"Shinasi Rama: PD, pron\u00eb e klanit kriminal t\u00eb Berish\u00ebs"}]},{"@type":"WebSite","@id":"https:\/\/fjala.info\/2009-2015\/#website","url":"https:\/\/fjala.info\/2009-2015\/","name":"FjALA e LIR\u00cb - Arkivi","description":"Arkivi 2009-2015","publisher":{"@id":"https:\/\/fjala.info\/2009-2015\/#organization"},"potentialAction":[{"@type":"SearchAction","target":{"@type":"EntryPoint","urlTemplate":"https:\/\/fjala.info\/2009-2015\/?s={search_term_string}"},"query-input":{"@type":"PropertyValueSpecification","valueRequired":true,"valueName":"search_term_string"}}],"inLanguage":"sq-AL"},{"@type":"Organization","@id":"https:\/\/fjala.info\/2009-2015\/#organization","name":"FjALA e LIR\u00cb - Arkivi","url":"https:\/\/fjala.info\/2009-2015\/","logo":{"@type":"ImageObject","inLanguage":"sq-AL","@id":"https:\/\/fjala.info\/2009-2015\/#\/schema\/logo\/image\/","url":"","contentUrl":"","caption":"FjALA e LIR\u00cb - Arkivi"},"image":{"@id":"https:\/\/fjala.info\/2009-2015\/#\/schema\/logo\/image\/"}},{"@type":"Person","@id":"https:\/\/fjala.info\/2009-2015\/#\/schema\/person\/3aa1163ef05469c496fc94e77611ada2","name":"admin","image":{"@type":"ImageObject","inLanguage":"sq-AL","@id":"https:\/\/fjala.info\/2009-2015\/wp-content\/uploads\/2012\/02\/arben_cokaj-120x150.jpg","url":"https:\/\/fjala.info\/2009-2015\/wp-content\/uploads\/2012\/02\/arben_cokaj-120x150.jpg","contentUrl":"https:\/\/fjala.info\/2009-2015\/wp-content\/uploads\/2012\/02\/arben_cokaj-120x150.jpg","caption":"admin"},"description":"Admin, Fjala e Lir\u00eb","sameAs":["https:\/\/fjala.info\/"],"url":"https:\/\/fjala.info\/2009-2015\/author\/admin\/"}]}},"_links":{"self":[{"href":"https:\/\/fjala.info\/2009-2015\/wp-json\/wp\/v2\/posts\/11898","targetHints":{"allow":["GET"]}}],"collection":[{"href":"https:\/\/fjala.info\/2009-2015\/wp-json\/wp\/v2\/posts"}],"about":[{"href":"https:\/\/fjala.info\/2009-2015\/wp-json\/wp\/v2\/types\/post"}],"author":[{"embeddable":true,"href":"https:\/\/fjala.info\/2009-2015\/wp-json\/wp\/v2\/users\/1"}],"replies":[{"embeddable":true,"href":"https:\/\/fjala.info\/2009-2015\/wp-json\/wp\/v2\/comments?post=11898"}],"version-history":[{"count":0,"href":"https:\/\/fjala.info\/2009-2015\/wp-json\/wp\/v2\/posts\/11898\/revisions"}],"wp:attachment":[{"href":"https:\/\/fjala.info\/2009-2015\/wp-json\/wp\/v2\/media?parent=11898"}],"wp:term":[{"taxonomy":"category","embeddable":true,"href":"https:\/\/fjala.info\/2009-2015\/wp-json\/wp\/v2\/categories?post=11898"},{"taxonomy":"post_tag","embeddable":true,"href":"https:\/\/fjala.info\/2009-2015\/wp-json\/wp\/v2\/tags?post=11898"}],"curies":[{"name":"wp","href":"https:\/\/api.w.org\/{rel}","templated":true}]}}