{"id":11897,"date":"2012-06-23T22:52:07","date_gmt":"2012-06-23T21:52:07","guid":{"rendered":"http:\/\/www.fjala.info\/?p=3378"},"modified":"2012-06-23T22:52:07","modified_gmt":"2012-06-23T21:52:07","slug":"flamuri-yne","status":"publish","type":"post","link":"https:\/\/fjala.info\/2009-2015\/flamuri-yne\/","title":{"rendered":"Flamuri yn\u00eb!"},"content":{"rendered":"<p><img decoding=\"async\" class=\"alignright size-thumbnail wp-image-7236\" title=\"Mero Baze\" src=\"http:\/\/www.fjala.info\/2012\/mero_baze.jpg\" alt=\"\" width=\"150\" \/> Nga <strong>Mero Baze<\/strong>, <em>23 Qershor 2012<\/em><\/p>\n<p>Edhe pse shumica me humor, qindra mesazhe m\u00eb kan\u00eb mb\u00ebrritur k\u00ebt\u00eb t\u00eb shtun\u00eb pas em\u00ebrimit t\u00eb Flamurit Minist\u00ebr i Brendsh\u00ebm. Shum\u00eb njer\u00ebz t\u00eb PD, q\u00eb d\u00ebrgojn\u00eb mesazhe, jan\u00eb serioz\u00eb dhe m\u00eb hak\u00ebrrehen se un\u00eb duke u tallur me nj\u00eb personazh t\u00eb krijuar tek rubrika Antena dhe duke e b\u00ebr\u00eb si lolon e pushtetit, arrita ta b\u00ebj nga nj\u00eb i papun\u00eb q\u00eb ngjiste postera me lek, n\u00eb nj\u00eb milioner dhe njeri t\u00eb gjith\u00ebpushtetsh\u00ebm tek PD. T\u00eb tjer\u00eb, kryesisht koleg\u00eb apo njer\u00ebz t\u00eb opozit\u00ebs, tallen dhe thon\u00eb se Doktori nga inati i rubrik\u00ebs \u2018Antena brenda Familjes\u2019, q\u00eb i prish gjakun \u00e7do m\u00ebngjes ka graduar personazhin kryesor t\u00eb saj dhe e ka b\u00ebr\u00eb minist\u00ebr. N\u00eb t\u00eb v\u00ebrtet\u00eb nuk kan\u00eb t\u00eb drejt\u00eb as ata njer\u00ebz t\u00eb PD e ish miq t\u00eb mi q\u00eb hak\u00ebrrehen se u b\u00ebra nj\u00eb idiot minist\u00ebr, dhe as opozitar\u00ebt apo gazetar\u00ebt q\u00eb nuk pushojn\u00eb s\u00eb qeshuri duke shqiptuar fjalin\u00eb \u201cMuli minist\u00ebr\u201d.<\/p>\n<p>N\u00eb t\u00eb v\u00ebrtet\u00eb \u201cfenomeni Flamuri\u201d, i cili u p\u00ebrgjith\u00ebsua nga Antena duke u b\u00ebr\u00eb nj\u00eb personazh superpopullor si lolo i pushtetit nuk ishte fantazia jon\u00eb, por realiteti i PD, q\u00eb po degradonte. Ne nuk b\u00ebm\u00eb asgj\u00eb tjet\u00ebr ve\u00e7se pikas\u00ebm d\u00ebshir\u00ebn e Sali Berish\u00ebs p\u00ebr t\u00eb degraduar nivelin e qeverisjes me figura qesharake q\u00eb t\u2019i kishte n\u00ebn kontroll dhe p\u00ebrpjekjen e tij p\u00ebr t\u00eb shmangur nj\u00eb qend\u00ebr t\u00eb re pushteti n\u00eb selin\u00eb e PD dhe k\u00ebto nevoja atij nuk kish kush t\u2019ia plot\u00ebsonte ve\u00e7se nj\u00eb njeri qesharak q\u00eb mund t\u00eb ky\u00e7te PD e t\u00eb mbante \u00e7el\u00ebsat n\u00eb qaf\u00eb dhe t\u00eb ishte linja informale e pushtetit t\u00eb tij nga Tirana n\u00eb fshatin m\u00eb t\u00eb humbur t\u00eb Shqip\u00ebris\u00eb.<\/p>\n<p>I pagdhendur, provincial, i paditur, i palexuar, i palar\u00eb, i pangopur, i pafytyr\u00eb dhe i patru, si\u00e7 ishte gatuar, ky njeri ishte ky\u00e7i i art\u00eb p\u00ebr Sali Berish\u00ebn q\u00eb ia zgjidhte gjith\u00eb problemet n\u00eb strategjin\u00eb e tij p\u00ebr t\u00eb mbajtur gjith\u00eb pushtete vet\u00eb. Figurat politike t\u00eb PD dhe ish- disident\u00ebt e Berish\u00ebs, t\u00eb kthyer kokulur n\u00eb oborrin e tij, kishin tani nj\u00eb d\u00ebnim t\u00eb ri, t\u00eb mos kishin pun\u00eb me Sali Berish\u00ebn, por lolon ku ai kishte deleguar pushtetin.<\/p>\n<p>Militant\u00ebt e PD, ata q\u00eb shpresonin se kishte ardhur dita e tyre dhe i d\u00ebrgonin SMS Doktorit, \u00e7uditeshin kur p\u00ebrgjigjet i merrnin nga lolo i tij. Ministrat e PD, q\u00eb nga ata q\u00eb kan\u00eb pordh\u00eb t\u00eb m\u00ebdha si intelektual\u00eb dhe deri tek ata q\u00eb jan\u00eb si Muli, filluan t\u00eb ishin t\u00eb gjith\u00eb n\u00ebn kontrollin e lolos s\u00eb pushtetit. N\u00ebnkryetar\u00ebt e PD, por sidomos sekretar\u00ebt e saj, nuk guxuan q\u00eb nga viti 2005 t\u00eb shkonin ndonj\u00ebher\u00eb n\u00eb zyrat e tyre n\u00eb PD, pasi \u00e7el\u00ebsat i kishte lolo i PD, dhe n\u00ebse ata do t\u2019i k\u00ebrkonin t\u00eb shkonin n\u00eb pun\u00eb pa leje t\u00eb atij lart, dyshoheshin p\u00ebr komplot.<\/p>\n<p>N\u00eb biografin\u00eb e k\u00ebtij njeriu nuk ka asgj\u00eb se \u00e7\u2019t\u00eb mbash sh\u00ebnim. N\u00eb vitin 1990 ai ka tentuar t\u00eb futet ilegalisht n\u00eb Kosov\u00eb, \u00ebsht\u00eb ndaluar nga policia serbe, \u00ebsht\u00eb mbajtur disa dit\u00eb n\u00eb zyrat e policis\u00eb, ka firmosur nj\u00eb procesverbal dhe \u00ebsht\u00eb l\u00ebn\u00eb i lire n\u00eb tok\u00ebn shqiptare. Sot, q\u00eb p\u00ebr turpin e k\u00ebtij vendi \u00ebsht\u00eb em\u00ebruar Minist\u00ebr i Brendsh\u00ebm, \u00ebsht\u00eb mir\u00eb t\u00eb dal\u00eb para Komisionit t\u00eb Siguris\u00eb Komb\u00ebtare dhe t\u00eb jap\u00eb shpjegime \u00e7far\u00eb i ka ndodhur me sh\u00ebrbimin sekret serb dhe \u00e7far\u00eb ka firmosur. Ndoshta ka qen\u00eb nj\u00eb procedur\u00eb formale emigranti, por ai duhet t\u00eb shprehet zyrtarisht dhe parlamenti duhet t\u2019i k\u00ebrkoj\u00eb police serbe t\u00eb jap\u00eb informacion p\u00ebr k\u00ebt\u00eb.<\/p>\n<p>M\u00eb pas ai erdhi n\u00eb Tiran\u00eb si nj\u00eb student q\u00eb ia nxori shkoll\u00ebn partia dhe filloi Fakultetin e Mjek\u00ebsis\u00eb, t\u00eb cilin nuk do ta kishte mbaruar kurr\u00eb sikur t\u00eb mos binte gjithnj\u00eb nj\u00eb telefon nga PD e tipit \u201c\u00ebsht\u00eb ai djali q\u00eb mban fonin\u00eb n\u00eb miting, ka nj\u00eb provim, kaloje pak\u201d. K\u00ebshtu zvarr\u00eb pas PD p\u00ebr t\u00eb marr\u00eb ndonj\u00eb provim, p\u00ebr t\u00eb ngjitur ndonj\u00eb poster, p\u00ebr t\u00eb dal\u00eb n\u00eb ndonj\u00eb foto me Berish\u00ebn, ky njeri arriti jo vet\u00ebm t\u00eb merrte nj\u00eb diplom\u00eb mjek\u00ebsie pa ditur t\u00eb b\u00ebj\u00eb dhe nj\u00eb injeksion, por t\u00eb specializohet si pasuniversitar p\u00ebr fat t\u00eb mir\u00eb n\u00eb nj\u00eb deg\u00eb ku shumica e pacient\u00ebve nuk kan\u00eb shanse t\u00eb jetojn\u00eb, n\u00eb onkologji. Kaq \u00ebsht\u00eb gjith\u00eb dija, intelekti dhe CV e tij, e cila fillon t\u00eb shk\u00eblqej\u00eb pas vitit 2005 kur Berisha i besoi detyrat q\u00eb p\u00ebrshkrova m\u00eb lart si lolo i partis\u00eb.<\/p>\n<p>At\u00ebher\u00eb do t\u00eb desha t\u00eb pyes ata q\u00eb duken t\u00eb zem\u00ebruar dhe ata q\u00eb duan t\u00eb tallen me k\u00ebt\u00eb em\u00ebrim, se kush e ka fajin p\u00ebr k\u00ebt\u00eb degradim t\u00eb pushtetit n\u00eb Shqip\u00ebri? Pa diskutim ne t\u00eb gjith\u00eb. S\u00eb pari miqt\u00eb e mi n\u00eb PD q\u00eb sonte jan\u00eb t\u00eb shokuar se si nj\u00eb budalla u b\u00ebhet minist\u00ebr. Jan\u00eb ata q\u00eb u hapin rrug\u00eb budallenjve, mediok\u00ebrve dhe njer\u00ebzve q\u00eb Berisha i p\u00ebrdor si lolo p\u00ebr t\u00eb fyer \u00e7do personalitet t\u00eb PD dhe p\u00ebr tu treguar se pushteti \u00ebsht\u00eb nj\u00eb pasuri e tij q\u00eb ai ia hedh dhe qenit (kupto: ia jep Flamurit) dhe atyre nuk ua jep. Nga ana tjet\u00ebr dhe miqt\u00eb e mi t\u00eb opozit\u00ebs dhe koleg\u00ebt gazetar\u00eb, q\u00eb gajasen e thon\u00eb \u2018Muli minist\u00ebr, \u00ebsht\u00eb mir\u00eb t\u00eb b\u00ebhen pak m\u00eb serioz\u00eb\u2019.<\/p>\n<p>Un\u00eb nuk e b\u00ebra Flamurin minist\u00ebr. Thjesht e kuptova k\u00ebt\u00eb 5 vite m\u00eb par\u00eb kur t\u00eb gjith\u00eb e injoronin rrezikun q\u00eb Berisha kish nisur rrug\u00ebn e dikurshme t\u00eb mandatit t\u00eb fundit t\u00eb Ramiz Alis\u00eb, p\u00ebr t\u00eb zgjedhur Lenk\u00ebn, Palin, Simonin dhe lolo t\u00eb tjer\u00eb t\u00eb tij n\u00eb pushtet. P\u00ebr ta kuptuar \u00e7\u2019e ka gjetur Partin\u00eb Demokratike, shikoni me k\u00eb e nisi e me k\u00eb po e mbaron, e nisi me Pashkon, e mbyll me Boden, e nisi me Koplikun, e mbyll me Flamurin, e nisi me Zogajn, e mbyll me Aldon, e nisi me Selamin dhe po e mbyll po me Flamurin, i cili ka n\u00eb dor\u00eb dhe partin\u00eb.<\/p>\n<p>Ndaj \u201cfenomeni Flamuri\u201d nuk duhet par\u00eb as si aksident q\u00eb t\u00eb revolton, as si humor q\u00eb ta prodhon pushteti, por si nj\u00eb fenomen i rreziksh\u00ebm i degradimit t\u00eb pushtetit, i cili rrezikon \u00e7do njeri n\u00eb k\u00ebt\u00eb vend. \u00cbsht\u00eb fjala p\u00ebr nj\u00eb idiot, i cili edhe mund t\u00eb hap\u00eb zjarr, edhe mund t\u00eb prish\u00eb e t\u00eb shkat\u00ebrroj\u00eb, edhe mund t\u00eb hedh\u00eb n\u00eb er\u00eb zgjedhjet q\u00eb vijn\u00eb po mori urdh\u00ebr. Esht\u00eb nj\u00eb njeri i korruptuar, q\u00eb \u00ebsht\u00eb b\u00ebr\u00eb milioner pa pasur brek\u00eb n\u00eb byth\u00eb. Dy v\u00ebllez\u00ebrit e tij kan\u00eb arritur t\u00eb marrin sht\u00ebpi dhe n\u00eb Sarand\u00eb nga Enti Komb\u00ebtar i Banesave, nd\u00ebrkoh\u00eb q\u00eb sht\u00ebpin\u00eb e kan\u00eb n\u00eb Kuk\u00ebs dhe banimin n\u00eb Tiran\u00eb.<\/p>\n<p>Esht\u00eb nj\u00eb njeri q\u00eb ka mbledhur gjoba e bakshishe p\u00ebr \u00e7do em\u00ebrim nga \u00e7do cep i Shqip\u00ebris\u00eb, nj\u00eb njeri q\u00eb ka ngritur kompani e biznese me fushatat elektorale t\u00eb PD, nj\u00eb njeri q\u00eb ka kontrolluar luft\u00ebn e klasave kund\u00ebr \u201carmiqve t\u00eb pushtetit\u201d n\u00eb PD p\u00ebr ta paraqitur si arsye dhe leje p\u00ebr t\u00eb vjedhur. E kam provuar vet\u00eb si hak\u00ebrrehej ndaj \u00e7do njeriu q\u00eb i dilte para n\u00eb administrat\u00eb apo n\u00eb rrug\u00eb me mbiemrin tim, si \u00e7onte fadromat para sht\u00ebpis\u00eb s\u00eb prind\u00ebrve t\u00eb mi p\u00ebr t\u2019i prishur q\u00eb t\u2019i b\u00ebnte qejfin Sali Berish\u00ebs dhe si terrorizonte ministrat q\u00eb dyshohej se mund t\u00eb kishin folur n\u00eb telefon me mua apo ndonj\u00eb gazetar, armik t\u00eb qeveris\u00eb.<\/p>\n<p>Esht\u00eb nj\u00eb krijes\u00eb e p\u00ebshtir\u00eb alla kocixoxe, nj\u00eb njeri q\u00eb ka m\u00eb shum\u00eb makina se \u00e7orape si\u00e7 thot\u00eb nj\u00eb kolegu im n\u00eb k\u00ebto raste dhe pa diskutim nj\u00eb fenomen q\u00eb d\u00ebshmon se Sali Berisha jeton me paranoj\u00ebn e tradhtis\u00eb nga gjith\u00eb bashk\u00ebpun\u00ebtor\u00ebt e vet dhe \u00ebsht\u00eb kruspulluar tek nj\u00eb rreth njer\u00ebzish q\u00eb i nxjerrin frik\u00ebn ngaq\u00eb e shikojn\u00eb n\u00eb sy dhe i thon\u00eb \u201chap goj\u00ebn se na ke gati\u201d. Mos e merrni p\u00ebr budalla Flamurin, edhe pse \u00ebsht\u00eb i till\u00eb, dhe as mos e merrni p\u00ebr aksident em\u00ebrimin e tij edhe n\u00ebse e vler\u00ebsoni seriozisht qeverin\u00eb. Ai \u00ebsht\u00eb Flamuri yn\u00eb, i t\u00eb gjith\u00ebve ne q\u00eb i kemi hapur rrug\u00eb nj\u00eb plaku t\u00eb rrjedhur n\u00eb pushtet q\u00eb n\u00eb fund po ik\u00ebn duke e b\u00ebr\u00eb qesharak dhe t\u00eb pap\u00ebrgjegjsh\u00ebm pushtetin.<\/p>\n","protected":false},"excerpt":{"rendered":"<p>Nga Mero Baze, 23 Qershor 2012 Edhe pse shumica me humor, qindra mesazhe m\u00eb kan\u00eb mb\u00ebrritur k\u00ebt\u00eb t\u00eb shtun\u00eb pas em\u00ebrimit t\u00eb Flamurit Minist\u00ebr i Brendsh\u00ebm. Shum\u00eb njer\u00ebz t\u00eb PD, q\u00eb d\u00ebrgojn\u00eb mesazhe, jan\u00eb serioz\u00eb dhe m\u00eb hak\u00ebrrehen se un\u00eb duke u tallur me nj\u00eb personazh t\u00eb krijuar tek rubrika Antena dhe duke e b\u00ebr\u00eb [&hellip;]<\/p>\n","protected":false},"author":1,"featured_media":0,"comment_status":"open","ping_status":"closed","sticky":false,"template":"","format":"standard","meta":{"footnotes":""},"categories":[2],"tags":[],"class_list":{"0":"post-11897","1":"post","2":"type-post","3":"status-publish","4":"format-standard","6":"category-artikuj"},"yoast_head":"<!-- This site is optimized with the Yoast SEO plugin v27.4 - https:\/\/yoast.com\/product\/yoast-seo-wordpress\/ -->\n<title>Flamuri yn\u00eb! - FjALA e LIR\u00cb - Arkivi<\/title>\n<meta name=\"robots\" content=\"index, follow, max-snippet:-1, max-image-preview:large, max-video-preview:-1\" \/>\n<link rel=\"canonical\" href=\"https:\/\/fjala.info\/2009-2015\/flamuri-yne\/\" \/>\n<meta property=\"og:locale\" content=\"sq_AL\" \/>\n<meta property=\"og:type\" content=\"article\" \/>\n<meta property=\"og:title\" content=\"Flamuri yn\u00eb! - FjALA e LIR\u00cb - Arkivi\" \/>\n<meta property=\"og:description\" content=\"Nga Mero Baze, 23 Qershor 2012 Edhe pse shumica me humor, qindra mesazhe m\u00eb kan\u00eb mb\u00ebrritur k\u00ebt\u00eb t\u00eb shtun\u00eb pas em\u00ebrimit t\u00eb Flamurit Minist\u00ebr i Brendsh\u00ebm. Shum\u00eb njer\u00ebz t\u00eb PD, q\u00eb d\u00ebrgojn\u00eb mesazhe, jan\u00eb serioz\u00eb dhe m\u00eb hak\u00ebrrehen se un\u00eb duke u tallur me nj\u00eb personazh t\u00eb krijuar tek rubrika Antena dhe duke e b\u00ebr\u00eb [&hellip;]\" \/>\n<meta property=\"og:url\" content=\"https:\/\/fjala.info\/2009-2015\/flamuri-yne\/\" \/>\n<meta property=\"og:site_name\" content=\"FjALA e LIR\u00cb - Arkivi\" \/>\n<meta property=\"article:published_time\" content=\"2012-06-23T21:52:07+00:00\" \/>\n<meta property=\"og:image\" content=\"http:\/\/www.fjala.info\/2012\/mero_baze.jpg\" \/>\n<meta name=\"author\" content=\"admin\" \/>\n<meta name=\"twitter:card\" content=\"summary_large_image\" \/>\n<meta name=\"twitter:label1\" content=\"Written by\" \/>\n\t<meta name=\"twitter:data1\" content=\"admin\" \/>\n\t<meta name=\"twitter:label2\" content=\"Est. reading time\" \/>\n\t<meta name=\"twitter:data2\" content=\"7 minutes\" \/>\n<script type=\"application\/ld+json\" class=\"yoast-schema-graph\">{\"@context\":\"https:\\\/\\\/schema.org\",\"@graph\":[{\"@type\":\"Article\",\"@id\":\"https:\\\/\\\/fjala.info\\\/2009-2015\\\/flamuri-yne\\\/#article\",\"isPartOf\":{\"@id\":\"https:\\\/\\\/fjala.info\\\/2009-2015\\\/flamuri-yne\\\/\"},\"author\":{\"name\":\"admin\",\"@id\":\"https:\\\/\\\/fjala.info\\\/2009-2015\\\/#\\\/schema\\\/person\\\/3aa1163ef05469c496fc94e77611ada2\"},\"headline\":\"Flamuri yn\u00eb!\",\"datePublished\":\"2012-06-23T21:52:07+00:00\",\"mainEntityOfPage\":{\"@id\":\"https:\\\/\\\/fjala.info\\\/2009-2015\\\/flamuri-yne\\\/\"},\"wordCount\":1472,\"commentCount\":0,\"publisher\":{\"@id\":\"https:\\\/\\\/fjala.info\\\/2009-2015\\\/#organization\"},\"image\":{\"@id\":\"https:\\\/\\\/fjala.info\\\/2009-2015\\\/flamuri-yne\\\/#primaryimage\"},\"thumbnailUrl\":\"http:\\\/\\\/www.fjala.info\\\/2012\\\/mero_baze.jpg\",\"articleSection\":[\"Artikuj\"],\"inLanguage\":\"sq-AL\",\"potentialAction\":[{\"@type\":\"CommentAction\",\"name\":\"Comment\",\"target\":[\"https:\\\/\\\/fjala.info\\\/2009-2015\\\/flamuri-yne\\\/#respond\"]}]},{\"@type\":\"WebPage\",\"@id\":\"https:\\\/\\\/fjala.info\\\/2009-2015\\\/flamuri-yne\\\/\",\"url\":\"https:\\\/\\\/fjala.info\\\/2009-2015\\\/flamuri-yne\\\/\",\"name\":\"Flamuri yn\u00eb! - FjALA e LIR\u00cb - Arkivi\",\"isPartOf\":{\"@id\":\"https:\\\/\\\/fjala.info\\\/2009-2015\\\/#website\"},\"primaryImageOfPage\":{\"@id\":\"https:\\\/\\\/fjala.info\\\/2009-2015\\\/flamuri-yne\\\/#primaryimage\"},\"image\":{\"@id\":\"https:\\\/\\\/fjala.info\\\/2009-2015\\\/flamuri-yne\\\/#primaryimage\"},\"thumbnailUrl\":\"http:\\\/\\\/www.fjala.info\\\/2012\\\/mero_baze.jpg\",\"datePublished\":\"2012-06-23T21:52:07+00:00\",\"breadcrumb\":{\"@id\":\"https:\\\/\\\/fjala.info\\\/2009-2015\\\/flamuri-yne\\\/#breadcrumb\"},\"inLanguage\":\"sq-AL\",\"potentialAction\":[{\"@type\":\"ReadAction\",\"target\":[\"https:\\\/\\\/fjala.info\\\/2009-2015\\\/flamuri-yne\\\/\"]}]},{\"@type\":\"ImageObject\",\"inLanguage\":\"sq-AL\",\"@id\":\"https:\\\/\\\/fjala.info\\\/2009-2015\\\/flamuri-yne\\\/#primaryimage\",\"url\":\"http:\\\/\\\/www.fjala.info\\\/2012\\\/mero_baze.jpg\",\"contentUrl\":\"http:\\\/\\\/www.fjala.info\\\/2012\\\/mero_baze.jpg\"},{\"@type\":\"BreadcrumbList\",\"@id\":\"https:\\\/\\\/fjala.info\\\/2009-2015\\\/flamuri-yne\\\/#breadcrumb\",\"itemListElement\":[{\"@type\":\"ListItem\",\"position\":1,\"name\":\"Home\",\"item\":\"https:\\\/\\\/fjala.info\\\/2009-2015\\\/\"},{\"@type\":\"ListItem\",\"position\":2,\"name\":\"Flamuri yn\u00eb!\"}]},{\"@type\":\"WebSite\",\"@id\":\"https:\\\/\\\/fjala.info\\\/2009-2015\\\/#website\",\"url\":\"https:\\\/\\\/fjala.info\\\/2009-2015\\\/\",\"name\":\"FjALA e LIR\u00cb - Arkivi\",\"description\":\"Arkivi 2009-2015\",\"publisher\":{\"@id\":\"https:\\\/\\\/fjala.info\\\/2009-2015\\\/#organization\"},\"potentialAction\":[{\"@type\":\"SearchAction\",\"target\":{\"@type\":\"EntryPoint\",\"urlTemplate\":\"https:\\\/\\\/fjala.info\\\/2009-2015\\\/?s={search_term_string}\"},\"query-input\":{\"@type\":\"PropertyValueSpecification\",\"valueRequired\":true,\"valueName\":\"search_term_string\"}}],\"inLanguage\":\"sq-AL\"},{\"@type\":\"Organization\",\"@id\":\"https:\\\/\\\/fjala.info\\\/2009-2015\\\/#organization\",\"name\":\"FjALA e LIR\u00cb - Arkivi\",\"url\":\"https:\\\/\\\/fjala.info\\\/2009-2015\\\/\",\"logo\":{\"@type\":\"ImageObject\",\"inLanguage\":\"sq-AL\",\"@id\":\"https:\\\/\\\/fjala.info\\\/2009-2015\\\/#\\\/schema\\\/logo\\\/image\\\/\",\"url\":\"\",\"contentUrl\":\"\",\"caption\":\"FjALA e LIR\u00cb - Arkivi\"},\"image\":{\"@id\":\"https:\\\/\\\/fjala.info\\\/2009-2015\\\/#\\\/schema\\\/logo\\\/image\\\/\"}},{\"@type\":\"Person\",\"@id\":\"https:\\\/\\\/fjala.info\\\/2009-2015\\\/#\\\/schema\\\/person\\\/3aa1163ef05469c496fc94e77611ada2\",\"name\":\"admin\",\"image\":{\"@type\":\"ImageObject\",\"inLanguage\":\"sq-AL\",\"@id\":\"https:\\\/\\\/fjala.info\\\/2009-2015\\\/wp-content\\\/uploads\\\/2012\\\/02\\\/arben_cokaj-120x150.jpg\",\"url\":\"https:\\\/\\\/fjala.info\\\/2009-2015\\\/wp-content\\\/uploads\\\/2012\\\/02\\\/arben_cokaj-120x150.jpg\",\"contentUrl\":\"https:\\\/\\\/fjala.info\\\/2009-2015\\\/wp-content\\\/uploads\\\/2012\\\/02\\\/arben_cokaj-120x150.jpg\",\"caption\":\"admin\"},\"description\":\"Admin, Fjala e Lir\u00eb\",\"sameAs\":[\"https:\\\/\\\/fjala.info\\\/\"],\"url\":\"https:\\\/\\\/fjala.info\\\/2009-2015\\\/author\\\/admin\\\/\"}]}<\/script>\n<!-- \/ Yoast SEO plugin. -->","yoast_head_json":{"title":"Flamuri yn\u00eb! - FjALA e LIR\u00cb - Arkivi","robots":{"index":"index","follow":"follow","max-snippet":"max-snippet:-1","max-image-preview":"max-image-preview:large","max-video-preview":"max-video-preview:-1"},"canonical":"https:\/\/fjala.info\/2009-2015\/flamuri-yne\/","og_locale":"sq_AL","og_type":"article","og_title":"Flamuri yn\u00eb! - FjALA e LIR\u00cb - Arkivi","og_description":"Nga Mero Baze, 23 Qershor 2012 Edhe pse shumica me humor, qindra mesazhe m\u00eb kan\u00eb mb\u00ebrritur k\u00ebt\u00eb t\u00eb shtun\u00eb pas em\u00ebrimit t\u00eb Flamurit Minist\u00ebr i Brendsh\u00ebm. Shum\u00eb njer\u00ebz t\u00eb PD, q\u00eb d\u00ebrgojn\u00eb mesazhe, jan\u00eb serioz\u00eb dhe m\u00eb hak\u00ebrrehen se un\u00eb duke u tallur me nj\u00eb personazh t\u00eb krijuar tek rubrika Antena dhe duke e b\u00ebr\u00eb [&hellip;]","og_url":"https:\/\/fjala.info\/2009-2015\/flamuri-yne\/","og_site_name":"FjALA e LIR\u00cb - Arkivi","article_published_time":"2012-06-23T21:52:07+00:00","og_image":[{"url":"http:\/\/www.fjala.info\/2012\/mero_baze.jpg","type":"","width":"","height":""}],"author":"admin","twitter_card":"summary_large_image","twitter_misc":{"Written by":"admin","Est. reading time":"7 minutes"},"schema":{"@context":"https:\/\/schema.org","@graph":[{"@type":"Article","@id":"https:\/\/fjala.info\/2009-2015\/flamuri-yne\/#article","isPartOf":{"@id":"https:\/\/fjala.info\/2009-2015\/flamuri-yne\/"},"author":{"name":"admin","@id":"https:\/\/fjala.info\/2009-2015\/#\/schema\/person\/3aa1163ef05469c496fc94e77611ada2"},"headline":"Flamuri yn\u00eb!","datePublished":"2012-06-23T21:52:07+00:00","mainEntityOfPage":{"@id":"https:\/\/fjala.info\/2009-2015\/flamuri-yne\/"},"wordCount":1472,"commentCount":0,"publisher":{"@id":"https:\/\/fjala.info\/2009-2015\/#organization"},"image":{"@id":"https:\/\/fjala.info\/2009-2015\/flamuri-yne\/#primaryimage"},"thumbnailUrl":"http:\/\/www.fjala.info\/2012\/mero_baze.jpg","articleSection":["Artikuj"],"inLanguage":"sq-AL","potentialAction":[{"@type":"CommentAction","name":"Comment","target":["https:\/\/fjala.info\/2009-2015\/flamuri-yne\/#respond"]}]},{"@type":"WebPage","@id":"https:\/\/fjala.info\/2009-2015\/flamuri-yne\/","url":"https:\/\/fjala.info\/2009-2015\/flamuri-yne\/","name":"Flamuri yn\u00eb! - FjALA e LIR\u00cb - Arkivi","isPartOf":{"@id":"https:\/\/fjala.info\/2009-2015\/#website"},"primaryImageOfPage":{"@id":"https:\/\/fjala.info\/2009-2015\/flamuri-yne\/#primaryimage"},"image":{"@id":"https:\/\/fjala.info\/2009-2015\/flamuri-yne\/#primaryimage"},"thumbnailUrl":"http:\/\/www.fjala.info\/2012\/mero_baze.jpg","datePublished":"2012-06-23T21:52:07+00:00","breadcrumb":{"@id":"https:\/\/fjala.info\/2009-2015\/flamuri-yne\/#breadcrumb"},"inLanguage":"sq-AL","potentialAction":[{"@type":"ReadAction","target":["https:\/\/fjala.info\/2009-2015\/flamuri-yne\/"]}]},{"@type":"ImageObject","inLanguage":"sq-AL","@id":"https:\/\/fjala.info\/2009-2015\/flamuri-yne\/#primaryimage","url":"http:\/\/www.fjala.info\/2012\/mero_baze.jpg","contentUrl":"http:\/\/www.fjala.info\/2012\/mero_baze.jpg"},{"@type":"BreadcrumbList","@id":"https:\/\/fjala.info\/2009-2015\/flamuri-yne\/#breadcrumb","itemListElement":[{"@type":"ListItem","position":1,"name":"Home","item":"https:\/\/fjala.info\/2009-2015\/"},{"@type":"ListItem","position":2,"name":"Flamuri yn\u00eb!"}]},{"@type":"WebSite","@id":"https:\/\/fjala.info\/2009-2015\/#website","url":"https:\/\/fjala.info\/2009-2015\/","name":"FjALA e LIR\u00cb - Arkivi","description":"Arkivi 2009-2015","publisher":{"@id":"https:\/\/fjala.info\/2009-2015\/#organization"},"potentialAction":[{"@type":"SearchAction","target":{"@type":"EntryPoint","urlTemplate":"https:\/\/fjala.info\/2009-2015\/?s={search_term_string}"},"query-input":{"@type":"PropertyValueSpecification","valueRequired":true,"valueName":"search_term_string"}}],"inLanguage":"sq-AL"},{"@type":"Organization","@id":"https:\/\/fjala.info\/2009-2015\/#organization","name":"FjALA e LIR\u00cb - Arkivi","url":"https:\/\/fjala.info\/2009-2015\/","logo":{"@type":"ImageObject","inLanguage":"sq-AL","@id":"https:\/\/fjala.info\/2009-2015\/#\/schema\/logo\/image\/","url":"","contentUrl":"","caption":"FjALA e LIR\u00cb - Arkivi"},"image":{"@id":"https:\/\/fjala.info\/2009-2015\/#\/schema\/logo\/image\/"}},{"@type":"Person","@id":"https:\/\/fjala.info\/2009-2015\/#\/schema\/person\/3aa1163ef05469c496fc94e77611ada2","name":"admin","image":{"@type":"ImageObject","inLanguage":"sq-AL","@id":"https:\/\/fjala.info\/2009-2015\/wp-content\/uploads\/2012\/02\/arben_cokaj-120x150.jpg","url":"https:\/\/fjala.info\/2009-2015\/wp-content\/uploads\/2012\/02\/arben_cokaj-120x150.jpg","contentUrl":"https:\/\/fjala.info\/2009-2015\/wp-content\/uploads\/2012\/02\/arben_cokaj-120x150.jpg","caption":"admin"},"description":"Admin, Fjala e Lir\u00eb","sameAs":["https:\/\/fjala.info\/"],"url":"https:\/\/fjala.info\/2009-2015\/author\/admin\/"}]}},"_links":{"self":[{"href":"https:\/\/fjala.info\/2009-2015\/wp-json\/wp\/v2\/posts\/11897","targetHints":{"allow":["GET"]}}],"collection":[{"href":"https:\/\/fjala.info\/2009-2015\/wp-json\/wp\/v2\/posts"}],"about":[{"href":"https:\/\/fjala.info\/2009-2015\/wp-json\/wp\/v2\/types\/post"}],"author":[{"embeddable":true,"href":"https:\/\/fjala.info\/2009-2015\/wp-json\/wp\/v2\/users\/1"}],"replies":[{"embeddable":true,"href":"https:\/\/fjala.info\/2009-2015\/wp-json\/wp\/v2\/comments?post=11897"}],"version-history":[{"count":0,"href":"https:\/\/fjala.info\/2009-2015\/wp-json\/wp\/v2\/posts\/11897\/revisions"}],"wp:attachment":[{"href":"https:\/\/fjala.info\/2009-2015\/wp-json\/wp\/v2\/media?parent=11897"}],"wp:term":[{"taxonomy":"category","embeddable":true,"href":"https:\/\/fjala.info\/2009-2015\/wp-json\/wp\/v2\/categories?post=11897"},{"taxonomy":"post_tag","embeddable":true,"href":"https:\/\/fjala.info\/2009-2015\/wp-json\/wp\/v2\/tags?post=11897"}],"curies":[{"name":"wp","href":"https:\/\/api.w.org\/{rel}","templated":true}]}}