{"id":11896,"date":"2012-06-22T23:28:12","date_gmt":"2012-06-22T22:28:12","guid":{"rendered":"http:\/\/www.fjala.info\/?p=3370"},"modified":"2012-06-22T23:28:12","modified_gmt":"2012-06-22T22:28:12","slug":"moisiu-po-shkrihet-pasuria-per-te-pasuruar-politikanet","status":"publish","type":"post","link":"https:\/\/fjala.info\/2009-2015\/moisiu-po-shkrihet-pasuria-per-te-pasuruar-politikanet\/","title":{"rendered":"Moisiu: Po shkrihet pasuria p\u00ebr t\u00eb pasuruar politikan\u00ebt"},"content":{"rendered":"<p><img decoding=\"async\" class=\"alignleft size-thumbnail wp-image-7236\" title=\"Aleksand\u00ebr Moisiu\" src=\"http:\/\/www.fjala.info\/2012\/aleksander_moisiu1.jpg\" alt=\"\" width=\"200\" \/> <em>TIRANE<\/em> &#8211; Klasa politike shqiptare vazhdon t\u00eb injoroj\u00eb k\u00ebrkesat e popullit dhe shoq\u00ebris\u00eb civile dhe mendon vet\u00ebm p\u00ebr interesa personale, familjare e klanore. \u00cbsht\u00eb ky konstatimi i hidhur i ish-presidentit Alfred Moisiu, i cili n\u00eb nj\u00eb intervist\u00eb p\u00ebr TV A1Report dhe Shqiptarja.com ritheksoi nevoj\u00ebn e zgjedhjes s\u00eb Presidentit t\u00eb vendit nga populli pasi, sipas tij, mungon kultura politike e nevojshme q\u00eb k\u00ebt\u00eb zgjedhje ta b\u00ebjn\u00eb forcat politike.<\/p>\n<p>Ish-kreu i shtetit theksoi se shpesh z\u00ebri i tij dhe ai i ish-presidentit Mejdani bien n\u00eb vesh t\u00eb shurdh\u00ebt. Politikan\u00ebt tan\u00eb thon\u00eb: \u201cJu flisni, ne vazhdojm\u00eb pun\u00ebn ton\u00eb\u201d, tha Moisiu.<\/p>\n<p>Sipas Moisiut, pavar\u00ebsisht nga zgjedhja e presidentit respektoi teknikisht Kushtetut\u00ebn e vendit, \u201cp\u00ebrqendrimi i pushteteve n\u00eb dor\u00eb t\u00eb nj\u00eb force politike nuk \u00ebsht\u00eb gj\u00eb e mir\u00eb, jo vet\u00ebm n\u00eb kushtet tona, por n\u00eb \u00e7do vend\u201d.<\/p>\n<p>N\u00eb vijim intervista e plot\u00eb:<\/p>\n<p><strong>Zoti President, si i komentoni zgjedhjet e fundit p\u00ebr president q\u00eb nga fillimi i p\u00ebrzgjedhjes s\u00eb kandidaturave deri tek p\u00ebrzgjedhja e zotit Nishani?<\/strong><\/p>\n<p>Ne kemi nj\u00eb problem, e kemi ngritur edhe n\u00eb forumin ton\u00eb civil. N\u00eb 2010 e kam ngritur me koh\u00eb zgjedhjen e Presidentit. Ne kemi shtruar tez\u00ebn q\u00eb duhet t\u00eb nd\u00ebrhyhet n\u00eb Kushtetut\u00eb q\u00eb zgjedhjet t\u00eb b\u00ebhen nga populli. Dhe kur kam folur un\u00eb dhe mejdani kemi th\u00ebn\u00eb se kjo mund t\u00eb evitoj\u00eb pazaret politike, k\u00ebshtu \u00ebsht\u00eb situata. Deri tani n\u00eb kemi q\u00eb presidenti zgjidhet nga Parlamenti, k\u00ebt\u00eb praktike e p\u00ebrdorin edhe vendet evropiane, por sigurisht q\u00eb ato kan\u00eb nj\u00eb kultur\u00eb politike me tradit\u00eb. Kemi ngjarjen e fundit n\u00eb Greqi. E djathta propozoi nga e Majta, pse? Sepse p\u00ebrqendrimi i pushteteve n\u00eb dor\u00eb t\u00eb nj\u00eb force politike nuk \u00ebsht\u00eb gj\u00eb e mir\u00eb, jo vet\u00ebm n\u00eb kushtet tona por n\u00eb \u00e7do vend. Dua t\u00eb them q\u00eb Presidenti u zgjodh sipas Kushtetut\u00ebs, e parashikon kushtetuta jon\u00eb, \u00ebsht\u00eb plot\u00ebsisht legjitim. Un\u00eb Presidentin Nishanin e njoh prej kohe edhe kur ka qen\u00eb z\u00ebvend\u00ebs ministri. \u00cbsht\u00eb nj\u00eb ish ushtarak e njoh p\u00ebr nj\u00eb nj\u00ebri t\u00eb rregullt dhe e kam uruar. Un\u00eb shpresoj q\u00eb ai t\u00eb jet\u00eb nj\u00eb President me integritet p\u00ebr t\u00eb kap\u00ebrcyer situatat e v\u00ebshtira dhe q\u00eb n\u00eb fund t\u00eb an\u00ebtar\u00ebsohemi n\u00eb Bashkimin Europian. Un\u00eb e kam deklaruar q\u00eb puna e Presidentit \u00ebsht\u00eb nj\u00eb nga m\u00eb t\u00eb v\u00ebshtirat sepse \u00ebsht\u00eb presioni i pushtetit t\u00eb politik\u00ebs dhe kjo situat\u00eb p\u00ebr fat \u00ebsht\u00eb aktuale dhe nuk na nderon, por \u00ebsht\u00eb dhe s\u2019ke \u00e7\u2019t\u2019i b\u00ebsh deri sa gjerat t\u00eb l\u00ebvizin si\u00e7 duhet. Un\u00eb mendoj se Nishani do ta kryej detyr\u00ebn, dhe ne t\u00eb kemi nj\u00eb president legjitim p\u00ebr t\u00eb qen\u00eb mbi pal\u00ebt.<\/p>\n<p><strong>Zoti Nishani, ashtu si\u00e7 e that\u00eb edhe ju vjen nga nj\u00eb formim ushtarak, ashtu sikurse edhe ju keni qen\u00eb nj\u00eb president me profesion ushtarak. A do t\u00eb jet\u00eb po kaq i suksessh\u00ebm zoti Nishani sa keni qen\u00eb edhe ju, megjith\u00ebse keni qen\u00eb konsensual?<\/strong><\/p>\n<p>\u00cbsht\u00eb e v\u00ebrtet\u00eb q\u00eb un\u00eb kam qen\u00eb me konsensus dhe un\u00eb nuk e thash\u00eb m\u00eb kot q\u00eb presidenti ka nj\u00eb pozicion t\u00eb v\u00ebshtir\u00eb. Un\u00eb u p\u00ebrpoqa q\u00eb gjat\u00eb mandatit tim t\u00eb jem besnik i kushtetut\u00ebs dhe interesave t\u00eb popullit t\u00eb vendit tim. Ndonj\u00ebher\u00eb presidenti pengohet ndonj\u00eb her\u00eb p\u00ebr t\u00eb kryer detyr\u00ebn e tyre. Ne ushtarak\u00ebt jemi edukuar p\u00ebr t\u00eb qen\u00eb korrekt me ligjet dhe rregullat, sepse Presidenti e k\u00ebrkon k\u00ebt\u00eb p\u00ebr t\u00eb p\u00ebrballuar situat\u00ebn e v\u00ebshtir\u00eb. Pra duhet ta kesh k\u00ebt\u00eb subkoshienc\u00eb. Ne nuk jemi as t\u00eb p\u00ebrpunuesh\u00ebm p\u00ebr kompromiset, por jo se jemi kund\u00ebr kompromiseve p\u00ebr t\u00eb mir\u00eb t\u00eb vendit. Nuk jemi p\u00ebr kompromise q\u00eb kan\u00eb n\u00ebn vete djall\u00ebzi dhe interesa t\u00eb panjohura t\u00eb partive, t\u00eb personave.<\/p>\n<p><strong>Zoti President, nuk po largohem nga rajoni. Po marr shembullin e Kosov\u00ebs p\u00ebr t\u00eb th\u00ebn\u00eb se ata kan\u00eb nj\u00eb lilgj p\u00ebr statusin e ish Presidentit, nd\u00ebrsa me sa jam n\u00eb dijeni jo? Jeni nj\u00eb ish president, kush \u00ebsht\u00eb komenti juaj?<\/strong><\/p>\n<p>Jam shprehur edhe her\u00eb t\u00eb tjera q\u00eb fat t\u00eb keq jemi shum\u00eb mbrapa. Kosova ka kat\u00ebr vjet shtet dhe ka statusin e ish Presidentit. Kur kam pasur nj\u00eb takim n\u00eb Zagreb kam pasur mund\u00ebsi t\u00eb ftohem nga ish Presidenti. Dua t\u00eb flas p\u00ebr kushtet q\u00eb ka nga statusi. Ka pasur nj\u00eb vil\u00eb dy katshe me dhom\u00eb pritje, me dhom\u00eb mbledhje. Un\u00eb jam k\u00ebtu ku jam, me sekretaren time. Kjo \u00ebsht\u00eb nj\u00eb zgjedhje private q\u00eb kam b\u00ebr\u00eb. Kjo nuk \u00ebsht\u00eb mir\u00eb. P\u00ebr t\u00eb mos folur p\u00ebr rrogat&#8230; pavar\u00ebsisht \u00ebsht\u00eb p\u00ebr t\u00eb ardhur keq dhe un\u00eb shpresoj se kjo gj\u00eb duhet t\u00eb zgjidhet. Politika jon\u00eb duhet ta zgjidh, sepse cenohet respekti ndaj kreut t\u00eb shtetit. Ne po nuk respektuam veten dhe nj\u00ebri tjetrin mos presim t\u00eb na ndihmojn\u00eb t\u00eb tjer\u00ebt<\/p>\n<p><strong>A kemi ndonj\u00eb propozim konkret?<\/strong><\/p>\n<p>Projektligji \u00ebsht\u00eb. Qeveria e ka q\u00eb kur kam qen\u00eb un\u00eb President. E kam par\u00eb at\u00eb projektligj, dhe sigurisht q\u00eb pas p\u00ebrplasjeve, q\u00eb p\u00ebr mua ishin kontradikta, edhe kjo ka pasur baza subjektive sesa objektive.<\/p>\n<p><strong>Duke ditur q\u00eb ka ardhur me 73 vota, a do t\u00eb ket\u00eb nj\u00eb veprim t\u00eb m\u00ebpassh\u00ebm politik edhe institucional? Kemi rastin ku znj. Ina Rama, kryeprokurores, i p\u00ebrfundon mandati dhe zgjedhjen e kreut t\u00eb SHISH&#8230; si e shikoni?<\/strong><\/p>\n<p>\u00c7do President ka integritetin e tij dhe vizionin e tij kushtetues dhe ligjor, dhe un\u00eb e kam t\u00eb v\u00ebshtir\u00eb ta paragjykoj dhe s\u2019kam t\u00eb drejt\u00eb ta paragjykoj. Un\u00eb nuk flas p\u00ebr pasardh\u00ebsit, sepse e quaj jasht\u00eb kultur\u00ebs time personale po edhe jasht\u00eb kultur\u00ebs s\u00eb nj\u00eb presidenti. Duhet t\u00eb m\u00ebsohemi me etik\u00eb, t\u00eb respektojm\u00eb nj\u00ebri tjetrin dhe \u00ebsht\u00eb shum\u00eb e parakohshme. Un\u00eb vler\u00ebsoj dhe pres dhe kam bindjen se President Nishani do t\u00eb tregoj\u00eb integritetin e tij n\u00eb detyr\u00eb.<\/p>\n<p><strong>Dua t\u00eb flas p\u00ebr takimin e organizuar nga Ambasada Amerikane dit\u00ebn e djeshme ku pjes\u00eb kan\u00eb qen\u00eb intelektual\u00eb, p\u00ebrfaq\u00ebsues t\u00eb shoq\u00ebris\u00eb civile si dhe qytetar\u00eb. Keni dh\u00ebn\u00eb nj\u00eb mesazh t\u00eb fuqish\u00ebm. Keni k\u00ebrkuar q\u00eb protestat t\u00eb realizohen me iniciativ\u00eb t\u00eb qytetar\u00ebve dhe jo t\u00eb angazhohen nga nj\u00eb forc\u00eb politike? Nj\u00eb mesazh m\u00eb t\u00eb koncentruar p\u00ebr t\u00eb sensibilizuar opinionin publik n\u00eb lidhje me k\u00ebt\u00eb nism\u00eb t\u00eb SHBA-s\u00eb?<\/strong><\/p>\n<p>\u00cbsht\u00eb e v\u00ebrtete ajo q\u00eb that\u00eb ju, p\u00ebrve\u00e7 nj\u00eb sms edhe nj\u00eb tjet\u00ebr p\u00ebr politik\u00ebn q\u00eb nuk e d\u00ebgjon shoq\u00ebrin\u00eb civile. Por edhe kur mendon se do ta d\u00ebgjoj\u00eb thuhet\u201d \u201cJu flisni, ne do b\u00ebjm\u00eb \u00e7\u2019t\u00eb duam vet\u00eb\u201d. Kjo \u00ebsht\u00eb antikushtetuese dhe nuk p\u00ebr puthet me asnj\u00eb ligj evropian q\u00eb do i b\u00ebhemi an\u00ebtar. Un\u00eb flas nga p\u00ebrvoja ime, kur kam qen\u00eb n\u00eb krye t\u00eb shtetit kam kthyer disa ligje me PS dhe PD. Kam kthyer 7 ligje p\u00ebr PD dhe 7 ligje p\u00ebr PS. Edhe p\u00ebr k\u00ebt\u00eb Parlamenti thoshte q\u00eb s\u2019jemi dakord, pa d\u00ebrguar asnj\u00eb motivacion dhe pa i par\u00eb argumentet. Ky \u00ebsht\u00eb nj\u00eb veprim aspak demokratik. N\u00eb fund t\u00eb fundit Presidenti nuk \u00ebsht\u00eb kund\u00ebrshtar i Parlamentit as i Kryeministrit, dhe armik jo e jo, por \u00ebsht\u00eb ai njeri q\u00eb ka nj\u00eb detyr\u00eb. \u201cUn\u00eb jam n\u00eb pushtet, un\u00eb kam partin\u00eb un\u00eb vendos\u201d. At\u00ebher\u00eb kur ndahen pushtetet, Kushtetuta e ka parashikuar pra. Neve t\u00eb m\u00ebsohemi jo thjesht me fjal\u00eb, t\u00eb pranojm\u00eb rregulla, por t\u2019i p\u00ebrvet\u00ebsojm\u00eb ato dhe t\u2019i zbatojm\u00eb. Duhet q\u00eb klasa jon\u00eb politike t\u00eb mish\u00ebroj\u00eb aksiomat e njohura t\u00eb politik\u00ebs demokratike evropiane.<\/p>\n<p><strong>Kemi nj\u00eb shoq\u00ebri civile shum\u00eb t\u00eb heshtur?<\/strong><\/p>\n<p>Kjo \u00ebsht\u00eb e v\u00ebrtet\u00eb por ka edhe arsyet. N\u00eb forumin ton\u00eb kemi pasur debate, q\u00eb po flasim, po s\u2019na d\u00ebgjon nj\u00ebri. Jemi dy president\u00eb aty dhe njer\u00ebz t\u00eb njohur n\u00eb fush\u00ebn kushtetuese. E thash\u00eb q\u00eb n\u00eb fillim q\u00eb politikan\u00ebt tan\u00eb thon\u00eb \u201cJu flisni, ne vazhdojm\u00eb pun\u00ebn ton\u00eb\u201d. Un\u00eb dje kam cituar edhe nj\u00eb th\u00ebnie t\u00eb nj\u00eb studiozi anglez, i cili thot\u00eb se \u00ebsht\u00eb ekzekutivi, legjislativi, gjyq\u00ebsori, por duhet t\u00eb jet\u00eb edhe shoq\u00ebria civile pjes\u00eb e politik-b\u00ebrjes. Jan\u00eb dy gj\u00ebra t\u00eb k\u00ebqija n\u00eb klas\u00ebn politike, n\u00eb klas\u00ebn politike do t\u00eb hyj\u00eb me \u00e7do kusht dhe ta mbaj\u00eb me \u00e7do kusht. Pushtetin ta jep vota e popullit. Ti duhet t\u00eb num\u00ebrosh at\u00eb q\u00eb t\u00eb ka dh\u00ebn\u00eb populli, jo at\u00eb q\u00eb do ti. Klasa politike shikon interesat personale, familjare, klanore, partiake&#8230; dhe \u00e7far\u00eb mbetet p\u00ebr popullin.<\/p>\n<p><strong>Dua t\u00eb citoj nj\u00eb shprehje q\u00eb ju e keni th\u00ebn\u00eb dje. \u201cUn\u00eb si nj\u00eb ish-President i juaj, Alfred Moisiu, do t\u00eb nxis m\u00eb shum\u00eb zyrtar\u00ebt e rinj t\u00eb zgjedhur p\u00ebr t\u00eb zgjuar idet\u00eb q\u00eb do t\u00eb paraqesin bashk\u00ebkomb\u00ebsit tan\u00eb\u201d. Kush \u00ebsht\u00eb mesazhi?<\/strong><\/p>\n<p>Un\u00eb sa t\u00eb marr frym\u00eb nuk do t\u00eb rresht p\u00ebr t\u00eb punuar p\u00ebr vendin tim, se duke punuar p\u00ebr vendin tim punoj p\u00ebr nipin, mbes\u00ebn e st\u00ebrmbes\u00ebn dhe punoj p\u00ebr gjith\u00eb shqiptar\u00ebt. Dhe pik\u00ebrisht duke p\u00ebrdorur p\u00ebrvoj\u00ebn time, njohjen time, d\u00ebshir\u00ebn time, do t\u00eb kontribuoj p\u00ebr Shqip\u00ebrin\u00eb deri sa t\u00eb marr frym\u00eb. Un\u00eb i p\u00ebrmbahem amanetit t\u00eb t\u00eb par\u00ebve tani n\u00eb k\u00ebt\u00eb 100 vjetor. Ata shkrin\u00eb pasurin\u00eb p\u00ebr t\u00eb b\u00ebr\u00eb Shqip\u00ebrin\u00eb, por sot po shkrihet pasuria p\u00ebr t\u00eb pasuruar politikan\u00ebt.<\/p>\n<p><strong>Si po ju duken aktivitetet q\u00eb po b\u00ebhen n\u00eb 100 vjetorin e pavar\u00ebsis\u00eb?<\/strong><\/p>\n<p>Un\u00eb nuk doja t\u00eb ishte k\u00ebshtu, do t\u00eb doja t\u00eb ishte krejt ndryshe, por nuk varet nga un\u00eb.<\/p>\n<p>(<em>fc\/im\/shqiptarja.com<\/em>)<\/p>\n","protected":false},"excerpt":{"rendered":"<p>TIRANE &#8211; Klasa politike shqiptare vazhdon t\u00eb injoroj\u00eb k\u00ebrkesat e popullit dhe shoq\u00ebris\u00eb civile dhe mendon vet\u00ebm p\u00ebr interesa personale, familjare e klanore. \u00cbsht\u00eb ky konstatimi i hidhur i ish-presidentit Alfred Moisiu, i cili n\u00eb nj\u00eb intervist\u00eb p\u00ebr TV A1Report dhe Shqiptarja.com ritheksoi nevoj\u00ebn e zgjedhjes s\u00eb Presidentit t\u00eb vendit nga populli pasi, sipas tij, [&hellip;]<\/p>\n","protected":false},"author":1,"featured_media":0,"comment_status":"open","ping_status":"closed","sticky":false,"template":"","format":"standard","meta":{"footnotes":""},"categories":[2,4],"tags":[],"class_list":{"0":"post-11896","1":"post","2":"type-post","3":"status-publish","4":"format-standard","6":"category-artikuj","7":"category-intervista"},"yoast_head":"<!-- This site is optimized with the Yoast SEO plugin v27.4 - https:\/\/yoast.com\/product\/yoast-seo-wordpress\/ -->\n<title>Moisiu: Po shkrihet pasuria p\u00ebr t\u00eb pasuruar politikan\u00ebt - FjALA e LIR\u00cb - Arkivi<\/title>\n<meta name=\"robots\" content=\"index, follow, max-snippet:-1, max-image-preview:large, max-video-preview:-1\" \/>\n<link rel=\"canonical\" href=\"https:\/\/fjala.info\/2009-2015\/moisiu-po-shkrihet-pasuria-per-te-pasuruar-politikanet\/\" \/>\n<meta property=\"og:locale\" content=\"sq_AL\" \/>\n<meta property=\"og:type\" content=\"article\" \/>\n<meta property=\"og:title\" content=\"Moisiu: Po shkrihet pasuria p\u00ebr t\u00eb pasuruar politikan\u00ebt - FjALA e LIR\u00cb - Arkivi\" \/>\n<meta property=\"og:description\" content=\"TIRANE &#8211; Klasa politike shqiptare vazhdon t\u00eb injoroj\u00eb k\u00ebrkesat e popullit dhe shoq\u00ebris\u00eb civile dhe mendon vet\u00ebm p\u00ebr interesa personale, familjare e klanore. \u00cbsht\u00eb ky konstatimi i hidhur i ish-presidentit Alfred Moisiu, i cili n\u00eb nj\u00eb intervist\u00eb p\u00ebr TV A1Report dhe Shqiptarja.com ritheksoi nevoj\u00ebn e zgjedhjes s\u00eb Presidentit t\u00eb vendit nga populli pasi, sipas tij, [&hellip;]\" \/>\n<meta property=\"og:url\" content=\"https:\/\/fjala.info\/2009-2015\/moisiu-po-shkrihet-pasuria-per-te-pasuruar-politikanet\/\" \/>\n<meta property=\"og:site_name\" content=\"FjALA e LIR\u00cb - Arkivi\" \/>\n<meta property=\"article:published_time\" content=\"2012-06-22T22:28:12+00:00\" \/>\n<meta property=\"og:image\" content=\"http:\/\/www.fjala.info\/2012\/aleksander_moisiu1.jpg\" \/>\n<meta name=\"author\" content=\"admin\" \/>\n<meta name=\"twitter:card\" content=\"summary_large_image\" \/>\n<meta name=\"twitter:label1\" content=\"Written by\" \/>\n\t<meta name=\"twitter:data1\" content=\"admin\" \/>\n\t<meta name=\"twitter:label2\" content=\"Est. reading time\" \/>\n\t<meta name=\"twitter:data2\" content=\"8 minutes\" \/>\n<script type=\"application\/ld+json\" class=\"yoast-schema-graph\">{\"@context\":\"https:\\\/\\\/schema.org\",\"@graph\":[{\"@type\":\"Article\",\"@id\":\"https:\\\/\\\/fjala.info\\\/2009-2015\\\/moisiu-po-shkrihet-pasuria-per-te-pasuruar-politikanet\\\/#article\",\"isPartOf\":{\"@id\":\"https:\\\/\\\/fjala.info\\\/2009-2015\\\/moisiu-po-shkrihet-pasuria-per-te-pasuruar-politikanet\\\/\"},\"author\":{\"name\":\"admin\",\"@id\":\"https:\\\/\\\/fjala.info\\\/2009-2015\\\/#\\\/schema\\\/person\\\/3aa1163ef05469c496fc94e77611ada2\"},\"headline\":\"Moisiu: Po shkrihet pasuria p\u00ebr t\u00eb pasuruar politikan\u00ebt\",\"datePublished\":\"2012-06-22T22:28:12+00:00\",\"mainEntityOfPage\":{\"@id\":\"https:\\\/\\\/fjala.info\\\/2009-2015\\\/moisiu-po-shkrihet-pasuria-per-te-pasuruar-politikanet\\\/\"},\"wordCount\":1647,\"commentCount\":0,\"publisher\":{\"@id\":\"https:\\\/\\\/fjala.info\\\/2009-2015\\\/#organization\"},\"image\":{\"@id\":\"https:\\\/\\\/fjala.info\\\/2009-2015\\\/moisiu-po-shkrihet-pasuria-per-te-pasuruar-politikanet\\\/#primaryimage\"},\"thumbnailUrl\":\"http:\\\/\\\/www.fjala.info\\\/2012\\\/aleksander_moisiu1.jpg\",\"articleSection\":[\"Artikuj\",\"Intervista\"],\"inLanguage\":\"sq-AL\",\"potentialAction\":[{\"@type\":\"CommentAction\",\"name\":\"Comment\",\"target\":[\"https:\\\/\\\/fjala.info\\\/2009-2015\\\/moisiu-po-shkrihet-pasuria-per-te-pasuruar-politikanet\\\/#respond\"]}]},{\"@type\":\"WebPage\",\"@id\":\"https:\\\/\\\/fjala.info\\\/2009-2015\\\/moisiu-po-shkrihet-pasuria-per-te-pasuruar-politikanet\\\/\",\"url\":\"https:\\\/\\\/fjala.info\\\/2009-2015\\\/moisiu-po-shkrihet-pasuria-per-te-pasuruar-politikanet\\\/\",\"name\":\"Moisiu: Po shkrihet pasuria p\u00ebr t\u00eb pasuruar politikan\u00ebt - FjALA e LIR\u00cb - Arkivi\",\"isPartOf\":{\"@id\":\"https:\\\/\\\/fjala.info\\\/2009-2015\\\/#website\"},\"primaryImageOfPage\":{\"@id\":\"https:\\\/\\\/fjala.info\\\/2009-2015\\\/moisiu-po-shkrihet-pasuria-per-te-pasuruar-politikanet\\\/#primaryimage\"},\"image\":{\"@id\":\"https:\\\/\\\/fjala.info\\\/2009-2015\\\/moisiu-po-shkrihet-pasuria-per-te-pasuruar-politikanet\\\/#primaryimage\"},\"thumbnailUrl\":\"http:\\\/\\\/www.fjala.info\\\/2012\\\/aleksander_moisiu1.jpg\",\"datePublished\":\"2012-06-22T22:28:12+00:00\",\"breadcrumb\":{\"@id\":\"https:\\\/\\\/fjala.info\\\/2009-2015\\\/moisiu-po-shkrihet-pasuria-per-te-pasuruar-politikanet\\\/#breadcrumb\"},\"inLanguage\":\"sq-AL\",\"potentialAction\":[{\"@type\":\"ReadAction\",\"target\":[\"https:\\\/\\\/fjala.info\\\/2009-2015\\\/moisiu-po-shkrihet-pasuria-per-te-pasuruar-politikanet\\\/\"]}]},{\"@type\":\"ImageObject\",\"inLanguage\":\"sq-AL\",\"@id\":\"https:\\\/\\\/fjala.info\\\/2009-2015\\\/moisiu-po-shkrihet-pasuria-per-te-pasuruar-politikanet\\\/#primaryimage\",\"url\":\"http:\\\/\\\/www.fjala.info\\\/2012\\\/aleksander_moisiu1.jpg\",\"contentUrl\":\"http:\\\/\\\/www.fjala.info\\\/2012\\\/aleksander_moisiu1.jpg\"},{\"@type\":\"BreadcrumbList\",\"@id\":\"https:\\\/\\\/fjala.info\\\/2009-2015\\\/moisiu-po-shkrihet-pasuria-per-te-pasuruar-politikanet\\\/#breadcrumb\",\"itemListElement\":[{\"@type\":\"ListItem\",\"position\":1,\"name\":\"Home\",\"item\":\"https:\\\/\\\/fjala.info\\\/2009-2015\\\/\"},{\"@type\":\"ListItem\",\"position\":2,\"name\":\"Moisiu: Po shkrihet pasuria p\u00ebr t\u00eb pasuruar politikan\u00ebt\"}]},{\"@type\":\"WebSite\",\"@id\":\"https:\\\/\\\/fjala.info\\\/2009-2015\\\/#website\",\"url\":\"https:\\\/\\\/fjala.info\\\/2009-2015\\\/\",\"name\":\"FjALA e LIR\u00cb - Arkivi\",\"description\":\"Arkivi 2009-2015\",\"publisher\":{\"@id\":\"https:\\\/\\\/fjala.info\\\/2009-2015\\\/#organization\"},\"potentialAction\":[{\"@type\":\"SearchAction\",\"target\":{\"@type\":\"EntryPoint\",\"urlTemplate\":\"https:\\\/\\\/fjala.info\\\/2009-2015\\\/?s={search_term_string}\"},\"query-input\":{\"@type\":\"PropertyValueSpecification\",\"valueRequired\":true,\"valueName\":\"search_term_string\"}}],\"inLanguage\":\"sq-AL\"},{\"@type\":\"Organization\",\"@id\":\"https:\\\/\\\/fjala.info\\\/2009-2015\\\/#organization\",\"name\":\"FjALA e LIR\u00cb - Arkivi\",\"url\":\"https:\\\/\\\/fjala.info\\\/2009-2015\\\/\",\"logo\":{\"@type\":\"ImageObject\",\"inLanguage\":\"sq-AL\",\"@id\":\"https:\\\/\\\/fjala.info\\\/2009-2015\\\/#\\\/schema\\\/logo\\\/image\\\/\",\"url\":\"\",\"contentUrl\":\"\",\"caption\":\"FjALA e LIR\u00cb - Arkivi\"},\"image\":{\"@id\":\"https:\\\/\\\/fjala.info\\\/2009-2015\\\/#\\\/schema\\\/logo\\\/image\\\/\"}},{\"@type\":\"Person\",\"@id\":\"https:\\\/\\\/fjala.info\\\/2009-2015\\\/#\\\/schema\\\/person\\\/3aa1163ef05469c496fc94e77611ada2\",\"name\":\"admin\",\"image\":{\"@type\":\"ImageObject\",\"inLanguage\":\"sq-AL\",\"@id\":\"https:\\\/\\\/fjala.info\\\/2009-2015\\\/wp-content\\\/uploads\\\/2012\\\/02\\\/arben_cokaj-120x150.jpg\",\"url\":\"https:\\\/\\\/fjala.info\\\/2009-2015\\\/wp-content\\\/uploads\\\/2012\\\/02\\\/arben_cokaj-120x150.jpg\",\"contentUrl\":\"https:\\\/\\\/fjala.info\\\/2009-2015\\\/wp-content\\\/uploads\\\/2012\\\/02\\\/arben_cokaj-120x150.jpg\",\"caption\":\"admin\"},\"description\":\"Admin, Fjala e Lir\u00eb\",\"sameAs\":[\"https:\\\/\\\/fjala.info\\\/\"],\"url\":\"https:\\\/\\\/fjala.info\\\/2009-2015\\\/author\\\/admin\\\/\"}]}<\/script>\n<!-- \/ Yoast SEO plugin. -->","yoast_head_json":{"title":"Moisiu: Po shkrihet pasuria p\u00ebr t\u00eb pasuruar politikan\u00ebt - FjALA e LIR\u00cb - Arkivi","robots":{"index":"index","follow":"follow","max-snippet":"max-snippet:-1","max-image-preview":"max-image-preview:large","max-video-preview":"max-video-preview:-1"},"canonical":"https:\/\/fjala.info\/2009-2015\/moisiu-po-shkrihet-pasuria-per-te-pasuruar-politikanet\/","og_locale":"sq_AL","og_type":"article","og_title":"Moisiu: Po shkrihet pasuria p\u00ebr t\u00eb pasuruar politikan\u00ebt - FjALA e LIR\u00cb - Arkivi","og_description":"TIRANE &#8211; Klasa politike shqiptare vazhdon t\u00eb injoroj\u00eb k\u00ebrkesat e popullit dhe shoq\u00ebris\u00eb civile dhe mendon vet\u00ebm p\u00ebr interesa personale, familjare e klanore. \u00cbsht\u00eb ky konstatimi i hidhur i ish-presidentit Alfred Moisiu, i cili n\u00eb nj\u00eb intervist\u00eb p\u00ebr TV A1Report dhe Shqiptarja.com ritheksoi nevoj\u00ebn e zgjedhjes s\u00eb Presidentit t\u00eb vendit nga populli pasi, sipas tij, [&hellip;]","og_url":"https:\/\/fjala.info\/2009-2015\/moisiu-po-shkrihet-pasuria-per-te-pasuruar-politikanet\/","og_site_name":"FjALA e LIR\u00cb - Arkivi","article_published_time":"2012-06-22T22:28:12+00:00","og_image":[{"url":"http:\/\/www.fjala.info\/2012\/aleksander_moisiu1.jpg","type":"","width":"","height":""}],"author":"admin","twitter_card":"summary_large_image","twitter_misc":{"Written by":"admin","Est. reading time":"8 minutes"},"schema":{"@context":"https:\/\/schema.org","@graph":[{"@type":"Article","@id":"https:\/\/fjala.info\/2009-2015\/moisiu-po-shkrihet-pasuria-per-te-pasuruar-politikanet\/#article","isPartOf":{"@id":"https:\/\/fjala.info\/2009-2015\/moisiu-po-shkrihet-pasuria-per-te-pasuruar-politikanet\/"},"author":{"name":"admin","@id":"https:\/\/fjala.info\/2009-2015\/#\/schema\/person\/3aa1163ef05469c496fc94e77611ada2"},"headline":"Moisiu: Po shkrihet pasuria p\u00ebr t\u00eb pasuruar politikan\u00ebt","datePublished":"2012-06-22T22:28:12+00:00","mainEntityOfPage":{"@id":"https:\/\/fjala.info\/2009-2015\/moisiu-po-shkrihet-pasuria-per-te-pasuruar-politikanet\/"},"wordCount":1647,"commentCount":0,"publisher":{"@id":"https:\/\/fjala.info\/2009-2015\/#organization"},"image":{"@id":"https:\/\/fjala.info\/2009-2015\/moisiu-po-shkrihet-pasuria-per-te-pasuruar-politikanet\/#primaryimage"},"thumbnailUrl":"http:\/\/www.fjala.info\/2012\/aleksander_moisiu1.jpg","articleSection":["Artikuj","Intervista"],"inLanguage":"sq-AL","potentialAction":[{"@type":"CommentAction","name":"Comment","target":["https:\/\/fjala.info\/2009-2015\/moisiu-po-shkrihet-pasuria-per-te-pasuruar-politikanet\/#respond"]}]},{"@type":"WebPage","@id":"https:\/\/fjala.info\/2009-2015\/moisiu-po-shkrihet-pasuria-per-te-pasuruar-politikanet\/","url":"https:\/\/fjala.info\/2009-2015\/moisiu-po-shkrihet-pasuria-per-te-pasuruar-politikanet\/","name":"Moisiu: Po shkrihet pasuria p\u00ebr t\u00eb pasuruar politikan\u00ebt - FjALA e LIR\u00cb - Arkivi","isPartOf":{"@id":"https:\/\/fjala.info\/2009-2015\/#website"},"primaryImageOfPage":{"@id":"https:\/\/fjala.info\/2009-2015\/moisiu-po-shkrihet-pasuria-per-te-pasuruar-politikanet\/#primaryimage"},"image":{"@id":"https:\/\/fjala.info\/2009-2015\/moisiu-po-shkrihet-pasuria-per-te-pasuruar-politikanet\/#primaryimage"},"thumbnailUrl":"http:\/\/www.fjala.info\/2012\/aleksander_moisiu1.jpg","datePublished":"2012-06-22T22:28:12+00:00","breadcrumb":{"@id":"https:\/\/fjala.info\/2009-2015\/moisiu-po-shkrihet-pasuria-per-te-pasuruar-politikanet\/#breadcrumb"},"inLanguage":"sq-AL","potentialAction":[{"@type":"ReadAction","target":["https:\/\/fjala.info\/2009-2015\/moisiu-po-shkrihet-pasuria-per-te-pasuruar-politikanet\/"]}]},{"@type":"ImageObject","inLanguage":"sq-AL","@id":"https:\/\/fjala.info\/2009-2015\/moisiu-po-shkrihet-pasuria-per-te-pasuruar-politikanet\/#primaryimage","url":"http:\/\/www.fjala.info\/2012\/aleksander_moisiu1.jpg","contentUrl":"http:\/\/www.fjala.info\/2012\/aleksander_moisiu1.jpg"},{"@type":"BreadcrumbList","@id":"https:\/\/fjala.info\/2009-2015\/moisiu-po-shkrihet-pasuria-per-te-pasuruar-politikanet\/#breadcrumb","itemListElement":[{"@type":"ListItem","position":1,"name":"Home","item":"https:\/\/fjala.info\/2009-2015\/"},{"@type":"ListItem","position":2,"name":"Moisiu: Po shkrihet pasuria p\u00ebr t\u00eb pasuruar politikan\u00ebt"}]},{"@type":"WebSite","@id":"https:\/\/fjala.info\/2009-2015\/#website","url":"https:\/\/fjala.info\/2009-2015\/","name":"FjALA e LIR\u00cb - Arkivi","description":"Arkivi 2009-2015","publisher":{"@id":"https:\/\/fjala.info\/2009-2015\/#organization"},"potentialAction":[{"@type":"SearchAction","target":{"@type":"EntryPoint","urlTemplate":"https:\/\/fjala.info\/2009-2015\/?s={search_term_string}"},"query-input":{"@type":"PropertyValueSpecification","valueRequired":true,"valueName":"search_term_string"}}],"inLanguage":"sq-AL"},{"@type":"Organization","@id":"https:\/\/fjala.info\/2009-2015\/#organization","name":"FjALA e LIR\u00cb - Arkivi","url":"https:\/\/fjala.info\/2009-2015\/","logo":{"@type":"ImageObject","inLanguage":"sq-AL","@id":"https:\/\/fjala.info\/2009-2015\/#\/schema\/logo\/image\/","url":"","contentUrl":"","caption":"FjALA e LIR\u00cb - Arkivi"},"image":{"@id":"https:\/\/fjala.info\/2009-2015\/#\/schema\/logo\/image\/"}},{"@type":"Person","@id":"https:\/\/fjala.info\/2009-2015\/#\/schema\/person\/3aa1163ef05469c496fc94e77611ada2","name":"admin","image":{"@type":"ImageObject","inLanguage":"sq-AL","@id":"https:\/\/fjala.info\/2009-2015\/wp-content\/uploads\/2012\/02\/arben_cokaj-120x150.jpg","url":"https:\/\/fjala.info\/2009-2015\/wp-content\/uploads\/2012\/02\/arben_cokaj-120x150.jpg","contentUrl":"https:\/\/fjala.info\/2009-2015\/wp-content\/uploads\/2012\/02\/arben_cokaj-120x150.jpg","caption":"admin"},"description":"Admin, Fjala e Lir\u00eb","sameAs":["https:\/\/fjala.info\/"],"url":"https:\/\/fjala.info\/2009-2015\/author\/admin\/"}]}},"_links":{"self":[{"href":"https:\/\/fjala.info\/2009-2015\/wp-json\/wp\/v2\/posts\/11896","targetHints":{"allow":["GET"]}}],"collection":[{"href":"https:\/\/fjala.info\/2009-2015\/wp-json\/wp\/v2\/posts"}],"about":[{"href":"https:\/\/fjala.info\/2009-2015\/wp-json\/wp\/v2\/types\/post"}],"author":[{"embeddable":true,"href":"https:\/\/fjala.info\/2009-2015\/wp-json\/wp\/v2\/users\/1"}],"replies":[{"embeddable":true,"href":"https:\/\/fjala.info\/2009-2015\/wp-json\/wp\/v2\/comments?post=11896"}],"version-history":[{"count":0,"href":"https:\/\/fjala.info\/2009-2015\/wp-json\/wp\/v2\/posts\/11896\/revisions"}],"wp:attachment":[{"href":"https:\/\/fjala.info\/2009-2015\/wp-json\/wp\/v2\/media?parent=11896"}],"wp:term":[{"taxonomy":"category","embeddable":true,"href":"https:\/\/fjala.info\/2009-2015\/wp-json\/wp\/v2\/categories?post=11896"},{"taxonomy":"post_tag","embeddable":true,"href":"https:\/\/fjala.info\/2009-2015\/wp-json\/wp\/v2\/tags?post=11896"}],"curies":[{"name":"wp","href":"https:\/\/api.w.org\/{rel}","templated":true}]}}