{"id":11894,"date":"2012-06-21T22:25:16","date_gmt":"2012-06-21T21:25:16","guid":{"rendered":"http:\/\/www.fjala.info\/?p=3358"},"modified":"2012-06-21T22:25:16","modified_gmt":"2012-06-21T21:25:16","slug":"tek-tegu-tek-tegu","status":"publish","type":"post","link":"https:\/\/fjala.info\/2009-2015\/tek-tegu-tek-tegu\/","title":{"rendered":"Tek Tegu, tek Tegu!"},"content":{"rendered":"<p><img decoding=\"async\" class=\"alignright size-thumbnail wp-image-7236\" title=\"Mero Baze\" src=\"http:\/\/www.fjala.info\/2012\/mero_baze.jpg\" alt=\"\" width=\"150\" \/> Nga <strong>Mero Baze<\/strong>, <em>21 Qershor 2012<\/em><\/p>\n<p>Kemi dy raste p\u00ebr t\u00eb cilat opinioni publik \u00ebsht\u00eb i d\u00ebshp\u00ebruar nga pamund\u00ebsia p\u00ebr t\u00eb ndalur makut\u00ebrin\u00eb e pushtetit. E para \u00ebsht\u00eb historia e nj\u00eb tenderi p\u00ebr lotarin\u00eb komb\u00ebtare, ku nj\u00eb kompani austriake ofron publikisht planin e saj t\u00eb biznesit p\u00ebr t\u00eb marr\u00eb shumic\u00ebn e t\u00eb ardhurave t\u00eb lotaris\u00eb komb\u00ebtare n\u00eb raport me buxhetin e shtetit dhe qeveria ka shkualifikuar gjith\u00eb konkurrent\u00ebt e tjer\u00eb, q\u00eb synojn\u00eb t\u2019i japin m\u00eb shum\u00eb lek buxhetit dhe po shkon drejt shpalljes fituese t\u00eb kompanis\u00eb austriake. Rasti i dyt\u00eb, edhe m\u00eb i dhimbsh\u00ebm, ka t\u00eb b\u00ebj\u00eb me Lul\u00ebzim Bash\u00ebn.<\/p>\n<p>Ai po shkat\u00ebrron pa projekt, pa transparenc\u00eb dhe pa u miratuar ende plani rregullues i Tiran\u00ebs rreth 7 hektar\u00eb nga pjesa m\u00eb e bukur e Parkut Komb\u00ebtar t\u00eb Tiran\u00ebs, p\u00ebrfshi dhe objekte me vler\u00eb historike p\u00ebr t\u00eb \u00e7uar rrug\u00ebn e zgjeruar tek nj\u00eb qend\u00ebr biznesi, p\u00ebr t\u00eb cil\u00ebn deri tani jan\u00eb b\u00ebr\u00eb dy autostrada, nj\u00eb per\u00ebndim-lindje dhe tjetra veri-lindje. Un\u00eb nuk e di sa ka kushtuar biznesi i k\u00ebtij biznesmeni t\u00eb oborrit, pasi ai nuk besohet as kur hesht, por di t\u00eb them se qytetar\u00ebve t\u00eb Shqip\u00ebris\u00eb u ka kushtuar nga buxheti i tyre p\u00ebr shkak t\u00eb kapjes s\u00eb shtetit nga ky biznesmen, rreth 30 milion\u00eb euro rrug\u00eb posa\u00e7\u00ebrisht p\u00ebr k\u00ebt\u00eb biznesmen q\u00eb krekoset n\u00eb zyrat e shtetit sikur t\u2019i ket\u00eb pron\u00eb t\u00eb vet\u00ebn.<\/p>\n<p>Duke pretenduar se ka kapur shtetin dhe i ka mbyllur vende-vende goj\u00ebn dhe opozit\u00ebs, ai ka inkurajuar kukull\u00ebn q\u00eb drejton Bashkin\u00eb e Tiran\u00ebs t\u00eb kombinoj\u00eb interesa t\u00eb tjera me Familjen n\u00eb pushtet dhe t\u00eb shkat\u00ebrrojn\u00eb nj\u00eb pasuri komb\u00ebtare dhe historike, pa plan, pa transparenc\u00eb, pa p\u00ebrgjegj\u00ebsi dhe mbi t\u00eb gjitha me nj\u00eb arroganc\u00eb q\u00eb t\u00eb irriton n\u00eb at\u00eb shkall\u00eb sa t\u00eb mbledh\u00ebsh mij\u00ebra njer\u00ebz aty ku priten pem\u00ebt dhe t\u2019i \u00e7osh drejt biznesit t\u00eb atij q\u00eb po shkat\u00ebrron Tiran\u00ebn p\u00ebr t\u00eb fituar miliona p\u00ebr vete.<\/p>\n<p>N\u00eb nj\u00eb shoq\u00ebri t\u00eb till\u00eb ku n\u00eb vend t\u00eb p\u00ebrgjigjes p\u00ebr revolt\u00ebn qytetare merr arroganc\u00ebn e disa biznesmen\u00ebve byth\u00ebm\u00ebdhenj, q\u00eb e kan\u00eb fjalorin e biznesit t\u00eb tyre t\u00eb kufizuar n\u00eb pes\u00eb emra politikan\u00ebsh dhe dhjet\u00eb emra sekser\u00ebsh, rruga e duhur \u00ebsht\u00eb t\u2019i p\u00ebrgjigjesh dhun\u00ebs ndaj publikut me dhun\u00eb. N\u00ebse Lul\u00ebzim Basha, Sali Berisha, dhe sh\u00ebrb\u00ebtori i tyre i pafytyr\u00eb Ridvan Bode, mendojn\u00eb se biznesi i sekserit te tij vlen m\u00eb shum\u00eb se Parku Komb\u00ebtar i Tiran\u00ebs, at\u00ebher\u00eb ne duhet t\u2019i tregojm\u00eb se biznesi i k\u00ebtij t\u00eb fundit mund t\u00eb kthehet n\u00eb nj\u00eb pirg me gur\u00eb dhe d\u00ebrrasa t\u00eb djegura me po at\u00eb shpejt\u00ebsi q\u00eb k\u00ebta njer\u00ebz t\u00eb kapur nga mafia po kthejn\u00eb n\u00eb beton dhe pallate Parkun Komb\u00ebtar dhe vlerat e tij historike dhe ekologjike. Askush t\u00eb mos \u00e7uditet nj\u00eb dit\u00eb se arroganca prodhon m\u00eb shum\u00eb urrejtje tek qytetar\u00ebt se sa vet\u00eb zullumi q\u00eb ata b\u00ebjn\u00eb.<\/p>\n<p>Nj\u00ebsoj si n\u00eb rastin e Parkut ku askush nuk t\u00eb p\u00ebrgjigjet p\u00ebr shqet\u00ebsimin publik, po ashtu dhe n\u00eb rastin e lotaris\u00eb komb\u00ebtare, n\u00eb kulmin e kriz\u00ebs ekonomike, d\u00ebgjojm\u00eb Ridvan Boden q\u00eb flet si\u00e7 ia k\u00ebrkojn\u00eb t\u00eb nj\u00ebjtit biznesmen\u00eb q\u00eb diktojn\u00eb qeverin\u00eb. Aq qesharak \u00ebsht\u00eb b\u00ebr\u00eb Ridvan Bode si minist\u00ebr i Financave t\u00eb Shqip\u00ebris\u00eb, sa p\u00ebr \u00e7do skandal apo korrupsion publik, ai nj\u00eb her\u00eb ka arsyetim \u00e7mimin, nj\u00eb her\u00eb seriozitetin e kompanis\u00eb, n\u00eb var\u00ebsi t\u00eb oreksit t\u00eb biznesmen\u00ebve t\u00eb oborrit. K\u00ebshtu, sa her\u00eb q\u00eb n\u00eb loj\u00eb jan\u00eb biznesmen\u00eb austriak\u00eb, atje ku i biri i Berish\u00ebs shkon zakonisht fundjavave, dhe biznesmeni i oborrit Zamir Mane ka rezidenc\u00ebn e vet kryesore, gjithmon\u00eb p\u00ebr Ridvan Boden nuk ka r\u00ebnd\u00ebsi \u00e7mimi i lart\u00eb q\u00eb paguajm\u00eb, por serioziteti i kompanis\u00eb.<\/p>\n<p>T\u00eb gjith\u00eb e pam\u00eb se si u zhvillua tenderi p\u00ebr parlamentin e ri q\u00eb pretendojn\u00eb t\u00eb nd\u00ebrtojn\u00eb tek Piramida. Gazetat austriake e dhan\u00eb emrin e fituesit para se t\u00eb b\u00ebhej ekspozita n\u00eb Tiran\u00eb. Pastaj si p\u00ebr t\u00eb zbardhur faqen, Berisha tha fillimisht se nuk do t\u2019ia jepnin kompanis\u00eb austriake. Pastaj pas uikendeve n\u00eb Vjen\u00eb t\u00eb pjes\u00ebtar\u00ebve t\u00eb Familjes dhe udh\u00ebtimeve n\u00eb Tiran\u00eb t\u00eb Grosrukut, Berisha n\u00eb krah t\u00eb Bodes tha pa asnj\u00eb skrupull se \u00e7mimi i lart\u00eb nuk ka r\u00ebnd\u00ebsi, r\u00ebnd\u00ebsi ka ta fitoj\u00eb kompania serioze austriake.<\/p>\n<p>Disa muaj m\u00eb von\u00eb ky njeri i pafytyr\u00eb anuloi tenderin e linj\u00ebs s\u00eb interkonjeksionit Shqip\u00ebri-Kosov\u00eb, duke ia hequr nj\u00eb kompanie serioze p\u00ebr t\u2019ia dh\u00ebn\u00eb nj\u00eb serbo-boshnjaku q\u00eb fle n\u00eb sht\u00ebpin\u00eb e tij, duke th\u00ebn\u00eb se kishte \u00e7mim m\u00eb t\u00eb ul\u00ebt dhe se nuk kishte r\u00ebnd\u00ebsi serioziteti i kompanis\u00eb q\u00eb rekomandonte banka gjermane si financuese e nj\u00eb projekti me r\u00ebnd\u00ebsi komb\u00ebtare. Tani jemi krejt n\u00eb pozita t\u00eb nj\u00ebjta, dhe meq\u00eb \u00ebsht\u00eb nj\u00eb kompani austriake, dhe meq\u00eb tashm\u00eb dihen lidhjet dhe depozitat e Familjes n\u00eb Austri, nuk paska r\u00ebnd\u00ebsi q\u00eb buxheti i shtetit humbet nja 35 milion\u00eb euro nga lotaria, por paskan r\u00ebnd\u00ebsi miqt\u00eb gastrik\u00eb t\u00eb Familjes n\u00eb pushtet.<\/p>\n<p>Kjo \u00ebsht\u00eb nj\u00eb histori e past\u00ebr e nj\u00eb shteti t\u00eb kapur nga mafia, ku nuk ka m\u00eb r\u00ebnd\u00ebsi as ligji, as standardi i vendosur nga vet\u00eb qeveria, as turpi p\u00ebr t\u00eb vjedhur dhe as sh\u00ebmtia e kapjes s\u00eb shtetit nga nj\u00eb grup biznesmen\u00ebsh t\u00eb oborrit t\u00eb Berish\u00ebs. Berisha dhe t\u00eb vet\u00ebt llogarisin se 21 janari e ka vrar\u00eb ndenj\u00ebn e protest\u00ebs qytetare dhe opozita ka vrar\u00eb shpres\u00ebn se do ishte n\u00eb krye t\u00eb nj\u00eb beteje morale kund\u00ebr k\u00ebsaj q\u00eb po ndodh.<\/p>\n<p>Dhe me k\u00ebt\u00eb vet\u00ebarsyetim t\u00eb tyre, pas em\u00ebrimit t\u00eb nj\u00eb gjysm\u00eb njeriu n\u00eb krye t\u00eb shtetit, ata kan\u00eb pushuar s\u00eb menduari se p\u00ebrve\u00e7 Sali Berish\u00ebs, Edi Ram\u00ebs, Ilir Met\u00ebs, Shp\u00ebtim Idrizit apo Fatos Nanos, n\u00eb Shqip\u00ebri ekziston dhe populli shqiptar. Arroganca e gjith\u00eb pushteteve t\u00eb mbledhur n\u00eb dor\u00ebn e Familjes u duket arsye e mjaftueshme p\u00ebr t\u00eb na marr\u00eb \u00e7do liri. N\u00eb fakt t\u00eb qenit e gjith\u00eb pushteteve n\u00eb nj\u00eb dor\u00eb dhe gjith\u00eb lirive ekonomike n\u00eb tre-kat\u00ebr emra biznesmen\u00ebsh, thjesht ua b\u00ebn shqiptar\u00ebve m\u00eb t\u00eb qart\u00eb me k\u00eb kan\u00eb pun\u00eb.<\/p>\n<p>Parku prishet p\u00ebr nj\u00eb njeri me em\u00ebr t\u00eb p\u00ebrve\u00e7\u00ebm, p\u00ebr t\u00eb nj\u00ebjtin b\u00ebhet dhe lotaria, p\u00ebr t\u00eb nj\u00ebjtin \u00ebsht\u00eb b\u00ebr\u00eb dhe segmenti i unaz\u00ebs s\u00eb re, p\u00ebr t\u00eb nj\u00ebjtin jan\u00eb privatizuar reparte ushtarake, p\u00ebr t\u00eb nj\u00ebjtin \u00ebsht\u00eb b\u00ebr\u00eb tenderi i pullave fiskale, p\u00ebr t\u00eb nj\u00ebjtin jan\u00eb dh\u00ebn\u00eb leje e koncesione turistike, p\u00ebr t\u00eb nj\u00ebjtin dhe t\u00eb ngjash\u00ebm me t\u00eb ka dal\u00eb n\u00eb pazar Shqip\u00ebria. Jan\u00eb aq pak dhe \u00ebsht\u00eb aq e qart\u00eb se kush jan\u00eb, sa haram e pa\u00e7im n\u00ebse na mposhtin. Vet\u00ebm se thirrja \u201ctek sheshi\u201d, \u201ctek sheshi\u201d nuk ka m\u00eb kuptim. S\u00eb paku pem\u00ebt e parkut po priten p\u00ebr t\u00eb shkuar \u201ctek Tegu, tek Tegu\u201d!<\/p>\n","protected":false},"excerpt":{"rendered":"<p>Nga Mero Baze, 21 Qershor 2012 Kemi dy raste p\u00ebr t\u00eb cilat opinioni publik \u00ebsht\u00eb i d\u00ebshp\u00ebruar nga pamund\u00ebsia p\u00ebr t\u00eb ndalur makut\u00ebrin\u00eb e pushtetit. E para \u00ebsht\u00eb historia e nj\u00eb tenderi p\u00ebr lotarin\u00eb komb\u00ebtare, ku nj\u00eb kompani austriake ofron publikisht planin e saj t\u00eb biznesit p\u00ebr t\u00eb marr\u00eb shumic\u00ebn e t\u00eb ardhurave t\u00eb lotaris\u00eb [&hellip;]<\/p>\n","protected":false},"author":1,"featured_media":0,"comment_status":"open","ping_status":"closed","sticky":false,"template":"","format":"standard","meta":{"footnotes":""},"categories":[2],"tags":[],"class_list":{"0":"post-11894","1":"post","2":"type-post","3":"status-publish","4":"format-standard","6":"category-artikuj"},"yoast_head":"<!-- This site is optimized with the Yoast SEO plugin v27.4 - https:\/\/yoast.com\/product\/yoast-seo-wordpress\/ -->\n<title>Tek Tegu, tek Tegu! - FjALA e LIR\u00cb - Arkivi<\/title>\n<meta name=\"robots\" content=\"index, follow, max-snippet:-1, max-image-preview:large, max-video-preview:-1\" \/>\n<link rel=\"canonical\" href=\"https:\/\/fjala.info\/2009-2015\/tek-tegu-tek-tegu\/\" \/>\n<meta property=\"og:locale\" content=\"sq_AL\" \/>\n<meta property=\"og:type\" content=\"article\" \/>\n<meta property=\"og:title\" content=\"Tek Tegu, tek Tegu! - FjALA e LIR\u00cb - Arkivi\" \/>\n<meta property=\"og:description\" content=\"Nga Mero Baze, 21 Qershor 2012 Kemi dy raste p\u00ebr t\u00eb cilat opinioni publik \u00ebsht\u00eb i d\u00ebshp\u00ebruar nga pamund\u00ebsia p\u00ebr t\u00eb ndalur makut\u00ebrin\u00eb e pushtetit. E para \u00ebsht\u00eb historia e nj\u00eb tenderi p\u00ebr lotarin\u00eb komb\u00ebtare, ku nj\u00eb kompani austriake ofron publikisht planin e saj t\u00eb biznesit p\u00ebr t\u00eb marr\u00eb shumic\u00ebn e t\u00eb ardhurave t\u00eb lotaris\u00eb [&hellip;]\" \/>\n<meta property=\"og:url\" content=\"https:\/\/fjala.info\/2009-2015\/tek-tegu-tek-tegu\/\" \/>\n<meta property=\"og:site_name\" content=\"FjALA e LIR\u00cb - Arkivi\" \/>\n<meta property=\"article:published_time\" content=\"2012-06-21T21:25:16+00:00\" \/>\n<meta property=\"og:image\" content=\"http:\/\/www.fjala.info\/2012\/mero_baze.jpg\" \/>\n<meta name=\"author\" content=\"admin\" \/>\n<meta name=\"twitter:card\" content=\"summary_large_image\" \/>\n<meta name=\"twitter:label1\" content=\"Written by\" \/>\n\t<meta name=\"twitter:data1\" content=\"admin\" \/>\n\t<meta name=\"twitter:label2\" content=\"Est. reading time\" \/>\n\t<meta name=\"twitter:data2\" content=\"6 minutes\" \/>\n<script type=\"application\/ld+json\" class=\"yoast-schema-graph\">{\"@context\":\"https:\\\/\\\/schema.org\",\"@graph\":[{\"@type\":\"Article\",\"@id\":\"https:\\\/\\\/fjala.info\\\/2009-2015\\\/tek-tegu-tek-tegu\\\/#article\",\"isPartOf\":{\"@id\":\"https:\\\/\\\/fjala.info\\\/2009-2015\\\/tek-tegu-tek-tegu\\\/\"},\"author\":{\"name\":\"admin\",\"@id\":\"https:\\\/\\\/fjala.info\\\/2009-2015\\\/#\\\/schema\\\/person\\\/3aa1163ef05469c496fc94e77611ada2\"},\"headline\":\"Tek Tegu, tek Tegu!\",\"datePublished\":\"2012-06-21T21:25:16+00:00\",\"mainEntityOfPage\":{\"@id\":\"https:\\\/\\\/fjala.info\\\/2009-2015\\\/tek-tegu-tek-tegu\\\/\"},\"wordCount\":1240,\"commentCount\":0,\"publisher\":{\"@id\":\"https:\\\/\\\/fjala.info\\\/2009-2015\\\/#organization\"},\"image\":{\"@id\":\"https:\\\/\\\/fjala.info\\\/2009-2015\\\/tek-tegu-tek-tegu\\\/#primaryimage\"},\"thumbnailUrl\":\"http:\\\/\\\/www.fjala.info\\\/2012\\\/mero_baze.jpg\",\"articleSection\":[\"Artikuj\"],\"inLanguage\":\"sq-AL\",\"potentialAction\":[{\"@type\":\"CommentAction\",\"name\":\"Comment\",\"target\":[\"https:\\\/\\\/fjala.info\\\/2009-2015\\\/tek-tegu-tek-tegu\\\/#respond\"]}]},{\"@type\":\"WebPage\",\"@id\":\"https:\\\/\\\/fjala.info\\\/2009-2015\\\/tek-tegu-tek-tegu\\\/\",\"url\":\"https:\\\/\\\/fjala.info\\\/2009-2015\\\/tek-tegu-tek-tegu\\\/\",\"name\":\"Tek Tegu, tek Tegu! - FjALA e LIR\u00cb - Arkivi\",\"isPartOf\":{\"@id\":\"https:\\\/\\\/fjala.info\\\/2009-2015\\\/#website\"},\"primaryImageOfPage\":{\"@id\":\"https:\\\/\\\/fjala.info\\\/2009-2015\\\/tek-tegu-tek-tegu\\\/#primaryimage\"},\"image\":{\"@id\":\"https:\\\/\\\/fjala.info\\\/2009-2015\\\/tek-tegu-tek-tegu\\\/#primaryimage\"},\"thumbnailUrl\":\"http:\\\/\\\/www.fjala.info\\\/2012\\\/mero_baze.jpg\",\"datePublished\":\"2012-06-21T21:25:16+00:00\",\"breadcrumb\":{\"@id\":\"https:\\\/\\\/fjala.info\\\/2009-2015\\\/tek-tegu-tek-tegu\\\/#breadcrumb\"},\"inLanguage\":\"sq-AL\",\"potentialAction\":[{\"@type\":\"ReadAction\",\"target\":[\"https:\\\/\\\/fjala.info\\\/2009-2015\\\/tek-tegu-tek-tegu\\\/\"]}]},{\"@type\":\"ImageObject\",\"inLanguage\":\"sq-AL\",\"@id\":\"https:\\\/\\\/fjala.info\\\/2009-2015\\\/tek-tegu-tek-tegu\\\/#primaryimage\",\"url\":\"http:\\\/\\\/www.fjala.info\\\/2012\\\/mero_baze.jpg\",\"contentUrl\":\"http:\\\/\\\/www.fjala.info\\\/2012\\\/mero_baze.jpg\"},{\"@type\":\"BreadcrumbList\",\"@id\":\"https:\\\/\\\/fjala.info\\\/2009-2015\\\/tek-tegu-tek-tegu\\\/#breadcrumb\",\"itemListElement\":[{\"@type\":\"ListItem\",\"position\":1,\"name\":\"Home\",\"item\":\"https:\\\/\\\/fjala.info\\\/2009-2015\\\/\"},{\"@type\":\"ListItem\",\"position\":2,\"name\":\"Tek Tegu, tek Tegu!\"}]},{\"@type\":\"WebSite\",\"@id\":\"https:\\\/\\\/fjala.info\\\/2009-2015\\\/#website\",\"url\":\"https:\\\/\\\/fjala.info\\\/2009-2015\\\/\",\"name\":\"FjALA e LIR\u00cb - Arkivi\",\"description\":\"Arkivi 2009-2015\",\"publisher\":{\"@id\":\"https:\\\/\\\/fjala.info\\\/2009-2015\\\/#organization\"},\"potentialAction\":[{\"@type\":\"SearchAction\",\"target\":{\"@type\":\"EntryPoint\",\"urlTemplate\":\"https:\\\/\\\/fjala.info\\\/2009-2015\\\/?s={search_term_string}\"},\"query-input\":{\"@type\":\"PropertyValueSpecification\",\"valueRequired\":true,\"valueName\":\"search_term_string\"}}],\"inLanguage\":\"sq-AL\"},{\"@type\":\"Organization\",\"@id\":\"https:\\\/\\\/fjala.info\\\/2009-2015\\\/#organization\",\"name\":\"FjALA e LIR\u00cb - Arkivi\",\"url\":\"https:\\\/\\\/fjala.info\\\/2009-2015\\\/\",\"logo\":{\"@type\":\"ImageObject\",\"inLanguage\":\"sq-AL\",\"@id\":\"https:\\\/\\\/fjala.info\\\/2009-2015\\\/#\\\/schema\\\/logo\\\/image\\\/\",\"url\":\"\",\"contentUrl\":\"\",\"caption\":\"FjALA e LIR\u00cb - Arkivi\"},\"image\":{\"@id\":\"https:\\\/\\\/fjala.info\\\/2009-2015\\\/#\\\/schema\\\/logo\\\/image\\\/\"}},{\"@type\":\"Person\",\"@id\":\"https:\\\/\\\/fjala.info\\\/2009-2015\\\/#\\\/schema\\\/person\\\/3aa1163ef05469c496fc94e77611ada2\",\"name\":\"admin\",\"image\":{\"@type\":\"ImageObject\",\"inLanguage\":\"sq-AL\",\"@id\":\"https:\\\/\\\/fjala.info\\\/2009-2015\\\/wp-content\\\/uploads\\\/2012\\\/02\\\/arben_cokaj-120x150.jpg\",\"url\":\"https:\\\/\\\/fjala.info\\\/2009-2015\\\/wp-content\\\/uploads\\\/2012\\\/02\\\/arben_cokaj-120x150.jpg\",\"contentUrl\":\"https:\\\/\\\/fjala.info\\\/2009-2015\\\/wp-content\\\/uploads\\\/2012\\\/02\\\/arben_cokaj-120x150.jpg\",\"caption\":\"admin\"},\"description\":\"Admin, Fjala e Lir\u00eb\",\"sameAs\":[\"https:\\\/\\\/fjala.info\\\/\"],\"url\":\"https:\\\/\\\/fjala.info\\\/2009-2015\\\/author\\\/admin\\\/\"}]}<\/script>\n<!-- \/ Yoast SEO plugin. -->","yoast_head_json":{"title":"Tek Tegu, tek Tegu! - FjALA e LIR\u00cb - Arkivi","robots":{"index":"index","follow":"follow","max-snippet":"max-snippet:-1","max-image-preview":"max-image-preview:large","max-video-preview":"max-video-preview:-1"},"canonical":"https:\/\/fjala.info\/2009-2015\/tek-tegu-tek-tegu\/","og_locale":"sq_AL","og_type":"article","og_title":"Tek Tegu, tek Tegu! - FjALA e LIR\u00cb - Arkivi","og_description":"Nga Mero Baze, 21 Qershor 2012 Kemi dy raste p\u00ebr t\u00eb cilat opinioni publik \u00ebsht\u00eb i d\u00ebshp\u00ebruar nga pamund\u00ebsia p\u00ebr t\u00eb ndalur makut\u00ebrin\u00eb e pushtetit. E para \u00ebsht\u00eb historia e nj\u00eb tenderi p\u00ebr lotarin\u00eb komb\u00ebtare, ku nj\u00eb kompani austriake ofron publikisht planin e saj t\u00eb biznesit p\u00ebr t\u00eb marr\u00eb shumic\u00ebn e t\u00eb ardhurave t\u00eb lotaris\u00eb [&hellip;]","og_url":"https:\/\/fjala.info\/2009-2015\/tek-tegu-tek-tegu\/","og_site_name":"FjALA e LIR\u00cb - Arkivi","article_published_time":"2012-06-21T21:25:16+00:00","og_image":[{"url":"http:\/\/www.fjala.info\/2012\/mero_baze.jpg","type":"","width":"","height":""}],"author":"admin","twitter_card":"summary_large_image","twitter_misc":{"Written by":"admin","Est. reading time":"6 minutes"},"schema":{"@context":"https:\/\/schema.org","@graph":[{"@type":"Article","@id":"https:\/\/fjala.info\/2009-2015\/tek-tegu-tek-tegu\/#article","isPartOf":{"@id":"https:\/\/fjala.info\/2009-2015\/tek-tegu-tek-tegu\/"},"author":{"name":"admin","@id":"https:\/\/fjala.info\/2009-2015\/#\/schema\/person\/3aa1163ef05469c496fc94e77611ada2"},"headline":"Tek Tegu, tek Tegu!","datePublished":"2012-06-21T21:25:16+00:00","mainEntityOfPage":{"@id":"https:\/\/fjala.info\/2009-2015\/tek-tegu-tek-tegu\/"},"wordCount":1240,"commentCount":0,"publisher":{"@id":"https:\/\/fjala.info\/2009-2015\/#organization"},"image":{"@id":"https:\/\/fjala.info\/2009-2015\/tek-tegu-tek-tegu\/#primaryimage"},"thumbnailUrl":"http:\/\/www.fjala.info\/2012\/mero_baze.jpg","articleSection":["Artikuj"],"inLanguage":"sq-AL","potentialAction":[{"@type":"CommentAction","name":"Comment","target":["https:\/\/fjala.info\/2009-2015\/tek-tegu-tek-tegu\/#respond"]}]},{"@type":"WebPage","@id":"https:\/\/fjala.info\/2009-2015\/tek-tegu-tek-tegu\/","url":"https:\/\/fjala.info\/2009-2015\/tek-tegu-tek-tegu\/","name":"Tek Tegu, tek Tegu! - FjALA e LIR\u00cb - Arkivi","isPartOf":{"@id":"https:\/\/fjala.info\/2009-2015\/#website"},"primaryImageOfPage":{"@id":"https:\/\/fjala.info\/2009-2015\/tek-tegu-tek-tegu\/#primaryimage"},"image":{"@id":"https:\/\/fjala.info\/2009-2015\/tek-tegu-tek-tegu\/#primaryimage"},"thumbnailUrl":"http:\/\/www.fjala.info\/2012\/mero_baze.jpg","datePublished":"2012-06-21T21:25:16+00:00","breadcrumb":{"@id":"https:\/\/fjala.info\/2009-2015\/tek-tegu-tek-tegu\/#breadcrumb"},"inLanguage":"sq-AL","potentialAction":[{"@type":"ReadAction","target":["https:\/\/fjala.info\/2009-2015\/tek-tegu-tek-tegu\/"]}]},{"@type":"ImageObject","inLanguage":"sq-AL","@id":"https:\/\/fjala.info\/2009-2015\/tek-tegu-tek-tegu\/#primaryimage","url":"http:\/\/www.fjala.info\/2012\/mero_baze.jpg","contentUrl":"http:\/\/www.fjala.info\/2012\/mero_baze.jpg"},{"@type":"BreadcrumbList","@id":"https:\/\/fjala.info\/2009-2015\/tek-tegu-tek-tegu\/#breadcrumb","itemListElement":[{"@type":"ListItem","position":1,"name":"Home","item":"https:\/\/fjala.info\/2009-2015\/"},{"@type":"ListItem","position":2,"name":"Tek Tegu, tek Tegu!"}]},{"@type":"WebSite","@id":"https:\/\/fjala.info\/2009-2015\/#website","url":"https:\/\/fjala.info\/2009-2015\/","name":"FjALA e LIR\u00cb - Arkivi","description":"Arkivi 2009-2015","publisher":{"@id":"https:\/\/fjala.info\/2009-2015\/#organization"},"potentialAction":[{"@type":"SearchAction","target":{"@type":"EntryPoint","urlTemplate":"https:\/\/fjala.info\/2009-2015\/?s={search_term_string}"},"query-input":{"@type":"PropertyValueSpecification","valueRequired":true,"valueName":"search_term_string"}}],"inLanguage":"sq-AL"},{"@type":"Organization","@id":"https:\/\/fjala.info\/2009-2015\/#organization","name":"FjALA e LIR\u00cb - Arkivi","url":"https:\/\/fjala.info\/2009-2015\/","logo":{"@type":"ImageObject","inLanguage":"sq-AL","@id":"https:\/\/fjala.info\/2009-2015\/#\/schema\/logo\/image\/","url":"","contentUrl":"","caption":"FjALA e LIR\u00cb - Arkivi"},"image":{"@id":"https:\/\/fjala.info\/2009-2015\/#\/schema\/logo\/image\/"}},{"@type":"Person","@id":"https:\/\/fjala.info\/2009-2015\/#\/schema\/person\/3aa1163ef05469c496fc94e77611ada2","name":"admin","image":{"@type":"ImageObject","inLanguage":"sq-AL","@id":"https:\/\/fjala.info\/2009-2015\/wp-content\/uploads\/2012\/02\/arben_cokaj-120x150.jpg","url":"https:\/\/fjala.info\/2009-2015\/wp-content\/uploads\/2012\/02\/arben_cokaj-120x150.jpg","contentUrl":"https:\/\/fjala.info\/2009-2015\/wp-content\/uploads\/2012\/02\/arben_cokaj-120x150.jpg","caption":"admin"},"description":"Admin, Fjala e Lir\u00eb","sameAs":["https:\/\/fjala.info\/"],"url":"https:\/\/fjala.info\/2009-2015\/author\/admin\/"}]}},"_links":{"self":[{"href":"https:\/\/fjala.info\/2009-2015\/wp-json\/wp\/v2\/posts\/11894","targetHints":{"allow":["GET"]}}],"collection":[{"href":"https:\/\/fjala.info\/2009-2015\/wp-json\/wp\/v2\/posts"}],"about":[{"href":"https:\/\/fjala.info\/2009-2015\/wp-json\/wp\/v2\/types\/post"}],"author":[{"embeddable":true,"href":"https:\/\/fjala.info\/2009-2015\/wp-json\/wp\/v2\/users\/1"}],"replies":[{"embeddable":true,"href":"https:\/\/fjala.info\/2009-2015\/wp-json\/wp\/v2\/comments?post=11894"}],"version-history":[{"count":0,"href":"https:\/\/fjala.info\/2009-2015\/wp-json\/wp\/v2\/posts\/11894\/revisions"}],"wp:attachment":[{"href":"https:\/\/fjala.info\/2009-2015\/wp-json\/wp\/v2\/media?parent=11894"}],"wp:term":[{"taxonomy":"category","embeddable":true,"href":"https:\/\/fjala.info\/2009-2015\/wp-json\/wp\/v2\/categories?post=11894"},{"taxonomy":"post_tag","embeddable":true,"href":"https:\/\/fjala.info\/2009-2015\/wp-json\/wp\/v2\/tags?post=11894"}],"curies":[{"name":"wp","href":"https:\/\/api.w.org\/{rel}","templated":true}]}}