{"id":11893,"date":"2012-06-20T17:18:59","date_gmt":"2012-06-20T16:18:59","guid":{"rendered":"http:\/\/www.fjala.info\/?p=3352"},"modified":"2012-06-20T17:18:59","modified_gmt":"2012-06-20T16:18:59","slug":"ngjela-me-nishanin-berisha-i-shpall-lufte-uashingtonit","status":"publish","type":"post","link":"https:\/\/fjala.info\/2009-2015\/ngjela-me-nishanin-berisha-i-shpall-lufte-uashingtonit\/","title":{"rendered":"Ngjela: Me Nishanin Berisha i shpall luft\u00eb Uashingtonit"},"content":{"rendered":"<p><img decoding=\"async\" class=\"alignleft size-thumbnail wp-image-7236\" title=\"Spartak Ngjela\" src=\"http:\/\/www.fjala.info\/2012\/spartak_ngjela1.jpg\" alt=\"\" width=\"200\" \/> <strong>TemA Online<\/strong>, <em>20 Qershor 2012<\/em><\/p>\n<p>Ish aleati i dikursh\u00ebm i demokrat\u00ebve, sot bashk\u00ebpun\u00ebtor n\u00eb kampin e majt\u00eb, Spartak Ngjela ka deklaruar sot se me em\u00ebrimin e Nishanit president t\u00eb Republik\u00ebs, kryeministri Berisha i ka shpallur luft\u00eb t\u00eb past\u00ebr Uashingtonit. \u201cSali Berisha \u00ebsht\u00eb n\u00eb konflikt me Uashingtonin. T\u00eb shikojm\u00eb kush do e fitoj\u00eb luft\u00ebn. Ne jemi me Uashingtonin\u201d, tha ai n\u00eb nj\u00eb intervist\u00eb p\u00ebr TV A1Report.<\/p>\n<p>Ngjela ka sulmuar edhe l\u00ebvizjen e re t\u00eb ish-kryeministrit Fatos Nano, e cila, sipas tij, po demoralizon elektoratin e majt\u00eb. \u201cUn\u00eb di q\u00eb elektorati i majt\u00eb \u00ebsht\u00eb i pezmatuar. Nga vjen ky pezm dihet, vjen nga l\u00ebvizja e vak\u00ebt, pa sens dhe pa diksion politik i opozit\u00ebs\u201d, tha ai.<\/p>\n<p>Sipas tij l\u00ebvizjet nuk duhet t\u00eb b\u00ebhen brenda Partis\u00eb Socialiste por p\u00ebrball\u00eb Kryeministrit. \u201cSaliu po i fiton betejat. Po i vjedh, po i grabit. \u00cbsht\u00eb kund\u00ebr t\u00eb gjith\u00eb per\u00ebndimor\u00ebve. Megjithat\u00eb dhe jeton. Opozita \u00ebsht\u00eb jasht\u00eb sensit normal q\u00eb t\u00eb nj\u00eb shoq\u00ebrie q\u00eb di t\u00eb protestoj\u00eb\u201d, tha Ngjela.<\/p>\n<p>Por si e shkon Ngjela pozit\u00ebn aktuale t\u00eb kryesocialistit Rama? \u201cBeteja me presidentin la nj\u00eb shije t\u00eb hidhur n\u00eb opinionin publik. Opozit\u00ebs po i bien aksionet. Po cop\u00ebzohet n\u00eb funksionin elektoral. Mund t\u00eb dalin l\u00ebvizje t\u00eb tjera q\u00eb mund t\u00eb jen\u00eb m\u00eb elokuente, si\u00e7 po duket\u201d, tha ai duke iu referuar njoftimeve t\u00eb Fatos Nanos p\u00ebr t\u00eb rimarr\u00eb kryesin\u00eb e PS.<\/p>\n<p>\u201cMegjithat\u00eb \u2013 sipas Ngjel\u00ebs \u2013 kryesorja \u00ebsht\u00eb q\u00eb t\u00eb zgjidhet \u00e7\u00ebshtja e nj\u00eb ligji elektoral i cili t\u00eb garantoj\u00eb zgjedhjen e lir\u00eb. Pastaj gjith\u00eb t\u00eb tjerat\u2026 guri e gjen vet\u00eb vendin e vet\u201d.<\/p>\n","protected":false},"excerpt":{"rendered":"<p>TemA Online, 20 Qershor 2012 Ish aleati i dikursh\u00ebm i demokrat\u00ebve, sot bashk\u00ebpun\u00ebtor n\u00eb kampin e majt\u00eb, Spartak Ngjela ka deklaruar sot se me em\u00ebrimin e Nishanit president t\u00eb Republik\u00ebs, kryeministri Berisha i ka shpallur luft\u00eb t\u00eb past\u00ebr Uashingtonit. \u201cSali Berisha \u00ebsht\u00eb n\u00eb konflikt me Uashingtonin. T\u00eb shikojm\u00eb kush do e fitoj\u00eb luft\u00ebn. Ne jemi [&hellip;]<\/p>\n","protected":false},"author":1,"featured_media":0,"comment_status":"open","ping_status":"closed","sticky":false,"template":"","format":"standard","meta":{"footnotes":""},"categories":[2,5],"tags":[],"class_list":{"0":"post-11893","1":"post","2":"type-post","3":"status-publish","4":"format-standard","6":"category-artikuj","7":"category-lajme"},"yoast_head":"<!-- This site is optimized with the Yoast SEO plugin v27.4 - https:\/\/yoast.com\/product\/yoast-seo-wordpress\/ -->\n<title>Ngjela: Me Nishanin Berisha i shpall luft\u00eb Uashingtonit - FjALA e LIR\u00cb - Arkivi<\/title>\n<meta name=\"robots\" content=\"index, follow, max-snippet:-1, max-image-preview:large, max-video-preview:-1\" \/>\n<link rel=\"canonical\" href=\"https:\/\/fjala.info\/2009-2015\/ngjela-me-nishanin-berisha-i-shpall-lufte-uashingtonit\/\" \/>\n<meta property=\"og:locale\" content=\"sq_AL\" \/>\n<meta property=\"og:type\" content=\"article\" \/>\n<meta property=\"og:title\" content=\"Ngjela: Me Nishanin Berisha i shpall luft\u00eb Uashingtonit - FjALA e LIR\u00cb - Arkivi\" \/>\n<meta property=\"og:description\" content=\"TemA Online, 20 Qershor 2012 Ish aleati i dikursh\u00ebm i demokrat\u00ebve, sot bashk\u00ebpun\u00ebtor n\u00eb kampin e majt\u00eb, Spartak Ngjela ka deklaruar sot se me em\u00ebrimin e Nishanit president t\u00eb Republik\u00ebs, kryeministri Berisha i ka shpallur luft\u00eb t\u00eb past\u00ebr Uashingtonit. \u201cSali Berisha \u00ebsht\u00eb n\u00eb konflikt me Uashingtonin. T\u00eb shikojm\u00eb kush do e fitoj\u00eb luft\u00ebn. Ne jemi [&hellip;]\" \/>\n<meta property=\"og:url\" content=\"https:\/\/fjala.info\/2009-2015\/ngjela-me-nishanin-berisha-i-shpall-lufte-uashingtonit\/\" \/>\n<meta property=\"og:site_name\" content=\"FjALA e LIR\u00cb - Arkivi\" \/>\n<meta property=\"article:published_time\" content=\"2012-06-20T16:18:59+00:00\" \/>\n<meta property=\"og:image\" content=\"http:\/\/www.fjala.info\/2012\/spartak_ngjela1.jpg\" \/>\n<meta name=\"author\" content=\"admin\" \/>\n<meta name=\"twitter:card\" content=\"summary_large_image\" \/>\n<meta name=\"twitter:label1\" content=\"Written by\" \/>\n\t<meta name=\"twitter:data1\" content=\"admin\" \/>\n\t<meta name=\"twitter:label2\" content=\"Est. reading time\" \/>\n\t<meta name=\"twitter:data2\" content=\"1 minute\" \/>\n<script type=\"application\/ld+json\" class=\"yoast-schema-graph\">{\"@context\":\"https:\\\/\\\/schema.org\",\"@graph\":[{\"@type\":\"Article\",\"@id\":\"https:\\\/\\\/fjala.info\\\/2009-2015\\\/ngjela-me-nishanin-berisha-i-shpall-lufte-uashingtonit\\\/#article\",\"isPartOf\":{\"@id\":\"https:\\\/\\\/fjala.info\\\/2009-2015\\\/ngjela-me-nishanin-berisha-i-shpall-lufte-uashingtonit\\\/\"},\"author\":{\"name\":\"admin\",\"@id\":\"https:\\\/\\\/fjala.info\\\/2009-2015\\\/#\\\/schema\\\/person\\\/3aa1163ef05469c496fc94e77611ada2\"},\"headline\":\"Ngjela: Me Nishanin Berisha i shpall luft\u00eb Uashingtonit\",\"datePublished\":\"2012-06-20T16:18:59+00:00\",\"mainEntityOfPage\":{\"@id\":\"https:\\\/\\\/fjala.info\\\/2009-2015\\\/ngjela-me-nishanin-berisha-i-shpall-lufte-uashingtonit\\\/\"},\"wordCount\":286,\"commentCount\":0,\"publisher\":{\"@id\":\"https:\\\/\\\/fjala.info\\\/2009-2015\\\/#organization\"},\"image\":{\"@id\":\"https:\\\/\\\/fjala.info\\\/2009-2015\\\/ngjela-me-nishanin-berisha-i-shpall-lufte-uashingtonit\\\/#primaryimage\"},\"thumbnailUrl\":\"http:\\\/\\\/www.fjala.info\\\/2012\\\/spartak_ngjela1.jpg\",\"articleSection\":[\"Artikuj\",\"Lajme\"],\"inLanguage\":\"sq-AL\",\"potentialAction\":[{\"@type\":\"CommentAction\",\"name\":\"Comment\",\"target\":[\"https:\\\/\\\/fjala.info\\\/2009-2015\\\/ngjela-me-nishanin-berisha-i-shpall-lufte-uashingtonit\\\/#respond\"]}]},{\"@type\":\"WebPage\",\"@id\":\"https:\\\/\\\/fjala.info\\\/2009-2015\\\/ngjela-me-nishanin-berisha-i-shpall-lufte-uashingtonit\\\/\",\"url\":\"https:\\\/\\\/fjala.info\\\/2009-2015\\\/ngjela-me-nishanin-berisha-i-shpall-lufte-uashingtonit\\\/\",\"name\":\"Ngjela: Me Nishanin Berisha i shpall luft\u00eb Uashingtonit - FjALA e LIR\u00cb - Arkivi\",\"isPartOf\":{\"@id\":\"https:\\\/\\\/fjala.info\\\/2009-2015\\\/#website\"},\"primaryImageOfPage\":{\"@id\":\"https:\\\/\\\/fjala.info\\\/2009-2015\\\/ngjela-me-nishanin-berisha-i-shpall-lufte-uashingtonit\\\/#primaryimage\"},\"image\":{\"@id\":\"https:\\\/\\\/fjala.info\\\/2009-2015\\\/ngjela-me-nishanin-berisha-i-shpall-lufte-uashingtonit\\\/#primaryimage\"},\"thumbnailUrl\":\"http:\\\/\\\/www.fjala.info\\\/2012\\\/spartak_ngjela1.jpg\",\"datePublished\":\"2012-06-20T16:18:59+00:00\",\"breadcrumb\":{\"@id\":\"https:\\\/\\\/fjala.info\\\/2009-2015\\\/ngjela-me-nishanin-berisha-i-shpall-lufte-uashingtonit\\\/#breadcrumb\"},\"inLanguage\":\"sq-AL\",\"potentialAction\":[{\"@type\":\"ReadAction\",\"target\":[\"https:\\\/\\\/fjala.info\\\/2009-2015\\\/ngjela-me-nishanin-berisha-i-shpall-lufte-uashingtonit\\\/\"]}]},{\"@type\":\"ImageObject\",\"inLanguage\":\"sq-AL\",\"@id\":\"https:\\\/\\\/fjala.info\\\/2009-2015\\\/ngjela-me-nishanin-berisha-i-shpall-lufte-uashingtonit\\\/#primaryimage\",\"url\":\"http:\\\/\\\/www.fjala.info\\\/2012\\\/spartak_ngjela1.jpg\",\"contentUrl\":\"http:\\\/\\\/www.fjala.info\\\/2012\\\/spartak_ngjela1.jpg\"},{\"@type\":\"BreadcrumbList\",\"@id\":\"https:\\\/\\\/fjala.info\\\/2009-2015\\\/ngjela-me-nishanin-berisha-i-shpall-lufte-uashingtonit\\\/#breadcrumb\",\"itemListElement\":[{\"@type\":\"ListItem\",\"position\":1,\"name\":\"Home\",\"item\":\"https:\\\/\\\/fjala.info\\\/2009-2015\\\/\"},{\"@type\":\"ListItem\",\"position\":2,\"name\":\"Ngjela: Me Nishanin Berisha i shpall luft\u00eb Uashingtonit\"}]},{\"@type\":\"WebSite\",\"@id\":\"https:\\\/\\\/fjala.info\\\/2009-2015\\\/#website\",\"url\":\"https:\\\/\\\/fjala.info\\\/2009-2015\\\/\",\"name\":\"FjALA e LIR\u00cb - Arkivi\",\"description\":\"Arkivi 2009-2015\",\"publisher\":{\"@id\":\"https:\\\/\\\/fjala.info\\\/2009-2015\\\/#organization\"},\"potentialAction\":[{\"@type\":\"SearchAction\",\"target\":{\"@type\":\"EntryPoint\",\"urlTemplate\":\"https:\\\/\\\/fjala.info\\\/2009-2015\\\/?s={search_term_string}\"},\"query-input\":{\"@type\":\"PropertyValueSpecification\",\"valueRequired\":true,\"valueName\":\"search_term_string\"}}],\"inLanguage\":\"sq-AL\"},{\"@type\":\"Organization\",\"@id\":\"https:\\\/\\\/fjala.info\\\/2009-2015\\\/#organization\",\"name\":\"FjALA e LIR\u00cb - Arkivi\",\"url\":\"https:\\\/\\\/fjala.info\\\/2009-2015\\\/\",\"logo\":{\"@type\":\"ImageObject\",\"inLanguage\":\"sq-AL\",\"@id\":\"https:\\\/\\\/fjala.info\\\/2009-2015\\\/#\\\/schema\\\/logo\\\/image\\\/\",\"url\":\"\",\"contentUrl\":\"\",\"caption\":\"FjALA e LIR\u00cb - Arkivi\"},\"image\":{\"@id\":\"https:\\\/\\\/fjala.info\\\/2009-2015\\\/#\\\/schema\\\/logo\\\/image\\\/\"}},{\"@type\":\"Person\",\"@id\":\"https:\\\/\\\/fjala.info\\\/2009-2015\\\/#\\\/schema\\\/person\\\/3aa1163ef05469c496fc94e77611ada2\",\"name\":\"admin\",\"image\":{\"@type\":\"ImageObject\",\"inLanguage\":\"sq-AL\",\"@id\":\"https:\\\/\\\/fjala.info\\\/2009-2015\\\/wp-content\\\/uploads\\\/2012\\\/02\\\/arben_cokaj-120x150.jpg\",\"url\":\"https:\\\/\\\/fjala.info\\\/2009-2015\\\/wp-content\\\/uploads\\\/2012\\\/02\\\/arben_cokaj-120x150.jpg\",\"contentUrl\":\"https:\\\/\\\/fjala.info\\\/2009-2015\\\/wp-content\\\/uploads\\\/2012\\\/02\\\/arben_cokaj-120x150.jpg\",\"caption\":\"admin\"},\"description\":\"Admin, Fjala e Lir\u00eb\",\"sameAs\":[\"https:\\\/\\\/fjala.info\\\/\"],\"url\":\"https:\\\/\\\/fjala.info\\\/2009-2015\\\/author\\\/admin\\\/\"}]}<\/script>\n<!-- \/ Yoast SEO plugin. -->","yoast_head_json":{"title":"Ngjela: Me Nishanin Berisha i shpall luft\u00eb Uashingtonit - FjALA e LIR\u00cb - Arkivi","robots":{"index":"index","follow":"follow","max-snippet":"max-snippet:-1","max-image-preview":"max-image-preview:large","max-video-preview":"max-video-preview:-1"},"canonical":"https:\/\/fjala.info\/2009-2015\/ngjela-me-nishanin-berisha-i-shpall-lufte-uashingtonit\/","og_locale":"sq_AL","og_type":"article","og_title":"Ngjela: Me Nishanin Berisha i shpall luft\u00eb Uashingtonit - FjALA e LIR\u00cb - Arkivi","og_description":"TemA Online, 20 Qershor 2012 Ish aleati i dikursh\u00ebm i demokrat\u00ebve, sot bashk\u00ebpun\u00ebtor n\u00eb kampin e majt\u00eb, Spartak Ngjela ka deklaruar sot se me em\u00ebrimin e Nishanit president t\u00eb Republik\u00ebs, kryeministri Berisha i ka shpallur luft\u00eb t\u00eb past\u00ebr Uashingtonit. \u201cSali Berisha \u00ebsht\u00eb n\u00eb konflikt me Uashingtonin. T\u00eb shikojm\u00eb kush do e fitoj\u00eb luft\u00ebn. Ne jemi [&hellip;]","og_url":"https:\/\/fjala.info\/2009-2015\/ngjela-me-nishanin-berisha-i-shpall-lufte-uashingtonit\/","og_site_name":"FjALA e LIR\u00cb - Arkivi","article_published_time":"2012-06-20T16:18:59+00:00","og_image":[{"url":"http:\/\/www.fjala.info\/2012\/spartak_ngjela1.jpg","type":"","width":"","height":""}],"author":"admin","twitter_card":"summary_large_image","twitter_misc":{"Written by":"admin","Est. reading time":"1 minute"},"schema":{"@context":"https:\/\/schema.org","@graph":[{"@type":"Article","@id":"https:\/\/fjala.info\/2009-2015\/ngjela-me-nishanin-berisha-i-shpall-lufte-uashingtonit\/#article","isPartOf":{"@id":"https:\/\/fjala.info\/2009-2015\/ngjela-me-nishanin-berisha-i-shpall-lufte-uashingtonit\/"},"author":{"name":"admin","@id":"https:\/\/fjala.info\/2009-2015\/#\/schema\/person\/3aa1163ef05469c496fc94e77611ada2"},"headline":"Ngjela: Me Nishanin Berisha i shpall luft\u00eb Uashingtonit","datePublished":"2012-06-20T16:18:59+00:00","mainEntityOfPage":{"@id":"https:\/\/fjala.info\/2009-2015\/ngjela-me-nishanin-berisha-i-shpall-lufte-uashingtonit\/"},"wordCount":286,"commentCount":0,"publisher":{"@id":"https:\/\/fjala.info\/2009-2015\/#organization"},"image":{"@id":"https:\/\/fjala.info\/2009-2015\/ngjela-me-nishanin-berisha-i-shpall-lufte-uashingtonit\/#primaryimage"},"thumbnailUrl":"http:\/\/www.fjala.info\/2012\/spartak_ngjela1.jpg","articleSection":["Artikuj","Lajme"],"inLanguage":"sq-AL","potentialAction":[{"@type":"CommentAction","name":"Comment","target":["https:\/\/fjala.info\/2009-2015\/ngjela-me-nishanin-berisha-i-shpall-lufte-uashingtonit\/#respond"]}]},{"@type":"WebPage","@id":"https:\/\/fjala.info\/2009-2015\/ngjela-me-nishanin-berisha-i-shpall-lufte-uashingtonit\/","url":"https:\/\/fjala.info\/2009-2015\/ngjela-me-nishanin-berisha-i-shpall-lufte-uashingtonit\/","name":"Ngjela: Me Nishanin Berisha i shpall luft\u00eb Uashingtonit - FjALA e LIR\u00cb - Arkivi","isPartOf":{"@id":"https:\/\/fjala.info\/2009-2015\/#website"},"primaryImageOfPage":{"@id":"https:\/\/fjala.info\/2009-2015\/ngjela-me-nishanin-berisha-i-shpall-lufte-uashingtonit\/#primaryimage"},"image":{"@id":"https:\/\/fjala.info\/2009-2015\/ngjela-me-nishanin-berisha-i-shpall-lufte-uashingtonit\/#primaryimage"},"thumbnailUrl":"http:\/\/www.fjala.info\/2012\/spartak_ngjela1.jpg","datePublished":"2012-06-20T16:18:59+00:00","breadcrumb":{"@id":"https:\/\/fjala.info\/2009-2015\/ngjela-me-nishanin-berisha-i-shpall-lufte-uashingtonit\/#breadcrumb"},"inLanguage":"sq-AL","potentialAction":[{"@type":"ReadAction","target":["https:\/\/fjala.info\/2009-2015\/ngjela-me-nishanin-berisha-i-shpall-lufte-uashingtonit\/"]}]},{"@type":"ImageObject","inLanguage":"sq-AL","@id":"https:\/\/fjala.info\/2009-2015\/ngjela-me-nishanin-berisha-i-shpall-lufte-uashingtonit\/#primaryimage","url":"http:\/\/www.fjala.info\/2012\/spartak_ngjela1.jpg","contentUrl":"http:\/\/www.fjala.info\/2012\/spartak_ngjela1.jpg"},{"@type":"BreadcrumbList","@id":"https:\/\/fjala.info\/2009-2015\/ngjela-me-nishanin-berisha-i-shpall-lufte-uashingtonit\/#breadcrumb","itemListElement":[{"@type":"ListItem","position":1,"name":"Home","item":"https:\/\/fjala.info\/2009-2015\/"},{"@type":"ListItem","position":2,"name":"Ngjela: Me Nishanin Berisha i shpall luft\u00eb Uashingtonit"}]},{"@type":"WebSite","@id":"https:\/\/fjala.info\/2009-2015\/#website","url":"https:\/\/fjala.info\/2009-2015\/","name":"FjALA e LIR\u00cb - Arkivi","description":"Arkivi 2009-2015","publisher":{"@id":"https:\/\/fjala.info\/2009-2015\/#organization"},"potentialAction":[{"@type":"SearchAction","target":{"@type":"EntryPoint","urlTemplate":"https:\/\/fjala.info\/2009-2015\/?s={search_term_string}"},"query-input":{"@type":"PropertyValueSpecification","valueRequired":true,"valueName":"search_term_string"}}],"inLanguage":"sq-AL"},{"@type":"Organization","@id":"https:\/\/fjala.info\/2009-2015\/#organization","name":"FjALA e LIR\u00cb - Arkivi","url":"https:\/\/fjala.info\/2009-2015\/","logo":{"@type":"ImageObject","inLanguage":"sq-AL","@id":"https:\/\/fjala.info\/2009-2015\/#\/schema\/logo\/image\/","url":"","contentUrl":"","caption":"FjALA e LIR\u00cb - Arkivi"},"image":{"@id":"https:\/\/fjala.info\/2009-2015\/#\/schema\/logo\/image\/"}},{"@type":"Person","@id":"https:\/\/fjala.info\/2009-2015\/#\/schema\/person\/3aa1163ef05469c496fc94e77611ada2","name":"admin","image":{"@type":"ImageObject","inLanguage":"sq-AL","@id":"https:\/\/fjala.info\/2009-2015\/wp-content\/uploads\/2012\/02\/arben_cokaj-120x150.jpg","url":"https:\/\/fjala.info\/2009-2015\/wp-content\/uploads\/2012\/02\/arben_cokaj-120x150.jpg","contentUrl":"https:\/\/fjala.info\/2009-2015\/wp-content\/uploads\/2012\/02\/arben_cokaj-120x150.jpg","caption":"admin"},"description":"Admin, Fjala e Lir\u00eb","sameAs":["https:\/\/fjala.info\/"],"url":"https:\/\/fjala.info\/2009-2015\/author\/admin\/"}]}},"_links":{"self":[{"href":"https:\/\/fjala.info\/2009-2015\/wp-json\/wp\/v2\/posts\/11893","targetHints":{"allow":["GET"]}}],"collection":[{"href":"https:\/\/fjala.info\/2009-2015\/wp-json\/wp\/v2\/posts"}],"about":[{"href":"https:\/\/fjala.info\/2009-2015\/wp-json\/wp\/v2\/types\/post"}],"author":[{"embeddable":true,"href":"https:\/\/fjala.info\/2009-2015\/wp-json\/wp\/v2\/users\/1"}],"replies":[{"embeddable":true,"href":"https:\/\/fjala.info\/2009-2015\/wp-json\/wp\/v2\/comments?post=11893"}],"version-history":[{"count":0,"href":"https:\/\/fjala.info\/2009-2015\/wp-json\/wp\/v2\/posts\/11893\/revisions"}],"wp:attachment":[{"href":"https:\/\/fjala.info\/2009-2015\/wp-json\/wp\/v2\/media?parent=11893"}],"wp:term":[{"taxonomy":"category","embeddable":true,"href":"https:\/\/fjala.info\/2009-2015\/wp-json\/wp\/v2\/categories?post=11893"},{"taxonomy":"post_tag","embeddable":true,"href":"https:\/\/fjala.info\/2009-2015\/wp-json\/wp\/v2\/tags?post=11893"}],"curies":[{"name":"wp","href":"https:\/\/api.w.org\/{rel}","templated":true}]}}