{"id":11892,"date":"2012-06-15T23:06:55","date_gmt":"2012-06-15T22:06:55","guid":{"rendered":"http:\/\/www.fjala.info\/?p=3346"},"modified":"2012-06-15T23:06:55","modified_gmt":"2012-06-15T22:06:55","slug":"vrasja-e-vajzes-17-vjecare-ne-shkoder-gjakmarrja-nisi-per-nje-vije-uje","status":"publish","type":"post","link":"https:\/\/fjala.info\/2009-2015\/vrasja-e-vajzes-17-vjecare-ne-shkoder-gjakmarrja-nisi-per-nje-vije-uje\/","title":{"rendered":"Vrasja e vajz\u00ebs 17 vje\u00e7are n\u00eb Shkod\u00ebr, gjakmarrja nisi p\u00ebr nj\u00eb vij\u00eb uj\u00eb"},"content":{"rendered":"<p><img decoding=\"async\" class=\"alignleft size-thumbnail wp-image-7236\" title=\"Marie Cukaj\" src=\"http:\/\/www.fjala.info\/2012\/marie_cukaj.jpg\" alt=\"\" width=\"200\" \/> <strong>TemA Online<\/strong>, <em>15 Qershor 2012<\/em><\/p>\n<p>Sherri p\u00ebr nj\u00eb vije uji p\u00ebr vaditje n\u00eb Malesin\u00eb e Dukagjinit i ka kushtuar jeten tre personave, mes t\u00eb cil\u00ebve edhe nj\u00eb vajze vet\u00ebm 17 vje\u00e7.<\/p>\n<p>Marie Qukaj mbeti e vrare ne vend me arme zjarri, ndersa ishte duke vaditur parcelat me miser prane baneses se saj, se bashku me gjyshin 70 vje\u00e7. Kole Qukaj, humbi jeten me pas ne spital. Policia shpalli ne kerkim tre autore te dyshuar te kesaj ngjarje. Ata jane dy vellez\u00ebrit Prroi, 27 dhe 32 vjec dhe xhaxhai i tyre 43 vjec. Sipas policise, ata moren hak duke vrare vajzen dhe gjyshin e saj per shkak se dy vjet me pare vellai dhe nipi i viktimave, shtetasi Gjoke Qukaj kishte vrare me arme zjarri pas nje sherri per vijen e ujit, shtetasin Ndoc Prroi, i cili eshte babai dhe vellai i autoreve te ngjarjes se djeshme.<\/p>\n<p>Pas krimit te korrikut 2010 te dyja familjet ishin futur ne gjak. Edhe pse autori i krimit ishte denuar nga drejtesia, hakmarrja nuk ka vonuar. Afro dy vjet me me vone familja tjeter realizon krimin makaber, duke vrare te gjyshin e autorit te krimit, si dhe motren e tij vetem 17 vje\u00e7e.<\/p>\n<p>Autoret e kesaj ngjarje jane banore te lagjes \u201cSkenderbej\u201d ne Shkoder dhe jane vendosur aty se fundmi. Nje dite me pare ata sipas policise kane zene prite ne ane te tokave te familjes Qukaj dhe me arme zjarri kane qelluar mbi vajzen dhe te moshuarin, ndersa ata po vadisnin te mbjellat me miser. Policia ka rindertuar ngjarjen ne zonen e thelle malore dhe pas ekspertizes shpalli ne kerkim tre autoret e kesaj ngjarje te cilesuar si hasmeri.<\/p>\n<p>Dy familjet Prroi dhe Qukaj jetonin dikur ne fshatin Kir te komunes Pult prane njera-tjetres deri sa nisi edhe gjakmarrja.<\/p>\n<p>Pas ketij krimi te rende, organizata Forumi i Mendimit te Lire, e cila eshte angazhuar ne studimin e fenomenit te gjakmarrjes dhe dokumentimin e familjeve te ngujuara, permes nje deklarate denon ashper kete tradite kriminale dhe strukturat e shtetit qe asnjehere nuk i kane kushtuar vemendjen e duhur.<\/p>\n<p>\u201cVrasesi i vertete \u2013 thuhet ne deklarate \u2013 nuk eshte gjaksi q\u00eb fshihet pas shkurreve si burracak dhe vret femijet, por shteti q\u00eb vazhdon t\u00eb mbylle sy e veshe p\u00ebrball\u00eb k\u00ebsaj maskarade, e cila nuk mund dhe nuk duhet lejuar te na shoqeroje rruges per ne Bashkimin Europian\u201d.<\/p>\n<p>\u201cMaria sot nuk \u00ebsht\u00eb thjesht\u00eb nj\u00eb vajz\u00eb nuk jeton, ajo \u00ebsht\u00eb simboli i sh\u00ebmtis\u00eb son\u00eb t\u00eb p\u00ebrbashk\u00ebt, \u00ebsht\u00eb simboli i shtetit q\u00eb nuk ekziston, \u00ebsht\u00eb simboli i shoq\u00ebris\u00eb q\u00eb struket n\u00eb heshtjen dhe rehatin\u00eb e saj. Vajtimi i prind\u00ebrve t\u00eb Maries \u00ebsht\u00eb sot nj\u00eb klithm\u00eb q\u00eb nuk duhet l\u00ebn\u00eb t\u00eb shuhet, por duhet shnd\u00ebrruar n\u00eb himn p\u00ebr k\u00ebrkimin e drejt\u00ebsis\u00eb. Ajo \u00ebsht\u00eb nj\u00eb motiv q\u00eb duhet t\u00eb na b\u00ebj\u00eb t\u00eb gjith\u00ebve t\u00eb p\u00ebrgjegjsh\u00ebm, p\u00ebr t\u00eb dal\u00eb n\u00eb rrug\u00eb e p\u00ebr t\u00eb protestuar, jo m\u00eb n\u00eb em\u00ebr t\u00eb politik\u00ebs, por n\u00eb em\u00ebr t\u00eb jet\u00ebs\u201d \u2013 thekohet ne deklaraten e Forumit te Mendimit t\u00eb Lir\u00eb.\/TCH<\/p>\n","protected":false},"excerpt":{"rendered":"<p>TemA Online, 15 Qershor 2012 Sherri p\u00ebr nj\u00eb vije uji p\u00ebr vaditje n\u00eb Malesin\u00eb e Dukagjinit i ka kushtuar jeten tre personave, mes t\u00eb cil\u00ebve edhe nj\u00eb vajze vet\u00ebm 17 vje\u00e7. Marie Qukaj mbeti e vrare ne vend me arme zjarri, ndersa ishte duke vaditur parcelat me miser prane baneses se saj, se bashku me [&hellip;]<\/p>\n","protected":false},"author":1,"featured_media":0,"comment_status":"open","ping_status":"closed","sticky":false,"template":"","format":"standard","meta":{"footnotes":""},"categories":[2,5],"tags":[],"class_list":{"0":"post-11892","1":"post","2":"type-post","3":"status-publish","4":"format-standard","6":"category-artikuj","7":"category-lajme"},"yoast_head":"<!-- This site is optimized with the Yoast SEO plugin v27.4 - https:\/\/yoast.com\/product\/yoast-seo-wordpress\/ -->\n<title>Vrasja e vajz\u00ebs 17 vje\u00e7are n\u00eb Shkod\u00ebr, gjakmarrja nisi p\u00ebr nj\u00eb vij\u00eb uj\u00eb - FjALA e LIR\u00cb - Arkivi<\/title>\n<meta name=\"robots\" content=\"index, follow, max-snippet:-1, max-image-preview:large, max-video-preview:-1\" \/>\n<link rel=\"canonical\" href=\"https:\/\/fjala.info\/2009-2015\/vrasja-e-vajzes-17-vjecare-ne-shkoder-gjakmarrja-nisi-per-nje-vije-uje\/\" \/>\n<meta property=\"og:locale\" content=\"sq_AL\" \/>\n<meta property=\"og:type\" content=\"article\" \/>\n<meta property=\"og:title\" content=\"Vrasja e vajz\u00ebs 17 vje\u00e7are n\u00eb Shkod\u00ebr, gjakmarrja nisi p\u00ebr nj\u00eb vij\u00eb uj\u00eb - FjALA e LIR\u00cb - Arkivi\" \/>\n<meta property=\"og:description\" content=\"TemA Online, 15 Qershor 2012 Sherri p\u00ebr nj\u00eb vije uji p\u00ebr vaditje n\u00eb Malesin\u00eb e Dukagjinit i ka kushtuar jeten tre personave, mes t\u00eb cil\u00ebve edhe nj\u00eb vajze vet\u00ebm 17 vje\u00e7. Marie Qukaj mbeti e vrare ne vend me arme zjarri, ndersa ishte duke vaditur parcelat me miser prane baneses se saj, se bashku me [&hellip;]\" \/>\n<meta property=\"og:url\" content=\"https:\/\/fjala.info\/2009-2015\/vrasja-e-vajzes-17-vjecare-ne-shkoder-gjakmarrja-nisi-per-nje-vije-uje\/\" \/>\n<meta property=\"og:site_name\" content=\"FjALA e LIR\u00cb - Arkivi\" \/>\n<meta property=\"article:published_time\" content=\"2012-06-15T22:06:55+00:00\" \/>\n<meta property=\"og:image\" content=\"http:\/\/www.fjala.info\/2012\/marie_cukaj.jpg\" \/>\n<meta name=\"author\" content=\"admin\" \/>\n<meta name=\"twitter:card\" content=\"summary_large_image\" \/>\n<meta name=\"twitter:label1\" content=\"Written by\" \/>\n\t<meta name=\"twitter:data1\" content=\"admin\" \/>\n\t<meta name=\"twitter:label2\" content=\"Est. reading time\" \/>\n\t<meta name=\"twitter:data2\" content=\"3 minutes\" \/>\n<script type=\"application\/ld+json\" class=\"yoast-schema-graph\">{\"@context\":\"https:\\\/\\\/schema.org\",\"@graph\":[{\"@type\":\"Article\",\"@id\":\"https:\\\/\\\/fjala.info\\\/2009-2015\\\/vrasja-e-vajzes-17-vjecare-ne-shkoder-gjakmarrja-nisi-per-nje-vije-uje\\\/#article\",\"isPartOf\":{\"@id\":\"https:\\\/\\\/fjala.info\\\/2009-2015\\\/vrasja-e-vajzes-17-vjecare-ne-shkoder-gjakmarrja-nisi-per-nje-vije-uje\\\/\"},\"author\":{\"name\":\"admin\",\"@id\":\"https:\\\/\\\/fjala.info\\\/2009-2015\\\/#\\\/schema\\\/person\\\/3aa1163ef05469c496fc94e77611ada2\"},\"headline\":\"Vrasja e vajz\u00ebs 17 vje\u00e7are n\u00eb Shkod\u00ebr, gjakmarrja nisi p\u00ebr nj\u00eb vij\u00eb uj\u00eb\",\"datePublished\":\"2012-06-15T22:06:55+00:00\",\"mainEntityOfPage\":{\"@id\":\"https:\\\/\\\/fjala.info\\\/2009-2015\\\/vrasja-e-vajzes-17-vjecare-ne-shkoder-gjakmarrja-nisi-per-nje-vije-uje\\\/\"},\"wordCount\":527,\"commentCount\":0,\"publisher\":{\"@id\":\"https:\\\/\\\/fjala.info\\\/2009-2015\\\/#organization\"},\"image\":{\"@id\":\"https:\\\/\\\/fjala.info\\\/2009-2015\\\/vrasja-e-vajzes-17-vjecare-ne-shkoder-gjakmarrja-nisi-per-nje-vije-uje\\\/#primaryimage\"},\"thumbnailUrl\":\"http:\\\/\\\/www.fjala.info\\\/2012\\\/marie_cukaj.jpg\",\"articleSection\":[\"Artikuj\",\"Lajme\"],\"inLanguage\":\"sq-AL\",\"potentialAction\":[{\"@type\":\"CommentAction\",\"name\":\"Comment\",\"target\":[\"https:\\\/\\\/fjala.info\\\/2009-2015\\\/vrasja-e-vajzes-17-vjecare-ne-shkoder-gjakmarrja-nisi-per-nje-vije-uje\\\/#respond\"]}]},{\"@type\":\"WebPage\",\"@id\":\"https:\\\/\\\/fjala.info\\\/2009-2015\\\/vrasja-e-vajzes-17-vjecare-ne-shkoder-gjakmarrja-nisi-per-nje-vije-uje\\\/\",\"url\":\"https:\\\/\\\/fjala.info\\\/2009-2015\\\/vrasja-e-vajzes-17-vjecare-ne-shkoder-gjakmarrja-nisi-per-nje-vije-uje\\\/\",\"name\":\"Vrasja e vajz\u00ebs 17 vje\u00e7are n\u00eb Shkod\u00ebr, gjakmarrja nisi p\u00ebr nj\u00eb vij\u00eb uj\u00eb - FjALA e LIR\u00cb - Arkivi\",\"isPartOf\":{\"@id\":\"https:\\\/\\\/fjala.info\\\/2009-2015\\\/#website\"},\"primaryImageOfPage\":{\"@id\":\"https:\\\/\\\/fjala.info\\\/2009-2015\\\/vrasja-e-vajzes-17-vjecare-ne-shkoder-gjakmarrja-nisi-per-nje-vije-uje\\\/#primaryimage\"},\"image\":{\"@id\":\"https:\\\/\\\/fjala.info\\\/2009-2015\\\/vrasja-e-vajzes-17-vjecare-ne-shkoder-gjakmarrja-nisi-per-nje-vije-uje\\\/#primaryimage\"},\"thumbnailUrl\":\"http:\\\/\\\/www.fjala.info\\\/2012\\\/marie_cukaj.jpg\",\"datePublished\":\"2012-06-15T22:06:55+00:00\",\"breadcrumb\":{\"@id\":\"https:\\\/\\\/fjala.info\\\/2009-2015\\\/vrasja-e-vajzes-17-vjecare-ne-shkoder-gjakmarrja-nisi-per-nje-vije-uje\\\/#breadcrumb\"},\"inLanguage\":\"sq-AL\",\"potentialAction\":[{\"@type\":\"ReadAction\",\"target\":[\"https:\\\/\\\/fjala.info\\\/2009-2015\\\/vrasja-e-vajzes-17-vjecare-ne-shkoder-gjakmarrja-nisi-per-nje-vije-uje\\\/\"]}]},{\"@type\":\"ImageObject\",\"inLanguage\":\"sq-AL\",\"@id\":\"https:\\\/\\\/fjala.info\\\/2009-2015\\\/vrasja-e-vajzes-17-vjecare-ne-shkoder-gjakmarrja-nisi-per-nje-vije-uje\\\/#primaryimage\",\"url\":\"http:\\\/\\\/www.fjala.info\\\/2012\\\/marie_cukaj.jpg\",\"contentUrl\":\"http:\\\/\\\/www.fjala.info\\\/2012\\\/marie_cukaj.jpg\"},{\"@type\":\"BreadcrumbList\",\"@id\":\"https:\\\/\\\/fjala.info\\\/2009-2015\\\/vrasja-e-vajzes-17-vjecare-ne-shkoder-gjakmarrja-nisi-per-nje-vije-uje\\\/#breadcrumb\",\"itemListElement\":[{\"@type\":\"ListItem\",\"position\":1,\"name\":\"Home\",\"item\":\"https:\\\/\\\/fjala.info\\\/2009-2015\\\/\"},{\"@type\":\"ListItem\",\"position\":2,\"name\":\"Vrasja e vajz\u00ebs 17 vje\u00e7are n\u00eb Shkod\u00ebr, gjakmarrja nisi p\u00ebr nj\u00eb vij\u00eb uj\u00eb\"}]},{\"@type\":\"WebSite\",\"@id\":\"https:\\\/\\\/fjala.info\\\/2009-2015\\\/#website\",\"url\":\"https:\\\/\\\/fjala.info\\\/2009-2015\\\/\",\"name\":\"FjALA e LIR\u00cb - Arkivi\",\"description\":\"Arkivi 2009-2015\",\"publisher\":{\"@id\":\"https:\\\/\\\/fjala.info\\\/2009-2015\\\/#organization\"},\"potentialAction\":[{\"@type\":\"SearchAction\",\"target\":{\"@type\":\"EntryPoint\",\"urlTemplate\":\"https:\\\/\\\/fjala.info\\\/2009-2015\\\/?s={search_term_string}\"},\"query-input\":{\"@type\":\"PropertyValueSpecification\",\"valueRequired\":true,\"valueName\":\"search_term_string\"}}],\"inLanguage\":\"sq-AL\"},{\"@type\":\"Organization\",\"@id\":\"https:\\\/\\\/fjala.info\\\/2009-2015\\\/#organization\",\"name\":\"FjALA e LIR\u00cb - Arkivi\",\"url\":\"https:\\\/\\\/fjala.info\\\/2009-2015\\\/\",\"logo\":{\"@type\":\"ImageObject\",\"inLanguage\":\"sq-AL\",\"@id\":\"https:\\\/\\\/fjala.info\\\/2009-2015\\\/#\\\/schema\\\/logo\\\/image\\\/\",\"url\":\"\",\"contentUrl\":\"\",\"caption\":\"FjALA e LIR\u00cb - Arkivi\"},\"image\":{\"@id\":\"https:\\\/\\\/fjala.info\\\/2009-2015\\\/#\\\/schema\\\/logo\\\/image\\\/\"}},{\"@type\":\"Person\",\"@id\":\"https:\\\/\\\/fjala.info\\\/2009-2015\\\/#\\\/schema\\\/person\\\/3aa1163ef05469c496fc94e77611ada2\",\"name\":\"admin\",\"image\":{\"@type\":\"ImageObject\",\"inLanguage\":\"sq-AL\",\"@id\":\"https:\\\/\\\/fjala.info\\\/2009-2015\\\/wp-content\\\/uploads\\\/2012\\\/02\\\/arben_cokaj-120x150.jpg\",\"url\":\"https:\\\/\\\/fjala.info\\\/2009-2015\\\/wp-content\\\/uploads\\\/2012\\\/02\\\/arben_cokaj-120x150.jpg\",\"contentUrl\":\"https:\\\/\\\/fjala.info\\\/2009-2015\\\/wp-content\\\/uploads\\\/2012\\\/02\\\/arben_cokaj-120x150.jpg\",\"caption\":\"admin\"},\"description\":\"Admin, Fjala e Lir\u00eb\",\"sameAs\":[\"https:\\\/\\\/fjala.info\\\/\"],\"url\":\"https:\\\/\\\/fjala.info\\\/2009-2015\\\/author\\\/admin\\\/\"}]}<\/script>\n<!-- \/ Yoast SEO plugin. -->","yoast_head_json":{"title":"Vrasja e vajz\u00ebs 17 vje\u00e7are n\u00eb Shkod\u00ebr, gjakmarrja nisi p\u00ebr nj\u00eb vij\u00eb uj\u00eb - FjALA e LIR\u00cb - Arkivi","robots":{"index":"index","follow":"follow","max-snippet":"max-snippet:-1","max-image-preview":"max-image-preview:large","max-video-preview":"max-video-preview:-1"},"canonical":"https:\/\/fjala.info\/2009-2015\/vrasja-e-vajzes-17-vjecare-ne-shkoder-gjakmarrja-nisi-per-nje-vije-uje\/","og_locale":"sq_AL","og_type":"article","og_title":"Vrasja e vajz\u00ebs 17 vje\u00e7are n\u00eb Shkod\u00ebr, gjakmarrja nisi p\u00ebr nj\u00eb vij\u00eb uj\u00eb - FjALA e LIR\u00cb - Arkivi","og_description":"TemA Online, 15 Qershor 2012 Sherri p\u00ebr nj\u00eb vije uji p\u00ebr vaditje n\u00eb Malesin\u00eb e Dukagjinit i ka kushtuar jeten tre personave, mes t\u00eb cil\u00ebve edhe nj\u00eb vajze vet\u00ebm 17 vje\u00e7. Marie Qukaj mbeti e vrare ne vend me arme zjarri, ndersa ishte duke vaditur parcelat me miser prane baneses se saj, se bashku me [&hellip;]","og_url":"https:\/\/fjala.info\/2009-2015\/vrasja-e-vajzes-17-vjecare-ne-shkoder-gjakmarrja-nisi-per-nje-vije-uje\/","og_site_name":"FjALA e LIR\u00cb - Arkivi","article_published_time":"2012-06-15T22:06:55+00:00","og_image":[{"url":"http:\/\/www.fjala.info\/2012\/marie_cukaj.jpg","type":"","width":"","height":""}],"author":"admin","twitter_card":"summary_large_image","twitter_misc":{"Written by":"admin","Est. reading time":"3 minutes"},"schema":{"@context":"https:\/\/schema.org","@graph":[{"@type":"Article","@id":"https:\/\/fjala.info\/2009-2015\/vrasja-e-vajzes-17-vjecare-ne-shkoder-gjakmarrja-nisi-per-nje-vije-uje\/#article","isPartOf":{"@id":"https:\/\/fjala.info\/2009-2015\/vrasja-e-vajzes-17-vjecare-ne-shkoder-gjakmarrja-nisi-per-nje-vije-uje\/"},"author":{"name":"admin","@id":"https:\/\/fjala.info\/2009-2015\/#\/schema\/person\/3aa1163ef05469c496fc94e77611ada2"},"headline":"Vrasja e vajz\u00ebs 17 vje\u00e7are n\u00eb Shkod\u00ebr, gjakmarrja nisi p\u00ebr nj\u00eb vij\u00eb uj\u00eb","datePublished":"2012-06-15T22:06:55+00:00","mainEntityOfPage":{"@id":"https:\/\/fjala.info\/2009-2015\/vrasja-e-vajzes-17-vjecare-ne-shkoder-gjakmarrja-nisi-per-nje-vije-uje\/"},"wordCount":527,"commentCount":0,"publisher":{"@id":"https:\/\/fjala.info\/2009-2015\/#organization"},"image":{"@id":"https:\/\/fjala.info\/2009-2015\/vrasja-e-vajzes-17-vjecare-ne-shkoder-gjakmarrja-nisi-per-nje-vije-uje\/#primaryimage"},"thumbnailUrl":"http:\/\/www.fjala.info\/2012\/marie_cukaj.jpg","articleSection":["Artikuj","Lajme"],"inLanguage":"sq-AL","potentialAction":[{"@type":"CommentAction","name":"Comment","target":["https:\/\/fjala.info\/2009-2015\/vrasja-e-vajzes-17-vjecare-ne-shkoder-gjakmarrja-nisi-per-nje-vije-uje\/#respond"]}]},{"@type":"WebPage","@id":"https:\/\/fjala.info\/2009-2015\/vrasja-e-vajzes-17-vjecare-ne-shkoder-gjakmarrja-nisi-per-nje-vije-uje\/","url":"https:\/\/fjala.info\/2009-2015\/vrasja-e-vajzes-17-vjecare-ne-shkoder-gjakmarrja-nisi-per-nje-vije-uje\/","name":"Vrasja e vajz\u00ebs 17 vje\u00e7are n\u00eb Shkod\u00ebr, gjakmarrja nisi p\u00ebr nj\u00eb vij\u00eb uj\u00eb - FjALA e LIR\u00cb - Arkivi","isPartOf":{"@id":"https:\/\/fjala.info\/2009-2015\/#website"},"primaryImageOfPage":{"@id":"https:\/\/fjala.info\/2009-2015\/vrasja-e-vajzes-17-vjecare-ne-shkoder-gjakmarrja-nisi-per-nje-vije-uje\/#primaryimage"},"image":{"@id":"https:\/\/fjala.info\/2009-2015\/vrasja-e-vajzes-17-vjecare-ne-shkoder-gjakmarrja-nisi-per-nje-vije-uje\/#primaryimage"},"thumbnailUrl":"http:\/\/www.fjala.info\/2012\/marie_cukaj.jpg","datePublished":"2012-06-15T22:06:55+00:00","breadcrumb":{"@id":"https:\/\/fjala.info\/2009-2015\/vrasja-e-vajzes-17-vjecare-ne-shkoder-gjakmarrja-nisi-per-nje-vije-uje\/#breadcrumb"},"inLanguage":"sq-AL","potentialAction":[{"@type":"ReadAction","target":["https:\/\/fjala.info\/2009-2015\/vrasja-e-vajzes-17-vjecare-ne-shkoder-gjakmarrja-nisi-per-nje-vije-uje\/"]}]},{"@type":"ImageObject","inLanguage":"sq-AL","@id":"https:\/\/fjala.info\/2009-2015\/vrasja-e-vajzes-17-vjecare-ne-shkoder-gjakmarrja-nisi-per-nje-vije-uje\/#primaryimage","url":"http:\/\/www.fjala.info\/2012\/marie_cukaj.jpg","contentUrl":"http:\/\/www.fjala.info\/2012\/marie_cukaj.jpg"},{"@type":"BreadcrumbList","@id":"https:\/\/fjala.info\/2009-2015\/vrasja-e-vajzes-17-vjecare-ne-shkoder-gjakmarrja-nisi-per-nje-vije-uje\/#breadcrumb","itemListElement":[{"@type":"ListItem","position":1,"name":"Home","item":"https:\/\/fjala.info\/2009-2015\/"},{"@type":"ListItem","position":2,"name":"Vrasja e vajz\u00ebs 17 vje\u00e7are n\u00eb Shkod\u00ebr, gjakmarrja nisi p\u00ebr nj\u00eb vij\u00eb uj\u00eb"}]},{"@type":"WebSite","@id":"https:\/\/fjala.info\/2009-2015\/#website","url":"https:\/\/fjala.info\/2009-2015\/","name":"FjALA e LIR\u00cb - Arkivi","description":"Arkivi 2009-2015","publisher":{"@id":"https:\/\/fjala.info\/2009-2015\/#organization"},"potentialAction":[{"@type":"SearchAction","target":{"@type":"EntryPoint","urlTemplate":"https:\/\/fjala.info\/2009-2015\/?s={search_term_string}"},"query-input":{"@type":"PropertyValueSpecification","valueRequired":true,"valueName":"search_term_string"}}],"inLanguage":"sq-AL"},{"@type":"Organization","@id":"https:\/\/fjala.info\/2009-2015\/#organization","name":"FjALA e LIR\u00cb - Arkivi","url":"https:\/\/fjala.info\/2009-2015\/","logo":{"@type":"ImageObject","inLanguage":"sq-AL","@id":"https:\/\/fjala.info\/2009-2015\/#\/schema\/logo\/image\/","url":"","contentUrl":"","caption":"FjALA e LIR\u00cb - Arkivi"},"image":{"@id":"https:\/\/fjala.info\/2009-2015\/#\/schema\/logo\/image\/"}},{"@type":"Person","@id":"https:\/\/fjala.info\/2009-2015\/#\/schema\/person\/3aa1163ef05469c496fc94e77611ada2","name":"admin","image":{"@type":"ImageObject","inLanguage":"sq-AL","@id":"https:\/\/fjala.info\/2009-2015\/wp-content\/uploads\/2012\/02\/arben_cokaj-120x150.jpg","url":"https:\/\/fjala.info\/2009-2015\/wp-content\/uploads\/2012\/02\/arben_cokaj-120x150.jpg","contentUrl":"https:\/\/fjala.info\/2009-2015\/wp-content\/uploads\/2012\/02\/arben_cokaj-120x150.jpg","caption":"admin"},"description":"Admin, Fjala e Lir\u00eb","sameAs":["https:\/\/fjala.info\/"],"url":"https:\/\/fjala.info\/2009-2015\/author\/admin\/"}]}},"_links":{"self":[{"href":"https:\/\/fjala.info\/2009-2015\/wp-json\/wp\/v2\/posts\/11892","targetHints":{"allow":["GET"]}}],"collection":[{"href":"https:\/\/fjala.info\/2009-2015\/wp-json\/wp\/v2\/posts"}],"about":[{"href":"https:\/\/fjala.info\/2009-2015\/wp-json\/wp\/v2\/types\/post"}],"author":[{"embeddable":true,"href":"https:\/\/fjala.info\/2009-2015\/wp-json\/wp\/v2\/users\/1"}],"replies":[{"embeddable":true,"href":"https:\/\/fjala.info\/2009-2015\/wp-json\/wp\/v2\/comments?post=11892"}],"version-history":[{"count":0,"href":"https:\/\/fjala.info\/2009-2015\/wp-json\/wp\/v2\/posts\/11892\/revisions"}],"wp:attachment":[{"href":"https:\/\/fjala.info\/2009-2015\/wp-json\/wp\/v2\/media?parent=11892"}],"wp:term":[{"taxonomy":"category","embeddable":true,"href":"https:\/\/fjala.info\/2009-2015\/wp-json\/wp\/v2\/categories?post=11892"},{"taxonomy":"post_tag","embeddable":true,"href":"https:\/\/fjala.info\/2009-2015\/wp-json\/wp\/v2\/tags?post=11892"}],"curies":[{"name":"wp","href":"https:\/\/api.w.org\/{rel}","templated":true}]}}