{"id":11891,"date":"2012-06-15T08:20:42","date_gmt":"2012-06-15T07:20:42","guid":{"rendered":"http:\/\/www.fjala.info\/?p=3322"},"modified":"2012-06-15T08:20:42","modified_gmt":"2012-06-15T07:20:42","slug":"vlerat-qe-duhet-te-sjellin-emigrantet","status":"publish","type":"post","link":"https:\/\/fjala.info\/2009-2015\/vlerat-qe-duhet-te-sjellin-emigrantet\/","title":{"rendered":"Vlerat q\u00eb duhet t\u00eb sjellin emigrant\u00ebt"},"content":{"rendered":"<p><strong>Klarita \u00c7aushi<\/strong><\/p>\n<p>Emigracioni tashm\u00eb po ravij\u00ebzohet si pjes\u00eb e r\u00ebnd\u00ebsishme e shoq\u00ebris\u00eb ton\u00eb,  jo vet\u00ebm n\u00eb aspektin ekonomik. Emigrant\u00ebt, me shum\u00eb v\u00ebshtir\u00ebsi n\u00ebp\u00ebr hap\u00ebsirat e bot\u00ebs s\u00eb qytet\u00ebruar, kan\u00eb arritur t\u00eb marrin e t\u00eb g\u00ebzojn\u00eb k\u00ebt\u00eb status, vet\u00ebm me pun\u00eb. Shum\u00eb prej tyre jan\u00eb b\u00ebr\u00eb personazhe t\u00eb r\u00ebnd\u00ebsishme t\u00eb biznesit, shkenc\u00ebs, artit e sportit n\u00eb bot\u00eb. Ata ruajn\u00eb me fanatiz\u00ebm vlerat komb\u00ebtare, gj\u00eb q\u00eb i b\u00ebn edhe m\u00eb krenar\u00eb p\u00ebr atdheun. Jo pak emigrant\u00eb jan\u00eb b\u00ebr\u00eb dhe investitor\u00eb t\u00eb r\u00ebnd\u00ebsish\u00ebm n\u00eb Shqip\u00ebri.<\/p>\n<p>Pra, komuniteti i emigrant\u00ebve mbetet pararoja e shoq\u00ebris\u00eb civilizuese n\u00eb zhvillim. Burimin q\u00eb sjellin emigrant\u00ebt n\u00eb Shqip\u00ebri, nuk e mohon askush, por un\u00eb dua t\u00eb ngre nj\u00eb problem tjet\u00ebr q\u00eb lidhet me ta. Ardhja e tyre n\u00eb Shqip\u00ebri n\u00eb raste festash apo pushimesh verore \u00ebsht\u00eb v\u00ebrtet ringjallje komb\u00ebtare. Duket sikur \u00ebsht\u00eb mbledhur bashk\u00eb i gjith\u00eb kombi. N\u00eb dit\u00ebt e q\u00ebndrimit t\u00eb tyre ka vet\u00ebm g\u00ebzime, atdheu i flak tej psher\u00ebtimat ther\u00ebse p\u00ebr bijt\u00eb n\u00eb kurbet. <\/p>\n<p>Por, megjithat\u00eb, shum\u00eb emigrant\u00eb, ve\u00e7an\u00ebrisht moshat e reja, shfaqin edhe veprime negative n\u00eb shum\u00eb vende publike. Nj\u00eb nd\u00ebr m\u00eb t\u00eb shpeshtat: me makinat e tyre, v\u00ebllez\u00ebrit dhe djemt\u00eb tan\u00eb emigrant\u00eb bllokojn\u00eb trafikun, duke u b\u00ebr\u00eb edhe burim aksidentesh. Lind pyetja: p\u00ebrse kaq t\u00eb pakujdessh\u00ebm n\u00eb zbatimin e rregullave t\u00eb qarkullimit? Ata duhet t\u00eb jen\u00eb t\u00eb par\u00ebt n\u00eb zbatimin e tyre, duke dh\u00ebn\u00eb shembullin e njer\u00ebzve t\u00eb kulturuar. Bota per\u00ebndimore ku ata jetojn\u00eb, jo vet\u00ebm t\u00eb rrit mir\u00ebqenien, por edhe t\u00eb qytet\u00ebron.<\/p>\n<p>N\u00ebse emigrant\u00ebt tan\u00eb do t\u00eb sillen negativisht n\u00eb vendet ku jetojn\u00eb, si\u00e7 sillen n\u00eb Shqip\u00ebri, patjet\u00ebr do t\u00eb nd\u00ebshkoheshin r\u00ebnd\u00eb edhe penalisht. \u00cbsht\u00eb nj\u00eb aspekt tjet\u00ebr n\u00eb k\u00ebt\u00eb drejtim: shum\u00eb emigrant\u00eb shqiptar\u00eb gjobiten padrejt\u00ebsisht nga Policia Rrugore k\u00ebtu, me mend\u00ebsin\u00eb p\u00ebr t\u2019u \u201czhvatur\u201d edhe ndonj\u00eb lek (!).<\/p>\n<p>E dyta, t\u00eb rinjt\u00eb emigrant\u00eb sillen n\u00eb mjedise publike jo n\u00eb m\u00ebnyr\u00eb t\u00eb kulturuar. Disa dehen e krijojn\u00eb edhe sherre. Kjo vjen sepse disa prej tyre mbeten edhe jasht\u00eb vendit ton\u00eb njer\u00ebz konfliktual\u00eb. Ka nga ata q\u00eb largohen jasht\u00eb Shqip\u00ebris\u00eb p\u00ebr t\u00eb fshehur veprimet e tyre negative apo kriminale. Dhe, kthimi i tyre ndez mekanizmin e hakmarrjes apo t\u00eb \u201clarjes s\u00eb hesapeve\u2026\u201d.<\/p>\n<p>P\u00ebrve\u00e7 kontributeve ekonomike q\u00eb i sjellin Shqip\u00ebris\u00eb, emigrant\u00ebt duhet t\u00eb sjellin edhe qytet\u00ebrimin e bot\u00ebs per\u00ebndimore, vlerat e saj. Ne s\u2019e njohim Europ\u00ebn dhe me kultur\u00ebn per\u00ebndimore do t\u00eb na njoh\u00eb ky komunitet shqiptar\u00ebsh, pra njer\u00ebzit tan\u00eb. Po \u00e7\u2019kultur\u00eb do t\u00eb na japin ata? At\u00eb q\u00eb manifestojn\u00eb n\u00eb Shqip\u00ebri kur vijn\u00eb p\u00ebr pushime? Kjo s\u2019duhet t\u00eb ndodh\u00eb e nuk duhet pranuar.<\/p>\n<p>\u00c7do gj\u00eb ne duhet ta shohim n\u00eb progresiz\u00ebm, q\u00eb t\u00eb gjith\u00eb s\u00eb bashku, t\u00eb b\u00ebhemi si Evropa. Mbi t\u00eb gjitha ligjin, mir\u00ebsjelljen e edukat\u00ebn t\u2019i kemi shenjt\u00ebri p\u00ebrmbi \u00e7do vler\u00eb tjet\u00ebr.<\/p>\n","protected":false},"excerpt":{"rendered":"<p>Klarita \u00c7aushi Emigracioni tashm\u00eb po ravij\u00ebzohet si pjes\u00eb e r\u00ebnd\u00ebsishme e shoq\u00ebris\u00eb ton\u00eb, jo vet\u00ebm n\u00eb aspektin ekonomik. Emigrant\u00ebt, me shum\u00eb v\u00ebshtir\u00ebsi n\u00ebp\u00ebr hap\u00ebsirat e bot\u00ebs s\u00eb qytet\u00ebruar, kan\u00eb arritur t\u00eb marrin e t\u00eb g\u00ebzojn\u00eb k\u00ebt\u00eb status, vet\u00ebm me pun\u00eb. Shum\u00eb prej tyre jan\u00eb b\u00ebr\u00eb personazhe t\u00eb r\u00ebnd\u00ebsishme t\u00eb biznesit, shkenc\u00ebs, artit e sportit n\u00eb [&hellip;]<\/p>\n","protected":false},"author":1,"featured_media":0,"comment_status":"open","ping_status":"closed","sticky":false,"template":"","format":"standard","meta":{"footnotes":""},"categories":[2],"tags":[],"class_list":{"0":"post-11891","1":"post","2":"type-post","3":"status-publish","4":"format-standard","6":"category-artikuj"},"yoast_head":"<!-- This site is optimized with the Yoast SEO plugin v27.4 - https:\/\/yoast.com\/product\/yoast-seo-wordpress\/ -->\n<title>Vlerat q\u00eb duhet t\u00eb sjellin emigrant\u00ebt - FjALA e LIR\u00cb - Arkivi<\/title>\n<meta name=\"robots\" content=\"index, follow, max-snippet:-1, max-image-preview:large, max-video-preview:-1\" \/>\n<link rel=\"canonical\" href=\"https:\/\/fjala.info\/2009-2015\/vlerat-qe-duhet-te-sjellin-emigrantet\/\" \/>\n<meta property=\"og:locale\" content=\"sq_AL\" \/>\n<meta property=\"og:type\" content=\"article\" \/>\n<meta property=\"og:title\" content=\"Vlerat q\u00eb duhet t\u00eb sjellin emigrant\u00ebt - FjALA e LIR\u00cb - Arkivi\" \/>\n<meta property=\"og:description\" content=\"Klarita \u00c7aushi Emigracioni tashm\u00eb po ravij\u00ebzohet si pjes\u00eb e r\u00ebnd\u00ebsishme e shoq\u00ebris\u00eb ton\u00eb, jo vet\u00ebm n\u00eb aspektin ekonomik. Emigrant\u00ebt, me shum\u00eb v\u00ebshtir\u00ebsi n\u00ebp\u00ebr hap\u00ebsirat e bot\u00ebs s\u00eb qytet\u00ebruar, kan\u00eb arritur t\u00eb marrin e t\u00eb g\u00ebzojn\u00eb k\u00ebt\u00eb status, vet\u00ebm me pun\u00eb. Shum\u00eb prej tyre jan\u00eb b\u00ebr\u00eb personazhe t\u00eb r\u00ebnd\u00ebsishme t\u00eb biznesit, shkenc\u00ebs, artit e sportit n\u00eb [&hellip;]\" \/>\n<meta property=\"og:url\" content=\"https:\/\/fjala.info\/2009-2015\/vlerat-qe-duhet-te-sjellin-emigrantet\/\" \/>\n<meta property=\"og:site_name\" content=\"FjALA e LIR\u00cb - Arkivi\" \/>\n<meta property=\"article:published_time\" content=\"2012-06-15T07:20:42+00:00\" \/>\n<meta name=\"author\" content=\"admin\" \/>\n<meta name=\"twitter:card\" content=\"summary_large_image\" \/>\n<meta name=\"twitter:label1\" content=\"Written by\" \/>\n\t<meta name=\"twitter:data1\" content=\"admin\" \/>\n\t<meta name=\"twitter:label2\" content=\"Est. reading time\" \/>\n\t<meta name=\"twitter:data2\" content=\"3 minutes\" \/>\n<script type=\"application\/ld+json\" class=\"yoast-schema-graph\">{\"@context\":\"https:\\\/\\\/schema.org\",\"@graph\":[{\"@type\":\"Article\",\"@id\":\"https:\\\/\\\/fjala.info\\\/2009-2015\\\/vlerat-qe-duhet-te-sjellin-emigrantet\\\/#article\",\"isPartOf\":{\"@id\":\"https:\\\/\\\/fjala.info\\\/2009-2015\\\/vlerat-qe-duhet-te-sjellin-emigrantet\\\/\"},\"author\":{\"name\":\"admin\",\"@id\":\"https:\\\/\\\/fjala.info\\\/2009-2015\\\/#\\\/schema\\\/person\\\/3aa1163ef05469c496fc94e77611ada2\"},\"headline\":\"Vlerat q\u00eb duhet t\u00eb sjellin emigrant\u00ebt\",\"datePublished\":\"2012-06-15T07:20:42+00:00\",\"mainEntityOfPage\":{\"@id\":\"https:\\\/\\\/fjala.info\\\/2009-2015\\\/vlerat-qe-duhet-te-sjellin-emigrantet\\\/\"},\"wordCount\":544,\"commentCount\":0,\"publisher\":{\"@id\":\"https:\\\/\\\/fjala.info\\\/2009-2015\\\/#organization\"},\"articleSection\":[\"Artikuj\"],\"inLanguage\":\"sq-AL\",\"potentialAction\":[{\"@type\":\"CommentAction\",\"name\":\"Comment\",\"target\":[\"https:\\\/\\\/fjala.info\\\/2009-2015\\\/vlerat-qe-duhet-te-sjellin-emigrantet\\\/#respond\"]}]},{\"@type\":\"WebPage\",\"@id\":\"https:\\\/\\\/fjala.info\\\/2009-2015\\\/vlerat-qe-duhet-te-sjellin-emigrantet\\\/\",\"url\":\"https:\\\/\\\/fjala.info\\\/2009-2015\\\/vlerat-qe-duhet-te-sjellin-emigrantet\\\/\",\"name\":\"Vlerat q\u00eb duhet t\u00eb sjellin emigrant\u00ebt - FjALA e LIR\u00cb - Arkivi\",\"isPartOf\":{\"@id\":\"https:\\\/\\\/fjala.info\\\/2009-2015\\\/#website\"},\"datePublished\":\"2012-06-15T07:20:42+00:00\",\"breadcrumb\":{\"@id\":\"https:\\\/\\\/fjala.info\\\/2009-2015\\\/vlerat-qe-duhet-te-sjellin-emigrantet\\\/#breadcrumb\"},\"inLanguage\":\"sq-AL\",\"potentialAction\":[{\"@type\":\"ReadAction\",\"target\":[\"https:\\\/\\\/fjala.info\\\/2009-2015\\\/vlerat-qe-duhet-te-sjellin-emigrantet\\\/\"]}]},{\"@type\":\"BreadcrumbList\",\"@id\":\"https:\\\/\\\/fjala.info\\\/2009-2015\\\/vlerat-qe-duhet-te-sjellin-emigrantet\\\/#breadcrumb\",\"itemListElement\":[{\"@type\":\"ListItem\",\"position\":1,\"name\":\"Home\",\"item\":\"https:\\\/\\\/fjala.info\\\/2009-2015\\\/\"},{\"@type\":\"ListItem\",\"position\":2,\"name\":\"Vlerat q\u00eb duhet t\u00eb sjellin emigrant\u00ebt\"}]},{\"@type\":\"WebSite\",\"@id\":\"https:\\\/\\\/fjala.info\\\/2009-2015\\\/#website\",\"url\":\"https:\\\/\\\/fjala.info\\\/2009-2015\\\/\",\"name\":\"FjALA e LIR\u00cb - Arkivi\",\"description\":\"Arkivi 2009-2015\",\"publisher\":{\"@id\":\"https:\\\/\\\/fjala.info\\\/2009-2015\\\/#organization\"},\"potentialAction\":[{\"@type\":\"SearchAction\",\"target\":{\"@type\":\"EntryPoint\",\"urlTemplate\":\"https:\\\/\\\/fjala.info\\\/2009-2015\\\/?s={search_term_string}\"},\"query-input\":{\"@type\":\"PropertyValueSpecification\",\"valueRequired\":true,\"valueName\":\"search_term_string\"}}],\"inLanguage\":\"sq-AL\"},{\"@type\":\"Organization\",\"@id\":\"https:\\\/\\\/fjala.info\\\/2009-2015\\\/#organization\",\"name\":\"FjALA e LIR\u00cb - Arkivi\",\"url\":\"https:\\\/\\\/fjala.info\\\/2009-2015\\\/\",\"logo\":{\"@type\":\"ImageObject\",\"inLanguage\":\"sq-AL\",\"@id\":\"https:\\\/\\\/fjala.info\\\/2009-2015\\\/#\\\/schema\\\/logo\\\/image\\\/\",\"url\":\"\",\"contentUrl\":\"\",\"caption\":\"FjALA e LIR\u00cb - Arkivi\"},\"image\":{\"@id\":\"https:\\\/\\\/fjala.info\\\/2009-2015\\\/#\\\/schema\\\/logo\\\/image\\\/\"}},{\"@type\":\"Person\",\"@id\":\"https:\\\/\\\/fjala.info\\\/2009-2015\\\/#\\\/schema\\\/person\\\/3aa1163ef05469c496fc94e77611ada2\",\"name\":\"admin\",\"image\":{\"@type\":\"ImageObject\",\"inLanguage\":\"sq-AL\",\"@id\":\"https:\\\/\\\/fjala.info\\\/2009-2015\\\/wp-content\\\/uploads\\\/2012\\\/02\\\/arben_cokaj-120x150.jpg\",\"url\":\"https:\\\/\\\/fjala.info\\\/2009-2015\\\/wp-content\\\/uploads\\\/2012\\\/02\\\/arben_cokaj-120x150.jpg\",\"contentUrl\":\"https:\\\/\\\/fjala.info\\\/2009-2015\\\/wp-content\\\/uploads\\\/2012\\\/02\\\/arben_cokaj-120x150.jpg\",\"caption\":\"admin\"},\"description\":\"Admin, Fjala e Lir\u00eb\",\"sameAs\":[\"https:\\\/\\\/fjala.info\\\/\"],\"url\":\"https:\\\/\\\/fjala.info\\\/2009-2015\\\/author\\\/admin\\\/\"}]}<\/script>\n<!-- \/ Yoast SEO plugin. -->","yoast_head_json":{"title":"Vlerat q\u00eb duhet t\u00eb sjellin emigrant\u00ebt - FjALA e LIR\u00cb - Arkivi","robots":{"index":"index","follow":"follow","max-snippet":"max-snippet:-1","max-image-preview":"max-image-preview:large","max-video-preview":"max-video-preview:-1"},"canonical":"https:\/\/fjala.info\/2009-2015\/vlerat-qe-duhet-te-sjellin-emigrantet\/","og_locale":"sq_AL","og_type":"article","og_title":"Vlerat q\u00eb duhet t\u00eb sjellin emigrant\u00ebt - FjALA e LIR\u00cb - Arkivi","og_description":"Klarita \u00c7aushi Emigracioni tashm\u00eb po ravij\u00ebzohet si pjes\u00eb e r\u00ebnd\u00ebsishme e shoq\u00ebris\u00eb ton\u00eb, jo vet\u00ebm n\u00eb aspektin ekonomik. Emigrant\u00ebt, me shum\u00eb v\u00ebshtir\u00ebsi n\u00ebp\u00ebr hap\u00ebsirat e bot\u00ebs s\u00eb qytet\u00ebruar, kan\u00eb arritur t\u00eb marrin e t\u00eb g\u00ebzojn\u00eb k\u00ebt\u00eb status, vet\u00ebm me pun\u00eb. Shum\u00eb prej tyre jan\u00eb b\u00ebr\u00eb personazhe t\u00eb r\u00ebnd\u00ebsishme t\u00eb biznesit, shkenc\u00ebs, artit e sportit n\u00eb [&hellip;]","og_url":"https:\/\/fjala.info\/2009-2015\/vlerat-qe-duhet-te-sjellin-emigrantet\/","og_site_name":"FjALA e LIR\u00cb - Arkivi","article_published_time":"2012-06-15T07:20:42+00:00","author":"admin","twitter_card":"summary_large_image","twitter_misc":{"Written by":"admin","Est. reading time":"3 minutes"},"schema":{"@context":"https:\/\/schema.org","@graph":[{"@type":"Article","@id":"https:\/\/fjala.info\/2009-2015\/vlerat-qe-duhet-te-sjellin-emigrantet\/#article","isPartOf":{"@id":"https:\/\/fjala.info\/2009-2015\/vlerat-qe-duhet-te-sjellin-emigrantet\/"},"author":{"name":"admin","@id":"https:\/\/fjala.info\/2009-2015\/#\/schema\/person\/3aa1163ef05469c496fc94e77611ada2"},"headline":"Vlerat q\u00eb duhet t\u00eb sjellin emigrant\u00ebt","datePublished":"2012-06-15T07:20:42+00:00","mainEntityOfPage":{"@id":"https:\/\/fjala.info\/2009-2015\/vlerat-qe-duhet-te-sjellin-emigrantet\/"},"wordCount":544,"commentCount":0,"publisher":{"@id":"https:\/\/fjala.info\/2009-2015\/#organization"},"articleSection":["Artikuj"],"inLanguage":"sq-AL","potentialAction":[{"@type":"CommentAction","name":"Comment","target":["https:\/\/fjala.info\/2009-2015\/vlerat-qe-duhet-te-sjellin-emigrantet\/#respond"]}]},{"@type":"WebPage","@id":"https:\/\/fjala.info\/2009-2015\/vlerat-qe-duhet-te-sjellin-emigrantet\/","url":"https:\/\/fjala.info\/2009-2015\/vlerat-qe-duhet-te-sjellin-emigrantet\/","name":"Vlerat q\u00eb duhet t\u00eb sjellin emigrant\u00ebt - FjALA e LIR\u00cb - Arkivi","isPartOf":{"@id":"https:\/\/fjala.info\/2009-2015\/#website"},"datePublished":"2012-06-15T07:20:42+00:00","breadcrumb":{"@id":"https:\/\/fjala.info\/2009-2015\/vlerat-qe-duhet-te-sjellin-emigrantet\/#breadcrumb"},"inLanguage":"sq-AL","potentialAction":[{"@type":"ReadAction","target":["https:\/\/fjala.info\/2009-2015\/vlerat-qe-duhet-te-sjellin-emigrantet\/"]}]},{"@type":"BreadcrumbList","@id":"https:\/\/fjala.info\/2009-2015\/vlerat-qe-duhet-te-sjellin-emigrantet\/#breadcrumb","itemListElement":[{"@type":"ListItem","position":1,"name":"Home","item":"https:\/\/fjala.info\/2009-2015\/"},{"@type":"ListItem","position":2,"name":"Vlerat q\u00eb duhet t\u00eb sjellin emigrant\u00ebt"}]},{"@type":"WebSite","@id":"https:\/\/fjala.info\/2009-2015\/#website","url":"https:\/\/fjala.info\/2009-2015\/","name":"FjALA e LIR\u00cb - Arkivi","description":"Arkivi 2009-2015","publisher":{"@id":"https:\/\/fjala.info\/2009-2015\/#organization"},"potentialAction":[{"@type":"SearchAction","target":{"@type":"EntryPoint","urlTemplate":"https:\/\/fjala.info\/2009-2015\/?s={search_term_string}"},"query-input":{"@type":"PropertyValueSpecification","valueRequired":true,"valueName":"search_term_string"}}],"inLanguage":"sq-AL"},{"@type":"Organization","@id":"https:\/\/fjala.info\/2009-2015\/#organization","name":"FjALA e LIR\u00cb - Arkivi","url":"https:\/\/fjala.info\/2009-2015\/","logo":{"@type":"ImageObject","inLanguage":"sq-AL","@id":"https:\/\/fjala.info\/2009-2015\/#\/schema\/logo\/image\/","url":"","contentUrl":"","caption":"FjALA e LIR\u00cb - Arkivi"},"image":{"@id":"https:\/\/fjala.info\/2009-2015\/#\/schema\/logo\/image\/"}},{"@type":"Person","@id":"https:\/\/fjala.info\/2009-2015\/#\/schema\/person\/3aa1163ef05469c496fc94e77611ada2","name":"admin","image":{"@type":"ImageObject","inLanguage":"sq-AL","@id":"https:\/\/fjala.info\/2009-2015\/wp-content\/uploads\/2012\/02\/arben_cokaj-120x150.jpg","url":"https:\/\/fjala.info\/2009-2015\/wp-content\/uploads\/2012\/02\/arben_cokaj-120x150.jpg","contentUrl":"https:\/\/fjala.info\/2009-2015\/wp-content\/uploads\/2012\/02\/arben_cokaj-120x150.jpg","caption":"admin"},"description":"Admin, Fjala e Lir\u00eb","sameAs":["https:\/\/fjala.info\/"],"url":"https:\/\/fjala.info\/2009-2015\/author\/admin\/"}]}},"_links":{"self":[{"href":"https:\/\/fjala.info\/2009-2015\/wp-json\/wp\/v2\/posts\/11891","targetHints":{"allow":["GET"]}}],"collection":[{"href":"https:\/\/fjala.info\/2009-2015\/wp-json\/wp\/v2\/posts"}],"about":[{"href":"https:\/\/fjala.info\/2009-2015\/wp-json\/wp\/v2\/types\/post"}],"author":[{"embeddable":true,"href":"https:\/\/fjala.info\/2009-2015\/wp-json\/wp\/v2\/users\/1"}],"replies":[{"embeddable":true,"href":"https:\/\/fjala.info\/2009-2015\/wp-json\/wp\/v2\/comments?post=11891"}],"version-history":[{"count":0,"href":"https:\/\/fjala.info\/2009-2015\/wp-json\/wp\/v2\/posts\/11891\/revisions"}],"wp:attachment":[{"href":"https:\/\/fjala.info\/2009-2015\/wp-json\/wp\/v2\/media?parent=11891"}],"wp:term":[{"taxonomy":"category","embeddable":true,"href":"https:\/\/fjala.info\/2009-2015\/wp-json\/wp\/v2\/categories?post=11891"},{"taxonomy":"post_tag","embeddable":true,"href":"https:\/\/fjala.info\/2009-2015\/wp-json\/wp\/v2\/tags?post=11891"}],"curies":[{"name":"wp","href":"https:\/\/api.w.org\/{rel}","templated":true}]}}