{"id":11890,"date":"2012-06-15T07:23:07","date_gmt":"2012-06-15T06:23:07","guid":{"rendered":"http:\/\/www.fjala.info\/?p=3314"},"modified":"2012-06-15T07:23:07","modified_gmt":"2012-06-15T06:23:07","slug":"masaker-ne-tirane-priten-7-mije-meter-katror-pyll-brenda-nje-nate-bashkia-do-i-dhjetefishojme-ne-zona-te-tjera","status":"publish","type":"post","link":"https:\/\/fjala.info\/2009-2015\/masaker-ne-tirane-priten-7-mije-meter-katror-pyll-brenda-nje-nate-bashkia-do-i-dhjetefishojme-ne-zona-te-tjera\/","title":{"rendered":"Masak\u00ebr n\u00eb Tiran\u00eb, priten 7 mij\u00eb met\u00ebr katror pyll brenda nj\u00eb nat\u00eb. Bashkia: Do i dhjet\u00ebfishojm\u00eb n\u00eb zona t\u00eb tjera"},"content":{"rendered":"<p><img decoding=\"async\" class=\"alignright size-thumbnail wp-image-7236\" title=\"Prerja e pem\u00ebve n\u00eb park\" src=\"http:\/\/www.fjala.info\/2012\/prerja_parkut.jpg\" alt=\"\" width=\"300\" \/> <strong>TemA<\/strong>, <em>14 Qershor 2012<\/em><\/p>\n<p>Parku i Liqenit drejt zhdukjes. Bashkia thot\u00eb se do zgjerohet Rruga e Elbasanit, por masakra \u00ebsht\u00eb b\u00ebr\u00eb brenda nat\u00ebs, pa asnj\u00eb tabel\u00eb e lajm\u00ebrim, apo projekt konkret. Ambientalist\u00ebt thon\u00eb se do nd\u00ebrtohen pallate. Q\u00eb tani ambasada turke ka marr\u00eb leje p\u00ebr t\u00eb nd\u00ebrtuar aty rezidenc\u00ebn e saj 7 mij\u00eb metra\/katror\u00eb. Po ashtu do nd\u00ebrtohet nj\u00eb kampua universitar<\/p>\n<p>Ambientalist\u00ebt kan\u00eb denoncuar prerjen e 7000 met\u00ebr\/katror pyll brenda nj\u00eb nate n\u00eb zon\u00ebn p\u00ebrball\u00eb Fakultetit Filologjik n\u00eb Tiran\u00eb.<\/p>\n<p>\u201c\u00cbsht\u00eb nj\u00eb masak\u00ebr n\u00eb mes t\u00eb kryeqytetit t\u00eb Shqip\u00ebris\u00eb, \u00ebsht\u00eb nj\u00eb pabesi e madhe e kryebashkiakut q\u00eb \u00ebsht\u00eb prononcuar fuqimisht p\u00ebr nj\u00eb Tiran\u00eb t\u00eb gjelb\u00ebr. Kemi t\u00eb b\u00ebjm\u00eb me nj\u00eb munges\u00eb totale p\u00ebrgjegjshm\u00ebrie p\u00ebr qytetin, tregon se shpejt, k\u00ebshtu si ky vend q\u00eb shikoni k\u00ebtu, do t\u00eb masakrohet i gjith\u00eb parku. Ky \u00ebsht\u00eb precedent shum\u00eb i rreziksh\u00ebm\u201d, thot\u00eb ambientalisti Lavdosh Feruni.<\/p>\n<p>Por Bashkia \u00ebsht\u00eb p\u00ebrgjigjur duke th\u00ebn\u00eb se po e b\u00ebjn\u00eb di\u00e7ka t\u00eb till\u00eb p\u00ebr t\u00eb zgjeruar Rrug\u00ebn e Elbasanit.<\/p>\n<p>\u201cKjo rrug\u00eb, nga Fakulteti Ekonomik deri tek rrethrrotullimi i Saukut, me gjat\u00ebsi 1.7km, do t\u00eb jet\u00eb me 6 korsi 2x8m me trafikndar\u00ebse prej 1.5m ku \u00ebsht\u00eb parashikuar dhe gjelb\u00ebrim si dhe me trotuare n\u00eb t\u00eb dy an\u00ebt e rrug\u00ebs. Zgjerimi i k\u00ebsaj rruge do t\u00eb leht\u00ebsoj\u00eb ndjesh\u00ebm trafikun, do t\u00eb ul\u00eb koston e levizshm\u00ebris\u00eb, do t\u00eb ndikoj\u00eb n\u00eb reduktimin e ndotjes dhe do t\u00eb p\u00ebrmir\u00ebsoj\u00eb cil\u00ebsin\u00eb e jet\u00ebs banor\u00ebve t\u00eb Tiran\u00ebs,\u201d thuhet n\u00eb njoftimin e Bashkis\u00eb.<\/p>\n<p>\u201cBashkia e Tiran\u00ebs garanton \u00e7do qytetar se numri i pem\u00ebve t\u00eb prera p\u00ebr t\u2019i hapur rrug\u00eb realizimit t\u00eb k\u00ebtij projekti t\u00eb r\u00ebnd\u00ebsish\u00ebm dhe me impakt n\u00eb cil\u00ebsin\u00eb e jet\u00ebs s\u00eb qytetar\u00ebve t\u00eb Tiran\u00ebs do t\u00eb dhjet\u00ebfishohet brenda k\u00ebtij viti n\u00eb ambiente t\u00eb tjera t\u00eb k\u00ebtij parku,\u201d vijon njoftimi.<\/p>\n<p>Por ambientalist\u00ebt e kund\u00ebrshtojn\u00eb k\u00ebt\u00eb.<\/p>\n<p>\u201cK\u00ebtu n\u00eb k\u00ebt\u00eb tok\u00eb ka projekte p\u00ebr t\u2019u nd\u00ebrtuar, projekte 5-12 kat\u00ebshe. P\u00ebr mua si ambientalist dhe qytetar, shqet\u00ebsim \u00ebsht\u00eb prerja e pyllit\u201d, thot\u00eb ambientalisti tjet\u00ebr, Sazan Guri.<\/p>\n<p>Brenda ambientit t\u00eb Parkut Komb\u00ebtar i \u00ebsht\u00eb dh\u00ebn\u00eb leje Ambasad\u00ebs Turke p\u00ebr t\u00eb nd\u00ebrtuar rezidencat e saj, nd\u00ebrkoh\u00eb q\u00eb sipas ambientalist\u00ebve ka t\u00eb tjera projekte t\u00eb pab\u00ebra publike q\u00eb pritet t\u00eb zhvillohen brenda ambienteve t\u00eb k\u00ebtij parku.<\/p>\n<p>\u201cNuk ka asnj\u00eb tabel\u00eb. \u00cbsht\u00eb me detyrim ligjor t\u00eb vendoset nj\u00eb tabel\u00eb se \u00e7far\u00eb do t\u00eb b\u00ebhet k\u00ebtu. Nuk ka asnj\u00eb plan rregullues t\u00eb miratuar, as nga K\u00ebshilli Bashkiak as nga qeveria. Zoti Basha ka ardhur n\u00eb pushtet duke b\u00ebr\u00eb nj\u00eb thirrje: do shtojm\u00eb sip\u00ebrfaqet e gjelb\u00ebrta t\u00eb qytetit, dhe ky \u00ebsht\u00eb hapi i par\u00eb. 7 mij\u00eb metra\/katror\u00eb q\u00eb u hoq\u00ebn brenda nj\u00eb nate n\u00eb Tiran\u00eb, hapi i dyt\u00eb \u00ebsht\u00eb se ambasada turke q\u00eb do t\u00eb marr\u00eb 7 mij\u00eb metra t\u00eb tjera, \u00ebsht\u00eb kampusi universitar q\u00eb pritet t\u00eb nd\u00ebrtohet pas universitetit, \u00ebsht\u00eb unaza, e ashtuquajtura unaz\u00eb, e cila q\u00ebllimisht u fut brenda parkut. Ne sot mund t\u00eb themi q\u00eb Tirana nuk e m\u00eb Parkun e Liqenit\u201d, thot\u00eb arkitekti Artan Shkreli.<\/p>\n","protected":false},"excerpt":{"rendered":"<p>TemA, 14 Qershor 2012 Parku i Liqenit drejt zhdukjes. Bashkia thot\u00eb se do zgjerohet Rruga e Elbasanit, por masakra \u00ebsht\u00eb b\u00ebr\u00eb brenda nat\u00ebs, pa asnj\u00eb tabel\u00eb e lajm\u00ebrim, apo projekt konkret. Ambientalist\u00ebt thon\u00eb se do nd\u00ebrtohen pallate. Q\u00eb tani ambasada turke ka marr\u00eb leje p\u00ebr t\u00eb nd\u00ebrtuar aty rezidenc\u00ebn e saj 7 mij\u00eb metra\/katror\u00eb. Po [&hellip;]<\/p>\n","protected":false},"author":1,"featured_media":0,"comment_status":"open","ping_status":"closed","sticky":false,"template":"","format":"standard","meta":{"footnotes":""},"categories":[2,5],"tags":[],"class_list":{"0":"post-11890","1":"post","2":"type-post","3":"status-publish","4":"format-standard","6":"category-artikuj","7":"category-lajme"},"yoast_head":"<!-- This site is optimized with the Yoast SEO plugin v27.4 - https:\/\/yoast.com\/product\/yoast-seo-wordpress\/ -->\n<title>Masak\u00ebr n\u00eb Tiran\u00eb, priten 7 mij\u00eb met\u00ebr katror pyll brenda nj\u00eb nat\u00eb. Bashkia: Do i dhjet\u00ebfishojm\u00eb n\u00eb zona t\u00eb tjera - FjALA e LIR\u00cb - Arkivi<\/title>\n<meta name=\"robots\" content=\"index, follow, max-snippet:-1, max-image-preview:large, max-video-preview:-1\" \/>\n<link rel=\"canonical\" href=\"https:\/\/fjala.info\/2009-2015\/masaker-ne-tirane-priten-7-mije-meter-katror-pyll-brenda-nje-nate-bashkia-do-i-dhjetefishojme-ne-zona-te-tjera\/\" \/>\n<meta property=\"og:locale\" content=\"sq_AL\" \/>\n<meta property=\"og:type\" content=\"article\" \/>\n<meta property=\"og:title\" content=\"Masak\u00ebr n\u00eb Tiran\u00eb, priten 7 mij\u00eb met\u00ebr katror pyll brenda nj\u00eb nat\u00eb. Bashkia: Do i dhjet\u00ebfishojm\u00eb n\u00eb zona t\u00eb tjera - FjALA e LIR\u00cb - Arkivi\" \/>\n<meta property=\"og:description\" content=\"TemA, 14 Qershor 2012 Parku i Liqenit drejt zhdukjes. Bashkia thot\u00eb se do zgjerohet Rruga e Elbasanit, por masakra \u00ebsht\u00eb b\u00ebr\u00eb brenda nat\u00ebs, pa asnj\u00eb tabel\u00eb e lajm\u00ebrim, apo projekt konkret. Ambientalist\u00ebt thon\u00eb se do nd\u00ebrtohen pallate. Q\u00eb tani ambasada turke ka marr\u00eb leje p\u00ebr t\u00eb nd\u00ebrtuar aty rezidenc\u00ebn e saj 7 mij\u00eb metra\/katror\u00eb. Po [&hellip;]\" \/>\n<meta property=\"og:url\" content=\"https:\/\/fjala.info\/2009-2015\/masaker-ne-tirane-priten-7-mije-meter-katror-pyll-brenda-nje-nate-bashkia-do-i-dhjetefishojme-ne-zona-te-tjera\/\" \/>\n<meta property=\"og:site_name\" content=\"FjALA e LIR\u00cb - Arkivi\" \/>\n<meta property=\"article:published_time\" content=\"2012-06-15T06:23:07+00:00\" \/>\n<meta property=\"og:image\" content=\"http:\/\/www.fjala.info\/2012\/prerja_parkut.jpg\" \/>\n<meta name=\"author\" content=\"admin\" \/>\n<meta name=\"twitter:card\" content=\"summary_large_image\" \/>\n<meta name=\"twitter:label1\" content=\"Written by\" \/>\n\t<meta name=\"twitter:data1\" content=\"admin\" \/>\n\t<meta name=\"twitter:label2\" content=\"Est. reading time\" \/>\n\t<meta name=\"twitter:data2\" content=\"3 minutes\" \/>\n<script type=\"application\/ld+json\" class=\"yoast-schema-graph\">{\"@context\":\"https:\\\/\\\/schema.org\",\"@graph\":[{\"@type\":\"Article\",\"@id\":\"https:\\\/\\\/fjala.info\\\/2009-2015\\\/masaker-ne-tirane-priten-7-mije-meter-katror-pyll-brenda-nje-nate-bashkia-do-i-dhjetefishojme-ne-zona-te-tjera\\\/#article\",\"isPartOf\":{\"@id\":\"https:\\\/\\\/fjala.info\\\/2009-2015\\\/masaker-ne-tirane-priten-7-mije-meter-katror-pyll-brenda-nje-nate-bashkia-do-i-dhjetefishojme-ne-zona-te-tjera\\\/\"},\"author\":{\"name\":\"admin\",\"@id\":\"https:\\\/\\\/fjala.info\\\/2009-2015\\\/#\\\/schema\\\/person\\\/3aa1163ef05469c496fc94e77611ada2\"},\"headline\":\"Masak\u00ebr n\u00eb Tiran\u00eb, priten 7 mij\u00eb met\u00ebr katror pyll brenda nj\u00eb nat\u00eb. Bashkia: Do i dhjet\u00ebfishojm\u00eb n\u00eb zona t\u00eb tjera\",\"datePublished\":\"2012-06-15T06:23:07+00:00\",\"mainEntityOfPage\":{\"@id\":\"https:\\\/\\\/fjala.info\\\/2009-2015\\\/masaker-ne-tirane-priten-7-mije-meter-katror-pyll-brenda-nje-nate-bashkia-do-i-dhjetefishojme-ne-zona-te-tjera\\\/\"},\"wordCount\":582,\"commentCount\":0,\"publisher\":{\"@id\":\"https:\\\/\\\/fjala.info\\\/2009-2015\\\/#organization\"},\"image\":{\"@id\":\"https:\\\/\\\/fjala.info\\\/2009-2015\\\/masaker-ne-tirane-priten-7-mije-meter-katror-pyll-brenda-nje-nate-bashkia-do-i-dhjetefishojme-ne-zona-te-tjera\\\/#primaryimage\"},\"thumbnailUrl\":\"http:\\\/\\\/www.fjala.info\\\/2012\\\/prerja_parkut.jpg\",\"articleSection\":[\"Artikuj\",\"Lajme\"],\"inLanguage\":\"sq-AL\",\"potentialAction\":[{\"@type\":\"CommentAction\",\"name\":\"Comment\",\"target\":[\"https:\\\/\\\/fjala.info\\\/2009-2015\\\/masaker-ne-tirane-priten-7-mije-meter-katror-pyll-brenda-nje-nate-bashkia-do-i-dhjetefishojme-ne-zona-te-tjera\\\/#respond\"]}]},{\"@type\":\"WebPage\",\"@id\":\"https:\\\/\\\/fjala.info\\\/2009-2015\\\/masaker-ne-tirane-priten-7-mije-meter-katror-pyll-brenda-nje-nate-bashkia-do-i-dhjetefishojme-ne-zona-te-tjera\\\/\",\"url\":\"https:\\\/\\\/fjala.info\\\/2009-2015\\\/masaker-ne-tirane-priten-7-mije-meter-katror-pyll-brenda-nje-nate-bashkia-do-i-dhjetefishojme-ne-zona-te-tjera\\\/\",\"name\":\"Masak\u00ebr n\u00eb Tiran\u00eb, priten 7 mij\u00eb met\u00ebr katror pyll brenda nj\u00eb nat\u00eb. Bashkia: Do i dhjet\u00ebfishojm\u00eb n\u00eb zona t\u00eb tjera - FjALA e LIR\u00cb - Arkivi\",\"isPartOf\":{\"@id\":\"https:\\\/\\\/fjala.info\\\/2009-2015\\\/#website\"},\"primaryImageOfPage\":{\"@id\":\"https:\\\/\\\/fjala.info\\\/2009-2015\\\/masaker-ne-tirane-priten-7-mije-meter-katror-pyll-brenda-nje-nate-bashkia-do-i-dhjetefishojme-ne-zona-te-tjera\\\/#primaryimage\"},\"image\":{\"@id\":\"https:\\\/\\\/fjala.info\\\/2009-2015\\\/masaker-ne-tirane-priten-7-mije-meter-katror-pyll-brenda-nje-nate-bashkia-do-i-dhjetefishojme-ne-zona-te-tjera\\\/#primaryimage\"},\"thumbnailUrl\":\"http:\\\/\\\/www.fjala.info\\\/2012\\\/prerja_parkut.jpg\",\"datePublished\":\"2012-06-15T06:23:07+00:00\",\"breadcrumb\":{\"@id\":\"https:\\\/\\\/fjala.info\\\/2009-2015\\\/masaker-ne-tirane-priten-7-mije-meter-katror-pyll-brenda-nje-nate-bashkia-do-i-dhjetefishojme-ne-zona-te-tjera\\\/#breadcrumb\"},\"inLanguage\":\"sq-AL\",\"potentialAction\":[{\"@type\":\"ReadAction\",\"target\":[\"https:\\\/\\\/fjala.info\\\/2009-2015\\\/masaker-ne-tirane-priten-7-mije-meter-katror-pyll-brenda-nje-nate-bashkia-do-i-dhjetefishojme-ne-zona-te-tjera\\\/\"]}]},{\"@type\":\"ImageObject\",\"inLanguage\":\"sq-AL\",\"@id\":\"https:\\\/\\\/fjala.info\\\/2009-2015\\\/masaker-ne-tirane-priten-7-mije-meter-katror-pyll-brenda-nje-nate-bashkia-do-i-dhjetefishojme-ne-zona-te-tjera\\\/#primaryimage\",\"url\":\"http:\\\/\\\/www.fjala.info\\\/2012\\\/prerja_parkut.jpg\",\"contentUrl\":\"http:\\\/\\\/www.fjala.info\\\/2012\\\/prerja_parkut.jpg\"},{\"@type\":\"BreadcrumbList\",\"@id\":\"https:\\\/\\\/fjala.info\\\/2009-2015\\\/masaker-ne-tirane-priten-7-mije-meter-katror-pyll-brenda-nje-nate-bashkia-do-i-dhjetefishojme-ne-zona-te-tjera\\\/#breadcrumb\",\"itemListElement\":[{\"@type\":\"ListItem\",\"position\":1,\"name\":\"Home\",\"item\":\"https:\\\/\\\/fjala.info\\\/2009-2015\\\/\"},{\"@type\":\"ListItem\",\"position\":2,\"name\":\"Masak\u00ebr n\u00eb Tiran\u00eb, priten 7 mij\u00eb met\u00ebr katror pyll brenda nj\u00eb nat\u00eb. Bashkia: Do i dhjet\u00ebfishojm\u00eb n\u00eb zona t\u00eb tjera\"}]},{\"@type\":\"WebSite\",\"@id\":\"https:\\\/\\\/fjala.info\\\/2009-2015\\\/#website\",\"url\":\"https:\\\/\\\/fjala.info\\\/2009-2015\\\/\",\"name\":\"FjALA e LIR\u00cb - Arkivi\",\"description\":\"Arkivi 2009-2015\",\"publisher\":{\"@id\":\"https:\\\/\\\/fjala.info\\\/2009-2015\\\/#organization\"},\"potentialAction\":[{\"@type\":\"SearchAction\",\"target\":{\"@type\":\"EntryPoint\",\"urlTemplate\":\"https:\\\/\\\/fjala.info\\\/2009-2015\\\/?s={search_term_string}\"},\"query-input\":{\"@type\":\"PropertyValueSpecification\",\"valueRequired\":true,\"valueName\":\"search_term_string\"}}],\"inLanguage\":\"sq-AL\"},{\"@type\":\"Organization\",\"@id\":\"https:\\\/\\\/fjala.info\\\/2009-2015\\\/#organization\",\"name\":\"FjALA e LIR\u00cb - Arkivi\",\"url\":\"https:\\\/\\\/fjala.info\\\/2009-2015\\\/\",\"logo\":{\"@type\":\"ImageObject\",\"inLanguage\":\"sq-AL\",\"@id\":\"https:\\\/\\\/fjala.info\\\/2009-2015\\\/#\\\/schema\\\/logo\\\/image\\\/\",\"url\":\"\",\"contentUrl\":\"\",\"caption\":\"FjALA e LIR\u00cb - Arkivi\"},\"image\":{\"@id\":\"https:\\\/\\\/fjala.info\\\/2009-2015\\\/#\\\/schema\\\/logo\\\/image\\\/\"}},{\"@type\":\"Person\",\"@id\":\"https:\\\/\\\/fjala.info\\\/2009-2015\\\/#\\\/schema\\\/person\\\/3aa1163ef05469c496fc94e77611ada2\",\"name\":\"admin\",\"image\":{\"@type\":\"ImageObject\",\"inLanguage\":\"sq-AL\",\"@id\":\"https:\\\/\\\/fjala.info\\\/2009-2015\\\/wp-content\\\/uploads\\\/2012\\\/02\\\/arben_cokaj-120x150.jpg\",\"url\":\"https:\\\/\\\/fjala.info\\\/2009-2015\\\/wp-content\\\/uploads\\\/2012\\\/02\\\/arben_cokaj-120x150.jpg\",\"contentUrl\":\"https:\\\/\\\/fjala.info\\\/2009-2015\\\/wp-content\\\/uploads\\\/2012\\\/02\\\/arben_cokaj-120x150.jpg\",\"caption\":\"admin\"},\"description\":\"Admin, Fjala e Lir\u00eb\",\"sameAs\":[\"https:\\\/\\\/fjala.info\\\/\"],\"url\":\"https:\\\/\\\/fjala.info\\\/2009-2015\\\/author\\\/admin\\\/\"}]}<\/script>\n<!-- \/ Yoast SEO plugin. -->","yoast_head_json":{"title":"Masak\u00ebr n\u00eb Tiran\u00eb, priten 7 mij\u00eb met\u00ebr katror pyll brenda nj\u00eb nat\u00eb. Bashkia: Do i dhjet\u00ebfishojm\u00eb n\u00eb zona t\u00eb tjera - FjALA e LIR\u00cb - Arkivi","robots":{"index":"index","follow":"follow","max-snippet":"max-snippet:-1","max-image-preview":"max-image-preview:large","max-video-preview":"max-video-preview:-1"},"canonical":"https:\/\/fjala.info\/2009-2015\/masaker-ne-tirane-priten-7-mije-meter-katror-pyll-brenda-nje-nate-bashkia-do-i-dhjetefishojme-ne-zona-te-tjera\/","og_locale":"sq_AL","og_type":"article","og_title":"Masak\u00ebr n\u00eb Tiran\u00eb, priten 7 mij\u00eb met\u00ebr katror pyll brenda nj\u00eb nat\u00eb. Bashkia: Do i dhjet\u00ebfishojm\u00eb n\u00eb zona t\u00eb tjera - FjALA e LIR\u00cb - Arkivi","og_description":"TemA, 14 Qershor 2012 Parku i Liqenit drejt zhdukjes. Bashkia thot\u00eb se do zgjerohet Rruga e Elbasanit, por masakra \u00ebsht\u00eb b\u00ebr\u00eb brenda nat\u00ebs, pa asnj\u00eb tabel\u00eb e lajm\u00ebrim, apo projekt konkret. Ambientalist\u00ebt thon\u00eb se do nd\u00ebrtohen pallate. Q\u00eb tani ambasada turke ka marr\u00eb leje p\u00ebr t\u00eb nd\u00ebrtuar aty rezidenc\u00ebn e saj 7 mij\u00eb metra\/katror\u00eb. Po [&hellip;]","og_url":"https:\/\/fjala.info\/2009-2015\/masaker-ne-tirane-priten-7-mije-meter-katror-pyll-brenda-nje-nate-bashkia-do-i-dhjetefishojme-ne-zona-te-tjera\/","og_site_name":"FjALA e LIR\u00cb - Arkivi","article_published_time":"2012-06-15T06:23:07+00:00","og_image":[{"url":"http:\/\/www.fjala.info\/2012\/prerja_parkut.jpg","type":"","width":"","height":""}],"author":"admin","twitter_card":"summary_large_image","twitter_misc":{"Written by":"admin","Est. reading time":"3 minutes"},"schema":{"@context":"https:\/\/schema.org","@graph":[{"@type":"Article","@id":"https:\/\/fjala.info\/2009-2015\/masaker-ne-tirane-priten-7-mije-meter-katror-pyll-brenda-nje-nate-bashkia-do-i-dhjetefishojme-ne-zona-te-tjera\/#article","isPartOf":{"@id":"https:\/\/fjala.info\/2009-2015\/masaker-ne-tirane-priten-7-mije-meter-katror-pyll-brenda-nje-nate-bashkia-do-i-dhjetefishojme-ne-zona-te-tjera\/"},"author":{"name":"admin","@id":"https:\/\/fjala.info\/2009-2015\/#\/schema\/person\/3aa1163ef05469c496fc94e77611ada2"},"headline":"Masak\u00ebr n\u00eb Tiran\u00eb, priten 7 mij\u00eb met\u00ebr katror pyll brenda nj\u00eb nat\u00eb. Bashkia: Do i dhjet\u00ebfishojm\u00eb n\u00eb zona t\u00eb tjera","datePublished":"2012-06-15T06:23:07+00:00","mainEntityOfPage":{"@id":"https:\/\/fjala.info\/2009-2015\/masaker-ne-tirane-priten-7-mije-meter-katror-pyll-brenda-nje-nate-bashkia-do-i-dhjetefishojme-ne-zona-te-tjera\/"},"wordCount":582,"commentCount":0,"publisher":{"@id":"https:\/\/fjala.info\/2009-2015\/#organization"},"image":{"@id":"https:\/\/fjala.info\/2009-2015\/masaker-ne-tirane-priten-7-mije-meter-katror-pyll-brenda-nje-nate-bashkia-do-i-dhjetefishojme-ne-zona-te-tjera\/#primaryimage"},"thumbnailUrl":"http:\/\/www.fjala.info\/2012\/prerja_parkut.jpg","articleSection":["Artikuj","Lajme"],"inLanguage":"sq-AL","potentialAction":[{"@type":"CommentAction","name":"Comment","target":["https:\/\/fjala.info\/2009-2015\/masaker-ne-tirane-priten-7-mije-meter-katror-pyll-brenda-nje-nate-bashkia-do-i-dhjetefishojme-ne-zona-te-tjera\/#respond"]}]},{"@type":"WebPage","@id":"https:\/\/fjala.info\/2009-2015\/masaker-ne-tirane-priten-7-mije-meter-katror-pyll-brenda-nje-nate-bashkia-do-i-dhjetefishojme-ne-zona-te-tjera\/","url":"https:\/\/fjala.info\/2009-2015\/masaker-ne-tirane-priten-7-mije-meter-katror-pyll-brenda-nje-nate-bashkia-do-i-dhjetefishojme-ne-zona-te-tjera\/","name":"Masak\u00ebr n\u00eb Tiran\u00eb, priten 7 mij\u00eb met\u00ebr katror pyll brenda nj\u00eb nat\u00eb. Bashkia: Do i dhjet\u00ebfishojm\u00eb n\u00eb zona t\u00eb tjera - FjALA e LIR\u00cb - Arkivi","isPartOf":{"@id":"https:\/\/fjala.info\/2009-2015\/#website"},"primaryImageOfPage":{"@id":"https:\/\/fjala.info\/2009-2015\/masaker-ne-tirane-priten-7-mije-meter-katror-pyll-brenda-nje-nate-bashkia-do-i-dhjetefishojme-ne-zona-te-tjera\/#primaryimage"},"image":{"@id":"https:\/\/fjala.info\/2009-2015\/masaker-ne-tirane-priten-7-mije-meter-katror-pyll-brenda-nje-nate-bashkia-do-i-dhjetefishojme-ne-zona-te-tjera\/#primaryimage"},"thumbnailUrl":"http:\/\/www.fjala.info\/2012\/prerja_parkut.jpg","datePublished":"2012-06-15T06:23:07+00:00","breadcrumb":{"@id":"https:\/\/fjala.info\/2009-2015\/masaker-ne-tirane-priten-7-mije-meter-katror-pyll-brenda-nje-nate-bashkia-do-i-dhjetefishojme-ne-zona-te-tjera\/#breadcrumb"},"inLanguage":"sq-AL","potentialAction":[{"@type":"ReadAction","target":["https:\/\/fjala.info\/2009-2015\/masaker-ne-tirane-priten-7-mije-meter-katror-pyll-brenda-nje-nate-bashkia-do-i-dhjetefishojme-ne-zona-te-tjera\/"]}]},{"@type":"ImageObject","inLanguage":"sq-AL","@id":"https:\/\/fjala.info\/2009-2015\/masaker-ne-tirane-priten-7-mije-meter-katror-pyll-brenda-nje-nate-bashkia-do-i-dhjetefishojme-ne-zona-te-tjera\/#primaryimage","url":"http:\/\/www.fjala.info\/2012\/prerja_parkut.jpg","contentUrl":"http:\/\/www.fjala.info\/2012\/prerja_parkut.jpg"},{"@type":"BreadcrumbList","@id":"https:\/\/fjala.info\/2009-2015\/masaker-ne-tirane-priten-7-mije-meter-katror-pyll-brenda-nje-nate-bashkia-do-i-dhjetefishojme-ne-zona-te-tjera\/#breadcrumb","itemListElement":[{"@type":"ListItem","position":1,"name":"Home","item":"https:\/\/fjala.info\/2009-2015\/"},{"@type":"ListItem","position":2,"name":"Masak\u00ebr n\u00eb Tiran\u00eb, priten 7 mij\u00eb met\u00ebr katror pyll brenda nj\u00eb nat\u00eb. Bashkia: Do i dhjet\u00ebfishojm\u00eb n\u00eb zona t\u00eb tjera"}]},{"@type":"WebSite","@id":"https:\/\/fjala.info\/2009-2015\/#website","url":"https:\/\/fjala.info\/2009-2015\/","name":"FjALA e LIR\u00cb - Arkivi","description":"Arkivi 2009-2015","publisher":{"@id":"https:\/\/fjala.info\/2009-2015\/#organization"},"potentialAction":[{"@type":"SearchAction","target":{"@type":"EntryPoint","urlTemplate":"https:\/\/fjala.info\/2009-2015\/?s={search_term_string}"},"query-input":{"@type":"PropertyValueSpecification","valueRequired":true,"valueName":"search_term_string"}}],"inLanguage":"sq-AL"},{"@type":"Organization","@id":"https:\/\/fjala.info\/2009-2015\/#organization","name":"FjALA e LIR\u00cb - Arkivi","url":"https:\/\/fjala.info\/2009-2015\/","logo":{"@type":"ImageObject","inLanguage":"sq-AL","@id":"https:\/\/fjala.info\/2009-2015\/#\/schema\/logo\/image\/","url":"","contentUrl":"","caption":"FjALA e LIR\u00cb - Arkivi"},"image":{"@id":"https:\/\/fjala.info\/2009-2015\/#\/schema\/logo\/image\/"}},{"@type":"Person","@id":"https:\/\/fjala.info\/2009-2015\/#\/schema\/person\/3aa1163ef05469c496fc94e77611ada2","name":"admin","image":{"@type":"ImageObject","inLanguage":"sq-AL","@id":"https:\/\/fjala.info\/2009-2015\/wp-content\/uploads\/2012\/02\/arben_cokaj-120x150.jpg","url":"https:\/\/fjala.info\/2009-2015\/wp-content\/uploads\/2012\/02\/arben_cokaj-120x150.jpg","contentUrl":"https:\/\/fjala.info\/2009-2015\/wp-content\/uploads\/2012\/02\/arben_cokaj-120x150.jpg","caption":"admin"},"description":"Admin, Fjala e Lir\u00eb","sameAs":["https:\/\/fjala.info\/"],"url":"https:\/\/fjala.info\/2009-2015\/author\/admin\/"}]}},"_links":{"self":[{"href":"https:\/\/fjala.info\/2009-2015\/wp-json\/wp\/v2\/posts\/11890","targetHints":{"allow":["GET"]}}],"collection":[{"href":"https:\/\/fjala.info\/2009-2015\/wp-json\/wp\/v2\/posts"}],"about":[{"href":"https:\/\/fjala.info\/2009-2015\/wp-json\/wp\/v2\/types\/post"}],"author":[{"embeddable":true,"href":"https:\/\/fjala.info\/2009-2015\/wp-json\/wp\/v2\/users\/1"}],"replies":[{"embeddable":true,"href":"https:\/\/fjala.info\/2009-2015\/wp-json\/wp\/v2\/comments?post=11890"}],"version-history":[{"count":0,"href":"https:\/\/fjala.info\/2009-2015\/wp-json\/wp\/v2\/posts\/11890\/revisions"}],"wp:attachment":[{"href":"https:\/\/fjala.info\/2009-2015\/wp-json\/wp\/v2\/media?parent=11890"}],"wp:term":[{"taxonomy":"category","embeddable":true,"href":"https:\/\/fjala.info\/2009-2015\/wp-json\/wp\/v2\/categories?post=11890"},{"taxonomy":"post_tag","embeddable":true,"href":"https:\/\/fjala.info\/2009-2015\/wp-json\/wp\/v2\/tags?post=11890"}],"curies":[{"name":"wp","href":"https:\/\/api.w.org\/{rel}","templated":true}]}}