{"id":11888,"date":"2012-06-14T07:24:49","date_gmt":"2012-06-14T06:24:49","guid":{"rendered":"http:\/\/www.fjala.info\/?p=3316"},"modified":"2012-06-14T07:24:49","modified_gmt":"2012-06-14T06:24:49","slug":"si-do-te-jete-gazetaria-e-se-nesermes","status":"publish","type":"post","link":"https:\/\/fjala.info\/2009-2015\/si-do-te-jete-gazetaria-e-se-nesermes\/","title":{"rendered":"Si do t\u00eb jet\u00eb gazetaria e s\u00eb nes\u00ebrmes?"},"content":{"rendered":"<p><img decoding=\"async\" class=\"alignright size-thumbnail wp-image-7236\" title=\"News World\" src=\"http:\/\/www.fjala.info\/2012\/news_world.jpg\" alt=\"\" width=\"300\" \/> <strong>TemA Online<\/strong>, <em>14 Qershor 2012<\/em><\/p>\n<p><em><strong>NEWS WORLD SUMMIT 2012<\/strong>: Nga 30 maji deri m\u00eb 1 qershor, gazetar\u00eb nga e gjith\u00eb bota u p\u00ebrpoq\u00ebn t\u00eb p\u00ebrfytyrojn\u00eb t\u00eb ardhmen e profesionit t\u00eb tyre sot kur gazetaria \u00ebsht\u00eb n\u00eb ndryshim t\u00eb jasht\u00ebzakonsh\u00ebm. Ata u mblodh\u00ebn n\u00eb Paris n\u00eb forumin NEWS WORLD SUMMIT, organizuar nga Global Editors Network. Nj\u00eb nga reporter\u00ebt e TV5 Monde p\u00ebrgatiti k\u00ebt\u00eb reportazh, t\u00eb cilin po paraqes m\u00eb posht\u00eb. Po ashtu, un\u00eb pata rastin q\u00eb t\u00eb njihem me t\u00eb gjitha diskutimet q\u00eb u mbajt\u00ebn n\u00eb k\u00ebt\u00eb ngjarje t\u00eb madhe p\u00ebr gazetarin\u00eb bot\u00ebrore n\u00eb saj t\u00eb marr\u00ebdh\u00ebnieve me TV5 Monde si pjes\u00ebmarr\u00ebs i Blogue Planetaire.<\/em><\/p>\n<p>Po si do t\u00eb jet\u00eb media e s\u00eb nes\u00ebrmes? Diskutant\u00ebt n\u00eb k\u00ebt\u00eb forum theksuan se interneti dhe media on-line duket se po e sfidojn\u00eb median tradicionale. Ata vun\u00eb re se edhe profesioni i gazetarit apo formati i artikullit ka ndryshuar. Raporti lexues-gazetar nuk \u00ebsht\u00eb si m\u00eb par\u00eb dhe nj\u00eb nga sfidat e m\u00ebdha t\u00eb s\u00eb ardhmes \u00ebsht\u00eb mobili, dometh\u00ebn\u00eb vendi ku do t\u00eb shfaqet media e s\u00eb nes\u00ebrmes do t\u00eb jet\u00eb aparati celular. Ndaj dhe editor\u00ebt e m\u00ebdhenj po nxitojn\u00eb q\u00eb t\u00eb jen\u00eb t\u00eb pranish\u00ebm n\u00eb kat\u00ebr ekrane-celular, ordinator, tablet dhe televizion. Nd\u00ebrsa ajo q\u00eb duket e paarritshme sot mund t\u00eb jet\u00eb realitet nes\u00ebr dhe ky do t\u00eb jet\u00eb rrjeti Social-TV. Po le t\u00eb ndjekim reportazhin e m\u00ebposht\u00ebm t\u00eb koleges Laure Constantinesco<\/p>\n<p><strong>Ilir Yzeiri<\/strong><\/p>\n<p>Nga <strong>Laure Constantinesco<\/strong><\/p>\n<p><strong>VDEKJA E ARTIKULLIT TRADICIONAL<\/strong>\u2026<\/p>\n<p>Webi solli m\u00eb shum\u00eb vdekjen e artikullit dhe t\u00eb reportazhit t\u00eb ashtuquajtur \u201ctradicional\u201d. Kjo \u201cndoshta nuk \u00ebsht\u00eb nj\u00eb gj\u00eb e keqe: thot\u00eb Peter Bayle i \u201cCNN International.\u201d \u201cP\u00ebr sa koh\u00eb do t\u00eb kemi gazetar\u00eb cil\u00ebsor\u00eb, nuk do t\u00eb ket\u00eb asnj\u00eb problem\u201d, vijon ai.<\/p>\n<p>Jim Roberts i \u201cNew York Times\u201d thot\u00eb se gazetar\u00ebt po jetojn\u00eb sot \u201cmosh\u00ebn e art\u00eb t\u00eb artikullit! Mjetet q\u00eb ke sot n\u00eb dispozicion p\u00ebr t\u00eb treguar nj\u00eb histori jan\u00eb pa kufi dhe shum\u00eb fleksib\u00ebl\u201d.<\/p>\n<p>T\u00eb nj\u00ebjtin konstatim b\u00ebn edhe Edwy Plenek bashk\u00ebthemelues i \u201cMediapart\u201d, p\u00ebr t\u00eb cilin numeriku \u201ci ka dh\u00ebn\u00eb artikullit nj\u00eb rini t\u00eb re, sepse me t\u00eb ti mund t\u00eb ruash e t\u00eb mbrosh traditat m\u00eb t\u00eb mira me mjete q\u00eb nuk eksiztonin n\u00eb epok\u00ebn e shtypit prej letre \u201c.<\/p>\n<p>\u2026 <strong>DHE LINDJA E FORMATEVE T\u00cb REJA<\/strong><\/p>\n<p>Webi i jep dor\u00eb gazetaris\u00eb q\u00eb t\u00eb rikrijoj\u00eb dhe t\u00eb rizbuloj\u00eb. K\u00ebta dy vjet\u00ebt e fundit, formate q\u00eb p\u00ebr disa ishin t\u00eb panjohura m\u00eb par\u00eb, tani jan\u00eb n\u00eb faz\u00ebn q\u00eb po b\u00ebhen klasike.<\/p>\n<p>I pari mes tyre \u00ebsht\u00eb live-blog ose live-blogging, ky artikull multimedial n\u00eb koh\u00eb reale. N\u00eb \u201cAgence France Presse\u201d, \u00ebsht\u00eb menduar p\u00ebr k\u00ebt\u00eb format q\u00eb n\u00eb vitin 2008 gjat\u00eb fushat\u00ebs elektorale p\u00ebr presidentin amerikan, sepse \u201cshum\u00eb reporter\u00eb sillnin materiale q\u00eb nuk p\u00ebrdoreshin n\u00eb fund t\u00eb dit\u00ebs\u201d thot\u00eb Juliette Hollier-Larousse, kryeredaktore e AFP-s\u00eb.<\/p>\n<p>\u201cGazetaria on-line ose live shp\u00ebrtheu gjat\u00eb 12 muajve t\u00eb fundit me nj\u00eb nisje t\u00eb ndrojtur n\u00eb 2009\u201d shpjegon Kate Fairhust e \u201cScribblelive\u201d, nd\u00ebrmarrje q\u00eb propozon nj\u00eb mjet t\u00eb live-blog-ut p\u00ebr mediat. \u00cbsht\u00eb e v\u00ebrtet\u00eb q\u00eb p\u00ebrdoruesit e internetit u gjend\u00ebn t\u00eb t\u00ebrhequr pas live-it n\u00eb 2011, sepse ndodh\u00ebn ngjarje nd\u00ebrkomb\u00ebtare t\u00eb jasht\u00ebzakonshme. N\u00eb sitin e TV5 Monde ne e p\u00ebrdorim rregullisht k\u00ebt\u00eb format prej m\u00eb shum\u00eb se nj\u00eb viti.<\/p>\n<p>Meqen\u00ebse audienca matet me kontaktin ose me klikimin, tani shtrohet \u00e7\u00ebshtja e monedh\u00ebzimit(pages\u00ebs). Nj\u00eb zgjidhje mund t\u00eb jet\u00eb ajo q\u00eb sjell \u201cGEN Live desk\u201d, formai i live-it i krijuar prej Global Editors Network n\u00eb partneriat me Google, me pjes\u00ebmarrjen edhe t\u00eb gazetar\u00ebve t\u00eb BBC-s\u00eb, The Guardian-, Le Monde, t\u00eb Voralberger Nachrichten dhe Zeit Online. Ky mjet \u00ebsht\u00eb falas dhe burim i hapur(dometh\u00ebn\u00eb kodi, kodi-burim \u00ebsht\u00eb i arritsh\u00ebm p\u00ebr t\u00eb gjith\u00eb ata q\u00eb e zhvillojn\u00eb p\u00ebr ta p\u00ebrmir\u00ebsuar dhe p\u00ebr ta personalizuar) dhe lejon t\u00eb fut\u00ebsh aty reklama. Ky mjet do t\u00eb jet\u00eb i mundsh\u00ebm n\u00eb shtator p\u00ebr t\u00eb gjitha redaksit\u00eb.<\/p>\n<p>Nj\u00eb prirje tjet\u00ebr \u00ebsht\u00eb gazetaria e hapur ose \u201copen journalism\u201d. Beno\u00eet Rapha\u00ebl, krijuesi i \u201cPost\u201d(z\u00ebvend\u00ebsuar sot me \u201cHuffington Post\u201d), i \u201cPlus\u201d dhe i \u201cLab\u201d, \u00ebsht\u00eb nj\u00eb mbrojt\u00ebs i zjarrtt\u00eb i tyre. P\u00ebr t\u00eb, roli i mediave sot nuk \u00ebsht\u00eb m\u00eb q\u00eb t\u00eb transmetojn\u00eb informacion te publiku, por tamam-tamam t\u2019i japin atij fjal\u00ebn dhe ta ndihmojn\u00eb q\u00eb t\u00eb d\u00ebgjohet edhe ai.<\/p>\n<p>Paul Lewis, kryeredaktor i The Guardian, media pioniere n\u00eb fush\u00ebn numerike, vler\u00ebson se gazetaria e hapur, para s\u00eb gjithash, do t\u00eb thot\u00eb t\u00eb rim\u00ebsosh se \u201cnuk dihen t\u00eb gjitha\u201d. Informacioni nuk qarkullon n\u00eb nj\u00eb drejtim \u2013 gazetar\u00eb-lexues.<\/p>\n<p>P\u00ebr Sharon Moshavi, zv.president i International Center for Journalists, m\u00eb tep\u00ebr \u00ebsht\u00eb fjala p\u00ebr nj\u00eb akt qytetar. Ky bashk\u00ebshoq\u00ebrim ka krijuar media qytetare n\u00eb zonat \u201cku gazetar\u00ebt nuk shkojn\u00eb dot\u201d. P.sh. n\u00eb Indi popullsit\u00eb fshatare tani kan\u00eb akses n\u00eb informacion: banor\u00ebt p\u00ebrdorin celular\u00ebt p\u00ebr t\u00eb dh\u00ebn\u00eb informacione q\u00eb m\u00eb pas shp\u00ebrndahen n\u00eb nj\u00eb radio.<\/p>\n<p>Flitet shum\u00eb edhe p\u00ebr gazetarin\u00eb e t\u00eb dh\u00ebnave ose data-journalisme ose m\u00eb shum\u00eb akoma vizualizim i t\u00eb dh\u00ebnave. N\u00eb k\u00ebt\u00eb rast principi q\u00eb vepron \u00ebsht\u00eb ai q\u00eb k\u00ebrkon t\u2019i b\u00ebj\u00eb t\u00eb dhenat bruto-shifrat sidomos- t\u00eb kuptueshme p\u00ebr t\u00eb gjith\u00eb.<\/p>\n<p>P\u00ebr Chiqui Esteban t\u00eb \u201clainformacion\u201d, \u201cnj\u00eb grafik\u00eb funksionon m\u00eb mir\u00eb se nj\u00eb tekst\u201d. Alastair Dant i The Guardian paraqiti pun\u00ebt m\u00eb t\u00eb mira t\u00eb realizuara n\u00eb gazet\u00ebn e tij si grafika interaktive t\u00eb shpenzimeve publike britanke ku internetasi vet\u00eb mund t\u00eb kryej\u00eb shkurtime n\u00eb buxhet p\u00ebr t\u00eb sh\u00ebndoshur financat e vendit t\u00eb tij! The Guardian punon sot me projektin miso (financuar nga fondacioni Gates), nj\u00eb mjet n\u00eb form\u00ebn e burimit t\u00eb hapur n\u00eb m\u00ebnyr\u00eb q\u00eb gjith\u00eb bota t\u00eb mund t\u00eb zbuloj\u00eb t\u00eb dh\u00ebnat e njohura (open data) p\u00ebr shpenzimet publike.<\/p>\n<p>N\u00eb News World Summit, nj\u00eb juri rinjohu me nj\u00eb shp\u00ebrblim p\u00ebr her\u00eb t\u00eb par\u00eb inisiativat m\u00eb t\u00eb mira t\u00eb Data Journalism Awards. 57 projekte t\u00eb mediave nga e gjith\u00eb bota ishin n\u00eb gar\u00eb. Gjasht\u00eb prej tyre u shp\u00ebrblyen.<\/p>\n<p>Formati tjet\u00ebr \u00ebsht\u00eb \u201cfact-checking\u201d ose verifikimi i t\u00eb dh\u00ebnave. Ose n\u00eb \u00e7\u2019m\u00ebnyr\u00eb gazetari shkon te themelei i burimeve, dometh\u00ebn\u00eb si e b\u00ebn ai verifikimin para se ta publikoj\u00eb lajmin\u2026 Nj\u00eb praktik\u00eb q\u00eb ka lindur n\u00eb mediat amerikane dhe q\u00eb ka shk\u00eblqyer n\u00eb Franc\u00eb sidomos gjat\u00eb zgjedhjev presidenciale. Sylvain Lapoix mbrojti aty \u201cV\u00e9ritom\u00e8tre\u201d-in, nj\u00eb mjet i verifikimit t\u00eb fjalimeve politike gjat\u00eb fushatave. Gazetari i OWNI-s vler\u00ebsoi dhe u shprehu mir\u00ebnjohjen internetasve sidomos atyre q\u00eb riverifikonin shifrat dhe t\u00eb dh\u00ebnat pas gazetar\u00ebve. \u201cDuhet t\u00eb b\u00ebjm\u00eb nj\u00eb aleanc\u00eb me audienc\u00ebn ton\u00eb\u201d- k\u00ebshilloi ai.<\/p>\n<p>Nj\u00eb fjal\u00eb e re dhe n\u00eb mod\u00eb \u00ebsht\u00eb fjala kurator. N\u00eb k\u00ebt\u00eb rast gazetari nuk duhet t\u00eb prodhoj\u00eb , por t\u00eb p\u00ebrzgjedh\u00eb lajmet e shumta dhe t\u00eb lidhura me nj\u00eb tem\u00eb t\u00eb caktuar. P\u00ebr Jim Roberts t\u00eb New York Times, ky \u00ebsht\u00eb specialiteti i s\u00eb ardhmes.: \u201cKe p\u00ebrshtypjen se kuratori \u00ebsht\u00eb nj\u00eb gazetar i klasit t\u00eb dyt\u00eb. \u00cbsht\u00eb gabim: kurator\u00ebt m\u00eb t\u00eb mir\u00eb u japin vler\u00eb z\u00ebrave q\u00eb nuk mund t\u00eb shprehen pa ata-kurator\u00ebt\u201d<\/p>\n<p>M\u00eb n\u00eb fund informacioni sot duhet t\u00eb paraqitet edhe n\u00eb plate-formes mobiles. 8 nd\u00ebr 10 amerikan\u00eb konsumojn\u00eb informacione nga telefonat e tyre celular\u00eb sipas nj\u00eb studimi vjetor mbi gjendjen e mediave amerikane t\u00eb Pew Project for Excellence in Journalism.<\/p>\n<p>Rrjedhojat: nevoja e ngutshme p\u00ebr zgjidhje t\u00eb reja; lexim t\u00eb diferencuar. 11 milion lajme t\u00eb ndryshme ruhen p\u00ebr k\u00ebt\u00eb q\u00ebllim \u00e7do dit\u00eb me an\u00eb t\u00eb aplikimit t\u00eb rrug\u00ebs Pocket (ex Read It later). Duhet gjithashtu q\u00eb t\u00eb rroket v\u00ebmendja e konsumatorit duke zhvilluar nj\u00eb strategji p\u00ebr platform\u00ebn mobile shpjegon Eric Hazan i institutit McKinsey: \u201cDuhet t\u00eb jemi shum\u00eb krijues : abonime, lajme t\u00eb shkurtra, audienc\u00eb e diferencuar, k\u00ebto t\u00eb lejojn\u00eb t\u00eb dal\u00ebsh nga shtrati i gjer\u00eb dhe i turbullt i autostrad\u00ebs s\u00eb internetit \u201c.<\/p>\n<p>Mobili \u00ebsht\u00eb me t\u00eb v\u00ebrtet\u00eb si thika zvicerane p\u00ebr reporterin, \u201cmjeti m\u00eb i p\u00ebrdorur prej gazetar\u00ebve t\u00eb terrenit\u201d thot\u00eb Paul Lewis i Guardian.<\/p>\n<p><strong>STRATEGJIA E MULTI-EKRANEVE<\/strong><\/p>\n<p>T\u00eb jesh i pranish\u00ebm n\u00eb kat\u00ebr ekrane \u2013 celular\u00eb, tableta, ordinator\u00eb dhe televizor\u00eb t\u00eb lidhur me nj\u00eb stacion apo platform\u00eb t\u00eb caktuar- kjo tashm\u00eb \u00ebsht\u00eb sfida q\u00eb q\u00ebndron n\u00eb zem\u00ebr t\u00eb t\u00eb gjitha redaksive. Por \u00ebsht\u00eb e v\u00ebshtir\u00eb q\u00eb t\u00eb b\u00ebsh nj\u00eb t\u00eb till\u00eb projekt sepse \u201c5 vjet m\u00eb par\u00eb nuk ekzisonte as aplikimi, as ndonj\u00eb terminal q\u00eb ne t\u00eb p\u00ebrfitonim sot\u201d tha Phil Fearnley i BBC-s\u00eb.<\/p>\n<p>N\u00eb vend q\u00eb t\u00eb ngat\u00ebrrohet me t\u00eb ardhmen, BBC-ja ia ka dal\u00eb q\u00eb t\u00eb gjall\u00ebroj\u00eb t\u00eb tashmen : media britanike propozon q\u00eb p\u00ebr Loj\u00ebrat Olimpike t\u00eb k\u00ebsaj vere t\u00eb p\u00ebrdor\u00eb nj\u00eb dispozitiv t\u00eb pad\u00ebgjuar m\u00eb par\u00eb dhe totalisht \u201ccross-media\u201d : \u201cDo t\u2019i lejojm\u00eb gjithkujt t\u00eb shoh\u00eb \u00e7far\u00ebdo n\u00eb cil\u00ebndo koh\u00eb e n\u00eb cilindo vend\u201d shprehet i entuziazmuar Phil Fearnley. N\u00eb sitin e kanalit, internetasi do t\u00eb ket\u00eb akses n\u00eb t\u00eb gjitha kompeticionet direkt fal\u00eb 24 flux straeming n\u00eb HD. Ai mund t\u00eb lundroj\u00eb leht\u00ebsisht n\u00eb sporte t\u00eb ndryshme dhe n\u00eb rast se n\u00eb nj\u00eb ndeshje q\u00eb ai nuk po e ndjek ndodh di\u00e7ka, ai lajm\u00ebrohet dhe mund ta nd\u00ebrroj\u00eb kanalin.<\/p>\n<p>Televizioni i lidhur (t\u00e9l\u00e9vision connect\u00e9e),\u00ebsht\u00eb n\u00eb fillimet e tij. Franca ka aktualisht potencialin m\u00eb t\u00eb madh sipas shifrave t\u00eb Martha Stone e Institutit t\u00eb studimeve World Newsmedia Network. Bruno Patino, drejtor i strategjive numerike n\u00eb France T\u00e9l\u00e9visions, p\u00ebrmendi evoluimin e sjelljes s\u00eb spektatorov\u00eb, t\u00eb cil\u00ebt tashm\u00eb duan t\u00eb diskutojn\u00eb p\u00ebr nj\u00eb program p\u00ebrmes rrug\u00ebs s\u00eb rrjeteve sociale gjat\u00eb transmetimit : \u201cSocial TV-ja \u00ebsht\u00eb nj\u00eb fenomen n\u00eb shp\u00ebrthim t\u00eb plot\u00eb\u201d.<\/p>\n<p><strong>NES\u00cbR RIKTHIM DREJT S\u00cb ARDHMES<\/strong><\/p>\n<p>N\u00eb fillim t\u00eb gazetaris\u00eb , investigimi ishte mbreti. Gazetari-investigues i jepte publikut t\u00eb tij scoop-e. Nj\u00eb specialitet q\u00eb m\u00eb pas nisi t\u2019u kushtonte shtrenjt\u00eb redaksive-nj\u00eb investigim k\u00ebrkon koh\u00eb dhe kjo kushton- tani mund t\u00eb rilind\u00eb n\u00eb saj t\u00eb web-it.<\/p>\n<p>\u201cGrupet mediatike nuk d\u00ebshirojn\u00eb q\u00eb t\u00eb marrin rrezikun n\u00eb sy me gazetarin\u00eb investigative, me p\u00ebrjashtim t\u00eb m\u00eb t\u00eb m\u00ebdhajave\u201d analizoi n\u00eb diskutimin e tij Paul Steiger i \u201cPropublica\u201d, \u201cpor kjo nuk do t\u00eb thot\u00eb se investigimi \u00ebsht\u00eb zhdukur. Vet\u00ebm se tani, n\u00ebse njer\u00ebzit do t\u00eb duan t\u00eb lexojn\u00eb nj\u00eb investigim, ata duhet t\u00eb fusin dor\u00ebn n\u00eb xhep.\u201d \u00cbsht\u00eb modeli ekonomik i \u201cPropublica\u201d-\u00ebs, nj\u00eb organiz\u00ebm me q\u00ebllime jo t\u00eb err\u00ebta ku publiku financon pun\u00ebn e gazetar\u00ebve. M\u00eb pas artikujt shp\u00ebrndahen falas n\u00eb mediat partnere. Ky \u201cnewsroom\u201di nj\u00eb lloji t\u00eb ri u dha atyre \u00c7mimin Pulitzer n\u00eb prill 2011, i pari Pulitzer dh\u00ebn\u00eb nj\u00eb siti interneti.<\/p>\n<p>E nj\u00ebjta k\u00ebmban\u00eb bie edhe p\u00ebr \u201cMediapart\u201d-in, \u201cpure player\u201d(mjesht\u00ebr n\u00eb k\u00ebt\u00eb profesion, n\u00eb internet, n\u00eb gazetarin\u00eb on-line, term i p\u00ebrdorur n\u00eb marketingun e web-it) francez, specializuar n\u00eb gazetarin\u00eb investigative. Bashk\u00ebthemeluesi i saj Edwy Plenel \u00e7mon se gazetaria sot duhet t\u00eb p\u00ebrqendrohet n\u00eb m\u00eb t\u00eb vler\u00ebsuar\u00ebn : \u201cDuhet pyetur se cila e b\u00ebn diferenc\u00ebn. Informacionet e panjohura q\u00eb habisin publikun e detyrojn\u00eb at\u00eb t\u00eb l\u00ebviz\u00eb, t\u00eb ndryshoj\u00eb.\u201d P\u00ebr Plenel gjithashtu, \u00ebsht\u00eb lexuesi q\u00eb duhet t\u00eb financoj\u00eb k\u00ebto investigime.<\/p>\n<p>M\u00eb e \u00e7uditshmja, kthimi te letra, u shpall nga Jim Chisolm. Ky konsulent p\u00ebr gupet mediatike betohet p\u00ebr k\u00ebt\u00eb strategji q\u00eb \u00ebsht\u00eb kund\u00ebr rrym\u00ebs, duke th\u00ebn\u00eb se webi nuk ia del q\u00eb t\u00eb monedh\u00ebzoj\u00eb gjithmon\u00eb audienc\u00ebn e tij. Me 3.2 miliard internetas, letra mbetet zot\u00ebruese. Chisolm shkon m\u00eb tej dhe godet : \u201c50% e r\u00ebnies s\u00eb printit vjen p\u00ebr shkak t\u00eb menaxhimit t\u00eb keq!\u201d<\/p>\n<p><strong>GAZETAR NJ\u00cb MJESHT\u00cbRI N\u00cb NDRYSHIM<\/strong><\/p>\n<p>M\u00eb n\u00eb fund, m\u00eb v\u00ebshtir\u00eb do t\u00eb jet\u00eb ndoshta t\u00eb evoluoj\u00eb profesioni i gazetarit. N\u00ebp\u00ebr redaksi, fraktura ka filluar t\u00eb ndjehet. Si do t\u00eb zgjidhet? Secili metod\u00ebn e tij.<\/p>\n<p>N\u00eb Washington Post, organizohen grupe pune mes t\u00eb vjet\u00ebrve t\u00eb m\u00eb t\u00eb vjet\u00ebrve dhe t\u00eb rekrutuarve rishtas q\u00eb secili t\u2019i jap\u00eb tjetrit p\u00ebrvoj\u00ebn e tij.<\/p>\n<p>N\u00eb redaksi t\u00eb tjera jan\u00eb m\u00eb t\u00eb drejtp\u00ebrdrejt\u00eb si psh te zvicerania Tages Woche, ku \u00e7do gazetar \u00ebsht\u00eb i detyruar q\u00eb t\u00eb jet\u00eb i pranish\u00ebm edhe n\u00eb Twiter. Apo te Guardian, ku redaksit\u00eb print dhe web jan\u00eb shkrir\u00eb dhe ku 600 gazetar\u00ebt punojn\u00eb n\u00eb t\u00eb dyja platformat. Por, thot\u00eb kryredaktorja Clare Margetson, \u201cambienti \u00ebsht\u00eb b\u00ebr\u00eb m\u00eb shum\u00eb bashk\u00ebpunues : t\u00eb rinjt\u00eb ndihmojn\u00eb m\u00eb t\u00eb vjet\u00ebrit n\u00eb disa fusha e sidomos n\u00eb ato fusha q\u00eb kan\u00eb t\u00eb b\u00ebjn\u00eb me teknologjin\u00eb \u201c.<\/p>\n<p>Gazetari nuk mund t\u00eb punoj\u00eb si\u00e7 ka punuar dikur kur ai e injoronte teknik\u00ebn q\u00eb p\u00ebrdornin t\u00eb tjer\u00ebt. Gazetari i shekullit XXI duhet t\u00eb jet\u00eb \u201cgeek\u201d, q\u00eb t\u00eb dialogoj\u00eb me mjeshtrat e web-it, por t\u00eb zbuloj\u00eb dhe t\u00eb testoj\u00eb vetveten me teknologjin\u00eb e re. Disa parathon\u00eb madje se gazetari n\u00eb nj\u00eb t\u00eb ardhme t\u00eb af\u00ebrt do t\u00eb duhet t\u00eb dij\u00eb t\u00eb kodohet\u2026Revolucioni n\u00eb media sapo ka filluar.<\/p>\n<p><em>P\u00ebrgatiti n\u00eb shqip: <strong>Ilir Yzeiri<\/strong><\/em><\/p>\n","protected":false},"excerpt":{"rendered":"<p>TemA Online, 14 Qershor 2012 NEWS WORLD SUMMIT 2012: Nga 30 maji deri m\u00eb 1 qershor, gazetar\u00eb nga e gjith\u00eb bota u p\u00ebrpoq\u00ebn t\u00eb p\u00ebrfytyrojn\u00eb t\u00eb ardhmen e profesionit t\u00eb tyre sot kur gazetaria \u00ebsht\u00eb n\u00eb ndryshim t\u00eb jasht\u00ebzakonsh\u00ebm. Ata u mblodh\u00ebn n\u00eb Paris n\u00eb forumin NEWS WORLD SUMMIT, organizuar nga Global Editors Network. Nj\u00eb [&hellip;]<\/p>\n","protected":false},"author":1,"featured_media":0,"comment_status":"open","ping_status":"closed","sticky":false,"template":"","format":"standard","meta":{"footnotes":""},"categories":[2],"tags":[],"class_list":{"0":"post-11888","1":"post","2":"type-post","3":"status-publish","4":"format-standard","6":"category-artikuj"},"yoast_head":"<!-- This site is optimized with the Yoast SEO plugin v27.4 - https:\/\/yoast.com\/product\/yoast-seo-wordpress\/ -->\n<title>Si do t\u00eb jet\u00eb gazetaria e s\u00eb nes\u00ebrmes? - FjALA e LIR\u00cb - Arkivi<\/title>\n<meta name=\"robots\" content=\"index, follow, max-snippet:-1, max-image-preview:large, max-video-preview:-1\" \/>\n<link rel=\"canonical\" href=\"https:\/\/fjala.info\/2009-2015\/si-do-te-jete-gazetaria-e-se-nesermes\/\" \/>\n<meta property=\"og:locale\" content=\"sq_AL\" \/>\n<meta property=\"og:type\" content=\"article\" \/>\n<meta property=\"og:title\" content=\"Si do t\u00eb jet\u00eb gazetaria e s\u00eb nes\u00ebrmes? - FjALA e LIR\u00cb - Arkivi\" \/>\n<meta property=\"og:description\" content=\"TemA Online, 14 Qershor 2012 NEWS WORLD SUMMIT 2012: Nga 30 maji deri m\u00eb 1 qershor, gazetar\u00eb nga e gjith\u00eb bota u p\u00ebrpoq\u00ebn t\u00eb p\u00ebrfytyrojn\u00eb t\u00eb ardhmen e profesionit t\u00eb tyre sot kur gazetaria \u00ebsht\u00eb n\u00eb ndryshim t\u00eb jasht\u00ebzakonsh\u00ebm. Ata u mblodh\u00ebn n\u00eb Paris n\u00eb forumin NEWS WORLD SUMMIT, organizuar nga Global Editors Network. Nj\u00eb [&hellip;]\" \/>\n<meta property=\"og:url\" content=\"https:\/\/fjala.info\/2009-2015\/si-do-te-jete-gazetaria-e-se-nesermes\/\" \/>\n<meta property=\"og:site_name\" content=\"FjALA e LIR\u00cb - Arkivi\" \/>\n<meta property=\"article:published_time\" content=\"2012-06-14T06:24:49+00:00\" \/>\n<meta property=\"og:image\" content=\"http:\/\/www.fjala.info\/2012\/news_world.jpg\" \/>\n<meta name=\"author\" content=\"admin\" \/>\n<meta name=\"twitter:card\" content=\"summary_large_image\" \/>\n<meta name=\"twitter:label1\" content=\"Written by\" \/>\n\t<meta name=\"twitter:data1\" content=\"admin\" \/>\n\t<meta name=\"twitter:label2\" content=\"Est. reading time\" \/>\n\t<meta name=\"twitter:data2\" content=\"11 minutes\" \/>\n<script type=\"application\/ld+json\" class=\"yoast-schema-graph\">{\"@context\":\"https:\\\/\\\/schema.org\",\"@graph\":[{\"@type\":\"Article\",\"@id\":\"https:\\\/\\\/fjala.info\\\/2009-2015\\\/si-do-te-jete-gazetaria-e-se-nesermes\\\/#article\",\"isPartOf\":{\"@id\":\"https:\\\/\\\/fjala.info\\\/2009-2015\\\/si-do-te-jete-gazetaria-e-se-nesermes\\\/\"},\"author\":{\"name\":\"admin\",\"@id\":\"https:\\\/\\\/fjala.info\\\/2009-2015\\\/#\\\/schema\\\/person\\\/3aa1163ef05469c496fc94e77611ada2\"},\"headline\":\"Si do t\u00eb jet\u00eb gazetaria e s\u00eb nes\u00ebrmes?\",\"datePublished\":\"2012-06-14T06:24:49+00:00\",\"mainEntityOfPage\":{\"@id\":\"https:\\\/\\\/fjala.info\\\/2009-2015\\\/si-do-te-jete-gazetaria-e-se-nesermes\\\/\"},\"wordCount\":2249,\"commentCount\":0,\"publisher\":{\"@id\":\"https:\\\/\\\/fjala.info\\\/2009-2015\\\/#organization\"},\"image\":{\"@id\":\"https:\\\/\\\/fjala.info\\\/2009-2015\\\/si-do-te-jete-gazetaria-e-se-nesermes\\\/#primaryimage\"},\"thumbnailUrl\":\"http:\\\/\\\/www.fjala.info\\\/2012\\\/news_world.jpg\",\"articleSection\":[\"Artikuj\"],\"inLanguage\":\"sq-AL\",\"potentialAction\":[{\"@type\":\"CommentAction\",\"name\":\"Comment\",\"target\":[\"https:\\\/\\\/fjala.info\\\/2009-2015\\\/si-do-te-jete-gazetaria-e-se-nesermes\\\/#respond\"]}]},{\"@type\":\"WebPage\",\"@id\":\"https:\\\/\\\/fjala.info\\\/2009-2015\\\/si-do-te-jete-gazetaria-e-se-nesermes\\\/\",\"url\":\"https:\\\/\\\/fjala.info\\\/2009-2015\\\/si-do-te-jete-gazetaria-e-se-nesermes\\\/\",\"name\":\"Si do t\u00eb jet\u00eb gazetaria e s\u00eb nes\u00ebrmes? - FjALA e LIR\u00cb - Arkivi\",\"isPartOf\":{\"@id\":\"https:\\\/\\\/fjala.info\\\/2009-2015\\\/#website\"},\"primaryImageOfPage\":{\"@id\":\"https:\\\/\\\/fjala.info\\\/2009-2015\\\/si-do-te-jete-gazetaria-e-se-nesermes\\\/#primaryimage\"},\"image\":{\"@id\":\"https:\\\/\\\/fjala.info\\\/2009-2015\\\/si-do-te-jete-gazetaria-e-se-nesermes\\\/#primaryimage\"},\"thumbnailUrl\":\"http:\\\/\\\/www.fjala.info\\\/2012\\\/news_world.jpg\",\"datePublished\":\"2012-06-14T06:24:49+00:00\",\"breadcrumb\":{\"@id\":\"https:\\\/\\\/fjala.info\\\/2009-2015\\\/si-do-te-jete-gazetaria-e-se-nesermes\\\/#breadcrumb\"},\"inLanguage\":\"sq-AL\",\"potentialAction\":[{\"@type\":\"ReadAction\",\"target\":[\"https:\\\/\\\/fjala.info\\\/2009-2015\\\/si-do-te-jete-gazetaria-e-se-nesermes\\\/\"]}]},{\"@type\":\"ImageObject\",\"inLanguage\":\"sq-AL\",\"@id\":\"https:\\\/\\\/fjala.info\\\/2009-2015\\\/si-do-te-jete-gazetaria-e-se-nesermes\\\/#primaryimage\",\"url\":\"http:\\\/\\\/www.fjala.info\\\/2012\\\/news_world.jpg\",\"contentUrl\":\"http:\\\/\\\/www.fjala.info\\\/2012\\\/news_world.jpg\"},{\"@type\":\"BreadcrumbList\",\"@id\":\"https:\\\/\\\/fjala.info\\\/2009-2015\\\/si-do-te-jete-gazetaria-e-se-nesermes\\\/#breadcrumb\",\"itemListElement\":[{\"@type\":\"ListItem\",\"position\":1,\"name\":\"Home\",\"item\":\"https:\\\/\\\/fjala.info\\\/2009-2015\\\/\"},{\"@type\":\"ListItem\",\"position\":2,\"name\":\"Si do t\u00eb jet\u00eb gazetaria e s\u00eb nes\u00ebrmes?\"}]},{\"@type\":\"WebSite\",\"@id\":\"https:\\\/\\\/fjala.info\\\/2009-2015\\\/#website\",\"url\":\"https:\\\/\\\/fjala.info\\\/2009-2015\\\/\",\"name\":\"FjALA e LIR\u00cb - Arkivi\",\"description\":\"Arkivi 2009-2015\",\"publisher\":{\"@id\":\"https:\\\/\\\/fjala.info\\\/2009-2015\\\/#organization\"},\"potentialAction\":[{\"@type\":\"SearchAction\",\"target\":{\"@type\":\"EntryPoint\",\"urlTemplate\":\"https:\\\/\\\/fjala.info\\\/2009-2015\\\/?s={search_term_string}\"},\"query-input\":{\"@type\":\"PropertyValueSpecification\",\"valueRequired\":true,\"valueName\":\"search_term_string\"}}],\"inLanguage\":\"sq-AL\"},{\"@type\":\"Organization\",\"@id\":\"https:\\\/\\\/fjala.info\\\/2009-2015\\\/#organization\",\"name\":\"FjALA e LIR\u00cb - Arkivi\",\"url\":\"https:\\\/\\\/fjala.info\\\/2009-2015\\\/\",\"logo\":{\"@type\":\"ImageObject\",\"inLanguage\":\"sq-AL\",\"@id\":\"https:\\\/\\\/fjala.info\\\/2009-2015\\\/#\\\/schema\\\/logo\\\/image\\\/\",\"url\":\"\",\"contentUrl\":\"\",\"caption\":\"FjALA e LIR\u00cb - Arkivi\"},\"image\":{\"@id\":\"https:\\\/\\\/fjala.info\\\/2009-2015\\\/#\\\/schema\\\/logo\\\/image\\\/\"}},{\"@type\":\"Person\",\"@id\":\"https:\\\/\\\/fjala.info\\\/2009-2015\\\/#\\\/schema\\\/person\\\/3aa1163ef05469c496fc94e77611ada2\",\"name\":\"admin\",\"image\":{\"@type\":\"ImageObject\",\"inLanguage\":\"sq-AL\",\"@id\":\"https:\\\/\\\/fjala.info\\\/2009-2015\\\/wp-content\\\/uploads\\\/2012\\\/02\\\/arben_cokaj-120x150.jpg\",\"url\":\"https:\\\/\\\/fjala.info\\\/2009-2015\\\/wp-content\\\/uploads\\\/2012\\\/02\\\/arben_cokaj-120x150.jpg\",\"contentUrl\":\"https:\\\/\\\/fjala.info\\\/2009-2015\\\/wp-content\\\/uploads\\\/2012\\\/02\\\/arben_cokaj-120x150.jpg\",\"caption\":\"admin\"},\"description\":\"Admin, Fjala e Lir\u00eb\",\"sameAs\":[\"https:\\\/\\\/fjala.info\\\/\"],\"url\":\"https:\\\/\\\/fjala.info\\\/2009-2015\\\/author\\\/admin\\\/\"}]}<\/script>\n<!-- \/ Yoast SEO plugin. -->","yoast_head_json":{"title":"Si do t\u00eb jet\u00eb gazetaria e s\u00eb nes\u00ebrmes? - FjALA e LIR\u00cb - Arkivi","robots":{"index":"index","follow":"follow","max-snippet":"max-snippet:-1","max-image-preview":"max-image-preview:large","max-video-preview":"max-video-preview:-1"},"canonical":"https:\/\/fjala.info\/2009-2015\/si-do-te-jete-gazetaria-e-se-nesermes\/","og_locale":"sq_AL","og_type":"article","og_title":"Si do t\u00eb jet\u00eb gazetaria e s\u00eb nes\u00ebrmes? - FjALA e LIR\u00cb - Arkivi","og_description":"TemA Online, 14 Qershor 2012 NEWS WORLD SUMMIT 2012: Nga 30 maji deri m\u00eb 1 qershor, gazetar\u00eb nga e gjith\u00eb bota u p\u00ebrpoq\u00ebn t\u00eb p\u00ebrfytyrojn\u00eb t\u00eb ardhmen e profesionit t\u00eb tyre sot kur gazetaria \u00ebsht\u00eb n\u00eb ndryshim t\u00eb jasht\u00ebzakonsh\u00ebm. Ata u mblodh\u00ebn n\u00eb Paris n\u00eb forumin NEWS WORLD SUMMIT, organizuar nga Global Editors Network. Nj\u00eb [&hellip;]","og_url":"https:\/\/fjala.info\/2009-2015\/si-do-te-jete-gazetaria-e-se-nesermes\/","og_site_name":"FjALA e LIR\u00cb - Arkivi","article_published_time":"2012-06-14T06:24:49+00:00","og_image":[{"url":"http:\/\/www.fjala.info\/2012\/news_world.jpg","type":"","width":"","height":""}],"author":"admin","twitter_card":"summary_large_image","twitter_misc":{"Written by":"admin","Est. reading time":"11 minutes"},"schema":{"@context":"https:\/\/schema.org","@graph":[{"@type":"Article","@id":"https:\/\/fjala.info\/2009-2015\/si-do-te-jete-gazetaria-e-se-nesermes\/#article","isPartOf":{"@id":"https:\/\/fjala.info\/2009-2015\/si-do-te-jete-gazetaria-e-se-nesermes\/"},"author":{"name":"admin","@id":"https:\/\/fjala.info\/2009-2015\/#\/schema\/person\/3aa1163ef05469c496fc94e77611ada2"},"headline":"Si do t\u00eb jet\u00eb gazetaria e s\u00eb nes\u00ebrmes?","datePublished":"2012-06-14T06:24:49+00:00","mainEntityOfPage":{"@id":"https:\/\/fjala.info\/2009-2015\/si-do-te-jete-gazetaria-e-se-nesermes\/"},"wordCount":2249,"commentCount":0,"publisher":{"@id":"https:\/\/fjala.info\/2009-2015\/#organization"},"image":{"@id":"https:\/\/fjala.info\/2009-2015\/si-do-te-jete-gazetaria-e-se-nesermes\/#primaryimage"},"thumbnailUrl":"http:\/\/www.fjala.info\/2012\/news_world.jpg","articleSection":["Artikuj"],"inLanguage":"sq-AL","potentialAction":[{"@type":"CommentAction","name":"Comment","target":["https:\/\/fjala.info\/2009-2015\/si-do-te-jete-gazetaria-e-se-nesermes\/#respond"]}]},{"@type":"WebPage","@id":"https:\/\/fjala.info\/2009-2015\/si-do-te-jete-gazetaria-e-se-nesermes\/","url":"https:\/\/fjala.info\/2009-2015\/si-do-te-jete-gazetaria-e-se-nesermes\/","name":"Si do t\u00eb jet\u00eb gazetaria e s\u00eb nes\u00ebrmes? - FjALA e LIR\u00cb - Arkivi","isPartOf":{"@id":"https:\/\/fjala.info\/2009-2015\/#website"},"primaryImageOfPage":{"@id":"https:\/\/fjala.info\/2009-2015\/si-do-te-jete-gazetaria-e-se-nesermes\/#primaryimage"},"image":{"@id":"https:\/\/fjala.info\/2009-2015\/si-do-te-jete-gazetaria-e-se-nesermes\/#primaryimage"},"thumbnailUrl":"http:\/\/www.fjala.info\/2012\/news_world.jpg","datePublished":"2012-06-14T06:24:49+00:00","breadcrumb":{"@id":"https:\/\/fjala.info\/2009-2015\/si-do-te-jete-gazetaria-e-se-nesermes\/#breadcrumb"},"inLanguage":"sq-AL","potentialAction":[{"@type":"ReadAction","target":["https:\/\/fjala.info\/2009-2015\/si-do-te-jete-gazetaria-e-se-nesermes\/"]}]},{"@type":"ImageObject","inLanguage":"sq-AL","@id":"https:\/\/fjala.info\/2009-2015\/si-do-te-jete-gazetaria-e-se-nesermes\/#primaryimage","url":"http:\/\/www.fjala.info\/2012\/news_world.jpg","contentUrl":"http:\/\/www.fjala.info\/2012\/news_world.jpg"},{"@type":"BreadcrumbList","@id":"https:\/\/fjala.info\/2009-2015\/si-do-te-jete-gazetaria-e-se-nesermes\/#breadcrumb","itemListElement":[{"@type":"ListItem","position":1,"name":"Home","item":"https:\/\/fjala.info\/2009-2015\/"},{"@type":"ListItem","position":2,"name":"Si do t\u00eb jet\u00eb gazetaria e s\u00eb nes\u00ebrmes?"}]},{"@type":"WebSite","@id":"https:\/\/fjala.info\/2009-2015\/#website","url":"https:\/\/fjala.info\/2009-2015\/","name":"FjALA e LIR\u00cb - Arkivi","description":"Arkivi 2009-2015","publisher":{"@id":"https:\/\/fjala.info\/2009-2015\/#organization"},"potentialAction":[{"@type":"SearchAction","target":{"@type":"EntryPoint","urlTemplate":"https:\/\/fjala.info\/2009-2015\/?s={search_term_string}"},"query-input":{"@type":"PropertyValueSpecification","valueRequired":true,"valueName":"search_term_string"}}],"inLanguage":"sq-AL"},{"@type":"Organization","@id":"https:\/\/fjala.info\/2009-2015\/#organization","name":"FjALA e LIR\u00cb - Arkivi","url":"https:\/\/fjala.info\/2009-2015\/","logo":{"@type":"ImageObject","inLanguage":"sq-AL","@id":"https:\/\/fjala.info\/2009-2015\/#\/schema\/logo\/image\/","url":"","contentUrl":"","caption":"FjALA e LIR\u00cb - Arkivi"},"image":{"@id":"https:\/\/fjala.info\/2009-2015\/#\/schema\/logo\/image\/"}},{"@type":"Person","@id":"https:\/\/fjala.info\/2009-2015\/#\/schema\/person\/3aa1163ef05469c496fc94e77611ada2","name":"admin","image":{"@type":"ImageObject","inLanguage":"sq-AL","@id":"https:\/\/fjala.info\/2009-2015\/wp-content\/uploads\/2012\/02\/arben_cokaj-120x150.jpg","url":"https:\/\/fjala.info\/2009-2015\/wp-content\/uploads\/2012\/02\/arben_cokaj-120x150.jpg","contentUrl":"https:\/\/fjala.info\/2009-2015\/wp-content\/uploads\/2012\/02\/arben_cokaj-120x150.jpg","caption":"admin"},"description":"Admin, Fjala e Lir\u00eb","sameAs":["https:\/\/fjala.info\/"],"url":"https:\/\/fjala.info\/2009-2015\/author\/admin\/"}]}},"_links":{"self":[{"href":"https:\/\/fjala.info\/2009-2015\/wp-json\/wp\/v2\/posts\/11888","targetHints":{"allow":["GET"]}}],"collection":[{"href":"https:\/\/fjala.info\/2009-2015\/wp-json\/wp\/v2\/posts"}],"about":[{"href":"https:\/\/fjala.info\/2009-2015\/wp-json\/wp\/v2\/types\/post"}],"author":[{"embeddable":true,"href":"https:\/\/fjala.info\/2009-2015\/wp-json\/wp\/v2\/users\/1"}],"replies":[{"embeddable":true,"href":"https:\/\/fjala.info\/2009-2015\/wp-json\/wp\/v2\/comments?post=11888"}],"version-history":[{"count":0,"href":"https:\/\/fjala.info\/2009-2015\/wp-json\/wp\/v2\/posts\/11888\/revisions"}],"wp:attachment":[{"href":"https:\/\/fjala.info\/2009-2015\/wp-json\/wp\/v2\/media?parent=11888"}],"wp:term":[{"taxonomy":"category","embeddable":true,"href":"https:\/\/fjala.info\/2009-2015\/wp-json\/wp\/v2\/categories?post=11888"},{"taxonomy":"post_tag","embeddable":true,"href":"https:\/\/fjala.info\/2009-2015\/wp-json\/wp\/v2\/tags?post=11888"}],"curies":[{"name":"wp","href":"https:\/\/api.w.org\/{rel}","templated":true}]}}