{"id":11887,"date":"2012-06-14T07:13:12","date_gmt":"2012-06-14T06:13:12","guid":{"rendered":"http:\/\/www.fjala.info\/?p=3312"},"modified":"2012-06-14T07:13:12","modified_gmt":"2012-06-14T06:13:12","slug":"erion-brace-berisha-po-qeras-me-prona-publike-kliente-te-maxhorances","status":"publish","type":"post","link":"https:\/\/fjala.info\/2009-2015\/erion-brace-berisha-po-qeras-me-prona-publike-kliente-te-maxhorances\/","title":{"rendered":"Erion Bra\u00e7e: Berisha po qeras me prona publike klient\u00eb t\u00eb maxhoranc\u00ebs"},"content":{"rendered":"<p><img decoding=\"async\" class=\"alignleft size-thumbnail wp-image-7236\" title=\"Erion Bra\u00e7e\" src=\"http:\/\/www.fjala.info\/2012\/erion_brace.jpg\" alt=\"\" width=\"150\" \/> <strong>TemA Online<\/strong>, <em>14 Qershor 2012<\/em><\/p>\n<p>Deputeti socialist, Erion Bra\u00e7e, ka akuzuar kryeministrin Berisha se \u00ebsht\u00eb duke falur pasuri t\u00eb vendit, p\u00ebr klient\u00ebt e tij politik\u00eb dhe ekonomik\u00eb. Sipas deputetit socialist, Berisha ka falur 500 kilometra n\u00eb det, q\u00eb mendohet se kan\u00eb rezerva nafte.<\/p>\n<p>\u201cSali Berisha po qeras me Shqip\u00ebrin\u00eb, copa t\u00eb pasuris\u00eb s\u00eb saj, klient\u00ebt e tij politik\u00eb dhe ekonomik\u00eb.<\/p>\n<p>Ikin edhe 500 kilometra n\u00eb det, zon\u00eb e menduar me rezerva n\u00eb naft\u00eb.<\/p>\n<p>Pasuria m\u00eb e madhe e shqiptar\u00ebve, NAFTA, po jepet n\u00eb p\u00ebrdorim t\u00eb gjithkujt, pa gar\u00eb-konkurrenc\u00eb, por m\u00eb shum\u00eb pa transparenc\u00eb!<\/p>\n<p>P\u00ebrdoruesit-klient\u00eb politik\u00eb dhe ekonomik\u00eb t\u00eb Sali Berish\u00ebs.<\/p>\n<p>N\u00eb fund t\u00eb marsit, qeveria detyroi Kuvendin t\u00eb vendos\u00eb privatizimin e Albpetrol. Qeveria i dha me \u201clist\u00eb t\u00eb bardhe\u201d Albpetrolit dhe privatizuesit t\u00eb tij, zona t\u00eb t\u00ebra naft\u00ebmbajt\u00ebse n\u00eb tok\u00eb e n\u00eb det. Ia hoqi Agjencis\u00eb s\u00eb Burimeve Natyrore- shtet\u00ebrore kjo, p\u00ebr t\u2019ia dh\u00ebn\u00eb privatizuesit!<\/p>\n<p>N\u00eb mes t\u00eb prillit me nj\u00eb vendim qeveria e Sali Berish\u00ebs plot\u00ebsoi \u201cLISTEN C\u201d me zonat naft\u00ebmbajt\u00ebse kryesisht n\u00eb det!<\/p>\n<p>N\u00eb 8 maj vendimi u publikua n\u00eb Fletoren Zyrtare, ju bashk\u00ebngjit dokumenteve t\u00eb privatizimit t\u00eb Albpetrol. Dokumentet i kan\u00eb t\u00ebrhequr deri tani 7 kompani.<\/p>\n<p>Por jav\u00ebn q\u00eb shkoi, mes raundeve p\u00ebr zgjedhjen e Presidentit, mu n\u00eb kulm t\u00eb presionit mbi Sali Berish\u00ebn, Ministria e Ekonomis\u00eb i k\u00ebrkon qeverise dhe Sali Berish\u00ebs t\u00eb vendos\u00eb mbi nj\u00eb marr\u00ebveshje t\u00eb re mes Albpetrol \u201cn\u00eb shitje\u201d dhe nj\u00eb kompania t\u00eb prezantuar izraelite, por e regjistruar n\u00eb parajs\u00ebn fiskale dhe okulte t\u00eb Qipros.<\/p>\n<p>Qeveria vendosi para raundit t\u00eb kat\u00ebrt p\u00ebr heqjen nga \u201cLISTA C\u201d t\u00eb Albpetrolit \u201cn\u00eb shitje\u201d t\u00eb nj\u00eb sip\u00ebrfaqe prej mbi 5000 kilometra katror n\u00eb det dhe dh\u00ebnien kompanis\u00eb s\u00eb regjistruar n\u00eb Qipro!<\/p>\n<p>Ky \u00ebsht\u00eb skandal! N\u00eb shkelje t\u00eb plot\u00eb t\u00eb ligjit dhe n\u00eb mes t\u00eb procesit t\u00eb privatizimit.<\/p>\n<p>Sali Berisha dhe Ilir Meta duhet t\u00eb b\u00ebjn\u00eb transparente k\u00ebt\u00eb proces. Akuza bie mbi ta\u201d, denoncoi deputeti socialist.<\/p>\n","protected":false},"excerpt":{"rendered":"<p>TemA Online, 14 Qershor 2012 Deputeti socialist, Erion Bra\u00e7e, ka akuzuar kryeministrin Berisha se \u00ebsht\u00eb duke falur pasuri t\u00eb vendit, p\u00ebr klient\u00ebt e tij politik\u00eb dhe ekonomik\u00eb. Sipas deputetit socialist, Berisha ka falur 500 kilometra n\u00eb det, q\u00eb mendohet se kan\u00eb rezerva nafte. \u201cSali Berisha po qeras me Shqip\u00ebrin\u00eb, copa t\u00eb pasuris\u00eb s\u00eb saj, klient\u00ebt [&hellip;]<\/p>\n","protected":false},"author":1,"featured_media":0,"comment_status":"open","ping_status":"closed","sticky":false,"template":"","format":"standard","meta":{"footnotes":""},"categories":[2,5],"tags":[],"class_list":{"0":"post-11887","1":"post","2":"type-post","3":"status-publish","4":"format-standard","6":"category-artikuj","7":"category-lajme"},"yoast_head":"<!-- This site is optimized with the Yoast SEO plugin v27.4 - https:\/\/yoast.com\/product\/yoast-seo-wordpress\/ -->\n<title>Erion Bra\u00e7e: Berisha po qeras me prona publike klient\u00eb t\u00eb maxhoranc\u00ebs - FjALA e LIR\u00cb - Arkivi<\/title>\n<meta name=\"robots\" content=\"index, follow, max-snippet:-1, max-image-preview:large, max-video-preview:-1\" \/>\n<link rel=\"canonical\" href=\"https:\/\/fjala.info\/2009-2015\/erion-brace-berisha-po-qeras-me-prona-publike-kliente-te-maxhorances\/\" \/>\n<meta property=\"og:locale\" content=\"sq_AL\" \/>\n<meta property=\"og:type\" content=\"article\" \/>\n<meta property=\"og:title\" content=\"Erion Bra\u00e7e: Berisha po qeras me prona publike klient\u00eb t\u00eb maxhoranc\u00ebs - FjALA e LIR\u00cb - Arkivi\" \/>\n<meta property=\"og:description\" content=\"TemA Online, 14 Qershor 2012 Deputeti socialist, Erion Bra\u00e7e, ka akuzuar kryeministrin Berisha se \u00ebsht\u00eb duke falur pasuri t\u00eb vendit, p\u00ebr klient\u00ebt e tij politik\u00eb dhe ekonomik\u00eb. Sipas deputetit socialist, Berisha ka falur 500 kilometra n\u00eb det, q\u00eb mendohet se kan\u00eb rezerva nafte. \u201cSali Berisha po qeras me Shqip\u00ebrin\u00eb, copa t\u00eb pasuris\u00eb s\u00eb saj, klient\u00ebt [&hellip;]\" \/>\n<meta property=\"og:url\" content=\"https:\/\/fjala.info\/2009-2015\/erion-brace-berisha-po-qeras-me-prona-publike-kliente-te-maxhorances\/\" \/>\n<meta property=\"og:site_name\" content=\"FjALA e LIR\u00cb - Arkivi\" \/>\n<meta property=\"article:published_time\" content=\"2012-06-14T06:13:12+00:00\" \/>\n<meta property=\"og:image\" content=\"http:\/\/www.fjala.info\/2012\/erion_brace.jpg\" \/>\n<meta name=\"author\" content=\"admin\" \/>\n<meta name=\"twitter:card\" content=\"summary_large_image\" \/>\n<meta name=\"twitter:label1\" content=\"Written by\" \/>\n\t<meta name=\"twitter:data1\" content=\"admin\" \/>\n\t<meta name=\"twitter:label2\" content=\"Est. reading time\" \/>\n\t<meta name=\"twitter:data2\" content=\"2 minutes\" \/>\n<script type=\"application\/ld+json\" class=\"yoast-schema-graph\">{\"@context\":\"https:\\\/\\\/schema.org\",\"@graph\":[{\"@type\":\"Article\",\"@id\":\"https:\\\/\\\/fjala.info\\\/2009-2015\\\/erion-brace-berisha-po-qeras-me-prona-publike-kliente-te-maxhorances\\\/#article\",\"isPartOf\":{\"@id\":\"https:\\\/\\\/fjala.info\\\/2009-2015\\\/erion-brace-berisha-po-qeras-me-prona-publike-kliente-te-maxhorances\\\/\"},\"author\":{\"name\":\"admin\",\"@id\":\"https:\\\/\\\/fjala.info\\\/2009-2015\\\/#\\\/schema\\\/person\\\/3aa1163ef05469c496fc94e77611ada2\"},\"headline\":\"Erion Bra\u00e7e: Berisha po qeras me prona publike klient\u00eb t\u00eb maxhoranc\u00ebs\",\"datePublished\":\"2012-06-14T06:13:12+00:00\",\"mainEntityOfPage\":{\"@id\":\"https:\\\/\\\/fjala.info\\\/2009-2015\\\/erion-brace-berisha-po-qeras-me-prona-publike-kliente-te-maxhorances\\\/\"},\"wordCount\":351,\"commentCount\":0,\"publisher\":{\"@id\":\"https:\\\/\\\/fjala.info\\\/2009-2015\\\/#organization\"},\"image\":{\"@id\":\"https:\\\/\\\/fjala.info\\\/2009-2015\\\/erion-brace-berisha-po-qeras-me-prona-publike-kliente-te-maxhorances\\\/#primaryimage\"},\"thumbnailUrl\":\"http:\\\/\\\/www.fjala.info\\\/2012\\\/erion_brace.jpg\",\"articleSection\":[\"Artikuj\",\"Lajme\"],\"inLanguage\":\"sq-AL\",\"potentialAction\":[{\"@type\":\"CommentAction\",\"name\":\"Comment\",\"target\":[\"https:\\\/\\\/fjala.info\\\/2009-2015\\\/erion-brace-berisha-po-qeras-me-prona-publike-kliente-te-maxhorances\\\/#respond\"]}]},{\"@type\":\"WebPage\",\"@id\":\"https:\\\/\\\/fjala.info\\\/2009-2015\\\/erion-brace-berisha-po-qeras-me-prona-publike-kliente-te-maxhorances\\\/\",\"url\":\"https:\\\/\\\/fjala.info\\\/2009-2015\\\/erion-brace-berisha-po-qeras-me-prona-publike-kliente-te-maxhorances\\\/\",\"name\":\"Erion Bra\u00e7e: Berisha po qeras me prona publike klient\u00eb t\u00eb maxhoranc\u00ebs - FjALA e LIR\u00cb - Arkivi\",\"isPartOf\":{\"@id\":\"https:\\\/\\\/fjala.info\\\/2009-2015\\\/#website\"},\"primaryImageOfPage\":{\"@id\":\"https:\\\/\\\/fjala.info\\\/2009-2015\\\/erion-brace-berisha-po-qeras-me-prona-publike-kliente-te-maxhorances\\\/#primaryimage\"},\"image\":{\"@id\":\"https:\\\/\\\/fjala.info\\\/2009-2015\\\/erion-brace-berisha-po-qeras-me-prona-publike-kliente-te-maxhorances\\\/#primaryimage\"},\"thumbnailUrl\":\"http:\\\/\\\/www.fjala.info\\\/2012\\\/erion_brace.jpg\",\"datePublished\":\"2012-06-14T06:13:12+00:00\",\"breadcrumb\":{\"@id\":\"https:\\\/\\\/fjala.info\\\/2009-2015\\\/erion-brace-berisha-po-qeras-me-prona-publike-kliente-te-maxhorances\\\/#breadcrumb\"},\"inLanguage\":\"sq-AL\",\"potentialAction\":[{\"@type\":\"ReadAction\",\"target\":[\"https:\\\/\\\/fjala.info\\\/2009-2015\\\/erion-brace-berisha-po-qeras-me-prona-publike-kliente-te-maxhorances\\\/\"]}]},{\"@type\":\"ImageObject\",\"inLanguage\":\"sq-AL\",\"@id\":\"https:\\\/\\\/fjala.info\\\/2009-2015\\\/erion-brace-berisha-po-qeras-me-prona-publike-kliente-te-maxhorances\\\/#primaryimage\",\"url\":\"http:\\\/\\\/www.fjala.info\\\/2012\\\/erion_brace.jpg\",\"contentUrl\":\"http:\\\/\\\/www.fjala.info\\\/2012\\\/erion_brace.jpg\"},{\"@type\":\"BreadcrumbList\",\"@id\":\"https:\\\/\\\/fjala.info\\\/2009-2015\\\/erion-brace-berisha-po-qeras-me-prona-publike-kliente-te-maxhorances\\\/#breadcrumb\",\"itemListElement\":[{\"@type\":\"ListItem\",\"position\":1,\"name\":\"Home\",\"item\":\"https:\\\/\\\/fjala.info\\\/2009-2015\\\/\"},{\"@type\":\"ListItem\",\"position\":2,\"name\":\"Erion Bra\u00e7e: Berisha po qeras me prona publike klient\u00eb t\u00eb maxhoranc\u00ebs\"}]},{\"@type\":\"WebSite\",\"@id\":\"https:\\\/\\\/fjala.info\\\/2009-2015\\\/#website\",\"url\":\"https:\\\/\\\/fjala.info\\\/2009-2015\\\/\",\"name\":\"FjALA e LIR\u00cb - Arkivi\",\"description\":\"Arkivi 2009-2015\",\"publisher\":{\"@id\":\"https:\\\/\\\/fjala.info\\\/2009-2015\\\/#organization\"},\"potentialAction\":[{\"@type\":\"SearchAction\",\"target\":{\"@type\":\"EntryPoint\",\"urlTemplate\":\"https:\\\/\\\/fjala.info\\\/2009-2015\\\/?s={search_term_string}\"},\"query-input\":{\"@type\":\"PropertyValueSpecification\",\"valueRequired\":true,\"valueName\":\"search_term_string\"}}],\"inLanguage\":\"sq-AL\"},{\"@type\":\"Organization\",\"@id\":\"https:\\\/\\\/fjala.info\\\/2009-2015\\\/#organization\",\"name\":\"FjALA e LIR\u00cb - Arkivi\",\"url\":\"https:\\\/\\\/fjala.info\\\/2009-2015\\\/\",\"logo\":{\"@type\":\"ImageObject\",\"inLanguage\":\"sq-AL\",\"@id\":\"https:\\\/\\\/fjala.info\\\/2009-2015\\\/#\\\/schema\\\/logo\\\/image\\\/\",\"url\":\"\",\"contentUrl\":\"\",\"caption\":\"FjALA e LIR\u00cb - Arkivi\"},\"image\":{\"@id\":\"https:\\\/\\\/fjala.info\\\/2009-2015\\\/#\\\/schema\\\/logo\\\/image\\\/\"}},{\"@type\":\"Person\",\"@id\":\"https:\\\/\\\/fjala.info\\\/2009-2015\\\/#\\\/schema\\\/person\\\/3aa1163ef05469c496fc94e77611ada2\",\"name\":\"admin\",\"image\":{\"@type\":\"ImageObject\",\"inLanguage\":\"sq-AL\",\"@id\":\"https:\\\/\\\/fjala.info\\\/2009-2015\\\/wp-content\\\/uploads\\\/2012\\\/02\\\/arben_cokaj-120x150.jpg\",\"url\":\"https:\\\/\\\/fjala.info\\\/2009-2015\\\/wp-content\\\/uploads\\\/2012\\\/02\\\/arben_cokaj-120x150.jpg\",\"contentUrl\":\"https:\\\/\\\/fjala.info\\\/2009-2015\\\/wp-content\\\/uploads\\\/2012\\\/02\\\/arben_cokaj-120x150.jpg\",\"caption\":\"admin\"},\"description\":\"Admin, Fjala e Lir\u00eb\",\"sameAs\":[\"https:\\\/\\\/fjala.info\\\/\"],\"url\":\"https:\\\/\\\/fjala.info\\\/2009-2015\\\/author\\\/admin\\\/\"}]}<\/script>\n<!-- \/ Yoast SEO plugin. -->","yoast_head_json":{"title":"Erion Bra\u00e7e: Berisha po qeras me prona publike klient\u00eb t\u00eb maxhoranc\u00ebs - FjALA e LIR\u00cb - Arkivi","robots":{"index":"index","follow":"follow","max-snippet":"max-snippet:-1","max-image-preview":"max-image-preview:large","max-video-preview":"max-video-preview:-1"},"canonical":"https:\/\/fjala.info\/2009-2015\/erion-brace-berisha-po-qeras-me-prona-publike-kliente-te-maxhorances\/","og_locale":"sq_AL","og_type":"article","og_title":"Erion Bra\u00e7e: Berisha po qeras me prona publike klient\u00eb t\u00eb maxhoranc\u00ebs - FjALA e LIR\u00cb - Arkivi","og_description":"TemA Online, 14 Qershor 2012 Deputeti socialist, Erion Bra\u00e7e, ka akuzuar kryeministrin Berisha se \u00ebsht\u00eb duke falur pasuri t\u00eb vendit, p\u00ebr klient\u00ebt e tij politik\u00eb dhe ekonomik\u00eb. Sipas deputetit socialist, Berisha ka falur 500 kilometra n\u00eb det, q\u00eb mendohet se kan\u00eb rezerva nafte. \u201cSali Berisha po qeras me Shqip\u00ebrin\u00eb, copa t\u00eb pasuris\u00eb s\u00eb saj, klient\u00ebt [&hellip;]","og_url":"https:\/\/fjala.info\/2009-2015\/erion-brace-berisha-po-qeras-me-prona-publike-kliente-te-maxhorances\/","og_site_name":"FjALA e LIR\u00cb - Arkivi","article_published_time":"2012-06-14T06:13:12+00:00","og_image":[{"url":"http:\/\/www.fjala.info\/2012\/erion_brace.jpg","type":"","width":"","height":""}],"author":"admin","twitter_card":"summary_large_image","twitter_misc":{"Written by":"admin","Est. reading time":"2 minutes"},"schema":{"@context":"https:\/\/schema.org","@graph":[{"@type":"Article","@id":"https:\/\/fjala.info\/2009-2015\/erion-brace-berisha-po-qeras-me-prona-publike-kliente-te-maxhorances\/#article","isPartOf":{"@id":"https:\/\/fjala.info\/2009-2015\/erion-brace-berisha-po-qeras-me-prona-publike-kliente-te-maxhorances\/"},"author":{"name":"admin","@id":"https:\/\/fjala.info\/2009-2015\/#\/schema\/person\/3aa1163ef05469c496fc94e77611ada2"},"headline":"Erion Bra\u00e7e: Berisha po qeras me prona publike klient\u00eb t\u00eb maxhoranc\u00ebs","datePublished":"2012-06-14T06:13:12+00:00","mainEntityOfPage":{"@id":"https:\/\/fjala.info\/2009-2015\/erion-brace-berisha-po-qeras-me-prona-publike-kliente-te-maxhorances\/"},"wordCount":351,"commentCount":0,"publisher":{"@id":"https:\/\/fjala.info\/2009-2015\/#organization"},"image":{"@id":"https:\/\/fjala.info\/2009-2015\/erion-brace-berisha-po-qeras-me-prona-publike-kliente-te-maxhorances\/#primaryimage"},"thumbnailUrl":"http:\/\/www.fjala.info\/2012\/erion_brace.jpg","articleSection":["Artikuj","Lajme"],"inLanguage":"sq-AL","potentialAction":[{"@type":"CommentAction","name":"Comment","target":["https:\/\/fjala.info\/2009-2015\/erion-brace-berisha-po-qeras-me-prona-publike-kliente-te-maxhorances\/#respond"]}]},{"@type":"WebPage","@id":"https:\/\/fjala.info\/2009-2015\/erion-brace-berisha-po-qeras-me-prona-publike-kliente-te-maxhorances\/","url":"https:\/\/fjala.info\/2009-2015\/erion-brace-berisha-po-qeras-me-prona-publike-kliente-te-maxhorances\/","name":"Erion Bra\u00e7e: Berisha po qeras me prona publike klient\u00eb t\u00eb maxhoranc\u00ebs - FjALA e LIR\u00cb - Arkivi","isPartOf":{"@id":"https:\/\/fjala.info\/2009-2015\/#website"},"primaryImageOfPage":{"@id":"https:\/\/fjala.info\/2009-2015\/erion-brace-berisha-po-qeras-me-prona-publike-kliente-te-maxhorances\/#primaryimage"},"image":{"@id":"https:\/\/fjala.info\/2009-2015\/erion-brace-berisha-po-qeras-me-prona-publike-kliente-te-maxhorances\/#primaryimage"},"thumbnailUrl":"http:\/\/www.fjala.info\/2012\/erion_brace.jpg","datePublished":"2012-06-14T06:13:12+00:00","breadcrumb":{"@id":"https:\/\/fjala.info\/2009-2015\/erion-brace-berisha-po-qeras-me-prona-publike-kliente-te-maxhorances\/#breadcrumb"},"inLanguage":"sq-AL","potentialAction":[{"@type":"ReadAction","target":["https:\/\/fjala.info\/2009-2015\/erion-brace-berisha-po-qeras-me-prona-publike-kliente-te-maxhorances\/"]}]},{"@type":"ImageObject","inLanguage":"sq-AL","@id":"https:\/\/fjala.info\/2009-2015\/erion-brace-berisha-po-qeras-me-prona-publike-kliente-te-maxhorances\/#primaryimage","url":"http:\/\/www.fjala.info\/2012\/erion_brace.jpg","contentUrl":"http:\/\/www.fjala.info\/2012\/erion_brace.jpg"},{"@type":"BreadcrumbList","@id":"https:\/\/fjala.info\/2009-2015\/erion-brace-berisha-po-qeras-me-prona-publike-kliente-te-maxhorances\/#breadcrumb","itemListElement":[{"@type":"ListItem","position":1,"name":"Home","item":"https:\/\/fjala.info\/2009-2015\/"},{"@type":"ListItem","position":2,"name":"Erion Bra\u00e7e: Berisha po qeras me prona publike klient\u00eb t\u00eb maxhoranc\u00ebs"}]},{"@type":"WebSite","@id":"https:\/\/fjala.info\/2009-2015\/#website","url":"https:\/\/fjala.info\/2009-2015\/","name":"FjALA e LIR\u00cb - Arkivi","description":"Arkivi 2009-2015","publisher":{"@id":"https:\/\/fjala.info\/2009-2015\/#organization"},"potentialAction":[{"@type":"SearchAction","target":{"@type":"EntryPoint","urlTemplate":"https:\/\/fjala.info\/2009-2015\/?s={search_term_string}"},"query-input":{"@type":"PropertyValueSpecification","valueRequired":true,"valueName":"search_term_string"}}],"inLanguage":"sq-AL"},{"@type":"Organization","@id":"https:\/\/fjala.info\/2009-2015\/#organization","name":"FjALA e LIR\u00cb - Arkivi","url":"https:\/\/fjala.info\/2009-2015\/","logo":{"@type":"ImageObject","inLanguage":"sq-AL","@id":"https:\/\/fjala.info\/2009-2015\/#\/schema\/logo\/image\/","url":"","contentUrl":"","caption":"FjALA e LIR\u00cb - Arkivi"},"image":{"@id":"https:\/\/fjala.info\/2009-2015\/#\/schema\/logo\/image\/"}},{"@type":"Person","@id":"https:\/\/fjala.info\/2009-2015\/#\/schema\/person\/3aa1163ef05469c496fc94e77611ada2","name":"admin","image":{"@type":"ImageObject","inLanguage":"sq-AL","@id":"https:\/\/fjala.info\/2009-2015\/wp-content\/uploads\/2012\/02\/arben_cokaj-120x150.jpg","url":"https:\/\/fjala.info\/2009-2015\/wp-content\/uploads\/2012\/02\/arben_cokaj-120x150.jpg","contentUrl":"https:\/\/fjala.info\/2009-2015\/wp-content\/uploads\/2012\/02\/arben_cokaj-120x150.jpg","caption":"admin"},"description":"Admin, Fjala e Lir\u00eb","sameAs":["https:\/\/fjala.info\/"],"url":"https:\/\/fjala.info\/2009-2015\/author\/admin\/"}]}},"_links":{"self":[{"href":"https:\/\/fjala.info\/2009-2015\/wp-json\/wp\/v2\/posts\/11887","targetHints":{"allow":["GET"]}}],"collection":[{"href":"https:\/\/fjala.info\/2009-2015\/wp-json\/wp\/v2\/posts"}],"about":[{"href":"https:\/\/fjala.info\/2009-2015\/wp-json\/wp\/v2\/types\/post"}],"author":[{"embeddable":true,"href":"https:\/\/fjala.info\/2009-2015\/wp-json\/wp\/v2\/users\/1"}],"replies":[{"embeddable":true,"href":"https:\/\/fjala.info\/2009-2015\/wp-json\/wp\/v2\/comments?post=11887"}],"version-history":[{"count":0,"href":"https:\/\/fjala.info\/2009-2015\/wp-json\/wp\/v2\/posts\/11887\/revisions"}],"wp:attachment":[{"href":"https:\/\/fjala.info\/2009-2015\/wp-json\/wp\/v2\/media?parent=11887"}],"wp:term":[{"taxonomy":"category","embeddable":true,"href":"https:\/\/fjala.info\/2009-2015\/wp-json\/wp\/v2\/categories?post=11887"},{"taxonomy":"post_tag","embeddable":true,"href":"https:\/\/fjala.info\/2009-2015\/wp-json\/wp\/v2\/tags?post=11887"}],"curies":[{"name":"wp","href":"https:\/\/api.w.org\/{rel}","templated":true}]}}