{"id":11886,"date":"2012-06-14T07:11:33","date_gmt":"2012-06-14T06:11:33","guid":{"rendered":"http:\/\/www.fjala.info\/?p=3310"},"modified":"2012-06-14T07:11:33","modified_gmt":"2012-06-14T06:11:33","slug":"balla-votat-per-nishanin-u-shkembyen-me-albpetrolin-berisha-mendon-se-ai-dhe-femijet-e-tij-do-i-shpetojne-drejtesise","status":"publish","type":"post","link":"https:\/\/fjala.info\/2009-2015\/balla-votat-per-nishanin-u-shkembyen-me-albpetrolin-berisha-mendon-se-ai-dhe-femijet-e-tij-do-i-shpetojne-drejtesise\/","title":{"rendered":"Balla: Votat p\u00ebr Nishanin u shk\u00ebmbyen me Albpetrolin. Berisha mendon se ai dhe f\u00ebmij\u00ebt e tij do i shp\u00ebtojn\u00eb drejt\u00ebsis\u00eb"},"content":{"rendered":"<p><img decoding=\"async\" class=\"alignright size-thumbnail wp-image-7236\" title=\"Taulant Balla\" src=\"http:\/\/www.fjala.info\/2012\/taulant_balla_kuvend.jpg\" alt=\"\" width=\"200\" \/> <strong>TemA Online<\/strong>, <em>14 Qershor 2012<\/em><\/p>\n<p>Gjat\u00eb seanc\u00ebs s\u00eb sotme parlamentare, deputeti socialist, Taulant Balla, \u00ebsht\u00eb shprehur se Berisha mendon se me zgjedhjen e nj\u00eb presidenti nga Partia Demokratike, ai, djali dhe e bija, do t\u00eb shp\u00ebtojn\u00eb nga drejt\u00ebsia.<\/p>\n<p>\u201cAi mendon se Bujar Nishani do t\u00eb mund t\u00eb kontrolloj\u00eb prokurorin\u00eb dhe sh\u00ebrbimin informative shtet\u00ebror. Por, ne nuk do t\u00eb reshtim s\u00eb k\u00ebrkuari q\u00eb ky vend t\u00eb mbaj\u00eb ritmin evropian\u201d, ka th\u00ebn\u00eb Balla gjat\u00eb fjal\u00ebs s\u00eb tij.<\/p>\n<p>Balla ka hedhur akuza t\u00eb forta, duke th\u00ebn\u00eb se votat p\u00ebr Nishanin president, jan\u00eb shk\u00ebmbyer me Albpetrolin.<\/p>\n<p>\u201cPolitika e pazarit goditi aspirat\u00ebn p\u00ebr integrim t\u00eb shqiptar\u00ebve duke shk\u00ebmbyer brenda dit\u00ebs Albpetrolin me votat n\u00eb sall\u00ebn e Kuvendit. Evropa \u00ebsht\u00eb sot nj\u00eb hap m\u00eb larg dhe Shqip\u00ebria \u00ebsht\u00eb nj\u00eb hap m\u00eb larg. PS \u00ebsht\u00eb e vetdijshme sot p\u00ebr domosdoshm\u00ebrin\u00eb e ndryshimit q\u00eb duhet t\u00eb sjellim n\u00eb politik\u00ebn e vendit\u201d, ka th\u00ebn\u00eb deputeti socialist.<\/p>\n","protected":false},"excerpt":{"rendered":"<p>TemA Online, 14 Qershor 2012 Gjat\u00eb seanc\u00ebs s\u00eb sotme parlamentare, deputeti socialist, Taulant Balla, \u00ebsht\u00eb shprehur se Berisha mendon se me zgjedhjen e nj\u00eb presidenti nga Partia Demokratike, ai, djali dhe e bija, do t\u00eb shp\u00ebtojn\u00eb nga drejt\u00ebsia. \u201cAi mendon se Bujar Nishani do t\u00eb mund t\u00eb kontrolloj\u00eb prokurorin\u00eb dhe sh\u00ebrbimin informative shtet\u00ebror. Por, ne [&hellip;]<\/p>\n","protected":false},"author":1,"featured_media":0,"comment_status":"open","ping_status":"closed","sticky":false,"template":"","format":"standard","meta":{"footnotes":""},"categories":[5],"tags":[],"class_list":{"0":"post-11886","1":"post","2":"type-post","3":"status-publish","4":"format-standard","6":"category-lajme"},"yoast_head":"<!-- This site is optimized with the Yoast SEO plugin v27.4 - https:\/\/yoast.com\/product\/yoast-seo-wordpress\/ -->\n<title>Balla: Votat p\u00ebr Nishanin u shk\u00ebmbyen me Albpetrolin. Berisha mendon se ai dhe f\u00ebmij\u00ebt e tij do i shp\u00ebtojn\u00eb drejt\u00ebsis\u00eb - FjALA e LIR\u00cb - Arkivi<\/title>\n<meta name=\"robots\" content=\"index, follow, max-snippet:-1, max-image-preview:large, max-video-preview:-1\" \/>\n<link rel=\"canonical\" href=\"https:\/\/fjala.info\/2009-2015\/balla-votat-per-nishanin-u-shkembyen-me-albpetrolin-berisha-mendon-se-ai-dhe-femijet-e-tij-do-i-shpetojne-drejtesise\/\" \/>\n<meta property=\"og:locale\" content=\"sq_AL\" \/>\n<meta property=\"og:type\" content=\"article\" \/>\n<meta property=\"og:title\" content=\"Balla: Votat p\u00ebr Nishanin u shk\u00ebmbyen me Albpetrolin. Berisha mendon se ai dhe f\u00ebmij\u00ebt e tij do i shp\u00ebtojn\u00eb drejt\u00ebsis\u00eb - FjALA e LIR\u00cb - Arkivi\" \/>\n<meta property=\"og:description\" content=\"TemA Online, 14 Qershor 2012 Gjat\u00eb seanc\u00ebs s\u00eb sotme parlamentare, deputeti socialist, Taulant Balla, \u00ebsht\u00eb shprehur se Berisha mendon se me zgjedhjen e nj\u00eb presidenti nga Partia Demokratike, ai, djali dhe e bija, do t\u00eb shp\u00ebtojn\u00eb nga drejt\u00ebsia. \u201cAi mendon se Bujar Nishani do t\u00eb mund t\u00eb kontrolloj\u00eb prokurorin\u00eb dhe sh\u00ebrbimin informative shtet\u00ebror. Por, ne [&hellip;]\" \/>\n<meta property=\"og:url\" content=\"https:\/\/fjala.info\/2009-2015\/balla-votat-per-nishanin-u-shkembyen-me-albpetrolin-berisha-mendon-se-ai-dhe-femijet-e-tij-do-i-shpetojne-drejtesise\/\" \/>\n<meta property=\"og:site_name\" content=\"FjALA e LIR\u00cb - Arkivi\" \/>\n<meta property=\"article:published_time\" content=\"2012-06-14T06:11:33+00:00\" \/>\n<meta property=\"og:image\" content=\"http:\/\/www.fjala.info\/2012\/taulant_balla_kuvend.jpg\" \/>\n<meta name=\"author\" content=\"admin\" \/>\n<meta name=\"twitter:card\" content=\"summary_large_image\" \/>\n<meta name=\"twitter:label1\" content=\"Written by\" \/>\n\t<meta name=\"twitter:data1\" content=\"admin\" \/>\n\t<meta name=\"twitter:label2\" content=\"Est. reading time\" \/>\n\t<meta name=\"twitter:data2\" content=\"1 minute\" \/>\n<script type=\"application\/ld+json\" class=\"yoast-schema-graph\">{\"@context\":\"https:\\\/\\\/schema.org\",\"@graph\":[{\"@type\":\"Article\",\"@id\":\"https:\\\/\\\/fjala.info\\\/2009-2015\\\/balla-votat-per-nishanin-u-shkembyen-me-albpetrolin-berisha-mendon-se-ai-dhe-femijet-e-tij-do-i-shpetojne-drejtesise\\\/#article\",\"isPartOf\":{\"@id\":\"https:\\\/\\\/fjala.info\\\/2009-2015\\\/balla-votat-per-nishanin-u-shkembyen-me-albpetrolin-berisha-mendon-se-ai-dhe-femijet-e-tij-do-i-shpetojne-drejtesise\\\/\"},\"author\":{\"name\":\"admin\",\"@id\":\"https:\\\/\\\/fjala.info\\\/2009-2015\\\/#\\\/schema\\\/person\\\/3aa1163ef05469c496fc94e77611ada2\"},\"headline\":\"Balla: Votat p\u00ebr Nishanin u shk\u00ebmbyen me Albpetrolin. Berisha mendon se ai dhe f\u00ebmij\u00ebt e tij do i shp\u00ebtojn\u00eb drejt\u00ebsis\u00eb\",\"datePublished\":\"2012-06-14T06:11:33+00:00\",\"mainEntityOfPage\":{\"@id\":\"https:\\\/\\\/fjala.info\\\/2009-2015\\\/balla-votat-per-nishanin-u-shkembyen-me-albpetrolin-berisha-mendon-se-ai-dhe-femijet-e-tij-do-i-shpetojne-drejtesise\\\/\"},\"wordCount\":193,\"commentCount\":0,\"publisher\":{\"@id\":\"https:\\\/\\\/fjala.info\\\/2009-2015\\\/#organization\"},\"image\":{\"@id\":\"https:\\\/\\\/fjala.info\\\/2009-2015\\\/balla-votat-per-nishanin-u-shkembyen-me-albpetrolin-berisha-mendon-se-ai-dhe-femijet-e-tij-do-i-shpetojne-drejtesise\\\/#primaryimage\"},\"thumbnailUrl\":\"http:\\\/\\\/www.fjala.info\\\/2012\\\/taulant_balla_kuvend.jpg\",\"articleSection\":[\"Lajme\"],\"inLanguage\":\"sq-AL\",\"potentialAction\":[{\"@type\":\"CommentAction\",\"name\":\"Comment\",\"target\":[\"https:\\\/\\\/fjala.info\\\/2009-2015\\\/balla-votat-per-nishanin-u-shkembyen-me-albpetrolin-berisha-mendon-se-ai-dhe-femijet-e-tij-do-i-shpetojne-drejtesise\\\/#respond\"]}]},{\"@type\":\"WebPage\",\"@id\":\"https:\\\/\\\/fjala.info\\\/2009-2015\\\/balla-votat-per-nishanin-u-shkembyen-me-albpetrolin-berisha-mendon-se-ai-dhe-femijet-e-tij-do-i-shpetojne-drejtesise\\\/\",\"url\":\"https:\\\/\\\/fjala.info\\\/2009-2015\\\/balla-votat-per-nishanin-u-shkembyen-me-albpetrolin-berisha-mendon-se-ai-dhe-femijet-e-tij-do-i-shpetojne-drejtesise\\\/\",\"name\":\"Balla: Votat p\u00ebr Nishanin u shk\u00ebmbyen me Albpetrolin. Berisha mendon se ai dhe f\u00ebmij\u00ebt e tij do i shp\u00ebtojn\u00eb drejt\u00ebsis\u00eb - FjALA e LIR\u00cb - Arkivi\",\"isPartOf\":{\"@id\":\"https:\\\/\\\/fjala.info\\\/2009-2015\\\/#website\"},\"primaryImageOfPage\":{\"@id\":\"https:\\\/\\\/fjala.info\\\/2009-2015\\\/balla-votat-per-nishanin-u-shkembyen-me-albpetrolin-berisha-mendon-se-ai-dhe-femijet-e-tij-do-i-shpetojne-drejtesise\\\/#primaryimage\"},\"image\":{\"@id\":\"https:\\\/\\\/fjala.info\\\/2009-2015\\\/balla-votat-per-nishanin-u-shkembyen-me-albpetrolin-berisha-mendon-se-ai-dhe-femijet-e-tij-do-i-shpetojne-drejtesise\\\/#primaryimage\"},\"thumbnailUrl\":\"http:\\\/\\\/www.fjala.info\\\/2012\\\/taulant_balla_kuvend.jpg\",\"datePublished\":\"2012-06-14T06:11:33+00:00\",\"breadcrumb\":{\"@id\":\"https:\\\/\\\/fjala.info\\\/2009-2015\\\/balla-votat-per-nishanin-u-shkembyen-me-albpetrolin-berisha-mendon-se-ai-dhe-femijet-e-tij-do-i-shpetojne-drejtesise\\\/#breadcrumb\"},\"inLanguage\":\"sq-AL\",\"potentialAction\":[{\"@type\":\"ReadAction\",\"target\":[\"https:\\\/\\\/fjala.info\\\/2009-2015\\\/balla-votat-per-nishanin-u-shkembyen-me-albpetrolin-berisha-mendon-se-ai-dhe-femijet-e-tij-do-i-shpetojne-drejtesise\\\/\"]}]},{\"@type\":\"ImageObject\",\"inLanguage\":\"sq-AL\",\"@id\":\"https:\\\/\\\/fjala.info\\\/2009-2015\\\/balla-votat-per-nishanin-u-shkembyen-me-albpetrolin-berisha-mendon-se-ai-dhe-femijet-e-tij-do-i-shpetojne-drejtesise\\\/#primaryimage\",\"url\":\"http:\\\/\\\/www.fjala.info\\\/2012\\\/taulant_balla_kuvend.jpg\",\"contentUrl\":\"http:\\\/\\\/www.fjala.info\\\/2012\\\/taulant_balla_kuvend.jpg\"},{\"@type\":\"BreadcrumbList\",\"@id\":\"https:\\\/\\\/fjala.info\\\/2009-2015\\\/balla-votat-per-nishanin-u-shkembyen-me-albpetrolin-berisha-mendon-se-ai-dhe-femijet-e-tij-do-i-shpetojne-drejtesise\\\/#breadcrumb\",\"itemListElement\":[{\"@type\":\"ListItem\",\"position\":1,\"name\":\"Home\",\"item\":\"https:\\\/\\\/fjala.info\\\/2009-2015\\\/\"},{\"@type\":\"ListItem\",\"position\":2,\"name\":\"Balla: Votat p\u00ebr Nishanin u shk\u00ebmbyen me Albpetrolin. Berisha mendon se ai dhe f\u00ebmij\u00ebt e tij do i shp\u00ebtojn\u00eb drejt\u00ebsis\u00eb\"}]},{\"@type\":\"WebSite\",\"@id\":\"https:\\\/\\\/fjala.info\\\/2009-2015\\\/#website\",\"url\":\"https:\\\/\\\/fjala.info\\\/2009-2015\\\/\",\"name\":\"FjALA e LIR\u00cb - Arkivi\",\"description\":\"Arkivi 2009-2015\",\"publisher\":{\"@id\":\"https:\\\/\\\/fjala.info\\\/2009-2015\\\/#organization\"},\"potentialAction\":[{\"@type\":\"SearchAction\",\"target\":{\"@type\":\"EntryPoint\",\"urlTemplate\":\"https:\\\/\\\/fjala.info\\\/2009-2015\\\/?s={search_term_string}\"},\"query-input\":{\"@type\":\"PropertyValueSpecification\",\"valueRequired\":true,\"valueName\":\"search_term_string\"}}],\"inLanguage\":\"sq-AL\"},{\"@type\":\"Organization\",\"@id\":\"https:\\\/\\\/fjala.info\\\/2009-2015\\\/#organization\",\"name\":\"FjALA e LIR\u00cb - Arkivi\",\"url\":\"https:\\\/\\\/fjala.info\\\/2009-2015\\\/\",\"logo\":{\"@type\":\"ImageObject\",\"inLanguage\":\"sq-AL\",\"@id\":\"https:\\\/\\\/fjala.info\\\/2009-2015\\\/#\\\/schema\\\/logo\\\/image\\\/\",\"url\":\"\",\"contentUrl\":\"\",\"caption\":\"FjALA e LIR\u00cb - Arkivi\"},\"image\":{\"@id\":\"https:\\\/\\\/fjala.info\\\/2009-2015\\\/#\\\/schema\\\/logo\\\/image\\\/\"}},{\"@type\":\"Person\",\"@id\":\"https:\\\/\\\/fjala.info\\\/2009-2015\\\/#\\\/schema\\\/person\\\/3aa1163ef05469c496fc94e77611ada2\",\"name\":\"admin\",\"image\":{\"@type\":\"ImageObject\",\"inLanguage\":\"sq-AL\",\"@id\":\"https:\\\/\\\/fjala.info\\\/2009-2015\\\/wp-content\\\/uploads\\\/2012\\\/02\\\/arben_cokaj-120x150.jpg\",\"url\":\"https:\\\/\\\/fjala.info\\\/2009-2015\\\/wp-content\\\/uploads\\\/2012\\\/02\\\/arben_cokaj-120x150.jpg\",\"contentUrl\":\"https:\\\/\\\/fjala.info\\\/2009-2015\\\/wp-content\\\/uploads\\\/2012\\\/02\\\/arben_cokaj-120x150.jpg\",\"caption\":\"admin\"},\"description\":\"Admin, Fjala e Lir\u00eb\",\"sameAs\":[\"https:\\\/\\\/fjala.info\\\/\"],\"url\":\"https:\\\/\\\/fjala.info\\\/2009-2015\\\/author\\\/admin\\\/\"}]}<\/script>\n<!-- \/ Yoast SEO plugin. -->","yoast_head_json":{"title":"Balla: Votat p\u00ebr Nishanin u shk\u00ebmbyen me Albpetrolin. Berisha mendon se ai dhe f\u00ebmij\u00ebt e tij do i shp\u00ebtojn\u00eb drejt\u00ebsis\u00eb - FjALA e LIR\u00cb - Arkivi","robots":{"index":"index","follow":"follow","max-snippet":"max-snippet:-1","max-image-preview":"max-image-preview:large","max-video-preview":"max-video-preview:-1"},"canonical":"https:\/\/fjala.info\/2009-2015\/balla-votat-per-nishanin-u-shkembyen-me-albpetrolin-berisha-mendon-se-ai-dhe-femijet-e-tij-do-i-shpetojne-drejtesise\/","og_locale":"sq_AL","og_type":"article","og_title":"Balla: Votat p\u00ebr Nishanin u shk\u00ebmbyen me Albpetrolin. Berisha mendon se ai dhe f\u00ebmij\u00ebt e tij do i shp\u00ebtojn\u00eb drejt\u00ebsis\u00eb - FjALA e LIR\u00cb - Arkivi","og_description":"TemA Online, 14 Qershor 2012 Gjat\u00eb seanc\u00ebs s\u00eb sotme parlamentare, deputeti socialist, Taulant Balla, \u00ebsht\u00eb shprehur se Berisha mendon se me zgjedhjen e nj\u00eb presidenti nga Partia Demokratike, ai, djali dhe e bija, do t\u00eb shp\u00ebtojn\u00eb nga drejt\u00ebsia. \u201cAi mendon se Bujar Nishani do t\u00eb mund t\u00eb kontrolloj\u00eb prokurorin\u00eb dhe sh\u00ebrbimin informative shtet\u00ebror. Por, ne [&hellip;]","og_url":"https:\/\/fjala.info\/2009-2015\/balla-votat-per-nishanin-u-shkembyen-me-albpetrolin-berisha-mendon-se-ai-dhe-femijet-e-tij-do-i-shpetojne-drejtesise\/","og_site_name":"FjALA e LIR\u00cb - Arkivi","article_published_time":"2012-06-14T06:11:33+00:00","og_image":[{"url":"http:\/\/www.fjala.info\/2012\/taulant_balla_kuvend.jpg","type":"","width":"","height":""}],"author":"admin","twitter_card":"summary_large_image","twitter_misc":{"Written by":"admin","Est. reading time":"1 minute"},"schema":{"@context":"https:\/\/schema.org","@graph":[{"@type":"Article","@id":"https:\/\/fjala.info\/2009-2015\/balla-votat-per-nishanin-u-shkembyen-me-albpetrolin-berisha-mendon-se-ai-dhe-femijet-e-tij-do-i-shpetojne-drejtesise\/#article","isPartOf":{"@id":"https:\/\/fjala.info\/2009-2015\/balla-votat-per-nishanin-u-shkembyen-me-albpetrolin-berisha-mendon-se-ai-dhe-femijet-e-tij-do-i-shpetojne-drejtesise\/"},"author":{"name":"admin","@id":"https:\/\/fjala.info\/2009-2015\/#\/schema\/person\/3aa1163ef05469c496fc94e77611ada2"},"headline":"Balla: Votat p\u00ebr Nishanin u shk\u00ebmbyen me Albpetrolin. Berisha mendon se ai dhe f\u00ebmij\u00ebt e tij do i shp\u00ebtojn\u00eb drejt\u00ebsis\u00eb","datePublished":"2012-06-14T06:11:33+00:00","mainEntityOfPage":{"@id":"https:\/\/fjala.info\/2009-2015\/balla-votat-per-nishanin-u-shkembyen-me-albpetrolin-berisha-mendon-se-ai-dhe-femijet-e-tij-do-i-shpetojne-drejtesise\/"},"wordCount":193,"commentCount":0,"publisher":{"@id":"https:\/\/fjala.info\/2009-2015\/#organization"},"image":{"@id":"https:\/\/fjala.info\/2009-2015\/balla-votat-per-nishanin-u-shkembyen-me-albpetrolin-berisha-mendon-se-ai-dhe-femijet-e-tij-do-i-shpetojne-drejtesise\/#primaryimage"},"thumbnailUrl":"http:\/\/www.fjala.info\/2012\/taulant_balla_kuvend.jpg","articleSection":["Lajme"],"inLanguage":"sq-AL","potentialAction":[{"@type":"CommentAction","name":"Comment","target":["https:\/\/fjala.info\/2009-2015\/balla-votat-per-nishanin-u-shkembyen-me-albpetrolin-berisha-mendon-se-ai-dhe-femijet-e-tij-do-i-shpetojne-drejtesise\/#respond"]}]},{"@type":"WebPage","@id":"https:\/\/fjala.info\/2009-2015\/balla-votat-per-nishanin-u-shkembyen-me-albpetrolin-berisha-mendon-se-ai-dhe-femijet-e-tij-do-i-shpetojne-drejtesise\/","url":"https:\/\/fjala.info\/2009-2015\/balla-votat-per-nishanin-u-shkembyen-me-albpetrolin-berisha-mendon-se-ai-dhe-femijet-e-tij-do-i-shpetojne-drejtesise\/","name":"Balla: Votat p\u00ebr Nishanin u shk\u00ebmbyen me Albpetrolin. Berisha mendon se ai dhe f\u00ebmij\u00ebt e tij do i shp\u00ebtojn\u00eb drejt\u00ebsis\u00eb - FjALA e LIR\u00cb - Arkivi","isPartOf":{"@id":"https:\/\/fjala.info\/2009-2015\/#website"},"primaryImageOfPage":{"@id":"https:\/\/fjala.info\/2009-2015\/balla-votat-per-nishanin-u-shkembyen-me-albpetrolin-berisha-mendon-se-ai-dhe-femijet-e-tij-do-i-shpetojne-drejtesise\/#primaryimage"},"image":{"@id":"https:\/\/fjala.info\/2009-2015\/balla-votat-per-nishanin-u-shkembyen-me-albpetrolin-berisha-mendon-se-ai-dhe-femijet-e-tij-do-i-shpetojne-drejtesise\/#primaryimage"},"thumbnailUrl":"http:\/\/www.fjala.info\/2012\/taulant_balla_kuvend.jpg","datePublished":"2012-06-14T06:11:33+00:00","breadcrumb":{"@id":"https:\/\/fjala.info\/2009-2015\/balla-votat-per-nishanin-u-shkembyen-me-albpetrolin-berisha-mendon-se-ai-dhe-femijet-e-tij-do-i-shpetojne-drejtesise\/#breadcrumb"},"inLanguage":"sq-AL","potentialAction":[{"@type":"ReadAction","target":["https:\/\/fjala.info\/2009-2015\/balla-votat-per-nishanin-u-shkembyen-me-albpetrolin-berisha-mendon-se-ai-dhe-femijet-e-tij-do-i-shpetojne-drejtesise\/"]}]},{"@type":"ImageObject","inLanguage":"sq-AL","@id":"https:\/\/fjala.info\/2009-2015\/balla-votat-per-nishanin-u-shkembyen-me-albpetrolin-berisha-mendon-se-ai-dhe-femijet-e-tij-do-i-shpetojne-drejtesise\/#primaryimage","url":"http:\/\/www.fjala.info\/2012\/taulant_balla_kuvend.jpg","contentUrl":"http:\/\/www.fjala.info\/2012\/taulant_balla_kuvend.jpg"},{"@type":"BreadcrumbList","@id":"https:\/\/fjala.info\/2009-2015\/balla-votat-per-nishanin-u-shkembyen-me-albpetrolin-berisha-mendon-se-ai-dhe-femijet-e-tij-do-i-shpetojne-drejtesise\/#breadcrumb","itemListElement":[{"@type":"ListItem","position":1,"name":"Home","item":"https:\/\/fjala.info\/2009-2015\/"},{"@type":"ListItem","position":2,"name":"Balla: Votat p\u00ebr Nishanin u shk\u00ebmbyen me Albpetrolin. Berisha mendon se ai dhe f\u00ebmij\u00ebt e tij do i shp\u00ebtojn\u00eb drejt\u00ebsis\u00eb"}]},{"@type":"WebSite","@id":"https:\/\/fjala.info\/2009-2015\/#website","url":"https:\/\/fjala.info\/2009-2015\/","name":"FjALA e LIR\u00cb - Arkivi","description":"Arkivi 2009-2015","publisher":{"@id":"https:\/\/fjala.info\/2009-2015\/#organization"},"potentialAction":[{"@type":"SearchAction","target":{"@type":"EntryPoint","urlTemplate":"https:\/\/fjala.info\/2009-2015\/?s={search_term_string}"},"query-input":{"@type":"PropertyValueSpecification","valueRequired":true,"valueName":"search_term_string"}}],"inLanguage":"sq-AL"},{"@type":"Organization","@id":"https:\/\/fjala.info\/2009-2015\/#organization","name":"FjALA e LIR\u00cb - Arkivi","url":"https:\/\/fjala.info\/2009-2015\/","logo":{"@type":"ImageObject","inLanguage":"sq-AL","@id":"https:\/\/fjala.info\/2009-2015\/#\/schema\/logo\/image\/","url":"","contentUrl":"","caption":"FjALA e LIR\u00cb - Arkivi"},"image":{"@id":"https:\/\/fjala.info\/2009-2015\/#\/schema\/logo\/image\/"}},{"@type":"Person","@id":"https:\/\/fjala.info\/2009-2015\/#\/schema\/person\/3aa1163ef05469c496fc94e77611ada2","name":"admin","image":{"@type":"ImageObject","inLanguage":"sq-AL","@id":"https:\/\/fjala.info\/2009-2015\/wp-content\/uploads\/2012\/02\/arben_cokaj-120x150.jpg","url":"https:\/\/fjala.info\/2009-2015\/wp-content\/uploads\/2012\/02\/arben_cokaj-120x150.jpg","contentUrl":"https:\/\/fjala.info\/2009-2015\/wp-content\/uploads\/2012\/02\/arben_cokaj-120x150.jpg","caption":"admin"},"description":"Admin, Fjala e Lir\u00eb","sameAs":["https:\/\/fjala.info\/"],"url":"https:\/\/fjala.info\/2009-2015\/author\/admin\/"}]}},"_links":{"self":[{"href":"https:\/\/fjala.info\/2009-2015\/wp-json\/wp\/v2\/posts\/11886","targetHints":{"allow":["GET"]}}],"collection":[{"href":"https:\/\/fjala.info\/2009-2015\/wp-json\/wp\/v2\/posts"}],"about":[{"href":"https:\/\/fjala.info\/2009-2015\/wp-json\/wp\/v2\/types\/post"}],"author":[{"embeddable":true,"href":"https:\/\/fjala.info\/2009-2015\/wp-json\/wp\/v2\/users\/1"}],"replies":[{"embeddable":true,"href":"https:\/\/fjala.info\/2009-2015\/wp-json\/wp\/v2\/comments?post=11886"}],"version-history":[{"count":0,"href":"https:\/\/fjala.info\/2009-2015\/wp-json\/wp\/v2\/posts\/11886\/revisions"}],"wp:attachment":[{"href":"https:\/\/fjala.info\/2009-2015\/wp-json\/wp\/v2\/media?parent=11886"}],"wp:term":[{"taxonomy":"category","embeddable":true,"href":"https:\/\/fjala.info\/2009-2015\/wp-json\/wp\/v2\/categories?post=11886"},{"taxonomy":"post_tag","embeddable":true,"href":"https:\/\/fjala.info\/2009-2015\/wp-json\/wp\/v2\/tags?post=11886"}],"curies":[{"name":"wp","href":"https:\/\/api.w.org\/{rel}","templated":true}]}}