{"id":11883,"date":"2012-06-13T23:20:54","date_gmt":"2012-06-13T22:20:54","guid":{"rendered":"http:\/\/www.fjala.info\/?p=3267"},"modified":"2012-06-13T23:20:54","modified_gmt":"2012-06-13T22:20:54","slug":"le-ta-dije-evropa-mbare-tash-e-mbas-sjemi-shqipetare","status":"publish","type":"post","link":"https:\/\/fjala.info\/2009-2015\/le-ta-dije-evropa-mbare-tash-e-mbas-sjemi-shqipetare\/","title":{"rendered":"LE TA DIJE EVROPA MBARE &#8211; TASH E MBAS S&#8217;JEMI SHQIPETARE"},"content":{"rendered":"<p><img decoding=\"async\" class=\"alignright size-thumbnail wp-image-7236\" title=\"Mark Krasniqi\" src=\"http:\/\/www.fjala.info\/2012\/mark_krasniqi.jpg\" alt=\"\" width=\"150\" \/> Akademik <strong>MARK KRASNIQI<\/strong><\/p>\n<p>\/ <strong><em>Reagim<\/em><\/strong> \/<\/p>\n<p><strong>K\u00ebshtu k\u00ebndon gjeli mbaje koshit, nj\u00eb k\u00ebng\u00eb t\u00eb re t\u00eb Halil Matoshit<\/strong><br \/>\nP\u00ebr t\u00eb na zhdukur si komb, Serbia e Greqia dhe kisha ortodokse e tyre, na kan\u00eb pag\u00ebzuar me emra t\u00eb ndrysh\u00ebm e jo si shqiptar\u00eb, por si Arnaut\u00eb, Turq, Mysliman\u00eb, Jugosllav\u00eb, Arvanitas e tj., madje edhe si Shiftar\u00eb, Testerash\u00eb (Sharraxhinj\u00eb). Por jo si shqiptar\u00ebt n\u00eb Shqip\u00ebri, me t\u00eb cil\u00ebt, sipas politik\u00ebs dhe p\u00ebrpjekjeve greko-sllave, nuk jemi nj\u00eb popull, nj\u00eb komb.<\/p>\n<p>Por e gjith\u00eb kjo nuk \u00ebsht\u00eb p\u00ebr t\u00eb na habitur, sepse nga okupatori, nga armiku shekullor s\u2019ke \u00e7ka pret tjet\u00ebr p\u00ebrve\u00e7 dhun\u00ebs e padrejt\u00ebsis\u00eb nga \u00e7do aspekt dhe n\u00eb \u00e7do rast. Megjithat\u00eb, ne kemi<\/p>\n<p>q\u00ebndruar burr\u00ebrisht, madje duke luftuar me fakte, me diplomaci, por edhe me arm\u00eb n\u00eb dor\u00eb, p\u00ebr t\u00eb mbrojtur territoret tona etnike dhe emrin ton\u00eb etnik shqiptar, n\u00ebn flamurin e lavdish\u00ebm komb\u00ebtar t\u00eb heroit ton\u00eb t\u00eb pavdeksh\u00ebm, Gjergj Kastrioti \u2013 Sk\u00ebnderbe.<\/p>\n<p>K\u00ebto pak fakte i di gjithkush prej nesh, por un\u00eb i p\u00ebrmenda vet\u00ebm p\u00ebr t\u2019i lidhur me rastin e disa shkrimeve t\u00eb zot\u00ebri Halil Matoshit, t\u00eb cilin personalisht nuk e njoh, k\u00ebshtu q\u00eb nuk kam kurrfar\u00eb raportesh me t\u00eb, as pozitive, as negative. Por ky zot\u00ebri m\u00eb ka motivuar t\u00eb reagoja n\u00eb disa shkrime t\u00eb tija n\u00eb gazet\u00ebn ,,Koha Ditore\u2019\u2019, maj 2009, me 14 prill dhe 1 dhjetor 2010.<\/p>\n<p>Zot\u00ebri Halil Matoshi shkruan se ne kosovar\u00ebt nuk mund t\u00eb kemi t\u00eb nj\u00ebjtin identitet komb\u00ebtar me shqiptar\u00ebt e Shqip\u00ebris\u00eb, as me ata t\u00eb diaspor\u00ebs s\u00eb gjer\u00eb shqiptare, sepse ne duhet t\u00eb jemi kosovar\u00eb e vet\u00ebm ata n\u00eb Shqip\u00ebri shqiptar\u00eb. Sipas Z. Matoshit, edhe shqiptar\u00ebt n\u00eb Lugin\u00ebn e Preshev\u00ebs duhet t\u00eb quhen serb\u00eb, n\u00eb Maqedoni &#8211; maqendonas, n\u00eb diaspor\u00eb gjithashtu: \u2013 zvicierian\u00eb, gjerman\u00eb, n\u00eb Skandinavi etj., gjithashtu e gjith\u00ebqysh, por jo shqiptar\u00eb.<\/p>\n<p>A do t\u00eb quhen edhe serb\u00ebt e Kosov\u00ebs kosovar\u00eb me komb\u00ebsi? Madje, serb\u00ebt n\u00eb Republika Srpska nuk din\u00eb si do t\u00eb quheshin, ose hungarez\u00ebt n\u00eb Serbi dhe n\u00eb Rumani e k\u00ebshtu me radh\u00eb. At\u00ebher\u00eb n\u00ebse na mohohet identiteti yn\u00eb shqiptar, ne p\u00ebr t\u00eb qen\u00eb shqiptar\u00eb, duhet t\u00eb bashkohemi me Shqip\u00ebrin\u00eb dhe minoriteti i vog\u00ebl grek n\u00eb jugun e saj, do t\u00eb quhet shqiptar, e jo grek\u00eb e k\u00ebshtu me radh\u00eb. Kjo do t\u00eb thot\u00eb se minoritetet n\u00eb p\u00ebrgjith\u00ebsi duhet ta braktisin p\u00ebrkat\u00ebsin\u00eb komb\u00ebtare t\u00eb tyre dhe t\u00eb deklarohen se jan\u00eb t\u00eb komb\u00ebsis\u00eb s\u00eb popullit shumic\u00eb, emrin e t\u00eb cilit e ka shteti i tij. Por Zot\u00ebri Ahtisari n\u00eb rastin e Kosov\u00ebs vepron krejt\u00ebsisht n\u00eb drejtim t\u00eb kund\u00ebrt.<\/p>\n<p>Ky zot\u00ebri i nderuar, n\u00eb Pakon e vet t\u00eb famshme, e cila \u00ebsht\u00eb baza e Kushtetut\u00ebs s\u00eb Republik\u00ebs s\u00eb Kosov\u00ebs, sajon ligje vet\u00ebm p\u00ebr t\u00eb drejtat e minoriteteve etnike, p\u00ebrkat\u00ebsisht p\u00ebr minoritetin serb, i cili nuk e njeh fare pavar\u00ebsin\u00eb e Kosov\u00ebs, por megjithat\u00eb i jep t\u00eb drejta e privilegje t\u00eb cilat nuk i ka asnj\u00eb minoritet etnik n\u00eb bot\u00eb. Nga ana tjet\u00ebr, Ahtisari nuk i p\u00ebrmend\u00eb fare shqiptar\u00ebt, t\u00eb cil\u00ebt kan\u00eb luftuar gjat\u00eb shekujve p\u00ebr ta krijuar k\u00ebt\u00eb shtet. Por, k\u00ebto ligje dhe kjo Kushtetut\u00eb, jan\u00eb jet\u00ebshkurt\u00ebr dhe duhet t\u00eb z\u00ebvend\u00ebsohen me ligje e Kushtetut\u00eb krejt\u00ebsisht tjet\u00ebr, n\u00eb pajtim me sovranitetin e v\u00ebrtet\u00eb e t\u00eb plot\u00eb t\u00eb shtetit.<\/p>\n<p>Ky asimilim, si\u00e7 e predikon Z. Matoshi, tash p\u00ebr tash i dhunsh\u00ebm, mund t\u00eb realizohet n\u00eb Evrop\u00eb pas nj\u00eb kohe shum\u00eb t\u00eb gjat\u00eb, n\u00eb kushte t\u00eb volitshme demokratike, ekonomike dhe p\u00ebrgjith\u00ebsisht shoq\u00ebrore. E till\u00eb tash \u00ebsht\u00eb Amerika, p\u00ebrkat\u00ebsisht SHBA-ja, ku gjat\u00eb shekujve pjes\u00ebtar\u00ebt e popujve t\u00eb ndrysh\u00ebm e kan\u00eb kolonizuar Amerik\u00ebn,jan\u00eb asimiluar pas disa gjeneratave n\u00eb nj\u00eb ,,etnikum\u2019\u2019 &#8211; qytetar, k\u00ebshtu q\u00eb nuk ekziston nj\u00eb popull, ose komb shumic\u00eb, i cili do t\u00eb ishte dominues mbi pakicat komb\u00ebtare.<\/p>\n<p>Zyrtarisht ekziston vet\u00ebm gjuha angleze, megjith\u00ebse kombet e ndryshme ende flasin, komunikojn\u00eb dhe kan\u00eb publikime t\u00eb ndryshme n\u00eb gjuh\u00ebt e tyre, deri diku edhe tradit\u00ebn, zakonet e tyre. Kam par\u00eb n\u00eb Uashington e n\u00eb Nju \u2013 Jork varreza t\u00eb p\u00ebrbashk\u00ebta, pa dallim feje e komb\u00ebsie, megjith\u00ebse ende kishte shum\u00eb rrasa mermeri t\u00eb varreve me shkrime hebraike, arabe, anglishte, e tjera, me simbole t\u00eb feve t\u00eb ndryshme. T\u00eb gjitha n\u00eb nji ledin\u00eb, varr pran\u00eb varrit, n\u00eb qet\u00ebsi e n\u00eb ,,rehati\u2019\u2019, pa kurrfar\u00eb problemesh&#8230;. Kur Evropa ,,t\u00eb b\u00ebhet Amerik\u00eb\u2019\u2019, me kultur\u00eb, demokraci, ekonomi etj., pra, nj\u00eb shtet, ose union, federat\u00eb, apo konfederat\u00eb e shteteve, mbas nj\u00eb kohe t\u00eb gjat\u00eb, ndoshta do t\u00eb b\u00ebhet nj\u00eb unifikim i ngjash\u00ebm si n\u00eb Amerik\u00eb.<\/p>\n<p>Por ky asimilim n\u00eb Evrop\u00eb do t\u00eb vonohet, sepse \u00e7do komb n\u00eb Evrop\u00eb ka kultur\u00eb, tradit\u00eb, gjuh\u00eb e histori t\u00eb vet\u00ebn, t\u00eb gjith\u00eb jan\u00eb autokton\u00eb me shekuj n\u00eb Evrop\u00eb, k\u00ebshtu q\u00eb secili do ta ruaj\u00eb identitetin e vet komb\u00ebtar. Amerika \u00ebsht\u00eb kolonizuar me m\u00ebrgimtar\u00eb t\u00eb Evrop\u00ebs e t\u00eb kontinenteve t\u00eb tjera. Ne shqiptar\u00ebt jemi popull autokton, m\u00eb i lasht\u00eb n\u00eb k\u00ebt\u00eb pjes\u00eb t\u00eb Evrop\u00ebs, dhe kemi kultur\u00eb, tradit\u00eb, histori e gjuh\u00eb t\u00eb posa\u00e7me, k\u00ebshtu q\u00eb duam t\u00eb jemi komb shqiptar edhe shum\u00eb shekuj. Prandaj teoria e Z.Matoshit as nuk duhet t\u00eb p\u00ebrmendet fare, lere m\u00eb t\u00eb zbatohet qysh sot, me 28 N\u00ebntor t\u00eb vitit 2010. Tash kjo tendenc\u00eb mund t\u00eb kualifikohet madje edhe si tradhti. Tash p\u00ebr tash, vet\u00ebm nga ky aspekt mund t\u00eb trajtohen shkrimet e q\u00ebndrimet e tilla si\u00e7 jan\u00eb k\u00ebto t\u00eb Z.. Halil Matoshit.<\/p>\n<p>Zot\u00ebri Matoshi edhe fest\u00ebn ton\u00eb komb\u00ebtare, t\u00eb njohur me ligjin e Kosov\u00ebs si e till\u00eb, e quan si prononcim politik. Ai e d\u00ebnon ,,Vet\u00ebvendosjen\u2019\u2019, e cila ka stolisur kryeqytetin e Kosov\u00ebs vet\u00ebm me flamuj komb\u00ebtar\u00eb t\u00eb Sk\u00ebnderbeut. Un\u00eb mendoj se ,,Vet\u00ebvendosja\u2019\u2019 ka b\u00ebr\u00eb shum\u00eb mir\u00eb q\u00eb ka vepruar n\u00eb k\u00ebt\u00eb m\u00ebnyr\u00eb, sepse 28 N\u00ebntori \u00ebsht\u00eb fest\u00eb e madhe gjith\u00ebshqiptare e Flamurit ton\u00eb komb\u00ebtar. Flamuri i bukur komb\u00ebtar \u00ebsht\u00eb simbol i bashkimit i t\u00eb gjith\u00eb shqiptar\u00ebve kudo q\u00eb jan\u00eb n\u00eb bot\u00eb. Un\u00eb kam pasur k\u00ebnaq\u00ebsin\u00eb t\u00eb shoh\u00eb flamurin ton\u00eb komb\u00ebtar si val\u00ebvitej n\u00eb \u00e7do fest\u00eb e g\u00ebzim familjar dhe manifestim kulturor shoq\u00ebror, gati n\u00eb t\u00eb gjitha shtetet e Evrop\u00ebs, n\u00eb Amerik\u00eb dhe n\u00eb Australi. Shqiptar\u00ebt, pa dallim feje e krahine, p\u00ebrreth flamurit t\u00eb bashkuar si v\u00ebllez\u00ebr t\u00eb nj\u00eb gjuhe e t\u00eb nj\u00eb gjaku, nderonin k\u00ebt\u00eb simbol tonin historik me t\u00eb cilin identifikohen si shqiptar\u00eb.<\/p>\n<p>P\u00ebrdorimi i flamurit komb\u00ebtar nga shqiptar\u00ebt e Kosov\u00ebs, thot\u00eb. Z. Matoshi \u00ebsht\u00eb vep\u00ebr penale, sepse \u00ebsht\u00eb ilegale, \u00ebsht\u00eb p\u00ebrdhosje e ,,flamurit t\u00eb huaj\u2019\u2019. Zot\u00ebri Matoshi harron se p\u00ebr k\u00ebt\u00eb flamur shqiptar\u00ebt gjat\u00eb shekujve kan\u00eb derdhur shum\u00eb gjak nga okupatori i huaj, sidomos nga serb\u00ebt e grek\u00ebt ortodoks\u00eb, por edhe nga maqedon\u00ebt e malazez\u00ebt. Rinia shqiptare, p\u00ebr k\u00ebt\u00eb flamur \u00ebsht\u00eb p\u00ebrjashtuar nga shkollat n\u00eb Jugosllavi, \u00ebsht\u00eb dergjur n\u00eb kazamatet serbe, malazeze e maqedone, ka derdhur gjakun e vet dhe ka dh\u00ebn\u00eb jet\u00ebn p\u00ebr t\u00eb.<\/p>\n<p>M\u00eb vjen shum\u00eb keq dhe shum\u00eb \u00e7udi, si mund t\u00eb jet\u00eb nj\u00eb intelektual shqipfol\u00ebs deri n\u00eb k\u00ebt\u00eb shkall\u00eb antishqiptar. I till\u00eb \u00ebsht\u00eb edhe psikopati i njohur, kryetari i socialist\u00ebve n\u00eb Shqip\u00ebri, Edvin Rama, i cili, si kryetar i Bashk\u00ebsis\u00eb s\u00eb Tiran\u00ebs, nuk ka lejuar t\u00eb stolisej Tirana me 28 N\u00ebntor me flamuj komb\u00ebtar\u00eb dhe me ndonj\u00eb manifestim kulturor. Ndoshta Halil Matoshi ka pasur urdh\u00ebr nga ky majtist i Tiran\u00ebs p\u00ebr t\u00eb shkruar n\u00eb k\u00ebt\u00eb m\u00ebnyr\u00eb p\u00ebr Fest\u00ebn e Flamurit ton\u00eb komb\u00ebtar. Nga ana tjet\u00ebr, Matoshi nuk i p\u00ebrmend\u00eb fare serb\u00ebt e Kosov\u00ebs, t\u00eb cil\u00ebt n\u00eb \u00e7do rast e p\u00ebrdorin vet\u00ebm flamurin e Serbis\u00eb.<\/p>\n<p>P\u00ebrsa i p\u00ebrket identitetit kosovar n\u00eb lidhje me disa ndryshime folklorike dhe linguistike, at\u00ebher\u00eb s\u2019ka nevoj\u00eb q\u00eb t\u00eb shqyrtohet ky dallim mes Kosov\u00ebs e Shqip\u00ebris\u00eb, sepse dallime t\u00eb tilla, t\u00eb par\u00ebnd\u00ebsishme nga ky aspekt, kemi sa t\u00eb duash edhe n\u00eb Kosov\u00eb dhe n\u00eb Maqedoni etj. Shum\u00eb zona etnografike n\u00eb Kosov\u00eb dallohen nj\u00ebra nga tjetra me kostumin komb\u00ebtar, me k\u00ebng\u00eb dhe valle t\u00eb tyre burimore, me theksin, apo shqiptimin e disa fjal\u00ebve, me ndonj\u00eb ,,adet\u2019, madje, edhe me arkitektur\u00ebn popullore etj. Por t\u00eb gjitha kan\u00eb nj\u00eb identitet komb\u00ebtar, t\u00eb gjitha zonat jan\u00eb thjesht\u00eb shqiptare,.si\u00e7 jan\u00eb mes nesh, po ashtu jan\u00eb edhe n\u00eb Shqip\u00ebri e kudo. Por kjo \u00ebsht\u00eb vet\u00ebm pasuri e kultur\u00ebs popullore, e jo etnitete etnike t\u00eb ve\u00e7uara.<\/p>\n<p>N\u00eb \u00e7do shtet, n\u00eb \u00e7do popull ka dallime t\u00eb tilla. Madje, ne kemi dy dialekte kryesore \u2013 tosk\u00ebrishten e geg\u00ebrishten, por edhe fustanella e tirq prej zhguni me gajtana t\u00eb zinj. Megjithat\u00eb, kemi gjuh\u00ebn letrare t\u00eb p\u00ebrbashk\u00ebt, historin\u00eb, tradit\u00ebn, kultur\u00ebn, gjakun dhe vet\u00ebdijen komb\u00ebtare shqiptare, e cila ka r\u00ebnd\u00ebsi t\u00eb posa\u00e7me. Por kjo vet\u00ebdije komb\u00ebtare dikujt i mungon fare, zakonisht atyre shqip\u00ebfolsve me pedigire komuniste n\u00eb Kosov\u00eb e n\u00eb Shqip\u00ebri, t\u00eb kamufluar si demokrat\u00eb, socialist\u00eb, bile edhe si atdhetar\u00eb, t\u00eb cil\u00ebt i kan\u00eb ende n\u00eb trurin e tyre buburrecat e kuq, kurse vet\u00ebdija e tyre komb\u00ebtare, q\u00ebllimi i vet\u00ebm i tyre \u00ebsht\u00eb kolltuku i ministrave, i kryetar\u00ebve, drejtor\u00ebve etj., sidomos korrupsioni \u2013 hajnia, duke d\u00ebmtuar k\u00ebshtu shtetin, atdheun e tyre.<\/p>\n<p>Ti zot\u00ebri filozof, ia lejoni vet\u00ebs t\u00eb drejt\u00ebn p\u00ebr t\u00eb qortuar, madje p\u00ebr t\u00eb fyer, jo vet\u00ebm kosovar\u00ebt, por edhe ambasadorin e nderuar t\u00eb Shqip\u00ebris\u00eb n\u00eb Kosov\u00eb, Dr. Islam Lauken, sepse ai nuk proteston me nj\u00eb not\u00eb zyrtare ndaj Qeveris\u00eb s\u00eb Kosov\u00ebs p\u00ebr p\u00ebrdorimin ,,ilegal\u2019\u2019 t\u00eb flamurit t\u00eb shtetit tij nga ana e shqiptar\u00ebve t\u00eb Kosov\u00ebs. Madje, shton ky biqim filozofi se ky ambasador nuk proteston kund\u00ebr ,,Vet\u00ebvendosjes\u2019\u2019, (e cila e zbukuroi Prishtin\u00ebn me flamuj komb\u00ebtar\u00eb) sepse ,,\u00ebsht\u00eb i preokupuar me konstitucionin mental e jo me at\u00eb politik. Ai duket ka simpati p\u00ebr ilegalen e jo p\u00ebr legalen, ai parap\u00eblqen patriotizmin romantik e jo at\u00eb ligjor\u2019\u2019&#8230;<\/p>\n<p>K\u00ebshtu analizon ky analist i men\u00e7ur pun\u00ebn e q\u00ebndrimet e ambasadorit t\u00eb Shqip\u00ebris\u00eb. Populli thot\u00eb p\u00ebr dik\u00eb q\u00eb mendon se \u00ebsht\u00eb shum\u00eb i mendsh\u00ebm: ,,Kaq din, e kaq flet\u2019\u2019, p\u00ebrkat\u00ebsisht &#8211; nuk di asgj\u00eb, \u00ebsht\u00eb injorant. Do t\u2019ia shtoja k\u00ebsaj edhe nj\u00eb tjet\u00ebr th\u00ebnje popullore dhe nj\u00eb latine, p\u00ebrkat\u00ebsisht ,,Mos u ban \u00e7ka s\u2019je, e mos shit \u00e7ka s\u2019ke\u2019\u2019, dhe ,,Si takuises, filosofus manzises\u2019\u2019, shqip &#8211; ,,Sikur t\u00eb kishe heshtur, do t\u00eb mbeteshe filozof\u2019\u2019. Kjo porosi vlen p\u00ebr shum\u00ebk\u00ebnd, por me k\u00ebt\u00eb rast po ia kujtojm\u00eb zot\u00ebri Matoshit<\/p>\n<p>Zot\u00ebri Matoshi, ambasadori i Shqip\u00ebris\u00eb n\u00eb Kosov\u00eb, Dr. Islam Lauka, \u00ebsht\u00eb diplomat i shkolluar dhe i njohur si i till\u00eb, \u00ebsht\u00eb intelektual i kualitetit t\u00eb lart\u00eb kulturor, shkencor e letrar, \u00ebsht\u00eb doktor i shkencave juridike, \u00ebsht\u00eb nj\u00ebri me p\u00ebrvoj\u00eb profesionale, nj\u00eb nga shefat n\u00eb Ministrin\u00eb e Pun\u00ebve t\u00eb Jashtme n\u00eb Tiran\u00eb, \u00ebsht\u00eb njeri shum\u00eb i ndersh\u00ebm, inteligjent dhe racional n\u00eb mendimet e veprimet profesionale t\u00eb tij, \u00ebsht\u00eb patriot i v\u00ebrtet\u00eb, demokrat pa hile, me ndjenja t\u00eb larta t\u00eb p\u00ebrgjegj\u00ebsis\u00eb ndaj detyr\u00ebs s\u00eb ndershme q\u00eb i \u00ebsht\u00eb besuar nga Kryeministri shum\u00eb i suksessh\u00ebm n\u00eb p\u00ebrpjekjet e tij p\u00ebr ndryshimin e gjithansh\u00ebm pozitiv t\u00eb Republik\u00ebs s\u00eb Shqip\u00ebris\u00eb, Dr. Sali Berisha. N\u00eb k\u00ebto p\u00ebrpjekje shum\u00eb t\u00eb suksesshme t\u00eb tij, Kryeministri Berisha e ka krah t\u00eb djatht\u00eb edhe ambasadorin e nderuar Dr. Islam Lauken.<\/p>\n<p>Zot\u00ebri Matoshi, ti me q\u00ebndrimet e shkruara tuajat po tregon se je tep\u00ebr i vog\u00ebl p\u00ebr t\u00eb vler\u00ebsuar dhe shvler\u00ebsuar ambasadorin e Shqip\u00ebris\u00eb, Dr. Islam Lauken. Madje, un\u00eb do t\u00eb thosha se ti nuk je as hija e tij n\u00eb planin intelektual, kurse n\u00eb planin komb\u00ebtar duket se je vet\u00ebm nj\u00eb buburrec i kuq. Ti p\u00ebrpiqesh t\u00eb tregohesh i men\u00e7ur, i dijsh\u00ebm, duke p\u00ebrdorur sa m\u00eb shum\u00eb citate t\u00eb autor\u00ebve t\u00eb huaj .Por ato nuk kan\u00eb lidhje me situat\u00ebn aktuale specifike t\u00eb Kosov\u00ebs.<\/p>\n<p>Ti p\u00ebrpiqesh t\u00eb tregohesh si nj\u00eb analist, apo filozof i mir\u00ebfillt\u00eb, por shkrimet tuaja tregojn\u00eb se e ke vendin diku af\u00ebr der\u00ebs, e jo n\u00eb ball\u00eb t\u00eb oxhakut, si\u00e7 pretendon ti. N\u00eb Kosov\u00eb ,,analist\u00ebt\u2019\u2019 jan\u00eb shtuar si k\u00ebpurdhat pas shiut. Por k\u00ebpurdha ka edhe helmuese dhe aso t\u00eb mira q\u00eb i p\u00ebrdorim si ushqim. Ti me shkrimet tuaja antikomb\u00ebtare, antishqiptare, ke vendin n\u00eb kategorin\u00eb e atyre k\u00ebpurdhave q\u00eb s\u2019i ha pazari, q\u00eb askush s\u2019i v\u00eb n\u00eb tenxhere, as n\u00eb fultere. K\u00ebto epitete do t\u00eb ishin pa vend sikur ti mos ishe kund\u00ebr bashkimit dhe flamurit ton\u00eb komb\u00ebtar.<\/p>\n<p>P\u00ebr ty bashkimi komb\u00ebtar shqiptar qenka vet\u00ebm \u00ebnd\u00ebrr romantike dhe rrezik i madh, sepse nuk u p\u00eblqen fqinj\u00ebve tan\u00eb grek\u00eb e sllav\u00eb, t\u00eb cil\u00ebt i mbajn\u00eb n\u00eb rob\u00ebri trojet tona historike dhe etnike dhe nj\u00eb pjes\u00eb shum\u00eb t\u00eb madhe t\u00eb popullit shqiptar, i cili atje diskriminohet, shkelet nga \u00e7do aspekt nga regjimet antishqiptare, sidomos n\u00eb \u00c7am\u00ebrin\u00eb shqiptare n\u00eb Greqi. Si\u00e7 shihet nga trajtimi yt i problemit komb\u00ebtar shqiptar, po pajtohesh me k\u00ebt\u00eb situat\u00eb, me rob\u00ebrin\u00eb e trojeve dhe t\u00eb popullit ton\u00eb.<\/p>\n<p>Un\u00eb mendoj se asnj\u00eb popull, madje as individi, kurr\u00eb nuk duhet t\u00eb pajtohet me padrejt\u00ebsin\u00eb, madje, me rob\u00ebrin\u00eb komb\u00ebtare n\u00eb asnj\u00eb m\u00ebnyr\u00eb. Por gjithashtu mendoj se n\u00eb kushtet tona aktuale kjo padrejt\u00ebsi historike, t\u00eb cil\u00ebn na kan\u00eb imponuar fqinj\u00ebt tan\u00eb, me bekimin e diplomacis\u00eb evropiane t\u00eb shekullit 19 e 20, patjet\u00ebr duhet t\u00eb korrigjohet n\u00eb m\u00ebnyr\u00eb diplomatike, paq\u00ebsore, ndoshta n\u00eb kuader t\u00eb proceseve integruese bashk\u00ebkohore evro-atlantike, pa ndikimin e okupator\u00ebve t\u00eb trojeve tona dhe me ndikimin dominues t\u00eb Shteteve t\u00eb Bashkuara t\u00eb Amerik\u00ebs e t\u00eb aleat\u00ebve t\u00eb tyre evropian\u00eb. Ne nuk k\u00ebrkojm\u00eb asnj\u00eb p\u00ebll\u00ebmb\u00eb t\u00eb viseve t\u00eb huaja.<\/p>\n<p>Ne k\u00ebrkojm\u00eb vet\u00ebm at\u00eb q\u00eb \u00ebsht\u00eb e jona, madje, n\u00eb m\u00ebnyr\u00eb paq\u00ebsore, diplomatike, pa arm\u00eb. Arma jon\u00eb m\u00eb e fuqishme \u00ebsht\u00eb drejt\u00ebsia. Kjo \u00ebsht\u00eb e drejt\u00eb e jona, por edhe interesi i paqes s\u00eb q\u00ebndrueshme n\u00eb k\u00ebt\u00eb pjes\u00eb t\u00eb Evrop\u00ebs. Un\u00eb k\u00ebt\u00eb e kam th\u00ebn\u00eb publikisht shum\u00eb qart\u00eb para 20 vjet\u00ebve p\u00ebr opinionin jugosllav, n\u00eb gazet\u00ebn m\u00eb t\u00eb madhe t\u00eb Jugosllavis\u00eb, ,,Borba\u2019\u2019 me 16 mars 1993, madje, me titull t\u00eb dalluar \u201cNuk ka paqe n\u00eb Ballkan, pa vet\u00ebvendosjen e shqiptar\u00ebve!\u201d.<\/p>\n<p>Zot\u00ebri Mattoshi, ti ke ambicie karrieriste q\u00eb t\u00eb dal\u00ebsh n\u00eb shesh si intelektual, politikan, dijetar e shkenc\u00ebtar i madh. Mendoj se kjo, n\u00eb p\u00ebrgjith\u00ebsi, nuk ka asgj\u00eb t\u00eb keqe. Por n\u00eb rastin konkret, kur ti p\u00ebrpiqesh ta mb\u00ebrrish k\u00ebt\u00eb q\u00ebllim n\u00eb d\u00ebmin e popullit shqiptar, pjes\u00ebtar i t\u00eb cilit ndoshta je edhe ti, kjo \u00ebsht\u00eb tep\u00ebr e pandershme. Mos bjer\u00eb n\u00ebn ndikimin e Edvin Ram\u00ebs dhe t\u00eb socialist\u00ebve t\u00eb tij, t\u00eb cil\u00ebt n\u00eb luft\u00eb t\u00eb pandershme p\u00ebr pushtet, p\u00ebr kulltuket, duan ta shkat\u00ebrrojn\u00eb pushtetin, qeverin\u00eb aktuale demokratike dhe parlamentin, gjithashtu demokratik dhe t\u00eb suksessh\u00ebm, duke penguar k\u00ebshtu procesin e inkuadrimit t\u00eb Shqip\u00ebris\u00eb n\u00eb institucione t\u00eb ndryshme evro-atlantike. Ne jemi n\u00eb situat\u00eb tjet\u00ebr. Ne, para s\u00eb gjithash, duhet t\u00eb p\u00ebrpiqemi ta kemi shtetin sovran brenda kufijve t\u00eb caktuar t\u00eb tij, si\u00e7 e kemi proklamuar pavar\u00ebsin\u00eb e tij dhe si\u00e7 na ka njohur faktori nd\u00ebrkomb\u00ebtar. K\u00ebt\u00eb rrug\u00eb duhet ta ndjekim tash, pa kombinime me t\u00eb drejt\u00ebn e bashkimit komb\u00ebtar.<\/p>\n<p>Kur t\u00eb stabilizohemi si shtet, me ndihm\u00ebn e faktorit nd\u00ebrkomb\u00ebtar, do t\u2019i zgjidhim problemet aktuale dhe ato t\u00eb ardhshmet n\u00eb m\u00ebnyr\u00eb paq\u00ebsore, diplomatike, por gjithsesi me drejt\u00ebsi, me korrigjimin e padrejt\u00ebsive n\u00eb t\u00eb kaluar\u00ebn. Por me asnj\u00eb kusht kurr\u00eb nuk do t\u00eb heqim dor\u00eb nga e drejta e vet\u00ebvendosjes, nga e drejta njer\u00ebzore q\u00eb t\u00eb jemi gjithmon\u00eb \u00e7ka kemi qen\u00eb e \u00e7ka jemi sot \u2013 popull shqiptar demokratik, tolerant, paqedash\u00ebs, bujar,besnik, konstruktiv e human, i ndersh\u00ebm nga \u00e7do aspekt.<\/p>\n<p>Ti, zot\u00ebri Halil Matoshi, me shok\u00eb t\u00eb tu shqipfol\u00ebs, mund t\u00eb deklaroheni kinez\u00eb e \u00e7erkez\u00eb , polak\u00eb e zezak\u00eb, si t\u00eb doni. Por ne kosovar\u00ebt betohemi: ,,Le ta dij\u00eb Evropa mbar\u00eb, do t\u00eb q\u00ebndrojm\u00eb gjithmon\u00eb shqiptar\u00eb, n\u00ebn flamurin ton\u00eb komb\u00ebtar\u2019\u2019!<\/p>\n<p><em><strong>P.S<\/strong> Ky regim i \u00ebsht\u00eb drejtuar gazet\u00ebs &#8220;Koha Ditore&#8221;, por redaksia nuk e ka botuar, prandaj i drejtohem p\u00ebr botim gazet\u00ebs komb\u00ebtare &#8220;Bota sot&#8221; &#8211; Autori<\/em><\/p>\n","protected":false},"excerpt":{"rendered":"<p>Akademik MARK KRASNIQI \/ Reagim \/ K\u00ebshtu k\u00ebndon gjeli mbaje koshit, nj\u00eb k\u00ebng\u00eb t\u00eb re t\u00eb Halil Matoshit P\u00ebr t\u00eb na zhdukur si komb, Serbia e Greqia dhe kisha ortodokse e tyre, na kan\u00eb pag\u00ebzuar me emra t\u00eb ndrysh\u00ebm e jo si shqiptar\u00eb, por si Arnaut\u00eb, Turq, Mysliman\u00eb, Jugosllav\u00eb, Arvanitas e tj., madje edhe si [&hellip;]<\/p>\n","protected":false},"author":1,"featured_media":0,"comment_status":"open","ping_status":"closed","sticky":false,"template":"","format":"standard","meta":{"footnotes":""},"categories":[2],"tags":[],"class_list":{"0":"post-11883","1":"post","2":"type-post","3":"status-publish","4":"format-standard","6":"category-artikuj"},"yoast_head":"<!-- This site is optimized with the Yoast SEO plugin v27.4 - https:\/\/yoast.com\/product\/yoast-seo-wordpress\/ -->\n<title>LE TA DIJE EVROPA MBARE - TASH E MBAS S&#039;JEMI SHQIPETARE - FjALA e LIR\u00cb - Arkivi<\/title>\n<meta name=\"robots\" content=\"index, follow, max-snippet:-1, max-image-preview:large, max-video-preview:-1\" \/>\n<link rel=\"canonical\" href=\"https:\/\/fjala.info\/2009-2015\/le-ta-dije-evropa-mbare-tash-e-mbas-sjemi-shqipetare\/\" \/>\n<meta property=\"og:locale\" content=\"sq_AL\" \/>\n<meta property=\"og:type\" content=\"article\" \/>\n<meta property=\"og:title\" content=\"LE TA DIJE EVROPA MBARE - TASH E MBAS S&#039;JEMI SHQIPETARE - FjALA e LIR\u00cb - Arkivi\" \/>\n<meta property=\"og:description\" content=\"Akademik MARK KRASNIQI \/ Reagim \/ K\u00ebshtu k\u00ebndon gjeli mbaje koshit, nj\u00eb k\u00ebng\u00eb t\u00eb re t\u00eb Halil Matoshit P\u00ebr t\u00eb na zhdukur si komb, Serbia e Greqia dhe kisha ortodokse e tyre, na kan\u00eb pag\u00ebzuar me emra t\u00eb ndrysh\u00ebm e jo si shqiptar\u00eb, por si Arnaut\u00eb, Turq, Mysliman\u00eb, Jugosllav\u00eb, Arvanitas e tj., madje edhe si [&hellip;]\" \/>\n<meta property=\"og:url\" content=\"https:\/\/fjala.info\/2009-2015\/le-ta-dije-evropa-mbare-tash-e-mbas-sjemi-shqipetare\/\" \/>\n<meta property=\"og:site_name\" content=\"FjALA e LIR\u00cb - Arkivi\" \/>\n<meta property=\"article:published_time\" content=\"2012-06-13T22:20:54+00:00\" \/>\n<meta property=\"og:image\" content=\"http:\/\/www.fjala.info\/2012\/mark_krasniqi.jpg\" \/>\n<meta name=\"author\" content=\"admin\" \/>\n<meta name=\"twitter:card\" content=\"summary_large_image\" \/>\n<meta name=\"twitter:label1\" content=\"Written by\" \/>\n\t<meta name=\"twitter:data1\" content=\"admin\" \/>\n\t<meta name=\"twitter:label2\" content=\"Est. reading time\" \/>\n\t<meta name=\"twitter:data2\" content=\"15 minutes\" \/>\n<script type=\"application\/ld+json\" class=\"yoast-schema-graph\">{\"@context\":\"https:\\\/\\\/schema.org\",\"@graph\":[{\"@type\":\"Article\",\"@id\":\"https:\\\/\\\/fjala.info\\\/2009-2015\\\/le-ta-dije-evropa-mbare-tash-e-mbas-sjemi-shqipetare\\\/#article\",\"isPartOf\":{\"@id\":\"https:\\\/\\\/fjala.info\\\/2009-2015\\\/le-ta-dije-evropa-mbare-tash-e-mbas-sjemi-shqipetare\\\/\"},\"author\":{\"name\":\"admin\",\"@id\":\"https:\\\/\\\/fjala.info\\\/2009-2015\\\/#\\\/schema\\\/person\\\/3aa1163ef05469c496fc94e77611ada2\"},\"headline\":\"LE TA DIJE EVROPA MBARE &#8211; TASH E MBAS S&#8217;JEMI SHQIPETARE\",\"datePublished\":\"2012-06-13T22:20:54+00:00\",\"mainEntityOfPage\":{\"@id\":\"https:\\\/\\\/fjala.info\\\/2009-2015\\\/le-ta-dije-evropa-mbare-tash-e-mbas-sjemi-shqipetare\\\/\"},\"wordCount\":2919,\"commentCount\":0,\"publisher\":{\"@id\":\"https:\\\/\\\/fjala.info\\\/2009-2015\\\/#organization\"},\"image\":{\"@id\":\"https:\\\/\\\/fjala.info\\\/2009-2015\\\/le-ta-dije-evropa-mbare-tash-e-mbas-sjemi-shqipetare\\\/#primaryimage\"},\"thumbnailUrl\":\"http:\\\/\\\/www.fjala.info\\\/2012\\\/mark_krasniqi.jpg\",\"articleSection\":[\"Artikuj\"],\"inLanguage\":\"sq-AL\",\"potentialAction\":[{\"@type\":\"CommentAction\",\"name\":\"Comment\",\"target\":[\"https:\\\/\\\/fjala.info\\\/2009-2015\\\/le-ta-dije-evropa-mbare-tash-e-mbas-sjemi-shqipetare\\\/#respond\"]}]},{\"@type\":\"WebPage\",\"@id\":\"https:\\\/\\\/fjala.info\\\/2009-2015\\\/le-ta-dije-evropa-mbare-tash-e-mbas-sjemi-shqipetare\\\/\",\"url\":\"https:\\\/\\\/fjala.info\\\/2009-2015\\\/le-ta-dije-evropa-mbare-tash-e-mbas-sjemi-shqipetare\\\/\",\"name\":\"LE TA DIJE EVROPA MBARE - TASH E MBAS S'JEMI SHQIPETARE - FjALA e LIR\u00cb - Arkivi\",\"isPartOf\":{\"@id\":\"https:\\\/\\\/fjala.info\\\/2009-2015\\\/#website\"},\"primaryImageOfPage\":{\"@id\":\"https:\\\/\\\/fjala.info\\\/2009-2015\\\/le-ta-dije-evropa-mbare-tash-e-mbas-sjemi-shqipetare\\\/#primaryimage\"},\"image\":{\"@id\":\"https:\\\/\\\/fjala.info\\\/2009-2015\\\/le-ta-dije-evropa-mbare-tash-e-mbas-sjemi-shqipetare\\\/#primaryimage\"},\"thumbnailUrl\":\"http:\\\/\\\/www.fjala.info\\\/2012\\\/mark_krasniqi.jpg\",\"datePublished\":\"2012-06-13T22:20:54+00:00\",\"breadcrumb\":{\"@id\":\"https:\\\/\\\/fjala.info\\\/2009-2015\\\/le-ta-dije-evropa-mbare-tash-e-mbas-sjemi-shqipetare\\\/#breadcrumb\"},\"inLanguage\":\"sq-AL\",\"potentialAction\":[{\"@type\":\"ReadAction\",\"target\":[\"https:\\\/\\\/fjala.info\\\/2009-2015\\\/le-ta-dije-evropa-mbare-tash-e-mbas-sjemi-shqipetare\\\/\"]}]},{\"@type\":\"ImageObject\",\"inLanguage\":\"sq-AL\",\"@id\":\"https:\\\/\\\/fjala.info\\\/2009-2015\\\/le-ta-dije-evropa-mbare-tash-e-mbas-sjemi-shqipetare\\\/#primaryimage\",\"url\":\"http:\\\/\\\/www.fjala.info\\\/2012\\\/mark_krasniqi.jpg\",\"contentUrl\":\"http:\\\/\\\/www.fjala.info\\\/2012\\\/mark_krasniqi.jpg\"},{\"@type\":\"BreadcrumbList\",\"@id\":\"https:\\\/\\\/fjala.info\\\/2009-2015\\\/le-ta-dije-evropa-mbare-tash-e-mbas-sjemi-shqipetare\\\/#breadcrumb\",\"itemListElement\":[{\"@type\":\"ListItem\",\"position\":1,\"name\":\"Home\",\"item\":\"https:\\\/\\\/fjala.info\\\/2009-2015\\\/\"},{\"@type\":\"ListItem\",\"position\":2,\"name\":\"LE TA DIJE EVROPA MBARE &#8211; TASH E MBAS S&#8217;JEMI SHQIPETARE\"}]},{\"@type\":\"WebSite\",\"@id\":\"https:\\\/\\\/fjala.info\\\/2009-2015\\\/#website\",\"url\":\"https:\\\/\\\/fjala.info\\\/2009-2015\\\/\",\"name\":\"FjALA e LIR\u00cb - Arkivi\",\"description\":\"Arkivi 2009-2015\",\"publisher\":{\"@id\":\"https:\\\/\\\/fjala.info\\\/2009-2015\\\/#organization\"},\"potentialAction\":[{\"@type\":\"SearchAction\",\"target\":{\"@type\":\"EntryPoint\",\"urlTemplate\":\"https:\\\/\\\/fjala.info\\\/2009-2015\\\/?s={search_term_string}\"},\"query-input\":{\"@type\":\"PropertyValueSpecification\",\"valueRequired\":true,\"valueName\":\"search_term_string\"}}],\"inLanguage\":\"sq-AL\"},{\"@type\":\"Organization\",\"@id\":\"https:\\\/\\\/fjala.info\\\/2009-2015\\\/#organization\",\"name\":\"FjALA e LIR\u00cb - Arkivi\",\"url\":\"https:\\\/\\\/fjala.info\\\/2009-2015\\\/\",\"logo\":{\"@type\":\"ImageObject\",\"inLanguage\":\"sq-AL\",\"@id\":\"https:\\\/\\\/fjala.info\\\/2009-2015\\\/#\\\/schema\\\/logo\\\/image\\\/\",\"url\":\"\",\"contentUrl\":\"\",\"caption\":\"FjALA e LIR\u00cb - Arkivi\"},\"image\":{\"@id\":\"https:\\\/\\\/fjala.info\\\/2009-2015\\\/#\\\/schema\\\/logo\\\/image\\\/\"}},{\"@type\":\"Person\",\"@id\":\"https:\\\/\\\/fjala.info\\\/2009-2015\\\/#\\\/schema\\\/person\\\/3aa1163ef05469c496fc94e77611ada2\",\"name\":\"admin\",\"image\":{\"@type\":\"ImageObject\",\"inLanguage\":\"sq-AL\",\"@id\":\"https:\\\/\\\/fjala.info\\\/2009-2015\\\/wp-content\\\/uploads\\\/2012\\\/02\\\/arben_cokaj-120x150.jpg\",\"url\":\"https:\\\/\\\/fjala.info\\\/2009-2015\\\/wp-content\\\/uploads\\\/2012\\\/02\\\/arben_cokaj-120x150.jpg\",\"contentUrl\":\"https:\\\/\\\/fjala.info\\\/2009-2015\\\/wp-content\\\/uploads\\\/2012\\\/02\\\/arben_cokaj-120x150.jpg\",\"caption\":\"admin\"},\"description\":\"Admin, Fjala e Lir\u00eb\",\"sameAs\":[\"https:\\\/\\\/fjala.info\\\/\"],\"url\":\"https:\\\/\\\/fjala.info\\\/2009-2015\\\/author\\\/admin\\\/\"}]}<\/script>\n<!-- \/ Yoast SEO plugin. -->","yoast_head_json":{"title":"LE TA DIJE EVROPA MBARE - TASH E MBAS S'JEMI SHQIPETARE - FjALA e LIR\u00cb - Arkivi","robots":{"index":"index","follow":"follow","max-snippet":"max-snippet:-1","max-image-preview":"max-image-preview:large","max-video-preview":"max-video-preview:-1"},"canonical":"https:\/\/fjala.info\/2009-2015\/le-ta-dije-evropa-mbare-tash-e-mbas-sjemi-shqipetare\/","og_locale":"sq_AL","og_type":"article","og_title":"LE TA DIJE EVROPA MBARE - TASH E MBAS S'JEMI SHQIPETARE - FjALA e LIR\u00cb - Arkivi","og_description":"Akademik MARK KRASNIQI \/ Reagim \/ K\u00ebshtu k\u00ebndon gjeli mbaje koshit, nj\u00eb k\u00ebng\u00eb t\u00eb re t\u00eb Halil Matoshit P\u00ebr t\u00eb na zhdukur si komb, Serbia e Greqia dhe kisha ortodokse e tyre, na kan\u00eb pag\u00ebzuar me emra t\u00eb ndrysh\u00ebm e jo si shqiptar\u00eb, por si Arnaut\u00eb, Turq, Mysliman\u00eb, Jugosllav\u00eb, Arvanitas e tj., madje edhe si [&hellip;]","og_url":"https:\/\/fjala.info\/2009-2015\/le-ta-dije-evropa-mbare-tash-e-mbas-sjemi-shqipetare\/","og_site_name":"FjALA e LIR\u00cb - Arkivi","article_published_time":"2012-06-13T22:20:54+00:00","og_image":[{"url":"http:\/\/www.fjala.info\/2012\/mark_krasniqi.jpg","type":"","width":"","height":""}],"author":"admin","twitter_card":"summary_large_image","twitter_misc":{"Written by":"admin","Est. reading time":"15 minutes"},"schema":{"@context":"https:\/\/schema.org","@graph":[{"@type":"Article","@id":"https:\/\/fjala.info\/2009-2015\/le-ta-dije-evropa-mbare-tash-e-mbas-sjemi-shqipetare\/#article","isPartOf":{"@id":"https:\/\/fjala.info\/2009-2015\/le-ta-dije-evropa-mbare-tash-e-mbas-sjemi-shqipetare\/"},"author":{"name":"admin","@id":"https:\/\/fjala.info\/2009-2015\/#\/schema\/person\/3aa1163ef05469c496fc94e77611ada2"},"headline":"LE TA DIJE EVROPA MBARE &#8211; TASH E MBAS S&#8217;JEMI SHQIPETARE","datePublished":"2012-06-13T22:20:54+00:00","mainEntityOfPage":{"@id":"https:\/\/fjala.info\/2009-2015\/le-ta-dije-evropa-mbare-tash-e-mbas-sjemi-shqipetare\/"},"wordCount":2919,"commentCount":0,"publisher":{"@id":"https:\/\/fjala.info\/2009-2015\/#organization"},"image":{"@id":"https:\/\/fjala.info\/2009-2015\/le-ta-dije-evropa-mbare-tash-e-mbas-sjemi-shqipetare\/#primaryimage"},"thumbnailUrl":"http:\/\/www.fjala.info\/2012\/mark_krasniqi.jpg","articleSection":["Artikuj"],"inLanguage":"sq-AL","potentialAction":[{"@type":"CommentAction","name":"Comment","target":["https:\/\/fjala.info\/2009-2015\/le-ta-dije-evropa-mbare-tash-e-mbas-sjemi-shqipetare\/#respond"]}]},{"@type":"WebPage","@id":"https:\/\/fjala.info\/2009-2015\/le-ta-dije-evropa-mbare-tash-e-mbas-sjemi-shqipetare\/","url":"https:\/\/fjala.info\/2009-2015\/le-ta-dije-evropa-mbare-tash-e-mbas-sjemi-shqipetare\/","name":"LE TA DIJE EVROPA MBARE - TASH E MBAS S'JEMI SHQIPETARE - FjALA e LIR\u00cb - Arkivi","isPartOf":{"@id":"https:\/\/fjala.info\/2009-2015\/#website"},"primaryImageOfPage":{"@id":"https:\/\/fjala.info\/2009-2015\/le-ta-dije-evropa-mbare-tash-e-mbas-sjemi-shqipetare\/#primaryimage"},"image":{"@id":"https:\/\/fjala.info\/2009-2015\/le-ta-dije-evropa-mbare-tash-e-mbas-sjemi-shqipetare\/#primaryimage"},"thumbnailUrl":"http:\/\/www.fjala.info\/2012\/mark_krasniqi.jpg","datePublished":"2012-06-13T22:20:54+00:00","breadcrumb":{"@id":"https:\/\/fjala.info\/2009-2015\/le-ta-dije-evropa-mbare-tash-e-mbas-sjemi-shqipetare\/#breadcrumb"},"inLanguage":"sq-AL","potentialAction":[{"@type":"ReadAction","target":["https:\/\/fjala.info\/2009-2015\/le-ta-dije-evropa-mbare-tash-e-mbas-sjemi-shqipetare\/"]}]},{"@type":"ImageObject","inLanguage":"sq-AL","@id":"https:\/\/fjala.info\/2009-2015\/le-ta-dije-evropa-mbare-tash-e-mbas-sjemi-shqipetare\/#primaryimage","url":"http:\/\/www.fjala.info\/2012\/mark_krasniqi.jpg","contentUrl":"http:\/\/www.fjala.info\/2012\/mark_krasniqi.jpg"},{"@type":"BreadcrumbList","@id":"https:\/\/fjala.info\/2009-2015\/le-ta-dije-evropa-mbare-tash-e-mbas-sjemi-shqipetare\/#breadcrumb","itemListElement":[{"@type":"ListItem","position":1,"name":"Home","item":"https:\/\/fjala.info\/2009-2015\/"},{"@type":"ListItem","position":2,"name":"LE TA DIJE EVROPA MBARE &#8211; TASH E MBAS S&#8217;JEMI SHQIPETARE"}]},{"@type":"WebSite","@id":"https:\/\/fjala.info\/2009-2015\/#website","url":"https:\/\/fjala.info\/2009-2015\/","name":"FjALA e LIR\u00cb - Arkivi","description":"Arkivi 2009-2015","publisher":{"@id":"https:\/\/fjala.info\/2009-2015\/#organization"},"potentialAction":[{"@type":"SearchAction","target":{"@type":"EntryPoint","urlTemplate":"https:\/\/fjala.info\/2009-2015\/?s={search_term_string}"},"query-input":{"@type":"PropertyValueSpecification","valueRequired":true,"valueName":"search_term_string"}}],"inLanguage":"sq-AL"},{"@type":"Organization","@id":"https:\/\/fjala.info\/2009-2015\/#organization","name":"FjALA e LIR\u00cb - Arkivi","url":"https:\/\/fjala.info\/2009-2015\/","logo":{"@type":"ImageObject","inLanguage":"sq-AL","@id":"https:\/\/fjala.info\/2009-2015\/#\/schema\/logo\/image\/","url":"","contentUrl":"","caption":"FjALA e LIR\u00cb - Arkivi"},"image":{"@id":"https:\/\/fjala.info\/2009-2015\/#\/schema\/logo\/image\/"}},{"@type":"Person","@id":"https:\/\/fjala.info\/2009-2015\/#\/schema\/person\/3aa1163ef05469c496fc94e77611ada2","name":"admin","image":{"@type":"ImageObject","inLanguage":"sq-AL","@id":"https:\/\/fjala.info\/2009-2015\/wp-content\/uploads\/2012\/02\/arben_cokaj-120x150.jpg","url":"https:\/\/fjala.info\/2009-2015\/wp-content\/uploads\/2012\/02\/arben_cokaj-120x150.jpg","contentUrl":"https:\/\/fjala.info\/2009-2015\/wp-content\/uploads\/2012\/02\/arben_cokaj-120x150.jpg","caption":"admin"},"description":"Admin, Fjala e Lir\u00eb","sameAs":["https:\/\/fjala.info\/"],"url":"https:\/\/fjala.info\/2009-2015\/author\/admin\/"}]}},"_links":{"self":[{"href":"https:\/\/fjala.info\/2009-2015\/wp-json\/wp\/v2\/posts\/11883","targetHints":{"allow":["GET"]}}],"collection":[{"href":"https:\/\/fjala.info\/2009-2015\/wp-json\/wp\/v2\/posts"}],"about":[{"href":"https:\/\/fjala.info\/2009-2015\/wp-json\/wp\/v2\/types\/post"}],"author":[{"embeddable":true,"href":"https:\/\/fjala.info\/2009-2015\/wp-json\/wp\/v2\/users\/1"}],"replies":[{"embeddable":true,"href":"https:\/\/fjala.info\/2009-2015\/wp-json\/wp\/v2\/comments?post=11883"}],"version-history":[{"count":0,"href":"https:\/\/fjala.info\/2009-2015\/wp-json\/wp\/v2\/posts\/11883\/revisions"}],"wp:attachment":[{"href":"https:\/\/fjala.info\/2009-2015\/wp-json\/wp\/v2\/media?parent=11883"}],"wp:term":[{"taxonomy":"category","embeddable":true,"href":"https:\/\/fjala.info\/2009-2015\/wp-json\/wp\/v2\/categories?post=11883"},{"taxonomy":"post_tag","embeddable":true,"href":"https:\/\/fjala.info\/2009-2015\/wp-json\/wp\/v2\/tags?post=11883"}],"curies":[{"name":"wp","href":"https:\/\/api.w.org\/{rel}","templated":true}]}}