{"id":11881,"date":"2012-06-12T23:47:24","date_gmt":"2012-06-12T22:47:24","guid":{"rendered":"http:\/\/www.fjala.info\/?p=3260"},"modified":"2012-06-12T23:47:24","modified_gmt":"2012-06-12T22:47:24","slug":"loja-e-metes-ne-zgjedhjen-e-presidentit","status":"publish","type":"post","link":"https:\/\/fjala.info\/2009-2015\/loja-e-metes-ne-zgjedhjen-e-presidentit\/","title":{"rendered":"Loja e Met\u00ebs n\u00eb zgjedhjen e Presidentit"},"content":{"rendered":"<p><img decoding=\"async\" class=\"alignright size-thumbnail wp-image-7236\" title=\"P\u00ebllumb Xhufi\" src=\"http:\/\/www.fjala.info\/2012\/pellumb_xhufi.jpg\" alt=\"\" width=\"150\" \/> <strong>P\u00ebllumb Xhufi<\/strong><\/p>\n<p>N\u00ebse i referohem nj\u00eb pamjeje televizive nga takimi i fundit t\u00eb krer\u00ebve t\u00eb partive parlamentare, p\u00ebr dit\u00eb t\u00eb diel, m\u00eb duhet t\u00eb them q\u00eb sjellja e z. Meta ishte nj\u00eb sjellje prej gaztori. Besoj se ju kujtohet se si zg\u00ebrdhihej p\u00ebrpara kamerave, si p\u00ebr t\u00eb treguar se ai \u00ebsht\u00eb aq i madh, aq i r\u00ebnd\u00eb, saq\u00eb p\u00ebrpara madh\u00ebshtis\u00eb s\u00eb tij edhe ky akt solemn i zgjedhjes s\u00eb kreut t\u00eb shtetit shqiptar nuk meriton t\u00eb trajtohet ve\u00e7se si nj\u00eb komedi groteske. Sigurisht, z. Meta nuk \u00ebsht\u00eb i vetmi nd\u00ebr politikan\u00ebt tan\u00eb q\u00eb tallen me figur\u00ebn e Presidentit t\u00eb Republik\u00ebs. Por ai \u00ebsht\u00eb m\u00eb konsistenti.<\/p>\n<p>Me t\u00eb nj\u00ebjtin ciniz\u00ebm ai i ka p\u00ebrdhosur zgjedhjet presidenciale edhe n\u00eb 2002, edhe n\u00eb 2007, kur ndjehej gjigant duke \u201cprodhuar\u201d president\u00eb pambarim, nga nj\u00eb n\u00eb \u00e7do or\u00eb. Kjo sjellje prej gaztori me postin e Presidentit ka rr\u00ebzuar n\u00eb m\u00ebnyr\u00eb t\u00eb parikuperueshme mitin e z. Meta si nj\u00eb burr\u00eb shteti i p\u00ebrgjegjsh\u00ebm, mbi t\u00eb cilin mit u mb\u00ebshtet edhe karriera e shpejt\u00eb e tij politike. Dhe me k\u00ebt\u00eb, ka mbaruar edhe politikani Meta, i cili nuk kishte \u00e7\u2019ti ofronte tjet\u00ebr politik\u00ebs shqiptare. \u201cLoja\u201d me president i ka interesuar Met\u00ebs si nj\u00eb rast p\u00ebr t\u00eb b\u00ebr\u00eb diversion tek kund\u00ebrshtar\u00ebt e p\u00ebr t\u2019i hutuar ata me bresh\u00ebrin\u00eb e kandidaturave t\u00eb tij. Pamja e politikan\u00ebve dhe e gazetar\u00ebve t\u00eb hutuar, q\u00eb rendin pas emrave t\u00eb bresh\u00ebruar nga ai vet\u00eb, shkakton nj\u00eb k\u00ebnaq\u00ebsi t\u00eb \u00e7uditshme, patologjike tek ai.<\/p>\n<p>Por kjo \u00ebsht\u00eb vet\u00ebm nj\u00ebra an\u00eb, m\u00eb e dukshmja dhe m\u00eb e sh\u00ebmtuara e \u201cqasjes presidenciale\u201d t\u00eb z. Meta. N\u00eb nj\u00eb tjet\u00ebr v\u00ebshtrim, Z. Meta ka dashur ta kthej\u00eb \u00e7do rast t\u00eb zgjedhjes s\u00eb presidentit n\u00eb nj\u00eb moment p\u00ebr faktorizimin e vet, gjithnj\u00eb n\u00eb funksion t\u00eb realizimit t\u00eb \u00ebndrr\u00ebs s\u00eb vet kryeministrore. N\u00ebse do t\u2019i ofrohej t\u00eb zgjidhte midis nj\u00eb mandati nj\u00eb vje\u00e7ar kryeministror dhe nj\u00eb mandati t\u00eb p\u00ebrjetsh\u00ebm presidencial, ai pa dyshim do zgjidhte t\u00eb parin. \u00c7\u00ebshtje \u201cpragmatizmi\u201d. Gjithsesi, k\u00ebsaj radhe, qasja e tij ndaj procesit t\u00eb zgjedhjes s\u00eb presidentit t\u00eb ardhsh\u00ebm ka qen\u00eb m\u00eb p\u00ebrfshir\u00ebse e m\u00eb komplekse.<\/p>\n<p>U mundua, sigurisht, t\u00eb nd\u00ebrtoj\u00eb profilin e nj\u00eb \u201cintegruesi\u201d, t\u00eb nj\u00eb nd\u00ebrtuesi t\u00eb konsensusit p\u00ebr nj\u00eb president, q\u00eb do t\u00eb favorizonte marrjen e statusit kandidat, pra t\u00eb zgjedhur bashkarisht nga qeveria dhe opozita. Por kjo qe nj\u00eb loj\u00eb, sa p\u00ebr t\u00eb t\u00ebrhequr opozit\u00ebn n\u00eb nj\u00eb proces fiktiv. Pas d\u00ebshtimit t\u00eb tentativ\u00ebs s\u00eb par\u00eb, z. Meta u t\u00ebrhoq menj\u00ebher\u00eb n\u00eb folen\u00eb e tij, dmth. t\u00eb Berish\u00ebs, i cili gjithsesi, i la mund\u00ebsin\u00eb q\u00eb t\u00eb vazhdonte t\u00eb ushtronte sportin e preferuar t\u00eb propozimit t\u00eb kandidaturave presidenciale. K\u00ebtu vlen t\u00eb b\u00ebhet nj\u00eb konstatim tjet\u00ebr.<\/p>\n<p>Kandidaturat e sjellura prej tij nuk duken t\u00eb jen\u00eb pa lidhje me problematikat e tij personale. Z. Meta \u00ebsht\u00eb p\u00ebrfolur fort p\u00ebr rolin e tij n\u00eb gatimin e marr\u00ebveshjes s\u00eb ndarjes s\u00eb detit me Greqin\u00eb, p\u00ebr afera t\u00eb r\u00ebnda korruptive, p\u00ebr lidhje afariste, e jo vet\u00ebm, me mjedise t\u00eb dyshimta sllavoserbe. N\u00eb k\u00ebt\u00eb v\u00ebshtrim, kandidaturat e prodhuara apo t\u00eb mb\u00ebshtetura prej tij, jan\u00eb persona q\u00eb p\u00ebr profilin q\u00eb kan\u00eb dhe aktivitetin profesional t\u00eb tyre, me siguri \u201ckan\u00eb dijeni\u201d p\u00ebr \u00e7\u00ebshtjet n\u00eb fjal\u00eb.<\/p>\n<p>Ashtu si\u00e7 duhet t\u00eb ket\u00eb, n\u00eb cil\u00ebsin\u00eb e Ministrit t\u00eb Brendsh\u00ebm e t\u00eb ish-Ministrit t\u00eb Drejt\u00ebsis\u00eb, edhe presidenti i ri, z. Nishani, t\u00eb cilin gjithashtu z. Meta e mb\u00ebshteti fort, pa \u00e7ka se shkelte mbi deklaratat solemne t\u00eb tij, se nuk do t\u00eb votonte nj\u00eb president politik e shprehje ekskluzive t\u00eb shumic\u00ebs. Pra, z. Meta u gajas s\u00eb rishmi. Pas k\u00ebtij \u201ckopilll\u00ebku\u201d t\u00eb ri t\u00eb tij, midis shum\u00eb rebuseve t\u00eb tjer\u00eb t\u00eb politik\u00ebs shqiptare, mbetet p\u00ebr t\u2019u par\u00eb edhe cili do t\u00eb jet\u00eb n\u00eb t\u00eb ardhmen raporti i z. Meta me shqiptar\u00ebt, me opozit\u00ebn dhe me partner\u00ebt nd\u00ebrkomb\u00ebtar\u00eb. Do t\u00eb ishte nj\u00eb tregues shum\u00eb i vlefsh\u00ebm edhe p\u00ebr t\u00eb matur nivelin e budallall\u00ebkut t\u00eb t\u00eb mashtruarve t\u00eb radh\u00ebs.<\/p>\n","protected":false},"excerpt":{"rendered":"<p>P\u00ebllumb Xhufi N\u00ebse i referohem nj\u00eb pamjeje televizive nga takimi i fundit t\u00eb krer\u00ebve t\u00eb partive parlamentare, p\u00ebr dit\u00eb t\u00eb diel, m\u00eb duhet t\u00eb them q\u00eb sjellja e z. Meta ishte nj\u00eb sjellje prej gaztori. Besoj se ju kujtohet se si zg\u00ebrdhihej p\u00ebrpara kamerave, si p\u00ebr t\u00eb treguar se ai \u00ebsht\u00eb aq i madh, aq [&hellip;]<\/p>\n","protected":false},"author":1,"featured_media":0,"comment_status":"open","ping_status":"closed","sticky":false,"template":"","format":"standard","meta":{"footnotes":""},"categories":[2],"tags":[],"class_list":{"0":"post-11881","1":"post","2":"type-post","3":"status-publish","4":"format-standard","6":"category-artikuj"},"yoast_head":"<!-- This site is optimized with the Yoast SEO plugin v27.4 - https:\/\/yoast.com\/product\/yoast-seo-wordpress\/ -->\n<title>Loja e Met\u00ebs n\u00eb zgjedhjen e Presidentit - FjALA e LIR\u00cb - Arkivi<\/title>\n<meta name=\"robots\" content=\"index, follow, max-snippet:-1, max-image-preview:large, max-video-preview:-1\" \/>\n<link rel=\"canonical\" href=\"https:\/\/fjala.info\/2009-2015\/loja-e-metes-ne-zgjedhjen-e-presidentit\/\" \/>\n<meta property=\"og:locale\" content=\"sq_AL\" \/>\n<meta property=\"og:type\" content=\"article\" \/>\n<meta property=\"og:title\" content=\"Loja e Met\u00ebs n\u00eb zgjedhjen e Presidentit - FjALA e LIR\u00cb - Arkivi\" \/>\n<meta property=\"og:description\" content=\"P\u00ebllumb Xhufi N\u00ebse i referohem nj\u00eb pamjeje televizive nga takimi i fundit t\u00eb krer\u00ebve t\u00eb partive parlamentare, p\u00ebr dit\u00eb t\u00eb diel, m\u00eb duhet t\u00eb them q\u00eb sjellja e z. Meta ishte nj\u00eb sjellje prej gaztori. Besoj se ju kujtohet se si zg\u00ebrdhihej p\u00ebrpara kamerave, si p\u00ebr t\u00eb treguar se ai \u00ebsht\u00eb aq i madh, aq [&hellip;]\" \/>\n<meta property=\"og:url\" content=\"https:\/\/fjala.info\/2009-2015\/loja-e-metes-ne-zgjedhjen-e-presidentit\/\" \/>\n<meta property=\"og:site_name\" content=\"FjALA e LIR\u00cb - Arkivi\" \/>\n<meta property=\"article:published_time\" content=\"2012-06-12T22:47:24+00:00\" \/>\n<meta property=\"og:image\" content=\"http:\/\/www.fjala.info\/2012\/pellumb_xhufi.jpg\" \/>\n<meta name=\"author\" content=\"admin\" \/>\n<meta name=\"twitter:card\" content=\"summary_large_image\" \/>\n<meta name=\"twitter:label1\" content=\"Written by\" \/>\n\t<meta name=\"twitter:data1\" content=\"admin\" \/>\n\t<meta name=\"twitter:label2\" content=\"Est. reading time\" \/>\n\t<meta name=\"twitter:data2\" content=\"4 minutes\" \/>\n<script type=\"application\/ld+json\" class=\"yoast-schema-graph\">{\"@context\":\"https:\\\/\\\/schema.org\",\"@graph\":[{\"@type\":\"Article\",\"@id\":\"https:\\\/\\\/fjala.info\\\/2009-2015\\\/loja-e-metes-ne-zgjedhjen-e-presidentit\\\/#article\",\"isPartOf\":{\"@id\":\"https:\\\/\\\/fjala.info\\\/2009-2015\\\/loja-e-metes-ne-zgjedhjen-e-presidentit\\\/\"},\"author\":{\"name\":\"admin\",\"@id\":\"https:\\\/\\\/fjala.info\\\/2009-2015\\\/#\\\/schema\\\/person\\\/3aa1163ef05469c496fc94e77611ada2\"},\"headline\":\"Loja e Met\u00ebs n\u00eb zgjedhjen e Presidentit\",\"datePublished\":\"2012-06-12T22:47:24+00:00\",\"mainEntityOfPage\":{\"@id\":\"https:\\\/\\\/fjala.info\\\/2009-2015\\\/loja-e-metes-ne-zgjedhjen-e-presidentit\\\/\"},\"wordCount\":737,\"commentCount\":0,\"publisher\":{\"@id\":\"https:\\\/\\\/fjala.info\\\/2009-2015\\\/#organization\"},\"image\":{\"@id\":\"https:\\\/\\\/fjala.info\\\/2009-2015\\\/loja-e-metes-ne-zgjedhjen-e-presidentit\\\/#primaryimage\"},\"thumbnailUrl\":\"http:\\\/\\\/www.fjala.info\\\/2012\\\/pellumb_xhufi.jpg\",\"articleSection\":[\"Artikuj\"],\"inLanguage\":\"sq-AL\",\"potentialAction\":[{\"@type\":\"CommentAction\",\"name\":\"Comment\",\"target\":[\"https:\\\/\\\/fjala.info\\\/2009-2015\\\/loja-e-metes-ne-zgjedhjen-e-presidentit\\\/#respond\"]}]},{\"@type\":\"WebPage\",\"@id\":\"https:\\\/\\\/fjala.info\\\/2009-2015\\\/loja-e-metes-ne-zgjedhjen-e-presidentit\\\/\",\"url\":\"https:\\\/\\\/fjala.info\\\/2009-2015\\\/loja-e-metes-ne-zgjedhjen-e-presidentit\\\/\",\"name\":\"Loja e Met\u00ebs n\u00eb zgjedhjen e Presidentit - FjALA e LIR\u00cb - Arkivi\",\"isPartOf\":{\"@id\":\"https:\\\/\\\/fjala.info\\\/2009-2015\\\/#website\"},\"primaryImageOfPage\":{\"@id\":\"https:\\\/\\\/fjala.info\\\/2009-2015\\\/loja-e-metes-ne-zgjedhjen-e-presidentit\\\/#primaryimage\"},\"image\":{\"@id\":\"https:\\\/\\\/fjala.info\\\/2009-2015\\\/loja-e-metes-ne-zgjedhjen-e-presidentit\\\/#primaryimage\"},\"thumbnailUrl\":\"http:\\\/\\\/www.fjala.info\\\/2012\\\/pellumb_xhufi.jpg\",\"datePublished\":\"2012-06-12T22:47:24+00:00\",\"breadcrumb\":{\"@id\":\"https:\\\/\\\/fjala.info\\\/2009-2015\\\/loja-e-metes-ne-zgjedhjen-e-presidentit\\\/#breadcrumb\"},\"inLanguage\":\"sq-AL\",\"potentialAction\":[{\"@type\":\"ReadAction\",\"target\":[\"https:\\\/\\\/fjala.info\\\/2009-2015\\\/loja-e-metes-ne-zgjedhjen-e-presidentit\\\/\"]}]},{\"@type\":\"ImageObject\",\"inLanguage\":\"sq-AL\",\"@id\":\"https:\\\/\\\/fjala.info\\\/2009-2015\\\/loja-e-metes-ne-zgjedhjen-e-presidentit\\\/#primaryimage\",\"url\":\"http:\\\/\\\/www.fjala.info\\\/2012\\\/pellumb_xhufi.jpg\",\"contentUrl\":\"http:\\\/\\\/www.fjala.info\\\/2012\\\/pellumb_xhufi.jpg\"},{\"@type\":\"BreadcrumbList\",\"@id\":\"https:\\\/\\\/fjala.info\\\/2009-2015\\\/loja-e-metes-ne-zgjedhjen-e-presidentit\\\/#breadcrumb\",\"itemListElement\":[{\"@type\":\"ListItem\",\"position\":1,\"name\":\"Home\",\"item\":\"https:\\\/\\\/fjala.info\\\/2009-2015\\\/\"},{\"@type\":\"ListItem\",\"position\":2,\"name\":\"Loja e Met\u00ebs n\u00eb zgjedhjen e Presidentit\"}]},{\"@type\":\"WebSite\",\"@id\":\"https:\\\/\\\/fjala.info\\\/2009-2015\\\/#website\",\"url\":\"https:\\\/\\\/fjala.info\\\/2009-2015\\\/\",\"name\":\"FjALA e LIR\u00cb - Arkivi\",\"description\":\"Arkivi 2009-2015\",\"publisher\":{\"@id\":\"https:\\\/\\\/fjala.info\\\/2009-2015\\\/#organization\"},\"potentialAction\":[{\"@type\":\"SearchAction\",\"target\":{\"@type\":\"EntryPoint\",\"urlTemplate\":\"https:\\\/\\\/fjala.info\\\/2009-2015\\\/?s={search_term_string}\"},\"query-input\":{\"@type\":\"PropertyValueSpecification\",\"valueRequired\":true,\"valueName\":\"search_term_string\"}}],\"inLanguage\":\"sq-AL\"},{\"@type\":\"Organization\",\"@id\":\"https:\\\/\\\/fjala.info\\\/2009-2015\\\/#organization\",\"name\":\"FjALA e LIR\u00cb - Arkivi\",\"url\":\"https:\\\/\\\/fjala.info\\\/2009-2015\\\/\",\"logo\":{\"@type\":\"ImageObject\",\"inLanguage\":\"sq-AL\",\"@id\":\"https:\\\/\\\/fjala.info\\\/2009-2015\\\/#\\\/schema\\\/logo\\\/image\\\/\",\"url\":\"\",\"contentUrl\":\"\",\"caption\":\"FjALA e LIR\u00cb - Arkivi\"},\"image\":{\"@id\":\"https:\\\/\\\/fjala.info\\\/2009-2015\\\/#\\\/schema\\\/logo\\\/image\\\/\"}},{\"@type\":\"Person\",\"@id\":\"https:\\\/\\\/fjala.info\\\/2009-2015\\\/#\\\/schema\\\/person\\\/3aa1163ef05469c496fc94e77611ada2\",\"name\":\"admin\",\"image\":{\"@type\":\"ImageObject\",\"inLanguage\":\"sq-AL\",\"@id\":\"https:\\\/\\\/fjala.info\\\/2009-2015\\\/wp-content\\\/uploads\\\/2012\\\/02\\\/arben_cokaj-120x150.jpg\",\"url\":\"https:\\\/\\\/fjala.info\\\/2009-2015\\\/wp-content\\\/uploads\\\/2012\\\/02\\\/arben_cokaj-120x150.jpg\",\"contentUrl\":\"https:\\\/\\\/fjala.info\\\/2009-2015\\\/wp-content\\\/uploads\\\/2012\\\/02\\\/arben_cokaj-120x150.jpg\",\"caption\":\"admin\"},\"description\":\"Admin, Fjala e Lir\u00eb\",\"sameAs\":[\"https:\\\/\\\/fjala.info\\\/\"],\"url\":\"https:\\\/\\\/fjala.info\\\/2009-2015\\\/author\\\/admin\\\/\"}]}<\/script>\n<!-- \/ Yoast SEO plugin. -->","yoast_head_json":{"title":"Loja e Met\u00ebs n\u00eb zgjedhjen e Presidentit - FjALA e LIR\u00cb - Arkivi","robots":{"index":"index","follow":"follow","max-snippet":"max-snippet:-1","max-image-preview":"max-image-preview:large","max-video-preview":"max-video-preview:-1"},"canonical":"https:\/\/fjala.info\/2009-2015\/loja-e-metes-ne-zgjedhjen-e-presidentit\/","og_locale":"sq_AL","og_type":"article","og_title":"Loja e Met\u00ebs n\u00eb zgjedhjen e Presidentit - FjALA e LIR\u00cb - Arkivi","og_description":"P\u00ebllumb Xhufi N\u00ebse i referohem nj\u00eb pamjeje televizive nga takimi i fundit t\u00eb krer\u00ebve t\u00eb partive parlamentare, p\u00ebr dit\u00eb t\u00eb diel, m\u00eb duhet t\u00eb them q\u00eb sjellja e z. Meta ishte nj\u00eb sjellje prej gaztori. Besoj se ju kujtohet se si zg\u00ebrdhihej p\u00ebrpara kamerave, si p\u00ebr t\u00eb treguar se ai \u00ebsht\u00eb aq i madh, aq [&hellip;]","og_url":"https:\/\/fjala.info\/2009-2015\/loja-e-metes-ne-zgjedhjen-e-presidentit\/","og_site_name":"FjALA e LIR\u00cb - Arkivi","article_published_time":"2012-06-12T22:47:24+00:00","og_image":[{"url":"http:\/\/www.fjala.info\/2012\/pellumb_xhufi.jpg","type":"","width":"","height":""}],"author":"admin","twitter_card":"summary_large_image","twitter_misc":{"Written by":"admin","Est. reading time":"4 minutes"},"schema":{"@context":"https:\/\/schema.org","@graph":[{"@type":"Article","@id":"https:\/\/fjala.info\/2009-2015\/loja-e-metes-ne-zgjedhjen-e-presidentit\/#article","isPartOf":{"@id":"https:\/\/fjala.info\/2009-2015\/loja-e-metes-ne-zgjedhjen-e-presidentit\/"},"author":{"name":"admin","@id":"https:\/\/fjala.info\/2009-2015\/#\/schema\/person\/3aa1163ef05469c496fc94e77611ada2"},"headline":"Loja e Met\u00ebs n\u00eb zgjedhjen e Presidentit","datePublished":"2012-06-12T22:47:24+00:00","mainEntityOfPage":{"@id":"https:\/\/fjala.info\/2009-2015\/loja-e-metes-ne-zgjedhjen-e-presidentit\/"},"wordCount":737,"commentCount":0,"publisher":{"@id":"https:\/\/fjala.info\/2009-2015\/#organization"},"image":{"@id":"https:\/\/fjala.info\/2009-2015\/loja-e-metes-ne-zgjedhjen-e-presidentit\/#primaryimage"},"thumbnailUrl":"http:\/\/www.fjala.info\/2012\/pellumb_xhufi.jpg","articleSection":["Artikuj"],"inLanguage":"sq-AL","potentialAction":[{"@type":"CommentAction","name":"Comment","target":["https:\/\/fjala.info\/2009-2015\/loja-e-metes-ne-zgjedhjen-e-presidentit\/#respond"]}]},{"@type":"WebPage","@id":"https:\/\/fjala.info\/2009-2015\/loja-e-metes-ne-zgjedhjen-e-presidentit\/","url":"https:\/\/fjala.info\/2009-2015\/loja-e-metes-ne-zgjedhjen-e-presidentit\/","name":"Loja e Met\u00ebs n\u00eb zgjedhjen e Presidentit - FjALA e LIR\u00cb - Arkivi","isPartOf":{"@id":"https:\/\/fjala.info\/2009-2015\/#website"},"primaryImageOfPage":{"@id":"https:\/\/fjala.info\/2009-2015\/loja-e-metes-ne-zgjedhjen-e-presidentit\/#primaryimage"},"image":{"@id":"https:\/\/fjala.info\/2009-2015\/loja-e-metes-ne-zgjedhjen-e-presidentit\/#primaryimage"},"thumbnailUrl":"http:\/\/www.fjala.info\/2012\/pellumb_xhufi.jpg","datePublished":"2012-06-12T22:47:24+00:00","breadcrumb":{"@id":"https:\/\/fjala.info\/2009-2015\/loja-e-metes-ne-zgjedhjen-e-presidentit\/#breadcrumb"},"inLanguage":"sq-AL","potentialAction":[{"@type":"ReadAction","target":["https:\/\/fjala.info\/2009-2015\/loja-e-metes-ne-zgjedhjen-e-presidentit\/"]}]},{"@type":"ImageObject","inLanguage":"sq-AL","@id":"https:\/\/fjala.info\/2009-2015\/loja-e-metes-ne-zgjedhjen-e-presidentit\/#primaryimage","url":"http:\/\/www.fjala.info\/2012\/pellumb_xhufi.jpg","contentUrl":"http:\/\/www.fjala.info\/2012\/pellumb_xhufi.jpg"},{"@type":"BreadcrumbList","@id":"https:\/\/fjala.info\/2009-2015\/loja-e-metes-ne-zgjedhjen-e-presidentit\/#breadcrumb","itemListElement":[{"@type":"ListItem","position":1,"name":"Home","item":"https:\/\/fjala.info\/2009-2015\/"},{"@type":"ListItem","position":2,"name":"Loja e Met\u00ebs n\u00eb zgjedhjen e Presidentit"}]},{"@type":"WebSite","@id":"https:\/\/fjala.info\/2009-2015\/#website","url":"https:\/\/fjala.info\/2009-2015\/","name":"FjALA e LIR\u00cb - Arkivi","description":"Arkivi 2009-2015","publisher":{"@id":"https:\/\/fjala.info\/2009-2015\/#organization"},"potentialAction":[{"@type":"SearchAction","target":{"@type":"EntryPoint","urlTemplate":"https:\/\/fjala.info\/2009-2015\/?s={search_term_string}"},"query-input":{"@type":"PropertyValueSpecification","valueRequired":true,"valueName":"search_term_string"}}],"inLanguage":"sq-AL"},{"@type":"Organization","@id":"https:\/\/fjala.info\/2009-2015\/#organization","name":"FjALA e LIR\u00cb - Arkivi","url":"https:\/\/fjala.info\/2009-2015\/","logo":{"@type":"ImageObject","inLanguage":"sq-AL","@id":"https:\/\/fjala.info\/2009-2015\/#\/schema\/logo\/image\/","url":"","contentUrl":"","caption":"FjALA e LIR\u00cb - Arkivi"},"image":{"@id":"https:\/\/fjala.info\/2009-2015\/#\/schema\/logo\/image\/"}},{"@type":"Person","@id":"https:\/\/fjala.info\/2009-2015\/#\/schema\/person\/3aa1163ef05469c496fc94e77611ada2","name":"admin","image":{"@type":"ImageObject","inLanguage":"sq-AL","@id":"https:\/\/fjala.info\/2009-2015\/wp-content\/uploads\/2012\/02\/arben_cokaj-120x150.jpg","url":"https:\/\/fjala.info\/2009-2015\/wp-content\/uploads\/2012\/02\/arben_cokaj-120x150.jpg","contentUrl":"https:\/\/fjala.info\/2009-2015\/wp-content\/uploads\/2012\/02\/arben_cokaj-120x150.jpg","caption":"admin"},"description":"Admin, Fjala e Lir\u00eb","sameAs":["https:\/\/fjala.info\/"],"url":"https:\/\/fjala.info\/2009-2015\/author\/admin\/"}]}},"_links":{"self":[{"href":"https:\/\/fjala.info\/2009-2015\/wp-json\/wp\/v2\/posts\/11881","targetHints":{"allow":["GET"]}}],"collection":[{"href":"https:\/\/fjala.info\/2009-2015\/wp-json\/wp\/v2\/posts"}],"about":[{"href":"https:\/\/fjala.info\/2009-2015\/wp-json\/wp\/v2\/types\/post"}],"author":[{"embeddable":true,"href":"https:\/\/fjala.info\/2009-2015\/wp-json\/wp\/v2\/users\/1"}],"replies":[{"embeddable":true,"href":"https:\/\/fjala.info\/2009-2015\/wp-json\/wp\/v2\/comments?post=11881"}],"version-history":[{"count":0,"href":"https:\/\/fjala.info\/2009-2015\/wp-json\/wp\/v2\/posts\/11881\/revisions"}],"wp:attachment":[{"href":"https:\/\/fjala.info\/2009-2015\/wp-json\/wp\/v2\/media?parent=11881"}],"wp:term":[{"taxonomy":"category","embeddable":true,"href":"https:\/\/fjala.info\/2009-2015\/wp-json\/wp\/v2\/categories?post=11881"},{"taxonomy":"post_tag","embeddable":true,"href":"https:\/\/fjala.info\/2009-2015\/wp-json\/wp\/v2\/tags?post=11881"}],"curies":[{"name":"wp","href":"https:\/\/api.w.org\/{rel}","templated":true}]}}