{"id":11880,"date":"2012-06-12T23:05:38","date_gmt":"2012-06-12T22:05:38","guid":{"rendered":"http:\/\/www.fjala.info\/?p=3249"},"modified":"2012-06-12T23:05:38","modified_gmt":"2012-06-12T22:05:38","slug":"naser-kelmendi-i-fuqishmi-i-ballkanit-ne-listen-e-zeze","status":"publish","type":"post","link":"https:\/\/fjala.info\/2009-2015\/naser-kelmendi-i-fuqishmi-i-ballkanit-ne-listen-e-zeze\/","title":{"rendered":"Naser Kelmendi \u2013 i fuqishmi i Ballkanit n\u00eb list\u00ebn e zez\u00eb"},"content":{"rendered":"<p><img decoding=\"async\" class=\"alignleft size-thumbnail wp-image-7236\" title=\"Naser Kelmendi\" src=\"http:\/\/www.fjala.info\/2012\/naser_kelmendi.jpg\" alt=\"\" width=\"200\" \/> <strong>TemA<\/strong>, <em>12 Qershor 2012<\/em><\/p>\n<p><strong>Naser Kelmendi<\/strong> \u2013 me origjin\u00eb kosovare dhe me n\u00ebnshtet\u00ebsi t\u00eb Bosnj\u00ebs, biznesmen dhe i p\u00ebrfshir\u00eb n\u00eb marr\u00ebdh\u00ebniet politike t\u00eb shum\u00eb vendeve t\u00eb rajonit \u2013 vjen n\u00eb pah pasi presidenti i Shteteve t\u00eb Bashkuara, Barak Obama, e ka v\u00ebn\u00eb n\u00eb list\u00ebn e zez\u00eb.<\/p>\n<p>P\u00ebrkrah emrit t\u00eb liderit t\u00eb kartel\u00ebs meksikane t\u00eb drog\u00ebs, Hoze Antonio Sota Gastemula, dhe atij t\u00eb tregtarit afgan, Sajed Vazir Shah, Kelmendi llogaritet si personi m\u00eb i rreziksh\u00ebm n\u00eb Evrop\u00eb p\u00ebr interesat amerikan\u00eb.<\/p>\n<p>Banka Federale e Shteteve t\u00eb Bashkuara ka k\u00ebrkuar ngrirjen e t\u00eb gjitha aseteve t\u00eb tij n\u00eb Mal t\u00eb Zi. K\u00ebrkesa \u00ebsht\u00eb d\u00ebrguar p\u00ebrmes Interpolit, nd\u00ebrsa vendimin formal p\u00ebr fillimin e ngrirjes do ta sjell\u00eb komisioni i Bashkimit Evropian.<\/p>\n<p>P\u00ebr Malin e Zi, Kelmendi ka th\u00ebn\u00eb vet\u00eb se e konsideron si atdhe t\u00eb dyt\u00eb. Ai nuk e ka fshehur se ka ndihmuar financiarisht referendumin p\u00ebr pavar\u00ebsin\u00eb e k\u00ebtij vendi n\u00eb vitin 2006.<\/p>\n<p>\u201cFushat\u00ebn e kam ndihmuar me pak para. E kam b\u00ebr\u00eb me d\u00ebshir\u00eb. Kur ka qen\u00eb lufta n\u00eb Kosov\u00eb, shqiptar\u00ebt e Kosov\u00ebs jan\u00eb pritur shum\u00eb mir\u00eb n\u00eb Mal t\u00eb Zi dhe p\u00ebr k\u00ebt\u00eb kam ndjer\u00eb obligim ndaj Malit t\u00eb Zi, si moral ashtu edhe material\u201d, ka deklaruar koh\u00eb m\u00eb par\u00eb Kelmendi.<\/p>\n<p>Gazetari Mustafa Canka, autor i shum\u00eb teksteve p\u00ebr aktivitetet e Kelmendit n\u00eb Ulqin, thot\u00eb:<\/p>\n<p>\u201cAi ka pasur k\u00ebtu nj\u00ebr\u00ebn nga bazat e tij dhe mendoj se pik\u00ebrisht kjo u intereson zyrtar\u00ebve amerikan\u00eb \u2013 lidhja e tij me strukturat politike. Natyrisht se nuk b\u00ebhet fjal\u00eb p\u00ebr politikan\u00eb lokal\u00eb, por p\u00ebr ata t\u00eb nivelit shtet\u00ebror\u201d.<\/p>\n<p>N\u00eb Bosnj\u00eb jan\u00eb mir\u00eb t\u00eb njohur edhe tre djemt\u00eb e Naser Kelmendit \u2013 Elvisi, Liridoni dhe Besniku. N\u00eb vitet e fundit, s\u00eb bashku me baban\u00eb e tyre, kan\u00eb \u201cgrumbulluar\u201d disa kall\u00ebzime penale n\u00eb Prokurorin\u00eb e Kantonit t\u00eb Sarajev\u00ebs, t\u00eb cilat kan\u00eb t\u00eb b\u00ebjn\u00eb me vrasje, tentim-vrasje dhe sjellje t\u00eb dhunshme.<\/p>\n<p>Q\u00eb nga viti 2009, mediat kan\u00eb shkruar hapur se Kelmendi \u00ebsht\u00eb nj\u00ebri nga tregtar\u00ebt m\u00eb t\u00eb m\u00ebdhenj t\u00eb drog\u00ebs n\u00eb Ballkan, por ai vet\u00eb e ka mohuar fuqish\u00ebm.<\/p>\n<p>\u201cKurr\u00eb n\u00eb jet\u00eb nuk jam marr\u00eb me drog\u00eb dhe as q\u00eb m\u00eb ka interesuar\u201d, ka th\u00ebn\u00eb Kelmendi n\u00eb nj\u00ebr\u00ebn nga intervistat e rralla q\u00eb ka dh\u00ebn\u00eb.<\/p>\n<p>Ose Kelmendi nuk e thot\u00eb t\u00eb v\u00ebrtet\u00ebn, ose Barak Obam\u00ebs i jan\u00eb dh\u00ebn\u00eb informacione t\u00eb gabuara, n\u00eb baz\u00eb t\u00eb t\u00eb cilave e ka futur n\u00eb list\u00eb t\u00eb zez\u00eb. Sido q\u00eb t\u00eb jet\u00eb, banor\u00ebt e Sarajev\u00ebs nuk jan\u00eb t\u00eb befasuar me k\u00ebt\u00eb hap t\u00eb presidentit amerikan.<\/p>\n<p>\u201cKriminel. Mendoj se \u00ebsht\u00eb droga n\u00eb pyetje dhe gj\u00ebra t\u00eb tjera q\u00eb b\u00ebjn\u00eb kriminel\u00ebt\u201d\u2026 \u201cE njoh nga shtypi. Kriminel\u201d, thon\u00eb ata.<\/p>\n<p>Policia e Serbis\u00eb e ka cil\u00ebsuar si organizator dhe financues kryesor t\u00eb trafikut t\u00eb heroin\u00ebs, q\u00eb nga Turqia dhe Shqip\u00ebria arrin n\u00eb Pej\u00eb dhe m\u00eb pastaj, p\u00ebrmes Rozhaj\u00ebs, n\u00eb Novi Pazar dhe nga aty n\u00eb Evrop\u00ebn Per\u00ebndimore. Kelmendin me Serbin\u00eb e ka lidhur edhe nj\u00eb pasion, p\u00ebr t\u00eb cilin ka folur hapur.<\/p>\n<p>\u201cI dua femrat\u201d, ka th\u00ebn\u00eb Kelmendi p\u00ebr t\u00eb p\u00ebrditshmen malazeze \u201cVijesti\u201d.<\/p>\n<p>Ai ka lindur n\u00eb Pej\u00eb, n\u00eb vitin 1958. Disa vite para represionit t\u00eb Millosheviqit n\u00eb Kosov\u00eb, policia serbe e ka regjistruar p\u00ebr akte t\u00eb dhun\u00ebs. N\u00eb vitin 1976, kur ishte 19 vje\u00e7, \u00ebsht\u00eb d\u00ebnuar me nj\u00eb vjet e gjysm\u00eb burgim p\u00ebr tentim-vrasje. Sipas t\u00eb dh\u00ebnave t\u00eb Komun\u00ebs s\u00eb Sarajev\u00ebs, n\u00eb vitin 1998 ka qen\u00eb qytetar me t\u00eb drejta t\u00eb plota i Bosnj\u00eb e Hercegovin\u00ebs.<\/p>\n<p>Pak nga t\u00eb dh\u00ebnat e biografis\u00eb s\u00eb tij mund t\u00eb pranohen si t\u00eb sigurta dhe t\u00eb v\u00ebrteta. N\u00eb Kosov\u00eb thuajse e kan\u00eb harruar, por, megjithat\u00eb, vendosja e emrit t\u00eb tij n\u00eb list\u00ebn e zez\u00eb amerikane nuk mund t\u00eb injorohet.<\/p>\n<p>\u201cPozicioni yn\u00eb i p\u00ebrgjithsh\u00ebm \u00ebsht\u00eb se nuk mund t\u00eb v\u00ebrtetojm\u00eb e as mohojm\u00eb t\u00eb dh\u00ebnat p\u00ebr hetimet e personave t\u00eb caktuar\u201d, \u00ebsht\u00eb p\u00ebrgjigjja q\u00eb ka dh\u00ebn\u00eb EULEX-i.<\/p>\n<p>Tani p\u00ebr tani nuk ka konfirmime zyrtare p\u00ebr spekulimet se klani i Kelmendit ka lidhje me Mentor Beqirin, nga pjesa jugore e Mitrovic\u00ebs. Beqiri \u00ebsht\u00eb arrestuar n\u00eb fund t\u00eb muajit maj n\u00ebn dyshimet se, n\u00eb marr\u00ebveshje me klanet kriminale serbe t\u00eb veriut t\u00eb Kosov\u00ebs, ka kontrabanduar naft\u00eb dhe derivate t\u00eb saj, duke d\u00ebmtuar buxhetin e Kosov\u00ebs p\u00ebr 30-40 milion\u00eb euro.<\/p>\n<p>Beqiri \u00ebsht\u00eb arrestuar si bashk\u00ebpun\u00ebtor i Zvono Veselinoviqit, i cili n\u00eb dhjetor t\u00eb vitit t\u00eb kaluar \u00ebsht\u00eb arrestuar n\u00eb Kopaonik t\u00eb Serbis\u00eb, p\u00ebr shkak t\u00eb nj\u00eb varg aktivitetesh kriminale.<\/p>\n<p>P\u00ebr EULEX-in, Veselinoviqi \u00ebsht\u00eb i njohur edhe p\u00ebr organizimin e barrikadave n\u00eb Mitrovic\u00eb, Zve\u00e7an, Zubin Potok dhe Leposaviq.<\/p>\n<p>Spekulohet se k\u00ebto klane vazhdojn\u00eb t\u00eb ken\u00eb lidhje me Kelmendin. Sh\u00ebrbimet policore t\u00eb Per\u00ebndimit thon\u00eb se ato kontrollojn\u00eb krimin n\u00eb Ballkan, por edhe n\u00eb Itali, Zvic\u00ebr dhe Gjermani.<\/p>\n<p>\u201cNe, me ligj, nuk mund t\u00eb konfirmojm\u00eb apo t\u00eb japim deklarata n\u00eb lidhje me t\u00eb kaluar\u00ebn e tij kriminale, derisa ai nuk \u00ebsht\u00eb n\u00ebn hetime n\u00eb Kosov\u00eb apo n\u00ebse Kosova nuk ka nd\u00ebrmarr\u00eb di\u00e7ka kund\u00ebr tij\u201d, thot\u00eb z\u00ebdh\u00ebn\u00ebsi i Policis\u00eb s\u00eb Kosov\u00ebs, Brahim Sadriu.<\/p>\n","protected":false},"excerpt":{"rendered":"<p>TemA, 12 Qershor 2012 Naser Kelmendi \u2013 me origjin\u00eb kosovare dhe me n\u00ebnshtet\u00ebsi t\u00eb Bosnj\u00ebs, biznesmen dhe i p\u00ebrfshir\u00eb n\u00eb marr\u00ebdh\u00ebniet politike t\u00eb shum\u00eb vendeve t\u00eb rajonit \u2013 vjen n\u00eb pah pasi presidenti i Shteteve t\u00eb Bashkuara, Barak Obama, e ka v\u00ebn\u00eb n\u00eb list\u00ebn e zez\u00eb. P\u00ebrkrah emrit t\u00eb liderit t\u00eb kartel\u00ebs meksikane t\u00eb drog\u00ebs, [&hellip;]<\/p>\n","protected":false},"author":1,"featured_media":0,"comment_status":"open","ping_status":"closed","sticky":false,"template":"","format":"standard","meta":{"footnotes":""},"categories":[2],"tags":[],"class_list":{"0":"post-11880","1":"post","2":"type-post","3":"status-publish","4":"format-standard","6":"category-artikuj"},"yoast_head":"<!-- This site is optimized with the Yoast SEO plugin v27.4 - https:\/\/yoast.com\/product\/yoast-seo-wordpress\/ -->\n<title>Naser Kelmendi \u2013 i fuqishmi i Ballkanit n\u00eb list\u00ebn e zez\u00eb - FjALA e LIR\u00cb - Arkivi<\/title>\n<meta name=\"robots\" content=\"index, follow, max-snippet:-1, max-image-preview:large, max-video-preview:-1\" \/>\n<link rel=\"canonical\" href=\"https:\/\/fjala.info\/2009-2015\/naser-kelmendi-i-fuqishmi-i-ballkanit-ne-listen-e-zeze\/\" \/>\n<meta property=\"og:locale\" content=\"sq_AL\" \/>\n<meta property=\"og:type\" content=\"article\" \/>\n<meta property=\"og:title\" content=\"Naser Kelmendi \u2013 i fuqishmi i Ballkanit n\u00eb list\u00ebn e zez\u00eb - FjALA e LIR\u00cb - Arkivi\" \/>\n<meta property=\"og:description\" content=\"TemA, 12 Qershor 2012 Naser Kelmendi \u2013 me origjin\u00eb kosovare dhe me n\u00ebnshtet\u00ebsi t\u00eb Bosnj\u00ebs, biznesmen dhe i p\u00ebrfshir\u00eb n\u00eb marr\u00ebdh\u00ebniet politike t\u00eb shum\u00eb vendeve t\u00eb rajonit \u2013 vjen n\u00eb pah pasi presidenti i Shteteve t\u00eb Bashkuara, Barak Obama, e ka v\u00ebn\u00eb n\u00eb list\u00ebn e zez\u00eb. P\u00ebrkrah emrit t\u00eb liderit t\u00eb kartel\u00ebs meksikane t\u00eb drog\u00ebs, [&hellip;]\" \/>\n<meta property=\"og:url\" content=\"https:\/\/fjala.info\/2009-2015\/naser-kelmendi-i-fuqishmi-i-ballkanit-ne-listen-e-zeze\/\" \/>\n<meta property=\"og:site_name\" content=\"FjALA e LIR\u00cb - Arkivi\" \/>\n<meta property=\"article:published_time\" content=\"2012-06-12T22:05:38+00:00\" \/>\n<meta property=\"og:image\" content=\"http:\/\/www.fjala.info\/2012\/naser_kelmendi.jpg\" \/>\n<meta name=\"author\" content=\"admin\" \/>\n<meta name=\"twitter:card\" content=\"summary_large_image\" \/>\n<meta name=\"twitter:label1\" content=\"Written by\" \/>\n\t<meta name=\"twitter:data1\" content=\"admin\" \/>\n\t<meta name=\"twitter:label2\" content=\"Est. reading time\" \/>\n\t<meta name=\"twitter:data2\" content=\"5 minutes\" \/>\n<script type=\"application\/ld+json\" class=\"yoast-schema-graph\">{\"@context\":\"https:\\\/\\\/schema.org\",\"@graph\":[{\"@type\":\"Article\",\"@id\":\"https:\\\/\\\/fjala.info\\\/2009-2015\\\/naser-kelmendi-i-fuqishmi-i-ballkanit-ne-listen-e-zeze\\\/#article\",\"isPartOf\":{\"@id\":\"https:\\\/\\\/fjala.info\\\/2009-2015\\\/naser-kelmendi-i-fuqishmi-i-ballkanit-ne-listen-e-zeze\\\/\"},\"author\":{\"name\":\"admin\",\"@id\":\"https:\\\/\\\/fjala.info\\\/2009-2015\\\/#\\\/schema\\\/person\\\/3aa1163ef05469c496fc94e77611ada2\"},\"headline\":\"Naser Kelmendi \u2013 i fuqishmi i Ballkanit n\u00eb list\u00ebn e zez\u00eb\",\"datePublished\":\"2012-06-12T22:05:38+00:00\",\"mainEntityOfPage\":{\"@id\":\"https:\\\/\\\/fjala.info\\\/2009-2015\\\/naser-kelmendi-i-fuqishmi-i-ballkanit-ne-listen-e-zeze\\\/\"},\"wordCount\":915,\"commentCount\":0,\"publisher\":{\"@id\":\"https:\\\/\\\/fjala.info\\\/2009-2015\\\/#organization\"},\"image\":{\"@id\":\"https:\\\/\\\/fjala.info\\\/2009-2015\\\/naser-kelmendi-i-fuqishmi-i-ballkanit-ne-listen-e-zeze\\\/#primaryimage\"},\"thumbnailUrl\":\"http:\\\/\\\/www.fjala.info\\\/2012\\\/naser_kelmendi.jpg\",\"articleSection\":[\"Artikuj\"],\"inLanguage\":\"sq-AL\",\"potentialAction\":[{\"@type\":\"CommentAction\",\"name\":\"Comment\",\"target\":[\"https:\\\/\\\/fjala.info\\\/2009-2015\\\/naser-kelmendi-i-fuqishmi-i-ballkanit-ne-listen-e-zeze\\\/#respond\"]}]},{\"@type\":\"WebPage\",\"@id\":\"https:\\\/\\\/fjala.info\\\/2009-2015\\\/naser-kelmendi-i-fuqishmi-i-ballkanit-ne-listen-e-zeze\\\/\",\"url\":\"https:\\\/\\\/fjala.info\\\/2009-2015\\\/naser-kelmendi-i-fuqishmi-i-ballkanit-ne-listen-e-zeze\\\/\",\"name\":\"Naser Kelmendi \u2013 i fuqishmi i Ballkanit n\u00eb list\u00ebn e zez\u00eb - FjALA e LIR\u00cb - Arkivi\",\"isPartOf\":{\"@id\":\"https:\\\/\\\/fjala.info\\\/2009-2015\\\/#website\"},\"primaryImageOfPage\":{\"@id\":\"https:\\\/\\\/fjala.info\\\/2009-2015\\\/naser-kelmendi-i-fuqishmi-i-ballkanit-ne-listen-e-zeze\\\/#primaryimage\"},\"image\":{\"@id\":\"https:\\\/\\\/fjala.info\\\/2009-2015\\\/naser-kelmendi-i-fuqishmi-i-ballkanit-ne-listen-e-zeze\\\/#primaryimage\"},\"thumbnailUrl\":\"http:\\\/\\\/www.fjala.info\\\/2012\\\/naser_kelmendi.jpg\",\"datePublished\":\"2012-06-12T22:05:38+00:00\",\"breadcrumb\":{\"@id\":\"https:\\\/\\\/fjala.info\\\/2009-2015\\\/naser-kelmendi-i-fuqishmi-i-ballkanit-ne-listen-e-zeze\\\/#breadcrumb\"},\"inLanguage\":\"sq-AL\",\"potentialAction\":[{\"@type\":\"ReadAction\",\"target\":[\"https:\\\/\\\/fjala.info\\\/2009-2015\\\/naser-kelmendi-i-fuqishmi-i-ballkanit-ne-listen-e-zeze\\\/\"]}]},{\"@type\":\"ImageObject\",\"inLanguage\":\"sq-AL\",\"@id\":\"https:\\\/\\\/fjala.info\\\/2009-2015\\\/naser-kelmendi-i-fuqishmi-i-ballkanit-ne-listen-e-zeze\\\/#primaryimage\",\"url\":\"http:\\\/\\\/www.fjala.info\\\/2012\\\/naser_kelmendi.jpg\",\"contentUrl\":\"http:\\\/\\\/www.fjala.info\\\/2012\\\/naser_kelmendi.jpg\"},{\"@type\":\"BreadcrumbList\",\"@id\":\"https:\\\/\\\/fjala.info\\\/2009-2015\\\/naser-kelmendi-i-fuqishmi-i-ballkanit-ne-listen-e-zeze\\\/#breadcrumb\",\"itemListElement\":[{\"@type\":\"ListItem\",\"position\":1,\"name\":\"Home\",\"item\":\"https:\\\/\\\/fjala.info\\\/2009-2015\\\/\"},{\"@type\":\"ListItem\",\"position\":2,\"name\":\"Naser Kelmendi \u2013 i fuqishmi i Ballkanit n\u00eb list\u00ebn e zez\u00eb\"}]},{\"@type\":\"WebSite\",\"@id\":\"https:\\\/\\\/fjala.info\\\/2009-2015\\\/#website\",\"url\":\"https:\\\/\\\/fjala.info\\\/2009-2015\\\/\",\"name\":\"FjALA e LIR\u00cb - Arkivi\",\"description\":\"Arkivi 2009-2015\",\"publisher\":{\"@id\":\"https:\\\/\\\/fjala.info\\\/2009-2015\\\/#organization\"},\"potentialAction\":[{\"@type\":\"SearchAction\",\"target\":{\"@type\":\"EntryPoint\",\"urlTemplate\":\"https:\\\/\\\/fjala.info\\\/2009-2015\\\/?s={search_term_string}\"},\"query-input\":{\"@type\":\"PropertyValueSpecification\",\"valueRequired\":true,\"valueName\":\"search_term_string\"}}],\"inLanguage\":\"sq-AL\"},{\"@type\":\"Organization\",\"@id\":\"https:\\\/\\\/fjala.info\\\/2009-2015\\\/#organization\",\"name\":\"FjALA e LIR\u00cb - Arkivi\",\"url\":\"https:\\\/\\\/fjala.info\\\/2009-2015\\\/\",\"logo\":{\"@type\":\"ImageObject\",\"inLanguage\":\"sq-AL\",\"@id\":\"https:\\\/\\\/fjala.info\\\/2009-2015\\\/#\\\/schema\\\/logo\\\/image\\\/\",\"url\":\"\",\"contentUrl\":\"\",\"caption\":\"FjALA e LIR\u00cb - Arkivi\"},\"image\":{\"@id\":\"https:\\\/\\\/fjala.info\\\/2009-2015\\\/#\\\/schema\\\/logo\\\/image\\\/\"}},{\"@type\":\"Person\",\"@id\":\"https:\\\/\\\/fjala.info\\\/2009-2015\\\/#\\\/schema\\\/person\\\/3aa1163ef05469c496fc94e77611ada2\",\"name\":\"admin\",\"image\":{\"@type\":\"ImageObject\",\"inLanguage\":\"sq-AL\",\"@id\":\"https:\\\/\\\/fjala.info\\\/2009-2015\\\/wp-content\\\/uploads\\\/2012\\\/02\\\/arben_cokaj-120x150.jpg\",\"url\":\"https:\\\/\\\/fjala.info\\\/2009-2015\\\/wp-content\\\/uploads\\\/2012\\\/02\\\/arben_cokaj-120x150.jpg\",\"contentUrl\":\"https:\\\/\\\/fjala.info\\\/2009-2015\\\/wp-content\\\/uploads\\\/2012\\\/02\\\/arben_cokaj-120x150.jpg\",\"caption\":\"admin\"},\"description\":\"Admin, Fjala e Lir\u00eb\",\"sameAs\":[\"https:\\\/\\\/fjala.info\\\/\"],\"url\":\"https:\\\/\\\/fjala.info\\\/2009-2015\\\/author\\\/admin\\\/\"}]}<\/script>\n<!-- \/ Yoast SEO plugin. -->","yoast_head_json":{"title":"Naser Kelmendi \u2013 i fuqishmi i Ballkanit n\u00eb list\u00ebn e zez\u00eb - FjALA e LIR\u00cb - Arkivi","robots":{"index":"index","follow":"follow","max-snippet":"max-snippet:-1","max-image-preview":"max-image-preview:large","max-video-preview":"max-video-preview:-1"},"canonical":"https:\/\/fjala.info\/2009-2015\/naser-kelmendi-i-fuqishmi-i-ballkanit-ne-listen-e-zeze\/","og_locale":"sq_AL","og_type":"article","og_title":"Naser Kelmendi \u2013 i fuqishmi i Ballkanit n\u00eb list\u00ebn e zez\u00eb - FjALA e LIR\u00cb - Arkivi","og_description":"TemA, 12 Qershor 2012 Naser Kelmendi \u2013 me origjin\u00eb kosovare dhe me n\u00ebnshtet\u00ebsi t\u00eb Bosnj\u00ebs, biznesmen dhe i p\u00ebrfshir\u00eb n\u00eb marr\u00ebdh\u00ebniet politike t\u00eb shum\u00eb vendeve t\u00eb rajonit \u2013 vjen n\u00eb pah pasi presidenti i Shteteve t\u00eb Bashkuara, Barak Obama, e ka v\u00ebn\u00eb n\u00eb list\u00ebn e zez\u00eb. P\u00ebrkrah emrit t\u00eb liderit t\u00eb kartel\u00ebs meksikane t\u00eb drog\u00ebs, [&hellip;]","og_url":"https:\/\/fjala.info\/2009-2015\/naser-kelmendi-i-fuqishmi-i-ballkanit-ne-listen-e-zeze\/","og_site_name":"FjALA e LIR\u00cb - Arkivi","article_published_time":"2012-06-12T22:05:38+00:00","og_image":[{"url":"http:\/\/www.fjala.info\/2012\/naser_kelmendi.jpg","type":"","width":"","height":""}],"author":"admin","twitter_card":"summary_large_image","twitter_misc":{"Written by":"admin","Est. reading time":"5 minutes"},"schema":{"@context":"https:\/\/schema.org","@graph":[{"@type":"Article","@id":"https:\/\/fjala.info\/2009-2015\/naser-kelmendi-i-fuqishmi-i-ballkanit-ne-listen-e-zeze\/#article","isPartOf":{"@id":"https:\/\/fjala.info\/2009-2015\/naser-kelmendi-i-fuqishmi-i-ballkanit-ne-listen-e-zeze\/"},"author":{"name":"admin","@id":"https:\/\/fjala.info\/2009-2015\/#\/schema\/person\/3aa1163ef05469c496fc94e77611ada2"},"headline":"Naser Kelmendi \u2013 i fuqishmi i Ballkanit n\u00eb list\u00ebn e zez\u00eb","datePublished":"2012-06-12T22:05:38+00:00","mainEntityOfPage":{"@id":"https:\/\/fjala.info\/2009-2015\/naser-kelmendi-i-fuqishmi-i-ballkanit-ne-listen-e-zeze\/"},"wordCount":915,"commentCount":0,"publisher":{"@id":"https:\/\/fjala.info\/2009-2015\/#organization"},"image":{"@id":"https:\/\/fjala.info\/2009-2015\/naser-kelmendi-i-fuqishmi-i-ballkanit-ne-listen-e-zeze\/#primaryimage"},"thumbnailUrl":"http:\/\/www.fjala.info\/2012\/naser_kelmendi.jpg","articleSection":["Artikuj"],"inLanguage":"sq-AL","potentialAction":[{"@type":"CommentAction","name":"Comment","target":["https:\/\/fjala.info\/2009-2015\/naser-kelmendi-i-fuqishmi-i-ballkanit-ne-listen-e-zeze\/#respond"]}]},{"@type":"WebPage","@id":"https:\/\/fjala.info\/2009-2015\/naser-kelmendi-i-fuqishmi-i-ballkanit-ne-listen-e-zeze\/","url":"https:\/\/fjala.info\/2009-2015\/naser-kelmendi-i-fuqishmi-i-ballkanit-ne-listen-e-zeze\/","name":"Naser Kelmendi \u2013 i fuqishmi i Ballkanit n\u00eb list\u00ebn e zez\u00eb - FjALA e LIR\u00cb - Arkivi","isPartOf":{"@id":"https:\/\/fjala.info\/2009-2015\/#website"},"primaryImageOfPage":{"@id":"https:\/\/fjala.info\/2009-2015\/naser-kelmendi-i-fuqishmi-i-ballkanit-ne-listen-e-zeze\/#primaryimage"},"image":{"@id":"https:\/\/fjala.info\/2009-2015\/naser-kelmendi-i-fuqishmi-i-ballkanit-ne-listen-e-zeze\/#primaryimage"},"thumbnailUrl":"http:\/\/www.fjala.info\/2012\/naser_kelmendi.jpg","datePublished":"2012-06-12T22:05:38+00:00","breadcrumb":{"@id":"https:\/\/fjala.info\/2009-2015\/naser-kelmendi-i-fuqishmi-i-ballkanit-ne-listen-e-zeze\/#breadcrumb"},"inLanguage":"sq-AL","potentialAction":[{"@type":"ReadAction","target":["https:\/\/fjala.info\/2009-2015\/naser-kelmendi-i-fuqishmi-i-ballkanit-ne-listen-e-zeze\/"]}]},{"@type":"ImageObject","inLanguage":"sq-AL","@id":"https:\/\/fjala.info\/2009-2015\/naser-kelmendi-i-fuqishmi-i-ballkanit-ne-listen-e-zeze\/#primaryimage","url":"http:\/\/www.fjala.info\/2012\/naser_kelmendi.jpg","contentUrl":"http:\/\/www.fjala.info\/2012\/naser_kelmendi.jpg"},{"@type":"BreadcrumbList","@id":"https:\/\/fjala.info\/2009-2015\/naser-kelmendi-i-fuqishmi-i-ballkanit-ne-listen-e-zeze\/#breadcrumb","itemListElement":[{"@type":"ListItem","position":1,"name":"Home","item":"https:\/\/fjala.info\/2009-2015\/"},{"@type":"ListItem","position":2,"name":"Naser Kelmendi \u2013 i fuqishmi i Ballkanit n\u00eb list\u00ebn e zez\u00eb"}]},{"@type":"WebSite","@id":"https:\/\/fjala.info\/2009-2015\/#website","url":"https:\/\/fjala.info\/2009-2015\/","name":"FjALA e LIR\u00cb - Arkivi","description":"Arkivi 2009-2015","publisher":{"@id":"https:\/\/fjala.info\/2009-2015\/#organization"},"potentialAction":[{"@type":"SearchAction","target":{"@type":"EntryPoint","urlTemplate":"https:\/\/fjala.info\/2009-2015\/?s={search_term_string}"},"query-input":{"@type":"PropertyValueSpecification","valueRequired":true,"valueName":"search_term_string"}}],"inLanguage":"sq-AL"},{"@type":"Organization","@id":"https:\/\/fjala.info\/2009-2015\/#organization","name":"FjALA e LIR\u00cb - Arkivi","url":"https:\/\/fjala.info\/2009-2015\/","logo":{"@type":"ImageObject","inLanguage":"sq-AL","@id":"https:\/\/fjala.info\/2009-2015\/#\/schema\/logo\/image\/","url":"","contentUrl":"","caption":"FjALA e LIR\u00cb - Arkivi"},"image":{"@id":"https:\/\/fjala.info\/2009-2015\/#\/schema\/logo\/image\/"}},{"@type":"Person","@id":"https:\/\/fjala.info\/2009-2015\/#\/schema\/person\/3aa1163ef05469c496fc94e77611ada2","name":"admin","image":{"@type":"ImageObject","inLanguage":"sq-AL","@id":"https:\/\/fjala.info\/2009-2015\/wp-content\/uploads\/2012\/02\/arben_cokaj-120x150.jpg","url":"https:\/\/fjala.info\/2009-2015\/wp-content\/uploads\/2012\/02\/arben_cokaj-120x150.jpg","contentUrl":"https:\/\/fjala.info\/2009-2015\/wp-content\/uploads\/2012\/02\/arben_cokaj-120x150.jpg","caption":"admin"},"description":"Admin, Fjala e Lir\u00eb","sameAs":["https:\/\/fjala.info\/"],"url":"https:\/\/fjala.info\/2009-2015\/author\/admin\/"}]}},"_links":{"self":[{"href":"https:\/\/fjala.info\/2009-2015\/wp-json\/wp\/v2\/posts\/11880","targetHints":{"allow":["GET"]}}],"collection":[{"href":"https:\/\/fjala.info\/2009-2015\/wp-json\/wp\/v2\/posts"}],"about":[{"href":"https:\/\/fjala.info\/2009-2015\/wp-json\/wp\/v2\/types\/post"}],"author":[{"embeddable":true,"href":"https:\/\/fjala.info\/2009-2015\/wp-json\/wp\/v2\/users\/1"}],"replies":[{"embeddable":true,"href":"https:\/\/fjala.info\/2009-2015\/wp-json\/wp\/v2\/comments?post=11880"}],"version-history":[{"count":0,"href":"https:\/\/fjala.info\/2009-2015\/wp-json\/wp\/v2\/posts\/11880\/revisions"}],"wp:attachment":[{"href":"https:\/\/fjala.info\/2009-2015\/wp-json\/wp\/v2\/media?parent=11880"}],"wp:term":[{"taxonomy":"category","embeddable":true,"href":"https:\/\/fjala.info\/2009-2015\/wp-json\/wp\/v2\/categories?post=11880"},{"taxonomy":"post_tag","embeddable":true,"href":"https:\/\/fjala.info\/2009-2015\/wp-json\/wp\/v2\/tags?post=11880"}],"curies":[{"name":"wp","href":"https:\/\/api.w.org\/{rel}","templated":true}]}}