{"id":11878,"date":"2012-06-12T18:35:23","date_gmt":"2012-06-12T17:35:23","guid":{"rendered":"http:\/\/www.fjala.info\/?p=3237"},"modified":"2012-06-12T18:35:23","modified_gmt":"2012-06-12T17:35:23","slug":"europa-presidenti-shans-i-humbur-per-shqiperine","status":"publish","type":"post","link":"https:\/\/fjala.info\/2009-2015\/europa-presidenti-shans-i-humbur-per-shqiperine\/","title":{"rendered":"Europa: Presidenti, shans i humbur p\u00ebr Shqip\u00ebrin\u00eb"},"content":{"rendered":"<p><img decoding=\"async\" class=\"alignleft size-thumbnail wp-image-7236\" title=\"Stefan Fyle\" src=\"http:\/\/www.fjala.info\/2012\/stefan_fyle.jpg\" alt=\"\" width=\"200\" \/> <em>BRUKSEL <\/em>&#8211; Brukseli reagon p\u00ebr zgjedhjen e Presidentit t\u00eb ri t\u00eb vendit. Komisioni Europian p\u00ebrmes z\u00ebdh\u00ebn\u00ebsit t\u00eb Stefan Fyles (foto), Pet\u00ebr Stanos, deklaroi se BE ka ndjekur m\u00eb v\u00ebmendje situat\u00ebn n\u00eb Shqip\u00ebri. I pyetur n\u00ebse ky proces do ndikoj\u00eb n\u00eb vler\u00ebsimin e KE n\u00eb vjesht\u00eb p\u00ebr statusin kandidat t\u00eb vendit ton\u00eb, Stano tha q\u00eb \u00ebsht\u00eb e v\u00ebshtir\u00eb t\u00eb shoh\u00ebsh shenja pozitive q\u00eb do \u00e7onte Shqip\u00ebrin\u00eb p\u00ebrpara drejt an\u00ebtar\u00ebsimit.<\/p>\n<p>\u201cMund tju them se n\u00eb k\u00ebt\u00eb moment \u00ebsht\u00eb e v\u00ebshtir\u00eb t\u00eb shoh\u00ebsh ndonj\u00eb shenj\u00eb apo moment pozitiv q\u00eb do t\u00eb \u00e7onte Shqip\u00ebrin\u00eb, lider\u00ebt e saj politik\u00eb dhe popullin n\u00eb faz\u00ebn tjet\u00ebr t\u00eb procesit p\u00ebr an\u00ebtar\u00ebsim\u201d.<\/p>\n<p>Stano shtoi se 12 rekomandimet mbeten prioritet p\u00ebr Shqip\u00ebrin\u00eb p\u00ebr t\u00eb cilat sipas tij Komisioni Europian pret q\u00eb t\u00eb p\u00ebrmbushen dhe p\u00ebr t\u00eb cilat do ket\u00eb vler\u00ebsim n\u00eb raportin e vjesht\u00ebs.<\/p>\n<p>KUKAN: NJE SHANS I HUMBUR<br \/>\nReagime jo shum\u00eb optimiste p\u00ebr zgjedhjen e Presidentit vijn\u00eb dhe nga ana e Parlamentit Europian. Eduard Kukan kreu i delegacionit p\u00ebr Ballkanin Per\u00ebndimor n\u00eb Parlamenti Evropian, raporton &#8220;Shekulli&#8221; ta ket\u00eb cil\u00ebsuar procesin e zgjedhjes s\u00eb presidentit t\u00eb Shqip\u00ebris\u00eb \u201cnj\u00eb shans t\u00eb humbur\u201d.<\/p>\n<p>Eurodeputeti m\u00ebsohet se i ka uruar Bujar Nishanit detyr\u00ebn e re dhe \u00ebsht\u00eb shprehur se shpreson q\u00eb t\u00eb mund t\u00eb jet\u00eb n\u00eb gjendje p\u00ebr t\u00eb unifikuar dhe prezantuar n\u00eb m\u00ebnyr\u00eb t\u00eb pavarur dhe mbrojtjen e interesave t\u00eb t\u00eb gjith\u00eb qytetar\u00ebve.<\/p>\n<p>\u201cZgjedhja e presidentit ishte nj\u00eb mund\u00ebsi p\u00ebr t\u00eb gjitha forcat politike n\u00eb Shqip\u00ebri p\u00ebr t\u00eb konfirmuar fjal\u00ebt e tyre p\u00ebr dialog dhe bashk\u00ebpunim politik. Fatkeq\u00ebsisht, ky proces ishte nj\u00eb mund\u00ebsi e humbur. Kam frik\u00eb se pa rezultate t\u00eb prekshme n\u00eb p\u00ebrmir\u00ebsimin e jet\u00ebn politike, vendi gjithashtu mund t\u00eb humb edhe mund\u00ebsi shum\u00eb t\u00eb r\u00ebnd\u00ebsishme\u201d, shprehet Kukan.<\/p>\n<p>\u201cSfidat me t\u00eb cilat po p\u00ebrballet Shqip\u00ebria k\u00ebrkojn\u00eb bashk\u00ebpunim politik p\u00ebr \u00e7\u00ebshtjet e brendshme dhe ato evropiane. Shpresoj q\u00eb presidenti i ri do t\u00eb nd\u00ebrmarr\u00eb t\u00eb gjitha hapat p\u00ebr ta b\u00ebr\u00eb k\u00ebt\u00eb pjes\u00eb t\u00eb realitetit politik\u201d, citohet t\u00eb ket\u00eb deklaruar kreu i delegacionit p\u00ebr Ballkanin Per\u00ebndimor n\u00eb Parlamentin Europian.<\/p>\n<p>(ns\/shqiptarja.com)<\/p>\n","protected":false},"excerpt":{"rendered":"<p>BRUKSEL &#8211; Brukseli reagon p\u00ebr zgjedhjen e Presidentit t\u00eb ri t\u00eb vendit. Komisioni Europian p\u00ebrmes z\u00ebdh\u00ebn\u00ebsit t\u00eb Stefan Fyles (foto), Pet\u00ebr Stanos, deklaroi se BE ka ndjekur m\u00eb v\u00ebmendje situat\u00ebn n\u00eb Shqip\u00ebri. I pyetur n\u00ebse ky proces do ndikoj\u00eb n\u00eb vler\u00ebsimin e KE n\u00eb vjesht\u00eb p\u00ebr statusin kandidat t\u00eb vendit ton\u00eb, Stano tha q\u00eb \u00ebsht\u00eb [&hellip;]<\/p>\n","protected":false},"author":1,"featured_media":0,"comment_status":"open","ping_status":"closed","sticky":false,"template":"","format":"standard","meta":{"footnotes":""},"categories":[2],"tags":[],"class_list":{"0":"post-11878","1":"post","2":"type-post","3":"status-publish","4":"format-standard","6":"category-artikuj"},"yoast_head":"<!-- This site is optimized with the Yoast SEO plugin v27.4 - https:\/\/yoast.com\/product\/yoast-seo-wordpress\/ -->\n<title>Europa: Presidenti, shans i humbur p\u00ebr Shqip\u00ebrin\u00eb - FjALA e LIR\u00cb - Arkivi<\/title>\n<meta name=\"robots\" content=\"index, follow, max-snippet:-1, max-image-preview:large, max-video-preview:-1\" \/>\n<link rel=\"canonical\" href=\"https:\/\/fjala.info\/2009-2015\/europa-presidenti-shans-i-humbur-per-shqiperine\/\" \/>\n<meta property=\"og:locale\" content=\"sq_AL\" \/>\n<meta property=\"og:type\" content=\"article\" \/>\n<meta property=\"og:title\" content=\"Europa: Presidenti, shans i humbur p\u00ebr Shqip\u00ebrin\u00eb - FjALA e LIR\u00cb - Arkivi\" \/>\n<meta property=\"og:description\" content=\"BRUKSEL &#8211; Brukseli reagon p\u00ebr zgjedhjen e Presidentit t\u00eb ri t\u00eb vendit. Komisioni Europian p\u00ebrmes z\u00ebdh\u00ebn\u00ebsit t\u00eb Stefan Fyles (foto), Pet\u00ebr Stanos, deklaroi se BE ka ndjekur m\u00eb v\u00ebmendje situat\u00ebn n\u00eb Shqip\u00ebri. I pyetur n\u00ebse ky proces do ndikoj\u00eb n\u00eb vler\u00ebsimin e KE n\u00eb vjesht\u00eb p\u00ebr statusin kandidat t\u00eb vendit ton\u00eb, Stano tha q\u00eb \u00ebsht\u00eb [&hellip;]\" \/>\n<meta property=\"og:url\" content=\"https:\/\/fjala.info\/2009-2015\/europa-presidenti-shans-i-humbur-per-shqiperine\/\" \/>\n<meta property=\"og:site_name\" content=\"FjALA e LIR\u00cb - Arkivi\" \/>\n<meta property=\"article:published_time\" content=\"2012-06-12T17:35:23+00:00\" \/>\n<meta property=\"og:image\" content=\"http:\/\/www.fjala.info\/2012\/stefan_fyle.jpg\" \/>\n<meta name=\"author\" content=\"admin\" \/>\n<meta name=\"twitter:card\" content=\"summary_large_image\" \/>\n<meta name=\"twitter:label1\" content=\"Written by\" \/>\n\t<meta name=\"twitter:data1\" content=\"admin\" \/>\n\t<meta name=\"twitter:label2\" content=\"Est. reading time\" \/>\n\t<meta name=\"twitter:data2\" content=\"2 minutes\" \/>\n<script type=\"application\/ld+json\" class=\"yoast-schema-graph\">{\"@context\":\"https:\\\/\\\/schema.org\",\"@graph\":[{\"@type\":\"Article\",\"@id\":\"https:\\\/\\\/fjala.info\\\/2009-2015\\\/europa-presidenti-shans-i-humbur-per-shqiperine\\\/#article\",\"isPartOf\":{\"@id\":\"https:\\\/\\\/fjala.info\\\/2009-2015\\\/europa-presidenti-shans-i-humbur-per-shqiperine\\\/\"},\"author\":{\"name\":\"admin\",\"@id\":\"https:\\\/\\\/fjala.info\\\/2009-2015\\\/#\\\/schema\\\/person\\\/3aa1163ef05469c496fc94e77611ada2\"},\"headline\":\"Europa: Presidenti, shans i humbur p\u00ebr Shqip\u00ebrin\u00eb\",\"datePublished\":\"2012-06-12T17:35:23+00:00\",\"mainEntityOfPage\":{\"@id\":\"https:\\\/\\\/fjala.info\\\/2009-2015\\\/europa-presidenti-shans-i-humbur-per-shqiperine\\\/\"},\"wordCount\":408,\"commentCount\":0,\"publisher\":{\"@id\":\"https:\\\/\\\/fjala.info\\\/2009-2015\\\/#organization\"},\"image\":{\"@id\":\"https:\\\/\\\/fjala.info\\\/2009-2015\\\/europa-presidenti-shans-i-humbur-per-shqiperine\\\/#primaryimage\"},\"thumbnailUrl\":\"http:\\\/\\\/www.fjala.info\\\/2012\\\/stefan_fyle.jpg\",\"articleSection\":[\"Artikuj\"],\"inLanguage\":\"sq-AL\",\"potentialAction\":[{\"@type\":\"CommentAction\",\"name\":\"Comment\",\"target\":[\"https:\\\/\\\/fjala.info\\\/2009-2015\\\/europa-presidenti-shans-i-humbur-per-shqiperine\\\/#respond\"]}]},{\"@type\":\"WebPage\",\"@id\":\"https:\\\/\\\/fjala.info\\\/2009-2015\\\/europa-presidenti-shans-i-humbur-per-shqiperine\\\/\",\"url\":\"https:\\\/\\\/fjala.info\\\/2009-2015\\\/europa-presidenti-shans-i-humbur-per-shqiperine\\\/\",\"name\":\"Europa: Presidenti, shans i humbur p\u00ebr Shqip\u00ebrin\u00eb - FjALA e LIR\u00cb - Arkivi\",\"isPartOf\":{\"@id\":\"https:\\\/\\\/fjala.info\\\/2009-2015\\\/#website\"},\"primaryImageOfPage\":{\"@id\":\"https:\\\/\\\/fjala.info\\\/2009-2015\\\/europa-presidenti-shans-i-humbur-per-shqiperine\\\/#primaryimage\"},\"image\":{\"@id\":\"https:\\\/\\\/fjala.info\\\/2009-2015\\\/europa-presidenti-shans-i-humbur-per-shqiperine\\\/#primaryimage\"},\"thumbnailUrl\":\"http:\\\/\\\/www.fjala.info\\\/2012\\\/stefan_fyle.jpg\",\"datePublished\":\"2012-06-12T17:35:23+00:00\",\"breadcrumb\":{\"@id\":\"https:\\\/\\\/fjala.info\\\/2009-2015\\\/europa-presidenti-shans-i-humbur-per-shqiperine\\\/#breadcrumb\"},\"inLanguage\":\"sq-AL\",\"potentialAction\":[{\"@type\":\"ReadAction\",\"target\":[\"https:\\\/\\\/fjala.info\\\/2009-2015\\\/europa-presidenti-shans-i-humbur-per-shqiperine\\\/\"]}]},{\"@type\":\"ImageObject\",\"inLanguage\":\"sq-AL\",\"@id\":\"https:\\\/\\\/fjala.info\\\/2009-2015\\\/europa-presidenti-shans-i-humbur-per-shqiperine\\\/#primaryimage\",\"url\":\"http:\\\/\\\/www.fjala.info\\\/2012\\\/stefan_fyle.jpg\",\"contentUrl\":\"http:\\\/\\\/www.fjala.info\\\/2012\\\/stefan_fyle.jpg\"},{\"@type\":\"BreadcrumbList\",\"@id\":\"https:\\\/\\\/fjala.info\\\/2009-2015\\\/europa-presidenti-shans-i-humbur-per-shqiperine\\\/#breadcrumb\",\"itemListElement\":[{\"@type\":\"ListItem\",\"position\":1,\"name\":\"Home\",\"item\":\"https:\\\/\\\/fjala.info\\\/2009-2015\\\/\"},{\"@type\":\"ListItem\",\"position\":2,\"name\":\"Europa: Presidenti, shans i humbur p\u00ebr Shqip\u00ebrin\u00eb\"}]},{\"@type\":\"WebSite\",\"@id\":\"https:\\\/\\\/fjala.info\\\/2009-2015\\\/#website\",\"url\":\"https:\\\/\\\/fjala.info\\\/2009-2015\\\/\",\"name\":\"FjALA e LIR\u00cb - Arkivi\",\"description\":\"Arkivi 2009-2015\",\"publisher\":{\"@id\":\"https:\\\/\\\/fjala.info\\\/2009-2015\\\/#organization\"},\"potentialAction\":[{\"@type\":\"SearchAction\",\"target\":{\"@type\":\"EntryPoint\",\"urlTemplate\":\"https:\\\/\\\/fjala.info\\\/2009-2015\\\/?s={search_term_string}\"},\"query-input\":{\"@type\":\"PropertyValueSpecification\",\"valueRequired\":true,\"valueName\":\"search_term_string\"}}],\"inLanguage\":\"sq-AL\"},{\"@type\":\"Organization\",\"@id\":\"https:\\\/\\\/fjala.info\\\/2009-2015\\\/#organization\",\"name\":\"FjALA e LIR\u00cb - Arkivi\",\"url\":\"https:\\\/\\\/fjala.info\\\/2009-2015\\\/\",\"logo\":{\"@type\":\"ImageObject\",\"inLanguage\":\"sq-AL\",\"@id\":\"https:\\\/\\\/fjala.info\\\/2009-2015\\\/#\\\/schema\\\/logo\\\/image\\\/\",\"url\":\"\",\"contentUrl\":\"\",\"caption\":\"FjALA e LIR\u00cb - Arkivi\"},\"image\":{\"@id\":\"https:\\\/\\\/fjala.info\\\/2009-2015\\\/#\\\/schema\\\/logo\\\/image\\\/\"}},{\"@type\":\"Person\",\"@id\":\"https:\\\/\\\/fjala.info\\\/2009-2015\\\/#\\\/schema\\\/person\\\/3aa1163ef05469c496fc94e77611ada2\",\"name\":\"admin\",\"image\":{\"@type\":\"ImageObject\",\"inLanguage\":\"sq-AL\",\"@id\":\"https:\\\/\\\/fjala.info\\\/2009-2015\\\/wp-content\\\/uploads\\\/2012\\\/02\\\/arben_cokaj-120x150.jpg\",\"url\":\"https:\\\/\\\/fjala.info\\\/2009-2015\\\/wp-content\\\/uploads\\\/2012\\\/02\\\/arben_cokaj-120x150.jpg\",\"contentUrl\":\"https:\\\/\\\/fjala.info\\\/2009-2015\\\/wp-content\\\/uploads\\\/2012\\\/02\\\/arben_cokaj-120x150.jpg\",\"caption\":\"admin\"},\"description\":\"Admin, Fjala e Lir\u00eb\",\"sameAs\":[\"https:\\\/\\\/fjala.info\\\/\"],\"url\":\"https:\\\/\\\/fjala.info\\\/2009-2015\\\/author\\\/admin\\\/\"}]}<\/script>\n<!-- \/ Yoast SEO plugin. -->","yoast_head_json":{"title":"Europa: Presidenti, shans i humbur p\u00ebr Shqip\u00ebrin\u00eb - FjALA e LIR\u00cb - Arkivi","robots":{"index":"index","follow":"follow","max-snippet":"max-snippet:-1","max-image-preview":"max-image-preview:large","max-video-preview":"max-video-preview:-1"},"canonical":"https:\/\/fjala.info\/2009-2015\/europa-presidenti-shans-i-humbur-per-shqiperine\/","og_locale":"sq_AL","og_type":"article","og_title":"Europa: Presidenti, shans i humbur p\u00ebr Shqip\u00ebrin\u00eb - FjALA e LIR\u00cb - Arkivi","og_description":"BRUKSEL &#8211; Brukseli reagon p\u00ebr zgjedhjen e Presidentit t\u00eb ri t\u00eb vendit. Komisioni Europian p\u00ebrmes z\u00ebdh\u00ebn\u00ebsit t\u00eb Stefan Fyles (foto), Pet\u00ebr Stanos, deklaroi se BE ka ndjekur m\u00eb v\u00ebmendje situat\u00ebn n\u00eb Shqip\u00ebri. I pyetur n\u00ebse ky proces do ndikoj\u00eb n\u00eb vler\u00ebsimin e KE n\u00eb vjesht\u00eb p\u00ebr statusin kandidat t\u00eb vendit ton\u00eb, Stano tha q\u00eb \u00ebsht\u00eb [&hellip;]","og_url":"https:\/\/fjala.info\/2009-2015\/europa-presidenti-shans-i-humbur-per-shqiperine\/","og_site_name":"FjALA e LIR\u00cb - Arkivi","article_published_time":"2012-06-12T17:35:23+00:00","og_image":[{"url":"http:\/\/www.fjala.info\/2012\/stefan_fyle.jpg","type":"","width":"","height":""}],"author":"admin","twitter_card":"summary_large_image","twitter_misc":{"Written by":"admin","Est. reading time":"2 minutes"},"schema":{"@context":"https:\/\/schema.org","@graph":[{"@type":"Article","@id":"https:\/\/fjala.info\/2009-2015\/europa-presidenti-shans-i-humbur-per-shqiperine\/#article","isPartOf":{"@id":"https:\/\/fjala.info\/2009-2015\/europa-presidenti-shans-i-humbur-per-shqiperine\/"},"author":{"name":"admin","@id":"https:\/\/fjala.info\/2009-2015\/#\/schema\/person\/3aa1163ef05469c496fc94e77611ada2"},"headline":"Europa: Presidenti, shans i humbur p\u00ebr Shqip\u00ebrin\u00eb","datePublished":"2012-06-12T17:35:23+00:00","mainEntityOfPage":{"@id":"https:\/\/fjala.info\/2009-2015\/europa-presidenti-shans-i-humbur-per-shqiperine\/"},"wordCount":408,"commentCount":0,"publisher":{"@id":"https:\/\/fjala.info\/2009-2015\/#organization"},"image":{"@id":"https:\/\/fjala.info\/2009-2015\/europa-presidenti-shans-i-humbur-per-shqiperine\/#primaryimage"},"thumbnailUrl":"http:\/\/www.fjala.info\/2012\/stefan_fyle.jpg","articleSection":["Artikuj"],"inLanguage":"sq-AL","potentialAction":[{"@type":"CommentAction","name":"Comment","target":["https:\/\/fjala.info\/2009-2015\/europa-presidenti-shans-i-humbur-per-shqiperine\/#respond"]}]},{"@type":"WebPage","@id":"https:\/\/fjala.info\/2009-2015\/europa-presidenti-shans-i-humbur-per-shqiperine\/","url":"https:\/\/fjala.info\/2009-2015\/europa-presidenti-shans-i-humbur-per-shqiperine\/","name":"Europa: Presidenti, shans i humbur p\u00ebr Shqip\u00ebrin\u00eb - FjALA e LIR\u00cb - Arkivi","isPartOf":{"@id":"https:\/\/fjala.info\/2009-2015\/#website"},"primaryImageOfPage":{"@id":"https:\/\/fjala.info\/2009-2015\/europa-presidenti-shans-i-humbur-per-shqiperine\/#primaryimage"},"image":{"@id":"https:\/\/fjala.info\/2009-2015\/europa-presidenti-shans-i-humbur-per-shqiperine\/#primaryimage"},"thumbnailUrl":"http:\/\/www.fjala.info\/2012\/stefan_fyle.jpg","datePublished":"2012-06-12T17:35:23+00:00","breadcrumb":{"@id":"https:\/\/fjala.info\/2009-2015\/europa-presidenti-shans-i-humbur-per-shqiperine\/#breadcrumb"},"inLanguage":"sq-AL","potentialAction":[{"@type":"ReadAction","target":["https:\/\/fjala.info\/2009-2015\/europa-presidenti-shans-i-humbur-per-shqiperine\/"]}]},{"@type":"ImageObject","inLanguage":"sq-AL","@id":"https:\/\/fjala.info\/2009-2015\/europa-presidenti-shans-i-humbur-per-shqiperine\/#primaryimage","url":"http:\/\/www.fjala.info\/2012\/stefan_fyle.jpg","contentUrl":"http:\/\/www.fjala.info\/2012\/stefan_fyle.jpg"},{"@type":"BreadcrumbList","@id":"https:\/\/fjala.info\/2009-2015\/europa-presidenti-shans-i-humbur-per-shqiperine\/#breadcrumb","itemListElement":[{"@type":"ListItem","position":1,"name":"Home","item":"https:\/\/fjala.info\/2009-2015\/"},{"@type":"ListItem","position":2,"name":"Europa: Presidenti, shans i humbur p\u00ebr Shqip\u00ebrin\u00eb"}]},{"@type":"WebSite","@id":"https:\/\/fjala.info\/2009-2015\/#website","url":"https:\/\/fjala.info\/2009-2015\/","name":"FjALA e LIR\u00cb - Arkivi","description":"Arkivi 2009-2015","publisher":{"@id":"https:\/\/fjala.info\/2009-2015\/#organization"},"potentialAction":[{"@type":"SearchAction","target":{"@type":"EntryPoint","urlTemplate":"https:\/\/fjala.info\/2009-2015\/?s={search_term_string}"},"query-input":{"@type":"PropertyValueSpecification","valueRequired":true,"valueName":"search_term_string"}}],"inLanguage":"sq-AL"},{"@type":"Organization","@id":"https:\/\/fjala.info\/2009-2015\/#organization","name":"FjALA e LIR\u00cb - Arkivi","url":"https:\/\/fjala.info\/2009-2015\/","logo":{"@type":"ImageObject","inLanguage":"sq-AL","@id":"https:\/\/fjala.info\/2009-2015\/#\/schema\/logo\/image\/","url":"","contentUrl":"","caption":"FjALA e LIR\u00cb - Arkivi"},"image":{"@id":"https:\/\/fjala.info\/2009-2015\/#\/schema\/logo\/image\/"}},{"@type":"Person","@id":"https:\/\/fjala.info\/2009-2015\/#\/schema\/person\/3aa1163ef05469c496fc94e77611ada2","name":"admin","image":{"@type":"ImageObject","inLanguage":"sq-AL","@id":"https:\/\/fjala.info\/2009-2015\/wp-content\/uploads\/2012\/02\/arben_cokaj-120x150.jpg","url":"https:\/\/fjala.info\/2009-2015\/wp-content\/uploads\/2012\/02\/arben_cokaj-120x150.jpg","contentUrl":"https:\/\/fjala.info\/2009-2015\/wp-content\/uploads\/2012\/02\/arben_cokaj-120x150.jpg","caption":"admin"},"description":"Admin, Fjala e Lir\u00eb","sameAs":["https:\/\/fjala.info\/"],"url":"https:\/\/fjala.info\/2009-2015\/author\/admin\/"}]}},"_links":{"self":[{"href":"https:\/\/fjala.info\/2009-2015\/wp-json\/wp\/v2\/posts\/11878","targetHints":{"allow":["GET"]}}],"collection":[{"href":"https:\/\/fjala.info\/2009-2015\/wp-json\/wp\/v2\/posts"}],"about":[{"href":"https:\/\/fjala.info\/2009-2015\/wp-json\/wp\/v2\/types\/post"}],"author":[{"embeddable":true,"href":"https:\/\/fjala.info\/2009-2015\/wp-json\/wp\/v2\/users\/1"}],"replies":[{"embeddable":true,"href":"https:\/\/fjala.info\/2009-2015\/wp-json\/wp\/v2\/comments?post=11878"}],"version-history":[{"count":0,"href":"https:\/\/fjala.info\/2009-2015\/wp-json\/wp\/v2\/posts\/11878\/revisions"}],"wp:attachment":[{"href":"https:\/\/fjala.info\/2009-2015\/wp-json\/wp\/v2\/media?parent=11878"}],"wp:term":[{"taxonomy":"category","embeddable":true,"href":"https:\/\/fjala.info\/2009-2015\/wp-json\/wp\/v2\/categories?post=11878"},{"taxonomy":"post_tag","embeddable":true,"href":"https:\/\/fjala.info\/2009-2015\/wp-json\/wp\/v2\/tags?post=11878"}],"curies":[{"name":"wp","href":"https:\/\/api.w.org\/{rel}","templated":true}]}}