{"id":11876,"date":"2012-06-09T21:31:31","date_gmt":"2012-06-09T20:31:31","guid":{"rendered":"http:\/\/www.fjala.info\/?p=3201"},"modified":"2012-06-09T21:31:31","modified_gmt":"2012-06-09T20:31:31","slug":"eliza-dushku-sjell-dokumentarin-e-dashur-shqiperi-video","status":"publish","type":"post","link":"https:\/\/fjala.info\/2009-2015\/eliza-dushku-sjell-dokumentarin-e-dashur-shqiperi-video\/","title":{"rendered":"Eliza Dushku sjell dokumentarin \u201cE dashur Shqip\u00ebri\u201d (VIDEO)"},"content":{"rendered":"<p><img decoding=\"async\" class=\"alignright size-thumbnail wp-image-7236\" title=\"Eliza Dushku\" src=\"http:\/\/www.fjala.info\/2012\/eliza_dushku.jpg\" alt=\"\" width=\"200\" \/> <strong>TemA<\/strong>, <em>9 Qershor 2012<\/em><\/p>\n<p>\u201cE dashur Shqip\u00ebri. Kam qene gjithnj\u00eb kurioze dhe e hipnotizuar nga misteret e tua. Un\u00eb jam nj\u00eb shqiptare e Amerik\u00ebs nga Bostoni. Gjysh\u00ebrit e mi migruan n\u00eb Amerik\u00eb n\u00eb vitet 1940 dhe u larguan nga kjo jet\u00eb p\u00ebrpara se un\u00eb t\u00eb lindja. Babai im m\u00eb ka m\u00ebsuar t\u00eb jem krenare p\u00ebr gjakun tim shqiptar dhe tani \u00ebsht\u00eb koha p\u00ebr mua q\u00eb t\u00eb zbuloj\u00eb p\u00ebrse-ne\u201d. <\/p>\n<p>Me k\u00ebto fjal\u00eb e nis dokumentarin e saj n\u00ebn titullin \u201cE dashur Shqip\u00ebri\u201d aktorja e famshme hollivudiane, por me origjin\u00eb shqiptare, Eliza Dushku, nj\u00eb dokumentar q\u00eb synon ta b\u00ebj\u00eb Shqip\u00ebrin\u00eb nj\u00eb vend edhe m\u00eb atraktiv p\u00ebr t\u00eb huajt, raporton Vizion Plus. <\/p>\n<p>Dokumentari \u00ebsht\u00eb nj\u00eb p\u00ebrmbledhje e udh\u00ebtimit t\u00eb saj n\u00eb Shqip\u00ebri, n\u00eb disa qytete kryesore si Berati, Gjirokastra, Vlora, Saranda etj. Ne t\u00eb jan\u00eb pasqyruar vizitat e saj n\u00eb manastire, n\u00eb plazhet e mrekullueshme t\u00eb Shqip\u00ebris\u00eb, por edhe takimet me njer\u00ebzit e thjesht\u00eb apo dreka me miqt\u00eb.<\/p>\n<p><iframe loading=\"lazy\" width=\"560\" height=\"315\" src=\"http:\/\/www.youtube.com\/embed\/fFTTx8P0Wsw\" frameborder=\"0\" allowfullscreen><\/iframe><\/p>\n","protected":false},"excerpt":{"rendered":"<p>TemA, 9 Qershor 2012 \u201cE dashur Shqip\u00ebri. Kam qene gjithnj\u00eb kurioze dhe e hipnotizuar nga misteret e tua. Un\u00eb jam nj\u00eb shqiptare e Amerik\u00ebs nga Bostoni. Gjysh\u00ebrit e mi migruan n\u00eb Amerik\u00eb n\u00eb vitet 1940 dhe u larguan nga kjo jet\u00eb p\u00ebrpara se un\u00eb t\u00eb lindja. Babai im m\u00eb ka m\u00ebsuar t\u00eb jem krenare p\u00ebr [&hellip;]<\/p>\n","protected":false},"author":1,"featured_media":0,"comment_status":"open","ping_status":"closed","sticky":false,"template":"","format":"standard","meta":{"footnotes":""},"categories":[2],"tags":[],"class_list":{"0":"post-11876","1":"post","2":"type-post","3":"status-publish","4":"format-standard","6":"category-artikuj"},"yoast_head":"<!-- This site is optimized with the Yoast SEO plugin v27.4 - https:\/\/yoast.com\/product\/yoast-seo-wordpress\/ -->\n<title>Eliza Dushku sjell dokumentarin \u201cE dashur Shqip\u00ebri\u201d (VIDEO) - FjALA e LIR\u00cb - Arkivi<\/title>\n<meta name=\"robots\" content=\"index, follow, max-snippet:-1, max-image-preview:large, max-video-preview:-1\" \/>\n<link rel=\"canonical\" href=\"https:\/\/fjala.info\/2009-2015\/eliza-dushku-sjell-dokumentarin-e-dashur-shqiperi-video\/\" \/>\n<meta property=\"og:locale\" content=\"sq_AL\" \/>\n<meta property=\"og:type\" content=\"article\" \/>\n<meta property=\"og:title\" content=\"Eliza Dushku sjell dokumentarin \u201cE dashur Shqip\u00ebri\u201d (VIDEO) - FjALA e LIR\u00cb - Arkivi\" \/>\n<meta property=\"og:description\" content=\"TemA, 9 Qershor 2012 \u201cE dashur Shqip\u00ebri. Kam qene gjithnj\u00eb kurioze dhe e hipnotizuar nga misteret e tua. Un\u00eb jam nj\u00eb shqiptare e Amerik\u00ebs nga Bostoni. Gjysh\u00ebrit e mi migruan n\u00eb Amerik\u00eb n\u00eb vitet 1940 dhe u larguan nga kjo jet\u00eb p\u00ebrpara se un\u00eb t\u00eb lindja. Babai im m\u00eb ka m\u00ebsuar t\u00eb jem krenare p\u00ebr [&hellip;]\" \/>\n<meta property=\"og:url\" content=\"https:\/\/fjala.info\/2009-2015\/eliza-dushku-sjell-dokumentarin-e-dashur-shqiperi-video\/\" \/>\n<meta property=\"og:site_name\" content=\"FjALA e LIR\u00cb - Arkivi\" \/>\n<meta property=\"article:published_time\" content=\"2012-06-09T20:31:31+00:00\" \/>\n<meta property=\"og:image\" content=\"http:\/\/www.fjala.info\/2012\/eliza_dushku.jpg\" \/>\n<meta name=\"author\" content=\"admin\" \/>\n<meta name=\"twitter:card\" content=\"summary_large_image\" \/>\n<meta name=\"twitter:label1\" content=\"Written by\" \/>\n\t<meta name=\"twitter:data1\" content=\"admin\" \/>\n\t<meta name=\"twitter:label2\" content=\"Est. reading time\" \/>\n\t<meta name=\"twitter:data2\" content=\"1 minute\" \/>\n<script type=\"application\/ld+json\" class=\"yoast-schema-graph\">{\"@context\":\"https:\\\/\\\/schema.org\",\"@graph\":[{\"@type\":\"Article\",\"@id\":\"https:\\\/\\\/fjala.info\\\/2009-2015\\\/eliza-dushku-sjell-dokumentarin-e-dashur-shqiperi-video\\\/#article\",\"isPartOf\":{\"@id\":\"https:\\\/\\\/fjala.info\\\/2009-2015\\\/eliza-dushku-sjell-dokumentarin-e-dashur-shqiperi-video\\\/\"},\"author\":{\"name\":\"admin\",\"@id\":\"https:\\\/\\\/fjala.info\\\/2009-2015\\\/#\\\/schema\\\/person\\\/3aa1163ef05469c496fc94e77611ada2\"},\"headline\":\"Eliza Dushku sjell dokumentarin \u201cE dashur Shqip\u00ebri\u201d (VIDEO)\",\"datePublished\":\"2012-06-09T20:31:31+00:00\",\"mainEntityOfPage\":{\"@id\":\"https:\\\/\\\/fjala.info\\\/2009-2015\\\/eliza-dushku-sjell-dokumentarin-e-dashur-shqiperi-video\\\/\"},\"wordCount\":180,\"commentCount\":0,\"publisher\":{\"@id\":\"https:\\\/\\\/fjala.info\\\/2009-2015\\\/#organization\"},\"image\":{\"@id\":\"https:\\\/\\\/fjala.info\\\/2009-2015\\\/eliza-dushku-sjell-dokumentarin-e-dashur-shqiperi-video\\\/#primaryimage\"},\"thumbnailUrl\":\"http:\\\/\\\/www.fjala.info\\\/2012\\\/eliza_dushku.jpg\",\"articleSection\":[\"Artikuj\"],\"inLanguage\":\"sq-AL\",\"potentialAction\":[{\"@type\":\"CommentAction\",\"name\":\"Comment\",\"target\":[\"https:\\\/\\\/fjala.info\\\/2009-2015\\\/eliza-dushku-sjell-dokumentarin-e-dashur-shqiperi-video\\\/#respond\"]}]},{\"@type\":\"WebPage\",\"@id\":\"https:\\\/\\\/fjala.info\\\/2009-2015\\\/eliza-dushku-sjell-dokumentarin-e-dashur-shqiperi-video\\\/\",\"url\":\"https:\\\/\\\/fjala.info\\\/2009-2015\\\/eliza-dushku-sjell-dokumentarin-e-dashur-shqiperi-video\\\/\",\"name\":\"Eliza Dushku sjell dokumentarin \u201cE dashur Shqip\u00ebri\u201d (VIDEO) - FjALA e LIR\u00cb - Arkivi\",\"isPartOf\":{\"@id\":\"https:\\\/\\\/fjala.info\\\/2009-2015\\\/#website\"},\"primaryImageOfPage\":{\"@id\":\"https:\\\/\\\/fjala.info\\\/2009-2015\\\/eliza-dushku-sjell-dokumentarin-e-dashur-shqiperi-video\\\/#primaryimage\"},\"image\":{\"@id\":\"https:\\\/\\\/fjala.info\\\/2009-2015\\\/eliza-dushku-sjell-dokumentarin-e-dashur-shqiperi-video\\\/#primaryimage\"},\"thumbnailUrl\":\"http:\\\/\\\/www.fjala.info\\\/2012\\\/eliza_dushku.jpg\",\"datePublished\":\"2012-06-09T20:31:31+00:00\",\"breadcrumb\":{\"@id\":\"https:\\\/\\\/fjala.info\\\/2009-2015\\\/eliza-dushku-sjell-dokumentarin-e-dashur-shqiperi-video\\\/#breadcrumb\"},\"inLanguage\":\"sq-AL\",\"potentialAction\":[{\"@type\":\"ReadAction\",\"target\":[\"https:\\\/\\\/fjala.info\\\/2009-2015\\\/eliza-dushku-sjell-dokumentarin-e-dashur-shqiperi-video\\\/\"]}]},{\"@type\":\"ImageObject\",\"inLanguage\":\"sq-AL\",\"@id\":\"https:\\\/\\\/fjala.info\\\/2009-2015\\\/eliza-dushku-sjell-dokumentarin-e-dashur-shqiperi-video\\\/#primaryimage\",\"url\":\"http:\\\/\\\/www.fjala.info\\\/2012\\\/eliza_dushku.jpg\",\"contentUrl\":\"http:\\\/\\\/www.fjala.info\\\/2012\\\/eliza_dushku.jpg\"},{\"@type\":\"BreadcrumbList\",\"@id\":\"https:\\\/\\\/fjala.info\\\/2009-2015\\\/eliza-dushku-sjell-dokumentarin-e-dashur-shqiperi-video\\\/#breadcrumb\",\"itemListElement\":[{\"@type\":\"ListItem\",\"position\":1,\"name\":\"Home\",\"item\":\"https:\\\/\\\/fjala.info\\\/2009-2015\\\/\"},{\"@type\":\"ListItem\",\"position\":2,\"name\":\"Eliza Dushku sjell dokumentarin \u201cE dashur Shqip\u00ebri\u201d (VIDEO)\"}]},{\"@type\":\"WebSite\",\"@id\":\"https:\\\/\\\/fjala.info\\\/2009-2015\\\/#website\",\"url\":\"https:\\\/\\\/fjala.info\\\/2009-2015\\\/\",\"name\":\"FjALA e LIR\u00cb - Arkivi\",\"description\":\"Arkivi 2009-2015\",\"publisher\":{\"@id\":\"https:\\\/\\\/fjala.info\\\/2009-2015\\\/#organization\"},\"potentialAction\":[{\"@type\":\"SearchAction\",\"target\":{\"@type\":\"EntryPoint\",\"urlTemplate\":\"https:\\\/\\\/fjala.info\\\/2009-2015\\\/?s={search_term_string}\"},\"query-input\":{\"@type\":\"PropertyValueSpecification\",\"valueRequired\":true,\"valueName\":\"search_term_string\"}}],\"inLanguage\":\"sq-AL\"},{\"@type\":\"Organization\",\"@id\":\"https:\\\/\\\/fjala.info\\\/2009-2015\\\/#organization\",\"name\":\"FjALA e LIR\u00cb - Arkivi\",\"url\":\"https:\\\/\\\/fjala.info\\\/2009-2015\\\/\",\"logo\":{\"@type\":\"ImageObject\",\"inLanguage\":\"sq-AL\",\"@id\":\"https:\\\/\\\/fjala.info\\\/2009-2015\\\/#\\\/schema\\\/logo\\\/image\\\/\",\"url\":\"\",\"contentUrl\":\"\",\"caption\":\"FjALA e LIR\u00cb - Arkivi\"},\"image\":{\"@id\":\"https:\\\/\\\/fjala.info\\\/2009-2015\\\/#\\\/schema\\\/logo\\\/image\\\/\"}},{\"@type\":\"Person\",\"@id\":\"https:\\\/\\\/fjala.info\\\/2009-2015\\\/#\\\/schema\\\/person\\\/3aa1163ef05469c496fc94e77611ada2\",\"name\":\"admin\",\"image\":{\"@type\":\"ImageObject\",\"inLanguage\":\"sq-AL\",\"@id\":\"https:\\\/\\\/fjala.info\\\/2009-2015\\\/wp-content\\\/uploads\\\/2012\\\/02\\\/arben_cokaj-120x150.jpg\",\"url\":\"https:\\\/\\\/fjala.info\\\/2009-2015\\\/wp-content\\\/uploads\\\/2012\\\/02\\\/arben_cokaj-120x150.jpg\",\"contentUrl\":\"https:\\\/\\\/fjala.info\\\/2009-2015\\\/wp-content\\\/uploads\\\/2012\\\/02\\\/arben_cokaj-120x150.jpg\",\"caption\":\"admin\"},\"description\":\"Admin, Fjala e Lir\u00eb\",\"sameAs\":[\"https:\\\/\\\/fjala.info\\\/\"],\"url\":\"https:\\\/\\\/fjala.info\\\/2009-2015\\\/author\\\/admin\\\/\"}]}<\/script>\n<!-- \/ Yoast SEO plugin. -->","yoast_head_json":{"title":"Eliza Dushku sjell dokumentarin \u201cE dashur Shqip\u00ebri\u201d (VIDEO) - FjALA e LIR\u00cb - Arkivi","robots":{"index":"index","follow":"follow","max-snippet":"max-snippet:-1","max-image-preview":"max-image-preview:large","max-video-preview":"max-video-preview:-1"},"canonical":"https:\/\/fjala.info\/2009-2015\/eliza-dushku-sjell-dokumentarin-e-dashur-shqiperi-video\/","og_locale":"sq_AL","og_type":"article","og_title":"Eliza Dushku sjell dokumentarin \u201cE dashur Shqip\u00ebri\u201d (VIDEO) - FjALA e LIR\u00cb - Arkivi","og_description":"TemA, 9 Qershor 2012 \u201cE dashur Shqip\u00ebri. Kam qene gjithnj\u00eb kurioze dhe e hipnotizuar nga misteret e tua. Un\u00eb jam nj\u00eb shqiptare e Amerik\u00ebs nga Bostoni. Gjysh\u00ebrit e mi migruan n\u00eb Amerik\u00eb n\u00eb vitet 1940 dhe u larguan nga kjo jet\u00eb p\u00ebrpara se un\u00eb t\u00eb lindja. Babai im m\u00eb ka m\u00ebsuar t\u00eb jem krenare p\u00ebr [&hellip;]","og_url":"https:\/\/fjala.info\/2009-2015\/eliza-dushku-sjell-dokumentarin-e-dashur-shqiperi-video\/","og_site_name":"FjALA e LIR\u00cb - Arkivi","article_published_time":"2012-06-09T20:31:31+00:00","og_image":[{"url":"http:\/\/www.fjala.info\/2012\/eliza_dushku.jpg","type":"","width":"","height":""}],"author":"admin","twitter_card":"summary_large_image","twitter_misc":{"Written by":"admin","Est. reading time":"1 minute"},"schema":{"@context":"https:\/\/schema.org","@graph":[{"@type":"Article","@id":"https:\/\/fjala.info\/2009-2015\/eliza-dushku-sjell-dokumentarin-e-dashur-shqiperi-video\/#article","isPartOf":{"@id":"https:\/\/fjala.info\/2009-2015\/eliza-dushku-sjell-dokumentarin-e-dashur-shqiperi-video\/"},"author":{"name":"admin","@id":"https:\/\/fjala.info\/2009-2015\/#\/schema\/person\/3aa1163ef05469c496fc94e77611ada2"},"headline":"Eliza Dushku sjell dokumentarin \u201cE dashur Shqip\u00ebri\u201d (VIDEO)","datePublished":"2012-06-09T20:31:31+00:00","mainEntityOfPage":{"@id":"https:\/\/fjala.info\/2009-2015\/eliza-dushku-sjell-dokumentarin-e-dashur-shqiperi-video\/"},"wordCount":180,"commentCount":0,"publisher":{"@id":"https:\/\/fjala.info\/2009-2015\/#organization"},"image":{"@id":"https:\/\/fjala.info\/2009-2015\/eliza-dushku-sjell-dokumentarin-e-dashur-shqiperi-video\/#primaryimage"},"thumbnailUrl":"http:\/\/www.fjala.info\/2012\/eliza_dushku.jpg","articleSection":["Artikuj"],"inLanguage":"sq-AL","potentialAction":[{"@type":"CommentAction","name":"Comment","target":["https:\/\/fjala.info\/2009-2015\/eliza-dushku-sjell-dokumentarin-e-dashur-shqiperi-video\/#respond"]}]},{"@type":"WebPage","@id":"https:\/\/fjala.info\/2009-2015\/eliza-dushku-sjell-dokumentarin-e-dashur-shqiperi-video\/","url":"https:\/\/fjala.info\/2009-2015\/eliza-dushku-sjell-dokumentarin-e-dashur-shqiperi-video\/","name":"Eliza Dushku sjell dokumentarin \u201cE dashur Shqip\u00ebri\u201d (VIDEO) - FjALA e LIR\u00cb - Arkivi","isPartOf":{"@id":"https:\/\/fjala.info\/2009-2015\/#website"},"primaryImageOfPage":{"@id":"https:\/\/fjala.info\/2009-2015\/eliza-dushku-sjell-dokumentarin-e-dashur-shqiperi-video\/#primaryimage"},"image":{"@id":"https:\/\/fjala.info\/2009-2015\/eliza-dushku-sjell-dokumentarin-e-dashur-shqiperi-video\/#primaryimage"},"thumbnailUrl":"http:\/\/www.fjala.info\/2012\/eliza_dushku.jpg","datePublished":"2012-06-09T20:31:31+00:00","breadcrumb":{"@id":"https:\/\/fjala.info\/2009-2015\/eliza-dushku-sjell-dokumentarin-e-dashur-shqiperi-video\/#breadcrumb"},"inLanguage":"sq-AL","potentialAction":[{"@type":"ReadAction","target":["https:\/\/fjala.info\/2009-2015\/eliza-dushku-sjell-dokumentarin-e-dashur-shqiperi-video\/"]}]},{"@type":"ImageObject","inLanguage":"sq-AL","@id":"https:\/\/fjala.info\/2009-2015\/eliza-dushku-sjell-dokumentarin-e-dashur-shqiperi-video\/#primaryimage","url":"http:\/\/www.fjala.info\/2012\/eliza_dushku.jpg","contentUrl":"http:\/\/www.fjala.info\/2012\/eliza_dushku.jpg"},{"@type":"BreadcrumbList","@id":"https:\/\/fjala.info\/2009-2015\/eliza-dushku-sjell-dokumentarin-e-dashur-shqiperi-video\/#breadcrumb","itemListElement":[{"@type":"ListItem","position":1,"name":"Home","item":"https:\/\/fjala.info\/2009-2015\/"},{"@type":"ListItem","position":2,"name":"Eliza Dushku sjell dokumentarin \u201cE dashur Shqip\u00ebri\u201d (VIDEO)"}]},{"@type":"WebSite","@id":"https:\/\/fjala.info\/2009-2015\/#website","url":"https:\/\/fjala.info\/2009-2015\/","name":"FjALA e LIR\u00cb - Arkivi","description":"Arkivi 2009-2015","publisher":{"@id":"https:\/\/fjala.info\/2009-2015\/#organization"},"potentialAction":[{"@type":"SearchAction","target":{"@type":"EntryPoint","urlTemplate":"https:\/\/fjala.info\/2009-2015\/?s={search_term_string}"},"query-input":{"@type":"PropertyValueSpecification","valueRequired":true,"valueName":"search_term_string"}}],"inLanguage":"sq-AL"},{"@type":"Organization","@id":"https:\/\/fjala.info\/2009-2015\/#organization","name":"FjALA e LIR\u00cb - Arkivi","url":"https:\/\/fjala.info\/2009-2015\/","logo":{"@type":"ImageObject","inLanguage":"sq-AL","@id":"https:\/\/fjala.info\/2009-2015\/#\/schema\/logo\/image\/","url":"","contentUrl":"","caption":"FjALA e LIR\u00cb - Arkivi"},"image":{"@id":"https:\/\/fjala.info\/2009-2015\/#\/schema\/logo\/image\/"}},{"@type":"Person","@id":"https:\/\/fjala.info\/2009-2015\/#\/schema\/person\/3aa1163ef05469c496fc94e77611ada2","name":"admin","image":{"@type":"ImageObject","inLanguage":"sq-AL","@id":"https:\/\/fjala.info\/2009-2015\/wp-content\/uploads\/2012\/02\/arben_cokaj-120x150.jpg","url":"https:\/\/fjala.info\/2009-2015\/wp-content\/uploads\/2012\/02\/arben_cokaj-120x150.jpg","contentUrl":"https:\/\/fjala.info\/2009-2015\/wp-content\/uploads\/2012\/02\/arben_cokaj-120x150.jpg","caption":"admin"},"description":"Admin, Fjala e Lir\u00eb","sameAs":["https:\/\/fjala.info\/"],"url":"https:\/\/fjala.info\/2009-2015\/author\/admin\/"}]}},"_links":{"self":[{"href":"https:\/\/fjala.info\/2009-2015\/wp-json\/wp\/v2\/posts\/11876","targetHints":{"allow":["GET"]}}],"collection":[{"href":"https:\/\/fjala.info\/2009-2015\/wp-json\/wp\/v2\/posts"}],"about":[{"href":"https:\/\/fjala.info\/2009-2015\/wp-json\/wp\/v2\/types\/post"}],"author":[{"embeddable":true,"href":"https:\/\/fjala.info\/2009-2015\/wp-json\/wp\/v2\/users\/1"}],"replies":[{"embeddable":true,"href":"https:\/\/fjala.info\/2009-2015\/wp-json\/wp\/v2\/comments?post=11876"}],"version-history":[{"count":0,"href":"https:\/\/fjala.info\/2009-2015\/wp-json\/wp\/v2\/posts\/11876\/revisions"}],"wp:attachment":[{"href":"https:\/\/fjala.info\/2009-2015\/wp-json\/wp\/v2\/media?parent=11876"}],"wp:term":[{"taxonomy":"category","embeddable":true,"href":"https:\/\/fjala.info\/2009-2015\/wp-json\/wp\/v2\/categories?post=11876"},{"taxonomy":"post_tag","embeddable":true,"href":"https:\/\/fjala.info\/2009-2015\/wp-json\/wp\/v2\/tags?post=11876"}],"curies":[{"name":"wp","href":"https:\/\/api.w.org\/{rel}","templated":true}]}}