{"id":11875,"date":"2012-06-09T14:29:09","date_gmt":"2012-06-09T13:29:09","guid":{"rendered":"http:\/\/www.fjala.info\/?p=3197"},"modified":"2012-06-09T14:29:09","modified_gmt":"2012-06-09T13:29:09","slug":"interviste-me-martina-ivezaj-bukuroshen-dhe-modelen-shqiptare-nga-malesia-me-banim-ne-gjermani","status":"publish","type":"post","link":"https:\/\/fjala.info\/2009-2015\/interviste-me-martina-ivezaj-bukuroshen-dhe-modelen-shqiptare-nga-malesia-me-banim-ne-gjermani\/","title":{"rendered":"Intervist\u00eb me Martina Ivezaj, bukurosh\u00ebn dhe model\u00ebn shqiptare nga Mal\u00ebsia me banim n\u00eb Gjermani"},"content":{"rendered":"<p><img decoding=\"async\" class=\"alignright size-thumbnail wp-image-7236\" title=\"Martina Ivezaj\" src=\"http:\/\/www.fjala.info\/2012\/martina_ivezaj.jpg\" alt=\"\" width=\"300\" \/>&#8211; <em>Foto Ekskluzive<\/em><\/p>\n<p><strong><em>Bukurija shqiptare ngadhnjen n\u00eb gjith\u00eb bot\u00ebn, edhe bukuroshja dhe modelja nga Mal\u00ebsia Martina Ivezaj solli kuror\u00ebn t\u00eb cil\u00ebn me meritat e saj e fitoj n\u00eb &#8220;Miss Rinora 4&#8221; n\u00eb Zvicerr.<\/em><\/strong><\/p>\n<p><strong>Malesia.Org &#8211; Kush \u00ebsht\u00eb Martina dhe \u00e7ka b\u00ebn\u00eb?<\/strong><br \/>\n<strong>Martina Ivezaj<\/strong>: Un\u00eb jam Martina Ivezaj jam nj\u00eb vajz\u00eb mal\u00ebsore q\u00eb vi ga Mal\u00ebsia, por lindur dhe rritur jam n\u00eb Gjermani, jam nx\u00ebnse e klas\u00ebs 11 n\u00eb gjimnaz n\u00eb Augsburg, ku po p\u00ebrgaditem t\u00eb b\u00ebj matur\u00ebn dhe t\u00eb studijoj.<\/p>\n<p><strong>Malesia.Org &#8211; Sa vje\u00e7are jeni Martina?<\/strong><br \/>\n<strong>Martina Ivezaj<\/strong>: Jam 19 vje\u00e7are.<\/p>\n<p><strong>Malesia.Org &#8211; Me q\u00ebn\u00eb se ju jeni fituasja e vendit t\u00eb par\u00eb n\u00eb &#8220;Miss Rinora 4&#8221; n\u00eb Zvicerr, si u ndjeve kur e more v\u00ebndin e par\u00eb, dhe \u00e7far\u00eb do t\u00eb thot\u00eb ky \u00e7mim p\u00ebr ju?<\/strong><\/p>\n<p><img decoding=\"async\" class=\"alignleft size-thumbnail wp-image-7236\" title=\"Martina Ivezaj\" src=\"http:\/\/www.fjala.info\/2012\/martina_ivezaj1.jpg\" alt=\"\" width=\"300\" \/><strong>Martina Ivezaj<\/strong>: Natyrisht u g\u00ebzova, thash se ndoshhta nuk kam m\u00ebnduar se do t\u00eb shpallem Miss rinora 4 2008 se kam shpresuar se mund t\u00eb marre k\u00ebt\u00eb \u00e7mim dhe u ndjeva si \u00e7do fituese e lumtur. Ky \u00e7mim p\u00ebr mua ka nj\u00eb vler\u00eb shum\u00eb t\u00eb madhe sepse un\u00eb me k\u00ebt\u00eb kuror\u00eb nderoij Mal\u00ebsin\u00eb e Madhe, e cila ka nj\u00eb bukuri t\u00eb madhe, t\u00eb radh e natyrale dhe ka varza t\u00eb bukura q\u00eb shk\u00eblqejn\u00eb mu si natyra e Mal\u00ebsis\u00eb, prandaj ky \u00e7mim ka nj\u00eb vler\u00eb t\u00eb madhe p\u00ebr mua dhe Mal\u00ebsin\u00eb.<\/p>\n<p><strong>Malesia.Org &#8211; &#8220;Miss rinora 4&#8221; \u00ebsht\u00eb nj\u00eb zgjedhje q\u00eb mbahet \u00e7do vit n\u00eb Zvicerr, si ju lindi deshira q\u00eb t\u00eb konkuroni?<\/strong><br \/>\n<strong>Martina Ivezaj<\/strong>: Si e vog\u00ebl, duke shikuar televizionin, m\u00eb ka p\u00eblqyer modelimi dhe l\u00ebvizjet elegante t\u00eb varzave t\u00eb bukura, kam pas d\u00ebshir\u00eb q\u00eb nj\u00eb dit\u00eb edhe un\u00eb t\u00eb provoj di\u00e7ka t\u00eb till\u00eb.<\/p>\n<p><strong>Malesia.Org &#8211; \u00c7far\u00eb p\u00ebrshtypje ju la konkursi n\u00eb Miss rinora 4 dhe a \u00ebsht\u00eb kjo hera e pare q\u00eb shkelni sken\u00ebn p\u00ebr t\u00eb treguar bukurin\u00eb dhe eleganc\u00ebn tuaj, apo keni konkuruar ndokun tjet\u00ebr m\u00eb par\u00eb ?<\/strong><\/p>\n<p><img decoding=\"async\" class=\"alignright size-thumbnail wp-image-7236\" title=\"Martina Ivezaj\" src=\"http:\/\/www.fjala.info\/2012\/martina_ivezaj2.jpg\" alt=\"\" width=\"300\" \/><\/p>\n<p><strong>Martina Ivezaj<\/strong>: P\u00ebrshtypje m\u00eb s\u00eb shumtit m\u00eb la organizimi, atmosfera, dhe mik\u00ebpritja e Kosovarve ndaj nj\u00eb vajze mal\u00ebsore. Jo nuk \u00ebsht\u00eb hera e par\u00eb. N\u00eb vitin 2006 mora pjes\u00eb n\u00eb Tuz n\u00eb &#8220;Miss Mal\u00ebsia&#8221;, ku mora shp\u00ebrblimin e dyt\u00eb si p\u00ebcjellsja e par\u00eb e Missit.<\/p>\n<p><strong>Malesia.Org &#8211; Planet e Martin\u00ebs p\u00ebr n\u00eb t\u00eb ardhm\u00ebn?<\/strong><br \/>\n<strong>Martina Ivezaj<\/strong>: Nj\u00eb her\u00eb t\u00eb ju them t\u00eb drejt\u00ebn kam n\u00eb plan shkoll\u00ebn p\u00ebr ta p\u00ebrfundue dhe mbasandej t\u00eb studijoj, kurse n\u00eb muajt n\u00eb vijim jam e ftuar n\u00eb Miss Kosova t\u00eb konkuroj p\u00ebr Miss Kosova 2009.<\/p>\n<p><strong>Malesia.org &#8211; Ju jeni prezentuese e Bravos Hip Hop n\u00eb Gjermani dhe markave n\u00eb p\u00ebrgjith\u00ebsi, sa jeni e k\u00ebnaqur me k\u00ebt\u00eb?<\/strong><br \/>\n<strong>Martina Ivezaj<\/strong>: Po jam prezentuese e muajit mars n\u00eb Bravo Hip Hop special dhe jam n\u00eb agentur\u00ebn HUNGER UND SIMMETH n\u00eb drejtime t\u00eb ndryshme. Jam e k\u00ebnaqur p\u00ebr deri k\u00ebtu sa kam arrit.<\/p>\n<p><strong>Malesia.Org &#8211; A i ruani marr\u00ebdh\u00ebnjet me shqiptar\u00ebt nga Mal\u00ebsia? Dhe me k\u00ebn m\u00eb s\u00eb shumtit?<\/strong><br \/>\n<strong>Martina Ivezaj<\/strong>: Marr\u00ebdh\u00ebnjet i ruaj shum\u00eb me rinin nga Mal\u00ebsia dhe p\u00ebr at jam shum\u00eb krenare dhe kam nj\u00eb shoq\u00ebri shum\u00eb t\u00eb ngusht\u00eb t\u00eb cil\u00ebt i rrespektoj dhe m\u00eb rrespektojn\u00eb.<\/p>\n<p><strong>Malesia.Org &#8211; Sa i ruani traditat shqiptare n\u00eb Gjermani?<\/strong><br \/>\n<strong>Martina Ivezaj<\/strong>: Traditat shqiptare i ruaj shum\u00eb dhe dua t\u00eb them k\u00ebtu n\u00eb Gjermani kemi shoqat\u00ebn ton\u00eb &#8220;LAHUTA E MAL\u00cbSIS\u00cb&#8221; n\u00eb krye me kryetarin Gjelosh Gjokaj dhe babain tim Palok Ivezaj, ku organizojm\u00eb shum\u00eb festa t\u00eb Mal\u00ebsis\u00eb dhe aty marr\u00eb pjes\u00eb n\u00eb shum\u00eb drama dhe recitime.<\/p>\n<p><strong>Malesia.Org &#8211; Cila \u00ebsht\u00eb fantazia juaj q\u00eb nuk e keni realizuar ende?<\/strong><br \/>\n<strong>Martina Ivezaj<\/strong>: Fantazia ime \u00ebsht\u00eb nj\u00eb her\u00eb t\u00eb vizitoj Shqip\u00ebrin\u00eb e bukur.<\/p>\n<p><strong>Malesia.Org &#8211; Cilli \u00ebsht\u00eb hobi dhe idoli juaj?<\/strong><br \/>\n<strong>Martina Ivezaj<\/strong>: Hobi kam artin me t\u00eb cil\u00ebn merrem n\u00eb koh\u00eb t\u00eb lir\u00eb, kurse idolia ime e preferuar \u00ebsht\u00eb Zana Krasniqi p\u00ebr t\u00eb cil\u00ebn jam un\u00eb dhe gjith\u00eb shqiptaria krenar me t\u00eb.<\/p>\n<p><img decoding=\"async\" class=\"alignleft size-thumbnail wp-image-7236\" title=\"Martina Ivezaj\" src=\"http:\/\/www.fjala.info\/2012\/martina_ivezaj3.jpg\" alt=\"\" width=\"300\" \/><\/p>\n<p><strong>Malesia.Org &#8211; Zakonisht n\u00ebp\u00ebr intervista t\u00eb ndryshme bukuroshet sikur ju i pyesin a jeni e dashuruar? keni t\u00eb dashur n\u00ebse jo, pse? dhe \u00e7far\u00eb prisni?<\/strong><br \/>\n<strong>Martina Ivezaj<\/strong>: K\u00ebto pyetje jan\u00eb normale, mir\u00ebpo ende nuk jam e dashurueme, nuk kam ende t\u00eb dashur, po e pres princin n\u00eb kal\u00eb t\u00eb bardh\u00eb(qesh).<\/p>\n<p><strong>Mal\u00ebsia.Org &#8211; Zonjusha Ivezaj, ju faleminderit p\u00ebr intervist\u00ebn dhe koh\u00ebn q\u00eb na kushtuat, duke ju d\u00ebshiruar suksese dhe pun\u00eb t\u00eb mbar\u00eb n\u00eb t\u00eb ardhm\u00ebn, n\u00eb m\u00ebnyr\u00eb q\u00eb me bukurin dhe suksesin tuaj t\u00eb krenohemi edhe ne n\u00eb t\u00eb ardhm\u00ebn.<\/strong><\/p>\n<p><strong>Martina Ivezaj<\/strong>: Ju faleminderit juve p\u00ebr interesimin q\u00eb pat\u00ebt t\u00eb bisedoni me mua dhe p\u00ebr koh\u00ebn q\u00eb m\u00eb kushtuat, ju p\u00ebrsh\u00ebndes juve dhe gjith\u00eb lexuesve t\u00eb www.malesia.org t\u00eb cil\u00ebn e frekuentoj shum\u00eb, ku lirsh\u00ebm mund t\u00eb them se jeni posta elektornike, m\u00eb e dashur dhe m\u00eb e bukur p\u00ebr shqiptar\u00ebt edhe k\u00ebtu n\u00eb diaspor\u00eb. Pun\u00eb t\u00eb mbar\u00eb n\u00eb t\u00eb ardhm\u00ebn vet\u00ebm vazhdoni k\u00ebshtu si deri m\u00eb tani se jeni m\u00eb t\u00eb mir\u00ebt.<\/p>\n<p>Intervistoi: <em><strong>Albert Camaj <\/strong>&#8211; Malesia.Org<\/em><\/p>\n","protected":false},"excerpt":{"rendered":"<p>&#8211; Foto Ekskluzive Bukurija shqiptare ngadhnjen n\u00eb gjith\u00eb bot\u00ebn, edhe bukuroshja dhe modelja nga Mal\u00ebsia Martina Ivezaj solli kuror\u00ebn t\u00eb cil\u00ebn me meritat e saj e fitoj n\u00eb &#8220;Miss Rinora 4&#8221; n\u00eb Zvicerr. Malesia.Org &#8211; Kush \u00ebsht\u00eb Martina dhe \u00e7ka b\u00ebn\u00eb? Martina Ivezaj: Un\u00eb jam Martina Ivezaj jam nj\u00eb vajz\u00eb mal\u00ebsore q\u00eb vi ga Mal\u00ebsia, [&hellip;]<\/p>\n","protected":false},"author":1,"featured_media":0,"comment_status":"open","ping_status":"closed","sticky":false,"template":"","format":"standard","meta":{"footnotes":""},"categories":[2],"tags":[],"class_list":{"0":"post-11875","1":"post","2":"type-post","3":"status-publish","4":"format-standard","6":"category-artikuj"},"yoast_head":"<!-- This site is optimized with the Yoast SEO plugin v27.4 - https:\/\/yoast.com\/product\/yoast-seo-wordpress\/ -->\n<title>Intervist\u00eb me Martina Ivezaj, bukurosh\u00ebn dhe model\u00ebn shqiptare nga Mal\u00ebsia me banim n\u00eb Gjermani - FjALA e LIR\u00cb - Arkivi<\/title>\n<meta name=\"robots\" content=\"index, follow, max-snippet:-1, max-image-preview:large, max-video-preview:-1\" \/>\n<link rel=\"canonical\" href=\"https:\/\/fjala.info\/2009-2015\/interviste-me-martina-ivezaj-bukuroshen-dhe-modelen-shqiptare-nga-malesia-me-banim-ne-gjermani\/\" \/>\n<meta property=\"og:locale\" content=\"sq_AL\" \/>\n<meta property=\"og:type\" content=\"article\" \/>\n<meta property=\"og:title\" content=\"Intervist\u00eb me Martina Ivezaj, bukurosh\u00ebn dhe model\u00ebn shqiptare nga Mal\u00ebsia me banim n\u00eb Gjermani - FjALA e LIR\u00cb - Arkivi\" \/>\n<meta property=\"og:description\" content=\"&#8211; Foto Ekskluzive Bukurija shqiptare ngadhnjen n\u00eb gjith\u00eb bot\u00ebn, edhe bukuroshja dhe modelja nga Mal\u00ebsia Martina Ivezaj solli kuror\u00ebn t\u00eb cil\u00ebn me meritat e saj e fitoj n\u00eb &#8220;Miss Rinora 4&#8221; n\u00eb Zvicerr. Malesia.Org &#8211; Kush \u00ebsht\u00eb Martina dhe \u00e7ka b\u00ebn\u00eb? Martina Ivezaj: Un\u00eb jam Martina Ivezaj jam nj\u00eb vajz\u00eb mal\u00ebsore q\u00eb vi ga Mal\u00ebsia, [&hellip;]\" \/>\n<meta property=\"og:url\" content=\"https:\/\/fjala.info\/2009-2015\/interviste-me-martina-ivezaj-bukuroshen-dhe-modelen-shqiptare-nga-malesia-me-banim-ne-gjermani\/\" \/>\n<meta property=\"og:site_name\" content=\"FjALA e LIR\u00cb - Arkivi\" \/>\n<meta property=\"article:published_time\" content=\"2012-06-09T13:29:09+00:00\" \/>\n<meta property=\"og:image\" content=\"http:\/\/www.fjala.info\/2012\/martina_ivezaj.jpg\" \/>\n<meta name=\"author\" content=\"admin\" \/>\n<meta name=\"twitter:card\" content=\"summary_large_image\" \/>\n<meta name=\"twitter:label1\" content=\"Written by\" \/>\n\t<meta name=\"twitter:data1\" content=\"admin\" \/>\n\t<meta name=\"twitter:label2\" content=\"Est. reading time\" \/>\n\t<meta name=\"twitter:data2\" content=\"4 minutes\" \/>\n<script type=\"application\/ld+json\" class=\"yoast-schema-graph\">{\"@context\":\"https:\\\/\\\/schema.org\",\"@graph\":[{\"@type\":\"Article\",\"@id\":\"https:\\\/\\\/fjala.info\\\/2009-2015\\\/interviste-me-martina-ivezaj-bukuroshen-dhe-modelen-shqiptare-nga-malesia-me-banim-ne-gjermani\\\/#article\",\"isPartOf\":{\"@id\":\"https:\\\/\\\/fjala.info\\\/2009-2015\\\/interviste-me-martina-ivezaj-bukuroshen-dhe-modelen-shqiptare-nga-malesia-me-banim-ne-gjermani\\\/\"},\"author\":{\"name\":\"admin\",\"@id\":\"https:\\\/\\\/fjala.info\\\/2009-2015\\\/#\\\/schema\\\/person\\\/3aa1163ef05469c496fc94e77611ada2\"},\"headline\":\"Intervist\u00eb me Martina Ivezaj, bukurosh\u00ebn dhe model\u00ebn shqiptare nga Mal\u00ebsia me banim n\u00eb Gjermani\",\"datePublished\":\"2012-06-09T13:29:09+00:00\",\"mainEntityOfPage\":{\"@id\":\"https:\\\/\\\/fjala.info\\\/2009-2015\\\/interviste-me-martina-ivezaj-bukuroshen-dhe-modelen-shqiptare-nga-malesia-me-banim-ne-gjermani\\\/\"},\"wordCount\":911,\"commentCount\":0,\"publisher\":{\"@id\":\"https:\\\/\\\/fjala.info\\\/2009-2015\\\/#organization\"},\"image\":{\"@id\":\"https:\\\/\\\/fjala.info\\\/2009-2015\\\/interviste-me-martina-ivezaj-bukuroshen-dhe-modelen-shqiptare-nga-malesia-me-banim-ne-gjermani\\\/#primaryimage\"},\"thumbnailUrl\":\"http:\\\/\\\/www.fjala.info\\\/2012\\\/martina_ivezaj.jpg\",\"articleSection\":[\"Artikuj\"],\"inLanguage\":\"sq-AL\",\"potentialAction\":[{\"@type\":\"CommentAction\",\"name\":\"Comment\",\"target\":[\"https:\\\/\\\/fjala.info\\\/2009-2015\\\/interviste-me-martina-ivezaj-bukuroshen-dhe-modelen-shqiptare-nga-malesia-me-banim-ne-gjermani\\\/#respond\"]}]},{\"@type\":\"WebPage\",\"@id\":\"https:\\\/\\\/fjala.info\\\/2009-2015\\\/interviste-me-martina-ivezaj-bukuroshen-dhe-modelen-shqiptare-nga-malesia-me-banim-ne-gjermani\\\/\",\"url\":\"https:\\\/\\\/fjala.info\\\/2009-2015\\\/interviste-me-martina-ivezaj-bukuroshen-dhe-modelen-shqiptare-nga-malesia-me-banim-ne-gjermani\\\/\",\"name\":\"Intervist\u00eb me Martina Ivezaj, bukurosh\u00ebn dhe model\u00ebn shqiptare nga Mal\u00ebsia me banim n\u00eb Gjermani - FjALA e LIR\u00cb - Arkivi\",\"isPartOf\":{\"@id\":\"https:\\\/\\\/fjala.info\\\/2009-2015\\\/#website\"},\"primaryImageOfPage\":{\"@id\":\"https:\\\/\\\/fjala.info\\\/2009-2015\\\/interviste-me-martina-ivezaj-bukuroshen-dhe-modelen-shqiptare-nga-malesia-me-banim-ne-gjermani\\\/#primaryimage\"},\"image\":{\"@id\":\"https:\\\/\\\/fjala.info\\\/2009-2015\\\/interviste-me-martina-ivezaj-bukuroshen-dhe-modelen-shqiptare-nga-malesia-me-banim-ne-gjermani\\\/#primaryimage\"},\"thumbnailUrl\":\"http:\\\/\\\/www.fjala.info\\\/2012\\\/martina_ivezaj.jpg\",\"datePublished\":\"2012-06-09T13:29:09+00:00\",\"breadcrumb\":{\"@id\":\"https:\\\/\\\/fjala.info\\\/2009-2015\\\/interviste-me-martina-ivezaj-bukuroshen-dhe-modelen-shqiptare-nga-malesia-me-banim-ne-gjermani\\\/#breadcrumb\"},\"inLanguage\":\"sq-AL\",\"potentialAction\":[{\"@type\":\"ReadAction\",\"target\":[\"https:\\\/\\\/fjala.info\\\/2009-2015\\\/interviste-me-martina-ivezaj-bukuroshen-dhe-modelen-shqiptare-nga-malesia-me-banim-ne-gjermani\\\/\"]}]},{\"@type\":\"ImageObject\",\"inLanguage\":\"sq-AL\",\"@id\":\"https:\\\/\\\/fjala.info\\\/2009-2015\\\/interviste-me-martina-ivezaj-bukuroshen-dhe-modelen-shqiptare-nga-malesia-me-banim-ne-gjermani\\\/#primaryimage\",\"url\":\"http:\\\/\\\/www.fjala.info\\\/2012\\\/martina_ivezaj.jpg\",\"contentUrl\":\"http:\\\/\\\/www.fjala.info\\\/2012\\\/martina_ivezaj.jpg\"},{\"@type\":\"BreadcrumbList\",\"@id\":\"https:\\\/\\\/fjala.info\\\/2009-2015\\\/interviste-me-martina-ivezaj-bukuroshen-dhe-modelen-shqiptare-nga-malesia-me-banim-ne-gjermani\\\/#breadcrumb\",\"itemListElement\":[{\"@type\":\"ListItem\",\"position\":1,\"name\":\"Home\",\"item\":\"https:\\\/\\\/fjala.info\\\/2009-2015\\\/\"},{\"@type\":\"ListItem\",\"position\":2,\"name\":\"Intervist\u00eb me Martina Ivezaj, bukurosh\u00ebn dhe model\u00ebn shqiptare nga Mal\u00ebsia me banim n\u00eb Gjermani\"}]},{\"@type\":\"WebSite\",\"@id\":\"https:\\\/\\\/fjala.info\\\/2009-2015\\\/#website\",\"url\":\"https:\\\/\\\/fjala.info\\\/2009-2015\\\/\",\"name\":\"FjALA e LIR\u00cb - Arkivi\",\"description\":\"Arkivi 2009-2015\",\"publisher\":{\"@id\":\"https:\\\/\\\/fjala.info\\\/2009-2015\\\/#organization\"},\"potentialAction\":[{\"@type\":\"SearchAction\",\"target\":{\"@type\":\"EntryPoint\",\"urlTemplate\":\"https:\\\/\\\/fjala.info\\\/2009-2015\\\/?s={search_term_string}\"},\"query-input\":{\"@type\":\"PropertyValueSpecification\",\"valueRequired\":true,\"valueName\":\"search_term_string\"}}],\"inLanguage\":\"sq-AL\"},{\"@type\":\"Organization\",\"@id\":\"https:\\\/\\\/fjala.info\\\/2009-2015\\\/#organization\",\"name\":\"FjALA e LIR\u00cb - Arkivi\",\"url\":\"https:\\\/\\\/fjala.info\\\/2009-2015\\\/\",\"logo\":{\"@type\":\"ImageObject\",\"inLanguage\":\"sq-AL\",\"@id\":\"https:\\\/\\\/fjala.info\\\/2009-2015\\\/#\\\/schema\\\/logo\\\/image\\\/\",\"url\":\"\",\"contentUrl\":\"\",\"caption\":\"FjALA e LIR\u00cb - Arkivi\"},\"image\":{\"@id\":\"https:\\\/\\\/fjala.info\\\/2009-2015\\\/#\\\/schema\\\/logo\\\/image\\\/\"}},{\"@type\":\"Person\",\"@id\":\"https:\\\/\\\/fjala.info\\\/2009-2015\\\/#\\\/schema\\\/person\\\/3aa1163ef05469c496fc94e77611ada2\",\"name\":\"admin\",\"image\":{\"@type\":\"ImageObject\",\"inLanguage\":\"sq-AL\",\"@id\":\"https:\\\/\\\/fjala.info\\\/2009-2015\\\/wp-content\\\/uploads\\\/2012\\\/02\\\/arben_cokaj-120x150.jpg\",\"url\":\"https:\\\/\\\/fjala.info\\\/2009-2015\\\/wp-content\\\/uploads\\\/2012\\\/02\\\/arben_cokaj-120x150.jpg\",\"contentUrl\":\"https:\\\/\\\/fjala.info\\\/2009-2015\\\/wp-content\\\/uploads\\\/2012\\\/02\\\/arben_cokaj-120x150.jpg\",\"caption\":\"admin\"},\"description\":\"Admin, Fjala e Lir\u00eb\",\"sameAs\":[\"https:\\\/\\\/fjala.info\\\/\"],\"url\":\"https:\\\/\\\/fjala.info\\\/2009-2015\\\/author\\\/admin\\\/\"}]}<\/script>\n<!-- \/ Yoast SEO plugin. -->","yoast_head_json":{"title":"Intervist\u00eb me Martina Ivezaj, bukurosh\u00ebn dhe model\u00ebn shqiptare nga Mal\u00ebsia me banim n\u00eb Gjermani - FjALA e LIR\u00cb - Arkivi","robots":{"index":"index","follow":"follow","max-snippet":"max-snippet:-1","max-image-preview":"max-image-preview:large","max-video-preview":"max-video-preview:-1"},"canonical":"https:\/\/fjala.info\/2009-2015\/interviste-me-martina-ivezaj-bukuroshen-dhe-modelen-shqiptare-nga-malesia-me-banim-ne-gjermani\/","og_locale":"sq_AL","og_type":"article","og_title":"Intervist\u00eb me Martina Ivezaj, bukurosh\u00ebn dhe model\u00ebn shqiptare nga Mal\u00ebsia me banim n\u00eb Gjermani - FjALA e LIR\u00cb - Arkivi","og_description":"&#8211; Foto Ekskluzive Bukurija shqiptare ngadhnjen n\u00eb gjith\u00eb bot\u00ebn, edhe bukuroshja dhe modelja nga Mal\u00ebsia Martina Ivezaj solli kuror\u00ebn t\u00eb cil\u00ebn me meritat e saj e fitoj n\u00eb &#8220;Miss Rinora 4&#8221; n\u00eb Zvicerr. Malesia.Org &#8211; Kush \u00ebsht\u00eb Martina dhe \u00e7ka b\u00ebn\u00eb? Martina Ivezaj: Un\u00eb jam Martina Ivezaj jam nj\u00eb vajz\u00eb mal\u00ebsore q\u00eb vi ga Mal\u00ebsia, [&hellip;]","og_url":"https:\/\/fjala.info\/2009-2015\/interviste-me-martina-ivezaj-bukuroshen-dhe-modelen-shqiptare-nga-malesia-me-banim-ne-gjermani\/","og_site_name":"FjALA e LIR\u00cb - Arkivi","article_published_time":"2012-06-09T13:29:09+00:00","og_image":[{"url":"http:\/\/www.fjala.info\/2012\/martina_ivezaj.jpg","type":"","width":"","height":""}],"author":"admin","twitter_card":"summary_large_image","twitter_misc":{"Written by":"admin","Est. reading time":"4 minutes"},"schema":{"@context":"https:\/\/schema.org","@graph":[{"@type":"Article","@id":"https:\/\/fjala.info\/2009-2015\/interviste-me-martina-ivezaj-bukuroshen-dhe-modelen-shqiptare-nga-malesia-me-banim-ne-gjermani\/#article","isPartOf":{"@id":"https:\/\/fjala.info\/2009-2015\/interviste-me-martina-ivezaj-bukuroshen-dhe-modelen-shqiptare-nga-malesia-me-banim-ne-gjermani\/"},"author":{"name":"admin","@id":"https:\/\/fjala.info\/2009-2015\/#\/schema\/person\/3aa1163ef05469c496fc94e77611ada2"},"headline":"Intervist\u00eb me Martina Ivezaj, bukurosh\u00ebn dhe model\u00ebn shqiptare nga Mal\u00ebsia me banim n\u00eb Gjermani","datePublished":"2012-06-09T13:29:09+00:00","mainEntityOfPage":{"@id":"https:\/\/fjala.info\/2009-2015\/interviste-me-martina-ivezaj-bukuroshen-dhe-modelen-shqiptare-nga-malesia-me-banim-ne-gjermani\/"},"wordCount":911,"commentCount":0,"publisher":{"@id":"https:\/\/fjala.info\/2009-2015\/#organization"},"image":{"@id":"https:\/\/fjala.info\/2009-2015\/interviste-me-martina-ivezaj-bukuroshen-dhe-modelen-shqiptare-nga-malesia-me-banim-ne-gjermani\/#primaryimage"},"thumbnailUrl":"http:\/\/www.fjala.info\/2012\/martina_ivezaj.jpg","articleSection":["Artikuj"],"inLanguage":"sq-AL","potentialAction":[{"@type":"CommentAction","name":"Comment","target":["https:\/\/fjala.info\/2009-2015\/interviste-me-martina-ivezaj-bukuroshen-dhe-modelen-shqiptare-nga-malesia-me-banim-ne-gjermani\/#respond"]}]},{"@type":"WebPage","@id":"https:\/\/fjala.info\/2009-2015\/interviste-me-martina-ivezaj-bukuroshen-dhe-modelen-shqiptare-nga-malesia-me-banim-ne-gjermani\/","url":"https:\/\/fjala.info\/2009-2015\/interviste-me-martina-ivezaj-bukuroshen-dhe-modelen-shqiptare-nga-malesia-me-banim-ne-gjermani\/","name":"Intervist\u00eb me Martina Ivezaj, bukurosh\u00ebn dhe model\u00ebn shqiptare nga Mal\u00ebsia me banim n\u00eb Gjermani - FjALA e LIR\u00cb - Arkivi","isPartOf":{"@id":"https:\/\/fjala.info\/2009-2015\/#website"},"primaryImageOfPage":{"@id":"https:\/\/fjala.info\/2009-2015\/interviste-me-martina-ivezaj-bukuroshen-dhe-modelen-shqiptare-nga-malesia-me-banim-ne-gjermani\/#primaryimage"},"image":{"@id":"https:\/\/fjala.info\/2009-2015\/interviste-me-martina-ivezaj-bukuroshen-dhe-modelen-shqiptare-nga-malesia-me-banim-ne-gjermani\/#primaryimage"},"thumbnailUrl":"http:\/\/www.fjala.info\/2012\/martina_ivezaj.jpg","datePublished":"2012-06-09T13:29:09+00:00","breadcrumb":{"@id":"https:\/\/fjala.info\/2009-2015\/interviste-me-martina-ivezaj-bukuroshen-dhe-modelen-shqiptare-nga-malesia-me-banim-ne-gjermani\/#breadcrumb"},"inLanguage":"sq-AL","potentialAction":[{"@type":"ReadAction","target":["https:\/\/fjala.info\/2009-2015\/interviste-me-martina-ivezaj-bukuroshen-dhe-modelen-shqiptare-nga-malesia-me-banim-ne-gjermani\/"]}]},{"@type":"ImageObject","inLanguage":"sq-AL","@id":"https:\/\/fjala.info\/2009-2015\/interviste-me-martina-ivezaj-bukuroshen-dhe-modelen-shqiptare-nga-malesia-me-banim-ne-gjermani\/#primaryimage","url":"http:\/\/www.fjala.info\/2012\/martina_ivezaj.jpg","contentUrl":"http:\/\/www.fjala.info\/2012\/martina_ivezaj.jpg"},{"@type":"BreadcrumbList","@id":"https:\/\/fjala.info\/2009-2015\/interviste-me-martina-ivezaj-bukuroshen-dhe-modelen-shqiptare-nga-malesia-me-banim-ne-gjermani\/#breadcrumb","itemListElement":[{"@type":"ListItem","position":1,"name":"Home","item":"https:\/\/fjala.info\/2009-2015\/"},{"@type":"ListItem","position":2,"name":"Intervist\u00eb me Martina Ivezaj, bukurosh\u00ebn dhe model\u00ebn shqiptare nga Mal\u00ebsia me banim n\u00eb Gjermani"}]},{"@type":"WebSite","@id":"https:\/\/fjala.info\/2009-2015\/#website","url":"https:\/\/fjala.info\/2009-2015\/","name":"FjALA e LIR\u00cb - Arkivi","description":"Arkivi 2009-2015","publisher":{"@id":"https:\/\/fjala.info\/2009-2015\/#organization"},"potentialAction":[{"@type":"SearchAction","target":{"@type":"EntryPoint","urlTemplate":"https:\/\/fjala.info\/2009-2015\/?s={search_term_string}"},"query-input":{"@type":"PropertyValueSpecification","valueRequired":true,"valueName":"search_term_string"}}],"inLanguage":"sq-AL"},{"@type":"Organization","@id":"https:\/\/fjala.info\/2009-2015\/#organization","name":"FjALA e LIR\u00cb - Arkivi","url":"https:\/\/fjala.info\/2009-2015\/","logo":{"@type":"ImageObject","inLanguage":"sq-AL","@id":"https:\/\/fjala.info\/2009-2015\/#\/schema\/logo\/image\/","url":"","contentUrl":"","caption":"FjALA e LIR\u00cb - Arkivi"},"image":{"@id":"https:\/\/fjala.info\/2009-2015\/#\/schema\/logo\/image\/"}},{"@type":"Person","@id":"https:\/\/fjala.info\/2009-2015\/#\/schema\/person\/3aa1163ef05469c496fc94e77611ada2","name":"admin","image":{"@type":"ImageObject","inLanguage":"sq-AL","@id":"https:\/\/fjala.info\/2009-2015\/wp-content\/uploads\/2012\/02\/arben_cokaj-120x150.jpg","url":"https:\/\/fjala.info\/2009-2015\/wp-content\/uploads\/2012\/02\/arben_cokaj-120x150.jpg","contentUrl":"https:\/\/fjala.info\/2009-2015\/wp-content\/uploads\/2012\/02\/arben_cokaj-120x150.jpg","caption":"admin"},"description":"Admin, Fjala e Lir\u00eb","sameAs":["https:\/\/fjala.info\/"],"url":"https:\/\/fjala.info\/2009-2015\/author\/admin\/"}]}},"_links":{"self":[{"href":"https:\/\/fjala.info\/2009-2015\/wp-json\/wp\/v2\/posts\/11875","targetHints":{"allow":["GET"]}}],"collection":[{"href":"https:\/\/fjala.info\/2009-2015\/wp-json\/wp\/v2\/posts"}],"about":[{"href":"https:\/\/fjala.info\/2009-2015\/wp-json\/wp\/v2\/types\/post"}],"author":[{"embeddable":true,"href":"https:\/\/fjala.info\/2009-2015\/wp-json\/wp\/v2\/users\/1"}],"replies":[{"embeddable":true,"href":"https:\/\/fjala.info\/2009-2015\/wp-json\/wp\/v2\/comments?post=11875"}],"version-history":[{"count":0,"href":"https:\/\/fjala.info\/2009-2015\/wp-json\/wp\/v2\/posts\/11875\/revisions"}],"wp:attachment":[{"href":"https:\/\/fjala.info\/2009-2015\/wp-json\/wp\/v2\/media?parent=11875"}],"wp:term":[{"taxonomy":"category","embeddable":true,"href":"https:\/\/fjala.info\/2009-2015\/wp-json\/wp\/v2\/categories?post=11875"},{"taxonomy":"post_tag","embeddable":true,"href":"https:\/\/fjala.info\/2009-2015\/wp-json\/wp\/v2\/tags?post=11875"}],"curies":[{"name":"wp","href":"https:\/\/api.w.org\/{rel}","templated":true}]}}