{"id":11874,"date":"2012-06-08T15:43:51","date_gmt":"2012-06-08T14:43:51","guid":{"rendered":"http:\/\/www.fjala.info\/?p=3186"},"modified":"2012-06-08T15:43:51","modified_gmt":"2012-06-08T14:43:51","slug":"saviano-une-politika-partite","status":"publish","type":"post","link":"https:\/\/fjala.info\/2009-2015\/saviano-une-politika-partite\/","title":{"rendered":"Saviano: Un\u00eb, politika, partit\u00eb"},"content":{"rendered":"<p><img decoding=\"async\" class=\"alignleft size-thumbnail wp-image-7236\" title=\"Grid Rroji\" src=\"http:\/\/www.shkoder.net\/images\/fjala\/2011\/roberto_saviano.jpg\" alt=\"\" width=\"300\" \/> \u201cNuk kam dashur kurr\u00eb t\u00eb kandidohem si parlamentar, kurr\u00eb nuk synoj tek ndonj\u00eb post politik, as kryebashkiak, as minist\u00ebr, pavar\u00ebsisht se kam patur shum\u00eb propozime. Nuk synoj edhe t\u00eb nd\u00ebrtoj lista, as t\u00eb mb\u00ebshtet nga jasht\u00eb, as konsesus q\u00eb t\u00eb mund t\u2019u ndryshoj drejtimin votave. Rolin dhe pun\u00ebn time e kam par\u00eb nga perspektiva t\u00eb ndryshme: jam tregimtar. Do t\u00eb arsyetoj, diskutoj, b\u00ebj pun\u00ebn time si tregimtar, reporter, shkrimtar, por asgj\u00eb q\u00eb ka t\u00eb b\u00ebj\u00eb me fushatat elektorale\u201d.<\/p>\n<p>K\u00ebto jan\u00eb fja\u00ebt e nj\u00eb shkrimtari t\u00eb impenjuar si Roberto Saviano n\u00eb intervist\u00ebn m\u00eb t\u00eb fundit q\u00eb i ka dh\u00ebn\u00eb revist\u00ebs Espresso n\u00eb Itali. Kuptohet q\u00eb ka spekullime t\u00eb ndryshme rreth figur\u00ebs s\u00eb tij q\u00eb kan\u00eb par\u00eb tek ai njeriun si pushtetar t\u00eb denj\u00eb, por edhe si nj\u00eb njeri q\u00eb u sulmua nga berluskonian\u00ebt, pasi kishte nxjerr\u00eb sekretet e vendit dhe me veprat e tij i b\u00ebnte nj\u00eb reklam\u00eb t\u00eb keqe Italis\u00eb. P\u00ebrs\u00ebri gjendet si protagonist n\u00eb rob\u00ebn q\u00eb nuk i p\u00eblqen, n\u00eb at\u00eb t\u00eb nj\u00eb ushtari t\u00eb partis\u00eb, i rreshtuar n\u00eb mb\u00ebshtetje t\u00eb s\u00eb majt\u00ebs. Nj\u00eb zbritje n\u00eb fush\u00ebn e politik\u00ebs e shpallur nga shum\u00eb artikuj, me faqe t\u00eb pafund dhe me dizenjo q\u00eb e pasqyrojn\u00eb si Lenini i ri q\u00eb po sulmon Pallatin e dim\u00ebrit \u2013 nuk ia kishte marr\u00eb mendja kurr\u00eb. Apo si\u00e7 b\u00ebri Berluskoni kur e takoi p\u00ebr her\u00eb t\u00eb par\u00eb Savianon dhe mbeti i befasuar, aq sa Ie urdh\u00ebroi asistentin q\u00eb t\u00eb shkonte dhe t\u2019i blinte nj\u00eb pal\u00eb k\u00ebpuc\u00eb t\u00eb reja. Por n\u00eb vitet e m\u00ebpasme pas suksesit t\u00eb Gomorr\u00ebs, p\u00ebrpjekjet e partive p\u00ebr ta afruar kan\u00eb q\u00ebn\u00eb t\u00eb shumta.<\/p>\n<p>Ashtu si Bertinoti kur ishte kryeparlamentar dhe e shoq\u00ebroi n\u00eb sken\u00eb, ku fjala e tij e par\u00eb shkaktoi goditjen e madhe dhe m\u00eb pas filluan k\u00ebrc\u00ebnimet dhe jeta e tij e blinduar. Apo kur foli p\u00ebr impenjimin antimafje t\u00eb partis\u00eb s\u00eb Finit, duke kujtuar Borselinon dhe menj\u00ebher\u00eb e b\u00ebri simpatik p\u00ebr t\u00eb gjith\u00eb partin\u00eb. Edhe Lega mendoi ta kandidonte si eurodeputet, por partia e D\u2019Alem\u00ebs i hapi perspektiv\u00ebn e nj\u00eb detyre apo edhe t\u00eb b\u00ebhej kryebashkiak i Napolit, por e paralajm\u00ebroi q\u00eb n\u00ebse hynte n\u00eb sken\u00ebn komb\u00ebtare, do ta p\u00ebsonte\u2026<\/p>\n<p>N\u00eb 2008 Veltroni disa dit\u00eb para votimeve e ftoi, por nuk pranoi dhe u p\u00ebrgjigj me nj\u00eb let\u00ebr ku k\u00ebrkonte m\u00eb shum\u00eb kurajo dhe fakte.<\/p>\n<p>Nga kaq shum\u00eb propozime, asnj\u00eb nuk t\u00eb tundoi?<br \/>\nN\u00eb fakt nuk i mora si propozime t\u00eb v\u00ebrteta, m\u00eb shum\u00eb si nj\u00eb m\u00ebnyr\u00eb q\u00eb t\u00eb kuptoja se cilat ishin q\u00ebllimet e mia. T\u00eb mund t\u00eb qet\u00ebsohesha apo p\u00ebr siguri.<\/p>\n<p>Para list\u00ebs Saviano, dikush ju kontaktoi q\u00eb ta konfirmonit..<br \/>\nKurr\u00eb, askush. Nuk m\u00eb k\u00ebrkuan as politikan\u00ebt me t\u00eb cil\u00ebt do t\u00eb rreshtohesha, as gazetar\u00ebt q\u00eb e shkruan. Do t\u00eb mjaftonte nj\u00eb email dhe t\u00eb prisnin p\u00ebrgjigjen. Askush nuk e b\u00ebri, sepse nj\u00eb p\u00ebrgjigje nga ana ime, do t\u2019i detyronte t\u00eb ishin t\u00eb kthjell\u00ebt, t\u00eb qart\u00eb q\u00eb t\u00eb mos m\u00eb b\u00ebnin hipoteza. Por edhe nuk i morr\u00ebn parasysh p\u00ebrg\u00ebnjeshtrimet e mia q\u00eb ua d\u00ebrgova agjensive t\u00eb shtypit dhe q\u00eb u botuan.<\/p>\n<p>Megjithat\u00eb p\u00ebrpjekja duket se ngiti edhe tek social networket, ku keni 1,5 milion\u00eb fansa n\u00eb FB dhe 200 mij\u00eb n\u00eb twitter. Edhe n\u00eb k\u00ebt\u00eb aren\u00eb kolosale virtuale t\u00eb personave real\u00eb, p\u00ebrg\u00ebnjeshtrimet u prit\u00ebn me dyshime.<\/p>\n<p>Fushata me list\u00ebn fantomatike Saviano e forcoi vizionin pervers q\u00eb e konsideron politik\u00ebn si sinonim t\u00eb p\u00ebshtir\u00ebsive : nj\u00eb strofk\u00eb e pandershme e korrupsionit dhe afarizmit. Jan\u00eb pik\u00ebrisht sitet q\u00eb i japin p\u00ebrgjigjen, sesa t\u00eb diskretituara jan\u00eb jo vet\u00ebm partit\u00eb, por e gjith\u00eb sfera politike. T\u00eb paralajm\u00ebroja t\u00eb ashtuquajtur\u00ebn kandidature, do t\u00eb b\u00ebhej mjet ofendimi : nj\u00eb detyr\u00eb publike q\u00eb duhet synuar, e dashur dhe me autoritet, perceptohet si di\u00e7ka ofenduese.<\/p>\n<p>P\u00ebrgatiti <strong>Arjan Th. Kall\u00e7o<\/strong><\/p>\n","protected":false},"excerpt":{"rendered":"<p>\u201cNuk kam dashur kurr\u00eb t\u00eb kandidohem si parlamentar, kurr\u00eb nuk synoj tek ndonj\u00eb post politik, as kryebashkiak, as minist\u00ebr, pavar\u00ebsisht se kam patur shum\u00eb propozime. Nuk synoj edhe t\u00eb nd\u00ebrtoj lista, as t\u00eb mb\u00ebshtet nga jasht\u00eb, as konsesus q\u00eb t\u00eb mund t\u2019u ndryshoj drejtimin votave. Rolin dhe pun\u00ebn time e kam par\u00eb nga perspektiva t\u00eb [&hellip;]<\/p>\n","protected":false},"author":1,"featured_media":0,"comment_status":"open","ping_status":"closed","sticky":false,"template":"","format":"standard","meta":{"footnotes":""},"categories":[2],"tags":[],"class_list":{"0":"post-11874","1":"post","2":"type-post","3":"status-publish","4":"format-standard","6":"category-artikuj"},"yoast_head":"<!-- This site is optimized with the Yoast SEO plugin v27.4 - https:\/\/yoast.com\/product\/yoast-seo-wordpress\/ -->\n<title>Saviano: Un\u00eb, politika, partit\u00eb - FjALA e LIR\u00cb - Arkivi<\/title>\n<meta name=\"robots\" content=\"index, follow, max-snippet:-1, max-image-preview:large, max-video-preview:-1\" \/>\n<link rel=\"canonical\" href=\"https:\/\/fjala.info\/2009-2015\/saviano-une-politika-partite\/\" \/>\n<meta property=\"og:locale\" content=\"sq_AL\" \/>\n<meta property=\"og:type\" content=\"article\" \/>\n<meta property=\"og:title\" content=\"Saviano: Un\u00eb, politika, partit\u00eb - FjALA e LIR\u00cb - Arkivi\" \/>\n<meta property=\"og:description\" content=\"\u201cNuk kam dashur kurr\u00eb t\u00eb kandidohem si parlamentar, kurr\u00eb nuk synoj tek ndonj\u00eb post politik, as kryebashkiak, as minist\u00ebr, pavar\u00ebsisht se kam patur shum\u00eb propozime. Nuk synoj edhe t\u00eb nd\u00ebrtoj lista, as t\u00eb mb\u00ebshtet nga jasht\u00eb, as konsesus q\u00eb t\u00eb mund t\u2019u ndryshoj drejtimin votave. Rolin dhe pun\u00ebn time e kam par\u00eb nga perspektiva t\u00eb [&hellip;]\" \/>\n<meta property=\"og:url\" content=\"https:\/\/fjala.info\/2009-2015\/saviano-une-politika-partite\/\" \/>\n<meta property=\"og:site_name\" content=\"FjALA e LIR\u00cb - Arkivi\" \/>\n<meta property=\"article:published_time\" content=\"2012-06-08T14:43:51+00:00\" \/>\n<meta property=\"og:image\" content=\"http:\/\/www.shkoder.net\/images\/fjala\/2011\/roberto_saviano.jpg\" \/>\n<meta name=\"author\" content=\"admin\" \/>\n<meta name=\"twitter:card\" content=\"summary_large_image\" \/>\n<meta name=\"twitter:label1\" content=\"Written by\" \/>\n\t<meta name=\"twitter:data1\" content=\"admin\" \/>\n\t<meta name=\"twitter:label2\" content=\"Est. reading time\" \/>\n\t<meta name=\"twitter:data2\" content=\"3 minutes\" \/>\n<script type=\"application\/ld+json\" class=\"yoast-schema-graph\">{\"@context\":\"https:\\\/\\\/schema.org\",\"@graph\":[{\"@type\":\"Article\",\"@id\":\"https:\\\/\\\/fjala.info\\\/2009-2015\\\/saviano-une-politika-partite\\\/#article\",\"isPartOf\":{\"@id\":\"https:\\\/\\\/fjala.info\\\/2009-2015\\\/saviano-une-politika-partite\\\/\"},\"author\":{\"name\":\"admin\",\"@id\":\"https:\\\/\\\/fjala.info\\\/2009-2015\\\/#\\\/schema\\\/person\\\/3aa1163ef05469c496fc94e77611ada2\"},\"headline\":\"Saviano: Un\u00eb, politika, partit\u00eb\",\"datePublished\":\"2012-06-08T14:43:51+00:00\",\"mainEntityOfPage\":{\"@id\":\"https:\\\/\\\/fjala.info\\\/2009-2015\\\/saviano-une-politika-partite\\\/\"},\"wordCount\":697,\"commentCount\":0,\"publisher\":{\"@id\":\"https:\\\/\\\/fjala.info\\\/2009-2015\\\/#organization\"},\"image\":{\"@id\":\"https:\\\/\\\/fjala.info\\\/2009-2015\\\/saviano-une-politika-partite\\\/#primaryimage\"},\"thumbnailUrl\":\"http:\\\/\\\/www.shkoder.net\\\/images\\\/fjala\\\/2011\\\/roberto_saviano.jpg\",\"articleSection\":[\"Artikuj\"],\"inLanguage\":\"sq-AL\",\"potentialAction\":[{\"@type\":\"CommentAction\",\"name\":\"Comment\",\"target\":[\"https:\\\/\\\/fjala.info\\\/2009-2015\\\/saviano-une-politika-partite\\\/#respond\"]}]},{\"@type\":\"WebPage\",\"@id\":\"https:\\\/\\\/fjala.info\\\/2009-2015\\\/saviano-une-politika-partite\\\/\",\"url\":\"https:\\\/\\\/fjala.info\\\/2009-2015\\\/saviano-une-politika-partite\\\/\",\"name\":\"Saviano: Un\u00eb, politika, partit\u00eb - FjALA e LIR\u00cb - Arkivi\",\"isPartOf\":{\"@id\":\"https:\\\/\\\/fjala.info\\\/2009-2015\\\/#website\"},\"primaryImageOfPage\":{\"@id\":\"https:\\\/\\\/fjala.info\\\/2009-2015\\\/saviano-une-politika-partite\\\/#primaryimage\"},\"image\":{\"@id\":\"https:\\\/\\\/fjala.info\\\/2009-2015\\\/saviano-une-politika-partite\\\/#primaryimage\"},\"thumbnailUrl\":\"http:\\\/\\\/www.shkoder.net\\\/images\\\/fjala\\\/2011\\\/roberto_saviano.jpg\",\"datePublished\":\"2012-06-08T14:43:51+00:00\",\"breadcrumb\":{\"@id\":\"https:\\\/\\\/fjala.info\\\/2009-2015\\\/saviano-une-politika-partite\\\/#breadcrumb\"},\"inLanguage\":\"sq-AL\",\"potentialAction\":[{\"@type\":\"ReadAction\",\"target\":[\"https:\\\/\\\/fjala.info\\\/2009-2015\\\/saviano-une-politika-partite\\\/\"]}]},{\"@type\":\"ImageObject\",\"inLanguage\":\"sq-AL\",\"@id\":\"https:\\\/\\\/fjala.info\\\/2009-2015\\\/saviano-une-politika-partite\\\/#primaryimage\",\"url\":\"http:\\\/\\\/www.shkoder.net\\\/images\\\/fjala\\\/2011\\\/roberto_saviano.jpg\",\"contentUrl\":\"http:\\\/\\\/www.shkoder.net\\\/images\\\/fjala\\\/2011\\\/roberto_saviano.jpg\"},{\"@type\":\"BreadcrumbList\",\"@id\":\"https:\\\/\\\/fjala.info\\\/2009-2015\\\/saviano-une-politika-partite\\\/#breadcrumb\",\"itemListElement\":[{\"@type\":\"ListItem\",\"position\":1,\"name\":\"Home\",\"item\":\"https:\\\/\\\/fjala.info\\\/2009-2015\\\/\"},{\"@type\":\"ListItem\",\"position\":2,\"name\":\"Saviano: Un\u00eb, politika, partit\u00eb\"}]},{\"@type\":\"WebSite\",\"@id\":\"https:\\\/\\\/fjala.info\\\/2009-2015\\\/#website\",\"url\":\"https:\\\/\\\/fjala.info\\\/2009-2015\\\/\",\"name\":\"FjALA e LIR\u00cb - Arkivi\",\"description\":\"Arkivi 2009-2015\",\"publisher\":{\"@id\":\"https:\\\/\\\/fjala.info\\\/2009-2015\\\/#organization\"},\"potentialAction\":[{\"@type\":\"SearchAction\",\"target\":{\"@type\":\"EntryPoint\",\"urlTemplate\":\"https:\\\/\\\/fjala.info\\\/2009-2015\\\/?s={search_term_string}\"},\"query-input\":{\"@type\":\"PropertyValueSpecification\",\"valueRequired\":true,\"valueName\":\"search_term_string\"}}],\"inLanguage\":\"sq-AL\"},{\"@type\":\"Organization\",\"@id\":\"https:\\\/\\\/fjala.info\\\/2009-2015\\\/#organization\",\"name\":\"FjALA e LIR\u00cb - Arkivi\",\"url\":\"https:\\\/\\\/fjala.info\\\/2009-2015\\\/\",\"logo\":{\"@type\":\"ImageObject\",\"inLanguage\":\"sq-AL\",\"@id\":\"https:\\\/\\\/fjala.info\\\/2009-2015\\\/#\\\/schema\\\/logo\\\/image\\\/\",\"url\":\"\",\"contentUrl\":\"\",\"caption\":\"FjALA e LIR\u00cb - Arkivi\"},\"image\":{\"@id\":\"https:\\\/\\\/fjala.info\\\/2009-2015\\\/#\\\/schema\\\/logo\\\/image\\\/\"}},{\"@type\":\"Person\",\"@id\":\"https:\\\/\\\/fjala.info\\\/2009-2015\\\/#\\\/schema\\\/person\\\/3aa1163ef05469c496fc94e77611ada2\",\"name\":\"admin\",\"image\":{\"@type\":\"ImageObject\",\"inLanguage\":\"sq-AL\",\"@id\":\"https:\\\/\\\/fjala.info\\\/2009-2015\\\/wp-content\\\/uploads\\\/2012\\\/02\\\/arben_cokaj-120x150.jpg\",\"url\":\"https:\\\/\\\/fjala.info\\\/2009-2015\\\/wp-content\\\/uploads\\\/2012\\\/02\\\/arben_cokaj-120x150.jpg\",\"contentUrl\":\"https:\\\/\\\/fjala.info\\\/2009-2015\\\/wp-content\\\/uploads\\\/2012\\\/02\\\/arben_cokaj-120x150.jpg\",\"caption\":\"admin\"},\"description\":\"Admin, Fjala e Lir\u00eb\",\"sameAs\":[\"https:\\\/\\\/fjala.info\\\/\"],\"url\":\"https:\\\/\\\/fjala.info\\\/2009-2015\\\/author\\\/admin\\\/\"}]}<\/script>\n<!-- \/ Yoast SEO plugin. -->","yoast_head_json":{"title":"Saviano: Un\u00eb, politika, partit\u00eb - FjALA e LIR\u00cb - Arkivi","robots":{"index":"index","follow":"follow","max-snippet":"max-snippet:-1","max-image-preview":"max-image-preview:large","max-video-preview":"max-video-preview:-1"},"canonical":"https:\/\/fjala.info\/2009-2015\/saviano-une-politika-partite\/","og_locale":"sq_AL","og_type":"article","og_title":"Saviano: Un\u00eb, politika, partit\u00eb - FjALA e LIR\u00cb - Arkivi","og_description":"\u201cNuk kam dashur kurr\u00eb t\u00eb kandidohem si parlamentar, kurr\u00eb nuk synoj tek ndonj\u00eb post politik, as kryebashkiak, as minist\u00ebr, pavar\u00ebsisht se kam patur shum\u00eb propozime. Nuk synoj edhe t\u00eb nd\u00ebrtoj lista, as t\u00eb mb\u00ebshtet nga jasht\u00eb, as konsesus q\u00eb t\u00eb mund t\u2019u ndryshoj drejtimin votave. Rolin dhe pun\u00ebn time e kam par\u00eb nga perspektiva t\u00eb [&hellip;]","og_url":"https:\/\/fjala.info\/2009-2015\/saviano-une-politika-partite\/","og_site_name":"FjALA e LIR\u00cb - Arkivi","article_published_time":"2012-06-08T14:43:51+00:00","og_image":[{"url":"http:\/\/www.shkoder.net\/images\/fjala\/2011\/roberto_saviano.jpg","type":"","width":"","height":""}],"author":"admin","twitter_card":"summary_large_image","twitter_misc":{"Written by":"admin","Est. reading time":"3 minutes"},"schema":{"@context":"https:\/\/schema.org","@graph":[{"@type":"Article","@id":"https:\/\/fjala.info\/2009-2015\/saviano-une-politika-partite\/#article","isPartOf":{"@id":"https:\/\/fjala.info\/2009-2015\/saviano-une-politika-partite\/"},"author":{"name":"admin","@id":"https:\/\/fjala.info\/2009-2015\/#\/schema\/person\/3aa1163ef05469c496fc94e77611ada2"},"headline":"Saviano: Un\u00eb, politika, partit\u00eb","datePublished":"2012-06-08T14:43:51+00:00","mainEntityOfPage":{"@id":"https:\/\/fjala.info\/2009-2015\/saviano-une-politika-partite\/"},"wordCount":697,"commentCount":0,"publisher":{"@id":"https:\/\/fjala.info\/2009-2015\/#organization"},"image":{"@id":"https:\/\/fjala.info\/2009-2015\/saviano-une-politika-partite\/#primaryimage"},"thumbnailUrl":"http:\/\/www.shkoder.net\/images\/fjala\/2011\/roberto_saviano.jpg","articleSection":["Artikuj"],"inLanguage":"sq-AL","potentialAction":[{"@type":"CommentAction","name":"Comment","target":["https:\/\/fjala.info\/2009-2015\/saviano-une-politika-partite\/#respond"]}]},{"@type":"WebPage","@id":"https:\/\/fjala.info\/2009-2015\/saviano-une-politika-partite\/","url":"https:\/\/fjala.info\/2009-2015\/saviano-une-politika-partite\/","name":"Saviano: Un\u00eb, politika, partit\u00eb - FjALA e LIR\u00cb - Arkivi","isPartOf":{"@id":"https:\/\/fjala.info\/2009-2015\/#website"},"primaryImageOfPage":{"@id":"https:\/\/fjala.info\/2009-2015\/saviano-une-politika-partite\/#primaryimage"},"image":{"@id":"https:\/\/fjala.info\/2009-2015\/saviano-une-politika-partite\/#primaryimage"},"thumbnailUrl":"http:\/\/www.shkoder.net\/images\/fjala\/2011\/roberto_saviano.jpg","datePublished":"2012-06-08T14:43:51+00:00","breadcrumb":{"@id":"https:\/\/fjala.info\/2009-2015\/saviano-une-politika-partite\/#breadcrumb"},"inLanguage":"sq-AL","potentialAction":[{"@type":"ReadAction","target":["https:\/\/fjala.info\/2009-2015\/saviano-une-politika-partite\/"]}]},{"@type":"ImageObject","inLanguage":"sq-AL","@id":"https:\/\/fjala.info\/2009-2015\/saviano-une-politika-partite\/#primaryimage","url":"http:\/\/www.shkoder.net\/images\/fjala\/2011\/roberto_saviano.jpg","contentUrl":"http:\/\/www.shkoder.net\/images\/fjala\/2011\/roberto_saviano.jpg"},{"@type":"BreadcrumbList","@id":"https:\/\/fjala.info\/2009-2015\/saviano-une-politika-partite\/#breadcrumb","itemListElement":[{"@type":"ListItem","position":1,"name":"Home","item":"https:\/\/fjala.info\/2009-2015\/"},{"@type":"ListItem","position":2,"name":"Saviano: Un\u00eb, politika, partit\u00eb"}]},{"@type":"WebSite","@id":"https:\/\/fjala.info\/2009-2015\/#website","url":"https:\/\/fjala.info\/2009-2015\/","name":"FjALA e LIR\u00cb - Arkivi","description":"Arkivi 2009-2015","publisher":{"@id":"https:\/\/fjala.info\/2009-2015\/#organization"},"potentialAction":[{"@type":"SearchAction","target":{"@type":"EntryPoint","urlTemplate":"https:\/\/fjala.info\/2009-2015\/?s={search_term_string}"},"query-input":{"@type":"PropertyValueSpecification","valueRequired":true,"valueName":"search_term_string"}}],"inLanguage":"sq-AL"},{"@type":"Organization","@id":"https:\/\/fjala.info\/2009-2015\/#organization","name":"FjALA e LIR\u00cb - Arkivi","url":"https:\/\/fjala.info\/2009-2015\/","logo":{"@type":"ImageObject","inLanguage":"sq-AL","@id":"https:\/\/fjala.info\/2009-2015\/#\/schema\/logo\/image\/","url":"","contentUrl":"","caption":"FjALA e LIR\u00cb - Arkivi"},"image":{"@id":"https:\/\/fjala.info\/2009-2015\/#\/schema\/logo\/image\/"}},{"@type":"Person","@id":"https:\/\/fjala.info\/2009-2015\/#\/schema\/person\/3aa1163ef05469c496fc94e77611ada2","name":"admin","image":{"@type":"ImageObject","inLanguage":"sq-AL","@id":"https:\/\/fjala.info\/2009-2015\/wp-content\/uploads\/2012\/02\/arben_cokaj-120x150.jpg","url":"https:\/\/fjala.info\/2009-2015\/wp-content\/uploads\/2012\/02\/arben_cokaj-120x150.jpg","contentUrl":"https:\/\/fjala.info\/2009-2015\/wp-content\/uploads\/2012\/02\/arben_cokaj-120x150.jpg","caption":"admin"},"description":"Admin, Fjala e Lir\u00eb","sameAs":["https:\/\/fjala.info\/"],"url":"https:\/\/fjala.info\/2009-2015\/author\/admin\/"}]}},"_links":{"self":[{"href":"https:\/\/fjala.info\/2009-2015\/wp-json\/wp\/v2\/posts\/11874","targetHints":{"allow":["GET"]}}],"collection":[{"href":"https:\/\/fjala.info\/2009-2015\/wp-json\/wp\/v2\/posts"}],"about":[{"href":"https:\/\/fjala.info\/2009-2015\/wp-json\/wp\/v2\/types\/post"}],"author":[{"embeddable":true,"href":"https:\/\/fjala.info\/2009-2015\/wp-json\/wp\/v2\/users\/1"}],"replies":[{"embeddable":true,"href":"https:\/\/fjala.info\/2009-2015\/wp-json\/wp\/v2\/comments?post=11874"}],"version-history":[{"count":0,"href":"https:\/\/fjala.info\/2009-2015\/wp-json\/wp\/v2\/posts\/11874\/revisions"}],"wp:attachment":[{"href":"https:\/\/fjala.info\/2009-2015\/wp-json\/wp\/v2\/media?parent=11874"}],"wp:term":[{"taxonomy":"category","embeddable":true,"href":"https:\/\/fjala.info\/2009-2015\/wp-json\/wp\/v2\/categories?post=11874"},{"taxonomy":"post_tag","embeddable":true,"href":"https:\/\/fjala.info\/2009-2015\/wp-json\/wp\/v2\/tags?post=11874"}],"curies":[{"name":"wp","href":"https:\/\/api.w.org\/{rel}","templated":true}]}}