{"id":11873,"date":"2012-06-08T08:53:52","date_gmt":"2012-06-08T07:53:52","guid":{"rendered":"http:\/\/www.fjala.info\/?p=3184"},"modified":"2012-06-08T08:53:52","modified_gmt":"2012-06-08T07:53:52","slug":"leter-e-hapur-kur-burokracia-nuk-mbeshtet-artistet","status":"publish","type":"post","link":"https:\/\/fjala.info\/2009-2015\/leter-e-hapur-kur-burokracia-nuk-mbeshtet-artistet\/","title":{"rendered":"Let\u00ebr e hapur: Kur burokracia nuk mb\u00ebshtet artist\u00ebt!"},"content":{"rendered":"<p><img decoding=\"async\" class=\"alignleft size-thumbnail wp-image-7236\" title=\"Qamil Gjyrezi\" src=\"http:\/\/www.fjala.info\/2012\/qamil_gjyrezi.jpg\" alt=\"\" width=\"150\" \/> <strong>Qamil Gjyrezi<\/strong><\/p>\n<p><em>T\u00eb nderuar miq t\u00eb medias!<\/em><\/p>\n<p>Nes\u00ebr kam nj\u00eb prezantim n\u00eb kinema \u201cMillenium\u201d, n\u00eb vazhdim t\u00eb aktivitetit tim promovues n\u00eb disa qytete t\u00eb Shqip\u00ebris\u00eb, si Lezh\u00eb, Ulqin, Durr\u00ebs, Kuk\u00ebs, Vlor\u00eb, Kor\u00e7\u00eb, Lezh\u00eb, Rr\u00ebshen!<\/p>\n<p>Pata d\u00ebshir\u00eb t\u00eb ndaj me ju nj\u00eb problem!<\/p>\n<p>Para disa dit\u00ebsh i d\u00ebrgova drejtorit t\u00eb Teatrit \u201cMigjeni\u201d n\u00eb Shkod\u00ebr, zotit Edmond Angoni nj\u00eb projekt ide. M\u00eb shpjegoi kushtet p\u00ebr t\u00eb marr\u00eb sken\u00ebn e teatrit \u201cMigjeni\u201d. N\u00eb fakt un\u00eb i dhash\u00eb idet\u00eb e mia p\u00ebr menaxhimin e k\u00ebtij aktiviteti dhe q\u00ebllimi im kryesor ishte realizimi i tij sa m\u00eb mir\u00eb dhe dh\u00ebnia e nj\u00eb honorari miqve t\u00eb mi, t\u00eb cil\u00ebt, m\u00eb kan\u00eb shoq\u00ebruar n\u00eb t\u00eb gjith\u00eb Shqip\u00ebrin\u00eb pa asnj\u00eb p\u00ebrfitim!<\/p>\n<p>Zotin Angoni e prita disa dit\u00eb dhe n\u00eb fund m\u00eb dha nj\u00eb p\u00ebrgjigje negative!<\/p>\n<p>S\u00eb pari, jam shume i shqet\u00ebsuar p\u00ebr t\u00eb vetmen arsye krejt t\u00eb thjesht\u00eb, se si ka mund\u00ebsi q\u00eb t\u00eb m\u00eb ndalohet e drejta q\u00eb t\u00eb prezantoj dhe luaj n\u00eb sken\u00ebn e teatrit t\u00eb qytetit tim, ku n\u00eb art dhe kultur\u00eb kam nj\u00eb kontribut prej 35 vjet\u00ebsh?!<\/p>\n<p>S\u00eb dyti, m\u00eb jan\u00eb ofruar t\u00eb gjitha sallat n\u00eb t\u00eb gjith\u00eb teatrot e Shqip\u00ebris\u00eb falas dhe madje na kan\u00eb respektuar shum\u00eb p\u00ebr k\u00ebt\u00eb aktivitet!<\/p>\n<p>S\u00eb treti, si kan\u00eb mund\u00ebsi t\u00eb mbijetojn\u00eb artist\u00ebt e artit serioz, kur \u00ebsht\u00eb shum\u00eb e v\u00ebshtir\u00eb t\u00eb gjinden mjetet financiare p\u00ebr t\u00eb realizuar aktivitetet?<\/p>\n<p>Ne nuk mund ta paguanim teatrin. Me t\u00eb v\u00ebrtet\u00eb ka nj\u00eb rregullore p\u00ebr funksionimin e k\u00ebtij institucioni, por p\u00ebr individ\u00eb dhe grupe t\u00eb ve\u00e7anta n\u00eb qytet, duhet t\u00eb b\u00ebhen l\u00ebshime, pasi \u00ebsht\u00eb e pamundur p\u00ebr t\u00eb zhvilluar nj\u00eb aktivitet artistik, n\u00ebse nuk ka mb\u00ebshtetje financiare dhe mbi t\u00eb gjitha, vler\u00ebsim p\u00ebr artist\u00ebt!<\/p>\n<p>Mbi t\u00eb gjitha aktiviteti im kishte edhe natyr\u00ebn psikologjike dhe njer\u00ebzore. N\u00eb k\u00ebt\u00eb aktivitet do t\u00eb luanin me Band\u00ebn e \u201cThe Door\u201d, f\u00ebmij\u00ebt me \u00e7rregullime sh\u00ebndet\u00ebsore!<\/p>\n<p>Faleminderit p\u00ebr mir\u00ebkuptimin!<\/p>\n<p>Me respekt<\/p>\n<p><strong>QAMIL GJYREZI<\/strong><\/p>\n<p>Lektor i Psikologjis\u00eb s\u00eb Artit, Universiteti \u201cL. Gurakuqi\u201d<br \/>\nMuzikant, Studiues, Avokat<\/p>\n","protected":false},"excerpt":{"rendered":"<p>Qamil Gjyrezi T\u00eb nderuar miq t\u00eb medias! Nes\u00ebr kam nj\u00eb prezantim n\u00eb kinema \u201cMillenium\u201d, n\u00eb vazhdim t\u00eb aktivitetit tim promovues n\u00eb disa qytete t\u00eb Shqip\u00ebris\u00eb, si Lezh\u00eb, Ulqin, Durr\u00ebs, Kuk\u00ebs, Vlor\u00eb, Kor\u00e7\u00eb, Lezh\u00eb, Rr\u00ebshen! Pata d\u00ebshir\u00eb t\u00eb ndaj me ju nj\u00eb problem! Para disa dit\u00ebsh i d\u00ebrgova drejtorit t\u00eb Teatrit \u201cMigjeni\u201d n\u00eb Shkod\u00ebr, zotit Edmond [&hellip;]<\/p>\n","protected":false},"author":1,"featured_media":0,"comment_status":"open","ping_status":"closed","sticky":false,"template":"","format":"standard","meta":{"footnotes":""},"categories":[2,5],"tags":[],"class_list":{"0":"post-11873","1":"post","2":"type-post","3":"status-publish","4":"format-standard","6":"category-artikuj","7":"category-lajme"},"yoast_head":"<!-- This site is optimized with the Yoast SEO plugin v27.4 - https:\/\/yoast.com\/product\/yoast-seo-wordpress\/ -->\n<title>Let\u00ebr e hapur: Kur burokracia nuk mb\u00ebshtet artist\u00ebt! - FjALA e LIR\u00cb - Arkivi<\/title>\n<meta name=\"robots\" content=\"index, follow, max-snippet:-1, max-image-preview:large, max-video-preview:-1\" \/>\n<link rel=\"canonical\" href=\"https:\/\/fjala.info\/2009-2015\/leter-e-hapur-kur-burokracia-nuk-mbeshtet-artistet\/\" \/>\n<meta property=\"og:locale\" content=\"sq_AL\" \/>\n<meta property=\"og:type\" content=\"article\" \/>\n<meta property=\"og:title\" content=\"Let\u00ebr e hapur: Kur burokracia nuk mb\u00ebshtet artist\u00ebt! - FjALA e LIR\u00cb - Arkivi\" \/>\n<meta property=\"og:description\" content=\"Qamil Gjyrezi T\u00eb nderuar miq t\u00eb medias! Nes\u00ebr kam nj\u00eb prezantim n\u00eb kinema \u201cMillenium\u201d, n\u00eb vazhdim t\u00eb aktivitetit tim promovues n\u00eb disa qytete t\u00eb Shqip\u00ebris\u00eb, si Lezh\u00eb, Ulqin, Durr\u00ebs, Kuk\u00ebs, Vlor\u00eb, Kor\u00e7\u00eb, Lezh\u00eb, Rr\u00ebshen! Pata d\u00ebshir\u00eb t\u00eb ndaj me ju nj\u00eb problem! Para disa dit\u00ebsh i d\u00ebrgova drejtorit t\u00eb Teatrit \u201cMigjeni\u201d n\u00eb Shkod\u00ebr, zotit Edmond [&hellip;]\" \/>\n<meta property=\"og:url\" content=\"https:\/\/fjala.info\/2009-2015\/leter-e-hapur-kur-burokracia-nuk-mbeshtet-artistet\/\" \/>\n<meta property=\"og:site_name\" content=\"FjALA e LIR\u00cb - Arkivi\" \/>\n<meta property=\"article:published_time\" content=\"2012-06-08T07:53:52+00:00\" \/>\n<meta property=\"og:image\" content=\"http:\/\/www.fjala.info\/2012\/qamil_gjyrezi.jpg\" \/>\n<meta name=\"author\" content=\"admin\" \/>\n<meta name=\"twitter:card\" content=\"summary_large_image\" \/>\n<meta name=\"twitter:label1\" content=\"Written by\" \/>\n\t<meta name=\"twitter:data1\" content=\"admin\" \/>\n\t<meta name=\"twitter:label2\" content=\"Est. reading time\" \/>\n\t<meta name=\"twitter:data2\" content=\"2 minutes\" \/>\n<script type=\"application\/ld+json\" class=\"yoast-schema-graph\">{\"@context\":\"https:\\\/\\\/schema.org\",\"@graph\":[{\"@type\":\"Article\",\"@id\":\"https:\\\/\\\/fjala.info\\\/2009-2015\\\/leter-e-hapur-kur-burokracia-nuk-mbeshtet-artistet\\\/#article\",\"isPartOf\":{\"@id\":\"https:\\\/\\\/fjala.info\\\/2009-2015\\\/leter-e-hapur-kur-burokracia-nuk-mbeshtet-artistet\\\/\"},\"author\":{\"name\":\"admin\",\"@id\":\"https:\\\/\\\/fjala.info\\\/2009-2015\\\/#\\\/schema\\\/person\\\/3aa1163ef05469c496fc94e77611ada2\"},\"headline\":\"Let\u00ebr e hapur: Kur burokracia nuk mb\u00ebshtet artist\u00ebt!\",\"datePublished\":\"2012-06-08T07:53:52+00:00\",\"mainEntityOfPage\":{\"@id\":\"https:\\\/\\\/fjala.info\\\/2009-2015\\\/leter-e-hapur-kur-burokracia-nuk-mbeshtet-artistet\\\/\"},\"wordCount\":382,\"commentCount\":0,\"publisher\":{\"@id\":\"https:\\\/\\\/fjala.info\\\/2009-2015\\\/#organization\"},\"image\":{\"@id\":\"https:\\\/\\\/fjala.info\\\/2009-2015\\\/leter-e-hapur-kur-burokracia-nuk-mbeshtet-artistet\\\/#primaryimage\"},\"thumbnailUrl\":\"http:\\\/\\\/www.fjala.info\\\/2012\\\/qamil_gjyrezi.jpg\",\"articleSection\":[\"Artikuj\",\"Lajme\"],\"inLanguage\":\"sq-AL\",\"potentialAction\":[{\"@type\":\"CommentAction\",\"name\":\"Comment\",\"target\":[\"https:\\\/\\\/fjala.info\\\/2009-2015\\\/leter-e-hapur-kur-burokracia-nuk-mbeshtet-artistet\\\/#respond\"]}]},{\"@type\":\"WebPage\",\"@id\":\"https:\\\/\\\/fjala.info\\\/2009-2015\\\/leter-e-hapur-kur-burokracia-nuk-mbeshtet-artistet\\\/\",\"url\":\"https:\\\/\\\/fjala.info\\\/2009-2015\\\/leter-e-hapur-kur-burokracia-nuk-mbeshtet-artistet\\\/\",\"name\":\"Let\u00ebr e hapur: Kur burokracia nuk mb\u00ebshtet artist\u00ebt! - FjALA e LIR\u00cb - Arkivi\",\"isPartOf\":{\"@id\":\"https:\\\/\\\/fjala.info\\\/2009-2015\\\/#website\"},\"primaryImageOfPage\":{\"@id\":\"https:\\\/\\\/fjala.info\\\/2009-2015\\\/leter-e-hapur-kur-burokracia-nuk-mbeshtet-artistet\\\/#primaryimage\"},\"image\":{\"@id\":\"https:\\\/\\\/fjala.info\\\/2009-2015\\\/leter-e-hapur-kur-burokracia-nuk-mbeshtet-artistet\\\/#primaryimage\"},\"thumbnailUrl\":\"http:\\\/\\\/www.fjala.info\\\/2012\\\/qamil_gjyrezi.jpg\",\"datePublished\":\"2012-06-08T07:53:52+00:00\",\"breadcrumb\":{\"@id\":\"https:\\\/\\\/fjala.info\\\/2009-2015\\\/leter-e-hapur-kur-burokracia-nuk-mbeshtet-artistet\\\/#breadcrumb\"},\"inLanguage\":\"sq-AL\",\"potentialAction\":[{\"@type\":\"ReadAction\",\"target\":[\"https:\\\/\\\/fjala.info\\\/2009-2015\\\/leter-e-hapur-kur-burokracia-nuk-mbeshtet-artistet\\\/\"]}]},{\"@type\":\"ImageObject\",\"inLanguage\":\"sq-AL\",\"@id\":\"https:\\\/\\\/fjala.info\\\/2009-2015\\\/leter-e-hapur-kur-burokracia-nuk-mbeshtet-artistet\\\/#primaryimage\",\"url\":\"http:\\\/\\\/www.fjala.info\\\/2012\\\/qamil_gjyrezi.jpg\",\"contentUrl\":\"http:\\\/\\\/www.fjala.info\\\/2012\\\/qamil_gjyrezi.jpg\"},{\"@type\":\"BreadcrumbList\",\"@id\":\"https:\\\/\\\/fjala.info\\\/2009-2015\\\/leter-e-hapur-kur-burokracia-nuk-mbeshtet-artistet\\\/#breadcrumb\",\"itemListElement\":[{\"@type\":\"ListItem\",\"position\":1,\"name\":\"Home\",\"item\":\"https:\\\/\\\/fjala.info\\\/2009-2015\\\/\"},{\"@type\":\"ListItem\",\"position\":2,\"name\":\"Let\u00ebr e hapur: Kur burokracia nuk mb\u00ebshtet artist\u00ebt!\"}]},{\"@type\":\"WebSite\",\"@id\":\"https:\\\/\\\/fjala.info\\\/2009-2015\\\/#website\",\"url\":\"https:\\\/\\\/fjala.info\\\/2009-2015\\\/\",\"name\":\"FjALA e LIR\u00cb - Arkivi\",\"description\":\"Arkivi 2009-2015\",\"publisher\":{\"@id\":\"https:\\\/\\\/fjala.info\\\/2009-2015\\\/#organization\"},\"potentialAction\":[{\"@type\":\"SearchAction\",\"target\":{\"@type\":\"EntryPoint\",\"urlTemplate\":\"https:\\\/\\\/fjala.info\\\/2009-2015\\\/?s={search_term_string}\"},\"query-input\":{\"@type\":\"PropertyValueSpecification\",\"valueRequired\":true,\"valueName\":\"search_term_string\"}}],\"inLanguage\":\"sq-AL\"},{\"@type\":\"Organization\",\"@id\":\"https:\\\/\\\/fjala.info\\\/2009-2015\\\/#organization\",\"name\":\"FjALA e LIR\u00cb - Arkivi\",\"url\":\"https:\\\/\\\/fjala.info\\\/2009-2015\\\/\",\"logo\":{\"@type\":\"ImageObject\",\"inLanguage\":\"sq-AL\",\"@id\":\"https:\\\/\\\/fjala.info\\\/2009-2015\\\/#\\\/schema\\\/logo\\\/image\\\/\",\"url\":\"\",\"contentUrl\":\"\",\"caption\":\"FjALA e LIR\u00cb - Arkivi\"},\"image\":{\"@id\":\"https:\\\/\\\/fjala.info\\\/2009-2015\\\/#\\\/schema\\\/logo\\\/image\\\/\"}},{\"@type\":\"Person\",\"@id\":\"https:\\\/\\\/fjala.info\\\/2009-2015\\\/#\\\/schema\\\/person\\\/3aa1163ef05469c496fc94e77611ada2\",\"name\":\"admin\",\"image\":{\"@type\":\"ImageObject\",\"inLanguage\":\"sq-AL\",\"@id\":\"https:\\\/\\\/fjala.info\\\/2009-2015\\\/wp-content\\\/uploads\\\/2012\\\/02\\\/arben_cokaj-120x150.jpg\",\"url\":\"https:\\\/\\\/fjala.info\\\/2009-2015\\\/wp-content\\\/uploads\\\/2012\\\/02\\\/arben_cokaj-120x150.jpg\",\"contentUrl\":\"https:\\\/\\\/fjala.info\\\/2009-2015\\\/wp-content\\\/uploads\\\/2012\\\/02\\\/arben_cokaj-120x150.jpg\",\"caption\":\"admin\"},\"description\":\"Admin, Fjala e Lir\u00eb\",\"sameAs\":[\"https:\\\/\\\/fjala.info\\\/\"],\"url\":\"https:\\\/\\\/fjala.info\\\/2009-2015\\\/author\\\/admin\\\/\"}]}<\/script>\n<!-- \/ Yoast SEO plugin. -->","yoast_head_json":{"title":"Let\u00ebr e hapur: Kur burokracia nuk mb\u00ebshtet artist\u00ebt! - FjALA e LIR\u00cb - Arkivi","robots":{"index":"index","follow":"follow","max-snippet":"max-snippet:-1","max-image-preview":"max-image-preview:large","max-video-preview":"max-video-preview:-1"},"canonical":"https:\/\/fjala.info\/2009-2015\/leter-e-hapur-kur-burokracia-nuk-mbeshtet-artistet\/","og_locale":"sq_AL","og_type":"article","og_title":"Let\u00ebr e hapur: Kur burokracia nuk mb\u00ebshtet artist\u00ebt! - FjALA e LIR\u00cb - Arkivi","og_description":"Qamil Gjyrezi T\u00eb nderuar miq t\u00eb medias! Nes\u00ebr kam nj\u00eb prezantim n\u00eb kinema \u201cMillenium\u201d, n\u00eb vazhdim t\u00eb aktivitetit tim promovues n\u00eb disa qytete t\u00eb Shqip\u00ebris\u00eb, si Lezh\u00eb, Ulqin, Durr\u00ebs, Kuk\u00ebs, Vlor\u00eb, Kor\u00e7\u00eb, Lezh\u00eb, Rr\u00ebshen! Pata d\u00ebshir\u00eb t\u00eb ndaj me ju nj\u00eb problem! Para disa dit\u00ebsh i d\u00ebrgova drejtorit t\u00eb Teatrit \u201cMigjeni\u201d n\u00eb Shkod\u00ebr, zotit Edmond [&hellip;]","og_url":"https:\/\/fjala.info\/2009-2015\/leter-e-hapur-kur-burokracia-nuk-mbeshtet-artistet\/","og_site_name":"FjALA e LIR\u00cb - Arkivi","article_published_time":"2012-06-08T07:53:52+00:00","og_image":[{"url":"http:\/\/www.fjala.info\/2012\/qamil_gjyrezi.jpg","type":"","width":"","height":""}],"author":"admin","twitter_card":"summary_large_image","twitter_misc":{"Written by":"admin","Est. reading time":"2 minutes"},"schema":{"@context":"https:\/\/schema.org","@graph":[{"@type":"Article","@id":"https:\/\/fjala.info\/2009-2015\/leter-e-hapur-kur-burokracia-nuk-mbeshtet-artistet\/#article","isPartOf":{"@id":"https:\/\/fjala.info\/2009-2015\/leter-e-hapur-kur-burokracia-nuk-mbeshtet-artistet\/"},"author":{"name":"admin","@id":"https:\/\/fjala.info\/2009-2015\/#\/schema\/person\/3aa1163ef05469c496fc94e77611ada2"},"headline":"Let\u00ebr e hapur: Kur burokracia nuk mb\u00ebshtet artist\u00ebt!","datePublished":"2012-06-08T07:53:52+00:00","mainEntityOfPage":{"@id":"https:\/\/fjala.info\/2009-2015\/leter-e-hapur-kur-burokracia-nuk-mbeshtet-artistet\/"},"wordCount":382,"commentCount":0,"publisher":{"@id":"https:\/\/fjala.info\/2009-2015\/#organization"},"image":{"@id":"https:\/\/fjala.info\/2009-2015\/leter-e-hapur-kur-burokracia-nuk-mbeshtet-artistet\/#primaryimage"},"thumbnailUrl":"http:\/\/www.fjala.info\/2012\/qamil_gjyrezi.jpg","articleSection":["Artikuj","Lajme"],"inLanguage":"sq-AL","potentialAction":[{"@type":"CommentAction","name":"Comment","target":["https:\/\/fjala.info\/2009-2015\/leter-e-hapur-kur-burokracia-nuk-mbeshtet-artistet\/#respond"]}]},{"@type":"WebPage","@id":"https:\/\/fjala.info\/2009-2015\/leter-e-hapur-kur-burokracia-nuk-mbeshtet-artistet\/","url":"https:\/\/fjala.info\/2009-2015\/leter-e-hapur-kur-burokracia-nuk-mbeshtet-artistet\/","name":"Let\u00ebr e hapur: Kur burokracia nuk mb\u00ebshtet artist\u00ebt! - FjALA e LIR\u00cb - Arkivi","isPartOf":{"@id":"https:\/\/fjala.info\/2009-2015\/#website"},"primaryImageOfPage":{"@id":"https:\/\/fjala.info\/2009-2015\/leter-e-hapur-kur-burokracia-nuk-mbeshtet-artistet\/#primaryimage"},"image":{"@id":"https:\/\/fjala.info\/2009-2015\/leter-e-hapur-kur-burokracia-nuk-mbeshtet-artistet\/#primaryimage"},"thumbnailUrl":"http:\/\/www.fjala.info\/2012\/qamil_gjyrezi.jpg","datePublished":"2012-06-08T07:53:52+00:00","breadcrumb":{"@id":"https:\/\/fjala.info\/2009-2015\/leter-e-hapur-kur-burokracia-nuk-mbeshtet-artistet\/#breadcrumb"},"inLanguage":"sq-AL","potentialAction":[{"@type":"ReadAction","target":["https:\/\/fjala.info\/2009-2015\/leter-e-hapur-kur-burokracia-nuk-mbeshtet-artistet\/"]}]},{"@type":"ImageObject","inLanguage":"sq-AL","@id":"https:\/\/fjala.info\/2009-2015\/leter-e-hapur-kur-burokracia-nuk-mbeshtet-artistet\/#primaryimage","url":"http:\/\/www.fjala.info\/2012\/qamil_gjyrezi.jpg","contentUrl":"http:\/\/www.fjala.info\/2012\/qamil_gjyrezi.jpg"},{"@type":"BreadcrumbList","@id":"https:\/\/fjala.info\/2009-2015\/leter-e-hapur-kur-burokracia-nuk-mbeshtet-artistet\/#breadcrumb","itemListElement":[{"@type":"ListItem","position":1,"name":"Home","item":"https:\/\/fjala.info\/2009-2015\/"},{"@type":"ListItem","position":2,"name":"Let\u00ebr e hapur: Kur burokracia nuk mb\u00ebshtet artist\u00ebt!"}]},{"@type":"WebSite","@id":"https:\/\/fjala.info\/2009-2015\/#website","url":"https:\/\/fjala.info\/2009-2015\/","name":"FjALA e LIR\u00cb - Arkivi","description":"Arkivi 2009-2015","publisher":{"@id":"https:\/\/fjala.info\/2009-2015\/#organization"},"potentialAction":[{"@type":"SearchAction","target":{"@type":"EntryPoint","urlTemplate":"https:\/\/fjala.info\/2009-2015\/?s={search_term_string}"},"query-input":{"@type":"PropertyValueSpecification","valueRequired":true,"valueName":"search_term_string"}}],"inLanguage":"sq-AL"},{"@type":"Organization","@id":"https:\/\/fjala.info\/2009-2015\/#organization","name":"FjALA e LIR\u00cb - Arkivi","url":"https:\/\/fjala.info\/2009-2015\/","logo":{"@type":"ImageObject","inLanguage":"sq-AL","@id":"https:\/\/fjala.info\/2009-2015\/#\/schema\/logo\/image\/","url":"","contentUrl":"","caption":"FjALA e LIR\u00cb - Arkivi"},"image":{"@id":"https:\/\/fjala.info\/2009-2015\/#\/schema\/logo\/image\/"}},{"@type":"Person","@id":"https:\/\/fjala.info\/2009-2015\/#\/schema\/person\/3aa1163ef05469c496fc94e77611ada2","name":"admin","image":{"@type":"ImageObject","inLanguage":"sq-AL","@id":"https:\/\/fjala.info\/2009-2015\/wp-content\/uploads\/2012\/02\/arben_cokaj-120x150.jpg","url":"https:\/\/fjala.info\/2009-2015\/wp-content\/uploads\/2012\/02\/arben_cokaj-120x150.jpg","contentUrl":"https:\/\/fjala.info\/2009-2015\/wp-content\/uploads\/2012\/02\/arben_cokaj-120x150.jpg","caption":"admin"},"description":"Admin, Fjala e Lir\u00eb","sameAs":["https:\/\/fjala.info\/"],"url":"https:\/\/fjala.info\/2009-2015\/author\/admin\/"}]}},"_links":{"self":[{"href":"https:\/\/fjala.info\/2009-2015\/wp-json\/wp\/v2\/posts\/11873","targetHints":{"allow":["GET"]}}],"collection":[{"href":"https:\/\/fjala.info\/2009-2015\/wp-json\/wp\/v2\/posts"}],"about":[{"href":"https:\/\/fjala.info\/2009-2015\/wp-json\/wp\/v2\/types\/post"}],"author":[{"embeddable":true,"href":"https:\/\/fjala.info\/2009-2015\/wp-json\/wp\/v2\/users\/1"}],"replies":[{"embeddable":true,"href":"https:\/\/fjala.info\/2009-2015\/wp-json\/wp\/v2\/comments?post=11873"}],"version-history":[{"count":0,"href":"https:\/\/fjala.info\/2009-2015\/wp-json\/wp\/v2\/posts\/11873\/revisions"}],"wp:attachment":[{"href":"https:\/\/fjala.info\/2009-2015\/wp-json\/wp\/v2\/media?parent=11873"}],"wp:term":[{"taxonomy":"category","embeddable":true,"href":"https:\/\/fjala.info\/2009-2015\/wp-json\/wp\/v2\/categories?post=11873"},{"taxonomy":"post_tag","embeddable":true,"href":"https:\/\/fjala.info\/2009-2015\/wp-json\/wp\/v2\/tags?post=11873"}],"curies":[{"name":"wp","href":"https:\/\/api.w.org\/{rel}","templated":true}]}}