{"id":11872,"date":"2012-06-07T23:27:18","date_gmt":"2012-06-07T22:27:18","guid":{"rendered":"http:\/\/www.fjala.info\/?p=3174"},"modified":"2012-06-07T23:27:18","modified_gmt":"2012-06-07T22:27:18","slug":"politika-e-llumit-presidenti-dhe-interesi-i-qytetarit","status":"publish","type":"post","link":"https:\/\/fjala.info\/2009-2015\/politika-e-llumit-presidenti-dhe-interesi-i-qytetarit\/","title":{"rendered":"Politika e llumit, Presidenti dhe interesi i qytetarit"},"content":{"rendered":"<p><img decoding=\"async\" class=\"alignright size-thumbnail wp-image-7236\" title=\"Grid Rroji\" src=\"http:\/\/www.fjala.info\/2012\/grid_rroji.jpg\" alt=\"\" width=\"150\" \/> <strong>GRID RROJI<\/strong>, <em>7 qershor 2012<\/em><\/p>\n<p>N\u00eb qend\u00ebr t\u00eb ides\u00eb republikane t\u00eb baballar\u00ebve t\u00eb kombit amerikan ishin dy ide vet\u00ebm n\u00eb dukje kund\u00ebrth\u00ebn\u00ebse mes tyre: 1) natyra njer\u00ebzore \u00ebsht\u00eb e mbrapsht\u00eb dhe egoiste; dhe 2) egoizmi yn\u00eb natyror mund t\u00eb kufizohet me an\u00eb t\u00eb balanc\u00ebs s\u00eb pushteteve, kufizimit t\u00eb pushtetit t\u00eb mundsh\u00ebm t\u00eb arritsh\u00ebm p\u00ebr nj\u00eb njeri t\u00eb vet\u00ebm dhe kund\u00ebrv\u00ebnies mes pushtetit qendror dhe lokal.<\/p>\n<p>Pra, natyra njer\u00ebzore prodhon shtysa shkat\u00ebrrimtare egocentrike, por nj\u00eb sistem demokratik prodhon n\u00eb t\u00eb nj\u00ebjt\u00ebn koh\u00eb edhe mjete p\u00ebr t\u2019i kontrolluar k\u00ebto instinkte. Si\u00e7 shprehej Xhejms Medison, \u201cv\u00ebshtir\u00ebsia m\u00eb e madhe p\u00ebr t\u00eb nd\u00ebrtuar nj\u00eb sistem qeveris\u00ebs t\u00eb njer\u00ebzve \u00ebsht\u00eb t\u2019i vendos\u00ebsh ata n\u00ebn kontrollin e shtetit dhe m\u00eb pas ta detyrosh shtetin t\u00eb kontrolloj\u00eb vetveten\u201d. (Federalisti, Letra 51).<\/p>\n<p>Zhvillimet e fundit politike n\u00eb Shqip\u00ebri jan\u00eb nj\u00eb d\u00ebshmi e qart\u00eb se n\u00eb kushtet e sotme politika shqiptare pasqyron gjer\u00ebsisht karakteristik\u00ebn e par\u00eb t\u00eb natyr\u00ebs njer\u00ebzore, por shfaq munges\u00eb t\u00eb plot\u00eb vullneti n\u00eb kufizimin e tyre me an\u00eb t\u00eb shtetit. Si pasoj\u00eb, sistemi yn\u00eb demokratik \u00ebsht\u00eb i deformuar, i paplot\u00eb dhe n\u00eb dor\u00eb t\u00eb nj\u00eb shtrese plutokrat\u00ebsh e oligark\u00ebsh, t\u00eb cil\u00ebt kontrollojn\u00eb mjetet kryesore t\u00eb pushtetit ekonomik dhe politik.<\/p>\n<p>Arsyeja themelore p\u00ebr k\u00ebt\u00eb d\u00ebshtim n\u00eb vendosjen e nj\u00eb regjimi demokratik \u00ebsht\u00eb klasa drejtuese politike, e cila nd\u00ebrmjet rrug\u00ebs s\u00eb v\u00ebshtir\u00eb t\u00eb vendosjes n\u00eb sh\u00ebrbim t\u00eb kombit dhe asaj t\u00eb pasurimit t\u00eb shpejt\u00eb, ka zgjedhur k\u00ebt\u00eb t\u00eb dyt\u00ebn. Si pasoj\u00eb, loja politike q\u00eb luhet nuk ka kurrfar\u00eb ndikimi n\u00eb jet\u00ebn e qytetarit dhe p\u00ebrjetohet si nj\u00eb telenovel\u00eb fundi i s\u00eb cil\u00ebs sjell p\u00ebrmbushjen e kuriozitetit por jo ndonj\u00eb ndryshim real.<\/p>\n<p>M\u00eb tej, kapja e politik\u00ebs nga interesa oligarkike ka kriminalizuar mjedisin politik dhe ka b\u00ebr\u00eb t\u00eb zvirdhen kufijt\u00eb midis t\u00eb moralshmes dhe t\u00eb pamoralshmes. Si pasoj\u00eb, m\u00ebnyra e veprimit dhe mend\u00ebsia q\u00eb karakterizon politik\u00ebn shqiptare sot i p\u00ebrngjet m\u00eb shum\u00eb nj\u00eb zinxhiri grupesh kriminale se sa ajk\u00ebs s\u00eb kombit. Me fjal\u00eb t\u00eb tjera, gjykuar nga sjellja e saj politika shqiptare nuk \u00ebsht\u00eb politika e ndri\u00e7imit, por politika e llumit.<\/p>\n<p>P\u00ebr k\u00ebdo q\u00eb synon t\u00eb analizoj\u00eb n\u00eb m\u00ebnyr\u00eb t\u00eb logjikshme situat\u00ebn politike shqiptare n\u00eb k\u00ebto dit\u00eb fushate presidenciale \u00ebsht\u00eb m\u00eb se e qart\u00eb q\u00eb ekzistojn\u00eb dy plane analitike. I pari \u00ebsht\u00eb k\u00ebndv\u00ebshtrimi i politik\u00ebs, e cila megjith\u00ebse adopton, kopjon, e shpall platforma t\u00eb kalkuluara p\u00ebr t\u00eb rinovuar \u201cBrand\u201d-imin e pal\u00ebve, i zgjidh problemet me darka ngjalash e me marr\u00ebveshje t\u00eb brendshme.<\/p>\n<p>Nga ky pik\u00ebv\u00ebshtrim, asnj\u00eb veprim, sado i pamoralsh\u00ebm e kund\u00ebr interesave t\u00eb shoq\u00ebris\u00eb qoft\u00eb, nuk konsiderohet i papranuesh\u00ebm sepse u sh\u00ebrben interesave t\u00eb ngushta klanore p\u00ebr t\u00eb \u201cmundur kund\u00ebrshtarin\u201d. Mend\u00ebsia q\u00eb e p\u00ebrshkon k\u00ebt\u00eb lloj qasje p\u00ebrshkruhet m\u00eb s\u00eb miri nga shprehje me origjin\u00eb rurale si \u201c\u00e7udia m\u00eb e madhe zgjat vet\u00ebm tri dit\u00eb\u201d apo \u201c\u00e7\u2019t\u2019i b\u00ebjm\u00eb, do kaurdisemi me yndyr\u00ebn ton\u00eb\u201d. Ndaj, kur vjen puna te p\u00ebrzgjedhja e kandidat\u00ebve presidencial\u00eb, prioriteti i pal\u00ebve nuk \u00ebsht\u00eb gjetja e zgjidhjeve ideale, por mbijetesa e sistemit t\u00eb kontrolluar prej tyre dhe interesat klanore p\u00ebrkat\u00ebse.<\/p>\n<p>Mir\u00ebpo, p\u00ebrtej planit t\u00eb politik\u00ebs ekziston plani i qytetarit, i cili te loj\u00ebrat politike me ngjala t\u00eb p\u00ebrlyera e t\u00eb shp\u00eblara nuk sheh asnj\u00eb zgjidhje t\u00eb problemeve t\u00eb veta. Nga pik\u00ebv\u00ebshtrimi i qytetarit ka pak r\u00ebnd\u00ebsi n\u00ebse konfigurimet q\u00eb sjell ngjala e fundit do t\u00eb prodhojn\u00eb shumica t\u00eb reja apo vazhdim\u00ebsi pushteti, prodhimi fundor i tyre \u00ebsht\u00eb i nj\u00ebjt\u00eb. Qytetarit racional do t\u2019i interesonte nj\u00eb proces p\u00ebrzgjedh\u00ebs i q\u00ebndruesh\u00ebm, ku interesat e pal\u00ebve politike t\u00eb viheshin n\u00eb funksion t\u00eb mbar\u00ebvajtjes s\u00eb shoq\u00ebris\u00eb e ku kompromisi t\u00eb mos konceptohej si pazar pulash por si domosdoshm\u00ebri sistemike.<\/p>\n<p>P\u00ebrderisa ekziston nj\u00eb ndarje leht\u00ebsisht e p\u00ebrftueshme midis veprimit dhe mend\u00ebsis\u00eb s\u00eb politik\u00ebs dhe asaj q\u00eb i intereson qytetarit, pse nuk ka reagim? Sigurisht q\u00eb kontrolli i pal\u00ebve mbi mjedisin publik \u00ebsht\u00eb i shtres\u00ebzuar dhe i plot\u00eb. Ngritje-zbritjet e tyre nga pushteti n\u00eb opozit\u00eb vet\u00ebm se ja forcojn\u00eb kontrollin duke i legjitimuar faqe popullit. Mir\u00ebpo, si teoria, ashtu edhe praktika na m\u00ebsojn\u00eb se ka gjithmon\u00eb element\u00eb t\u00eb pakontrolluesh\u00ebm, t\u00eb cil\u00ebt nuk e lejojn\u00eb nj\u00eb regjim kuazi-demokratik si ky yni t\u00eb vazhdoj\u00eb n\u00eb pafund\u00ebsi.<\/p>\n<p>N\u00eb rastin shqiptar vlejn\u00eb t\u00eb p\u00ebrmenden disa:<br \/>\n1) mungesa e legjitimitetit t\u00eb klas\u00ebs politike dhe e sovranitetit t\u00eb shtetit;<br \/>\n2) mungesa e koherenc\u00ebs ideologjike t\u00eb sistemit dhe bazimi i tij n\u00eb pazare t\u00eb cilat nuk japin siguri p\u00ebr q\u00ebndrueshm\u00ebri;<br \/>\n3) zhvillimi dhe forcimi i parive dyt\u00ebsore me karakter lokal t\u00eb cilat ndajn\u00eb pushtet me qendr\u00ebn autokratike por nuk jan\u00eb t\u00eb varura prej saj; dhe<br \/>\n4) ekzistenca e shtresave t\u00eb edukuara si jasht\u00eb dhe brenda vendit, t\u00eb cilat nuk e gjejn\u00eb veten n\u00eb k\u00ebt\u00eb sistem dhe nuk d\u00ebshirojn\u00eb t\u00eb mbahen me p\u00ebrdhun\u00eb jasht\u00eb ose anash loj\u00ebs.<\/p>\n<p>Me pak fjal\u00eb, me gjith\u00eb favoret q\u00eb shp\u00ebrndan dhe var\u00ebsin\u00eb q\u00eb krijon me an\u00eb t\u00eb kontrollit t\u00eb \u201cbuk\u00ebs s\u00eb goj\u00ebs\u201d, plutokracia kleptokratike nuk arrin t\u00eb mbys\u00eb d\u00ebshir\u00ebn e nj\u00eb populli p\u00ebr t\u00eb jetuar me dinjitet dhe i pavarur nga manovrat e pamoralshme t\u00eb politik\u00ebs s\u00eb llumit.<\/p>\n<p>N\u00eb kushtet e sotme \u00ebsht\u00eb pothuajse e pamundur q\u00eb procesi presidencial brendap\u00ebrbrenda sistemit t\u00eb prodhoj\u00eb nj\u00eb President me t\u00eb v\u00ebrtet\u00eb gjith\u00ebp\u00ebrfaq\u00ebsues. P\u00ebr t\u00eb perifrazuar ambasadorin Arvizu, pal\u00ebt k\u00ebrkojn\u00eb nj\u00eb \u201ckoeficient kontrollueshm\u00ebrie\u201d ndaj Presidentit t\u00eb ardhsh\u00ebm. Si pasoj\u00eb, me gjith\u00eb zhurm\u00ebn e madhe mediatike, zgjedhja e Presidentit nuk do t\u00eb prodhoj\u00eb ndonj\u00eb ndryshim t\u00eb madh apo ndonj\u00eb shk\u00ebputje nga politika e llumit, cilado qoft\u00eb formula fundore me t\u00eb cil\u00ebn pal\u00ebt do t\u00eb detyrohen t\u00eb bien dakord.<\/p>\n<p>Ndarja nga politika e llumit do t\u00eb vij\u00eb vet\u00ebm at\u00ebher\u00eb kur qytetar\u00ebt t\u00eb nd\u00ebrgjegj\u00ebsohen se kjo klas\u00eb politike nuk di dhe nuk d\u00ebshiron t\u2019i vendos\u00eb interesat komb\u00ebtare p\u00ebrpara atyre vetjake, klanore e kriminale nga t\u00eb cilat \u00ebsht\u00eb e kapur. P\u00ebrzgjedhja e Presidentit t\u00eb ardhsh\u00ebm \u00ebsht\u00eb vet\u00ebm nj\u00eb ndales\u00eb drejt k\u00ebtij nd\u00ebrgjegj\u00ebsimi.<\/p>\n<p>&#8212;&#8212;&#8212;&#8212;&#8212;&#8211; <em>Ja pse shkruan paansh\u00ebm Grid Rroji<\/em> &#8212;&#8212;&#8212;&#8212;&#8212;&#8211;<\/p>\n<p><strong>Edhe Grid Rroji largohet nga Berisha, rikthehet n\u00eb SHBA pas dy vjet\u00ebsh<\/strong><\/p>\n<p><img decoding=\"async\" class=\"alignright size-thumbnail wp-image-7236\" title=\"Grid Rroji\" src=\"http:\/\/www.fjala.info\/2012\/grid_rroji.jpg\" alt=\"\" width=\"150\" \/><em>Shefi i Departamentit t\u00eb Informacionit nd\u00ebrpret marr\u00ebdh\u00ebnien 2-vje\u00e7are me Kryeministrin<\/em><\/p>\n<p><strong>Albert Gjoka <\/strong>, 24 Korrik 2009<\/p>\n<p>Pas rreth dy vjet\u00ebsh pun\u00eb n\u00eb stafin e ngusht\u00eb t\u00eb kryeministrit Berisha, personi q\u00eb kuron politikat mediatike t\u00eb qeveris\u00eb, ka zgjedhur t\u00eb largohet, dhe t\u00eb rikthehet andej nga erdhi n\u00eb vitin 2007. Burime zyrtare pran\u00eb K\u00ebshillit t\u00eb Ministrave pohojn\u00eb se zoti <strong>Grid Rroj<\/strong> \u00ebsht\u00eb larguar prej nj\u00eb jave n\u00eb Shtetet e Bashkuara. Nd\u00ebrsa burime p\u00ebr gazet\u00ebn pohojn\u00eb se shefi i Departamentit t\u00eb Informacionit i ka paraqitur dor\u00ebheqjen kreut t\u00eb qeveris\u00eb, t\u00eb pakt\u00ebn, shtat\u00eb dit\u00eb m\u00eb par\u00eb.<\/p>\n<p>N\u00eb k\u00ebt\u00eb m\u00ebnyr\u00eb, ish-eksperti shqiptar p\u00ebr marr\u00ebdh\u00ebniet publike n\u00eb Kombet e Bashkuara, i ka dh\u00ebn\u00eb fund \u201ckontrat\u00ebs\u201d me zotin Berisha, pasi thuhet se e ka ndjer\u00eb veten t\u00eb pamotivuar dhe t\u00eb pavler\u00ebsuar p\u00ebr pun\u00ebn q\u00eb ka b\u00ebr\u00eb dhe pa asnj\u00eb plan konkret p\u00ebr pozicionin q\u00eb do t\u00eb ket\u00eb n\u00eb mandatin e dyt\u00eb t\u00eb qeveris\u00eb q\u00eb pritet t\u00eb filloj\u00eb pun\u00ebn n\u00eb mesin e shtatorit t\u00eb k\u00ebtij viti.<\/p>\n<p><strong>Largimi <\/strong><\/p>\n<p>Zoti Grid Rroji \u00ebsht\u00eb drejtuesi i tret\u00eb p\u00ebr politikat mediatike dhe publike t\u00eb qeveris\u00eb q\u00eb largohet nga zoti Berisha brenda mandatit t\u00eb par\u00eb qeveris\u00ebs. Por, ky i fundit, n\u00eb ndryshim nga paraardh\u00ebsit, e ka nd\u00ebrmarr\u00eb vendimin e dor\u00ebheqjes pik\u00ebrisht n\u00eb fund t\u00eb mandatit, akoma pa u krijuar qeveria e re. Burime jo-zyrtare pohojn\u00eb se Rroji i ka paraqitur dor\u00ebheqjen kreut t\u00eb qeveris\u00eb t\u00eb pakt\u00ebn nj\u00eb jav\u00eb m\u00eb par\u00eb dhe \u00ebsht\u00eb kthyer n\u00eb Amerik\u00eb, ku ndodhet edhe familja e tij. Faktin e mos-ndodhjes n\u00eb Shqip\u00ebri e pohojn\u00eb edhe burimet zyrtare pran\u00eb Departamentit t\u00eb Informacionit n\u00eb K\u00ebshillin e Ministrave.<\/p>\n<p>Ish-eksperti i Kombeve t\u00eb Bashkuara, i cili iu bashkua kabinetit Berisha m\u00eb shum\u00eb se dy vjet m\u00eb par\u00eb, \u00ebsht\u00eb nd\u00ebr k\u00ebshilltar\u00ebt mediatik\u00eb m\u00eb jet\u00ebgjat\u00eb, krahasuar me paraardh\u00ebsit e tij, Ermal Hasimja apo Neritan Sejamini. Ai e mori detyr\u00ebn n\u00eb fillimin e muajit maj t\u00eb vitit 2007 dhe e mbajti deri para pak dit\u00ebsh.<\/p>\n<p><strong>Em\u00ebrimi <\/strong><\/p>\n<p>Kryeministri Sali Berisha e ka prezantuar drejtuesin e ri t\u00eb Departamentit t\u00eb Informacionit t\u00eb K\u00ebshillit t\u00eb Ministrave personalisht pas ndryshimeve q\u00eb b\u00ebri n\u00eb strukturat q\u00eb menaxhonin marr\u00ebdh\u00ebniet publike t\u00eb qeveris\u00eb. &#8220;Departament ka nj\u00eb synim madhor, ridimensionim t\u00eb detyruesh\u00ebm t\u00eb komunikimit t\u00eb qeveris\u00eb, agjencive t\u00eb saj me publikun, n\u00ebp\u00ebrmjet mediave, intensifikimin e marr\u00ebdh\u00ebnieve publike t\u00eb qeveris\u00eb, lidhjet e saj t\u00eb ngushta n\u00ebp\u00ebrmjet informacioneve me mediat, si kusht m\u00eb themelor p\u00ebr nj\u00eb veprimtari m\u00eb transparente, si kushte themelore p\u00ebr t\u00eb rritur p\u00ebrgjegjshm\u00ebrin\u00eb para publikut t\u00eb zyrtar\u00ebve t\u00eb administrat\u00ebs shqiptare&#8221;, &#8211; tha kryeministri Berisha dit\u00ebn e paraqitjes s\u00eb zotit Rroji n\u00eb detyr\u00eb. Ai u shpreh se shefi i ri i departamentit vjen n\u00eb k\u00ebt\u00eb detyr\u00eb, duke l\u00ebn\u00eb nj\u00eb vend pune t\u00eb lakmuesh\u00ebm n\u00eb OKB, ku \u00ebsht\u00eb marr\u00eb pik\u00ebrisht me Marr\u00ebdh\u00ebniet Publike n\u00eb detyr\u00ebn e Koordinatorit t\u00eb Marr\u00ebdh\u00ebnieve Publike t\u00eb zyr\u00ebs s\u00eb k\u00ebsaj organizate.<\/p>\n<p>Kreu i Qeveris\u00eb vler\u00ebsoi gjithashtu, se n\u00eb k\u00ebt\u00eb detyr\u00eb Rroji ka akumuluar nj\u00eb eksperienc\u00eb shum\u00eb t\u00eb pasur n\u00eb marr\u00ebdh\u00ebniet publike poliedrike, t\u00eb cilat jan\u00eb t\u00eb domosdoshme p\u00ebr Organizat\u00ebn e Kombeve t\u00eb Bashkuara dhe shtoi se, n\u00eb veprimtarin\u00eb e tij ka nj\u00eb seri arritjesh shum\u00eb t\u00eb r\u00ebnd\u00ebsishme. Drejtori i ri i Grid Rroji u shpreh se ndjehej i nderuar t\u00eb bashk\u00ebpunoj\u00eb me kryeministrin Berisha dhe qeverin\u00eb. &#8220;Un\u00eb d\u00ebshiroj, me gjith\u00eb forcat e mia, t&#8217;i sh\u00ebrbej kombit tim, vendit tim, aty ku kam lindur. Jam, v\u00ebrtet, shum\u00eb i k\u00ebnaqur dhe, madje edhe i emocionuar q\u00eb jam sot para jush&#8221;, tha Rroji.<\/p>\n<p><strong>Motivet <\/strong><\/p>\n<p>Burime jo-zyrtare pohojn\u00eb se zoti Rroji ndihej i pamotivuar dhe i pavler\u00ebsuar n\u00eb karrier\u00eb nga kryeministri Berisha pas dy vjet\u00ebsh bashk\u00ebpunimi. Disa media t\u00eb Tiran\u00ebs e p\u00ebrmend\u00ebn disa her\u00eb emrin e shefit t\u00eb Departamentit t\u00eb Informacionit n\u00eb listat e kandidat\u00ebve p\u00ebr deputet\u00eb. Por, m\u00eb pas rezultoi se ai nuk ishte nd\u00ebr emrat e p\u00ebrzgjedhur nga Partia Demokratike p\u00ebr t\u00eb garuar n\u00eb zgjedhjet e 28 qershorit. Drejtori i Departamentit me 8 ekspert\u00eb dhe koordinator\u00eb, duket se nuk ka arritur q\u00eb t\u00eb realizoj\u00eb ambiciet e tij profesionale, duke ngjitur shkall\u00ebt e karrier\u00ebs, dhe ka vendosur q\u00eb t\u00eb largohet nga stafi i ngusht\u00eb i zotit Berisha pas dy vjet\u00ebsh jo t\u00eb pasuksesshme p\u00ebr t\u00eb.<\/p>\n<p>Ai \u00ebsht\u00eb rikthyer pran\u00eb familjes s\u00eb tij q\u00eb jeton n\u00eb Shtetet e Bashkuara, p\u00ebr t\u00eb mos b\u00ebr\u00eb plane apo kontrata p\u00ebrkoh\u00ebsisht, qoft\u00eb me kreun e qeveris\u00eb Berisha apo edhe institucione dhe organizata t\u00eb tjera n\u00eb Shqip\u00ebri. Nd\u00ebrkaq, nuk ka asnj\u00eb t\u00eb dh\u00ebn\u00eb q\u00eb zoti Rroji do t\u00eb rikthehet tek puna e tij e Koordinatorit t\u00eb Marr\u00ebdh\u00ebnieve Publike pran\u00eb organizat\u00ebs s\u00eb Kombeve t\u00eb Bashkuara n\u00eb Nju Jork.<\/p>\n<p><strong>Gridi, pianisti dhe eksperti i aft\u00eb p\u00ebr Marr\u00ebdh\u00ebniet publike <\/strong><\/p>\n<p>Grid Rroji \u00ebsht\u00eb nj\u00ebher\u00ebsh edhe muzikant dhe ekspert i Marr\u00ebdh\u00ebnieve Publike. Zoti Grid Rroji ka lindur m\u00eb 26 Maj 1974 dhe \u00ebsht\u00eb i pamartuar. Ka p\u00ebrfunduar n\u00eb vitin 1994 studimet n\u00eb Pianoforte n\u00eb Konservatorin Xhuzepe Verdi n\u00eb Milano t\u00eb Italis\u00eb. Gjat\u00eb periudh\u00ebs 1996-2001 p\u00ebrfundoi Kolegjin Kuins t\u00eb Nju Jorkut p\u00ebr Shkenca Politike. Ai p\u00ebrfundoi studimet me performanc\u00eb t\u00eb lart\u00eb dhe mori Certifikat\u00eb Ekselence p\u00ebr deg\u00ebn e Shkencave Politike. N\u00eb maj 2003 p\u00ebrfundoi studimet pasuniversitare n\u00eb Bruklin t\u00eb Nju Jorkut p\u00ebr t\u00eb nj\u00ebjt\u00ebn deg\u00eb, duke u specializuar p\u00ebr Kombet e Bashkuara.<\/p>\n<p>Rroji e nisi karrier\u00ebn e tij profesionale q\u00eb n\u00eb vitin 2001 n\u00eb pozicionin e n\u00ebpun\u00ebsit t\u00eb Informimit Publik pran\u00eb Organizat\u00ebs s\u00eb Kombeve t\u00eb Bashkuara. Vet\u00ebm nj\u00eb vit m\u00eb von\u00eb em\u00ebrohet Koordinator i Informimit t\u00eb Publikut pran\u00eb Departamentit t\u00eb Informimit Publik. Pik\u00ebrisht n\u00eb periudh\u00ebn q\u00eb punonte n\u00eb strukturat e Kombeve t\u00eb Bashkuara ka qen\u00eb edhe analist p\u00ebr \u00e7\u00ebshtjet e OKB-s\u00eb dhe politik\u00ebn amerikane pran\u00eb Radio Franc\u00eb Internacional. Rroj ka marr\u00eb edhe nj\u00eb s\u00ebr\u00eb \u00e7mimesh dhe arritjesh n\u00eb karrier\u00ebn e tij profesionale.<\/p>\n<p>Ai ka qen\u00eb p\u00ebr nj\u00eb periudh\u00eb 4-vje\u00e7are an\u00ebtar i K\u00ebshillit Akademik t\u00eb OKB-s\u00eb, an\u00ebtar i Bordit t\u00eb K\u00ebshillit Komb\u00ebtar Shqiptaro-Amerikan, an\u00ebtar i Bordit t\u00eb Rrjetit t\u00eb Profesionist\u00ebve t\u00eb Rinj Shqiptar. Rroji ka fituar edhe disa \u00e7mime n\u00eb fush\u00ebn e muzik\u00ebs, qoft\u00eb n\u00eb Shqip\u00ebri, apo edhe n\u00eb Itali. \u00cbsht\u00eb njoh\u00ebs dhe zot\u00ebrues i kat\u00ebr gjuh\u00ebve t\u00eb huaja; anglisht, fr\u00ebngjisht, italisht dhe spanjisht dhe nj\u00eb person i pasionuar pas sportit t\u00eb basketbollit. Ish-drejtori i Departamentit t\u00eb Informacionit rrjedh nga nj\u00eb familje artist\u00ebsh.<\/p>\n<p><strong>Berisha ndryshoi tri her\u00eb Departamentin e Informacionit <\/strong><\/p>\n<p>Kreu i qeveris\u00eb shqiptare ka ndryshuar n\u00eb m\u00ebnyr\u00eb t\u00eb vazhdueshme drejtuesit e Departamentit t\u00eb Informacionit pran\u00eb K\u00ebshillit t\u00eb Ministrave gjat\u00eb mandatit t\u00eb tij 4-vje\u00e7ar. Fillimisht, n\u00eb k\u00ebt\u00eb detyr\u00eb u em\u00ebrua zoti Ermal Hasimja, i cili kishte n\u00eb ndihm\u00eb edhe disa k\u00ebshilltar\u00eb t\u00eb kryeministrit p\u00ebr ta b\u00ebr\u00eb k\u00ebt\u00eb detyr\u00eb t\u00eb v\u00ebshtir\u00eb dhe me shum\u00eb k\u00ebrkesa nga shefi i qeveris\u00eb. Brenda nj\u00eb periudhe t\u00eb shkurt\u00ebr ai jep dor\u00ebheqjen dhe n\u00eb vendin e tij em\u00ebrohet Neritan Sejamini, nj\u00eb person q\u00eb kishte eksperienc\u00ebn e k\u00ebshillimit edhe gjat\u00eb qeveris\u00eb Nano.<\/p>\n<p>Duket se Berisha nuk ishte i k\u00ebnaqur as me pun\u00ebn e zotit Sejamini, dhe m\u00eb n\u00eb fund ia besoi detyr\u00ebn ish-ekspertit dhe koordinatorit shqiptar p\u00ebr Marr\u00ebdh\u00ebniet Publike n\u00eb organizat\u00ebn e Kombeve t\u00eb Bashkuara. Rroji erdhi pik\u00ebrisht n\u00eb periudh\u00ebn kur po p\u00ebrgatitej vizita e presidentit Bush n\u00eb Shqip\u00ebri. Ai pati rastin q\u00eb t\u00eb ishte me stafin e kryeministrit n\u00eb pritjen q\u00eb iu b\u00eb presidentit amerikan dhe t\u00eb bashk\u00ebpunoj\u00eb me z\u00ebdh\u00ebn\u00ebsen e Sht\u00ebpis\u00eb s\u00eb Bardh\u00eb Dana Perino apo mjeshtrin e fushatave elektorale t\u00eb Xhorxh Bushit, Karl Rove.<\/p>\n<p>Berisha k\u00ebrkoi nga zoti Rroji rritjen e transparenc\u00ebs dhe komunikimin e qeveris\u00eb dhe institucioneve qeveritare me publikun dhe ve\u00e7an\u00ebrisht me median e cila nuk kishte nj\u00eb histori t\u00eb mir\u00eb me kabinetin e drejtuar prej tij. Paralelisht, Berisha kishte em\u00ebruar n\u00eb postin e Z\u00ebdh\u00ebn\u00ebses s\u00eb Qeveris\u00eb edhe ministren Majlinda Bregu. Po ashtu, kryeministri kishte z\u00ebdh\u00ebn\u00ebs personal zonj\u00ebn Juela Me\u00e7ani. Burime jo zyrtare pohojn\u00eb se zoti Rroji gjat\u00eb gjith\u00eb k\u00ebsaj periudhe m\u00ebsohet se ka pasur f\u00ebrkime jo t\u00eb vogla me Me\u00e7anin, t\u00eb cilat lidhen me pasqyrimet mediatike t\u00eb aktiviteteve t\u00eb kryeministrit dhe institucioneve qeveritare.<\/p>\n<p><em>24 Korrik 2009<\/em><\/p>\n","protected":false},"excerpt":{"rendered":"<p>GRID RROJI, 7 qershor 2012 N\u00eb qend\u00ebr t\u00eb ides\u00eb republikane t\u00eb baballar\u00ebve t\u00eb kombit amerikan ishin dy ide vet\u00ebm n\u00eb dukje kund\u00ebrth\u00ebn\u00ebse mes tyre: 1) natyra njer\u00ebzore \u00ebsht\u00eb e mbrapsht\u00eb dhe egoiste; dhe 2) egoizmi yn\u00eb natyror mund t\u00eb kufizohet me an\u00eb t\u00eb balanc\u00ebs s\u00eb pushteteve, kufizimit t\u00eb pushtetit t\u00eb mundsh\u00ebm t\u00eb arritsh\u00ebm p\u00ebr nj\u00eb [&hellip;]<\/p>\n","protected":false},"author":1,"featured_media":0,"comment_status":"open","ping_status":"closed","sticky":false,"template":"","format":"standard","meta":{"footnotes":""},"categories":[2],"tags":[],"class_list":{"0":"post-11872","1":"post","2":"type-post","3":"status-publish","4":"format-standard","6":"category-artikuj"},"yoast_head":"<!-- This site is optimized with the Yoast SEO plugin v27.4 - https:\/\/yoast.com\/product\/yoast-seo-wordpress\/ -->\n<title>Politika e llumit, Presidenti dhe interesi i qytetarit - FjALA e LIR\u00cb - Arkivi<\/title>\n<meta name=\"robots\" content=\"index, follow, max-snippet:-1, max-image-preview:large, max-video-preview:-1\" \/>\n<link rel=\"canonical\" href=\"https:\/\/fjala.info\/2009-2015\/politika-e-llumit-presidenti-dhe-interesi-i-qytetarit\/\" \/>\n<meta property=\"og:locale\" content=\"sq_AL\" \/>\n<meta property=\"og:type\" content=\"article\" \/>\n<meta property=\"og:title\" content=\"Politika e llumit, Presidenti dhe interesi i qytetarit - FjALA e LIR\u00cb - Arkivi\" \/>\n<meta property=\"og:description\" content=\"GRID RROJI, 7 qershor 2012 N\u00eb qend\u00ebr t\u00eb ides\u00eb republikane t\u00eb baballar\u00ebve t\u00eb kombit amerikan ishin dy ide vet\u00ebm n\u00eb dukje kund\u00ebrth\u00ebn\u00ebse mes tyre: 1) natyra njer\u00ebzore \u00ebsht\u00eb e mbrapsht\u00eb dhe egoiste; dhe 2) egoizmi yn\u00eb natyror mund t\u00eb kufizohet me an\u00eb t\u00eb balanc\u00ebs s\u00eb pushteteve, kufizimit t\u00eb pushtetit t\u00eb mundsh\u00ebm t\u00eb arritsh\u00ebm p\u00ebr nj\u00eb [&hellip;]\" \/>\n<meta property=\"og:url\" content=\"https:\/\/fjala.info\/2009-2015\/politika-e-llumit-presidenti-dhe-interesi-i-qytetarit\/\" \/>\n<meta property=\"og:site_name\" content=\"FjALA e LIR\u00cb - Arkivi\" \/>\n<meta property=\"article:published_time\" content=\"2012-06-07T22:27:18+00:00\" \/>\n<meta property=\"og:image\" content=\"http:\/\/www.fjala.info\/2012\/grid_rroji.jpg\" \/>\n<meta name=\"author\" content=\"admin\" \/>\n<meta name=\"twitter:card\" content=\"summary_large_image\" \/>\n<meta name=\"twitter:label1\" content=\"Written by\" \/>\n\t<meta name=\"twitter:data1\" content=\"admin\" \/>\n\t<meta name=\"twitter:label2\" content=\"Est. reading time\" \/>\n\t<meta name=\"twitter:data2\" content=\"13 minutes\" \/>\n<script type=\"application\/ld+json\" class=\"yoast-schema-graph\">{\"@context\":\"https:\\\/\\\/schema.org\",\"@graph\":[{\"@type\":\"Article\",\"@id\":\"https:\\\/\\\/fjala.info\\\/2009-2015\\\/politika-e-llumit-presidenti-dhe-interesi-i-qytetarit\\\/#article\",\"isPartOf\":{\"@id\":\"https:\\\/\\\/fjala.info\\\/2009-2015\\\/politika-e-llumit-presidenti-dhe-interesi-i-qytetarit\\\/\"},\"author\":{\"name\":\"admin\",\"@id\":\"https:\\\/\\\/fjala.info\\\/2009-2015\\\/#\\\/schema\\\/person\\\/3aa1163ef05469c496fc94e77611ada2\"},\"headline\":\"Politika e llumit, Presidenti dhe interesi i qytetarit\",\"datePublished\":\"2012-06-07T22:27:18+00:00\",\"mainEntityOfPage\":{\"@id\":\"https:\\\/\\\/fjala.info\\\/2009-2015\\\/politika-e-llumit-presidenti-dhe-interesi-i-qytetarit\\\/\"},\"wordCount\":2583,\"commentCount\":0,\"publisher\":{\"@id\":\"https:\\\/\\\/fjala.info\\\/2009-2015\\\/#organization\"},\"image\":{\"@id\":\"https:\\\/\\\/fjala.info\\\/2009-2015\\\/politika-e-llumit-presidenti-dhe-interesi-i-qytetarit\\\/#primaryimage\"},\"thumbnailUrl\":\"http:\\\/\\\/www.fjala.info\\\/2012\\\/grid_rroji.jpg\",\"articleSection\":[\"Artikuj\"],\"inLanguage\":\"sq-AL\",\"potentialAction\":[{\"@type\":\"CommentAction\",\"name\":\"Comment\",\"target\":[\"https:\\\/\\\/fjala.info\\\/2009-2015\\\/politika-e-llumit-presidenti-dhe-interesi-i-qytetarit\\\/#respond\"]}]},{\"@type\":\"WebPage\",\"@id\":\"https:\\\/\\\/fjala.info\\\/2009-2015\\\/politika-e-llumit-presidenti-dhe-interesi-i-qytetarit\\\/\",\"url\":\"https:\\\/\\\/fjala.info\\\/2009-2015\\\/politika-e-llumit-presidenti-dhe-interesi-i-qytetarit\\\/\",\"name\":\"Politika e llumit, Presidenti dhe interesi i qytetarit - FjALA e LIR\u00cb - Arkivi\",\"isPartOf\":{\"@id\":\"https:\\\/\\\/fjala.info\\\/2009-2015\\\/#website\"},\"primaryImageOfPage\":{\"@id\":\"https:\\\/\\\/fjala.info\\\/2009-2015\\\/politika-e-llumit-presidenti-dhe-interesi-i-qytetarit\\\/#primaryimage\"},\"image\":{\"@id\":\"https:\\\/\\\/fjala.info\\\/2009-2015\\\/politika-e-llumit-presidenti-dhe-interesi-i-qytetarit\\\/#primaryimage\"},\"thumbnailUrl\":\"http:\\\/\\\/www.fjala.info\\\/2012\\\/grid_rroji.jpg\",\"datePublished\":\"2012-06-07T22:27:18+00:00\",\"breadcrumb\":{\"@id\":\"https:\\\/\\\/fjala.info\\\/2009-2015\\\/politika-e-llumit-presidenti-dhe-interesi-i-qytetarit\\\/#breadcrumb\"},\"inLanguage\":\"sq-AL\",\"potentialAction\":[{\"@type\":\"ReadAction\",\"target\":[\"https:\\\/\\\/fjala.info\\\/2009-2015\\\/politika-e-llumit-presidenti-dhe-interesi-i-qytetarit\\\/\"]}]},{\"@type\":\"ImageObject\",\"inLanguage\":\"sq-AL\",\"@id\":\"https:\\\/\\\/fjala.info\\\/2009-2015\\\/politika-e-llumit-presidenti-dhe-interesi-i-qytetarit\\\/#primaryimage\",\"url\":\"http:\\\/\\\/www.fjala.info\\\/2012\\\/grid_rroji.jpg\",\"contentUrl\":\"http:\\\/\\\/www.fjala.info\\\/2012\\\/grid_rroji.jpg\"},{\"@type\":\"BreadcrumbList\",\"@id\":\"https:\\\/\\\/fjala.info\\\/2009-2015\\\/politika-e-llumit-presidenti-dhe-interesi-i-qytetarit\\\/#breadcrumb\",\"itemListElement\":[{\"@type\":\"ListItem\",\"position\":1,\"name\":\"Home\",\"item\":\"https:\\\/\\\/fjala.info\\\/2009-2015\\\/\"},{\"@type\":\"ListItem\",\"position\":2,\"name\":\"Politika e llumit, Presidenti dhe interesi i qytetarit\"}]},{\"@type\":\"WebSite\",\"@id\":\"https:\\\/\\\/fjala.info\\\/2009-2015\\\/#website\",\"url\":\"https:\\\/\\\/fjala.info\\\/2009-2015\\\/\",\"name\":\"FjALA e LIR\u00cb - Arkivi\",\"description\":\"Arkivi 2009-2015\",\"publisher\":{\"@id\":\"https:\\\/\\\/fjala.info\\\/2009-2015\\\/#organization\"},\"potentialAction\":[{\"@type\":\"SearchAction\",\"target\":{\"@type\":\"EntryPoint\",\"urlTemplate\":\"https:\\\/\\\/fjala.info\\\/2009-2015\\\/?s={search_term_string}\"},\"query-input\":{\"@type\":\"PropertyValueSpecification\",\"valueRequired\":true,\"valueName\":\"search_term_string\"}}],\"inLanguage\":\"sq-AL\"},{\"@type\":\"Organization\",\"@id\":\"https:\\\/\\\/fjala.info\\\/2009-2015\\\/#organization\",\"name\":\"FjALA e LIR\u00cb - Arkivi\",\"url\":\"https:\\\/\\\/fjala.info\\\/2009-2015\\\/\",\"logo\":{\"@type\":\"ImageObject\",\"inLanguage\":\"sq-AL\",\"@id\":\"https:\\\/\\\/fjala.info\\\/2009-2015\\\/#\\\/schema\\\/logo\\\/image\\\/\",\"url\":\"\",\"contentUrl\":\"\",\"caption\":\"FjALA e LIR\u00cb - Arkivi\"},\"image\":{\"@id\":\"https:\\\/\\\/fjala.info\\\/2009-2015\\\/#\\\/schema\\\/logo\\\/image\\\/\"}},{\"@type\":\"Person\",\"@id\":\"https:\\\/\\\/fjala.info\\\/2009-2015\\\/#\\\/schema\\\/person\\\/3aa1163ef05469c496fc94e77611ada2\",\"name\":\"admin\",\"image\":{\"@type\":\"ImageObject\",\"inLanguage\":\"sq-AL\",\"@id\":\"https:\\\/\\\/fjala.info\\\/2009-2015\\\/wp-content\\\/uploads\\\/2012\\\/02\\\/arben_cokaj-120x150.jpg\",\"url\":\"https:\\\/\\\/fjala.info\\\/2009-2015\\\/wp-content\\\/uploads\\\/2012\\\/02\\\/arben_cokaj-120x150.jpg\",\"contentUrl\":\"https:\\\/\\\/fjala.info\\\/2009-2015\\\/wp-content\\\/uploads\\\/2012\\\/02\\\/arben_cokaj-120x150.jpg\",\"caption\":\"admin\"},\"description\":\"Admin, Fjala e Lir\u00eb\",\"sameAs\":[\"https:\\\/\\\/fjala.info\\\/\"],\"url\":\"https:\\\/\\\/fjala.info\\\/2009-2015\\\/author\\\/admin\\\/\"}]}<\/script>\n<!-- \/ Yoast SEO plugin. -->","yoast_head_json":{"title":"Politika e llumit, Presidenti dhe interesi i qytetarit - FjALA e LIR\u00cb - Arkivi","robots":{"index":"index","follow":"follow","max-snippet":"max-snippet:-1","max-image-preview":"max-image-preview:large","max-video-preview":"max-video-preview:-1"},"canonical":"https:\/\/fjala.info\/2009-2015\/politika-e-llumit-presidenti-dhe-interesi-i-qytetarit\/","og_locale":"sq_AL","og_type":"article","og_title":"Politika e llumit, Presidenti dhe interesi i qytetarit - FjALA e LIR\u00cb - Arkivi","og_description":"GRID RROJI, 7 qershor 2012 N\u00eb qend\u00ebr t\u00eb ides\u00eb republikane t\u00eb baballar\u00ebve t\u00eb kombit amerikan ishin dy ide vet\u00ebm n\u00eb dukje kund\u00ebrth\u00ebn\u00ebse mes tyre: 1) natyra njer\u00ebzore \u00ebsht\u00eb e mbrapsht\u00eb dhe egoiste; dhe 2) egoizmi yn\u00eb natyror mund t\u00eb kufizohet me an\u00eb t\u00eb balanc\u00ebs s\u00eb pushteteve, kufizimit t\u00eb pushtetit t\u00eb mundsh\u00ebm t\u00eb arritsh\u00ebm p\u00ebr nj\u00eb [&hellip;]","og_url":"https:\/\/fjala.info\/2009-2015\/politika-e-llumit-presidenti-dhe-interesi-i-qytetarit\/","og_site_name":"FjALA e LIR\u00cb - Arkivi","article_published_time":"2012-06-07T22:27:18+00:00","og_image":[{"url":"http:\/\/www.fjala.info\/2012\/grid_rroji.jpg","type":"","width":"","height":""}],"author":"admin","twitter_card":"summary_large_image","twitter_misc":{"Written by":"admin","Est. reading time":"13 minutes"},"schema":{"@context":"https:\/\/schema.org","@graph":[{"@type":"Article","@id":"https:\/\/fjala.info\/2009-2015\/politika-e-llumit-presidenti-dhe-interesi-i-qytetarit\/#article","isPartOf":{"@id":"https:\/\/fjala.info\/2009-2015\/politika-e-llumit-presidenti-dhe-interesi-i-qytetarit\/"},"author":{"name":"admin","@id":"https:\/\/fjala.info\/2009-2015\/#\/schema\/person\/3aa1163ef05469c496fc94e77611ada2"},"headline":"Politika e llumit, Presidenti dhe interesi i qytetarit","datePublished":"2012-06-07T22:27:18+00:00","mainEntityOfPage":{"@id":"https:\/\/fjala.info\/2009-2015\/politika-e-llumit-presidenti-dhe-interesi-i-qytetarit\/"},"wordCount":2583,"commentCount":0,"publisher":{"@id":"https:\/\/fjala.info\/2009-2015\/#organization"},"image":{"@id":"https:\/\/fjala.info\/2009-2015\/politika-e-llumit-presidenti-dhe-interesi-i-qytetarit\/#primaryimage"},"thumbnailUrl":"http:\/\/www.fjala.info\/2012\/grid_rroji.jpg","articleSection":["Artikuj"],"inLanguage":"sq-AL","potentialAction":[{"@type":"CommentAction","name":"Comment","target":["https:\/\/fjala.info\/2009-2015\/politika-e-llumit-presidenti-dhe-interesi-i-qytetarit\/#respond"]}]},{"@type":"WebPage","@id":"https:\/\/fjala.info\/2009-2015\/politika-e-llumit-presidenti-dhe-interesi-i-qytetarit\/","url":"https:\/\/fjala.info\/2009-2015\/politika-e-llumit-presidenti-dhe-interesi-i-qytetarit\/","name":"Politika e llumit, Presidenti dhe interesi i qytetarit - FjALA e LIR\u00cb - Arkivi","isPartOf":{"@id":"https:\/\/fjala.info\/2009-2015\/#website"},"primaryImageOfPage":{"@id":"https:\/\/fjala.info\/2009-2015\/politika-e-llumit-presidenti-dhe-interesi-i-qytetarit\/#primaryimage"},"image":{"@id":"https:\/\/fjala.info\/2009-2015\/politika-e-llumit-presidenti-dhe-interesi-i-qytetarit\/#primaryimage"},"thumbnailUrl":"http:\/\/www.fjala.info\/2012\/grid_rroji.jpg","datePublished":"2012-06-07T22:27:18+00:00","breadcrumb":{"@id":"https:\/\/fjala.info\/2009-2015\/politika-e-llumit-presidenti-dhe-interesi-i-qytetarit\/#breadcrumb"},"inLanguage":"sq-AL","potentialAction":[{"@type":"ReadAction","target":["https:\/\/fjala.info\/2009-2015\/politika-e-llumit-presidenti-dhe-interesi-i-qytetarit\/"]}]},{"@type":"ImageObject","inLanguage":"sq-AL","@id":"https:\/\/fjala.info\/2009-2015\/politika-e-llumit-presidenti-dhe-interesi-i-qytetarit\/#primaryimage","url":"http:\/\/www.fjala.info\/2012\/grid_rroji.jpg","contentUrl":"http:\/\/www.fjala.info\/2012\/grid_rroji.jpg"},{"@type":"BreadcrumbList","@id":"https:\/\/fjala.info\/2009-2015\/politika-e-llumit-presidenti-dhe-interesi-i-qytetarit\/#breadcrumb","itemListElement":[{"@type":"ListItem","position":1,"name":"Home","item":"https:\/\/fjala.info\/2009-2015\/"},{"@type":"ListItem","position":2,"name":"Politika e llumit, Presidenti dhe interesi i qytetarit"}]},{"@type":"WebSite","@id":"https:\/\/fjala.info\/2009-2015\/#website","url":"https:\/\/fjala.info\/2009-2015\/","name":"FjALA e LIR\u00cb - Arkivi","description":"Arkivi 2009-2015","publisher":{"@id":"https:\/\/fjala.info\/2009-2015\/#organization"},"potentialAction":[{"@type":"SearchAction","target":{"@type":"EntryPoint","urlTemplate":"https:\/\/fjala.info\/2009-2015\/?s={search_term_string}"},"query-input":{"@type":"PropertyValueSpecification","valueRequired":true,"valueName":"search_term_string"}}],"inLanguage":"sq-AL"},{"@type":"Organization","@id":"https:\/\/fjala.info\/2009-2015\/#organization","name":"FjALA e LIR\u00cb - Arkivi","url":"https:\/\/fjala.info\/2009-2015\/","logo":{"@type":"ImageObject","inLanguage":"sq-AL","@id":"https:\/\/fjala.info\/2009-2015\/#\/schema\/logo\/image\/","url":"","contentUrl":"","caption":"FjALA e LIR\u00cb - Arkivi"},"image":{"@id":"https:\/\/fjala.info\/2009-2015\/#\/schema\/logo\/image\/"}},{"@type":"Person","@id":"https:\/\/fjala.info\/2009-2015\/#\/schema\/person\/3aa1163ef05469c496fc94e77611ada2","name":"admin","image":{"@type":"ImageObject","inLanguage":"sq-AL","@id":"https:\/\/fjala.info\/2009-2015\/wp-content\/uploads\/2012\/02\/arben_cokaj-120x150.jpg","url":"https:\/\/fjala.info\/2009-2015\/wp-content\/uploads\/2012\/02\/arben_cokaj-120x150.jpg","contentUrl":"https:\/\/fjala.info\/2009-2015\/wp-content\/uploads\/2012\/02\/arben_cokaj-120x150.jpg","caption":"admin"},"description":"Admin, Fjala e Lir\u00eb","sameAs":["https:\/\/fjala.info\/"],"url":"https:\/\/fjala.info\/2009-2015\/author\/admin\/"}]}},"_links":{"self":[{"href":"https:\/\/fjala.info\/2009-2015\/wp-json\/wp\/v2\/posts\/11872","targetHints":{"allow":["GET"]}}],"collection":[{"href":"https:\/\/fjala.info\/2009-2015\/wp-json\/wp\/v2\/posts"}],"about":[{"href":"https:\/\/fjala.info\/2009-2015\/wp-json\/wp\/v2\/types\/post"}],"author":[{"embeddable":true,"href":"https:\/\/fjala.info\/2009-2015\/wp-json\/wp\/v2\/users\/1"}],"replies":[{"embeddable":true,"href":"https:\/\/fjala.info\/2009-2015\/wp-json\/wp\/v2\/comments?post=11872"}],"version-history":[{"count":0,"href":"https:\/\/fjala.info\/2009-2015\/wp-json\/wp\/v2\/posts\/11872\/revisions"}],"wp:attachment":[{"href":"https:\/\/fjala.info\/2009-2015\/wp-json\/wp\/v2\/media?parent=11872"}],"wp:term":[{"taxonomy":"category","embeddable":true,"href":"https:\/\/fjala.info\/2009-2015\/wp-json\/wp\/v2\/categories?post=11872"},{"taxonomy":"post_tag","embeddable":true,"href":"https:\/\/fjala.info\/2009-2015\/wp-json\/wp\/v2\/tags?post=11872"}],"curies":[{"name":"wp","href":"https:\/\/api.w.org\/{rel}","templated":true}]}}